{"id":20880,"date":"2024-02-09T19:51:28","date_gmt":"2024-02-09T18:51:28","guid":{"rendered":"https:\/\/www.salzburgerland.com\/hu\/?p=20880"},"modified":"2024-02-10T06:22:17","modified_gmt":"2024-02-10T05:22:17","slug":"salzburg-ag-teli-setak-salzburg-felett","status":"publish","type":"post","link":"https:\/\/www.salzburgerland.com\/hu\/salzburg-ag-teli-setak-salzburg-felett\/","title":{"rendered":"T\u00e9li s\u00e9t\u00e1k Salzburg felett"},"content":{"rendered":"<p>M\u00edg a <strong>SchafbergBahn<\/strong> fogaskerek\u0171 \u00e9s a salzkammerguti <strong>Wolfgangsee tavi haj\u00f3z\u00e1s<\/strong> kar\u00e1csony ut\u00e1n t\u00e9li \u00e1lomba mer\u00fcl, Salzburg v\u00e1rosa h\u00e1rom turisztikai gy\u00f6ngyszem\u00e9vel idilli s\u00e9t\u00e1kra invit\u00e1lja \u00d6nt az \u00f3v\u00e1ros h\u00e1ztet\u0151i f\u00f6l\u00f6tt. A janu\u00e1r \u00e9s a febru\u00e1r a legcsendesebb h\u00f3napok Salzburgban, \u00edgy ilyenkor lehet a legjobban felt\u00f6lt\u0151dni kinn a term\u00e9szetben, egy fantasztikus ki\u00e1ll\u00edt\u00e1son vagy egy hangulatos k\u00e1v\u00e9z\u00f3ban. Mindez megtal\u00e1lhat\u00f3 a belv\u00e1ros f\u00f6l\u00e9 magasod\u00f3 <a href=\"https:\/\/www.5schaetze.at\/en\/winter.html\" target=\"_blank\" rel=\"noopener\"><strong>M\u00f6nchsberg hegyen<\/strong><\/a>, ahol a v\u00e1ros felett csod\u00e1latos panor\u00e1m\u00e1ban gy\u00f6ny\u00f6rk\u00f6dhet\u00fcnk.<\/p>\n<div id=\"attachment_17804\" style=\"width: 1034px\" class=\"wp-caption alignnone\"><img decoding=\"async\" aria-describedby=\"caption-attachment-17804\" class=\"size-medium wp-image-17804\" src=\"https:\/\/www.salzburgerland.com\/hu\/wp-content\/uploads\/2022\/11\/stadt_salzburg_winter-e1632472616202-1170x658-1-1024x569.jpg\" alt=\"Salzburg v\u00e1ros\u00e1nak t\u00e9li l\u00e1tk\u00e9pe.\" width=\"1024\" height=\"569\" srcset=\"https:\/\/www.salzburgerland.com\/hu\/wp-content\/uploads\/2022\/11\/stadt_salzburg_winter-e1632472616202-1170x658-1-1024x569.jpg 1024w, https:\/\/www.salzburgerland.com\/hu\/wp-content\/uploads\/2022\/11\/stadt_salzburg_winter-e1632472616202-1170x658-1-370x206.jpg 370w, https:\/\/www.salzburgerland.com\/hu\/wp-content\/uploads\/2022\/11\/stadt_salzburg_winter-e1632472616202-1170x658-1-270x150.jpg 270w, https:\/\/www.salzburgerland.com\/hu\/wp-content\/uploads\/2022\/11\/stadt_salzburg_winter-e1632472616202-1170x658-1-540x300.jpg 540w\" sizes=\"(max-width: 1024px) 100vw, 1024px\"><p id=\"caption-attachment-17804\" class=\"wp-caption-text\">Salzburg v\u00e1ros\u00e1nak t\u00e9li l\u00e1tk\u00e9pe \u00a9 Tourismus Salzburg GmbH, Guenter Breitegger<\/p><\/div>\n<h4>M\u00f6nchsbergErlebnis \u2013 t\u00e9li kombin\u00e1lt jegy<\/h4>\n<p>A M\u00f6nchsberg idilli t\u00e9li s\u00e9t\u00e1j\u00e1hoz a legjobb t\u00e1rs a M\u00f6nchsbergErlebnis kombin\u00e1lt jegy.<\/p>\n<p>Ez a <strong>FestungsBahn<\/strong> a k\u00f6z\u00e9ps\u0151 \u00e1llom\u00e1s\u00e1ig viszi \u00d6nt, \u00e9s onnan k\u00f6r\u00fclbel\u00fcl 10 perc alatt els\u00e9t\u00e1lhat a <strong>WasserSpiegel<\/strong> m\u00fazeumhoz. A m\u00fazeum megtekint\u00e9se ut\u00e1n egy gyalog\u00f6sv\u00e9ny vezet a fantasztikus kil\u00e1t\u00e1s ment\u00e9n a <strong>M\u00f6nchsbergAufzug<\/strong> felvon\u00f3 melletti m32 \u00e9tterem panor\u00e1materasz\u00e1ra. Ott lehet bev\u00e1ltani a bel\u00e9p\u0151jegyben foglalt 5 eur\u00f3 \u00e9rt\u00e9k\u0171 utalv\u00e1nyt. A felvon\u00f3 ezut\u00e1n k\u00e9nyelmesen visszaviszi \u00d6nt az \u00f3v\u00e1rosba.<\/p>\n\n\t\t\t<div id=\"20880-1\" class=\"gallery gallery-20880 gallery-columns-3 gallery-size-1170_658\" itemscope itemtype=\"http:\/\/schema.org\/ImageGallery\">\n\t\t\t\t<ul class=\"gallery-row gallery-col-3 gallery-clear\">\n\t\t\t\t\t<li class=\"gallery-item col-3\" itemprop=\"associatedMedia\" itemscope itemtype=\"http:\/\/schema.org\/ImageObject\">\n\t\t\t\t\t\t<div class=\"gallery-icon landscape\"><a href=\"https:\/\/www.salzburgerland.com\/hu\/wp-content\/uploads\/2019\/05\/moenchsbergaufzug-i_c-salzburg-ag-1920x1067.jpg\" title=\"M\u00f6nchsbergAufzug felvon\u00f3\"><img decoding=\"async\" data-title=\"A M\u00f6nchsbergAufzug felvon\u00f3val mind\u00f6ssze 30 m\u00e1sodperc alatt feljuthat Salzburg leny\u0171g\u00f6z\u0151 dombj\u00e1ra \u00a9 Salzburg AG Tourismus GmbH\" title=\"A M\u00f6nchsbergAufzug felvon\u00f3val mind\u00f6ssze 30 m\u00e1sodperc alatt feljuthat Salzburg leny\u0171g\u00f6z\u0151 dombj\u00e1ra \u00a9 Salzburg AG Tourismus GmbH\" data-caption=\"A M\u00f6nchsbergAufzug felvon\u00f3val mind\u00f6ssze 30 m\u00e1sodperc alatt feljuthat Salzburg leny\u0171g\u00f6z\u0151 dombj\u00e1ra \u00a9 Salzburg AG Tourismus GmbH\" width=\"1170\" height=\"658\" src=\"https:\/\/www.salzburgerland.com\/hu\/wp-content\/uploads\/2019\/05\/moenchsbergaufzug-i_c-salzburg-ag-1170x658.jpg\" class=\"attachment-1170_658 size-1170_658\" alt=\"A M\u00f6nchsbergAufzug felvon\u00f3val mind\u00f6ssze 30 m\u00e1sodperc alatt feljuthat Salzburg leny\u0171g\u00f6z\u0151 dombj\u00e1ra (Nagy\u00edtott n\u00e9zet)\" srcset=\"https:\/\/www.salzburgerland.com\/hu\/wp-content\/uploads\/2019\/05\/moenchsbergaufzug-i_c-salzburg-ag-1170x658.jpg 1170w, https:\/\/www.salzburgerland.com\/hu\/wp-content\/uploads\/2019\/05\/moenchsbergaufzug-i_c-salzburg-ag-1200x675.jpg 1200w\" sizes=\"(max-width: 1170px) 100vw, 1170px\" aria-describedby=\"figcaption-20880-8366\" itemprop=\"thumbnail\"><\/a><\/div>\n\t\t\t\t\t\t<span id=\"figcaption-20880-8366\" class=\"gallery-caption\" itemprop=\"caption\"><span aria-hidden=\"true\">A M\u00f6nchsbergAufzug felvon\u00f3val mind\u00f6ssze 30 m\u00e1sodperc alatt feljuthat Salzburg leny\u0171g\u00f6z\u0151 dombj\u00e1ra \u00a9 Salzburg AG Tourismus GmbH<\/span><\/span>\n\t\t\t\t\t<\/li>\n\t\t\t\t\t<li class=\"gallery-item col-3\" itemprop=\"associatedMedia\" itemscope itemtype=\"http:\/\/schema.org\/ImageObject\">\n\t\t\t\t\t\t<div class=\"gallery-icon landscape\"><a href=\"https:\/\/www.salzburgerland.com\/hu\/wp-content\/uploads\/2022\/05\/responsive-20000-20000-noborder-scale_-ae3abe6cf8ad969c-1-1170x658-1.jpg\" title=\"responsive-20000-20000-noborder-scale_-ae3abe6cf8ad969c-1-1170x658\"><img decoding=\"async\" data-title=\"A WasserSpiegel M\u00fazeum a M\u00f6nchsbergen tal\u00e1lhat\u00f3 v\u00edzt\u00e1roz\u00f3hoz tartozik \u00a9 Salzburg AG\" title=\"A WasserSpiegel M\u00fazeum a M\u00f6nchsbergen tal\u00e1lhat\u00f3 v\u00edzt\u00e1roz\u00f3hoz tartozik \u00a9 Salzburg AG\" data-caption=\"A WasserSpiegel M\u00fazeum a M\u00f6nchsbergen tal\u00e1lhat\u00f3 v\u00edzt\u00e1roz\u00f3hoz tartozik \u00a9 Salzburg AG\" width=\"1170\" height=\"658\" src=\"https:\/\/www.salzburgerland.com\/hu\/wp-content\/uploads\/2022\/05\/responsive-20000-20000-noborder-scale_-ae3abe6cf8ad969c-1-1170x658-1.jpg\" class=\"attachment-1170_658 size-1170_658\" alt=\"A WasserSpiegel M\u00fazeum a M\u00f6nchsbergen tal\u00e1lhat\u00f3 v\u00edzt\u00e1roz\u00f3hoz tartozik. (Nagy\u00edtott n\u00e9zet)\" srcset=\"https:\/\/www.salzburgerland.com\/hu\/wp-content\/uploads\/2022\/05\/responsive-20000-20000-noborder-scale_-ae3abe6cf8ad969c-1-1170x658-1.jpg 1170w, https:\/\/www.salzburgerland.com\/hu\/wp-content\/uploads\/2022\/05\/responsive-20000-20000-noborder-scale_-ae3abe6cf8ad969c-1-1170x658-1-768x432.jpg 768w\" sizes=\"(max-width: 1170px) 100vw, 1170px\" aria-describedby=\"figcaption-20880-15778\" itemprop=\"thumbnail\"><\/a><\/div>\n\t\t\t\t\t\t<span id=\"figcaption-20880-15778\" class=\"gallery-caption\" itemprop=\"caption\"><span aria-hidden=\"true\">A WasserSpiegel M\u00fazeum a M\u00f6nchsbergen tal\u00e1lhat\u00f3 v\u00edzt\u00e1roz\u00f3hoz tartozik \u00a9 Salzburg AG<\/span><\/span>\n\t\t\t\t\t<\/li>\n\t\t\t\t\t<li class=\"gallery-item col-3\" itemprop=\"associatedMedia\" itemscope itemtype=\"http:\/\/schema.org\/ImageObject\">\n\t\t\t\t\t\t<div class=\"gallery-icon landscape\"><a href=\"https:\/\/www.salzburgerland.com\/hu\/wp-content\/uploads\/2019\/08\/b19_6628.jpg\" title=\"A Salzburgi Modern M\u00fazeum\"><img decoding=\"async\" data-title=\"A Salzburgi Modern M\u00fazeum a v\u00e1rosban emelked\u0151 kis hegyen, a M\u00f6nchsbergen \u00a9 Salzburg AG\" title=\"A Salzburgi Modern M\u00fazeum a v\u00e1rosban emelked\u0151 kis hegyen, a M\u00f6nchsbergen \u00a9 Salzburg AG\" data-caption=\"A Salzburgi Modern M\u00fazeum a v\u00e1rosban emelked\u0151 kis hegyen, a M\u00f6nchsbergen \u00a9 Salzburg AG\" width=\"1170\" height=\"658\" src=\"https:\/\/www.salzburgerland.com\/hu\/wp-content\/uploads\/2019\/08\/b19_6628-1170x658.jpg\" class=\"attachment-1170_658 size-1170_658\" alt=\"A Salzburgi Modern M\u00fazeum a v\u00e1rosban emelked\u0151 kis hegyen, a M\u00f6nchsbergen tal\u00e1lhat\u00f3 (Nagy\u00edtott n\u00e9zet)\" srcset=\"https:\/\/www.salzburgerland.com\/hu\/wp-content\/uploads\/2019\/08\/b19_6628-1170x658.jpg 1170w, https:\/\/www.salzburgerland.com\/hu\/wp-content\/uploads\/2019\/08\/b19_6628-1200x675.jpg 1200w\" sizes=\"(max-width: 1170px) 100vw, 1170px\" aria-describedby=\"figcaption-20880-9048\" itemprop=\"thumbnail\"><\/a><\/div>\n\t\t\t\t\t\t<span id=\"figcaption-20880-9048\" class=\"gallery-caption\" itemprop=\"caption\"><span aria-hidden=\"true\">A Salzburgi Modern M\u00fazeum a v\u00e1rosban emelked\u0151 kis hegyen, a M\u00f6nchsbergen \u00a9 Salzburg AG<\/span><\/span>\n\t\t\t\t\t<\/li>\n\t\t\t\t<\/ul>\n\t\t\t<\/div><!-- .gallery -->\n\n","protected":false},"excerpt":{"rendered":"<p>M\u00edg a SchafbergBahn fogaskerek\u0171 \u00e9s a salzkammerguti Wolfgangsee tavi haj\u00f3z\u00e1s kar\u00e1csony ut\u00e1n t\u00e9li \u00e1lomba mer\u00fcl, Salzburg v\u00e1rosa h\u00e1rom turisztikai gy\u00f6ngyszem\u00e9vel idilli s\u00e9t\u00e1kra invit\u00e1lja \u00d6nt az \u00f3v\u00e1ros h\u00e1ztet\u0151i f\u00f6l\u00f6tt. A janu\u00e1r \u00e9s a febru\u00e1r a legcsendesebb h\u00f3napok Salzburgban, \u00edgy ilyenkor lehet a legjobban felt\u00f6lt\u0151dni kinn a term\u00e9szetben, egy fantasztikus ki\u00e1ll\u00edt\u00e1son vagy egy hangulatos k\u00e1v\u00e9z\u00f3ban. Mindez megtal\u00e1lhat\u00f3 [&hellip;]<\/p>\n","protected":false},"author":21,"featured_media":20881,"comment_status":"closed","ping_status":"closed","sticky":false,"template":"","format":"standard","meta":{"_acf_changed":false,"wl_entities_gutenberg":"","_relevanssi_hide_post":"","_relevanssi_hide_content":"","_relevanssi_pin_for_all":"","_relevanssi_pin_keywords":"","_relevanssi_unpin_keywords":"","_relevanssi_related_keywords":"","_relevanssi_related_include_ids":"","_relevanssi_related_exclude_ids":"","_relevanssi_related_no_append":"","_relevanssi_related_not_related":"","_relevanssi_related_posts":"","_relevanssi_noindex_reason":"","footnotes":""},"categories":[1],"tags":[663,424,664],"wl_entity_type":[27],"class_list":["post-20880","post","type-post","status-publish","format-standard","has-post-thumbnail","hentry","category-uncategorized","tag-festungsbahn","tag-monchsberg","tag-wasserspiegel","wl_entity_type-article"],"acf":[],"yoast_head":"<!-- This site is optimized with the Yoast SEO Premium plugin v27.4 (Yoast SEO v27.4) - https:\/\/yoast.com\/product\/yoast-seo-premium-wordpress\/ -->\n<title>T\u00e9li s\u00e9t\u00e1k Salzburg felett \u00bb SalzburgerLand.com<\/title>\n<meta name=\"description\" content=\"Salzburg v\u00e1ros\u00e1nak h\u00e1rom turisztikai gy\u00f6ngyszeme hangulatos s\u00e9t\u00e1kra \u00e9s felfedez\u0151 t\u00far\u00e1kra invit\u00e1lja \u00d6nt magasan az \u00f3v\u00e1ros h\u00e1ztet\u0151i felett.\" \/>\n<meta name=\"robots\" content=\"index, follow, max-snippet:-1, max-image-preview:large, max-video-preview:-1\" \/>\n<link rel=\"canonical\" href=\"https:\/\/www.salzburgerland.com\/hu\/salzburg-ag-teli-setak-salzburg-felett\/\" \/>\n<meta property=\"og:locale\" content=\"hu_HU\" \/>\n<meta property=\"og:type\" content=\"article\" \/>\n<meta property=\"og:title\" content=\"T\u00e9li s\u00e9t\u00e1k Salzburg felett\" \/>\n<meta property=\"og:description\" content=\"M\u00edg a SchafbergBahn fogaskerek\u0171 \u00e9s a salzkammerguti Wolfgangsee tavi haj\u00f3z\u00e1s kar\u00e1csony ut\u00e1n t\u00e9li \u00e1lomba mer\u00fcl, Salzburg v\u00e1rosa h\u00e1rom turisztikai\" \/>\n<meta property=\"og:url\" content=\"https:\/\/www.salzburgerland.com\/hu\/salzburg-ag-teli-setak-salzburg-felett\/\" \/>\n<meta property=\"og:site_name\" content=\"SalzburgerLand.com\" \/>\n<meta property=\"article:publisher\" content=\"https:\/\/www.facebook.com\/visitsalzburgerland\/\" \/>\n<meta property=\"article:published_time\" content=\"2024-02-09T18:51:28+00:00\" \/>\n<meta property=\"article:modified_time\" content=\"2024-02-10T05:22:17+00:00\" \/>\n<meta property=\"og:image\" content=\"https:\/\/www.salzburgerland.com\/hu\/wp-content\/uploads\/2024\/02\/stadtansicht_winter-1170x658-1.jpg\" \/>\n\t<meta property=\"og:image:width\" content=\"1170\" \/>\n\t<meta property=\"og:image:height\" content=\"658\" \/>\n\t<meta property=\"og:image:type\" content=\"image\/jpeg\" \/>\n<meta name=\"author\" content=\"Hajnalka K\u00e1di\" \/>\n<meta name=\"twitter:card\" content=\"summary_large_image\" \/>\n<meta name=\"twitter:creator\" content=\"@salzburgerland\" \/>\n<meta name=\"twitter:site\" content=\"@salzburgerland\" \/>\n<meta name=\"twitter:label1\" content=\"Szerz\u0151:\" \/>\n\t<meta name=\"twitter:data1\" content=\"Hajnalka K\u00e1di\" \/>\n\t<meta name=\"twitter:label2\" content=\"Becs\u00fclt olvas\u00e1si id\u0151\" \/>\n\t<meta name=\"twitter:data2\" content=\"2 perc\" \/>\n<script type=\"application\/ld+json\" class=\"yoast-schema-graph\">{\"@context\":\"https:\\\/\\\/schema.org\",\"@graph\":[{\"@type\":\"Article\",\"@id\":\"https:\\\/\\\/www.salzburgerland.com\\\/hu\\\/salzburg-ag-teli-setak-salzburg-felett\\\/#article\",\"isPartOf\":{\"@id\":\"https:\\\/\\\/www.salzburgerland.com\\\/hu\\\/salzburg-ag-teli-setak-salzburg-felett\\\/\"},\"author\":{\"name\":\"Hajnalka K\u00e1di\",\"@id\":\"https:\\\/\\\/www.salzburgerland.com\\\/hu\\\/#\\\/schema\\\/person\\\/e4905df070d9b3c52e1e4c730b26aa5a\"},\"headline\":\"T\u00e9li s\u00e9t\u00e1k Salzburg felett\",\"datePublished\":\"2024-02-09T18:51:28+00:00\",\"dateModified\":\"2024-02-10T05:22:17+00:00\",\"mainEntityOfPage\":{\"@id\":\"https:\\\/\\\/www.salzburgerland.com\\\/hu\\\/salzburg-ag-teli-setak-salzburg-felett\\\/\"},\"wordCount\":252,\"image\":{\"@id\":\"https:\\\/\\\/www.salzburgerland.com\\\/hu\\\/salzburg-ag-teli-setak-salzburg-felett\\\/#primaryimage\"},\"thumbnailUrl\":\"https:\\\/\\\/www.salzburgerland.com\\\/hu\\\/wp-content\\\/uploads\\\/2024\\\/02\\\/stadtansicht_winter-1170x658-1.jpg\",\"keywords\":[\"Festungsbahn\",\"M\u00f6nchsberg\",\"Wasserspiegel\"],\"articleSection\":[\"Uncategorized\"],\"inLanguage\":\"hu\"},{\"@type\":\"WebPage\",\"@id\":\"https:\\\/\\\/www.salzburgerland.com\\\/hu\\\/salzburg-ag-teli-setak-salzburg-felett\\\/\",\"url\":\"https:\\\/\\\/www.salzburgerland.com\\\/hu\\\/salzburg-ag-teli-setak-salzburg-felett\\\/\",\"name\":\"T\u00e9li s\u00e9t\u00e1k Salzburg felett \u00bb SalzburgerLand.com\",\"isPartOf\":{\"@id\":\"https:\\\/\\\/www.salzburgerland.com\\\/hu\\\/#website\"},\"primaryImageOfPage\":{\"@id\":\"https:\\\/\\\/www.salzburgerland.com\\\/hu\\\/salzburg-ag-teli-setak-salzburg-felett\\\/#primaryimage\"},\"image\":{\"@id\":\"https:\\\/\\\/www.salzburgerland.com\\\/hu\\\/salzburg-ag-teli-setak-salzburg-felett\\\/#primaryimage\"},\"thumbnailUrl\":\"https:\\\/\\\/www.salzburgerland.com\\\/hu\\\/wp-content\\\/uploads\\\/2024\\\/02\\\/stadtansicht_winter-1170x658-1.jpg\",\"datePublished\":\"2024-02-09T18:51:28+00:00\",\"dateModified\":\"2024-02-10T05:22:17+00:00\",\"author\":{\"@id\":\"https:\\\/\\\/www.salzburgerland.com\\\/hu\\\/#\\\/schema\\\/person\\\/e4905df070d9b3c52e1e4c730b26aa5a\"},\"description\":\"Salzburg v\u00e1ros\u00e1nak h\u00e1rom turisztikai gy\u00f6ngyszeme hangulatos s\u00e9t\u00e1kra \u00e9s felfedez\u0151 t\u00far\u00e1kra invit\u00e1lja \u00d6nt magasan az \u00f3v\u00e1ros h\u00e1ztet\u0151i felett.\",\"breadcrumb\":{\"@id\":\"https:\\\/\\\/www.salzburgerland.com\\\/hu\\\/salzburg-ag-teli-setak-salzburg-felett\\\/#breadcrumb\"},\"inLanguage\":\"hu\",\"potentialAction\":[{\"@type\":\"ReadAction\",\"target\":[\"https:\\\/\\\/www.salzburgerland.com\\\/hu\\\/salzburg-ag-teli-setak-salzburg-felett\\\/\"]}]},{\"@type\":\"ImageObject\",\"inLanguage\":\"hu\",\"@id\":\"https:\\\/\\\/www.salzburgerland.com\\\/hu\\\/salzburg-ag-teli-setak-salzburg-felett\\\/#primaryimage\",\"url\":\"https:\\\/\\\/www.salzburgerland.com\\\/hu\\\/wp-content\\\/uploads\\\/2024\\\/02\\\/stadtansicht_winter-1170x658-1.jpg\",\"contentUrl\":\"https:\\\/\\\/www.salzburgerland.com\\\/hu\\\/wp-content\\\/uploads\\\/2024\\\/02\\\/stadtansicht_winter-1170x658-1.jpg\",\"width\":1170,\"height\":658,\"caption\":\"Salzburg \u00f3v\u00e1ros\u00e1nak l\u00e1tk\u00e9pe a M\u00f6nchsbergr\u0151l \u00a9 Tourismus Salzburg GmbH, G.Breitegger\"},{\"@type\":\"BreadcrumbList\",\"@id\":\"https:\\\/\\\/www.salzburgerland.com\\\/hu\\\/salzburg-ag-teli-setak-salzburg-felett\\\/#breadcrumb\",\"itemListElement\":[{\"@type\":\"ListItem\",\"position\":1,\"name\":\"Egyedi kincsek felfedez\u00e9se t\u00e9len\",\"item\":\"https:\\\/\\\/www.salzburgerland.com\\\/hu\\\/salzburg-ag-egyedi-kincsek-felfedezese-telen\\\/\"},{\"@type\":\"ListItem\",\"position\":2,\"name\":\"T\u00e9li s\u00e9t\u00e1k Salzburg felett\"}]},{\"@type\":\"WebSite\",\"@id\":\"https:\\\/\\\/www.salzburgerland.com\\\/hu\\\/#website\",\"url\":\"https:\\\/\\\/www.salzburgerland.com\\\/hu\\\/\",\"name\":\"SalzburgerLand.com\",\"description\":\"\u00dcd\u00fcl\u00e9s Ausztri\u00e1ban, Salzburg tartom\u00e1nyban\",\"potentialAction\":[{\"@type\":\"SearchAction\",\"target\":{\"@type\":\"EntryPoint\",\"urlTemplate\":\"https:\\\/\\\/www.salzburgerland.com\\\/hu\\\/?s={search_term_string}\"},\"query-input\":{\"@type\":\"PropertyValueSpecification\",\"valueRequired\":true,\"valueName\":\"search_term_string\"}}],\"inLanguage\":\"hu\"},{\"@type\":\"Person\",\"@id\":\"https:\\\/\\\/www.salzburgerland.com\\\/hu\\\/#\\\/schema\\\/person\\\/e4905df070d9b3c52e1e4c730b26aa5a\",\"name\":\"Hajnalka K\u00e1di\",\"image\":{\"@type\":\"ImageObject\",\"inLanguage\":\"hu\",\"@id\":\"https:\\\/\\\/secure.gravatar.com\\\/avatar\\\/e8c1eecf3b2c49d295cebc6aba0de06d13ec77aa0cf9ccec32725949011b69d2?s=96&d=mm&r=g\",\"url\":\"https:\\\/\\\/secure.gravatar.com\\\/avatar\\\/e8c1eecf3b2c49d295cebc6aba0de06d13ec77aa0cf9ccec32725949011b69d2?s=96&d=mm&r=g\",\"contentUrl\":\"https:\\\/\\\/secure.gravatar.com\\\/avatar\\\/e8c1eecf3b2c49d295cebc6aba0de06d13ec77aa0cf9ccec32725949011b69d2?s=96&d=mm&r=g\",\"caption\":\"Hajnalka K\u00e1di\"}}]}<\/script>\n<!-- \/ Yoast SEO Premium plugin. -->","yoast_head_json":{"title":"T\u00e9li s\u00e9t\u00e1k Salzburg felett \u00bb SalzburgerLand.com","description":"Salzburg v\u00e1ros\u00e1nak h\u00e1rom turisztikai gy\u00f6ngyszeme hangulatos s\u00e9t\u00e1kra \u00e9s felfedez\u0151 t\u00far\u00e1kra invit\u00e1lja \u00d6nt magasan az \u00f3v\u00e1ros h\u00e1ztet\u0151i felett.","robots":{"index":"index","follow":"follow","max-snippet":"max-snippet:-1","max-image-preview":"max-image-preview:large","max-video-preview":"max-video-preview:-1"},"canonical":"https:\/\/www.salzburgerland.com\/hu\/salzburg-ag-teli-setak-salzburg-felett\/","og_locale":"hu_HU","og_type":"article","og_title":"T\u00e9li s\u00e9t\u00e1k Salzburg felett","og_description":"M\u00edg a SchafbergBahn fogaskerek\u0171 \u00e9s a salzkammerguti Wolfgangsee tavi haj\u00f3z\u00e1s kar\u00e1csony ut\u00e1n t\u00e9li \u00e1lomba mer\u00fcl, Salzburg v\u00e1rosa h\u00e1rom turisztikai","og_url":"https:\/\/www.salzburgerland.com\/hu\/salzburg-ag-teli-setak-salzburg-felett\/","og_site_name":"SalzburgerLand.com","article_publisher":"https:\/\/www.facebook.com\/visitsalzburgerland\/","article_published_time":"2024-02-09T18:51:28+00:00","article_modified_time":"2024-02-10T05:22:17+00:00","og_image":[{"url":"https:\/\/www.salzburgerland.com\/hu\/wp-content\/uploads\/2024\/02\/stadtansicht_winter-1170x658-1.jpg","width":1170,"height":658,"type":"image\/jpeg"}],"author":"Hajnalka K\u00e1di","twitter_card":"summary_large_image","twitter_creator":"@salzburgerland","twitter_site":"@salzburgerland","twitter_misc":{"Szerz\u0151:":"Hajnalka K\u00e1di","Becs\u00fclt olvas\u00e1si id\u0151":"2 perc"},"schema":{"@context":"https:\/\/schema.org","@graph":[{"@type":"Article","@id":"https:\/\/www.salzburgerland.com\/hu\/salzburg-ag-teli-setak-salzburg-felett\/#article","isPartOf":{"@id":"https:\/\/www.salzburgerland.com\/hu\/salzburg-ag-teli-setak-salzburg-felett\/"},"author":{"name":"Hajnalka K\u00e1di","@id":"https:\/\/www.salzburgerland.com\/hu\/#\/schema\/person\/e4905df070d9b3c52e1e4c730b26aa5a"},"headline":"T\u00e9li s\u00e9t\u00e1k Salzburg felett","datePublished":"2024-02-09T18:51:28+00:00","dateModified":"2024-02-10T05:22:17+00:00","mainEntityOfPage":{"@id":"https:\/\/www.salzburgerland.com\/hu\/salzburg-ag-teli-setak-salzburg-felett\/"},"wordCount":252,"image":{"@id":"https:\/\/www.salzburgerland.com\/hu\/salzburg-ag-teli-setak-salzburg-felett\/#primaryimage"},"thumbnailUrl":"https:\/\/www.salzburgerland.com\/hu\/wp-content\/uploads\/2024\/02\/stadtansicht_winter-1170x658-1.jpg","keywords":["Festungsbahn","M\u00f6nchsberg","Wasserspiegel"],"articleSection":["Uncategorized"],"inLanguage":"hu"},{"@type":"WebPage","@id":"https:\/\/www.salzburgerland.com\/hu\/salzburg-ag-teli-setak-salzburg-felett\/","url":"https:\/\/www.salzburgerland.com\/hu\/salzburg-ag-teli-setak-salzburg-felett\/","name":"T\u00e9li s\u00e9t\u00e1k Salzburg felett \u00bb SalzburgerLand.com","isPartOf":{"@id":"https:\/\/www.salzburgerland.com\/hu\/#website"},"primaryImageOfPage":{"@id":"https:\/\/www.salzburgerland.com\/hu\/salzburg-ag-teli-setak-salzburg-felett\/#primaryimage"},"image":{"@id":"https:\/\/www.salzburgerland.com\/hu\/salzburg-ag-teli-setak-salzburg-felett\/#primaryimage"},"thumbnailUrl":"https:\/\/www.salzburgerland.com\/hu\/wp-content\/uploads\/2024\/02\/stadtansicht_winter-1170x658-1.jpg","datePublished":"2024-02-09T18:51:28+00:00","dateModified":"2024-02-10T05:22:17+00:00","author":{"@id":"https:\/\/www.salzburgerland.com\/hu\/#\/schema\/person\/e4905df070d9b3c52e1e4c730b26aa5a"},"description":"Salzburg v\u00e1ros\u00e1nak h\u00e1rom turisztikai gy\u00f6ngyszeme hangulatos s\u00e9t\u00e1kra \u00e9s felfedez\u0151 t\u00far\u00e1kra invit\u00e1lja \u00d6nt magasan az \u00f3v\u00e1ros h\u00e1ztet\u0151i felett.","breadcrumb":{"@id":"https:\/\/www.salzburgerland.com\/hu\/salzburg-ag-teli-setak-salzburg-felett\/#breadcrumb"},"inLanguage":"hu","potentialAction":[{"@type":"ReadAction","target":["https:\/\/www.salzburgerland.com\/hu\/salzburg-ag-teli-setak-salzburg-felett\/"]}]},{"@type":"ImageObject","inLanguage":"hu","@id":"https:\/\/www.salzburgerland.com\/hu\/salzburg-ag-teli-setak-salzburg-felett\/#primaryimage","url":"https:\/\/www.salzburgerland.com\/hu\/wp-content\/uploads\/2024\/02\/stadtansicht_winter-1170x658-1.jpg","contentUrl":"https:\/\/www.salzburgerland.com\/hu\/wp-content\/uploads\/2024\/02\/stadtansicht_winter-1170x658-1.jpg","width":1170,"height":658,"caption":"Salzburg \u00f3v\u00e1ros\u00e1nak l\u00e1tk\u00e9pe a M\u00f6nchsbergr\u0151l \u00a9 Tourismus Salzburg GmbH, G.Breitegger"},{"@type":"BreadcrumbList","@id":"https:\/\/www.salzburgerland.com\/hu\/salzburg-ag-teli-setak-salzburg-felett\/#breadcrumb","itemListElement":[{"@type":"ListItem","position":1,"name":"Egyedi kincsek felfedez\u00e9se t\u00e9len","item":"https:\/\/www.salzburgerland.com\/hu\/salzburg-ag-egyedi-kincsek-felfedezese-telen\/"},{"@type":"ListItem","position":2,"name":"T\u00e9li s\u00e9t\u00e1k Salzburg felett"}]},{"@type":"WebSite","@id":"https:\/\/www.salzburgerland.com\/hu\/#website","url":"https:\/\/www.salzburgerland.com\/hu\/","name":"SalzburgerLand.com","description":"\u00dcd\u00fcl\u00e9s Ausztri\u00e1ban, Salzburg tartom\u00e1nyban","potentialAction":[{"@type":"SearchAction","target":{"@type":"EntryPoint","urlTemplate":"https:\/\/www.salzburgerland.com\/hu\/?s={search_term_string}"},"query-input":{"@type":"PropertyValueSpecification","valueRequired":true,"valueName":"search_term_string"}}],"inLanguage":"hu"},{"@type":"Person","@id":"https:\/\/www.salzburgerland.com\/hu\/#\/schema\/person\/e4905df070d9b3c52e1e4c730b26aa5a","name":"Hajnalka K\u00e1di","image":{"@type":"ImageObject","inLanguage":"hu","@id":"https:\/\/secure.gravatar.com\/avatar\/e8c1eecf3b2c49d295cebc6aba0de06d13ec77aa0cf9ccec32725949011b69d2?s=96&d=mm&r=g","url":"https:\/\/secure.gravatar.com\/avatar\/e8c1eecf3b2c49d295cebc6aba0de06d13ec77aa0cf9ccec32725949011b69d2?s=96&d=mm&r=g","contentUrl":"https:\/\/secure.gravatar.com\/avatar\/e8c1eecf3b2c49d295cebc6aba0de06d13ec77aa0cf9ccec32725949011b69d2?s=96&d=mm&r=g","caption":"Hajnalka K\u00e1di"}}]}},"_wl_alt_label":[],"wl:entity_url":"http:\/\/open.salzburgerland.com\/hu\/post\/salzburg-ag-teli-setak-salzburg-felett-20880","_links":{"self":[{"href":"https:\/\/www.salzburgerland.com\/hu\/wp-json\/wp\/v2\/posts\/20880","targetHints":{"allow":["GET"]}}],"collection":[{"href":"https:\/\/www.salzburgerland.com\/hu\/wp-json\/wp\/v2\/posts"}],"about":[{"href":"https:\/\/www.salzburgerland.com\/hu\/wp-json\/wp\/v2\/types\/post"}],"author":[{"embeddable":true,"href":"https:\/\/www.salzburgerland.com\/hu\/wp-json\/wp\/v2\/users\/21"}],"replies":[{"embeddable":true,"href":"https:\/\/www.salzburgerland.com\/hu\/wp-json\/wp\/v2\/comments?post=20880"}],"version-history":[{"count":5,"href":"https:\/\/www.salzburgerland.com\/hu\/wp-json\/wp\/v2\/posts\/20880\/revisions"}],"predecessor-version":[{"id":20911,"href":"https:\/\/www.salzburgerland.com\/hu\/wp-json\/wp\/v2\/posts\/20880\/revisions\/20911"}],"wp:featuredmedia":[{"embeddable":true,"href":"https:\/\/www.salzburgerland.com\/hu\/wp-json\/wp\/v2\/media\/20881"}],"wp:attachment":[{"href":"https:\/\/www.salzburgerland.com\/hu\/wp-json\/wp\/v2\/media?parent=20880"}],"wp:term":[{"taxonomy":"category","embeddable":true,"href":"https:\/\/www.salzburgerland.com\/hu\/wp-json\/wp\/v2\/categories?post=20880"},{"taxonomy":"post_tag","embeddable":true,"href":"https:\/\/www.salzburgerland.com\/hu\/wp-json\/wp\/v2\/tags?post=20880"},{"taxonomy":"wl_entity_type","embeddable":true,"href":"https:\/\/www.salzburgerland.com\/hu\/wp-json\/wp\/v2\/wl_entity_type?post=20880"}],"curies":[{"name":"wp","href":"https:\/\/api.w.org\/{rel}","templated":true}]}}