{"id":20450,"date":"2023-09-28T20:57:12","date_gmt":"2023-09-28T18:57:12","guid":{"rendered":"https:\/\/www.salzburgerland.com\/hu\/?p=20450"},"modified":"2023-09-28T20:57:14","modified_gmt":"2023-09-28T18:57:14","slug":"savanyitott-cekla","status":"publish","type":"post","link":"https:\/\/www.salzburgerland.com\/hu\/savanyitott-cekla\/","title":{"rendered":"Savany\u00edtott c\u00e9kla"},"content":{"rendered":"<h4>Savany\u00edtott c\u00e9kla<\/h4>\n<p><strong>Hozz\u00e1val\u00f3k<\/strong><\/p>\n<ul>\n<li>500 g c\u00e9kla<\/li>\n<li>200 ml v\u00edz<\/li>\n<li>100 ml ecet<\/li>\n<li>1 te\u00e1skan\u00e1l k\u00f6m\u00e9ny<\/li>\n<li>\u00edzl\u00e9s szerint torma<\/li>\n<li>2 ev\u0151kan\u00e1l krist\u00e1lycukor<\/li>\n<li>1 te\u00e1skan\u00e1l s\u00f3<\/li>\n<li>1 te\u00e1skan\u00e1l eg\u00e9sz bors<\/li>\n<\/ul>\n<p><strong>Elk\u00e9sz\u00edt\u00e9s<\/strong><\/p>\n<ul>\n<li>A c\u00e9kl\u00e1t megmossuk, egy ed\u00e9nyben addig f\u0151zz\u00fck, am\u00edg m\u00e9g a c\u00e9kla ropog\u00f3s. Ez m\u00e9rett\u0151l f\u00fcgg\u0151en 30-40 percet vesz ig\u00e9nybe. A f\u0151z\u00e9si id\u0151 v\u00e9ge el\u0151tt kb. 10 perccel adjuk hozz\u00e1 a s\u00f3t.<\/li>\n<li>A megf\u0151tt c\u00e9kl\u00e1t kivessz\u00fck a v\u00edzb\u0151l, \u00e9s kicsit hagyjuk h\u0171lni, majd megh\u00e1mozzuk. A f\u0151z\u0151 vizet f\u00e9lre rakjuk.<\/li>\n<li>A h\u00e1mozott c\u00e9kl\u00e1t z\u00f6lds\u00e9gszeletel\u0151n felszeletelj\u00fck, a torm\u00e1t finomra reszelj\u00fck.<\/li>\n<li>A vizet, az ecetet, a borsot, a k\u00f6m\u00e9nyt, a s\u00f3t \u00e9s a cukrot egy ed\u00e9nyben felforraljuk, \u00edzl\u00e9s szerint f\u0171szerezz\u00fck.<\/li>\n<li>A c\u00e9klaszeleteket frissen reszelt torm\u00e1val felv\u00e1ltva egy steril bef\u0151ttes\u00fcvegbe r\u00e9tegezz\u00fck, v\u00e9g\u00fcl enyh\u00e9n lenyomkodjuk.<\/li>\n<li>L\u00e9gmentesen lez\u00e1rjuk \u00e9s s\u00f6t\u00e9t, h\u0171v\u00f6s helyen t\u00e1roljuk.<\/li>\n<\/ul>\n","protected":false},"excerpt":{"rendered":"<p>Savany\u00edtott c\u00e9kla Hozz\u00e1val\u00f3k 500 g c\u00e9kla 200 ml v\u00edz 100 ml ecet 1 te\u00e1skan\u00e1l k\u00f6m\u00e9ny \u00edzl\u00e9s szerint torma 2 ev\u0151kan\u00e1l krist\u00e1lycukor 1 te\u00e1skan\u00e1l s\u00f3 1 te\u00e1skan\u00e1l eg\u00e9sz bors Elk\u00e9sz\u00edt\u00e9s A c\u00e9kl\u00e1t megmossuk, egy ed\u00e9nyben addig f\u0151zz\u00fck, am\u00edg m\u00e9g a c\u00e9kla ropog\u00f3s. Ez m\u00e9rett\u0151l f\u00fcgg\u0151en 30-40 percet vesz ig\u00e9nybe. A f\u0151z\u00e9si id\u0151 v\u00e9ge el\u0151tt kb. 10 [&hellip;]<\/p>\n","protected":false},"author":21,"featured_media":20451,"comment_status":"closed","ping_status":"closed","sticky":false,"template":"","format":"standard","meta":{"_acf_changed":false,"wl_entities_gutenberg":"","_relevanssi_hide_post":"","_relevanssi_hide_content":"","_relevanssi_pin_for_all":"","_relevanssi_pin_keywords":"","_relevanssi_unpin_keywords":"","_relevanssi_related_keywords":"","_relevanssi_related_include_ids":"","_relevanssi_related_exclude_ids":"","_relevanssi_related_no_append":"","_relevanssi_related_not_related":"","_relevanssi_related_posts":"","_relevanssi_noindex_reason":"","footnotes":""},"categories":[1],"tags":[637,638],"wl_entity_type":[26],"class_list":["post-20450","post","type-post","status-publish","format-standard","has-post-thumbnail","hentry","category-uncategorized","tag-cekla","tag-teli-recept","wl_entity_type-recipe"],"acf":[],"yoast_head":"<!-- This site is optimized with the Yoast SEO Premium plugin v27.4 (Yoast SEO v27.4) - https:\/\/yoast.com\/product\/yoast-seo-premium-wordpress\/ -->\n<title>Savany\u00edtott c\u00e9kla \u00bb SalzburgerLand.com<\/title>\n<meta name=\"description\" content=\"A savany\u00edtott c\u00e9kla nagyszer\u0171 csemege \u0151szre \u00e9s t\u00e9lre. Remek kieg\u00e9sz\u00edt\u0151je sal\u00e1t\u00e1knak \u00e9s f\u0151\u00e9teleknek, \u00e9s elk\u00e9sz\u00edt\u00e9se nem munkaig\u00e9nyes.\" \/>\n<meta name=\"robots\" content=\"index, follow, max-snippet:-1, max-image-preview:large, max-video-preview:-1\" \/>\n<link rel=\"canonical\" href=\"https:\/\/www.salzburgerland.com\/hu\/savanyitott-cekla\/\" \/>\n<meta property=\"og:locale\" content=\"hu_HU\" \/>\n<meta property=\"og:type\" content=\"article\" \/>\n<meta property=\"og:title\" content=\"Savany\u00edtott c\u00e9kla\" \/>\n<meta property=\"og:description\" content=\"Savany\u00edtott c\u00e9kla Hozz\u00e1val\u00f3k 500 g c\u00e9kla 200 ml v\u00edz 100 ml ecet 1 te\u00e1skan\u00e1l k\u00f6m\u00e9ny \u00edzl\u00e9s szerint torma 2 ev\u0151kan\u00e1l krist\u00e1lycukor 1 te\u00e1skan\u00e1l s\u00f3 1 te\u00e1skan\u00e1l\" \/>\n<meta property=\"og:url\" content=\"https:\/\/www.salzburgerland.com\/hu\/savanyitott-cekla\/\" \/>\n<meta property=\"og:site_name\" content=\"SalzburgerLand.com\" \/>\n<meta property=\"article:publisher\" content=\"https:\/\/www.facebook.com\/visitsalzburgerland\/\" \/>\n<meta property=\"article:published_time\" content=\"2023-09-28T18:57:12+00:00\" \/>\n<meta property=\"article:modified_time\" content=\"2023-09-28T18:57:14+00:00\" \/>\n<meta property=\"og:image\" content=\"https:\/\/www.salzburgerland.com\/hu\/wp-content\/uploads\/2023\/09\/eingelegt-rote-ruben-hf_sam-martina-hofelmaier-1170x658-1.jpg\" \/>\n\t<meta property=\"og:image:width\" content=\"1170\" \/>\n\t<meta property=\"og:image:height\" content=\"658\" \/>\n\t<meta property=\"og:image:type\" content=\"image\/jpeg\" \/>\n<meta name=\"author\" content=\"Hajnalka K\u00e1di\" \/>\n<meta name=\"twitter:card\" content=\"summary_large_image\" \/>\n<meta name=\"twitter:creator\" content=\"@salzburgerland\" \/>\n<meta name=\"twitter:site\" content=\"@salzburgerland\" \/>\n<meta name=\"twitter:label1\" content=\"Szerz\u0151:\" \/>\n\t<meta name=\"twitter:data1\" content=\"Hajnalka K\u00e1di\" \/>\n\t<meta name=\"twitter:label2\" content=\"Becs\u00fclt olvas\u00e1si id\u0151\" \/>\n\t<meta name=\"twitter:data2\" content=\"1 perc\" \/>\n<script type=\"application\/ld+json\" class=\"yoast-schema-graph\">{\"@context\":\"https:\\\/\\\/schema.org\",\"@graph\":[{\"@type\":\"Article\",\"@id\":\"https:\\\/\\\/www.salzburgerland.com\\\/hu\\\/savanyitott-cekla\\\/#article\",\"isPartOf\":{\"@id\":\"https:\\\/\\\/www.salzburgerland.com\\\/hu\\\/savanyitott-cekla\\\/\"},\"author\":{\"name\":\"Hajnalka K\u00e1di\",\"@id\":\"https:\\\/\\\/www.salzburgerland.com\\\/hu\\\/#\\\/schema\\\/person\\\/e4905df070d9b3c52e1e4c730b26aa5a\"},\"headline\":\"Savany\u00edtott c\u00e9kla\",\"datePublished\":\"2023-09-28T18:57:12+00:00\",\"dateModified\":\"2023-09-28T18:57:14+00:00\",\"mainEntityOfPage\":{\"@id\":\"https:\\\/\\\/www.salzburgerland.com\\\/hu\\\/savanyitott-cekla\\\/\"},\"wordCount\":205,\"image\":{\"@id\":\"https:\\\/\\\/www.salzburgerland.com\\\/hu\\\/savanyitott-cekla\\\/#primaryimage\"},\"thumbnailUrl\":\"https:\\\/\\\/www.salzburgerland.com\\\/hu\\\/wp-content\\\/uploads\\\/2023\\\/09\\\/eingelegt-rote-ruben-hf_sam-martina-hofelmaier-1170x658-1.jpg\",\"keywords\":[\"c\u00e9kla\",\"t\u00e9li recept\"],\"articleSection\":[\"Uncategorized\"],\"inLanguage\":\"hu\"},{\"@type\":\"WebPage\",\"@id\":\"https:\\\/\\\/www.salzburgerland.com\\\/hu\\\/savanyitott-cekla\\\/\",\"url\":\"https:\\\/\\\/www.salzburgerland.com\\\/hu\\\/savanyitott-cekla\\\/\",\"name\":\"Savany\u00edtott c\u00e9kla \u00bb SalzburgerLand.com\",\"isPartOf\":{\"@id\":\"https:\\\/\\\/www.salzburgerland.com\\\/hu\\\/#website\"},\"primaryImageOfPage\":{\"@id\":\"https:\\\/\\\/www.salzburgerland.com\\\/hu\\\/savanyitott-cekla\\\/#primaryimage\"},\"image\":{\"@id\":\"https:\\\/\\\/www.salzburgerland.com\\\/hu\\\/savanyitott-cekla\\\/#primaryimage\"},\"thumbnailUrl\":\"https:\\\/\\\/www.salzburgerland.com\\\/hu\\\/wp-content\\\/uploads\\\/2023\\\/09\\\/eingelegt-rote-ruben-hf_sam-martina-hofelmaier-1170x658-1.jpg\",\"datePublished\":\"2023-09-28T18:57:12+00:00\",\"dateModified\":\"2023-09-28T18:57:14+00:00\",\"author\":{\"@id\":\"https:\\\/\\\/www.salzburgerland.com\\\/hu\\\/#\\\/schema\\\/person\\\/e4905df070d9b3c52e1e4c730b26aa5a\"},\"description\":\"A savany\u00edtott c\u00e9kla nagyszer\u0171 csemege \u0151szre \u00e9s t\u00e9lre. Remek kieg\u00e9sz\u00edt\u0151je sal\u00e1t\u00e1knak \u00e9s f\u0151\u00e9teleknek, \u00e9s elk\u00e9sz\u00edt\u00e9se nem munkaig\u00e9nyes.\",\"breadcrumb\":{\"@id\":\"https:\\\/\\\/www.salzburgerland.com\\\/hu\\\/savanyitott-cekla\\\/#breadcrumb\"},\"inLanguage\":\"hu\",\"potentialAction\":[{\"@type\":\"ReadAction\",\"target\":[\"https:\\\/\\\/www.salzburgerland.com\\\/hu\\\/savanyitott-cekla\\\/\"]}]},{\"@type\":\"ImageObject\",\"inLanguage\":\"hu\",\"@id\":\"https:\\\/\\\/www.salzburgerland.com\\\/hu\\\/savanyitott-cekla\\\/#primaryimage\",\"url\":\"https:\\\/\\\/www.salzburgerland.com\\\/hu\\\/wp-content\\\/uploads\\\/2023\\\/09\\\/eingelegt-rote-ruben-hf_sam-martina-hofelmaier-1170x658-1.jpg\",\"contentUrl\":\"https:\\\/\\\/www.salzburgerland.com\\\/hu\\\/wp-content\\\/uploads\\\/2023\\\/09\\\/eingelegt-rote-ruben-hf_sam-martina-hofelmaier-1170x658-1.jpg\",\"width\":1170,\"height\":658,\"caption\":\"Savany\u00edtott c\u00e9kla \u00a9 Salzburger Agrar Marketing, Martina H\u00f6felmeier\"},{\"@type\":\"BreadcrumbList\",\"@id\":\"https:\\\/\\\/www.salzburgerland.com\\\/hu\\\/savanyitott-cekla\\\/#breadcrumb\",\"itemListElement\":[{\"@type\":\"ListItem\",\"position\":1,\"name\":\"T\u00e9li gy\u00f3gyn\u00f6v\u00e9ny szezon Salzburg tartom\u00e1nyban\",\"item\":\"https:\\\/\\\/www.salzburgerland.com\\\/hu\\\/teli-gyogynoveny-szezon-salzburg-tartomanyban\\\/\"},{\"@type\":\"ListItem\",\"position\":2,\"name\":\"Savany\u00edtott c\u00e9kla\"}]},{\"@type\":\"WebSite\",\"@id\":\"https:\\\/\\\/www.salzburgerland.com\\\/hu\\\/#website\",\"url\":\"https:\\\/\\\/www.salzburgerland.com\\\/hu\\\/\",\"name\":\"SalzburgerLand.com\",\"description\":\"\u00dcd\u00fcl\u00e9s Ausztri\u00e1ban, Salzburg tartom\u00e1nyban\",\"potentialAction\":[{\"@type\":\"SearchAction\",\"target\":{\"@type\":\"EntryPoint\",\"urlTemplate\":\"https:\\\/\\\/www.salzburgerland.com\\\/hu\\\/?s={search_term_string}\"},\"query-input\":{\"@type\":\"PropertyValueSpecification\",\"valueRequired\":true,\"valueName\":\"search_term_string\"}}],\"inLanguage\":\"hu\"},{\"@type\":\"Person\",\"@id\":\"https:\\\/\\\/www.salzburgerland.com\\\/hu\\\/#\\\/schema\\\/person\\\/e4905df070d9b3c52e1e4c730b26aa5a\",\"name\":\"Hajnalka K\u00e1di\",\"image\":{\"@type\":\"ImageObject\",\"inLanguage\":\"hu\",\"@id\":\"https:\\\/\\\/secure.gravatar.com\\\/avatar\\\/e8c1eecf3b2c49d295cebc6aba0de06d13ec77aa0cf9ccec32725949011b69d2?s=96&d=mm&r=g\",\"url\":\"https:\\\/\\\/secure.gravatar.com\\\/avatar\\\/e8c1eecf3b2c49d295cebc6aba0de06d13ec77aa0cf9ccec32725949011b69d2?s=96&d=mm&r=g\",\"contentUrl\":\"https:\\\/\\\/secure.gravatar.com\\\/avatar\\\/e8c1eecf3b2c49d295cebc6aba0de06d13ec77aa0cf9ccec32725949011b69d2?s=96&d=mm&r=g\",\"caption\":\"Hajnalka K\u00e1di\"}}]}<\/script>\n<!-- \/ Yoast SEO Premium plugin. -->","yoast_head_json":{"title":"Savany\u00edtott c\u00e9kla \u00bb SalzburgerLand.com","description":"A savany\u00edtott c\u00e9kla nagyszer\u0171 csemege \u0151szre \u00e9s t\u00e9lre. Remek kieg\u00e9sz\u00edt\u0151je sal\u00e1t\u00e1knak \u00e9s f\u0151\u00e9teleknek, \u00e9s elk\u00e9sz\u00edt\u00e9se nem munkaig\u00e9nyes.","robots":{"index":"index","follow":"follow","max-snippet":"max-snippet:-1","max-image-preview":"max-image-preview:large","max-video-preview":"max-video-preview:-1"},"canonical":"https:\/\/www.salzburgerland.com\/hu\/savanyitott-cekla\/","og_locale":"hu_HU","og_type":"article","og_title":"Savany\u00edtott c\u00e9kla","og_description":"Savany\u00edtott c\u00e9kla Hozz\u00e1val\u00f3k 500 g c\u00e9kla 200 ml v\u00edz 100 ml ecet 1 te\u00e1skan\u00e1l k\u00f6m\u00e9ny \u00edzl\u00e9s szerint torma 2 ev\u0151kan\u00e1l krist\u00e1lycukor 1 te\u00e1skan\u00e1l s\u00f3 1 te\u00e1skan\u00e1l","og_url":"https:\/\/www.salzburgerland.com\/hu\/savanyitott-cekla\/","og_site_name":"SalzburgerLand.com","article_publisher":"https:\/\/www.facebook.com\/visitsalzburgerland\/","article_published_time":"2023-09-28T18:57:12+00:00","article_modified_time":"2023-09-28T18:57:14+00:00","og_image":[{"url":"https:\/\/www.salzburgerland.com\/hu\/wp-content\/uploads\/2023\/09\/eingelegt-rote-ruben-hf_sam-martina-hofelmaier-1170x658-1.jpg","width":1170,"height":658,"type":"image\/jpeg"}],"author":"Hajnalka K\u00e1di","twitter_card":"summary_large_image","twitter_creator":"@salzburgerland","twitter_site":"@salzburgerland","twitter_misc":{"Szerz\u0151:":"Hajnalka K\u00e1di","Becs\u00fclt olvas\u00e1si id\u0151":"1 perc"},"schema":{"@context":"https:\/\/schema.org","@graph":[{"@type":"Article","@id":"https:\/\/www.salzburgerland.com\/hu\/savanyitott-cekla\/#article","isPartOf":{"@id":"https:\/\/www.salzburgerland.com\/hu\/savanyitott-cekla\/"},"author":{"name":"Hajnalka K\u00e1di","@id":"https:\/\/www.salzburgerland.com\/hu\/#\/schema\/person\/e4905df070d9b3c52e1e4c730b26aa5a"},"headline":"Savany\u00edtott c\u00e9kla","datePublished":"2023-09-28T18:57:12+00:00","dateModified":"2023-09-28T18:57:14+00:00","mainEntityOfPage":{"@id":"https:\/\/www.salzburgerland.com\/hu\/savanyitott-cekla\/"},"wordCount":205,"image":{"@id":"https:\/\/www.salzburgerland.com\/hu\/savanyitott-cekla\/#primaryimage"},"thumbnailUrl":"https:\/\/www.salzburgerland.com\/hu\/wp-content\/uploads\/2023\/09\/eingelegt-rote-ruben-hf_sam-martina-hofelmaier-1170x658-1.jpg","keywords":["c\u00e9kla","t\u00e9li recept"],"articleSection":["Uncategorized"],"inLanguage":"hu"},{"@type":"WebPage","@id":"https:\/\/www.salzburgerland.com\/hu\/savanyitott-cekla\/","url":"https:\/\/www.salzburgerland.com\/hu\/savanyitott-cekla\/","name":"Savany\u00edtott c\u00e9kla \u00bb SalzburgerLand.com","isPartOf":{"@id":"https:\/\/www.salzburgerland.com\/hu\/#website"},"primaryImageOfPage":{"@id":"https:\/\/www.salzburgerland.com\/hu\/savanyitott-cekla\/#primaryimage"},"image":{"@id":"https:\/\/www.salzburgerland.com\/hu\/savanyitott-cekla\/#primaryimage"},"thumbnailUrl":"https:\/\/www.salzburgerland.com\/hu\/wp-content\/uploads\/2023\/09\/eingelegt-rote-ruben-hf_sam-martina-hofelmaier-1170x658-1.jpg","datePublished":"2023-09-28T18:57:12+00:00","dateModified":"2023-09-28T18:57:14+00:00","author":{"@id":"https:\/\/www.salzburgerland.com\/hu\/#\/schema\/person\/e4905df070d9b3c52e1e4c730b26aa5a"},"description":"A savany\u00edtott c\u00e9kla nagyszer\u0171 csemege \u0151szre \u00e9s t\u00e9lre. Remek kieg\u00e9sz\u00edt\u0151je sal\u00e1t\u00e1knak \u00e9s f\u0151\u00e9teleknek, \u00e9s elk\u00e9sz\u00edt\u00e9se nem munkaig\u00e9nyes.","breadcrumb":{"@id":"https:\/\/www.salzburgerland.com\/hu\/savanyitott-cekla\/#breadcrumb"},"inLanguage":"hu","potentialAction":[{"@type":"ReadAction","target":["https:\/\/www.salzburgerland.com\/hu\/savanyitott-cekla\/"]}]},{"@type":"ImageObject","inLanguage":"hu","@id":"https:\/\/www.salzburgerland.com\/hu\/savanyitott-cekla\/#primaryimage","url":"https:\/\/www.salzburgerland.com\/hu\/wp-content\/uploads\/2023\/09\/eingelegt-rote-ruben-hf_sam-martina-hofelmaier-1170x658-1.jpg","contentUrl":"https:\/\/www.salzburgerland.com\/hu\/wp-content\/uploads\/2023\/09\/eingelegt-rote-ruben-hf_sam-martina-hofelmaier-1170x658-1.jpg","width":1170,"height":658,"caption":"Savany\u00edtott c\u00e9kla \u00a9 Salzburger Agrar Marketing, Martina H\u00f6felmeier"},{"@type":"BreadcrumbList","@id":"https:\/\/www.salzburgerland.com\/hu\/savanyitott-cekla\/#breadcrumb","itemListElement":[{"@type":"ListItem","position":1,"name":"T\u00e9li gy\u00f3gyn\u00f6v\u00e9ny szezon Salzburg tartom\u00e1nyban","item":"https:\/\/www.salzburgerland.com\/hu\/teli-gyogynoveny-szezon-salzburg-tartomanyban\/"},{"@type":"ListItem","position":2,"name":"Savany\u00edtott c\u00e9kla"}]},{"@type":"WebSite","@id":"https:\/\/www.salzburgerland.com\/hu\/#website","url":"https:\/\/www.salzburgerland.com\/hu\/","name":"SalzburgerLand.com","description":"\u00dcd\u00fcl\u00e9s Ausztri\u00e1ban, Salzburg tartom\u00e1nyban","potentialAction":[{"@type":"SearchAction","target":{"@type":"EntryPoint","urlTemplate":"https:\/\/www.salzburgerland.com\/hu\/?s={search_term_string}"},"query-input":{"@type":"PropertyValueSpecification","valueRequired":true,"valueName":"search_term_string"}}],"inLanguage":"hu"},{"@type":"Person","@id":"https:\/\/www.salzburgerland.com\/hu\/#\/schema\/person\/e4905df070d9b3c52e1e4c730b26aa5a","name":"Hajnalka K\u00e1di","image":{"@type":"ImageObject","inLanguage":"hu","@id":"https:\/\/secure.gravatar.com\/avatar\/e8c1eecf3b2c49d295cebc6aba0de06d13ec77aa0cf9ccec32725949011b69d2?s=96&d=mm&r=g","url":"https:\/\/secure.gravatar.com\/avatar\/e8c1eecf3b2c49d295cebc6aba0de06d13ec77aa0cf9ccec32725949011b69d2?s=96&d=mm&r=g","contentUrl":"https:\/\/secure.gravatar.com\/avatar\/e8c1eecf3b2c49d295cebc6aba0de06d13ec77aa0cf9ccec32725949011b69d2?s=96&d=mm&r=g","caption":"Hajnalka K\u00e1di"}}]}},"_wl_alt_label":[],"wl:entity_url":"http:\/\/open.salzburgerland.com\/hu\/post\/savanyitott-cekla-20450","_links":{"self":[{"href":"https:\/\/www.salzburgerland.com\/hu\/wp-json\/wp\/v2\/posts\/20450","targetHints":{"allow":["GET"]}}],"collection":[{"href":"https:\/\/www.salzburgerland.com\/hu\/wp-json\/wp\/v2\/posts"}],"about":[{"href":"https:\/\/www.salzburgerland.com\/hu\/wp-json\/wp\/v2\/types\/post"}],"author":[{"embeddable":true,"href":"https:\/\/www.salzburgerland.com\/hu\/wp-json\/wp\/v2\/users\/21"}],"replies":[{"embeddable":true,"href":"https:\/\/www.salzburgerland.com\/hu\/wp-json\/wp\/v2\/comments?post=20450"}],"version-history":[{"count":3,"href":"https:\/\/www.salzburgerland.com\/hu\/wp-json\/wp\/v2\/posts\/20450\/revisions"}],"predecessor-version":[{"id":20455,"href":"https:\/\/www.salzburgerland.com\/hu\/wp-json\/wp\/v2\/posts\/20450\/revisions\/20455"}],"wp:featuredmedia":[{"embeddable":true,"href":"https:\/\/www.salzburgerland.com\/hu\/wp-json\/wp\/v2\/media\/20451"}],"wp:attachment":[{"href":"https:\/\/www.salzburgerland.com\/hu\/wp-json\/wp\/v2\/media?parent=20450"}],"wp:term":[{"taxonomy":"category","embeddable":true,"href":"https:\/\/www.salzburgerland.com\/hu\/wp-json\/wp\/v2\/categories?post=20450"},{"taxonomy":"post_tag","embeddable":true,"href":"https:\/\/www.salzburgerland.com\/hu\/wp-json\/wp\/v2\/tags?post=20450"},{"taxonomy":"wl_entity_type","embeddable":true,"href":"https:\/\/www.salzburgerland.com\/hu\/wp-json\/wp\/v2\/wl_entity_type?post=20450"}],"curies":[{"name":"wp","href":"https:\/\/api.w.org\/{rel}","templated":true}]}}