{"id":20417,"date":"2023-09-27T23:21:48","date_gmt":"2023-09-27T21:21:48","guid":{"rendered":"https:\/\/www.salzburgerland.com\/hu\/?p=20417"},"modified":"2025-10-16T13:15:44","modified_gmt":"2025-10-16T11:15:44","slug":"st-johann-in-salzburg-a-sipalyakon-tul","status":"publish","type":"post","link":"https:\/\/www.salzburgerland.com\/hu\/st-johann-in-salzburg-a-sipalyakon-tul\/","title":{"rendered":"St. Johann in Salzburg a s\u00edp\u00e1ly\u00e1kon t\u00fal"},"content":{"rendered":"<h2>S\u00edt\u00far\u00e1z\u00e1s<\/h2>\n<p>A Salzburgi tartom\u00e1ny sz\u00edv\u00e9ben fekv\u0151 St. Johann in Salzburg ide\u00e1lis kiindul\u00f3pontja a kisebb \u00e9s nagyobb <strong>s\u00edt\u00far\u00e1knak<\/strong>. Legyen sz\u00f3 a k\u00f6zeli v\u00f6lgyekr\u0151l, mint p\u00e9ld\u00e1ul a Gro\u00dfarltal vagy Kleinarltal v\u00f6lgyek, vagy a Tennengebirge l\u00e1b\u00e1n\u00e1l, vagy ak\u00e1r a Hochk\u00f6nig-hegys\u00e9gben. Ha nyugalomra \u00e9s csendre v\u00e1gyik a term\u00e9szetben, akkor mindenk\u00e9ppen \u00e9rdemes r\u00e9szt vennie egy <a href=\"https:\/\/www.josalzburg.com\/en\/activities\/backcountry-skiing.html\" target=\"_blank\" rel=\"noopener\"><strong>s\u00edt\u00far\u00e1n<\/strong><\/a>. Ez egy k\u00e9nyelmes m\u00f3dja annak, hogy megismerje a hegyeket, annak minden oldal\u00e1val egy\u00fctt. A salzburgi St. Johannban is sz\u00e1mos kijel\u00f6lt t\u00fara\u00fatvonal v\u00e1rja, hogy felfedezze. A legfontosabb szab\u00e1ly a s\u00edt\u00far\u00e1z\u00e1sn\u00e1l: A biztons\u00e1g az els\u0151!<\/p>\n<p>A k\u00f6rnyez\u0151 hegyek felfedez\u00e9s\u00e9nek legjobb m\u00f3dja, ha <strong>tapasztalt hegyi vezet\u0151kkel<\/strong> indulunk \u00fatnak, akik a hegyek k\u00f6z\u00f6tt n\u0151ttek fel. \u0150k nemcsak mag\u00e1r\u00f3l a <strong>hegyi sportr\u00f3l<\/strong> tudnak sokat mes\u00e9lni, hanem a term\u00e9szetr\u0151l, a k\u00f6r\u00fclm\u00e9nyekr\u0151l \u00e9s a t\u00e1jr\u00f3l is nagyszer\u0171 ismereteket adnak \u00e1t.<\/p>\n<div id=\"attachment_20371\" style=\"width: 1180px\" class=\"wp-caption alignnone\"><img decoding=\"async\" aria-describedby=\"caption-attachment-20371\" class=\"size-1170_658 wp-image-20371\" src=\"https:\/\/www.salzburgerland.com\/hu\/wp-content\/uploads\/2023\/09\/skitour-im-shnee-alternativ-winter-cartofsight-1170x658.jpg\" alt=\"A s\u00edp\u00e1ly\u00e1kon k\u00edv\u00fcl s\u00edt\u00far\u00e1zhatunk is Johann in Salzburgban\" width=\"1170\" height=\"658\" srcset=\"https:\/\/www.salzburgerland.com\/hu\/wp-content\/uploads\/2023\/09\/skitour-im-shnee-alternativ-winter-cartofsight-1170x658.jpg 1170w, https:\/\/www.salzburgerland.com\/hu\/wp-content\/uploads\/2023\/09\/skitour-im-shnee-alternativ-winter-cartofsight-1200x675.jpg 1200w\" sizes=\"(max-width: 1170px) 100vw, 1170px\"><p id=\"caption-attachment-20371\" class=\"wp-caption-text\">A s\u00edp\u00e1ly\u00e1kon k\u00edv\u00fcl s\u00edt\u00far\u00e1zhatunk is Johann in Salzburgban \u00a9 JOSalzburg, artofsight<\/p><\/div>\n<p>A <strong>Snow Space Salzburg<\/strong> s\u00edt\u00fara \u00fatvonalait csak a haszn\u00e1lat napj\u00e1n \u00e9rv\u00e9nyes s\u00edb\u00e9rlettel vagy s\u00edt\u00farak\u00e1rty\u00e1val lehet haszn\u00e1lni a s\u00edp\u00e1ly\u00e1k nyitvatart\u00e1si idej\u00e9ben. Az \u00e9rv\u00e9nyes jegyet a feljut\u00e1s sor\u00e1n mindig mag\u00e1n\u00e1l kell tartani, \u00e9s sz\u00fcks\u00e9g eset\u00e9n az ellen\u0151rz\u00e9seken be kell mutatni. Kiv\u00e9ve a <strong>Hahnbaum s\u00edt\u00fara \u00fatvonalat<\/strong>, amely <strong>ingyenesen<\/strong> haszn\u00e1lhat\u00f3!<\/p>\n<h2>Az \u00e9rintetlen term\u00e9szet felfedez\u00e9se h\u00f3talpas t\u00far\u00e1kon<\/h2>\n<p>Ha szeretn\u00e9 felfedezni a t\u00e9li t\u00e1jat St. Johannban a s\u00edp\u00e1ly\u00e1kt\u00f3l \u00e9s a kitaposott t\u00e9li t\u00fara\u00fatvonalakt\u00f3l t\u00e1vol, akkor a <a href=\"https:\/\/www.josalzburg.com\/en\/activities\/snowshoeing-in-st-johann.html\" target=\"_blank\" rel=\"noopener\"><strong>h\u00f3talpas t\u00far\u00e1z\u00e1s<\/strong><\/a> abszol\u00fat a megfelel\u0151 v\u00e1laszt\u00e1s. \u00cdgy olyan \u00e9rintetlen t\u00e1jakat fedezhet fel, amelyek egy\u00e9bk\u00e9nt t\u00e9len rejtve maradnak. Tapasztalja meg a helyi term\u00e9szetet \u00e9s annak \u00e9l\u0151vil\u00e1g\u00e1t, \u00e9lvezze a csendes pillanatokat \u00e9s t\u00f6lt\u0151dj\u00f6n fel. A cs\u00facson a m\u00e9ly h\u00f3val bor\u00edtott k\u00f6rnyez\u0151 hegyi vil\u00e1gra ny\u00edl\u00f3 kil\u00e1t\u00e1s elfeledteti a <strong>m\u00e9ly h\u00f3ban val\u00f3 m\u00e1sz\u00e1s<\/strong> minden f\u00e1radalm\u00e1t. De gyakran nem is a hegycs\u00facs a c\u00e9l, hanem az els\u0151 l\u00e9p\u00e9sek a h\u00f3ban, vagy a h\u00f3talpas t\u00far\u00e1z\u00e1s sor\u00e1n megtapasztalt leny\u0171g\u00f6z\u0151 csend az erd\u0151kben. A vezetett h\u00f3talpas t\u00far\u00e1kon a j\u00f3l k\u00e9pzett t\u00faravezet\u0151kkel maxim\u00e1lis biztons\u00e1gban lehet a kitaposott \u00f6sv\u00e9nyeken k\u00edv\u00fcl is, \u00e9s gondtalanul \u00e9lvezheti a term\u00e9szetet.<\/p>\n<div id=\"attachment_20418\" style=\"width: 1180px\" class=\"wp-caption alignnone\"><img decoding=\"async\" aria-describedby=\"caption-attachment-20418\" class=\"size-1170_658 wp-image-20418\" src=\"https:\/\/www.salzburgerland.com\/hu\/wp-content\/uploads\/2023\/09\/schneeschuhwandern-in-st--johann-2-1170x658.jpg\" alt=\"H\u00f3talpas t\u00far\u00e1k a legszebb helyeken St. Johann in Salzburgban\" width=\"1170\" height=\"658\" srcset=\"https:\/\/www.salzburgerland.com\/hu\/wp-content\/uploads\/2023\/09\/schneeschuhwandern-in-st--johann-2-1170x658.jpg 1170w, https:\/\/www.salzburgerland.com\/hu\/wp-content\/uploads\/2023\/09\/schneeschuhwandern-in-st--johann-2-1200x675.jpg 1200w\" sizes=\"(max-width: 1170px) 100vw, 1170px\"><p id=\"caption-attachment-20418\" class=\"wp-caption-text\">H\u00f3talpas t\u00far\u00e1k a legszebb helyeken St. Johann in Salzburgban \u00a9 JOSalzburg, Chris Perkles<\/p><\/div>\n<h2>T\u00e9li t\u00far\u00e1z\u00e1s<\/h2>\n<p>Csillog\u00f3 h\u00f3 \u00e9s nyugodt b\u00e9ke: a t\u00e9l a legszebb oldal\u00e1t mutatja meg egy <a href=\"https:\/\/www.josalzburg.com\/en\/activities\/winter-hiking.html\" target=\"_blank\" rel=\"noopener\"><strong>t\u00e9li t\u00far\u00e1n<\/strong><\/a>, t\u00e1vol a s\u00edp\u00e1ly\u00e1kt\u00f3l. Hagyja maga m\u00f6g\u00f6tt a mindennapi \u00e9letet<strong> St. Johann<\/strong> el\u0151k\u00e9sz\u00edtett t\u00fara\u00fatvonalain. Egyszer\u0171en csak \u00f6lt\u00f6zz\u00f6n melegen, \u00e9s hagyja elm\u00e9j\u00e9t, hogy a csod\u00e1latos <strong>tiszta leveg\u0151n<\/strong> \u00e9s a gy\u00f6ny\u00f6r\u0171 term\u00e9szetben elkalandozzon.<\/p>\n\n\t\t\t<div id=\"20417-1\" class=\"gallery gallery-20417 gallery-columns-3 gallery-size-1170_658\" itemscope itemtype=\"http:\/\/schema.org\/ImageGallery\">\n\t\t\t\t<ul class=\"gallery-row gallery-col-3 gallery-clear\">\n\t\t\t\t\t<li class=\"gallery-item col-3\" itemprop=\"associatedMedia\" itemscope itemtype=\"http:\/\/schema.org\/ImageObject\">\n\t\t\t\t\t\t<div class=\"gallery-icon landscape\"><a href=\"https:\/\/www.salzburgerland.com\/hu\/wp-content\/uploads\/2023\/09\/winterwandern-alternativ-winter-abseits-der-piste-c-chris-perkles-1920x1067.jpg\" title=\"T\u00e9li t\u00far\u00e1k a legszebb helyeken St. Johann in Salzburgban\"><img decoding=\"async\" data-title=\"T\u00e9li t\u00far\u00e1k a legszebb helyeken St. Johann in Salzburgban \u00a9 JOSalzburg, Chris Perkles\" title=\"T\u00e9li t\u00far\u00e1k a legszebb helyeken St. Johann in Salzburgban \u00a9 JOSalzburg, Chris Perkles\" data-caption=\"T\u00e9li t\u00far\u00e1k a legszebb helyeken St. Johann in Salzburgban \u00a9 JOSalzburg, Chris Perkles\" width=\"1170\" height=\"658\" src=\"https:\/\/www.salzburgerland.com\/hu\/wp-content\/uploads\/2023\/09\/winterwandern-alternativ-winter-abseits-der-piste-c-chris-perkles-1170x658.jpg\" class=\"attachment-1170_658 size-1170_658\" alt=\"T\u00e9li t\u00far\u00e1k a legszebb helyeken St. Johann in Salzburgban (Nagy\u00edtott n\u00e9zet)\" srcset=\"https:\/\/www.salzburgerland.com\/hu\/wp-content\/uploads\/2023\/09\/winterwandern-alternativ-winter-abseits-der-piste-c-chris-perkles-1170x658.jpg 1170w, https:\/\/www.salzburgerland.com\/hu\/wp-content\/uploads\/2023\/09\/winterwandern-alternativ-winter-abseits-der-piste-c-chris-perkles-1200x675.jpg 1200w\" sizes=\"(max-width: 1170px) 100vw, 1170px\" aria-describedby=\"figcaption-20417-20373\" itemprop=\"thumbnail\"><\/a><\/div>\n\t\t\t\t\t\t<span id=\"figcaption-20417-20373\" class=\"gallery-caption\" itemprop=\"caption\"><span aria-hidden=\"true\">T\u00e9li t\u00far\u00e1k a legszebb helyeken St. Johann in Salzburgban \u00a9 JOSalzburg, Chris Perkles<\/span><\/span>\n\t\t\t\t\t<\/li>\n\t\t\t\t\t<li class=\"gallery-item col-3\" itemprop=\"associatedMedia\" itemscope itemtype=\"http:\/\/schema.org\/ImageObject\">\n\t\t\t\t\t\t<div class=\"gallery-icon landscape\"><a href=\"https:\/\/www.salzburgerland.com\/hu\/wp-content\/uploads\/2023\/09\/skigebiet-alpendorf-snowspacesalzburg-1-1707x1067.jpg\" title=\"skigebiet-alpendorf-snowspacesalzburg\"><img decoding=\"async\" data-title=\"skigebiet-alpendorf-snowspacesalzburg\" title=\"skigebiet-alpendorf-snowspacesalzburg\" data-caption=\"skigebiet-alpendorf-snowspacesalzburg\" width=\"1170\" height=\"658\" src=\"https:\/\/www.salzburgerland.com\/hu\/wp-content\/uploads\/2023\/09\/skigebiet-alpendorf-snowspacesalzburg-1-1170x658.jpg\" class=\"attachment-1170_658 size-1170_658\" alt=\"Havas hegyi t\u00e1j St. Johann a s\u00edp\u00e1ly\u00e1kon t\u00fal, feny\u0151f\u00e1kkal, kunyh\u00f3val, t\u00e1voli cs\u00facsokkal, tiszta \u00e9gbolt alatt. (Nagy\u00edtott n\u00e9zet)\" srcset=\"https:\/\/www.salzburgerland.com\/hu\/wp-content\/uploads\/2023\/09\/skigebiet-alpendorf-snowspacesalzburg-1-1170x658.jpg 1170w, https:\/\/www.salzburgerland.com\/hu\/wp-content\/uploads\/2023\/09\/skigebiet-alpendorf-snowspacesalzburg-1-1200x675.jpg 1200w\" sizes=\"(max-width: 1170px) 100vw, 1170px\" aria-describedby=\"figcaption-20417-23830\" itemprop=\"thumbnail\"><\/a><\/div>\n\t\t\t\t\t\t<span id=\"figcaption-20417-23830\" class=\"gallery-caption\" itemprop=\"caption\"><span aria-hidden=\"true\">skigebiet-alpendorf-snowspacesalzburg<\/span><\/span>\n\t\t\t\t\t<\/li>\n\t\t\t\t\t<li class=\"gallery-item col-3\" itemprop=\"associatedMedia\" itemscope itemtype=\"http:\/\/schema.org\/ImageObject\">\n\t\t\t\t\t\t<div class=\"gallery-icon landscape\"><a href=\"https:\/\/www.salzburgerland.com\/hu\/wp-content\/uploads\/2023\/09\/winter-wandern-spass-im-schnee-abseits-der-piste-c-artofsight-1920x1067.jpg\" title=\"T\u00e9li t\u00far\u00e1k a legszebb helyeken St. Johann in Salzburgban\"><img decoding=\"async\" data-title=\"T\u00e9li t\u00far\u00e1k a legszebb helyeken St. Johann in Salzburgban\u00a9 JOSalzburg\" title=\"T\u00e9li t\u00far\u00e1k a legszebb helyeken St. Johann in Salzburgban\u00a9 JOSalzburg\" data-caption=\"T\u00e9li t\u00far\u00e1k a legszebb helyeken St. Johann in Salzburgban\u00a9 JOSalzburg\" width=\"1170\" height=\"658\" src=\"https:\/\/www.salzburgerland.com\/hu\/wp-content\/uploads\/2023\/09\/winter-wandern-spass-im-schnee-abseits-der-piste-c-artofsight-1170x658.jpg\" class=\"attachment-1170_658 size-1170_658\" alt=\"T\u00e9li t\u00far\u00e1k a legszebb helyeken St. Johann in Salzburgban (Nagy\u00edtott n\u00e9zet)\" srcset=\"https:\/\/www.salzburgerland.com\/hu\/wp-content\/uploads\/2023\/09\/winter-wandern-spass-im-schnee-abseits-der-piste-c-artofsight-1170x658.jpg 1170w, https:\/\/www.salzburgerland.com\/hu\/wp-content\/uploads\/2023\/09\/winter-wandern-spass-im-schnee-abseits-der-piste-c-artofsight-1200x675.jpg 1200w\" sizes=\"(max-width: 1170px) 100vw, 1170px\" aria-describedby=\"figcaption-20417-20372\" itemprop=\"thumbnail\"><\/a><\/div>\n\t\t\t\t\t\t<span id=\"figcaption-20417-20372\" class=\"gallery-caption\" itemprop=\"caption\"><span aria-hidden=\"true\">T\u00e9li t\u00far\u00e1k a legszebb helyeken St. Johann in Salzburgban\u00a9 JOSalzburg<\/span><\/span>\n\t\t\t\t\t<\/li>\n\t\t\t\t<\/ul>\n\t\t\t<\/div><!-- .gallery -->\n\n<h2>Sz\u00e1nk\u00f3z\u00e1s St. Johann in Salzburgban<\/h2>\n<p>A <strong>sz\u00e1nk\u00f3p\u00e1lya<\/strong> remek sz\u00f3rakoz\u00e1s kicsiknek \u00e9s nagyoknak egyar\u00e1nt, \u00e9s az Alpok egyik leghagyom\u00e1nyosabb t\u00e9li sportja. A Hahnbaum, a salzburgi St. Johann helyi hegye vonzza a l\u00e1togat\u00f3kat egy sz\u00f3rakoztat\u00f3 <a href=\"https:\/\/www.josalzburg.com\/en\/activities\/tobogganing-in-st-johann-in-salzburg.html\" target=\"_blank\" rel=\"noopener\"><strong>sz\u00e1nk\u00f3z\u00e1sra<\/strong><\/a>. A term\u00e9szetes sz\u00e1nk\u00f3p\u00e1lya <strong>kivil\u00e1g\u00edtott<\/strong> \u00e9s este is el\u00e9rhet\u0151, garant\u00e1lva a gyors lejtmenetet.<\/p>\n<p>A sz\u00e1nk\u00f3p\u00e1lya k\u00f6zvetlen\u00fcl a <strong>Hahnbaumt\u00f3l<\/strong> indul \u00e9s a v\u00e1rosk\u00f6zpontba, a Waldschwimmbadhoz vezet. A sz\u00e1nk\u00f3p\u00e1lya haszn\u00e1lata ingyenes, \u00e9jszaka r\u00e9szben kivil\u00e1g\u00edtott; <strong>sz\u00e1nk\u00f3k\u00f6lcs\u00f6nz\u00e9s<\/strong> lehets\u00e9ges a <strong>helyi sportboltokban<\/strong>, a v\u00f6lgyben. Megk\u00f6zel\u00edthet\u0151 a Hahnbaumweg-en (a Wagrainer Stra\u00dfe-r\u00f3l le\u00e1gaz\u00f3 \u00faton) \u2013 csak tapasztalt sof\u0151r\u00f6knek aj\u00e1nlott, megfelel\u0151en felszerelt j\u00e1rm\u0171vekkel! Alternat\u00edvak\u00e9nt k\u00e9r\u00e9sre a helyi taxit\u00e1rsas\u00e1gokn\u00e1l is foglalhat <strong>transzfert<\/strong>.<\/p>\n<div id=\"attachment_20420\" style=\"width: 1180px\" class=\"wp-caption alignnone\"><img decoding=\"async\" aria-describedby=\"caption-attachment-20420\" class=\"size-1170_658 wp-image-20420\" src=\"https:\/\/www.salzburgerland.com\/hu\/wp-content\/uploads\/2023\/09\/rodeln-in-st--johann-1170x658.jpg\" alt=\"Sz\u00e1nk\u00f3z\u00e1s fantasztikus kil\u00e1t\u00e1ssal St. Johann in Salzburgban\" width=\"1170\" height=\"658\" srcset=\"https:\/\/www.salzburgerland.com\/hu\/wp-content\/uploads\/2023\/09\/rodeln-in-st--johann-1170x658.jpg 1170w, https:\/\/www.salzburgerland.com\/hu\/wp-content\/uploads\/2023\/09\/rodeln-in-st--johann-1200x675.jpg 1200w\" sizes=\"(max-width: 1170px) 100vw, 1170px\"><p id=\"caption-attachment-20420\" class=\"wp-caption-text\">Sz\u00e1nk\u00f3z\u00e1s fantasztikus kil\u00e1t\u00e1ssal St. Johann in Salzburgban \u00a9 JOSalzburg<\/p><\/div>\n<p>Miel\u0151tt sz\u00e1nk\u00f3zni indul, mindenk\u00e9ppen t\u00e1j\u00e9koz\u00f3djon <strong>a sz\u00e1nk\u00f3p\u00e1lya nyitvatart\u00e1si idej\u00e9r\u0151l<\/strong> \u00e9s \u00e1llapot\u00e1r\u00f3l. Ezeket az inform\u00e1ci\u00f3kat a St. Johann in Salzburg Turisztikai Egyes\u00fcletn\u00e9l kaphatja meg a +43 641 260 36 telefonsz\u00e1mon.<\/p>\n<h2>Korcsoly\u00e1z\u00e1s a k\u00f6zpontban<\/h2>\n<p>A t\u00e9li h\u00f3napok sz\u00e1mos tev\u00e9kenys\u00e9get k\u00edn\u00e1lnak a <strong>s\u00edp\u00e1ly\u00e1kon k\u00edv\u00fcl<\/strong> is \u2013 mi\u00e9rt ne <a href=\"https:\/\/www.josalzburg.com\/en\/activities\/ice-skating-in-the-centre.html\" target=\"_blank\" rel=\"noopener\"><strong>korcsoly\u00e1zhatn\u00e1nk<\/strong><\/a> is a s\u00ed\u00fcd\u00fcl\u00e9s sor\u00e1n? Kiv\u00e1ltk\u00e9pp, hogy\u00a0 St. Johann ebben is valami k\u00fcl\u00f6nlegeset k\u00edn\u00e1l. K\u00f6zvetlen\u00fcl a v\u00e1rosk\u00f6zpontban tal\u00e1lhat\u00f3 egy <strong>m\u0171j\u00e9gp\u00e1lya<\/strong>, ahol a t\u00e9li sportok szerelmesei megfordulhatnak. A korcsoly\u00e1z\u00e1s itt id\u0151j\u00e1r\u00e1st\u00f3l f\u00fcggetlen\u00fcl t\u00e9li sport. A korcsoly\u00e1z\u00f3k ez\u00e9rt is \u00e9rt\u00e9kelik annyira a m\u0171jeget.<\/p>\n<h2>Lovassz\u00e1nnal a t\u00e9li csodaorsz\u00e1gban<\/h2>\n<p>Fedezze fel St. Johann term\u00e9szeti csod\u00e1it \u00e9s t\u00e1jait m\u00e1sk\u00e9pp, meleg takar\u00f3kba burkol\u00f3zva, egy romantikus <strong>lovaskocsik\u00e1z\u00e1s<\/strong> sor\u00e1n, egy forr\u00f3 ital mellett. M\u00e1r \u00f6nmag\u00e1ban a kecses, pomp\u00e1san <strong>feld\u00edsz\u00edtett h\u00e1mos lovak<\/strong> l\u00e1tv\u00e1nya is egyed\u00fcl\u00e1ll\u00f3 \u00e9s felejthetetlen. Az \u00fatvonalak f\u0151k\u00e9nt a forgalmas utakon \u00e9s \u00f6sv\u00e9nyeken k\u00edv\u00fcl vezetnek. Az egyes kocsik\u00e1z\u00e1sokkal kapcsolatos tov\u00e1bbi inform\u00e1ci\u00f3k\u00e9rt k\u00e9rj\u00fck, forduljon k\u00f6zvetlen\u00fcl a <a href=\"https:\/\/www.josalzburg.com\/en\/activities\/horse-drawn-sleigh-rides-on-your-winter-holiday.html\" target=\"_blank\" rel=\"noopener\"><strong>szolg\u00e1ltat\u00f3hoz<\/strong><\/a>.<\/p>\n<div id=\"attachment_20422\" style=\"width: 810px\" class=\"wp-caption alignnone\"><img decoding=\"async\" aria-describedby=\"caption-attachment-20422\" class=\"size-large wp-image-20422\" src=\"https:\/\/www.salzburgerland.com\/hu\/wp-content\/uploads\/2023\/09\/pferdeschlittenfahrt-berger-harreit.jpeg\" alt=\"A t\u00e9li csodaorsz\u00e1g felfedez\u00e9se lovassz\u00e1nnal \" width=\"800\" height=\"500\" srcset=\"https:\/\/www.salzburgerland.com\/hu\/wp-content\/uploads\/2023\/09\/pferdeschlittenfahrt-berger-harreit.jpeg 800w, https:\/\/www.salzburgerland.com\/hu\/wp-content\/uploads\/2023\/09\/pferdeschlittenfahrt-berger-harreit-768x480.jpeg 768w\" sizes=\"(max-width: 800px) 100vw, 800px\"><p id=\"caption-attachment-20422\" class=\"wp-caption-text\">A t\u00e9li csodaorsz\u00e1g felfedez\u00e9se lovassz\u00e1nnal \u00a9 JOSalzburg<\/p><\/div>\n","protected":false},"excerpt":{"rendered":"<p>S\u00edt\u00far\u00e1z\u00e1s A Salzburgi tartom\u00e1ny sz\u00edv\u00e9ben fekv\u0151 St. Johann in Salzburg ide\u00e1lis kiindul\u00f3pontja a kisebb \u00e9s nagyobb s\u00edt\u00far\u00e1knak. Legyen sz\u00f3 a k\u00f6zeli v\u00f6lgyekr\u0151l, mint p\u00e9ld\u00e1ul a Gro\u00dfarltal vagy Kleinarltal v\u00f6lgyek, vagy a Tennengebirge l\u00e1b\u00e1n\u00e1l, vagy ak\u00e1r a Hochk\u00f6nig-hegys\u00e9gben. Ha nyugalomra \u00e9s csendre v\u00e1gyik a term\u00e9szetben, akkor mindenk\u00e9ppen \u00e9rdemes r\u00e9szt vennie egy s\u00edt\u00far\u00e1n. Ez egy k\u00e9nyelmes m\u00f3dja [&hellip;]<\/p>\n","protected":false},"author":21,"featured_media":20370,"comment_status":"closed","ping_status":"closed","sticky":false,"template":"","format":"standard","meta":{"_acf_changed":false,"wl_entities_gutenberg":"","_relevanssi_hide_post":"","_relevanssi_hide_content":"","_relevanssi_pin_for_all":"","_relevanssi_pin_keywords":"","_relevanssi_unpin_keywords":"","_relevanssi_related_keywords":"","_relevanssi_related_include_ids":"","_relevanssi_related_exclude_ids":"","_relevanssi_related_no_append":"","_relevanssi_related_not_related":"","_relevanssi_related_posts":"","_relevanssi_noindex_reason":"","footnotes":""},"categories":[1],"tags":[257,635,256,636],"wl_entity_type":[27],"class_list":["post-20417","post","type-post","status-publish","format-standard","has-post-thumbnail","hentry","category-uncategorized","tag-situra","tag-st-johann-in-salzburg","tag-szankozas","tag-teli-tura","wl_entity_type-article"],"acf":[],"yoast_head":"<!-- This site is optimized with the Yoast SEO Premium plugin v27.4 (Yoast SEO v27.4) - https:\/\/yoast.com\/product\/yoast-seo-premium-wordpress\/ -->\n<title>St. Johann in Salzburg a s\u00edp\u00e1ly\u00e1kon t\u00fal \u00bb SalzburgerLand.com<\/title>\n<meta name=\"description\" content=\"St. Johann in Salzburg a s\u00edp\u00e1ly\u00e1kon t\u00fal is rengeteg felfedeznival\u00f3t k\u00edn\u00e1l. Itt tal\u00e1l egy \u00e1ttekint\u00e9st arr\u00f3l, hogy mit is k\u00edn\u00e1l St. Johann.\" \/>\n<meta name=\"robots\" content=\"index, follow, max-snippet:-1, max-image-preview:large, max-video-preview:-1\" \/>\n<link rel=\"canonical\" href=\"https:\/\/www.salzburgerland.com\/hu\/st-johann-in-salzburg-a-sipalyakon-tul\/\" \/>\n<meta property=\"og:locale\" content=\"hu_HU\" \/>\n<meta property=\"og:type\" content=\"article\" \/>\n<meta property=\"og:title\" content=\"St. Johann in Salzburg a s\u00edp\u00e1ly\u00e1kon t\u00fal\" \/>\n<meta property=\"og:description\" content=\"S\u00edt\u00far\u00e1z\u00e1s A Salzburgi tartom\u00e1ny sz\u00edv\u00e9ben fekv\u0151 St. Johann in Salzburg ide\u00e1lis kiindul\u00f3pontja a kisebb \u00e9s nagyobb s\u00edt\u00far\u00e1knak. Legyen sz\u00f3 a k\u00f6zeli\" \/>\n<meta property=\"og:url\" content=\"https:\/\/www.salzburgerland.com\/hu\/st-johann-in-salzburg-a-sipalyakon-tul\/\" \/>\n<meta property=\"og:site_name\" content=\"SalzburgerLand.com\" \/>\n<meta property=\"article:publisher\" content=\"https:\/\/www.facebook.com\/visitsalzburgerland\/\" \/>\n<meta property=\"article:published_time\" content=\"2023-09-27T21:21:48+00:00\" \/>\n<meta property=\"article:modified_time\" content=\"2025-10-16T11:15:44+00:00\" \/>\n<meta property=\"og:image\" content=\"https:\/\/www.salzburgerland.com\/hu\/wp-content\/uploads\/2023\/09\/skitour-alternativ-winter-ski-winter-c-artofsight-1200x675.jpg\" \/>\n\t<meta property=\"og:image:width\" content=\"1200\" \/>\n\t<meta property=\"og:image:height\" content=\"675\" \/>\n\t<meta property=\"og:image:type\" content=\"image\/jpeg\" \/>\n<meta name=\"author\" content=\"Hajnalka K\u00e1di\" \/>\n<meta name=\"twitter:card\" content=\"summary_large_image\" \/>\n<meta name=\"twitter:creator\" content=\"@salzburgerland\" \/>\n<meta name=\"twitter:site\" content=\"@salzburgerland\" \/>\n<meta name=\"twitter:label1\" content=\"Szerz\u0151:\" \/>\n\t<meta name=\"twitter:data1\" content=\"Hajnalka K\u00e1di\" \/>\n\t<meta name=\"twitter:label2\" content=\"Becs\u00fclt olvas\u00e1si id\u0151\" \/>\n\t<meta name=\"twitter:data2\" content=\"6 perc\" \/>\n<script type=\"application\/ld+json\" class=\"yoast-schema-graph\">{\"@context\":\"https:\\\/\\\/schema.org\",\"@graph\":[{\"@type\":\"Article\",\"@id\":\"https:\\\/\\\/www.salzburgerland.com\\\/hu\\\/st-johann-in-salzburg-a-sipalyakon-tul\\\/#article\",\"isPartOf\":{\"@id\":\"https:\\\/\\\/www.salzburgerland.com\\\/hu\\\/st-johann-in-salzburg-a-sipalyakon-tul\\\/\"},\"author\":{\"name\":\"Hajnalka K\u00e1di\",\"@id\":\"https:\\\/\\\/www.salzburgerland.com\\\/hu\\\/#\\\/schema\\\/person\\\/e4905df070d9b3c52e1e4c730b26aa5a\"},\"headline\":\"St. Johann in Salzburg a s\u00edp\u00e1ly\u00e1kon t\u00fal\",\"datePublished\":\"2023-09-27T21:21:48+00:00\",\"dateModified\":\"2025-10-16T11:15:44+00:00\",\"mainEntityOfPage\":{\"@id\":\"https:\\\/\\\/www.salzburgerland.com\\\/hu\\\/st-johann-in-salzburg-a-sipalyakon-tul\\\/\"},\"wordCount\":1054,\"image\":{\"@id\":\"https:\\\/\\\/www.salzburgerland.com\\\/hu\\\/st-johann-in-salzburg-a-sipalyakon-tul\\\/#primaryimage\"},\"thumbnailUrl\":\"https:\\\/\\\/www.salzburgerland.com\\\/hu\\\/wp-content\\\/uploads\\\/2023\\\/09\\\/skitour-alternativ-winter-ski-winter-c-artofsight.jpg\",\"keywords\":[\"s\u00edt\u00fara\",\"St. Johann in Salzburg\",\"sz\u00e1nk\u00f3z\u00e1s\",\"t\u00e9li t\u00fara\"],\"articleSection\":[\"Uncategorized\"],\"inLanguage\":\"hu\"},{\"@type\":\"WebPage\",\"@id\":\"https:\\\/\\\/www.salzburgerland.com\\\/hu\\\/st-johann-in-salzburg-a-sipalyakon-tul\\\/\",\"url\":\"https:\\\/\\\/www.salzburgerland.com\\\/hu\\\/st-johann-in-salzburg-a-sipalyakon-tul\\\/\",\"name\":\"St. Johann in Salzburg a s\u00edp\u00e1ly\u00e1kon t\u00fal \u00bb SalzburgerLand.com\",\"isPartOf\":{\"@id\":\"https:\\\/\\\/www.salzburgerland.com\\\/hu\\\/#website\"},\"primaryImageOfPage\":{\"@id\":\"https:\\\/\\\/www.salzburgerland.com\\\/hu\\\/st-johann-in-salzburg-a-sipalyakon-tul\\\/#primaryimage\"},\"image\":{\"@id\":\"https:\\\/\\\/www.salzburgerland.com\\\/hu\\\/st-johann-in-salzburg-a-sipalyakon-tul\\\/#primaryimage\"},\"thumbnailUrl\":\"https:\\\/\\\/www.salzburgerland.com\\\/hu\\\/wp-content\\\/uploads\\\/2023\\\/09\\\/skitour-alternativ-winter-ski-winter-c-artofsight.jpg\",\"datePublished\":\"2023-09-27T21:21:48+00:00\",\"dateModified\":\"2025-10-16T11:15:44+00:00\",\"author\":{\"@id\":\"https:\\\/\\\/www.salzburgerland.com\\\/hu\\\/#\\\/schema\\\/person\\\/e4905df070d9b3c52e1e4c730b26aa5a\"},\"description\":\"St. Johann in Salzburg a s\u00edp\u00e1ly\u00e1kon t\u00fal is rengeteg felfedeznival\u00f3t k\u00edn\u00e1l. Itt tal\u00e1l egy \u00e1ttekint\u00e9st arr\u00f3l, hogy mit is k\u00edn\u00e1l St. Johann.\",\"breadcrumb\":{\"@id\":\"https:\\\/\\\/www.salzburgerland.com\\\/hu\\\/st-johann-in-salzburg-a-sipalyakon-tul\\\/#breadcrumb\"},\"inLanguage\":\"hu\",\"potentialAction\":[{\"@type\":\"ReadAction\",\"target\":[\"https:\\\/\\\/www.salzburgerland.com\\\/hu\\\/st-johann-in-salzburg-a-sipalyakon-tul\\\/\"]}]},{\"@type\":\"ImageObject\",\"inLanguage\":\"hu\",\"@id\":\"https:\\\/\\\/www.salzburgerland.com\\\/hu\\\/st-johann-in-salzburg-a-sipalyakon-tul\\\/#primaryimage\",\"url\":\"https:\\\/\\\/www.salzburgerland.com\\\/hu\\\/wp-content\\\/uploads\\\/2023\\\/09\\\/skitour-alternativ-winter-ski-winter-c-artofsight.jpg\",\"contentUrl\":\"https:\\\/\\\/www.salzburgerland.com\\\/hu\\\/wp-content\\\/uploads\\\/2023\\\/09\\\/skitour-alternativ-winter-ski-winter-c-artofsight.jpg\",\"width\":1920,\"height\":1280,\"caption\":\"Alternat\u00edvak\u00e9nt s\u00edt\u00far\u00e1zhatunk is Johann in Salzburgban \u00a9 JOSalzburg, artofsight\"},{\"@type\":\"BreadcrumbList\",\"@id\":\"https:\\\/\\\/www.salzburgerland.com\\\/hu\\\/st-johann-in-salzburg-a-sipalyakon-tul\\\/#breadcrumb\",\"itemListElement\":[{\"@type\":\"ListItem\",\"position\":1,\"name\":\"St. Johann in Salzburg - t\u00e9l\",\"item\":\"https:\\\/\\\/www.salzburgerland.com\\\/hu\\\/st-johann-in-salzburg-tel\\\/\"},{\"@type\":\"ListItem\",\"position\":2,\"name\":\"St. Johann in Salzburg a s\u00edp\u00e1ly\u00e1kon t\u00fal\"}]},{\"@type\":\"WebSite\",\"@id\":\"https:\\\/\\\/www.salzburgerland.com\\\/hu\\\/#website\",\"url\":\"https:\\\/\\\/www.salzburgerland.com\\\/hu\\\/\",\"name\":\"SalzburgerLand.com\",\"description\":\"\u00dcd\u00fcl\u00e9s Ausztri\u00e1ban, Salzburg tartom\u00e1nyban\",\"potentialAction\":[{\"@type\":\"SearchAction\",\"target\":{\"@type\":\"EntryPoint\",\"urlTemplate\":\"https:\\\/\\\/www.salzburgerland.com\\\/hu\\\/?s={search_term_string}\"},\"query-input\":{\"@type\":\"PropertyValueSpecification\",\"valueRequired\":true,\"valueName\":\"search_term_string\"}}],\"inLanguage\":\"hu\"},{\"@type\":\"Person\",\"@id\":\"https:\\\/\\\/www.salzburgerland.com\\\/hu\\\/#\\\/schema\\\/person\\\/e4905df070d9b3c52e1e4c730b26aa5a\",\"name\":\"Hajnalka K\u00e1di\",\"image\":{\"@type\":\"ImageObject\",\"inLanguage\":\"hu\",\"@id\":\"https:\\\/\\\/secure.gravatar.com\\\/avatar\\\/e8c1eecf3b2c49d295cebc6aba0de06d13ec77aa0cf9ccec32725949011b69d2?s=96&d=mm&r=g\",\"url\":\"https:\\\/\\\/secure.gravatar.com\\\/avatar\\\/e8c1eecf3b2c49d295cebc6aba0de06d13ec77aa0cf9ccec32725949011b69d2?s=96&d=mm&r=g\",\"contentUrl\":\"https:\\\/\\\/secure.gravatar.com\\\/avatar\\\/e8c1eecf3b2c49d295cebc6aba0de06d13ec77aa0cf9ccec32725949011b69d2?s=96&d=mm&r=g\",\"caption\":\"Hajnalka K\u00e1di\"}}]}<\/script>\n<meta property=\"og:video\" content=\"https:\/\/www.youtube.com\/embed\/G8myAfi46ZY\" \/>\n<meta property=\"og:video:type\" content=\"text\/html\" \/>\n<meta property=\"og:video:duration\" content=\"32\" \/>\n<meta property=\"og:video:width\" content=\"480\" \/>\n<meta property=\"og:video:height\" content=\"270\" \/>\n<meta property=\"ya:ovs:adult\" content=\"false\" \/>\n<meta property=\"ya:ovs:upload_date\" content=\"2023-09-27T21:21:48+00:00\" \/>\n<meta property=\"ya:ovs:allow_embed\" content=\"true\" \/>\n<!-- \/ Yoast SEO Premium plugin. -->","yoast_head_json":{"title":"St. Johann in Salzburg a s\u00edp\u00e1ly\u00e1kon t\u00fal \u00bb SalzburgerLand.com","description":"St. Johann in Salzburg a s\u00edp\u00e1ly\u00e1kon t\u00fal is rengeteg felfedeznival\u00f3t k\u00edn\u00e1l. Itt tal\u00e1l egy \u00e1ttekint\u00e9st arr\u00f3l, hogy mit is k\u00edn\u00e1l St. Johann.","robots":{"index":"index","follow":"follow","max-snippet":"max-snippet:-1","max-image-preview":"max-image-preview:large","max-video-preview":"max-video-preview:-1"},"canonical":"https:\/\/www.salzburgerland.com\/hu\/st-johann-in-salzburg-a-sipalyakon-tul\/","og_locale":"hu_HU","og_type":"article","og_title":"St. Johann in Salzburg a s\u00edp\u00e1ly\u00e1kon t\u00fal","og_description":"S\u00edt\u00far\u00e1z\u00e1s A Salzburgi tartom\u00e1ny sz\u00edv\u00e9ben fekv\u0151 St. Johann in Salzburg ide\u00e1lis kiindul\u00f3pontja a kisebb \u00e9s nagyobb s\u00edt\u00far\u00e1knak. Legyen sz\u00f3 a k\u00f6zeli","og_url":"https:\/\/www.salzburgerland.com\/hu\/st-johann-in-salzburg-a-sipalyakon-tul\/","og_site_name":"SalzburgerLand.com","article_publisher":"https:\/\/www.facebook.com\/visitsalzburgerland\/","article_published_time":"2023-09-27T21:21:48+00:00","article_modified_time":"2025-10-16T11:15:44+00:00","og_image":[{"width":1200,"height":675,"url":"https:\/\/www.salzburgerland.com\/hu\/wp-content\/uploads\/2023\/09\/skitour-alternativ-winter-ski-winter-c-artofsight-1200x675.jpg","type":"image\/jpeg"}],"author":"Hajnalka K\u00e1di","twitter_card":"summary_large_image","twitter_creator":"@salzburgerland","twitter_site":"@salzburgerland","twitter_misc":{"Szerz\u0151:":"Hajnalka K\u00e1di","Becs\u00fclt olvas\u00e1si id\u0151":"6 perc"},"schema":{"@context":"https:\/\/schema.org","@graph":[{"@type":"Article","@id":"https:\/\/www.salzburgerland.com\/hu\/st-johann-in-salzburg-a-sipalyakon-tul\/#article","isPartOf":{"@id":"https:\/\/www.salzburgerland.com\/hu\/st-johann-in-salzburg-a-sipalyakon-tul\/"},"author":{"name":"Hajnalka K\u00e1di","@id":"https:\/\/www.salzburgerland.com\/hu\/#\/schema\/person\/e4905df070d9b3c52e1e4c730b26aa5a"},"headline":"St. Johann in Salzburg a s\u00edp\u00e1ly\u00e1kon t\u00fal","datePublished":"2023-09-27T21:21:48+00:00","dateModified":"2025-10-16T11:15:44+00:00","mainEntityOfPage":{"@id":"https:\/\/www.salzburgerland.com\/hu\/st-johann-in-salzburg-a-sipalyakon-tul\/"},"wordCount":1054,"image":{"@id":"https:\/\/www.salzburgerland.com\/hu\/st-johann-in-salzburg-a-sipalyakon-tul\/#primaryimage"},"thumbnailUrl":"https:\/\/www.salzburgerland.com\/hu\/wp-content\/uploads\/2023\/09\/skitour-alternativ-winter-ski-winter-c-artofsight.jpg","keywords":["s\u00edt\u00fara","St. Johann in Salzburg","sz\u00e1nk\u00f3z\u00e1s","t\u00e9li t\u00fara"],"articleSection":["Uncategorized"],"inLanguage":"hu"},{"@type":"WebPage","@id":"https:\/\/www.salzburgerland.com\/hu\/st-johann-in-salzburg-a-sipalyakon-tul\/","url":"https:\/\/www.salzburgerland.com\/hu\/st-johann-in-salzburg-a-sipalyakon-tul\/","name":"St. Johann in Salzburg a s\u00edp\u00e1ly\u00e1kon t\u00fal \u00bb SalzburgerLand.com","isPartOf":{"@id":"https:\/\/www.salzburgerland.com\/hu\/#website"},"primaryImageOfPage":{"@id":"https:\/\/www.salzburgerland.com\/hu\/st-johann-in-salzburg-a-sipalyakon-tul\/#primaryimage"},"image":{"@id":"https:\/\/www.salzburgerland.com\/hu\/st-johann-in-salzburg-a-sipalyakon-tul\/#primaryimage"},"thumbnailUrl":"https:\/\/www.salzburgerland.com\/hu\/wp-content\/uploads\/2023\/09\/skitour-alternativ-winter-ski-winter-c-artofsight.jpg","datePublished":"2023-09-27T21:21:48+00:00","dateModified":"2025-10-16T11:15:44+00:00","author":{"@id":"https:\/\/www.salzburgerland.com\/hu\/#\/schema\/person\/e4905df070d9b3c52e1e4c730b26aa5a"},"description":"St. Johann in Salzburg a s\u00edp\u00e1ly\u00e1kon t\u00fal is rengeteg felfedeznival\u00f3t k\u00edn\u00e1l. Itt tal\u00e1l egy \u00e1ttekint\u00e9st arr\u00f3l, hogy mit is k\u00edn\u00e1l St. Johann.","breadcrumb":{"@id":"https:\/\/www.salzburgerland.com\/hu\/st-johann-in-salzburg-a-sipalyakon-tul\/#breadcrumb"},"inLanguage":"hu","potentialAction":[{"@type":"ReadAction","target":["https:\/\/www.salzburgerland.com\/hu\/st-johann-in-salzburg-a-sipalyakon-tul\/"]}]},{"@type":"ImageObject","inLanguage":"hu","@id":"https:\/\/www.salzburgerland.com\/hu\/st-johann-in-salzburg-a-sipalyakon-tul\/#primaryimage","url":"https:\/\/www.salzburgerland.com\/hu\/wp-content\/uploads\/2023\/09\/skitour-alternativ-winter-ski-winter-c-artofsight.jpg","contentUrl":"https:\/\/www.salzburgerland.com\/hu\/wp-content\/uploads\/2023\/09\/skitour-alternativ-winter-ski-winter-c-artofsight.jpg","width":1920,"height":1280,"caption":"Alternat\u00edvak\u00e9nt s\u00edt\u00far\u00e1zhatunk is Johann in Salzburgban \u00a9 JOSalzburg, artofsight"},{"@type":"BreadcrumbList","@id":"https:\/\/www.salzburgerland.com\/hu\/st-johann-in-salzburg-a-sipalyakon-tul\/#breadcrumb","itemListElement":[{"@type":"ListItem","position":1,"name":"St. Johann in Salzburg - t\u00e9l","item":"https:\/\/www.salzburgerland.com\/hu\/st-johann-in-salzburg-tel\/"},{"@type":"ListItem","position":2,"name":"St. Johann in Salzburg a s\u00edp\u00e1ly\u00e1kon t\u00fal"}]},{"@type":"WebSite","@id":"https:\/\/www.salzburgerland.com\/hu\/#website","url":"https:\/\/www.salzburgerland.com\/hu\/","name":"SalzburgerLand.com","description":"\u00dcd\u00fcl\u00e9s Ausztri\u00e1ban, Salzburg tartom\u00e1nyban","potentialAction":[{"@type":"SearchAction","target":{"@type":"EntryPoint","urlTemplate":"https:\/\/www.salzburgerland.com\/hu\/?s={search_term_string}"},"query-input":{"@type":"PropertyValueSpecification","valueRequired":true,"valueName":"search_term_string"}}],"inLanguage":"hu"},{"@type":"Person","@id":"https:\/\/www.salzburgerland.com\/hu\/#\/schema\/person\/e4905df070d9b3c52e1e4c730b26aa5a","name":"Hajnalka K\u00e1di","image":{"@type":"ImageObject","inLanguage":"hu","@id":"https:\/\/secure.gravatar.com\/avatar\/e8c1eecf3b2c49d295cebc6aba0de06d13ec77aa0cf9ccec32725949011b69d2?s=96&d=mm&r=g","url":"https:\/\/secure.gravatar.com\/avatar\/e8c1eecf3b2c49d295cebc6aba0de06d13ec77aa0cf9ccec32725949011b69d2?s=96&d=mm&r=g","contentUrl":"https:\/\/secure.gravatar.com\/avatar\/e8c1eecf3b2c49d295cebc6aba0de06d13ec77aa0cf9ccec32725949011b69d2?s=96&d=mm&r=g","caption":"Hajnalka K\u00e1di"}}]},"og_video":"https:\/\/www.youtube.com\/embed\/G8myAfi46ZY","og_video_type":"text\/html","og_video_duration":"32","og_video_width":"480","og_video_height":"270","ya_ovs_adult":"false","ya_ovs_upload_date":"2023-09-27T21:21:48+00:00","ya_ovs_allow_embed":"true"},"_wl_alt_label":[],"wl:entity_url":"http:\/\/open.salzburgerland.com\/hu\/post\/st-johann-in-salzburg-a-sipalyakon-tul-20417","_links":{"self":[{"href":"https:\/\/www.salzburgerland.com\/hu\/wp-json\/wp\/v2\/posts\/20417","targetHints":{"allow":["GET"]}}],"collection":[{"href":"https:\/\/www.salzburgerland.com\/hu\/wp-json\/wp\/v2\/posts"}],"about":[{"href":"https:\/\/www.salzburgerland.com\/hu\/wp-json\/wp\/v2\/types\/post"}],"author":[{"embeddable":true,"href":"https:\/\/www.salzburgerland.com\/hu\/wp-json\/wp\/v2\/users\/21"}],"replies":[{"embeddable":true,"href":"https:\/\/www.salzburgerland.com\/hu\/wp-json\/wp\/v2\/comments?post=20417"}],"version-history":[{"count":6,"href":"https:\/\/www.salzburgerland.com\/hu\/wp-json\/wp\/v2\/posts\/20417\/revisions"}],"predecessor-version":[{"id":23831,"href":"https:\/\/www.salzburgerland.com\/hu\/wp-json\/wp\/v2\/posts\/20417\/revisions\/23831"}],"wp:featuredmedia":[{"embeddable":true,"href":"https:\/\/www.salzburgerland.com\/hu\/wp-json\/wp\/v2\/media\/20370"}],"wp:attachment":[{"href":"https:\/\/www.salzburgerland.com\/hu\/wp-json\/wp\/v2\/media?parent=20417"}],"wp:term":[{"taxonomy":"category","embeddable":true,"href":"https:\/\/www.salzburgerland.com\/hu\/wp-json\/wp\/v2\/categories?post=20417"},{"taxonomy":"post_tag","embeddable":true,"href":"https:\/\/www.salzburgerland.com\/hu\/wp-json\/wp\/v2\/tags?post=20417"},{"taxonomy":"wl_entity_type","embeddable":true,"href":"https:\/\/www.salzburgerland.com\/hu\/wp-json\/wp\/v2\/wl_entity_type?post=20417"}],"curies":[{"name":"wp","href":"https:\/\/api.w.org\/{rel}","templated":true}]}}