{"id":20020,"date":"2023-08-29T22:23:45","date_gmt":"2023-08-29T20:23:45","guid":{"rendered":"https:\/\/www.salzburgerland.com\/hu\/?p=20020"},"modified":"2024-09-16T20:40:53","modified_gmt":"2024-09-16T18:40:53","slug":"teli-oromok-a-fenntarthatosag-jegyeben","status":"publish","type":"post","link":"https:\/\/www.salzburgerland.com\/hu\/teli-oromok-a-fenntarthatosag-jegyeben\/","title":{"rendered":"T\u00e9li \u00f6r\u00f6m\u00f6k a fenntarthat\u00f3s\u00e1g jegy\u00e9ben"},"content":{"rendered":"<h4>Az \u00e9rkez\u00e9st\u0151l a transzfer szolg\u00e1ltat\u00e1sig<\/h4>\n<p>A term\u00e9szeti er\u0151forr\u00e1sok meg\u0151rz\u00e9s\u00e9nek k\u00e9rd\u00e9se m\u00e1r az <strong>utaz\u00e1ssal<\/strong> kezd\u0151dik. A sz\u00e1mos <strong>vonz\u00f3 vas\u00fati aj\u00e1nlatnak<\/strong> k\u00f6sz\u00f6nhet\u0151en m\u00e1r otthonr\u00f3l indulva egy pihentet\u0151 vonatoz\u00e1ssal kezdhetj\u00fck a t\u00e9li vak\u00e1ci\u00f3t. Az osztr\u00e1k nemzeti vas\u00fat, az \u00d6BB sz\u00e1mos k\u00e9nyelmes \u00f6sszek\u00f6ttet\u00e9st k\u00edn\u00e1l B\u00e9csb\u0151l indulva, \u00e9s Budapestr\u0151l a Railjet-tel 6 \u00f3r\u00e1n bel\u00fcl meg\u00e9rkezhet\u00fcnk Salzburgba. A legt\u00f6bb sz\u00e1lloda pedig gondoskodik a <strong>transzferr\u0151l<\/strong> az \u00e1llom\u00e1sr\u00f3l az \u00fcd\u00fcl\u0151helyre. Oda\u00e9rve a hat\u00e9kony <strong>s\u00edbuszoknak<\/strong> k\u00f6sz\u00f6nhet\u0151en <strong>saj\u00e1t aut\u00f3 n\u00e9lk\u00fcl<\/strong> is k\u00f6nnyed\u00e9n boldogulhatunk. A s\u00edbuszok szinte minden sz\u00e1lloda bej\u00e1rat\u00e1n\u00e1l meg\u00e1llnak, \u00edgy mindenki kiveheti a r\u00e9sz\u00e9t a CO2-kibocs\u00e1t\u00e1s cs\u00f6kkent\u00e9s\u00e9b\u0151l.<\/p>\n<h4>K\u00f6rnyezetbar\u00e1t hotelek<\/h4>\n<p>A fenntarthat\u00f3s\u00e1g azonban nem csak az utaz\u00e1s sor\u00e1n \u00e9rv\u00e9nyes\u00fcl. Salzburg v\u00e1ros\u00e1ban \u00e9s az eg\u00e9sz tartom\u00e1ny\u00e1ban sz\u00e1mos sz\u00e1lloda elnyerte az osztr\u00e1k \u00f6koc\u00edmk\u00e9t. Egy\u00e9rtelm\u0171, hogy a <a href=\"https:\/\/www.salzburgerland.com\/de\/bioparadies\/\" target=\"_blank\" rel=\"noopener\"><strong>BioParadies<\/strong><\/a> vend\u00e9gl\u00e1t\u00f3i sz\u00e1m\u00e1ra a Salzburg tartom\u00e1nyban a <strong>bio<\/strong> \u00e9s a <strong>fenntarthat\u00f3s\u00e1g<\/strong> t\u00f6bb, mint divatos szavak.<\/p>\n<div id=\"attachment_20022\" style=\"width: 1034px\" class=\"wp-caption alignnone\"><img decoding=\"async\" aria-describedby=\"caption-attachment-20022\" class=\"size-large wp-image-20022\" src=\"https:\/\/cdn.salzburgerland.com\/hu\/wp-content\/uploads\/2023\/08\/nachhaltigkeit_winter_grafik-1024x569-1.jpeg\" alt=\"S\u00edel\u00e9s tiszta lelkiismerettel \" width=\"1024\" height=\"569\" srcset=\"https:\/\/www.salzburgerland.com\/hu\/wp-content\/uploads\/2023\/08\/nachhaltigkeit_winter_grafik-1024x569-1.jpeg 1024w, https:\/\/www.salzburgerland.com\/hu\/wp-content\/uploads\/2023\/08\/nachhaltigkeit_winter_grafik-1024x569-1-370x206.jpeg 370w, https:\/\/www.salzburgerland.com\/hu\/wp-content\/uploads\/2023\/08\/nachhaltigkeit_winter_grafik-1024x569-1-768x427.jpeg 768w, https:\/\/www.salzburgerland.com\/hu\/wp-content\/uploads\/2023\/08\/nachhaltigkeit_winter_grafik-1024x569-1-270x150.jpeg 270w, https:\/\/www.salzburgerland.com\/hu\/wp-content\/uploads\/2023\/08\/nachhaltigkeit_winter_grafik-1024x569-1-540x300.jpeg 540w\" sizes=\"(max-width: 1024px) 100vw, 1024px\"><p id=\"caption-attachment-20022\" class=\"wp-caption-text\">S\u00edel\u00e9s tiszta lelkiismerettel \u00a9 SalzburgerLand Tourismus<\/p><\/div>\n<h4>Fenntarthat\u00f3bban a s\u00edp\u00e1ly\u00e1kon<\/h4>\n<p>Sokak sz\u00e1m\u00e1ra elk\u00e9pzelhetetlen a t\u00e9li \u00fcd\u00fcl\u00e9s <strong>s\u00edel\u00e9s<\/strong> n\u00e9lk\u00fcl. De itt Salzburg tartom\u00e1nyban nyugodt lehet a lelkiismerete. A <strong>felvon\u00f3k<\/strong> \u00fczemeltet\u0151i \u00fatt\u00f6r\u0151k a <strong>kl\u00edmav\u00e9delem<\/strong> \u00e9s az <strong>energiahat\u00e9konys\u00e1g<\/strong> ter\u00e9n. A Zell am See-Kaprunban tal\u00e1lhat\u00f3 Schmittenh\u00f6he \u00e9s a Rauriser Hochalmbahn p\u00e9ld\u00e1ul \u00e9lenj\u00e1r\u00f3nak sz\u00e1m\u00edt az \u00f6koturizmusban. A felvon\u00f3k 100%-ban saj\u00e1t <strong>v\u00edzer\u0151m\u0171veikb\u0151l<\/strong> sz\u00e1rmaz\u00f3 villamos energi\u00e1val m\u0171k\u00f6dnek!<\/p>\n<p>Mindemellett ma m\u00e1r nem kell a mesters\u00e9ges h\u00f3 miatt sem agg\u00f3dni Salzburg tartom\u00e1nyban. A legmodernebb technol\u00f3gi\u00e1nak k\u00f6sz\u00f6nhet\u0151en, amely term\u00e9szetesen nem haszn\u00e1l vegyszereket, \u00e9s a hegyekben tal\u00e1lhat\u00f3 v\u00edzt\u00e1roz\u00f3knak k\u00f6sz\u00f6nhet\u0151en a h\u00f3 olvad\u00e9kv\u00edzk\u00e9nt t\u00e9r vissza a term\u00e9szetbe.<\/p>\n<h4>Biztons\u00e1g<\/h4>\n<p>A t\u00e9li Alpok felfedez\u00e9s\u00e9hez \u00e9rdemes felk\u00e9sz\u00fclnie <a href=\"https:\/\/www.salzburgerland.com\/hu\/biztonsagi-eloirasok-az-alpokban-tel\/\"><strong>biztons\u00e1gi tan\u00e1csainkb\u00f3l<\/strong><\/a>!<\/p>\n","protected":false},"excerpt":{"rendered":"<p>Az \u00e9rkez\u00e9st\u0151l a transzfer szolg\u00e1ltat\u00e1sig A term\u00e9szeti er\u0151forr\u00e1sok meg\u0151rz\u00e9s\u00e9nek k\u00e9rd\u00e9se m\u00e1r az utaz\u00e1ssal kezd\u0151dik. A sz\u00e1mos vonz\u00f3 vas\u00fati aj\u00e1nlatnak k\u00f6sz\u00f6nhet\u0151en m\u00e1r otthonr\u00f3l indulva egy pihentet\u0151 vonatoz\u00e1ssal kezdhetj\u00fck a t\u00e9li vak\u00e1ci\u00f3t. Az osztr\u00e1k nemzeti vas\u00fat, az \u00d6BB sz\u00e1mos k\u00e9nyelmes \u00f6sszek\u00f6ttet\u00e9st k\u00edn\u00e1l B\u00e9csb\u0151l indulva, \u00e9s Budapestr\u0151l a Railjet-tel 6 \u00f3r\u00e1n bel\u00fcl meg\u00e9rkezhet\u00fcnk Salzburgba. A legt\u00f6bb sz\u00e1lloda pedig [&hellip;]<\/p>\n","protected":false},"author":21,"featured_media":14460,"comment_status":"closed","ping_status":"closed","sticky":false,"template":"","format":"standard","meta":{"_acf_changed":false,"wl_entities_gutenberg":"","_relevanssi_hide_post":"","_relevanssi_hide_content":"","_relevanssi_pin_for_all":"","_relevanssi_pin_keywords":"","_relevanssi_unpin_keywords":"","_relevanssi_related_keywords":"","_relevanssi_related_include_ids":"","_relevanssi_related_exclude_ids":"","_relevanssi_related_no_append":"","_relevanssi_related_not_related":"","_relevanssi_related_posts":"","_relevanssi_noindex_reason":"","footnotes":""},"categories":[1],"tags":[626,627,628],"wl_entity_type":[27],"class_list":["post-20020","post","type-post","status-publish","format-standard","has-post-thumbnail","hentry","category-uncategorized","tag-fenntarthatosag","tag-klimavedelem","tag-kornyezettudatos-teli-udules","wl_entity_type-article"],"acf":[],"yoast_head":"<!-- This site is optimized with the Yoast SEO Premium plugin v27.4 (Yoast SEO v27.4) - https:\/\/yoast.com\/product\/yoast-seo-premium-wordpress\/ -->\n<title>T\u00e9li \u00f6r\u00f6m\u00f6k a fenntarthat\u00f3s\u00e1g jegy\u00e9ben \u00bb SalzburgerLand.com<\/title>\n<meta name=\"description\" content=\"%%cf_teasertext%% A term\u00e9szetv\u00e9delem, a kl\u00edmasemlegess\u00e9g \u00e9s a fenntarthat\u00f3s\u00e1g a Salzburg tartom\u00e1nyban a legmagasabb priorit\u00e1st \u00e9lvezik.\" \/>\n<meta name=\"robots\" content=\"index, follow, max-snippet:-1, max-image-preview:large, max-video-preview:-1\" \/>\n<link rel=\"canonical\" href=\"https:\/\/www.salzburgerland.com\/hu\/teli-oromok-a-fenntarthatosag-jegyeben\/\" \/>\n<meta property=\"og:locale\" content=\"hu_HU\" \/>\n<meta property=\"og:type\" content=\"article\" \/>\n<meta property=\"og:title\" content=\"T\u00e9li \u00f6r\u00f6m\u00f6k a fenntarthat\u00f3s\u00e1g jegy\u00e9ben\" \/>\n<meta property=\"og:description\" content=\"Az \u00e9rkez\u00e9st\u0151l a transzfer szolg\u00e1ltat\u00e1sig A term\u00e9szeti er\u0151forr\u00e1sok meg\u0151rz\u00e9s\u00e9nek k\u00e9rd\u00e9se m\u00e1r az utaz\u00e1ssal kezd\u0151dik. A sz\u00e1mos vonz\u00f3 vas\u00fati aj\u00e1nlatnak\" \/>\n<meta property=\"og:url\" content=\"https:\/\/www.salzburgerland.com\/hu\/teli-oromok-a-fenntarthatosag-jegyeben\/\" \/>\n<meta property=\"og:site_name\" content=\"SalzburgerLand.com\" \/>\n<meta property=\"article:publisher\" content=\"https:\/\/www.facebook.com\/visitsalzburgerland\/\" \/>\n<meta property=\"article:published_time\" content=\"2023-08-29T20:23:45+00:00\" \/>\n<meta property=\"article:modified_time\" content=\"2024-09-16T18:40:53+00:00\" \/>\n<meta property=\"og:image\" content=\"https:\/\/www.salzburgerland.com\/hu\/wp-content\/uploads\/2021\/11\/berggashof-kohlschnait-panorama-winter-gries-pinzgau-1170x658-1.jpg\" \/>\n\t<meta property=\"og:image:width\" content=\"1170\" \/>\n\t<meta property=\"og:image:height\" content=\"658\" \/>\n\t<meta property=\"og:image:type\" content=\"image\/jpeg\" \/>\n<meta name=\"author\" content=\"Hajnalka K\u00e1di\" \/>\n<meta name=\"twitter:card\" content=\"summary_large_image\" \/>\n<meta name=\"twitter:creator\" content=\"@salzburgerland\" \/>\n<meta name=\"twitter:site\" content=\"@salzburgerland\" \/>\n<meta name=\"twitter:label1\" content=\"Szerz\u0151:\" \/>\n\t<meta name=\"twitter:data1\" content=\"Hajnalka K\u00e1di\" \/>\n\t<meta name=\"twitter:label2\" content=\"Becs\u00fclt olvas\u00e1si id\u0151\" \/>\n\t<meta name=\"twitter:data2\" content=\"3 perc\" \/>\n<script type=\"application\/ld+json\" class=\"yoast-schema-graph\">{\"@context\":\"https:\\\/\\\/schema.org\",\"@graph\":[{\"@type\":\"Article\",\"@id\":\"https:\\\/\\\/www.salzburgerland.com\\\/hu\\\/teli-oromok-a-fenntarthatosag-jegyeben\\\/#article\",\"isPartOf\":{\"@id\":\"https:\\\/\\\/www.salzburgerland.com\\\/hu\\\/teli-oromok-a-fenntarthatosag-jegyeben\\\/\"},\"author\":{\"name\":\"Hajnalka K\u00e1di\",\"@id\":\"https:\\\/\\\/www.salzburgerland.com\\\/hu\\\/#\\\/schema\\\/person\\\/e4905df070d9b3c52e1e4c730b26aa5a\"},\"headline\":\"T\u00e9li \u00f6r\u00f6m\u00f6k a fenntarthat\u00f3s\u00e1g jegy\u00e9ben\",\"datePublished\":\"2023-08-29T20:23:45+00:00\",\"dateModified\":\"2024-09-16T18:40:53+00:00\",\"mainEntityOfPage\":{\"@id\":\"https:\\\/\\\/www.salzburgerland.com\\\/hu\\\/teli-oromok-a-fenntarthatosag-jegyeben\\\/\"},\"wordCount\":428,\"image\":{\"@id\":\"https:\\\/\\\/www.salzburgerland.com\\\/hu\\\/teli-oromok-a-fenntarthatosag-jegyeben\\\/#primaryimage\"},\"thumbnailUrl\":\"https:\\\/\\\/www.salzburgerland.com\\\/hu\\\/wp-content\\\/uploads\\\/2021\\\/11\\\/berggashof-kohlschnait-panorama-winter-gries-pinzgau-1170x658-1.jpg\",\"keywords\":[\"fenntarthat\u00f3s\u00e1g\",\"kl\u00edmav\u00e9delem\",\"k\u00f6rnyezettudatos t\u00e9li \u00fcd\u00fcl\u00e9s\"],\"articleSection\":[\"Uncategorized\"],\"inLanguage\":\"hu\"},{\"@type\":\"WebPage\",\"@id\":\"https:\\\/\\\/www.salzburgerland.com\\\/hu\\\/teli-oromok-a-fenntarthatosag-jegyeben\\\/\",\"url\":\"https:\\\/\\\/www.salzburgerland.com\\\/hu\\\/teli-oromok-a-fenntarthatosag-jegyeben\\\/\",\"name\":\"T\u00e9li \u00f6r\u00f6m\u00f6k a fenntarthat\u00f3s\u00e1g jegy\u00e9ben \u00bb SalzburgerLand.com\",\"isPartOf\":{\"@id\":\"https:\\\/\\\/www.salzburgerland.com\\\/hu\\\/#website\"},\"primaryImageOfPage\":{\"@id\":\"https:\\\/\\\/www.salzburgerland.com\\\/hu\\\/teli-oromok-a-fenntarthatosag-jegyeben\\\/#primaryimage\"},\"image\":{\"@id\":\"https:\\\/\\\/www.salzburgerland.com\\\/hu\\\/teli-oromok-a-fenntarthatosag-jegyeben\\\/#primaryimage\"},\"thumbnailUrl\":\"https:\\\/\\\/www.salzburgerland.com\\\/hu\\\/wp-content\\\/uploads\\\/2021\\\/11\\\/berggashof-kohlschnait-panorama-winter-gries-pinzgau-1170x658-1.jpg\",\"datePublished\":\"2023-08-29T20:23:45+00:00\",\"dateModified\":\"2024-09-16T18:40:53+00:00\",\"author\":{\"@id\":\"https:\\\/\\\/www.salzburgerland.com\\\/hu\\\/#\\\/schema\\\/person\\\/e4905df070d9b3c52e1e4c730b26aa5a\"},\"description\":\"A term\u00e9szetv\u00e9delem, a kl\u00edmasemlegess\u00e9g \u00e9s a fenntarthat\u00f3s\u00e1g a Salzburg tartom\u00e1nyban a legmagasabb priorit\u00e1st \u00e9lvezik. A term\u00e9szetv\u00e9delem, a kl\u00edmasemlegess\u00e9g \u00e9s a fenntarthat\u00f3s\u00e1g a Salzburg tartom\u00e1nyban a legmagasabb priorit\u00e1st \u00e9lvezik.\",\"breadcrumb\":{\"@id\":\"https:\\\/\\\/www.salzburgerland.com\\\/hu\\\/teli-oromok-a-fenntarthatosag-jegyeben\\\/#breadcrumb\"},\"inLanguage\":\"hu\",\"potentialAction\":[{\"@type\":\"ReadAction\",\"target\":[\"https:\\\/\\\/www.salzburgerland.com\\\/hu\\\/teli-oromok-a-fenntarthatosag-jegyeben\\\/\"]}]},{\"@type\":\"ImageObject\",\"inLanguage\":\"hu\",\"@id\":\"https:\\\/\\\/www.salzburgerland.com\\\/hu\\\/teli-oromok-a-fenntarthatosag-jegyeben\\\/#primaryimage\",\"url\":\"https:\\\/\\\/www.salzburgerland.com\\\/hu\\\/wp-content\\\/uploads\\\/2021\\\/11\\\/berggashof-kohlschnait-panorama-winter-gries-pinzgau-1170x658-1.jpg\",\"contentUrl\":\"https:\\\/\\\/www.salzburgerland.com\\\/hu\\\/wp-content\\\/uploads\\\/2021\\\/11\\\/berggashof-kohlschnait-panorama-winter-gries-pinzgau-1170x658-1.jpg\",\"width\":1170,\"height\":658,\"caption\":\"Csod\u00e1latos t\u00e9li sz\u00e1nk\u00f3z\u00e1s \u00a9 Berggasthof Kohlschnait\"},{\"@type\":\"BreadcrumbList\",\"@id\":\"https:\\\/\\\/www.salzburgerland.com\\\/hu\\\/teli-oromok-a-fenntarthatosag-jegyeben\\\/#breadcrumb\",\"itemListElement\":[{\"@type\":\"ListItem\",\"position\":1,\"name\":\"Fenntarthat\u00f3bb t\u00e9li \u00fcd\u00fcl\u00e9s Salzburg tartom\u00e1nyban\",\"item\":\"https:\\\/\\\/www.salzburgerland.com\\\/hu\\\/fenntarthatobb-teli-udules-salzburg-tartomanyban\\\/\"},{\"@type\":\"ListItem\",\"position\":2,\"name\":\"T\u00e9li \u00f6r\u00f6m\u00f6k a fenntarthat\u00f3s\u00e1g jegy\u00e9ben\"}]},{\"@type\":\"WebSite\",\"@id\":\"https:\\\/\\\/www.salzburgerland.com\\\/hu\\\/#website\",\"url\":\"https:\\\/\\\/www.salzburgerland.com\\\/hu\\\/\",\"name\":\"SalzburgerLand.com\",\"description\":\"\u00dcd\u00fcl\u00e9s Ausztri\u00e1ban, Salzburg tartom\u00e1nyban\",\"potentialAction\":[{\"@type\":\"SearchAction\",\"target\":{\"@type\":\"EntryPoint\",\"urlTemplate\":\"https:\\\/\\\/www.salzburgerland.com\\\/hu\\\/?s={search_term_string}\"},\"query-input\":{\"@type\":\"PropertyValueSpecification\",\"valueRequired\":true,\"valueName\":\"search_term_string\"}}],\"inLanguage\":\"hu\"},{\"@type\":\"Person\",\"@id\":\"https:\\\/\\\/www.salzburgerland.com\\\/hu\\\/#\\\/schema\\\/person\\\/e4905df070d9b3c52e1e4c730b26aa5a\",\"name\":\"Hajnalka K\u00e1di\",\"image\":{\"@type\":\"ImageObject\",\"inLanguage\":\"hu\",\"@id\":\"https:\\\/\\\/secure.gravatar.com\\\/avatar\\\/e8c1eecf3b2c49d295cebc6aba0de06d13ec77aa0cf9ccec32725949011b69d2?s=96&d=mm&r=g\",\"url\":\"https:\\\/\\\/secure.gravatar.com\\\/avatar\\\/e8c1eecf3b2c49d295cebc6aba0de06d13ec77aa0cf9ccec32725949011b69d2?s=96&d=mm&r=g\",\"contentUrl\":\"https:\\\/\\\/secure.gravatar.com\\\/avatar\\\/e8c1eecf3b2c49d295cebc6aba0de06d13ec77aa0cf9ccec32725949011b69d2?s=96&d=mm&r=g\",\"caption\":\"Hajnalka K\u00e1di\"}}]}<\/script>\n<!-- \/ Yoast SEO Premium plugin. -->","yoast_head_json":{"title":"T\u00e9li \u00f6r\u00f6m\u00f6k a fenntarthat\u00f3s\u00e1g jegy\u00e9ben \u00bb SalzburgerLand.com","description":"%%cf_teasertext%% A term\u00e9szetv\u00e9delem, a kl\u00edmasemlegess\u00e9g \u00e9s a fenntarthat\u00f3s\u00e1g a Salzburg tartom\u00e1nyban a legmagasabb priorit\u00e1st \u00e9lvezik.","robots":{"index":"index","follow":"follow","max-snippet":"max-snippet:-1","max-image-preview":"max-image-preview:large","max-video-preview":"max-video-preview:-1"},"canonical":"https:\/\/www.salzburgerland.com\/hu\/teli-oromok-a-fenntarthatosag-jegyeben\/","og_locale":"hu_HU","og_type":"article","og_title":"T\u00e9li \u00f6r\u00f6m\u00f6k a fenntarthat\u00f3s\u00e1g jegy\u00e9ben","og_description":"Az \u00e9rkez\u00e9st\u0151l a transzfer szolg\u00e1ltat\u00e1sig A term\u00e9szeti er\u0151forr\u00e1sok meg\u0151rz\u00e9s\u00e9nek k\u00e9rd\u00e9se m\u00e1r az utaz\u00e1ssal kezd\u0151dik. A sz\u00e1mos vonz\u00f3 vas\u00fati aj\u00e1nlatnak","og_url":"https:\/\/www.salzburgerland.com\/hu\/teli-oromok-a-fenntarthatosag-jegyeben\/","og_site_name":"SalzburgerLand.com","article_publisher":"https:\/\/www.facebook.com\/visitsalzburgerland\/","article_published_time":"2023-08-29T20:23:45+00:00","article_modified_time":"2024-09-16T18:40:53+00:00","og_image":[{"url":"https:\/\/www.salzburgerland.com\/hu\/wp-content\/uploads\/2021\/11\/berggashof-kohlschnait-panorama-winter-gries-pinzgau-1170x658-1.jpg","width":1170,"height":658,"type":"image\/jpeg"}],"author":"Hajnalka K\u00e1di","twitter_card":"summary_large_image","twitter_creator":"@salzburgerland","twitter_site":"@salzburgerland","twitter_misc":{"Szerz\u0151:":"Hajnalka K\u00e1di","Becs\u00fclt olvas\u00e1si id\u0151":"3 perc"},"schema":{"@context":"https:\/\/schema.org","@graph":[{"@type":"Article","@id":"https:\/\/www.salzburgerland.com\/hu\/teli-oromok-a-fenntarthatosag-jegyeben\/#article","isPartOf":{"@id":"https:\/\/www.salzburgerland.com\/hu\/teli-oromok-a-fenntarthatosag-jegyeben\/"},"author":{"name":"Hajnalka K\u00e1di","@id":"https:\/\/www.salzburgerland.com\/hu\/#\/schema\/person\/e4905df070d9b3c52e1e4c730b26aa5a"},"headline":"T\u00e9li \u00f6r\u00f6m\u00f6k a fenntarthat\u00f3s\u00e1g jegy\u00e9ben","datePublished":"2023-08-29T20:23:45+00:00","dateModified":"2024-09-16T18:40:53+00:00","mainEntityOfPage":{"@id":"https:\/\/www.salzburgerland.com\/hu\/teli-oromok-a-fenntarthatosag-jegyeben\/"},"wordCount":428,"image":{"@id":"https:\/\/www.salzburgerland.com\/hu\/teli-oromok-a-fenntarthatosag-jegyeben\/#primaryimage"},"thumbnailUrl":"https:\/\/www.salzburgerland.com\/hu\/wp-content\/uploads\/2021\/11\/berggashof-kohlschnait-panorama-winter-gries-pinzgau-1170x658-1.jpg","keywords":["fenntarthat\u00f3s\u00e1g","kl\u00edmav\u00e9delem","k\u00f6rnyezettudatos t\u00e9li \u00fcd\u00fcl\u00e9s"],"articleSection":["Uncategorized"],"inLanguage":"hu"},{"@type":"WebPage","@id":"https:\/\/www.salzburgerland.com\/hu\/teli-oromok-a-fenntarthatosag-jegyeben\/","url":"https:\/\/www.salzburgerland.com\/hu\/teli-oromok-a-fenntarthatosag-jegyeben\/","name":"T\u00e9li \u00f6r\u00f6m\u00f6k a fenntarthat\u00f3s\u00e1g jegy\u00e9ben \u00bb SalzburgerLand.com","isPartOf":{"@id":"https:\/\/www.salzburgerland.com\/hu\/#website"},"primaryImageOfPage":{"@id":"https:\/\/www.salzburgerland.com\/hu\/teli-oromok-a-fenntarthatosag-jegyeben\/#primaryimage"},"image":{"@id":"https:\/\/www.salzburgerland.com\/hu\/teli-oromok-a-fenntarthatosag-jegyeben\/#primaryimage"},"thumbnailUrl":"https:\/\/www.salzburgerland.com\/hu\/wp-content\/uploads\/2021\/11\/berggashof-kohlschnait-panorama-winter-gries-pinzgau-1170x658-1.jpg","datePublished":"2023-08-29T20:23:45+00:00","dateModified":"2024-09-16T18:40:53+00:00","author":{"@id":"https:\/\/www.salzburgerland.com\/hu\/#\/schema\/person\/e4905df070d9b3c52e1e4c730b26aa5a"},"description":"A term\u00e9szetv\u00e9delem, a kl\u00edmasemlegess\u00e9g \u00e9s a fenntarthat\u00f3s\u00e1g a Salzburg tartom\u00e1nyban a legmagasabb priorit\u00e1st \u00e9lvezik. A term\u00e9szetv\u00e9delem, a kl\u00edmasemlegess\u00e9g \u00e9s a fenntarthat\u00f3s\u00e1g a Salzburg tartom\u00e1nyban a legmagasabb priorit\u00e1st \u00e9lvezik.","breadcrumb":{"@id":"https:\/\/www.salzburgerland.com\/hu\/teli-oromok-a-fenntarthatosag-jegyeben\/#breadcrumb"},"inLanguage":"hu","potentialAction":[{"@type":"ReadAction","target":["https:\/\/www.salzburgerland.com\/hu\/teli-oromok-a-fenntarthatosag-jegyeben\/"]}]},{"@type":"ImageObject","inLanguage":"hu","@id":"https:\/\/www.salzburgerland.com\/hu\/teli-oromok-a-fenntarthatosag-jegyeben\/#primaryimage","url":"https:\/\/www.salzburgerland.com\/hu\/wp-content\/uploads\/2021\/11\/berggashof-kohlschnait-panorama-winter-gries-pinzgau-1170x658-1.jpg","contentUrl":"https:\/\/www.salzburgerland.com\/hu\/wp-content\/uploads\/2021\/11\/berggashof-kohlschnait-panorama-winter-gries-pinzgau-1170x658-1.jpg","width":1170,"height":658,"caption":"Csod\u00e1latos t\u00e9li sz\u00e1nk\u00f3z\u00e1s \u00a9 Berggasthof Kohlschnait"},{"@type":"BreadcrumbList","@id":"https:\/\/www.salzburgerland.com\/hu\/teli-oromok-a-fenntarthatosag-jegyeben\/#breadcrumb","itemListElement":[{"@type":"ListItem","position":1,"name":"Fenntarthat\u00f3bb t\u00e9li \u00fcd\u00fcl\u00e9s Salzburg tartom\u00e1nyban","item":"https:\/\/www.salzburgerland.com\/hu\/fenntarthatobb-teli-udules-salzburg-tartomanyban\/"},{"@type":"ListItem","position":2,"name":"T\u00e9li \u00f6r\u00f6m\u00f6k a fenntarthat\u00f3s\u00e1g jegy\u00e9ben"}]},{"@type":"WebSite","@id":"https:\/\/www.salzburgerland.com\/hu\/#website","url":"https:\/\/www.salzburgerland.com\/hu\/","name":"SalzburgerLand.com","description":"\u00dcd\u00fcl\u00e9s Ausztri\u00e1ban, Salzburg tartom\u00e1nyban","potentialAction":[{"@type":"SearchAction","target":{"@type":"EntryPoint","urlTemplate":"https:\/\/www.salzburgerland.com\/hu\/?s={search_term_string}"},"query-input":{"@type":"PropertyValueSpecification","valueRequired":true,"valueName":"search_term_string"}}],"inLanguage":"hu"},{"@type":"Person","@id":"https:\/\/www.salzburgerland.com\/hu\/#\/schema\/person\/e4905df070d9b3c52e1e4c730b26aa5a","name":"Hajnalka K\u00e1di","image":{"@type":"ImageObject","inLanguage":"hu","@id":"https:\/\/secure.gravatar.com\/avatar\/e8c1eecf3b2c49d295cebc6aba0de06d13ec77aa0cf9ccec32725949011b69d2?s=96&d=mm&r=g","url":"https:\/\/secure.gravatar.com\/avatar\/e8c1eecf3b2c49d295cebc6aba0de06d13ec77aa0cf9ccec32725949011b69d2?s=96&d=mm&r=g","contentUrl":"https:\/\/secure.gravatar.com\/avatar\/e8c1eecf3b2c49d295cebc6aba0de06d13ec77aa0cf9ccec32725949011b69d2?s=96&d=mm&r=g","caption":"Hajnalka K\u00e1di"}}]}},"_wl_alt_label":[],"wl:entity_url":"http:\/\/open.salzburgerland.com\/hu\/post\/teli-oromok-a-fenntarthatosag-jegyeben-20020","_links":{"self":[{"href":"https:\/\/www.salzburgerland.com\/hu\/wp-json\/wp\/v2\/posts\/20020","targetHints":{"allow":["GET"]}}],"collection":[{"href":"https:\/\/www.salzburgerland.com\/hu\/wp-json\/wp\/v2\/posts"}],"about":[{"href":"https:\/\/www.salzburgerland.com\/hu\/wp-json\/wp\/v2\/types\/post"}],"author":[{"embeddable":true,"href":"https:\/\/www.salzburgerland.com\/hu\/wp-json\/wp\/v2\/users\/21"}],"replies":[{"embeddable":true,"href":"https:\/\/www.salzburgerland.com\/hu\/wp-json\/wp\/v2\/comments?post=20020"}],"version-history":[{"count":5,"href":"https:\/\/www.salzburgerland.com\/hu\/wp-json\/wp\/v2\/posts\/20020\/revisions"}],"predecessor-version":[{"id":22167,"href":"https:\/\/www.salzburgerland.com\/hu\/wp-json\/wp\/v2\/posts\/20020\/revisions\/22167"}],"wp:featuredmedia":[{"embeddable":true,"href":"https:\/\/www.salzburgerland.com\/hu\/wp-json\/wp\/v2\/media\/14460"}],"wp:attachment":[{"href":"https:\/\/www.salzburgerland.com\/hu\/wp-json\/wp\/v2\/media?parent=20020"}],"wp:term":[{"taxonomy":"category","embeddable":true,"href":"https:\/\/www.salzburgerland.com\/hu\/wp-json\/wp\/v2\/categories?post=20020"},{"taxonomy":"post_tag","embeddable":true,"href":"https:\/\/www.salzburgerland.com\/hu\/wp-json\/wp\/v2\/tags?post=20020"},{"taxonomy":"wl_entity_type","embeddable":true,"href":"https:\/\/www.salzburgerland.com\/hu\/wp-json\/wp\/v2\/wl_entity_type?post=20020"}],"curies":[{"name":"wp","href":"https:\/\/api.w.org\/{rel}","templated":true}]}}