{"id":19699,"date":"2023-07-24T22:48:21","date_gmt":"2023-07-24T20:48:21","guid":{"rendered":"https:\/\/www.salzburgerland.com\/hu\/?p=19699"},"modified":"2023-07-26T17:05:51","modified_gmt":"2023-07-26T15:05:51","slug":"gyogynoveny-likor","status":"publish","type":"post","link":"https:\/\/www.salzburgerland.com\/hu\/gyogynoveny-likor\/","title":{"rendered":"Gy\u00f3gyn\u00f6v\u00e9ny lik\u0151r"},"content":{"rendered":"<h4>A keser\u0171 \u00edz aktiv\u00e1lja az em\u00e9szt\u00e9st<\/h4>\n<p>Az <strong>enci\u00e1nfajok<\/strong> szigor\u00faan v\u00e9dettek, \u00e9s az emberek csak nagyon kis mennyis\u00e9gben gy\u0171jthetik \u0151ket. A szeszf\u0151zd\u00e9knek a f\u00f6ldtulajdonost\u00f3l, majd a term\u00e9szetv\u00e9delmi egyes\u00fclett\u0151l kell enged\u00e9lyt k\u00e9rni\u00fck. Az enci\u00e1ngy\u00f6k\u00e9r gy\u00f3gyszert\u00e1rakban vagy <strong>gy\u00f3gyn\u00f6v\u00e9nyboltokban<\/strong> is kaphat\u00f3. Az erd\u0151kben \u00e9s a r\u00e9teken sz\u00e1mtalan m\u00e1s n\u00f6v\u00e9ny k\u00f6z\u00fcl v\u00e1laszthatunk, mint p\u00e9ld\u00e1ul a <strong>hegyi magyal, az angyalgy\u00f6k\u00e9r \u00e9s a pitypang,<\/strong> amelyek szinte mindenhol megtal\u00e1lhat\u00f3k.<\/p>\n<div id=\"attachment_19702\" style=\"width: 1180px\" class=\"wp-caption alignnone\"><img decoding=\"async\" aria-describedby=\"caption-attachment-19702\" class=\"size-1170_658 wp-image-19702\" src=\"https:\/\/cdn.salzburgerland.com\/hu\/wp-content\/uploads\/2023\/07\/enzian-blau-1280x1024-1-1170x658.jpeg\" alt=\"Az Alpok jelk\u00e9pe, az enci\u00e1n\" width=\"1170\" height=\"658\" srcset=\"https:\/\/www.salzburgerland.com\/hu\/wp-content\/uploads\/2023\/07\/enzian-blau-1280x1024-1-1170x658.jpeg 1170w, https:\/\/www.salzburgerland.com\/hu\/wp-content\/uploads\/2023\/07\/enzian-blau-1280x1024-1-1200x675.jpeg 1200w\" sizes=\"(max-width: 1170px) 100vw, 1170px\"><p id=\"caption-attachment-19702\" class=\"wp-caption-text\">Az Alpok jelk\u00e9pe, az enci\u00e1n \u00a9 Willi Bedek<\/p><\/div>\n<p>A gy\u00f6kerek sz\u00e1mos keser\u0171 anyagot tartalmaznak, amelyek fokozz\u00e1k az anyagcser\u00e9t \u00e9s az \u00e9tv\u00e1gyat. A <strong>keser\u0171 anyagok aktiv\u00e1lj\u00e1k a m\u00e1jat \u00e9s serkentik az epe kiv\u00e1laszt\u00e1s\u00e1t<\/strong>. Elnyomj\u00e1k az \u00e9dess\u00e9g ut\u00e1ni s\u00f3v\u00e1rg\u00e1st \u00e9s cs\u00f6kkentik a f\u00e1radts\u00e1got. A gy\u00f6kerekb\u0151l teh\u00e1t em\u00e9szt\u00e9st seg\u00edt\u0151 tinkt\u00fara vagy lik\u0151r k\u00e9sz\u00edthet\u0151. Alkoholmentes alternat\u00edvak\u00e9nt az apr\u00f3ra v\u00e1gott gy\u00f6kereket 14 napig erjesztett ital, m\u00e1s n\u00e9ven oxymel (m\u00e9z \u00e9s ecet) kever\u00e9k\u00e9ben \u00e1ztatj\u00e1k.<\/p>\n<h4>H\u00e1zi k\u00e9sz\u00edt\u00e9s\u0171 gy\u00f3gyn\u00f6v\u00e9ny lik\u0151r<\/h4>\n<p>M\u00edg a <strong>pitypang<\/strong> \u00e9s a <strong>v\u00e9ront\u00f3f\u0171<\/strong> szinte b\u00e1rmilyen tengerszint feletti magass\u00e1gban megtal\u00e1lhat\u00f3, a hegyi magyal\u00e9rt 1200 m\u00e9ter k\u00f6r\u00fcli magass\u00e1gba kell menni. A gy\u00f6kerek gy\u0171jt\u00e9s\u00e9hez vigyen mag\u00e1val egy z<strong>sebk\u00e9st, egy pap\u00edr- vagy v\u00e1szonzacsk\u00f3t \u00e9s egy kis z\u00f6lds\u00e9gkef\u00e9t<\/strong> is. Az \u00e1s\u00e1s ut\u00e1n c\u00e9lszer\u0171 azonnal elt\u00e1vol\u00edtani a f\u00f6ldet a gy\u00f6kerekr\u0151l. A tiszta gy\u00f6kerek frissen otthon feldolgozhat\u00f3k, vagy centim\u00e9ter vastag szeletekre v\u00e1gva sz\u00e1r\u00edthat\u00f3k. A gy\u00f6kerekb\u0151l \u00e9s vadn\u00f6v\u00e9nyekb\u0151l h\u00e1zilag k\u00e9sz\u00edtett lik\u0151r nagyon eredeti aj\u00e1nd\u00e9kk\u00e9nt is.<\/p>\n<p><strong>Hozz\u00e1val\u00f3k<\/strong><\/p>\n<ul>\n<li>1 liter gabona- vagy gy\u00fcm\u00f6lcsp\u00e1linka<\/li>\n<li>100 g v\u00e9ront\u00f3f\u0171 (m\u00e1s gy\u00f6kereket is haszn\u00e1lhatunk, de vigy\u00e1zat az enci\u00e1n rendk\u00edv\u00fcl keser\u0171, ez\u00e9rt csak nagyon kicsi mennyis\u00e9get haszn\u00e1ljunk!)<\/li>\n<li>15 g cickafark vagy m\u00e1s vadon term\u0151 f\u0171szern\u00f6v\u00e9ny \u00edzl\u00e9s szerint<\/li>\n<li>150 g cukor vagy m\u00e9z (vagy vegyesen)<\/li>\n<\/ul>\n<p><strong>Elk\u00e9sz\u00edt\u00e9s<\/strong><\/p>\n<p>Az \u00f6sszes hozz\u00e1val\u00f3t felv\u00e1gjuk \u00e9s a <strong>cukorral\/m\u00e9zzel<\/strong> egy\u00fctt egy nagy 1,5-2 literes \u00fcvegbe t\u00f6ltj\u00fck. Fel\u00f6ntj\u00fck a <strong>gabona-\/gy\u00fcm\u00f6lcsp\u00e1link\u00e1val<\/strong>, majd lez\u00e1rjuk az \u00fcveget \u00e9s egy kicsit \u00f6sszer\u00e1zzuk. Az \u00fcveget napt\u00f3l v\u00e9dett, vil\u00e1gos, meleg helyre \u00e1ll\u00edtjuk. Naponta egyszer r\u00e1zzuk \u00f6ssze az \u00fcveg tartalm\u00e1t. 2-3 h\u00e9t eltelt\u00e9vel \u00e1tsz\u0171rj\u00fck egy finom (tea) sz\u0171r\u0151n, majd kisebb \u00fcvegekbe t\u00f6ltj\u00fck \u00e9s c\u00edmk\u00e9zz\u00fck.<\/p>\n<div id=\"attachment_19703\" style=\"width: 1180px\" class=\"wp-caption alignnone\"><img decoding=\"async\" aria-describedby=\"caption-attachment-19703\" class=\"size-1170_658 wp-image-19703\" src=\"https:\/\/cdn.salzburgerland.com\/hu\/wp-content\/uploads\/2023\/07\/blutwurz_02_w-1280x1024-1-1170x658.jpeg\" alt=\"Blutwurz, avagy a v\u00e9ront\u00f3f\u0171\" width=\"1170\" height=\"658\" srcset=\"https:\/\/www.salzburgerland.com\/hu\/wp-content\/uploads\/2023\/07\/blutwurz_02_w-1280x1024-1-1170x658.jpeg 1170w, https:\/\/www.salzburgerland.com\/hu\/wp-content\/uploads\/2023\/07\/blutwurz_02_w-1280x1024-1-1200x675.jpeg 1200w\" sizes=\"(max-width: 1170px) 100vw, 1170px\"><p id=\"caption-attachment-19703\" class=\"wp-caption-text\">Blutwurz, avagy a v\u00e9ront\u00f3f\u0171 \u00a9 Willi Bedek<\/p><\/div>\n","protected":false},"excerpt":{"rendered":"<p>A keser\u0171 \u00edz aktiv\u00e1lja az em\u00e9szt\u00e9st Az enci\u00e1nfajok szigor\u00faan v\u00e9dettek, \u00e9s az emberek csak nagyon kis mennyis\u00e9gben gy\u0171jthetik \u0151ket. A szeszf\u0151zd\u00e9knek a f\u00f6ldtulajdonost\u00f3l, majd a term\u00e9szetv\u00e9delmi egyes\u00fclett\u0151l kell enged\u00e9lyt k\u00e9rni\u00fck. Az enci\u00e1ngy\u00f6k\u00e9r gy\u00f3gyszert\u00e1rakban vagy gy\u00f3gyn\u00f6v\u00e9nyboltokban is kaphat\u00f3. Az erd\u0151kben \u00e9s a r\u00e9teken sz\u00e1mtalan m\u00e1s n\u00f6v\u00e9ny k\u00f6z\u00fcl v\u00e1laszthatunk, mint p\u00e9ld\u00e1ul a hegyi magyal, az angyalgy\u00f6k\u00e9r \u00e9s [&hellip;]<\/p>\n","protected":false},"author":21,"featured_media":19697,"comment_status":"closed","ping_status":"closed","sticky":false,"template":"","format":"standard","meta":{"_acf_changed":false,"wl_entities_gutenberg":"","_relevanssi_hide_post":"","_relevanssi_hide_content":"","_relevanssi_pin_for_all":"","_relevanssi_pin_keywords":"","_relevanssi_unpin_keywords":"","_relevanssi_related_keywords":"","_relevanssi_related_include_ids":"","_relevanssi_related_exclude_ids":"","_relevanssi_related_no_append":"","_relevanssi_related_not_related":"","_relevanssi_related_posts":"","_relevanssi_noindex_reason":"","footnotes":""},"categories":[1],"tags":[615,614,616],"wl_entity_type":[26],"class_list":["post-19699","post","type-post","status-publish","format-standard","has-post-thumbnail","hentry","category-uncategorized","tag-encian","tag-gyogynoveny-likor","tag-magyal","wl_entity_type-recipe"],"acf":[],"yoast_head":"<!-- This site is optimized with the Yoast SEO Premium plugin v27.4 (Yoast SEO v27.4) - https:\/\/yoast.com\/product\/yoast-seo-premium-wordpress\/ -->\n<title>Gy\u00f3gyn\u00f6v\u00e9ny lik\u0151r \u00bb SalzburgerLand.com<\/title>\n<meta name=\"robots\" content=\"index, follow, max-snippet:-1, max-image-preview:large, max-video-preview:-1\" \/>\n<link rel=\"canonical\" href=\"https:\/\/www.salzburgerland.com\/hu\/gyogynoveny-likor\/\" \/>\n<meta property=\"og:locale\" content=\"hu_HU\" \/>\n<meta property=\"og:type\" content=\"article\" \/>\n<meta property=\"og:title\" content=\"Gy\u00f3gyn\u00f6v\u00e9ny lik\u0151r\" \/>\n<meta property=\"og:description\" content=\"A keser\u0171 \u00edz aktiv\u00e1lja az em\u00e9szt\u00e9st Az enci\u00e1nfajok szigor\u00faan v\u00e9dettek, \u00e9s az emberek csak nagyon kis mennyis\u00e9gben gy\u0171jthetik \u0151ket. A szeszf\u0151zd\u00e9knek a\" \/>\n<meta property=\"og:url\" content=\"https:\/\/www.salzburgerland.com\/hu\/gyogynoveny-likor\/\" \/>\n<meta property=\"og:site_name\" content=\"SalzburgerLand.com\" \/>\n<meta property=\"article:publisher\" content=\"https:\/\/www.facebook.com\/visitsalzburgerland\/\" \/>\n<meta property=\"article:published_time\" content=\"2023-07-24T20:48:21+00:00\" \/>\n<meta property=\"article:modified_time\" content=\"2023-07-26T15:05:51+00:00\" \/>\n<meta property=\"og:image\" content=\"https:\/\/www.salzburgerland.com\/hu\/wp-content\/uploads\/2023\/07\/lowenzahn-blutwurt-1036x650-1.jpg\" \/>\n\t<meta property=\"og:image:width\" content=\"1036\" \/>\n\t<meta property=\"og:image:height\" content=\"650\" \/>\n\t<meta property=\"og:image:type\" content=\"image\/jpeg\" \/>\n<meta name=\"author\" content=\"Hajnalka K\u00e1di\" \/>\n<meta name=\"twitter:card\" content=\"summary_large_image\" \/>\n<meta name=\"twitter:creator\" content=\"@salzburgerland\" \/>\n<meta name=\"twitter:site\" content=\"@salzburgerland\" \/>\n<meta name=\"twitter:label1\" content=\"Szerz\u0151:\" \/>\n\t<meta name=\"twitter:data1\" content=\"Hajnalka K\u00e1di\" \/>\n\t<meta name=\"twitter:label2\" content=\"Becs\u00fclt olvas\u00e1si id\u0151\" \/>\n\t<meta name=\"twitter:data2\" content=\"3 perc\" \/>\n<script type=\"application\/ld+json\" class=\"yoast-schema-graph\">{\"@context\":\"https:\\\/\\\/schema.org\",\"@graph\":[{\"@type\":\"Article\",\"@id\":\"https:\\\/\\\/www.salzburgerland.com\\\/hu\\\/gyogynoveny-likor\\\/#article\",\"isPartOf\":{\"@id\":\"https:\\\/\\\/www.salzburgerland.com\\\/hu\\\/gyogynoveny-likor\\\/\"},\"author\":{\"name\":\"Hajnalka K\u00e1di\",\"@id\":\"https:\\\/\\\/www.salzburgerland.com\\\/hu\\\/#\\\/schema\\\/person\\\/e4905df070d9b3c52e1e4c730b26aa5a\"},\"headline\":\"Gy\u00f3gyn\u00f6v\u00e9ny lik\u0151r\",\"datePublished\":\"2023-07-24T20:48:21+00:00\",\"dateModified\":\"2023-07-26T15:05:51+00:00\",\"mainEntityOfPage\":{\"@id\":\"https:\\\/\\\/www.salzburgerland.com\\\/hu\\\/gyogynoveny-likor\\\/\"},\"wordCount\":524,\"image\":{\"@id\":\"https:\\\/\\\/www.salzburgerland.com\\\/hu\\\/gyogynoveny-likor\\\/#primaryimage\"},\"thumbnailUrl\":\"https:\\\/\\\/www.salzburgerland.com\\\/hu\\\/wp-content\\\/uploads\\\/2023\\\/07\\\/lowenzahn-blutwurt-1036x650-1.jpg\",\"keywords\":[\"enci\u00e1n\",\"gy\u00f3gyn\u00f6v\u00e9ny lik\u0151r\",\"magyal\"],\"articleSection\":[\"Uncategorized\"],\"inLanguage\":\"hu\"},{\"@type\":\"WebPage\",\"@id\":\"https:\\\/\\\/www.salzburgerland.com\\\/hu\\\/gyogynoveny-likor\\\/\",\"url\":\"https:\\\/\\\/www.salzburgerland.com\\\/hu\\\/gyogynoveny-likor\\\/\",\"name\":\"Gy\u00f3gyn\u00f6v\u00e9ny lik\u0151r \u00bb SalzburgerLand.com\",\"isPartOf\":{\"@id\":\"https:\\\/\\\/www.salzburgerland.com\\\/hu\\\/#website\"},\"primaryImageOfPage\":{\"@id\":\"https:\\\/\\\/www.salzburgerland.com\\\/hu\\\/gyogynoveny-likor\\\/#primaryimage\"},\"image\":{\"@id\":\"https:\\\/\\\/www.salzburgerland.com\\\/hu\\\/gyogynoveny-likor\\\/#primaryimage\"},\"thumbnailUrl\":\"https:\\\/\\\/www.salzburgerland.com\\\/hu\\\/wp-content\\\/uploads\\\/2023\\\/07\\\/lowenzahn-blutwurt-1036x650-1.jpg\",\"datePublished\":\"2023-07-24T20:48:21+00:00\",\"dateModified\":\"2023-07-26T15:05:51+00:00\",\"author\":{\"@id\":\"https:\\\/\\\/www.salzburgerland.com\\\/hu\\\/#\\\/schema\\\/person\\\/e4905df070d9b3c52e1e4c730b26aa5a\"},\"description\":\"Az enci\u00e1ngy\u00f6kereket a k\u00f6z\u00e9pkor \u00f3ta haszn\u00e1lj\u00e1k p\u00e1linka, gy\u00f3gyn\u00f6v\u00e9ny lik\u0151r \u00e9s hagyom\u00e1nyos gy\u00f3gyszerek k\u00e9sz\u00edt\u00e9s\u00e9re.\",\"breadcrumb\":{\"@id\":\"https:\\\/\\\/www.salzburgerland.com\\\/hu\\\/gyogynoveny-likor\\\/#breadcrumb\"},\"inLanguage\":\"hu\",\"potentialAction\":[{\"@type\":\"ReadAction\",\"target\":[\"https:\\\/\\\/www.salzburgerland.com\\\/hu\\\/gyogynoveny-likor\\\/\"]}]},{\"@type\":\"ImageObject\",\"inLanguage\":\"hu\",\"@id\":\"https:\\\/\\\/www.salzburgerland.com\\\/hu\\\/gyogynoveny-likor\\\/#primaryimage\",\"url\":\"https:\\\/\\\/www.salzburgerland.com\\\/hu\\\/wp-content\\\/uploads\\\/2023\\\/07\\\/lowenzahn-blutwurt-1036x650-1.jpg\",\"contentUrl\":\"https:\\\/\\\/www.salzburgerland.com\\\/hu\\\/wp-content\\\/uploads\\\/2023\\\/07\\\/lowenzahn-blutwurt-1036x650-1.jpg\",\"width\":1036,\"height\":650,\"caption\":\"Gy\u00f3gyn\u00f6v\u00e9nyek gy\u00f6kerei \u00a9 AlmSinn Martina Egger\"},{\"@type\":\"BreadcrumbList\",\"@id\":\"https:\\\/\\\/www.salzburgerland.com\\\/hu\\\/gyogynoveny-likor\\\/#breadcrumb\",\"itemListElement\":[{\"@type\":\"ListItem\",\"position\":1,\"name\":\"\u0150szi gy\u00f3gyn\u00f6v\u00e9ny szezon Salzburg tartom\u00e1nyban\",\"item\":\"https:\\\/\\\/www.salzburgerland.com\\\/hu\\\/oszi-gyogynoveny-szezon-salzburg-tartomanyban\\\/\"},{\"@type\":\"ListItem\",\"position\":2,\"name\":\"Gy\u00f3gyn\u00f6v\u00e9ny lik\u0151r\"}]},{\"@type\":\"WebSite\",\"@id\":\"https:\\\/\\\/www.salzburgerland.com\\\/hu\\\/#website\",\"url\":\"https:\\\/\\\/www.salzburgerland.com\\\/hu\\\/\",\"name\":\"SalzburgerLand.com\",\"description\":\"\u00dcd\u00fcl\u00e9s Ausztri\u00e1ban, Salzburg tartom\u00e1nyban\",\"potentialAction\":[{\"@type\":\"SearchAction\",\"target\":{\"@type\":\"EntryPoint\",\"urlTemplate\":\"https:\\\/\\\/www.salzburgerland.com\\\/hu\\\/?s={search_term_string}\"},\"query-input\":{\"@type\":\"PropertyValueSpecification\",\"valueRequired\":true,\"valueName\":\"search_term_string\"}}],\"inLanguage\":\"hu\"},{\"@type\":\"Person\",\"@id\":\"https:\\\/\\\/www.salzburgerland.com\\\/hu\\\/#\\\/schema\\\/person\\\/e4905df070d9b3c52e1e4c730b26aa5a\",\"name\":\"Hajnalka K\u00e1di\",\"image\":{\"@type\":\"ImageObject\",\"inLanguage\":\"hu\",\"@id\":\"https:\\\/\\\/secure.gravatar.com\\\/avatar\\\/e8c1eecf3b2c49d295cebc6aba0de06d13ec77aa0cf9ccec32725949011b69d2?s=96&d=mm&r=g\",\"url\":\"https:\\\/\\\/secure.gravatar.com\\\/avatar\\\/e8c1eecf3b2c49d295cebc6aba0de06d13ec77aa0cf9ccec32725949011b69d2?s=96&d=mm&r=g\",\"contentUrl\":\"https:\\\/\\\/secure.gravatar.com\\\/avatar\\\/e8c1eecf3b2c49d295cebc6aba0de06d13ec77aa0cf9ccec32725949011b69d2?s=96&d=mm&r=g\",\"caption\":\"Hajnalka K\u00e1di\"}}]}<\/script>\n<!-- \/ Yoast SEO Premium plugin. -->","yoast_head_json":{"title":"Gy\u00f3gyn\u00f6v\u00e9ny lik\u0151r \u00bb SalzburgerLand.com","robots":{"index":"index","follow":"follow","max-snippet":"max-snippet:-1","max-image-preview":"max-image-preview:large","max-video-preview":"max-video-preview:-1"},"canonical":"https:\/\/www.salzburgerland.com\/hu\/gyogynoveny-likor\/","og_locale":"hu_HU","og_type":"article","og_title":"Gy\u00f3gyn\u00f6v\u00e9ny lik\u0151r","og_description":"A keser\u0171 \u00edz aktiv\u00e1lja az em\u00e9szt\u00e9st Az enci\u00e1nfajok szigor\u00faan v\u00e9dettek, \u00e9s az emberek csak nagyon kis mennyis\u00e9gben gy\u0171jthetik \u0151ket. A szeszf\u0151zd\u00e9knek a","og_url":"https:\/\/www.salzburgerland.com\/hu\/gyogynoveny-likor\/","og_site_name":"SalzburgerLand.com","article_publisher":"https:\/\/www.facebook.com\/visitsalzburgerland\/","article_published_time":"2023-07-24T20:48:21+00:00","article_modified_time":"2023-07-26T15:05:51+00:00","og_image":[{"url":"https:\/\/www.salzburgerland.com\/hu\/wp-content\/uploads\/2023\/07\/lowenzahn-blutwurt-1036x650-1.jpg","width":1036,"height":650,"type":"image\/jpeg"}],"author":"Hajnalka K\u00e1di","twitter_card":"summary_large_image","twitter_creator":"@salzburgerland","twitter_site":"@salzburgerland","twitter_misc":{"Szerz\u0151:":"Hajnalka K\u00e1di","Becs\u00fclt olvas\u00e1si id\u0151":"3 perc"},"schema":{"@context":"https:\/\/schema.org","@graph":[{"@type":"Article","@id":"https:\/\/www.salzburgerland.com\/hu\/gyogynoveny-likor\/#article","isPartOf":{"@id":"https:\/\/www.salzburgerland.com\/hu\/gyogynoveny-likor\/"},"author":{"name":"Hajnalka K\u00e1di","@id":"https:\/\/www.salzburgerland.com\/hu\/#\/schema\/person\/e4905df070d9b3c52e1e4c730b26aa5a"},"headline":"Gy\u00f3gyn\u00f6v\u00e9ny lik\u0151r","datePublished":"2023-07-24T20:48:21+00:00","dateModified":"2023-07-26T15:05:51+00:00","mainEntityOfPage":{"@id":"https:\/\/www.salzburgerland.com\/hu\/gyogynoveny-likor\/"},"wordCount":524,"image":{"@id":"https:\/\/www.salzburgerland.com\/hu\/gyogynoveny-likor\/#primaryimage"},"thumbnailUrl":"https:\/\/www.salzburgerland.com\/hu\/wp-content\/uploads\/2023\/07\/lowenzahn-blutwurt-1036x650-1.jpg","keywords":["enci\u00e1n","gy\u00f3gyn\u00f6v\u00e9ny lik\u0151r","magyal"],"articleSection":["Uncategorized"],"inLanguage":"hu"},{"@type":"WebPage","@id":"https:\/\/www.salzburgerland.com\/hu\/gyogynoveny-likor\/","url":"https:\/\/www.salzburgerland.com\/hu\/gyogynoveny-likor\/","name":"Gy\u00f3gyn\u00f6v\u00e9ny lik\u0151r \u00bb SalzburgerLand.com","isPartOf":{"@id":"https:\/\/www.salzburgerland.com\/hu\/#website"},"primaryImageOfPage":{"@id":"https:\/\/www.salzburgerland.com\/hu\/gyogynoveny-likor\/#primaryimage"},"image":{"@id":"https:\/\/www.salzburgerland.com\/hu\/gyogynoveny-likor\/#primaryimage"},"thumbnailUrl":"https:\/\/www.salzburgerland.com\/hu\/wp-content\/uploads\/2023\/07\/lowenzahn-blutwurt-1036x650-1.jpg","datePublished":"2023-07-24T20:48:21+00:00","dateModified":"2023-07-26T15:05:51+00:00","author":{"@id":"https:\/\/www.salzburgerland.com\/hu\/#\/schema\/person\/e4905df070d9b3c52e1e4c730b26aa5a"},"description":"Az enci\u00e1ngy\u00f6kereket a k\u00f6z\u00e9pkor \u00f3ta haszn\u00e1lj\u00e1k p\u00e1linka, gy\u00f3gyn\u00f6v\u00e9ny lik\u0151r \u00e9s hagyom\u00e1nyos gy\u00f3gyszerek k\u00e9sz\u00edt\u00e9s\u00e9re.","breadcrumb":{"@id":"https:\/\/www.salzburgerland.com\/hu\/gyogynoveny-likor\/#breadcrumb"},"inLanguage":"hu","potentialAction":[{"@type":"ReadAction","target":["https:\/\/www.salzburgerland.com\/hu\/gyogynoveny-likor\/"]}]},{"@type":"ImageObject","inLanguage":"hu","@id":"https:\/\/www.salzburgerland.com\/hu\/gyogynoveny-likor\/#primaryimage","url":"https:\/\/www.salzburgerland.com\/hu\/wp-content\/uploads\/2023\/07\/lowenzahn-blutwurt-1036x650-1.jpg","contentUrl":"https:\/\/www.salzburgerland.com\/hu\/wp-content\/uploads\/2023\/07\/lowenzahn-blutwurt-1036x650-1.jpg","width":1036,"height":650,"caption":"Gy\u00f3gyn\u00f6v\u00e9nyek gy\u00f6kerei \u00a9 AlmSinn Martina Egger"},{"@type":"BreadcrumbList","@id":"https:\/\/www.salzburgerland.com\/hu\/gyogynoveny-likor\/#breadcrumb","itemListElement":[{"@type":"ListItem","position":1,"name":"\u0150szi gy\u00f3gyn\u00f6v\u00e9ny szezon Salzburg tartom\u00e1nyban","item":"https:\/\/www.salzburgerland.com\/hu\/oszi-gyogynoveny-szezon-salzburg-tartomanyban\/"},{"@type":"ListItem","position":2,"name":"Gy\u00f3gyn\u00f6v\u00e9ny lik\u0151r"}]},{"@type":"WebSite","@id":"https:\/\/www.salzburgerland.com\/hu\/#website","url":"https:\/\/www.salzburgerland.com\/hu\/","name":"SalzburgerLand.com","description":"\u00dcd\u00fcl\u00e9s Ausztri\u00e1ban, Salzburg tartom\u00e1nyban","potentialAction":[{"@type":"SearchAction","target":{"@type":"EntryPoint","urlTemplate":"https:\/\/www.salzburgerland.com\/hu\/?s={search_term_string}"},"query-input":{"@type":"PropertyValueSpecification","valueRequired":true,"valueName":"search_term_string"}}],"inLanguage":"hu"},{"@type":"Person","@id":"https:\/\/www.salzburgerland.com\/hu\/#\/schema\/person\/e4905df070d9b3c52e1e4c730b26aa5a","name":"Hajnalka K\u00e1di","image":{"@type":"ImageObject","inLanguage":"hu","@id":"https:\/\/secure.gravatar.com\/avatar\/e8c1eecf3b2c49d295cebc6aba0de06d13ec77aa0cf9ccec32725949011b69d2?s=96&d=mm&r=g","url":"https:\/\/secure.gravatar.com\/avatar\/e8c1eecf3b2c49d295cebc6aba0de06d13ec77aa0cf9ccec32725949011b69d2?s=96&d=mm&r=g","contentUrl":"https:\/\/secure.gravatar.com\/avatar\/e8c1eecf3b2c49d295cebc6aba0de06d13ec77aa0cf9ccec32725949011b69d2?s=96&d=mm&r=g","caption":"Hajnalka K\u00e1di"}}]}},"_wl_alt_label":[],"wl:entity_url":"http:\/\/open.salzburgerland.com\/hu\/post\/gyogynoveny-likor-19699","_links":{"self":[{"href":"https:\/\/www.salzburgerland.com\/hu\/wp-json\/wp\/v2\/posts\/19699","targetHints":{"allow":["GET"]}}],"collection":[{"href":"https:\/\/www.salzburgerland.com\/hu\/wp-json\/wp\/v2\/posts"}],"about":[{"href":"https:\/\/www.salzburgerland.com\/hu\/wp-json\/wp\/v2\/types\/post"}],"author":[{"embeddable":true,"href":"https:\/\/www.salzburgerland.com\/hu\/wp-json\/wp\/v2\/users\/21"}],"replies":[{"embeddable":true,"href":"https:\/\/www.salzburgerland.com\/hu\/wp-json\/wp\/v2\/comments?post=19699"}],"version-history":[{"count":5,"href":"https:\/\/www.salzburgerland.com\/hu\/wp-json\/wp\/v2\/posts\/19699\/revisions"}],"predecessor-version":[{"id":19773,"href":"https:\/\/www.salzburgerland.com\/hu\/wp-json\/wp\/v2\/posts\/19699\/revisions\/19773"}],"wp:featuredmedia":[{"embeddable":true,"href":"https:\/\/www.salzburgerland.com\/hu\/wp-json\/wp\/v2\/media\/19697"}],"wp:attachment":[{"href":"https:\/\/www.salzburgerland.com\/hu\/wp-json\/wp\/v2\/media?parent=19699"}],"wp:term":[{"taxonomy":"category","embeddable":true,"href":"https:\/\/www.salzburgerland.com\/hu\/wp-json\/wp\/v2\/categories?post=19699"},{"taxonomy":"post_tag","embeddable":true,"href":"https:\/\/www.salzburgerland.com\/hu\/wp-json\/wp\/v2\/tags?post=19699"},{"taxonomy":"wl_entity_type","embeddable":true,"href":"https:\/\/www.salzburgerland.com\/hu\/wp-json\/wp\/v2\/wl_entity_type?post=19699"}],"curies":[{"name":"wp","href":"https:\/\/api.w.org\/{rel}","templated":true}]}}