{"id":18671,"date":"2023-03-19T21:48:19","date_gmt":"2023-03-19T20:48:19","guid":{"rendered":"https:\/\/www.salzburgerland.com\/hu\/?p=18671"},"modified":"2023-03-19T21:54:50","modified_gmt":"2023-03-19T20:54:50","slug":"mergezo-novenyek-es-bogyok","status":"publish","type":"post","link":"https:\/\/www.salzburgerland.com\/hu\/mergezo-novenyek-es-bogyok\/","title":{"rendered":"M\u00e9rgez\u0151 n\u00f6v\u00e9nyek \u00e9s bogy\u00f3k"},"content":{"rendered":"<p>A csal\u00e1n, a gyermekl\u00e1ncf\u0171 \u00e9s t\u00e1rsainak <a href=\"https:\/\/www.salzburgerland.com\/hu\/a-gyogynovenyek-ereje\/\"><strong>gy\u00f3gyhat\u00e1sa<\/strong><\/a> sz\u00e9les k\u00f6rben ismert, \u00e9s sok \u00e9telnek vagy friss\u00edt\u0151 italnak adnak \u00e9rdekes sz\u00ednt. A <strong>vadon term\u0151 n\u00f6v\u00e9nyek<\/strong> \u00e9s term\u00e9seik vonzz\u00e1k az embereket. De vigy\u00e1zzon: el\u0151fordulnak <strong>m\u00e9rgez\u0151 n\u00f6v\u00e9nyek is<\/strong>. M\u00e9rg\u00fcket kis d\u00f3zisban olyan betegs\u00e9gek lek\u00fczd\u00e9s\u00e9re haszn\u00e1lj\u00e1k, mint p\u00e9ld\u00e1ul a r\u00e1k. T\u00faladagol\u00e1sa azonban v\u00e9gzetes lehet, \u00e9s a gyerekek m\u00e9g ink\u00e1bb \u00e9rz\u00e9kenyek, mint a feln\u0151ttek.<\/p>\n<h4>Alaposan vizsg\u00e1lja meg a n\u00f6v\u00e9nyek k\u00fclsej\u00e9t!<\/h4>\n<p>Aki vadon term\u0151 n\u00f6v\u00e9nyeket gy\u0171jt fogyaszt\u00e1s c\u00e9ljb\u00f3l, annak el\u0151zetesen pontosan fel kell k\u00e9sz\u00fclnie, hogyan is n\u00e9znek ki a n\u00f6v\u00e9nyek. Nincsenek \u00e1ltal\u00e1nos szab\u00e1lyok. J\u00f3l kell ismerni \u0151ket, mert a n\u00f6v\u00e9nyek megjelen\u00e9se igen v\u00e1ltozatos. <strong>Willi Bedek biol\u00f3gus \u00e9s TEH-szak\u00e9rt\u0151<\/strong> azt tan\u00e1csolja: \u201eSz\u00e1njunk id\u0151t a gy\u0171jt\u00e9sre, \u00e9s t\u00edz n\u00e9gyzetm\u00e9teres ter\u00fcleten alaposan n\u00e9zz\u00fck meg a k\u00edv\u00e1nt n\u00f6v\u00e9ny leveleit, \u00e9s keress\u00fcnk olyan n\u00f6v\u00e9nyeket, amelyek ugyan\u00fagy n\u00e9znek ki, \u00e9s m\u00e1r vir\u00e1goznak. Ha m\u00e1r vir\u00e1goznak, sokkal k\u00f6nnyebb megk\u00fcl\u00f6nb\u00f6ztetni \u0151ket\u201d \u2013 hangs\u00falyozza Bedek.<\/p>\n<div id=\"attachment_18673\" style=\"width: 1034px\" class=\"wp-caption alignnone\"><img decoding=\"async\" aria-describedby=\"caption-attachment-18673\" class=\"size-medium wp-image-18673\" src=\"https:\/\/cdn.salzburgerland.com\/hu\/wp-content\/uploads\/2023\/03\/willi-1280x1024-1-1170x658-1-1024x569.jpg\" alt=\"Willi Bedek, a n\u00f6v\u00e9nyek \u00e9s bogy\u00f3k szak\u00e9rt\u0151je \" width=\"1024\" height=\"569\" srcset=\"https:\/\/www.salzburgerland.com\/hu\/wp-content\/uploads\/2023\/03\/willi-1280x1024-1-1170x658-1-1024x569.jpg 1024w, https:\/\/www.salzburgerland.com\/hu\/wp-content\/uploads\/2023\/03\/willi-1280x1024-1-1170x658-1-370x206.jpg 370w, https:\/\/www.salzburgerland.com\/hu\/wp-content\/uploads\/2023\/03\/willi-1280x1024-1-1170x658-1-270x150.jpg 270w, https:\/\/www.salzburgerland.com\/hu\/wp-content\/uploads\/2023\/03\/willi-1280x1024-1-1170x658-1-540x300.jpg 540w\" sizes=\"(max-width: 1024px) 100vw, 1024px\"><p id=\"caption-attachment-18673\" class=\"wp-caption-text\">Willi Bedek, a n\u00f6v\u00e9nyek \u00e9s bogy\u00f3k szak\u00e9rt\u0151je elmondja, hogyan lehet megk\u00fcl\u00f6nb\u00f6ztetni \u0151ket az els\u0151 pillant\u00e1sra er\u0151sen m\u00e9rgez\u0151 n\u00f6v\u00e9nyekt\u0151l \u00a9 SalzburgerLand Tourismus, Willi Bedek, Christine Fr\u00f6schl<\/p><\/div>\n<p>Szinte eg\u00e9sz \u00e9vben lehet valamit gy\u0171jt\u00f6getni az erd\u0151ben. Tavasszal k\u00fcl\u00f6n\u00f6sen n\u00e9pszer\u0171 a <strong>medvehagyma<\/strong> (Allium ursinum). El\u0151fordul azonban, hogy a hagyma egy\u00fctt terem a m\u00e9rgez\u0151 <strong>gy\u00f6ngyvir\u00e1ggal<\/strong> (Convallaria majalis) \u00e9s a <strong>r\u00e9ti s\u00e1fr\u00e1nnyal<\/strong> (Colchicum autumnale). Bedek: \u201eA gy\u00f6ngyvir\u00e1gnak m\u00e1r egyetlen levele is hal\u00e1los az \u00e9telben. A legjobb, ha m\u00e9g csak hozz\u00e1 sem ny\u00falunk az gy\u00f6ngyvir\u00e1g level\u00e9hez.\u201d<\/p>\n<p>A medvehagyma fokhagym\u00e1ra eml\u00e9keztet\u0151 illata is megt\u00e9veszt\u0151. Ugyanis amikor egy levelet leszed\u00fcnk, az ujjainknak fokhagymaszaga van \u2013 m\u00e9g akkor is, ha a k\u00f6vetkez\u0151 lev\u00e9l nem medvehagyma. Bedek: \u201eEgy m\u00e1sik jellegzetess\u00e9g, hogy a medvehagyma levelei megrepednek, ha meghajl\u00edtj\u00e1k \u0151ket. A gy\u00f6ngyvir\u00e1g vagy a r\u00e9ti s\u00e1fr\u00e1ny levelei nem repednek meg\u201d. A r\u00e9ti s\u00e1fr\u00e1ny a kolhicin m\u00e9rget szolg\u00e1ltatja. Ez g\u00e1tolja a sejtoszt\u00f3d\u00e1st. M\u00e1r n\u00e9h\u00e1ny gramm elfogyaszt\u00e1sa is hal\u00e1los lehet a gyermekek sz\u00e1m\u00e1ra. Mivel a r\u00e9ti s\u00e1fr\u00e1ny m\u00e9rge nagyon k\u00f6nnyen old\u00f3dik v\u00edzben, az \u00f3korban gyilkoss\u00e1gokn\u00e1l haszn\u00e1lt\u00e1k. Ez hozta a n\u00f6v\u00e9nynek a \u201etetem vir\u00e1g\u201d becenevet is. Aki m\u00e9zhez vagy k\u00f6h\u00f6g\u00e9s elleni sziruphoz gy\u0171jti a lucfeny\u0151 cs\u00facs\u00e1t, annak is \u00e9rdemes megn\u00e9znie a f\u00e1t. A <strong>tiszafa<\/strong> (Taxus baccata) friss cs\u00facsai hasonl\u00f3an n\u00e9znek ki, mint a lucfeny\u0151 vagy a feny\u0151 cs\u00facsai, de m\u00e9rgez\u0151ek!<\/p>\n<div id=\"attachment_18674\" style=\"width: 1034px\" class=\"wp-caption alignnone\"><img decoding=\"async\" aria-describedby=\"caption-attachment-18674\" class=\"size-medium wp-image-18674\" src=\"https:\/\/cdn.salzburgerland.com\/hu\/wp-content\/uploads\/2023\/03\/maiglockchen-barlauch-1280x1024-1-1170x658-1-1024x569.jpg\" alt=\"A medvehagyma betakar\u00edt\u00e1sakor k\u00fcl\u00f6n\u00f6sen \u00fcgyelj\u00fcnk arra, hogy ne keverj\u00fck \u00f6ssze a m\u00e9rgez\u0151 gy\u00f6ngyvir\u00e1ggal \" width=\"1024\" height=\"569\" srcset=\"https:\/\/www.salzburgerland.com\/hu\/wp-content\/uploads\/2023\/03\/maiglockchen-barlauch-1280x1024-1-1170x658-1-1024x569.jpg 1024w, https:\/\/www.salzburgerland.com\/hu\/wp-content\/uploads\/2023\/03\/maiglockchen-barlauch-1280x1024-1-1170x658-1-370x206.jpg 370w, https:\/\/www.salzburgerland.com\/hu\/wp-content\/uploads\/2023\/03\/maiglockchen-barlauch-1280x1024-1-1170x658-1-270x150.jpg 270w, https:\/\/www.salzburgerland.com\/hu\/wp-content\/uploads\/2023\/03\/maiglockchen-barlauch-1280x1024-1-1170x658-1-540x300.jpg 540w\" sizes=\"(max-width: 1024px) 100vw, 1024px\"><p id=\"caption-attachment-18674\" class=\"wp-caption-text\">A medvehagyma betakar\u00edt\u00e1sakor k\u00fcl\u00f6n\u00f6sen \u00fcgyelj\u00fcnk arra, hogy ne keverj\u00fck \u00f6ssze a m\u00e9rgez\u0151 gy\u00f6ngyvir\u00e1ggal \u00a9 SalzburgerLand Magazin, Willi Bedek, Christine Fr\u00f6schl<\/p><\/div>\n<h4>Minden pillang\u00f3s vir\u00e1g m\u00e9rgez\u0151<\/h4>\n<p>A <strong>k\u00e9k sisakvir\u00e1got<\/strong> (Aconitum napellus) tartj\u00e1k Eur\u00f3pa legm\u00e9rgez\u0151bb n\u00f6v\u00e9ny\u00e9nek. A m\u00e9rgez\u00e9st nem csak a levelek vagy a vir\u00e1gok lenyel\u00e9se okozza. Az \u0151szi kr\u00f3kuszt \u00e9s a farkasf\u00fcvet m\u00e9g meg\u00e9rinteni sem szabad, mert a m\u00e9rg\u00fck a b\u0151r\u00f6n kereszt\u00fcl felsz\u00edv\u00f3dhat.<\/p>\n<p>A <strong>piros gy\u0171sz\u0171vir\u00e1g<\/strong> (Digitalis purpurea) eset\u00e9ben is a n\u00f6v\u00e9ny minden r\u00e9sze er\u0151sen m\u00e9rgez\u0151. M\u00e1r k\u00e9t lev\u00e9l elfogyaszt\u00e1sa is hal\u00e1los m\u00e9rgez\u00e9shez vezethet.<\/p>\n<p>A <strong>bogy\u00f3k<\/strong> felt\u0171n\u0151 sz\u00edneikkel vonzz\u00e1k a l\u00e1togat\u00f3kat. De itt is \u00f3vatoss\u00e1gra intj\u00fck. A <strong>k\u00f6z\u00f6ns\u00e9ges tiszafa<\/strong> \u00e9s a <strong>farkasboroszl\u00e1n<\/strong> piros bogy\u00f3i, valamint a <strong>fagyal<\/strong> \u00e9s a <strong>hal\u00e1los nadragulya<\/strong> (Atropa) f\u00e9nyes fekete bogy\u00f3i is m\u00e9rgez\u0151ek. A <strong>maszlagos nadragulya<\/strong> egy\u00e9bk\u00e9nt klasszikus m\u00e9reg- \u00e9s boszork\u00e1nyn\u00f6v\u00e9ny. A t\u00f6bbi m\u00e9rgez\u0151 n\u00f6v\u00e9nyhez hasonl\u00f3an a gy\u00f3gy\u00e1szatban csak er\u0151s h\u00edg\u00edt\u00e1sban haszn\u00e1lj\u00e1k. <strong>Paracelsus<\/strong> szerint a mennyis\u00e9g teszi a m\u00e9rget.<\/p>\n\n\t\t\t<div id=\"18671-1\" class=\"gallery gallery-18671 gallery-columns-3 gallery-size-1170_658\" itemscope itemtype=\"http:\/\/schema.org\/ImageGallery\">\n\t\t\t\t<ul class=\"gallery-row gallery-col-3 gallery-clear\">\n\t\t\t\t\t<li class=\"gallery-item col-3\" itemprop=\"associatedMedia\" itemscope itemtype=\"http:\/\/schema.org\/ImageObject\">\n\t\t\t\t\t\t<div class=\"gallery-icon landscape\"><a href=\"https:\/\/www.salzburgerland.com\/hu\/wp-content\/uploads\/2023\/03\/digitalis-purpurea-bad-schallerbach-gartenschau-2009_7_w-1280x1024-1.jpg\" title=\"Piros gy\u0171sz\u0171vir\u00e1g\"><img decoding=\"async\" data-title=\"A piros gy\u0171sz\u0171vir\u00e1g m\u00e9rgez\u0151 anyagokat tartalmaz \u00a9 Willi Bedek, Christine Fr\u00f6schl\" title=\"A piros gy\u0171sz\u0171vir\u00e1g m\u00e9rgez\u0151 anyagokat tartalmaz \u00a9 Willi Bedek, Christine Fr\u00f6schl\" data-caption=\"A piros gy\u0171sz\u0171vir\u00e1g m\u00e9rgez\u0151 anyagokat tartalmaz \u00a9 Willi Bedek, Christine Fr\u00f6schl\" width=\"1170\" height=\"658\" src=\"https:\/\/www.salzburgerland.com\/hu\/wp-content\/uploads\/2023\/03\/digitalis-purpurea-bad-schallerbach-gartenschau-2009_7_w-1280x1024-1-1170x658.jpg\" class=\"attachment-1170_658 size-1170_658\" alt=\"A piros gy\u0171sz\u0171vir\u00e1g m\u00e9rgez\u0151 anyagokat tartalmaz (Nagy\u00edtott n\u00e9zet)\" srcset=\"https:\/\/www.salzburgerland.com\/hu\/wp-content\/uploads\/2023\/03\/digitalis-purpurea-bad-schallerbach-gartenschau-2009_7_w-1280x1024-1-1170x658.jpg 1170w, https:\/\/www.salzburgerland.com\/hu\/wp-content\/uploads\/2023\/03\/digitalis-purpurea-bad-schallerbach-gartenschau-2009_7_w-1280x1024-1-1200x675.jpg 1200w\" sizes=\"(max-width: 1170px) 100vw, 1170px\" aria-describedby=\"figcaption-18671-18675\" itemprop=\"thumbnail\"><\/a><\/div>\n\t\t\t\t\t\t<span id=\"figcaption-18671-18675\" class=\"gallery-caption\" itemprop=\"caption\"><span aria-hidden=\"true\">A piros gy\u0171sz\u0171vir\u00e1g m\u00e9rgez\u0151 anyagokat tartalmaz \u00a9 Willi Bedek, Christine Fr\u00f6schl<\/span><\/span>\n\t\t\t\t\t<\/li>\n\t\t\t\t\t<li class=\"gallery-item col-3\" itemprop=\"associatedMedia\" itemscope itemtype=\"http:\/\/schema.org\/ImageObject\">\n\t\t\t\t\t\t<div class=\"gallery-icon landscape\"><a href=\"https:\/\/www.salzburgerland.com\/hu\/wp-content\/uploads\/2023\/03\/eisenhut-a-1280x1024-1.jpg\" title=\"A k\u00e9k sisakvir\u00e1g er\u0151sen m\u00e9rgez\u0151 n\u00f6v\u00e9ny\"><img decoding=\"async\" data-title=\"A k\u00e9k sisakvir\u00e1g er\u0151sen m\u00e9rgez\u0151 n\u00f6v\u00e9ny \u00a9 SalzburgerLand Magazin, Willi Bedek, Christine Fr\u00f6schl\" title=\"A k\u00e9k sisakvir\u00e1g er\u0151sen m\u00e9rgez\u0151 n\u00f6v\u00e9ny \u00a9 SalzburgerLand Magazin, Willi Bedek, Christine Fr\u00f6schl\" data-caption=\"A k\u00e9k sisakvir\u00e1g er\u0151sen m\u00e9rgez\u0151 n\u00f6v\u00e9ny \u00a9 SalzburgerLand Magazin, Willi Bedek, Christine Fr\u00f6schl\" width=\"1170\" height=\"658\" src=\"https:\/\/www.salzburgerland.com\/hu\/wp-content\/uploads\/2023\/03\/eisenhut-a-1280x1024-1-1170x658.jpg\" class=\"attachment-1170_658 size-1170_658\" alt=\"A k\u00e9k sisakvir\u00e1g er\u0151sen m\u00e9rgez\u0151 n\u00f6v\u00e9ny (Nagy\u00edtott n\u00e9zet)\" srcset=\"https:\/\/www.salzburgerland.com\/hu\/wp-content\/uploads\/2023\/03\/eisenhut-a-1280x1024-1-1170x658.jpg 1170w, https:\/\/www.salzburgerland.com\/hu\/wp-content\/uploads\/2023\/03\/eisenhut-a-1280x1024-1-1200x675.jpg 1200w\" sizes=\"(max-width: 1170px) 100vw, 1170px\" aria-describedby=\"figcaption-18671-18676\" itemprop=\"thumbnail\"><\/a><\/div>\n\t\t\t\t\t\t<span id=\"figcaption-18671-18676\" class=\"gallery-caption\" itemprop=\"caption\"><span aria-hidden=\"true\">A k\u00e9k sisakvir\u00e1g er\u0151sen m\u00e9rgez\u0151 n\u00f6v\u00e9ny \u00a9 SalzburgerLand Magazin, Willi Bedek, Christine Fr\u00f6schl<\/span><\/span>\n\t\t\t\t\t<\/li>\n\t\t\t\t\t<li class=\"gallery-item col-3\" itemprop=\"associatedMedia\" itemscope itemtype=\"http:\/\/schema.org\/ImageObject\">\n\t\t\t\t\t\t<div class=\"gallery-icon landscape\"><a href=\"https:\/\/www.salzburgerland.com\/hu\/wp-content\/uploads\/2023\/03\/eibe_a-1280x1024-1.jpg\" title=\"A tiszafa term\u00e9se m\u00e9rgez\u0151\"><img decoding=\"async\" data-title=\"A tiszafa term\u00e9se m\u00e9rgez\u0151 \u00a9 SalzburgerLand Magazin, Willi Bedek, Christine Fr\u00f6schl\" title=\"A tiszafa term\u00e9se m\u00e9rgez\u0151 \u00a9 SalzburgerLand Magazin, Willi Bedek, Christine Fr\u00f6schl\" data-caption=\"A tiszafa term\u00e9se m\u00e9rgez\u0151 \u00a9 SalzburgerLand Magazin, Willi Bedek, Christine Fr\u00f6schl\" width=\"1170\" height=\"658\" src=\"https:\/\/www.salzburgerland.com\/hu\/wp-content\/uploads\/2023\/03\/eibe_a-1280x1024-1-1170x658.jpg\" class=\"attachment-1170_658 size-1170_658\" alt=\"K\u00f6zelk\u00e9p egy tiszafa\u00e1gr\u00f3l, m\u00e9rgez\u0151 n\u00f6v\u00e9nyekr\u0151l, t\u0171szer\u0171 levelekkel \u00e9s \u00e9l\u00e9nkpiros bogy\u00f3kkal. (Nagy\u00edtott n\u00e9zet)\" srcset=\"https:\/\/www.salzburgerland.com\/hu\/wp-content\/uploads\/2023\/03\/eibe_a-1280x1024-1-1170x658.jpg 1170w, https:\/\/www.salzburgerland.com\/hu\/wp-content\/uploads\/2023\/03\/eibe_a-1280x1024-1-1200x675.jpg 1200w\" sizes=\"(max-width: 1170px) 100vw, 1170px\" aria-describedby=\"figcaption-18671-18677\" itemprop=\"thumbnail\"><\/a><\/div>\n\t\t\t\t\t\t<span id=\"figcaption-18671-18677\" class=\"gallery-caption\" itemprop=\"caption\"><span aria-hidden=\"true\">A tiszafa term\u00e9se m\u00e9rgez\u0151 \u00a9 SalzburgerLand Magazin, Willi Bedek, Christine Fr\u00f6schl<\/span><\/span>\n\t\t\t\t\t<\/li>\n\t\t\t\t<\/ul>\n\t\t\t<\/div><!-- .gallery -->\n\n","protected":false},"excerpt":{"rendered":"<p>A csal\u00e1n, a gyermekl\u00e1ncf\u0171 \u00e9s t\u00e1rsainak gy\u00f3gyhat\u00e1sa sz\u00e9les k\u00f6rben ismert, \u00e9s sok \u00e9telnek vagy friss\u00edt\u0151 italnak adnak \u00e9rdekes sz\u00ednt. A vadon term\u0151 n\u00f6v\u00e9nyek \u00e9s term\u00e9seik vonzz\u00e1k az embereket. De vigy\u00e1zzon: el\u0151fordulnak m\u00e9rgez\u0151 n\u00f6v\u00e9nyek is. M\u00e9rg\u00fcket kis d\u00f3zisban olyan betegs\u00e9gek lek\u00fczd\u00e9s\u00e9re haszn\u00e1lj\u00e1k, mint p\u00e9ld\u00e1ul a r\u00e1k. T\u00faladagol\u00e1sa azonban v\u00e9gzetes lehet, \u00e9s a gyerekek m\u00e9g ink\u00e1bb \u00e9rz\u00e9kenyek, [&hellip;]<\/p>\n","protected":false},"author":21,"featured_media":18672,"comment_status":"closed","ping_status":"closed","sticky":false,"template":"","format":"standard","meta":{"_acf_changed":false,"wl_entities_gutenberg":"","_relevanssi_hide_post":"","_relevanssi_hide_content":"","_relevanssi_pin_for_all":"","_relevanssi_pin_keywords":"","_relevanssi_unpin_keywords":"","_relevanssi_related_keywords":"","_relevanssi_related_include_ids":"","_relevanssi_related_exclude_ids":"","_relevanssi_related_no_append":"","_relevanssi_related_not_related":"","_relevanssi_related_posts":"","_relevanssi_noindex_reason":"","footnotes":""},"categories":[1],"tags":[210,568,126,567],"wl_entity_type":[27],"class_list":["post-18671","post","type-post","status-publish","format-standard","has-post-thumbnail","hentry","category-uncategorized","tag-gyogynovenyek","tag-gyongyvirag","tag-medvehagyma","tag-mergezo-novenyek","wl_entity_type-article"],"acf":[],"yoast_head":"<!-- This site is optimized with the Yoast SEO Premium plugin v27.4 (Yoast SEO v27.4) - https:\/\/yoast.com\/product\/yoast-seo-premium-wordpress\/ -->\n<title>M\u00e9rgez\u0151 n\u00f6v\u00e9nyek \u00e9s bogy\u00f3k \u00bb SalzburgerLand.com<\/title>\n<meta name=\"description\" content=\"A vadon term\u0151 gy\u00f3gyn\u00f6v\u00e9nyek \u00e9s term\u00e9seik vonzz\u00e1k az embereket. De vigy\u00e1zzon: el\u0151fordulnak k\u00f6z\u00f6tt\u00fck m\u00e9rgez\u0151 n\u00f6v\u00e9nyek is.\" \/>\n<meta name=\"robots\" content=\"index, follow, max-snippet:-1, max-image-preview:large, max-video-preview:-1\" \/>\n<link rel=\"canonical\" href=\"https:\/\/www.salzburgerland.com\/hu\/mergezo-novenyek-es-bogyok\/\" \/>\n<meta property=\"og:locale\" content=\"hu_HU\" \/>\n<meta property=\"og:type\" content=\"article\" \/>\n<meta property=\"og:title\" content=\"M\u00e9rgez\u0151 n\u00f6v\u00e9nyek \u00e9s bogy\u00f3k\" \/>\n<meta property=\"og:description\" content=\"A csal\u00e1n, a gyermekl\u00e1ncf\u0171 \u00e9s t\u00e1rsainak gy\u00f3gyhat\u00e1sa sz\u00e9les k\u00f6rben ismert, \u00e9s sok \u00e9telnek vagy friss\u00edt\u0151 italnak adnak \u00e9rdekes sz\u00ednt. A vadon term\u0151 n\u00f6v\u00e9nyek\" \/>\n<meta property=\"og:url\" content=\"https:\/\/www.salzburgerland.com\/hu\/mergezo-novenyek-es-bogyok\/\" \/>\n<meta property=\"og:site_name\" content=\"SalzburgerLand.com\" \/>\n<meta property=\"article:publisher\" content=\"https:\/\/www.facebook.com\/visitsalzburgerland\/\" \/>\n<meta property=\"article:published_time\" content=\"2023-03-19T20:48:19+00:00\" \/>\n<meta property=\"article:modified_time\" content=\"2023-03-19T20:54:50+00:00\" \/>\n<meta property=\"og:image\" content=\"https:\/\/www.salzburgerland.com\/hu\/wp-content\/uploads\/2023\/03\/schau-genau-1280x1024-1-1170x658-1.jpg\" \/>\n\t<meta property=\"og:image:width\" content=\"1170\" \/>\n\t<meta property=\"og:image:height\" content=\"658\" \/>\n\t<meta property=\"og:image:type\" content=\"image\/jpeg\" \/>\n<meta name=\"author\" content=\"Hajnalka K\u00e1di\" \/>\n<meta name=\"twitter:card\" content=\"summary_large_image\" \/>\n<meta name=\"twitter:creator\" content=\"@salzburgerland\" \/>\n<meta name=\"twitter:site\" content=\"@salzburgerland\" \/>\n<meta name=\"twitter:label1\" content=\"Szerz\u0151:\" \/>\n\t<meta name=\"twitter:data1\" content=\"Hajnalka K\u00e1di\" \/>\n\t<meta name=\"twitter:label2\" content=\"Becs\u00fclt olvas\u00e1si id\u0151\" \/>\n\t<meta name=\"twitter:data2\" content=\"4 perc\" \/>\n<script type=\"application\/ld+json\" class=\"yoast-schema-graph\">{\"@context\":\"https:\\\/\\\/schema.org\",\"@graph\":[{\"@type\":\"Article\",\"@id\":\"https:\\\/\\\/www.salzburgerland.com\\\/hu\\\/mergezo-novenyek-es-bogyok\\\/#article\",\"isPartOf\":{\"@id\":\"https:\\\/\\\/www.salzburgerland.com\\\/hu\\\/mergezo-novenyek-es-bogyok\\\/\"},\"author\":{\"name\":\"Hajnalka K\u00e1di\",\"@id\":\"https:\\\/\\\/www.salzburgerland.com\\\/hu\\\/#\\\/schema\\\/person\\\/e4905df070d9b3c52e1e4c730b26aa5a\"},\"headline\":\"M\u00e9rgez\u0151 n\u00f6v\u00e9nyek \u00e9s bogy\u00f3k\",\"datePublished\":\"2023-03-19T20:48:19+00:00\",\"dateModified\":\"2023-03-19T20:54:50+00:00\",\"mainEntityOfPage\":{\"@id\":\"https:\\\/\\\/www.salzburgerland.com\\\/hu\\\/mergezo-novenyek-es-bogyok\\\/\"},\"wordCount\":793,\"image\":{\"@id\":\"https:\\\/\\\/www.salzburgerland.com\\\/hu\\\/mergezo-novenyek-es-bogyok\\\/#primaryimage\"},\"thumbnailUrl\":\"https:\\\/\\\/www.salzburgerland.com\\\/hu\\\/wp-content\\\/uploads\\\/2023\\\/03\\\/schau-genau-1280x1024-1-1170x658-1.jpg\",\"keywords\":[\"gy\u00f3gyn\u00f6v\u00e9nyek\",\"gy\u00f6ngyvir\u00e1g\",\"medvehagyma\",\"m\u00e9rgez\u0151 n\u00f6v\u00e9nyek\"],\"articleSection\":[\"Uncategorized\"],\"inLanguage\":\"hu\"},{\"@type\":\"WebPage\",\"@id\":\"https:\\\/\\\/www.salzburgerland.com\\\/hu\\\/mergezo-novenyek-es-bogyok\\\/\",\"url\":\"https:\\\/\\\/www.salzburgerland.com\\\/hu\\\/mergezo-novenyek-es-bogyok\\\/\",\"name\":\"M\u00e9rgez\u0151 n\u00f6v\u00e9nyek \u00e9s bogy\u00f3k \u00bb SalzburgerLand.com\",\"isPartOf\":{\"@id\":\"https:\\\/\\\/www.salzburgerland.com\\\/hu\\\/#website\"},\"primaryImageOfPage\":{\"@id\":\"https:\\\/\\\/www.salzburgerland.com\\\/hu\\\/mergezo-novenyek-es-bogyok\\\/#primaryimage\"},\"image\":{\"@id\":\"https:\\\/\\\/www.salzburgerland.com\\\/hu\\\/mergezo-novenyek-es-bogyok\\\/#primaryimage\"},\"thumbnailUrl\":\"https:\\\/\\\/www.salzburgerland.com\\\/hu\\\/wp-content\\\/uploads\\\/2023\\\/03\\\/schau-genau-1280x1024-1-1170x658-1.jpg\",\"datePublished\":\"2023-03-19T20:48:19+00:00\",\"dateModified\":\"2023-03-19T20:54:50+00:00\",\"author\":{\"@id\":\"https:\\\/\\\/www.salzburgerland.com\\\/hu\\\/#\\\/schema\\\/person\\\/e4905df070d9b3c52e1e4c730b26aa5a\"},\"description\":\"A vadon term\u0151 gy\u00f3gyn\u00f6v\u00e9nyek \u00e9s term\u00e9seik vonzz\u00e1k az embereket. De vigy\u00e1zzon: el\u0151fordulnak k\u00f6z\u00f6tt\u00fck m\u00e9rgez\u0151 n\u00f6v\u00e9nyek is.\",\"breadcrumb\":{\"@id\":\"https:\\\/\\\/www.salzburgerland.com\\\/hu\\\/mergezo-novenyek-es-bogyok\\\/#breadcrumb\"},\"inLanguage\":\"hu\",\"potentialAction\":[{\"@type\":\"ReadAction\",\"target\":[\"https:\\\/\\\/www.salzburgerland.com\\\/hu\\\/mergezo-novenyek-es-bogyok\\\/\"]}]},{\"@type\":\"ImageObject\",\"inLanguage\":\"hu\",\"@id\":\"https:\\\/\\\/www.salzburgerland.com\\\/hu\\\/mergezo-novenyek-es-bogyok\\\/#primaryimage\",\"url\":\"https:\\\/\\\/www.salzburgerland.com\\\/hu\\\/wp-content\\\/uploads\\\/2023\\\/03\\\/schau-genau-1280x1024-1-1170x658-1.jpg\",\"contentUrl\":\"https:\\\/\\\/www.salzburgerland.com\\\/hu\\\/wp-content\\\/uploads\\\/2023\\\/03\\\/schau-genau-1280x1024-1-1170x658-1.jpg\",\"width\":1170,\"height\":658,\"caption\":\"Ha vadon \u00e9l\u0151 n\u00f6v\u00e9nyeket gy\u0171jt, ne feledje, hogy mindig alaposan vizsg\u00e1lja meg \u0151ket \u00a9 SalzburgerLand Tourismus, Willi Bedek, Christine Fr\u00f6schl\"},{\"@type\":\"BreadcrumbList\",\"@id\":\"https:\\\/\\\/www.salzburgerland.com\\\/hu\\\/mergezo-novenyek-es-bogyok\\\/#breadcrumb\",\"itemListElement\":[{\"@type\":\"ListItem\",\"position\":1,\"name\":\"A salzburgi gy\u00f3gyn\u00f6v\u00e9nyek vil\u00e1ga\",\"item\":\"https:\\\/\\\/www.salzburgerland.com\\\/hu\\\/a-salzburgi-gyogynovenyek-vilaga\\\/\"},{\"@type\":\"ListItem\",\"position\":2,\"name\":\"M\u00e9rgez\u0151 n\u00f6v\u00e9nyek \u00e9s bogy\u00f3k\"}]},{\"@type\":\"WebSite\",\"@id\":\"https:\\\/\\\/www.salzburgerland.com\\\/hu\\\/#website\",\"url\":\"https:\\\/\\\/www.salzburgerland.com\\\/hu\\\/\",\"name\":\"SalzburgerLand.com\",\"description\":\"\u00dcd\u00fcl\u00e9s Ausztri\u00e1ban, Salzburg tartom\u00e1nyban\",\"potentialAction\":[{\"@type\":\"SearchAction\",\"target\":{\"@type\":\"EntryPoint\",\"urlTemplate\":\"https:\\\/\\\/www.salzburgerland.com\\\/hu\\\/?s={search_term_string}\"},\"query-input\":{\"@type\":\"PropertyValueSpecification\",\"valueRequired\":true,\"valueName\":\"search_term_string\"}}],\"inLanguage\":\"hu\"},{\"@type\":\"Person\",\"@id\":\"https:\\\/\\\/www.salzburgerland.com\\\/hu\\\/#\\\/schema\\\/person\\\/e4905df070d9b3c52e1e4c730b26aa5a\",\"name\":\"Hajnalka K\u00e1di\",\"image\":{\"@type\":\"ImageObject\",\"inLanguage\":\"hu\",\"@id\":\"https:\\\/\\\/secure.gravatar.com\\\/avatar\\\/e8c1eecf3b2c49d295cebc6aba0de06d13ec77aa0cf9ccec32725949011b69d2?s=96&d=mm&r=g\",\"url\":\"https:\\\/\\\/secure.gravatar.com\\\/avatar\\\/e8c1eecf3b2c49d295cebc6aba0de06d13ec77aa0cf9ccec32725949011b69d2?s=96&d=mm&r=g\",\"contentUrl\":\"https:\\\/\\\/secure.gravatar.com\\\/avatar\\\/e8c1eecf3b2c49d295cebc6aba0de06d13ec77aa0cf9ccec32725949011b69d2?s=96&d=mm&r=g\",\"caption\":\"Hajnalka K\u00e1di\"}}]}<\/script>\n<meta property=\"og:video\" content=\"https:\/\/www.youtube.com\/embed\/-ozcxb6Zhy8\" \/>\n<meta property=\"og:video:type\" content=\"text\/html\" \/>\n<meta property=\"og:video:duration\" content=\"194\" \/>\n<meta property=\"og:video:width\" content=\"480\" \/>\n<meta property=\"og:video:height\" content=\"270\" \/>\n<meta property=\"ya:ovs:adult\" content=\"false\" \/>\n<meta property=\"ya:ovs:upload_date\" content=\"2023-03-19T20:48:19+00:00\" \/>\n<meta property=\"ya:ovs:allow_embed\" content=\"true\" \/>\n<!-- \/ Yoast SEO Premium plugin. -->","yoast_head_json":{"title":"M\u00e9rgez\u0151 n\u00f6v\u00e9nyek \u00e9s bogy\u00f3k \u00bb SalzburgerLand.com","description":"A vadon term\u0151 gy\u00f3gyn\u00f6v\u00e9nyek \u00e9s term\u00e9seik vonzz\u00e1k az embereket. De vigy\u00e1zzon: el\u0151fordulnak k\u00f6z\u00f6tt\u00fck m\u00e9rgez\u0151 n\u00f6v\u00e9nyek is.","robots":{"index":"index","follow":"follow","max-snippet":"max-snippet:-1","max-image-preview":"max-image-preview:large","max-video-preview":"max-video-preview:-1"},"canonical":"https:\/\/www.salzburgerland.com\/hu\/mergezo-novenyek-es-bogyok\/","og_locale":"hu_HU","og_type":"article","og_title":"M\u00e9rgez\u0151 n\u00f6v\u00e9nyek \u00e9s bogy\u00f3k","og_description":"A csal\u00e1n, a gyermekl\u00e1ncf\u0171 \u00e9s t\u00e1rsainak gy\u00f3gyhat\u00e1sa sz\u00e9les k\u00f6rben ismert, \u00e9s sok \u00e9telnek vagy friss\u00edt\u0151 italnak adnak \u00e9rdekes sz\u00ednt. A vadon term\u0151 n\u00f6v\u00e9nyek","og_url":"https:\/\/www.salzburgerland.com\/hu\/mergezo-novenyek-es-bogyok\/","og_site_name":"SalzburgerLand.com","article_publisher":"https:\/\/www.facebook.com\/visitsalzburgerland\/","article_published_time":"2023-03-19T20:48:19+00:00","article_modified_time":"2023-03-19T20:54:50+00:00","og_image":[{"url":"https:\/\/www.salzburgerland.com\/hu\/wp-content\/uploads\/2023\/03\/schau-genau-1280x1024-1-1170x658-1.jpg","width":1170,"height":658,"type":"image\/jpeg"}],"author":"Hajnalka K\u00e1di","twitter_card":"summary_large_image","twitter_creator":"@salzburgerland","twitter_site":"@salzburgerland","twitter_misc":{"Szerz\u0151:":"Hajnalka K\u00e1di","Becs\u00fclt olvas\u00e1si id\u0151":"4 perc"},"schema":{"@context":"https:\/\/schema.org","@graph":[{"@type":"Article","@id":"https:\/\/www.salzburgerland.com\/hu\/mergezo-novenyek-es-bogyok\/#article","isPartOf":{"@id":"https:\/\/www.salzburgerland.com\/hu\/mergezo-novenyek-es-bogyok\/"},"author":{"name":"Hajnalka K\u00e1di","@id":"https:\/\/www.salzburgerland.com\/hu\/#\/schema\/person\/e4905df070d9b3c52e1e4c730b26aa5a"},"headline":"M\u00e9rgez\u0151 n\u00f6v\u00e9nyek \u00e9s bogy\u00f3k","datePublished":"2023-03-19T20:48:19+00:00","dateModified":"2023-03-19T20:54:50+00:00","mainEntityOfPage":{"@id":"https:\/\/www.salzburgerland.com\/hu\/mergezo-novenyek-es-bogyok\/"},"wordCount":793,"image":{"@id":"https:\/\/www.salzburgerland.com\/hu\/mergezo-novenyek-es-bogyok\/#primaryimage"},"thumbnailUrl":"https:\/\/www.salzburgerland.com\/hu\/wp-content\/uploads\/2023\/03\/schau-genau-1280x1024-1-1170x658-1.jpg","keywords":["gy\u00f3gyn\u00f6v\u00e9nyek","gy\u00f6ngyvir\u00e1g","medvehagyma","m\u00e9rgez\u0151 n\u00f6v\u00e9nyek"],"articleSection":["Uncategorized"],"inLanguage":"hu"},{"@type":"WebPage","@id":"https:\/\/www.salzburgerland.com\/hu\/mergezo-novenyek-es-bogyok\/","url":"https:\/\/www.salzburgerland.com\/hu\/mergezo-novenyek-es-bogyok\/","name":"M\u00e9rgez\u0151 n\u00f6v\u00e9nyek \u00e9s bogy\u00f3k \u00bb SalzburgerLand.com","isPartOf":{"@id":"https:\/\/www.salzburgerland.com\/hu\/#website"},"primaryImageOfPage":{"@id":"https:\/\/www.salzburgerland.com\/hu\/mergezo-novenyek-es-bogyok\/#primaryimage"},"image":{"@id":"https:\/\/www.salzburgerland.com\/hu\/mergezo-novenyek-es-bogyok\/#primaryimage"},"thumbnailUrl":"https:\/\/www.salzburgerland.com\/hu\/wp-content\/uploads\/2023\/03\/schau-genau-1280x1024-1-1170x658-1.jpg","datePublished":"2023-03-19T20:48:19+00:00","dateModified":"2023-03-19T20:54:50+00:00","author":{"@id":"https:\/\/www.salzburgerland.com\/hu\/#\/schema\/person\/e4905df070d9b3c52e1e4c730b26aa5a"},"description":"A vadon term\u0151 gy\u00f3gyn\u00f6v\u00e9nyek \u00e9s term\u00e9seik vonzz\u00e1k az embereket. De vigy\u00e1zzon: el\u0151fordulnak k\u00f6z\u00f6tt\u00fck m\u00e9rgez\u0151 n\u00f6v\u00e9nyek is.","breadcrumb":{"@id":"https:\/\/www.salzburgerland.com\/hu\/mergezo-novenyek-es-bogyok\/#breadcrumb"},"inLanguage":"hu","potentialAction":[{"@type":"ReadAction","target":["https:\/\/www.salzburgerland.com\/hu\/mergezo-novenyek-es-bogyok\/"]}]},{"@type":"ImageObject","inLanguage":"hu","@id":"https:\/\/www.salzburgerland.com\/hu\/mergezo-novenyek-es-bogyok\/#primaryimage","url":"https:\/\/www.salzburgerland.com\/hu\/wp-content\/uploads\/2023\/03\/schau-genau-1280x1024-1-1170x658-1.jpg","contentUrl":"https:\/\/www.salzburgerland.com\/hu\/wp-content\/uploads\/2023\/03\/schau-genau-1280x1024-1-1170x658-1.jpg","width":1170,"height":658,"caption":"Ha vadon \u00e9l\u0151 n\u00f6v\u00e9nyeket gy\u0171jt, ne feledje, hogy mindig alaposan vizsg\u00e1lja meg \u0151ket \u00a9 SalzburgerLand Tourismus, Willi Bedek, Christine Fr\u00f6schl"},{"@type":"BreadcrumbList","@id":"https:\/\/www.salzburgerland.com\/hu\/mergezo-novenyek-es-bogyok\/#breadcrumb","itemListElement":[{"@type":"ListItem","position":1,"name":"A salzburgi gy\u00f3gyn\u00f6v\u00e9nyek vil\u00e1ga","item":"https:\/\/www.salzburgerland.com\/hu\/a-salzburgi-gyogynovenyek-vilaga\/"},{"@type":"ListItem","position":2,"name":"M\u00e9rgez\u0151 n\u00f6v\u00e9nyek \u00e9s bogy\u00f3k"}]},{"@type":"WebSite","@id":"https:\/\/www.salzburgerland.com\/hu\/#website","url":"https:\/\/www.salzburgerland.com\/hu\/","name":"SalzburgerLand.com","description":"\u00dcd\u00fcl\u00e9s Ausztri\u00e1ban, Salzburg tartom\u00e1nyban","potentialAction":[{"@type":"SearchAction","target":{"@type":"EntryPoint","urlTemplate":"https:\/\/www.salzburgerland.com\/hu\/?s={search_term_string}"},"query-input":{"@type":"PropertyValueSpecification","valueRequired":true,"valueName":"search_term_string"}}],"inLanguage":"hu"},{"@type":"Person","@id":"https:\/\/www.salzburgerland.com\/hu\/#\/schema\/person\/e4905df070d9b3c52e1e4c730b26aa5a","name":"Hajnalka K\u00e1di","image":{"@type":"ImageObject","inLanguage":"hu","@id":"https:\/\/secure.gravatar.com\/avatar\/e8c1eecf3b2c49d295cebc6aba0de06d13ec77aa0cf9ccec32725949011b69d2?s=96&d=mm&r=g","url":"https:\/\/secure.gravatar.com\/avatar\/e8c1eecf3b2c49d295cebc6aba0de06d13ec77aa0cf9ccec32725949011b69d2?s=96&d=mm&r=g","contentUrl":"https:\/\/secure.gravatar.com\/avatar\/e8c1eecf3b2c49d295cebc6aba0de06d13ec77aa0cf9ccec32725949011b69d2?s=96&d=mm&r=g","caption":"Hajnalka K\u00e1di"}}]},"og_video":"https:\/\/www.youtube.com\/embed\/-ozcxb6Zhy8","og_video_type":"text\/html","og_video_duration":"194","og_video_width":"480","og_video_height":"270","ya_ovs_adult":"false","ya_ovs_upload_date":"2023-03-19T20:48:19+00:00","ya_ovs_allow_embed":"true"},"_wl_alt_label":[],"wl:entity_url":"http:\/\/open.salzburgerland.com\/hu\/post\/mergezo-novenyek-es-bogyok-18671","_links":{"self":[{"href":"https:\/\/www.salzburgerland.com\/hu\/wp-json\/wp\/v2\/posts\/18671","targetHints":{"allow":["GET"]}}],"collection":[{"href":"https:\/\/www.salzburgerland.com\/hu\/wp-json\/wp\/v2\/posts"}],"about":[{"href":"https:\/\/www.salzburgerland.com\/hu\/wp-json\/wp\/v2\/types\/post"}],"author":[{"embeddable":true,"href":"https:\/\/www.salzburgerland.com\/hu\/wp-json\/wp\/v2\/users\/21"}],"replies":[{"embeddable":true,"href":"https:\/\/www.salzburgerland.com\/hu\/wp-json\/wp\/v2\/comments?post=18671"}],"version-history":[{"count":5,"href":"https:\/\/www.salzburgerland.com\/hu\/wp-json\/wp\/v2\/posts\/18671\/revisions"}],"predecessor-version":[{"id":18694,"href":"https:\/\/www.salzburgerland.com\/hu\/wp-json\/wp\/v2\/posts\/18671\/revisions\/18694"}],"wp:featuredmedia":[{"embeddable":true,"href":"https:\/\/www.salzburgerland.com\/hu\/wp-json\/wp\/v2\/media\/18672"}],"wp:attachment":[{"href":"https:\/\/www.salzburgerland.com\/hu\/wp-json\/wp\/v2\/media?parent=18671"}],"wp:term":[{"taxonomy":"category","embeddable":true,"href":"https:\/\/www.salzburgerland.com\/hu\/wp-json\/wp\/v2\/categories?post=18671"},{"taxonomy":"post_tag","embeddable":true,"href":"https:\/\/www.salzburgerland.com\/hu\/wp-json\/wp\/v2\/tags?post=18671"},{"taxonomy":"wl_entity_type","embeddable":true,"href":"https:\/\/www.salzburgerland.com\/hu\/wp-json\/wp\/v2\/wl_entity_type?post=18671"}],"curies":[{"name":"wp","href":"https:\/\/api.w.org\/{rel}","templated":true}]}}