{"id":18002,"date":"2022-11-15T16:17:29","date_gmt":"2022-11-15T15:17:29","guid":{"rendered":"https:\/\/www.salzburgerland.com\/hu\/?p=18002"},"modified":"2022-11-15T16:17:32","modified_gmt":"2022-11-15T15:17:32","slug":"a-csendes-ej-dal-letrejottenek-idovonala","status":"publish","type":"post","link":"https:\/\/www.salzburgerland.com\/hu\/a-csendes-ej-dal-letrejottenek-idovonala\/","title":{"rendered":"A Csendes \u00e9j dal l\u00e9trej\u00f6tt\u00e9nek id\u0151vonala"},"content":{"rendered":"<p><strong>1787<br>\nHochburg<br>\n<\/strong>Franz Xaver Gruber 1787. november 25-\u00e9n sz\u00fcletett a hochburg-i Steinpoints\u00f6lde-ben, az Unterweizberg 9. sz\u00e1m alatt, a keresztel\u00e9si anyak\u00f6nyvben \u201eConrad Xavier\u201d n\u00e9ven szerepel, amelyet k\u00e9s\u0151bb \u201eFranz Xaver\u201d-re v\u00e1ltoztat.<\/p>\n<p><strong>1792<br>\nSalzburg<br>\n<\/strong>Josephus Franciscus Mohr 1792. december 11-\u00e9n sz\u00fcletett Anna Schoiberin k\u00f6t\u0151n\u0151 \u00e9s Franz Mohr (Moor) dezert\u00e1lt musk\u00e9t\u00e1s fiak\u00e9nt.<\/p>\n<p><strong>1807-1829<br>\nArnsdorf-Lamprechtshausen<br>\n<\/strong>Franz Xaver Gruber tan\u00e1r lesz Arnsdorfban; 1807. november 12-\u00e9n nevezt\u00e9k ki. 816-ban \u00e1tveszi az \u00fajonnan l\u00e9trehozott oberndorf-i pl\u00e9b\u00e1nia orgonista feladatait. 1829-ben elhagyja Arnsdorf-ot, mivel nem \u00e9ri el c\u00e9lj\u00e1t, hogy Oberndorf-ban tan\u00e1r legyen.<\/p>\n<p><strong>1815<br>\nSalzburg<br>\n<\/strong>1815. augusztus 21-\u00e9n Joseph Mohr-t papp\u00e1 szentelik.<\/p>\n<p><strong>1815<br>\nRamsau bei Berchtesgaden<br>\n<\/strong>Joseph Mohr papi seg\u00edts\u00e9get ny\u00fajt a Berchtesgaden melletti Ramsau-ban.<\/p>\n<p><strong>1815-1817<br>\nMariapfarr<br>\n<\/strong>Joseph Mohr koadjutor a Mariapfarr pl\u00e9b\u00e1ni\u00e1n.<\/p>\n<p><strong>1816<br>\nMariapfarr<br>\n<\/strong>Joseph Mohr Mariapfarr-ban \u00edrta a Csendes \u00e9j sz\u00f6veg\u00e9t, verses form\u00e1ban.<\/p>\n<p><strong>1817 \u2013 1819<br>\nOberndorf<br>\n<\/strong>Joseph Mohr az oberndorf-i Szent Nicola pl\u00e9b\u00e1nia koadjutora.<\/p>\n<p><strong>1818<br>\nOberndorf<br>\n<\/strong>Az \u201eeredeti\u201d, Franz Xaver Gruber \u201eAutograph I\u201d c\u00edm\u0171, k\u00e9t sz\u00f3l\u00f3hangra, k\u00f3rusra \u00e9s git\u00e1rk\u00eds\u00e9retre \u00edrt m\u0171ve 1818. december 24-\u00e9n sz\u00fcletett; elveszett.<\/p>\n<p><strong>1818<br>\nOberndorf<br>\n<\/strong>Csendes \u00e9j dalt el\u0151sz\u00f6r kar\u00e1csonyeste \u00e9nekelt\u00e9k a Salzburg melletti Oberndorf-ban tal\u00e1lhat\u00f3 Szent Nicola templom-ban.<\/p>\n<p><strong>1819-1820<br>\nKuchl<br>\n<\/strong>Joseph Mohr koadjutor a Kuchl pl\u00e9b\u00e1ni\u00e1n.<\/p>\n<p><strong>1819<br>\nWaidring in Tirol<br>\n<\/strong>A h\u00e9t str\u00f3f\u00e1b\u00f3l \u00e1ll\u00f3 \u00e9nek 1819. j\u00falius 22-i d\u00e1tummal Blasius Wimmer waidring-i orgonista \u00e9s tan\u00e1r (elveszett) templomi \u00e9nekesk\u00f6nyv\u00e9ben tal\u00e1lhat\u00f3. Felt\u00e9telez\u00e9sek szerint a zillertal-i orgona\u00e9p\u00edt\u0151 Carl Mauracher hozta ide a dalt, miut\u00e1n Oberndorf-ban \u00e9s Arnsdorf-ban templomi orgon\u00e1kat jav\u00edtott, amikor a Strub-h\u00e1g\u00f3n \u00e1t vezet\u0151 \u00fatja sor\u00e1n meg\u00e1llt Waidring-ben.<\/p>\n<p><strong>1819<br>\nFu\u0308gen im Zillertal<br>\n<\/strong>Az eredeti Rainer \u00e9nekesek \u00e9neklik az \u00e9neket a f\u00fcgen-i templomban 1819 kar\u00e1csony est\u00e9j\u00e9n.<\/p>\n<p><strong>1820-1821<br>\nGolling<br>\n<\/strong>Joseph Mohr koadjutor a golling-i pl\u00e9b\u00e1ni\u00e1n.<\/p>\n<p><strong>1821-1822<br>\nVigaun<br>\n<\/strong>Joseph Mohr koadjutor a vigaun-i pl\u00e9b\u00e1ni\u00e1n; ideiglenes munk\u00e1k Adnet-ben \u00e9s Krispl-ben.<\/p>\n<p><strong>1822-1824<br>\nAnthering<br>\n<\/strong>Joseph Mohr az anthering-i pl\u00e9b\u00e1nia koadjutora<\/p>\n<p><strong>1822<br>\nSalzburg<br>\n<\/strong>Johann Baptist Weindl, Salzburg sz\u00e9kesegyh\u00e1zi karnagya \u00e9s a v\u00e1rosi pl\u00e9b\u00e1nia k\u00f3rus\u00e1nak r\u00e9gense r\u00f6gz\u00edti a dalt.<\/p>\n<p><strong>1822<br>\nFu\u0308gen im Zillertal<br>\n<\/strong>A Rainer-\u00e9nekesek a dalt I. Ferenc cs\u00e1sz\u00e1r \u00e9s I. S\u00e1ndor c\u00e1r l\u00e1togat\u00e1sa alkalm\u00e1b\u00f3l \u00e9neklik a gr\u00f3f D\u00f6nhoff (ma \u201eBubenburg\u201d) f\u00fcgen-i kast\u00e9ly\u00e1ban.<\/p>\n<p><strong>1824-1827<br>\nEugendorf<br>\n<\/strong>Joseph Mohr koadjutor az eugendorf-i pl\u00e9b\u00e1ni\u00e1n.<\/p>\n<p><strong>1827<br>\nHof bei Salzburg<br>\n<\/strong>Joseph Mohr vikari\u00e1tusi provizor a hof-i pl\u00e9b\u00e1ni\u00e1n.<\/p>\n<p><strong>1827-1837<br>\nHintersee<br>\n<\/strong>Joseph Mohr ideiglenes vik\u00e1ri\u00e1tus (1827-1828) \u00e9s pl\u00e9b\u00e1nos (1828-1837) Hintersee pl\u00e9b\u00e1ni\u00e1n, ahol el\u0151sz\u00f6r vezet \u00f6n\u00e1ll\u00f3an pl\u00e9b\u00e1ni\u00e1t.<\/p>\n<p><strong>1829-1835<br>\nBerndorf<br>\n<\/strong>Franz Xaver Gruber tan\u00e1r \u00e9s orgonista Berndorf-ban.<\/p>\n<p><strong>Um 1830<br>\nLinz<br>\n<\/strong>III. k\u00e9zirat k\u00e9t sz\u00f3l\u00f3sz\u00f3lamra, k\u00f3rusra \u00e9s orgon\u00e1ra, Gruber m\u00e1solata, melyet Andreas Wagner tan\u00e1rnak \u00edrt Uttendorf-ban (elveszett). A Johann Georg Huber \u00e1ltal Linzben kiadott Csendes \u00e9j kar\u00e1csonyi gyermekj\u00e1t\u00e9k (1885) nyomtatott v\u00e1ltozata maradt fenn.<\/p>\n<p><strong>1832<br>\nLeipzig<br>\n<\/strong>A \u201eLeipziger Tagblatt\u201d 1832. december 15-\u00e9n azt \u00edrta, hogy a Strasser csal\u00e1d egy koncerten adta el\u0151 a dalt. Lehets\u00e9ges, hogy a Rainer (F\u00fcgen) \u00e9s a Strasser (Laimach) \u00e9nekes csal\u00e1dok m\u00e1r kor\u00e1bban is el\u0151adt\u00e1k ezt a m\u0171vet utaz\u00e1saik sor\u00e1n.<\/p>\n<p><strong>1833<br>\n<\/strong>Feltehet\u0151en ebben az \u00e9vben A. R. Friese kiad\u00f3 (Drezda \u00e9s Lipcse) a \u201eVier \u00e4chte Tyroler Lieder\u201d (N\u00e9gy hiteles tiroli dal) c\u00edm\u0171 zenei kiadv\u00e1nyban nyomtatta ki a dalt Csendes \u00e9j c\u00edmmel, de az alkot\u00f3k nevei n\u00e9lk\u00fcl, \u00e9s jelent\u0151sen megv\u00e1ltoztatva.<\/p>\n<p><strong>1835-1863<br>\nHallein<br>\n<\/strong>Franz Xaver Gruber k\u00f3rusvezet\u0151, orgonista \u00e9s pl\u00e9b\u00e1niai munkat\u00e1rs a hallein-i pl\u00e9b\u00e1ni\u00e1n (1935. j\u00falius 2-t\u00f3l), \u00e9s csal\u00e1dj\u00e1val a v\u00e1rosi pl\u00e9b\u00e1niatemplommal szemben l\u00e9v\u0151 \u201eMesnerhaus\u201d-ban lakik. 1848-ban egyik alap\u00edt\u00f3 tagja a Halleiner Liedertafel-nek, amelyet legid\u0151sebb fia, Franz alap\u00edt. 1863. j\u00fanius 7-\u00e9n, 76 \u00e9ves kor\u00e1ban meghal.<\/p>\n<p><strong>1836-1843<br>\nForstau<br>\n<\/strong>Joseph Wernspacher, Forstau pl\u00e9b\u00e1nosa feljegyezte a dalt.<\/p>\n<p><strong>1836<br>\nHallein<br>\n<\/strong>A IV. k\u00e9ziratot 1836. december 12-\u00e9n keltezve, k\u00e9t sz\u00f3l\u00f3hangra, n\u00e9gysz\u00f3lam\u00fa k\u00f3rusra, fuvol\u00e1ra, k\u00e9t klarin\u00e9tra, fagottra, k\u00e9t k\u00fcrtre, k\u00e9t heged\u0171re, br\u00e1cs\u00e1ra, nagyb\u0151g\u0151re \u00e9s orgon\u00e1ra; a Hallein-i Kelta M\u00fazeum Csendes \u00c9j M\u00fazeum\u00e1ban \u0151rzik.<\/p>\n<p><strong>1837-1848<br>\nWagrain<br>\n<\/strong>Joseph Mohr pl\u00e9b\u00e1nos a wagrain-i pl\u00e9b\u00e1ni\u00e1n, ahol 1848. december 4-\u00e9n meg is hal.<\/p>\n<p><strong>1839<br>\nNew York<br>\n<\/strong>A Rainer-\u00e9nekesek elviszik az \u00e9neket Amerik\u00e1ba, ahol 1839 kar\u00e1csony\u00e1n New Yorkban, a Wall Street v\u00e9g\u00e9n l\u00e9v\u0151 Trinity Church temet\u0151ben l\u00e9v\u0151 Alexander Hamilton-eml\u00e9km\u0171 el\u0151tt \u00e9neklik 1839 kar\u00e1csony\u00e1n.<\/p>\n<p><strong>1843<br>\nUttendorf im Innviertel<br>\n<\/strong>Johann Schober, az iskola tan\u00e1ra r\u00f6gz\u00edti a dalt.<\/p>\n<p><strong>Um 1845<br>\nHallein<br>\n<\/strong>Az V. k\u00e9zirat k\u00e9t sz\u00f3l\u00f3hangra, n\u00e9gysz\u00f3lam\u00fa k\u00f3rusra, k\u00e9t k\u00fcrtre, k\u00e9t heged\u0171re, csell\u00f3ra \u00e9s orgon\u00e1ra; az \u00fagynevezett \u201ek\u00fcrtv\u00e1ltozat\u201d a Halleini Kelta M\u00fazeum Csendes \u00e9j arch\u00edvum\u00e1ban tal\u00e1lhat\u00f3.<\/p>\n<p><strong>1848<br>\nWagrain<br>\n<\/strong>Joseph Mohr pl\u00e9b\u00e1nos 1848. december 4-\u00e9n Wagrain-ban t\u00fcd\u0151gyullad\u00e1sban meghal.<\/p>\n<p><strong>1854<br>\nSalzburg<br>\n<\/strong>A berlini kir\u00e1lyi porosz udvari k\u00e1polna kutat\u00e1sa a salzburgi Szent P\u00e9ter benc\u00e9s ap\u00e1ts\u00e1gban a dal alkot\u00f3ir\u00f3l. Gruber ekkor \u00edrta meg az \u201eAuthentische Veranlassung\u201d\u00a0 (\u201eHiteles ind\u00edt\u00e9k\u201d) c\u00edm\u0171 m\u0171v\u00e9t, amely 1854. december 30-\u00e1n kelt, \u00e9s le\u00edrja benne a Csendes \u00e9j dal eredet\u00e9t. A Hallein-i Kelta M\u00fazeum Csendes \u00e9j arch\u00edvum\u00e1ban tal\u00e1lhat\u00f3 a m\u0171.<\/p>\n<p><strong>1854<br>\nHallein<br>\n<\/strong>A VI. k\u00e9zirat, amelyet Gruber a \u201eAuthentische Veranlassung\u201d c\u00edm\u0171 m\u0171v\u00e9vel egy\u00fctt k\u00fcld Berlinbe, elveszett.<\/p>\n<p><strong>Um 1854<br>\nHallein<br>\n<\/strong>A II. k\u00e9zirat k\u00e9t sz\u00f3lamra \u00e9s k\u00f3rusra, k\u00eds\u00e9ret n\u00e9lk\u00fcl, a Hallein-i Kelta M\u00fazeum Csendes \u00e9j arch\u00edvum\u00e1ban tal\u00e1lhat\u00f3.<\/p>\n<p><strong>Um 1860<br>\nSalzburg<br>\n<\/strong>A VII. k\u00e9zirat k\u00e9t sz\u00f3lamra \u00e9s orgon\u00e1ra, 1995 \u00f3ta a Salzburgi M\u00fazeum zenei gy\u0171jtem\u00e9ny\u00e9ben tal\u00e1lhat\u00f3.<\/p>\n<p><strong>1863<br>\nHallein<br>\n<\/strong>Franz Xaver Gruber 76 \u00e9ves kor\u00e1ban meghal Hallein-ben.<\/p>\n<p><strong>1866<br>\nSalzburg<br>\n<\/strong>A dal felv\u00e9tele egy \u201ehivatalos\u201d \u00e9nekesk\u00f6nyvbe.<\/p>\n<p><strong>1909<br>\nOberndorf<br>\n<\/strong>A Szent Nicola pl\u00e9b\u00e1niatemplomot v\u00e9g\u00fcl lebontj\u00e1k. Ebben a templomban \u00e9nekelt\u00e9k el\u0151sz\u00f6r 1818-ban a Csendes \u00e9jt.<\/p>\n<p><strong>1924<br>\nOberndorf<br>\n<\/strong>A Csendes \u00e9j eml\u00e9kk\u00e1polna alapk\u0151let\u00e9tele a Szent Nicola pl\u00e9b\u00e1niatemplom hely\u00e9n, ahol 1818-ban el\u0151sz\u00f6r \u00e9nekelt\u00e9k a dalt. Az \u00e9p\u00edtkez\u00e9s 1925-ben kezd\u0151dik. 1918-ban, a centen\u00e1riumi \u00fcnneps\u00e9gekre m\u00e1r az alapk\u0151let\u00e9telt tervezik, de az els\u0151 vil\u00e1gh\u00e1bor\u00fa miatt t\u00f6bbsz\u00f6r elhalasztj\u00e1k.<\/p>\n<p><strong>1928<br>\nOberndorf<br>\n<\/strong>Joseph M\u00fchlbacher akad\u00e9mikus szobr\u00e1sz \u00e9s pap Joseph Mohr-ral \u00e9s Franz Xaver Gruber-rel egy\u00fctt eml\u00e9km\u0171vet tervez, amelyet 1928-ban \u00e1ll\u00edtanak fel az oberndorf-i pl\u00e9b\u00e1niatemplomban. K\u00e9s\u0151bb a templomt\u00e9ren \u00e1ll\u00edtott\u00e1k fel.<\/p>\n<p><strong>1937<br>\nOberndorf<br>\n<\/strong>Augusztus 16-\u00e1n felavatj\u00e1k az oberndorf-i Csendes \u00e9j eml\u00e9kk\u00e1poln\u00e1t. A lebontott Szent Nicola templom romhalm\u00e1n \u00e1ll, ahol 1818-ban el\u0151sz\u00f6r hangzott el a Csendes \u00e9j.<\/p>\n<p><strong>1972<br>\nSalzburg<br>\n<\/strong>A Csendes \u00c9j T\u00e1rsas\u00e1g alakul\u00f3 \u00fcl\u00e9se 1972. m\u00e1jus 15-\u00e9n, alap\u00edt\u00f3 \u00fcnneps\u00e9g 1972. december 10-\u00e9n a salzburgi rezidenci\u00e1n.<\/p>\n<p><strong>1995<br>\nSalzburg<br>\n<\/strong>Az egyetlen Joseph Mohr kez\u00e9b\u0151l sz\u00e1rmaz\u00f3 k\u00e9ziratot Salzburgban azonos\u00edtj\u00e1k \u00e9s december 8-\u00e1n mutatj\u00e1k be. A felirat a k\u00f6vetkez\u0151: \u201eText von Joseph Mohr mpia Coadjutor 1816\u201d. Az autogr\u00e1f 1830 el\u0151tt \u00edr\u00f3dott; a vizsg\u00e1lat szerint az \u201e1816\u201d d\u00e1tum a sz\u00f6veg keletkez\u00e9s\u00e9nek idej\u00e9re utal. A k\u00e9ziratban szerepel m\u00e9g a k\u00f6vetkez\u0151 sz\u00f6vegsor: \u201eMelodie von Fr. Gruber\u201d, \u00edgy tiszt\u00e1zva a kompoz\u00edci\u00f3 szerz\u0151s\u00e9g\u00e9t.<\/p>\n","protected":false},"excerpt":{"rendered":"<p>1787 Hochburg Franz Xaver Gruber 1787. november 25-\u00e9n sz\u00fcletett a hochburg-i Steinpoints\u00f6lde-ben, az Unterweizberg 9. sz\u00e1m alatt, a keresztel\u00e9si anyak\u00f6nyvben \u201eConrad Xavier\u201d n\u00e9ven szerepel, amelyet k\u00e9s\u0151bb \u201eFranz Xaver\u201d-re v\u00e1ltoztat. 1792 Salzburg Josephus Franciscus Mohr 1792. december 11-\u00e9n sz\u00fcletett Anna Schoiberin k\u00f6t\u0151n\u0151 \u00e9s Franz Mohr (Moor) dezert\u00e1lt musk\u00e9t\u00e1s fiak\u00e9nt. 1807-1829 Arnsdorf-Lamprechtshausen Franz Xaver Gruber tan\u00e1r lesz [&hellip;]<\/p>\n","protected":false},"author":21,"featured_media":17812,"comment_status":"closed","ping_status":"closed","sticky":false,"template":"","format":"standard","meta":{"_acf_changed":false,"wl_entities_gutenberg":"","_relevanssi_hide_post":"","_relevanssi_hide_content":"","_relevanssi_pin_for_all":"","_relevanssi_pin_keywords":"","_relevanssi_unpin_keywords":"","_relevanssi_related_keywords":"","_relevanssi_related_include_ids":"","_relevanssi_related_exclude_ids":"","_relevanssi_related_no_append":"","_relevanssi_related_not_related":"","_relevanssi_related_posts":"","_relevanssi_noindex_reason":"","footnotes":""},"categories":[1],"tags":[307,121,517],"wl_entity_type":[27],"class_list":["post-18002","post","type-post","status-publish","format-standard","has-post-thumbnail","hentry","category-uncategorized","tag-advent","tag-csendes-ej","tag-karacsony","wl_entity_type-article"],"acf":[],"yoast_head":"<!-- This site is optimized with the Yoast SEO Premium plugin v27.4 (Yoast SEO v27.4) - https:\/\/yoast.com\/product\/yoast-seo-premium-wordpress\/ -->\n<title>A Csendes \u00e9j dal l\u00e9trej\u00f6tt\u00e9nek id\u0151vonala \u00bb SalzburgerLand.com<\/title>\n<meta name=\"robots\" content=\"index, follow, max-snippet:-1, max-image-preview:large, max-video-preview:-1\" \/>\n<link rel=\"canonical\" href=\"https:\/\/www.salzburgerland.com\/hu\/a-csendes-ej-dal-letrejottenek-idovonala\/\" \/>\n<meta property=\"og:locale\" content=\"hu_HU\" \/>\n<meta property=\"og:type\" content=\"article\" \/>\n<meta property=\"og:title\" content=\"A Csendes \u00e9j dal l\u00e9trej\u00f6tt\u00e9nek id\u0151vonala\" \/>\n<meta property=\"og:description\" content=\"1787 Hochburg Franz Xaver Gruber 1787. november 25-\u00e9n sz\u00fcletett a hochburg-i Steinpoints\u00f6lde-ben, az Unterweizberg 9. sz\u00e1m alatt, a keresztel\u00e9si\" \/>\n<meta property=\"og:url\" content=\"https:\/\/www.salzburgerland.com\/hu\/a-csendes-ej-dal-letrejottenek-idovonala\/\" \/>\n<meta property=\"og:site_name\" content=\"SalzburgerLand.com\" \/>\n<meta property=\"article:publisher\" content=\"https:\/\/www.facebook.com\/visitsalzburgerland\/\" \/>\n<meta property=\"article:published_time\" content=\"2022-11-15T15:17:29+00:00\" \/>\n<meta property=\"article:modified_time\" content=\"2022-11-15T15:17:32+00:00\" \/>\n<meta property=\"og:image\" content=\"https:\/\/www.salzburgerland.com\/hu\/wp-content\/uploads\/2022\/11\/rs1729_slt_stille_nacht_kapelle_set1_2er_klein-scr-1086x675.jpg\" \/>\n\t<meta property=\"og:image:width\" content=\"1086\" \/>\n\t<meta property=\"og:image:height\" content=\"675\" \/>\n\t<meta property=\"og:image:type\" content=\"image\/jpeg\" \/>\n<meta name=\"author\" content=\"Hajnalka K\u00e1di\" \/>\n<meta name=\"twitter:card\" content=\"summary_large_image\" \/>\n<meta name=\"twitter:creator\" content=\"@salzburgerland\" \/>\n<meta name=\"twitter:site\" content=\"@salzburgerland\" \/>\n<meta name=\"twitter:label1\" content=\"Szerz\u0151:\" \/>\n\t<meta name=\"twitter:data1\" content=\"Hajnalka K\u00e1di\" \/>\n\t<meta name=\"twitter:label2\" content=\"Becs\u00fclt olvas\u00e1si id\u0151\" \/>\n\t<meta name=\"twitter:data2\" content=\"6 perc\" \/>\n<script type=\"application\/ld+json\" class=\"yoast-schema-graph\">{\"@context\":\"https:\\\/\\\/schema.org\",\"@graph\":[{\"@type\":\"Article\",\"@id\":\"https:\\\/\\\/www.salzburgerland.com\\\/hu\\\/a-csendes-ej-dal-letrejottenek-idovonala\\\/#article\",\"isPartOf\":{\"@id\":\"https:\\\/\\\/www.salzburgerland.com\\\/hu\\\/a-csendes-ej-dal-letrejottenek-idovonala\\\/\"},\"author\":{\"name\":\"Hajnalka K\u00e1di\",\"@id\":\"https:\\\/\\\/www.salzburgerland.com\\\/hu\\\/#\\\/schema\\\/person\\\/e4905df070d9b3c52e1e4c730b26aa5a\"},\"headline\":\"A Csendes \u00e9j dal l\u00e9trej\u00f6tt\u00e9nek id\u0151vonala\",\"datePublished\":\"2022-11-15T15:17:29+00:00\",\"dateModified\":\"2022-11-15T15:17:32+00:00\",\"mainEntityOfPage\":{\"@id\":\"https:\\\/\\\/www.salzburgerland.com\\\/hu\\\/a-csendes-ej-dal-letrejottenek-idovonala\\\/\"},\"wordCount\":1329,\"image\":{\"@id\":\"https:\\\/\\\/www.salzburgerland.com\\\/hu\\\/a-csendes-ej-dal-letrejottenek-idovonala\\\/#primaryimage\"},\"thumbnailUrl\":\"https:\\\/\\\/www.salzburgerland.com\\\/hu\\\/wp-content\\\/uploads\\\/2022\\\/11\\\/rs1729_slt_stille_nacht_kapelle_set1_2er_klein-scr.jpg\",\"keywords\":[\"advent\",\"Csendes \u00e9j\",\"Kar\u00e1csony\"],\"articleSection\":[\"Uncategorized\"],\"inLanguage\":\"hu\"},{\"@type\":\"WebPage\",\"@id\":\"https:\\\/\\\/www.salzburgerland.com\\\/hu\\\/a-csendes-ej-dal-letrejottenek-idovonala\\\/\",\"url\":\"https:\\\/\\\/www.salzburgerland.com\\\/hu\\\/a-csendes-ej-dal-letrejottenek-idovonala\\\/\",\"name\":\"A Csendes \u00e9j dal l\u00e9trej\u00f6tt\u00e9nek id\u0151vonala \u00bb SalzburgerLand.com\",\"isPartOf\":{\"@id\":\"https:\\\/\\\/www.salzburgerland.com\\\/hu\\\/#website\"},\"primaryImageOfPage\":{\"@id\":\"https:\\\/\\\/www.salzburgerland.com\\\/hu\\\/a-csendes-ej-dal-letrejottenek-idovonala\\\/#primaryimage\"},\"image\":{\"@id\":\"https:\\\/\\\/www.salzburgerland.com\\\/hu\\\/a-csendes-ej-dal-letrejottenek-idovonala\\\/#primaryimage\"},\"thumbnailUrl\":\"https:\\\/\\\/www.salzburgerland.com\\\/hu\\\/wp-content\\\/uploads\\\/2022\\\/11\\\/rs1729_slt_stille_nacht_kapelle_set1_2er_klein-scr.jpg\",\"datePublished\":\"2022-11-15T15:17:29+00:00\",\"dateModified\":\"2022-11-15T15:17:32+00:00\",\"author\":{\"@id\":\"https:\\\/\\\/www.salzburgerland.com\\\/hu\\\/#\\\/schema\\\/person\\\/e4905df070d9b3c52e1e4c730b26aa5a\"},\"description\":\"A Csendes \u00e9j dal l\u00e9trej\u00f6tt\u00e9nek id\u0151vonala.\",\"breadcrumb\":{\"@id\":\"https:\\\/\\\/www.salzburgerland.com\\\/hu\\\/a-csendes-ej-dal-letrejottenek-idovonala\\\/#breadcrumb\"},\"inLanguage\":\"hu\",\"potentialAction\":[{\"@type\":\"ReadAction\",\"target\":[\"https:\\\/\\\/www.salzburgerland.com\\\/hu\\\/a-csendes-ej-dal-letrejottenek-idovonala\\\/\"]}]},{\"@type\":\"ImageObject\",\"inLanguage\":\"hu\",\"@id\":\"https:\\\/\\\/www.salzburgerland.com\\\/hu\\\/a-csendes-ej-dal-letrejottenek-idovonala\\\/#primaryimage\",\"url\":\"https:\\\/\\\/www.salzburgerland.com\\\/hu\\\/wp-content\\\/uploads\\\/2022\\\/11\\\/rs1729_slt_stille_nacht_kapelle_set1_2er_klein-scr.jpg\",\"contentUrl\":\"https:\\\/\\\/www.salzburgerland.com\\\/hu\\\/wp-content\\\/uploads\\\/2022\\\/11\\\/rs1729_slt_stille_nacht_kapelle_set1_2er_klein-scr.jpg\",\"width\":1086,\"height\":800,\"caption\":\"Kisl\u00e1ny az \u00e9desapj\u00e1val a Csendes \u00e9j-k\u00e1poln\u00e1ba tart \u00a9 SalzburgerLand Tourismus, Helge Kirchberger\"},{\"@type\":\"BreadcrumbList\",\"@id\":\"https:\\\/\\\/www.salzburgerland.com\\\/hu\\\/a-csendes-ej-dal-letrejottenek-idovonala\\\/#breadcrumb\",\"itemListElement\":[{\"@type\":\"ListItem\",\"position\":1,\"name\":\"A Csendes \u00e9j dal\",\"item\":\"https:\\\/\\\/www.salzburgerland.com\\\/hu\\\/a-csendes-ej-dal\\\/\"},{\"@type\":\"ListItem\",\"position\":2,\"name\":\"A Csendes \u00e9j dal l\u00e9trej\u00f6tt\u00e9nek id\u0151vonala\"}]},{\"@type\":\"WebSite\",\"@id\":\"https:\\\/\\\/www.salzburgerland.com\\\/hu\\\/#website\",\"url\":\"https:\\\/\\\/www.salzburgerland.com\\\/hu\\\/\",\"name\":\"SalzburgerLand.com\",\"description\":\"\u00dcd\u00fcl\u00e9s Ausztri\u00e1ban, Salzburg tartom\u00e1nyban\",\"potentialAction\":[{\"@type\":\"SearchAction\",\"target\":{\"@type\":\"EntryPoint\",\"urlTemplate\":\"https:\\\/\\\/www.salzburgerland.com\\\/hu\\\/?s={search_term_string}\"},\"query-input\":{\"@type\":\"PropertyValueSpecification\",\"valueRequired\":true,\"valueName\":\"search_term_string\"}}],\"inLanguage\":\"hu\"},{\"@type\":\"Person\",\"@id\":\"https:\\\/\\\/www.salzburgerland.com\\\/hu\\\/#\\\/schema\\\/person\\\/e4905df070d9b3c52e1e4c730b26aa5a\",\"name\":\"Hajnalka K\u00e1di\",\"image\":{\"@type\":\"ImageObject\",\"inLanguage\":\"hu\",\"@id\":\"https:\\\/\\\/secure.gravatar.com\\\/avatar\\\/e8c1eecf3b2c49d295cebc6aba0de06d13ec77aa0cf9ccec32725949011b69d2?s=96&d=mm&r=g\",\"url\":\"https:\\\/\\\/secure.gravatar.com\\\/avatar\\\/e8c1eecf3b2c49d295cebc6aba0de06d13ec77aa0cf9ccec32725949011b69d2?s=96&d=mm&r=g\",\"contentUrl\":\"https:\\\/\\\/secure.gravatar.com\\\/avatar\\\/e8c1eecf3b2c49d295cebc6aba0de06d13ec77aa0cf9ccec32725949011b69d2?s=96&d=mm&r=g\",\"caption\":\"Hajnalka K\u00e1di\"}}]}<\/script>\n<!-- \/ Yoast SEO Premium plugin. -->","yoast_head_json":{"title":"A Csendes \u00e9j dal l\u00e9trej\u00f6tt\u00e9nek id\u0151vonala \u00bb SalzburgerLand.com","robots":{"index":"index","follow":"follow","max-snippet":"max-snippet:-1","max-image-preview":"max-image-preview:large","max-video-preview":"max-video-preview:-1"},"canonical":"https:\/\/www.salzburgerland.com\/hu\/a-csendes-ej-dal-letrejottenek-idovonala\/","og_locale":"hu_HU","og_type":"article","og_title":"A Csendes \u00e9j dal l\u00e9trej\u00f6tt\u00e9nek id\u0151vonala","og_description":"1787 Hochburg Franz Xaver Gruber 1787. november 25-\u00e9n sz\u00fcletett a hochburg-i Steinpoints\u00f6lde-ben, az Unterweizberg 9. sz\u00e1m alatt, a keresztel\u00e9si","og_url":"https:\/\/www.salzburgerland.com\/hu\/a-csendes-ej-dal-letrejottenek-idovonala\/","og_site_name":"SalzburgerLand.com","article_publisher":"https:\/\/www.facebook.com\/visitsalzburgerland\/","article_published_time":"2022-11-15T15:17:29+00:00","article_modified_time":"2022-11-15T15:17:32+00:00","og_image":[{"width":1086,"height":675,"url":"https:\/\/www.salzburgerland.com\/hu\/wp-content\/uploads\/2022\/11\/rs1729_slt_stille_nacht_kapelle_set1_2er_klein-scr-1086x675.jpg","type":"image\/jpeg"}],"author":"Hajnalka K\u00e1di","twitter_card":"summary_large_image","twitter_creator":"@salzburgerland","twitter_site":"@salzburgerland","twitter_misc":{"Szerz\u0151:":"Hajnalka K\u00e1di","Becs\u00fclt olvas\u00e1si id\u0151":"6 perc"},"schema":{"@context":"https:\/\/schema.org","@graph":[{"@type":"Article","@id":"https:\/\/www.salzburgerland.com\/hu\/a-csendes-ej-dal-letrejottenek-idovonala\/#article","isPartOf":{"@id":"https:\/\/www.salzburgerland.com\/hu\/a-csendes-ej-dal-letrejottenek-idovonala\/"},"author":{"name":"Hajnalka K\u00e1di","@id":"https:\/\/www.salzburgerland.com\/hu\/#\/schema\/person\/e4905df070d9b3c52e1e4c730b26aa5a"},"headline":"A Csendes \u00e9j dal l\u00e9trej\u00f6tt\u00e9nek id\u0151vonala","datePublished":"2022-11-15T15:17:29+00:00","dateModified":"2022-11-15T15:17:32+00:00","mainEntityOfPage":{"@id":"https:\/\/www.salzburgerland.com\/hu\/a-csendes-ej-dal-letrejottenek-idovonala\/"},"wordCount":1329,"image":{"@id":"https:\/\/www.salzburgerland.com\/hu\/a-csendes-ej-dal-letrejottenek-idovonala\/#primaryimage"},"thumbnailUrl":"https:\/\/www.salzburgerland.com\/hu\/wp-content\/uploads\/2022\/11\/rs1729_slt_stille_nacht_kapelle_set1_2er_klein-scr.jpg","keywords":["advent","Csendes \u00e9j","Kar\u00e1csony"],"articleSection":["Uncategorized"],"inLanguage":"hu"},{"@type":"WebPage","@id":"https:\/\/www.salzburgerland.com\/hu\/a-csendes-ej-dal-letrejottenek-idovonala\/","url":"https:\/\/www.salzburgerland.com\/hu\/a-csendes-ej-dal-letrejottenek-idovonala\/","name":"A Csendes \u00e9j dal l\u00e9trej\u00f6tt\u00e9nek id\u0151vonala \u00bb SalzburgerLand.com","isPartOf":{"@id":"https:\/\/www.salzburgerland.com\/hu\/#website"},"primaryImageOfPage":{"@id":"https:\/\/www.salzburgerland.com\/hu\/a-csendes-ej-dal-letrejottenek-idovonala\/#primaryimage"},"image":{"@id":"https:\/\/www.salzburgerland.com\/hu\/a-csendes-ej-dal-letrejottenek-idovonala\/#primaryimage"},"thumbnailUrl":"https:\/\/www.salzburgerland.com\/hu\/wp-content\/uploads\/2022\/11\/rs1729_slt_stille_nacht_kapelle_set1_2er_klein-scr.jpg","datePublished":"2022-11-15T15:17:29+00:00","dateModified":"2022-11-15T15:17:32+00:00","author":{"@id":"https:\/\/www.salzburgerland.com\/hu\/#\/schema\/person\/e4905df070d9b3c52e1e4c730b26aa5a"},"description":"A Csendes \u00e9j dal l\u00e9trej\u00f6tt\u00e9nek id\u0151vonala.","breadcrumb":{"@id":"https:\/\/www.salzburgerland.com\/hu\/a-csendes-ej-dal-letrejottenek-idovonala\/#breadcrumb"},"inLanguage":"hu","potentialAction":[{"@type":"ReadAction","target":["https:\/\/www.salzburgerland.com\/hu\/a-csendes-ej-dal-letrejottenek-idovonala\/"]}]},{"@type":"ImageObject","inLanguage":"hu","@id":"https:\/\/www.salzburgerland.com\/hu\/a-csendes-ej-dal-letrejottenek-idovonala\/#primaryimage","url":"https:\/\/www.salzburgerland.com\/hu\/wp-content\/uploads\/2022\/11\/rs1729_slt_stille_nacht_kapelle_set1_2er_klein-scr.jpg","contentUrl":"https:\/\/www.salzburgerland.com\/hu\/wp-content\/uploads\/2022\/11\/rs1729_slt_stille_nacht_kapelle_set1_2er_klein-scr.jpg","width":1086,"height":800,"caption":"Kisl\u00e1ny az \u00e9desapj\u00e1val a Csendes \u00e9j-k\u00e1poln\u00e1ba tart \u00a9 SalzburgerLand Tourismus, Helge Kirchberger"},{"@type":"BreadcrumbList","@id":"https:\/\/www.salzburgerland.com\/hu\/a-csendes-ej-dal-letrejottenek-idovonala\/#breadcrumb","itemListElement":[{"@type":"ListItem","position":1,"name":"A Csendes \u00e9j dal","item":"https:\/\/www.salzburgerland.com\/hu\/a-csendes-ej-dal\/"},{"@type":"ListItem","position":2,"name":"A Csendes \u00e9j dal l\u00e9trej\u00f6tt\u00e9nek id\u0151vonala"}]},{"@type":"WebSite","@id":"https:\/\/www.salzburgerland.com\/hu\/#website","url":"https:\/\/www.salzburgerland.com\/hu\/","name":"SalzburgerLand.com","description":"\u00dcd\u00fcl\u00e9s Ausztri\u00e1ban, Salzburg tartom\u00e1nyban","potentialAction":[{"@type":"SearchAction","target":{"@type":"EntryPoint","urlTemplate":"https:\/\/www.salzburgerland.com\/hu\/?s={search_term_string}"},"query-input":{"@type":"PropertyValueSpecification","valueRequired":true,"valueName":"search_term_string"}}],"inLanguage":"hu"},{"@type":"Person","@id":"https:\/\/www.salzburgerland.com\/hu\/#\/schema\/person\/e4905df070d9b3c52e1e4c730b26aa5a","name":"Hajnalka K\u00e1di","image":{"@type":"ImageObject","inLanguage":"hu","@id":"https:\/\/secure.gravatar.com\/avatar\/e8c1eecf3b2c49d295cebc6aba0de06d13ec77aa0cf9ccec32725949011b69d2?s=96&d=mm&r=g","url":"https:\/\/secure.gravatar.com\/avatar\/e8c1eecf3b2c49d295cebc6aba0de06d13ec77aa0cf9ccec32725949011b69d2?s=96&d=mm&r=g","contentUrl":"https:\/\/secure.gravatar.com\/avatar\/e8c1eecf3b2c49d295cebc6aba0de06d13ec77aa0cf9ccec32725949011b69d2?s=96&d=mm&r=g","caption":"Hajnalka K\u00e1di"}}]}},"_wl_alt_label":[],"wl:entity_url":"http:\/\/open.salzburgerland.com\/hu\/post\/a-csendes-ej-dal-letrejottenek-idovonala-18002","_links":{"self":[{"href":"https:\/\/www.salzburgerland.com\/hu\/wp-json\/wp\/v2\/posts\/18002","targetHints":{"allow":["GET"]}}],"collection":[{"href":"https:\/\/www.salzburgerland.com\/hu\/wp-json\/wp\/v2\/posts"}],"about":[{"href":"https:\/\/www.salzburgerland.com\/hu\/wp-json\/wp\/v2\/types\/post"}],"author":[{"embeddable":true,"href":"https:\/\/www.salzburgerland.com\/hu\/wp-json\/wp\/v2\/users\/21"}],"replies":[{"embeddable":true,"href":"https:\/\/www.salzburgerland.com\/hu\/wp-json\/wp\/v2\/comments?post=18002"}],"version-history":[{"count":4,"href":"https:\/\/www.salzburgerland.com\/hu\/wp-json\/wp\/v2\/posts\/18002\/revisions"}],"predecessor-version":[{"id":18006,"href":"https:\/\/www.salzburgerland.com\/hu\/wp-json\/wp\/v2\/posts\/18002\/revisions\/18006"}],"wp:featuredmedia":[{"embeddable":true,"href":"https:\/\/www.salzburgerland.com\/hu\/wp-json\/wp\/v2\/media\/17812"}],"wp:attachment":[{"href":"https:\/\/www.salzburgerland.com\/hu\/wp-json\/wp\/v2\/media?parent=18002"}],"wp:term":[{"taxonomy":"category","embeddable":true,"href":"https:\/\/www.salzburgerland.com\/hu\/wp-json\/wp\/v2\/categories?post=18002"},{"taxonomy":"post_tag","embeddable":true,"href":"https:\/\/www.salzburgerland.com\/hu\/wp-json\/wp\/v2\/tags?post=18002"},{"taxonomy":"wl_entity_type","embeddable":true,"href":"https:\/\/www.salzburgerland.com\/hu\/wp-json\/wp\/v2\/wl_entity_type?post=18002"}],"curies":[{"name":"wp","href":"https:\/\/api.w.org\/{rel}","templated":true}]}}