{"id":17968,"date":"2022-11-14T18:07:50","date_gmt":"2022-11-14T17:07:50","guid":{"rendered":"https:\/\/www.salzburgerland.com\/hu\/?p=17968"},"modified":"2022-11-14T18:07:53","modified_gmt":"2022-11-14T17:07:53","slug":"a-rainer-es-a-strasser-enekes-csaladok","status":"publish","type":"post","link":"https:\/\/www.salzburgerland.com\/hu\/a-rainer-es-a-strasser-enekes-csaladok\/","title":{"rendered":"A Rainer \u00e9s a Strasser \u00e9nekes csal\u00e1dok"},"content":{"rendered":"<p>A k\u00e9t \u00e9nekes csal\u00e1d t\u00f6rt\u00e9nete \u00e9s a vil\u00e1g legh\u00edresebb kar\u00e1csonyi \u00e9nek\u00e9hez f\u0171z\u0151d\u0151 kapcsolatuk a f\u00fcgen-i <strong>Carl Mauracher<\/strong> orgona\u00e9p\u00edt\u0151vel kezd\u0151dik. A hagyom\u00e1ny szerint 1824\/25-ben a Salzburg melletti <a href=\"https:\/\/www.salzburgerland.com\/hu\/csendes-ej-oberndorf\/\"><strong>Oberndorf-ban<\/strong><\/a>, a Szent Nikola templom \u00faj orgon\u00e1j\u00e1nak \u00e9p\u00edt\u00e9s\u00e9vel volt elfoglalva, \u00e9s onnan hozta mag\u00e1val a dalocsk\u00e1t sz\u00fcl\u0151f\u00f6ldj\u00e9re, <strong>Zillertal-ba<\/strong>. Ott gyorsan elterjedt, \u00e9s sz\u00edvesen \u00e9nekelt\u00e9k \u00fcnnepi, kar\u00e1csonyi alkalmakkor.<\/p>\n<h2>A tehets\u00e9ges Strasser testv\u00e9rek N\u00e9metorsz\u00e1gban \u00e9neklik a dalt<\/h2>\n<p>A <strong>Strasser testv\u00e9rek<\/strong> voltak az els\u0151k, akik bizony\u00edthat\u00f3an \u00e9nekegy\u00fcttesk\u00e9nt adt\u00e1k el\u0151 a dalt. A csal\u00e1d a <strong>Hippach<\/strong> melletti Laimach-b\u00f3l sz\u00e1rmazott. Az apa, Lorenz Strasser, f\u00f6ldm\u0171ves, f\u0171szeres \u00e9s keszty\u0171keresked\u0151 volt. Gyermekeivel egy\u00fctt a <strong>\u201eStrasser-H\u00e4usl\u201d-ben<\/strong> lakott, amely ma is megmaradt. Strasser v\u00e1ndorkeresked\u0151 volt, \u00e9s a t\u00e9li h\u00f3napokban a legfontosabb n\u00e9met piacokra, p\u00e9ld\u00e1ul<strong> Lipcs\u00e9be vagy Berlinbe<\/strong> vitte az \u00e1ruj\u00e1t. <strong>Gyermekei<\/strong> Anna (sz\u00fcletett 1802-ben), Josef (Peppi n\u00e9ven, sz\u00fcletett 1807-ben), Amalie (sz\u00fcletett 1809-ben), Caroline (sz\u00fcletett 1813-ban) \u00e9s Alexander (sz\u00fcletett 1794-ben, de 1831-ben meghalt) is elk\u00eds\u00e9rt\u00e9k \u0151t \u00fatjaira. Tiroli nemzeti dalokat \u00e9nekeltek \u2013 mindig n\u00e9pviseletbe \u00f6lt\u00f6zve -, hogy vonzz\u00e1k a v\u00e1s\u00e1rl\u00f3kat. A hagyom\u00e1ny szerint a testv\u00e9rek el\u0151sz\u00f6r <strong>1831-ben<\/strong> \u00e9nekelt\u00e9k a dalt <strong>a lipcsei kar\u00e1csonyi v\u00e1s\u00e1ron<\/strong>, \u00e9s a kar\u00e1csonyi mis\u00e9n is el\u0151adt\u00e1k a Csendes \u00e9jt a Plei\u00dfenburg kir\u00e1lyi sz\u00e1sz udvari k\u00e1poln\u00e1ban.<\/p>\n<div id=\"attachment_17974\" style=\"width: 1180px\" class=\"wp-caption alignnone\"><img decoding=\"async\" aria-describedby=\"caption-attachment-17974\" class=\"size-1170_658 wp-image-17974\" src=\"https:\/\/cdn.salzburgerland.com\/hu\/wp-content\/uploads\/2022\/11\/stille-nacht-reportage-zillertal-1920x1067-1-1170x658.jpg\" alt=\"Csendes \u00e9j dokumentumok Zillertal-b\u00f3l.\" width=\"1170\" height=\"658\" srcset=\"https:\/\/www.salzburgerland.com\/hu\/wp-content\/uploads\/2022\/11\/stille-nacht-reportage-zillertal-1920x1067-1-1170x658.jpg 1170w, https:\/\/www.salzburgerland.com\/hu\/wp-content\/uploads\/2022\/11\/stille-nacht-reportage-zillertal-1920x1067-1-1200x675.jpg 1200w\" sizes=\"(max-width: 1170px) 100vw, 1170px\"><p id=\"caption-attachment-17974\" class=\"wp-caption-text\">Csendes \u00e9j dokumentumok Zillertal-b\u00f3l \u00a9 Michael Groessinger<\/p><\/div>\n<h2>Nagy siker a Csendes \u00e9j Lipcs\u00e9ben, 1832-ben<\/h2>\n<p>1832 december\u00e9ben a Leipziger Tageblatt egyik hirdet\u00e9se <strong>a Strasser testv\u00e9rek koncertj\u00e9t<\/strong> hirdette meg a Hotel de Pologne-ban. Bizony\u00edt\u00e9k van arra, hogy ezen a koncerten a tiroli dalok mellett a Csendes \u00e9j kar\u00e1csonyi \u00e9neket is \u00e9nekeltek. August Robert Friese drezdai kiad\u00f3 (feltehet\u0151en 1833-ban) adta ki a<strong> \u201eVier \u00e4chten Tyroler Lieder\u201d<\/strong> c\u00edm\u0171 m\u0171v\u00e9t, a negyedik a h\u00edres <a href=\"https:\/\/www.salzburgerland.com\/hu\/stille-nacht\/\"><strong>Csendes \u00e9j<\/strong><\/a>.<\/p>\n<p>Ezt a kiadv\u00e1nyt a Csendes \u00e9j tov\u00e1bbi nyomtatott kiad\u00e1sai k\u00f6vett\u00e9k N\u00e9metorsz\u00e1gban. \u00c9s b\u00e1r a dal vitathatatlanul Salzburgb\u00f3l sz\u00e1rmazik, a Csendes \u00e9j sok\u00e1ig<strong> tiroli vagy zillertal-i n\u00e9pdalnak<\/strong> sz\u00e1m\u00edtott. Ennek oka, hogy a <strong>Strasser testv\u00e9rek<\/strong> az eredeti dallamot saj\u00e1t \u00edzl\u00e9s\u00fck szerint alak\u00edtott\u00e1k \u00e1t, \u00e9s \u00e9nekelt\u00e9k \u00fajra. \u00cdgy lett az egyszer\u0171 egyh\u00e1zi \u00e9nekb\u0151l n\u00e9pdal, amely a nyomtat\u00e1s, de sok m\u00e1s \u2013 f\u0151leg tiroli \u2013 \u00e9nekl\u0151csoport r\u00e9v\u00e9n is vil\u00e1gszerte ismertt\u00e9 v\u00e1lt.<\/p>\n<h2>A Strasser testv\u00e9rek koncertk\u00f6r\u00fatja<\/h2>\n<p>A nagy lipcsei siker ut\u00e1n a Strasser testv\u00e9rek <strong>utaz\u00f3 \u00e9nekegy\u00fcttesk\u00e9nt<\/strong> j\u00e1rt\u00e1k N\u00e9metorsz\u00e1got. Fell\u00e9ptek t\u00f6bbek k\u00f6z\u00f6tt Drezd\u00e1ban, Berlinben \u00e9s K\u00f6nigsbergben. A kar\u00e1csonyi klasszikus meghat\u00f3 el\u0151ad\u00e1sa m\u00e1sokat is megihletett: <strong>a berlini sz\u00e9kesegyh\u00e1zi k\u00f3rus<\/strong> a Strasser csal\u00e1d el\u0151ad\u00e1sa ut\u00e1n vette fel az \u00e9neket a reperto\u00e1rj\u00e1ba. IV. Frigyes Vilmos porosz kir\u00e1ly is ezt v\u00e1lasztotta kedvenc \u00e9nek\u00e9nek. Amalie Strasser korai, 1835-ben bek\u00f6vetkezett hal\u00e1la ut\u00e1n a Strasser testv\u00e9rek m\u00e1r nem l\u00e9ptek fel nyilv\u00e1nosan. A zenem\u0171 azonban folytatta \u00fatj\u00e1t a vil\u00e1g k\u00f6r\u00fcl.<\/p>\n<h2>Az \u0151s-Rainerek (Ur-Rainer) megalapozt\u00e1k a sikert<\/h2>\n<p>1839-ben egy m\u00e1sik zillertal-i csal\u00e1d is elindult, hogy a n\u00e9pzen\u00e9t elvigye a vil\u00e1gba:<strong> Ludwig Rainer<\/strong> F\u00fcgen-b\u0151l. Akkor m\u00e9g csak 18 \u00e9ves volt, \u00e9s a <strong>Rainer Quartett<\/strong> nev\u0171 kvartettj\u00e9vel \u2013 m\u00e1s n\u00e9ven <strong>\u201eThe Rainer Family\u201d<\/strong> \u2013 szerette volna beutazni Amerik\u00e1t.<\/p>\n<p><strong>Ludwig Rainer<\/strong> (sz\u00fcletett 1821-ben) a h\u00edres Rainer \u00e9nekes csal\u00e1db\u00f3l sz\u00e1rmazott. Az els\u0151 gener\u00e1ci\u00f3, az \u00fagynevezett <strong>\u201eUr-Rainer\u201d<\/strong> m\u00e1r v\u00e1ndor\u00e9nekesk\u00e9nt nagy sikereket \u00fcnnepelt. Egy\u00fctt l\u00e9ptek fel 1824 \u00e9s 1839 k\u00f6z\u00f6tt. <strong>A csoport kezdetben n\u00e9gy tagb\u00f3l \u00e1llt<\/strong>: a testv\u00e9rek Maria (sz\u00fcletett 1788), Felix (sz\u00fcletett 1792), Franz (sz\u00fcletett 1794) \u00e9s Joseph (sz\u00fcletett 1800) Rainer. K\u00e9s\u0151bb egy m\u00e1sik testv\u00e9r, Anton is elk\u00eds\u00e9rte \u0151ket az \u00fatra. A csal\u00e1di dal \u2013 \u00e1ll\u00edt\u00f3lag \u2013 akkor keletkezett, amikor az eredeti Rainer <strong>I. Ferenc osztr\u00e1k cs\u00e1sz\u00e1rnak \u00e9s I. S\u00e1ndor orosz c\u00e1rnak<\/strong> \u00e9nekelt a f\u00fcgen-i kast\u00e9lyban. A c\u00e1rt annyira leny\u0171g\u00f6zte a tehets\u00e9g\u00fck, hogy megh\u00edvta \u0151ket <strong>Szentp\u00e9terv\u00e1rra<\/strong>. B\u00e1r ez az utaz\u00e1s nem j\u00e1rt sikerrel, a Rainer testv\u00e9rek <strong>aj\u00e1nl\u00f3levelek<\/strong> \u00fatj\u00e1n udvarr\u00f3l udvarra utazhattak <strong>Eur\u00f3pa-szerte<\/strong>, \u00e9s fell\u00e9phettek hercegek \u00e9s kir\u00e1lyok el\u0151tt. 1827-ben az eredeti Rainer v\u00e9g\u00fcl Angli\u00e1ba utazott. El\u0151ad\u00e1saik nagy visszhangot v\u00e1ltottak ki: a zongoravirtu\u00f3z <strong>Ignaz Moscheles leford\u00edtotta<\/strong> a legn\u00e9pszer\u0171bb dalokat angolra, \u00e9s kiadta a Tiroli dallamokat. <strong>IV. Gy\u00f6rgy kir\u00e1ly<\/strong> m\u00e9g a Rainer testv\u00e9rekkel is t\u00f6bbsz\u00f6r fell\u00e9pett az udvarban. Tal\u00e1lkoztak a k\u00e9s\u0151bbi <strong>Vikt\u00f3ria kir\u00e1lyn\u0151vel<\/strong> is, akinek koron\u00e1z\u00e1si \u00fcnneps\u00e9g\u00e9re 1838-ban ism\u00e9t Angli\u00e1ba utaztak. 1839-ben l\u00e9ptek fel utolj\u00e1ra nyilv\u00e1nosan.<\/p>\n<div id=\"attachment_17972\" style=\"width: 1180px\" class=\"wp-caption alignnone\"><img decoding=\"async\" aria-describedby=\"caption-attachment-17972\" class=\"size-1170_658 wp-image-17972\" src=\"https:\/\/cdn.salzburgerland.com\/hu\/wp-content\/uploads\/2022\/11\/stille-nacht-reportage-zillertalc-michael-groessinger-1920x1067-1-1170x658.jpg\" alt=\"Csendes \u00e9j dokumentumok Zillertal-b\u00f3l.\" width=\"1170\" height=\"658\" srcset=\"https:\/\/www.salzburgerland.com\/hu\/wp-content\/uploads\/2022\/11\/stille-nacht-reportage-zillertalc-michael-groessinger-1920x1067-1-1170x658.jpg 1170w, https:\/\/www.salzburgerland.com\/hu\/wp-content\/uploads\/2022\/11\/stille-nacht-reportage-zillertalc-michael-groessinger-1920x1067-1-1200x675.jpg 1200w\" sizes=\"(max-width: 1170px) 100vw, 1170px\"><p id=\"caption-attachment-17972\" class=\"wp-caption-text\">Csendes \u00e9j dokumentumok Zillertal-b\u00f3l \u00a9 Michael Groessinger<\/p><\/div>\n<h2>Ludwig Rainer vitte tov\u00e1bb az eredeti Rainer \u00f6r\u00f6ks\u00e9get<\/h2>\n<p>Az els\u0151 gener\u00e1ci\u00f3 nagy siker\u00e9nek folytat\u00e1sa \u00e9rdek\u00e9ben a <strong>Ludwig Rainer<\/strong> k\u00f6r\u00fcli csoportot professzion\u00e1lisan v\u00e1logatt\u00e1k \u00f6ssze. Unokatestv\u00e9re, <strong>Helene Rainer, Margarethe Sprenger \u00e9s Simon Holaus<\/strong> is vele turn\u00e9zott.<\/p>\n<p>1839-ben indultak <strong>amerikai k\u00f6r\u00fatjukra<\/strong>, amely 1843-ig tartott. Az \u00fat <strong>Bostonb\u00f3l<\/strong> <strong>New Yorkba<\/strong>, majd <strong>St. Louisba<\/strong> \u00e9s <strong>Philadelphi\u00e1ba<\/strong> vezetett. Val\u00f3sz\u00edn\u0171, hogy 1839 kar\u00e1csony est\u00e9j\u00e9n New Yorkban, a Hamilton-eml\u00e9km\u0171 el\u0151tt a Csendes \u00e9j c\u00edm\u0171 dalt el\u0151sz\u00f6r \u00e9nekelt\u00e9k Amerik\u00e1ban.<\/p>\n<p>M\u00edg a Rainerek els\u0151 gener\u00e1ci\u00f3ja aj\u00e1nl\u00f3levelek \u00fatj\u00e1n utazott, addig a \u201eRainer csal\u00e1d\u201d most m\u00e1r <strong>hivat\u00e1sszer\u0171en<\/strong> szervez\u0151d\u00f6tt. A sikeres koncertk\u00f6r\u00fat ut\u00e1n, amelynek sor\u00e1n a fel\u00e1ll\u00e1s n\u00e9ha v\u00e1ltozott, Ludwig Rainer a tiroli nemzeti \u00e9nekesk\u00e9nt folytatta az eur\u00f3pai turn\u00e9kat. K\u00fcl\u00f6nb\u00f6z\u0151 egy\u00fcttesekkel l\u00e9pett fel <strong>P\u00e1rizsban<\/strong>, \u00e9szak-n\u00e9met v\u00e1rosokban, <strong>T\u00f6r\u00f6korsz\u00e1gban<\/strong> \u00e9s <strong>Szentp\u00e9terv\u00e1ron<\/strong> is. Visszat\u00e9r\u00e9se ut\u00e1n a tiroli Achensee-n\u00e9l fel\u00e9p\u00edtette a Seehof-ot, egy sz\u00e1llod\u00e1t, ahol a tiroli dalokat mindig is \u00e1polt\u00e1k. 1893-ban halt meg.<\/p>\n","protected":false},"excerpt":{"rendered":"<p>A k\u00e9t \u00e9nekes csal\u00e1d t\u00f6rt\u00e9nete \u00e9s a vil\u00e1g legh\u00edresebb kar\u00e1csonyi \u00e9nek\u00e9hez f\u0171z\u0151d\u0151 kapcsolatuk a f\u00fcgen-i Carl Mauracher orgona\u00e9p\u00edt\u0151vel kezd\u0151dik. A hagyom\u00e1ny szerint 1824\/25-ben a Salzburg melletti Oberndorf-ban, a Szent Nikola templom \u00faj orgon\u00e1j\u00e1nak \u00e9p\u00edt\u00e9s\u00e9vel volt elfoglalva, \u00e9s onnan hozta mag\u00e1val a dalocsk\u00e1t sz\u00fcl\u0151f\u00f6ldj\u00e9re, Zillertal-ba. Ott gyorsan elterjedt, \u00e9s sz\u00edvesen \u00e9nekelt\u00e9k \u00fcnnepi, kar\u00e1csonyi alkalmakkor. A tehets\u00e9ges [&hellip;]<\/p>\n","protected":false},"author":21,"featured_media":17975,"comment_status":"closed","ping_status":"closed","sticky":false,"template":"","format":"standard","meta":{"_acf_changed":false,"wl_entities_gutenberg":"","_relevanssi_hide_post":"","_relevanssi_hide_content":"","_relevanssi_pin_for_all":"","_relevanssi_pin_keywords":"","_relevanssi_unpin_keywords":"","_relevanssi_related_keywords":"","_relevanssi_related_include_ids":"","_relevanssi_related_exclude_ids":"","_relevanssi_related_no_append":"","_relevanssi_related_not_related":"","_relevanssi_related_posts":"","_relevanssi_noindex_reason":"","footnotes":""},"categories":[1],"tags":[121,540,541],"wl_entity_type":[27],"class_list":["post-17968","post","type-post","status-publish","format-standard","has-post-thumbnail","hentry","category-uncategorized","tag-csendes-ej","tag-rainer-csalad","tag-strasser-testverek","wl_entity_type-article"],"acf":[],"yoast_head":"<!-- This site is optimized with the Yoast SEO Premium plugin v27.4 (Yoast SEO v27.4) - https:\/\/yoast.com\/product\/yoast-seo-premium-wordpress\/ -->\n<title>A Rainer \u00e9s a Strasser \u00e9nekes csal\u00e1dok \u00bb SalzburgerLand.com<\/title>\n<meta name=\"description\" content=\"A Rainer \u00e9s Strasser \u00e9nekes csal\u00e1dok \u00e9nekelve indultak el Tirolb\u00f3l, \u00e9s n\u00e9pzen\u00e9vel inspir\u00e1lt\u00e1k az embereket Lipcs\u00e9t\u0151l New Yorkig.\" \/>\n<meta name=\"robots\" content=\"index, follow, max-snippet:-1, max-image-preview:large, max-video-preview:-1\" \/>\n<link rel=\"canonical\" href=\"https:\/\/www.salzburgerland.com\/hu\/a-rainer-es-a-strasser-enekes-csaladok\/\" \/>\n<meta property=\"og:locale\" content=\"hu_HU\" \/>\n<meta property=\"og:type\" content=\"article\" \/>\n<meta property=\"og:title\" content=\"A Rainer \u00e9s a Strasser \u00e9nekes csal\u00e1dok\" \/>\n<meta property=\"og:description\" content=\"A k\u00e9t \u00e9nekes csal\u00e1d t\u00f6rt\u00e9nete \u00e9s a vil\u00e1g legh\u00edresebb kar\u00e1csonyi \u00e9nek\u00e9hez f\u0171z\u0151d\u0151 kapcsolatuk a f\u00fcgen-i Carl Mauracher orgona\u00e9p\u00edt\u0151vel kezd\u0151dik. A hagyom\u00e1ny\" \/>\n<meta property=\"og:url\" content=\"https:\/\/www.salzburgerland.com\/hu\/a-rainer-es-a-strasser-enekes-csaladok\/\" \/>\n<meta property=\"og:site_name\" content=\"SalzburgerLand.com\" \/>\n<meta property=\"article:publisher\" content=\"https:\/\/www.facebook.com\/visitsalzburgerland\/\" \/>\n<meta property=\"article:published_time\" content=\"2022-11-14T17:07:50+00:00\" \/>\n<meta property=\"article:modified_time\" content=\"2022-11-14T17:07:53+00:00\" \/>\n<meta property=\"og:image\" content=\"https:\/\/www.salzburgerland.com\/hu\/wp-content\/uploads\/2022\/11\/stille-nacht-ur-rainer-familie-e1632233339128-1170x658-1.jpg\" \/>\n\t<meta property=\"og:image:width\" content=\"1170\" \/>\n\t<meta property=\"og:image:height\" content=\"658\" \/>\n\t<meta property=\"og:image:type\" content=\"image\/jpeg\" \/>\n<meta name=\"author\" content=\"Hajnalka K\u00e1di\" \/>\n<meta name=\"twitter:card\" content=\"summary_large_image\" \/>\n<meta name=\"twitter:creator\" content=\"@salzburgerland\" \/>\n<meta name=\"twitter:site\" content=\"@salzburgerland\" \/>\n<meta name=\"twitter:label1\" content=\"Szerz\u0151:\" \/>\n\t<meta name=\"twitter:data1\" content=\"Hajnalka K\u00e1di\" \/>\n\t<meta name=\"twitter:label2\" content=\"Becs\u00fclt olvas\u00e1si id\u0151\" \/>\n\t<meta name=\"twitter:data2\" content=\"5 perc\" \/>\n<script type=\"application\/ld+json\" class=\"yoast-schema-graph\">{\"@context\":\"https:\\\/\\\/schema.org\",\"@graph\":[{\"@type\":\"Article\",\"@id\":\"https:\\\/\\\/www.salzburgerland.com\\\/hu\\\/a-rainer-es-a-strasser-enekes-csaladok\\\/#article\",\"isPartOf\":{\"@id\":\"https:\\\/\\\/www.salzburgerland.com\\\/hu\\\/a-rainer-es-a-strasser-enekes-csaladok\\\/\"},\"author\":{\"name\":\"Hajnalka K\u00e1di\",\"@id\":\"https:\\\/\\\/www.salzburgerland.com\\\/hu\\\/#\\\/schema\\\/person\\\/e4905df070d9b3c52e1e4c730b26aa5a\"},\"headline\":\"A Rainer \u00e9s a Strasser \u00e9nekes csal\u00e1dok\",\"datePublished\":\"2022-11-14T17:07:50+00:00\",\"dateModified\":\"2022-11-14T17:07:53+00:00\",\"mainEntityOfPage\":{\"@id\":\"https:\\\/\\\/www.salzburgerland.com\\\/hu\\\/a-rainer-es-a-strasser-enekes-csaladok\\\/\"},\"wordCount\":1134,\"image\":{\"@id\":\"https:\\\/\\\/www.salzburgerland.com\\\/hu\\\/a-rainer-es-a-strasser-enekes-csaladok\\\/#primaryimage\"},\"thumbnailUrl\":\"https:\\\/\\\/www.salzburgerland.com\\\/hu\\\/wp-content\\\/uploads\\\/2022\\\/11\\\/stille-nacht-ur-rainer-familie-e1632233339128-1170x658-1.jpg\",\"keywords\":[\"Csendes \u00e9j\",\"Rainer csal\u00e1d\",\"Strasser testv\u00e9rek\"],\"articleSection\":[\"Uncategorized\"],\"inLanguage\":\"hu\"},{\"@type\":\"WebPage\",\"@id\":\"https:\\\/\\\/www.salzburgerland.com\\\/hu\\\/a-rainer-es-a-strasser-enekes-csaladok\\\/\",\"url\":\"https:\\\/\\\/www.salzburgerland.com\\\/hu\\\/a-rainer-es-a-strasser-enekes-csaladok\\\/\",\"name\":\"A Rainer \u00e9s a Strasser \u00e9nekes csal\u00e1dok \u00bb SalzburgerLand.com\",\"isPartOf\":{\"@id\":\"https:\\\/\\\/www.salzburgerland.com\\\/hu\\\/#website\"},\"primaryImageOfPage\":{\"@id\":\"https:\\\/\\\/www.salzburgerland.com\\\/hu\\\/a-rainer-es-a-strasser-enekes-csaladok\\\/#primaryimage\"},\"image\":{\"@id\":\"https:\\\/\\\/www.salzburgerland.com\\\/hu\\\/a-rainer-es-a-strasser-enekes-csaladok\\\/#primaryimage\"},\"thumbnailUrl\":\"https:\\\/\\\/www.salzburgerland.com\\\/hu\\\/wp-content\\\/uploads\\\/2022\\\/11\\\/stille-nacht-ur-rainer-familie-e1632233339128-1170x658-1.jpg\",\"datePublished\":\"2022-11-14T17:07:50+00:00\",\"dateModified\":\"2022-11-14T17:07:53+00:00\",\"author\":{\"@id\":\"https:\\\/\\\/www.salzburgerland.com\\\/hu\\\/#\\\/schema\\\/person\\\/e4905df070d9b3c52e1e4c730b26aa5a\"},\"description\":\"A Rainer \u00e9s Strasser \u00e9nekes csal\u00e1dok \u00e9nekelve indultak el Tirolb\u00f3l, \u00e9s n\u00e9pzen\u00e9vel inspir\u00e1lt\u00e1k az embereket Lipcs\u00e9t\u0151l New Yorkig.\",\"breadcrumb\":{\"@id\":\"https:\\\/\\\/www.salzburgerland.com\\\/hu\\\/a-rainer-es-a-strasser-enekes-csaladok\\\/#breadcrumb\"},\"inLanguage\":\"hu\",\"potentialAction\":[{\"@type\":\"ReadAction\",\"target\":[\"https:\\\/\\\/www.salzburgerland.com\\\/hu\\\/a-rainer-es-a-strasser-enekes-csaladok\\\/\"]}]},{\"@type\":\"ImageObject\",\"inLanguage\":\"hu\",\"@id\":\"https:\\\/\\\/www.salzburgerland.com\\\/hu\\\/a-rainer-es-a-strasser-enekes-csaladok\\\/#primaryimage\",\"url\":\"https:\\\/\\\/www.salzburgerland.com\\\/hu\\\/wp-content\\\/uploads\\\/2022\\\/11\\\/stille-nacht-ur-rainer-familie-e1632233339128-1170x658-1.jpg\",\"contentUrl\":\"https:\\\/\\\/www.salzburgerland.com\\\/hu\\\/wp-content\\\/uploads\\\/2022\\\/11\\\/stille-nacht-ur-rainer-familie-e1632233339128-1170x658-1.jpg\",\"width\":1170,\"height\":658,\"caption\":\"Az \u0151s-Rainer (Ur-Rainer) csal\u00e1d \u00a9 Salzburger Nachrichten, Christian Heugl\"},{\"@type\":\"BreadcrumbList\",\"@id\":\"https:\\\/\\\/www.salzburgerland.com\\\/hu\\\/a-rainer-es-a-strasser-enekes-csaladok\\\/#breadcrumb\",\"itemListElement\":[{\"@type\":\"ListItem\",\"position\":1,\"name\":\"A Csendes \u00e9j dal f\u0151h\u0151sei\",\"item\":\"https:\\\/\\\/www.salzburgerland.com\\\/hu\\\/a-csendes-ej-dal-fohosei\\\/\"},{\"@type\":\"ListItem\",\"position\":2,\"name\":\"A Rainer \u00e9s a Strasser \u00e9nekes csal\u00e1dok\"}]},{\"@type\":\"WebSite\",\"@id\":\"https:\\\/\\\/www.salzburgerland.com\\\/hu\\\/#website\",\"url\":\"https:\\\/\\\/www.salzburgerland.com\\\/hu\\\/\",\"name\":\"SalzburgerLand.com\",\"description\":\"\u00dcd\u00fcl\u00e9s Ausztri\u00e1ban, Salzburg tartom\u00e1nyban\",\"potentialAction\":[{\"@type\":\"SearchAction\",\"target\":{\"@type\":\"EntryPoint\",\"urlTemplate\":\"https:\\\/\\\/www.salzburgerland.com\\\/hu\\\/?s={search_term_string}\"},\"query-input\":{\"@type\":\"PropertyValueSpecification\",\"valueRequired\":true,\"valueName\":\"search_term_string\"}}],\"inLanguage\":\"hu\"},{\"@type\":\"Person\",\"@id\":\"https:\\\/\\\/www.salzburgerland.com\\\/hu\\\/#\\\/schema\\\/person\\\/e4905df070d9b3c52e1e4c730b26aa5a\",\"name\":\"Hajnalka K\u00e1di\",\"image\":{\"@type\":\"ImageObject\",\"inLanguage\":\"hu\",\"@id\":\"https:\\\/\\\/secure.gravatar.com\\\/avatar\\\/e8c1eecf3b2c49d295cebc6aba0de06d13ec77aa0cf9ccec32725949011b69d2?s=96&d=mm&r=g\",\"url\":\"https:\\\/\\\/secure.gravatar.com\\\/avatar\\\/e8c1eecf3b2c49d295cebc6aba0de06d13ec77aa0cf9ccec32725949011b69d2?s=96&d=mm&r=g\",\"contentUrl\":\"https:\\\/\\\/secure.gravatar.com\\\/avatar\\\/e8c1eecf3b2c49d295cebc6aba0de06d13ec77aa0cf9ccec32725949011b69d2?s=96&d=mm&r=g\",\"caption\":\"Hajnalka K\u00e1di\"}}]}<\/script>\n<!-- \/ Yoast SEO Premium plugin. -->","yoast_head_json":{"title":"A Rainer \u00e9s a Strasser \u00e9nekes csal\u00e1dok \u00bb SalzburgerLand.com","description":"A Rainer \u00e9s Strasser \u00e9nekes csal\u00e1dok \u00e9nekelve indultak el Tirolb\u00f3l, \u00e9s n\u00e9pzen\u00e9vel inspir\u00e1lt\u00e1k az embereket Lipcs\u00e9t\u0151l New Yorkig.","robots":{"index":"index","follow":"follow","max-snippet":"max-snippet:-1","max-image-preview":"max-image-preview:large","max-video-preview":"max-video-preview:-1"},"canonical":"https:\/\/www.salzburgerland.com\/hu\/a-rainer-es-a-strasser-enekes-csaladok\/","og_locale":"hu_HU","og_type":"article","og_title":"A Rainer \u00e9s a Strasser \u00e9nekes csal\u00e1dok","og_description":"A k\u00e9t \u00e9nekes csal\u00e1d t\u00f6rt\u00e9nete \u00e9s a vil\u00e1g legh\u00edresebb kar\u00e1csonyi \u00e9nek\u00e9hez f\u0171z\u0151d\u0151 kapcsolatuk a f\u00fcgen-i Carl Mauracher orgona\u00e9p\u00edt\u0151vel kezd\u0151dik. A hagyom\u00e1ny","og_url":"https:\/\/www.salzburgerland.com\/hu\/a-rainer-es-a-strasser-enekes-csaladok\/","og_site_name":"SalzburgerLand.com","article_publisher":"https:\/\/www.facebook.com\/visitsalzburgerland\/","article_published_time":"2022-11-14T17:07:50+00:00","article_modified_time":"2022-11-14T17:07:53+00:00","og_image":[{"url":"https:\/\/www.salzburgerland.com\/hu\/wp-content\/uploads\/2022\/11\/stille-nacht-ur-rainer-familie-e1632233339128-1170x658-1.jpg","width":1170,"height":658,"type":"image\/jpeg"}],"author":"Hajnalka K\u00e1di","twitter_card":"summary_large_image","twitter_creator":"@salzburgerland","twitter_site":"@salzburgerland","twitter_misc":{"Szerz\u0151:":"Hajnalka K\u00e1di","Becs\u00fclt olvas\u00e1si id\u0151":"5 perc"},"schema":{"@context":"https:\/\/schema.org","@graph":[{"@type":"Article","@id":"https:\/\/www.salzburgerland.com\/hu\/a-rainer-es-a-strasser-enekes-csaladok\/#article","isPartOf":{"@id":"https:\/\/www.salzburgerland.com\/hu\/a-rainer-es-a-strasser-enekes-csaladok\/"},"author":{"name":"Hajnalka K\u00e1di","@id":"https:\/\/www.salzburgerland.com\/hu\/#\/schema\/person\/e4905df070d9b3c52e1e4c730b26aa5a"},"headline":"A Rainer \u00e9s a Strasser \u00e9nekes csal\u00e1dok","datePublished":"2022-11-14T17:07:50+00:00","dateModified":"2022-11-14T17:07:53+00:00","mainEntityOfPage":{"@id":"https:\/\/www.salzburgerland.com\/hu\/a-rainer-es-a-strasser-enekes-csaladok\/"},"wordCount":1134,"image":{"@id":"https:\/\/www.salzburgerland.com\/hu\/a-rainer-es-a-strasser-enekes-csaladok\/#primaryimage"},"thumbnailUrl":"https:\/\/www.salzburgerland.com\/hu\/wp-content\/uploads\/2022\/11\/stille-nacht-ur-rainer-familie-e1632233339128-1170x658-1.jpg","keywords":["Csendes \u00e9j","Rainer csal\u00e1d","Strasser testv\u00e9rek"],"articleSection":["Uncategorized"],"inLanguage":"hu"},{"@type":"WebPage","@id":"https:\/\/www.salzburgerland.com\/hu\/a-rainer-es-a-strasser-enekes-csaladok\/","url":"https:\/\/www.salzburgerland.com\/hu\/a-rainer-es-a-strasser-enekes-csaladok\/","name":"A Rainer \u00e9s a Strasser \u00e9nekes csal\u00e1dok \u00bb SalzburgerLand.com","isPartOf":{"@id":"https:\/\/www.salzburgerland.com\/hu\/#website"},"primaryImageOfPage":{"@id":"https:\/\/www.salzburgerland.com\/hu\/a-rainer-es-a-strasser-enekes-csaladok\/#primaryimage"},"image":{"@id":"https:\/\/www.salzburgerland.com\/hu\/a-rainer-es-a-strasser-enekes-csaladok\/#primaryimage"},"thumbnailUrl":"https:\/\/www.salzburgerland.com\/hu\/wp-content\/uploads\/2022\/11\/stille-nacht-ur-rainer-familie-e1632233339128-1170x658-1.jpg","datePublished":"2022-11-14T17:07:50+00:00","dateModified":"2022-11-14T17:07:53+00:00","author":{"@id":"https:\/\/www.salzburgerland.com\/hu\/#\/schema\/person\/e4905df070d9b3c52e1e4c730b26aa5a"},"description":"A Rainer \u00e9s Strasser \u00e9nekes csal\u00e1dok \u00e9nekelve indultak el Tirolb\u00f3l, \u00e9s n\u00e9pzen\u00e9vel inspir\u00e1lt\u00e1k az embereket Lipcs\u00e9t\u0151l New Yorkig.","breadcrumb":{"@id":"https:\/\/www.salzburgerland.com\/hu\/a-rainer-es-a-strasser-enekes-csaladok\/#breadcrumb"},"inLanguage":"hu","potentialAction":[{"@type":"ReadAction","target":["https:\/\/www.salzburgerland.com\/hu\/a-rainer-es-a-strasser-enekes-csaladok\/"]}]},{"@type":"ImageObject","inLanguage":"hu","@id":"https:\/\/www.salzburgerland.com\/hu\/a-rainer-es-a-strasser-enekes-csaladok\/#primaryimage","url":"https:\/\/www.salzburgerland.com\/hu\/wp-content\/uploads\/2022\/11\/stille-nacht-ur-rainer-familie-e1632233339128-1170x658-1.jpg","contentUrl":"https:\/\/www.salzburgerland.com\/hu\/wp-content\/uploads\/2022\/11\/stille-nacht-ur-rainer-familie-e1632233339128-1170x658-1.jpg","width":1170,"height":658,"caption":"Az \u0151s-Rainer (Ur-Rainer) csal\u00e1d \u00a9 Salzburger Nachrichten, Christian Heugl"},{"@type":"BreadcrumbList","@id":"https:\/\/www.salzburgerland.com\/hu\/a-rainer-es-a-strasser-enekes-csaladok\/#breadcrumb","itemListElement":[{"@type":"ListItem","position":1,"name":"A Csendes \u00e9j dal f\u0151h\u0151sei","item":"https:\/\/www.salzburgerland.com\/hu\/a-csendes-ej-dal-fohosei\/"},{"@type":"ListItem","position":2,"name":"A Rainer \u00e9s a Strasser \u00e9nekes csal\u00e1dok"}]},{"@type":"WebSite","@id":"https:\/\/www.salzburgerland.com\/hu\/#website","url":"https:\/\/www.salzburgerland.com\/hu\/","name":"SalzburgerLand.com","description":"\u00dcd\u00fcl\u00e9s Ausztri\u00e1ban, Salzburg tartom\u00e1nyban","potentialAction":[{"@type":"SearchAction","target":{"@type":"EntryPoint","urlTemplate":"https:\/\/www.salzburgerland.com\/hu\/?s={search_term_string}"},"query-input":{"@type":"PropertyValueSpecification","valueRequired":true,"valueName":"search_term_string"}}],"inLanguage":"hu"},{"@type":"Person","@id":"https:\/\/www.salzburgerland.com\/hu\/#\/schema\/person\/e4905df070d9b3c52e1e4c730b26aa5a","name":"Hajnalka K\u00e1di","image":{"@type":"ImageObject","inLanguage":"hu","@id":"https:\/\/secure.gravatar.com\/avatar\/e8c1eecf3b2c49d295cebc6aba0de06d13ec77aa0cf9ccec32725949011b69d2?s=96&d=mm&r=g","url":"https:\/\/secure.gravatar.com\/avatar\/e8c1eecf3b2c49d295cebc6aba0de06d13ec77aa0cf9ccec32725949011b69d2?s=96&d=mm&r=g","contentUrl":"https:\/\/secure.gravatar.com\/avatar\/e8c1eecf3b2c49d295cebc6aba0de06d13ec77aa0cf9ccec32725949011b69d2?s=96&d=mm&r=g","caption":"Hajnalka K\u00e1di"}}]}},"_wl_alt_label":[],"wl:entity_url":"http:\/\/open.salzburgerland.com\/hu\/post\/a-rainer-es-a-strasse-enekes-csalad-17968","_links":{"self":[{"href":"https:\/\/www.salzburgerland.com\/hu\/wp-json\/wp\/v2\/posts\/17968","targetHints":{"allow":["GET"]}}],"collection":[{"href":"https:\/\/www.salzburgerland.com\/hu\/wp-json\/wp\/v2\/posts"}],"about":[{"href":"https:\/\/www.salzburgerland.com\/hu\/wp-json\/wp\/v2\/types\/post"}],"author":[{"embeddable":true,"href":"https:\/\/www.salzburgerland.com\/hu\/wp-json\/wp\/v2\/users\/21"}],"replies":[{"embeddable":true,"href":"https:\/\/www.salzburgerland.com\/hu\/wp-json\/wp\/v2\/comments?post=17968"}],"version-history":[{"count":4,"href":"https:\/\/www.salzburgerland.com\/hu\/wp-json\/wp\/v2\/posts\/17968\/revisions"}],"predecessor-version":[{"id":17980,"href":"https:\/\/www.salzburgerland.com\/hu\/wp-json\/wp\/v2\/posts\/17968\/revisions\/17980"}],"wp:featuredmedia":[{"embeddable":true,"href":"https:\/\/www.salzburgerland.com\/hu\/wp-json\/wp\/v2\/media\/17975"}],"wp:attachment":[{"href":"https:\/\/www.salzburgerland.com\/hu\/wp-json\/wp\/v2\/media?parent=17968"}],"wp:term":[{"taxonomy":"category","embeddable":true,"href":"https:\/\/www.salzburgerland.com\/hu\/wp-json\/wp\/v2\/categories?post=17968"},{"taxonomy":"post_tag","embeddable":true,"href":"https:\/\/www.salzburgerland.com\/hu\/wp-json\/wp\/v2\/tags?post=17968"},{"taxonomy":"wl_entity_type","embeddable":true,"href":"https:\/\/www.salzburgerland.com\/hu\/wp-json\/wp\/v2\/wl_entity_type?post=17968"}],"curies":[{"name":"wp","href":"https:\/\/api.w.org\/{rel}","templated":true}]}}