{"id":17900,"date":"2022-11-12T22:57:05","date_gmt":"2022-11-12T21:57:05","guid":{"rendered":"https:\/\/www.salzburgerland.com\/hu\/?p=17900"},"modified":"2022-11-12T22:57:43","modified_gmt":"2022-11-12T21:57:43","slug":"csendes-ej-muzeumok-mariapfarr","status":"publish","type":"post","link":"https:\/\/www.salzburgerland.com\/hu\/csendes-ej-muzeumok-mariapfarr\/","title":{"rendered":"Csendes \u00e9j-m\u00fazeum Mariapfarr-ban"},"content":{"rendered":"<p>Lungau r\u00e9gi\u00f3j\u00e1t Ausztria legnaposabb vid\u00e9k\u00e9nek tartj\u00e1k. A sok naps\u00fct\u00e9ses \u00f3ra, \u00e9s az eg\u00e9szs\u00e9ges tengerszint feletti magass\u00e1g biztos\u00edtja, hogy az emberek k\u00fcl\u00f6n\u00f6sen j\u00f3l \u00e9rezz\u00e9k itt magukat. Nem volt ez mindig \u00edgy. Amikor a 23 \u00e9ves <strong>Joseph Mohr<\/strong> 1815-ben seg\u00e9dlelk\u00e9szk\u00e9nt megkezdte els\u0151 szolg\u00e1lat\u00e1t Mariapfarr-ban, a t\u00e1voli Lungau r\u00e9gi\u00f3ja neh\u00e9z id\u0151ket \u00e9lt meg, <strong>h\u00e1bor\u00fa, \u00e9h\u00edns\u00e9g \u00e9s szeg\u00e9nys\u00e9g<\/strong> jellemezte. Amikor Salzburg Ausztri\u00e1hoz csatlakozott, akkor javult lassan a helyzet. A fiatal seg\u00e9dpl\u00e9b\u00e1nosnak e gy\u00f6ny\u00f6r\u0171 versbe foglalta gondolatait. A <strong>Csendes \u00e9j<\/strong> hat str\u00f3fa, amely rem\u00e9nyt ad. A vil\u00e1g megv\u00e1lt\u00e1s\u00e1nak rem\u00e9nye, amely a kar\u00e1csony csod\u00e1j\u00e1ban nyilatkozik meg.<\/p>\n<div id=\"attachment_14114\" style=\"width: 1180px\" class=\"wp-caption alignnone\"><img decoding=\"async\" aria-describedby=\"caption-attachment-14114\" class=\"size-1170_658 wp-image-14114\" src=\"https:\/\/cdn.salzburgerland.com\/hu\/wp-content\/uploads\/2021\/10\/salzburger-lungau-scharglerkeusche-in-stranach-in-mariapfarr-das-haus-der-vorfahren-von-joseph-mohr-er-verfasste-den-text-von-stille-nacht--salzburgerland-tourismus-1170x658.jpg\" alt=\"A Scharglerkeusche, Joseph Mohr \u0151seinek h\u00e1za\" width=\"1170\" height=\"658\" srcset=\"https:\/\/www.salzburgerland.com\/hu\/wp-content\/uploads\/2021\/10\/salzburger-lungau-scharglerkeusche-in-stranach-in-mariapfarr-das-haus-der-vorfahren-von-joseph-mohr-er-verfasste-den-text-von-stille-nacht--salzburgerland-tourismus-1170x658.jpg 1170w, https:\/\/www.salzburgerland.com\/hu\/wp-content\/uploads\/2021\/10\/salzburger-lungau-scharglerkeusche-in-stranach-in-mariapfarr-das-haus-der-vorfahren-von-joseph-mohr-er-verfasste-den-text-von-stille-nacht--salzburgerland-tourismus-1200x675.jpg 1200w\" sizes=\"(max-width: 1170px) 100vw, 1170px\"><p id=\"caption-attachment-14114\" class=\"wp-caption-text\">A Scharglerkeusche, Joseph Mohr \u0151seinek h\u00e1za, Mariapfarr Stranach nev\u0171 v\u00e1rosr\u00e9sz\u00e9ben tal\u00e1lhat\u00f3. \u0150 \u00edrta a Csendes \u00e9j c\u00edm\u0171 dal sz\u00f6veg\u00e9t vers form\u00e1j\u00e1ban 1816-ban Maripfarrban, a Salzburgi Lungauban. \u00a9 SalzburgerLand Tourismus<\/p><\/div>\n<p>A <a href=\"https:\/\/www.salzburgerland.com\/hu\/csendes-ej-mariapfarr\/\"><strong>Mariapfarr-ban<\/strong><\/a> tal\u00e1lhat\u00f3 <strong>pl\u00e9b\u00e1nia, zar\u00e1ndokhely \u00e9s Csendes \u00e9j-m\u00fazeum<\/strong> r\u00e9szletesen bemutatja Joseph Mohr t\u00f6rt\u00e9net\u00e9t \u00e9s dalsz\u00f6veg\u00e9t. Egy 1995-ben el\u0151ker\u00fclt hagyat\u00e9kb\u00f3l sz\u00e1rmaz\u00f3 <strong>autogr\u00e1f<\/strong> alapos tudom\u00e1nyos kutat\u00e1s ut\u00e1n minden k\u00e9ts\u00e9get kiz\u00e1r\u00f3an bizony\u00edtotta, hogy Joseph Mohr \u00edrta a vil\u00e1gh\u00edr\u0171 kar\u00e1csonyi \u00e9neket Mariapfarr-ban. \u00cdgy term\u00e9szetes volt, hogy a mariapfarr-i pl\u00e9b\u00e1nia \u00e9s zar\u00e1ndokm\u00fazeum kieg\u00e9sz\u00fclt egy Joseph Mohrr\u00f3l \u00e9s \u00e9nek\u00e9r\u0151l sz\u00f3l\u00f3 dokument\u00e1ci\u00f3val.<\/p>\n<p>A m\u00fazeum Joseph Mohrr\u00f3l sz\u00f3l\u00f3 dokument\u00e1ci\u00f3ja, <strong>bemutatja \u00e9let\u00e9t<\/strong> csal\u00e1df\u00e1j\u00e1t\u00f3l kezdve, amely a 17. sz\u00e1zadi Lungaub\u00f3l ered, eg\u00e9szen az 1848-ban Wagrainban bek\u00f6vetkezett hal\u00e1l\u00e1ig. Nemcsak a lungaui sz\u00e1rmaz\u00e1sa \u00e9s az 1815 \u00e9s 1817 k\u00f6z\u00f6tt Mariapfarr-ban t\u00f6lt\u00f6tt <strong>seg\u00e9dlelk\u00e9szi<\/strong> tart\u00f3zkod\u00e1sa tan\u00faskodik lungau-i gy\u00f6kereir\u0151l. Els\u0151 zenetan\u00e1ra, \u00e9s el\u00f6lj\u00e1r\u00f3i Mariapfarr-ban \u00e9s Oberndorf-ban szint\u00e9n lungauiak voltak, ak\u00e1rcsak az oberndorf-i eml\u00e9km\u0171 tervez\u0151je, az ismert m\u0171v\u00e9sz \u00e9s pap, M\u00fchlbacher.<\/p>\n<div id=\"attachment_4891\" style=\"width: 1180px\" class=\"wp-caption alignnone\"><img decoding=\"async\" aria-describedby=\"caption-attachment-4891\" class=\"size-1170_658 wp-image-4891\" src=\"https:\/\/cdn.salzburgerland.com\/hu\/wp-content\/uploads\/2016\/11\/rs2382_gut_4788-1170x658.jpg\" alt=\"Csendes \u00e9j-kutat\u00f3k szerint az olt\u00e1rk\u00e9p Kisj\u00e9zus\u00e1nak g\u00f6nd\u00f6r sz\u0151ke f\u00fcrtjei ihlett\u00e9k a fiatal papot hatstr\u00f3f\u00e1s versre\" width=\"1170\" height=\"658\" srcset=\"https:\/\/www.salzburgerland.com\/hu\/wp-content\/uploads\/2016\/11\/rs2382_gut_4788-1170x658.jpg 1170w, https:\/\/www.salzburgerland.com\/hu\/wp-content\/uploads\/2016\/11\/rs2382_gut_4788-1200x675.jpg 1200w\" sizes=\"(max-width: 1170px) 100vw, 1170px\"><p id=\"caption-attachment-4891\" class=\"wp-caption-text\">Csendes \u00e9j-kutat\u00f3k szerint az olt\u00e1rk\u00e9p Kisj\u00e9zus\u00e1nak g\u00f6nd\u00f6r sz\u0151ke f\u00fcrtjei ihlett\u00e9k a fiatal papot hatstr\u00f3f\u00e1s verse meg\u00edr\u00e1sakor \u00a9 SalzburgerLand Tourismus, Gulliver Theis \u2013<\/p><\/div>\n<p><strong>Kapcsolat:<\/strong><\/p>\n<p>Pfarr-, Wallfahrts- und Stille Nacht Museum\u00a0<span>Mariapfarr<\/span><br>\nJoseph Mohr Platz 1<span> (Bej\u00e1rat a m\u00fazeumba a Pfarrstra\u00dfe 19-en kereszt\u00fcl)<\/span><br>\n5571\u00a0<span>Mariapfarr<\/span><br>\n<span>Tel.: +43 6473 8766<\/span><br>\n<a href=\"mailto:mariapfarr@tourismuslungau.at\">mariapfarr@tourismuslungau.at<\/a><br>\n<a href=\"http:\/\/www.wallfahrtsmuseum.at\/\">www.wallfahrtsmuseum.at<\/a><\/p>\n","protected":false},"excerpt":{"rendered":"<p>Lungau r\u00e9gi\u00f3j\u00e1t Ausztria legnaposabb vid\u00e9k\u00e9nek tartj\u00e1k. A sok naps\u00fct\u00e9ses \u00f3ra, \u00e9s az eg\u00e9szs\u00e9ges tengerszint feletti magass\u00e1g biztos\u00edtja, hogy az emberek k\u00fcl\u00f6n\u00f6sen j\u00f3l \u00e9rezz\u00e9k itt magukat. Nem volt ez mindig \u00edgy. Amikor a 23 \u00e9ves Joseph Mohr 1815-ben seg\u00e9dlelk\u00e9szk\u00e9nt megkezdte els\u0151 szolg\u00e1lat\u00e1t Mariapfarr-ban, a t\u00e1voli Lungau r\u00e9gi\u00f3ja neh\u00e9z id\u0151ket \u00e9lt meg, h\u00e1bor\u00fa, \u00e9h\u00edns\u00e9g \u00e9s szeg\u00e9nys\u00e9g jellemezte. [&hellip;]<\/p>\n","protected":false},"author":21,"featured_media":17861,"comment_status":"closed","ping_status":"closed","sticky":false,"template":"","format":"standard","meta":{"_acf_changed":false,"wl_entities_gutenberg":"","_relevanssi_hide_post":"","_relevanssi_hide_content":"","_relevanssi_pin_for_all":"","_relevanssi_pin_keywords":"","_relevanssi_unpin_keywords":"","_relevanssi_related_keywords":"","_relevanssi_related_include_ids":"","_relevanssi_related_exclude_ids":"","_relevanssi_related_no_append":"","_relevanssi_related_not_related":"","_relevanssi_related_posts":"","_relevanssi_noindex_reason":"","footnotes":""},"categories":[1],"tags":[121,302,534],"wl_entity_type":[27],"class_list":["post-17900","post","type-post","status-publish","format-standard","has-post-thumbnail","hentry","category-uncategorized","tag-csendes-ej","tag-mariapfarr","tag-muzeum","wl_entity_type-article"],"acf":[],"yoast_head":"<!-- This site is optimized with the Yoast SEO Premium plugin v27.4 (Yoast SEO v27.4) - https:\/\/yoast.com\/product\/yoast-seo-premium-wordpress\/ -->\n<title>Csendes \u00e9j-m\u00fazeum Mariapfarr-ban \u00bb SalzburgerLand.com<\/title>\n<meta name=\"description\" content=\"Mariapfarr, itt \u00edr\u00f3dott a h\u00edres kar\u00e1csonyi \u00e9nek sz\u00f6vege, melynek eml\u00e9k\u00e9t a helyi Csendes \u00e9j-m\u00fazeum falai k\u00f6zt \u0151rzik.\" \/>\n<meta name=\"robots\" content=\"index, follow, max-snippet:-1, max-image-preview:large, max-video-preview:-1\" \/>\n<link rel=\"canonical\" href=\"https:\/\/www.salzburgerland.com\/hu\/csendes-ej-muzeumok-mariapfarr\/\" \/>\n<meta property=\"og:locale\" content=\"hu_HU\" \/>\n<meta property=\"og:type\" content=\"article\" \/>\n<meta property=\"og:title\" content=\"Csendes \u00e9j-m\u00fazeum Mariapfarr-ban\" \/>\n<meta property=\"og:description\" content=\"Lungau r\u00e9gi\u00f3j\u00e1t Ausztria legnaposabb vid\u00e9k\u00e9nek tartj\u00e1k. A sok naps\u00fct\u00e9ses \u00f3ra, \u00e9s az eg\u00e9szs\u00e9ges tengerszint feletti magass\u00e1g biztos\u00edtja, hogy az emberek\" \/>\n<meta property=\"og:url\" content=\"https:\/\/www.salzburgerland.com\/hu\/csendes-ej-muzeumok-mariapfarr\/\" \/>\n<meta property=\"og:site_name\" content=\"SalzburgerLand.com\" \/>\n<meta property=\"article:publisher\" content=\"https:\/\/www.facebook.com\/visitsalzburgerland\/\" \/>\n<meta property=\"article:published_time\" content=\"2022-11-12T21:57:05+00:00\" \/>\n<meta property=\"article:modified_time\" content=\"2022-11-12T21:57:43+00:00\" \/>\n<meta property=\"og:image\" content=\"https:\/\/www.salzburgerland.com\/hu\/wp-content\/uploads\/2022\/11\/rs1083_brunnen_mohr01-hpr-1920x840-jpg-pagespeed-ce_-xlutstorep-1170x658-1.jpg\" \/>\n\t<meta property=\"og:image:width\" content=\"1170\" \/>\n\t<meta property=\"og:image:height\" content=\"658\" \/>\n\t<meta property=\"og:image:type\" content=\"image\/jpeg\" \/>\n<meta name=\"author\" content=\"Hajnalka K\u00e1di\" \/>\n<meta name=\"twitter:card\" content=\"summary_large_image\" \/>\n<meta name=\"twitter:creator\" content=\"@salzburgerland\" \/>\n<meta name=\"twitter:site\" content=\"@salzburgerland\" \/>\n<meta name=\"twitter:label1\" content=\"Szerz\u0151:\" \/>\n\t<meta name=\"twitter:data1\" content=\"Hajnalka K\u00e1di\" \/>\n\t<meta name=\"twitter:label2\" content=\"Becs\u00fclt olvas\u00e1si id\u0151\" \/>\n\t<meta name=\"twitter:data2\" content=\"2 perc\" \/>\n<script type=\"application\/ld+json\" class=\"yoast-schema-graph\">{\"@context\":\"https:\\\/\\\/schema.org\",\"@graph\":[{\"@type\":\"Article\",\"@id\":\"https:\\\/\\\/www.salzburgerland.com\\\/hu\\\/csendes-ej-muzeumok-mariapfarr\\\/#article\",\"isPartOf\":{\"@id\":\"https:\\\/\\\/www.salzburgerland.com\\\/hu\\\/csendes-ej-muzeumok-mariapfarr\\\/\"},\"author\":{\"name\":\"Hajnalka K\u00e1di\",\"@id\":\"https:\\\/\\\/www.salzburgerland.com\\\/hu\\\/#\\\/schema\\\/person\\\/e4905df070d9b3c52e1e4c730b26aa5a\"},\"headline\":\"Csendes \u00e9j-m\u00fazeum Mariapfarr-ban\",\"datePublished\":\"2022-11-12T21:57:05+00:00\",\"dateModified\":\"2022-11-12T21:57:43+00:00\",\"mainEntityOfPage\":{\"@id\":\"https:\\\/\\\/www.salzburgerland.com\\\/hu\\\/csendes-ej-muzeumok-mariapfarr\\\/\"},\"wordCount\":449,\"image\":{\"@id\":\"https:\\\/\\\/www.salzburgerland.com\\\/hu\\\/csendes-ej-muzeumok-mariapfarr\\\/#primaryimage\"},\"thumbnailUrl\":\"https:\\\/\\\/www.salzburgerland.com\\\/hu\\\/wp-content\\\/uploads\\\/2022\\\/11\\\/rs1083_brunnen_mohr01-hpr-1920x840-jpg-pagespeed-ce_-xlutstorep-1170x658-1.jpg\",\"keywords\":[\"Csendes \u00e9j\",\"Mariapfarr\",\"m\u00fazeum\"],\"articleSection\":[\"Uncategorized\"],\"inLanguage\":\"hu\"},{\"@type\":\"WebPage\",\"@id\":\"https:\\\/\\\/www.salzburgerland.com\\\/hu\\\/csendes-ej-muzeumok-mariapfarr\\\/\",\"url\":\"https:\\\/\\\/www.salzburgerland.com\\\/hu\\\/csendes-ej-muzeumok-mariapfarr\\\/\",\"name\":\"Csendes \u00e9j-m\u00fazeum Mariapfarr-ban \u00bb SalzburgerLand.com\",\"isPartOf\":{\"@id\":\"https:\\\/\\\/www.salzburgerland.com\\\/hu\\\/#website\"},\"primaryImageOfPage\":{\"@id\":\"https:\\\/\\\/www.salzburgerland.com\\\/hu\\\/csendes-ej-muzeumok-mariapfarr\\\/#primaryimage\"},\"image\":{\"@id\":\"https:\\\/\\\/www.salzburgerland.com\\\/hu\\\/csendes-ej-muzeumok-mariapfarr\\\/#primaryimage\"},\"thumbnailUrl\":\"https:\\\/\\\/www.salzburgerland.com\\\/hu\\\/wp-content\\\/uploads\\\/2022\\\/11\\\/rs1083_brunnen_mohr01-hpr-1920x840-jpg-pagespeed-ce_-xlutstorep-1170x658-1.jpg\",\"datePublished\":\"2022-11-12T21:57:05+00:00\",\"dateModified\":\"2022-11-12T21:57:43+00:00\",\"author\":{\"@id\":\"https:\\\/\\\/www.salzburgerland.com\\\/hu\\\/#\\\/schema\\\/person\\\/e4905df070d9b3c52e1e4c730b26aa5a\"},\"description\":\"Mariapfarr, itt \u00edr\u00f3dott a h\u00edres kar\u00e1csonyi \u00e9nek sz\u00f6vege, melynek eml\u00e9k\u00e9t a helyi Csendes \u00e9j-m\u00fazeum falai k\u00f6zt \u0151rzik.\",\"breadcrumb\":{\"@id\":\"https:\\\/\\\/www.salzburgerland.com\\\/hu\\\/csendes-ej-muzeumok-mariapfarr\\\/#breadcrumb\"},\"inLanguage\":\"hu\",\"potentialAction\":[{\"@type\":\"ReadAction\",\"target\":[\"https:\\\/\\\/www.salzburgerland.com\\\/hu\\\/csendes-ej-muzeumok-mariapfarr\\\/\"]}]},{\"@type\":\"ImageObject\",\"inLanguage\":\"hu\",\"@id\":\"https:\\\/\\\/www.salzburgerland.com\\\/hu\\\/csendes-ej-muzeumok-mariapfarr\\\/#primaryimage\",\"url\":\"https:\\\/\\\/www.salzburgerland.com\\\/hu\\\/wp-content\\\/uploads\\\/2022\\\/11\\\/rs1083_brunnen_mohr01-hpr-1920x840-jpg-pagespeed-ce_-xlutstorep-1170x658-1.jpg\",\"contentUrl\":\"https:\\\/\\\/www.salzburgerland.com\\\/hu\\\/wp-content\\\/uploads\\\/2022\\\/11\\\/rs1083_brunnen_mohr01-hpr-1920x840-jpg-pagespeed-ce_-xlutstorep-1170x658-1.jpg\",\"width\":1170,\"height\":658,\"caption\":\"A Joseph Mohr-k\u00fat Mariapfarr-ban \u00a9 SalzburgerLand Tourismus\"},{\"@type\":\"BreadcrumbList\",\"@id\":\"https:\\\/\\\/www.salzburgerland.com\\\/hu\\\/csendes-ej-muzeumok-mariapfarr\\\/#breadcrumb\",\"itemListElement\":[{\"@type\":\"ListItem\",\"position\":1,\"name\":\"Csendes \u00e9j-m\u00fazeumok\",\"item\":\"https:\\\/\\\/www.salzburgerland.com\\\/hu\\\/csendes-ej-muzeumok\\\/\"},{\"@type\":\"ListItem\",\"position\":2,\"name\":\"Csendes \u00e9j-m\u00fazeum Mariapfarr-ban\"}]},{\"@type\":\"WebSite\",\"@id\":\"https:\\\/\\\/www.salzburgerland.com\\\/hu\\\/#website\",\"url\":\"https:\\\/\\\/www.salzburgerland.com\\\/hu\\\/\",\"name\":\"SalzburgerLand.com\",\"description\":\"\u00dcd\u00fcl\u00e9s Ausztri\u00e1ban, Salzburg tartom\u00e1nyban\",\"potentialAction\":[{\"@type\":\"SearchAction\",\"target\":{\"@type\":\"EntryPoint\",\"urlTemplate\":\"https:\\\/\\\/www.salzburgerland.com\\\/hu\\\/?s={search_term_string}\"},\"query-input\":{\"@type\":\"PropertyValueSpecification\",\"valueRequired\":true,\"valueName\":\"search_term_string\"}}],\"inLanguage\":\"hu\"},{\"@type\":\"Person\",\"@id\":\"https:\\\/\\\/www.salzburgerland.com\\\/hu\\\/#\\\/schema\\\/person\\\/e4905df070d9b3c52e1e4c730b26aa5a\",\"name\":\"Hajnalka K\u00e1di\",\"image\":{\"@type\":\"ImageObject\",\"inLanguage\":\"hu\",\"@id\":\"https:\\\/\\\/secure.gravatar.com\\\/avatar\\\/e8c1eecf3b2c49d295cebc6aba0de06d13ec77aa0cf9ccec32725949011b69d2?s=96&d=mm&r=g\",\"url\":\"https:\\\/\\\/secure.gravatar.com\\\/avatar\\\/e8c1eecf3b2c49d295cebc6aba0de06d13ec77aa0cf9ccec32725949011b69d2?s=96&d=mm&r=g\",\"contentUrl\":\"https:\\\/\\\/secure.gravatar.com\\\/avatar\\\/e8c1eecf3b2c49d295cebc6aba0de06d13ec77aa0cf9ccec32725949011b69d2?s=96&d=mm&r=g\",\"caption\":\"Hajnalka K\u00e1di\"}}]}<\/script>\n<!-- \/ Yoast SEO Premium plugin. -->","yoast_head_json":{"title":"Csendes \u00e9j-m\u00fazeum Mariapfarr-ban \u00bb SalzburgerLand.com","description":"Mariapfarr, itt \u00edr\u00f3dott a h\u00edres kar\u00e1csonyi \u00e9nek sz\u00f6vege, melynek eml\u00e9k\u00e9t a helyi Csendes \u00e9j-m\u00fazeum falai k\u00f6zt \u0151rzik.","robots":{"index":"index","follow":"follow","max-snippet":"max-snippet:-1","max-image-preview":"max-image-preview:large","max-video-preview":"max-video-preview:-1"},"canonical":"https:\/\/www.salzburgerland.com\/hu\/csendes-ej-muzeumok-mariapfarr\/","og_locale":"hu_HU","og_type":"article","og_title":"Csendes \u00e9j-m\u00fazeum Mariapfarr-ban","og_description":"Lungau r\u00e9gi\u00f3j\u00e1t Ausztria legnaposabb vid\u00e9k\u00e9nek tartj\u00e1k. A sok naps\u00fct\u00e9ses \u00f3ra, \u00e9s az eg\u00e9szs\u00e9ges tengerszint feletti magass\u00e1g biztos\u00edtja, hogy az emberek","og_url":"https:\/\/www.salzburgerland.com\/hu\/csendes-ej-muzeumok-mariapfarr\/","og_site_name":"SalzburgerLand.com","article_publisher":"https:\/\/www.facebook.com\/visitsalzburgerland\/","article_published_time":"2022-11-12T21:57:05+00:00","article_modified_time":"2022-11-12T21:57:43+00:00","og_image":[{"url":"https:\/\/www.salzburgerland.com\/hu\/wp-content\/uploads\/2022\/11\/rs1083_brunnen_mohr01-hpr-1920x840-jpg-pagespeed-ce_-xlutstorep-1170x658-1.jpg","width":1170,"height":658,"type":"image\/jpeg"}],"author":"Hajnalka K\u00e1di","twitter_card":"summary_large_image","twitter_creator":"@salzburgerland","twitter_site":"@salzburgerland","twitter_misc":{"Szerz\u0151:":"Hajnalka K\u00e1di","Becs\u00fclt olvas\u00e1si id\u0151":"2 perc"},"schema":{"@context":"https:\/\/schema.org","@graph":[{"@type":"Article","@id":"https:\/\/www.salzburgerland.com\/hu\/csendes-ej-muzeumok-mariapfarr\/#article","isPartOf":{"@id":"https:\/\/www.salzburgerland.com\/hu\/csendes-ej-muzeumok-mariapfarr\/"},"author":{"name":"Hajnalka K\u00e1di","@id":"https:\/\/www.salzburgerland.com\/hu\/#\/schema\/person\/e4905df070d9b3c52e1e4c730b26aa5a"},"headline":"Csendes \u00e9j-m\u00fazeum Mariapfarr-ban","datePublished":"2022-11-12T21:57:05+00:00","dateModified":"2022-11-12T21:57:43+00:00","mainEntityOfPage":{"@id":"https:\/\/www.salzburgerland.com\/hu\/csendes-ej-muzeumok-mariapfarr\/"},"wordCount":449,"image":{"@id":"https:\/\/www.salzburgerland.com\/hu\/csendes-ej-muzeumok-mariapfarr\/#primaryimage"},"thumbnailUrl":"https:\/\/www.salzburgerland.com\/hu\/wp-content\/uploads\/2022\/11\/rs1083_brunnen_mohr01-hpr-1920x840-jpg-pagespeed-ce_-xlutstorep-1170x658-1.jpg","keywords":["Csendes \u00e9j","Mariapfarr","m\u00fazeum"],"articleSection":["Uncategorized"],"inLanguage":"hu"},{"@type":"WebPage","@id":"https:\/\/www.salzburgerland.com\/hu\/csendes-ej-muzeumok-mariapfarr\/","url":"https:\/\/www.salzburgerland.com\/hu\/csendes-ej-muzeumok-mariapfarr\/","name":"Csendes \u00e9j-m\u00fazeum Mariapfarr-ban \u00bb SalzburgerLand.com","isPartOf":{"@id":"https:\/\/www.salzburgerland.com\/hu\/#website"},"primaryImageOfPage":{"@id":"https:\/\/www.salzburgerland.com\/hu\/csendes-ej-muzeumok-mariapfarr\/#primaryimage"},"image":{"@id":"https:\/\/www.salzburgerland.com\/hu\/csendes-ej-muzeumok-mariapfarr\/#primaryimage"},"thumbnailUrl":"https:\/\/www.salzburgerland.com\/hu\/wp-content\/uploads\/2022\/11\/rs1083_brunnen_mohr01-hpr-1920x840-jpg-pagespeed-ce_-xlutstorep-1170x658-1.jpg","datePublished":"2022-11-12T21:57:05+00:00","dateModified":"2022-11-12T21:57:43+00:00","author":{"@id":"https:\/\/www.salzburgerland.com\/hu\/#\/schema\/person\/e4905df070d9b3c52e1e4c730b26aa5a"},"description":"Mariapfarr, itt \u00edr\u00f3dott a h\u00edres kar\u00e1csonyi \u00e9nek sz\u00f6vege, melynek eml\u00e9k\u00e9t a helyi Csendes \u00e9j-m\u00fazeum falai k\u00f6zt \u0151rzik.","breadcrumb":{"@id":"https:\/\/www.salzburgerland.com\/hu\/csendes-ej-muzeumok-mariapfarr\/#breadcrumb"},"inLanguage":"hu","potentialAction":[{"@type":"ReadAction","target":["https:\/\/www.salzburgerland.com\/hu\/csendes-ej-muzeumok-mariapfarr\/"]}]},{"@type":"ImageObject","inLanguage":"hu","@id":"https:\/\/www.salzburgerland.com\/hu\/csendes-ej-muzeumok-mariapfarr\/#primaryimage","url":"https:\/\/www.salzburgerland.com\/hu\/wp-content\/uploads\/2022\/11\/rs1083_brunnen_mohr01-hpr-1920x840-jpg-pagespeed-ce_-xlutstorep-1170x658-1.jpg","contentUrl":"https:\/\/www.salzburgerland.com\/hu\/wp-content\/uploads\/2022\/11\/rs1083_brunnen_mohr01-hpr-1920x840-jpg-pagespeed-ce_-xlutstorep-1170x658-1.jpg","width":1170,"height":658,"caption":"A Joseph Mohr-k\u00fat Mariapfarr-ban \u00a9 SalzburgerLand Tourismus"},{"@type":"BreadcrumbList","@id":"https:\/\/www.salzburgerland.com\/hu\/csendes-ej-muzeumok-mariapfarr\/#breadcrumb","itemListElement":[{"@type":"ListItem","position":1,"name":"Csendes \u00e9j-m\u00fazeumok","item":"https:\/\/www.salzburgerland.com\/hu\/csendes-ej-muzeumok\/"},{"@type":"ListItem","position":2,"name":"Csendes \u00e9j-m\u00fazeum Mariapfarr-ban"}]},{"@type":"WebSite","@id":"https:\/\/www.salzburgerland.com\/hu\/#website","url":"https:\/\/www.salzburgerland.com\/hu\/","name":"SalzburgerLand.com","description":"\u00dcd\u00fcl\u00e9s Ausztri\u00e1ban, Salzburg tartom\u00e1nyban","potentialAction":[{"@type":"SearchAction","target":{"@type":"EntryPoint","urlTemplate":"https:\/\/www.salzburgerland.com\/hu\/?s={search_term_string}"},"query-input":{"@type":"PropertyValueSpecification","valueRequired":true,"valueName":"search_term_string"}}],"inLanguage":"hu"},{"@type":"Person","@id":"https:\/\/www.salzburgerland.com\/hu\/#\/schema\/person\/e4905df070d9b3c52e1e4c730b26aa5a","name":"Hajnalka K\u00e1di","image":{"@type":"ImageObject","inLanguage":"hu","@id":"https:\/\/secure.gravatar.com\/avatar\/e8c1eecf3b2c49d295cebc6aba0de06d13ec77aa0cf9ccec32725949011b69d2?s=96&d=mm&r=g","url":"https:\/\/secure.gravatar.com\/avatar\/e8c1eecf3b2c49d295cebc6aba0de06d13ec77aa0cf9ccec32725949011b69d2?s=96&d=mm&r=g","contentUrl":"https:\/\/secure.gravatar.com\/avatar\/e8c1eecf3b2c49d295cebc6aba0de06d13ec77aa0cf9ccec32725949011b69d2?s=96&d=mm&r=g","caption":"Hajnalka K\u00e1di"}}]}},"_wl_alt_label":[],"wl:entity_url":"http:\/\/open.salzburgerland.com\/hu\/post\/csendes-ej-muzeumok-mariapfarr-17900","_links":{"self":[{"href":"https:\/\/www.salzburgerland.com\/hu\/wp-json\/wp\/v2\/posts\/17900","targetHints":{"allow":["GET"]}}],"collection":[{"href":"https:\/\/www.salzburgerland.com\/hu\/wp-json\/wp\/v2\/posts"}],"about":[{"href":"https:\/\/www.salzburgerland.com\/hu\/wp-json\/wp\/v2\/types\/post"}],"author":[{"embeddable":true,"href":"https:\/\/www.salzburgerland.com\/hu\/wp-json\/wp\/v2\/users\/21"}],"replies":[{"embeddable":true,"href":"https:\/\/www.salzburgerland.com\/hu\/wp-json\/wp\/v2\/comments?post=17900"}],"version-history":[{"count":4,"href":"https:\/\/www.salzburgerland.com\/hu\/wp-json\/wp\/v2\/posts\/17900\/revisions"}],"predecessor-version":[{"id":17904,"href":"https:\/\/www.salzburgerland.com\/hu\/wp-json\/wp\/v2\/posts\/17900\/revisions\/17904"}],"wp:featuredmedia":[{"embeddable":true,"href":"https:\/\/www.salzburgerland.com\/hu\/wp-json\/wp\/v2\/media\/17861"}],"wp:attachment":[{"href":"https:\/\/www.salzburgerland.com\/hu\/wp-json\/wp\/v2\/media?parent=17900"}],"wp:term":[{"taxonomy":"category","embeddable":true,"href":"https:\/\/www.salzburgerland.com\/hu\/wp-json\/wp\/v2\/categories?post=17900"},{"taxonomy":"post_tag","embeddable":true,"href":"https:\/\/www.salzburgerland.com\/hu\/wp-json\/wp\/v2\/tags?post=17900"},{"taxonomy":"wl_entity_type","embeddable":true,"href":"https:\/\/www.salzburgerland.com\/hu\/wp-json\/wp\/v2\/wl_entity_type?post=17900"}],"curies":[{"name":"wp","href":"https:\/\/api.w.org\/{rel}","templated":true}]}}