{"id":17828,"date":"2022-11-12T16:49:17","date_gmt":"2022-11-12T15:49:17","guid":{"rendered":"https:\/\/www.salzburgerland.com\/hu\/?p=17828"},"modified":"2022-11-12T16:52:36","modified_gmt":"2022-11-12T15:52:36","slug":"csendes-ej-salzburg","status":"publish","type":"post","link":"https:\/\/www.salzburgerland.com\/hu\/csendes-ej-salzburg\/","title":{"rendered":"Salzburg"},"content":{"rendered":"<p><strong>Joseph Mohr<\/strong> 1792. december 11-\u00e9n sz\u00fcletett Salzburgban, <strong>Anna Schoiber<\/strong> k\u00f6t\u0151n\u0151 \u00e9s a <strong>herceg\u00e9rseki \u0151rs\u00e9g egyik musk\u00e9t\u00e1sa<\/strong> t\u00f6rv\u00e9nytelen gyermekek\u00e9nt. <strong>Salzburg<\/strong> p\u00fcsp\u00f6ki v\u00e1ros\u00e1ban, a <strong>Steingasse 31.<\/strong> sz\u00e1m alatt lakott. Gyermekkor\u00e1t \u00e9s iskol\u00e1s \u00e9veit ott t\u00f6lt\u00f6tte a legszeg\u00e9nyebb k\u00f6r\u00fclm\u00e9nyek k\u00f6z\u00f6tt. Soha nem tal\u00e1lkozott az apj\u00e1val. Sz\u00fclet\u00e9se ut\u00e1n n\u00e9h\u00e1ny \u00f3r\u00e1val a salzburgi d\u00f3mban megkeresztelt\u00e9k.<\/p>\n<h2>Salzburg a katolikus felvil\u00e1gosod\u00e1s szellem\u00e9ben<\/h2>\n<p><strong>Hieronymus von Colloredo<\/strong> herceg\u00e9rsek idej\u00e9ben, aki 1771-t\u0151l uralkodott a tartom\u00e1nyban, Salzburgban a felvil\u00e1gosod\u00e1s szelleme uralkodott. Az utols\u00f3 salzburgi herceg\u00e9rsek gyakorlatilag <strong>mindent betiltott<\/strong>, ami addig \u00e9rzelmi \u00f6r\u00f6m\u00f6ket k\u00edn\u00e1lt a h\u00edveknek. \u00c1tfog\u00f3 <strong>reformok<\/strong> mellett \u00e1llt ki az egyh\u00e1zi, kultur\u00e1lis \u00e9s t\u00e1rsadalmi szf\u00e9r\u00e1ban. Uralkod\u00e1sa alatt elt\u00f6r\u00f6lt\u00e9k az olyan hangulatos \u00e9s f\u00e9nyes cerem\u00f3ni\u00e1kat, mint a napfordul\u00f3s \u00fcnnep, vagy a betlehemez\u00e9s. Emellett a progressz\u00edv szellem Salzburgba vonzotta a n\u00e9met nyelvter\u00fclet vezet\u0151 tud\u00f3sait, \u00edr\u00f3it \u00e9s zen\u00e9szeit: <strong>Michael Haydn-t<\/strong> p\u00e9ld\u00e1ul egyh\u00e1zi zen\u00e9szk\u00e9nt nagyra becs\u00fclte Colloredo. <a href=\"https:\/\/www.salzburgerland.com\/de\/wolfgang-amadeus-mozart\/\" target=\"_blank\" rel=\"noopener\"><strong>W. A. Mozart<\/strong><\/a> viszont m\u00e1r 1781-ben elhagyta Salzburgot \u00e9s B\u00e9csbe t\u00e1vozott, miut\u00e1n konfliktusba ker\u00fclt az uralkod\u00f3val. 1800-ban a herceg\u00e9rsek elmenek\u00fclt Salzburgb\u00f3l; ugyanebben az \u00e9vben a v\u00e1rost francia csapatok sz\u00e1llt\u00e1k meg. A k\u00f6vetkez\u0151 \u00e9vekben az egykori herceg\u00e9rseki sz\u00e9khely a v\u00e1ltakoz\u00f3 uralmak alatt parlagon hever\u0151 <strong>tartom\u00e1nyi v\u00e1ross\u00e1<\/strong> alacsonyodott.<\/p>\n<div id=\"attachment_4886\" style=\"width: 1180px\" class=\"wp-caption alignnone\"><img decoding=\"async\" aria-describedby=\"caption-attachment-4886\" class=\"size-1170_658 wp-image-4886\" src=\"https:\/\/cdn.salzburgerland.com\/hu\/wp-content\/uploads\/2016\/11\/rs1107_dsc_6873_72_71_70_69_hdr_20151225_184449-1170x658.jpg\" alt=\"Salzburg v\u00e1ros legh\u00edresebb adventi v\u00e1s\u00e1ra, a Christkindlmarkt.\" width=\"1170\" height=\"658\" srcset=\"https:\/\/www.salzburgerland.com\/hu\/wp-content\/uploads\/2016\/11\/rs1107_dsc_6873_72_71_70_69_hdr_20151225_184449-1170x658.jpg 1170w, https:\/\/www.salzburgerland.com\/hu\/wp-content\/uploads\/2016\/11\/rs1107_dsc_6873_72_71_70_69_hdr_20151225_184449-1200x675.jpg 1200w\" sizes=\"(max-width: 1170px) 100vw, 1170px\"><p id=\"caption-attachment-4886\" class=\"wp-caption-text\">Salzburg v\u00e1ros legh\u00edresebb adventi v\u00e1s\u00e1ra, a Christkindlmarkt \u00a9 SalzburgerLand Tourismus, Achim Meurer<\/p><\/div>\n<h2>Joseph Mohr gyermek- \u00e9s ifj\u00fakor\u00e1t Salzburgban t\u00f6lt\u00f6tte<\/h2>\n<p>A kedvez\u0151tlen csal\u00e1di k\u00f6r\u00fclm\u00e9nyek ellen\u00e9re <strong>Joseph Mohr<\/strong> szerencs\u00e9s volt \u2013 \u00e9s tehets\u00e9ges. <strong>Johann Nepomuk Hiernle<\/strong> pl\u00e9b\u00e1nosban meg\u00e9rt\u0151 p\u00e1rtfog\u00f3ra tal\u00e1lt, aki t\u00e1mogatta a felt\u00f6rekv\u0151 ifj\u00fat, ahol csak tudta. Az \u00e1ltal\u00e1nos iskol\u00e1ban \u00e9s k\u00e9s\u0151bb az akad\u00e9miai gimn\u00e1ziumban is Mohr mindig a legjobb tanul\u00f3k k\u00f6z\u00e9 tartozott. Zenei k\u00e9pess\u00e9gei r\u00e9v\u00e9n 1807-ben helyet kapott a Szent P\u00e9ter ap\u00e1ts\u00e1gi k\u00f3rusban. A <strong>15 \u00e9ves<\/strong> <strong>Mohr<\/strong> \u00edgy kiv\u00e1l\u00f3, \u00e9s rendk\u00edv\u00fcl gyakorlatias oktat\u00e1sban r\u00e9szes\u00fclt: \u00e9vente 600 feladatot kellett teljes\u00edtenie.<\/p>\n<p>Az ezt k\u00f6vet\u0151 teol\u00f3giai k\u00e9pz\u00e9s az akkori <strong>Bajor Kir\u00e1lyi L\u00edceumban<\/strong> Salzburgban azzal z\u00e1rult, hogy 1815. augusztus 21-\u00e9n a d\u00f3mban papp\u00e1 szentelt\u00e9k. 1819. m\u00e1rcius 16-\u00e1n az a nagy megtiszteltet\u00e9s \u00e9rte, hogy a \u0151 tarthatta a d\u00f3mban a <strong>nagyb\u00f6jti mis\u00e9t<\/strong> \u2013 ami f\u00e9lre\u00e9rthetetlen\u00fcl jelezte <strong>rendk\u00edv\u00fcli retorikai k\u00e9pess\u00e9geit<\/strong>, besz\u00e9dk\u00e9szs\u00e9g\u00e9t \u00e9s teol\u00f3giai sokoldal\u00fas\u00e1g\u00e1t.<\/p>\n<div id=\"attachment_9967\" style=\"width: 1180px\" class=\"wp-caption alignnone\"><img decoding=\"async\" aria-describedby=\"caption-attachment-9967\" class=\"size-1170_658 wp-image-9967\" src=\"https:\/\/cdn.salzburgerland.com\/hu\/wp-content\/uploads\/2016\/11\/domquartier_salzburg_evatrifft_sltg-1170x658.jpg\" alt=\"Pillant\u00e1s a salzburgi d\u00f3m orgonakarzat\u00e1r\u00f3l.\" width=\"1170\" height=\"658\" srcset=\"https:\/\/www.salzburgerland.com\/hu\/wp-content\/uploads\/2016\/11\/domquartier_salzburg_evatrifft_sltg-1170x658.jpg 1170w, https:\/\/www.salzburgerland.com\/hu\/wp-content\/uploads\/2016\/11\/domquartier_salzburg_evatrifft_sltg-1200x675.jpg 1200w\" sizes=\"(max-width: 1170px) 100vw, 1170px\"><p id=\"caption-attachment-9967\" class=\"wp-caption-text\">Pillant\u00e1s a salzburgi d\u00f3m orgonakarzat\u00e1r\u00f3l \u00a9 SalzburgerLand Tourismus, Eva trifft.<\/p><\/div>\n<h2>A Csendes \u00e9j nyom\u00e1ban Salzburg v\u00e1ros\u00e1ban<\/h2>\n<ul>\n<li>A <a href=\"https:\/\/www.salzburger-dom.at\/home\" target=\"_blank\" rel=\"noopener\"><strong>salzburgi d\u00f3m<\/strong><\/a> a t\u00f6rt\u00e9nelmi keresztel\u0151medenc\u00e9vel mindig meg\u00e9r egy l\u00e1togat\u00e1st. A salzburgi d\u00f3m orgon\u00e1j\u00e1t<strong> Carl Mauracher<\/strong> \u00e9p\u00edtette \u00e1t: A zillertal-i <strong>orgona\u00e9p\u00edt\u0151<\/strong> a <strong>Csendes \u00e9j<\/strong> c\u00edm\u0171 m\u0171vet Oberndorf-b\u00f3l m\u00e1r 1819-ben hazavitte F\u00fcgen-be. T\u00f6bbek k\u00f6z\u00f6tt Joseph Mohr \u00e9s Wolfgang Amadeus Mozart is itt keresztelkedett meg.<\/li>\n<li>A salzburgi herceg\u00e9rsekek \u00e9vsz\u00e1zadokon \u00e1t lenyomatot hagytak a v\u00e1roson \u00e9s a tartom\u00e1nyon. Ha az \u0151 nyomdokaikban szeretne j\u00e1rni, a legjobb hely erre a <strong>D\u00f3mnegyed<\/strong>, amelyhez a salzburgi d\u00f3m is tartozik. A 2014-ben megnyitott D\u00f3mnegyed egyed\u00fcl\u00e1ll\u00f3 m\u00f3don t\u00fckr\u00f6zi azt a nagys\u00e1got \u00e9s hatalmat, amelyet az egykori <strong>salzburgi herceg\u00e9rsekek<\/strong> t\u00f6bb, mint 1000 \u00e9ven \u00e1t birtokoltak. Sz\u00e1mos k\u00fcl\u00f6nleges joggal rendelkeztek, amelyek k\u00f6z\u00fcl n\u00e9h\u00e1ny m\u00e9g ma is l\u00e9tezik. 1648-t\u00f3l Salzburg szuver\u00e9n hatalom volt a R\u00f3mai Birodalmon bel\u00fcl. Olyan k\u00fcl\u00f6nleges helyet foglalt el Eur\u00f3p\u00e1ban, hogy a nap\u00f3leoni \u00fajj\u00e1szervez\u00e9s ut\u00e1n is meg\u0151rizte az \u00e9rseki rangot. Salzburg csak <strong>1816-ban<\/strong> v\u00e1lt a<strong> Habsburg Birodalom<\/strong> r\u00e9sz\u00e9v\u00e9.<\/li>\n<li><strong>A salzburgi D\u00f3mnegyed<\/strong> megnyit\u00e1s\u00e1val 200 \u00e9v ut\u00e1n helyre\u00e1llt a <strong>d\u00f3m<\/strong> \u00e9s a <strong>Residenz<\/strong> egys\u00e9ge, bele\u00e9rtve a Szent P\u00e9ter benc\u00e9s kolostort is. Az \u00f3v\u00e1ros k\u00f6zep\u00e9n tal\u00e1lhat\u00f3 barokk \u00e9p\u00fcletegy\u00fcttes az \u00e9p\u00edt\u00e9szet, a m\u0171v\u00e9szet \u00e9s a zene egyed\u00fcl\u00e1ll\u00f3 szint\u00e9zis\u00e9nek sz\u00e1m\u00edt Eur\u00f3p\u00e1ban. A 15 000 m\u00b2-es ki\u00e1ll\u00edt\u00e1si ter\u00fcleten mintegy <strong>2000 \u00e9rt\u00e9kes ki\u00e1ll\u00edt\u00e1si t\u00e1rgynak<\/strong> ad otthont, \u00e9s mag\u00e1ban foglalja a Residenz d\u00edsztermeit, a Residenz Gal\u00e9ri\u00e1t, a D\u00f3mm\u00fazeumot a m\u0171t\u00e1rgyak gy\u0171jtem\u00e9ny\u00e9vel, a rekonstru\u00e1lt herceg\u00e9rseki M\u0171v\u00e9szeti \u00e9s Csodakamr\u00e1t (Kunst- und Wunderkammer), a Hossz\u00fa Gal\u00e9ri\u00e1t (Lange Galerie), a Szent P\u00e9ter M\u00fazeumot \u00e9s a r\u00e9sztvev\u0151 m\u00fazeumok k\u00fcl\u00f6nleges ki\u00e1ll\u00edt\u00e1sait.\n<p><\/p><div id=\"attachment_9966\" style=\"width: 1180px\" class=\"wp-caption alignnone\"><img decoding=\"async\" aria-describedby=\"caption-attachment-9966\" class=\"size-1170_658 wp-image-9966\" src=\"https:\/\/cdn.salzburgerland.com\/hu\/wp-content\/uploads\/2016\/11\/domquartier_aussen_salzburg_evatrifft_sltg-e1479729491927-1170x658.jpg\" alt=\"Pillant\u00e1s a salzburgi D\u00f3mnegyedb\u0151l a Residenzplatz-ra\" width=\"1170\" height=\"658\" srcset=\"https:\/\/www.salzburgerland.com\/hu\/wp-content\/uploads\/2016\/11\/domquartier_aussen_salzburg_evatrifft_sltg-e1479729491927-1170x658.jpg 1170w, https:\/\/www.salzburgerland.com\/hu\/wp-content\/uploads\/2016\/11\/domquartier_aussen_salzburg_evatrifft_sltg-e1479729491927-1200x675.jpg 1200w\" sizes=\"(max-width: 1170px) 100vw, 1170px\"><p id=\"caption-attachment-9966\" class=\"wp-caption-text\">Pillant\u00e1s a salzburgi D\u00f3mnegyedb\u0151l a Residenzplatz-ra \u00a9 Tourismus Salzburg GmbH<\/p><\/div><\/li>\n<li><strong>Salzburgot \u201e\u00c9szak R\u00f3m\u00e1j\u00e1nak\u201d tartj\u00e1k<\/strong>. K\u00f6r\u00fclbel\u00fcl 400 \u00e9vvel ezel\u0151tt a salzburgi herceg\u00e9rsekek kezdt\u00e9k el az Alpokt\u00f3l \u00e9szakra fekv\u0151 v\u00e1rost barokk gy\u00f6ngyszemm\u00e9 alak\u00edtani. Az \u00e9p\u00edt\u00e9szet mint\u00e1j\u00e1ul a csod\u00e1latos R\u00f3ma szolg\u00e1lt. \u00cdgy a salzburgi d\u00f3m, a templomok, k\u00e1poln\u00e1k, kolostorok \u00e9s temet\u0151k olasz mint\u00e1ra \u00e9s olasz \u00e9p\u00edt\u0151mesterek seg\u00edts\u00e9g\u00e9vel \u00e9p\u00fcltek. A sz\u0171k t\u00e9rben \u00e1ll\u00f3 pomp\u00e1s \u00e9s szakr\u00e1lis \u00e9p\u00fcletek sokas\u00e1ga \u00e9s az \u00f3v\u00e1ros t\u00e1gas terei R\u00f3ma v\u00e1rosk\u00e9p\u00e9t id\u00e9zik. A herceg\u00e9rsekek tett\u00e9k le az alapk\u00f6vet a mai Salzburg egyh\u00e1zi v\u00e1ros\u00e1nak, amely 1997 \u00f3ta az <strong>UNESCO vil\u00e1g\u00f6r\u00f6ks\u00e9g r\u00e9szek\u00e9nt<\/strong> v\u00e1rosi remekm\u0171k\u00e9nt v\u00e9dett \u00e9s kit\u00fcntetett.<\/li>\n<li><strong>Salzburg<\/strong> <strong>Csendes \u00e9j tematik\u00e1j\u00fa v\u00e1rosn\u00e9z\u0151 t\u00far\u00e1ja<\/strong> a Steingasse, a salzburgi d\u00f3m, a Makartplatz-on \u00e1ll\u00f3 paplak, a M\u00f6nchsberg hegy l\u00e1b\u00e1n\u00e1l l\u00e9v\u0151 Szent P\u00e9ter benc\u00e9s kolostor \u00e9s a mai Salzburgi Egyetem a Nagy Aula \u00e9p\u00fclet\u00e9vel. Mohr idej\u00e9ben ez volt az <strong>Akad\u00e9miai Gimn\u00e1zium<\/strong> helysz\u00edne.<\/li>\n<li><strong>T\u00e1rlatvezet\u00e9s a salzburgi kar\u00e1csonyi v\u00e1s\u00e1ron a Domplatz-on \u00e9s a Residenzplatz-on<\/strong>. \u00c1t\u00e9lheti az \u00f3v\u00e1ros kar\u00e1csony el\u0151tti hangulat\u00e1t az Austria Guides seg\u00edts\u00e9g\u00e9vel, \u00e9s r\u00e1hangol\u00f3dhat a k\u00f6zelg\u0151 kar\u00e1csonyra \u00e9rdekes t\u00f6rt\u00e9netekkel \u00e9s t\u00f6rt\u00e9nelmi t\u00e9nyekkel. A <strong>D\u00f3m t\u00e9r<\/strong> \u00fcnnepi hangulat\u00e1ban tett s\u00e9ta sor\u00e1n t\u00f6bbet megtudhat a <strong>Csendes \u00e9j<\/strong> c\u00edm\u0171 dal eredet\u00e9r\u0151l, a salzburgi kar\u00e1csonyi v\u00e1s\u00e1rr\u00f3l, a helyi szok\u00e1sokr\u00f3l \u00e9s az alpesi hagyom\u00e1nyokr\u00f3l. Megl\u00e1togatja a salzburgi d\u00f3mot a bronz keresztel\u0151medenc\u00e9vel, ahol <strong>Wolfgang Amadeus Mozart<\/strong> \u00e9s<strong> Joseph Mohr<\/strong>, a dal sz\u00f6veg\u00edr\u00f3ja megkeresztelkedett. Fedezze fel a rejtett k\u00fcl\u00f6nlegess\u00e9geket, a kulin\u00e1ris \u00e9lm\u00e9nyeket \u00e9s a hagyom\u00e1nyos m\u0171v\u00e9szeti alkot\u00e1sokat a t\u00fara sor\u00e1n. A t\u00fara k\u00e9r\u00e9sre \u00e9s egy\u00e9ni programmal a nap m\u00e1s id\u0151pontj\u00e1ban is foglalhat\u00f3.\n\t\t\t<div id=\"17828-1\" class=\"gallery gallery-17828 gallery-columns-3 gallery-size-1170_658\" itemscope itemtype=\"http:\/\/schema.org\/ImageGallery\">\n\t\t\t\t<ul class=\"gallery-row gallery-col-3 gallery-clear\">\n\t\t\t\t\t<li class=\"gallery-item col-3\" itemprop=\"associatedMedia\" itemscope itemtype=\"http:\/\/schema.org\/ImageObject\">\n\t\t\t\t\t\t<div class=\"gallery-icon landscape\"><a href=\"https:\/\/www.salzburgerland.com\/hu\/wp-content\/uploads\/2017\/06\/festpsiele_domplatz-1920x1067.jpg\" title=\"Salzburgi panor\u00e1ma\"><img decoding=\"async\" data-title=\"Salzburgi panor\u00e1ma \u00a9 Tourismus Salzburg\" title=\"Salzburgi panor\u00e1ma \u00a9 Tourismus Salzburg\" data-caption=\"Salzburgi panor\u00e1ma \u00a9 Tourismus Salzburg\" width=\"1170\" height=\"658\" src=\"https:\/\/www.salzburgerland.com\/hu\/wp-content\/uploads\/2017\/06\/festpsiele_domplatz-1170x658.jpg\" class=\"attachment-1170_658 size-1170_658\" alt=\"Salzburgi panor\u00e1ma (Nagy\u00edtott n\u00e9zet)\" srcset=\"https:\/\/www.salzburgerland.com\/hu\/wp-content\/uploads\/2017\/06\/festpsiele_domplatz-1170x658.jpg 1170w, https:\/\/www.salzburgerland.com\/hu\/wp-content\/uploads\/2017\/06\/festpsiele_domplatz-1200x675.jpg 1200w\" sizes=\"(max-width: 1170px) 100vw, 1170px\" aria-describedby=\"figcaption-17828-7834\" itemprop=\"thumbnail\"><\/a><\/div>\n\t\t\t\t\t\t<span id=\"figcaption-17828-7834\" class=\"gallery-caption\" itemprop=\"caption\"><span aria-hidden=\"true\">Salzburgi panor\u00e1ma \u00a9 Tourismus Salzburg<\/span><\/span>\n\t\t\t\t\t<\/li>\n\t\t\t\t\t<li class=\"gallery-item col-3\" itemprop=\"associatedMedia\" itemscope itemtype=\"http:\/\/schema.org\/ImageObject\">\n\t\t\t\t\t\t<div class=\"gallery-icon landscape\"><a href=\"https:\/\/www.salzburgerland.com\/hu\/wp-content\/uploads\/2016\/11\/rs513_0203_mozarts_geburtshaus_005-lpr-1920x1067.jpg\" title=\"Mozart sz\u00fcl\u0151h\u00e1za\"><img decoding=\"async\" data-title=\"Mozart sz\u00fcl\u0151h\u00e1za a salzburgi Getreidegasse-ban \u00a9 SalzburgerLand Tourismus\" title=\"Mozart sz\u00fcl\u0151h\u00e1za a salzburgi Getreidegasse-ban \u00a9 SalzburgerLand Tourismus\" data-caption=\"Mozart sz\u00fcl\u0151h\u00e1za a salzburgi Getreidegasse-ban \u00a9 SalzburgerLand Tourismus\" width=\"1170\" height=\"658\" src=\"https:\/\/www.salzburgerland.com\/hu\/wp-content\/uploads\/2016\/11\/rs513_0203_mozarts_geburtshaus_005-lpr-1170x658.jpg\" class=\"attachment-1170_658 size-1170_658\" alt=\"Mozart sz\u00fcl\u0151h\u00e1za. (Nagy\u00edtott n\u00e9zet)\" srcset=\"https:\/\/www.salzburgerland.com\/hu\/wp-content\/uploads\/2016\/11\/rs513_0203_mozarts_geburtshaus_005-lpr-1170x658.jpg 1170w, https:\/\/www.salzburgerland.com\/hu\/wp-content\/uploads\/2016\/11\/rs513_0203_mozarts_geburtshaus_005-lpr-1200x675.jpg 1200w\" sizes=\"(max-width: 1170px) 100vw, 1170px\" aria-describedby=\"figcaption-17828-7710\" itemprop=\"thumbnail\"><\/a><\/div>\n\t\t\t\t\t\t<span id=\"figcaption-17828-7710\" class=\"gallery-caption\" itemprop=\"caption\"><span aria-hidden=\"true\">Mozart sz\u00fcl\u0151h\u00e1za a salzburgi Getreidegasse-ban \u00a9 SalzburgerLand Tourismus<\/span><\/span>\n\t\t\t\t\t<\/li>\n\t\t\t\t\t<li class=\"gallery-item col-3\" itemprop=\"associatedMedia\" itemscope itemtype=\"http:\/\/schema.org\/ImageObject\">\n\t\t\t\t\t\t<div class=\"gallery-icon landscape\"><a href=\"https:\/\/www.salzburgerland.com\/hu\/wp-content\/uploads\/2020\/03\/rs2882_2019-04-01-slt-makartplatz-by-michael-groessinger-img_8487-eine-ebene-1920x1067.jpg\" title=\"Makartplatz magn\u00f3li\u00e1kkal.\"><img decoding=\"async\" data-title=\"Makartplatz magn\u00f3li\u00e1kkal \u00a9 SalzburgerLand Tourismus, Michael Groessinger\" title=\"Makartplatz magn\u00f3li\u00e1kkal \u00a9 SalzburgerLand Tourismus, Michael Groessinger\" data-caption=\"Makartplatz magn\u00f3li\u00e1kkal \u00a9 SalzburgerLand Tourismus, Michael Groessinger\" width=\"1170\" height=\"658\" src=\"https:\/\/www.salzburgerland.com\/hu\/wp-content\/uploads\/2020\/03\/rs2882_2019-04-01-slt-makartplatz-by-michael-groessinger-img_8487-eine-ebene-1170x658.jpg\" class=\"attachment-1170_658 size-1170_658\" alt=\"Makartplatz magn\u00f3li\u00e1kkal. (Nagy\u00edtott n\u00e9zet)\" srcset=\"https:\/\/www.salzburgerland.com\/hu\/wp-content\/uploads\/2020\/03\/rs2882_2019-04-01-slt-makartplatz-by-michael-groessinger-img_8487-eine-ebene-1170x658.jpg 1170w, https:\/\/www.salzburgerland.com\/hu\/wp-content\/uploads\/2020\/03\/rs2882_2019-04-01-slt-makartplatz-by-michael-groessinger-img_8487-eine-ebene-1200x675.jpg 1200w\" sizes=\"(max-width: 1170px) 100vw, 1170px\" aria-describedby=\"figcaption-17828-9489\" itemprop=\"thumbnail\"><\/a><\/div>\n\t\t\t\t\t\t<span id=\"figcaption-17828-9489\" class=\"gallery-caption\" itemprop=\"caption\"><span aria-hidden=\"true\">Makartplatz magn\u00f3li\u00e1kkal \u00a9 SalzburgerLand Tourismus, Michael Groessinger<\/span><\/span>\n\t\t\t\t\t<\/li>\n\t\t\t\t<\/ul>\n\t\t\t<\/div><!-- .gallery -->\n<\/li>\n<li><strong>Ha \u00f6n\u00e1ll\u00f3an szeretne s\u00e9t\u00e1lni<\/strong> a v\u00e1rosban, a legjobb, ha a Steingasse 31-t\u0151l indul, ahol Joseph Mohr feln\u0151tt. A v\u00e1rosk\u00f6zpont fel\u00e9 haladva a Bels\u0151 K\u0151kapu ut\u00e1n nem sokkal az \u00fat jobbra fordul az Imbergstiege-re, \u00e9s a Szent Johannes am Imberg templom mellett vezet el a <strong>Kapuziner kolostorhoz<\/strong>. A Stefan-Zweig \u00faton kereszt\u00fcl a kisv\u00e1rosi t\u00fara a <strong>Kapuziner hegyen<\/strong> \u00e1t jobbra fordulva folytat\u00f3dik a Franziskischl\u00f6ssl kast\u00e9lyhoz. Bels\u0151 udvar\u00e1n a v\u00e1ros ny\u00fczsg\u00e9s\u00e9t\u0151l t\u00e1vol egy \u00f6sszef\u00fcgg\u0151 kis adventi \u00e9s gasztron\u00f3miai piac alakult ki. Ha az utak j\u00e9gmentesek, a s\u00e9ta folytat\u00f3dhat Schallmoosig, majd balra visz az \u00fat a <strong>Linzer Gasse-n<\/strong> kereszt\u00fcl, ellenkez\u0151 esetben visszat\u00e9rhet az el\u0151z\u0151 \u00fatvonalon. A Linzer Gasse-ban tal\u00e1lhat\u00f3 a b\u00e9k\u00e9s Sebasti\u00e1n temet\u0151, ahol feltehet\u0151en Joseph Mohr \u00e9desanyja van eltemetve. A hurok a Reitsamerplatzon \u00e1t vezet, majd jobbra el\u00e1gazik a <strong>Szenth\u00e1roms\u00e1g-templom<\/strong> (Dreifaltigkeitskirche) \u00e9s a <strong>paplak<\/strong> (Priesterhaus) fel\u00e9, ahol Mohr papk\u00e9pz\u00e9se idej\u00e9n lakott. A Markartplatzon \u00e9s a Makartstegen kereszt\u00fcl az \u00fatvonal az \u00f3v\u00e1ros bal oldal\u00e1n folytat\u00f3dik. Itt a Getreidegassen \u00e1t a <strong>Kollegien templomhoz<\/strong> s\u00e9t\u00e1lhat. Fischer von Erlach \u00e9p\u00edttette, 1707-ben szentelt\u00e9k fel, \u00e9s a francia megsz\u00e1ll\u00e1s alatt a nap\u00f3leoni csapatok szeml\u00e9letesen sz\u00e9narakt\u00e1rk\u00e9nt haszn\u00e1lt\u00e1k. Teh\u00e1t \u00e9ppen abban az id\u0151ben, amikor Mohr a k\u00f6zeli <strong>Akad\u00e9miai Gimn\u00e1ziumba<\/strong> j\u00e1rt, \u00e9s a <strong>Szent P\u00e9ter kolostor<\/strong> k\u00f3rus\u00e1ban \u00e9nekelt. Az \u00fat a Franziskanergasse ment\u00e9n folytat\u00f3dik a <strong>Szent P\u00e9ter temet\u0151ig<\/strong> \u00e9s a Kapitelplatzig. A szemk\u00f6zti jobb oldalon az egyh\u00e1zmegye lev\u00e9lt\u00e1r\u00e1ban \u0151rzik az \u00e9rt\u00e9kes Csendes \u00e9j autogr\u00e1fjait. A d\u00f3mban, a bej\u00e1ratt\u00f3l balra tal\u00e1lhat\u00f3 az a keresztel\u0151medence, amelyben sok m\u00e1s salzburgi mellett Wolfgang Amadeus Mozart \u00e9s Joseph Mohr is megkeresztelkedett, mind\u00f6ssze 36 \u00e9v k\u00fcl\u00f6nbs\u00e9ggel. A d\u00f3mt\u00f3l nincs messze a <strong>Salzburgi M\u00fazeum<\/strong> <strong>az \u00faj Residenz-ben.<\/strong><\/li>\n<li><strong>A h\u00edres salzburgi adventi \u00e9nekl\u00e9s<\/strong> a Gro\u00dfes Festspielhaus-ban minden \u00e9vben mintegy 36 000 vend\u00e9get gy\u00f6ny\u00f6rk\u00f6dtet a vil\u00e1g t\u00f6bb mint 40 orsz\u00e1g\u00e1b\u00f3l. Jegyek \u00e9s inform\u00e1ci\u00f3k: <strong><a href=\"https:\/\/www.salzburgeradventsingen.at\/\" target=\"_blank\" rel=\"noopener\">www.salzburgeradventsingen.at<\/a><\/strong><\/li>\n<li><a href=\"https:\/\/www.salzburgmuseum.at\/glockenspiel\/\" target=\"_blank\" rel=\"noopener\"><strong>A h\u00edres salzburgi harangj\u00e1t\u00e9k<\/strong><\/a> december 24-\u00e9n 7.00, 11.00 \u00e9s 18.00 \u00f3rakor a <strong>Csendes \u00e9j dal<\/strong> dallam\u00e1t sz\u00f3laltatja meg. A templomokban a Csendes \u00e9j eredeti v\u00e1ltozat\u00e1t hagyom\u00e1nyosan a kar\u00e1csonyi mis\u00e9n \u00e9neklik.<\/li>\n<\/ul>\n<p>Inform\u00e1ci\u00f3k Salzburg v\u00e1ros\u00e1r\u00f3l: <a href=\"https:\/\/www.salzburg.info\/hu\" target=\"_blank\" rel=\"noopener\"><strong>www.salzburg.info<\/strong><\/a><\/p>\n<p>K\u00f6rpanor\u00e1ma megtekinthet\u0151 <a href=\"https:\/\/www.salzburgerland.com\/de\/stille-nacht-kirchen-360-panorama\/\" target=\"_blank\" rel=\"noopener\"><strong>ezen a linken<\/strong><\/a>.<\/p>\n","protected":false},"excerpt":{"rendered":"<p>Joseph Mohr 1792. december 11-\u00e9n sz\u00fcletett Salzburgban, Anna Schoiber k\u00f6t\u0151n\u0151 \u00e9s a herceg\u00e9rseki \u0151rs\u00e9g egyik musk\u00e9t\u00e1sa t\u00f6rv\u00e9nytelen gyermekek\u00e9nt. Salzburg p\u00fcsp\u00f6ki v\u00e1ros\u00e1ban, a Steingasse 31. sz\u00e1m alatt lakott. Gyermekkor\u00e1t \u00e9s iskol\u00e1s \u00e9veit ott t\u00f6lt\u00f6tte a legszeg\u00e9nyebb k\u00f6r\u00fclm\u00e9nyek k\u00f6z\u00f6tt. Soha nem tal\u00e1lkozott az apj\u00e1val. Sz\u00fclet\u00e9se ut\u00e1n n\u00e9h\u00e1ny \u00f3r\u00e1val a salzburgi d\u00f3mban megkeresztelt\u00e9k. Salzburg a katolikus felvil\u00e1gosod\u00e1s szellem\u00e9ben [&hellip;]<\/p>\n","protected":false},"author":21,"featured_media":17804,"comment_status":"closed","ping_status":"closed","sticky":false,"template":"","format":"standard","meta":{"_acf_changed":false,"wl_entities_gutenberg":"","_relevanssi_hide_post":"","_relevanssi_hide_content":"","_relevanssi_pin_for_all":"","_relevanssi_pin_keywords":"","_relevanssi_unpin_keywords":"","_relevanssi_related_keywords":"","_relevanssi_related_include_ids":"","_relevanssi_related_exclude_ids":"","_relevanssi_related_no_append":"","_relevanssi_related_not_related":"","_relevanssi_related_posts":"","_relevanssi_noindex_reason":"","footnotes":""},"categories":[1],"tags":[121,524,421],"wl_entity_type":[27],"class_list":["post-17828","post","type-post","status-publish","format-standard","has-post-thumbnail","hentry","category-uncategorized","tag-csendes-ej","tag-joseph-mohr","tag-salzburg","wl_entity_type-article"],"acf":[],"yoast_head":"<!-- This site is optimized with the Yoast SEO Premium plugin v27.4 (Yoast SEO v27.4) - https:\/\/yoast.com\/product\/yoast-seo-premium-wordpress\/ -->\n<title>Salzburg \u00bb SalzburgerLand.com<\/title>\n<meta name=\"robots\" content=\"index, follow, max-snippet:-1, max-image-preview:large, max-video-preview:-1\" \/>\n<link rel=\"canonical\" href=\"https:\/\/www.salzburgerland.com\/hu\/csendes-ej-salzburg\/\" \/>\n<meta property=\"og:locale\" content=\"hu_HU\" \/>\n<meta property=\"og:type\" content=\"article\" \/>\n<meta property=\"og:title\" content=\"Salzburg\" \/>\n<meta property=\"og:description\" content=\"Joseph Mohr 1792. december 11-\u00e9n sz\u00fcletett Salzburgban, Anna Schoiber k\u00f6t\u0151n\u0151 \u00e9s a herceg\u00e9rseki \u0151rs\u00e9g egyik musk\u00e9t\u00e1sa t\u00f6rv\u00e9nytelen gyermekek\u00e9nt. Salzburg\" \/>\n<meta property=\"og:url\" content=\"https:\/\/www.salzburgerland.com\/hu\/csendes-ej-salzburg\/\" \/>\n<meta property=\"og:site_name\" content=\"SalzburgerLand.com\" \/>\n<meta property=\"article:publisher\" content=\"https:\/\/www.facebook.com\/visitsalzburgerland\/\" \/>\n<meta property=\"article:published_time\" content=\"2022-11-12T15:49:17+00:00\" \/>\n<meta property=\"article:modified_time\" content=\"2022-11-12T15:52:36+00:00\" \/>\n<meta property=\"og:image\" content=\"https:\/\/www.salzburgerland.com\/hu\/wp-content\/uploads\/2022\/11\/stadt_salzburg_winter-e1632472616202-1170x658-1.jpg\" \/>\n\t<meta property=\"og:image:width\" content=\"1170\" \/>\n\t<meta property=\"og:image:height\" content=\"658\" \/>\n\t<meta property=\"og:image:type\" content=\"image\/jpeg\" \/>\n<meta name=\"author\" content=\"Hajnalka K\u00e1di\" \/>\n<meta name=\"twitter:card\" content=\"summary_large_image\" \/>\n<meta name=\"twitter:creator\" content=\"@salzburgerland\" \/>\n<meta name=\"twitter:site\" content=\"@salzburgerland\" \/>\n<meta name=\"twitter:label1\" content=\"Szerz\u0151:\" \/>\n\t<meta name=\"twitter:data1\" content=\"Hajnalka K\u00e1di\" \/>\n\t<meta name=\"twitter:label2\" content=\"Becs\u00fclt olvas\u00e1si id\u0151\" \/>\n\t<meta name=\"twitter:data2\" content=\"7 perc\" \/>\n<script type=\"application\/ld+json\" class=\"yoast-schema-graph\">{\"@context\":\"https:\\\/\\\/schema.org\",\"@graph\":[{\"@type\":\"Article\",\"@id\":\"https:\\\/\\\/www.salzburgerland.com\\\/hu\\\/csendes-ej-salzburg\\\/#article\",\"isPartOf\":{\"@id\":\"https:\\\/\\\/www.salzburgerland.com\\\/hu\\\/csendes-ej-salzburg\\\/\"},\"author\":{\"name\":\"Hajnalka K\u00e1di\",\"@id\":\"https:\\\/\\\/www.salzburgerland.com\\\/hu\\\/#\\\/schema\\\/person\\\/e4905df070d9b3c52e1e4c730b26aa5a\"},\"headline\":\"Salzburg\",\"datePublished\":\"2022-11-12T15:49:17+00:00\",\"dateModified\":\"2022-11-12T15:52:36+00:00\",\"mainEntityOfPage\":{\"@id\":\"https:\\\/\\\/www.salzburgerland.com\\\/hu\\\/csendes-ej-salzburg\\\/\"},\"wordCount\":1710,\"image\":{\"@id\":\"https:\\\/\\\/www.salzburgerland.com\\\/hu\\\/csendes-ej-salzburg\\\/#primaryimage\"},\"thumbnailUrl\":\"https:\\\/\\\/www.salzburgerland.com\\\/hu\\\/wp-content\\\/uploads\\\/2022\\\/11\\\/stadt_salzburg_winter-e1632472616202-1170x658-1.jpg\",\"keywords\":[\"Csendes \u00e9j\",\"Joseph Mohr\",\"Salzburg\"],\"articleSection\":[\"Uncategorized\"],\"inLanguage\":\"hu\"},{\"@type\":\"WebPage\",\"@id\":\"https:\\\/\\\/www.salzburgerland.com\\\/hu\\\/csendes-ej-salzburg\\\/\",\"url\":\"https:\\\/\\\/www.salzburgerland.com\\\/hu\\\/csendes-ej-salzburg\\\/\",\"name\":\"Salzburg \u00bb SalzburgerLand.com\",\"isPartOf\":{\"@id\":\"https:\\\/\\\/www.salzburgerland.com\\\/hu\\\/#website\"},\"primaryImageOfPage\":{\"@id\":\"https:\\\/\\\/www.salzburgerland.com\\\/hu\\\/csendes-ej-salzburg\\\/#primaryimage\"},\"image\":{\"@id\":\"https:\\\/\\\/www.salzburgerland.com\\\/hu\\\/csendes-ej-salzburg\\\/#primaryimage\"},\"thumbnailUrl\":\"https:\\\/\\\/www.salzburgerland.com\\\/hu\\\/wp-content\\\/uploads\\\/2022\\\/11\\\/stadt_salzburg_winter-e1632472616202-1170x658-1.jpg\",\"datePublished\":\"2022-11-12T15:49:17+00:00\",\"dateModified\":\"2022-11-12T15:52:36+00:00\",\"author\":{\"@id\":\"https:\\\/\\\/www.salzburgerland.com\\\/hu\\\/#\\\/schema\\\/person\\\/e4905df070d9b3c52e1e4c730b26aa5a\"},\"description\":\"Salzburg Mozart, a zene \u00e9s a fesztiv\u00e1lok vil\u00e1gh\u00edr\u0171 v\u00e1rosa. Egy s\u00e9ta sor\u00e1n felfedezheti Joseph Mohr \u00e9let\u00e9nek \u00e1llom\u00e1sait - a Steingasse-ban, a Szent P\u00e9ter ap\u00e1ts\u00e1gban vagy a d\u00f3mban.\",\"breadcrumb\":{\"@id\":\"https:\\\/\\\/www.salzburgerland.com\\\/hu\\\/csendes-ej-salzburg\\\/#breadcrumb\"},\"inLanguage\":\"hu\",\"potentialAction\":[{\"@type\":\"ReadAction\",\"target\":[\"https:\\\/\\\/www.salzburgerland.com\\\/hu\\\/csendes-ej-salzburg\\\/\"]}]},{\"@type\":\"ImageObject\",\"inLanguage\":\"hu\",\"@id\":\"https:\\\/\\\/www.salzburgerland.com\\\/hu\\\/csendes-ej-salzburg\\\/#primaryimage\",\"url\":\"https:\\\/\\\/www.salzburgerland.com\\\/hu\\\/wp-content\\\/uploads\\\/2022\\\/11\\\/stadt_salzburg_winter-e1632472616202-1170x658-1.jpg\",\"contentUrl\":\"https:\\\/\\\/www.salzburgerland.com\\\/hu\\\/wp-content\\\/uploads\\\/2022\\\/11\\\/stadt_salzburg_winter-e1632472616202-1170x658-1.jpg\",\"width\":1170,\"height\":658,\"caption\":\"Salzburg v\u00e1ros\u00e1nak t\u00e9li l\u00e1tk\u00e9pe \u00a9 Tourismus Salzburg GmbH, Guenter Breitegger\"},{\"@type\":\"BreadcrumbList\",\"@id\":\"https:\\\/\\\/www.salzburgerland.com\\\/hu\\\/csendes-ej-salzburg\\\/#breadcrumb\",\"itemListElement\":[{\"@type\":\"ListItem\",\"position\":1,\"name\":\"Csendes \u00e9j-telep\u00fcl\u00e9sek\",\"item\":\"https:\\\/\\\/www.salzburgerland.com\\\/hu\\\/csendes-ej-telepulesek\\\/\"},{\"@type\":\"ListItem\",\"position\":2,\"name\":\"Salzburg\"}]},{\"@type\":\"WebSite\",\"@id\":\"https:\\\/\\\/www.salzburgerland.com\\\/hu\\\/#website\",\"url\":\"https:\\\/\\\/www.salzburgerland.com\\\/hu\\\/\",\"name\":\"SalzburgerLand.com\",\"description\":\"\u00dcd\u00fcl\u00e9s Ausztri\u00e1ban, Salzburg tartom\u00e1nyban\",\"potentialAction\":[{\"@type\":\"SearchAction\",\"target\":{\"@type\":\"EntryPoint\",\"urlTemplate\":\"https:\\\/\\\/www.salzburgerland.com\\\/hu\\\/?s={search_term_string}\"},\"query-input\":{\"@type\":\"PropertyValueSpecification\",\"valueRequired\":true,\"valueName\":\"search_term_string\"}}],\"inLanguage\":\"hu\"},{\"@type\":\"Person\",\"@id\":\"https:\\\/\\\/www.salzburgerland.com\\\/hu\\\/#\\\/schema\\\/person\\\/e4905df070d9b3c52e1e4c730b26aa5a\",\"name\":\"Hajnalka K\u00e1di\",\"image\":{\"@type\":\"ImageObject\",\"inLanguage\":\"hu\",\"@id\":\"https:\\\/\\\/secure.gravatar.com\\\/avatar\\\/e8c1eecf3b2c49d295cebc6aba0de06d13ec77aa0cf9ccec32725949011b69d2?s=96&d=mm&r=g\",\"url\":\"https:\\\/\\\/secure.gravatar.com\\\/avatar\\\/e8c1eecf3b2c49d295cebc6aba0de06d13ec77aa0cf9ccec32725949011b69d2?s=96&d=mm&r=g\",\"contentUrl\":\"https:\\\/\\\/secure.gravatar.com\\\/avatar\\\/e8c1eecf3b2c49d295cebc6aba0de06d13ec77aa0cf9ccec32725949011b69d2?s=96&d=mm&r=g\",\"caption\":\"Hajnalka K\u00e1di\"}}]}<\/script>\n<!-- \/ Yoast SEO Premium plugin. -->","yoast_head_json":{"title":"Salzburg \u00bb SalzburgerLand.com","robots":{"index":"index","follow":"follow","max-snippet":"max-snippet:-1","max-image-preview":"max-image-preview:large","max-video-preview":"max-video-preview:-1"},"canonical":"https:\/\/www.salzburgerland.com\/hu\/csendes-ej-salzburg\/","og_locale":"hu_HU","og_type":"article","og_title":"Salzburg","og_description":"Joseph Mohr 1792. december 11-\u00e9n sz\u00fcletett Salzburgban, Anna Schoiber k\u00f6t\u0151n\u0151 \u00e9s a herceg\u00e9rseki \u0151rs\u00e9g egyik musk\u00e9t\u00e1sa t\u00f6rv\u00e9nytelen gyermekek\u00e9nt. Salzburg","og_url":"https:\/\/www.salzburgerland.com\/hu\/csendes-ej-salzburg\/","og_site_name":"SalzburgerLand.com","article_publisher":"https:\/\/www.facebook.com\/visitsalzburgerland\/","article_published_time":"2022-11-12T15:49:17+00:00","article_modified_time":"2022-11-12T15:52:36+00:00","og_image":[{"url":"https:\/\/www.salzburgerland.com\/hu\/wp-content\/uploads\/2022\/11\/stadt_salzburg_winter-e1632472616202-1170x658-1.jpg","width":1170,"height":658,"type":"image\/jpeg"}],"author":"Hajnalka K\u00e1di","twitter_card":"summary_large_image","twitter_creator":"@salzburgerland","twitter_site":"@salzburgerland","twitter_misc":{"Szerz\u0151:":"Hajnalka K\u00e1di","Becs\u00fclt olvas\u00e1si id\u0151":"7 perc"},"schema":{"@context":"https:\/\/schema.org","@graph":[{"@type":"Article","@id":"https:\/\/www.salzburgerland.com\/hu\/csendes-ej-salzburg\/#article","isPartOf":{"@id":"https:\/\/www.salzburgerland.com\/hu\/csendes-ej-salzburg\/"},"author":{"name":"Hajnalka K\u00e1di","@id":"https:\/\/www.salzburgerland.com\/hu\/#\/schema\/person\/e4905df070d9b3c52e1e4c730b26aa5a"},"headline":"Salzburg","datePublished":"2022-11-12T15:49:17+00:00","dateModified":"2022-11-12T15:52:36+00:00","mainEntityOfPage":{"@id":"https:\/\/www.salzburgerland.com\/hu\/csendes-ej-salzburg\/"},"wordCount":1710,"image":{"@id":"https:\/\/www.salzburgerland.com\/hu\/csendes-ej-salzburg\/#primaryimage"},"thumbnailUrl":"https:\/\/www.salzburgerland.com\/hu\/wp-content\/uploads\/2022\/11\/stadt_salzburg_winter-e1632472616202-1170x658-1.jpg","keywords":["Csendes \u00e9j","Joseph Mohr","Salzburg"],"articleSection":["Uncategorized"],"inLanguage":"hu"},{"@type":"WebPage","@id":"https:\/\/www.salzburgerland.com\/hu\/csendes-ej-salzburg\/","url":"https:\/\/www.salzburgerland.com\/hu\/csendes-ej-salzburg\/","name":"Salzburg \u00bb SalzburgerLand.com","isPartOf":{"@id":"https:\/\/www.salzburgerland.com\/hu\/#website"},"primaryImageOfPage":{"@id":"https:\/\/www.salzburgerland.com\/hu\/csendes-ej-salzburg\/#primaryimage"},"image":{"@id":"https:\/\/www.salzburgerland.com\/hu\/csendes-ej-salzburg\/#primaryimage"},"thumbnailUrl":"https:\/\/www.salzburgerland.com\/hu\/wp-content\/uploads\/2022\/11\/stadt_salzburg_winter-e1632472616202-1170x658-1.jpg","datePublished":"2022-11-12T15:49:17+00:00","dateModified":"2022-11-12T15:52:36+00:00","author":{"@id":"https:\/\/www.salzburgerland.com\/hu\/#\/schema\/person\/e4905df070d9b3c52e1e4c730b26aa5a"},"description":"Salzburg Mozart, a zene \u00e9s a fesztiv\u00e1lok vil\u00e1gh\u00edr\u0171 v\u00e1rosa. Egy s\u00e9ta sor\u00e1n felfedezheti Joseph Mohr \u00e9let\u00e9nek \u00e1llom\u00e1sait - a Steingasse-ban, a Szent P\u00e9ter ap\u00e1ts\u00e1gban vagy a d\u00f3mban.","breadcrumb":{"@id":"https:\/\/www.salzburgerland.com\/hu\/csendes-ej-salzburg\/#breadcrumb"},"inLanguage":"hu","potentialAction":[{"@type":"ReadAction","target":["https:\/\/www.salzburgerland.com\/hu\/csendes-ej-salzburg\/"]}]},{"@type":"ImageObject","inLanguage":"hu","@id":"https:\/\/www.salzburgerland.com\/hu\/csendes-ej-salzburg\/#primaryimage","url":"https:\/\/www.salzburgerland.com\/hu\/wp-content\/uploads\/2022\/11\/stadt_salzburg_winter-e1632472616202-1170x658-1.jpg","contentUrl":"https:\/\/www.salzburgerland.com\/hu\/wp-content\/uploads\/2022\/11\/stadt_salzburg_winter-e1632472616202-1170x658-1.jpg","width":1170,"height":658,"caption":"Salzburg v\u00e1ros\u00e1nak t\u00e9li l\u00e1tk\u00e9pe \u00a9 Tourismus Salzburg GmbH, Guenter Breitegger"},{"@type":"BreadcrumbList","@id":"https:\/\/www.salzburgerland.com\/hu\/csendes-ej-salzburg\/#breadcrumb","itemListElement":[{"@type":"ListItem","position":1,"name":"Csendes \u00e9j-telep\u00fcl\u00e9sek","item":"https:\/\/www.salzburgerland.com\/hu\/csendes-ej-telepulesek\/"},{"@type":"ListItem","position":2,"name":"Salzburg"}]},{"@type":"WebSite","@id":"https:\/\/www.salzburgerland.com\/hu\/#website","url":"https:\/\/www.salzburgerland.com\/hu\/","name":"SalzburgerLand.com","description":"\u00dcd\u00fcl\u00e9s Ausztri\u00e1ban, Salzburg tartom\u00e1nyban","potentialAction":[{"@type":"SearchAction","target":{"@type":"EntryPoint","urlTemplate":"https:\/\/www.salzburgerland.com\/hu\/?s={search_term_string}"},"query-input":{"@type":"PropertyValueSpecification","valueRequired":true,"valueName":"search_term_string"}}],"inLanguage":"hu"},{"@type":"Person","@id":"https:\/\/www.salzburgerland.com\/hu\/#\/schema\/person\/e4905df070d9b3c52e1e4c730b26aa5a","name":"Hajnalka K\u00e1di","image":{"@type":"ImageObject","inLanguage":"hu","@id":"https:\/\/secure.gravatar.com\/avatar\/e8c1eecf3b2c49d295cebc6aba0de06d13ec77aa0cf9ccec32725949011b69d2?s=96&d=mm&r=g","url":"https:\/\/secure.gravatar.com\/avatar\/e8c1eecf3b2c49d295cebc6aba0de06d13ec77aa0cf9ccec32725949011b69d2?s=96&d=mm&r=g","contentUrl":"https:\/\/secure.gravatar.com\/avatar\/e8c1eecf3b2c49d295cebc6aba0de06d13ec77aa0cf9ccec32725949011b69d2?s=96&d=mm&r=g","caption":"Hajnalka K\u00e1di"}}]}},"_wl_alt_label":[],"wl:entity_url":"http:\/\/open.salzburgerland.com\/hu\/post\/csendes-ej-salzburg-17828","_links":{"self":[{"href":"https:\/\/www.salzburgerland.com\/hu\/wp-json\/wp\/v2\/posts\/17828","targetHints":{"allow":["GET"]}}],"collection":[{"href":"https:\/\/www.salzburgerland.com\/hu\/wp-json\/wp\/v2\/posts"}],"about":[{"href":"https:\/\/www.salzburgerland.com\/hu\/wp-json\/wp\/v2\/types\/post"}],"author":[{"embeddable":true,"href":"https:\/\/www.salzburgerland.com\/hu\/wp-json\/wp\/v2\/users\/21"}],"replies":[{"embeddable":true,"href":"https:\/\/www.salzburgerland.com\/hu\/wp-json\/wp\/v2\/comments?post=17828"}],"version-history":[{"count":5,"href":"https:\/\/www.salzburgerland.com\/hu\/wp-json\/wp\/v2\/posts\/17828\/revisions"}],"predecessor-version":[{"id":17831,"href":"https:\/\/www.salzburgerland.com\/hu\/wp-json\/wp\/v2\/posts\/17828\/revisions\/17831"}],"wp:featuredmedia":[{"embeddable":true,"href":"https:\/\/www.salzburgerland.com\/hu\/wp-json\/wp\/v2\/media\/17804"}],"wp:attachment":[{"href":"https:\/\/www.salzburgerland.com\/hu\/wp-json\/wp\/v2\/media?parent=17828"}],"wp:term":[{"taxonomy":"category","embeddable":true,"href":"https:\/\/www.salzburgerland.com\/hu\/wp-json\/wp\/v2\/categories?post=17828"},{"taxonomy":"post_tag","embeddable":true,"href":"https:\/\/www.salzburgerland.com\/hu\/wp-json\/wp\/v2\/tags?post=17828"},{"taxonomy":"wl_entity_type","embeddable":true,"href":"https:\/\/www.salzburgerland.com\/hu\/wp-json\/wp\/v2\/wl_entity_type?post=17828"}],"curies":[{"name":"wp","href":"https:\/\/api.w.org\/{rel}","templated":true}]}}