{"id":17817,"date":"2022-11-12T16:05:12","date_gmt":"2022-11-12T15:05:12","guid":{"rendered":"https:\/\/www.salzburgerland.com\/hu\/?p=17817"},"modified":"2022-11-12T16:12:17","modified_gmt":"2022-11-12T15:12:17","slug":"csendes-ej-arnsdorf","status":"publish","type":"post","link":"https:\/\/www.salzburgerland.com\/hu\/csendes-ej-arnsdorf\/","title":{"rendered":"Arnsdorf"},"content":{"rendered":"<p style=\"margin: 0cm 0cm 24.0pt 0cm;\"><span style=\"font-family: 'Arial',sans-serif;\">Az arnsdorf-i r\u00e9gi \u00e1ltal\u00e1nos iskol\u00e1k egy csod\u00e1latos kincsnek adnak otthont: a kit\u0171n\u0151 Csendes \u00e9j-m\u00fazeumnak! Nyikorg\u00f3 l\u00e9pcs\u0151k\u00f6n kereszt\u00fcl jutunk fel az els\u0151 emeletre, Franz Xaver Gruber egykori lakr\u00e9sz\u00e9be, ahol 1807-t\u0151l 1826-ig els\u0151 feles\u00e9g\u00e9vel, majd 1829-t\u0151l m\u00e1sodik feles\u00e9g\u00e9vel \u00e9s gyermekeivel \u00e9lt. Minden val\u00f3sz\u00edn\u0171s\u00e9g szerint itt kompon\u00e1lta 1818. december 24-\u00e9n d\u00e9lut\u00e1n a \u201eCsendes \u00e9j!\u201d dallam\u00e1t. Franz Xaver Grubert kiv\u00e1l\u00f3 tan\u00e1rnak tartott\u00e1k, de az igazi szerelme a zene volt.<\/span><\/p>\n<h2 style=\"margin: 0cm 0cm 24.0pt 0cm;\">Zar\u00e1ndok- \u00e9s tal\u00e1lkoz\u00f3hely<\/h2>\n<p>Az arnsdorf-i Maria im M\u00f6sl-hez val\u00f3 zar\u00e1ndoklat m\u00e9g Franz Xaver Gruber idej\u00e9ben is fontos szerepet j\u00e1tszott. Az Oberndorf melletti kis falucsk\u00e1t \u00e9vsz\u00e1zadokon \u00e1t messze j\u00f3l ismert\u00e9k: a Maria im M\u00f6sl templomba m\u00e9g R\u00f3m\u00e1b\u00f3l is \u00e9rkeztek zar\u00e1ndokok, \u00e9s a mai napig minden \u00fajonnan megv\u00e1lasztott salzburgi \u00e9rsek el\u0151sz\u00f6r ide zar\u00e1ndokol.<\/p>\n<p><iframe title=\"Wie war das damals, Herr Lehrer? - Erlebe eine Schulstunde anno 1818 in #StilleNachtArnsdorf\" width=\"500\" height=\"281\" src=\"https:\/\/www.youtube-nocookie.com\/embed\/MFCQ9tbMhWQ?feature=oembed&amp;rel=0&amp;modestbranding=1\" frameborder=\"0\" allow=\"accelerometer; autoplay; clipboard-write; encrypted-media; gyroscope; picture-in-picture; web-share\" referrerpolicy=\"strict-origin-when-cross-origin\" allowfullscreen><\/iframe><\/p>\n<h2>Csendes \u00e9j Arnsdorf-ban:<\/h2>\n<ul>\n<li>Csendes \u00e9j-m\u00fazeum Arnsdorfban a Gruberschule iskol\u00e1ban<\/li>\n<li>Maria im M\u00f6sl zar\u00e1ndoktemplom<\/li>\n<li>Csendes \u00e9j-harangj\u00e1t\u00e9k<\/li>\n<\/ul>\n<p><strong>Kapcsolat:<\/strong><\/p>\n<p><span>Stille Nacht Museum Arnsdorf<\/span><br>\nStille Nacht Platz 1, 5112 Lamprechtshausen\/<span>Arnsdorf<\/span><br>\nTel.: +43 664 15 89 400<br>\n<a href=\"mailto:office@stillenachtarnsdorf.at\">office@stillenachtarnsdorf.at<\/a><br>\n<a href=\"http:\/\/www.stillenachtarnsdorf.at\">www.stillenachtarnsdorf.at<\/a><\/p>\n<div id=\"attachment_7334\" style=\"width: 1180px\" class=\"wp-caption alignnone\"><img decoding=\"async\" aria-describedby=\"caption-attachment-7334\" class=\"size-1170_658 wp-image-7334\" src=\"https:\/\/cdn.salzburgerland.com\/hu\/wp-content\/uploads\/2016\/11\/rs1071_krippe02-1170x658.jpg\" alt=\"Eredeti j\u00e1szolfigur\u00e1k az arnsdorfi Csendes \u00e9j-m\u00fazeumban\" width=\"1170\" height=\"658\" srcset=\"https:\/\/www.salzburgerland.com\/hu\/wp-content\/uploads\/2016\/11\/rs1071_krippe02-1170x658.jpg 1170w, https:\/\/www.salzburgerland.com\/hu\/wp-content\/uploads\/2016\/11\/rs1071_krippe02-1200x675.jpg 1200w\" sizes=\"(max-width: 1170px) 100vw, 1170px\"><p id=\"caption-attachment-7334\" class=\"wp-caption-text\">Eredeti j\u00e1szolfigur\u00e1k az arnsdorfi Csendes \u00e9j-m\u00fazeumban \u00a9 SalzburgerLand Tourismus, Kathrin Gollackner<\/p><\/div>\n<p>A r\u00e9gi\u00f3 gazdas\u00e1gi helyzete \u00e9s j\u00f6v\u0151beli kil\u00e1t\u00e1sai rosszak voltak, de egy gy\u00fcm\u00f6lcs\u00f6z\u0151 <strong>zar\u00e1ndoklat<\/strong> felt\u00e9telei ann\u00e1l jobbak. <strong>Franz Xaver Gruber<\/strong> nemcsak tan\u00e1r volt <strong>Arnsdorf-ban<\/strong>, hanem sekresty\u00e9sk\u00e9nt \u00e9s orgonistak\u00e9nt is a zar\u00e1ndokok szolg\u00e1lat\u00e1ban \u00e1llt. N\u00e9ha naponta t\u00f6bb mis\u00e9n is r\u00e9szt kellett vennie. A cs\u00facspontot a zar\u00e1ndoktemplom 1820-as 300 \u00e9ves \u00e9vfordul\u00f3j\u00e1nak \u00fcnneps\u00e9ge jelentette, amelyen 20 000 l\u00e1togat\u00f3 vett r\u00e9szt. A templomnak al\u00e1rendelt <strong>Michaelbeuern<\/strong> \u00e9s a <strong>Szent P\u00e9ter kolostor<\/strong> ap\u00e1tjai hallgatt\u00e1k a Gruber \u00e1ltal vez\u00e9nyelt zenekar el\u0151ad\u00e1sait. Arnsdorf teh\u00e1t mindig is a tal\u00e1lkoz\u00e1sok sz\u00ednhely\u00e9\u00fcl szolg\u00e1lt. Ezt a k\u00f6r\u00fclm\u00e9nyt <strong>Michael Haydn<\/strong> is kihaszn\u00e1lta, hogy n\u00e9met nyelv\u0171 dalokat \u00e9nekeljen itt <strong>Rettensteiner<\/strong> lelk\u00e9sz \u00farral. Egy \u00faj\u00edt\u00e1s, ak\u00e1rcsak a <strong>n\u00e9gysz\u00f3lam\u00fa f\u00e9rfikar<\/strong>, amely a 19. sz\u00e1zad egyik legfontosabb \u00faj zenei fejlem\u00e9nye volt.<\/p>\n<h2>A h\u00edres dallam az iskol\u00e1ban sz\u00fcletett meg<\/h2>\n<p>Amikor <strong>Franz Xaver Gruber<\/strong> 1807-ben megkapta els\u0151 tan\u00e1ri \u00e1ll\u00e1s\u00e1t <strong>Arnsdorf-ban<\/strong>, a sekresty\u00e9s \u00e9s az orgonista feladat\u00e1t is elv\u00e1llalta. Az a t\u00e9ny, hogy 1816-t\u00f3l m\u00e9g orgonista is lehetett az <strong>oberdorf-i Szent Nikola templomban<\/strong>, val\u00f3sz\u00edn\u0171leg csak az\u00e9rt val\u00f3sulhatott meg, mert mostohafia, <strong>Anton D\u00fcrnberger<\/strong> \u00e1tmenetileg helyettes\u00edteni tudta \u0151t. Alig egy \u00e9vvel k\u00e9s\u0151bb \u00faj seg\u00e9dlelk\u00e9sz \u00e9rkezett Oberndorf-ba: <strong>Joseph Mohr<\/strong>. A k\u00e9t f\u00e9rfi k\u00f6z\u00f6tt hamarosan bar\u00e1ts\u00e1g alakult ki, \u00e9s a zene fontos r\u00e9sze volt bar\u00e1ts\u00e1guknak.<\/p>\n<p>Egy 1821-es iskolai jelent\u00e9s szerint az arnsdorf-i iskol\u00e1t tartott\u00e1k a legjobbnak az eg\u00e9sz ker\u00fcletben, mivel a gyerekek <strong>\u201ecsod\u00e1latra m\u00e9lt\u00f3 \u00fcgyess\u00e9ggel\u201d<\/strong> adt\u00e1k meg a feleleteket. A r\u00e9szv\u00e9teli mor\u00e1l azonban nem volt t\u00fal j\u00f3, mivel a gazd\u00e1k k\u00f6lts\u00e9gtakar\u00e9koss\u00e1gi okokb\u00f3l ink\u00e1bb otthon foglalkoztatt\u00e1k gyermekeiket. Ezenk\u00edv\u00fcl iskolai tand\u00edjat is kellett fizetni: A vid\u00e9ki lakoss\u00e1g pedig s\u00falyosan megszenvedte az infl\u00e1ci\u00f3t. Franz Xaver Gruber ez\u00e9rt szemet vetett az Oberndorf-ban meg\u00fcresedett <strong>tan\u00e1ri \u00e1ll\u00e1sra<\/strong> is, ahol orgonistak\u00e9nt is dolgozott. Ez a v\u00e1gya nem teljes\u00fclt:<strong> 1829-ben Berndorf-ba<\/strong> k\u00f6lt\u00f6z\u00f6tt.<\/p>\n<div id=\"attachment_17798\" style=\"width: 1180px\" class=\"wp-caption alignnone\"><img decoding=\"async\" aria-describedby=\"caption-attachment-17798\" class=\"size-1170_658 wp-image-17798\" src=\"https:\/\/cdn.salzburgerland.com\/hu\/wp-content\/uploads\/2022\/11\/stille-nacht-arnsdorf_orgel-1920x1067-1-1170x658.jpg\" alt=\"Franz Xaver Gruber orgon\u00e1ja Arnsdorf-ban\" width=\"1170\" height=\"658\" srcset=\"https:\/\/www.salzburgerland.com\/hu\/wp-content\/uploads\/2022\/11\/stille-nacht-arnsdorf_orgel-1920x1067-1-1170x658.jpg 1170w, https:\/\/www.salzburgerland.com\/hu\/wp-content\/uploads\/2022\/11\/stille-nacht-arnsdorf_orgel-1920x1067-1-1200x675.jpg 1200w\" sizes=\"(max-width: 1170px) 100vw, 1170px\"><p id=\"caption-attachment-17798\" class=\"wp-caption-text\">Franz Xaver Gruber orgon\u00e1ja Arnsdorf-ban \u00a9 SalzburgerLand Tourismus<\/p><\/div>\n<h2>A Csendes \u00e9j nyom\u00e1ban, Arnsdorf-ban<\/h2>\n<p>Az arnsdorfi iskola\u00e9p\u00fcletet m\u00e9g ma is eredeti \u00e1llapot\u00e1ban \u0151rzik, \u00e9s a mai napig iskolak\u00e9nt szolg\u00e1l. Az itteni <strong>Csendes \u00e9j-m\u00fazeum<\/strong> 1957 \u00f3ta eml\u00e9kezik meg a vil\u00e1gh\u00edr\u0171 dal eredet\u00e9r\u0151l \u00e9s a dallam megalkot\u00f3j\u00e1r\u00f3l, Franz Xaver Gruberr\u0151l. 2011-ben az els\u0151 emeleti m\u00fazeumot teljesen fel\u00faj\u00edtott\u00e1k \u00e9s \u00e1talak\u00edtott\u00e1k, \u00e9s 2013-ban <strong>az osztr\u00e1k m\u00fazeumok pecs\u00e9tj\u00e9vel<\/strong> (\u00d6sterreichische Museumsg\u00fctesiegel) t\u00fcntett\u00e9k ki. A m\u00fazeum az elm\u00e9lked\u00e9s \u00e9s a tal\u00e1lkoz\u00e1s helysz\u00edne, amely a kor \u00e9s Gruber \u00e9let\u00e9nek egyszer\u0171s\u00e9g\u00e9t t\u00fckr\u00f6zi. Egy hagyom\u00e1nyosan berendezett <strong>konyha \u2013 <\/strong>ahol a csal\u00e1di \u00e9let zajlott \u2013 egy t\u00f6rt\u00e9nelmi <strong>oszt\u00e1lyterem <\/strong>\u00edr\u00f3asztallal, \u00e9s r\u00e9gi iskolai padokkal betekint\u00e9st ny\u00fajt Gruber mindennapi \u00e9let\u00e9be. Megmaradtak azok a 18. sz\u00e1zadi <strong>j\u00e1szolfigur\u00e1k<\/strong> is, amelyeket Franz Xaver Gruber minden \u00e9vben kar\u00e1csonykor \u00e1ll\u00edtott fel a templomban. A h\u00e1z f\u00f6ldszintj\u00e9n az <strong>arnsdorf-i \u00e1ltal\u00e1nos iskola<\/strong> oszt\u00e1lyai tal\u00e1lhat\u00f3k.<\/p>\n<p>Az iskol\u00e1t\u00f3l nem messze tal\u00e1lhat\u00f3 a <strong>Maria im M\u00f6sl zar\u00e1ndoktemplom<\/strong> 1520-b\u00f3l. M\u00e9g az orgona is megtekinthet\u0151, amelyen m\u00e1r Franz Xaver Gruber is j\u00e1tszott, \u00e9s minden \u00e9v december 24-\u00e9n a templom torny\u00e1b\u00f3l felcsend\u00fcl <strong>a vil\u00e1gh\u00edr\u0171 kar\u00e1csonyi \u00e9nek<\/strong>.<\/p>\n<div id=\"attachment_7314\" style=\"width: 1180px\" class=\"wp-caption alignnone\"><img decoding=\"async\" aria-describedby=\"caption-attachment-7314\" class=\"size-1170_658 wp-image-7314\" src=\"https:\/\/cdn.salzburgerland.com\/hu\/wp-content\/uploads\/2016\/11\/rs1073_zirkular02-lpr-arnsdorf-1170x658.jpg\" alt=\"Arnsdorf-i iskolah\u00e1z.\" width=\"1170\" height=\"658\" srcset=\"https:\/\/www.salzburgerland.com\/hu\/wp-content\/uploads\/2016\/11\/rs1073_zirkular02-lpr-arnsdorf-1170x658.jpg 1170w, https:\/\/www.salzburgerland.com\/hu\/wp-content\/uploads\/2016\/11\/rs1073_zirkular02-lpr-arnsdorf-1200x675.jpg 1200w\" sizes=\"(max-width: 1170px) 100vw, 1170px\"><p id=\"caption-attachment-7314\" class=\"wp-caption-text\">Arnsdorf, iskolah\u00e1z \u00a9 SalzburgerLand Tourismus, Kathrin Gollackner<\/p><\/div>\n<p>A j\u00f3l kit\u00e1bl\u00e1zott <strong>Gruber-Mohr \u00fatvonal<\/strong> \u00f6sszek\u00f6ti <strong>Oberndorf<\/strong> \u00e9s <strong>Arnsdorf<\/strong> k\u00e9t faluj\u00e1t, \u00e9s csod\u00e1latos s\u00e9t\u00e1ra invit\u00e1lja \u00d6nt. Nagyon val\u00f3sz\u00edn\u0171, hogy Franz Xaver Gruber is ezt az utat v\u00e1lasztotta Oberndorf-ba, hogy ott orgonista feladatait ell\u00e1ssa. Az \u00fat az arnsdorf-i iskol\u00e1t\u00f3l az oberndorf-i <strong>Csendes \u00e9j t\u00e9rig<\/strong> vezet. A<strong> 8 kilom\u00e9teres<\/strong> oda- \u00e9s vissza\u00fatra <strong>2,5 \u00f3r\u00e1t<\/strong> kell sz\u00e1nni. Ha nem szeretne ennyi id\u0151t t\u00f6lteni, akkor az Oberndorf-b\u00f3l Arnsdorf-ba val\u00f3 visszautaz\u00e1shoz felsz\u00e1llhat az <strong>S1-es helyi vonatra<\/strong> (meg\u00e1ll\u00f3: Arnsdorf, gyalogos t\u00e1vols\u00e1g: 1,5 km) vagy a <strong>880-as buszra<\/strong> (HS Arnsdorf Bundesstra\u00dfe, gyalogos t\u00e1vols\u00e1g: 500 m).<\/p>\n<p><a href=\"https:\/\/www.salzburgerland.com\/de\/stille-nacht-kirchen-360-panorama\/\" target=\"_blank\" rel=\"noopener\"><strong>Itt<\/strong><\/a> megtekinthet\u0151 a Csendes \u00e9j-m\u00fazeum k\u00f6rpanor\u00e1m\u00e1ja.<\/p>\n","protected":false},"excerpt":{"rendered":"<p>Az arnsdorf-i r\u00e9gi \u00e1ltal\u00e1nos iskol\u00e1k egy csod\u00e1latos kincsnek adnak otthont: a kit\u0171n\u0151 Csendes \u00e9j-m\u00fazeumnak! Nyikorg\u00f3 l\u00e9pcs\u0151k\u00f6n kereszt\u00fcl jutunk fel az els\u0151 emeletre, Franz Xaver Gruber egykori lakr\u00e9sz\u00e9be, ahol 1807-t\u0151l 1826-ig els\u0151 feles\u00e9g\u00e9vel, majd 1829-t\u0151l m\u00e1sodik feles\u00e9g\u00e9vel \u00e9s gyermekeivel \u00e9lt. Minden val\u00f3sz\u00edn\u0171s\u00e9g szerint itt kompon\u00e1lta 1818. december 24-\u00e9n d\u00e9lut\u00e1n a \u201eCsendes \u00e9j!\u201d dallam\u00e1t. Franz Xaver Grubert [&hellip;]<\/p>\n","protected":false},"author":21,"featured_media":17818,"comment_status":"closed","ping_status":"closed","sticky":false,"template":"","format":"standard","meta":{"_acf_changed":false,"wl_entities_gutenberg":"","_relevanssi_hide_post":"","_relevanssi_hide_content":"","_relevanssi_pin_for_all":"","_relevanssi_pin_keywords":"","_relevanssi_unpin_keywords":"","_relevanssi_related_keywords":"","_relevanssi_related_include_ids":"","_relevanssi_related_exclude_ids":"","_relevanssi_related_no_append":"","_relevanssi_related_not_related":"","_relevanssi_related_posts":"","_relevanssi_noindex_reason":"","footnotes":""},"categories":[1],"tags":[530,121],"wl_entity_type":[27],"class_list":["post-17817","post","type-post","status-publish","format-standard","has-post-thumbnail","hentry","category-uncategorized","tag-arnsdorf","tag-csendes-ej","wl_entity_type-article"],"acf":[],"yoast_head":"<!-- This site is optimized with the Yoast SEO Premium plugin v27.4 (Yoast SEO v27.4) - https:\/\/yoast.com\/product\/yoast-seo-premium-wordpress\/ -->\n<title>Arnsdorf \u00bb SalzburgerLand.com<\/title>\n<meta name=\"description\" content=\"Az arnsdorf-i gyerekeket ma is abban a h\u00e1zban oktatj\u00e1k, ahol Franz Xaver Gruber tan\u00e1rk\u00e9nt dolgozott, \u00e9s a Csendes \u00e9j-m\u00fazeum is tal\u00e1lhat\u00f3.\" \/>\n<meta name=\"robots\" content=\"index, follow, max-snippet:-1, max-image-preview:large, max-video-preview:-1\" \/>\n<link rel=\"canonical\" href=\"https:\/\/www.salzburgerland.com\/hu\/csendes-ej-arnsdorf\/\" \/>\n<meta property=\"og:locale\" content=\"hu_HU\" \/>\n<meta property=\"og:type\" content=\"article\" \/>\n<meta property=\"og:title\" content=\"Arnsdorf\" \/>\n<meta property=\"og:description\" content=\"Az arnsdorf-i r\u00e9gi \u00e1ltal\u00e1nos iskol\u00e1k egy csod\u00e1latos kincsnek adnak otthont: a kit\u0171n\u0151 Csendes \u00e9j-m\u00fazeumnak! Nyikorg\u00f3 l\u00e9pcs\u0151k\u00f6n kereszt\u00fcl jutunk fel az els\u0151\" \/>\n<meta property=\"og:url\" content=\"https:\/\/www.salzburgerland.com\/hu\/csendes-ej-arnsdorf\/\" \/>\n<meta property=\"og:site_name\" content=\"SalzburgerLand.com\" \/>\n<meta property=\"article:publisher\" content=\"https:\/\/www.facebook.com\/visitsalzburgerland\/\" \/>\n<meta property=\"article:published_time\" content=\"2022-11-12T15:05:12+00:00\" \/>\n<meta property=\"article:modified_time\" content=\"2022-11-12T15:12:17+00:00\" \/>\n<meta property=\"og:image\" content=\"https:\/\/www.salzburgerland.com\/hu\/wp-content\/uploads\/2022\/11\/salzurgerland_arnsdorf_rs1069_klassenzimmer01-1170x658-1.jpg\" \/>\n\t<meta property=\"og:image:width\" content=\"1170\" \/>\n\t<meta property=\"og:image:height\" content=\"658\" \/>\n\t<meta property=\"og:image:type\" content=\"image\/jpeg\" \/>\n<meta name=\"author\" content=\"Hajnalka K\u00e1di\" \/>\n<meta name=\"twitter:card\" content=\"summary_large_image\" \/>\n<meta name=\"twitter:creator\" content=\"@salzburgerland\" \/>\n<meta name=\"twitter:site\" content=\"@salzburgerland\" \/>\n<meta name=\"twitter:label1\" content=\"Szerz\u0151:\" \/>\n\t<meta name=\"twitter:data1\" content=\"Hajnalka K\u00e1di\" \/>\n\t<meta name=\"twitter:label2\" content=\"Becs\u00fclt olvas\u00e1si id\u0151\" \/>\n\t<meta name=\"twitter:data2\" content=\"5 perc\" \/>\n<script type=\"application\/ld+json\" class=\"yoast-schema-graph\">{\"@context\":\"https:\\\/\\\/schema.org\",\"@graph\":[{\"@type\":\"Article\",\"@id\":\"https:\\\/\\\/www.salzburgerland.com\\\/hu\\\/csendes-ej-arnsdorf\\\/#article\",\"isPartOf\":{\"@id\":\"https:\\\/\\\/www.salzburgerland.com\\\/hu\\\/csendes-ej-arnsdorf\\\/\"},\"author\":{\"name\":\"Hajnalka K\u00e1di\",\"@id\":\"https:\\\/\\\/www.salzburgerland.com\\\/hu\\\/#\\\/schema\\\/person\\\/e4905df070d9b3c52e1e4c730b26aa5a\"},\"headline\":\"Arnsdorf\",\"datePublished\":\"2022-11-12T15:05:12+00:00\",\"dateModified\":\"2022-11-12T15:12:17+00:00\",\"mainEntityOfPage\":{\"@id\":\"https:\\\/\\\/www.salzburgerland.com\\\/hu\\\/csendes-ej-arnsdorf\\\/\"},\"wordCount\":1025,\"image\":{\"@id\":\"https:\\\/\\\/www.salzburgerland.com\\\/hu\\\/csendes-ej-arnsdorf\\\/#primaryimage\"},\"thumbnailUrl\":\"https:\\\/\\\/www.salzburgerland.com\\\/hu\\\/wp-content\\\/uploads\\\/2022\\\/11\\\/salzurgerland_arnsdorf_rs1069_klassenzimmer01-1170x658-1.jpg\",\"keywords\":[\"Arnsdorf\",\"Csendes \u00e9j\"],\"articleSection\":[\"Uncategorized\"],\"inLanguage\":\"hu\"},{\"@type\":\"WebPage\",\"@id\":\"https:\\\/\\\/www.salzburgerland.com\\\/hu\\\/csendes-ej-arnsdorf\\\/\",\"url\":\"https:\\\/\\\/www.salzburgerland.com\\\/hu\\\/csendes-ej-arnsdorf\\\/\",\"name\":\"Arnsdorf \u00bb SalzburgerLand.com\",\"isPartOf\":{\"@id\":\"https:\\\/\\\/www.salzburgerland.com\\\/hu\\\/#website\"},\"primaryImageOfPage\":{\"@id\":\"https:\\\/\\\/www.salzburgerland.com\\\/hu\\\/csendes-ej-arnsdorf\\\/#primaryimage\"},\"image\":{\"@id\":\"https:\\\/\\\/www.salzburgerland.com\\\/hu\\\/csendes-ej-arnsdorf\\\/#primaryimage\"},\"thumbnailUrl\":\"https:\\\/\\\/www.salzburgerland.com\\\/hu\\\/wp-content\\\/uploads\\\/2022\\\/11\\\/salzurgerland_arnsdorf_rs1069_klassenzimmer01-1170x658-1.jpg\",\"datePublished\":\"2022-11-12T15:05:12+00:00\",\"dateModified\":\"2022-11-12T15:12:17+00:00\",\"author\":{\"@id\":\"https:\\\/\\\/www.salzburgerland.com\\\/hu\\\/#\\\/schema\\\/person\\\/e4905df070d9b3c52e1e4c730b26aa5a\"},\"description\":\"Az arnsdorf-i gyerekeket ma is abban a h\u00e1zban oktatj\u00e1k, ahol Franz Xaver Gruber tan\u00e1rk\u00e9nt dolgozott, \u00e9s a Csendes \u00e9j-m\u00fazeum is tal\u00e1lhat\u00f3.\",\"breadcrumb\":{\"@id\":\"https:\\\/\\\/www.salzburgerland.com\\\/hu\\\/csendes-ej-arnsdorf\\\/#breadcrumb\"},\"inLanguage\":\"hu\",\"potentialAction\":[{\"@type\":\"ReadAction\",\"target\":[\"https:\\\/\\\/www.salzburgerland.com\\\/hu\\\/csendes-ej-arnsdorf\\\/\"]}]},{\"@type\":\"ImageObject\",\"inLanguage\":\"hu\",\"@id\":\"https:\\\/\\\/www.salzburgerland.com\\\/hu\\\/csendes-ej-arnsdorf\\\/#primaryimage\",\"url\":\"https:\\\/\\\/www.salzburgerland.com\\\/hu\\\/wp-content\\\/uploads\\\/2022\\\/11\\\/salzurgerland_arnsdorf_rs1069_klassenzimmer01-1170x658-1.jpg\",\"contentUrl\":\"https:\\\/\\\/www.salzburgerland.com\\\/hu\\\/wp-content\\\/uploads\\\/2022\\\/11\\\/salzurgerland_arnsdorf_rs1069_klassenzimmer01-1170x658-1.jpg\",\"width\":1170,\"height\":658,\"caption\":\"A Csendes \u00e9j-m\u00fazeum Arnsdorf-ban \u00a9 SalzburgerLand Tourismus\"},{\"@type\":\"BreadcrumbList\",\"@id\":\"https:\\\/\\\/www.salzburgerland.com\\\/hu\\\/csendes-ej-arnsdorf\\\/#breadcrumb\",\"itemListElement\":[{\"@type\":\"ListItem\",\"position\":1,\"name\":\"Csendes \u00e9j-telep\u00fcl\u00e9sek\",\"item\":\"https:\\\/\\\/www.salzburgerland.com\\\/hu\\\/csendes-ej-telepulesek\\\/\"},{\"@type\":\"ListItem\",\"position\":2,\"name\":\"Arnsdorf\"}]},{\"@type\":\"WebSite\",\"@id\":\"https:\\\/\\\/www.salzburgerland.com\\\/hu\\\/#website\",\"url\":\"https:\\\/\\\/www.salzburgerland.com\\\/hu\\\/\",\"name\":\"SalzburgerLand.com\",\"description\":\"\u00dcd\u00fcl\u00e9s Ausztri\u00e1ban, Salzburg tartom\u00e1nyban\",\"potentialAction\":[{\"@type\":\"SearchAction\",\"target\":{\"@type\":\"EntryPoint\",\"urlTemplate\":\"https:\\\/\\\/www.salzburgerland.com\\\/hu\\\/?s={search_term_string}\"},\"query-input\":{\"@type\":\"PropertyValueSpecification\",\"valueRequired\":true,\"valueName\":\"search_term_string\"}}],\"inLanguage\":\"hu\"},{\"@type\":\"Person\",\"@id\":\"https:\\\/\\\/www.salzburgerland.com\\\/hu\\\/#\\\/schema\\\/person\\\/e4905df070d9b3c52e1e4c730b26aa5a\",\"name\":\"Hajnalka K\u00e1di\",\"image\":{\"@type\":\"ImageObject\",\"inLanguage\":\"hu\",\"@id\":\"https:\\\/\\\/secure.gravatar.com\\\/avatar\\\/e8c1eecf3b2c49d295cebc6aba0de06d13ec77aa0cf9ccec32725949011b69d2?s=96&d=mm&r=g\",\"url\":\"https:\\\/\\\/secure.gravatar.com\\\/avatar\\\/e8c1eecf3b2c49d295cebc6aba0de06d13ec77aa0cf9ccec32725949011b69d2?s=96&d=mm&r=g\",\"contentUrl\":\"https:\\\/\\\/secure.gravatar.com\\\/avatar\\\/e8c1eecf3b2c49d295cebc6aba0de06d13ec77aa0cf9ccec32725949011b69d2?s=96&d=mm&r=g\",\"caption\":\"Hajnalka K\u00e1di\"}}]}<\/script>\n<meta property=\"og:video\" content=\"https:\/\/www.youtube.com\/embed\/MFCQ9tbMhWQ\" \/>\n<meta property=\"og:video:type\" content=\"text\/html\" \/>\n<meta property=\"og:video:duration\" content=\"81\" \/>\n<meta property=\"og:video:width\" content=\"480\" \/>\n<meta property=\"og:video:height\" content=\"270\" \/>\n<meta property=\"ya:ovs:adult\" content=\"false\" \/>\n<meta property=\"ya:ovs:upload_date\" content=\"2022-11-12T15:05:12+00:00\" \/>\n<meta property=\"ya:ovs:allow_embed\" content=\"true\" \/>\n<!-- \/ Yoast SEO Premium plugin. -->","yoast_head_json":{"title":"Arnsdorf \u00bb SalzburgerLand.com","description":"Az arnsdorf-i gyerekeket ma is abban a h\u00e1zban oktatj\u00e1k, ahol Franz Xaver Gruber tan\u00e1rk\u00e9nt dolgozott, \u00e9s a Csendes \u00e9j-m\u00fazeum is tal\u00e1lhat\u00f3.","robots":{"index":"index","follow":"follow","max-snippet":"max-snippet:-1","max-image-preview":"max-image-preview:large","max-video-preview":"max-video-preview:-1"},"canonical":"https:\/\/www.salzburgerland.com\/hu\/csendes-ej-arnsdorf\/","og_locale":"hu_HU","og_type":"article","og_title":"Arnsdorf","og_description":"Az arnsdorf-i r\u00e9gi \u00e1ltal\u00e1nos iskol\u00e1k egy csod\u00e1latos kincsnek adnak otthont: a kit\u0171n\u0151 Csendes \u00e9j-m\u00fazeumnak! Nyikorg\u00f3 l\u00e9pcs\u0151k\u00f6n kereszt\u00fcl jutunk fel az els\u0151","og_url":"https:\/\/www.salzburgerland.com\/hu\/csendes-ej-arnsdorf\/","og_site_name":"SalzburgerLand.com","article_publisher":"https:\/\/www.facebook.com\/visitsalzburgerland\/","article_published_time":"2022-11-12T15:05:12+00:00","article_modified_time":"2022-11-12T15:12:17+00:00","og_image":[{"url":"https:\/\/www.salzburgerland.com\/hu\/wp-content\/uploads\/2022\/11\/salzurgerland_arnsdorf_rs1069_klassenzimmer01-1170x658-1.jpg","width":1170,"height":658,"type":"image\/jpeg"}],"author":"Hajnalka K\u00e1di","twitter_card":"summary_large_image","twitter_creator":"@salzburgerland","twitter_site":"@salzburgerland","twitter_misc":{"Szerz\u0151:":"Hajnalka K\u00e1di","Becs\u00fclt olvas\u00e1si id\u0151":"5 perc"},"schema":{"@context":"https:\/\/schema.org","@graph":[{"@type":"Article","@id":"https:\/\/www.salzburgerland.com\/hu\/csendes-ej-arnsdorf\/#article","isPartOf":{"@id":"https:\/\/www.salzburgerland.com\/hu\/csendes-ej-arnsdorf\/"},"author":{"name":"Hajnalka K\u00e1di","@id":"https:\/\/www.salzburgerland.com\/hu\/#\/schema\/person\/e4905df070d9b3c52e1e4c730b26aa5a"},"headline":"Arnsdorf","datePublished":"2022-11-12T15:05:12+00:00","dateModified":"2022-11-12T15:12:17+00:00","mainEntityOfPage":{"@id":"https:\/\/www.salzburgerland.com\/hu\/csendes-ej-arnsdorf\/"},"wordCount":1025,"image":{"@id":"https:\/\/www.salzburgerland.com\/hu\/csendes-ej-arnsdorf\/#primaryimage"},"thumbnailUrl":"https:\/\/www.salzburgerland.com\/hu\/wp-content\/uploads\/2022\/11\/salzurgerland_arnsdorf_rs1069_klassenzimmer01-1170x658-1.jpg","keywords":["Arnsdorf","Csendes \u00e9j"],"articleSection":["Uncategorized"],"inLanguage":"hu"},{"@type":"WebPage","@id":"https:\/\/www.salzburgerland.com\/hu\/csendes-ej-arnsdorf\/","url":"https:\/\/www.salzburgerland.com\/hu\/csendes-ej-arnsdorf\/","name":"Arnsdorf \u00bb SalzburgerLand.com","isPartOf":{"@id":"https:\/\/www.salzburgerland.com\/hu\/#website"},"primaryImageOfPage":{"@id":"https:\/\/www.salzburgerland.com\/hu\/csendes-ej-arnsdorf\/#primaryimage"},"image":{"@id":"https:\/\/www.salzburgerland.com\/hu\/csendes-ej-arnsdorf\/#primaryimage"},"thumbnailUrl":"https:\/\/www.salzburgerland.com\/hu\/wp-content\/uploads\/2022\/11\/salzurgerland_arnsdorf_rs1069_klassenzimmer01-1170x658-1.jpg","datePublished":"2022-11-12T15:05:12+00:00","dateModified":"2022-11-12T15:12:17+00:00","author":{"@id":"https:\/\/www.salzburgerland.com\/hu\/#\/schema\/person\/e4905df070d9b3c52e1e4c730b26aa5a"},"description":"Az arnsdorf-i gyerekeket ma is abban a h\u00e1zban oktatj\u00e1k, ahol Franz Xaver Gruber tan\u00e1rk\u00e9nt dolgozott, \u00e9s a Csendes \u00e9j-m\u00fazeum is tal\u00e1lhat\u00f3.","breadcrumb":{"@id":"https:\/\/www.salzburgerland.com\/hu\/csendes-ej-arnsdorf\/#breadcrumb"},"inLanguage":"hu","potentialAction":[{"@type":"ReadAction","target":["https:\/\/www.salzburgerland.com\/hu\/csendes-ej-arnsdorf\/"]}]},{"@type":"ImageObject","inLanguage":"hu","@id":"https:\/\/www.salzburgerland.com\/hu\/csendes-ej-arnsdorf\/#primaryimage","url":"https:\/\/www.salzburgerland.com\/hu\/wp-content\/uploads\/2022\/11\/salzurgerland_arnsdorf_rs1069_klassenzimmer01-1170x658-1.jpg","contentUrl":"https:\/\/www.salzburgerland.com\/hu\/wp-content\/uploads\/2022\/11\/salzurgerland_arnsdorf_rs1069_klassenzimmer01-1170x658-1.jpg","width":1170,"height":658,"caption":"A Csendes \u00e9j-m\u00fazeum Arnsdorf-ban \u00a9 SalzburgerLand Tourismus"},{"@type":"BreadcrumbList","@id":"https:\/\/www.salzburgerland.com\/hu\/csendes-ej-arnsdorf\/#breadcrumb","itemListElement":[{"@type":"ListItem","position":1,"name":"Csendes \u00e9j-telep\u00fcl\u00e9sek","item":"https:\/\/www.salzburgerland.com\/hu\/csendes-ej-telepulesek\/"},{"@type":"ListItem","position":2,"name":"Arnsdorf"}]},{"@type":"WebSite","@id":"https:\/\/www.salzburgerland.com\/hu\/#website","url":"https:\/\/www.salzburgerland.com\/hu\/","name":"SalzburgerLand.com","description":"\u00dcd\u00fcl\u00e9s Ausztri\u00e1ban, Salzburg tartom\u00e1nyban","potentialAction":[{"@type":"SearchAction","target":{"@type":"EntryPoint","urlTemplate":"https:\/\/www.salzburgerland.com\/hu\/?s={search_term_string}"},"query-input":{"@type":"PropertyValueSpecification","valueRequired":true,"valueName":"search_term_string"}}],"inLanguage":"hu"},{"@type":"Person","@id":"https:\/\/www.salzburgerland.com\/hu\/#\/schema\/person\/e4905df070d9b3c52e1e4c730b26aa5a","name":"Hajnalka K\u00e1di","image":{"@type":"ImageObject","inLanguage":"hu","@id":"https:\/\/secure.gravatar.com\/avatar\/e8c1eecf3b2c49d295cebc6aba0de06d13ec77aa0cf9ccec32725949011b69d2?s=96&d=mm&r=g","url":"https:\/\/secure.gravatar.com\/avatar\/e8c1eecf3b2c49d295cebc6aba0de06d13ec77aa0cf9ccec32725949011b69d2?s=96&d=mm&r=g","contentUrl":"https:\/\/secure.gravatar.com\/avatar\/e8c1eecf3b2c49d295cebc6aba0de06d13ec77aa0cf9ccec32725949011b69d2?s=96&d=mm&r=g","caption":"Hajnalka K\u00e1di"}}]},"og_video":"https:\/\/www.youtube.com\/embed\/MFCQ9tbMhWQ","og_video_type":"text\/html","og_video_duration":"81","og_video_width":"480","og_video_height":"270","ya_ovs_adult":"false","ya_ovs_upload_date":"2022-11-12T15:05:12+00:00","ya_ovs_allow_embed":"true"},"_wl_alt_label":[],"wl:entity_url":"http:\/\/open.salzburgerland.com\/hu\/post\/csendes-ej-arnsdorf-17817","_links":{"self":[{"href":"https:\/\/www.salzburgerland.com\/hu\/wp-json\/wp\/v2\/posts\/17817","targetHints":{"allow":["GET"]}}],"collection":[{"href":"https:\/\/www.salzburgerland.com\/hu\/wp-json\/wp\/v2\/posts"}],"about":[{"href":"https:\/\/www.salzburgerland.com\/hu\/wp-json\/wp\/v2\/types\/post"}],"author":[{"embeddable":true,"href":"https:\/\/www.salzburgerland.com\/hu\/wp-json\/wp\/v2\/users\/21"}],"replies":[{"embeddable":true,"href":"https:\/\/www.salzburgerland.com\/hu\/wp-json\/wp\/v2\/comments?post=17817"}],"version-history":[{"count":5,"href":"https:\/\/www.salzburgerland.com\/hu\/wp-json\/wp\/v2\/posts\/17817\/revisions"}],"predecessor-version":[{"id":17827,"href":"https:\/\/www.salzburgerland.com\/hu\/wp-json\/wp\/v2\/posts\/17817\/revisions\/17827"}],"wp:featuredmedia":[{"embeddable":true,"href":"https:\/\/www.salzburgerland.com\/hu\/wp-json\/wp\/v2\/media\/17818"}],"wp:attachment":[{"href":"https:\/\/www.salzburgerland.com\/hu\/wp-json\/wp\/v2\/media?parent=17817"}],"wp:term":[{"taxonomy":"category","embeddable":true,"href":"https:\/\/www.salzburgerland.com\/hu\/wp-json\/wp\/v2\/categories?post=17817"},{"taxonomy":"post_tag","embeddable":true,"href":"https:\/\/www.salzburgerland.com\/hu\/wp-json\/wp\/v2\/tags?post=17817"},{"taxonomy":"wl_entity_type","embeddable":true,"href":"https:\/\/www.salzburgerland.com\/hu\/wp-json\/wp\/v2\/wl_entity_type?post=17817"}],"curies":[{"name":"wp","href":"https:\/\/api.w.org\/{rel}","templated":true}]}}