{"id":17705,"date":"2022-11-06T16:21:05","date_gmt":"2022-11-06T15:21:05","guid":{"rendered":"https:\/\/www.salzburgerland.com\/hu\/?p=17705"},"modified":"2023-12-02T14:28:32","modified_gmt":"2023-12-02T13:28:32","slug":"adventi-tortenetek-es-szokasok","status":"publish","type":"post","link":"https:\/\/www.salzburgerland.com\/hu\/adventi-tortenetek-es-szokasok\/","title":{"rendered":"Adventi t\u00f6rt\u00e9netek \u00e9s szok\u00e1sok"},"content":{"rendered":"<p>Az <strong>adventi szok\u00e1sok<\/strong> nem kezd\u0151dnek ilyen csendesen \u00e9s bens\u0151s\u00e9gesen Salzburg tartom\u00e1nyban. Hangos harangok \u00e9s cs\u00f6rg\u0151 l\u00e1ncok t\u00f6rnek \u00e1t a s\u00f6t\u00e9ts\u00e9gben, \u00e9s m\u00e9g a legb\u00e1trabbak sz\u00edve is megdobban a <strong>krampuszok<\/strong> archaikus megjelen\u00e9se l\u00e1tt\u00e1n. <strong>Szent Mikl\u00f3s<\/strong> vad k\u00eds\u00e9r\u0151ik\u00e9nt december elej\u00e9n f\u00e9lelmetesen vonulnak v\u00e9gig Salzburg tartom\u00e1nyon, \u00e9s a nagy <strong>krampuszj\u00e1r\u00e1sokon<\/strong> mutatj\u00e1k be ijeszt\u0151 maszkjaikat. A krampuszj\u00e1r\u00e1s sok fiatal fi\u00fa szenved\u00e9lye, \u00e9s <strong>a krampuszok hagyom\u00e1ny\u00e1t gondosan \u00e1polj\u00e1k<\/strong>. A f\u0171zfavessz\u0151, a hossz\u00fa sz\u0151rmebunda vagy \u00f6lt\u00f6ny f\u00f6l\u00f6tt csengetty\u0171s \u00f6v a hason, \u00e9s persze a <strong>d\u00edszesen faragott, szarvakkal ell\u00e1tott fa maszkok<\/strong>. Ezek a fa maszkok gyakran igazi gy\u0171jt\u0151i darabok a krampuszmaszkok farag\u00e1s\u00e1ra szakosodott fafarag\u00f3k m\u0171helyeib\u0151l. Salzburg tartom\u00e1nyban n\u00e9h\u00e1ny adventi v\u00e1s\u00e1ron a m\u0171v\u00e9szek <strong>fafarag\u00f3 bemutat\u00f3kon<\/strong> mutatj\u00e1k be tud\u00e1sukat.<\/p>\n<h2>Illatos advent<\/h2>\n<p>\u201eEl\u0151sz\u00f6r egy, azt\u00e1n kett\u0151, azt\u00e1n h\u00e1rom, azt\u00e1n n\u00e9gy \u2013 azt\u00e1n a J\u00e9zuska m\u00e1r az ajt\u00f3ban \u00e1ll.\u201d<\/p>\n<p>Ez az adventi vers az <a href=\"https:\/\/www.salzburgerland.com\/hu\/adventi-koszoru-keszitese\/\"><strong>adventi koszor\u00fa<\/strong><\/a> n\u00e9gy gyerty\u00e1j\u00e1nak meggy\u00fajt\u00e1s\u00e1t, \u00e9s a gyerekek n\u00f6vekv\u0151 izgalm\u00e1t \u00edrja le. A hagyom\u00e1nyos adventi koszor\u00fat feny\u0151\u00e1gakb\u00f3l k\u00e9sz\u00edtik, \u00e9s <strong>szalagokkal, tobozokkal, fagy\u00f6nggyel vagy faalm\u00e1val<\/strong> d\u00edsz\u00edtik. A gyant\u00e1t\u00f3l \u00e9s feny\u0151gallyakt\u00f3l illatoz\u00f3 koszor\u00fara <strong>n\u00e9gy vastag gyerty\u00e1t<\/strong> helyeznek, \u00e9s minden adventi vas\u00e1rnapon meggy\u00fajtj\u00e1k. Sok helyen az adventi id\u0151szakban <strong>workshopokon<\/strong> lehet megtanulni az adventi koszor\u00fa k\u00e9sz\u00edt\u00e9s\u00e9nek titkait.<\/p>\n<div id=\"attachment_4906\" style=\"width: 1180px\" class=\"wp-caption alignnone\"><img decoding=\"async\" aria-describedby=\"caption-attachment-4906\" class=\"size-1170_658 wp-image-4906\" src=\"https:\/\/cdn.salzburgerland.com\/hu\/wp-content\/uploads\/2016\/11\/rs95_gastein-47a-1170x658.jpg\" alt=\"A salzburgi advent fontos eleme az adventi koszor\u00fa k\u00e9sz\u00edt\u00e9s.\" width=\"1170\" height=\"658\" srcset=\"https:\/\/www.salzburgerland.com\/hu\/wp-content\/uploads\/2016\/11\/rs95_gastein-47a-1170x658.jpg 1170w, https:\/\/www.salzburgerland.com\/hu\/wp-content\/uploads\/2016\/11\/rs95_gastein-47a-1200x675.jpg 1200w\" sizes=\"(max-width: 1170px) 100vw, 1170px\"><p id=\"caption-attachment-4906\" class=\"wp-caption-text\">A salzburgi advent fontos eleme az adventi koszor\u00fa k\u00e9sz\u00edt\u00e9s \u00a9 SalzburgerLand Tourismus, Eva-Maria Repolusk<\/p><\/div>\n<p>A leveg\u0151ben <strong>a f\u00fcst \u00e9s a sz\u00e1r\u00edtott gy\u00f3gyn\u00f6v\u00e9nyek illata<\/strong> leng a f\u00fcst\u00f6l\u0151kn\u00e9l (\u201eRachn geh\u201d). <strong>A f\u00fcst\u00f6l\u00e9s napjai<\/strong> (Raun\u00e4chte) 12 napig tartanak, de a n\u00e9gy f\u00fcst\u00f6l\u0151s \u00e9jszaka a december 21. (Tam\u00e1s \u00e9jszaka), december 24. (Szenteste), december 31. (Szilveszter) \u00e9s janu\u00e1r 05. (V\u00edzkereszt). <strong>Misztikus \u00e9jszak\u00e1k<\/strong> ezek, amikor a legenda szerint a <strong>Vad Hajsza<\/strong> (Wilde Jagd) d\u00fal a h\u00e1zak \u00e9s farmok k\u00f6r\u00fcl. A hagyom\u00e1ny szerint Tam\u00e1s napja (december 21.) az els\u0151 a n\u00e9gy Raunacht k\u00f6z\u00fcl, \u00e9s Salzburg tartom\u00e1nyban sok csal\u00e1dban a f\u00fcst\u00f6l\u0151 m\u00e9g mindig megtelik a kemenc\u00e9b\u0151l sz\u00e1rmaz\u00f3 par\u00e1zzsal, \u00e9s a f\u00fcst gyant\u00e1val \u00e9s gy\u00f3gyn\u00f6v\u00e9nyekkel illatozik a h\u00e1zban. \u00c1ll\u00edt\u00f3lag a t\u00f6mj\u00e9n megtiszt\u00edtja a szob\u00e1kat, t\u00e1vol tartja a gonoszt az otthonb\u00f3l, \u00e9s <strong>v\u00e9delmet \u00e9s \u00e1ld\u00e1st hoz<\/strong> minden lak\u00f3 sz\u00e1m\u00e1ra.<\/p>\n<h2>Kopogtat\u00f3k \u00e9s sz\u00e1ll\u00e1skeres\u00e9s<\/h2>\n<p>A <strong>kar\u00e1csony el\u0151tti cs\u00fct\u00f6rt\u00f6k\u00f6n<\/strong> a kopogtat\u00f3k (Ankl\u00f6ckler) egyes salzburgi r\u00e9gi\u00f3kban h\u00e1zr\u00f3l h\u00e1zra j\u00e1rnak. \u201eKl\u00f6ckln\u201d a kopog\u00e1s egy r\u00e9gi megfelel\u0151je, \u00e9s a kopogtat\u00f3 \u00e9jszak\u00e1kon <strong>a kopogtat\u00f3k kopognak az ajt\u00f3don<\/strong>. Pinzgauban J\u00f3zsefk\u00e9nt, M\u00e1riak\u00e9nt \u00e9s p\u00e1sztoroknak \u00f6lt\u00f6zve j\u00e1rj\u00e1k a h\u00e1zakat. K\u00e9rik, hogy engedj\u00e9k be \u0151ket, \u00e9nekelnek a <strong>sz\u00e1ll\u00e1skeres\u00e9sr\u0151l<\/strong> \u00e9s verseket mondanak. A hangos kopog\u00e1s is arra szolg\u00e1l, hogy el\u0171zz\u00e9k vele a gonoszt a h\u00e1zb\u00f3l. Ha a h\u00e1z tulajdonosai j\u00f3l sz\u00f3rakoztatj\u00e1k a kopogtat\u00f3kat vagy <strong>megaj\u00e1nd\u00e9kozz\u00e1k \u0151ket<\/strong> \u2013 \u00e1ltal\u00e1ban <strong>gy\u00fcm\u00f6lcskeny\u00e9rrel<\/strong> (Kletzenbrot) \u2013 az \u00e1ld\u00e1st hoz a k\u00f6vetkez\u0151 \u00e9vre. Amit ma hagyom\u00e1nyk\u00e9nt szeretettel \u00e1polnak, az egykor sok parasztember sz\u00e1m\u00e1ra <strong>l\u00e9tfontoss\u00e1g\u00fa volt a t\u00fal\u00e9l\u00e9shez<\/strong>, mert az aj\u00e1nd\u00e9kok seg\u00edtettek \u00e1tv\u00e9szelni a telet.<\/p>\n<h2>Asszonyhordoz\u00e1s \u00e9s betlehem l\u00e1togat\u00e1s<\/h2>\n<p>Az <strong>asszonyhordoz\u00e1s<\/strong> (Frauentragen) nagyon r\u00e9gi szok\u00e1sa csak Salzburg tartom\u00e1ny n\u00e9h\u00e1ny vid\u00e9ki r\u00e9gi\u00f3j\u00e1ban \u00e9l. Egy <strong>Sz\u0171z M\u00e1ria-k\u00e9p vagy Madonna-szobor advent els\u0151 szombatj\u00e1t\u00f3l sz\u00e1ll\u00e1st keres<\/strong>. A Sz\u0171z M\u00e1ria-szobrot egy d\u00edszesen faragott, v\u00e1llp\u00e1ntos \u00fcvegszekr\u00e9nyben t\u00e1rolj\u00e1k, hogy biztons\u00e1gosan tudj\u00e1k h\u00e1zr\u00f3l h\u00e1zra sz\u00e1ll\u00edtani.<\/p>\n<p><strong>Zell am See-Thumersbachban<\/strong> n\u00e9gy \u201en\u0151\u201d advent idej\u00e9n sz\u00e1ll\u00e1st keres, melyek apr\u00f3l\u00e9kos r\u00e9szletess\u00e9ggel lettek fel\u00faj\u00edtva vagy \u00fajonnan faragt\u00e1k. A legr\u00e9gebbi, az <strong>Entfeldfrau<\/strong> 1780-b\u00f3l sz\u00e1rmazik. Ennek az alpesi szok\u00e1snak a gy\u00f6kerei val\u00f3sz\u00edn\u0171leg a korai kereszt\u00e9ny id\u0151kben gy\u00f6kereznek, \u00e9s az asszonynak ny\u00fajtott mened\u00e9k nemcsak <strong>\u00e1ld\u00e1st hoz a h\u00e1zra<\/strong>, hanem \u00e1ll\u00edt\u00f3lag <strong>a term\u00e9kenys\u00e9get is biztos\u00edtja<\/strong>. Aki advent idej\u00e9n egy kis id\u0151re otthon\u00e1ba veszi a Madonna-szobrot, v\u00e1llalja, hogy a \u201en\u0151t\u201d tov\u00e1bbviszi a k\u00f6vetkez\u0151 h\u00e1zba, amelyik regisztr\u00e1lt erre a szok\u00e1sra.<\/p>\n<div id=\"attachment_13482\" style=\"width: 1180px\" class=\"wp-caption alignnone\"><img decoding=\"async\" aria-describedby=\"caption-attachment-13482\" class=\"size-1170_658 wp-image-13482\" src=\"https:\/\/cdn.salzburgerland.com\/hu\/wp-content\/uploads\/2017\/01\/lebende_krippe_am_stadtplatz-1170x658.jpg\" alt=\"\u00c9l\u0151 betlehem Radstadt-ban.\" width=\"1170\" height=\"658\" srcset=\"https:\/\/www.salzburgerland.com\/hu\/wp-content\/uploads\/2017\/01\/lebende_krippe_am_stadtplatz-1170x658.jpg 1170w, https:\/\/www.salzburgerland.com\/hu\/wp-content\/uploads\/2017\/01\/lebende_krippe_am_stadtplatz-1200x675.jpg 1200w\" sizes=\"(max-width: 1170px) 100vw, 1170px\"><p id=\"caption-attachment-13482\" class=\"wp-caption-text\">\u00c9l\u0151 betlehem Radstadt-ban \u00a9 Tourismusverband Radstadt, Lorenz Masser<\/p><\/div>\n<p>A<strong> betlehem l\u00e1togat\u00e1s<\/strong> (Kripperl-Schauen) nem csak a gyerekek kedvelt id\u0151t\u00f6lt\u00e9se az adventi id\u0151szakban. Krisztus sz\u00fclet\u00e9s\u00e9nek r\u00e9szletes m\u00e1solatai a feln\u0151tteket is leny\u0171g\u00f6zik. Sok csal\u00e1dban az adventi koszor\u00faval egy id\u0151ben \u00e1ll\u00edtj\u00e1k fel <strong>a csal\u00e1di betlehemet<\/strong>, \u00e9s sok helyen k\u00fcl\u00f6nleges, kar\u00e1csony el\u0151tti <a href=\"https:\/\/www.museum-saalfelden.at\/dauerausstellungen\/\" target=\"_blank\" rel=\"noopener\"><strong>betlehem ki\u00e1ll\u00edt\u00e1sokat<\/strong><\/a> is tartanak. A saalfeldeni Schloss Ritzen M\u00fazeumban tal\u00e1lhat\u00f3 az egyik legnagyobb \u00e9s legjelent\u0151sebb n\u00e9prajzi gy\u0171jtem\u00e9ny. <strong>Alexander \u201eXandi\u201d Schl\u00e4ffer<\/strong> (1899 \u2013 1984), a saalfeldeni betlehem k\u00e9sz\u00edt\u0151 messze t\u00fal az osztr\u00e1k hat\u00e1rokon is ismert volt m\u0171v\u00e9szi betlehemeir\u0151l. A betlehemes ki\u00e1ll\u00edt\u00e1sok egyed\u00fcl\u00e1ll\u00f3 s\u0171r\u0171s\u00e9gben \u00e9s v\u00e1ltozatoss\u00e1gban dokument\u00e1lj\u00e1k a r\u00e9gi\u00f3 \u00e9vsz\u00e1zadokon \u00e1t\u00edvel\u0151 betlehemes szok\u00e1sait.<\/p>\n<h2>\u201eBachlschneid\u201d Pinzgauban<\/h2>\n<p>R\u00e9gen, miel\u0151tt a csal\u00e1d \u00f6sszegy\u0171lt a szalonban, hogy meg\u00fcnnepelje a kar\u00e1csonyt, a gazdas\u00e1gokban is el kellett v\u00e9gezni n\u00e9mi munk\u00e1t. December 24-\u00e9n <strong>a gazda a h\u00e1zban l\u00e9v\u0151 \u00f6sszes k\u00e9st meg\u00e9lezte<\/strong>, \u00e9s <strong><a href=\"https:\/\/www.salzburgerland.com\/de\/magazin\/der-bachltag-weihnachten-im-pinzgau\/\" target=\"_blank\" rel=\"noopener\">ez az \u00e9lez\u00e9s egy eg\u00e9sz \u00e9vig kitartott<\/a><\/strong>. Azok, akik ma m\u00e1r nem tudj\u00e1k, hogyan kell k\u00e9st \u00e9lezni, a kov\u00e1cshoz viszik a k\u00e9seiket. A leogangi <strong>H\u00fcttschmiede<\/strong>, amely 1599-b\u0151l sz\u00e1rmazik, n\u00e9h\u00e1ny \u00e9vvel ezel\u0151tt \u00fajraindult, mint <strong>l\u00e1tv\u00e1nykov\u00e1csm\u0171hely<\/strong>. Minden kar\u00e1csony el\u0151tti p\u00e9nteken a r\u00e9gi kov\u00e1csm\u0171hely megnyitja kapuit a hagyom\u00e1nyos Bachlschneidre, \u00e9s forralt bor \u00e9s Kletzenbrot mellett b\u00e1rki elhozhatja a k\u00e9s\u00e9t egy \u00e9lez\u00e9sre.<\/p>\n","protected":false},"excerpt":{"rendered":"<p>Az adventi szok\u00e1sok nem kezd\u0151dnek ilyen csendesen \u00e9s bens\u0151s\u00e9gesen Salzburg tartom\u00e1nyban. Hangos harangok \u00e9s cs\u00f6rg\u0151 l\u00e1ncok t\u00f6rnek \u00e1t a s\u00f6t\u00e9ts\u00e9gben, \u00e9s m\u00e9g a legb\u00e1trabbak sz\u00edve is megdobban a krampuszok archaikus megjelen\u00e9se l\u00e1tt\u00e1n. Szent Mikl\u00f3s vad k\u00eds\u00e9r\u0151ik\u00e9nt december elej\u00e9n f\u00e9lelmetesen vonulnak v\u00e9gig Salzburg tartom\u00e1nyon, \u00e9s a nagy krampuszj\u00e1r\u00e1sokon mutatj\u00e1k be ijeszt\u0151 maszkjaikat. A krampuszj\u00e1r\u00e1s sok fiatal [&hellip;]<\/p>\n","protected":false},"author":21,"featured_media":20628,"comment_status":"closed","ping_status":"closed","sticky":false,"template":"","format":"standard","meta":{"_acf_changed":false,"wl_entities_gutenberg":"","_relevanssi_hide_post":"","_relevanssi_hide_content":"","_relevanssi_pin_for_all":"","_relevanssi_pin_keywords":"","_relevanssi_unpin_keywords":"","_relevanssi_related_keywords":"","_relevanssi_related_include_ids":"","_relevanssi_related_exclude_ids":"","_relevanssi_related_no_append":"","_relevanssi_related_not_related":"","_relevanssi_related_posts":"","_relevanssi_noindex_reason":"","footnotes":""},"categories":[1],"tags":[307,520,517],"wl_entity_type":[27],"class_list":["post-17705","post","type-post","status-publish","format-standard","has-post-thumbnail","hentry","category-uncategorized","tag-advent","tag-betlehem","tag-karacsony","wl_entity_type-article"],"acf":[],"yoast_head":"<!-- This site is optimized with the Yoast SEO Premium plugin v27.4 (Yoast SEO v27.4) - https:\/\/yoast.com\/product\/yoast-seo-premium-wordpress\/ -->\n<title>Adventi t\u00f6rt\u00e9netek \u00e9s szok\u00e1sok \u00bb SalzburgerLand.com<\/title>\n<meta name=\"description\" content=\"November v\u00e9g\u00e9n kezd\u0151dik az advent bens\u0151s\u00e9ges, adventi szok\u00e1sokkal tark\u00edtott kar\u00e1csony el\u0151tti id\u0151szaka Salzburg tartom\u00e1nyban.\" \/>\n<meta name=\"robots\" content=\"index, follow, max-snippet:-1, max-image-preview:large, max-video-preview:-1\" \/>\n<link rel=\"canonical\" href=\"https:\/\/www.salzburgerland.com\/hu\/adventi-tortenetek-es-szokasok\/\" \/>\n<meta property=\"og:locale\" content=\"hu_HU\" \/>\n<meta property=\"og:type\" content=\"article\" \/>\n<meta property=\"og:title\" content=\"Adventi t\u00f6rt\u00e9netek \u00e9s szok\u00e1sok\" \/>\n<meta property=\"og:description\" content=\"Az adventi szok\u00e1sok nem kezd\u0151dnek ilyen csendesen \u00e9s bens\u0151s\u00e9gesen Salzburg tartom\u00e1nyban. Hangos harangok \u00e9s cs\u00f6rg\u0151 l\u00e1ncok t\u00f6rnek \u00e1t a s\u00f6t\u00e9ts\u00e9gben, \u00e9s m\u00e9g\" \/>\n<meta property=\"og:url\" content=\"https:\/\/www.salzburgerland.com\/hu\/adventi-tortenetek-es-szokasok\/\" \/>\n<meta property=\"og:site_name\" content=\"SalzburgerLand.com\" \/>\n<meta property=\"article:publisher\" content=\"https:\/\/www.facebook.com\/visitsalzburgerland\/\" \/>\n<meta property=\"article:published_time\" content=\"2022-11-06T15:21:05+00:00\" \/>\n<meta property=\"article:modified_time\" content=\"2023-12-02T13:28:32+00:00\" \/>\n<meta property=\"og:image\" content=\"https:\/\/www.salzburgerland.com\/hu\/wp-content\/uploads\/2017\/01\/bauernstube_musizieren_0756-1200x675.jpg\" \/>\n\t<meta property=\"og:image:width\" content=\"1200\" \/>\n\t<meta property=\"og:image:height\" content=\"675\" \/>\n\t<meta property=\"og:image:type\" content=\"image\/jpeg\" \/>\n<meta name=\"author\" content=\"Hajnalka K\u00e1di\" \/>\n<meta name=\"twitter:card\" content=\"summary_large_image\" \/>\n<meta name=\"twitter:creator\" content=\"@salzburgerland\" \/>\n<meta name=\"twitter:site\" content=\"@salzburgerland\" \/>\n<meta name=\"twitter:label1\" content=\"Szerz\u0151:\" \/>\n\t<meta name=\"twitter:data1\" content=\"Hajnalka K\u00e1di\" \/>\n\t<meta name=\"twitter:label2\" content=\"Becs\u00fclt olvas\u00e1si id\u0151\" \/>\n\t<meta name=\"twitter:data2\" content=\"5 perc\" \/>\n<script type=\"application\/ld+json\" class=\"yoast-schema-graph\">{\"@context\":\"https:\\\/\\\/schema.org\",\"@graph\":[{\"@type\":\"Article\",\"@id\":\"https:\\\/\\\/www.salzburgerland.com\\\/hu\\\/adventi-tortenetek-es-szokasok\\\/#article\",\"isPartOf\":{\"@id\":\"https:\\\/\\\/www.salzburgerland.com\\\/hu\\\/adventi-tortenetek-es-szokasok\\\/\"},\"author\":{\"name\":\"Hajnalka K\u00e1di\",\"@id\":\"https:\\\/\\\/www.salzburgerland.com\\\/hu\\\/#\\\/schema\\\/person\\\/e4905df070d9b3c52e1e4c730b26aa5a\"},\"headline\":\"Adventi t\u00f6rt\u00e9netek \u00e9s szok\u00e1sok\",\"datePublished\":\"2022-11-06T15:21:05+00:00\",\"dateModified\":\"2023-12-02T13:28:32+00:00\",\"mainEntityOfPage\":{\"@id\":\"https:\\\/\\\/www.salzburgerland.com\\\/hu\\\/adventi-tortenetek-es-szokasok\\\/\"},\"wordCount\":1150,\"image\":{\"@id\":\"https:\\\/\\\/www.salzburgerland.com\\\/hu\\\/adventi-tortenetek-es-szokasok\\\/#primaryimage\"},\"thumbnailUrl\":\"https:\\\/\\\/www.salzburgerland.com\\\/hu\\\/wp-content\\\/uploads\\\/2017\\\/01\\\/bauernstube_musizieren_0756.jpg\",\"keywords\":[\"advent\",\"betlehem\",\"Kar\u00e1csony\"],\"articleSection\":[\"Uncategorized\"],\"inLanguage\":\"hu\"},{\"@type\":\"WebPage\",\"@id\":\"https:\\\/\\\/www.salzburgerland.com\\\/hu\\\/adventi-tortenetek-es-szokasok\\\/\",\"url\":\"https:\\\/\\\/www.salzburgerland.com\\\/hu\\\/adventi-tortenetek-es-szokasok\\\/\",\"name\":\"Adventi t\u00f6rt\u00e9netek \u00e9s szok\u00e1sok \u00bb SalzburgerLand.com\",\"isPartOf\":{\"@id\":\"https:\\\/\\\/www.salzburgerland.com\\\/hu\\\/#website\"},\"primaryImageOfPage\":{\"@id\":\"https:\\\/\\\/www.salzburgerland.com\\\/hu\\\/adventi-tortenetek-es-szokasok\\\/#primaryimage\"},\"image\":{\"@id\":\"https:\\\/\\\/www.salzburgerland.com\\\/hu\\\/adventi-tortenetek-es-szokasok\\\/#primaryimage\"},\"thumbnailUrl\":\"https:\\\/\\\/www.salzburgerland.com\\\/hu\\\/wp-content\\\/uploads\\\/2017\\\/01\\\/bauernstube_musizieren_0756.jpg\",\"datePublished\":\"2022-11-06T15:21:05+00:00\",\"dateModified\":\"2023-12-02T13:28:32+00:00\",\"author\":{\"@id\":\"https:\\\/\\\/www.salzburgerland.com\\\/hu\\\/#\\\/schema\\\/person\\\/e4905df070d9b3c52e1e4c730b26aa5a\"},\"description\":\"November v\u00e9g\u00e9n kezd\u0151dik az advent bens\u0151s\u00e9ges, adventi szok\u00e1sokkal tark\u00edtott kar\u00e1csony el\u0151tti id\u0151szaka Salzburg tartom\u00e1nyban.\",\"breadcrumb\":{\"@id\":\"https:\\\/\\\/www.salzburgerland.com\\\/hu\\\/adventi-tortenetek-es-szokasok\\\/#breadcrumb\"},\"inLanguage\":\"hu\",\"potentialAction\":[{\"@type\":\"ReadAction\",\"target\":[\"https:\\\/\\\/www.salzburgerland.com\\\/hu\\\/adventi-tortenetek-es-szokasok\\\/\"]}]},{\"@type\":\"ImageObject\",\"inLanguage\":\"hu\",\"@id\":\"https:\\\/\\\/www.salzburgerland.com\\\/hu\\\/adventi-tortenetek-es-szokasok\\\/#primaryimage\",\"url\":\"https:\\\/\\\/www.salzburgerland.com\\\/hu\\\/wp-content\\\/uploads\\\/2017\\\/01\\\/bauernstube_musizieren_0756.jpg\",\"contentUrl\":\"https:\\\/\\\/www.salzburgerland.com\\\/hu\\\/wp-content\\\/uploads\\\/2017\\\/01\\\/bauernstube_musizieren_0756.jpg\",\"width\":1920,\"height\":1288,\"caption\":\"Adventi v\u00e1rakoz\u00e1s \u00a9 SalzburgerLand Tourismus\"},{\"@type\":\"BreadcrumbList\",\"@id\":\"https:\\\/\\\/www.salzburgerland.com\\\/hu\\\/adventi-tortenetek-es-szokasok\\\/#breadcrumb\",\"itemListElement\":[{\"@type\":\"ListItem\",\"position\":1,\"name\":\"Besz\u00e9l\u0151 k\u00f6t\u00e9smint\u00e1k, b\u0151rnadr\u00e1gos cs\u00fct\u00f6rt\u00f6k\",\"item\":\"https:\\\/\\\/www.salzburgerland.com\\\/hu\\\/beszelo-kotesmintak-bornadragos-csutortok\\\/\"},{\"@type\":\"ListItem\",\"position\":2,\"name\":\"Adventi t\u00f6rt\u00e9netek \u00e9s szok\u00e1sok\"}]},{\"@type\":\"WebSite\",\"@id\":\"https:\\\/\\\/www.salzburgerland.com\\\/hu\\\/#website\",\"url\":\"https:\\\/\\\/www.salzburgerland.com\\\/hu\\\/\",\"name\":\"SalzburgerLand.com\",\"description\":\"\u00dcd\u00fcl\u00e9s Ausztri\u00e1ban, Salzburg tartom\u00e1nyban\",\"potentialAction\":[{\"@type\":\"SearchAction\",\"target\":{\"@type\":\"EntryPoint\",\"urlTemplate\":\"https:\\\/\\\/www.salzburgerland.com\\\/hu\\\/?s={search_term_string}\"},\"query-input\":{\"@type\":\"PropertyValueSpecification\",\"valueRequired\":true,\"valueName\":\"search_term_string\"}}],\"inLanguage\":\"hu\"},{\"@type\":\"Person\",\"@id\":\"https:\\\/\\\/www.salzburgerland.com\\\/hu\\\/#\\\/schema\\\/person\\\/e4905df070d9b3c52e1e4c730b26aa5a\",\"name\":\"Hajnalka K\u00e1di\",\"image\":{\"@type\":\"ImageObject\",\"inLanguage\":\"hu\",\"@id\":\"https:\\\/\\\/secure.gravatar.com\\\/avatar\\\/e8c1eecf3b2c49d295cebc6aba0de06d13ec77aa0cf9ccec32725949011b69d2?s=96&d=mm&r=g\",\"url\":\"https:\\\/\\\/secure.gravatar.com\\\/avatar\\\/e8c1eecf3b2c49d295cebc6aba0de06d13ec77aa0cf9ccec32725949011b69d2?s=96&d=mm&r=g\",\"contentUrl\":\"https:\\\/\\\/secure.gravatar.com\\\/avatar\\\/e8c1eecf3b2c49d295cebc6aba0de06d13ec77aa0cf9ccec32725949011b69d2?s=96&d=mm&r=g\",\"caption\":\"Hajnalka K\u00e1di\"}}]}<\/script>\n<!-- \/ Yoast SEO Premium plugin. -->","yoast_head_json":{"title":"Adventi t\u00f6rt\u00e9netek \u00e9s szok\u00e1sok \u00bb SalzburgerLand.com","description":"November v\u00e9g\u00e9n kezd\u0151dik az advent bens\u0151s\u00e9ges, adventi szok\u00e1sokkal tark\u00edtott kar\u00e1csony el\u0151tti id\u0151szaka Salzburg tartom\u00e1nyban.","robots":{"index":"index","follow":"follow","max-snippet":"max-snippet:-1","max-image-preview":"max-image-preview:large","max-video-preview":"max-video-preview:-1"},"canonical":"https:\/\/www.salzburgerland.com\/hu\/adventi-tortenetek-es-szokasok\/","og_locale":"hu_HU","og_type":"article","og_title":"Adventi t\u00f6rt\u00e9netek \u00e9s szok\u00e1sok","og_description":"Az adventi szok\u00e1sok nem kezd\u0151dnek ilyen csendesen \u00e9s bens\u0151s\u00e9gesen Salzburg tartom\u00e1nyban. Hangos harangok \u00e9s cs\u00f6rg\u0151 l\u00e1ncok t\u00f6rnek \u00e1t a s\u00f6t\u00e9ts\u00e9gben, \u00e9s m\u00e9g","og_url":"https:\/\/www.salzburgerland.com\/hu\/adventi-tortenetek-es-szokasok\/","og_site_name":"SalzburgerLand.com","article_publisher":"https:\/\/www.facebook.com\/visitsalzburgerland\/","article_published_time":"2022-11-06T15:21:05+00:00","article_modified_time":"2023-12-02T13:28:32+00:00","og_image":[{"width":1200,"height":675,"url":"https:\/\/www.salzburgerland.com\/hu\/wp-content\/uploads\/2017\/01\/bauernstube_musizieren_0756-1200x675.jpg","type":"image\/jpeg"}],"author":"Hajnalka K\u00e1di","twitter_card":"summary_large_image","twitter_creator":"@salzburgerland","twitter_site":"@salzburgerland","twitter_misc":{"Szerz\u0151:":"Hajnalka K\u00e1di","Becs\u00fclt olvas\u00e1si id\u0151":"5 perc"},"schema":{"@context":"https:\/\/schema.org","@graph":[{"@type":"Article","@id":"https:\/\/www.salzburgerland.com\/hu\/adventi-tortenetek-es-szokasok\/#article","isPartOf":{"@id":"https:\/\/www.salzburgerland.com\/hu\/adventi-tortenetek-es-szokasok\/"},"author":{"name":"Hajnalka K\u00e1di","@id":"https:\/\/www.salzburgerland.com\/hu\/#\/schema\/person\/e4905df070d9b3c52e1e4c730b26aa5a"},"headline":"Adventi t\u00f6rt\u00e9netek \u00e9s szok\u00e1sok","datePublished":"2022-11-06T15:21:05+00:00","dateModified":"2023-12-02T13:28:32+00:00","mainEntityOfPage":{"@id":"https:\/\/www.salzburgerland.com\/hu\/adventi-tortenetek-es-szokasok\/"},"wordCount":1150,"image":{"@id":"https:\/\/www.salzburgerland.com\/hu\/adventi-tortenetek-es-szokasok\/#primaryimage"},"thumbnailUrl":"https:\/\/www.salzburgerland.com\/hu\/wp-content\/uploads\/2017\/01\/bauernstube_musizieren_0756.jpg","keywords":["advent","betlehem","Kar\u00e1csony"],"articleSection":["Uncategorized"],"inLanguage":"hu"},{"@type":"WebPage","@id":"https:\/\/www.salzburgerland.com\/hu\/adventi-tortenetek-es-szokasok\/","url":"https:\/\/www.salzburgerland.com\/hu\/adventi-tortenetek-es-szokasok\/","name":"Adventi t\u00f6rt\u00e9netek \u00e9s szok\u00e1sok \u00bb SalzburgerLand.com","isPartOf":{"@id":"https:\/\/www.salzburgerland.com\/hu\/#website"},"primaryImageOfPage":{"@id":"https:\/\/www.salzburgerland.com\/hu\/adventi-tortenetek-es-szokasok\/#primaryimage"},"image":{"@id":"https:\/\/www.salzburgerland.com\/hu\/adventi-tortenetek-es-szokasok\/#primaryimage"},"thumbnailUrl":"https:\/\/www.salzburgerland.com\/hu\/wp-content\/uploads\/2017\/01\/bauernstube_musizieren_0756.jpg","datePublished":"2022-11-06T15:21:05+00:00","dateModified":"2023-12-02T13:28:32+00:00","author":{"@id":"https:\/\/www.salzburgerland.com\/hu\/#\/schema\/person\/e4905df070d9b3c52e1e4c730b26aa5a"},"description":"November v\u00e9g\u00e9n kezd\u0151dik az advent bens\u0151s\u00e9ges, adventi szok\u00e1sokkal tark\u00edtott kar\u00e1csony el\u0151tti id\u0151szaka Salzburg tartom\u00e1nyban.","breadcrumb":{"@id":"https:\/\/www.salzburgerland.com\/hu\/adventi-tortenetek-es-szokasok\/#breadcrumb"},"inLanguage":"hu","potentialAction":[{"@type":"ReadAction","target":["https:\/\/www.salzburgerland.com\/hu\/adventi-tortenetek-es-szokasok\/"]}]},{"@type":"ImageObject","inLanguage":"hu","@id":"https:\/\/www.salzburgerland.com\/hu\/adventi-tortenetek-es-szokasok\/#primaryimage","url":"https:\/\/www.salzburgerland.com\/hu\/wp-content\/uploads\/2017\/01\/bauernstube_musizieren_0756.jpg","contentUrl":"https:\/\/www.salzburgerland.com\/hu\/wp-content\/uploads\/2017\/01\/bauernstube_musizieren_0756.jpg","width":1920,"height":1288,"caption":"Adventi v\u00e1rakoz\u00e1s \u00a9 SalzburgerLand Tourismus"},{"@type":"BreadcrumbList","@id":"https:\/\/www.salzburgerland.com\/hu\/adventi-tortenetek-es-szokasok\/#breadcrumb","itemListElement":[{"@type":"ListItem","position":1,"name":"Besz\u00e9l\u0151 k\u00f6t\u00e9smint\u00e1k, b\u0151rnadr\u00e1gos cs\u00fct\u00f6rt\u00f6k","item":"https:\/\/www.salzburgerland.com\/hu\/beszelo-kotesmintak-bornadragos-csutortok\/"},{"@type":"ListItem","position":2,"name":"Adventi t\u00f6rt\u00e9netek \u00e9s szok\u00e1sok"}]},{"@type":"WebSite","@id":"https:\/\/www.salzburgerland.com\/hu\/#website","url":"https:\/\/www.salzburgerland.com\/hu\/","name":"SalzburgerLand.com","description":"\u00dcd\u00fcl\u00e9s Ausztri\u00e1ban, Salzburg tartom\u00e1nyban","potentialAction":[{"@type":"SearchAction","target":{"@type":"EntryPoint","urlTemplate":"https:\/\/www.salzburgerland.com\/hu\/?s={search_term_string}"},"query-input":{"@type":"PropertyValueSpecification","valueRequired":true,"valueName":"search_term_string"}}],"inLanguage":"hu"},{"@type":"Person","@id":"https:\/\/www.salzburgerland.com\/hu\/#\/schema\/person\/e4905df070d9b3c52e1e4c730b26aa5a","name":"Hajnalka K\u00e1di","image":{"@type":"ImageObject","inLanguage":"hu","@id":"https:\/\/secure.gravatar.com\/avatar\/e8c1eecf3b2c49d295cebc6aba0de06d13ec77aa0cf9ccec32725949011b69d2?s=96&d=mm&r=g","url":"https:\/\/secure.gravatar.com\/avatar\/e8c1eecf3b2c49d295cebc6aba0de06d13ec77aa0cf9ccec32725949011b69d2?s=96&d=mm&r=g","contentUrl":"https:\/\/secure.gravatar.com\/avatar\/e8c1eecf3b2c49d295cebc6aba0de06d13ec77aa0cf9ccec32725949011b69d2?s=96&d=mm&r=g","caption":"Hajnalka K\u00e1di"}}]}},"_wl_alt_label":[],"wl:entity_url":"http:\/\/open.salzburgerland.com\/hu\/post\/adventi-tortenetek-es-szokasok-17705","_links":{"self":[{"href":"https:\/\/www.salzburgerland.com\/hu\/wp-json\/wp\/v2\/posts\/17705","targetHints":{"allow":["GET"]}}],"collection":[{"href":"https:\/\/www.salzburgerland.com\/hu\/wp-json\/wp\/v2\/posts"}],"about":[{"href":"https:\/\/www.salzburgerland.com\/hu\/wp-json\/wp\/v2\/types\/post"}],"author":[{"embeddable":true,"href":"https:\/\/www.salzburgerland.com\/hu\/wp-json\/wp\/v2\/users\/21"}],"replies":[{"embeddable":true,"href":"https:\/\/www.salzburgerland.com\/hu\/wp-json\/wp\/v2\/comments?post=17705"}],"version-history":[{"count":5,"href":"https:\/\/www.salzburgerland.com\/hu\/wp-json\/wp\/v2\/posts\/17705\/revisions"}],"predecessor-version":[{"id":17716,"href":"https:\/\/www.salzburgerland.com\/hu\/wp-json\/wp\/v2\/posts\/17705\/revisions\/17716"}],"wp:featuredmedia":[{"embeddable":true,"href":"https:\/\/www.salzburgerland.com\/hu\/wp-json\/wp\/v2\/media\/20628"}],"wp:attachment":[{"href":"https:\/\/www.salzburgerland.com\/hu\/wp-json\/wp\/v2\/media?parent=17705"}],"wp:term":[{"taxonomy":"category","embeddable":true,"href":"https:\/\/www.salzburgerland.com\/hu\/wp-json\/wp\/v2\/categories?post=17705"},{"taxonomy":"post_tag","embeddable":true,"href":"https:\/\/www.salzburgerland.com\/hu\/wp-json\/wp\/v2\/tags?post=17705"},{"taxonomy":"wl_entity_type","embeddable":true,"href":"https:\/\/www.salzburgerland.com\/hu\/wp-json\/wp\/v2\/wl_entity_type?post=17705"}],"curies":[{"name":"wp","href":"https:\/\/api.w.org\/{rel}","templated":true}]}}