{"id":17625,"date":"2022-10-26T23:04:20","date_gmt":"2022-10-26T21:04:20","guid":{"rendered":"https:\/\/www.salzburgerland.com\/hu\/?p=17625"},"modified":"2024-03-16T05:59:03","modified_gmt":"2024-03-16T04:59:03","slug":"a-viz-tortenete","status":"publish","type":"post","link":"https:\/\/www.salzburgerland.com\/hu\/a-viz-tortenete\/","title":{"rendered":"A v\u00edz t\u00f6rt\u00e9nete"},"content":{"rendered":"<h2><strong>Az\u00a0\u0151stenger\u00a0\u00e9s a j\u00e9gkorszak maradv\u00e1nyai<\/strong><\/h2>\n<p>Ha t\u00f6bb milli\u00f3 \u00e9vvel visszaforgathatn\u00e1nk az id\u0151 kerek\u00e9t, hull\u00e1mz\u00f3\u00a0<strong>\u0151stengert<\/strong>\u00a0tal\u00e1ln\u00e1nk a mai z\u00f6ldell\u0151\u00a0alpesi\u00a0legel\u0151k \u00e9s legel\u00e9sz\u0151\u00a0tehenek\u00a0hely\u00e9n. A\u00a0Steinernes Meer\u00a0(K\u0151tenger) m\u00e9szk\u0151szikl\u00e1iban mind a mai napig\u00a0<strong>sz\u00e1mtalan megk\u00f6v\u00fclt kagyl\u00f3<\/strong>\u00a0fedezhet\u0151 fel. Jellegzetess\u00e9g\u00fck, hogy form\u00e1juk alapj\u00e1n\u00a0<strong>els\u0151 pillant\u00e1sra teh\u00e9nl\u00e1bnyomnak<\/strong>\u00a0n\u00e9zhetn\u00e9nk \u0151ket.\u00a0<a href=\"https:\/\/www.lofer.com\/en\/things-to-do-in-summer\/hiking\/adventure-paths\/\"><strong>St. Martin bei Lofer geol\u00f3giai \u00e9lm\u00e9nyparkj\u00e1ban<\/strong>\u00a0<\/a>megcsod\u00e1lhatjuk a\u00a0<strong>Megalodon-f\u00e9le kagyl\u00f3k<\/strong>\u00a0p\u00e9ld\u00e1nyait. A j\u00e9gkorszak idej\u00e9n\u00a0<strong>kb. egykilom\u00e9teres vastags\u00e1g\u00fa j\u00e9gp\u00e1nc\u00e9l<\/strong>\u00a0bor\u00edtotta a mai\u00a0Salzburg tartom\u00e1ny\u00a0ter\u00fclet\u00e9t.<\/p>\n<p>A\u00a0<strong>lass\u00fa mozg\u00e1s\u00fa gleccserfolyam<\/strong>\u00a0ereje alak\u00edtotta ki a mai\u00a0<strong>v\u00f6lgykatlanokat<\/strong>,\u00a0<strong>gleccserv\u00e1jatokat<\/strong>\u00a0\u00e9s\u00a0<strong>t\u00f3medreket<\/strong>. A hatalmas gleccser maradv\u00e1nya\u00a0<strong>a Grossglocknern\u00e9l fekv\u0151 Pasterze\u00a0gleccser, a Kitzsteinhorn gleccsere \u00e9s a Grossvenediger \u00f6r\u00f6k jeges hava<\/strong>.\u00a0Ausztri\u00e1ban\u00a0925 gleccser van \u00f6sszesen, \u00f6sszfel\u00fclet\u00fck 540 km2, ebb\u0151l 173\u00a0Salzburg\u00a0tartom\u00e1nyra esik. A gleccserek\u00a0<strong>\u00e9rt\u00e9kes v\u00edztartal\u00e9k-t\u00e1roz\u00f3k<\/strong>. Ezek t\u00e1pl\u00e1lj\u00e1k a kapruni Mooserboden magashegyi v\u00edzt\u00e1roz\u00f3it is, melyeket villamos energia termel\u00e9s\u00e9re hasznos\u00edtanak.<\/p>\n<h2>Az untersbergi forr\u00e1sok vize<\/h2>\n<p>A<span>\u00a0<\/span><strong>tiszta forr\u00e1sv\u00edz<\/strong><span>\u00a0<\/span>remek szomjolt\u00f3. Nem v\u00e9letlen, hogy a f\u00fcggetlen salzburgi hercegs\u00e9gben \u00e9vsz\u00e1zadokon \u00e1t uralkod\u00f3 \u00e9rsekek asztal\u00e1hoz m\u00e1r a XV. sz\u00e1zadban<span>\u00a0<\/span><strong>nap mint nap lovasok sz\u00e1ll\u00edtott\u00e1k a vizet<\/strong><span>\u00a0<\/span>a hatalmas Untersberg hegy forr\u00e1sait\u00f3l. Az els\u0151 v\u00edzvezet\u00e9ket Graf von Thun und Hohenstein herceg\u00e9rsek \u00e9p\u00edttette 1654-ben. 3237 v\u00f6r\u00f6sfeny\u0151 cs\u00f6v\u00f6n \u00e9rkezett az untersbergi forr\u00e1sok vize<span>\u00a0<\/span><span>Salzburg\u00a0<\/span>\u00f3v\u00e1ros\u00e1ba. Az \u00e9rseki rezidencia el\u0151tti t\u00e9ren ma is<span>\u00a0<\/span><span>\u00e1ll\u00f3\u00a0<\/span><strong>Residenzbrunnen<\/strong>k\u00fat azzal a c\u00e9llal j\u00f6tt l\u00e9tre, hogy a v\u00e1ros lak\u00f3i is r\u00e9szes\u00fcljenek a friss forr\u00e1sv\u00edzb\u0151l. A vezet\u00e9k azonban b\u00edrta ki az er\u0151s nyom\u00e1st, a v\u00edz ereje m\u00e1r a felavat\u00e1s napj\u00e1n sz\u00e9tfesz\u00edtette. A tervet csak 1875-ben siker\u00fclt megval\u00f3s\u00edtani. A forr\u00e1sn\u00e1l kialak\u00edtott v\u00edzgy\u0171jt\u0151 medence \u00e9s kb. kilenc kilom\u00e9ternyi \u00f6nt\u00f6ttvas vezet\u00e9k lett a megold\u00e1s.<span>\u00a0<\/span><strong>T\u00falnyom\u00f3r\u00e9szt ma is az Untersberg alatti forr\u00e1sok biztos\u00edtj\u00e1k<\/strong><span><strong>\u00a0<\/strong><\/span><span><strong>Salzburg<\/strong><\/span><strong>\u00a0<\/strong><strong>iv\u00f3v\u00edzell\u00e1t\u00e1s\u00e1t<\/strong><span>\u00a0<\/span>\u00e9s a \u00e9vsz\u00e1zados hagyom\u00e1nyokat tov\u00e1bbviv\u0151 Stiegl s\u00f6rgy\u00e1r s\u00f6re is<span>\u00a0<\/span><strong>az Untersberg tiszta, kezeletlen viz\u00e9vel<\/strong><span>\u00a0<\/span>k\u00e9sz\u00fcl.<\/p>\n<div id=\"attachment_4996\" style=\"width: 1180px\" class=\"wp-caption alignnone\"><img decoding=\"async\" aria-describedby=\"caption-attachment-4996\" class=\"size-1170_658 wp-image-4996\" src=\"https:\/\/cdn.salzburgerland.com\/hu\/wp-content\/uploads\/2019\/07\/-salzburgerland-tourismus-peter-zeitlhofer--auf-den-spuren-der-wasserreiter-1170x658.jpg\" alt=\"Folgen die Reitern, die Wasser aus den Quellen des Untersbergs holen - Az Untersberg forr\u00e1sait\u00f3l vizet sz\u00e1ll\u00edt\u00f3 lovasok nyom\u00e1ban\" width=\"1170\" height=\"658\" srcset=\"https:\/\/www.salzburgerland.com\/hu\/wp-content\/uploads\/2019\/07\/-salzburgerland-tourismus-peter-zeitlhofer--auf-den-spuren-der-wasserreiter-1170x658.jpg 1170w, https:\/\/www.salzburgerland.com\/hu\/wp-content\/uploads\/2019\/07\/-salzburgerland-tourismus-peter-zeitlhofer--auf-den-spuren-der-wasserreiter-1200x675.jpg 1200w\" sizes=\"(max-width: 1170px) 100vw, 1170px\"><p id=\"caption-attachment-4996\" class=\"wp-caption-text\">Az Untersberg forr\u00e1sait\u00f3l vizet sz\u00e1ll\u00edt\u00f3 lovasok nyom\u00e1ban \u00a9 SalzburgerLand Tourismus, Peter Zeitlhofer<\/p><\/div>\n<h2>A v\u00edz szerepe a s\u00f3 kinyer\u00e9s\u00e9ben<\/h2>\n<p>A halleini D\u00fcrrnbergen\u00a0 m\u00e1r a kelt\u00e1k is foglalkoztak s\u00f3b\u00e1ny\u00e1szattal 2500 \u00e9vvel ezel\u0151tt. A s\u00f3<span>\u00a0<\/span><span>Salzburg\u00a0<\/span>gazdags\u00e1g\u00e1nak egyik f\u0151 forr\u00e1sa volt.\u00a0<span>\u00a0<\/span><strong>A v\u00edz d\u00f6nt\u0151 szerepet kapott a \u201efeh\u00e9r arany\u201d kinyer\u00e9s\u00e9be<\/strong>n. A hegy belsej\u00e9ben v\u00e1jt t\u00e1rn\u00e1kat v\u00edzzel \u00e1rasztott\u00e1k el, a s\u00f3s vizet pedig addig hev\u00edtett\u00e9k a<span>\u00a0<\/span><span>s\u00f3p\u00e1rl\u00f3 \u00fczem<\/span>ben, am\u00edg a v\u00edz elp\u00e1rolgott \u00e9s csak a s\u00f3 maradt vissza. A d\u00fcrrnbergi s\u00f3kitermel\u00e9s 1989-ben megsz\u0171nt, a b\u00e1nya l\u00e1togathat\u00f3 l\u00e1tv\u00e1nyb\u00e1ny\u00e1v\u00e1 alakult \u00e1t. A<span>\u00a0<\/span><a href=\"https:\/\/www.salzwelten.at\/en\/hallein\/the-mine\/\" target=\"_blank\" rel=\"noopener\"><strong>Salzwelten Hallein<\/strong><\/a><span>\u00a0<\/span><strong>a vil\u00e1g l\u00e1tv\u00e1nyb\u00e1ny\u00e1inak legr\u00e9gebbike<\/strong>.<\/p>\n<h2>A v\u00edz ereje<\/h2>\n<p>A hegyek v\u00edztartal\u00e9kait \u00e1ramfejleszt\u00e9si c\u00e9lokra hasznos\u00edt\u00f3 kapruni er\u0151m\u0171 \u00e9p\u00edt\u00e9s\u00e9nek tervez\u00e9se m\u00e1r az els\u0151 vil\u00e1gh\u00e1bor\u00fa ut\u00e1n megkezd\u0151d\u00f6tt. A Tauernkraftwerk er\u0151m\u0171 \u00e9p\u00edt\u00e9s\u00e9t 1938-ban kezdt\u00e9k meg \u00e9s 1944. szeptember\u00e9ben megkezdte m\u0171k\u00f6d\u00e9s\u00e9t az els\u0151 r\u00e9szegys\u00e9g. A Magas-Tauern-beli<span>\u00a0<\/span><strong>kapruni v\u00edzt\u00e1roz\u00f3k \u00e9s er\u0151m\u0171vek<\/strong><span>\u00a0<\/span>l\u00e9trej\u00f6tte m\u00e9rf\u00f6ldk\u0151nek sz\u00e1m\u00edtott az \u00e1ramell\u00e1t\u00e1s biztos\u00edt\u00e1s\u00e1ban. A v\u00edz t\u00falnyom\u00f3r\u00e9szt<span>\u00a0<\/span><strong>a Grossglockner Pasterze gleccser\u00e9nek olvad\u00e9kvize<\/strong>, ami a Margaritze v\u00edzt\u00e1roz\u00f3ban (Margaritzenstausee) gy\u0171lik \u00f6ssze \u00e9s a<span>\u00a0<\/span><span>11<\/span>,6 km hossz\u00fa M\u00f6ll \u00e1tvezet\u0151 alag\u00faton \u00e1t jut a Mooserboden t\u00e1roz\u00f3ba.<\/p>\n<p>Az<span>\u00a0<\/span><span>Alpok\u00a0<\/span>f\u0151 gerinc\u00e9t\u0151l \u00e9szakra \u00e9s d\u00e9lre l\u00e9v\u0151<span>\u00a0<\/span><strong>v\u00edzgy\u0171jt\u0151 ter\u00fcleteket \u00f6sszek\u00f6t\u00f6tt\u00e9k a t\u00e1roz\u00f3rendszerrel<\/strong>, ezzel megold\u00f3dott a patakok v\u00edzhozam\u00e1nak szab\u00e1lyoz\u00e1sa, \u00e1lland\u00f3 szinten tart\u00e1sa, vagyis a k\u00f6rnyez\u0151 v\u00f6lgyekben elej\u00e9t tudj\u00e1k venni az \u00e1rad\u00e1soknak \u00e9s a hirtelen es\u0151z\u00e9sek okozta er\u00f3zi\u00f3s k\u00e1roknak. A v\u00edzt\u00e1roz\u00f3khoz l\u00e1togat\u00f3k v\u00e9gigs\u00e9t\u00e1lhatnak a<span>\u00a0<\/span><strong>gigantikus mooserbodeni duzzaszt\u00f3fal<\/strong><span>\u00a0<\/span>tetej\u00e9n, ami 84,9 milli\u00f3 k\u00f6bm\u00e9ter vizet tart vissza a v\u00f6lgybe \u00e1raml\u00e1st\u00f3l. A 107 m\u00e9ter magas, 500 m\u00e9ter hossz\u00fa \u00e9s alapzat\u00e1n\u00e1l 70 m\u00e9ter sz\u00e9les impoz\u00e1ns \u00e9p\u00edtm\u00e9ny nyaranta a vil\u00e1g minden t\u00e1j\u00e1r\u00f3l vonzza a turist\u00e1kat.<\/p>\n<div id=\"attachment_6622\" style=\"width: 1180px\" class=\"wp-caption alignnone\"><img decoding=\"async\" aria-describedby=\"caption-attachment-6622\" class=\"size-1170_658 wp-image-6622\" src=\"https:\/\/cdn.salzburgerland.com\/hu\/wp-content\/uploads\/2019\/05\/stauseen-verbund-c-verbund-johannes-heuckeroth-1170x658.jpg\" alt=\"\" width=\"1170\" height=\"658\" srcset=\"https:\/\/www.salzburgerland.com\/hu\/wp-content\/uploads\/2019\/05\/stauseen-verbund-c-verbund-johannes-heuckeroth-1170x658.jpg 1170w, https:\/\/www.salzburgerland.com\/hu\/wp-content\/uploads\/2019\/05\/stauseen-verbund-c-verbund-johannes-heuckeroth-1200x675.jpg 1200w\" sizes=\"(max-width: 1170px) 100vw, 1170px\"><p id=\"caption-attachment-6622\" class=\"wp-caption-text\">A kapruni magashegyi v\u00edzt\u00e1roz\u00f3k a salzburgi Zell am See-Kaprun r\u00e9gi\u00f3ban \u00a9 Stauseen-Verbund, Johannes Heuckeroth<\/p><\/div>\n<h2>A XIX. sz\u00e1zad divatja: Sommerfrische, azaz nyaral\u00e1s a z\u00f6ldben<\/h2>\n<p>A<span>\u00a0<\/span><span>XIX.\u00a0<\/span>sz\u00e1zadban j\u00f6tt divatba a salzburgi vid\u00e9ken nyaral\u00e1s a tehet\u0151s v\u00e1rosi lakoss\u00e1g k\u00f6r\u00e9ben. Vele a \u201eSommerfrische\u201d fogalma, ami alatt<span>\u00a0<\/span><strong>a z\u00f6ldben, a hazai tavakn\u00e1l t\u00f6lt\u00f6tt nyaral\u00e1st<\/strong><span>\u00a0<\/span>\u00e9rtett\u00e9k. A nemess\u00e9g vas\u00faton utazott a Salzburgi-t\u00f3vid\u00e9k fest\u0151i pontjaira \u00e9s a divatba j\u00f6tt szok\u00e1s hamarosan fellend\u00edtette a pinzgaui<span>\u00a0<\/span><span>Zell am See\u00a0<\/span>forgalm\u00e1t is. Az arisztokr\u00e1cia felfedezte mag\u00e1nak a krist\u00e1lytiszta tavak, a friss leveg\u0151, a s\u00e9t\u00e1lgat\u00e1s, t\u00far\u00e1z\u00e1s s\u0151t hegym\u00e1sz\u00e1s \u00f6r\u00f6meit. Maga<span>\u00a0<\/span><strong>Ferenc J\u00f3zsef cs\u00e1sz\u00e1r is el\u0151szeretettel h\u00f3dolt a \u201eSommerfrische\u201d szok\u00e1s\u00e1nak<\/strong>, 1853-t\u00f3l rendszeresen j\u00e1rt Salzkammergutba.<\/p>\n<p>Orvosok, gy\u00e1rosok, m\u0171v\u00e9szek is k\u00f6vett\u00e9k a p\u00e9ld\u00e1t. Ennek megfelel\u0151en fokozatosan ki\u00e9p\u00fclt a<span>\u00a0<\/span><strong>t\u00f3f\u00fcrd\u0151kb\u0151l<\/strong>,<span>\u00a0<\/span><strong>k\u00e1v\u00e9h\u00e1zakb\u00f3l<\/strong>,<span>\u00a0<\/span><strong>sz\u00e1llod\u00e1kb\u00f3l <\/strong>\u00e1ll\u00f3 infrastrukt\u00fara, melynek fennmaradt eml\u00e9kei ma is \u0151riznek valamit az egykori \u201e<strong>Sommerfrische\u201d-hangulatb\u00f3l<\/strong>. Hogy miben k\u00fcl\u00f6nb\u00f6zik a \u201eSommerfrische\u201d a mai nyaral\u00e1st\u00f3l? Akkoriban legink\u00e1bb<span>\u00a0<\/span><strong>s\u00e9t\u00e1lgat\u00e1sb\u00f3l, t\u00f3parti k\u00e1v\u00e9zgat\u00e1sb\u00f3l<\/strong><span>\u00a0<\/span>\u00e1llt a nyaral\u00e1s, vagyis nem sok aktivit\u00e1s, \u00e1m ann\u00e1l t\u00f6bb kellemes \u00fcld\u00f6g\u00e9l\u00e9s f\u00e9rt bele. Csal\u00e1dok falusi gazd\u00e1kn\u00e1l foglaltak sz\u00e1ll\u00e1st, hegyi falvakban t\u00f6lt\u00f6ttek n\u00e9h\u00e1ny hetet.<\/p>\n<div id=\"attachment_4997\" style=\"width: 1180px\" class=\"wp-caption alignnone\"><img decoding=\"async\" aria-describedby=\"caption-attachment-4997\" class=\"size-1170_658 wp-image-4997\" src=\"https:\/\/cdn.salzburgerland.com\/hu\/wp-content\/uploads\/2019\/07\/-salzburger-land-tourismus-peter-zeitlhofer--sommerfrische-am-fuschlsee-1170x658.jpg\" alt=\"Am Fuschlsee - A Fuschlsee t\u00f3n\u00e1l\" width=\"1170\" height=\"658\" srcset=\"https:\/\/www.salzburgerland.com\/hu\/wp-content\/uploads\/2019\/07\/-salzburger-land-tourismus-peter-zeitlhofer--sommerfrische-am-fuschlsee-1170x658.jpg 1170w, https:\/\/www.salzburgerland.com\/hu\/wp-content\/uploads\/2019\/07\/-salzburger-land-tourismus-peter-zeitlhofer--sommerfrische-am-fuschlsee-1200x675.jpg 1200w\" sizes=\"(max-width: 1170px) 100vw, 1170px\"><p id=\"caption-attachment-4997\" class=\"wp-caption-text\">A Fuschlsee t\u00f3n\u00e1l \u00a9 SalzburgerLand Tourismus, Peter Zeitlhofer<\/p><\/div>\n<h2>Nagy foly\u00f3k forr\u00e1svid\u00e9ke<\/h2>\n<p><span>Salzburg\u00a0tartom\u00e1ny<\/span> ter\u00fclet\u00e9n van az<span>\u00a0<\/span><span><strong>Enns<\/strong><\/span>, a<span>\u00a0<\/span><span><strong>Salzach<\/strong><\/span>\u00a0\u00e9s a<span>\u00a0<\/span><strong>Saalach<\/strong><span>\u00a0<\/span>forr\u00e1svid\u00e9ke. Ezek a foly\u00f3k a n\u00f6v\u00e9ny- \u00e9s \u00e1llatvil\u00e1g \u00e9ltet\u0151 elemei, de fontos szerepet kapnak a tartom\u00e1ny gazdas\u00e1gi \u00e9let\u00e9ben is. A Saalach a Kitzb\u00fcheli-<span>Alpokban<\/span><span>\u00a0<\/span>ered, a Hochtorsee t\u00f3 \u00e9s a 2178 m\u00e9teres Gamshag cs\u00facs k\u00f6z\u00f6tt, a Glemmtal v\u00f6lgyben. A foly\u00f3 103 kilom\u00e9ter hosszan kanyarog<span>\u00a0<\/span><span>Pinzgau\u00a0<\/span>\u00e9s a<span>\u00a0<\/span><a href=\"https:\/\/www.salzburgerland.com\/hu\/salzburgi-saalachtal-nyar\/\"><strong>Salzburgi Saalachtal<\/strong><\/a><span>\u00a0<\/span>ter\u00fclet\u00e9n, azt\u00e1n elhagyva<span>\u00a0<\/span><span>Ausztria\u00a0<\/span>ter\u00fclet\u00e9t ar\u00e1nylag r\u00f6vid szakaszon n\u00e9met vid\u00e9ken folyik, majd<span>\u00a0<\/span><span>Salzburg\u00a0<\/span>v\u00e1ros Liefering nev\u0171 v\u00e1rosr\u00e9sz\u00e9ben torkollik a<span>\u00a0<\/span><span>Salzachba<\/span>. Sok \u00e9ven \u00e1t<span>\u00a0<\/span><strong>a Saalach foly\u00f3n sz\u00e1ll\u00edtott\u00e1k a f\u00e1t a Bad Reichenhall-i s\u00f3kitermel\u00e9shez<\/strong>.<\/p>\n<p>A gazdag v\u00edzhozam\u00fa nagy<span>\u00a0<\/span><span>alpesi\u00a0<\/span>foly\u00f3k k\u00f6z\u00e9 tartoz\u00f3<span>\u00a0<\/span><span><strong>Salzach<\/strong><\/span>\u00a0a pinzgaui Wald telep\u00fcl\u00e9sn\u00e9l,<span>\u00a0<\/span><strong>a Salzachgeier alatt<\/strong><span>\u00a0<\/span>ered \u00e9s \u00f6sszefolyik a<span>\u00a0<\/span><strong>Krimmler Ache<\/strong><span>\u00a0<\/span>viz\u00e9vel. A Magas-Tauern ment\u00e9n, fels\u0151-pinzgaui \u00e9s pongaui ter\u00fcleteken \u00e1t folyik a<span>\u00a0<\/span><span>Salzburg<\/span>\u2013<span>Hallein<\/span>-i medenc\u00e9be \u00e9s Salzburgban gy\u0171jti mag\u00e1ba a Saalach viz\u00e9t. A<span>\u00a0<\/span><span>Salzach\u00a0<\/span>Braunaun\u00e1l torkollik a nyugatr\u00f3l j\u00f6v\u0151<span>\u00a0<\/span><span>Inn\u00a0<\/span>foly\u00f3ba.<span>\u00a0<\/span><strong>A<\/strong><span><strong>\u00a0<\/strong><\/span><span><strong>Salzach<\/strong><\/span><strong>\u00a0<\/strong><strong>a viz\u00e9n foly\u00f3<\/strong><span><strong>\u00a0<\/strong><\/span><span><strong>s\u00f3sz\u00e1ll\u00edt\u00e1s<\/strong><\/span><strong>r\u00f3l kapta mai nev\u00e9t<\/strong>. M\u00e9g a<span>\u00a0<\/span><span>XIX.\u00a0<\/span>sz\u00e1zadban is j\u00e1rtak rajta a<span>\u00a0<\/span><strong>s\u00f3sz\u00e1ll\u00edt\u00f3 haj\u00f3k<\/strong>.<\/p>\n<div id=\"attachment_5022\" style=\"width: 1180px\" class=\"wp-caption alignnone\"><img decoding=\"async\" aria-describedby=\"caption-attachment-5022\" class=\"size-1170_658 wp-image-5022\" src=\"https:\/\/cdn.salzburgerland.com\/hu\/wp-content\/uploads\/2017\/03\/-tvb-krimml-die-kraft-des-wassers-an-den-krimmler-wasserfaellen--1170x658.jpg\" alt=\"Krimmler Ache - A Krimmler Ache foly\u00f3\" width=\"1170\" height=\"658\" srcset=\"https:\/\/www.salzburgerland.com\/hu\/wp-content\/uploads\/2017\/03\/-tvb-krimml-die-kraft-des-wassers-an-den-krimmler-wasserfaellen--1170x658.jpg 1170w, https:\/\/www.salzburgerland.com\/hu\/wp-content\/uploads\/2017\/03\/-tvb-krimml-die-kraft-des-wassers-an-den-krimmler-wasserfaellen--1200x675.jpg 1200w\" sizes=\"(max-width: 1170px) 100vw, 1170px\"><p id=\"caption-attachment-5022\" class=\"wp-caption-text\">A Krimmler Ache foly\u00f3 nagy er\u0151vel utat t\u00f6r\u0151 vize t\u00e1pl\u00e1lja a h\u00e1roml\u00e9pcs\u0151s Krimmli-v\u00edzes\u00e9st \u00a9 TVB Krimml \u2013<\/p><\/div>\n<p>A leghosszabb ausztriai szakasz\u00fa foly\u00f3, az<span>\u00a0<\/span><span><strong>Enns<\/strong><\/span>\u00a0a Radstadti-Tauern hegys\u00e9gben, a Kraxenkogel l\u00e1bain\u00e1l ered. Az Altenmarkt-<span>Radstadt<\/span>-i medenc\u00e9ben hagyja el<span>\u00a0<\/span><span>Salzburg tartom\u00e1ny\u00a0<\/span>ter\u00fclet\u00e9t<span>\u00a0<\/span><span>St\u00e1jerorsz\u00e1g\u00a0<\/span>ir\u00e1ny\u00e1ba. \u00c9rdekes magyar vonatkoz\u00e1s, hogy az<span>\u00a0<\/span><span>Enns\u00a0<\/span>neve kapcsolatba hozhat\u00f3 a magyar n\u00e9pmes\u00e9kb\u0151l k\u00f6zismert<span>\u00a0<\/span><strong>\u201eaz<\/strong><span><strong>\u00a0<\/strong><\/span><span><strong>\u00d3perenci\u00e1s tenger<\/strong><\/span><strong>en is t\u00fal\u201d<\/strong>kifejez\u00e9ssel. A Magyar N\u00e9prajzi Lexikon egy 1846-os napl\u00f3b\u00f3l id\u00e9z:<span>\u00a0<\/span><strong>\u201eA mes\u00e9sh\u00edr\u0171 Oberenczi\u00e1n kereszt\u00fcl est\u00e9re M\u00f6lkbe \u00e9rt\u00fcnk.\u201d<\/strong><span>\u00a0<\/span>A bejegyz\u00e9s szerz\u0151je gasteini \u00fatj\u00e1ra utal \u00e9s ez is arra enged k\u00f6vetkeztetni, hogy az \u201e\u00f3perenci\u00e1s\u201d az\u00a0 \u201e\u00d6sterreich ob der<span>\u00a0<\/span><span>Enns<\/span>\u201d, (az<span>\u00a0<\/span><span>Enns\u00a0<\/span>foly\u00f3 f\u00f6l\u00f6tti<span>\u00a0<\/span><span>Ausztria<\/span>)<span>\u00a0<\/span><strong>f\u00e9lrehall\u00e1s\u00e1b\u00f3l<\/strong><span>\u00a0<\/span>keletkezett \u00e9s a valaha Welsben \u00e1llom\u00e1soz\u00f3 magyar\u00a0 katon\u00e1k a salzkammerguti tavakn\u00e1l sejtett\u00e9k az \u00d3perenci\u00e1s tengert.<\/p>\n<p>Fedezze fel a <a href=\"https:\/\/www.salzburgerland.com\/hu\/10-ajanlas-salzburg-tartomany-vizes-kirandulohelyei-kozul\/\"><strong>10 legjobb vizes programot<\/strong><\/a>, \u00e9s tudjon meg t\u00f6bbet a Salzburg tartom\u00e1ny vizeir\u0151l.<\/p>\n","protected":false},"excerpt":{"rendered":"<p>Az\u00a0\u0151stenger\u00a0\u00e9s a j\u00e9gkorszak maradv\u00e1nyai Ha t\u00f6bb milli\u00f3 \u00e9vvel visszaforgathatn\u00e1nk az id\u0151 kerek\u00e9t, hull\u00e1mz\u00f3\u00a0\u0151stengert\u00a0tal\u00e1ln\u00e1nk a mai z\u00f6ldell\u0151\u00a0alpesi\u00a0legel\u0151k \u00e9s legel\u00e9sz\u0151\u00a0tehenek\u00a0hely\u00e9n. A\u00a0Steinernes Meer\u00a0(K\u0151tenger) m\u00e9szk\u0151szikl\u00e1iban mind a mai napig\u00a0sz\u00e1mtalan megk\u00f6v\u00fclt kagyl\u00f3\u00a0fedezhet\u0151 fel. Jellegzetess\u00e9g\u00fck, hogy form\u00e1juk alapj\u00e1n\u00a0els\u0151 pillant\u00e1sra teh\u00e9nl\u00e1bnyomnak\u00a0n\u00e9zhetn\u00e9nk \u0151ket.\u00a0St. Martin bei Lofer geol\u00f3giai \u00e9lm\u00e9nyparkj\u00e1ban\u00a0megcsod\u00e1lhatjuk a\u00a0Megalodon-f\u00e9le kagyl\u00f3k\u00a0p\u00e9ld\u00e1nyait. A j\u00e9gkorszak idej\u00e9n\u00a0kb. egykilom\u00e9teres vastags\u00e1g\u00fa j\u00e9gp\u00e1nc\u00e9l\u00a0bor\u00edtotta a mai\u00a0Salzburg tartom\u00e1ny\u00a0ter\u00fclet\u00e9t. A\u00a0lass\u00fa mozg\u00e1s\u00fa gleccserfolyam\u00a0ereje alak\u00edtotta [&hellip;]<\/p>\n","protected":false},"author":21,"featured_media":11958,"comment_status":"closed","ping_status":"closed","sticky":false,"template":"","format":"standard","meta":{"_acf_changed":false,"wl_entities_gutenberg":"","_relevanssi_hide_post":"","_relevanssi_hide_content":"","_relevanssi_pin_for_all":"","_relevanssi_pin_keywords":"","_relevanssi_unpin_keywords":"","_relevanssi_related_keywords":"","_relevanssi_related_include_ids":"","_relevanssi_related_exclude_ids":"","_relevanssi_related_no_append":"","_relevanssi_related_not_related":"","_relevanssi_related_posts":"","_relevanssi_noindex_reason":"","footnotes":""},"categories":[1],"tags":[344,342,108,370],"wl_entity_type":[27],"class_list":["post-17625","post","type-post","status-publish","format-standard","has-post-thumbnail","hentry","category-uncategorized","tag-a-viz-tortenete","tag-folyok","tag-salzburg-tartomany","tag-tavak","wl_entity_type-article"],"acf":[],"yoast_head":"<!-- This site is optimized with the Yoast SEO Premium plugin v27.4 (Yoast SEO v27.4) - https:\/\/yoast.com\/product\/yoast-seo-premium-wordpress\/ -->\n<title>A v\u00edz t\u00f6rt\u00e9nete \u00bb SalzburgerLand.com<\/title>\n<meta name=\"description\" content=\"A v\u00edz t\u00f6rt\u00e9nete Salzburg tartom\u00e1nyban: a v\u00e9gtelen \u0151stengert\u0151l a rideg j\u00e9gkorszakon \u00e1t a vid\u00e1m ny\u00e1ri \u00fcd\u00fcl\u0151helyig.\" \/>\n<meta name=\"robots\" content=\"index, follow, max-snippet:-1, max-image-preview:large, max-video-preview:-1\" \/>\n<link rel=\"canonical\" href=\"https:\/\/www.salzburgerland.com\/hu\/a-viz-tortenete\/\" \/>\n<meta property=\"og:locale\" content=\"hu_HU\" \/>\n<meta property=\"og:type\" content=\"article\" \/>\n<meta property=\"og:title\" content=\"A v\u00edz t\u00f6rt\u00e9nete\" \/>\n<meta property=\"og:description\" content=\"Az\u00a0\u0151stenger\u00a0\u00e9s a j\u00e9gkorszak maradv\u00e1nyai Ha t\u00f6bb milli\u00f3 \u00e9vvel visszaforgathatn\u00e1nk az id\u0151 kerek\u00e9t, hull\u00e1mz\u00f3\u00a0\u0151stengert\u00a0tal\u00e1ln\u00e1nk a mai\" \/>\n<meta property=\"og:url\" content=\"https:\/\/www.salzburgerland.com\/hu\/a-viz-tortenete\/\" \/>\n<meta property=\"og:site_name\" content=\"SalzburgerLand.com\" \/>\n<meta property=\"article:publisher\" content=\"https:\/\/www.facebook.com\/visitsalzburgerland\/\" \/>\n<meta property=\"article:published_time\" content=\"2022-10-26T21:04:20+00:00\" \/>\n<meta property=\"article:modified_time\" content=\"2024-03-16T04:59:03+00:00\" \/>\n<meta property=\"og:image\" content=\"https:\/\/www.salzburgerland.com\/hu\/wp-content\/uploads\/2020\/03\/kreealmwasserfall-cwww-grossarltal-info_-1200x675.jpg\" \/>\n\t<meta property=\"og:image:width\" content=\"1200\" \/>\n\t<meta property=\"og:image:height\" content=\"675\" \/>\n\t<meta property=\"og:image:type\" content=\"image\/jpeg\" \/>\n<meta name=\"author\" content=\"Hajnalka K\u00e1di\" \/>\n<meta name=\"twitter:card\" content=\"summary_large_image\" \/>\n<meta name=\"twitter:creator\" content=\"@salzburgerland\" \/>\n<meta name=\"twitter:site\" content=\"@salzburgerland\" \/>\n<meta name=\"twitter:label1\" content=\"Szerz\u0151:\" \/>\n\t<meta name=\"twitter:data1\" content=\"Hajnalka K\u00e1di\" \/>\n\t<meta name=\"twitter:label2\" content=\"Becs\u00fclt olvas\u00e1si id\u0151\" \/>\n\t<meta name=\"twitter:data2\" content=\"8 perc\" \/>\n<script type=\"application\/ld+json\" class=\"yoast-schema-graph\">{\"@context\":\"https:\\\/\\\/schema.org\",\"@graph\":[{\"@type\":\"Article\",\"@id\":\"https:\\\/\\\/www.salzburgerland.com\\\/hu\\\/a-viz-tortenete\\\/#article\",\"isPartOf\":{\"@id\":\"https:\\\/\\\/www.salzburgerland.com\\\/hu\\\/a-viz-tortenete\\\/\"},\"author\":{\"name\":\"Hajnalka K\u00e1di\",\"@id\":\"https:\\\/\\\/www.salzburgerland.com\\\/hu\\\/#\\\/schema\\\/person\\\/e4905df070d9b3c52e1e4c730b26aa5a\"},\"headline\":\"A v\u00edz t\u00f6rt\u00e9nete\",\"datePublished\":\"2022-10-26T21:04:20+00:00\",\"dateModified\":\"2024-03-16T04:59:03+00:00\",\"mainEntityOfPage\":{\"@id\":\"https:\\\/\\\/www.salzburgerland.com\\\/hu\\\/a-viz-tortenete\\\/\"},\"wordCount\":1579,\"image\":{\"@id\":\"https:\\\/\\\/www.salzburgerland.com\\\/hu\\\/a-viz-tortenete\\\/#primaryimage\"},\"thumbnailUrl\":\"https:\\\/\\\/www.salzburgerland.com\\\/hu\\\/wp-content\\\/uploads\\\/2020\\\/03\\\/kreealmwasserfall-cwww-grossarltal-info_.jpg\",\"keywords\":[\"a v\u00edz t\u00f6rt\u00e9nete\",\"foly\u00f3k\",\"Salzburg tartom\u00e1ny\",\"tavak\"],\"articleSection\":[\"Uncategorized\"],\"inLanguage\":\"hu\"},{\"@type\":\"WebPage\",\"@id\":\"https:\\\/\\\/www.salzburgerland.com\\\/hu\\\/a-viz-tortenete\\\/\",\"url\":\"https:\\\/\\\/www.salzburgerland.com\\\/hu\\\/a-viz-tortenete\\\/\",\"name\":\"A v\u00edz t\u00f6rt\u00e9nete \u00bb SalzburgerLand.com\",\"isPartOf\":{\"@id\":\"https:\\\/\\\/www.salzburgerland.com\\\/hu\\\/#website\"},\"primaryImageOfPage\":{\"@id\":\"https:\\\/\\\/www.salzburgerland.com\\\/hu\\\/a-viz-tortenete\\\/#primaryimage\"},\"image\":{\"@id\":\"https:\\\/\\\/www.salzburgerland.com\\\/hu\\\/a-viz-tortenete\\\/#primaryimage\"},\"thumbnailUrl\":\"https:\\\/\\\/www.salzburgerland.com\\\/hu\\\/wp-content\\\/uploads\\\/2020\\\/03\\\/kreealmwasserfall-cwww-grossarltal-info_.jpg\",\"datePublished\":\"2022-10-26T21:04:20+00:00\",\"dateModified\":\"2024-03-16T04:59:03+00:00\",\"author\":{\"@id\":\"https:\\\/\\\/www.salzburgerland.com\\\/hu\\\/#\\\/schema\\\/person\\\/e4905df070d9b3c52e1e4c730b26aa5a\"},\"description\":\"A v\u00edz t\u00f6rt\u00e9nete Salzburg tartom\u00e1nyban: a v\u00e9gtelen \u0151stengert\u0151l a rideg j\u00e9gkorszakon \u00e1t a vid\u00e1m ny\u00e1ri \u00fcd\u00fcl\u0151helyig.\",\"breadcrumb\":{\"@id\":\"https:\\\/\\\/www.salzburgerland.com\\\/hu\\\/a-viz-tortenete\\\/#breadcrumb\"},\"inLanguage\":\"hu\",\"potentialAction\":[{\"@type\":\"ReadAction\",\"target\":[\"https:\\\/\\\/www.salzburgerland.com\\\/hu\\\/a-viz-tortenete\\\/\"]}]},{\"@type\":\"ImageObject\",\"inLanguage\":\"hu\",\"@id\":\"https:\\\/\\\/www.salzburgerland.com\\\/hu\\\/a-viz-tortenete\\\/#primaryimage\",\"url\":\"https:\\\/\\\/www.salzburgerland.com\\\/hu\\\/wp-content\\\/uploads\\\/2020\\\/03\\\/kreealmwasserfall-cwww-grossarltal-info_.jpg\",\"contentUrl\":\"https:\\\/\\\/www.salzburgerland.com\\\/hu\\\/wp-content\\\/uploads\\\/2020\\\/03\\\/kreealmwasserfall-cwww-grossarltal-info_.jpg\",\"width\":1200,\"height\":800,\"caption\":\"A Kreealm v\u00edzes\u00e9s k\u00f6nnyen megk\u00f6zel\u00edthet\u0151 gyalog is. \u00a9 www.grossarltal.info\"},{\"@type\":\"BreadcrumbList\",\"@id\":\"https:\\\/\\\/www.salzburgerland.com\\\/hu\\\/a-viz-tortenete\\\/#breadcrumb\",\"itemListElement\":[{\"@type\":\"ListItem\",\"position\":1,\"name\":\"Pezsg\u0151 vagy mentes\",\"item\":\"https:\\\/\\\/www.salzburgerland.com\\\/hu\\\/viz-viz-viz\\\/\"},{\"@type\":\"ListItem\",\"position\":2,\"name\":\"A v\u00edz t\u00f6rt\u00e9nete\"}]},{\"@type\":\"WebSite\",\"@id\":\"https:\\\/\\\/www.salzburgerland.com\\\/hu\\\/#website\",\"url\":\"https:\\\/\\\/www.salzburgerland.com\\\/hu\\\/\",\"name\":\"SalzburgerLand.com\",\"description\":\"\u00dcd\u00fcl\u00e9s Ausztri\u00e1ban, Salzburg tartom\u00e1nyban\",\"potentialAction\":[{\"@type\":\"SearchAction\",\"target\":{\"@type\":\"EntryPoint\",\"urlTemplate\":\"https:\\\/\\\/www.salzburgerland.com\\\/hu\\\/?s={search_term_string}\"},\"query-input\":{\"@type\":\"PropertyValueSpecification\",\"valueRequired\":true,\"valueName\":\"search_term_string\"}}],\"inLanguage\":\"hu\"},{\"@type\":\"Person\",\"@id\":\"https:\\\/\\\/www.salzburgerland.com\\\/hu\\\/#\\\/schema\\\/person\\\/e4905df070d9b3c52e1e4c730b26aa5a\",\"name\":\"Hajnalka K\u00e1di\",\"image\":{\"@type\":\"ImageObject\",\"inLanguage\":\"hu\",\"@id\":\"https:\\\/\\\/secure.gravatar.com\\\/avatar\\\/e8c1eecf3b2c49d295cebc6aba0de06d13ec77aa0cf9ccec32725949011b69d2?s=96&d=mm&r=g\",\"url\":\"https:\\\/\\\/secure.gravatar.com\\\/avatar\\\/e8c1eecf3b2c49d295cebc6aba0de06d13ec77aa0cf9ccec32725949011b69d2?s=96&d=mm&r=g\",\"contentUrl\":\"https:\\\/\\\/secure.gravatar.com\\\/avatar\\\/e8c1eecf3b2c49d295cebc6aba0de06d13ec77aa0cf9ccec32725949011b69d2?s=96&d=mm&r=g\",\"caption\":\"Hajnalka K\u00e1di\"}}]}<\/script>\n<meta property=\"og:video\" content=\"https:\/\/www.youtube.com\/embed\/--b3fA_U7do\" \/>\n<meta property=\"og:video:type\" content=\"text\/html\" \/>\n<meta property=\"og:video:duration\" content=\"69\" \/>\n<meta property=\"og:video:width\" content=\"480\" \/>\n<meta property=\"og:video:height\" content=\"270\" \/>\n<meta property=\"ya:ovs:adult\" content=\"false\" \/>\n<meta property=\"ya:ovs:upload_date\" content=\"2022-10-26T21:04:20+00:00\" \/>\n<meta property=\"ya:ovs:allow_embed\" content=\"true\" \/>\n<!-- \/ Yoast SEO Premium plugin. -->","yoast_head_json":{"title":"A v\u00edz t\u00f6rt\u00e9nete \u00bb SalzburgerLand.com","description":"A v\u00edz t\u00f6rt\u00e9nete Salzburg tartom\u00e1nyban: a v\u00e9gtelen \u0151stengert\u0151l a rideg j\u00e9gkorszakon \u00e1t a vid\u00e1m ny\u00e1ri \u00fcd\u00fcl\u0151helyig.","robots":{"index":"index","follow":"follow","max-snippet":"max-snippet:-1","max-image-preview":"max-image-preview:large","max-video-preview":"max-video-preview:-1"},"canonical":"https:\/\/www.salzburgerland.com\/hu\/a-viz-tortenete\/","og_locale":"hu_HU","og_type":"article","og_title":"A v\u00edz t\u00f6rt\u00e9nete","og_description":"Az\u00a0\u0151stenger\u00a0\u00e9s a j\u00e9gkorszak maradv\u00e1nyai Ha t\u00f6bb milli\u00f3 \u00e9vvel visszaforgathatn\u00e1nk az id\u0151 kerek\u00e9t, hull\u00e1mz\u00f3\u00a0\u0151stengert\u00a0tal\u00e1ln\u00e1nk a mai","og_url":"https:\/\/www.salzburgerland.com\/hu\/a-viz-tortenete\/","og_site_name":"SalzburgerLand.com","article_publisher":"https:\/\/www.facebook.com\/visitsalzburgerland\/","article_published_time":"2022-10-26T21:04:20+00:00","article_modified_time":"2024-03-16T04:59:03+00:00","og_image":[{"width":1200,"height":675,"url":"https:\/\/www.salzburgerland.com\/hu\/wp-content\/uploads\/2020\/03\/kreealmwasserfall-cwww-grossarltal-info_-1200x675.jpg","type":"image\/jpeg"}],"author":"Hajnalka K\u00e1di","twitter_card":"summary_large_image","twitter_creator":"@salzburgerland","twitter_site":"@salzburgerland","twitter_misc":{"Szerz\u0151:":"Hajnalka K\u00e1di","Becs\u00fclt olvas\u00e1si id\u0151":"8 perc"},"schema":{"@context":"https:\/\/schema.org","@graph":[{"@type":"Article","@id":"https:\/\/www.salzburgerland.com\/hu\/a-viz-tortenete\/#article","isPartOf":{"@id":"https:\/\/www.salzburgerland.com\/hu\/a-viz-tortenete\/"},"author":{"name":"Hajnalka K\u00e1di","@id":"https:\/\/www.salzburgerland.com\/hu\/#\/schema\/person\/e4905df070d9b3c52e1e4c730b26aa5a"},"headline":"A v\u00edz t\u00f6rt\u00e9nete","datePublished":"2022-10-26T21:04:20+00:00","dateModified":"2024-03-16T04:59:03+00:00","mainEntityOfPage":{"@id":"https:\/\/www.salzburgerland.com\/hu\/a-viz-tortenete\/"},"wordCount":1579,"image":{"@id":"https:\/\/www.salzburgerland.com\/hu\/a-viz-tortenete\/#primaryimage"},"thumbnailUrl":"https:\/\/www.salzburgerland.com\/hu\/wp-content\/uploads\/2020\/03\/kreealmwasserfall-cwww-grossarltal-info_.jpg","keywords":["a v\u00edz t\u00f6rt\u00e9nete","foly\u00f3k","Salzburg tartom\u00e1ny","tavak"],"articleSection":["Uncategorized"],"inLanguage":"hu"},{"@type":"WebPage","@id":"https:\/\/www.salzburgerland.com\/hu\/a-viz-tortenete\/","url":"https:\/\/www.salzburgerland.com\/hu\/a-viz-tortenete\/","name":"A v\u00edz t\u00f6rt\u00e9nete \u00bb SalzburgerLand.com","isPartOf":{"@id":"https:\/\/www.salzburgerland.com\/hu\/#website"},"primaryImageOfPage":{"@id":"https:\/\/www.salzburgerland.com\/hu\/a-viz-tortenete\/#primaryimage"},"image":{"@id":"https:\/\/www.salzburgerland.com\/hu\/a-viz-tortenete\/#primaryimage"},"thumbnailUrl":"https:\/\/www.salzburgerland.com\/hu\/wp-content\/uploads\/2020\/03\/kreealmwasserfall-cwww-grossarltal-info_.jpg","datePublished":"2022-10-26T21:04:20+00:00","dateModified":"2024-03-16T04:59:03+00:00","author":{"@id":"https:\/\/www.salzburgerland.com\/hu\/#\/schema\/person\/e4905df070d9b3c52e1e4c730b26aa5a"},"description":"A v\u00edz t\u00f6rt\u00e9nete Salzburg tartom\u00e1nyban: a v\u00e9gtelen \u0151stengert\u0151l a rideg j\u00e9gkorszakon \u00e1t a vid\u00e1m ny\u00e1ri \u00fcd\u00fcl\u0151helyig.","breadcrumb":{"@id":"https:\/\/www.salzburgerland.com\/hu\/a-viz-tortenete\/#breadcrumb"},"inLanguage":"hu","potentialAction":[{"@type":"ReadAction","target":["https:\/\/www.salzburgerland.com\/hu\/a-viz-tortenete\/"]}]},{"@type":"ImageObject","inLanguage":"hu","@id":"https:\/\/www.salzburgerland.com\/hu\/a-viz-tortenete\/#primaryimage","url":"https:\/\/www.salzburgerland.com\/hu\/wp-content\/uploads\/2020\/03\/kreealmwasserfall-cwww-grossarltal-info_.jpg","contentUrl":"https:\/\/www.salzburgerland.com\/hu\/wp-content\/uploads\/2020\/03\/kreealmwasserfall-cwww-grossarltal-info_.jpg","width":1200,"height":800,"caption":"A Kreealm v\u00edzes\u00e9s k\u00f6nnyen megk\u00f6zel\u00edthet\u0151 gyalog is. \u00a9 www.grossarltal.info"},{"@type":"BreadcrumbList","@id":"https:\/\/www.salzburgerland.com\/hu\/a-viz-tortenete\/#breadcrumb","itemListElement":[{"@type":"ListItem","position":1,"name":"Pezsg\u0151 vagy mentes","item":"https:\/\/www.salzburgerland.com\/hu\/viz-viz-viz\/"},{"@type":"ListItem","position":2,"name":"A v\u00edz t\u00f6rt\u00e9nete"}]},{"@type":"WebSite","@id":"https:\/\/www.salzburgerland.com\/hu\/#website","url":"https:\/\/www.salzburgerland.com\/hu\/","name":"SalzburgerLand.com","description":"\u00dcd\u00fcl\u00e9s Ausztri\u00e1ban, Salzburg tartom\u00e1nyban","potentialAction":[{"@type":"SearchAction","target":{"@type":"EntryPoint","urlTemplate":"https:\/\/www.salzburgerland.com\/hu\/?s={search_term_string}"},"query-input":{"@type":"PropertyValueSpecification","valueRequired":true,"valueName":"search_term_string"}}],"inLanguage":"hu"},{"@type":"Person","@id":"https:\/\/www.salzburgerland.com\/hu\/#\/schema\/person\/e4905df070d9b3c52e1e4c730b26aa5a","name":"Hajnalka K\u00e1di","image":{"@type":"ImageObject","inLanguage":"hu","@id":"https:\/\/secure.gravatar.com\/avatar\/e8c1eecf3b2c49d295cebc6aba0de06d13ec77aa0cf9ccec32725949011b69d2?s=96&d=mm&r=g","url":"https:\/\/secure.gravatar.com\/avatar\/e8c1eecf3b2c49d295cebc6aba0de06d13ec77aa0cf9ccec32725949011b69d2?s=96&d=mm&r=g","contentUrl":"https:\/\/secure.gravatar.com\/avatar\/e8c1eecf3b2c49d295cebc6aba0de06d13ec77aa0cf9ccec32725949011b69d2?s=96&d=mm&r=g","caption":"Hajnalka K\u00e1di"}}]},"og_video":"https:\/\/www.youtube.com\/embed\/--b3fA_U7do","og_video_type":"text\/html","og_video_duration":"69","og_video_width":"480","og_video_height":"270","ya_ovs_adult":"false","ya_ovs_upload_date":"2022-10-26T21:04:20+00:00","ya_ovs_allow_embed":"true"},"_wl_alt_label":[],"wl:entity_url":"http:\/\/open.salzburgerland.com\/hu\/post\/a-viz-tortenete-17625","_links":{"self":[{"href":"https:\/\/www.salzburgerland.com\/hu\/wp-json\/wp\/v2\/posts\/17625","targetHints":{"allow":["GET"]}}],"collection":[{"href":"https:\/\/www.salzburgerland.com\/hu\/wp-json\/wp\/v2\/posts"}],"about":[{"href":"https:\/\/www.salzburgerland.com\/hu\/wp-json\/wp\/v2\/types\/post"}],"author":[{"embeddable":true,"href":"https:\/\/www.salzburgerland.com\/hu\/wp-json\/wp\/v2\/users\/21"}],"replies":[{"embeddable":true,"href":"https:\/\/www.salzburgerland.com\/hu\/wp-json\/wp\/v2\/comments?post=17625"}],"version-history":[{"count":5,"href":"https:\/\/www.salzburgerland.com\/hu\/wp-json\/wp\/v2\/posts\/17625\/revisions"}],"predecessor-version":[{"id":21165,"href":"https:\/\/www.salzburgerland.com\/hu\/wp-json\/wp\/v2\/posts\/17625\/revisions\/21165"}],"wp:featuredmedia":[{"embeddable":true,"href":"https:\/\/www.salzburgerland.com\/hu\/wp-json\/wp\/v2\/media\/11958"}],"wp:attachment":[{"href":"https:\/\/www.salzburgerland.com\/hu\/wp-json\/wp\/v2\/media?parent=17625"}],"wp:term":[{"taxonomy":"category","embeddable":true,"href":"https:\/\/www.salzburgerland.com\/hu\/wp-json\/wp\/v2\/categories?post=17625"},{"taxonomy":"post_tag","embeddable":true,"href":"https:\/\/www.salzburgerland.com\/hu\/wp-json\/wp\/v2\/tags?post=17625"},{"taxonomy":"wl_entity_type","embeddable":true,"href":"https:\/\/www.salzburgerland.com\/hu\/wp-json\/wp\/v2\/wl_entity_type?post=17625"}],"curies":[{"name":"wp","href":"https:\/\/api.w.org\/{rel}","templated":true}]}}