{"id":16361,"date":"2022-08-07T16:52:18","date_gmt":"2022-08-07T14:52:18","guid":{"rendered":"https:\/\/www.salzburgerland.com\/hu\/?p=16361"},"modified":"2022-11-15T14:15:59","modified_gmt":"2022-11-15T13:15:59","slug":"salzburgi-lungau-loveszverseny-a-prebersee-tonal","status":"publish","type":"post","link":"https:\/\/www.salzburgerland.com\/hu\/salzburgi-lungau-loveszverseny-a-prebersee-tonal\/","title":{"rendered":"L\u00f6v\u00e9szverseny a Prebersee t\u00f3n\u00e1l"},"content":{"rendered":"<h4>L\u00e1gy, s\u00f6t\u00e9t, nyugodt\u2026<\/h4>\n<p>Az egyik legenda szerint (a sok k\u00f6z\u00fcl) a t\u00f3 k\u00fcl\u00f6nleges tulajdons\u00e1g\u00e1t egy <strong>kacsavad\u00e1szat<\/strong> k\u00f6zben elhib\u00e1zott l\u00f6v\u00e9s k\u00f6vetkezt\u00e9ben fedezt\u00e9k fel. A <strong><a href=\"https:\/\/www.salzburgerland.com\/hu\/salzburgi-lungau-nyar\/\">Salzburgi Lungau<\/a><\/strong> r\u00e9gi\u00f3j\u00e1ban fekv\u0151 Prebersee t\u00f3 viz\u00e9nek magas szervesanyag-tartalma \u00e9s magas fizikai s\u0171r\u0171s\u00e9ge miatt a l\u00f6ved\u00e9kek a v\u00edz felsz\u00edn\u00e9re \u00e9rve nem s\u00fcllyednek el, csak egy kb. 3 cm-es m\u00e9ly nyomot hagy a v\u00edzben, amelyr\u0151l azt\u00e1n visszapattannak. Ezt a visszapattan\u00e1st a l\u00f6v\u00e9szek <strong>\u201egellernek\u201d<\/strong> nevezik, melyet sz\u00e1nd\u00e9kosan pr\u00f3b\u00e1lnak el\u00e9rni Prebersee t\u00f3n\u00e1l megrendezett Preberschie\u00dfen l\u00f6v\u00e9szverseny sor\u00e1n. A l\u00e1pi t\u00f3 l\u00e1gy vize a legjobb felt\u00e9teleket k\u00edn\u00e1lja ehhez, \u00e9s a t\u00f3 s\u00f6t\u00e9t sz\u00edn\u00e9nek k\u00f6sz\u00f6nhet\u0151en sz\u00e9lcsend eset\u00e9n j\u00f3l l\u00e1that\u00f3 a t\u00fckr\u00f6z\u0151d\u00e9s.<\/p>\n<div id=\"attachment_17128\" style=\"width: 1180px\" class=\"wp-caption alignnone\"><img decoding=\"async\" aria-describedby=\"caption-attachment-17128\" class=\"size-1170_658 wp-image-17128\" src=\"https:\/\/cdn.salzburgerland.com\/hu\/wp-content\/uploads\/2022\/08\/prebersee-tamsweg-salzburger-lungau-1-1170x658.jpg\" alt=\"A Salzburgi Lungau r\u00e9gi\u00f3j\u00e1ban tal\u00e1lhat\u00f3 a mozdulatlan, t\u00fck\u00f6rsima Prebersee t\u00f3.\" width=\"1170\" height=\"658\" srcset=\"https:\/\/www.salzburgerland.com\/hu\/wp-content\/uploads\/2022\/08\/prebersee-tamsweg-salzburger-lungau-1-1170x658.jpg 1170w, https:\/\/www.salzburgerland.com\/hu\/wp-content\/uploads\/2022\/08\/prebersee-tamsweg-salzburger-lungau-1-1200x675.jpg 1200w\" sizes=\"(max-width: 1170px) 100vw, 1170px\"><p id=\"caption-attachment-17128\" class=\"wp-caption-text\">A Salzburgi Lungau r\u00e9gi\u00f3j\u00e1ban tal\u00e1lhat\u00f3 a mozdulatlan, t\u00fck\u00f6rsima Prebersee t\u00f3 \u00a9 Salzburger Lungau<\/p><\/div>\n<h4>T\u00fckr\u00f6m, t\u00fckr\u00f6m\u2026<\/h4>\n<p>A Salzburgi Lungau r\u00e9gi\u00f3j\u00e1ban \u00e9vek \u00f3ta megrendez\u00e9sre ker\u00fcl\u0151 <strong><a href=\"https:\/\/www.lungau.at\/en\/typically-lungaul1\/folk-heritage\/water-shoot\/\" target=\"_blank\" rel=\"noopener\">Preberschie\u00dfen l\u00f6v\u00e9szverseny<\/a><\/strong> eset\u00e9ben a Grimm testv\u00e9rek sokat id\u00e9zett t\u00fckre nem a falon l\u00f3g, hanem a v\u00edzen ter\u00fcl el, a <strong>120 m\u00e9terre<\/strong> tal\u00e1lhat\u00f3 c\u00e9lpont krist\u00e1lytiszta t\u00fck\u00f6rk\u00e9pek\u00e9nt. A c\u00e9l pontosan ez a t\u00fck\u00f6rk\u00e9p, \u00e9s a t\u00f6k\u00e9letes \u201egeller\u201d nem a legszebb mesebeli hercegn\u0151t, hanem <strong>az eg\u00e9sz orsz\u00e1g legjobb l\u00f6v\u00e9sz\u00e9t<\/strong> hat\u00e1rozza meg. M\u00e9g maga <strong>Walt Disney<\/strong> is elutazott a Salzburgi Lungau-ba 1957-ben, hogy filmet forgasson a <strong>Preberschie\u00dfen-r\u0151l<\/strong>. Ott tart\u00f3zkod\u00e1sa alatt a tavat is r\u00e9szletesen felm\u00e9rte \u00e9s megvizsg\u00e1lta, hogy felfedje a titkot, \u00e9s a t\u00f6rt\u00e9netek szerint Amerik\u00e1ban \u00fajra megteremtse a jelens\u00e9get. Hi\u00e1ba! A <strong>Prebersee<\/strong> ugyanis kis szomsz\u00e9dj\u00e1val, a st\u00e1jer <strong>Schattensee-vel<\/strong> (mellyel \u00e1ll\u00edt\u00f3lag f\u00f6ldalatti \u00f6sszek\u00f6ttet\u00e9sben van) egy\u00fctt m\u00e9g mindig egyed\u00fcl\u00e1ll\u00f3nak sz\u00e1m\u00edt.<\/p>\n<h4>Indul\u00e1s a l\u0151t\u00e9rre<\/h4>\n<p>A Prebersee t\u00f3 els\u0151 c\u00e9lt\u00e1bl\u00e1ja <strong>1834-b\u0151l<\/strong> sz\u00e1rmazik, \u00e9s val\u00f3sz\u00edn\u0171leg ennek az egyed\u00fcl\u00e1ll\u00f3 v\u00edzi c\u00e9ll\u00f6v\u00e9szetnek a kezdet\u00e9t is dokument\u00e1lja. A l\u00f6v\u00e9szetet hagyom\u00e1nyosan a <strong>Prebersee tavi l\u00f6v\u00e9szegyes\u00fclet<\/strong> (Sch\u00fctzengemeinschaft der private Schie\u00dfst\u00e4tte Tamsweg\/Prebersee) szervezi augusztus harmadik h\u00e9tv\u00e9g\u00e9j\u00e9n. <strong>Peter Kr\u00f6ll<\/strong>-lel kora reggel tal\u00e1lkozom a t\u00f3n\u00e1l. Telefonon akartam megtudni, hogy mir\u0151l ismerem fel, mire a v\u00e1lasz: \u201e\u00c9n vagyok az, akinek a sapk\u00e1j\u00e1n szarvasszak\u00e1ll van!\u201d<\/p>\n<p>Ahogy teh\u00e1t az els\u0151 l\u00f6v\u00e9szeti nap reggel\u00e9n k\u00f6zeledem a t\u00f3hoz, nemcsak a mozdulatlan t\u00f3 hihetetlen t\u00fckr\u00f6z\u0151d\u00e9s\u00e9t \u00e9s a \u201eVigy\u00e1zat, \u00e9letvesz\u00e9ly!\u201d figyelmeztet\u0151 t\u00e1bl\u00e1kat veszem \u00e9szre, hanem \u2013 hogy is sz\u00e1m\u00edthattam volna m\u00e1sra \u2013 a sok hagyom\u00e1nyos \u00f6lt\u00f6zet\u0171, kalapos, szarvasszak\u00e1llas f\u00e9rfit is. Egy igazi <strong>Prebersee tavi l\u00f6v\u00e9sz<\/strong> csak kalapban megy a l\u0151t\u00e9rre. De Peter Kr\u00f6ll, a l\u00f6v\u00e9szegyes\u00fclet eln\u00f6ks\u00e9gi tagja gyorsan r\u00e1m tal\u00e1lt, \u00e9s elvitt a t\u00f3 t\u00faloldal\u00e1n l\u00e9v\u0151 c\u00e9lpontokhoz.<\/p>\n<div id=\"attachment_16454\" style=\"width: 1144px\" class=\"wp-caption alignnone\"><img decoding=\"async\" aria-describedby=\"caption-attachment-16454\" class=\"size-1170_658 wp-image-16454\" src=\"https:\/\/cdn.salzburgerland.com\/hu\/wp-content\/uploads\/2022\/08\/preberschutzen-zunftige-tracht-hut-hirschbart-1134x658.jpg\" alt=\"Egy igazi Prebersee tavi l\u00f6v\u00e9sz csak hagyom\u00e1nyos viseletben, kalapban \u00e9s szarvasszak\u00e1llal megy a l\u0151t\u00e9rre.\u00a0\" width=\"1134\" height=\"658\"><p id=\"caption-attachment-16454\" class=\"wp-caption-text\">Egy igazi Prebersee tavi l\u00f6v\u00e9sz csak hagyom\u00e1nyos viseletben, kalapban \u00e9s szarvasszak\u00e1llal megy a l\u0151t\u00e9rre. \u00a9 SalzburgerLand Tourismus, Edith Danzer<\/p><\/div>\n<h4>Kan\u00e1l lenget\u00e9s egy hal\u00e9rt<\/h4>\n<p>A tapasztalt c\u00e9ll\u00f6v\u0151k \u00e9s az betan\u00edtott fiatalok, akik a tal\u00e1latok bemutat\u00e1s\u00e1val keresnek egy kis zsebp\u00e9nzt, j\u00f3l v\u00e9dve b\u00fajnak a c\u00e9lt\u00e1bl\u00e1k m\u00f6g\u00f6tt. Nem k\u00f6nny\u0171 p\u00e9nz, k\u00f6r\u00fclbel\u00fcl <strong>200 c\u00e9ll\u00f6v\u0151vel<\/strong>. Minden l\u00f6v\u00e9s ut\u00e1n a c\u00e9lt\u00e1bl\u00e1t k\u00e9zzel kell visszah\u00fazni, \u00e9s a tal\u00e1latot meg kell jel\u00f6lni. Ha nincs \u00faj tal\u00e1lat a c\u00e9lt\u00e1bl\u00e1n, a v\u00edz elnyelte a goly\u00f3t, \u00e9s a piros <strong>tal\u00e1latjelz\u0151 kan\u00e1llal \u201ehalat\u201d<\/strong> jelezve intenek. Ha a goly\u00f3 c\u00e9lba \u00e9r, a l\u00f6v\u00e9sznek a kan\u00e1llal megmutatj\u00e1k a c\u00e9lt\u00e1bl\u00e1n a tal\u00e1lat poz\u00edci\u00f3j\u00e1t is.<\/p>\n<p>Ha a l\u00f6v\u00e9sz a 7 cm \u00e1tm\u00e9r\u0151j\u0171 bels\u0151 k\u00f6rt, a <strong>\u201eBlattl\u201d-t<\/strong> tal\u00e1lja el, a c\u00e9lt\u00e1bl\u00e1n\u00e1l csengetnek, \u00e9s a szerencs\u00e9s versenyz\u0151 egy kis piros jelv\u00e9nyt kap, amelyet a kalapj\u00e1ra t\u0171zhet. Egy <strong>boszork\u00e1ny<\/strong> jelenik meg a kan\u00e1l helyett, ha valaki a legbels\u0151 1 cm \u00e1tm\u00e9r\u0151j\u0171 k\u00f6rt tal\u00e1lja el. Egy boszork\u00e1ny\u00e9rt a l\u00f6v\u00e9sz megkapja az ez\u00fcst <strong>boszork\u00e1ny kit\u0171z\u0151t<\/strong> a kalapj\u00e1ra. Ha egy napon t\u00f6bb boszork\u00e1ny is van, akkor megm\u00e9rik, hogy ki tal\u00e1lta el a kis k\u00f6rt a legpontosabban.\u201d<\/p>\n<h4>Eur\u00f3pa minden t\u00e1j\u00e1r\u00f3l \u00e9rkeznek l\u00f6v\u00e9szek<\/h4>\n<p>De most m\u00e1r sietn\u00fcnk kell vissza a l\u00f6v\u00e9sz\u00e1ll\u00e1sba, mert mindj\u00e1rt 8 \u00f3ra \u00e9s hamarosan a kiskaliber\u0171 goly\u00f3k fognak f\u00fcty\u00fclni a tavon. A fel\u00faj\u00edtott <strong>l\u00f6v\u00e9szh\u00e1z<\/strong> melegs\u00e9get \u00e9s otthonoss\u00e1got sug\u00e1roz, \u00e9s sz\u00e1mtalan <strong>d\u00edszes c\u00e9lt\u00e1bla <\/strong>\u00e9kes\u00edti. Sok k\u00f6z\u00fcl\u00fck Peter Kr\u00f6ll munk\u00e1ja, aki nemcsak j\u00f3 l\u00f6v\u00e9sz, hanem tehets\u00e9ges m\u0171v\u00e9sz is. Ek\u00f6zben Ausztria minden r\u00e9sz\u00e9r\u0151l tolonganak a r\u00e9sztvev\u0151k k\u00f6r\u00fcl\u00f6tt\u00fcnk. M\u00e9g <strong>finnek<\/strong>, <strong>n\u00e9metek<\/strong>, <strong>olaszok<\/strong> \u00e9s <strong>hollandok<\/strong> is elutaztak a nagy l\u00f6v\u00e9szversenyre.<\/p>\n<div id=\"attachment_16460\" style=\"width: 766px\" class=\"wp-caption alignnone\"><img decoding=\"async\" aria-describedby=\"caption-attachment-16460\" class=\"size-1170_658 wp-image-16460\" src=\"https:\/\/cdn.salzburgerland.com\/hu\/wp-content\/uploads\/2022\/08\/zieler-loffel-fisch-preberschiesen-salzburger-lungau-756x658.jpg\" alt=\"A piros c\u00e9lkanalat a hal jelz\u00e9s\u00e9re haszn\u00e1lj\u00e1k, ha a v\u00edz elnyeli a kil\u0151tt goly\u00f3t.\u00a0\" width=\"756\" height=\"658\"><p id=\"caption-attachment-16460\" class=\"wp-caption-text\">A piros c\u00e9lkanalat a hal jelz\u00e9s\u00e9re haszn\u00e1lj\u00e1k, amikor a goly\u00f3 nem tal\u00e1lta el a c\u00e9lt\u00e1bl\u00e1t, mert a v\u00edz elnyelte a goly\u00f3t. \u00a9 SalzburgerLand Tourismus, Edith Danzer<\/p><\/div>\n<h4>Arany boszork\u00e1nyok a kalapon<\/h4>\n<p>Egy hangos d\u00edszl\u00f6v\u00e9s nyitja meg az els\u0151 l\u0151napot, \u00e9s am\u00edg Peter Kr\u00f6ll maga is megragadja a kiskaliber\u0171 pusk\u00e1t, addig \u00e9n a f\u0151 mesterl\u00f6v\u00e9sszel <strong>Heimo Waibl-lal<\/strong> k\u00e9nyelmesen elhelyezkedem a napon. T\u00f6bb mint 45 \u00e9ve tagja a Salzburgi Lungau r\u00e9gi\u00f3j\u00e1ban m\u0171k\u00f6d\u0151 Prebersee tavi l\u00f6v\u00e9szegyes\u00fcletnek, 2005 \u00f3ta f\u0151 mesterl\u00f6v\u00e9sz, \u00e9s tavaly \u00f3ta az \u201e<strong>Aranyboszork\u00e1ny\u201d<\/strong> (<strong>Goldene Hex)<\/strong> jelv\u00e9nyt is viseli a kalapj\u00e1n, annak jel\u00e9\u00fcl, hogy \u0151 a Prebersee t\u00f3n\u00e1l rendezett Preberschie\u00dfen l\u00f6v\u00e9szverseny gy\u0151ztese. \u201eAp\u00e1m is lelkes l\u00f6v\u00e9sz volt, akkoriban \u00edrnokk\u00e9nt vettem r\u00e9szt a Preberschie\u00dfen-en. A v\u00edzi c\u00e9ll\u00f6v\u00e9szetben egy kis tud\u00e1s, de m\u00e9g t\u00f6bb szerencse kell ahhoz, hogy eltal\u00e1ld a c\u00e9lt. Ezen az esem\u00e9nyen <strong>nemcsak a tagok pr\u00f3b\u00e1lhatj\u00e1k ki a c\u00e9ll\u00f6v\u00e9szetet<\/strong> a t\u00fckr\u00f6z\u0151d\u00e9sen.\u201d<\/p>\n<h4>Versenyre fel!<\/h4>\n<p>Mik\u00f6zben a h\u00e1tt\u00e9rben a l\u00f6v\u00e9sek \u00e9s id\u0151nk\u00e9nt a v\u00e1rva v\u00e1rt harangz\u00fag\u00e1s hallatszanak, egyre t\u00f6bb l\u00f6v\u00e9sz \u00e1ramlik be a k\u00f6zeli parkol\u00f3b\u00f3l. \u201eMa <strong>ide\u00e1lisak a k\u00f6r\u00fclm\u00e9nyek<\/strong> \u2013 gy\u00f6ny\u00f6r\u0171 t\u00fckr\u00f6z\u0151d\u00e9s, sz\u00e9lcsend \u00e9s torz\u00edt\u00e1s n\u00e9lk\u00fcl. \u00dagy n\u00e9z ki, hogy id\u00e9n rekordsz\u00e1m\u00fa r\u00e9sztvev\u0151nk lesz\u201d \u2013 mondja\u00a0 Heimo Waibl-lal, \u00e9s megk\u00e9rdezi, hogy <strong>nem akarok-e \u00e9n is szerencs\u00e9t pr\u00f3b\u00e1lni<\/strong>. Persze, hogy akarok.<\/p>\n<p>A regisztr\u00e1l\u00e1sn\u00e1l megkapom a jegyeket a l\u00f6v\u00e9szethez \u00e9s a mun\u00edci\u00f3t \u00f6sszesen <strong>45 l\u00f6v\u00e9shez<\/strong> \u2013 5 gyakorl\u00e1sra, 20 k\u00eds\u00e9rlet a mozdulatlan c\u00e9lt\u00e1bl\u00e1ra \u00e9s 20 l\u00f6v\u00e9s a v\u00edzi c\u00e9lt\u00e1bl\u00e1ra. Am\u00edg az id\u0151pontomra v\u00e1rok, \u00e1tn\u00e9zek a gyakorlott l\u00f6v\u00e9szek f\u00f6l\u00f6tt, h\u00e1tha el tudok lesni valami hasznosat. <strong>Peter Kr\u00f6ll<\/strong> m\u00e9g mindig a l\u0151t\u00e9ren \u00e1ll, \u00e9s nem el\u00e9gedett: \u201eMa nem j\u00f6n \u00f6ssze a <strong>\u201eBlattl\u201d<\/strong>. Val\u00f3sz\u00edn\u0171leg t\u00fal sz\u00e9p nekem ma a t\u00fckr\u00f6z\u0151d\u00e9s.\u201d \u201eNyolc, balra, fel\u201d \u2013 jelenti az \u00edrnok, leford\u00edtva nekem a jeleket, amiket a m\u00e1sik parton l\u00e9v\u0151 piros kan\u00e1llal jeleznek.<\/p>\n<div id=\"attachment_16462\" style=\"width: 1144px\" class=\"wp-caption alignnone\"><img decoding=\"async\" aria-describedby=\"caption-attachment-16462\" class=\"size-1170_658 wp-image-16462\" src=\"https:\/\/cdn.salzburgerland.com\/hu\/wp-content\/uploads\/2022\/08\/goldene-hexe-hut-preberschiesen-salzburger-lungau-1134x658.jpg\" alt=\"Az aranyboszork\u00e1nyt a legjobb l\u00f6v\u0151 kapja a Preberschie\u00dfen l\u00f6v\u00e9szverseny v\u00e9g\u00e9n.\u00a0\" width=\"1134\" height=\"658\"><p id=\"caption-attachment-16462\" class=\"wp-caption-text\">Az aranyboszork\u00e1nyt a legjobb l\u00f6v\u0151 kapja a Preberschie\u00dfen l\u00f6v\u00e9szverseny v\u00e9g\u00e9n. \u00a9 SalzburgerLand Tourismus, Edith Danzer<\/p><\/div>\n<h4>A Prebersee tavi hal\u00e1szasszony<\/h4>\n<p>\u00c9s m\u00e1r h\u00edvnak is, hogy <strong>el\u0151sz\u00f6r az \u00e1ll\u00f3 c\u00e9lt\u00e1bl\u00e1ra adjak le 20 l\u00f6v\u00e9st<\/strong> \u2013 an\u00e9lk\u00fcl, hogy a v\u00edzhez \u00e9rn\u00e9k. Teljesen egy\u00e9rtelm\u0171, hogy teljesen kezd\u0151 vagyok, \u00e9s a l\u00f6v\u00e9szklub egyik tagja seg\u00edt nekem \u00e9rt\u00e9kes tippekkel. De a c\u00e9lkereszten kereszt\u00fcl <strong>a 120 m\u00e9terre l\u00e9v\u0151 c\u00e9lpont<\/strong> hirtelen olyan, mintha m\u00e9rf\u00f6ldekre lenne. \u00c9s mozog! Lehet, hogy az\u00e9rt van ez, mert a puska szokatlan s\u00falya miatt nem tudom mozdulatlanul tartani a pusk\u00e1t?<\/p>\n<p>Mindenesetre az elej\u00e9n egy kiad\u00f3s izoml\u00e1zat okozok a c\u00e9ljelz\u0151nek, akinek minden rossz l\u00f6v\u00e9sem ut\u00e1n lengetnie kell a kanalat: <strong>\u201eHal! Hal! Hal!\u201d<\/strong> jegyzi meg sz\u00e1razon a m\u00f6g\u00f6ttem \u00e1ll\u00f3 \u00edr\u00f3, \u00e9s hogy ne \u00fagy vonuljak be a t\u00f6rt\u00e9nelembe, mint a \u201ePrebersee t\u00f3 hal\u00e1szn\u0151je\u201d megfogadom a l\u00f6v\u00e9szek \u00e1ltal suttogott tan\u00e1csokat. \u00cdgy h\u00e1t felveszem a poz\u00edci\u00f3mat, m\u00e9lyen ki- \u00e9s bel\u00e9legzem, \u00e9s amikor a c\u00e9lt\u00e1bla v\u00e9gre ism\u00e9t elhalad a c\u00e9lkeresztem el\u0151tt, megh\u00fazom a ravaszt. \u201e6 le. 8 balra. 9 fel.\u201d hallatsz\u00f3dnak a rem\u00e9nyteli eredm\u00e9nyek, \u00e9s egyre kevesebb a \u201ehal\u201d.<\/p>\n<h4>Tal\u00e1lat a \u201eBlattl\u201d k\u00f6r\u00e9be<\/h4>\n<p>\u201eEz volt most a gyakorlat k\u00f6nny\u0171 r\u00e9sze\u201d \u2013 mondja kacsintva Peter Kr\u00f6ll, amikor visszat\u00e9rek a szabadba, mert n\u00e9h\u00e1ny perc m\u00falva a ragyog\u00f3 naps\u00fct\u00e9sben m\u00e1ris <strong>a v\u00edzt\u00fck\u00f6r fel\u00e9 tartok<\/strong>. Sz\u00f3val ez\u00fattal <strong>a t\u00fck\u00f6rk\u00e9pet veszem c\u00e9lba<\/strong>, ami krist\u00e1lytiszt\u00e1n l\u00e1tsz\u00f3dik a v\u00edzben, \u00e9s a c\u00e9lz\u00f3 integet \u00e9s integet \u00e9s integet\u2026 Egyszer csak megtal\u00e1lom a poz\u00edci\u00f3t a v\u00edzben, \u00e9s hirtelen elkezdek c\u00e9lba tal\u00e1lni. \u00c9s amikor <strong>hirtelen megsz\u00f3lal a harang<\/strong>, \u00e9s a l\u00f6v\u00e9szek k\u00f6r\u00fcl\u00f6ttem vid\u00e1man \u201eSch\u00fctzen Heil!\u201d-et ki\u00e1ltanak, a goly\u00f3m bizony\u00e1ra a k\u00f6z\u00e9ps\u0151 gy\u0171r\u0171be t\u00e9vedt, a v\u00e1gyott <strong>\u201eBlattl\u201d<\/strong> k\u00f6r\u00e9be. Gratul\u00e1lnak, \u00e9s miel\u0151tt igaz\u00e1n tudn\u00e1m mi t\u00f6rt\u00e9nik, <strong>m\u00e1ris megkapom a piros jelv\u00e9nyt<\/strong>. \u201eMost m\u00e1r versenyben vagy a t\u00f6bbi \u201eBlattl\u201d l\u00f6v\u0151vel a gy\u0151zelem\u00e9rt\u201d \u2013 mondj\u00e1k nekem, \u00e9s \u00e9n puszta \u00e1h\u00edtatb\u00f3l az utols\u00f3 l\u00f6v\u00e9seimet a Prebersee t\u00f3 viz\u00e9be s\u00fcllyesztem.<\/p>\n<div id=\"attachment_16453\" style=\"width: 1144px\" class=\"wp-caption alignnone\"><img decoding=\"async\" aria-describedby=\"caption-attachment-16453\" class=\"size-1170_658 wp-image-16453\" src=\"https:\/\/cdn.salzburgerland.com\/hu\/wp-content\/uploads\/2022\/08\/geller-beim-preberschiesen-im-salzburger-lungau-1134x658.jpg\" alt=\"A gellernek k\u00f6sz\u00f6nhet\u0151en a goly\u00f3 a v\u00edzfel\u00fcletre \u00e9rve nem s\u00fcllyed el, hanem visszaver\u0151dik.\u00a0\" width=\"1134\" height=\"658\"><p id=\"caption-attachment-16453\" class=\"wp-caption-text\">A l\u00f6v\u00e9szek a sz\u00e1nd\u00e9kos visszapattan\u00e1st geller-nek nevezik. A Prebersee t\u00f3 nagy fizikai s\u0171r\u0171s\u00e9g\u00e9nek k\u00f6sz\u00f6nhet\u0151en a kil\u0151tt l\u00f6ved\u00e9k a v\u00edzfelsz\u00edn\u00e9be csap\u00f3dva nem s\u00fcllyed el, hanem csak egy kb. 3 cm m\u00e9ly m\u00e9lyed\u00e9st k\u00e9pez a v\u00edzben, majd visszaver\u0151dik.\u00a0 \u00a9 SalzburgerLand Tourismus, Edith Danzer<\/p><\/div>\n<h4>Gy\u0151zelem\u2026<\/h4>\n<p>Csak egy szerencs\u00e9s visszapattan\u00e1s volt, de a cseng\u0151 hangja pavlovi reflexet v\u00e1ltott ki bel\u0151lem, ahogy val\u00f3sz\u00edn\u0171leg a t\u00f6bbi l\u00f6v\u00e9szb\u0151l is: a csenget\u00e9st <strong>el\u00e9gedett izgalom<\/strong> k\u00f6veti, ami tulajdonk\u00e9ppen feleslegess\u00e9 teszi a piros jelv\u00e9nyeket a sapk\u00e1n, mert az izgalomr\u00f3l azonnal fel lehet ismerni a szerencs\u00e9s l\u00f6v\u00e9szt.<\/p>\n<p>A s\u00f6t\u00e9ted\u00e9s be\u00e1llt\u00e1ig m\u00e9g c\u00e9lzunk, c\u00e9lba tal\u00e1lunk, mell\u00e9 l\u00f6v\u00fcnk \u00e9s id\u0151nk\u00e9nt megsz\u00f3lal a harang. \u00c9s v\u00e9g\u00fcl <strong>a boszork\u00e1ny is el\u0151b\u00fajhat a rejtek\u00e9b\u0151l<\/strong> \u2013 <strong>a n\u00e9met Peter Bachmann<\/strong> a legbels\u0151 k\u00f6rbe tal\u00e1lt, \u00e9s \u0151 lett <strong>az idei gy\u0151ztese<\/strong> az egyed\u00fcl\u00e1ll\u00f3 Preberschie\u00dfen versenynek.<\/p>\n","protected":false},"excerpt":{"rendered":"<p>L\u00e1gy, s\u00f6t\u00e9t, nyugodt\u2026 Az egyik legenda szerint (a sok k\u00f6z\u00fcl) a t\u00f3 k\u00fcl\u00f6nleges tulajdons\u00e1g\u00e1t egy kacsavad\u00e1szat k\u00f6zben elhib\u00e1zott l\u00f6v\u00e9s k\u00f6vetkezt\u00e9ben fedezt\u00e9k fel. A Salzburgi Lungau r\u00e9gi\u00f3j\u00e1ban fekv\u0151 Prebersee t\u00f3 viz\u00e9nek magas szervesanyag-tartalma \u00e9s magas fizikai s\u0171r\u0171s\u00e9ge miatt a l\u00f6ved\u00e9kek a v\u00edz felsz\u00edn\u00e9re \u00e9rve nem s\u00fcllyednek el, csak egy kb. 3 cm-es m\u00e9ly nyomot hagy a [&hellip;]<\/p>\n","protected":false},"author":21,"featured_media":9150,"comment_status":"closed","ping_status":"closed","sticky":false,"template":"","format":"standard","meta":{"_acf_changed":false,"wl_entities_gutenberg":"","_relevanssi_hide_post":"","_relevanssi_hide_content":"","_relevanssi_pin_for_all":"","_relevanssi_pin_keywords":"","_relevanssi_unpin_keywords":"","_relevanssi_related_keywords":"","_relevanssi_related_include_ids":"","_relevanssi_related_exclude_ids":"","_relevanssi_related_no_append":"","_relevanssi_related_not_related":"","_relevanssi_related_posts":"","_relevanssi_noindex_reason":"","footnotes":""},"categories":[1],"tags":[477,251,479,480],"wl_entity_type":[27],"class_list":["post-16361","post","type-post","status-publish","format-standard","has-post-thumbnail","hentry","category-uncategorized","tag-loveszverseny","tag-lungau","tag-preberschiesen","tag-prebersee-to","wl_entity_type-article"],"acf":[],"yoast_head":"<!-- This site is optimized with the Yoast SEO Premium plugin v27.4 (Yoast SEO v27.4) - https:\/\/yoast.com\/product\/yoast-seo-premium-wordpress\/ -->\n<title>L\u00f6v\u00e9szverseny a Prebersee t\u00f3n\u00e1l \u00bb SalzburgerLand.com<\/title>\n<meta name=\"description\" content=\"%%cf_teasertext%% L\u00f6v\u00e9szverseny a Prebersee t\u00f3 partj\u00e1n, Salzburgi Lungau.\" \/>\n<meta name=\"robots\" content=\"index, follow, max-snippet:-1, max-image-preview:large, max-video-preview:-1\" \/>\n<link rel=\"canonical\" href=\"https:\/\/www.salzburgerland.com\/hu\/salzburgi-lungau-loveszverseny-a-prebersee-tonal\/\" \/>\n<meta property=\"og:locale\" content=\"hu_HU\" \/>\n<meta property=\"og:type\" content=\"article\" \/>\n<meta property=\"og:title\" content=\"L\u00f6v\u00e9szverseny a Prebersee t\u00f3n\u00e1l\" \/>\n<meta property=\"og:description\" content=\"L\u00e1gy, s\u00f6t\u00e9t, nyugodt... Az egyik legenda szerint (a sok k\u00f6z\u00fcl) a t\u00f3 k\u00fcl\u00f6nleges tulajdons\u00e1g\u00e1t egy kacsavad\u00e1szat k\u00f6zben elhib\u00e1zott l\u00f6v\u00e9s k\u00f6vetkezt\u00e9ben\" \/>\n<meta property=\"og:url\" content=\"https:\/\/www.salzburgerland.com\/hu\/salzburgi-lungau-loveszverseny-a-prebersee-tonal\/\" \/>\n<meta property=\"og:site_name\" content=\"SalzburgerLand.com\" \/>\n<meta property=\"article:publisher\" content=\"https:\/\/www.facebook.com\/visitsalzburgerland\/\" \/>\n<meta property=\"article:published_time\" content=\"2022-08-07T14:52:18+00:00\" \/>\n<meta property=\"article:modified_time\" content=\"2022-11-15T13:15:59+00:00\" \/>\n<meta property=\"og:image\" content=\"https:\/\/www.salzburgerland.com\/hu\/wp-content\/uploads\/2019\/08\/-ferienregion-lungau-zielscheiben-des-beruehmten-preberseeschiessens.jpg\" \/>\n\t<meta property=\"og:image:width\" content=\"912\" \/>\n\t<meta property=\"og:image:height\" content=\"549\" \/>\n\t<meta property=\"og:image:type\" content=\"image\/jpeg\" \/>\n<meta name=\"author\" content=\"Hajnalka K\u00e1di\" \/>\n<meta name=\"twitter:card\" content=\"summary_large_image\" \/>\n<meta name=\"twitter:creator\" content=\"@salzburgerland\" \/>\n<meta name=\"twitter:site\" content=\"@salzburgerland\" \/>\n<meta name=\"twitter:label1\" content=\"Szerz\u0151:\" \/>\n\t<meta name=\"twitter:data1\" content=\"Hajnalka K\u00e1di\" \/>\n\t<meta name=\"twitter:label2\" content=\"Becs\u00fclt olvas\u00e1si id\u0151\" \/>\n\t<meta name=\"twitter:data2\" content=\"9 perc\" \/>\n<script type=\"application\/ld+json\" class=\"yoast-schema-graph\">{\"@context\":\"https:\\\/\\\/schema.org\",\"@graph\":[{\"@type\":\"Article\",\"@id\":\"https:\\\/\\\/www.salzburgerland.com\\\/hu\\\/salzburgi-lungau-loveszverseny-a-prebersee-tonal\\\/#article\",\"isPartOf\":{\"@id\":\"https:\\\/\\\/www.salzburgerland.com\\\/hu\\\/salzburgi-lungau-loveszverseny-a-prebersee-tonal\\\/\"},\"author\":{\"name\":\"Hajnalka K\u00e1di\",\"@id\":\"https:\\\/\\\/www.salzburgerland.com\\\/hu\\\/#\\\/schema\\\/person\\\/e4905df070d9b3c52e1e4c730b26aa5a\"},\"headline\":\"L\u00f6v\u00e9szverseny a Prebersee t\u00f3n\u00e1l\",\"datePublished\":\"2022-08-07T14:52:18+00:00\",\"dateModified\":\"2022-11-15T13:15:59+00:00\",\"mainEntityOfPage\":{\"@id\":\"https:\\\/\\\/www.salzburgerland.com\\\/hu\\\/salzburgi-lungau-loveszverseny-a-prebersee-tonal\\\/\"},\"wordCount\":2062,\"image\":{\"@id\":\"https:\\\/\\\/www.salzburgerland.com\\\/hu\\\/salzburgi-lungau-loveszverseny-a-prebersee-tonal\\\/#primaryimage\"},\"thumbnailUrl\":\"https:\\\/\\\/www.salzburgerland.com\\\/hu\\\/wp-content\\\/uploads\\\/2019\\\/08\\\/-ferienregion-lungau-zielscheiben-des-beruehmten-preberseeschiessens.jpg\",\"keywords\":[\"l\u00f6v\u00e9szverseny\",\"Lungau\",\"Preberschie\u00dfen\",\"Prebersee t\u00f3\"],\"articleSection\":[\"Uncategorized\"],\"inLanguage\":\"hu\"},{\"@type\":\"WebPage\",\"@id\":\"https:\\\/\\\/www.salzburgerland.com\\\/hu\\\/salzburgi-lungau-loveszverseny-a-prebersee-tonal\\\/\",\"url\":\"https:\\\/\\\/www.salzburgerland.com\\\/hu\\\/salzburgi-lungau-loveszverseny-a-prebersee-tonal\\\/\",\"name\":\"L\u00f6v\u00e9szverseny a Prebersee t\u00f3n\u00e1l \u00bb SalzburgerLand.com\",\"isPartOf\":{\"@id\":\"https:\\\/\\\/www.salzburgerland.com\\\/hu\\\/#website\"},\"primaryImageOfPage\":{\"@id\":\"https:\\\/\\\/www.salzburgerland.com\\\/hu\\\/salzburgi-lungau-loveszverseny-a-prebersee-tonal\\\/#primaryimage\"},\"image\":{\"@id\":\"https:\\\/\\\/www.salzburgerland.com\\\/hu\\\/salzburgi-lungau-loveszverseny-a-prebersee-tonal\\\/#primaryimage\"},\"thumbnailUrl\":\"https:\\\/\\\/www.salzburgerland.com\\\/hu\\\/wp-content\\\/uploads\\\/2019\\\/08\\\/-ferienregion-lungau-zielscheiben-des-beruehmten-preberseeschiessens.jpg\",\"datePublished\":\"2022-08-07T14:52:18+00:00\",\"dateModified\":\"2022-11-15T13:15:59+00:00\",\"author\":{\"@id\":\"https:\\\/\\\/www.salzburgerland.com\\\/hu\\\/#\\\/schema\\\/person\\\/e4905df070d9b3c52e1e4c730b26aa5a\"},\"description\":\"L\u00f6v\u00e9szverseny a Prebersee t\u00f3n\u00e1l a Salzburgi Lungauban. Edith Danzernek, a SalzburgerLand szerkeszt\u0151j\u00e9nek \u00e9lm\u00e9nybesz\u00e1mol\u00f3ja. L\u00f6v\u00e9szverseny a Prebersee t\u00f3 partj\u00e1n, Salzburgi Lungau.\",\"breadcrumb\":{\"@id\":\"https:\\\/\\\/www.salzburgerland.com\\\/hu\\\/salzburgi-lungau-loveszverseny-a-prebersee-tonal\\\/#breadcrumb\"},\"inLanguage\":\"hu\",\"potentialAction\":[{\"@type\":\"ReadAction\",\"target\":[\"https:\\\/\\\/www.salzburgerland.com\\\/hu\\\/salzburgi-lungau-loveszverseny-a-prebersee-tonal\\\/\"]}]},{\"@type\":\"ImageObject\",\"inLanguage\":\"hu\",\"@id\":\"https:\\\/\\\/www.salzburgerland.com\\\/hu\\\/salzburgi-lungau-loveszverseny-a-prebersee-tonal\\\/#primaryimage\",\"url\":\"https:\\\/\\\/www.salzburgerland.com\\\/hu\\\/wp-content\\\/uploads\\\/2019\\\/08\\\/-ferienregion-lungau-zielscheiben-des-beruehmten-preberseeschiessens.jpg\",\"contentUrl\":\"https:\\\/\\\/www.salzburgerland.com\\\/hu\\\/wp-content\\\/uploads\\\/2019\\\/08\\\/-ferienregion-lungau-zielscheiben-des-beruehmten-preberseeschiessens.jpg\",\"width\":912,\"height\":549,\"caption\":\"A k\u00fcl\u00f6nleges l\u00f6v\u00e9szverseny sz\u00ednhelye, a fest\u0151i Prebersee t\u00f3 \u00a9 Ferienregion Lungau\"},{\"@type\":\"BreadcrumbList\",\"@id\":\"https:\\\/\\\/www.salzburgerland.com\\\/hu\\\/salzburgi-lungau-loveszverseny-a-prebersee-tonal\\\/#breadcrumb\",\"itemListElement\":[{\"@type\":\"ListItem\",\"position\":1,\"name\":\"Salzburgi Lungau - ny\u00e1r\",\"item\":\"https:\\\/\\\/www.salzburgerland.com\\\/hu\\\/salzburgi-lungau-nyar\\\/\"},{\"@type\":\"ListItem\",\"position\":2,\"name\":\"L\u00f6v\u00e9szverseny a Prebersee t\u00f3n\u00e1l\"}]},{\"@type\":\"WebSite\",\"@id\":\"https:\\\/\\\/www.salzburgerland.com\\\/hu\\\/#website\",\"url\":\"https:\\\/\\\/www.salzburgerland.com\\\/hu\\\/\",\"name\":\"SalzburgerLand.com\",\"description\":\"\u00dcd\u00fcl\u00e9s Ausztri\u00e1ban, Salzburg tartom\u00e1nyban\",\"potentialAction\":[{\"@type\":\"SearchAction\",\"target\":{\"@type\":\"EntryPoint\",\"urlTemplate\":\"https:\\\/\\\/www.salzburgerland.com\\\/hu\\\/?s={search_term_string}\"},\"query-input\":{\"@type\":\"PropertyValueSpecification\",\"valueRequired\":true,\"valueName\":\"search_term_string\"}}],\"inLanguage\":\"hu\"},{\"@type\":\"Person\",\"@id\":\"https:\\\/\\\/www.salzburgerland.com\\\/hu\\\/#\\\/schema\\\/person\\\/e4905df070d9b3c52e1e4c730b26aa5a\",\"name\":\"Hajnalka K\u00e1di\",\"image\":{\"@type\":\"ImageObject\",\"inLanguage\":\"hu\",\"@id\":\"https:\\\/\\\/secure.gravatar.com\\\/avatar\\\/e8c1eecf3b2c49d295cebc6aba0de06d13ec77aa0cf9ccec32725949011b69d2?s=96&d=mm&r=g\",\"url\":\"https:\\\/\\\/secure.gravatar.com\\\/avatar\\\/e8c1eecf3b2c49d295cebc6aba0de06d13ec77aa0cf9ccec32725949011b69d2?s=96&d=mm&r=g\",\"contentUrl\":\"https:\\\/\\\/secure.gravatar.com\\\/avatar\\\/e8c1eecf3b2c49d295cebc6aba0de06d13ec77aa0cf9ccec32725949011b69d2?s=96&d=mm&r=g\",\"caption\":\"Hajnalka K\u00e1di\"}}]}<\/script>\n<!-- \/ Yoast SEO Premium plugin. -->","yoast_head_json":{"title":"L\u00f6v\u00e9szverseny a Prebersee t\u00f3n\u00e1l \u00bb SalzburgerLand.com","description":"%%cf_teasertext%% L\u00f6v\u00e9szverseny a Prebersee t\u00f3 partj\u00e1n, Salzburgi Lungau.","robots":{"index":"index","follow":"follow","max-snippet":"max-snippet:-1","max-image-preview":"max-image-preview:large","max-video-preview":"max-video-preview:-1"},"canonical":"https:\/\/www.salzburgerland.com\/hu\/salzburgi-lungau-loveszverseny-a-prebersee-tonal\/","og_locale":"hu_HU","og_type":"article","og_title":"L\u00f6v\u00e9szverseny a Prebersee t\u00f3n\u00e1l","og_description":"L\u00e1gy, s\u00f6t\u00e9t, nyugodt... Az egyik legenda szerint (a sok k\u00f6z\u00fcl) a t\u00f3 k\u00fcl\u00f6nleges tulajdons\u00e1g\u00e1t egy kacsavad\u00e1szat k\u00f6zben elhib\u00e1zott l\u00f6v\u00e9s k\u00f6vetkezt\u00e9ben","og_url":"https:\/\/www.salzburgerland.com\/hu\/salzburgi-lungau-loveszverseny-a-prebersee-tonal\/","og_site_name":"SalzburgerLand.com","article_publisher":"https:\/\/www.facebook.com\/visitsalzburgerland\/","article_published_time":"2022-08-07T14:52:18+00:00","article_modified_time":"2022-11-15T13:15:59+00:00","og_image":[{"url":"https:\/\/www.salzburgerland.com\/hu\/wp-content\/uploads\/2019\/08\/-ferienregion-lungau-zielscheiben-des-beruehmten-preberseeschiessens.jpg","width":912,"height":549,"type":"image\/jpeg"}],"author":"Hajnalka K\u00e1di","twitter_card":"summary_large_image","twitter_creator":"@salzburgerland","twitter_site":"@salzburgerland","twitter_misc":{"Szerz\u0151:":"Hajnalka K\u00e1di","Becs\u00fclt olvas\u00e1si id\u0151":"9 perc"},"schema":{"@context":"https:\/\/schema.org","@graph":[{"@type":"Article","@id":"https:\/\/www.salzburgerland.com\/hu\/salzburgi-lungau-loveszverseny-a-prebersee-tonal\/#article","isPartOf":{"@id":"https:\/\/www.salzburgerland.com\/hu\/salzburgi-lungau-loveszverseny-a-prebersee-tonal\/"},"author":{"name":"Hajnalka K\u00e1di","@id":"https:\/\/www.salzburgerland.com\/hu\/#\/schema\/person\/e4905df070d9b3c52e1e4c730b26aa5a"},"headline":"L\u00f6v\u00e9szverseny a Prebersee t\u00f3n\u00e1l","datePublished":"2022-08-07T14:52:18+00:00","dateModified":"2022-11-15T13:15:59+00:00","mainEntityOfPage":{"@id":"https:\/\/www.salzburgerland.com\/hu\/salzburgi-lungau-loveszverseny-a-prebersee-tonal\/"},"wordCount":2062,"image":{"@id":"https:\/\/www.salzburgerland.com\/hu\/salzburgi-lungau-loveszverseny-a-prebersee-tonal\/#primaryimage"},"thumbnailUrl":"https:\/\/www.salzburgerland.com\/hu\/wp-content\/uploads\/2019\/08\/-ferienregion-lungau-zielscheiben-des-beruehmten-preberseeschiessens.jpg","keywords":["l\u00f6v\u00e9szverseny","Lungau","Preberschie\u00dfen","Prebersee t\u00f3"],"articleSection":["Uncategorized"],"inLanguage":"hu"},{"@type":"WebPage","@id":"https:\/\/www.salzburgerland.com\/hu\/salzburgi-lungau-loveszverseny-a-prebersee-tonal\/","url":"https:\/\/www.salzburgerland.com\/hu\/salzburgi-lungau-loveszverseny-a-prebersee-tonal\/","name":"L\u00f6v\u00e9szverseny a Prebersee t\u00f3n\u00e1l \u00bb SalzburgerLand.com","isPartOf":{"@id":"https:\/\/www.salzburgerland.com\/hu\/#website"},"primaryImageOfPage":{"@id":"https:\/\/www.salzburgerland.com\/hu\/salzburgi-lungau-loveszverseny-a-prebersee-tonal\/#primaryimage"},"image":{"@id":"https:\/\/www.salzburgerland.com\/hu\/salzburgi-lungau-loveszverseny-a-prebersee-tonal\/#primaryimage"},"thumbnailUrl":"https:\/\/www.salzburgerland.com\/hu\/wp-content\/uploads\/2019\/08\/-ferienregion-lungau-zielscheiben-des-beruehmten-preberseeschiessens.jpg","datePublished":"2022-08-07T14:52:18+00:00","dateModified":"2022-11-15T13:15:59+00:00","author":{"@id":"https:\/\/www.salzburgerland.com\/hu\/#\/schema\/person\/e4905df070d9b3c52e1e4c730b26aa5a"},"description":"L\u00f6v\u00e9szverseny a Prebersee t\u00f3n\u00e1l a Salzburgi Lungauban. Edith Danzernek, a SalzburgerLand szerkeszt\u0151j\u00e9nek \u00e9lm\u00e9nybesz\u00e1mol\u00f3ja. L\u00f6v\u00e9szverseny a Prebersee t\u00f3 partj\u00e1n, Salzburgi Lungau.","breadcrumb":{"@id":"https:\/\/www.salzburgerland.com\/hu\/salzburgi-lungau-loveszverseny-a-prebersee-tonal\/#breadcrumb"},"inLanguage":"hu","potentialAction":[{"@type":"ReadAction","target":["https:\/\/www.salzburgerland.com\/hu\/salzburgi-lungau-loveszverseny-a-prebersee-tonal\/"]}]},{"@type":"ImageObject","inLanguage":"hu","@id":"https:\/\/www.salzburgerland.com\/hu\/salzburgi-lungau-loveszverseny-a-prebersee-tonal\/#primaryimage","url":"https:\/\/www.salzburgerland.com\/hu\/wp-content\/uploads\/2019\/08\/-ferienregion-lungau-zielscheiben-des-beruehmten-preberseeschiessens.jpg","contentUrl":"https:\/\/www.salzburgerland.com\/hu\/wp-content\/uploads\/2019\/08\/-ferienregion-lungau-zielscheiben-des-beruehmten-preberseeschiessens.jpg","width":912,"height":549,"caption":"A k\u00fcl\u00f6nleges l\u00f6v\u00e9szverseny sz\u00ednhelye, a fest\u0151i Prebersee t\u00f3 \u00a9 Ferienregion Lungau"},{"@type":"BreadcrumbList","@id":"https:\/\/www.salzburgerland.com\/hu\/salzburgi-lungau-loveszverseny-a-prebersee-tonal\/#breadcrumb","itemListElement":[{"@type":"ListItem","position":1,"name":"Salzburgi Lungau - ny\u00e1r","item":"https:\/\/www.salzburgerland.com\/hu\/salzburgi-lungau-nyar\/"},{"@type":"ListItem","position":2,"name":"L\u00f6v\u00e9szverseny a Prebersee t\u00f3n\u00e1l"}]},{"@type":"WebSite","@id":"https:\/\/www.salzburgerland.com\/hu\/#website","url":"https:\/\/www.salzburgerland.com\/hu\/","name":"SalzburgerLand.com","description":"\u00dcd\u00fcl\u00e9s Ausztri\u00e1ban, Salzburg tartom\u00e1nyban","potentialAction":[{"@type":"SearchAction","target":{"@type":"EntryPoint","urlTemplate":"https:\/\/www.salzburgerland.com\/hu\/?s={search_term_string}"},"query-input":{"@type":"PropertyValueSpecification","valueRequired":true,"valueName":"search_term_string"}}],"inLanguage":"hu"},{"@type":"Person","@id":"https:\/\/www.salzburgerland.com\/hu\/#\/schema\/person\/e4905df070d9b3c52e1e4c730b26aa5a","name":"Hajnalka K\u00e1di","image":{"@type":"ImageObject","inLanguage":"hu","@id":"https:\/\/secure.gravatar.com\/avatar\/e8c1eecf3b2c49d295cebc6aba0de06d13ec77aa0cf9ccec32725949011b69d2?s=96&d=mm&r=g","url":"https:\/\/secure.gravatar.com\/avatar\/e8c1eecf3b2c49d295cebc6aba0de06d13ec77aa0cf9ccec32725949011b69d2?s=96&d=mm&r=g","contentUrl":"https:\/\/secure.gravatar.com\/avatar\/e8c1eecf3b2c49d295cebc6aba0de06d13ec77aa0cf9ccec32725949011b69d2?s=96&d=mm&r=g","caption":"Hajnalka K\u00e1di"}}]}},"_wl_alt_label":[],"wl:entity_url":"http:\/\/open.salzburgerland.com\/hu\/post\/halak-boszorkanyok-es-walt-disney-16361","_links":{"self":[{"href":"https:\/\/www.salzburgerland.com\/hu\/wp-json\/wp\/v2\/posts\/16361","targetHints":{"allow":["GET"]}}],"collection":[{"href":"https:\/\/www.salzburgerland.com\/hu\/wp-json\/wp\/v2\/posts"}],"about":[{"href":"https:\/\/www.salzburgerland.com\/hu\/wp-json\/wp\/v2\/types\/post"}],"author":[{"embeddable":true,"href":"https:\/\/www.salzburgerland.com\/hu\/wp-json\/wp\/v2\/users\/21"}],"replies":[{"embeddable":true,"href":"https:\/\/www.salzburgerland.com\/hu\/wp-json\/wp\/v2\/comments?post=16361"}],"version-history":[{"count":5,"href":"https:\/\/www.salzburgerland.com\/hu\/wp-json\/wp\/v2\/posts\/16361\/revisions"}],"predecessor-version":[{"id":17995,"href":"https:\/\/www.salzburgerland.com\/hu\/wp-json\/wp\/v2\/posts\/16361\/revisions\/17995"}],"wp:featuredmedia":[{"embeddable":true,"href":"https:\/\/www.salzburgerland.com\/hu\/wp-json\/wp\/v2\/media\/9150"}],"wp:attachment":[{"href":"https:\/\/www.salzburgerland.com\/hu\/wp-json\/wp\/v2\/media?parent=16361"}],"wp:term":[{"taxonomy":"category","embeddable":true,"href":"https:\/\/www.salzburgerland.com\/hu\/wp-json\/wp\/v2\/categories?post=16361"},{"taxonomy":"post_tag","embeddable":true,"href":"https:\/\/www.salzburgerland.com\/hu\/wp-json\/wp\/v2\/tags?post=16361"},{"taxonomy":"wl_entity_type","embeddable":true,"href":"https:\/\/www.salzburgerland.com\/hu\/wp-json\/wp\/v2\/wl_entity_type?post=16361"}],"curies":[{"name":"wp","href":"https:\/\/api.w.org\/{rel}","templated":true}]}}