{"id":15712,"date":"2022-05-12T17:45:33","date_gmt":"2022-05-12T15:45:33","guid":{"rendered":"https:\/\/www.salzburgerland.com\/hu\/?p=15712"},"modified":"2025-03-26T23:00:17","modified_gmt":"2025-03-26T22:00:17","slug":"a-wolfgangsee-to-regioja-hajout-a-wolfgangsee-n","status":"publish","type":"post","link":"https:\/\/www.salzburgerland.com\/hu\/a-wolfgangsee-to-regioja-hajout-a-wolfgangsee-n\/","title":{"rendered":"Haj\u00f3k\u00e1z\u00e1s a Wolfgangsee tavon"},"content":{"rendered":"<p>A k\u00f6z\u00e9p-eur\u00f3pai tavak k\u00f6z\u00fcl alighanem a Wolfgangsee a legszebb. S\u00e9tahaj\u00f3zni is lehet rajta az idillikus <strong>salzkammerguti<\/strong> telep\u00fcl\u00e9sek, <strong>St. Wolfgang<\/strong>, <strong>St. Gilge<\/strong>n \u00e9s <strong>Strobl<\/strong> k\u00f6z\u00f6tt, a <a href=\"https:\/\/www.salzburg-bahnen.at\/en\/wolfgangseeschifffahrt.html\" target=\"_blank\" rel=\"noopener\"><strong>WolfgangseeSchifffahrt<\/strong><\/a> haj\u00f3ival. T\u00f6bb mint 150 \u00e9ve, 1873-ban bocs\u00e1tott\u00e1k itt v\u00edzre <strong>a vil\u00e1g egyik leg\u00f6regebb lap\u00e1tkerekes g\u0151zhaj\u00f3j\u00e1t<\/strong>, az \u201eI. Ferenc J\u00f3zsef cs\u00e1sz\u00e1r\u201d-t. Ez a \u00a0<strong>nosztalgikus haj\u00f3<\/strong> a filmesek kedvence, \u00e9s m\u00e9g ma is fel-felt\u0171nik a Wolfgangsee-n\u00e9l.<\/p>\n\n\t\t\t<div id=\"15712-1\" class=\"gallery gallery-15712 gallery-columns-3 gallery-size-1170_658\" itemscope itemtype=\"http:\/\/schema.org\/ImageGallery\">\n\t\t\t\t<ul class=\"gallery-row gallery-col-3 gallery-clear\">\n\t\t\t\t\t<li class=\"gallery-item col-3\" itemprop=\"associatedMedia\" itemscope itemtype=\"http:\/\/schema.org\/ImageObject\">\n\t\t\t\t\t\t<div class=\"gallery-icon landscape\"><a href=\"https:\/\/www.salzburgerland.com\/hu\/wp-content\/uploads\/2019\/05\/wolfgangseeschifffahrt-neu-vii_c-salzburg-ag-1920x1067.jpg\" title=\"WolfgangseeSchifffahrt neu VII_(c) Salzburg AG\"><img decoding=\"async\" data-title=\"S\u00e9tahaj\u00f3z\u00e1s k\u00f6zben gy\u00f6ny\u00f6rk\u00f6dhet\u00fcnk a k\u00f6rnyez\u0151 hegyek l\u00e1tv\u00e1ny\u00e1ban \u00a9 Salzburg AG\" title=\"S\u00e9tahaj\u00f3z\u00e1s k\u00f6zben gy\u00f6ny\u00f6rk\u00f6dhet\u00fcnk a k\u00f6rnyez\u0151 hegyek l\u00e1tv\u00e1ny\u00e1ban \u00a9 Salzburg AG\" data-caption=\"S\u00e9tahaj\u00f3z\u00e1s k\u00f6zben gy\u00f6ny\u00f6rk\u00f6dhet\u00fcnk a k\u00f6rnyez\u0151 hegyek l\u00e1tv\u00e1ny\u00e1ban \u00a9 Salzburg AG\" width=\"1170\" height=\"658\" src=\"https:\/\/www.salzburgerland.com\/hu\/wp-content\/uploads\/2019\/05\/wolfgangseeschifffahrt-neu-vii_c-salzburg-ag-1170x658.jpg\" class=\"attachment-1170_658 size-1170_658\" alt=\"A s\u00e9tahaj\u00f3 feh\u00e9r haj\u00f3 a Wolfgangsee t\u00f3 viz\u00e9n \u00faszik, h\u00e1tt\u00e9rben hegyekkel \u00e9s egy falucsk\u00e1val. (Nagy\u00edtott n\u00e9zet)\" srcset=\"https:\/\/www.salzburgerland.com\/hu\/wp-content\/uploads\/2019\/05\/wolfgangseeschifffahrt-neu-vii_c-salzburg-ag-1170x658.jpg 1170w, https:\/\/www.salzburgerland.com\/hu\/wp-content\/uploads\/2019\/05\/wolfgangseeschifffahrt-neu-vii_c-salzburg-ag-1200x675.jpg 1200w\" sizes=\"(max-width: 1170px) 100vw, 1170px\" aria-describedby=\"figcaption-15712-8380\" itemprop=\"thumbnail\"><\/a><\/div>\n\t\t\t\t\t\t<span id=\"figcaption-15712-8380\" class=\"gallery-caption\" itemprop=\"caption\"><span aria-hidden=\"true\">S\u00e9tahaj\u00f3z\u00e1s k\u00f6zben gy\u00f6ny\u00f6rk\u00f6dhet\u00fcnk a k\u00f6rnyez\u0151 hegyek l\u00e1tv\u00e1ny\u00e1ban \u00a9 Salzburg AG<\/span><\/span>\n\t\t\t\t\t<\/li>\n\t\t\t\t\t<li class=\"gallery-item col-3\" itemprop=\"associatedMedia\" itemscope itemtype=\"http:\/\/schema.org\/ImageObject\">\n\t\t\t\t\t\t<div class=\"gallery-icon landscape\"><a href=\"https:\/\/www.salzburgerland.com\/hu\/wp-content\/uploads\/2019\/05\/wolfgangseeschifffahrt-neu-i_c-salzburg-ag-1920x1067.jpg\" title=\"WolfgangseeSchifffahrt neu I_(c) Salzburg AG\"><img decoding=\"async\" data-title=\"S\u00e9tahaj\u00f3k\u00e1z\u00e1s a Wolfgangsee viz\u00e9n \u00a9 Salzburg AG, Christian Schartner\" title=\"S\u00e9tahaj\u00f3k\u00e1z\u00e1s a Wolfgangsee viz\u00e9n \u00a9 Salzburg AG, Christian Schartner\" data-caption=\"S\u00e9tahaj\u00f3k\u00e1z\u00e1s a Wolfgangsee viz\u00e9n \u00a9 Salzburg AG, Christian Schartner\" width=\"1170\" height=\"658\" src=\"https:\/\/www.salzburgerland.com\/hu\/wp-content\/uploads\/2019\/05\/wolfgangseeschifffahrt-neu-i_c-salzburg-ag-1170x658.jpg\" class=\"attachment-1170_658 size-1170_658\" alt=\"Egy s\u00e9tahaj\u00f3n \u00fcl\u0151 p\u00e1r b\u00e1mul egy m\u00e1sik haj\u00f3t a Wolfgangsee t\u00f3n\u00e1l, a h\u00e1tt\u00e9rben hegyek \u00e9s h\u00e1zak. (Nagy\u00edtott n\u00e9zet)\" srcset=\"https:\/\/www.salzburgerland.com\/hu\/wp-content\/uploads\/2019\/05\/wolfgangseeschifffahrt-neu-i_c-salzburg-ag-1170x658.jpg 1170w, https:\/\/www.salzburgerland.com\/hu\/wp-content\/uploads\/2019\/05\/wolfgangseeschifffahrt-neu-i_c-salzburg-ag-1200x675.jpg 1200w\" sizes=\"(max-width: 1170px) 100vw, 1170px\" aria-describedby=\"figcaption-15712-8377\" itemprop=\"thumbnail\"><\/a><\/div>\n\t\t\t\t\t\t<span id=\"figcaption-15712-8377\" class=\"gallery-caption\" itemprop=\"caption\"><span aria-hidden=\"true\">S\u00e9tahaj\u00f3k\u00e1z\u00e1s a Wolfgangsee viz\u00e9n \u00a9 Salzburg AG, Christian Schartner<\/span><\/span>\n\t\t\t\t\t<\/li>\n\t\t\t\t\t<li class=\"gallery-item col-3\" itemprop=\"associatedMedia\" itemscope itemtype=\"http:\/\/schema.org\/ImageObject\">\n\t\t\t\t\t\t<div class=\"gallery-icon landscape\"><a href=\"https:\/\/www.salzburgerland.com\/hu\/wp-content\/uploads\/2019\/05\/wolfgangseeschifffahrt-ms-oesterreich-copyright-salzburg-ag-1920x1067.jpg\" title=\"WolfgangseeSchifffahrt MS \u00d6sterreich Copyright Salzburg AG\"><img decoding=\"async\" data-title=\"A Wolfgangsee ny\u00e1ri l\u00e1tk\u00e9pe az egyik modern s\u00e9tahaj\u00f3val \u00a9 Salzburg AG\" title=\"A Wolfgangsee ny\u00e1ri l\u00e1tk\u00e9pe az egyik modern s\u00e9tahaj\u00f3val \u00a9 Salzburg AG\" data-caption=\"A Wolfgangsee ny\u00e1ri l\u00e1tk\u00e9pe az egyik modern s\u00e9tahaj\u00f3val \u00a9 Salzburg AG\" width=\"1170\" height=\"658\" src=\"https:\/\/www.salzburgerland.com\/hu\/wp-content\/uploads\/2019\/05\/wolfgangseeschifffahrt-ms-oesterreich-copyright-salzburg-ag-1170x658.jpg\" class=\"attachment-1170_658 size-1170_658\" alt=\"Kis sziget egy f\u00e1val a t\u00fcrkizk\u00e9k t\u00f3ban Salzburg k\u00f6zel\u00e9ben, cs\u00f3nak halad el, h\u00e1tt\u00e9rben hegy \u00e9s t\u00e1voli h\u00e1zak. (Nagy\u00edtott n\u00e9zet)\" srcset=\"https:\/\/www.salzburgerland.com\/hu\/wp-content\/uploads\/2019\/05\/wolfgangseeschifffahrt-ms-oesterreich-copyright-salzburg-ag-1170x658.jpg 1170w, https:\/\/www.salzburgerland.com\/hu\/wp-content\/uploads\/2019\/05\/wolfgangseeschifffahrt-ms-oesterreich-copyright-salzburg-ag-1200x675.jpg 1200w\" sizes=\"(max-width: 1170px) 100vw, 1170px\" aria-describedby=\"figcaption-15712-6669\" itemprop=\"thumbnail\"><\/a><\/div>\n\t\t\t\t\t\t<span id=\"figcaption-15712-6669\" class=\"gallery-caption\" itemprop=\"caption\"><span aria-hidden=\"true\">A Wolfgangsee ny\u00e1ri l\u00e1tk\u00e9pe az egyik modern s\u00e9tahaj\u00f3val \u00a9 Salzburg AG<\/span><\/span>\n\t\t\t\t\t<\/li>\n\t\t\t\t<\/ul>\n\t\t\t<\/div><!-- .gallery -->\n\n","protected":false},"excerpt":{"rendered":"<p>A k\u00f6z\u00e9p-eur\u00f3pai tavak k\u00f6z\u00fcl alighanem a Wolfgangsee a legszebb. S\u00e9tahaj\u00f3zni is lehet rajta az idillikus salzkammerguti telep\u00fcl\u00e9sek, St. Wolfgang, St. Gilgen \u00e9s Strobl k\u00f6z\u00f6tt, a WolfgangseeSchifffahrt haj\u00f3ival. T\u00f6bb mint 150 \u00e9ve, 1873-ban bocs\u00e1tott\u00e1k itt v\u00edzre a vil\u00e1g egyik leg\u00f6regebb lap\u00e1tkerekes g\u0151zhaj\u00f3j\u00e1t, az \u201eI. Ferenc J\u00f3zsef cs\u00e1sz\u00e1r\u201d-t. Ez a \u00a0nosztalgikus haj\u00f3 a filmesek kedvence, \u00e9s m\u00e9g [&hellip;]<\/p>\n","protected":false},"author":21,"featured_media":21415,"comment_status":"closed","ping_status":"closed","sticky":false,"template":"","format":"standard","meta":{"_acf_changed":false,"wl_entities_gutenberg":"","_relevanssi_hide_post":"","_relevanssi_hide_content":"","_relevanssi_pin_for_all":"","_relevanssi_pin_keywords":"","_relevanssi_unpin_keywords":"","_relevanssi_related_keywords":"","_relevanssi_related_include_ids":"","_relevanssi_related_exclude_ids":"","_relevanssi_related_no_append":"","_relevanssi_related_not_related":"","_relevanssi_related_posts":"","_relevanssi_noindex_reason":"","footnotes":""},"categories":[1],"tags":[415,416],"wl_entity_type":[27],"class_list":["post-15712","post","type-post","status-publish","format-standard","has-post-thumbnail","hentry","category-uncategorized","tag-hajokazas","tag-wolfgangsee","wl_entity_type-article"],"acf":[],"yoast_head":"<!-- This site is optimized with the Yoast SEO Premium plugin v27.4 (Yoast SEO v27.4) - https:\/\/yoast.com\/product\/yoast-seo-premium-wordpress\/ -->\n<title>Haj\u00f3k\u00e1z\u00e1s a Wolfgangsee tavon \u00bb SalzburgerLand.com<\/title>\n<meta name=\"description\" content=\"%%cf_teasertext%% A k\u00f6z\u00e9p-eur\u00f3pai tavak k\u00f6z\u00fcl alighanem a Wolfgangsee a legszebb.\" \/>\n<meta name=\"robots\" content=\"index, follow, max-snippet:-1, max-image-preview:large, max-video-preview:-1\" \/>\n<link rel=\"canonical\" href=\"https:\/\/www.salzburgerland.com\/hu\/a-wolfgangsee-to-regioja-hajout-a-wolfgangsee-n\/\" \/>\n<meta property=\"og:locale\" content=\"hu_HU\" \/>\n<meta property=\"og:type\" content=\"article\" \/>\n<meta property=\"og:title\" content=\"Haj\u00f3k\u00e1z\u00e1s a Wolfgangsee tavon\" \/>\n<meta property=\"og:description\" content=\"A k\u00f6z\u00e9p-eur\u00f3pai tavak k\u00f6z\u00fcl alighanem a Wolfgangsee a legszebb. S\u00e9tahaj\u00f3zni is lehet rajta az idillikus salzkammerguti telep\u00fcl\u00e9sek, St. Wolfgang, St.\" \/>\n<meta property=\"og:url\" content=\"https:\/\/www.salzburgerland.com\/hu\/a-wolfgangsee-to-regioja-hajout-a-wolfgangsee-n\/\" \/>\n<meta property=\"og:site_name\" content=\"SalzburgerLand.com\" \/>\n<meta property=\"article:publisher\" content=\"https:\/\/www.facebook.com\/visitsalzburgerland\/\" \/>\n<meta property=\"article:published_time\" content=\"2022-05-12T15:45:33+00:00\" \/>\n<meta property=\"article:modified_time\" content=\"2025-03-26T22:00:17+00:00\" \/>\n<meta property=\"og:image\" content=\"https:\/\/www.salzburgerland.com\/hu\/wp-content\/uploads\/2022\/05\/ms-oesterreich-wolfgangseeschifffahrt-c-salzburg-ag-1200x675.jpg\" \/>\n\t<meta property=\"og:image:width\" content=\"1200\" \/>\n\t<meta property=\"og:image:height\" content=\"675\" \/>\n\t<meta property=\"og:image:type\" content=\"image\/jpeg\" \/>\n<meta name=\"author\" content=\"Hajnalka K\u00e1di\" \/>\n<meta name=\"twitter:card\" content=\"summary_large_image\" \/>\n<meta name=\"twitter:creator\" content=\"@salzburgerland\" \/>\n<meta name=\"twitter:site\" content=\"@salzburgerland\" \/>\n<meta name=\"twitter:label1\" content=\"Szerz\u0151:\" \/>\n\t<meta name=\"twitter:data1\" content=\"Hajnalka K\u00e1di\" \/>\n\t<meta name=\"twitter:label2\" content=\"Becs\u00fclt olvas\u00e1si id\u0151\" \/>\n\t<meta name=\"twitter:data2\" content=\"1 perc\" \/>\n<script type=\"application\/ld+json\" class=\"yoast-schema-graph\">{\"@context\":\"https:\\\/\\\/schema.org\",\"@graph\":[{\"@type\":\"Article\",\"@id\":\"https:\\\/\\\/www.salzburgerland.com\\\/hu\\\/a-wolfgangsee-to-regioja-hajout-a-wolfgangsee-n\\\/#article\",\"isPartOf\":{\"@id\":\"https:\\\/\\\/www.salzburgerland.com\\\/hu\\\/a-wolfgangsee-to-regioja-hajout-a-wolfgangsee-n\\\/\"},\"author\":{\"name\":\"Hajnalka K\u00e1di\",\"@id\":\"https:\\\/\\\/www.salzburgerland.com\\\/hu\\\/#\\\/schema\\\/person\\\/e4905df070d9b3c52e1e4c730b26aa5a\"},\"headline\":\"Haj\u00f3k\u00e1z\u00e1s a Wolfgangsee tavon\",\"datePublished\":\"2022-05-12T15:45:33+00:00\",\"dateModified\":\"2025-03-26T22:00:17+00:00\",\"mainEntityOfPage\":{\"@id\":\"https:\\\/\\\/www.salzburgerland.com\\\/hu\\\/a-wolfgangsee-to-regioja-hajout-a-wolfgangsee-n\\\/\"},\"wordCount\":99,\"image\":{\"@id\":\"https:\\\/\\\/www.salzburgerland.com\\\/hu\\\/a-wolfgangsee-to-regioja-hajout-a-wolfgangsee-n\\\/#primaryimage\"},\"thumbnailUrl\":\"https:\\\/\\\/www.salzburgerland.com\\\/hu\\\/wp-content\\\/uploads\\\/2022\\\/05\\\/ms-oesterreich-wolfgangseeschifffahrt-c-salzburg-ag.jpg\",\"keywords\":[\"haj\u00f3k\u00e1z\u00e1s\",\"Wolfgangsee\"],\"articleSection\":[\"Uncategorized\"],\"inLanguage\":\"hu\"},{\"@type\":\"WebPage\",\"@id\":\"https:\\\/\\\/www.salzburgerland.com\\\/hu\\\/a-wolfgangsee-to-regioja-hajout-a-wolfgangsee-n\\\/\",\"url\":\"https:\\\/\\\/www.salzburgerland.com\\\/hu\\\/a-wolfgangsee-to-regioja-hajout-a-wolfgangsee-n\\\/\",\"name\":\"Haj\u00f3k\u00e1z\u00e1s a Wolfgangsee tavon \u00bb SalzburgerLand.com\",\"isPartOf\":{\"@id\":\"https:\\\/\\\/www.salzburgerland.com\\\/hu\\\/#website\"},\"primaryImageOfPage\":{\"@id\":\"https:\\\/\\\/www.salzburgerland.com\\\/hu\\\/a-wolfgangsee-to-regioja-hajout-a-wolfgangsee-n\\\/#primaryimage\"},\"image\":{\"@id\":\"https:\\\/\\\/www.salzburgerland.com\\\/hu\\\/a-wolfgangsee-to-regioja-hajout-a-wolfgangsee-n\\\/#primaryimage\"},\"thumbnailUrl\":\"https:\\\/\\\/www.salzburgerland.com\\\/hu\\\/wp-content\\\/uploads\\\/2022\\\/05\\\/ms-oesterreich-wolfgangseeschifffahrt-c-salzburg-ag.jpg\",\"datePublished\":\"2022-05-12T15:45:33+00:00\",\"dateModified\":\"2025-03-26T22:00:17+00:00\",\"author\":{\"@id\":\"https:\\\/\\\/www.salzburgerland.com\\\/hu\\\/#\\\/schema\\\/person\\\/e4905df070d9b3c52e1e4c730b26aa5a\"},\"description\":\"A k\u00f6z\u00e9p-eur\u00f3pai tavak k\u00f6z\u00fcl alighanem a Wolfgangsee a legszebb. A k\u00f6z\u00e9p-eur\u00f3pai tavak k\u00f6z\u00fcl alighanem a Wolfgangsee a legszebb.\",\"breadcrumb\":{\"@id\":\"https:\\\/\\\/www.salzburgerland.com\\\/hu\\\/a-wolfgangsee-to-regioja-hajout-a-wolfgangsee-n\\\/#breadcrumb\"},\"inLanguage\":\"hu\",\"potentialAction\":[{\"@type\":\"ReadAction\",\"target\":[\"https:\\\/\\\/www.salzburgerland.com\\\/hu\\\/a-wolfgangsee-to-regioja-hajout-a-wolfgangsee-n\\\/\"]}]},{\"@type\":\"ImageObject\",\"inLanguage\":\"hu\",\"@id\":\"https:\\\/\\\/www.salzburgerland.com\\\/hu\\\/a-wolfgangsee-to-regioja-hajout-a-wolfgangsee-n\\\/#primaryimage\",\"url\":\"https:\\\/\\\/www.salzburgerland.com\\\/hu\\\/wp-content\\\/uploads\\\/2022\\\/05\\\/ms-oesterreich-wolfgangseeschifffahrt-c-salzburg-ag.jpg\",\"contentUrl\":\"https:\\\/\\\/www.salzburgerland.com\\\/hu\\\/wp-content\\\/uploads\\\/2022\\\/05\\\/ms-oesterreich-wolfgangseeschifffahrt-c-salzburg-ag.jpg\",\"width\":1920,\"height\":1280,\"caption\":\"Haj\u00f3k\u00e1z\u00e1s a Wolfgangsee tavon \u00a9 Salzburg AG\"},{\"@type\":\"BreadcrumbList\",\"@id\":\"https:\\\/\\\/www.salzburgerland.com\\\/hu\\\/a-wolfgangsee-to-regioja-hajout-a-wolfgangsee-n\\\/#breadcrumb\",\"itemListElement\":[{\"@type\":\"ListItem\",\"position\":1,\"name\":\"A Wolfgangsee t\u00f3 r\u00e9gi\u00f3ja - ny\u00e1ron\",\"item\":\"https:\\\/\\\/www.salzburgerland.com\\\/hu\\\/a-wolfgangsee-to-regioja-nyar\\\/\"},{\"@type\":\"ListItem\",\"position\":2,\"name\":\"Haj\u00f3k\u00e1z\u00e1s a Wolfgangsee tavon\"}]},{\"@type\":\"WebSite\",\"@id\":\"https:\\\/\\\/www.salzburgerland.com\\\/hu\\\/#website\",\"url\":\"https:\\\/\\\/www.salzburgerland.com\\\/hu\\\/\",\"name\":\"SalzburgerLand.com\",\"description\":\"\u00dcd\u00fcl\u00e9s Ausztri\u00e1ban, Salzburg tartom\u00e1nyban\",\"potentialAction\":[{\"@type\":\"SearchAction\",\"target\":{\"@type\":\"EntryPoint\",\"urlTemplate\":\"https:\\\/\\\/www.salzburgerland.com\\\/hu\\\/?s={search_term_string}\"},\"query-input\":{\"@type\":\"PropertyValueSpecification\",\"valueRequired\":true,\"valueName\":\"search_term_string\"}}],\"inLanguage\":\"hu\"},{\"@type\":\"Person\",\"@id\":\"https:\\\/\\\/www.salzburgerland.com\\\/hu\\\/#\\\/schema\\\/person\\\/e4905df070d9b3c52e1e4c730b26aa5a\",\"name\":\"Hajnalka K\u00e1di\",\"image\":{\"@type\":\"ImageObject\",\"inLanguage\":\"hu\",\"@id\":\"https:\\\/\\\/secure.gravatar.com\\\/avatar\\\/e8c1eecf3b2c49d295cebc6aba0de06d13ec77aa0cf9ccec32725949011b69d2?s=96&d=mm&r=g\",\"url\":\"https:\\\/\\\/secure.gravatar.com\\\/avatar\\\/e8c1eecf3b2c49d295cebc6aba0de06d13ec77aa0cf9ccec32725949011b69d2?s=96&d=mm&r=g\",\"contentUrl\":\"https:\\\/\\\/secure.gravatar.com\\\/avatar\\\/e8c1eecf3b2c49d295cebc6aba0de06d13ec77aa0cf9ccec32725949011b69d2?s=96&d=mm&r=g\",\"caption\":\"Hajnalka K\u00e1di\"}}]}<\/script>\n<meta property=\"og:video\" content=\"https:\/\/www.youtube.com\/embed\/vB--B7USh70\" \/>\n<meta property=\"og:video:type\" content=\"text\/html\" \/>\n<meta property=\"og:video:duration\" content=\"81\" \/>\n<meta property=\"og:video:width\" content=\"480\" \/>\n<meta property=\"og:video:height\" content=\"270\" \/>\n<meta property=\"ya:ovs:adult\" content=\"false\" \/>\n<meta property=\"ya:ovs:upload_date\" content=\"2022-05-12T15:45:33+00:00\" \/>\n<meta property=\"ya:ovs:allow_embed\" content=\"true\" \/>\n<!-- \/ Yoast SEO Premium plugin. -->","yoast_head_json":{"title":"Haj\u00f3k\u00e1z\u00e1s a Wolfgangsee tavon \u00bb SalzburgerLand.com","description":"%%cf_teasertext%% A k\u00f6z\u00e9p-eur\u00f3pai tavak k\u00f6z\u00fcl alighanem a Wolfgangsee a legszebb.","robots":{"index":"index","follow":"follow","max-snippet":"max-snippet:-1","max-image-preview":"max-image-preview:large","max-video-preview":"max-video-preview:-1"},"canonical":"https:\/\/www.salzburgerland.com\/hu\/a-wolfgangsee-to-regioja-hajout-a-wolfgangsee-n\/","og_locale":"hu_HU","og_type":"article","og_title":"Haj\u00f3k\u00e1z\u00e1s a Wolfgangsee tavon","og_description":"A k\u00f6z\u00e9p-eur\u00f3pai tavak k\u00f6z\u00fcl alighanem a Wolfgangsee a legszebb. S\u00e9tahaj\u00f3zni is lehet rajta az idillikus salzkammerguti telep\u00fcl\u00e9sek, St. Wolfgang, St.","og_url":"https:\/\/www.salzburgerland.com\/hu\/a-wolfgangsee-to-regioja-hajout-a-wolfgangsee-n\/","og_site_name":"SalzburgerLand.com","article_publisher":"https:\/\/www.facebook.com\/visitsalzburgerland\/","article_published_time":"2022-05-12T15:45:33+00:00","article_modified_time":"2025-03-26T22:00:17+00:00","og_image":[{"width":1200,"height":675,"url":"https:\/\/www.salzburgerland.com\/hu\/wp-content\/uploads\/2022\/05\/ms-oesterreich-wolfgangseeschifffahrt-c-salzburg-ag-1200x675.jpg","type":"image\/jpeg"}],"author":"Hajnalka K\u00e1di","twitter_card":"summary_large_image","twitter_creator":"@salzburgerland","twitter_site":"@salzburgerland","twitter_misc":{"Szerz\u0151:":"Hajnalka K\u00e1di","Becs\u00fclt olvas\u00e1si id\u0151":"1 perc"},"schema":{"@context":"https:\/\/schema.org","@graph":[{"@type":"Article","@id":"https:\/\/www.salzburgerland.com\/hu\/a-wolfgangsee-to-regioja-hajout-a-wolfgangsee-n\/#article","isPartOf":{"@id":"https:\/\/www.salzburgerland.com\/hu\/a-wolfgangsee-to-regioja-hajout-a-wolfgangsee-n\/"},"author":{"name":"Hajnalka K\u00e1di","@id":"https:\/\/www.salzburgerland.com\/hu\/#\/schema\/person\/e4905df070d9b3c52e1e4c730b26aa5a"},"headline":"Haj\u00f3k\u00e1z\u00e1s a Wolfgangsee tavon","datePublished":"2022-05-12T15:45:33+00:00","dateModified":"2025-03-26T22:00:17+00:00","mainEntityOfPage":{"@id":"https:\/\/www.salzburgerland.com\/hu\/a-wolfgangsee-to-regioja-hajout-a-wolfgangsee-n\/"},"wordCount":99,"image":{"@id":"https:\/\/www.salzburgerland.com\/hu\/a-wolfgangsee-to-regioja-hajout-a-wolfgangsee-n\/#primaryimage"},"thumbnailUrl":"https:\/\/www.salzburgerland.com\/hu\/wp-content\/uploads\/2022\/05\/ms-oesterreich-wolfgangseeschifffahrt-c-salzburg-ag.jpg","keywords":["haj\u00f3k\u00e1z\u00e1s","Wolfgangsee"],"articleSection":["Uncategorized"],"inLanguage":"hu"},{"@type":"WebPage","@id":"https:\/\/www.salzburgerland.com\/hu\/a-wolfgangsee-to-regioja-hajout-a-wolfgangsee-n\/","url":"https:\/\/www.salzburgerland.com\/hu\/a-wolfgangsee-to-regioja-hajout-a-wolfgangsee-n\/","name":"Haj\u00f3k\u00e1z\u00e1s a Wolfgangsee tavon \u00bb SalzburgerLand.com","isPartOf":{"@id":"https:\/\/www.salzburgerland.com\/hu\/#website"},"primaryImageOfPage":{"@id":"https:\/\/www.salzburgerland.com\/hu\/a-wolfgangsee-to-regioja-hajout-a-wolfgangsee-n\/#primaryimage"},"image":{"@id":"https:\/\/www.salzburgerland.com\/hu\/a-wolfgangsee-to-regioja-hajout-a-wolfgangsee-n\/#primaryimage"},"thumbnailUrl":"https:\/\/www.salzburgerland.com\/hu\/wp-content\/uploads\/2022\/05\/ms-oesterreich-wolfgangseeschifffahrt-c-salzburg-ag.jpg","datePublished":"2022-05-12T15:45:33+00:00","dateModified":"2025-03-26T22:00:17+00:00","author":{"@id":"https:\/\/www.salzburgerland.com\/hu\/#\/schema\/person\/e4905df070d9b3c52e1e4c730b26aa5a"},"description":"A k\u00f6z\u00e9p-eur\u00f3pai tavak k\u00f6z\u00fcl alighanem a Wolfgangsee a legszebb. A k\u00f6z\u00e9p-eur\u00f3pai tavak k\u00f6z\u00fcl alighanem a Wolfgangsee a legszebb.","breadcrumb":{"@id":"https:\/\/www.salzburgerland.com\/hu\/a-wolfgangsee-to-regioja-hajout-a-wolfgangsee-n\/#breadcrumb"},"inLanguage":"hu","potentialAction":[{"@type":"ReadAction","target":["https:\/\/www.salzburgerland.com\/hu\/a-wolfgangsee-to-regioja-hajout-a-wolfgangsee-n\/"]}]},{"@type":"ImageObject","inLanguage":"hu","@id":"https:\/\/www.salzburgerland.com\/hu\/a-wolfgangsee-to-regioja-hajout-a-wolfgangsee-n\/#primaryimage","url":"https:\/\/www.salzburgerland.com\/hu\/wp-content\/uploads\/2022\/05\/ms-oesterreich-wolfgangseeschifffahrt-c-salzburg-ag.jpg","contentUrl":"https:\/\/www.salzburgerland.com\/hu\/wp-content\/uploads\/2022\/05\/ms-oesterreich-wolfgangseeschifffahrt-c-salzburg-ag.jpg","width":1920,"height":1280,"caption":"Haj\u00f3k\u00e1z\u00e1s a Wolfgangsee tavon \u00a9 Salzburg AG"},{"@type":"BreadcrumbList","@id":"https:\/\/www.salzburgerland.com\/hu\/a-wolfgangsee-to-regioja-hajout-a-wolfgangsee-n\/#breadcrumb","itemListElement":[{"@type":"ListItem","position":1,"name":"A Wolfgangsee t\u00f3 r\u00e9gi\u00f3ja - ny\u00e1ron","item":"https:\/\/www.salzburgerland.com\/hu\/a-wolfgangsee-to-regioja-nyar\/"},{"@type":"ListItem","position":2,"name":"Haj\u00f3k\u00e1z\u00e1s a Wolfgangsee tavon"}]},{"@type":"WebSite","@id":"https:\/\/www.salzburgerland.com\/hu\/#website","url":"https:\/\/www.salzburgerland.com\/hu\/","name":"SalzburgerLand.com","description":"\u00dcd\u00fcl\u00e9s Ausztri\u00e1ban, Salzburg tartom\u00e1nyban","potentialAction":[{"@type":"SearchAction","target":{"@type":"EntryPoint","urlTemplate":"https:\/\/www.salzburgerland.com\/hu\/?s={search_term_string}"},"query-input":{"@type":"PropertyValueSpecification","valueRequired":true,"valueName":"search_term_string"}}],"inLanguage":"hu"},{"@type":"Person","@id":"https:\/\/www.salzburgerland.com\/hu\/#\/schema\/person\/e4905df070d9b3c52e1e4c730b26aa5a","name":"Hajnalka K\u00e1di","image":{"@type":"ImageObject","inLanguage":"hu","@id":"https:\/\/secure.gravatar.com\/avatar\/e8c1eecf3b2c49d295cebc6aba0de06d13ec77aa0cf9ccec32725949011b69d2?s=96&d=mm&r=g","url":"https:\/\/secure.gravatar.com\/avatar\/e8c1eecf3b2c49d295cebc6aba0de06d13ec77aa0cf9ccec32725949011b69d2?s=96&d=mm&r=g","contentUrl":"https:\/\/secure.gravatar.com\/avatar\/e8c1eecf3b2c49d295cebc6aba0de06d13ec77aa0cf9ccec32725949011b69d2?s=96&d=mm&r=g","caption":"Hajnalka K\u00e1di"}}]},"og_video":"https:\/\/www.youtube.com\/embed\/vB--B7USh70","og_video_type":"text\/html","og_video_duration":"81","og_video_width":"480","og_video_height":"270","ya_ovs_adult":"false","ya_ovs_upload_date":"2022-05-12T15:45:33+00:00","ya_ovs_allow_embed":"true"},"_wl_alt_label":[],"wl:entity_url":"http:\/\/open.salzburgerland.com\/hu\/post\/a-wolfgang-15712","_links":{"self":[{"href":"https:\/\/www.salzburgerland.com\/hu\/wp-json\/wp\/v2\/posts\/15712","targetHints":{"allow":["GET"]}}],"collection":[{"href":"https:\/\/www.salzburgerland.com\/hu\/wp-json\/wp\/v2\/posts"}],"about":[{"href":"https:\/\/www.salzburgerland.com\/hu\/wp-json\/wp\/v2\/types\/post"}],"author":[{"embeddable":true,"href":"https:\/\/www.salzburgerland.com\/hu\/wp-json\/wp\/v2\/users\/21"}],"replies":[{"embeddable":true,"href":"https:\/\/www.salzburgerland.com\/hu\/wp-json\/wp\/v2\/comments?post=15712"}],"version-history":[{"count":6,"href":"https:\/\/www.salzburgerland.com\/hu\/wp-json\/wp\/v2\/posts\/15712\/revisions"}],"predecessor-version":[{"id":22824,"href":"https:\/\/www.salzburgerland.com\/hu\/wp-json\/wp\/v2\/posts\/15712\/revisions\/22824"}],"wp:featuredmedia":[{"embeddable":true,"href":"https:\/\/www.salzburgerland.com\/hu\/wp-json\/wp\/v2\/media\/21415"}],"wp:attachment":[{"href":"https:\/\/www.salzburgerland.com\/hu\/wp-json\/wp\/v2\/media?parent=15712"}],"wp:term":[{"taxonomy":"category","embeddable":true,"href":"https:\/\/www.salzburgerland.com\/hu\/wp-json\/wp\/v2\/categories?post=15712"},{"taxonomy":"post_tag","embeddable":true,"href":"https:\/\/www.salzburgerland.com\/hu\/wp-json\/wp\/v2\/tags?post=15712"},{"taxonomy":"wl_entity_type","embeddable":true,"href":"https:\/\/www.salzburgerland.com\/hu\/wp-json\/wp\/v2\/wl_entity_type?post=15712"}],"curies":[{"name":"wp","href":"https:\/\/api.w.org\/{rel}","templated":true}]}}