{"id":15436,"date":"2022-04-22T21:10:22","date_gmt":"2022-04-22T19:10:22","guid":{"rendered":"https:\/\/www.salzburgerland.com\/hu\/?p=15436"},"modified":"2022-10-07T21:01:21","modified_gmt":"2022-10-07T19:01:21","slug":"salzburgi-saalachtal-turazas","status":"publish","type":"post","link":"https:\/\/www.salzburgerland.com\/hu\/salzburgi-saalachtal-turazas\/","title":{"rendered":"Kir\u00e1ndul\u00e1s gyerekekkel a Salzburgi Saalachtal-ban"},"content":{"rendered":"<h2>A Seisenbergklamm szurdok<\/h2>\n<p>A 600 m\u00e9ter hossz\u00fa, 50 m\u00e9ter m\u00e9ly <a href=\"https:\/\/www.lofer.com\/en\/salzburger-saalachtal\/sights-and-excursions\/seisenbergklamm\/\" target=\"_blank\" rel=\"noopener noreferrer\"><strong>Seisenbergklamm szurdok<\/strong><\/a> bej\u00e1rata nem esik messze <strong>Wei\u00dfbach<\/strong> k\u00f6zpontj\u00e1t\u00f3l. A szurdok helyenk\u00e9nt eg\u00e9szen \u00f6sszesz\u0171k\u00fcl, <strong>van, ahol csak 80 centim\u00e9ter sz\u00e9les<\/strong>. <strong>Fav\u00e1g\u00f3k \u00e9p\u00edtett\u00e9k ki<\/strong> a szurdokon \u00e1t vezet\u0151 utat, a v\u00edzen sz\u00e1ll\u00edtott\u00e1k a far\u00f6nk\u00f6ket a v\u00f6lgybe. A monda szerint id\u0151nk\u00e9nt a szurdok szellem\u00e9t is hallott\u00e1k l\u00e1rm\u00e1zni.<\/p>\n<p>A szurdok ny\u00edl\u00e1s\u00e1n\u00e1l csod\u00e1latos <strong>t\u00faraparadicsom<\/strong> ter\u00fcl el. A fest\u0151i <strong>Kallbrunnalm<\/strong> legel\u0151 \u00e9s a Alpengasthof <strong>Hirschbichl<\/strong> hegyi \u00e9tterem ar\u00e1nylag k\u00f6nnyen el\u00e9rhet\u0151. A falu k\u00f6zpontj\u00e1b\u00f3l <strong>t\u00farabusz<\/strong> is indul a legel\u0151i t\u00far\u00e1k kiindul\u00f3pontj\u00e1hoz.<\/p>\n<div id=\"attachment_4196\" style=\"width: 1180px\" class=\"wp-caption alignnone\"><img decoding=\"async\" aria-describedby=\"caption-attachment-4196\" class=\"wp-image-4196 size-1170_658\" src=\"https:\/\/cdn.salzburgerland.com\/hu\/wp-content\/uploads\/2019\/05\/kallbrunnalm-0-achim-meur-1170x658.jpg\" alt=\"\" width=\"1170\" height=\"658\" srcset=\"https:\/\/www.salzburgerland.com\/hu\/wp-content\/uploads\/2019\/05\/kallbrunnalm-0-achim-meur-1170x658.jpg 1170w, https:\/\/www.salzburgerland.com\/hu\/wp-content\/uploads\/2019\/05\/kallbrunnalm-0-achim-meur-1200x675.jpg 1200w\" sizes=\"(max-width: 1170px) 100vw, 1170px\"><p id=\"caption-attachment-4196\" class=\"wp-caption-text\">Az 1450 \u2013 1600 m\u00e9teres magass\u00e1gban, Wei\u00dfbach bei Lofer mellett elter\u00fcl\u0151 Kallbrunnalm alpesi legel\u0151 e-bringa-t\u00far\u00e1k ide\u00e1lis c\u00e9lpontja \u00a9 Achim Meurer<\/p><\/div>\n<h2>A <strong>Die\u00dfbach<\/strong> v\u00edzt\u00e1roz\u00f3<\/h2>\n<p>A <strong>Die\u00dfbach<\/strong> patak viz\u00e9nek duzzaszt\u00e1s\u00e1val \u00faj v\u00edzt\u00e1roz\u00f3 j\u00f6tt l\u00e9tre a hatvanas \u00e9vek elej\u00e9n a Kallbrunnalm legel\u0151n. A tavat energiatermel\u00e9si \u00e9s \u00e1rv\u00edzv\u00e9delmi c\u00e9llal alak\u00edtott\u00e1k ki, sz\u00e9ps\u00e9ge miatt azonban turist\u00e1k \u00e9s bring\u00e1sok kedvelt \u00fatic\u00e9lj\u00e1v\u00e1 lett.<\/p>\n<div id=\"attachment_4207\" style=\"width: 1180px\" class=\"wp-caption alignnone\"><img decoding=\"async\" aria-describedby=\"caption-attachment-4207\" class=\"wp-image-4207 size-1170_658\" src=\"https:\/\/cdn.salzburgerland.com\/hu\/wp-content\/uploads\/2019\/05\/diesbachstausee-spiegelung--1170x658.jpg\" alt=\"\" width=\"1170\" height=\"658\" srcset=\"https:\/\/www.salzburgerland.com\/hu\/wp-content\/uploads\/2019\/05\/diesbachstausee-spiegelung--1170x658.jpg 1170w, https:\/\/www.salzburgerland.com\/hu\/wp-content\/uploads\/2019\/05\/diesbachstausee-spiegelung--1200x675.jpg 1200w\" sizes=\"(max-width: 1170px) 100vw, 1170px\"><p id=\"caption-attachment-4207\" class=\"wp-caption-text\">A Die\u00dfbach v\u00edzt\u00e1roz\u00f3 \u00a9 Naturpark Weissbach<\/p><\/div>\n<h2>Saalach-menti s\u00e9ta az es\u0151ben<\/h2>\n<p>Es\u0151ben is kellemes a <strong>Loferb\u0151l St. Martinba<\/strong> vezet\u0151 s\u00e9ta. Friss \u00e9s \u00fcde a leveg\u0151, a cs\u00facsok vastag, sz\u00fcrke felh\u0151be burkol\u00f3dztak, de a finom, enyhe es\u0151 j\u00f3t tesz a b\u0151rnek, \u00e9s fel\u00fcd\u00edti az embert. A kajakoz\u00f3k ilyenkor is a v\u00edzen vannak, meg se kottyan nekik egy kis es\u0151. \u00c9rdekes megfigyelni, milyen v\u00e1ltozatosak a foly\u00f3 szakaszai. A vad sodr\u00e1s\u00fa r\u00e9szeket hirtelen nyugodt szakaszok v\u00e1ltj\u00e1k f\u00f6l, ez\u00e9rt is olyan v\u00e1ltozatosak a r\u00e9gi\u00f3beli sportol\u00e1si lehet\u0151s\u00e9gek.<\/p>\n<div id=\"attachment_4192\" style=\"width: 1180px\" class=\"wp-caption alignnone\"><img decoding=\"async\" aria-describedby=\"caption-attachment-4192\" class=\"wp-image-4192 size-1170_658\" src=\"https:\/\/cdn.salzburgerland.com\/hu\/wp-content\/uploads\/2019\/05\/regenwandern-saalach-3-1170x658.jpg\" alt=\"\" width=\"1170\" height=\"658\" srcset=\"https:\/\/www.salzburgerland.com\/hu\/wp-content\/uploads\/2019\/05\/regenwandern-saalach-3-1170x658.jpg 1170w, https:\/\/www.salzburgerland.com\/hu\/wp-content\/uploads\/2019\/05\/regenwandern-saalach-3-1200x675.jpg 1200w\" sizes=\"(max-width: 1170px) 100vw, 1170px\"><p id=\"caption-attachment-4192\" class=\"wp-caption-text\">A Saalach ment\u00e9n s\u00e9t\u00e1lni es\u0151ben is \u00e9lm\u00e9ny \u00a9 Edith Danzer<\/p><\/div>\n<h2>Biztons\u00e1gi tan\u00e1csok<\/h2>\n<p>K\u00e9rj\u00fck tartsa szem el\u0151tt a helyi viszonyokra vonatkoz\u00f3\u00a0<a href=\"https:\/\/www.salzburgerland.com\/hu\/biztonsagi-eloirasok-az-alpokban-nyar\/\" target=\"_blank\" rel=\"noopener noreferrer\"><strong>biztons\u00e1gi tan\u00e1csainkat<\/strong><\/a>, \u00edgy megel\u0151zve az esetleges kellemetlen helyzeteket.<\/p>\n","protected":false},"excerpt":{"rendered":"<p>A Seisenbergklamm szurdok A 600 m\u00e9ter hossz\u00fa, 50 m\u00e9ter m\u00e9ly Seisenbergklamm szurdok bej\u00e1rata nem esik messze Wei\u00dfbach k\u00f6zpontj\u00e1t\u00f3l. A szurdok helyenk\u00e9nt eg\u00e9szen \u00f6sszesz\u0171k\u00fcl, van, ahol csak 80 centim\u00e9ter sz\u00e9les. Fav\u00e1g\u00f3k \u00e9p\u00edtett\u00e9k ki a szurdokon \u00e1t vezet\u0151 utat, a v\u00edzen sz\u00e1ll\u00edtott\u00e1k a far\u00f6nk\u00f6ket a v\u00f6lgybe. A monda szerint id\u0151nk\u00e9nt a szurdok szellem\u00e9t is hallott\u00e1k l\u00e1rm\u00e1zni. A [&hellip;]<\/p>\n","protected":false},"author":21,"featured_media":6892,"comment_status":"closed","ping_status":"closed","sticky":false,"template":"","format":"standard","meta":{"_acf_changed":false,"wl_entities_gutenberg":"","_relevanssi_hide_post":"","_relevanssi_hide_content":"","_relevanssi_pin_for_all":"","_relevanssi_pin_keywords":"","_relevanssi_unpin_keywords":"","_relevanssi_related_keywords":"","_relevanssi_related_include_ids":"","_relevanssi_related_exclude_ids":"","_relevanssi_related_no_append":"","_relevanssi_related_not_related":"","_relevanssi_related_posts":"","_relevanssi_noindex_reason":"","footnotes":""},"categories":[1],"tags":[388,389,327],"wl_entity_type":[27],"class_list":["post-15436","post","type-post","status-publish","format-standard","has-post-thumbnail","hentry","category-uncategorized","tag-kirandulas","tag-turaparadicsom","tag-turazas","wl_entity_type-article"],"acf":[],"yoast_head":"<!-- This site is optimized with the Yoast SEO Premium plugin v27.4 (Yoast SEO v27.4) - https:\/\/yoast.com\/product\/yoast-seo-premium-wordpress\/ -->\n<title>Kir\u00e1ndul\u00e1s gyerekekkel a Salzburgi Saalachtal-ban \u00bb SalzburgerLand.com<\/title>\n<meta name=\"description\" content=\"%%cf_teasertext%% T\u00far\u00e1z\u00e1s, kir\u00e1ndul\u00e1s, s\u00e9tautak a Salzburgi Saalachtal-ban\" \/>\n<meta name=\"robots\" content=\"index, follow, max-snippet:-1, max-image-preview:large, max-video-preview:-1\" \/>\n<link rel=\"canonical\" href=\"https:\/\/www.salzburgerland.com\/hu\/salzburgi-saalachtal-turazas\/\" \/>\n<meta property=\"og:locale\" content=\"hu_HU\" \/>\n<meta property=\"og:type\" content=\"article\" \/>\n<meta property=\"og:title\" content=\"Kir\u00e1ndul\u00e1s gyerekekkel a Salzburgi Saalachtal-ban\" \/>\n<meta property=\"og:description\" content=\"A Seisenbergklamm szurdok A 600 m\u00e9ter hossz\u00fa, 50 m\u00e9ter m\u00e9ly Seisenbergklamm szurdok bej\u00e1rata nem esik messze Wei\u00dfbach k\u00f6zpontj\u00e1t\u00f3l. A szurdok helyenk\u00e9nt\" \/>\n<meta property=\"og:url\" content=\"https:\/\/www.salzburgerland.com\/hu\/salzburgi-saalachtal-turazas\/\" \/>\n<meta property=\"og:site_name\" content=\"SalzburgerLand.com\" \/>\n<meta property=\"article:publisher\" content=\"https:\/\/www.facebook.com\/visitsalzburgerland\/\" \/>\n<meta property=\"article:published_time\" content=\"2022-04-22T19:10:22+00:00\" \/>\n<meta property=\"article:modified_time\" content=\"2022-10-07T19:01:21+00:00\" \/>\n<meta property=\"og:image\" content=\"https:\/\/www.salzburgerland.com\/hu\/wp-content\/uploads\/2019\/04\/salzburger-saalachtal-sommer10-1200x675.jpg\" \/>\n\t<meta property=\"og:image:width\" content=\"1200\" \/>\n\t<meta property=\"og:image:height\" content=\"675\" \/>\n\t<meta property=\"og:image:type\" content=\"image\/jpeg\" \/>\n<meta name=\"author\" content=\"Hajnalka K\u00e1di\" \/>\n<meta name=\"twitter:card\" content=\"summary_large_image\" \/>\n<meta name=\"twitter:creator\" content=\"@salzburgerland\" \/>\n<meta name=\"twitter:site\" content=\"@salzburgerland\" \/>\n<meta name=\"twitter:label1\" content=\"Szerz\u0151:\" \/>\n\t<meta name=\"twitter:data1\" content=\"Hajnalka K\u00e1di\" \/>\n\t<meta name=\"twitter:label2\" content=\"Becs\u00fclt olvas\u00e1si id\u0151\" \/>\n\t<meta name=\"twitter:data2\" content=\"3 perc\" \/>\n<script type=\"application\/ld+json\" class=\"yoast-schema-graph\">{\"@context\":\"https:\\\/\\\/schema.org\",\"@graph\":[{\"@type\":\"Article\",\"@id\":\"https:\\\/\\\/www.salzburgerland.com\\\/hu\\\/salzburgi-saalachtal-turazas\\\/#article\",\"isPartOf\":{\"@id\":\"https:\\\/\\\/www.salzburgerland.com\\\/hu\\\/salzburgi-saalachtal-turazas\\\/\"},\"author\":{\"name\":\"Hajnalka K\u00e1di\",\"@id\":\"https:\\\/\\\/www.salzburgerland.com\\\/hu\\\/#\\\/schema\\\/person\\\/e4905df070d9b3c52e1e4c730b26aa5a\"},\"headline\":\"Kir\u00e1ndul\u00e1s gyerekekkel a Salzburgi Saalachtal-ban\",\"datePublished\":\"2022-04-22T19:10:22+00:00\",\"dateModified\":\"2022-10-07T19:01:21+00:00\",\"mainEntityOfPage\":{\"@id\":\"https:\\\/\\\/www.salzburgerland.com\\\/hu\\\/salzburgi-saalachtal-turazas\\\/\"},\"wordCount\":397,\"image\":{\"@id\":\"https:\\\/\\\/www.salzburgerland.com\\\/hu\\\/salzburgi-saalachtal-turazas\\\/#primaryimage\"},\"thumbnailUrl\":\"https:\\\/\\\/www.salzburgerland.com\\\/hu\\\/wp-content\\\/uploads\\\/2019\\\/04\\\/salzburger-saalachtal-sommer10.jpg\",\"keywords\":[\"kir\u00e1ndul\u00e1s\",\"t\u00faraparadicsom\",\"t\u00far\u00e1z\u00e1s\"],\"articleSection\":[\"Uncategorized\"],\"inLanguage\":\"hu\"},{\"@type\":\"WebPage\",\"@id\":\"https:\\\/\\\/www.salzburgerland.com\\\/hu\\\/salzburgi-saalachtal-turazas\\\/\",\"url\":\"https:\\\/\\\/www.salzburgerland.com\\\/hu\\\/salzburgi-saalachtal-turazas\\\/\",\"name\":\"Kir\u00e1ndul\u00e1s gyerekekkel a Salzburgi Saalachtal-ban \u00bb SalzburgerLand.com\",\"isPartOf\":{\"@id\":\"https:\\\/\\\/www.salzburgerland.com\\\/hu\\\/#website\"},\"primaryImageOfPage\":{\"@id\":\"https:\\\/\\\/www.salzburgerland.com\\\/hu\\\/salzburgi-saalachtal-turazas\\\/#primaryimage\"},\"image\":{\"@id\":\"https:\\\/\\\/www.salzburgerland.com\\\/hu\\\/salzburgi-saalachtal-turazas\\\/#primaryimage\"},\"thumbnailUrl\":\"https:\\\/\\\/www.salzburgerland.com\\\/hu\\\/wp-content\\\/uploads\\\/2019\\\/04\\\/salzburger-saalachtal-sommer10.jpg\",\"datePublished\":\"2022-04-22T19:10:22+00:00\",\"dateModified\":\"2022-10-07T19:01:21+00:00\",\"author\":{\"@id\":\"https:\\\/\\\/www.salzburgerland.com\\\/hu\\\/#\\\/schema\\\/person\\\/e4905df070d9b3c52e1e4c730b26aa5a\"},\"description\":\"T\u00far\u00e1z\u00e1s, kir\u00e1ndul\u00e1s, csod\u00e1s szurdokok \u00e9s kellemes s\u00e9tautak felfedez\u00e9se a Salzburgi Saalachtal r\u00e9gi\u00f3ban. T\u00far\u00e1z\u00e1s, kir\u00e1ndul\u00e1s, s\u00e9tautak a Salzburgi Saalachtal-ban\",\"breadcrumb\":{\"@id\":\"https:\\\/\\\/www.salzburgerland.com\\\/hu\\\/salzburgi-saalachtal-turazas\\\/#breadcrumb\"},\"inLanguage\":\"hu\",\"potentialAction\":[{\"@type\":\"ReadAction\",\"target\":[\"https:\\\/\\\/www.salzburgerland.com\\\/hu\\\/salzburgi-saalachtal-turazas\\\/\"]}]},{\"@type\":\"ImageObject\",\"inLanguage\":\"hu\",\"@id\":\"https:\\\/\\\/www.salzburgerland.com\\\/hu\\\/salzburgi-saalachtal-turazas\\\/#primaryimage\",\"url\":\"https:\\\/\\\/www.salzburgerland.com\\\/hu\\\/wp-content\\\/uploads\\\/2019\\\/04\\\/salzburger-saalachtal-sommer10.jpg\",\"contentUrl\":\"https:\\\/\\\/www.salzburgerland.com\\\/hu\\\/wp-content\\\/uploads\\\/2019\\\/04\\\/salzburger-saalachtal-sommer10.jpg\",\"width\":1920,\"height\":1282,\"caption\":\"Salzburgi Saalachtal ny\u00e1ron \u00a9 SalzburgLand Tourismus\"},{\"@type\":\"BreadcrumbList\",\"@id\":\"https:\\\/\\\/www.salzburgerland.com\\\/hu\\\/salzburgi-saalachtal-turazas\\\/#breadcrumb\",\"itemListElement\":[{\"@type\":\"ListItem\",\"position\":1,\"name\":\"Salzburgi Saalachtal - NY\u00c1R\",\"item\":\"https:\\\/\\\/www.salzburgerland.com\\\/hu\\\/salzburgi-saalachtal-nyar\\\/\"},{\"@type\":\"ListItem\",\"position\":2,\"name\":\"Kir\u00e1ndul\u00e1s gyerekekkel a Salzburgi Saalachtal-ban\"}]},{\"@type\":\"WebSite\",\"@id\":\"https:\\\/\\\/www.salzburgerland.com\\\/hu\\\/#website\",\"url\":\"https:\\\/\\\/www.salzburgerland.com\\\/hu\\\/\",\"name\":\"SalzburgerLand.com\",\"description\":\"\u00dcd\u00fcl\u00e9s Ausztri\u00e1ban, Salzburg tartom\u00e1nyban\",\"potentialAction\":[{\"@type\":\"SearchAction\",\"target\":{\"@type\":\"EntryPoint\",\"urlTemplate\":\"https:\\\/\\\/www.salzburgerland.com\\\/hu\\\/?s={search_term_string}\"},\"query-input\":{\"@type\":\"PropertyValueSpecification\",\"valueRequired\":true,\"valueName\":\"search_term_string\"}}],\"inLanguage\":\"hu\"},{\"@type\":\"Person\",\"@id\":\"https:\\\/\\\/www.salzburgerland.com\\\/hu\\\/#\\\/schema\\\/person\\\/e4905df070d9b3c52e1e4c730b26aa5a\",\"name\":\"Hajnalka K\u00e1di\",\"image\":{\"@type\":\"ImageObject\",\"inLanguage\":\"hu\",\"@id\":\"https:\\\/\\\/secure.gravatar.com\\\/avatar\\\/e8c1eecf3b2c49d295cebc6aba0de06d13ec77aa0cf9ccec32725949011b69d2?s=96&d=mm&r=g\",\"url\":\"https:\\\/\\\/secure.gravatar.com\\\/avatar\\\/e8c1eecf3b2c49d295cebc6aba0de06d13ec77aa0cf9ccec32725949011b69d2?s=96&d=mm&r=g\",\"contentUrl\":\"https:\\\/\\\/secure.gravatar.com\\\/avatar\\\/e8c1eecf3b2c49d295cebc6aba0de06d13ec77aa0cf9ccec32725949011b69d2?s=96&d=mm&r=g\",\"caption\":\"Hajnalka K\u00e1di\"}}]}<\/script>\n<!-- \/ Yoast SEO Premium plugin. -->","yoast_head_json":{"title":"Kir\u00e1ndul\u00e1s gyerekekkel a Salzburgi Saalachtal-ban \u00bb SalzburgerLand.com","description":"%%cf_teasertext%% T\u00far\u00e1z\u00e1s, kir\u00e1ndul\u00e1s, s\u00e9tautak a Salzburgi Saalachtal-ban","robots":{"index":"index","follow":"follow","max-snippet":"max-snippet:-1","max-image-preview":"max-image-preview:large","max-video-preview":"max-video-preview:-1"},"canonical":"https:\/\/www.salzburgerland.com\/hu\/salzburgi-saalachtal-turazas\/","og_locale":"hu_HU","og_type":"article","og_title":"Kir\u00e1ndul\u00e1s gyerekekkel a Salzburgi Saalachtal-ban","og_description":"A Seisenbergklamm szurdok A 600 m\u00e9ter hossz\u00fa, 50 m\u00e9ter m\u00e9ly Seisenbergklamm szurdok bej\u00e1rata nem esik messze Wei\u00dfbach k\u00f6zpontj\u00e1t\u00f3l. A szurdok helyenk\u00e9nt","og_url":"https:\/\/www.salzburgerland.com\/hu\/salzburgi-saalachtal-turazas\/","og_site_name":"SalzburgerLand.com","article_publisher":"https:\/\/www.facebook.com\/visitsalzburgerland\/","article_published_time":"2022-04-22T19:10:22+00:00","article_modified_time":"2022-10-07T19:01:21+00:00","og_image":[{"width":1200,"height":675,"url":"https:\/\/www.salzburgerland.com\/hu\/wp-content\/uploads\/2019\/04\/salzburger-saalachtal-sommer10-1200x675.jpg","type":"image\/jpeg"}],"author":"Hajnalka K\u00e1di","twitter_card":"summary_large_image","twitter_creator":"@salzburgerland","twitter_site":"@salzburgerland","twitter_misc":{"Szerz\u0151:":"Hajnalka K\u00e1di","Becs\u00fclt olvas\u00e1si id\u0151":"3 perc"},"schema":{"@context":"https:\/\/schema.org","@graph":[{"@type":"Article","@id":"https:\/\/www.salzburgerland.com\/hu\/salzburgi-saalachtal-turazas\/#article","isPartOf":{"@id":"https:\/\/www.salzburgerland.com\/hu\/salzburgi-saalachtal-turazas\/"},"author":{"name":"Hajnalka K\u00e1di","@id":"https:\/\/www.salzburgerland.com\/hu\/#\/schema\/person\/e4905df070d9b3c52e1e4c730b26aa5a"},"headline":"Kir\u00e1ndul\u00e1s gyerekekkel a Salzburgi Saalachtal-ban","datePublished":"2022-04-22T19:10:22+00:00","dateModified":"2022-10-07T19:01:21+00:00","mainEntityOfPage":{"@id":"https:\/\/www.salzburgerland.com\/hu\/salzburgi-saalachtal-turazas\/"},"wordCount":397,"image":{"@id":"https:\/\/www.salzburgerland.com\/hu\/salzburgi-saalachtal-turazas\/#primaryimage"},"thumbnailUrl":"https:\/\/www.salzburgerland.com\/hu\/wp-content\/uploads\/2019\/04\/salzburger-saalachtal-sommer10.jpg","keywords":["kir\u00e1ndul\u00e1s","t\u00faraparadicsom","t\u00far\u00e1z\u00e1s"],"articleSection":["Uncategorized"],"inLanguage":"hu"},{"@type":"WebPage","@id":"https:\/\/www.salzburgerland.com\/hu\/salzburgi-saalachtal-turazas\/","url":"https:\/\/www.salzburgerland.com\/hu\/salzburgi-saalachtal-turazas\/","name":"Kir\u00e1ndul\u00e1s gyerekekkel a Salzburgi Saalachtal-ban \u00bb SalzburgerLand.com","isPartOf":{"@id":"https:\/\/www.salzburgerland.com\/hu\/#website"},"primaryImageOfPage":{"@id":"https:\/\/www.salzburgerland.com\/hu\/salzburgi-saalachtal-turazas\/#primaryimage"},"image":{"@id":"https:\/\/www.salzburgerland.com\/hu\/salzburgi-saalachtal-turazas\/#primaryimage"},"thumbnailUrl":"https:\/\/www.salzburgerland.com\/hu\/wp-content\/uploads\/2019\/04\/salzburger-saalachtal-sommer10.jpg","datePublished":"2022-04-22T19:10:22+00:00","dateModified":"2022-10-07T19:01:21+00:00","author":{"@id":"https:\/\/www.salzburgerland.com\/hu\/#\/schema\/person\/e4905df070d9b3c52e1e4c730b26aa5a"},"description":"T\u00far\u00e1z\u00e1s, kir\u00e1ndul\u00e1s, csod\u00e1s szurdokok \u00e9s kellemes s\u00e9tautak felfedez\u00e9se a Salzburgi Saalachtal r\u00e9gi\u00f3ban. T\u00far\u00e1z\u00e1s, kir\u00e1ndul\u00e1s, s\u00e9tautak a Salzburgi Saalachtal-ban","breadcrumb":{"@id":"https:\/\/www.salzburgerland.com\/hu\/salzburgi-saalachtal-turazas\/#breadcrumb"},"inLanguage":"hu","potentialAction":[{"@type":"ReadAction","target":["https:\/\/www.salzburgerland.com\/hu\/salzburgi-saalachtal-turazas\/"]}]},{"@type":"ImageObject","inLanguage":"hu","@id":"https:\/\/www.salzburgerland.com\/hu\/salzburgi-saalachtal-turazas\/#primaryimage","url":"https:\/\/www.salzburgerland.com\/hu\/wp-content\/uploads\/2019\/04\/salzburger-saalachtal-sommer10.jpg","contentUrl":"https:\/\/www.salzburgerland.com\/hu\/wp-content\/uploads\/2019\/04\/salzburger-saalachtal-sommer10.jpg","width":1920,"height":1282,"caption":"Salzburgi Saalachtal ny\u00e1ron \u00a9 SalzburgLand Tourismus"},{"@type":"BreadcrumbList","@id":"https:\/\/www.salzburgerland.com\/hu\/salzburgi-saalachtal-turazas\/#breadcrumb","itemListElement":[{"@type":"ListItem","position":1,"name":"Salzburgi Saalachtal - NY\u00c1R","item":"https:\/\/www.salzburgerland.com\/hu\/salzburgi-saalachtal-nyar\/"},{"@type":"ListItem","position":2,"name":"Kir\u00e1ndul\u00e1s gyerekekkel a Salzburgi Saalachtal-ban"}]},{"@type":"WebSite","@id":"https:\/\/www.salzburgerland.com\/hu\/#website","url":"https:\/\/www.salzburgerland.com\/hu\/","name":"SalzburgerLand.com","description":"\u00dcd\u00fcl\u00e9s Ausztri\u00e1ban, Salzburg tartom\u00e1nyban","potentialAction":[{"@type":"SearchAction","target":{"@type":"EntryPoint","urlTemplate":"https:\/\/www.salzburgerland.com\/hu\/?s={search_term_string}"},"query-input":{"@type":"PropertyValueSpecification","valueRequired":true,"valueName":"search_term_string"}}],"inLanguage":"hu"},{"@type":"Person","@id":"https:\/\/www.salzburgerland.com\/hu\/#\/schema\/person\/e4905df070d9b3c52e1e4c730b26aa5a","name":"Hajnalka K\u00e1di","image":{"@type":"ImageObject","inLanguage":"hu","@id":"https:\/\/secure.gravatar.com\/avatar\/e8c1eecf3b2c49d295cebc6aba0de06d13ec77aa0cf9ccec32725949011b69d2?s=96&d=mm&r=g","url":"https:\/\/secure.gravatar.com\/avatar\/e8c1eecf3b2c49d295cebc6aba0de06d13ec77aa0cf9ccec32725949011b69d2?s=96&d=mm&r=g","contentUrl":"https:\/\/secure.gravatar.com\/avatar\/e8c1eecf3b2c49d295cebc6aba0de06d13ec77aa0cf9ccec32725949011b69d2?s=96&d=mm&r=g","caption":"Hajnalka K\u00e1di"}}]}},"_wl_alt_label":[],"wl:entity_url":"http:\/\/open.salzburgerland.com\/hu\/post\/salzburgi-saalachtal-turazas-15436","_links":{"self":[{"href":"https:\/\/www.salzburgerland.com\/hu\/wp-json\/wp\/v2\/posts\/15436","targetHints":{"allow":["GET"]}}],"collection":[{"href":"https:\/\/www.salzburgerland.com\/hu\/wp-json\/wp\/v2\/posts"}],"about":[{"href":"https:\/\/www.salzburgerland.com\/hu\/wp-json\/wp\/v2\/types\/post"}],"author":[{"embeddable":true,"href":"https:\/\/www.salzburgerland.com\/hu\/wp-json\/wp\/v2\/users\/21"}],"replies":[{"embeddable":true,"href":"https:\/\/www.salzburgerland.com\/hu\/wp-json\/wp\/v2\/comments?post=15436"}],"version-history":[{"count":5,"href":"https:\/\/www.salzburgerland.com\/hu\/wp-json\/wp\/v2\/posts\/15436\/revisions"}],"predecessor-version":[{"id":17399,"href":"https:\/\/www.salzburgerland.com\/hu\/wp-json\/wp\/v2\/posts\/15436\/revisions\/17399"}],"wp:featuredmedia":[{"embeddable":true,"href":"https:\/\/www.salzburgerland.com\/hu\/wp-json\/wp\/v2\/media\/6892"}],"wp:attachment":[{"href":"https:\/\/www.salzburgerland.com\/hu\/wp-json\/wp\/v2\/media?parent=15436"}],"wp:term":[{"taxonomy":"category","embeddable":true,"href":"https:\/\/www.salzburgerland.com\/hu\/wp-json\/wp\/v2\/categories?post=15436"},{"taxonomy":"post_tag","embeddable":true,"href":"https:\/\/www.salzburgerland.com\/hu\/wp-json\/wp\/v2\/tags?post=15436"},{"taxonomy":"wl_entity_type","embeddable":true,"href":"https:\/\/www.salzburgerland.com\/hu\/wp-json\/wp\/v2\/wl_entity_type?post=15436"}],"curies":[{"name":"wp","href":"https:\/\/api.w.org\/{rel}","templated":true}]}}