{"id":1525,"date":"2017-03-21T01:45:44","date_gmt":"2017-03-21T00:45:44","guid":{"rendered":"https:\/\/www.salzburgerland.com\/hu\/?p=1525"},"modified":"2024-03-16T06:01:58","modified_gmt":"2024-03-16T05:01:58","slug":"10-ajanlas-salzburg-tartomany-vizes-kirandulohelyei-kozul","status":"publish","type":"post","link":"https:\/\/www.salzburgerland.com\/hu\/10-ajanlas-salzburg-tartomany-vizes-kirandulohelyei-kozul\/","title":{"rendered":"10 kiemelt &#8222;vizes&#8221; kir\u00e1ndul\u00f3hely"},"content":{"rendered":"<h2><span lang=\"HU\"><span size=\"3\" color=\"#000000\">1. Deregly\u00e9z\u00e9s \u00e9s f\u00fcst\u00f6lt hal a Fuschlsee-n\u00e9l<\/span><\/span><\/h2>\n<p><span lang=\"HU\"><span size=\"3\" color=\"#000000\">A 10 kiemelt \u201evizes\u201d kir\u00e1ndul\u00f3hely k\u00f6z\u00fcl els\u0151k\u00e9nt a <strong>salzburgi Salzkammergut<\/strong> vid\u00e9k\u00e9n elter\u00fcl\u0151\u00a0<strong>Fuschlsee<\/strong>-t mutatjuk be, mely <span id=\"urn:enhancement-edc8af7f-fd4d-a3bd-bad5-5e7b909cf303\">Salzburg tartom\u00e1ny<\/span> (SalzburgerLand) egyik legszebb tava. R\u00e9tek \u00e9s erd\u0151k veszik k\u00f6r\u00fcl, k\u00f6zel\u00e9ben t\u00far\u00e1ra cs\u00e1b\u00edt\u00f3 hegyek emelkednek. A partj\u00e1n \u00e1ll\u00f3 <strong>Sissi-kast\u00e9llyal<\/strong> t\u00f6k\u00e9letes \u201eSommerfrische\u201d-sz\u00ednhely, vagyis a\u00a0XX. sz\u00e1zad eleji b\u00e9kebeli \u201enyaral\u00e1s a z\u00f6ldben\u201d kor\u00e1ra eml\u00e9keztet. A Fuschlsee tavat h\u00e1rom \u00e9s f\u00e9l \u00f3r\u00e1s s\u00e9t\u00e1val gyalogosan is k\u00f6rbej\u00e1rhatjuk, a v\u00edzr\u0151l ny\u00edl\u00f3 kil\u00e1t\u00e1s kedv\u00e9\u00e9rt azonban d\u00f6nts\u00fcnk a <a href=\"https:\/\/fuschlsee.salzkammergut.at\/en\/oesterreich-poi\/detail\/430016629\/zillenschifffahrt-mit-der-fuschlerin.html\" target=\"_blank\" rel=\"noopener noreferrer\"><strong>Fuschlerin<\/strong><\/a> nev\u0171 dereglye mellett. A napt\u00f3l k\u00f6nny\u0171 tet\u0151 v\u00e9dte deregly\u00e9ben kb. h\u00fasz f\u0151nek van hely. Negyven percig tart a <strong>romantikus, hangtalan sikl\u00e1s a z\u00f6ldesk\u00e9k v\u00edzen<\/strong>. A kis haj\u00f3 <strong>kik\u00f6t\u0151je Fuschl t\u00f3parti s\u00e9t\u00e1ny\u00e1n\u00e1l<\/strong> van, valamint a vele szembeni parton, ahol remek\u00fcl lehet uzsonn\u00e1zni <strong>a kast\u00e9ly melletti halgazdas\u00e1g \u00e9s half\u00fcst\u00f6l\u0151 pavilonjain\u00e1l<\/strong>. Naponta <strong>frissen f\u00fcst\u00f6lik<\/strong> a 67 m\u00e9ter m\u00e9lys\u00e9g\u0171, iv\u00f3v\u00edz-min\u0151s\u00e9g\u0171 t\u00f3b\u00f3l kifogott <span id=\"urn:enhancement-b1d106f2-2583-4a44-54e6-46c00abbd462\">pisztr\u00e1ngot<\/span>, hegyi <span id=\"urn:enhancement-30696ba6-e77c-aa70-32ad-238d9880a69d\">lazacot<\/span>, nagy mar\u00e9n\u00e1t. <\/span><\/span><span style=\"margin: 0px; font-family: 'Arial',sans-serif;\" lang=\"HU\"><\/span><\/p>\n<div id=\"attachment_6530\" style=\"width: 1180px\" class=\"wp-caption alignnone\"><img decoding=\"async\" aria-describedby=\"caption-attachment-6530\" class=\"size-1170_658 wp-image-6530\" src=\"https:\/\/cdn.salzburgerland.com\/hu\/wp-content\/uploads\/2017\/03\/salzburgerland-tourismus-peter-zeitlhofer--halkan-siklik-a-dereglye-a-fuschlsee-zoeldeskk-vztuekrn-1170x658.jpg\" alt=\"\" width=\"1170\" height=\"658\" srcset=\"https:\/\/www.salzburgerland.com\/hu\/wp-content\/uploads\/2017\/03\/salzburgerland-tourismus-peter-zeitlhofer--halkan-siklik-a-dereglye-a-fuschlsee-zoeldeskk-vztuekrn-1170x658.jpg 1170w, https:\/\/www.salzburgerland.com\/hu\/wp-content\/uploads\/2017\/03\/salzburgerland-tourismus-peter-zeitlhofer--halkan-siklik-a-dereglye-a-fuschlsee-zoeldeskk-vztuekrn-1200x675.jpg 1200w\" sizes=\"(max-width: 1170px) 100vw, 1170px\"><p id=\"caption-attachment-6530\" class=\"wp-caption-text\">Halkan siklik a dereglye a Fuschlsee z\u00f6ldesk\u00e9k v\u00edz\u00e9n \u00a9 SalzburgerLand Tourismus, Peter Zeitlhofer<\/p><\/div>\n<h2><span lang=\"HU\"><span size=\"3\" color=\"#000000\">2. Hangulatos kis erdei f\u00fcrd\u0151hely az ebenaui Pl\u00f6tz v\u00edzes\u00e9sn\u00e9l<\/span><\/span><\/h2>\n<p><span lang=\"HU\"><span size=\"3\" color=\"#000000\">A <strong><a href=\"https:\/\/fuschlsee.salzkammergut.at\/en\/oesterreich-poi\/detail\/400453\/naturdenkmal-ploetz-gluecksplatz.html\" target=\"_blank\" rel=\"noopener noreferrer\">Pl\u00f6tz<\/a> v\u00edzes\u00e9s<\/strong>\u00a0<strong>term\u00e9szeti eml\u00e9k<\/strong>, a Fuschlsee r\u00e9gi\u00f3 nagyszer\u0171 csal\u00e1di kir\u00e1ndul\u00f3helye, melynek szerencsehoz\u00f3 k\u00e9pess\u00e9get is tulajdon\u00edtanak. Ny\u00e1ri napokon \u00fcd\u00edt\u0151 \u00e9lm\u00e9ny. A <strong><span id=\"urn:enhancement-dc37a74f-577f-29c9-0ce2-f46d06c7b638\">Rettenbach<\/span> patak<\/strong> gyors sodr\u00e1s\u00fa viz\u00e9re \u00e9p\u00edtett, r\u00e9gi id\u0151kb\u0151l fennmaradt\u00a0<strong>\u00f6t malom<\/strong> v\u00e9dett ritkas\u00e1g. A XIV. sz\u00e1zadt\u00f3l eg\u00e9szen a XX. sz\u00e1zadig itt \u0151r\u00f6lt\u00e9k a gabon\u00e1t az Ebenau k\u00f6rny\u00e9ki parasztgazd\u00e1k. Gondosan kit\u00e1bl\u00e1zott gyalog\u00fat vezet malomr\u00f3l malomra <strong>az \u201eel\u00e1tkozott\u201d szurdokban<\/strong>, v\u00edzmos\u00e1sok k\u00f6zt, eg\u00e9szen az \u00f6tven m\u00e9ter magas <strong>impoz\u00e1ns v\u00edzes\u00e9sig<\/strong>.<\/span><\/span><\/p>\n<div id=\"attachment_5247\" style=\"width: 1180px\" class=\"wp-caption alignnone\"><img decoding=\"async\" aria-describedby=\"caption-attachment-5247\" class=\"size-1170_658 wp-image-5247\" src=\"https:\/\/cdn.salzburgerland.com\/hu\/wp-content\/uploads\/2017\/03\/-salzburger-land-tourismus-peter-zeitlhofer-ebenau-ploetz-1170x658.jpg\" alt=\"\" width=\"1170\" height=\"658\" srcset=\"https:\/\/www.salzburgerland.com\/hu\/wp-content\/uploads\/2017\/03\/-salzburger-land-tourismus-peter-zeitlhofer-ebenau-ploetz-1170x658.jpg 1170w, https:\/\/www.salzburgerland.com\/hu\/wp-content\/uploads\/2017\/03\/-salzburger-land-tourismus-peter-zeitlhofer-ebenau-ploetz-1200x675.jpg 1200w\" sizes=\"(max-width: 1170px) 100vw, 1170px\"><p id=\"caption-attachment-5247\" class=\"wp-caption-text\">A Pl\u00f6tz v\u00edzes\u00e9s \u00a9 SalzburgerLand Tourismus, Peter Zeitlhofer<\/p><\/div>\n<p><span style=\"margin: 0px; font-family: 'Arial',sans-serif;\" lang=\"HU\"><span><span style=\"color: #000000; font-size: medium;\" size=\"3\" color=\"#000000\"><\/span><\/span><\/span>J<span lang=\"HU\"><span size=\"3\" color=\"#000000\">\u00f3 egy\u00f3r\u00e1s gyalogl\u00e1s ut\u00e1n \u00e9rj\u00fck el a nagy r\u00e9tet, ahonnan <strong>grandi\u00f3zus kil\u00e1t\u00e1s<\/strong> ny\u00edlik a Gaisberg \u00e9s a Watzmann hegyekre. Visszafel\u00e9 j\u00f6vet \u00e9rdemes meg\u00e1llni az Eder-malom <strong>term\u00e9szetes f\u00fcrd\u0151tav\u00e1n\u00e1l<\/strong> egy kis hangulatos f\u00fcrd\u0151z\u00e9sre.<\/span><\/span><span lang=\"HU\"><span size=\"3\" color=\"#000000\">\u00a0<\/span><\/span><span lang=\"HU\"><\/span><\/p>\n<div id=\"attachment_5249\" style=\"width: 1180px\" class=\"wp-caption alignnone\"><img decoding=\"async\" aria-describedby=\"caption-attachment-5249\" class=\"size-1170_658 wp-image-5249\" src=\"https:\/\/cdn.salzburgerland.com\/hu\/wp-content\/uploads\/2017\/03\/-salzburger-land-tourismus-peter-zeitlhofer-felsenbad-1170x658.jpg\" alt=\"\" width=\"1170\" height=\"658\" srcset=\"https:\/\/www.salzburgerland.com\/hu\/wp-content\/uploads\/2017\/03\/-salzburger-land-tourismus-peter-zeitlhofer-felsenbad-1170x658.jpg 1170w, https:\/\/www.salzburgerland.com\/hu\/wp-content\/uploads\/2017\/03\/-salzburger-land-tourismus-peter-zeitlhofer-felsenbad-1200x675.jpg 1200w\" sizes=\"(max-width: 1170px) 100vw, 1170px\"><p id=\"caption-attachment-5249\" class=\"wp-caption-text\">F\u00fcrd\u0151hely a szikl\u00e1k alatt \u00a9 SalzburgerLand Tourismus, Peter Zeitlhofer<\/p><\/div>\n<h2><span lang=\"HU\"><span size=\"3\" color=\"#000000\">3. S\u00e9tahaj\u00f3val a Salzachon \u00e9s sz\u00f6k\u0151k\u00fatr\u00f3l sz\u00f6k\u0151k\u00fatra Salzburg v\u00e1ros\u00e1ban<\/span><\/span><\/h2>\n<p><span lang=\"HU\"><span size=\"3\" color=\"#000000\">A tartom\u00e1ny f\u0151v\u00e1rosa, Salzburg <span id=\"urn:enhancement-75b6e3aa-e70e-2cb1-41c0-fe7cf06eb22b\">Mozart<\/span> v\u00e1rosa, de egyben a vizek\u00e9 is. A v\u00e1ros k\u00f6zep\u00e9n a <strong><span id=\"urn:enhancement-8ad8e64a-15db-c264-2af4-8be1fd3cd59f\">Salzach<\/span><\/strong><\/span><\/span> foly\u00f3n k\u00f6zleked\u0151 <strong>Amadeus s\u00e9tahaj\u00f3<\/strong> viszi a kir\u00e1ndul\u00f3kat <strong>nyolc kilom\u00e9teres s\u00e9tahaj\u00f3z\u00e1sra<\/strong>, majd vissza a v\u00e1rosk\u00f6zpontba. A v\u00e1ros l\u00e1tk\u00e9p\u00e9ben gy\u00f6ny\u00f6rk\u00f6d\u0151knek \u00e1ltal\u00e1ban felt\u0171nik, hogy az \u00f3v\u00e1ros fel\u0151l zubog\u00f3 patakok \u00f6mlenek a foly\u00f3ba. A v\u00edz <strong><span id=\"urn:enhancement-f45c253d-d043-0e57-6772-12252e3ddfae\">K\u00f6z\u00e9p-<span id=\"urn:enhancement-d93bb52c-aa2b-e7f3-7309-3d7527257ae1\">Eur\u00f3pa<\/span><\/span> egyik legr\u00e9gebbi v\u00edzelvezet\u0151 t\u00e1rnarendszer\u00e9b\u0151l<\/strong>, a t\u00f6bbfel\u00e9 \u00e1gaz\u00f3 <a href=\"http:\/\/www.almkanal.at\/\" target=\"_blank\" rel=\"noopener noreferrer\"><strong>Alm-csatorn\u00e1b\u00f3l<\/strong><\/a> \u00e9rkezik a <span id=\"urn:enhancement-33834d8a-3979-e0a0-dc41-0474ebd68c02\">Salzachba<\/span>.<\/p>\n<p><span lang=\"HU\"><span size=\"3\" color=\"#000000\"><strong>Az Alm-csatorna mesters\u00e9ges patakmeder<\/strong>, ki\u00e9p\u00edt\u00e9se m\u00e1r a <span id=\"urn:enhancement-1982c00c-75f7-c629-2b93-ba72cabf8df1\">XII. sz\u00e1zadban<\/span> megkezd\u0151d\u00f6tt. Egy berchtesgadeni foly\u00f3, <strong>a K\u00f6nigseeache viz\u00e9t<\/strong> vezeti a <span id=\"urn:enhancement-03c8a08a-3b87-08f8-fdde-4b442500d035\">Salzburggal<\/span> szomsz\u00e9dos St. Leonhard \u00e9s Gr\u00f6dig telep\u00fcl\u00e9seken, valamint Gneis, Leopoldskron, Maxglan \u00e9s M\u00fclln v\u00e1rosr\u00e9szeken \u00e1t <strong>Salzburg \u00f3v\u00e1ros\u00e1ba<\/strong>. Az Alm-csatorna viz\u00e9nek zubog\u00e1s\u00e1ra az \u00f3v\u00e1rosban j\u00e1rva is t\u00f6bbsz\u00f6r felfigyelhet\u00fcnk. P\u00e9ld\u00e1ul, ha a f\u0151ap\u00e1ts\u00e1gi p\u00e9ks\u00e9g fel\u00e9 ny\u00edl\u00f3 kij\u00e1raton hagyjuk el a Szt. P\u00e9ter temet\u0151t,\u00a0vagy ha az Universit\u00e4tsplatz-on megy\u00fcnk \u00e1t<\/span><\/span><span lang=\"HU\"><span size=\"3\" color=\"#000000\">. A v\u00e1ros v\u00edzell\u00e1t\u00e1s\u00e1ban imm\u00e1r <strong>860 \u00e9ve<\/strong> d\u00f6nt\u0151 szerepet j\u00e1tsz\u00f3 csatorna <strong>\u00e9p\u00edt\u00e9szett\u00f6rt\u00e9neti ritkas\u00e1g<\/strong>.\u00a0\u00c9rdekess\u00e9gei k\u00f6z\u00e9 tartozik, hogy egy pontj\u00e1n <strong>hull\u00e1mlovagl\u00e1sra<\/strong> is van m\u00f3d. A csatorn\u00e1t \u00e9vente egyszer, szeptemberben takar\u00edtj\u00e1k, ilyenkor vezet\u0151vel meg lehet n\u00e9zni a M\u00f6nchsberg hegy alatti szakaszt.<\/span><\/span><\/p>\n<p><span lang=\"HU\"><span size=\"3\" color=\"#000000\">Salzburg v\u00e1ros\u00e1nak \u00f6sszesen <strong>47 d\u00edszk\u00fatja<\/strong> van, k\u00f6zt\u00fck olyan <strong>pomp\u00e1s sz\u00f6k\u0151kutak<\/strong>, mint az \u00e9rseki rezidenci\u00e1k ter\u00e9n \u00e1ll\u00f3\u00a0Residenzbrunnen.\u00a0A herceg\u00e9rsekek kor\u00e1t id\u00e9zi a\u00a0<strong>k\u00e9t l\u00f3\u00fasztat\u00f3<\/strong>, a Kapitelschwemme \u00e9s a Pferdeschwemme. A v\u00e1ros utc\u00e1in s\u00e9t\u00e1lva sz\u00e1mtalan kisebb <a href=\"https:\/\/www.stadt-salzburg.at\/internet\/wirtschaft_umwelt\/wasser\/brunnen_kulturgut\/fotogalerie_brunnen_in_der_stadt_210897.htm\" target=\"_blank\" rel=\"noopener noreferrer\"><strong>fali, piaci \u00e9s d\u00edszkutat<\/strong><\/a> fedezhet\u00fcnk fel \u00e9s t\u00f6rt\u00e9net\u00fck\u00f6n kereszt\u00fcl sokat megtudhatunk mag\u00e1r\u00f3l a v\u00e1rosr\u00f3l is.<\/span><\/span><\/p>\n<div id=\"attachment_6532\" style=\"width: 1180px\" class=\"wp-caption alignnone\"><img decoding=\"async\" aria-describedby=\"caption-attachment-6532\" class=\"size-1170_658 wp-image-6532\" src=\"https:\/\/cdn.salzburgerland.com\/hu\/wp-content\/uploads\/2017\/03\/salzburgerland-tourismus-markus-greber--kilts-a-muellner-steg-gyaloghdrl-a-salzburgi-vros-s-a-foeloette-trnol-vr-fel-1170x658.jpg\" alt=\"\" width=\"1170\" height=\"658\" srcset=\"https:\/\/www.salzburgerland.com\/hu\/wp-content\/uploads\/2017\/03\/salzburgerland-tourismus-markus-greber--kilts-a-muellner-steg-gyaloghdrl-a-salzburgi-vros-s-a-foeloette-trnol-vr-fel-1170x658.jpg 1170w, https:\/\/www.salzburgerland.com\/hu\/wp-content\/uploads\/2017\/03\/salzburgerland-tourismus-markus-greber--kilts-a-muellner-steg-gyaloghdrl-a-salzburgi-vros-s-a-foeloette-trnol-vr-fel-1200x675.jpg 1200w\" sizes=\"(max-width: 1170px) 100vw, 1170px\"><p id=\"caption-attachment-6532\" class=\"wp-caption-text\">Kil\u00e1t\u00e1s a M\u00fcllner Steg gyalogh\u00eddr\u00f3l a salzburgi \u00f3v\u00e1ros \u00e9s a f\u00f6l\u00f6tte tr\u00f3nol\u00f3 v\u00e1r fel\u00e9 \u00a9 SalzburgerLand Tourismus, Markus Greber<\/p><\/div>\n<h2><span lang=\"HU\"><span size=\"3\" color=\"#000000\">4. A hellbrunni ny\u00e1ri kast\u00e9ly \u00e9s barokk v\u00edzij\u00e1t\u00e9kai<\/span><\/span><\/h2>\n<p><span lang=\"HU\"><span size=\"3\" color=\"#000000\"><strong>Markus Sittikus von Hohenems herceg\u00e9rsek <\/strong>pomp\u00e1s <strong>ny\u00e1ri kast\u00e9lya\u00a0<\/strong>\u00e9s a k\u00f6r\u00f6tte kialak\u00edtott <strong>hatalmas park<\/strong> mind\u00f6ssze h\u00e1rom \u00e9v leforg\u00e1sa alatt \u00e9p\u00fclt meg. A <strong><a href=\"https:\/\/www.hellbrunn.at\/en\/\" target=\"_blank\" rel=\"noopener noreferrer\">hellbrunni kast\u00e9ly \u00e9s v\u00edzij\u00e1t\u00e9kai <\/a><\/strong>most, 400 \u00e9vvel k\u00e9s\u0151bb is Salzburg legjelent\u0151sebb l\u00e1tnival\u00f3i k\u00f6z\u00e9 tartoznak, a <a href=\"http:\/\/www.salzburgmuseum.at\/index.php?id=1836\" target=\"_blank\" rel=\"noopener noreferrer\"><strong>N\u00e9prajzi M\u00fazeumnak<\/strong><\/a> (Volkskundemuseum) otthont ad\u00f3 kis <a href=\"http:\/\/www.salzburgmuseum.at\/index.php?id=1836\" target=\"_blank\" rel=\"noopener noreferrer\"><strong>Monatsschl\u00f6ssl<\/strong> <\/a>vad\u00e1szkast\u00e9llyal, a parkban \u00e1ll\u00f3 <a href=\"https:\/\/www.salzburg.info\/en\/magazin\/scenes\/the-rock-theatre-in-hellbrunn_a_289492\" target=\"_blank\" rel=\"noopener noreferrer\"><strong>k\u0151sz\u00ednh\u00e1zzal<\/strong><\/a> \u00e9s a szomsz\u00e9dos <a href=\"https:\/\/salzburg-zoo.at\/landingpage\/englisch\" target=\"_blank\" rel=\"noopener\"><strong>salzburgi \u00e1llatkerttel<\/strong><\/a> egy\u00fctt. K\u00fcl\u00f6n\u00f6sen az \u00f6tletes meglepet\u00e9seket rejt\u0151, <strong>l\u00e1tv\u00e1nyos <\/strong>v\u00edzij\u00e1t\u00e9kokvonzanak sz\u00e1mtalan l\u00e1togat\u00f3t. A XVII. sz\u00e1zadban ki\u00e9p\u00edtett, gazdagon d\u00edsz\u00edtett <strong>grott\u00e1k, sz\u00f6k\u0151kutak \u00e9s v\u00edzi automat\u00e1k<\/strong> vezet\u00e9s keret\u00e9ben tekinthet\u0151k meg. A v\u00edzij\u00e1t\u00e9kok egyik leg\u00e9rdekesebbik pontja a \u201er\u00f3mai sz\u00ednh\u00e1z\u201d a hercegi asztallal \u00e9s k\u00f6r\u00f6tte a <strong>v\u00edzpermet-f\u00fav\u00f3k\u00e1kat rejt\u0151 k\u0151padokkal<\/strong>, valamint a <strong>velencei t\u00fckr\u00f6kkel d\u00edsz\u00edtett grotta a v\u00edzzel el\u0151id\u00e9zett mad\u00e1rhangokkal<\/strong>. Csod\u00e1latos mesterm\u0171 az <strong>1750-b\u0151l val\u00f3 eredeti mechanikus sz\u00ednh\u00e1z<\/strong>, amely barokk kisv\u00e1rosi jelenetet \u00e1br\u00e1zol <strong>t\u00f6bb mint 100 mozgathat\u00f3 fa figur\u00e1val \u00e9s hidraulikus orgon\u00e1val<\/strong>. <\/span><\/span><\/p>\n<div id=\"attachment_4676\" style=\"width: 1180px\" class=\"wp-caption alignnone\"><img decoding=\"async\" aria-describedby=\"caption-attachment-4676\" class=\"size-1170_658 wp-image-4676\" src=\"https:\/\/cdn.salzburgerland.com\/hu\/wp-content\/uploads\/2016\/11\/-schloss-hellbrunn-1170x658.jpg\" alt=\"N\u00e9gysz\u00e1z \u00e9ves, szellemes v\u00edzij\u00e1t\u00e9kok a hellbrunni ny\u00e1ri kast\u00e9ly parkj\u00e1ban\" width=\"1170\" height=\"658\" srcset=\"https:\/\/www.salzburgerland.com\/hu\/wp-content\/uploads\/2016\/11\/-schloss-hellbrunn-1170x658.jpg 1170w, https:\/\/www.salzburgerland.com\/hu\/wp-content\/uploads\/2016\/11\/-schloss-hellbrunn-1200x675.jpg 1200w\" sizes=\"(max-width: 1170px) 100vw, 1170px\"><p id=\"caption-attachment-4676\" class=\"wp-caption-text\">N\u00e9gysz\u00e1z \u00e9ves, szellemes v\u00edzij\u00e1t\u00e9kok a hellbrunni ny\u00e1ri kast\u00e9ly parkj\u00e1ban \u00a9 Schloss Hellbrunn, Foto Sulzer<\/p><\/div>\n<h2><span lang=\"HU\"><span size=\"3\" color=\"#000000\">5. Nosztalgia a gollingi v\u00edzes\u00e9sn\u00e9l \u00e9s suhan\u00e1s a Salzach\u00f6fen felett<\/span><\/span><\/h2>\n<p><span lang=\"HU\"><span size=\"3\" color=\"#000000\">Utaz\u00f3k, k\u00f6lt\u0151k, fest\u0151k is mindig el\u0151szeretettel kerest\u00e9k fel a v\u00edzi l\u00e1tnival\u00f3kat. A <a href=\"https:\/\/www.golling.info\/en\/experience\/golling-falls\" target=\"_blank\" rel=\"noopener\"><strong>gollingi v\u00edzes\u00e9s <\/strong><\/a>1800 k\u00f6r\u00fcl v\u00e1lt k\u00fcl\u00f6n\u00f6sen n\u00e9pszer\u0171v\u00e9 a m\u0171v\u00e9szek \u00e9s a ny\u00e1ri h\u00f3napokban a z\u00f6ldben fel\u00fcd\u00fcl\u00e9st keres\u0151 polg\u00e1rok\u00a0k\u00f6r\u00e9ben. A <strong>76 m\u00e9ter magas v\u00edzes\u00e9s<\/strong> ma is k\u00f6zkedvelt, l\u00e1tv\u00e1nyos kir\u00e1ndul\u00f3hely. <strong>Az impoz\u00e1ns G\u00f6ll-massz\u00edvum l\u00e1bain\u00e1l<\/strong> ki\u00e9p\u00edtett \u00fat vezet fel a v\u00edzes\u00e9s ment\u00e9n. \u00c9rdemes\u00a0bej\u00e1rni \u00e9s elgy\u00f6ny\u00f6rk\u00f6dni a v\u00edz f\u00f6l\u00f6tt k\u00e9pz\u0151d\u0151 sziv\u00e1rv\u00e1ny, a <strong>\u201eboszork\u00e1ny\u00fcst\u201d<\/strong> f\u00f6l\u00f6tt vezet\u0151 h\u00edd, a tajt\u00e9kz\u00f3 v\u00edz, a mohalepte k\u00f6vek, filigr\u00e1n p\u00e1fr\u00e1nyok var\u00e1zslatos l\u00e1tv\u00e1ny\u00e1ban. A v\u00edzes\u00e9s fels\u0151 szakasz\u00e1n <strong>fel lehet menni eg\u00e9szen a v\u00edz forr\u00e1s\u00e1ig<\/strong>. 479 m\u00e9teres magass\u00e1gban, titokzatosan <strong>t\u00f6r el\u0151 a karsztforr\u00e1s <\/strong>k\u00f6zvetlen\u00fcl a hegy belsej\u00e9b\u0151l<strong>, z\u00f6ld borosty\u00e1nf\u00fcgg\u00f6ny m\u00f6g\u00fcl.<\/strong><\/span><\/span><\/p>\n<p><span lang=\"HU\"><span size=\"3\" color=\"#000000\"><\/span><\/span><span lang=\"HU\"><span size=\"3\" color=\"#000000\">Gollingban van az impoz\u00e1ns <strong>Salzach\u00f6fen szurdok<\/strong> is. A <strong>Hagen- \u00e9s a Tennen-hegys\u00e9g k\u00f6zti \u00e1tt\u00f6r\u00e9s 80 m\u00e9ter m\u00e9l<\/strong>y \u00e9s k\u00f6zvetlen\u00fcl a Pass Lueg szorossal szomsz\u00e9dos. Az \u00e9szak fel\u00e9 tart\u00f3 <span id=\"urn:enhancement-eab71a17-2629-ea1d-7369-6bbde58ba896\">Salzach<\/span> vize v\u00e1jta szakad\u00e9kban \u00e9lm\u00e9nyt\u00far\u00e1k \u00fatvonala vezet. A <a href=\"https:\/\/www.salzburgadventures.com\/en\/adventures\/list\/zipline\" target=\"_blank\" rel=\"noopener\"><strong>Flying Fox<\/strong><\/a> dr\u00f3tk\u00f6tel\u00e9re er\u0151s\u00edtve pedig \u00e1t is rep\u00fclhet\u00fcnk a szurdok egy r\u00e9sze f\u00f6l\u00f6tt. <\/span><\/span><span style=\"margin: 0px; font-family: 'Arial',sans-serif;\" lang=\"HU\"><\/span><\/p>\n<div id=\"attachment_6534\" style=\"width: 1180px\" class=\"wp-caption alignnone\"><img decoding=\"async\" aria-describedby=\"caption-attachment-6534\" class=\"size-1170_658 wp-image-6534\" src=\"https:\/\/cdn.salzburgerland.com\/hu\/wp-content\/uploads\/2017\/03\/teamspirit-austria--suhans-a-flying-fox-drtkoetlplyjn-a-salzachoefen-szurdok-foeloett-1170x658.jpg\" alt=\"\" width=\"1170\" height=\"658\" srcset=\"https:\/\/www.salzburgerland.com\/hu\/wp-content\/uploads\/2017\/03\/teamspirit-austria--suhans-a-flying-fox-drtkoetlplyjn-a-salzachoefen-szurdok-foeloett-1170x658.jpg 1170w, https:\/\/www.salzburgerland.com\/hu\/wp-content\/uploads\/2017\/03\/teamspirit-austria--suhans-a-flying-fox-drtkoetlplyjn-a-salzachoefen-szurdok-foeloett-1200x675.jpg 1200w\" sizes=\"(max-width: 1170px) 100vw, 1170px\"><p id=\"caption-attachment-6534\" class=\"wp-caption-text\">Suhan\u00e1s a Flying Fox dr\u00f3tk\u00f6t\u00e9lp\u00e1ly\u00e1j\u00e1n a Salzach\u00f6fen szurdok f\u00f6l\u00f6tt \u00a9 TeamSpirit Austria, Denis Feiner<\/p><\/div>\n<h2><span lang=\"HU\"><span size=\"3\" color=\"#000000\">6. A 300 m\u00e9ter m\u00e9ly Liechtensteinklamm szurdok<\/span><\/span><\/h2>\n<p><span lang=\"HU\"><span size=\"3\" color=\"#000000\">A St. Johann in <span id=\"urn:enhancement-08004782-1778-a512-e4f3-2c4082d6c5b6\">Pongau<\/span> szomsz\u00e9ds\u00e1g\u00e1ban ny\u00edl\u00f3, 300 m\u00e9ter m\u00e9ly <a href=\"https:\/\/www.salzburgerland.com\/hu\/salzburgi-sportvilag-a-liechtensteinklamm-szurdok\/\"><strong>Liechtensteinklamm<\/strong><\/a> <strong>az <span id=\"urn:enhancement-199fe012-01ed-9955-a5b5-7cf148d887d6\">Alpok<\/span> legszebb szurdokai k\u00f6z\u00e9 tartozik<\/strong>. Nev\u00e9t onnan kapta, hogy <strong>II. J\u00e1nos liechtensteini herceg t\u00e1mogat\u00e1s\u00e1va<\/strong>l siker\u00fclt vesz\u00e9lytelen\u00fcl bej\u00e1rhat\u00f3v\u00e1 tenni a XIX. sz\u00e1zad k\u00f6zep\u00e9n. 1876 \u00f3ta vezetnek biztons\u00e1gos, ki\u00e9p\u00edtett utak \u00e9s hidak a szurdokban. A l\u00e1tv\u00e1ny leny\u0171g\u00f6z\u0151. A <strong>Grossarler Ache hegyi foly\u00f3 vize<\/strong> a z\u00f6ld \u00e9s k\u00e9k legszebb \u00e1rnyalataiban t\u00fcnd\u00f6klik a szurdok m\u00e9ly\u00e9n, a massz\u00edv fat\u00f6rzsek szinte gyufasz\u00e1laknak t\u0171nnek, a tajt\u00e9kos v\u00edz finom v\u00edzpermetet vet a bizarr form\u00e1j\u00fa szikl\u00e1kra. A h\u0171v\u00f6s szurdokban vezet\u0151 kb. egy\u00f3r\u00e1s \u00fat v\u00e9g\u00e9n a <strong>F\u00e1tyol-v\u00edzes\u00e9shez<\/strong> \u00e9r\u00fcnk. K\u00e9sz\u00fclj\u00fcnk f\u00f6l arra, hogy a lezubog\u00f3 v\u00edz meglep\u0151en hangos, emellett meleg ny\u00e1ri napon is meleg ruh\u00e1zatra van sz\u00fcks\u00e9g. <\/span><\/span>A vadreg\u00e9nyes szurdok a <a href=\"https:\/\/www.salzburgerland.com\/hu\/salzburg-tartomany-vendegkartyaja-a-salzburgerland-card\/\" rel=\"noopener noreferrer\"><strong>Salzburg tartom\u00e1ny k\u00e1rtya (SalzburgerLand Card)<\/strong><\/a> partnerei k\u00f6z\u00e9 tartozik, \u00e9rdemes megn\u00e9zni.<\/p>\n<div id=\"attachment_10018\" style=\"width: 1180px\" class=\"wp-caption alignnone\"><img decoding=\"async\" aria-describedby=\"caption-attachment-10018\" class=\"size-1170_658 wp-image-10018\" src=\"https:\/\/cdn.salzburgerland.com\/hu\/wp-content\/uploads\/2016\/11\/sankt-johann-alpendorf-bergbahnen-pongau-salzburger-land-austria-medium-264-1170x658.jpg\" alt=\"\" width=\"1170\" height=\"658\" srcset=\"https:\/\/www.salzburgerland.com\/hu\/wp-content\/uploads\/2016\/11\/sankt-johann-alpendorf-bergbahnen-pongau-salzburger-land-austria-medium-264-1170x658.jpg 1170w, https:\/\/www.salzburgerland.com\/hu\/wp-content\/uploads\/2016\/11\/sankt-johann-alpendorf-bergbahnen-pongau-salzburger-land-austria-medium-264-1200x675.jpg 1200w\" sizes=\"(max-width: 1170px) 100vw, 1170px\"><p id=\"caption-attachment-10018\" class=\"wp-caption-text\">A b\u00e1mulatosan vadreg\u00e9nyes Liechtensteinklamm szurdok \u00a9 Atelier Oczlon<\/p><\/div>\n<h2><span lang=\"HU\"><span size=\"3\" color=\"#000000\">7. Gyalogt\u00fara a Keleti-Alpok legnagyobb hegyi tav\u00e1hoz, a Tapperkarsee-hez<\/span><\/span><\/h2>\n<p><span lang=\"HU\"><span size=\"3\" color=\"#000000\">Kleinarl telep\u00fcl\u00e9sr\u0151l kb. 90 perces t\u00fara\u00fat vezet a mond\u00e1k \u00f6vezte <strong><a href=\"https:\/\/www.wagrain24.at\/tappenkarsee\/\" target=\"_blank\" rel=\"noopener noreferrer\">Tappenkarsee-hez<\/a><\/strong>. Utunk c\u00e9lja, az Alacsony-Tauern hegyei k\u00f6zt megb\u00fav\u00f3 t\u00f3 <strong>1762 m\u00e9ter magasan<\/strong> fekszik. Ez a<strong> Keleti-<span id=\"urn:enhancement-eecbdc13-013a-ffa5-7a0b-34115fc2d802\">Alpok<\/span> legnagyobb tava<\/strong>,<\/span><span size=\"3\" color=\"#000000\">\u00a0<\/span><\/span><span lang=\"HU\"><span size=\"3\" color=\"#000000\">z\u00f6lden csillog\u00f3 v\u00edzfel\u00fclete kb. 24 hekt\u00e1ros, m\u00e9lys\u00e9ge 50 m\u00e9ter. Medr\u00e9nek m\u00e9ly\u00e9n <strong>fal\u00e1nk \u00e9s bossz\u00fav\u00e1gy\u00f3 s\u00e1rk\u00e1ny<\/strong> lakozik a monda szerint, \u0151t viszont eddig m\u00e9g senkinek sem siker\u00fclt megpillantania. K\u00f6zismert azonban, hogy a Tappenkarseealm alpesi legel\u0151 h\u00fctt\u00e9je, a <a href=\"http:\/\/www.tappenkarseehuette.at\/\" target=\"_blank\" rel=\"noopener\"><strong>Tappenkarseeh\u00fctte<\/strong><\/a> nyitva \u00e1ll a bet\u00e9r\u0151 turist\u00e1k el\u0151tt. A t\u00f3parton vezet\u0151 \u00fatvonal csal\u00e1di kir\u00e1ndul\u00e1sra is alkalmas, sz\u00e9p id\u0151ben mindenk\u00e9ppen meg\u00e9ri elj\u00f6nni. <\/span><\/span><span style=\"margin: 0px; font-family: 'Arial',sans-serif;\" lang=\"HU\"><\/span><\/p>\n<div id=\"attachment_6537\" style=\"width: 1180px\" class=\"wp-caption alignnone\"><img decoding=\"async\" aria-describedby=\"caption-attachment-6537\" class=\"size-1170_658 wp-image-6537\" src=\"https:\/\/cdn.salzburgerland.com\/hu\/wp-content\/uploads\/2017\/03\/tappenkarsee00011-1170x658.jpg\" alt=\"\" width=\"1170\" height=\"658\" srcset=\"https:\/\/www.salzburgerland.com\/hu\/wp-content\/uploads\/2017\/03\/tappenkarsee00011-1170x658.jpg 1170w, https:\/\/www.salzburgerland.com\/hu\/wp-content\/uploads\/2017\/03\/tappenkarsee00011-1200x675.jpg 1200w\" sizes=\"(max-width: 1170px) 100vw, 1170px\"><p id=\"caption-attachment-6537\" class=\"wp-caption-text\">A Tappenkarsee t\u00f3 \u00a9 SalzburgerLand Tourismus, Peter Zeitlhofer<\/p><\/div>\n<h2><span lang=\"HU\"><span size=\"3\" color=\"#000000\">8. Lamprecht lovag nyom\u00e1ban a Lamprechtsh\u00f6hle barlangban<\/span><\/span><\/h2>\n<p><span lang=\"HU\"><span size=\"3\" color=\"#000000\">Lamprecht lovag mes\u00e9s kincseinek eddig senki sem bukkant nyom\u00e1ra, annyi azonban bizonyos, hogy <strong>a vil\u00e1g bej\u00e1rhat\u00f3 v\u00edzvezet\u0151 barlangjainak legnagyobbika<\/strong>, a <a href=\"https:\/\/www.salzburgerland.com\/hu\/salzburg-tartomany-vendegkartyaja-a-salzburgerland-card\/\" target=\"_blank\" rel=\"noopener noreferrer\"><strong>Salzburg tartom\u00e1ny k\u00e1rtya<\/strong><\/a> partnerei k\u00f6z\u00e9 tartoz\u00f3<a href=\"https:\/\/www.lofer.com\/en\/salzburger-saalachtal\/sights-and-excursions\/lamprechtshoehle\" target=\"_blank\" rel=\"noopener\"><strong> Lamprechtsh\u00f6hle<\/strong><\/a> meg\u00e9r egy kir\u00e1ndul\u00e1st. A t\u00f6bb mint 50 kilom\u00e9ternyi j\u00e1ratot rejt\u0151, <strong>gigantikus barlangrendszer<\/strong> bej\u00e1rata k\u00f6zvetlen\u00fcl a <strong><a href=\"https:\/\/www.salzburgerland.com\/hu\/salzburgi-saalachtal-nyar\/\" target=\"_blank\" rel=\"noopener noreferrer\">Salzburgi Saalachtal v\u00f6lgyben<\/a><\/strong> ny\u00edlik, a Lofer \u00e9s St. Martin k\u00f6z\u00f6tt vezet\u0151 \u00fat ment\u00e9n. A l\u00e1togat\u00f3k sz\u00e1m\u00e1ra a barlangrendszer egy bebiztos\u00edtott r\u00e9sze tart nyitva, megtekint\u00e9se kb. m\u00e1sf\u00e9l \u00f3r\u00e1t vesz ig\u00e9nybe. A v\u00edz v\u00e9gigk\u00eds\u00e9ri a barlangban j\u00e1r\u00f3k \u00fatj\u00e1t, <strong>a Lamprechtsh\u00f6hle ugyanis \u201eid\u0151j\u00e1r\u00e1sf\u00fcgg\u0151\u201d barlang<\/strong>, vagyis er\u0151sen hat r\u00e1 a j\u00e1ratai f\u00f6l\u00f6tt emelked\u0151 Loferer Steinberge (Loferi k\u0151hegyek) id\u0151j\u00e1r\u00e1sa. A barlang j\u00e1ratai id\u0151nk\u00e9nt er\u0151sen huzatosak, es\u0151 \u00e9s vihar eset\u00e9n pedig alaposan megemelkedik a barlangi patakok v\u00edzszintje. Nem csoda h\u00e1t, hogy <strong>a barlangt\u00far\u00e1n mindenfel\u00e9 a v\u00edz csobog\u00e1s\u00e1t hallani<\/strong>. A barlangon \u00e1tfoly\u00f3 v\u00edz kb. 25 milli\u00f3 \u00e9v alatt lass\u00fa, de kitart\u00f3 munk\u00e1val szembet\u0171n\u0151 nyomokat hagyott maga ut\u00e1n a barlang <\/span><\/span><span lang=\"HU\"><span size=\"3\" color=\"#000000\"><strong>dachsteini m\u00e9szk\u0151 \u00e9s dolomit<\/strong> alkotta fal\u00e1ban. <\/span><\/span><span lang=\"HU\"><\/span><\/p>\n<div id=\"attachment_12021\" style=\"width: 1180px\" class=\"wp-caption alignnone\"><img decoding=\"async\" aria-describedby=\"caption-attachment-12021\" class=\"size-1170_658 wp-image-12021\" src=\"https:\/\/cdn.salzburgerland.com\/hu\/wp-content\/uploads\/2019\/04\/lamprechtshohle--achim-meurer-1170x658.jpg\" alt=\"\" width=\"1170\" height=\"658\" srcset=\"https:\/\/www.salzburgerland.com\/hu\/wp-content\/uploads\/2019\/04\/lamprechtshohle--achim-meurer-1170x658.jpg 1170w, https:\/\/www.salzburgerland.com\/hu\/wp-content\/uploads\/2019\/04\/lamprechtshohle--achim-meurer-1200x675.jpg 1200w\" sizes=\"(max-width: 1170px) 100vw, 1170px\"><p id=\"caption-attachment-12021\" class=\"wp-caption-text\">A Lamprechtsh\u00f6hle barlang \u00a9 Achim Meurer<\/p><\/div>\n<h2><span lang=\"HU\"><span size=\"3\" color=\"#000000\">9. Az idilli fekv\u00e9s\u0171 Prebersee t\u00f3 \u00e9s a hagyom\u00e1nyos l\u00f6v\u00e9szverseny<\/span><\/span><\/h2>\n<p><span lang=\"HU\"><span size=\"3\" color=\"#000000\">Az UNESCO bioszf\u00e9ra rezerv\u00e1tum <a href=\"https:\/\/www.salzburgerland.com\/hu\/mauterndorf-es-mariapfarr-nyar\/\" rel=\"noopener noreferrer\"><strong>Salzburgi <span id=\"urn:enhancement-da09fa88-cb14-2eff-58ec-0fbb91603bc8\">Lungau<\/span><\/strong><\/a> ter\u00fclet\u00e9n <strong>60 tengerszem<\/strong><\/span><\/span> tal\u00e1lhat\u00f3, t\u00f6bb, mint b\u00e1rhol m\u00e1sutt <span id=\"urn:enhancement-59e0aaba-4fb3-6933-5277-33d59680abda\">Eur\u00f3p\u00e1ban<\/span>. A hegyi tavak tekint\u00e9lyes r\u00e9sze eldugott helyen tal\u00e1lhat\u00f3, <strong>gleccserv\u00e1jatok \u00e9s hegycs\u00facsok k\u00f6z\u00f6tt<\/strong>. A<a href=\"https:\/\/www.lungau.at\/de\/gschichten\/wandertipp-prebersee.amp\" target=\"_blank\" rel=\"noopener\"><strong> Prebersee <\/strong><\/a>azonban aut\u00f3val is k\u00e9nyelmesen megk\u00f6zel\u00edthet\u0151. Ez az alpesi l\u00e1pi t\u00f3 <strong>1514 m\u00e9ter magasan<\/strong> ter\u00fcl el, viz\u00e9nek ny\u00e1ri h\u0151m\u00e9rs\u00e9klete kb. h\u00fasz fokos. F\u00fcr\u00f6dni is lehet, ha nem b\u00e1njuk, hogy a tehenekkel kell osztoznunk a t\u00f3parti r\u00e9ten. A t\u00f3 k\u00f6r\u00fcl vezet\u0151 <strong>l\u00e1pi tan\u00f6sv\u00e9nyen<\/strong> kb. egy \u00f3r\u00e1s \u00fat vezet. Elhaladunk a Prebersee t\u00f3 partj\u00e1n \u00e9vr\u0151l \u00e9vre megrendezett<a href=\"https:\/\/www.salzburgerland.com\/hu\/salzburgi-lungau-loveszverseny-a-prebersee-tonal\/\"><strong> h\u00edres l\u00f6v\u00e9szverseny<\/strong><\/a> (Preberschiessen) \u00e1ll\u00e1sai mellett is. A verseny 1834 \u00f3ta elmaradhatatlan augusztusi program. \u00c9rdekess\u00e9ge, hogy a l\u00f6v\u00e9szek nem a 120 m\u00e9ternyire elhelyezett c\u00e9lt\u00e1bl\u00e1kra, hanem azok <strong>v\u00edzi t\u00fck\u00f6rk\u00e9p\u00e9re c\u00e9loznak<\/strong>. A l\u00e1pi t\u00f3 vize <strong>fizikai tulajdons\u00e1gain\u00e1l fogva visszaveri a l\u00f6ved\u00e9ket<\/strong>, ami azt\u00e1n a parton \u00e1ll\u00f3 c\u00e9lt\u00e1bl\u00e1n landol. 1957-ben Walt Disney is j\u00e1rt itt, filmre vetetett mindent \u00e9s meg akarta \u00e9p\u00edttetni a t\u00f3 m\u00e1s\u00e1t a Szikl\u00e1s-hegys\u00e9gben. De nem siker\u00fclt a v\u00e1llalkoz\u00e1s. A v\u00edz k\u00fcl\u00f6nleges tulajdons\u00e1ga, mint oly sok m\u00e1s, <strong>a Salzburgi<\/strong> <strong><span id=\"urn:enhancement-e2ce7e60-d4e6-e732-b2e1-e2a29e1fa531\">Lungau<\/span> titka maradt<\/strong>.<\/p>\n<div id=\"attachment_5317\" style=\"width: 1180px\" class=\"wp-caption alignnone\"><img decoding=\"async\" aria-describedby=\"caption-attachment-5317\" class=\"size-1170_658 wp-image-5317\" src=\"https:\/\/cdn.salzburgerland.com\/hu\/wp-content\/uploads\/2016\/11\/dariadaria-12-von-43-1170x658.jpg\" alt=\"\" width=\"1170\" height=\"658\" srcset=\"https:\/\/www.salzburgerland.com\/hu\/wp-content\/uploads\/2016\/11\/dariadaria-12-von-43-1170x658.jpg 1170w, https:\/\/www.salzburgerland.com\/hu\/wp-content\/uploads\/2016\/11\/dariadaria-12-von-43-768x432.jpg 768w, https:\/\/www.salzburgerland.com\/hu\/wp-content\/uploads\/2016\/11\/dariadaria-12-von-43-1200x675.jpg 1200w, https:\/\/www.salzburgerland.com\/hu\/wp-content\/uploads\/2016\/11\/dariadaria-12-von-43.jpg 1920w\" sizes=\"(max-width: 1170px) 100vw, 1170px\"><p id=\"caption-attachment-5317\" class=\"wp-caption-text\">A k\u00fcl\u00f6nleges viz\u00e9r\u0151l \u00e9s l\u00f6v\u00e9szverseny\u00e9r\u0151l h\u00edres, titokzatos lungaui t\u00f3, a Prebersee \u00a9 SalzburgerLand Tourismus, Fr\u00e4ulein Floras Favourite Hangouts<\/p><\/div>\n<h2><span lang=\"HU\"><span size=\"3\" color=\"#000000\">10. Krimmli-v\u00edzes\u00e9s, \u201eHohe Tauern Health\u201d \u00e9s v\u00edzivil\u00e1g<\/span><\/span><\/h2>\n<p><span lang=\"HU\"><span size=\"3\" color=\"#000000\">A hatalmas, h\u00e1roml\u00e9pcs\u0151s <a href=\"https:\/\/www.wasserfaelle-krimml.at\/en\/\" target=\"_blank\" rel=\"noopener noreferrer\"><strong><span id=\"urn:enhancement-422f2129-cb2a-03ef-d758-44a23e9c3546\">Krimmli<\/span>-v\u00edzes\u00e9s<\/strong><\/a> <span id=\"urn:enhancement-23367476-7d00-c878-1175-bf9b592e446c\">K\u00f6z\u00e9p-<span id=\"urn:enhancement-728b7273-745d-59f9-84f3-64c8eb36d37d\">Eur\u00f3pa<\/span><\/span> legnagyobb v\u00edzes\u00e9se \u00e9s egyike <span id=\"urn:enhancement-5f2482e5-4233-e23d-143f-dc865df5da76\">Salzburg<\/span> tartom\u00e1nylegizgalmasabb l\u00e1tnival\u00f3inak. <strong>A Krimmler Ache hegyi foly\u00f3 vize<\/strong> 380 m\u00e9teres magass\u00e1gb\u00f3l zubog al\u00e1 a m\u00e9lybe a Magas-Tauern Nemzeti Park ter\u00fclet\u00e9n. A v\u00edzes\u00e9s fel\u00e9 tartva m\u00e1r messzir\u0151l meghalljuk a v\u00edzt\u00f6megek robajl\u00e1s\u00e1t. Szinte a b\u0151r\u00e9n \u00e9rzi az ember, mekkora er\u0151vel t\u00f6r mag\u00e1nak utat a v\u00edz. A v\u00edzes\u00e9s ment\u00e9n <strong>m\u00e1sf\u00e9l \u00f3ra alatt megtehet\u0151, n\u00e9gykilom\u00e9teres t\u00fara\u00fat<\/strong> vezet. Ennek <strong>kil\u00e1t\u00f3helyeir\u0151l<\/strong> nagyszer\u0171 len\u00e9zni a lezubog\u00f3 v\u00edzt\u00f6megre. A v\u00edzes\u00e9s l\u00e1bain\u00e1l elter\u00fcl\u0151 <strong><a href=\"https:\/\/www.wasserwelten-krimml.at\/wk\/en\/index\" target=\"_blank\" rel=\"noopener noreferrer\">WasserWelten<\/a><\/strong> (V\u00edziVil\u00e1g) \u00e9lm\u00e9nyk\u00f6zpontot k\u00fcl\u00f6n\u00f6sen csal\u00e1dok figyelm\u00e9be aj\u00e1nljuk. A gyerekekre sok j\u00e1t\u00e9k \u00e9s v\u00edzi \u00e9lm\u00e9ny v\u00e1r, k\u00f6zben r\u00e1\u00e9reznek a v\u00edz nagyszer\u0171s\u00e9g\u00e9re.<\/span><\/span><\/p>\n<p><span lang=\"HU\"><span size=\"3\" color=\"#000000\">A <span id=\"urn:enhancement-35cc3195-120a-e82c-849a-7ba8fc4368c6\">Krimmli-v\u00edzes\u00e9s<\/span> t\u00f6bb, mint l\u00e1tv\u00e1nyos kir\u00e1ndul\u00f3hely. A \u201e<a href=\"http:\/\/www.hohe-tauern-health.at\/de\" target=\"_blank\" rel=\"noopener noreferrer\"><strong>Hohe Tauern Health<\/strong><\/a>\u201d m\u00e1rkan\u00e9v m\u00f6g\u00f6tt a Magas-Tauern hegys\u00e9g \u00e9s a <span id=\"urn:enhancement-35612895-23fe-20a5-5b86-ba0ce3497513\">Krimmli-v\u00edzes\u00e9s<\/span> leveg\u0151j\u00e9nek <strong>bizony\u00edtottan gy\u00f3gy\u00edt\u00f3<\/strong> hat\u00e1sa \u00e1ll. A <span id=\"urn:enhancement-54ee98d1-0196-5e95-ca20-f169a7cfc5e0\">Krimmli-v\u00edzes\u00e9s<\/span> v\u00edzpermet\u00e9nek bel\u00e9legz\u00e9se orvosi ellen\u0151rz\u00e9s mellett,\u00a0k\u00faraszer\u0171en alkalmazva <strong>tart\u00f3s enyh\u00fcl\u00e9st hoz az asztm\u00e1ban, allergi\u00e1s \u00e9s m\u00e1s l\u00e9g\u00fati megbeteged\u00e9sekben<\/strong> szenved\u0151knek.<\/span><\/span><span style=\"margin: 0px; font-family: 'Arial',sans-serif;\" lang=\"HU\"><\/span><\/p>\n<div id=\"attachment_6538\" style=\"width: 1180px\" class=\"wp-caption alignnone\"><img decoding=\"async\" aria-describedby=\"caption-attachment-6538\" class=\"size-1170_658 wp-image-6538\" src=\"https:\/\/cdn.salzburgerland.com\/hu\/wp-content\/uploads\/2017\/03\/hth-e1479380426641-1170x658.jpg\" alt=\"\" width=\"1170\" height=\"658\" srcset=\"https:\/\/www.salzburgerland.com\/hu\/wp-content\/uploads\/2017\/03\/hth-e1479380426641-1170x658.jpg 1170w, https:\/\/www.salzburgerland.com\/hu\/wp-content\/uploads\/2017\/03\/hth-e1479380426641-1200x675.jpg 1200w\" sizes=\"(max-width: 1170px) 100vw, 1170px\"><p id=\"caption-attachment-6538\" class=\"wp-caption-text\">A h\u00e1roml\u00e9pcs\u0151s Krimmli-v\u00edzes\u00e9s Salzburg tartom\u00e1ny legnagyszer\u0171bb l\u00e1tnival\u00f3i k\u00f6z\u00e9 tartozik \u00a9 SalzburgerLand Tourismus<\/p><\/div>\n","protected":false},"excerpt":{"rendered":"<p>1. Deregly\u00e9z\u00e9s \u00e9s f\u00fcst\u00f6lt hal a Fuschlsee-n\u00e9l A 10 kiemelt \u201evizes\u201d kir\u00e1ndul\u00f3hely k\u00f6z\u00fcl els\u0151k\u00e9nt a salzburgi Salzkammergut vid\u00e9k\u00e9n elter\u00fcl\u0151\u00a0Fuschlsee-t mutatjuk be, mely Salzburg tartom\u00e1ny (SalzburgerLand) egyik legszebb tava. R\u00e9tek \u00e9s erd\u0151k veszik k\u00f6r\u00fcl, k\u00f6zel\u00e9ben t\u00far\u00e1ra cs\u00e1b\u00edt\u00f3 hegyek emelkednek. A partj\u00e1n \u00e1ll\u00f3 Sissi-kast\u00e9llyal t\u00f6k\u00e9letes \u201eSommerfrische\u201d-sz\u00ednhely, vagyis a\u00a0XX. sz\u00e1zad eleji b\u00e9kebeli \u201enyaral\u00e1s a z\u00f6ldben\u201d kor\u00e1ra eml\u00e9keztet. A [&hellip;]<\/p>\n","protected":false},"author":4,"featured_media":6527,"comment_status":"closed","ping_status":"closed","sticky":false,"template":"","format":"standard","meta":{"_acf_changed":false,"wl_entities_gutenberg":"","_relevanssi_hide_post":"","_relevanssi_hide_content":"","_relevanssi_pin_for_all":"","_relevanssi_pin_keywords":"","_relevanssi_unpin_keywords":"","_relevanssi_related_keywords":"","_relevanssi_related_include_ids":"","_relevanssi_related_exclude_ids":"","_relevanssi_related_no_append":"","_relevanssi_related_not_related":"","_relevanssi_related_posts":"","_relevanssi_noindex_reason":"","footnotes":""},"categories":[1],"tags":[345,348,349],"wl_entity_type":[27],"class_list":["post-1525","post","type-post","status-publish","format-standard","has-post-thumbnail","hentry","category-uncategorized","tag-vizes-programok","tag-vizesesek-ausztriaban","tag-vizijatekok","wl_entity_type-article"],"acf":[],"yoast_head":"<!-- This site is optimized with the Yoast SEO Premium plugin v27.4 (Yoast SEO v27.4) - https:\/\/yoast.com\/product\/yoast-seo-premium-wordpress\/ -->\n<title>10 kiemelt &quot;vizes&quot; kir\u00e1ndul\u00f3hely<\/title>\n<meta name=\"description\" content=\"10 kiemelt &quot;vizes&quot; kir\u00e1ndul\u00f3hely: A Krimmli-v\u00edzes\u00e9st\u0151l a hellbrunni kast\u00e9ly v\u00edzij\u00e1t\u00e9kain \u00e1t a Salzburgi Lungau Preber-tav\u00e1ig.\" \/>\n<meta name=\"robots\" content=\"index, follow, max-snippet:-1, max-image-preview:large, max-video-preview:-1\" \/>\n<link rel=\"canonical\" href=\"https:\/\/www.salzburgerland.com\/hu\/10-ajanlas-salzburg-tartomany-vizes-kirandulohelyei-kozul\/\" \/>\n<meta property=\"og:locale\" content=\"hu_HU\" \/>\n<meta property=\"og:type\" content=\"article\" \/>\n<meta property=\"og:title\" content=\"10 kiemelt &quot;vizes&quot; kir\u00e1ndul\u00f3hely\" \/>\n<meta property=\"og:description\" content=\"1. Deregly\u00e9z\u00e9s \u00e9s f\u00fcst\u00f6lt hal a Fuschlsee-n\u00e9l A 10 kiemelt &quot;vizes&quot; kir\u00e1ndul\u00f3hely k\u00f6z\u00fcl els\u0151k\u00e9nt a salzburgi Salzkammergut vid\u00e9k\u00e9n elter\u00fcl\u0151\u00a0Fuschlsee-t\" \/>\n<meta property=\"og:url\" content=\"https:\/\/www.salzburgerland.com\/hu\/10-ajanlas-salzburg-tartomany-vizes-kirandulohelyei-kozul\/\" \/>\n<meta property=\"og:site_name\" content=\"SalzburgerLand.com\" \/>\n<meta property=\"article:publisher\" content=\"https:\/\/www.facebook.com\/visitsalzburgerland\/\" \/>\n<meta property=\"article:published_time\" content=\"2017-03-21T00:45:44+00:00\" \/>\n<meta property=\"article:modified_time\" content=\"2024-03-16T05:01:58+00:00\" \/>\n<meta property=\"og:image\" content=\"https:\/\/www.salzburgerland.com\/hu\/wp-content\/uploads\/2017\/03\/rs963_slt-kultur-sightseeing-87-hpr-1200x675.jpg\" \/>\n\t<meta property=\"og:image:width\" content=\"1200\" \/>\n\t<meta property=\"og:image:height\" content=\"675\" \/>\n\t<meta property=\"og:image:type\" content=\"image\/jpeg\" \/>\n<meta name=\"author\" content=\"Eva Suemegi\" \/>\n<meta name=\"twitter:card\" content=\"summary_large_image\" \/>\n<meta name=\"twitter:creator\" content=\"@salzburgerland\" \/>\n<meta name=\"twitter:site\" content=\"@salzburgerland\" \/>\n<meta name=\"twitter:label1\" content=\"Szerz\u0151:\" \/>\n\t<meta name=\"twitter:data1\" content=\"Eva Suemegi\" \/>\n\t<meta name=\"twitter:label2\" content=\"Becs\u00fclt olvas\u00e1si id\u0151\" \/>\n\t<meta name=\"twitter:data2\" content=\"12 perc\" \/>\n<script type=\"application\/ld+json\" class=\"yoast-schema-graph\">{\"@context\":\"https:\\\/\\\/schema.org\",\"@graph\":[{\"@type\":\"Article\",\"@id\":\"https:\\\/\\\/www.salzburgerland.com\\\/hu\\\/10-ajanlas-salzburg-tartomany-vizes-kirandulohelyei-kozul\\\/#article\",\"isPartOf\":{\"@id\":\"https:\\\/\\\/www.salzburgerland.com\\\/hu\\\/10-ajanlas-salzburg-tartomany-vizes-kirandulohelyei-kozul\\\/\"},\"author\":{\"name\":\"Eva Suemegi\",\"@id\":\"https:\\\/\\\/www.salzburgerland.com\\\/hu\\\/#\\\/schema\\\/person\\\/318d672774562c00dc51530dd5ca5182\"},\"headline\":\"10 kiemelt &#8222;vizes&#8221; kir\u00e1ndul\u00f3hely\",\"datePublished\":\"2017-03-21T00:45:44+00:00\",\"dateModified\":\"2024-03-16T05:01:58+00:00\",\"mainEntityOfPage\":{\"@id\":\"https:\\\/\\\/www.salzburgerland.com\\\/hu\\\/10-ajanlas-salzburg-tartomany-vizes-kirandulohelyei-kozul\\\/\"},\"wordCount\":2612,\"image\":{\"@id\":\"https:\\\/\\\/www.salzburgerland.com\\\/hu\\\/10-ajanlas-salzburg-tartomany-vizes-kirandulohelyei-kozul\\\/#primaryimage\"},\"thumbnailUrl\":\"https:\\\/\\\/www.salzburgerland.com\\\/hu\\\/wp-content\\\/uploads\\\/2017\\\/03\\\/rs963_slt-kultur-sightseeing-87-hpr.jpg\",\"keywords\":[\"vizes programok\",\"v\u00edzes\u00e9sek Ausztri\u00e1ban\",\"v\u00edzij\u00e1t\u00e9kok\"],\"articleSection\":[\"Uncategorized\"],\"inLanguage\":\"hu\"},{\"@type\":\"WebPage\",\"@id\":\"https:\\\/\\\/www.salzburgerland.com\\\/hu\\\/10-ajanlas-salzburg-tartomany-vizes-kirandulohelyei-kozul\\\/\",\"url\":\"https:\\\/\\\/www.salzburgerland.com\\\/hu\\\/10-ajanlas-salzburg-tartomany-vizes-kirandulohelyei-kozul\\\/\",\"name\":\"10 kiemelt \\\"vizes\\\" kir\u00e1ndul\u00f3hely\",\"isPartOf\":{\"@id\":\"https:\\\/\\\/www.salzburgerland.com\\\/hu\\\/#website\"},\"primaryImageOfPage\":{\"@id\":\"https:\\\/\\\/www.salzburgerland.com\\\/hu\\\/10-ajanlas-salzburg-tartomany-vizes-kirandulohelyei-kozul\\\/#primaryimage\"},\"image\":{\"@id\":\"https:\\\/\\\/www.salzburgerland.com\\\/hu\\\/10-ajanlas-salzburg-tartomany-vizes-kirandulohelyei-kozul\\\/#primaryimage\"},\"thumbnailUrl\":\"https:\\\/\\\/www.salzburgerland.com\\\/hu\\\/wp-content\\\/uploads\\\/2017\\\/03\\\/rs963_slt-kultur-sightseeing-87-hpr.jpg\",\"datePublished\":\"2017-03-21T00:45:44+00:00\",\"dateModified\":\"2024-03-16T05:01:58+00:00\",\"author\":{\"@id\":\"https:\\\/\\\/www.salzburgerland.com\\\/hu\\\/#\\\/schema\\\/person\\\/318d672774562c00dc51530dd5ca5182\"},\"description\":\"10 kiemelt \\\"vizes\\\" kir\u00e1ndul\u00f3hely: A Krimmli-v\u00edzes\u00e9st\u0151l a hellbrunni kast\u00e9ly v\u00edzij\u00e1t\u00e9kain \u00e1t a Salzburgi Lungau Preber-tav\u00e1ig.\",\"breadcrumb\":{\"@id\":\"https:\\\/\\\/www.salzburgerland.com\\\/hu\\\/10-ajanlas-salzburg-tartomany-vizes-kirandulohelyei-kozul\\\/#breadcrumb\"},\"inLanguage\":\"hu\",\"potentialAction\":[{\"@type\":\"ReadAction\",\"target\":[\"https:\\\/\\\/www.salzburgerland.com\\\/hu\\\/10-ajanlas-salzburg-tartomany-vizes-kirandulohelyei-kozul\\\/\"]}]},{\"@type\":\"ImageObject\",\"inLanguage\":\"hu\",\"@id\":\"https:\\\/\\\/www.salzburgerland.com\\\/hu\\\/10-ajanlas-salzburg-tartomany-vizes-kirandulohelyei-kozul\\\/#primaryimage\",\"url\":\"https:\\\/\\\/www.salzburgerland.com\\\/hu\\\/wp-content\\\/uploads\\\/2017\\\/03\\\/rs963_slt-kultur-sightseeing-87-hpr.jpg\",\"contentUrl\":\"https:\\\/\\\/www.salzburgerland.com\\\/hu\\\/wp-content\\\/uploads\\\/2017\\\/03\\\/rs963_slt-kultur-sightseeing-87-hpr.jpg\",\"width\":1920,\"height\":1280,\"caption\":\"A hellbrunni v\u00edzij\u00e1t\u00e9kok \u00a9 SalzburgerLand Tourismus\"},{\"@type\":\"BreadcrumbList\",\"@id\":\"https:\\\/\\\/www.salzburgerland.com\\\/hu\\\/10-ajanlas-salzburg-tartomany-vizes-kirandulohelyei-kozul\\\/#breadcrumb\",\"itemListElement\":[{\"@type\":\"ListItem\",\"position\":1,\"name\":\"Pezsg\u0151 vagy mentes\",\"item\":\"https:\\\/\\\/www.salzburgerland.com\\\/hu\\\/viz-viz-viz\\\/\"},{\"@type\":\"ListItem\",\"position\":2,\"name\":\"10 kiemelt &#8222;vizes&#8221; kir\u00e1ndul\u00f3hely\"}]},{\"@type\":\"WebSite\",\"@id\":\"https:\\\/\\\/www.salzburgerland.com\\\/hu\\\/#website\",\"url\":\"https:\\\/\\\/www.salzburgerland.com\\\/hu\\\/\",\"name\":\"SalzburgerLand.com\",\"description\":\"\u00dcd\u00fcl\u00e9s Ausztri\u00e1ban, Salzburg tartom\u00e1nyban\",\"potentialAction\":[{\"@type\":\"SearchAction\",\"target\":{\"@type\":\"EntryPoint\",\"urlTemplate\":\"https:\\\/\\\/www.salzburgerland.com\\\/hu\\\/?s={search_term_string}\"},\"query-input\":{\"@type\":\"PropertyValueSpecification\",\"valueRequired\":true,\"valueName\":\"search_term_string\"}}],\"inLanguage\":\"hu\"},{\"@type\":\"Person\",\"@id\":\"https:\\\/\\\/www.salzburgerland.com\\\/hu\\\/#\\\/schema\\\/person\\\/318d672774562c00dc51530dd5ca5182\",\"name\":\"Eva Suemegi\",\"image\":{\"@type\":\"ImageObject\",\"inLanguage\":\"hu\",\"@id\":\"https:\\\/\\\/secure.gravatar.com\\\/avatar\\\/0713cd5ff838626404fe576f92a82fa1484d001fc2c094544fcd23cce4a3b703?s=96&d=mm&r=g\",\"url\":\"https:\\\/\\\/secure.gravatar.com\\\/avatar\\\/0713cd5ff838626404fe576f92a82fa1484d001fc2c094544fcd23cce4a3b703?s=96&d=mm&r=g\",\"contentUrl\":\"https:\\\/\\\/secure.gravatar.com\\\/avatar\\\/0713cd5ff838626404fe576f92a82fa1484d001fc2c094544fcd23cce4a3b703?s=96&d=mm&r=g\",\"caption\":\"Eva Suemegi\"}}]}<\/script>\n<meta property=\"og:video\" content=\"https:\/\/www.youtube.com\/embed\/--b3fA_U7do\" \/>\n<meta property=\"og:video:type\" content=\"text\/html\" \/>\n<meta property=\"og:video:duration\" content=\"69\" \/>\n<meta property=\"og:video:width\" content=\"480\" \/>\n<meta property=\"og:video:height\" content=\"270\" \/>\n<meta property=\"ya:ovs:adult\" content=\"false\" \/>\n<meta property=\"ya:ovs:upload_date\" content=\"2017-03-21T00:45:44+00:00\" \/>\n<meta property=\"ya:ovs:allow_embed\" content=\"true\" \/>\n<!-- \/ Yoast SEO Premium plugin. -->","yoast_head_json":{"title":"10 kiemelt \"vizes\" kir\u00e1ndul\u00f3hely","description":"10 kiemelt \"vizes\" kir\u00e1ndul\u00f3hely: A Krimmli-v\u00edzes\u00e9st\u0151l a hellbrunni kast\u00e9ly v\u00edzij\u00e1t\u00e9kain \u00e1t a Salzburgi Lungau Preber-tav\u00e1ig.","robots":{"index":"index","follow":"follow","max-snippet":"max-snippet:-1","max-image-preview":"max-image-preview:large","max-video-preview":"max-video-preview:-1"},"canonical":"https:\/\/www.salzburgerland.com\/hu\/10-ajanlas-salzburg-tartomany-vizes-kirandulohelyei-kozul\/","og_locale":"hu_HU","og_type":"article","og_title":"10 kiemelt \"vizes\" kir\u00e1ndul\u00f3hely","og_description":"1. Deregly\u00e9z\u00e9s \u00e9s f\u00fcst\u00f6lt hal a Fuschlsee-n\u00e9l A 10 kiemelt \"vizes\" kir\u00e1ndul\u00f3hely k\u00f6z\u00fcl els\u0151k\u00e9nt a salzburgi Salzkammergut vid\u00e9k\u00e9n elter\u00fcl\u0151\u00a0Fuschlsee-t","og_url":"https:\/\/www.salzburgerland.com\/hu\/10-ajanlas-salzburg-tartomany-vizes-kirandulohelyei-kozul\/","og_site_name":"SalzburgerLand.com","article_publisher":"https:\/\/www.facebook.com\/visitsalzburgerland\/","article_published_time":"2017-03-21T00:45:44+00:00","article_modified_time":"2024-03-16T05:01:58+00:00","og_image":[{"width":1200,"height":675,"url":"https:\/\/www.salzburgerland.com\/hu\/wp-content\/uploads\/2017\/03\/rs963_slt-kultur-sightseeing-87-hpr-1200x675.jpg","type":"image\/jpeg"}],"author":"Eva Suemegi","twitter_card":"summary_large_image","twitter_creator":"@salzburgerland","twitter_site":"@salzburgerland","twitter_misc":{"Szerz\u0151:":"Eva Suemegi","Becs\u00fclt olvas\u00e1si id\u0151":"12 perc"},"schema":{"@context":"https:\/\/schema.org","@graph":[{"@type":"Article","@id":"https:\/\/www.salzburgerland.com\/hu\/10-ajanlas-salzburg-tartomany-vizes-kirandulohelyei-kozul\/#article","isPartOf":{"@id":"https:\/\/www.salzburgerland.com\/hu\/10-ajanlas-salzburg-tartomany-vizes-kirandulohelyei-kozul\/"},"author":{"name":"Eva Suemegi","@id":"https:\/\/www.salzburgerland.com\/hu\/#\/schema\/person\/318d672774562c00dc51530dd5ca5182"},"headline":"10 kiemelt &#8222;vizes&#8221; kir\u00e1ndul\u00f3hely","datePublished":"2017-03-21T00:45:44+00:00","dateModified":"2024-03-16T05:01:58+00:00","mainEntityOfPage":{"@id":"https:\/\/www.salzburgerland.com\/hu\/10-ajanlas-salzburg-tartomany-vizes-kirandulohelyei-kozul\/"},"wordCount":2612,"image":{"@id":"https:\/\/www.salzburgerland.com\/hu\/10-ajanlas-salzburg-tartomany-vizes-kirandulohelyei-kozul\/#primaryimage"},"thumbnailUrl":"https:\/\/www.salzburgerland.com\/hu\/wp-content\/uploads\/2017\/03\/rs963_slt-kultur-sightseeing-87-hpr.jpg","keywords":["vizes programok","v\u00edzes\u00e9sek Ausztri\u00e1ban","v\u00edzij\u00e1t\u00e9kok"],"articleSection":["Uncategorized"],"inLanguage":"hu"},{"@type":"WebPage","@id":"https:\/\/www.salzburgerland.com\/hu\/10-ajanlas-salzburg-tartomany-vizes-kirandulohelyei-kozul\/","url":"https:\/\/www.salzburgerland.com\/hu\/10-ajanlas-salzburg-tartomany-vizes-kirandulohelyei-kozul\/","name":"10 kiemelt \"vizes\" kir\u00e1ndul\u00f3hely","isPartOf":{"@id":"https:\/\/www.salzburgerland.com\/hu\/#website"},"primaryImageOfPage":{"@id":"https:\/\/www.salzburgerland.com\/hu\/10-ajanlas-salzburg-tartomany-vizes-kirandulohelyei-kozul\/#primaryimage"},"image":{"@id":"https:\/\/www.salzburgerland.com\/hu\/10-ajanlas-salzburg-tartomany-vizes-kirandulohelyei-kozul\/#primaryimage"},"thumbnailUrl":"https:\/\/www.salzburgerland.com\/hu\/wp-content\/uploads\/2017\/03\/rs963_slt-kultur-sightseeing-87-hpr.jpg","datePublished":"2017-03-21T00:45:44+00:00","dateModified":"2024-03-16T05:01:58+00:00","author":{"@id":"https:\/\/www.salzburgerland.com\/hu\/#\/schema\/person\/318d672774562c00dc51530dd5ca5182"},"description":"10 kiemelt \"vizes\" kir\u00e1ndul\u00f3hely: A Krimmli-v\u00edzes\u00e9st\u0151l a hellbrunni kast\u00e9ly v\u00edzij\u00e1t\u00e9kain \u00e1t a Salzburgi Lungau Preber-tav\u00e1ig.","breadcrumb":{"@id":"https:\/\/www.salzburgerland.com\/hu\/10-ajanlas-salzburg-tartomany-vizes-kirandulohelyei-kozul\/#breadcrumb"},"inLanguage":"hu","potentialAction":[{"@type":"ReadAction","target":["https:\/\/www.salzburgerland.com\/hu\/10-ajanlas-salzburg-tartomany-vizes-kirandulohelyei-kozul\/"]}]},{"@type":"ImageObject","inLanguage":"hu","@id":"https:\/\/www.salzburgerland.com\/hu\/10-ajanlas-salzburg-tartomany-vizes-kirandulohelyei-kozul\/#primaryimage","url":"https:\/\/www.salzburgerland.com\/hu\/wp-content\/uploads\/2017\/03\/rs963_slt-kultur-sightseeing-87-hpr.jpg","contentUrl":"https:\/\/www.salzburgerland.com\/hu\/wp-content\/uploads\/2017\/03\/rs963_slt-kultur-sightseeing-87-hpr.jpg","width":1920,"height":1280,"caption":"A hellbrunni v\u00edzij\u00e1t\u00e9kok \u00a9 SalzburgerLand Tourismus"},{"@type":"BreadcrumbList","@id":"https:\/\/www.salzburgerland.com\/hu\/10-ajanlas-salzburg-tartomany-vizes-kirandulohelyei-kozul\/#breadcrumb","itemListElement":[{"@type":"ListItem","position":1,"name":"Pezsg\u0151 vagy mentes","item":"https:\/\/www.salzburgerland.com\/hu\/viz-viz-viz\/"},{"@type":"ListItem","position":2,"name":"10 kiemelt &#8222;vizes&#8221; kir\u00e1ndul\u00f3hely"}]},{"@type":"WebSite","@id":"https:\/\/www.salzburgerland.com\/hu\/#website","url":"https:\/\/www.salzburgerland.com\/hu\/","name":"SalzburgerLand.com","description":"\u00dcd\u00fcl\u00e9s Ausztri\u00e1ban, Salzburg tartom\u00e1nyban","potentialAction":[{"@type":"SearchAction","target":{"@type":"EntryPoint","urlTemplate":"https:\/\/www.salzburgerland.com\/hu\/?s={search_term_string}"},"query-input":{"@type":"PropertyValueSpecification","valueRequired":true,"valueName":"search_term_string"}}],"inLanguage":"hu"},{"@type":"Person","@id":"https:\/\/www.salzburgerland.com\/hu\/#\/schema\/person\/318d672774562c00dc51530dd5ca5182","name":"Eva Suemegi","image":{"@type":"ImageObject","inLanguage":"hu","@id":"https:\/\/secure.gravatar.com\/avatar\/0713cd5ff838626404fe576f92a82fa1484d001fc2c094544fcd23cce4a3b703?s=96&d=mm&r=g","url":"https:\/\/secure.gravatar.com\/avatar\/0713cd5ff838626404fe576f92a82fa1484d001fc2c094544fcd23cce4a3b703?s=96&d=mm&r=g","contentUrl":"https:\/\/secure.gravatar.com\/avatar\/0713cd5ff838626404fe576f92a82fa1484d001fc2c094544fcd23cce4a3b703?s=96&d=mm&r=g","caption":"Eva Suemegi"}}]},"og_video":"https:\/\/www.youtube.com\/embed\/--b3fA_U7do","og_video_type":"text\/html","og_video_duration":"69","og_video_width":"480","og_video_height":"270","ya_ovs_adult":"false","ya_ovs_upload_date":"2017-03-21T00:45:44+00:00","ya_ovs_allow_embed":"true"},"_wl_alt_label":[],"wl:entity_url":"http:\/\/open.salzburgerland.com\/hu\/post\/a_10_legjobb_vizes_kirandulohely_salzburg_tartomanyban","_links":{"self":[{"href":"https:\/\/www.salzburgerland.com\/hu\/wp-json\/wp\/v2\/posts\/1525","targetHints":{"allow":["GET"]}}],"collection":[{"href":"https:\/\/www.salzburgerland.com\/hu\/wp-json\/wp\/v2\/posts"}],"about":[{"href":"https:\/\/www.salzburgerland.com\/hu\/wp-json\/wp\/v2\/types\/post"}],"author":[{"embeddable":true,"href":"https:\/\/www.salzburgerland.com\/hu\/wp-json\/wp\/v2\/users\/4"}],"replies":[{"embeddable":true,"href":"https:\/\/www.salzburgerland.com\/hu\/wp-json\/wp\/v2\/comments?post=1525"}],"version-history":[{"count":5,"href":"https:\/\/www.salzburgerland.com\/hu\/wp-json\/wp\/v2\/posts\/1525\/revisions"}],"predecessor-version":[{"id":21167,"href":"https:\/\/www.salzburgerland.com\/hu\/wp-json\/wp\/v2\/posts\/1525\/revisions\/21167"}],"wp:featuredmedia":[{"embeddable":true,"href":"https:\/\/www.salzburgerland.com\/hu\/wp-json\/wp\/v2\/media\/6527"}],"wp:attachment":[{"href":"https:\/\/www.salzburgerland.com\/hu\/wp-json\/wp\/v2\/media?parent=1525"}],"wp:term":[{"taxonomy":"category","embeddable":true,"href":"https:\/\/www.salzburgerland.com\/hu\/wp-json\/wp\/v2\/categories?post=1525"},{"taxonomy":"post_tag","embeddable":true,"href":"https:\/\/www.salzburgerland.com\/hu\/wp-json\/wp\/v2\/tags?post=1525"},{"taxonomy":"wl_entity_type","embeddable":true,"href":"https:\/\/www.salzburgerland.com\/hu\/wp-json\/wp\/v2\/wl_entity_type?post=1525"}],"curies":[{"name":"wp","href":"https:\/\/api.w.org\/{rel}","templated":true}]}}