{"id":14457,"date":"2021-12-01T11:36:05","date_gmt":"2021-12-01T10:36:05","guid":{"rendered":"https:\/\/www.salzburgerland.com\/hu\/?p=14457"},"modified":"2024-09-30T21:07:17","modified_gmt":"2024-09-30T19:07:17","slug":"zell-am-see-kaprun-szankozas","status":"publish","type":"post","link":"https:\/\/www.salzburgerland.com\/hu\/zell-am-see-kaprun-szankozas\/","title":{"rendered":"Sz\u00e1nk\u00f3z\u00e1s Zell am See-Kaprunban"},"content":{"rendered":"<h4>Sz\u00e1nk\u00f3ra fel!<\/h4>\n<p>T\u00e9len sz\u00e1mos nagyszer\u0171 \u00e9s felejthetetlen \u00e9lm\u00e9nyt ny\u00fajt\u00f3 <a href=\"https:\/\/www.zellamsee-kaprun.com\/en\/activities\/winter\/tobogganing\" target=\"_blank\" rel=\"noopener\"><strong>sz\u00e1nk\u00f3p\u00e1lya<\/strong><\/a> k\u00f6z\u00fcl v\u00e1logathat a r\u00e9gi\u00f3ban \u00e9s k\u00f6rny\u00e9k\u00e9n. Az<strong> 1 km<\/strong> hossz\u00fa\u00a0<strong><a href=\"https:\/\/www.zellamsee-kaprun.com\/en\/region\/places\/infrastructure\/rodelbahn-kohlergraben_az-6091\" target=\"_blank\" rel=\"noopener\">K\u00f6hlergraben<\/a><\/strong>\u00a0sz\u00e1nk\u00f3p\u00e1lya eg\u00e9szen a Zell am See-ben l\u00e9v\u0151 <strong>Hotel Waldhofig<\/strong>\u00a0fut, \u00e9s igen j\u00f3 sz\u00f3rakoz\u00e1st \u00edg\u00e9r. Este <strong>22\u00a0\u00f3r\u00e1ig<\/strong> nyitva van, \u00e9s minden kedden a busz viszi l\u00e1togat\u00f3kat a <strong>Schmittenh\u00f6he trassXpress<\/strong>-hez \u00e9s vissza.<\/p>\n<p><strong>Bruckban<\/strong> a Glocknerstra\u00dfe-n tal\u00e1lhat\u00f3 a kivil\u00e1g\u00edtott <strong>Kohlschnait sz\u00e1nk\u00f3p\u00e1lya<\/strong> a <strong>Berggasthof Kohlschnaitn\u00e1l<\/strong>, amely est\u00e9nk\u00e9nt messzir\u0151l is j\u00f3l l\u00e1that\u00f3. A <strong>Rodelexpress-sel<\/strong>\u00a0juthat fel a kiindul\u00f3ponthoz \u00e9s egy meleg\u00edt\u0151 ital ut\u00e1n h\u00e1rom kilom\u00e9terhossz\u00fa, sz\u00e9d\u00edt\u0151 temp\u00f3ban megtett lesikl\u00e1sban lehet r\u00e9sze, eg\u00e9szen a v\u00f6lgyig.<\/p>\n<p><strong>A vil\u00e1g leghosszabb kivil\u00e1g\u00edtott sz\u00e1nk\u00f3p\u00e1ly\u00e1ja<\/strong> a szomsz\u00e9dos r\u00e9gi\u00f3 t\u00e9li \u00fcd\u00fcl\u0151hely\u00e9n, Brambergben a <strong>Wildkogel-en<\/strong> tal\u00e1lhat\u00f3, <strong>2100 m<\/strong> tengerszint feletti magass\u00e1gban. Megk\u00f6zel\u00edt\u00e9se a <strong>Smaragdbahn<\/strong> felvon\u00f3val biztos\u00edtott. A h\u00edres p\u00e1lya <strong>14 kilom\u00e9ter<\/strong> hossz\u00fa \u00e9lm\u00e9nyekkel teli lesikl\u00e1ssal v\u00e1rja a sz\u00e1nk\u00f3z\u00e1s kedvel\u0151it.<\/p>\n<div id=\"attachment_14460\" style=\"width: 1034px\" class=\"wp-caption alignnone\"><img decoding=\"async\" aria-describedby=\"caption-attachment-14460\" class=\"size-medium wp-image-14460\" src=\"https:\/\/cdn.salzburgerland.com\/hu\/wp-content\/uploads\/2021\/11\/berggashof-kohlschnait-panorama-winter-gries-pinzgau-1170x658-1-1024x569.jpg\" alt=\"Csod\u00e1latos t\u00e9li sz\u00e1nk\u00f3z\u00e1s, Kohlschneit\" width=\"1024\" height=\"569\" srcset=\"https:\/\/www.salzburgerland.com\/hu\/wp-content\/uploads\/2021\/11\/berggashof-kohlschnait-panorama-winter-gries-pinzgau-1170x658-1-1024x569.jpg 1024w, https:\/\/www.salzburgerland.com\/hu\/wp-content\/uploads\/2021\/11\/berggashof-kohlschnait-panorama-winter-gries-pinzgau-1170x658-1-370x206.jpg 370w, https:\/\/www.salzburgerland.com\/hu\/wp-content\/uploads\/2021\/11\/berggashof-kohlschnait-panorama-winter-gries-pinzgau-1170x658-1-270x150.jpg 270w, https:\/\/www.salzburgerland.com\/hu\/wp-content\/uploads\/2021\/11\/berggashof-kohlschnait-panorama-winter-gries-pinzgau-1170x658-1-540x300.jpg 540w\" sizes=\"(max-width: 1024px) 100vw, 1024px\"><p id=\"caption-attachment-14460\" class=\"wp-caption-text\">Csod\u00e1latos t\u00e9li sz\u00e1nk\u00f3z\u00e1s \u00a9 Berggasthof Kohlschnait<\/p><\/div>\n<h4>Ny\u00e1ri bob<\/h4>\n<p>A sz\u00e1mos t\u00e9li sz\u00e1nk\u00f3p\u00e1lya mellett a r\u00e9gi\u00f3ban eg\u00e9sz \u00e9vben \u00fczemel a <strong>\u201e<a href=\"https:\/\/www.zellamsee-kaprun.com\/de\/region\/attraktionen\/maisiflitzer\">Maisi Flitzer<\/a>\u201e<\/strong> bobp\u00e1lya a Kaprun k\u00f6zpontj\u00e1ban tal\u00e1lhat\u00f3 <strong>MK Maiskogelbahn v\u00f6lgy\u00e1llom\u00e1son<\/strong>, amely az \u00e9v 365 napj\u00e1n lehet\u0151s\u00e9get biztos\u00edt a \u201esz\u00e1nk\u00f3z\u00e1sra\u201d. A \u00a0rajthoz felvon\u00f3val lehet feljutni, majd ak\u00e1r egy vid\u00e1mparkban, meredek szakaszok \u00e9s \u00e9les kanyarok k\u00f6vetik egym\u00e1st a lesikl\u00e1s sor\u00e1n. Az <strong>1300 m\u00e9teres p\u00e1ly\u00e1n<\/strong>\u00a0a bob ak\u00e1r <strong>40 km\/h-s sebess\u00e9gre<\/strong>\u00a0is felgyorsul, b\u00e1r mi magunk szab\u00e1lyozhatjuk a temp\u00f3t. Az ereszked\u00e9s egyed\u00fcl vagy p\u00e1ros bobbal is lehets\u00e9ges.<\/p>\n<div id=\"attachment_5916\" style=\"width: 1180px\" class=\"wp-caption alignnone\"><img decoding=\"async\" aria-describedby=\"caption-attachment-5916\" class=\"size-1170_658 wp-image-5916\" src=\"https:\/\/cdn.salzburgerland.com\/hu\/wp-content\/uploads\/2017\/03\/maisiflitzer-winterspass_maisiflitzer-winter-fun-c-kitzsteinhorn-1170x658.jpg\" alt=\"A Maiskogel bobp\u00e1ly\u00e1ja, a k\u00f6zkedvelt Maisiflitzer, Maisflitzer\" width=\"1170\" height=\"658\" srcset=\"https:\/\/www.salzburgerland.com\/hu\/wp-content\/uploads\/2017\/03\/maisiflitzer-winterspass_maisiflitzer-winter-fun-c-kitzsteinhorn-1170x658.jpg 1170w, https:\/\/www.salzburgerland.com\/hu\/wp-content\/uploads\/2017\/03\/maisiflitzer-winterspass_maisiflitzer-winter-fun-c-kitzsteinhorn-1200x675.jpg 1200w\" sizes=\"(max-width: 1170px) 100vw, 1170px\"><p id=\"caption-attachment-5916\" class=\"wp-caption-text\">A Maiskogel bobp\u00e1ly\u00e1ja, a k\u00f6zkedvelt Maisiflitzer \u00a9 Kitzsteinhorn, Johannes Radlwimmer<\/p><\/div>\n<h4>\u00d6r\u00f6k h\u00f3 a ny\u00e1r k\u00f6zep\u00e9n is<\/h4>\n<p>A <strong>Kitzsteinhorn<\/strong> gleccservil\u00e1g\u00e1ban, az <strong><a href=\"https:\/\/www.kitzsteinhorn.at\/en\/gipfelwelt-3000\/top-of-salzburg\/ice-arena\" target=\"_blank\" rel=\"noopener\">ICE AR\u00c9N\u00c1BAN<\/a><\/strong> eg\u00e9sz \u00e9vben lehet\u0151s\u00e9g van a sz\u00e1nk\u00f3z\u00e1sra. Itt, t\u00f6bb mint <strong>3000 m\u00e9teres tengerszint feletti magass\u00e1gban<\/strong> a szel\u00edd lejt\u0151k\u00f6n a <strong>vid\u00e1m sz\u00e1nk\u00f3z\u00e1s<\/strong> mellett a ny\u00e1r k\u00f6zep\u00e9n ak\u00e1r <strong>h\u00f3csat\u00e1kat<\/strong> is szervezhet, kir\u00e1ndulhat a karbantartott <strong>gleccser\u00f6sv\u00e9nyen<\/strong>, vagy napozhat a h\u00f3ban. Ez a hely a csal\u00e1dok \u00e9s a term\u00e9szet szerelmeseinek paradicsoma.<\/p>\n<div id=\"attachment_14461\" style=\"width: 1034px\" class=\"wp-caption alignnone\"><img decoding=\"async\" aria-describedby=\"caption-attachment-14461\" class=\"size-medium wp-image-14461\" src=\"https:\/\/cdn.salzburgerland.com\/hu\/wp-content\/uploads\/2021\/11\/gbk_ice_arena_2701_tl_16_f-1170x658-1-1024x569.jpg\" alt=\"ICE AR\u00c9NA a Kitzsteinhorn-on, Ice Arena\" width=\"1024\" height=\"569\" srcset=\"https:\/\/www.salzburgerland.com\/hu\/wp-content\/uploads\/2021\/11\/gbk_ice_arena_2701_tl_16_f-1170x658-1-1024x569.jpg 1024w, https:\/\/www.salzburgerland.com\/hu\/wp-content\/uploads\/2021\/11\/gbk_ice_arena_2701_tl_16_f-1170x658-1-370x206.jpg 370w, https:\/\/www.salzburgerland.com\/hu\/wp-content\/uploads\/2021\/11\/gbk_ice_arena_2701_tl_16_f-1170x658-1-270x150.jpg 270w, https:\/\/www.salzburgerland.com\/hu\/wp-content\/uploads\/2021\/11\/gbk_ice_arena_2701_tl_16_f-1170x658-1-540x300.jpg 540w\" sizes=\"(max-width: 1024px) 100vw, 1024px\"><p id=\"caption-attachment-14461\" class=\"wp-caption-text\">ICE AR\u00c9NA a Kitzsteinhorn-on. Havas sz\u00f3rakoz\u00e1s mindazoknak, akiknek ny\u00e1ron is hi\u00e1nyzik a t\u00e9l. \u00a9 Zell am See-Kaprun Tourismus, Tom Lamm<\/p><\/div>\n<h4>Biztons\u00e1gi tan\u00e1csok<\/h4>\n<p><span><strong>Zell am See-Kaprun<\/strong> k\u00e1pr\u00e1zatos t\u00e9li vil\u00e1g\u00e1ban a sz\u00e1nk\u00f3z\u00e1s igaz\u00e1n j\u00f3 m\u00f3ka, de az \u00f6nfeledt \u00f6r\u00f6m\u00f6k k\u00f6zepette is figyelj\u00fcnk a biztons\u00e1gra! Kattintson, \u00e9s olvassa el\u00a0 <\/span><a href=\"https:\/\/www.salzburgerland.com\/hu\/biztonsagi-eloirasok-az-alpokban-tel\/\" target=\"_blank\" rel=\"noopener noreferrer\"><strong>biztons\u00e1gi tan\u00e1csainkat<\/strong><\/a><span>!<\/span><\/p>\n","protected":false},"excerpt":{"rendered":"<p>Sz\u00e1nk\u00f3ra fel! T\u00e9len sz\u00e1mos nagyszer\u0171 \u00e9s felejthetetlen \u00e9lm\u00e9nyt ny\u00fajt\u00f3 sz\u00e1nk\u00f3p\u00e1lya k\u00f6z\u00fcl v\u00e1logathat a r\u00e9gi\u00f3ban \u00e9s k\u00f6rny\u00e9k\u00e9n. Az 1 km hossz\u00fa\u00a0K\u00f6hlergraben\u00a0sz\u00e1nk\u00f3p\u00e1lya eg\u00e9szen a Zell am See-ben l\u00e9v\u0151 Hotel Waldhofig\u00a0fut, \u00e9s igen j\u00f3 sz\u00f3rakoz\u00e1st \u00edg\u00e9r. Este 22\u00a0\u00f3r\u00e1ig nyitva van, \u00e9s minden kedden a busz viszi l\u00e1togat\u00f3kat a Schmittenh\u00f6he trassXpress-hez \u00e9s vissza. Bruckban a Glocknerstra\u00dfe-n tal\u00e1lhat\u00f3 a kivil\u00e1g\u00edtott [&hellip;]<\/p>\n","protected":false},"author":21,"featured_media":14458,"comment_status":"closed","ping_status":"closed","sticky":false,"template":"","format":"standard","meta":{"_acf_changed":false,"wl_entities_gutenberg":"","_relevanssi_hide_post":"","_relevanssi_hide_content":"","_relevanssi_pin_for_all":"","_relevanssi_pin_keywords":"","_relevanssi_unpin_keywords":"","_relevanssi_related_keywords":"","_relevanssi_related_include_ids":"","_relevanssi_related_exclude_ids":"","_relevanssi_related_no_append":"","_relevanssi_related_not_related":"","_relevanssi_related_posts":"","_relevanssi_noindex_reason":"","footnotes":""},"categories":[1],"tags":[291,256,288],"wl_entity_type":[27],"class_list":["post-14457","post","type-post","status-publish","format-standard","has-post-thumbnail","hentry","category-uncategorized","tag-nyari-bob","tag-szankozas","tag-zell-am-see-kaprun","wl_entity_type-article"],"acf":[],"yoast_head":"<!-- This site is optimized with the Yoast SEO Premium plugin v27.4 (Yoast SEO v27.4) - https:\/\/yoast.com\/product\/yoast-seo-premium-wordpress\/ -->\n<title>Sz\u00e1nk\u00f3z\u00e1s Zell am See-Kaprunban \u00bb SalzburgerLand.com<\/title>\n<meta name=\"description\" content=\"%%cf_teasertext%% Zell am See-Kaprunban a sz\u00e1mos t\u00e9li sz\u00e1nk\u00f3p\u00e1lya mellett Kaprun k\u00f6zpontj\u00e1ban egy eg\u00e9sz \u00e9vben \u00fczemel\u0151 ny\u00e1ri bobp\u00e1ly\u00e1t is tal\u00e1lunk.\" \/>\n<meta name=\"robots\" content=\"index, follow, max-snippet:-1, max-image-preview:large, max-video-preview:-1\" \/>\n<link rel=\"canonical\" href=\"https:\/\/www.salzburgerland.com\/hu\/zell-am-see-kaprun-szankozas\/\" \/>\n<meta property=\"og:locale\" content=\"hu_HU\" \/>\n<meta property=\"og:type\" content=\"article\" \/>\n<meta property=\"og:title\" content=\"Sz\u00e1nk\u00f3z\u00e1s Zell am See-Kaprunban\" \/>\n<meta property=\"og:description\" content=\"Sz\u00e1nk\u00f3ra fel! T\u00e9len sz\u00e1mos nagyszer\u0171 \u00e9s felejthetetlen \u00e9lm\u00e9nyt ny\u00fajt\u00f3 sz\u00e1nk\u00f3p\u00e1lya k\u00f6z\u00fcl v\u00e1logathat a r\u00e9gi\u00f3ban \u00e9s k\u00f6rny\u00e9k\u00e9n. Az 1 km\" \/>\n<meta property=\"og:url\" content=\"https:\/\/www.salzburgerland.com\/hu\/zell-am-see-kaprun-szankozas\/\" \/>\n<meta property=\"og:site_name\" content=\"SalzburgerLand.com\" \/>\n<meta property=\"article:publisher\" content=\"https:\/\/www.facebook.com\/visitsalzburgerland\/\" \/>\n<meta property=\"article:published_time\" content=\"2021-12-01T10:36:05+00:00\" \/>\n<meta property=\"article:modified_time\" content=\"2024-09-30T19:07:17+00:00\" \/>\n<meta property=\"og:image\" content=\"https:\/\/www.salzburgerland.com\/hu\/wp-content\/uploads\/2021\/11\/rodeln-mit-aussicht-c-1170x658-1.jpg\" \/>\n\t<meta property=\"og:image:width\" content=\"1170\" \/>\n\t<meta property=\"og:image:height\" content=\"658\" \/>\n\t<meta property=\"og:image:type\" content=\"image\/jpeg\" \/>\n<meta name=\"author\" content=\"Hajnalka K\u00e1di\" \/>\n<meta name=\"twitter:card\" content=\"summary_large_image\" \/>\n<meta name=\"twitter:creator\" content=\"@salzburgerland\" \/>\n<meta name=\"twitter:site\" content=\"@salzburgerland\" \/>\n<meta name=\"twitter:label1\" content=\"Szerz\u0151:\" \/>\n\t<meta name=\"twitter:data1\" content=\"Hajnalka K\u00e1di\" \/>\n\t<meta name=\"twitter:label2\" content=\"Becs\u00fclt olvas\u00e1si id\u0151\" \/>\n\t<meta name=\"twitter:data2\" content=\"4 perc\" \/>\n<script type=\"application\/ld+json\" class=\"yoast-schema-graph\">{\"@context\":\"https:\\\/\\\/schema.org\",\"@graph\":[{\"@type\":\"Article\",\"@id\":\"https:\\\/\\\/www.salzburgerland.com\\\/hu\\\/zell-am-see-kaprun-szankozas\\\/#article\",\"isPartOf\":{\"@id\":\"https:\\\/\\\/www.salzburgerland.com\\\/hu\\\/zell-am-see-kaprun-szankozas\\\/\"},\"author\":{\"name\":\"Hajnalka K\u00e1di\",\"@id\":\"https:\\\/\\\/www.salzburgerland.com\\\/hu\\\/#\\\/schema\\\/person\\\/e4905df070d9b3c52e1e4c730b26aa5a\"},\"headline\":\"Sz\u00e1nk\u00f3z\u00e1s Zell am See-Kaprunban\",\"datePublished\":\"2021-12-01T10:36:05+00:00\",\"dateModified\":\"2024-09-30T19:07:17+00:00\",\"mainEntityOfPage\":{\"@id\":\"https:\\\/\\\/www.salzburgerland.com\\\/hu\\\/zell-am-see-kaprun-szankozas\\\/\"},\"wordCount\":542,\"image\":{\"@id\":\"https:\\\/\\\/www.salzburgerland.com\\\/hu\\\/zell-am-see-kaprun-szankozas\\\/#primaryimage\"},\"thumbnailUrl\":\"https:\\\/\\\/www.salzburgerland.com\\\/hu\\\/wp-content\\\/uploads\\\/2021\\\/11\\\/rodeln-mit-aussicht-c-1170x658-1.jpg\",\"keywords\":[\"ny\u00e1ri bob\",\"sz\u00e1nk\u00f3z\u00e1s\",\"Zell am See-Kaprun\"],\"articleSection\":[\"Uncategorized\"],\"inLanguage\":\"hu\"},{\"@type\":\"WebPage\",\"@id\":\"https:\\\/\\\/www.salzburgerland.com\\\/hu\\\/zell-am-see-kaprun-szankozas\\\/\",\"url\":\"https:\\\/\\\/www.salzburgerland.com\\\/hu\\\/zell-am-see-kaprun-szankozas\\\/\",\"name\":\"Sz\u00e1nk\u00f3z\u00e1s Zell am See-Kaprunban \u00bb SalzburgerLand.com\",\"isPartOf\":{\"@id\":\"https:\\\/\\\/www.salzburgerland.com\\\/hu\\\/#website\"},\"primaryImageOfPage\":{\"@id\":\"https:\\\/\\\/www.salzburgerland.com\\\/hu\\\/zell-am-see-kaprun-szankozas\\\/#primaryimage\"},\"image\":{\"@id\":\"https:\\\/\\\/www.salzburgerland.com\\\/hu\\\/zell-am-see-kaprun-szankozas\\\/#primaryimage\"},\"thumbnailUrl\":\"https:\\\/\\\/www.salzburgerland.com\\\/hu\\\/wp-content\\\/uploads\\\/2021\\\/11\\\/rodeln-mit-aussicht-c-1170x658-1.jpg\",\"datePublished\":\"2021-12-01T10:36:05+00:00\",\"dateModified\":\"2024-09-30T19:07:17+00:00\",\"author\":{\"@id\":\"https:\\\/\\\/www.salzburgerland.com\\\/hu\\\/#\\\/schema\\\/person\\\/e4905df070d9b3c52e1e4c730b26aa5a\"},\"description\":\"Zell am See-Kaprunban a sz\u00e1mos t\u00e9li sz\u00e1nk\u00f3p\u00e1lya mellett Kaprun k\u00f6zpontj\u00e1ban egy eg\u00e9sz \u00e9vben \u00fczemel\u0151 ny\u00e1ri bobp\u00e1ly\u00e1t is tal\u00e1lunk. Zell am See-Kaprunban a sz\u00e1mos t\u00e9li sz\u00e1nk\u00f3p\u00e1lya mellett Kaprun k\u00f6zpontj\u00e1ban egy eg\u00e9sz \u00e9vben \u00fczemel\u0151 ny\u00e1ri bobp\u00e1ly\u00e1t is tal\u00e1lunk.\",\"breadcrumb\":{\"@id\":\"https:\\\/\\\/www.salzburgerland.com\\\/hu\\\/zell-am-see-kaprun-szankozas\\\/#breadcrumb\"},\"inLanguage\":\"hu\",\"potentialAction\":[{\"@type\":\"ReadAction\",\"target\":[\"https:\\\/\\\/www.salzburgerland.com\\\/hu\\\/zell-am-see-kaprun-szankozas\\\/\"]}]},{\"@type\":\"ImageObject\",\"inLanguage\":\"hu\",\"@id\":\"https:\\\/\\\/www.salzburgerland.com\\\/hu\\\/zell-am-see-kaprun-szankozas\\\/#primaryimage\",\"url\":\"https:\\\/\\\/www.salzburgerland.com\\\/hu\\\/wp-content\\\/uploads\\\/2021\\\/11\\\/rodeln-mit-aussicht-c-1170x658-1.jpg\",\"contentUrl\":\"https:\\\/\\\/www.salzburgerland.com\\\/hu\\\/wp-content\\\/uploads\\\/2021\\\/11\\\/rodeln-mit-aussicht-c-1170x658-1.jpg\",\"width\":1170,\"height\":658,\"caption\":\"Sz\u00e1nk\u00f3z\u00e1s kil\u00e1t\u00e1ssal \u00a9 Zell am See-Kaprun-Tourismus\"},{\"@type\":\"BreadcrumbList\",\"@id\":\"https:\\\/\\\/www.salzburgerland.com\\\/hu\\\/zell-am-see-kaprun-szankozas\\\/#breadcrumb\",\"itemListElement\":[{\"@type\":\"ListItem\",\"position\":1,\"name\":\"Zell am See-Kaprun - T\u00c9L\",\"item\":\"https:\\\/\\\/www.salzburgerland.com\\\/hu\\\/zell-am-see-kaprun-tel\\\/\"},{\"@type\":\"ListItem\",\"position\":2,\"name\":\"Sz\u00e1nk\u00f3z\u00e1s Zell am See-Kaprunban\"}]},{\"@type\":\"WebSite\",\"@id\":\"https:\\\/\\\/www.salzburgerland.com\\\/hu\\\/#website\",\"url\":\"https:\\\/\\\/www.salzburgerland.com\\\/hu\\\/\",\"name\":\"SalzburgerLand.com\",\"description\":\"\u00dcd\u00fcl\u00e9s Ausztri\u00e1ban, Salzburg tartom\u00e1nyban\",\"potentialAction\":[{\"@type\":\"SearchAction\",\"target\":{\"@type\":\"EntryPoint\",\"urlTemplate\":\"https:\\\/\\\/www.salzburgerland.com\\\/hu\\\/?s={search_term_string}\"},\"query-input\":{\"@type\":\"PropertyValueSpecification\",\"valueRequired\":true,\"valueName\":\"search_term_string\"}}],\"inLanguage\":\"hu\"},{\"@type\":\"Person\",\"@id\":\"https:\\\/\\\/www.salzburgerland.com\\\/hu\\\/#\\\/schema\\\/person\\\/e4905df070d9b3c52e1e4c730b26aa5a\",\"name\":\"Hajnalka K\u00e1di\",\"image\":{\"@type\":\"ImageObject\",\"inLanguage\":\"hu\",\"@id\":\"https:\\\/\\\/secure.gravatar.com\\\/avatar\\\/e8c1eecf3b2c49d295cebc6aba0de06d13ec77aa0cf9ccec32725949011b69d2?s=96&d=mm&r=g\",\"url\":\"https:\\\/\\\/secure.gravatar.com\\\/avatar\\\/e8c1eecf3b2c49d295cebc6aba0de06d13ec77aa0cf9ccec32725949011b69d2?s=96&d=mm&r=g\",\"contentUrl\":\"https:\\\/\\\/secure.gravatar.com\\\/avatar\\\/e8c1eecf3b2c49d295cebc6aba0de06d13ec77aa0cf9ccec32725949011b69d2?s=96&d=mm&r=g\",\"caption\":\"Hajnalka K\u00e1di\"}}]}<\/script>\n<!-- \/ Yoast SEO Premium plugin. -->","yoast_head_json":{"title":"Sz\u00e1nk\u00f3z\u00e1s Zell am See-Kaprunban \u00bb SalzburgerLand.com","description":"%%cf_teasertext%% Zell am See-Kaprunban a sz\u00e1mos t\u00e9li sz\u00e1nk\u00f3p\u00e1lya mellett Kaprun k\u00f6zpontj\u00e1ban egy eg\u00e9sz \u00e9vben \u00fczemel\u0151 ny\u00e1ri bobp\u00e1ly\u00e1t is tal\u00e1lunk.","robots":{"index":"index","follow":"follow","max-snippet":"max-snippet:-1","max-image-preview":"max-image-preview:large","max-video-preview":"max-video-preview:-1"},"canonical":"https:\/\/www.salzburgerland.com\/hu\/zell-am-see-kaprun-szankozas\/","og_locale":"hu_HU","og_type":"article","og_title":"Sz\u00e1nk\u00f3z\u00e1s Zell am See-Kaprunban","og_description":"Sz\u00e1nk\u00f3ra fel! T\u00e9len sz\u00e1mos nagyszer\u0171 \u00e9s felejthetetlen \u00e9lm\u00e9nyt ny\u00fajt\u00f3 sz\u00e1nk\u00f3p\u00e1lya k\u00f6z\u00fcl v\u00e1logathat a r\u00e9gi\u00f3ban \u00e9s k\u00f6rny\u00e9k\u00e9n. Az 1 km","og_url":"https:\/\/www.salzburgerland.com\/hu\/zell-am-see-kaprun-szankozas\/","og_site_name":"SalzburgerLand.com","article_publisher":"https:\/\/www.facebook.com\/visitsalzburgerland\/","article_published_time":"2021-12-01T10:36:05+00:00","article_modified_time":"2024-09-30T19:07:17+00:00","og_image":[{"url":"https:\/\/www.salzburgerland.com\/hu\/wp-content\/uploads\/2021\/11\/rodeln-mit-aussicht-c-1170x658-1.jpg","width":1170,"height":658,"type":"image\/jpeg"}],"author":"Hajnalka K\u00e1di","twitter_card":"summary_large_image","twitter_creator":"@salzburgerland","twitter_site":"@salzburgerland","twitter_misc":{"Szerz\u0151:":"Hajnalka K\u00e1di","Becs\u00fclt olvas\u00e1si id\u0151":"4 perc"},"schema":{"@context":"https:\/\/schema.org","@graph":[{"@type":"Article","@id":"https:\/\/www.salzburgerland.com\/hu\/zell-am-see-kaprun-szankozas\/#article","isPartOf":{"@id":"https:\/\/www.salzburgerland.com\/hu\/zell-am-see-kaprun-szankozas\/"},"author":{"name":"Hajnalka K\u00e1di","@id":"https:\/\/www.salzburgerland.com\/hu\/#\/schema\/person\/e4905df070d9b3c52e1e4c730b26aa5a"},"headline":"Sz\u00e1nk\u00f3z\u00e1s Zell am See-Kaprunban","datePublished":"2021-12-01T10:36:05+00:00","dateModified":"2024-09-30T19:07:17+00:00","mainEntityOfPage":{"@id":"https:\/\/www.salzburgerland.com\/hu\/zell-am-see-kaprun-szankozas\/"},"wordCount":542,"image":{"@id":"https:\/\/www.salzburgerland.com\/hu\/zell-am-see-kaprun-szankozas\/#primaryimage"},"thumbnailUrl":"https:\/\/www.salzburgerland.com\/hu\/wp-content\/uploads\/2021\/11\/rodeln-mit-aussicht-c-1170x658-1.jpg","keywords":["ny\u00e1ri bob","sz\u00e1nk\u00f3z\u00e1s","Zell am See-Kaprun"],"articleSection":["Uncategorized"],"inLanguage":"hu"},{"@type":"WebPage","@id":"https:\/\/www.salzburgerland.com\/hu\/zell-am-see-kaprun-szankozas\/","url":"https:\/\/www.salzburgerland.com\/hu\/zell-am-see-kaprun-szankozas\/","name":"Sz\u00e1nk\u00f3z\u00e1s Zell am See-Kaprunban \u00bb SalzburgerLand.com","isPartOf":{"@id":"https:\/\/www.salzburgerland.com\/hu\/#website"},"primaryImageOfPage":{"@id":"https:\/\/www.salzburgerland.com\/hu\/zell-am-see-kaprun-szankozas\/#primaryimage"},"image":{"@id":"https:\/\/www.salzburgerland.com\/hu\/zell-am-see-kaprun-szankozas\/#primaryimage"},"thumbnailUrl":"https:\/\/www.salzburgerland.com\/hu\/wp-content\/uploads\/2021\/11\/rodeln-mit-aussicht-c-1170x658-1.jpg","datePublished":"2021-12-01T10:36:05+00:00","dateModified":"2024-09-30T19:07:17+00:00","author":{"@id":"https:\/\/www.salzburgerland.com\/hu\/#\/schema\/person\/e4905df070d9b3c52e1e4c730b26aa5a"},"description":"Zell am See-Kaprunban a sz\u00e1mos t\u00e9li sz\u00e1nk\u00f3p\u00e1lya mellett Kaprun k\u00f6zpontj\u00e1ban egy eg\u00e9sz \u00e9vben \u00fczemel\u0151 ny\u00e1ri bobp\u00e1ly\u00e1t is tal\u00e1lunk. Zell am See-Kaprunban a sz\u00e1mos t\u00e9li sz\u00e1nk\u00f3p\u00e1lya mellett Kaprun k\u00f6zpontj\u00e1ban egy eg\u00e9sz \u00e9vben \u00fczemel\u0151 ny\u00e1ri bobp\u00e1ly\u00e1t is tal\u00e1lunk.","breadcrumb":{"@id":"https:\/\/www.salzburgerland.com\/hu\/zell-am-see-kaprun-szankozas\/#breadcrumb"},"inLanguage":"hu","potentialAction":[{"@type":"ReadAction","target":["https:\/\/www.salzburgerland.com\/hu\/zell-am-see-kaprun-szankozas\/"]}]},{"@type":"ImageObject","inLanguage":"hu","@id":"https:\/\/www.salzburgerland.com\/hu\/zell-am-see-kaprun-szankozas\/#primaryimage","url":"https:\/\/www.salzburgerland.com\/hu\/wp-content\/uploads\/2021\/11\/rodeln-mit-aussicht-c-1170x658-1.jpg","contentUrl":"https:\/\/www.salzburgerland.com\/hu\/wp-content\/uploads\/2021\/11\/rodeln-mit-aussicht-c-1170x658-1.jpg","width":1170,"height":658,"caption":"Sz\u00e1nk\u00f3z\u00e1s kil\u00e1t\u00e1ssal \u00a9 Zell am See-Kaprun-Tourismus"},{"@type":"BreadcrumbList","@id":"https:\/\/www.salzburgerland.com\/hu\/zell-am-see-kaprun-szankozas\/#breadcrumb","itemListElement":[{"@type":"ListItem","position":1,"name":"Zell am See-Kaprun - T\u00c9L","item":"https:\/\/www.salzburgerland.com\/hu\/zell-am-see-kaprun-tel\/"},{"@type":"ListItem","position":2,"name":"Sz\u00e1nk\u00f3z\u00e1s Zell am See-Kaprunban"}]},{"@type":"WebSite","@id":"https:\/\/www.salzburgerland.com\/hu\/#website","url":"https:\/\/www.salzburgerland.com\/hu\/","name":"SalzburgerLand.com","description":"\u00dcd\u00fcl\u00e9s Ausztri\u00e1ban, Salzburg tartom\u00e1nyban","potentialAction":[{"@type":"SearchAction","target":{"@type":"EntryPoint","urlTemplate":"https:\/\/www.salzburgerland.com\/hu\/?s={search_term_string}"},"query-input":{"@type":"PropertyValueSpecification","valueRequired":true,"valueName":"search_term_string"}}],"inLanguage":"hu"},{"@type":"Person","@id":"https:\/\/www.salzburgerland.com\/hu\/#\/schema\/person\/e4905df070d9b3c52e1e4c730b26aa5a","name":"Hajnalka K\u00e1di","image":{"@type":"ImageObject","inLanguage":"hu","@id":"https:\/\/secure.gravatar.com\/avatar\/e8c1eecf3b2c49d295cebc6aba0de06d13ec77aa0cf9ccec32725949011b69d2?s=96&d=mm&r=g","url":"https:\/\/secure.gravatar.com\/avatar\/e8c1eecf3b2c49d295cebc6aba0de06d13ec77aa0cf9ccec32725949011b69d2?s=96&d=mm&r=g","contentUrl":"https:\/\/secure.gravatar.com\/avatar\/e8c1eecf3b2c49d295cebc6aba0de06d13ec77aa0cf9ccec32725949011b69d2?s=96&d=mm&r=g","caption":"Hajnalka K\u00e1di"}}]}},"_wl_alt_label":[],"wl:entity_url":"http:\/\/open.salzburgerland.com\/hu\/post\/zell_am_see-kaprun_szankozas","_links":{"self":[{"href":"https:\/\/www.salzburgerland.com\/hu\/wp-json\/wp\/v2\/posts\/14457","targetHints":{"allow":["GET"]}}],"collection":[{"href":"https:\/\/www.salzburgerland.com\/hu\/wp-json\/wp\/v2\/posts"}],"about":[{"href":"https:\/\/www.salzburgerland.com\/hu\/wp-json\/wp\/v2\/types\/post"}],"author":[{"embeddable":true,"href":"https:\/\/www.salzburgerland.com\/hu\/wp-json\/wp\/v2\/users\/21"}],"replies":[{"embeddable":true,"href":"https:\/\/www.salzburgerland.com\/hu\/wp-json\/wp\/v2\/comments?post=14457"}],"version-history":[{"count":10,"href":"https:\/\/www.salzburgerland.com\/hu\/wp-json\/wp\/v2\/posts\/14457\/revisions"}],"predecessor-version":[{"id":22262,"href":"https:\/\/www.salzburgerland.com\/hu\/wp-json\/wp\/v2\/posts\/14457\/revisions\/22262"}],"wp:featuredmedia":[{"embeddable":true,"href":"https:\/\/www.salzburgerland.com\/hu\/wp-json\/wp\/v2\/media\/14458"}],"wp:attachment":[{"href":"https:\/\/www.salzburgerland.com\/hu\/wp-json\/wp\/v2\/media?parent=14457"}],"wp:term":[{"taxonomy":"category","embeddable":true,"href":"https:\/\/www.salzburgerland.com\/hu\/wp-json\/wp\/v2\/categories?post=14457"},{"taxonomy":"post_tag","embeddable":true,"href":"https:\/\/www.salzburgerland.com\/hu\/wp-json\/wp\/v2\/tags?post=14457"},{"taxonomy":"wl_entity_type","embeddable":true,"href":"https:\/\/www.salzburgerland.com\/hu\/wp-json\/wp\/v2\/wl_entity_type?post=14457"}],"curies":[{"name":"wp","href":"https:\/\/api.w.org\/{rel}","templated":true}]}}