{"id":14269,"date":"2021-11-04T11:04:00","date_gmt":"2021-11-04T10:04:00","guid":{"rendered":"https:\/\/www.salzburgerland.com\/hu\/?p=14269"},"modified":"2022-06-25T19:43:21","modified_gmt":"2022-06-25T17:43:21","slug":"salzburgi-saalachtal-sieles","status":"publish","type":"post","link":"https:\/\/www.salzburgerland.com\/hu\/salzburgi-saalachtal-sieles\/","title":{"rendered":"S\u00edel\u00e9s a Salzburgi Saalachtal-ban"},"content":{"rendered":"<h4><strong>S\u00edterepek a Salzburgi Saalachtal-ban<\/strong><\/h4>\n<p>Az\u00a0<a href=\"https:\/\/www.lofer.com\/en\/things-to-do-in-winter\/skiing-snowboarding\/almenwelt-lofer\/?utm_source=website&amp;utm_medium=salzburgerland&amp;utm_campaign=CEE-Winterkampagne-1920&amp;utm_content=Almenwelt%20Lofer\" target=\"_blank\" rel=\"noopener\"><strong>Almenwelt Lofer<\/strong><\/a>\u00a0\u00e9s az Unken melletti csendesebb\u00a0<a href=\"https:\/\/www.lofer.com\/en\/things-to-do-in-winter\/skiing-snowboarding\/almenwelt-lofer\/?utm_source=website&amp;utm_medium=salzburgerland&amp;utm_campaign=CEE-Winterkampagne-1920&amp;utm_content=Almenwelt%20Lofer\" target=\"_blank\" rel=\"noopener\"><strong>Heutal<\/strong><\/a>\u00a0s\u00edterepeken gondosan ratrakolt lesikl\u00f3p\u00e1ly\u00e1kra tal\u00e1lunk, \u00e9s freeride-hoz alkalmas remek porhavas lejt\u0151 is van b\u0151ven.<\/p>\n<div id=\"attachment_5877\" style=\"width: 1180px\" class=\"wp-caption alignnone\"><img decoding=\"async\" aria-describedby=\"caption-attachment-5877\" class=\"size-1170_658 wp-image-5877\" src=\"https:\/\/cdn.salzburgerland.com\/hu\/wp-content\/uploads\/2019\/04\/almenwelt-lofer--almenwelt-lofer-1170x658.jpg\" alt=\"\" width=\"1170\" height=\"658\" srcset=\"https:\/\/www.salzburgerland.com\/hu\/wp-content\/uploads\/2019\/04\/almenwelt-lofer--almenwelt-lofer-1170x658.jpg 1170w, https:\/\/www.salzburgerland.com\/hu\/wp-content\/uploads\/2019\/04\/almenwelt-lofer--almenwelt-lofer-1200x675.jpg 1200w\" sizes=\"(max-width: 1170px) 100vw, 1170px\"><p id=\"caption-attachment-5877\" class=\"wp-caption-text\">Az Almenwelt Lofer s\u00edterep \u00a9 Almenwelt Lofer<\/p><\/div>\n<p>Az\u00a0<strong>Almenwelt Lofer 46 kilom\u00e9ternyi lesikl\u00f3p\u00e1ly\u00e1j\u00e1t<\/strong>\u00a010\u00a0\u00fcl\u0151lift \u00e9s kabinos felvon\u00f3 szolg\u00e1lja ki. A\u00a0<strong>csal\u00e1dbar\u00e1t\u00a0terep<\/strong>t\u00f6bbsz\u00f6r\u00f6s elismer\u00e9st aratott az ut\u00f3bbi \u00e9vekben. A legkisebbeket 140 m\u00e9ter hossz\u00fa,\u00a0<strong>v\u00e9d\u0151tet\u0151s\u00a0var\u00e1zssz\u0151nyeg<\/strong>\u00a0sz\u00e1ll\u00edtja a lesikl\u00f3p\u00e1lya kezd\u0151pontj\u00e1hoz, a legfiatalabb\u00a0<strong>freestyle s\u00edz\u0151knek \u00e9s a snowboardosoknak a Lofi FUNLINE<\/strong>\u00a0ny\u00fajt izgalmas gyakorl\u00e1si lehet\u0151s\u00e9get a\u00a0<strong>Family-Express felvon\u00f3k<\/strong>\u00a0k\u00f6rzet\u00e9ben. 2019 nyar\u00e1n \u00e9p\u00fclt meg a 8 \u00fcl\u00e9ses, korszer\u0171 \u00e9s modern\u00a0<a href=\"https:\/\/www.lofer.com\/en\/stories\/the-new-8-person-senderexpress-184\/\" target=\"_blank\" rel=\"noopener\"><strong>Senderexpress<\/strong><\/a>, mely az utasok k\u00f6z\u00fcl bem\u00e9ri a legalacsonyabb gyermek magass\u00e1g\u00e1t \u00e9s biztons\u00e1ga \u00e9rdek\u00e9ben a felvon\u00f3 \u00fcl\u00e9s\u00e9t hozz\u00e1 igaz\u00edtja.<\/p>\n<p>A\u00a0<strong>Heutal s\u00edterep<\/strong>\u00a0is k\u00f6zkedvelt a csal\u00e1dok k\u00f6r\u00e9ben. H\u00e1rom felvon\u00f3 k\u00f6zlekedik az\u00a0<strong>1000 \u00e9s 1600 m\u00e9ter k\u00f6z\u00f6tt<\/strong>\u00a0elny\u00fal\u00f3, ar\u00e1nylag kicsi Heutal-Wildalm s\u00edterepre,\u00a0<strong>a\u00a0s\u00edb\u00e9rlet-\u00e1rak\u00a0a megfizethet\u0151 kateg\u00f3ri\u00e1ban futnak<\/strong>.<\/p>\n<h4><strong>S\u00edel\u00e9s \u00e9s snowboardoz\u00e1s az Almenwelt Lofer s\u00edterepen, a Salzburgi Saalachtal-ban<\/strong><\/h4>\n<p>Kiemelt csal\u00e1di s\u00edterep! Nem csoda, hogy a p\u00e1ly\u00e1kon s\u00edel\u0151k t\u00f6bbs\u00e9ge\u00a010\u00a0\u00e9ves kor alatti gyerk\u0151c.\u00a0Ausztria\u00a0legszebb alpesi legel\u0151i s\u00edterep\u00e9n, az\u00a0<strong>Almenwelt Lofer-en<\/strong>\u00a0els\u0151dleges hangs\u00falyt kap a biztons\u00e1g. Nagyszer\u0171 lesikl\u00f3p\u00e1ly\u00e1k, csod\u00e1latos panor\u00e1ma,\u00a0<strong>j\u00f3pofa, hangulatos h\u00fctt\u00e9k<\/strong>\u00a0k\u00e9nyeztetik a s\u00edel\u0151ket. Vannak kezd\u0151knek val\u00f3 p\u00e1ly\u00e1k, de\u00a0fekete\u00a0jelz\u00e9s\u0171, fog\u00f3s terepek is. A\u00a0<strong>46 kilom\u00e9ternyi lesikl\u00f3p\u00e1lya<\/strong>\u00a0k\u00f6z\u00fcl 32 km\u00a0k\u00e9k, 12 km\u00a0piros, 2 kilom\u00e9ter\u00a0fekete\u00a0jelz\u00e9s\u0171. A p\u00e1ly\u00e1k 75% -a h\u00f3\u00e1gy\u00fazhat\u00f3. Az Almenwelt Lofer terepen\u00a0<strong>4 kilom\u00e9teres\u00a0magaslati s\u00edfut\u00f3p\u00e1lya<\/strong>\u00a0is van.<\/p>\n<p><strong>Gyermekbiztos<\/strong>\u00a0kidolgoz\u00e1s\u00fa, 8 \u00fcl\u00e9ses \u00fcl\u0151liftje \u00e9s a szolg\u00e1ltat\u00e1si sz\u00ednvonalhoz k\u00e9pest\u00a0<strong>elfogadhat\u00f3 \u00e1rsz\u00ednvonal<\/strong>\u00a0 szakfoly\u00f3iratok szerz\u0151inek elismer\u00e9s\u00e9t is kiv\u00edvta, a terep elnyerte a\u00a0<strong>\u201ekiemelten csal\u00e1dbar\u00e1t\u201c<\/strong>\u00a0min\u0151s\u00edt\u00e9st.\u00a0<strong>T\u00f6bbf\u00e9lecsal\u00e1di s\u00edb\u00e9rlet<\/strong>\u00a0is v\u00e1lthat\u00f3 a sz\u00fcl\u0151k \u00e9s gyerekeik, illetve tizen\u00e9ves csal\u00e1dtagok sz\u00e1m\u00e1ra is,\u00a0<strong>18\u00a0\u00e9ves korig<\/strong>. Akinek pedig kedve t\u00e1mad j\u00f3 magasr\u00f3l tekinteni sz\u00e9t a s\u00edterepen, keresse a\u00a0<strong>Schwarzeck<\/strong>\u00a0\u00faj\u00a0<strong>kil\u00e1t\u00f3torny\u00e1t<\/strong>. Innen messzire ell\u00e1tni az Almenwelt s\u00edterep,\u00a0<strong>a Steinberge szikl\u00e1s vonulatai<\/strong>\u00a0\u00e9s a Heutal s\u00edterep fel\u00e9 is.<\/p>\n\n\t\t\t<div id=\"14269-1\" class=\"gallery gallery-14269 gallery-columns-3 gallery-size-1170_658\" itemscope itemtype=\"http:\/\/schema.org\/ImageGallery\">\n\t\t\t\t<ul class=\"gallery-row gallery-col-3 gallery-clear\">\n\t\t\t\t\t<li class=\"gallery-item col-3\" itemprop=\"associatedMedia\" itemscope itemtype=\"http:\/\/schema.org\/ImageObject\">\n\t\t\t\t\t\t<div class=\"gallery-icon landscape\"><a href=\"https:\/\/www.salzburgerland.com\/hu\/wp-content\/uploads\/2019\/04\/skikurs-lofer--almenwelt-lofer-2-1920x1067.jpg\" title=\"Skikurs-Lofer \u00a9 Almenwelt Lofer\"><img decoding=\"async\" data-title=\"S\u00edtanfolyam az Almenwelt Lofer s\u00edterepen \u00a9 Salzburger Saalachtal Tourismus\" title=\"S\u00edtanfolyam az Almenwelt Lofer s\u00edterepen \u00a9 Salzburger Saalachtal Tourismus\" data-caption=\"S\u00edtanfolyam az Almenwelt Lofer s\u00edterepen \u00a9 Salzburger Saalachtal Tourismus\" width=\"1170\" height=\"658\" src=\"https:\/\/www.salzburgerland.com\/hu\/wp-content\/uploads\/2019\/04\/skikurs-lofer--almenwelt-lofer-2-1170x658.jpg\" class=\"attachment-1170_658 size-1170_658\" alt=\"N\u00e9gy gyerek sz\u00ednes s\u00edfelszerel\u00e9sben k\u00f6veti az oktat\u00f3t a Salzburgi Saalachtalban egy havas hegyoldalon. (Nagy\u00edtott n\u00e9zet)\" srcset=\"https:\/\/www.salzburgerland.com\/hu\/wp-content\/uploads\/2019\/04\/skikurs-lofer--almenwelt-lofer-2-1170x658.jpg 1170w, https:\/\/www.salzburgerland.com\/hu\/wp-content\/uploads\/2019\/04\/skikurs-lofer--almenwelt-lofer-2-1200x675.jpg 1200w\" sizes=\"(max-width: 1170px) 100vw, 1170px\" aria-describedby=\"figcaption-14269-6890\" itemprop=\"thumbnail\"><\/a><\/div>\n\t\t\t\t\t\t<span id=\"figcaption-14269-6890\" class=\"gallery-caption\" itemprop=\"caption\"><span aria-hidden=\"true\">S\u00edtanfolyam az Almenwelt Lofer s\u00edterepen \u00a9 Salzburger Saalachtal Tourismus<\/span><\/span>\n\t\t\t\t\t<\/li>\n\t\t\t\t\t<li class=\"gallery-item col-3\" itemprop=\"associatedMedia\" itemscope itemtype=\"http:\/\/schema.org\/ImageObject\">\n\t\t\t\t\t\t<div class=\"gallery-icon landscape\"><a href=\"https:\/\/www.salzburgerland.com\/hu\/wp-content\/uploads\/2019\/08\/aussichtsturm-bearbeitet-c-salzburger-saalachtal-tourismus-1920x1067.jpg\" title=\"Aussichtsturm bearbeitet (c) Salzburger Saalachtal Tourismus\"><img decoding=\"async\" data-title=\" A Schwarzeck kil\u00e1t\u00f3torony \u00a9 Salzburger Saalachtal\" title=\" A Schwarzeck kil\u00e1t\u00f3torony \u00a9 Salzburger Saalachtal\" data-caption=\" A Schwarzeck kil\u00e1t\u00f3torony \u00a9 Salzburger Saalachtal\" width=\"1170\" height=\"658\" src=\"https:\/\/www.salzburgerland.com\/hu\/wp-content\/uploads\/2019\/08\/aussichtsturm-bearbeitet-c-salzburger-saalachtal-tourismus-1170x658.jpg\" class=\"attachment-1170_658 size-1170_658\" alt=\"K\u00e9t ember \u00e1ll egy faplatformon, ahonnan a Salzburgi Saalachtal-ban a havas hegyek f\u00f6l\u00e9 ny\u00edlik kil\u00e1t\u00e1s. (Nagy\u00edtott n\u00e9zet)\" srcset=\"https:\/\/www.salzburgerland.com\/hu\/wp-content\/uploads\/2019\/08\/aussichtsturm-bearbeitet-c-salzburger-saalachtal-tourismus-1170x658.jpg 1170w, https:\/\/www.salzburgerland.com\/hu\/wp-content\/uploads\/2019\/08\/aussichtsturm-bearbeitet-c-salzburger-saalachtal-tourismus-768x431.jpg 768w, https:\/\/www.salzburgerland.com\/hu\/wp-content\/uploads\/2019\/08\/aussichtsturm-bearbeitet-c-salzburger-saalachtal-tourismus-1200x675.jpg 1200w, https:\/\/www.salzburgerland.com\/hu\/wp-content\/uploads\/2019\/08\/aussichtsturm-bearbeitet-c-salzburger-saalachtal-tourismus.jpg 1920w\" sizes=\"(max-width: 1170px) 100vw, 1170px\" aria-describedby=\"figcaption-14269-8161\" itemprop=\"thumbnail\"><\/a><\/div>\n\t\t\t\t\t\t<span id=\"figcaption-14269-8161\" class=\"gallery-caption\" itemprop=\"caption\"><span aria-hidden=\"true\"> A Schwarzeck kil\u00e1t\u00f3torony \u00a9 Salzburger Saalachtal<\/span><\/span>\n\t\t\t\t\t<\/li>\n\t\t\t\t\t<li class=\"gallery-item col-3\" itemprop=\"associatedMedia\" itemscope itemtype=\"http:\/\/schema.org\/ImageObject\">\n\t\t\t\t\t\t<div class=\"gallery-icon landscape\"><a href=\"https:\/\/www.salzburgerland.com\/hu\/wp-content\/uploads\/2019\/04\/senderexpress.jpg\" title=\"Senderexpress\"><img decoding=\"async\" data-title=\"Senderexpress - ahol minden a legkisebbekhez igazodik \u00a9 Almenwelt Lofer\" title=\"Senderexpress - ahol minden a legkisebbekhez igazodik \u00a9 Almenwelt Lofer\" data-caption=\"Senderexpress - ahol minden a legkisebbekhez igazodik \u00a9 Almenwelt Lofer\" width=\"1170\" height=\"658\" src=\"https:\/\/www.salzburgerland.com\/hu\/wp-content\/uploads\/2019\/04\/senderexpress-1170x658.jpg\" class=\"attachment-1170_658 size-1170_658\" alt=\"S\u00edel\u0151k egy csoportja a Salzburgi Saalachtal s\u00edfelvon\u00f3n, h\u00f3f\u00f6dte hegycs\u00facsok k\u00f6z\u00f6tt. (Nagy\u00edtott n\u00e9zet)\" srcset=\"https:\/\/www.salzburgerland.com\/hu\/wp-content\/uploads\/2019\/04\/senderexpress-1170x658.jpg 1170w, https:\/\/www.salzburgerland.com\/hu\/wp-content\/uploads\/2019\/04\/senderexpress-768x431.jpg 768w, https:\/\/www.salzburgerland.com\/hu\/wp-content\/uploads\/2019\/04\/senderexpress.jpg 1200w\" sizes=\"(max-width: 1170px) 100vw, 1170px\" aria-describedby=\"figcaption-14269-11439\" itemprop=\"thumbnail\"><\/a><\/div>\n\t\t\t\t\t\t<span id=\"figcaption-14269-11439\" class=\"gallery-caption\" itemprop=\"caption\"><span aria-hidden=\"true\">Senderexpress \u2013 ahol minden a legkisebbekhez igazodik \u00a9 Almenwelt Lofer<\/span><\/span>\n\t\t\t\t\t<\/li>\n\t\t\t\t<\/ul>\n\t\t\t<\/div><!-- .gallery -->\n\n<p><strong>S\u00edel\u00e9s<\/strong>\u00a0\u00e9s<strong>\u00a0s\u00edt\u00far\u00e1k<\/strong>\u00a0<strong>1000 \u00e9s 1600 m\u00e9ter k\u00f6z\u00f6tti magass\u00e1gban\u00a0<\/strong>az\u00a0<strong>unkein Heutal s\u00edterepen\u00a0<\/strong>ide\u00e1lisak. A p\u00e1lyarendszer nem nagy, de sok el\u0151ny\u00f6s tulajdons\u00e1ga van,\u00a0<strong>bennfentes tipp<\/strong>k\u00e9nt tartj\u00e1n sz\u00e1mon a s\u00edel\u0151k \u00e9s s\u00edt\u00far\u00e1z\u00f3k.<\/p>\n<p>A kiv\u00e1l\u00f3an karbantartott lesikl\u00f3p\u00e1ly\u00e1k<strong>\u00a0\u00e1ttekinthet\u0151ek<\/strong>, a s\u00edt\u00far\u00e1z\u00f3k pedig\u00a0<strong>csod\u00e1latos panor\u00e1m\u00e1kban<\/strong>\u00a0gy\u00f6ny\u00f6rk\u00f6dhetnek. A Heutal terep \u00f6sszesen\u00a011\u00a0kilom\u00e9ternyi p\u00e1ly\u00e1j\u00e1n nincs k\u00e1osz, remek\u00fcl lehet carvingozni.\u00a0<strong>H\u00e1rom h\u00faz\u00f3lift<\/strong>\u00a0\u00e9s egy\u00a0<strong>k\u00fcl\u00f6n gyerek s\u00edlift<\/strong>\u00a0szolg\u00e1lja ki a terepet, a helyi s\u00ediskola s\u00edtanfolyamokat ind\u00edt gyerekeknek, valamint snowboard- \u00e9s s\u00edfut\u00f3tanfolyamokat is.\u00a0<strong>H\u00f3talpas t\u00far\u00e1kat<\/strong>\u00a0is szerveznek. A Heutal terepe magas fekv\u00e9se miatt\u00a0<strong>tart\u00f3san h\u00f3biztos<\/strong>.<\/p>\n<p>A s\u00edz\u0151k, gyalogt\u00far\u00e1z\u00f3k \u00e9s s\u00edfut\u00f3k rendelkez\u00e9s\u00e9re \u00e1ll\u00f3\u00a0<a href=\"https:\/\/www.lofer.com\/en\/things-to-do-in-winter\/skiing-snowboarding\/ski-bus\/?utm_source=website&amp;utm_medium=salzburgerland&amp;utm_campaign=CEE-Winterkampagne-1920&amp;utm_content=Skibus\" target=\"_blank\" rel=\"noopener\"><strong>s\u00edbuszok<\/strong><\/a>\u00a0<strong>rendszeresen<\/strong>\u00a0k\u00f6zlekednek, \u00e9s\u00a0<strong>d\u00edjtalanul<\/strong>\u00a0sz\u00e1ll\u00edtj\u00e1k utasaikat.<\/p>\n<h4><strong>S\u00ediskol\u00e1k, s\u00edk\u00f6lcs\u00f6nz\u00e9s a Salzburgi Saalachtal-ban<\/strong><\/h4>\n<p>A r\u00e9gi\u00f3\u00a0<a href=\"https:\/\/www.lofer.com\/en\/things-to-do-in-winter\/skiing-snowboarding\/ski-schools\/?utm_source=website&amp;utm_medium=salzburgerland&amp;utm_campaign=CEE-Winterkampagne-1920&amp;utm_content=Skischulen\" target=\"_blank\" rel=\"noopener\"><strong>s\u00ed\u00f3vod\u00e1iban \u00e9s s\u00ediskol\u00e1iban<\/strong><\/a>\u00a0r\u00e1termett, k\u00e9pzett s\u00edoktat\u00f3kt\u00f3l tanulhatnak a gyerekek. Ak\u00e1r\u00a0<strong>m\u00e1r k\u00e9t-h\u00e1rom \u00e9ves kort\u00f3l<\/strong>\u00a0el lehet kezdeni az ismerked\u00e9st a\u00a0s\u00edel\u00e9ssel. A gyerekeket \u00e1ltal\u00e1ban\u00a0<strong>f\u00e9l-, vagy eg\u00e9sznapos foglalkoz\u00e1sokon<\/strong>oktatj\u00e1k. Ez j\u00f3 megold\u00e1s a sz\u00fcl\u0151k sz\u00e1m\u00e1ra, megb\u00edzhat\u00f3 fel\u00fcgyelet alatt tudhatj\u00e1k gyerekeiket, \u00e9s maguk is kedv\u00fckre s\u00edelhetnek. Vagy \u0151k is beiratkozhatnak egy s\u00edtanfolyamra. A s\u00ediskol\u00e1k sz\u00edvesen foglalkoznak\u00a0<strong>\u00fajrakezd\u0151, vagy technik\u00e1jukat jav\u00edtani k\u00edv\u00e1n\u00f3 feln\u0151ttekkel<\/strong>\u00a0is. A r\u00e9gi\u00f3\u00a0<strong>s\u00edk\u00f6lcs\u00f6nz\u0151i sz\u00ednvonalas felszerel\u00e9seket<\/strong>\u00a0tartanak rakt\u00e1ron s\u00edz\u0151k \u00e9s snowboardosok sz\u00e1m\u00e1ra, hiszen a j\u00f3 felszerel\u00e9s fontoss\u00e1ga k\u00f6zismert.<\/p>\n<div id=\"attachment_6883\" style=\"width: 1180px\" class=\"wp-caption alignnone\"><img decoding=\"async\" aria-describedby=\"caption-attachment-6883\" class=\"size-1170_658 wp-image-6883\" src=\"https:\/\/cdn.salzburgerland.com\/hu\/wp-content\/uploads\/2019\/04\/ski-fahren-familie-almenwelt-lofer-14--salzburger-saalachtal-tourismus-1170x658.jpg\" alt=\"\" width=\"1170\" height=\"658\" srcset=\"https:\/\/www.salzburgerland.com\/hu\/wp-content\/uploads\/2019\/04\/ski-fahren-familie-almenwelt-lofer-14--salzburger-saalachtal-tourismus-1170x658.jpg 1170w, https:\/\/www.salzburgerland.com\/hu\/wp-content\/uploads\/2019\/04\/ski-fahren-familie-almenwelt-lofer-14--salzburger-saalachtal-tourismus-1200x675.jpg 1200w\" sizes=\"(max-width: 1170px) 100vw, 1170px\"><p id=\"caption-attachment-6883\" class=\"wp-caption-text\">Csal\u00e1di s\u00edel\u00e9s \u00a9 Salzburger Saalachtal, Bryan Reichhart<\/p><\/div>\n<h4><strong>Biztons\u00e1gi tan\u00e1csok<\/strong><\/h4>\n<p>Ak\u00e1r a s\u00edel\u00e9s, ak\u00e1r a t\u00e9li t\u00e1j \u00e9lvezete miatt l\u00e1togat el\u00a0Salzburg tartom\u00e1ny h\u00f3f\u00f6dte hegyeihez, ne feledje el a fontos biztons\u00e1gi szab\u00e1lyok betart\u00e1s\u00e1t! A balesetek elker\u00fcl\u00e9se \u00e9rdek\u00e9ben k\u00e9rj\u00fck tekintse \u00e1t\u00a0<a href=\"https:\/\/www.salzburgerland.com\/hu\/biztonsagi-eloirasok-az-alpokban-tel\/\" target=\"_blank\" rel=\"noopener\"><strong>biztons\u00e1gi tan\u00e1csainkat!<\/strong><\/a><\/p>\n","protected":false},"excerpt":{"rendered":"<p>S\u00edterepek a Salzburgi Saalachtal-ban Az\u00a0Almenwelt Lofer\u00a0\u00e9s az Unken melletti csendesebb\u00a0Heutal\u00a0s\u00edterepeken gondosan ratrakolt lesikl\u00f3p\u00e1ly\u00e1kra tal\u00e1lunk, \u00e9s freeride-hoz alkalmas remek porhavas lejt\u0151 is van b\u0151ven. Az\u00a0Almenwelt Lofer 46 kilom\u00e9ternyi lesikl\u00f3p\u00e1ly\u00e1j\u00e1t\u00a010\u00a0\u00fcl\u0151lift \u00e9s kabinos felvon\u00f3 szolg\u00e1lja ki. A\u00a0csal\u00e1dbar\u00e1t\u00a0terept\u00f6bbsz\u00f6r\u00f6s elismer\u00e9st aratott az ut\u00f3bbi \u00e9vekben. A legkisebbeket 140 m\u00e9ter hossz\u00fa,\u00a0v\u00e9d\u0151tet\u0151s\u00a0var\u00e1zssz\u0151nyeg\u00a0sz\u00e1ll\u00edtja a lesikl\u00f3p\u00e1lya kezd\u0151pontj\u00e1hoz, a legfiatalabb\u00a0freestyle s\u00edz\u0151knek \u00e9s a snowboardosoknak a Lofi [&hellip;]<\/p>\n","protected":false},"author":21,"featured_media":6877,"comment_status":"closed","ping_status":"closed","sticky":false,"template":"","format":"standard","meta":{"_acf_changed":false,"wl_entities_gutenberg":"","_relevanssi_hide_post":"","_relevanssi_hide_content":"","_relevanssi_pin_for_all":"","_relevanssi_pin_keywords":"","_relevanssi_unpin_keywords":"","_relevanssi_related_keywords":"","_relevanssi_related_include_ids":"","_relevanssi_related_exclude_ids":"","_relevanssi_related_no_append":"","_relevanssi_related_not_related":"","_relevanssi_related_posts":"","_relevanssi_noindex_reason":"","footnotes":""},"categories":[1],"tags":[253,297,278],"wl_entity_type":[27],"class_list":["post-14269","post","type-post","status-publish","format-standard","has-post-thumbnail","hentry","category-uncategorized","tag-csaladi-sieles","tag-salzburgi-saalachtal","tag-teli-vakacio","wl_entity_type-article"],"acf":[],"yoast_head":"<!-- This site is optimized with the Yoast SEO Premium plugin v27.4 (Yoast SEO v27.4) - https:\/\/yoast.com\/product\/yoast-seo-premium-wordpress\/ -->\n<title>S\u00edel\u00e9s a Salzburgi Saalachtal-ban \u00bb SalzburgerLand.com<\/title>\n<meta name=\"description\" content=\"%%cf_teasertext%% S\u00edel\u00e9s \u00e9s snowbordoz\u00e1s a Salzburgi Saalachtalban\" \/>\n<meta name=\"robots\" content=\"index, follow, max-snippet:-1, max-image-preview:large, max-video-preview:-1\" \/>\n<link rel=\"canonical\" href=\"https:\/\/www.salzburgerland.com\/hu\/salzburgi-saalachtal-sieles\/\" \/>\n<meta property=\"og:locale\" content=\"hu_HU\" \/>\n<meta property=\"og:type\" content=\"article\" \/>\n<meta property=\"og:title\" content=\"S\u00edel\u00e9s a Salzburgi Saalachtal-ban\" \/>\n<meta property=\"og:description\" content=\"S\u00edterepek a Salzburgi Saalachtal-ban Az\u00a0Almenwelt Lofer\u00a0\u00e9s az Unken melletti csendesebb\u00a0Heutal\u00a0s\u00edterepeken gondosan ratrakolt lesikl\u00f3p\u00e1ly\u00e1kra tal\u00e1lunk, \u00e9s\" \/>\n<meta property=\"og:url\" content=\"https:\/\/www.salzburgerland.com\/hu\/salzburgi-saalachtal-sieles\/\" \/>\n<meta property=\"og:site_name\" content=\"SalzburgerLand.com\" \/>\n<meta property=\"article:publisher\" content=\"https:\/\/www.facebook.com\/visitsalzburgerland\/\" \/>\n<meta property=\"article:published_time\" content=\"2021-11-04T10:04:00+00:00\" \/>\n<meta property=\"article:modified_time\" content=\"2022-06-25T17:43:21+00:00\" \/>\n<meta property=\"og:image\" content=\"https:\/\/www.salzburgerland.com\/hu\/wp-content\/uploads\/2019\/04\/ski-fahren-familie-almenwelt-lofer-20--salzburger-saalachtal-tourismus-1200x675.jpg\" \/>\n\t<meta property=\"og:image:width\" content=\"1200\" \/>\n\t<meta property=\"og:image:height\" content=\"675\" \/>\n\t<meta property=\"og:image:type\" content=\"image\/jpeg\" \/>\n<meta name=\"author\" content=\"Hajnalka K\u00e1di\" \/>\n<meta name=\"twitter:card\" content=\"summary_large_image\" \/>\n<meta name=\"twitter:creator\" content=\"@salzburgerland\" \/>\n<meta name=\"twitter:site\" content=\"@salzburgerland\" \/>\n<meta name=\"twitter:label1\" content=\"Szerz\u0151:\" \/>\n\t<meta name=\"twitter:data1\" content=\"Hajnalka K\u00e1di\" \/>\n\t<meta name=\"twitter:label2\" content=\"Becs\u00fclt olvas\u00e1si id\u0151\" \/>\n\t<meta name=\"twitter:data2\" content=\"4 perc\" \/>\n<script type=\"application\/ld+json\" class=\"yoast-schema-graph\">{\"@context\":\"https:\\\/\\\/schema.org\",\"@graph\":[{\"@type\":\"Article\",\"@id\":\"https:\\\/\\\/www.salzburgerland.com\\\/hu\\\/salzburgi-saalachtal-sieles\\\/#article\",\"isPartOf\":{\"@id\":\"https:\\\/\\\/www.salzburgerland.com\\\/hu\\\/salzburgi-saalachtal-sieles\\\/\"},\"author\":{\"name\":\"Hajnalka K\u00e1di\",\"@id\":\"https:\\\/\\\/www.salzburgerland.com\\\/hu\\\/#\\\/schema\\\/person\\\/e4905df070d9b3c52e1e4c730b26aa5a\"},\"headline\":\"S\u00edel\u00e9s a Salzburgi Saalachtal-ban\",\"datePublished\":\"2021-11-04T10:04:00+00:00\",\"dateModified\":\"2022-06-25T17:43:21+00:00\",\"mainEntityOfPage\":{\"@id\":\"https:\\\/\\\/www.salzburgerland.com\\\/hu\\\/salzburgi-saalachtal-sieles\\\/\"},\"wordCount\":864,\"image\":{\"@id\":\"https:\\\/\\\/www.salzburgerland.com\\\/hu\\\/salzburgi-saalachtal-sieles\\\/#primaryimage\"},\"thumbnailUrl\":\"https:\\\/\\\/www.salzburgerland.com\\\/hu\\\/wp-content\\\/uploads\\\/2019\\\/04\\\/ski-fahren-familie-almenwelt-lofer-20--salzburger-saalachtal-tourismus.jpg\",\"keywords\":[\"csal\u00e1di s\u00edel\u00e9s\",\"Salzburgi Saalachtal\",\"t\u00e9li vak\u00e1ci\u00f3\"],\"articleSection\":[\"Uncategorized\"],\"inLanguage\":\"hu\"},{\"@type\":\"WebPage\",\"@id\":\"https:\\\/\\\/www.salzburgerland.com\\\/hu\\\/salzburgi-saalachtal-sieles\\\/\",\"url\":\"https:\\\/\\\/www.salzburgerland.com\\\/hu\\\/salzburgi-saalachtal-sieles\\\/\",\"name\":\"S\u00edel\u00e9s a Salzburgi Saalachtal-ban \u00bb SalzburgerLand.com\",\"isPartOf\":{\"@id\":\"https:\\\/\\\/www.salzburgerland.com\\\/hu\\\/#website\"},\"primaryImageOfPage\":{\"@id\":\"https:\\\/\\\/www.salzburgerland.com\\\/hu\\\/salzburgi-saalachtal-sieles\\\/#primaryimage\"},\"image\":{\"@id\":\"https:\\\/\\\/www.salzburgerland.com\\\/hu\\\/salzburgi-saalachtal-sieles\\\/#primaryimage\"},\"thumbnailUrl\":\"https:\\\/\\\/www.salzburgerland.com\\\/hu\\\/wp-content\\\/uploads\\\/2019\\\/04\\\/ski-fahren-familie-almenwelt-lofer-20--salzburger-saalachtal-tourismus.jpg\",\"datePublished\":\"2021-11-04T10:04:00+00:00\",\"dateModified\":\"2022-06-25T17:43:21+00:00\",\"author\":{\"@id\":\"https:\\\/\\\/www.salzburgerland.com\\\/hu\\\/#\\\/schema\\\/person\\\/e4905df070d9b3c52e1e4c730b26aa5a\"},\"description\":\"S\u00edel\u00e9s \u00e9s snowbordoz\u00e1s az Almenwelt Lofer \u00e9s az unkeni Heutal s\u00edterepeken. S\u00edel\u00e9s \u00e9s snowbordoz\u00e1s a Salzburgi Saalachtalban\",\"breadcrumb\":{\"@id\":\"https:\\\/\\\/www.salzburgerland.com\\\/hu\\\/salzburgi-saalachtal-sieles\\\/#breadcrumb\"},\"inLanguage\":\"hu\",\"potentialAction\":[{\"@type\":\"ReadAction\",\"target\":[\"https:\\\/\\\/www.salzburgerland.com\\\/hu\\\/salzburgi-saalachtal-sieles\\\/\"]}]},{\"@type\":\"ImageObject\",\"inLanguage\":\"hu\",\"@id\":\"https:\\\/\\\/www.salzburgerland.com\\\/hu\\\/salzburgi-saalachtal-sieles\\\/#primaryimage\",\"url\":\"https:\\\/\\\/www.salzburgerland.com\\\/hu\\\/wp-content\\\/uploads\\\/2019\\\/04\\\/ski-fahren-familie-almenwelt-lofer-20--salzburger-saalachtal-tourismus.jpg\",\"contentUrl\":\"https:\\\/\\\/www.salzburgerland.com\\\/hu\\\/wp-content\\\/uploads\\\/2019\\\/04\\\/ski-fahren-familie-almenwelt-lofer-20--salzburger-saalachtal-tourismus.jpg\",\"width\":1920,\"height\":1278,\"caption\":\"\u00a9 Almenwelt Lofer \u2013 Az Almenwelt Lofer s\u00edterepen\"},{\"@type\":\"BreadcrumbList\",\"@id\":\"https:\\\/\\\/www.salzburgerland.com\\\/hu\\\/salzburgi-saalachtal-sieles\\\/#breadcrumb\",\"itemListElement\":[{\"@type\":\"ListItem\",\"position\":1,\"name\":\"Salzburgi Saalachtal - T\u00c9L\",\"item\":\"https:\\\/\\\/www.salzburgerland.com\\\/hu\\\/salzburgi-saalachtal-tel\\\/\"},{\"@type\":\"ListItem\",\"position\":2,\"name\":\"S\u00edel\u00e9s a Salzburgi Saalachtal-ban\"}]},{\"@type\":\"WebSite\",\"@id\":\"https:\\\/\\\/www.salzburgerland.com\\\/hu\\\/#website\",\"url\":\"https:\\\/\\\/www.salzburgerland.com\\\/hu\\\/\",\"name\":\"SalzburgerLand.com\",\"description\":\"\u00dcd\u00fcl\u00e9s Ausztri\u00e1ban, Salzburg tartom\u00e1nyban\",\"potentialAction\":[{\"@type\":\"SearchAction\",\"target\":{\"@type\":\"EntryPoint\",\"urlTemplate\":\"https:\\\/\\\/www.salzburgerland.com\\\/hu\\\/?s={search_term_string}\"},\"query-input\":{\"@type\":\"PropertyValueSpecification\",\"valueRequired\":true,\"valueName\":\"search_term_string\"}}],\"inLanguage\":\"hu\"},{\"@type\":\"Person\",\"@id\":\"https:\\\/\\\/www.salzburgerland.com\\\/hu\\\/#\\\/schema\\\/person\\\/e4905df070d9b3c52e1e4c730b26aa5a\",\"name\":\"Hajnalka K\u00e1di\",\"image\":{\"@type\":\"ImageObject\",\"inLanguage\":\"hu\",\"@id\":\"https:\\\/\\\/secure.gravatar.com\\\/avatar\\\/e8c1eecf3b2c49d295cebc6aba0de06d13ec77aa0cf9ccec32725949011b69d2?s=96&d=mm&r=g\",\"url\":\"https:\\\/\\\/secure.gravatar.com\\\/avatar\\\/e8c1eecf3b2c49d295cebc6aba0de06d13ec77aa0cf9ccec32725949011b69d2?s=96&d=mm&r=g\",\"contentUrl\":\"https:\\\/\\\/secure.gravatar.com\\\/avatar\\\/e8c1eecf3b2c49d295cebc6aba0de06d13ec77aa0cf9ccec32725949011b69d2?s=96&d=mm&r=g\",\"caption\":\"Hajnalka K\u00e1di\"}}]}<\/script>\n<meta property=\"og:video\" content=\"https:\/\/www.youtube.com\/embed\/blTKy_WSW4w\" \/>\n<meta property=\"og:video:type\" content=\"text\/html\" \/>\n<meta property=\"og:video:duration\" content=\"56\" \/>\n<meta property=\"og:video:width\" content=\"480\" \/>\n<meta property=\"og:video:height\" content=\"270\" \/>\n<meta property=\"ya:ovs:adult\" content=\"false\" \/>\n<meta property=\"ya:ovs:upload_date\" content=\"2021-11-04T10:04:00+00:00\" \/>\n<meta property=\"ya:ovs:allow_embed\" content=\"true\" \/>\n<!-- \/ Yoast SEO Premium plugin. -->","yoast_head_json":{"title":"S\u00edel\u00e9s a Salzburgi Saalachtal-ban \u00bb SalzburgerLand.com","description":"%%cf_teasertext%% S\u00edel\u00e9s \u00e9s snowbordoz\u00e1s a Salzburgi Saalachtalban","robots":{"index":"index","follow":"follow","max-snippet":"max-snippet:-1","max-image-preview":"max-image-preview:large","max-video-preview":"max-video-preview:-1"},"canonical":"https:\/\/www.salzburgerland.com\/hu\/salzburgi-saalachtal-sieles\/","og_locale":"hu_HU","og_type":"article","og_title":"S\u00edel\u00e9s a Salzburgi Saalachtal-ban","og_description":"S\u00edterepek a Salzburgi Saalachtal-ban Az\u00a0Almenwelt Lofer\u00a0\u00e9s az Unken melletti csendesebb\u00a0Heutal\u00a0s\u00edterepeken gondosan ratrakolt lesikl\u00f3p\u00e1ly\u00e1kra tal\u00e1lunk, \u00e9s","og_url":"https:\/\/www.salzburgerland.com\/hu\/salzburgi-saalachtal-sieles\/","og_site_name":"SalzburgerLand.com","article_publisher":"https:\/\/www.facebook.com\/visitsalzburgerland\/","article_published_time":"2021-11-04T10:04:00+00:00","article_modified_time":"2022-06-25T17:43:21+00:00","og_image":[{"width":1200,"height":675,"url":"https:\/\/www.salzburgerland.com\/hu\/wp-content\/uploads\/2019\/04\/ski-fahren-familie-almenwelt-lofer-20--salzburger-saalachtal-tourismus-1200x675.jpg","type":"image\/jpeg"}],"author":"Hajnalka K\u00e1di","twitter_card":"summary_large_image","twitter_creator":"@salzburgerland","twitter_site":"@salzburgerland","twitter_misc":{"Szerz\u0151:":"Hajnalka K\u00e1di","Becs\u00fclt olvas\u00e1si id\u0151":"4 perc"},"schema":{"@context":"https:\/\/schema.org","@graph":[{"@type":"Article","@id":"https:\/\/www.salzburgerland.com\/hu\/salzburgi-saalachtal-sieles\/#article","isPartOf":{"@id":"https:\/\/www.salzburgerland.com\/hu\/salzburgi-saalachtal-sieles\/"},"author":{"name":"Hajnalka K\u00e1di","@id":"https:\/\/www.salzburgerland.com\/hu\/#\/schema\/person\/e4905df070d9b3c52e1e4c730b26aa5a"},"headline":"S\u00edel\u00e9s a Salzburgi Saalachtal-ban","datePublished":"2021-11-04T10:04:00+00:00","dateModified":"2022-06-25T17:43:21+00:00","mainEntityOfPage":{"@id":"https:\/\/www.salzburgerland.com\/hu\/salzburgi-saalachtal-sieles\/"},"wordCount":864,"image":{"@id":"https:\/\/www.salzburgerland.com\/hu\/salzburgi-saalachtal-sieles\/#primaryimage"},"thumbnailUrl":"https:\/\/www.salzburgerland.com\/hu\/wp-content\/uploads\/2019\/04\/ski-fahren-familie-almenwelt-lofer-20--salzburger-saalachtal-tourismus.jpg","keywords":["csal\u00e1di s\u00edel\u00e9s","Salzburgi Saalachtal","t\u00e9li vak\u00e1ci\u00f3"],"articleSection":["Uncategorized"],"inLanguage":"hu"},{"@type":"WebPage","@id":"https:\/\/www.salzburgerland.com\/hu\/salzburgi-saalachtal-sieles\/","url":"https:\/\/www.salzburgerland.com\/hu\/salzburgi-saalachtal-sieles\/","name":"S\u00edel\u00e9s a Salzburgi Saalachtal-ban \u00bb SalzburgerLand.com","isPartOf":{"@id":"https:\/\/www.salzburgerland.com\/hu\/#website"},"primaryImageOfPage":{"@id":"https:\/\/www.salzburgerland.com\/hu\/salzburgi-saalachtal-sieles\/#primaryimage"},"image":{"@id":"https:\/\/www.salzburgerland.com\/hu\/salzburgi-saalachtal-sieles\/#primaryimage"},"thumbnailUrl":"https:\/\/www.salzburgerland.com\/hu\/wp-content\/uploads\/2019\/04\/ski-fahren-familie-almenwelt-lofer-20--salzburger-saalachtal-tourismus.jpg","datePublished":"2021-11-04T10:04:00+00:00","dateModified":"2022-06-25T17:43:21+00:00","author":{"@id":"https:\/\/www.salzburgerland.com\/hu\/#\/schema\/person\/e4905df070d9b3c52e1e4c730b26aa5a"},"description":"S\u00edel\u00e9s \u00e9s snowbordoz\u00e1s az Almenwelt Lofer \u00e9s az unkeni Heutal s\u00edterepeken. S\u00edel\u00e9s \u00e9s snowbordoz\u00e1s a Salzburgi Saalachtalban","breadcrumb":{"@id":"https:\/\/www.salzburgerland.com\/hu\/salzburgi-saalachtal-sieles\/#breadcrumb"},"inLanguage":"hu","potentialAction":[{"@type":"ReadAction","target":["https:\/\/www.salzburgerland.com\/hu\/salzburgi-saalachtal-sieles\/"]}]},{"@type":"ImageObject","inLanguage":"hu","@id":"https:\/\/www.salzburgerland.com\/hu\/salzburgi-saalachtal-sieles\/#primaryimage","url":"https:\/\/www.salzburgerland.com\/hu\/wp-content\/uploads\/2019\/04\/ski-fahren-familie-almenwelt-lofer-20--salzburger-saalachtal-tourismus.jpg","contentUrl":"https:\/\/www.salzburgerland.com\/hu\/wp-content\/uploads\/2019\/04\/ski-fahren-familie-almenwelt-lofer-20--salzburger-saalachtal-tourismus.jpg","width":1920,"height":1278,"caption":"\u00a9 Almenwelt Lofer \u2013 Az Almenwelt Lofer s\u00edterepen"},{"@type":"BreadcrumbList","@id":"https:\/\/www.salzburgerland.com\/hu\/salzburgi-saalachtal-sieles\/#breadcrumb","itemListElement":[{"@type":"ListItem","position":1,"name":"Salzburgi Saalachtal - T\u00c9L","item":"https:\/\/www.salzburgerland.com\/hu\/salzburgi-saalachtal-tel\/"},{"@type":"ListItem","position":2,"name":"S\u00edel\u00e9s a Salzburgi Saalachtal-ban"}]},{"@type":"WebSite","@id":"https:\/\/www.salzburgerland.com\/hu\/#website","url":"https:\/\/www.salzburgerland.com\/hu\/","name":"SalzburgerLand.com","description":"\u00dcd\u00fcl\u00e9s Ausztri\u00e1ban, Salzburg tartom\u00e1nyban","potentialAction":[{"@type":"SearchAction","target":{"@type":"EntryPoint","urlTemplate":"https:\/\/www.salzburgerland.com\/hu\/?s={search_term_string}"},"query-input":{"@type":"PropertyValueSpecification","valueRequired":true,"valueName":"search_term_string"}}],"inLanguage":"hu"},{"@type":"Person","@id":"https:\/\/www.salzburgerland.com\/hu\/#\/schema\/person\/e4905df070d9b3c52e1e4c730b26aa5a","name":"Hajnalka K\u00e1di","image":{"@type":"ImageObject","inLanguage":"hu","@id":"https:\/\/secure.gravatar.com\/avatar\/e8c1eecf3b2c49d295cebc6aba0de06d13ec77aa0cf9ccec32725949011b69d2?s=96&d=mm&r=g","url":"https:\/\/secure.gravatar.com\/avatar\/e8c1eecf3b2c49d295cebc6aba0de06d13ec77aa0cf9ccec32725949011b69d2?s=96&d=mm&r=g","contentUrl":"https:\/\/secure.gravatar.com\/avatar\/e8c1eecf3b2c49d295cebc6aba0de06d13ec77aa0cf9ccec32725949011b69d2?s=96&d=mm&r=g","caption":"Hajnalka K\u00e1di"}}]},"og_video":"https:\/\/www.youtube.com\/embed\/blTKy_WSW4w","og_video_type":"text\/html","og_video_duration":"56","og_video_width":"480","og_video_height":"270","ya_ovs_adult":"false","ya_ovs_upload_date":"2021-11-04T10:04:00+00:00","ya_ovs_allow_embed":"true"},"_wl_alt_label":[],"wl:entity_url":"http:\/\/open.salzburgerland.com\/hu\/post\/salzburgi_saalachtal_sieles","_links":{"self":[{"href":"https:\/\/www.salzburgerland.com\/hu\/wp-json\/wp\/v2\/posts\/14269","targetHints":{"allow":["GET"]}}],"collection":[{"href":"https:\/\/www.salzburgerland.com\/hu\/wp-json\/wp\/v2\/posts"}],"about":[{"href":"https:\/\/www.salzburgerland.com\/hu\/wp-json\/wp\/v2\/types\/post"}],"author":[{"embeddable":true,"href":"https:\/\/www.salzburgerland.com\/hu\/wp-json\/wp\/v2\/users\/21"}],"replies":[{"embeddable":true,"href":"https:\/\/www.salzburgerland.com\/hu\/wp-json\/wp\/v2\/comments?post=14269"}],"version-history":[{"count":5,"href":"https:\/\/www.salzburgerland.com\/hu\/wp-json\/wp\/v2\/posts\/14269\/revisions"}],"predecessor-version":[{"id":16056,"href":"https:\/\/www.salzburgerland.com\/hu\/wp-json\/wp\/v2\/posts\/14269\/revisions\/16056"}],"wp:featuredmedia":[{"embeddable":true,"href":"https:\/\/www.salzburgerland.com\/hu\/wp-json\/wp\/v2\/media\/6877"}],"wp:attachment":[{"href":"https:\/\/www.salzburgerland.com\/hu\/wp-json\/wp\/v2\/media?parent=14269"}],"wp:term":[{"taxonomy":"category","embeddable":true,"href":"https:\/\/www.salzburgerland.com\/hu\/wp-json\/wp\/v2\/categories?post=14269"},{"taxonomy":"post_tag","embeddable":true,"href":"https:\/\/www.salzburgerland.com\/hu\/wp-json\/wp\/v2\/tags?post=14269"},{"taxonomy":"wl_entity_type","embeddable":true,"href":"https:\/\/www.salzburgerland.com\/hu\/wp-json\/wp\/v2\/wl_entity_type?post=14269"}],"curies":[{"name":"wp","href":"https:\/\/api.w.org\/{rel}","templated":true}]}}