{"id":13904,"date":"2021-09-22T15:19:53","date_gmt":"2021-09-22T13:19:53","guid":{"rendered":"https:\/\/www.salzburgerland.com\/hu\/?p=13904"},"modified":"2023-09-06T22:37:08","modified_gmt":"2023-09-06T20:37:08","slug":"raurisertal-a-volgy-vilaga-telen","status":"publish","type":"post","link":"https:\/\/www.salzburgerland.com\/hu\/raurisertal-a-volgy-vilaga-telen\/","title":{"rendered":"A Raurisertal v\u00f6lgy vil\u00e1ga t\u00e9len"},"content":{"rendered":"<h4>A Magas-Tauern Nemzeti Park \u00e9kk\u00f6ve<\/h4>\n<p><strong>A Raurisertal \u00e9s h\u00e1rom nagy mell\u00e9kv\u00f6lgye \u2013 a Krumltal, a H\u00fcttwinkltal \u00e9s a Seidlwinkltal<\/strong> \u2013 nagyr\u00e9szt a <strong>Magas-Tauern Nemzeti Park<\/strong>-hoz tartozik <strong>1984<\/strong> \u00f3ta. Maga a\u00a0Raurisertal olyan <strong>gazdag \u00e9s k\u00fcl\u00f6nleges<\/strong>, hogy a Magas-Tauern Nemzeti Park-on bel\u00fcl is \u201ek\u00fcl\u00f6n vil\u00e1g\u201d-k\u00e9nt tartj\u00e1k nyilv\u00e1n.\u00a0Itt\u00a0<strong>egy\u00fctt van j\u00f3form\u00e1n minden l\u00e1tni- \u00e9s felfedeznival\u00f3<\/strong>, amit csak az 1800 m2-es nemzeti park ny\u00fajt. A vid\u00e9k kult\u00fart\u00f6rt\u00e9neti \u00e9rdekess\u00e9gei k\u00f6z\u00e9 tartoznak az egykori <strong>aranyb\u00e1ny\u00e1szat<\/strong> \u00e9s <strong>az Alpok h\u00e1g\u00f3in \u00e1t m\u00e1lh\u00e1s \u00e1llatokkal folytatott kereskedelem<\/strong> eml\u00e9kei. Term\u00e9szeti k\u00fcl\u00f6nlegess\u00e9g is akad b\u0151ven, a <strong><a href=\"https:\/\/www.nationalpark.at\/en\/attraktionen\/themed-trails\/geological-trail-a-glance-into-the-hohe-tauern-window\/\" target=\"_blank\" rel=\"noopener noreferrer\">Tauern-ablak<\/a> \u00e9rt\u00e9kes \u00e1sv\u00e1nyait\u00f3l kezdve a nagytest\u0171 ragadoz\u00f3 madarakig<\/strong>. K\u0151sz\u00e1li sas, fak\u00f3kesely\u0171, szak\u00e1llas kesely\u0171 \u00e9l f\u00f6nn a hegyek k\u00f6zt. Aki megteszi a Raurisertal v\u00f6lgyb\u0151l a gleccserek magas\u00e1ba vezet\u0151 utat, kereszt\u00fclmegy <strong>valamennyi \u00e9ghajlati \u00f6vezeten, \u00e9s F\u00f6ld\u00fcnk annyif\u00e9le \u00e9letter\u00e9n, mintha t\u00f6bbezer kilom\u00e9teres utaz\u00e1st tenne K\u00f6z\u00e9p-Eur\u00f3p\u00e1b\u00f3l az Arktiszra.<\/strong><\/p>\n\n\t\t\t<div id=\"13904-1\" class=\"gallery gallery-13904 gallery-columns-3 gallery-size-1170_658\" itemscope itemtype=\"http:\/\/schema.org\/ImageGallery\">\n\t\t\t\t<ul class=\"gallery-row gallery-col-3 gallery-clear\">\n\t\t\t\t\t<li class=\"gallery-item col-3\" itemprop=\"associatedMedia\" itemscope itemtype=\"http:\/\/schema.org\/ImageObject\">\n\t\t\t\t\t\t<div class=\"gallery-icon landscape\"><a href=\"https:\/\/www.salzburgerland.com\/hu\/wp-content\/uploads\/2019\/07\/-tvb-rauris-florian-bachmeier--raurisi-tl-1920x1067.jpg\" title=\"\u00a9 TVB Rauris, Florian Bachmeier \u2013 Raurisi t\u00e9l\"><img decoding=\"async\" data-title=\"Raurisi t\u00e9l \u00a9 TVB Rauris, Florian Bachmeier\" title=\"Raurisi t\u00e9l \u00a9 TVB Rauris, Florian Bachmeier\" data-caption=\"Raurisi t\u00e9l \u00a9 TVB Rauris, Florian Bachmeier\" width=\"1170\" height=\"658\" src=\"https:\/\/www.salzburgerland.com\/hu\/wp-content\/uploads\/2019\/07\/-tvb-rauris-florian-bachmeier--raurisi-tl-1170x658.jpg\" class=\"attachment-1170_658 size-1170_658\" alt=\"Fah\u00e1z havas hegyekkel a Raurisertal t\u00e9l, feny\u0151f\u00e1k k\u00f6z\u00f6tt, tiszta k\u00e9k \u00e9g alatt. (Nagy\u00edtott n\u00e9zet)\" srcset=\"https:\/\/www.salzburgerland.com\/hu\/wp-content\/uploads\/2019\/07\/-tvb-rauris-florian-bachmeier--raurisi-tl-1170x658.jpg 1170w, https:\/\/www.salzburgerland.com\/hu\/wp-content\/uploads\/2019\/07\/-tvb-rauris-florian-bachmeier--raurisi-tl-768x432.jpg 768w, https:\/\/www.salzburgerland.com\/hu\/wp-content\/uploads\/2019\/07\/-tvb-rauris-florian-bachmeier--raurisi-tl-1200x675.jpg 1200w, https:\/\/www.salzburgerland.com\/hu\/wp-content\/uploads\/2019\/07\/-tvb-rauris-florian-bachmeier--raurisi-tl.jpg 1920w\" sizes=\"(max-width: 1170px) 100vw, 1170px\" aria-describedby=\"figcaption-13904-7056\" itemprop=\"thumbnail\"><\/a><\/div>\n\t\t\t\t\t\t<span id=\"figcaption-13904-7056\" class=\"gallery-caption\" itemprop=\"caption\"><span aria-hidden=\"true\">Raurisi t\u00e9l \u00a9 TVB Rauris, Florian Bachmeier<\/span><\/span>\n\t\t\t\t\t<\/li>\n\t\t\t\t\t<li class=\"gallery-item col-3\" itemprop=\"associatedMedia\" itemscope itemtype=\"http:\/\/schema.org\/ImageObject\">\n\t\t\t\t\t\t<div class=\"gallery-icon landscape\"><a href=\"https:\/\/www.salzburgerland.com\/hu\/wp-content\/uploads\/2019\/04\/-salzburgerland-tourismus-fraeulein-floras-favourite-hangouts--greifvogelwarte-rauris-1920x1067.jpg\" title=\"A leveg\u0151 kir\u00e1lyai \u00a9 SalzburgerLand Tourismus, Fr\u00e4ulein Floras Favourite Hangouts \u2013 Greifvogelwarte Rauris\"><img decoding=\"async\" data-title=\"A leveg\u0151 kir\u00e1lyai \u00a9 SalzburgerLand Tourismus, Fr\u00e4ulein Floras Favourite Hangouts\" title=\"A leveg\u0151 kir\u00e1lyai \u00a9 SalzburgerLand Tourismus, Fr\u00e4ulein Floras Favourite Hangouts\" data-caption=\"A leveg\u0151 kir\u00e1lyai \u00a9 SalzburgerLand Tourismus, Fr\u00e4ulein Floras Favourite Hangouts\" width=\"1170\" height=\"658\" src=\"https:\/\/www.salzburgerland.com\/hu\/wp-content\/uploads\/2019\/04\/-salzburgerland-tourismus-fraeulein-floras-favourite-hangouts--greifvogelwarte-rauris-1170x658.jpg\" class=\"attachment-1170_658 size-1170_658\" alt=\"A leveg\u0151 kir\u00e1lyai (Nagy\u00edtott n\u00e9zet)\" srcset=\"https:\/\/www.salzburgerland.com\/hu\/wp-content\/uploads\/2019\/04\/-salzburgerland-tourismus-fraeulein-floras-favourite-hangouts--greifvogelwarte-rauris-1170x658.jpg 1170w, https:\/\/www.salzburgerland.com\/hu\/wp-content\/uploads\/2019\/04\/-salzburgerland-tourismus-fraeulein-floras-favourite-hangouts--greifvogelwarte-rauris-768x432.jpg 768w, https:\/\/www.salzburgerland.com\/hu\/wp-content\/uploads\/2019\/04\/-salzburgerland-tourismus-fraeulein-floras-favourite-hangouts--greifvogelwarte-rauris-1200x675.jpg 1200w, https:\/\/www.salzburgerland.com\/hu\/wp-content\/uploads\/2019\/04\/-salzburgerland-tourismus-fraeulein-floras-favourite-hangouts--greifvogelwarte-rauris.jpg 1920w\" sizes=\"(max-width: 1170px) 100vw, 1170px\" aria-describedby=\"figcaption-13904-6813\" itemprop=\"thumbnail\"><\/a><\/div>\n\t\t\t\t\t\t<span id=\"figcaption-13904-6813\" class=\"gallery-caption\" itemprop=\"caption\"><span aria-hidden=\"true\">A leveg\u0151 kir\u00e1lyai \u00a9 SalzburgerLand Tourismus, Fr\u00e4ulein Floras Favourite Hangouts<\/span><\/span>\n\t\t\t\t\t<\/li>\n\t\t\t\t\t<li class=\"gallery-item col-3\" itemprop=\"associatedMedia\" itemscope itemtype=\"http:\/\/schema.org\/ImageObject\">\n\t\t\t\t\t\t<div class=\"gallery-icon landscape\"><a href=\"https:\/\/www.salzburgerland.com\/hu\/wp-content\/uploads\/2019\/07\/pferdeschlittenfahrtctvb-rauris_fotograf-florian-bachmeier-1920x1067.jpg\" title=\"Lovassz\u00e1n\"><img decoding=\"async\" data-title=\"A t\u00e9li vak\u00e1ci\u00f3b\u00f3l nem hi\u00e1nyozhat a kikocsiz\u00e1s lovas sz\u00e1nnal \u00a9 TVB Rauris, Florian Bachmeier\" title=\"A t\u00e9li vak\u00e1ci\u00f3b\u00f3l nem hi\u00e1nyozhat a kikocsiz\u00e1s lovas sz\u00e1nnal \u00a9 TVB Rauris, Florian Bachmeier\" data-caption=\"A t\u00e9li vak\u00e1ci\u00f3b\u00f3l nem hi\u00e1nyozhat a kikocsiz\u00e1s lovas sz\u00e1nnal \u00a9 TVB Rauris, Florian Bachmeier\" width=\"1170\" height=\"658\" src=\"https:\/\/www.salzburgerland.com\/hu\/wp-content\/uploads\/2019\/07\/pferdeschlittenfahrtctvb-rauris_fotograf-florian-bachmeier-1170x658.jpg\" class=\"attachment-1170_658 size-1170_658\" alt=\"A t\u00e9li vak\u00e1ci\u00f3b\u00f3l nem hi\u00e1nyozhat a kikocsiz\u00e1s lovas sz\u00e1nnal (Nagy\u00edtott n\u00e9zet)\" srcset=\"https:\/\/www.salzburgerland.com\/hu\/wp-content\/uploads\/2019\/07\/pferdeschlittenfahrtctvb-rauris_fotograf-florian-bachmeier-1170x658.jpg 1170w, https:\/\/www.salzburgerland.com\/hu\/wp-content\/uploads\/2019\/07\/pferdeschlittenfahrtctvb-rauris_fotograf-florian-bachmeier-1200x675.jpg 1200w\" sizes=\"(max-width: 1170px) 100vw, 1170px\" aria-describedby=\"figcaption-13904-5499\" itemprop=\"thumbnail\"><\/a><\/div>\n\t\t\t\t\t\t<span id=\"figcaption-13904-5499\" class=\"gallery-caption\" itemprop=\"caption\"><span aria-hidden=\"true\">A t\u00e9li vak\u00e1ci\u00f3b\u00f3l nem hi\u00e1nyozhat a kikocsiz\u00e1s lovas sz\u00e1nnal \u00a9 TVB Rauris, Florian Bachmeier<\/span><\/span>\n\t\t\t\t\t<\/li>\n\t\t\t\t<\/ul>\n\t\t\t<\/div><!-- .gallery -->\n\n<h4>\u00c9rintetlen term\u00e9szet<\/h4>\n<div><span>A\u00a0park<strong>\u00a0vad sz\u00e9ps\u00e9ge<\/strong> \u00e9s egyed\u00fcl\u00e1ll\u00f3,\u00a0<strong>alpesi\u00a0\u00e1llat- \u00e9s n\u00f6v\u00e9nyvil\u00e1ga<\/strong>, a csod\u00e1latos hegycs\u00facsok \u00e9s gleccserek mind a <strong>t\u00e9li kikapcsol\u00f3d\u00e1s<\/strong> t\u00f6k\u00e9letes d\u00edszleteik\u00e9nt szolg\u00e1lnak.\u00a0<\/span>Felfedezheti \u0151ket\u00a0<strong>h\u00f3talpas kir\u00e1ndul\u00e1sok<\/strong>\u00a0vagy\u00a0<strong>s\u00edt\u00far\u00e1z\u00e1s<\/strong>,\u00a0<strong>s\u00edfut\u00e1s<\/strong>\u00a0sor\u00e1n. Ugyanakkor az itteni term\u00e9szet\u00a0\u00e9s a\u00a0magashegyi leveg\u0151 j\u00f3t\u00e9kony hat\u00e1ssal van az <strong>eg\u00e9szs\u00e9gre<\/strong> is, ez\u00e9rt\u00a0fontos, hogy nagyon vigy\u00e1zzunk erre a k\u00fcl\u00f6nleges term\u00e9szeti csod\u00e1ra. Az itt t\u00f6lt\u00f6tt akt\u00edv pihen\u00e9s ut\u00e1n garant\u00e1ltan\u00a0<strong>szellemi \u00e9s testi felt\u00f6lt\u0151d\u00e9sben<\/strong>\u00a0lesz r\u00e9sze, \u00e9s meg\u00fajult energi\u00e1val t\u00e9r haza.<\/div>\n<h4><strong>Biztons\u00e1gos pihen\u00e9s<\/strong><\/h4>\n<p>\u00d6n \u00e9s gyermekei biztons\u00e1ga \u00e9rdek\u00e9ben a hegyekben t\u00f6lt\u00f6tt t\u00e9li vak\u00e1ci\u00f3 el\u0151tt ismerje meg a <strong><a href=\"https:\/\/www.salzburgerland.com\/hu\/biztonsagi-eloirasok-az-alpokban-tel\/\" target=\"_blank\" rel=\"noopener\">a t\u00e9li sportok \u00e9s az akt\u00edv alpesi pihen\u00e9s biztons\u00e1gi el\u0151\u00edr\u00e1sait<\/a><\/strong>.<\/p>\n","protected":false},"excerpt":{"rendered":"<p>A Magas-Tauern Nemzeti Park \u00e9kk\u00f6ve A Raurisertal \u00e9s h\u00e1rom nagy mell\u00e9kv\u00f6lgye \u2013 a Krumltal, a H\u00fcttwinkltal \u00e9s a Seidlwinkltal \u2013 nagyr\u00e9szt a Magas-Tauern Nemzeti Park-hoz tartozik 1984 \u00f3ta. Maga a\u00a0Raurisertal olyan gazdag \u00e9s k\u00fcl\u00f6nleges, hogy a Magas-Tauern Nemzeti Park-on bel\u00fcl is \u201ek\u00fcl\u00f6n vil\u00e1g\u201d-k\u00e9nt tartj\u00e1k nyilv\u00e1n.\u00a0Itt\u00a0egy\u00fctt van j\u00f3form\u00e1n minden l\u00e1tni- \u00e9s felfedeznival\u00f3, amit csak az 1800 [&hellip;]<\/p>\n","protected":false},"author":21,"featured_media":13897,"comment_status":"closed","ping_status":"closed","sticky":false,"template":"","format":"standard","meta":{"_acf_changed":false,"wl_entities_gutenberg":"","_relevanssi_hide_post":"","_relevanssi_hide_content":"","_relevanssi_pin_for_all":"","_relevanssi_pin_keywords":"","_relevanssi_unpin_keywords":"","_relevanssi_related_keywords":"","_relevanssi_related_include_ids":"","_relevanssi_related_exclude_ids":"","_relevanssi_related_no_append":"","_relevanssi_related_not_related":"","_relevanssi_related_posts":"","_relevanssi_noindex_reason":"","footnotes":""},"categories":[1],"tags":[119,299],"wl_entity_type":[27],"class_list":["post-13904","post","type-post","status-publish","format-standard","has-post-thumbnail","hentry","category-uncategorized","tag-magas-tauern-nemzeti-park","tag-raurisertal-volgy","wl_entity_type-article"],"acf":[],"yoast_head":"<!-- This site is optimized with the Yoast SEO Premium plugin v27.4 (Yoast SEO v27.4) - https:\/\/yoast.com\/product\/yoast-seo-premium-wordpress\/ -->\n<title>A Raurisertal v\u00f6lgy vil\u00e1ga t\u00e9len \u00bb SalzburgerLand.com<\/title>\n<meta name=\"description\" content=\"%%cf_teasertext%% Itt, a Raurisertal v\u00f6lgyben egy\u00fctt van j\u00f3form\u00e1n minden l\u00e1tni- \u00e9s felfedeznival\u00f3, amit csak az 1800 m2-es Magas-Tauern Nemzeti Park ny\u00fajt.\" \/>\n<meta name=\"robots\" content=\"index, follow, max-snippet:-1, max-image-preview:large, max-video-preview:-1\" \/>\n<link rel=\"canonical\" href=\"https:\/\/www.salzburgerland.com\/hu\/raurisertal-a-volgy-vilaga-telen\/\" \/>\n<meta property=\"og:locale\" content=\"hu_HU\" \/>\n<meta property=\"og:type\" content=\"article\" \/>\n<meta property=\"og:title\" content=\"A Raurisertal v\u00f6lgy vil\u00e1ga t\u00e9len\" \/>\n<meta property=\"og:description\" content=\"A Magas-Tauern Nemzeti Park \u00e9kk\u00f6ve A Raurisertal \u00e9s h\u00e1rom nagy mell\u00e9kv\u00f6lgye \u2013 a Krumltal, a H\u00fcttwinkltal \u00e9s a Seidlwinkltal \u2013 nagyr\u00e9szt a Magas-Tauern\" \/>\n<meta property=\"og:url\" content=\"https:\/\/www.salzburgerland.com\/hu\/raurisertal-a-volgy-vilaga-telen\/\" \/>\n<meta property=\"og:site_name\" content=\"SalzburgerLand.com\" \/>\n<meta property=\"article:publisher\" content=\"https:\/\/www.facebook.com\/visitsalzburgerland\/\" \/>\n<meta property=\"article:published_time\" content=\"2021-09-22T13:19:53+00:00\" \/>\n<meta property=\"article:modified_time\" content=\"2023-09-06T20:37:08+00:00\" \/>\n<meta property=\"og:image\" content=\"https:\/\/www.salzburgerland.com\/hu\/wp-content\/uploads\/2021\/09\/raurisertal_langlaufen_bucheben_bodenhaus_eder_stefan-1200x675.jpg\" \/>\n\t<meta property=\"og:image:width\" content=\"1200\" \/>\n\t<meta property=\"og:image:height\" content=\"675\" \/>\n\t<meta property=\"og:image:type\" content=\"image\/jpeg\" \/>\n<meta name=\"author\" content=\"Hajnalka K\u00e1di\" \/>\n<meta name=\"twitter:card\" content=\"summary_large_image\" \/>\n<meta name=\"twitter:creator\" content=\"@salzburgerland\" \/>\n<meta name=\"twitter:site\" content=\"@salzburgerland\" \/>\n<meta name=\"twitter:label1\" content=\"Szerz\u0151:\" \/>\n\t<meta name=\"twitter:data1\" content=\"Hajnalka K\u00e1di\" \/>\n\t<meta name=\"twitter:label2\" content=\"Becs\u00fclt olvas\u00e1si id\u0151\" \/>\n\t<meta name=\"twitter:data2\" content=\"2 perc\" \/>\n<script type=\"application\/ld+json\" class=\"yoast-schema-graph\">{\"@context\":\"https:\\\/\\\/schema.org\",\"@graph\":[{\"@type\":\"Article\",\"@id\":\"https:\\\/\\\/www.salzburgerland.com\\\/hu\\\/raurisertal-a-volgy-vilaga-telen\\\/#article\",\"isPartOf\":{\"@id\":\"https:\\\/\\\/www.salzburgerland.com\\\/hu\\\/raurisertal-a-volgy-vilaga-telen\\\/\"},\"author\":{\"name\":\"Hajnalka K\u00e1di\",\"@id\":\"https:\\\/\\\/www.salzburgerland.com\\\/hu\\\/#\\\/schema\\\/person\\\/e4905df070d9b3c52e1e4c730b26aa5a\"},\"headline\":\"A Raurisertal v\u00f6lgy vil\u00e1ga t\u00e9len\",\"datePublished\":\"2021-09-22T13:19:53+00:00\",\"dateModified\":\"2023-09-06T20:37:08+00:00\",\"mainEntityOfPage\":{\"@id\":\"https:\\\/\\\/www.salzburgerland.com\\\/hu\\\/raurisertal-a-volgy-vilaga-telen\\\/\"},\"wordCount\":372,\"image\":{\"@id\":\"https:\\\/\\\/www.salzburgerland.com\\\/hu\\\/raurisertal-a-volgy-vilaga-telen\\\/#primaryimage\"},\"thumbnailUrl\":\"https:\\\/\\\/www.salzburgerland.com\\\/hu\\\/wp-content\\\/uploads\\\/2021\\\/09\\\/raurisertal_langlaufen_bucheben_bodenhaus_eder_stefan.jpg\",\"keywords\":[\"Magas-Tauern Nemzeti Park\",\"Raurisertal v\u00f6lgy\"],\"articleSection\":[\"Uncategorized\"],\"inLanguage\":\"hu\"},{\"@type\":\"WebPage\",\"@id\":\"https:\\\/\\\/www.salzburgerland.com\\\/hu\\\/raurisertal-a-volgy-vilaga-telen\\\/\",\"url\":\"https:\\\/\\\/www.salzburgerland.com\\\/hu\\\/raurisertal-a-volgy-vilaga-telen\\\/\",\"name\":\"A Raurisertal v\u00f6lgy vil\u00e1ga t\u00e9len \u00bb SalzburgerLand.com\",\"isPartOf\":{\"@id\":\"https:\\\/\\\/www.salzburgerland.com\\\/hu\\\/#website\"},\"primaryImageOfPage\":{\"@id\":\"https:\\\/\\\/www.salzburgerland.com\\\/hu\\\/raurisertal-a-volgy-vilaga-telen\\\/#primaryimage\"},\"image\":{\"@id\":\"https:\\\/\\\/www.salzburgerland.com\\\/hu\\\/raurisertal-a-volgy-vilaga-telen\\\/#primaryimage\"},\"thumbnailUrl\":\"https:\\\/\\\/www.salzburgerland.com\\\/hu\\\/wp-content\\\/uploads\\\/2021\\\/09\\\/raurisertal_langlaufen_bucheben_bodenhaus_eder_stefan.jpg\",\"datePublished\":\"2021-09-22T13:19:53+00:00\",\"dateModified\":\"2023-09-06T20:37:08+00:00\",\"author\":{\"@id\":\"https:\\\/\\\/www.salzburgerland.com\\\/hu\\\/#\\\/schema\\\/person\\\/e4905df070d9b3c52e1e4c730b26aa5a\"},\"description\":\"Itt, a Raurisertal v\u00f6lgyben egy\u00fctt van j\u00f3form\u00e1n minden l\u00e1tni- \u00e9s felfedeznival\u00f3, amit csak az 1800 m2-es Magas-Tauern Nemzeti Park ny\u00fajt. Itt, a Raurisertal v\u00f6lgyben egy\u00fctt van j\u00f3form\u00e1n minden l\u00e1tni- \u00e9s felfedeznival\u00f3, amit csak az 1800 m2-es Magas-Tauern Nemzeti Park ny\u00fajt.\",\"breadcrumb\":{\"@id\":\"https:\\\/\\\/www.salzburgerland.com\\\/hu\\\/raurisertal-a-volgy-vilaga-telen\\\/#breadcrumb\"},\"inLanguage\":\"hu\",\"potentialAction\":[{\"@type\":\"ReadAction\",\"target\":[\"https:\\\/\\\/www.salzburgerland.com\\\/hu\\\/raurisertal-a-volgy-vilaga-telen\\\/\"]}]},{\"@type\":\"ImageObject\",\"inLanguage\":\"hu\",\"@id\":\"https:\\\/\\\/www.salzburgerland.com\\\/hu\\\/raurisertal-a-volgy-vilaga-telen\\\/#primaryimage\",\"url\":\"https:\\\/\\\/www.salzburgerland.com\\\/hu\\\/wp-content\\\/uploads\\\/2021\\\/09\\\/raurisertal_langlaufen_bucheben_bodenhaus_eder_stefan.jpg\",\"contentUrl\":\"https:\\\/\\\/www.salzburgerland.com\\\/hu\\\/wp-content\\\/uploads\\\/2021\\\/09\\\/raurisertal_langlaufen_bucheben_bodenhaus_eder_stefan.jpg\",\"width\":1500,\"height\":1000,\"caption\":\"S\u00edfut\u00e1s a Raurisertal v\u00f6lgy vid\u00e9k\u00e9n \u00a9 Bucheben Bodenhaus, Eder Stefan\"},{\"@type\":\"BreadcrumbList\",\"@id\":\"https:\\\/\\\/www.salzburgerland.com\\\/hu\\\/raurisertal-a-volgy-vilaga-telen\\\/#breadcrumb\",\"itemListElement\":[{\"@type\":\"ListItem\",\"position\":1,\"name\":\"Raurisertal - T\u00c9L\",\"item\":\"https:\\\/\\\/www.salzburgerland.com\\\/hu\\\/rauris-tel\\\/\"},{\"@type\":\"ListItem\",\"position\":2,\"name\":\"A Raurisertal v\u00f6lgy vil\u00e1ga t\u00e9len\"}]},{\"@type\":\"WebSite\",\"@id\":\"https:\\\/\\\/www.salzburgerland.com\\\/hu\\\/#website\",\"url\":\"https:\\\/\\\/www.salzburgerland.com\\\/hu\\\/\",\"name\":\"SalzburgerLand.com\",\"description\":\"\u00dcd\u00fcl\u00e9s Ausztri\u00e1ban, Salzburg tartom\u00e1nyban\",\"potentialAction\":[{\"@type\":\"SearchAction\",\"target\":{\"@type\":\"EntryPoint\",\"urlTemplate\":\"https:\\\/\\\/www.salzburgerland.com\\\/hu\\\/?s={search_term_string}\"},\"query-input\":{\"@type\":\"PropertyValueSpecification\",\"valueRequired\":true,\"valueName\":\"search_term_string\"}}],\"inLanguage\":\"hu\"},{\"@type\":\"Person\",\"@id\":\"https:\\\/\\\/www.salzburgerland.com\\\/hu\\\/#\\\/schema\\\/person\\\/e4905df070d9b3c52e1e4c730b26aa5a\",\"name\":\"Hajnalka K\u00e1di\",\"image\":{\"@type\":\"ImageObject\",\"inLanguage\":\"hu\",\"@id\":\"https:\\\/\\\/secure.gravatar.com\\\/avatar\\\/e8c1eecf3b2c49d295cebc6aba0de06d13ec77aa0cf9ccec32725949011b69d2?s=96&d=mm&r=g\",\"url\":\"https:\\\/\\\/secure.gravatar.com\\\/avatar\\\/e8c1eecf3b2c49d295cebc6aba0de06d13ec77aa0cf9ccec32725949011b69d2?s=96&d=mm&r=g\",\"contentUrl\":\"https:\\\/\\\/secure.gravatar.com\\\/avatar\\\/e8c1eecf3b2c49d295cebc6aba0de06d13ec77aa0cf9ccec32725949011b69d2?s=96&d=mm&r=g\",\"caption\":\"Hajnalka K\u00e1di\"}}]}<\/script>\n<!-- \/ Yoast SEO Premium plugin. -->","yoast_head_json":{"title":"A Raurisertal v\u00f6lgy vil\u00e1ga t\u00e9len \u00bb SalzburgerLand.com","description":"%%cf_teasertext%% Itt, a Raurisertal v\u00f6lgyben egy\u00fctt van j\u00f3form\u00e1n minden l\u00e1tni- \u00e9s felfedeznival\u00f3, amit csak az 1800 m2-es Magas-Tauern Nemzeti Park ny\u00fajt.","robots":{"index":"index","follow":"follow","max-snippet":"max-snippet:-1","max-image-preview":"max-image-preview:large","max-video-preview":"max-video-preview:-1"},"canonical":"https:\/\/www.salzburgerland.com\/hu\/raurisertal-a-volgy-vilaga-telen\/","og_locale":"hu_HU","og_type":"article","og_title":"A Raurisertal v\u00f6lgy vil\u00e1ga t\u00e9len","og_description":"A Magas-Tauern Nemzeti Park \u00e9kk\u00f6ve A Raurisertal \u00e9s h\u00e1rom nagy mell\u00e9kv\u00f6lgye \u2013 a Krumltal, a H\u00fcttwinkltal \u00e9s a Seidlwinkltal \u2013 nagyr\u00e9szt a Magas-Tauern","og_url":"https:\/\/www.salzburgerland.com\/hu\/raurisertal-a-volgy-vilaga-telen\/","og_site_name":"SalzburgerLand.com","article_publisher":"https:\/\/www.facebook.com\/visitsalzburgerland\/","article_published_time":"2021-09-22T13:19:53+00:00","article_modified_time":"2023-09-06T20:37:08+00:00","og_image":[{"width":1200,"height":675,"url":"https:\/\/www.salzburgerland.com\/hu\/wp-content\/uploads\/2021\/09\/raurisertal_langlaufen_bucheben_bodenhaus_eder_stefan-1200x675.jpg","type":"image\/jpeg"}],"author":"Hajnalka K\u00e1di","twitter_card":"summary_large_image","twitter_creator":"@salzburgerland","twitter_site":"@salzburgerland","twitter_misc":{"Szerz\u0151:":"Hajnalka K\u00e1di","Becs\u00fclt olvas\u00e1si id\u0151":"2 perc"},"schema":{"@context":"https:\/\/schema.org","@graph":[{"@type":"Article","@id":"https:\/\/www.salzburgerland.com\/hu\/raurisertal-a-volgy-vilaga-telen\/#article","isPartOf":{"@id":"https:\/\/www.salzburgerland.com\/hu\/raurisertal-a-volgy-vilaga-telen\/"},"author":{"name":"Hajnalka K\u00e1di","@id":"https:\/\/www.salzburgerland.com\/hu\/#\/schema\/person\/e4905df070d9b3c52e1e4c730b26aa5a"},"headline":"A Raurisertal v\u00f6lgy vil\u00e1ga t\u00e9len","datePublished":"2021-09-22T13:19:53+00:00","dateModified":"2023-09-06T20:37:08+00:00","mainEntityOfPage":{"@id":"https:\/\/www.salzburgerland.com\/hu\/raurisertal-a-volgy-vilaga-telen\/"},"wordCount":372,"image":{"@id":"https:\/\/www.salzburgerland.com\/hu\/raurisertal-a-volgy-vilaga-telen\/#primaryimage"},"thumbnailUrl":"https:\/\/www.salzburgerland.com\/hu\/wp-content\/uploads\/2021\/09\/raurisertal_langlaufen_bucheben_bodenhaus_eder_stefan.jpg","keywords":["Magas-Tauern Nemzeti Park","Raurisertal v\u00f6lgy"],"articleSection":["Uncategorized"],"inLanguage":"hu"},{"@type":"WebPage","@id":"https:\/\/www.salzburgerland.com\/hu\/raurisertal-a-volgy-vilaga-telen\/","url":"https:\/\/www.salzburgerland.com\/hu\/raurisertal-a-volgy-vilaga-telen\/","name":"A Raurisertal v\u00f6lgy vil\u00e1ga t\u00e9len \u00bb SalzburgerLand.com","isPartOf":{"@id":"https:\/\/www.salzburgerland.com\/hu\/#website"},"primaryImageOfPage":{"@id":"https:\/\/www.salzburgerland.com\/hu\/raurisertal-a-volgy-vilaga-telen\/#primaryimage"},"image":{"@id":"https:\/\/www.salzburgerland.com\/hu\/raurisertal-a-volgy-vilaga-telen\/#primaryimage"},"thumbnailUrl":"https:\/\/www.salzburgerland.com\/hu\/wp-content\/uploads\/2021\/09\/raurisertal_langlaufen_bucheben_bodenhaus_eder_stefan.jpg","datePublished":"2021-09-22T13:19:53+00:00","dateModified":"2023-09-06T20:37:08+00:00","author":{"@id":"https:\/\/www.salzburgerland.com\/hu\/#\/schema\/person\/e4905df070d9b3c52e1e4c730b26aa5a"},"description":"Itt, a Raurisertal v\u00f6lgyben egy\u00fctt van j\u00f3form\u00e1n minden l\u00e1tni- \u00e9s felfedeznival\u00f3, amit csak az 1800 m2-es Magas-Tauern Nemzeti Park ny\u00fajt. Itt, a Raurisertal v\u00f6lgyben egy\u00fctt van j\u00f3form\u00e1n minden l\u00e1tni- \u00e9s felfedeznival\u00f3, amit csak az 1800 m2-es Magas-Tauern Nemzeti Park ny\u00fajt.","breadcrumb":{"@id":"https:\/\/www.salzburgerland.com\/hu\/raurisertal-a-volgy-vilaga-telen\/#breadcrumb"},"inLanguage":"hu","potentialAction":[{"@type":"ReadAction","target":["https:\/\/www.salzburgerland.com\/hu\/raurisertal-a-volgy-vilaga-telen\/"]}]},{"@type":"ImageObject","inLanguage":"hu","@id":"https:\/\/www.salzburgerland.com\/hu\/raurisertal-a-volgy-vilaga-telen\/#primaryimage","url":"https:\/\/www.salzburgerland.com\/hu\/wp-content\/uploads\/2021\/09\/raurisertal_langlaufen_bucheben_bodenhaus_eder_stefan.jpg","contentUrl":"https:\/\/www.salzburgerland.com\/hu\/wp-content\/uploads\/2021\/09\/raurisertal_langlaufen_bucheben_bodenhaus_eder_stefan.jpg","width":1500,"height":1000,"caption":"S\u00edfut\u00e1s a Raurisertal v\u00f6lgy vid\u00e9k\u00e9n \u00a9 Bucheben Bodenhaus, Eder Stefan"},{"@type":"BreadcrumbList","@id":"https:\/\/www.salzburgerland.com\/hu\/raurisertal-a-volgy-vilaga-telen\/#breadcrumb","itemListElement":[{"@type":"ListItem","position":1,"name":"Raurisertal - T\u00c9L","item":"https:\/\/www.salzburgerland.com\/hu\/rauris-tel\/"},{"@type":"ListItem","position":2,"name":"A Raurisertal v\u00f6lgy vil\u00e1ga t\u00e9len"}]},{"@type":"WebSite","@id":"https:\/\/www.salzburgerland.com\/hu\/#website","url":"https:\/\/www.salzburgerland.com\/hu\/","name":"SalzburgerLand.com","description":"\u00dcd\u00fcl\u00e9s Ausztri\u00e1ban, Salzburg tartom\u00e1nyban","potentialAction":[{"@type":"SearchAction","target":{"@type":"EntryPoint","urlTemplate":"https:\/\/www.salzburgerland.com\/hu\/?s={search_term_string}"},"query-input":{"@type":"PropertyValueSpecification","valueRequired":true,"valueName":"search_term_string"}}],"inLanguage":"hu"},{"@type":"Person","@id":"https:\/\/www.salzburgerland.com\/hu\/#\/schema\/person\/e4905df070d9b3c52e1e4c730b26aa5a","name":"Hajnalka K\u00e1di","image":{"@type":"ImageObject","inLanguage":"hu","@id":"https:\/\/secure.gravatar.com\/avatar\/e8c1eecf3b2c49d295cebc6aba0de06d13ec77aa0cf9ccec32725949011b69d2?s=96&d=mm&r=g","url":"https:\/\/secure.gravatar.com\/avatar\/e8c1eecf3b2c49d295cebc6aba0de06d13ec77aa0cf9ccec32725949011b69d2?s=96&d=mm&r=g","contentUrl":"https:\/\/secure.gravatar.com\/avatar\/e8c1eecf3b2c49d295cebc6aba0de06d13ec77aa0cf9ccec32725949011b69d2?s=96&d=mm&r=g","caption":"Hajnalka K\u00e1di"}}]}},"_wl_alt_label":[],"wl:entity_url":"http:\/\/open.salzburgerland.com\/hu\/post\/raurisertal_a_volgy_vilaga_telen","_links":{"self":[{"href":"https:\/\/www.salzburgerland.com\/hu\/wp-json\/wp\/v2\/posts\/13904","targetHints":{"allow":["GET"]}}],"collection":[{"href":"https:\/\/www.salzburgerland.com\/hu\/wp-json\/wp\/v2\/posts"}],"about":[{"href":"https:\/\/www.salzburgerland.com\/hu\/wp-json\/wp\/v2\/types\/post"}],"author":[{"embeddable":true,"href":"https:\/\/www.salzburgerland.com\/hu\/wp-json\/wp\/v2\/users\/21"}],"replies":[{"embeddable":true,"href":"https:\/\/www.salzburgerland.com\/hu\/wp-json\/wp\/v2\/comments?post=13904"}],"version-history":[{"count":5,"href":"https:\/\/www.salzburgerland.com\/hu\/wp-json\/wp\/v2\/posts\/13904\/revisions"}],"predecessor-version":[{"id":20147,"href":"https:\/\/www.salzburgerland.com\/hu\/wp-json\/wp\/v2\/posts\/13904\/revisions\/20147"}],"wp:featuredmedia":[{"embeddable":true,"href":"https:\/\/www.salzburgerland.com\/hu\/wp-json\/wp\/v2\/media\/13897"}],"wp:attachment":[{"href":"https:\/\/www.salzburgerland.com\/hu\/wp-json\/wp\/v2\/media?parent=13904"}],"wp:term":[{"taxonomy":"category","embeddable":true,"href":"https:\/\/www.salzburgerland.com\/hu\/wp-json\/wp\/v2\/categories?post=13904"},{"taxonomy":"post_tag","embeddable":true,"href":"https:\/\/www.salzburgerland.com\/hu\/wp-json\/wp\/v2\/tags?post=13904"},{"taxonomy":"wl_entity_type","embeddable":true,"href":"https:\/\/www.salzburgerland.com\/hu\/wp-json\/wp\/v2\/wl_entity_type?post=13904"}],"curies":[{"name":"wp","href":"https:\/\/api.w.org\/{rel}","templated":true}]}}