{"id":13810,"date":"2021-09-21T16:29:36","date_gmt":"2021-09-21T14:29:36","guid":{"rendered":"https:\/\/www.salzburgerland.com\/hu\/?p=13810"},"modified":"2026-04-03T13:04:49","modified_gmt":"2026-04-03T11:04:49","slug":"salzburgi-lungau-kulinaris-elvezetek","status":"publish","type":"post","link":"https:\/\/www.salzburgerland.com\/hu\/salzburgi-lungau-kulinaris-elvezetek\/","title":{"rendered":"Kulin\u00e1ris \u00e9lvezetek a Salzburgi Lungau r\u00e9gi\u00f3j\u00e1ban"},"content":{"rendered":"<h2><strong>Lungaui \u201eRahmkoch\u201d \u2013 az Alpok \u00e9des cs\u00e1b\u00edt\u00e1sa<\/strong><\/h2>\n<p>A <strong>lungaui \u201eRahmkoch\u201d<\/strong>, amelyet szeretettel \u201ealpesi marcip\u00e1nnak\u201d is neveznek, <strong>Salzburgi Lungau<\/strong> egyik leg\u00e9desebb hagyom\u00e1nya. Ez az \u00ednycsikland\u00f3 k\u00fcl\u00f6nlegess\u00e9g v\u00e1logatott alapanyagokb\u00f3l k\u00e9sz\u00fcl: vaj, tejsz\u00edn, cukor, \u00e1nizs, fah\u00e9j, rum \u00e9s mazsola \u2013 mindezek egyedi \u00edz\u00e9lm\u00e9nyt ny\u00fajtanak, amely minden h\u00fctte l\u00e1togat\u00e1st eml\u00e9kezetess\u00e9 tesz.<br>\nR\u00e9gen a <strong>\u201eRahmkoch\u201d<\/strong> energiad\u00fas desszert volt a kem\u00e9nyen dolgoz\u00f3 emberek sz\u00e1m\u00e1ra, ma pedig az egyik legn\u00e9pszer\u0171bb fog\u00e1s a r\u00e9gi\u00f3 mintegy 70 m\u0171k\u00f6d\u0151 alpesi h\u00fctt\u00e9j\u00e9ben.<\/p>\n<div id=\"attachment_22958\" style=\"width: 1180px\" class=\"wp-caption alignnone\"><img decoding=\"async\" aria-describedby=\"caption-attachment-22958\" class=\"size-1170_658 wp-image-22958\" src=\"https:\/\/www.salzburgerland.com\/hu\/wp-content\/uploads\/2021\/09\/kulinarik_lungauer-rahmkoch-salzburger-lungau-1170x658.jpg\" alt=\"\u201eAlpesi marcip\u00e1nnak\u201d - Salzburgi Lungau egyik leg\u00e9desebb hagyom\u00e1nya.\" width=\"1170\" height=\"658\" srcset=\"https:\/\/www.salzburgerland.com\/hu\/wp-content\/uploads\/2021\/09\/kulinarik_lungauer-rahmkoch-salzburger-lungau-1170x658.jpg 1170w, https:\/\/www.salzburgerland.com\/hu\/wp-content\/uploads\/2021\/09\/kulinarik_lungauer-rahmkoch-salzburger-lungau-1200x675.jpg 1200w\" sizes=\"(max-width: 1170px) 100vw, 1170px\"><p id=\"caption-attachment-22958\" class=\"wp-caption-text\">Kulin\u00e1ris \u00e9lm\u00e9ny _lungauer-rahmkoch \u00a9Salzburger Lungau<\/p><\/div>\n<p>A lungaui <strong>Rahmkoch<\/strong> egy igazi \u201ekal\u00f3riabomba\u201d, ami nem hi\u00e1nyozhat a men\u00fcb\u0151l.<\/p>\n<h2><strong>Lungaui \u201eHasen\u00f6hrl\u201d<\/strong><\/h2>\n<p>S\u00f3san savany\u00fak\u00e1poszt\u00e1val vagy \u00e9desen lekv\u00e1rral \u2013 a lungaui <strong>\u201eHasen\u00f6hrl\u201d<\/strong> (nyuszif\u00fcl) a r\u00e9gi\u00f3 egyik kedvenc fog\u00e1sa. Ezek az \u00edzletes t\u00e9sztabatyuk nemcsak kulin\u00e1ris k\u00fcl\u00f6nlegess\u00e9gek, hanem az \u00e9l\u0151 hagyom\u00e1ny r\u00e9szei is.<\/p>\n<div id=\"attachment_22960\" style=\"width: 1180px\" class=\"wp-caption alignnone\"><img decoding=\"async\" aria-describedby=\"caption-attachment-22960\" class=\"size-1170_658 wp-image-22960\" src=\"https:\/\/www.salzburgerland.com\/hu\/wp-content\/uploads\/2021\/09\/kulinarik_lungauer-hasenoehrl-granglerhutte-1170x658.jpg\" alt=\"A lungaui \u201eHasen\u00f6hrl\u201d (nyuszif\u00fcl) a r\u00e9gi\u00f3 egyik kedvenc fog\u00e1sa.\" width=\"1170\" height=\"658\" srcset=\"https:\/\/www.salzburgerland.com\/hu\/wp-content\/uploads\/2021\/09\/kulinarik_lungauer-hasenoehrl-granglerhutte-1170x658.jpg 1170w, https:\/\/www.salzburgerland.com\/hu\/wp-content\/uploads\/2021\/09\/kulinarik_lungauer-hasenoehrl-granglerhutte-1200x675.jpg 1200w\" sizes=\"(max-width: 1170px) 100vw, 1170px\"><p id=\"caption-attachment-22960\" class=\"wp-caption-text\">Kulin\u00e1ris \u00e9lm\u00e9ny _lungauer-hasenoehrl \u00a9Granglerh\u00fctte<\/p><\/div>\n<p>Legyen \u00e9des vagy s\u00f3s \u2013 a \u201eHasen\u00f6hrl\u201d a lungauiak kedvencei k\u00f6z\u00e9 tartozik, \u00e9s egyetlen alpesi pihen\u0151b\u0151l sem hi\u00e1nyozhat.<\/p>\n<h2><strong>Az Alpok burgony\u00e1ja \u2013 a lungaui \u201eEachtling\u201d<\/strong><\/h2>\n<p>A lungaui <strong>\u201eEachtling\u201d<\/strong> nemcsak kulin\u00e1ris k\u00fcl\u00f6nlegess\u00e9g, hanem a regionalit\u00e1s \u00e9s a <strong>hagyom\u00e1ny szimb\u00f3luma<\/strong> is. T\u00f6bb mint 1.000 m\u00e9ter tengerszint feletti magass\u00e1gban termesztik, k\u00fcl\u00f6nleges arom\u00e1j\u00e1val \u00e9s kiv\u00e1l\u00f3 t\u00e1panyagtartalm\u00e1val h\u00f3d\u00edt.<br>\nLegyen egyszer\u0171en vajjal \u00e9s s\u00f3val t\u00e1lalva, vagy rafin\u00e1lt \u00e9telek \u00f6sszetev\u0151jek\u00e9nt \u2013 a lungaui Eachtling kihagyhatatlan eleme a region\u00e1lis konyh\u00e1nak.<\/p>\n<div id=\"attachment_22961\" style=\"width: 1180px\" class=\"wp-caption alignnone\"><img decoding=\"async\" aria-describedby=\"caption-attachment-22961\" class=\"size-1170_658 wp-image-22961\" src=\"https:\/\/www.salzburgerland.com\/hu\/wp-content\/uploads\/2021\/09\/kulinarik_kartoffeln-lockerwirt-1170x658.jpg\" alt=\"Lungauer \u201eEachtling\u201c - egyedi aroma \u00e9s kiv\u00e1l\u00f3 t\u00e1p\u00e9rt\u00e9k\" width=\"1170\" height=\"658\" srcset=\"https:\/\/www.salzburgerland.com\/hu\/wp-content\/uploads\/2021\/09\/kulinarik_kartoffeln-lockerwirt-1170x658.jpg 1170w, https:\/\/www.salzburgerland.com\/hu\/wp-content\/uploads\/2021\/09\/kulinarik_kartoffeln-lockerwirt-1200x675.jpg 1200w\" sizes=\"(max-width: 1170px) 100vw, 1170px\"><p id=\"caption-attachment-22961\" class=\"wp-caption-text\">Kulin\u00e1ris \u00e9lm\u00e9ny \u2013 burgonya\u00a9L\u00f6ckerwirt<\/p><\/div>\n<p>A Salzburgi Lungau <strong>burgony\u00e1ja<\/strong> t\u00f6k\u00e9letes k\u00f6retk\u00e9nt szolg\u00e1l a <strong>hagyom\u00e1nyos lungaui s\u00fclt b\u00e1r\u00e1nyhoz<\/strong>.<\/p>\n<h2><strong>Lungaui Tauernrozs \u2013 az Alpok \u00f6r\u00f6ks\u00e9ge<\/strong><\/h2>\n<p>A <strong>Salzburgi Lungau<\/strong> vid\u00e9k\u00e9n, 1.000 m\u00e9ter feletti magass\u00e1gban terem Ausztria egyik legr\u00e9gebbi \u00e9s leg\u00e9rt\u00e9kesebb <strong>gabonafajt\u00e1ja<\/strong>: a <strong>lungaui Tauernrozs.<\/strong> M\u00e1r 300 \u00e9vvel ezel\u0151tt is termesztett\u00e9k ezt az ellen\u00e1ll\u00f3 <strong>t\u00e9li gabon\u00e1t<\/strong>, amely t\u00f6k\u00e9letesen alkalmazkodott az Alpok k\u00fcl\u00f6nleges \u00e9ghajlat\u00e1hoz.<br>\nLegyen keny\u00e9r, t\u00e9szta vagy s\u00fctem\u00e9ny \u2013 a Tauernrozs karakteres \u00edz\u00e9vel \u00e9s \u00e9rt\u00e9kes t\u00e1panyagaival ny\u0171g\u00f6z le. K\u00fcl\u00f6n\u00f6sen advent idej\u00e9n fontos alapanyag, hiszen ebb\u0151l k\u00e9sz\u00fcl a lungaui <strong>Tauernrozs-m\u00e9zes m\u00e9zeskal\u00e1cs<\/strong>.<\/p>\n<div id=\"attachment_22962\" style=\"width: 1180px\" class=\"wp-caption alignnone\"><img decoding=\"async\" aria-describedby=\"caption-attachment-22962\" class=\"size-1170_658 wp-image-22962\" src=\"https:\/\/www.salzburgerland.com\/hu\/wp-content\/uploads\/2021\/09\/kulinarik_lungauer-tauernroggen-salzburger-lungau-1170x658.jpg\" alt=\"Lungaui Tauernrozs - k\u00fcl\u00f6nleges keny\u00e9r, t\u00e9szta vagy s\u00fctem\u00e9ny.\" width=\"1170\" height=\"658\" srcset=\"https:\/\/www.salzburgerland.com\/hu\/wp-content\/uploads\/2021\/09\/kulinarik_lungauer-tauernroggen-salzburger-lungau-1170x658.jpg 1170w, https:\/\/www.salzburgerland.com\/hu\/wp-content\/uploads\/2021\/09\/kulinarik_lungauer-tauernroggen-salzburger-lungau-1200x675.jpg 1200w\" sizes=\"(max-width: 1170px) 100vw, 1170px\"><p id=\"caption-attachment-22962\" class=\"wp-caption-text\">Kulin\u00e1ris \u00e9lm\u00e9ny_lungauer-tauernroggen \u00a9Salzburger Lungau<\/p><\/div>\n<p>A <strong>lungaui Tauernrozsb\u00f3l<\/strong> egyedi term\u00e9kek sz\u00fcletnek, mint a t\u00e9szta, m\u00e9zeskal\u00e1cs vagy a <strong>hagyom\u00e1nyos lungaui parasztkeny\u00e9r<\/strong>.<\/p>\n","protected":false},"excerpt":{"rendered":"<p>Lungaui \u201eRahmkoch\u201d \u2013 az Alpok \u00e9des cs\u00e1b\u00edt\u00e1sa A lungaui \u201eRahmkoch\u201d, amelyet szeretettel \u201ealpesi marcip\u00e1nnak\u201d is neveznek, Salzburgi Lungau egyik leg\u00e9desebb hagyom\u00e1nya. Ez az \u00ednycsikland\u00f3 k\u00fcl\u00f6nlegess\u00e9g v\u00e1logatott alapanyagokb\u00f3l k\u00e9sz\u00fcl: vaj, tejsz\u00edn, cukor, \u00e1nizs, fah\u00e9j, rum \u00e9s mazsola \u2013 mindezek egyedi \u00edz\u00e9lm\u00e9nyt ny\u00fajtanak, amely minden h\u00fctte l\u00e1togat\u00e1st eml\u00e9kezetess\u00e9 tesz. R\u00e9gen a \u201eRahmkoch\u201d energiad\u00fas desszert volt a kem\u00e9nyen [&hellip;]<\/p>\n","protected":false},"author":21,"featured_media":24038,"comment_status":"closed","ping_status":"closed","sticky":false,"template":"","format":"standard","meta":{"_acf_changed":false,"wl_entities_gutenberg":"","_relevanssi_hide_post":"","_relevanssi_hide_content":"","_relevanssi_pin_for_all":"","_relevanssi_pin_keywords":"","_relevanssi_unpin_keywords":"","_relevanssi_related_keywords":"","_relevanssi_related_include_ids":"","_relevanssi_related_exclude_ids":"","_relevanssi_related_no_append":"","_relevanssi_related_not_related":"","_relevanssi_related_posts":"","_relevanssi_noindex_reason":"","footnotes":""},"categories":[1],"tags":[164,79,81],"wl_entity_type":[27],"class_list":["post-13810","post","type-post","status-publish","format-standard","has-post-thumbnail","hentry","category-uncategorized","tag-gasztronomia","tag-kulinaris","tag-salzburgi-lungau","wl_entity_type-article"],"acf":[],"yoast_head":"<!-- This site is optimized with the Yoast SEO Premium plugin v27.4 (Yoast SEO v27.4) - https:\/\/yoast.com\/product\/yoast-seo-premium-wordpress\/ -->\n<title>SalzburgerLand.com<\/title>\n<meta name=\"description\" content=\"A helyi term\u00e9kek \u00e9s a r\u00e9gi\u00f3 hagyom\u00e1nyos \u00e9telei mellett a k\u00fcl\u00f6nleges t\u00e1lal\u00e1si m\u00f3dok is meghat\u00e1rozz\u00e1k a Salzburgi Lungau kulin\u00e1ris \u00e9lvezet\u00e9t.\" \/>\n<meta name=\"robots\" content=\"index, follow, max-snippet:-1, max-image-preview:large, max-video-preview:-1\" \/>\n<link rel=\"canonical\" href=\"https:\/\/www.salzburgerland.com\/hu\/salzburgi-lungau-kulinaris-elvezetek\/\" \/>\n<meta property=\"og:locale\" content=\"hu_HU\" \/>\n<meta property=\"og:type\" content=\"article\" \/>\n<meta property=\"og:title\" content=\"Kulin\u00e1ris \u00e9lvezetek a Salzburgi Lungau r\u00e9gi\u00f3j\u00e1ban\" \/>\n<meta property=\"og:description\" content=\"Lungaui \u201eRahmkoch\u201d \u2013 az Alpok \u00e9des cs\u00e1b\u00edt\u00e1sa A lungaui \u201eRahmkoch\u201d, amelyet szeretettel \u201ealpesi marcip\u00e1nnak\u201d is neveznek, Salzburgi Lungau egyik leg\u00e9desebb\" \/>\n<meta property=\"og:url\" content=\"https:\/\/www.salzburgerland.com\/hu\/salzburgi-lungau-kulinaris-elvezetek\/\" \/>\n<meta property=\"og:site_name\" content=\"SalzburgerLand.com\" \/>\n<meta property=\"article:publisher\" content=\"https:\/\/www.facebook.com\/visitsalzburgerland\/\" \/>\n<meta property=\"article:published_time\" content=\"2021-09-21T14:29:36+00:00\" \/>\n<meta property=\"article:modified_time\" content=\"2026-04-03T11:04:49+00:00\" \/>\n<meta property=\"og:image\" content=\"https:\/\/www.salzburgerland.com\/hu\/wp-content\/uploads\/2021\/09\/kulinarik-salzburger-lungau-1200x675.jpg\" \/>\n\t<meta property=\"og:image:width\" content=\"1200\" \/>\n\t<meta property=\"og:image:height\" content=\"675\" \/>\n\t<meta property=\"og:image:type\" content=\"image\/jpeg\" \/>\n<meta name=\"author\" content=\"Hajnalka K\u00e1di\" \/>\n<meta name=\"twitter:card\" content=\"summary_large_image\" \/>\n<meta name=\"twitter:creator\" content=\"@salzburgerland\" \/>\n<meta name=\"twitter:site\" content=\"@salzburgerland\" \/>\n<meta name=\"twitter:label1\" content=\"Szerz\u0151:\" \/>\n\t<meta name=\"twitter:data1\" content=\"Hajnalka K\u00e1di\" \/>\n\t<meta name=\"twitter:label2\" content=\"Becs\u00fclt olvas\u00e1si id\u0151\" \/>\n\t<meta name=\"twitter:data2\" content=\"4 perc\" \/>\n<script type=\"application\/ld+json\" class=\"yoast-schema-graph\">{\"@context\":\"https:\\\/\\\/schema.org\",\"@graph\":[{\"@type\":\"Article\",\"@id\":\"https:\\\/\\\/www.salzburgerland.com\\\/hu\\\/salzburgi-lungau-kulinaris-elvezetek\\\/#article\",\"isPartOf\":{\"@id\":\"https:\\\/\\\/www.salzburgerland.com\\\/hu\\\/salzburgi-lungau-kulinaris-elvezetek\\\/\"},\"author\":{\"name\":\"Hajnalka K\u00e1di\",\"@id\":\"https:\\\/\\\/www.salzburgerland.com\\\/hu\\\/#\\\/schema\\\/person\\\/e4905df070d9b3c52e1e4c730b26aa5a\"},\"headline\":\"Kulin\u00e1ris \u00e9lvezetek a Salzburgi Lungau r\u00e9gi\u00f3j\u00e1ban\",\"datePublished\":\"2021-09-21T14:29:36+00:00\",\"dateModified\":\"2026-04-03T11:04:49+00:00\",\"mainEntityOfPage\":{\"@id\":\"https:\\\/\\\/www.salzburgerland.com\\\/hu\\\/salzburgi-lungau-kulinaris-elvezetek\\\/\"},\"wordCount\":483,\"image\":{\"@id\":\"https:\\\/\\\/www.salzburgerland.com\\\/hu\\\/salzburgi-lungau-kulinaris-elvezetek\\\/#primaryimage\"},\"thumbnailUrl\":\"https:\\\/\\\/www.salzburgerland.com\\\/hu\\\/wp-content\\\/uploads\\\/2021\\\/09\\\/kulinarik-salzburger-lungau.jpg\",\"keywords\":[\"gasztron\u00f3mia\",\"kulin\u00e1ris\",\"Salzburgi Lungau\"],\"articleSection\":[\"Uncategorized\"],\"inLanguage\":\"hu\"},{\"@type\":\"WebPage\",\"@id\":\"https:\\\/\\\/www.salzburgerland.com\\\/hu\\\/salzburgi-lungau-kulinaris-elvezetek\\\/\",\"url\":\"https:\\\/\\\/www.salzburgerland.com\\\/hu\\\/salzburgi-lungau-kulinaris-elvezetek\\\/\",\"name\":\"SalzburgerLand.com\",\"isPartOf\":{\"@id\":\"https:\\\/\\\/www.salzburgerland.com\\\/hu\\\/#website\"},\"primaryImageOfPage\":{\"@id\":\"https:\\\/\\\/www.salzburgerland.com\\\/hu\\\/salzburgi-lungau-kulinaris-elvezetek\\\/#primaryimage\"},\"image\":{\"@id\":\"https:\\\/\\\/www.salzburgerland.com\\\/hu\\\/salzburgi-lungau-kulinaris-elvezetek\\\/#primaryimage\"},\"thumbnailUrl\":\"https:\\\/\\\/www.salzburgerland.com\\\/hu\\\/wp-content\\\/uploads\\\/2021\\\/09\\\/kulinarik-salzburger-lungau.jpg\",\"datePublished\":\"2021-09-21T14:29:36+00:00\",\"dateModified\":\"2026-04-03T11:04:49+00:00\",\"author\":{\"@id\":\"https:\\\/\\\/www.salzburgerland.com\\\/hu\\\/#\\\/schema\\\/person\\\/e4905df070d9b3c52e1e4c730b26aa5a\"},\"description\":\"A helyi term\u00e9kek \u00e9s a r\u00e9gi\u00f3 hagyom\u00e1nyos \u00e9telei mellett a k\u00fcl\u00f6nleges t\u00e1lal\u00e1si m\u00f3dok is meghat\u00e1rozz\u00e1k a Salzburgi Lungau kulin\u00e1ris \u00e9lvezet\u00e9t.\",\"breadcrumb\":{\"@id\":\"https:\\\/\\\/www.salzburgerland.com\\\/hu\\\/salzburgi-lungau-kulinaris-elvezetek\\\/#breadcrumb\"},\"inLanguage\":\"hu\",\"potentialAction\":[{\"@type\":\"ReadAction\",\"target\":[\"https:\\\/\\\/www.salzburgerland.com\\\/hu\\\/salzburgi-lungau-kulinaris-elvezetek\\\/\"]}]},{\"@type\":\"ImageObject\",\"inLanguage\":\"hu\",\"@id\":\"https:\\\/\\\/www.salzburgerland.com\\\/hu\\\/salzburgi-lungau-kulinaris-elvezetek\\\/#primaryimage\",\"url\":\"https:\\\/\\\/www.salzburgerland.com\\\/hu\\\/wp-content\\\/uploads\\\/2021\\\/09\\\/kulinarik-salzburger-lungau.jpg\",\"contentUrl\":\"https:\\\/\\\/www.salzburgerland.com\\\/hu\\\/wp-content\\\/uploads\\\/2021\\\/09\\\/kulinarik-salzburger-lungau.jpg\",\"width\":2560,\"height\":1707,\"caption\":\"Kulina\u0301ris e\u0301lme\u0301nyek\u00a9Salzburger Lungau.jpg\"},{\"@type\":\"BreadcrumbList\",\"@id\":\"https:\\\/\\\/www.salzburgerland.com\\\/hu\\\/salzburgi-lungau-kulinaris-elvezetek\\\/#breadcrumb\",\"itemListElement\":[{\"@type\":\"ListItem\",\"position\":1,\"name\":\"Salzburgi Lungau - T\u00c9L\",\"item\":\"https:\\\/\\\/www.salzburgerland.com\\\/hu\\\/salzburgi-lungau-tel\\\/\"},{\"@type\":\"ListItem\",\"position\":2,\"name\":\"Kulin\u00e1ris \u00e9lvezetek a Salzburgi Lungau r\u00e9gi\u00f3j\u00e1ban\"}]},{\"@type\":\"WebSite\",\"@id\":\"https:\\\/\\\/www.salzburgerland.com\\\/hu\\\/#website\",\"url\":\"https:\\\/\\\/www.salzburgerland.com\\\/hu\\\/\",\"name\":\"SalzburgerLand.com\",\"description\":\"\u00dcd\u00fcl\u00e9s Ausztri\u00e1ban, Salzburg tartom\u00e1nyban\",\"potentialAction\":[{\"@type\":\"SearchAction\",\"target\":{\"@type\":\"EntryPoint\",\"urlTemplate\":\"https:\\\/\\\/www.salzburgerland.com\\\/hu\\\/?s={search_term_string}\"},\"query-input\":{\"@type\":\"PropertyValueSpecification\",\"valueRequired\":true,\"valueName\":\"search_term_string\"}}],\"inLanguage\":\"hu\"},{\"@type\":\"Person\",\"@id\":\"https:\\\/\\\/www.salzburgerland.com\\\/hu\\\/#\\\/schema\\\/person\\\/e4905df070d9b3c52e1e4c730b26aa5a\",\"name\":\"Hajnalka K\u00e1di\",\"image\":{\"@type\":\"ImageObject\",\"inLanguage\":\"hu\",\"@id\":\"https:\\\/\\\/secure.gravatar.com\\\/avatar\\\/e8c1eecf3b2c49d295cebc6aba0de06d13ec77aa0cf9ccec32725949011b69d2?s=96&d=mm&r=g\",\"url\":\"https:\\\/\\\/secure.gravatar.com\\\/avatar\\\/e8c1eecf3b2c49d295cebc6aba0de06d13ec77aa0cf9ccec32725949011b69d2?s=96&d=mm&r=g\",\"contentUrl\":\"https:\\\/\\\/secure.gravatar.com\\\/avatar\\\/e8c1eecf3b2c49d295cebc6aba0de06d13ec77aa0cf9ccec32725949011b69d2?s=96&d=mm&r=g\",\"caption\":\"Hajnalka K\u00e1di\"}}]}<\/script>\n<!-- \/ Yoast SEO Premium plugin. -->","yoast_head_json":{"title":"SalzburgerLand.com","description":"A helyi term\u00e9kek \u00e9s a r\u00e9gi\u00f3 hagyom\u00e1nyos \u00e9telei mellett a k\u00fcl\u00f6nleges t\u00e1lal\u00e1si m\u00f3dok is meghat\u00e1rozz\u00e1k a Salzburgi Lungau kulin\u00e1ris \u00e9lvezet\u00e9t.","robots":{"index":"index","follow":"follow","max-snippet":"max-snippet:-1","max-image-preview":"max-image-preview:large","max-video-preview":"max-video-preview:-1"},"canonical":"https:\/\/www.salzburgerland.com\/hu\/salzburgi-lungau-kulinaris-elvezetek\/","og_locale":"hu_HU","og_type":"article","og_title":"Kulin\u00e1ris \u00e9lvezetek a Salzburgi Lungau r\u00e9gi\u00f3j\u00e1ban","og_description":"Lungaui \u201eRahmkoch\u201d \u2013 az Alpok \u00e9des cs\u00e1b\u00edt\u00e1sa A lungaui \u201eRahmkoch\u201d, amelyet szeretettel \u201ealpesi marcip\u00e1nnak\u201d is neveznek, Salzburgi Lungau egyik leg\u00e9desebb","og_url":"https:\/\/www.salzburgerland.com\/hu\/salzburgi-lungau-kulinaris-elvezetek\/","og_site_name":"SalzburgerLand.com","article_publisher":"https:\/\/www.facebook.com\/visitsalzburgerland\/","article_published_time":"2021-09-21T14:29:36+00:00","article_modified_time":"2026-04-03T11:04:49+00:00","og_image":[{"width":1200,"height":675,"url":"https:\/\/www.salzburgerland.com\/hu\/wp-content\/uploads\/2021\/09\/kulinarik-salzburger-lungau-1200x675.jpg","type":"image\/jpeg"}],"author":"Hajnalka K\u00e1di","twitter_card":"summary_large_image","twitter_creator":"@salzburgerland","twitter_site":"@salzburgerland","twitter_misc":{"Szerz\u0151:":"Hajnalka K\u00e1di","Becs\u00fclt olvas\u00e1si id\u0151":"4 perc"},"schema":{"@context":"https:\/\/schema.org","@graph":[{"@type":"Article","@id":"https:\/\/www.salzburgerland.com\/hu\/salzburgi-lungau-kulinaris-elvezetek\/#article","isPartOf":{"@id":"https:\/\/www.salzburgerland.com\/hu\/salzburgi-lungau-kulinaris-elvezetek\/"},"author":{"name":"Hajnalka K\u00e1di","@id":"https:\/\/www.salzburgerland.com\/hu\/#\/schema\/person\/e4905df070d9b3c52e1e4c730b26aa5a"},"headline":"Kulin\u00e1ris \u00e9lvezetek a Salzburgi Lungau r\u00e9gi\u00f3j\u00e1ban","datePublished":"2021-09-21T14:29:36+00:00","dateModified":"2026-04-03T11:04:49+00:00","mainEntityOfPage":{"@id":"https:\/\/www.salzburgerland.com\/hu\/salzburgi-lungau-kulinaris-elvezetek\/"},"wordCount":483,"image":{"@id":"https:\/\/www.salzburgerland.com\/hu\/salzburgi-lungau-kulinaris-elvezetek\/#primaryimage"},"thumbnailUrl":"https:\/\/www.salzburgerland.com\/hu\/wp-content\/uploads\/2021\/09\/kulinarik-salzburger-lungau.jpg","keywords":["gasztron\u00f3mia","kulin\u00e1ris","Salzburgi Lungau"],"articleSection":["Uncategorized"],"inLanguage":"hu"},{"@type":"WebPage","@id":"https:\/\/www.salzburgerland.com\/hu\/salzburgi-lungau-kulinaris-elvezetek\/","url":"https:\/\/www.salzburgerland.com\/hu\/salzburgi-lungau-kulinaris-elvezetek\/","name":"SalzburgerLand.com","isPartOf":{"@id":"https:\/\/www.salzburgerland.com\/hu\/#website"},"primaryImageOfPage":{"@id":"https:\/\/www.salzburgerland.com\/hu\/salzburgi-lungau-kulinaris-elvezetek\/#primaryimage"},"image":{"@id":"https:\/\/www.salzburgerland.com\/hu\/salzburgi-lungau-kulinaris-elvezetek\/#primaryimage"},"thumbnailUrl":"https:\/\/www.salzburgerland.com\/hu\/wp-content\/uploads\/2021\/09\/kulinarik-salzburger-lungau.jpg","datePublished":"2021-09-21T14:29:36+00:00","dateModified":"2026-04-03T11:04:49+00:00","author":{"@id":"https:\/\/www.salzburgerland.com\/hu\/#\/schema\/person\/e4905df070d9b3c52e1e4c730b26aa5a"},"description":"A helyi term\u00e9kek \u00e9s a r\u00e9gi\u00f3 hagyom\u00e1nyos \u00e9telei mellett a k\u00fcl\u00f6nleges t\u00e1lal\u00e1si m\u00f3dok is meghat\u00e1rozz\u00e1k a Salzburgi Lungau kulin\u00e1ris \u00e9lvezet\u00e9t.","breadcrumb":{"@id":"https:\/\/www.salzburgerland.com\/hu\/salzburgi-lungau-kulinaris-elvezetek\/#breadcrumb"},"inLanguage":"hu","potentialAction":[{"@type":"ReadAction","target":["https:\/\/www.salzburgerland.com\/hu\/salzburgi-lungau-kulinaris-elvezetek\/"]}]},{"@type":"ImageObject","inLanguage":"hu","@id":"https:\/\/www.salzburgerland.com\/hu\/salzburgi-lungau-kulinaris-elvezetek\/#primaryimage","url":"https:\/\/www.salzburgerland.com\/hu\/wp-content\/uploads\/2021\/09\/kulinarik-salzburger-lungau.jpg","contentUrl":"https:\/\/www.salzburgerland.com\/hu\/wp-content\/uploads\/2021\/09\/kulinarik-salzburger-lungau.jpg","width":2560,"height":1707,"caption":"Kulina\u0301ris e\u0301lme\u0301nyek\u00a9Salzburger Lungau.jpg"},{"@type":"BreadcrumbList","@id":"https:\/\/www.salzburgerland.com\/hu\/salzburgi-lungau-kulinaris-elvezetek\/#breadcrumb","itemListElement":[{"@type":"ListItem","position":1,"name":"Salzburgi Lungau - T\u00c9L","item":"https:\/\/www.salzburgerland.com\/hu\/salzburgi-lungau-tel\/"},{"@type":"ListItem","position":2,"name":"Kulin\u00e1ris \u00e9lvezetek a Salzburgi Lungau r\u00e9gi\u00f3j\u00e1ban"}]},{"@type":"WebSite","@id":"https:\/\/www.salzburgerland.com\/hu\/#website","url":"https:\/\/www.salzburgerland.com\/hu\/","name":"SalzburgerLand.com","description":"\u00dcd\u00fcl\u00e9s Ausztri\u00e1ban, Salzburg tartom\u00e1nyban","potentialAction":[{"@type":"SearchAction","target":{"@type":"EntryPoint","urlTemplate":"https:\/\/www.salzburgerland.com\/hu\/?s={search_term_string}"},"query-input":{"@type":"PropertyValueSpecification","valueRequired":true,"valueName":"search_term_string"}}],"inLanguage":"hu"},{"@type":"Person","@id":"https:\/\/www.salzburgerland.com\/hu\/#\/schema\/person\/e4905df070d9b3c52e1e4c730b26aa5a","name":"Hajnalka K\u00e1di","image":{"@type":"ImageObject","inLanguage":"hu","@id":"https:\/\/secure.gravatar.com\/avatar\/e8c1eecf3b2c49d295cebc6aba0de06d13ec77aa0cf9ccec32725949011b69d2?s=96&d=mm&r=g","url":"https:\/\/secure.gravatar.com\/avatar\/e8c1eecf3b2c49d295cebc6aba0de06d13ec77aa0cf9ccec32725949011b69d2?s=96&d=mm&r=g","contentUrl":"https:\/\/secure.gravatar.com\/avatar\/e8c1eecf3b2c49d295cebc6aba0de06d13ec77aa0cf9ccec32725949011b69d2?s=96&d=mm&r=g","caption":"Hajnalka K\u00e1di"}}]}},"_wl_alt_label":[],"wl:entity_url":"http:\/\/open.salzburgerland.com\/hu\/post\/salzburgi_lungau","_links":{"self":[{"href":"https:\/\/www.salzburgerland.com\/hu\/wp-json\/wp\/v2\/posts\/13810","targetHints":{"allow":["GET"]}}],"collection":[{"href":"https:\/\/www.salzburgerland.com\/hu\/wp-json\/wp\/v2\/posts"}],"about":[{"href":"https:\/\/www.salzburgerland.com\/hu\/wp-json\/wp\/v2\/types\/post"}],"author":[{"embeddable":true,"href":"https:\/\/www.salzburgerland.com\/hu\/wp-json\/wp\/v2\/users\/21"}],"replies":[{"embeddable":true,"href":"https:\/\/www.salzburgerland.com\/hu\/wp-json\/wp\/v2\/comments?post=13810"}],"version-history":[{"count":9,"href":"https:\/\/www.salzburgerland.com\/hu\/wp-json\/wp\/v2\/posts\/13810\/revisions"}],"predecessor-version":[{"id":22957,"href":"https:\/\/www.salzburgerland.com\/hu\/wp-json\/wp\/v2\/posts\/13810\/revisions\/22957"}],"wp:featuredmedia":[{"embeddable":true,"href":"https:\/\/www.salzburgerland.com\/hu\/wp-json\/wp\/v2\/media\/24038"}],"wp:attachment":[{"href":"https:\/\/www.salzburgerland.com\/hu\/wp-json\/wp\/v2\/media?parent=13810"}],"wp:term":[{"taxonomy":"category","embeddable":true,"href":"https:\/\/www.salzburgerland.com\/hu\/wp-json\/wp\/v2\/categories?post=13810"},{"taxonomy":"post_tag","embeddable":true,"href":"https:\/\/www.salzburgerland.com\/hu\/wp-json\/wp\/v2\/tags?post=13810"},{"taxonomy":"wl_entity_type","embeddable":true,"href":"https:\/\/www.salzburgerland.com\/hu\/wp-json\/wp\/v2\/wl_entity_type?post=13810"}],"curies":[{"name":"wp","href":"https:\/\/api.w.org\/{rel}","templated":true}]}}