{"id":13717,"date":"2021-09-17T12:12:25","date_gmt":"2021-09-17T10:12:25","guid":{"rendered":"https:\/\/www.salzburgerland.com\/hu\/?p=13717"},"modified":"2024-10-11T23:40:53","modified_gmt":"2024-10-11T21:40:53","slug":"salzburgi-lungau-adventi-varazs-es-nepszokasok","status":"publish","type":"post","link":"https:\/\/www.salzburgerland.com\/hu\/salzburgi-lungau-adventi-varazs-es-nepszokasok\/","title":{"rendered":"Adventi var\u00e1zs \u00e9s n\u00e9pszok\u00e1sok a Salzburgi Lungau r\u00e9gi\u00f3j\u00e1ban"},"content":{"rendered":"<h4>Adventi v\u00e1s\u00e1rok<\/h4>\n<p>A Salzburgi Lungau r\u00e9gi\u00f3j\u00e1ban minden hegyi faluban rendeznek <strong><a href=\"https:\/\/www.lungau.at\/en\/2\/experience\/winter\/advent-magic\/\" target=\"_blank\" rel=\"noopener\">advent idej\u00e9n<\/a> v\u00e1s\u00e1rokat<\/strong>, tele illatos lucfeny\u0151b\u0151l k\u00e9sz\u00fclt standokkal. Ilyenkor mindenfel\u00e9 a kellemes feny\u0151, gyanta, fah\u00e9j, szegf\u0171szeg, m\u00e9zeskal\u00e1cs, van\u00edli\u00e1s croissant, s\u00fclt gesztenye, s\u00fclt kolb\u00e1sz, friss keny\u00e9r \u00e9s forralt bor <strong>illata<\/strong> \u00e1rad. A <strong>k\u00e9zm\u0171ves term\u00e9kek<\/strong> k\u00f6z\u00f6tt megtal\u00e1lhat\u00f3k a k\u00fcl\u00f6nf\u00e9le <strong>kar\u00e1csonyi d\u00edszek<\/strong>, a f\u00e1b\u00f3l, ker\u00e1mi\u00e1b\u00f3l, gyapj\u00fab\u00f3l vagy filcb\u0151l k\u00e9sz\u00fclt <strong>kar\u00e1csonyi aj\u00e1nd\u00e9knak val\u00f3k<\/strong>, betlehemes figur\u00e1k \u00e9s m\u00e9g sok m\u00e1s csoda.<\/p>\n<h4>A csendes \u00e9j b\u00f6lcs\u0151je<\/h4>\n<p><span color=\"#000000\">A salzburgi advent k\u00fcl\u00f6nlegess\u00e9ge, hogy a vil\u00e1g legh\u00edresebb kar\u00e1csonyi \u00e9neke, a <\/span><strong><span color=\"#000000\"><a href=\"https:\/\/www.salzburgerland.com\/hu\/innen-ered-a-csendes-ej\/\" target=\"_blank\" rel=\"noopener noreferrer\">Csendes \u00e9j<\/a><\/span> <\/strong><span color=\"#000000\">innen indult el vil\u00e1gh\u00f3d\u00edt\u00f3 \u00fatj\u00e1ra. \u00c9rdekes, romantikus t\u00f6rt\u00e9net\u00e9nek, szerz\u0151inek <strong>nyomait h\u00e9t telep\u00fcl\u00e9s \u0151rzi<\/strong> Salzburg tartom\u00e1nyban.\u00a0<\/span><span>A dal sz\u00f6veg\u00e9t Joseph Mohr \u00edrta, aki a mariapfarr-i pl\u00e9b\u00e1niatemplomban tev\u00e9kenykedett 1815 \u00e9s 1817 k\u00f6z\u00f6tt. <\/span><span color=\"#000000\">A mariapfarr-i\u00a0<strong>Csendes \u00e9j m\u00fazeumban \u00e9s zar\u00e1ndokhelyen<\/strong> j\u00e1rva fogalmat alkothatunk arr\u00f3l is, hogyan \u00e9ltek errefel\u00e9 az emberek 1818-ban, a majd k\u00e9tsz\u00e1z \u00e9ves \u00e9nek sz\u00fclet\u00e9sekor, \u00e9s sokmindent megtudhatunk Joseph Mohrr\u00f3l \u00e9s a h\u00edres kar\u00e1csonyi \u00e9nekr\u0151l. <\/span>A r\u00e9gi pl\u00e9b\u00e1nia t\u00f6rt\u00e9nelmi helyis\u00e9geiben \u00e9rt\u00e9kes ki\u00e1ll\u00edt\u00e1si t\u00e1rgyakkal, egy Joseph Mohrr\u00f3l sz\u00f3l\u00f3 dokumentumfilmmel, kar\u00e1csonyi b\u00f6lcs\u0151vel, \u00e9s 18. sz\u00e1zadi figur\u00e1kkal v\u00e1rj\u00e1k az \u00e9rdekl\u0151d\u0151ket.<\/p>\n<p>\u00a0<\/p>\n\n\t\t\t<div id=\"13717-1\" class=\"gallery gallery-13717 gallery-columns-3 gallery-size-1170_658\" itemscope itemtype=\"http:\/\/schema.org\/ImageGallery\">\n\t\t\t\t<ul class=\"gallery-row gallery-col-3 gallery-clear\">\n\t\t\t\t\t<li class=\"gallery-item col-3\" itemprop=\"associatedMedia\" itemscope itemtype=\"http:\/\/schema.org\/ImageObject\">\n\t\t\t\t\t\t<div class=\"gallery-icon landscape\"><a href=\"https:\/\/www.salzburgerland.com\/hu\/wp-content\/uploads\/2019\/09\/adventmarkt_tvb-st-michael_32963229711_o.jpg\" title=\"adventmarkt_tvb-st-michael_32963229711_o\"><img decoding=\"async\" data-title=\"Adventi hangulat a lungaui St. Michael-ben \u00a9 TVB St. Michael\n\" title=\"Adventi hangulat a lungaui St. Michael-ben \u00a9 TVB St. Michael\n\" data-caption=\"Adventi hangulat a lungaui St. Michael-ben \u00a9 TVB St. Michael\n\" width=\"1170\" height=\"658\" src=\"https:\/\/www.salzburgerland.com\/hu\/wp-content\/uploads\/2019\/09\/adventmarkt_tvb-st-michael_32963229711_o-1170x658.jpg\" class=\"attachment-1170_658 size-1170_658\" alt=\"Az emberek n\u00e9zik az alfaharson\u00e1n j\u00e1tsz\u00f3 zen\u00e9szeket az \u00fcnnepi, havas, \u00e9jszakai kivil\u00e1g\u00edt\u00e1s\u00fa Salzburgi Lungau t\u00e9l piac\u00e1n. (Nagy\u00edtott n\u00e9zet)\" srcset=\"https:\/\/www.salzburgerland.com\/hu\/wp-content\/uploads\/2019\/09\/adventmarkt_tvb-st-michael_32963229711_o-1170x658.jpg 1170w, https:\/\/www.salzburgerland.com\/hu\/wp-content\/uploads\/2019\/09\/adventmarkt_tvb-st-michael_32963229711_o-1200x675.jpg 1200w\" sizes=\"(max-width: 1170px) 100vw, 1170px\" aria-describedby=\"figcaption-13717-6747\" itemprop=\"thumbnail\"><\/a><\/div>\n\t\t\t\t\t\t<span id=\"figcaption-13717-6747\" class=\"gallery-caption\" itemprop=\"caption\"><span aria-hidden=\"true\">Adventi hangulat a lungaui St. Michael-ben \u00a9 TVB St. Michael\n<\/span><\/span>\n\t\t\t\t\t<\/li>\n\t\t\t\t\t<li class=\"gallery-item col-3\" itemprop=\"associatedMedia\" itemscope itemtype=\"http:\/\/schema.org\/ImageObject\">\n\t\t\t\t\t\t<div class=\"gallery-icon landscape\"><a href=\"https:\/\/www.salzburgerland.com\/hu\/wp-content\/uploads\/2019\/08\/rs1264_ic1a1643-1920x1067.jpg\" title=\"Winterlandschaft bei Nacht\"><img decoding=\"async\" data-title=\"Csillagos t\u00e9li \u00e9gbolt a Salzburgi Lungau-ban \u00a9 SalzburgerLand Tourismus, Daniel Breuer\" title=\"Csillagos t\u00e9li \u00e9gbolt a Salzburgi Lungau-ban \u00a9 SalzburgerLand Tourismus, Daniel Breuer\" data-caption=\"Csillagos t\u00e9li \u00e9gbolt a Salzburgi Lungau-ban \u00a9 SalzburgerLand Tourismus, Daniel Breuer\" width=\"1170\" height=\"658\" src=\"https:\/\/www.salzburgerland.com\/hu\/wp-content\/uploads\/2019\/08\/rs1264_ic1a1643-1170x658.jpg\" class=\"attachment-1170_658 size-1170_658\" alt=\"H\u00f3f\u00f6dte Salzburgi Lungau hegyek a csillagos \u00e9jszakai \u00e9gbolton, a cs\u00facsok f\u00f6l\u00f6tt f\u00e9nyes bolyg\u00f3val. (Nagy\u00edtott n\u00e9zet)\" srcset=\"https:\/\/www.salzburgerland.com\/hu\/wp-content\/uploads\/2019\/08\/rs1264_ic1a1643-1170x658.jpg 1170w, https:\/\/www.salzburgerland.com\/hu\/wp-content\/uploads\/2019\/08\/rs1264_ic1a1643-1200x675.jpg 1200w\" sizes=\"(max-width: 1170px) 100vw, 1170px\" aria-describedby=\"figcaption-13717-9154\" itemprop=\"thumbnail\"><\/a><\/div>\n\t\t\t\t\t\t<span id=\"figcaption-13717-9154\" class=\"gallery-caption\" itemprop=\"caption\"><span aria-hidden=\"true\">Csillagos t\u00e9li \u00e9gbolt a Salzburgi Lungau-ban \u00a9 SalzburgerLand Tourismus, Daniel Breuer<\/span><\/span>\n\t\t\t\t\t<\/li>\n\t\t\t\t\t<li class=\"gallery-item col-3\" itemprop=\"associatedMedia\" itemscope itemtype=\"http:\/\/schema.org\/ImageObject\">\n\t\t\t\t\t\t<div class=\"gallery-icon landscape\"><a href=\"https:\/\/www.salzburgerland.com\/hu\/wp-content\/uploads\/2019\/08\/49577878838_36449ffb10_k-1920x1067.jpg\" title=\"49577878838_36449ffb10_k\"><img decoding=\"async\" data-title=\"Advent a Salzburgi Lungau-ban \u00a9 Ferienregion Salzburger Lungau\" title=\"Advent a Salzburgi Lungau-ban \u00a9 Ferienregion Salzburger Lungau\" data-caption=\"Advent a Salzburgi Lungau-ban \u00a9 Ferienregion Salzburger Lungau\" width=\"1170\" height=\"658\" src=\"https:\/\/www.salzburgerland.com\/hu\/wp-content\/uploads\/2019\/08\/49577878838_36449ffb10_k-1170x658.jpg\" class=\"attachment-1170_658 size-1170_658\" alt=\"Salzburger Lungau Advent (Nagy\u00edtott n\u00e9zet)\" srcset=\"https:\/\/www.salzburgerland.com\/hu\/wp-content\/uploads\/2019\/08\/49577878838_36449ffb10_k-1170x658.jpg 1170w, https:\/\/www.salzburgerland.com\/hu\/wp-content\/uploads\/2019\/08\/49577878838_36449ffb10_k-1200x675.jpg 1200w\" sizes=\"(max-width: 1170px) 100vw, 1170px\" aria-describedby=\"figcaption-13717-10833\" itemprop=\"thumbnail\"><\/a><\/div>\n\t\t\t\t\t\t<span id=\"figcaption-13717-10833\" class=\"gallery-caption\" itemprop=\"caption\"><span aria-hidden=\"true\">Advent a Salzburgi Lungau-ban \u00a9 Ferienregion Salzburger Lungau<\/span><\/span>\n\t\t\t\t\t<\/li>\n\t\t\t\t<\/ul>\n\t\t\t<\/div><!-- .gallery -->\n\n<h4>Adventi t\u00fara a Katschberg-en<\/h4>\n<p>Magasan a hegyekben, az <strong>\u00e9rintetlen term\u00e9szetben<\/strong> egy <strong>var\u00e1zslatos adventi t\u00fara<\/strong> v\u00e1r r\u00e1d. A Katschberg \u00fcd\u00fcl\u0151r\u00e9gi\u00f3ban, <strong>1750 m\u00e9teres<\/strong> magass\u00e1gban egy <a href=\"https:\/\/www.katschberg.at\/en\/advent-trail.html\" target=\"_blank\" rel=\"noopener\"><strong>h\u00e9t kilom\u00e9teres k\u00f6rt\u00far\u00e1t<\/strong><\/a> teljes\u00edthetnek a t\u00e9li szerelmesei. Az adventi t\u00far\u00e1t <strong>2024. november 2<span style=\"color: #4c4c4c;\"><span style=\"background-color: rgba(164, 163, 163, 0.298);\">9<\/span><\/span>-t\u0151l 2024. december 25-ig<\/strong> lehet megtenni, minden szerd\u00e1n, p\u00e9nteken, szombaton \u00e9s vas\u00e1rnap d\u00e9lut\u00e1n <strong>kett\u0151 \u00f3ra \u00e9s este f\u00e9l kilenc<\/strong> k\u00f6z\u00f6tt.<\/p>\n<h4>Biztons\u00e1gi int\u00e9zked\u00e9sek<\/h4>\n<p>Az <strong>adventi t\u00far\u00e1k<\/strong> akkor a leghangulatosabbak, ha este, a csillagos \u00e9g alatt vagy f\u00e1klya f\u00e9ny\u00e9n\u00e9l zajlanak. Ne feledje azonban, hogy t\u00e9len <strong>gyorsabban s\u00f6t\u00e9tedik<\/strong>, \u00e9s az esti <strong>h\u0151m\u00e9rs\u00e9klet fagypont al\u00e1<\/strong> s\u00fcllyed. A felesleges kock\u00e1zatok elker\u00fcl\u00e9se \u00e9rdek\u00e9ben, k\u00e9rj\u00fck olvassa \u00e1t az alapvet\u0151 <a href=\"https:\/\/www.salzburgerland.com\/hu\/biztonsagi-eloirasok-az-alpokban-tel\/\" target=\"_blank\" rel=\"noopener\"><strong>biztons\u00e1gi szab\u00e1lyokat<\/strong><\/a>!<\/p>\n","protected":false},"excerpt":{"rendered":"<p>Adventi v\u00e1s\u00e1rok A Salzburgi Lungau r\u00e9gi\u00f3j\u00e1ban minden hegyi faluban rendeznek advent idej\u00e9n v\u00e1s\u00e1rokat, tele illatos lucfeny\u0151b\u0151l k\u00e9sz\u00fclt standokkal. Ilyenkor mindenfel\u00e9 a kellemes feny\u0151, gyanta, fah\u00e9j, szegf\u0171szeg, m\u00e9zeskal\u00e1cs, van\u00edli\u00e1s croissant, s\u00fclt gesztenye, s\u00fclt kolb\u00e1sz, friss keny\u00e9r \u00e9s forralt bor illata \u00e1rad. A k\u00e9zm\u0171ves term\u00e9kek k\u00f6z\u00f6tt megtal\u00e1lhat\u00f3k a k\u00fcl\u00f6nf\u00e9le kar\u00e1csonyi d\u00edszek, a f\u00e1b\u00f3l, ker\u00e1mi\u00e1b\u00f3l, gyapj\u00fab\u00f3l vagy filcb\u0151l [&hellip;]<\/p>\n","protected":false},"author":21,"featured_media":13755,"comment_status":"closed","ping_status":"closed","sticky":false,"template":"","format":"standard","meta":{"_acf_changed":false,"wl_entities_gutenberg":"","_relevanssi_hide_post":"","_relevanssi_hide_content":"","_relevanssi_pin_for_all":"","_relevanssi_pin_keywords":"","_relevanssi_unpin_keywords":"","_relevanssi_related_keywords":"","_relevanssi_related_include_ids":"","_relevanssi_related_exclude_ids":"","_relevanssi_related_no_append":"","_relevanssi_related_not_related":"","_relevanssi_related_posts":"","_relevanssi_noindex_reason":"","footnotes":""},"categories":[1],"tags":[307,308,81],"wl_entity_type":[27],"class_list":["post-13717","post","type-post","status-publish","format-standard","has-post-thumbnail","hentry","category-uncategorized","tag-advent","tag-karacsonyi-vasarok","tag-salzburgi-lungau","wl_entity_type-article"],"acf":[],"yoast_head":"<!-- This site is optimized with the Yoast SEO Premium plugin v27.4 (Yoast SEO v27.4) - https:\/\/yoast.com\/product\/yoast-seo-premium-wordpress\/ -->\n<title>SalzburgerLand.com<\/title>\n<meta name=\"description\" content=\"Az advent id\u0151szaka a Salzburgi Lungau r\u00e9gi\u00f3j\u00e1ban nagyon b\u00e9k\u00e9s \u00e9s meghitt id\u0151szak. A lungaui falvakban romantikus adventi v\u00e1s\u00e1rok v\u00e1rnak.\" \/>\n<meta name=\"robots\" content=\"index, follow, max-snippet:-1, max-image-preview:large, max-video-preview:-1\" \/>\n<link rel=\"canonical\" href=\"https:\/\/www.salzburgerland.com\/hu\/salzburgi-lungau-adventi-varazs-es-nepszokasok\/\" \/>\n<meta property=\"og:locale\" content=\"hu_HU\" \/>\n<meta property=\"og:type\" content=\"article\" \/>\n<meta property=\"og:title\" content=\"Adventi var\u00e1zs \u00e9s n\u00e9pszok\u00e1sok a Salzburgi Lungau r\u00e9gi\u00f3j\u00e1ban\" \/>\n<meta property=\"og:description\" content=\"Adventi v\u00e1s\u00e1rok A Salzburgi Lungau r\u00e9gi\u00f3j\u00e1ban minden hegyi faluban rendeznek advent idej\u00e9n v\u00e1s\u00e1rokat, tele illatos lucfeny\u0151b\u0151l k\u00e9sz\u00fclt standokkal.\" \/>\n<meta property=\"og:url\" content=\"https:\/\/www.salzburgerland.com\/hu\/salzburgi-lungau-adventi-varazs-es-nepszokasok\/\" \/>\n<meta property=\"og:site_name\" content=\"SalzburgerLand.com\" \/>\n<meta property=\"article:publisher\" content=\"https:\/\/www.facebook.com\/visitsalzburgerland\/\" \/>\n<meta property=\"article:published_time\" content=\"2021-09-17T10:12:25+00:00\" \/>\n<meta property=\"article:modified_time\" content=\"2024-10-11T21:40:53+00:00\" \/>\n<meta property=\"og:image\" content=\"https:\/\/www.salzburgerland.com\/hu\/wp-content\/uploads\/2021\/09\/49578400336_e6bbe8ac7b_k-1170x658-1.jpg\" \/>\n\t<meta property=\"og:image:width\" content=\"1170\" \/>\n\t<meta property=\"og:image:height\" content=\"658\" \/>\n\t<meta property=\"og:image:type\" content=\"image\/jpeg\" \/>\n<meta name=\"author\" content=\"Hajnalka K\u00e1di\" \/>\n<meta name=\"twitter:card\" content=\"summary_large_image\" \/>\n<meta name=\"twitter:creator\" content=\"@salzburgerland\" \/>\n<meta name=\"twitter:site\" content=\"@salzburgerland\" \/>\n<meta name=\"twitter:label1\" content=\"Szerz\u0151:\" \/>\n\t<meta name=\"twitter:data1\" content=\"Hajnalka K\u00e1di\" \/>\n\t<meta name=\"twitter:label2\" content=\"Becs\u00fclt olvas\u00e1si id\u0151\" \/>\n\t<meta name=\"twitter:data2\" content=\"3 perc\" \/>\n<script type=\"application\/ld+json\" class=\"yoast-schema-graph\">{\"@context\":\"https:\\\/\\\/schema.org\",\"@graph\":[{\"@type\":\"Article\",\"@id\":\"https:\\\/\\\/www.salzburgerland.com\\\/hu\\\/salzburgi-lungau-adventi-varazs-es-nepszokasok\\\/#article\",\"isPartOf\":{\"@id\":\"https:\\\/\\\/www.salzburgerland.com\\\/hu\\\/salzburgi-lungau-adventi-varazs-es-nepszokasok\\\/\"},\"author\":{\"name\":\"Hajnalka K\u00e1di\",\"@id\":\"https:\\\/\\\/www.salzburgerland.com\\\/hu\\\/#\\\/schema\\\/person\\\/e4905df070d9b3c52e1e4c730b26aa5a\"},\"headline\":\"Adventi var\u00e1zs \u00e9s n\u00e9pszok\u00e1sok a Salzburgi Lungau r\u00e9gi\u00f3j\u00e1ban\",\"datePublished\":\"2021-09-17T10:12:25+00:00\",\"dateModified\":\"2024-10-11T21:40:53+00:00\",\"mainEntityOfPage\":{\"@id\":\"https:\\\/\\\/www.salzburgerland.com\\\/hu\\\/salzburgi-lungau-adventi-varazs-es-nepszokasok\\\/\"},\"wordCount\":447,\"image\":{\"@id\":\"https:\\\/\\\/www.salzburgerland.com\\\/hu\\\/salzburgi-lungau-adventi-varazs-es-nepszokasok\\\/#primaryimage\"},\"thumbnailUrl\":\"https:\\\/\\\/www.salzburgerland.com\\\/hu\\\/wp-content\\\/uploads\\\/2021\\\/09\\\/49578400336_e6bbe8ac7b_k-1170x658-1.jpg\",\"keywords\":[\"advent\",\"kar\u00e1csonyi v\u00e1s\u00e1rok\",\"Salzburgi Lungau\"],\"articleSection\":[\"Uncategorized\"],\"inLanguage\":\"hu\"},{\"@type\":\"WebPage\",\"@id\":\"https:\\\/\\\/www.salzburgerland.com\\\/hu\\\/salzburgi-lungau-adventi-varazs-es-nepszokasok\\\/\",\"url\":\"https:\\\/\\\/www.salzburgerland.com\\\/hu\\\/salzburgi-lungau-adventi-varazs-es-nepszokasok\\\/\",\"name\":\"SalzburgerLand.com\",\"isPartOf\":{\"@id\":\"https:\\\/\\\/www.salzburgerland.com\\\/hu\\\/#website\"},\"primaryImageOfPage\":{\"@id\":\"https:\\\/\\\/www.salzburgerland.com\\\/hu\\\/salzburgi-lungau-adventi-varazs-es-nepszokasok\\\/#primaryimage\"},\"image\":{\"@id\":\"https:\\\/\\\/www.salzburgerland.com\\\/hu\\\/salzburgi-lungau-adventi-varazs-es-nepszokasok\\\/#primaryimage\"},\"thumbnailUrl\":\"https:\\\/\\\/www.salzburgerland.com\\\/hu\\\/wp-content\\\/uploads\\\/2021\\\/09\\\/49578400336_e6bbe8ac7b_k-1170x658-1.jpg\",\"datePublished\":\"2021-09-17T10:12:25+00:00\",\"dateModified\":\"2024-10-11T21:40:53+00:00\",\"author\":{\"@id\":\"https:\\\/\\\/www.salzburgerland.com\\\/hu\\\/#\\\/schema\\\/person\\\/e4905df070d9b3c52e1e4c730b26aa5a\"},\"description\":\"Az advent id\u0151szaka a Salzburgi Lungau r\u00e9gi\u00f3j\u00e1ban nagyon b\u00e9k\u00e9s \u00e9s meghitt id\u0151szak. A lungaui falvakban romantikus adventi v\u00e1s\u00e1rok v\u00e1rnak.\",\"breadcrumb\":{\"@id\":\"https:\\\/\\\/www.salzburgerland.com\\\/hu\\\/salzburgi-lungau-adventi-varazs-es-nepszokasok\\\/#breadcrumb\"},\"inLanguage\":\"hu\",\"potentialAction\":[{\"@type\":\"ReadAction\",\"target\":[\"https:\\\/\\\/www.salzburgerland.com\\\/hu\\\/salzburgi-lungau-adventi-varazs-es-nepszokasok\\\/\"]}]},{\"@type\":\"ImageObject\",\"inLanguage\":\"hu\",\"@id\":\"https:\\\/\\\/www.salzburgerland.com\\\/hu\\\/salzburgi-lungau-adventi-varazs-es-nepszokasok\\\/#primaryimage\",\"url\":\"https:\\\/\\\/www.salzburgerland.com\\\/hu\\\/wp-content\\\/uploads\\\/2021\\\/09\\\/49578400336_e6bbe8ac7b_k-1170x658-1.jpg\",\"contentUrl\":\"https:\\\/\\\/www.salzburgerland.com\\\/hu\\\/wp-content\\\/uploads\\\/2021\\\/09\\\/49578400336_e6bbe8ac7b_k-1170x658-1.jpg\",\"width\":1170,\"height\":658,\"caption\":\"Advent a Salzburgi Lungauban \u00a9 Ferienregion Salzburger Lungau\"},{\"@type\":\"BreadcrumbList\",\"@id\":\"https:\\\/\\\/www.salzburgerland.com\\\/hu\\\/salzburgi-lungau-adventi-varazs-es-nepszokasok\\\/#breadcrumb\",\"itemListElement\":[{\"@type\":\"ListItem\",\"position\":1,\"name\":\"Salzburgi Lungau - T\u00c9L\",\"item\":\"https:\\\/\\\/www.salzburgerland.com\\\/hu\\\/salzburgi-lungau-tel\\\/\"},{\"@type\":\"ListItem\",\"position\":2,\"name\":\"Adventi var\u00e1zs \u00e9s n\u00e9pszok\u00e1sok a Salzburgi Lungau r\u00e9gi\u00f3j\u00e1ban\"}]},{\"@type\":\"WebSite\",\"@id\":\"https:\\\/\\\/www.salzburgerland.com\\\/hu\\\/#website\",\"url\":\"https:\\\/\\\/www.salzburgerland.com\\\/hu\\\/\",\"name\":\"SalzburgerLand.com\",\"description\":\"\u00dcd\u00fcl\u00e9s Ausztri\u00e1ban, Salzburg tartom\u00e1nyban\",\"potentialAction\":[{\"@type\":\"SearchAction\",\"target\":{\"@type\":\"EntryPoint\",\"urlTemplate\":\"https:\\\/\\\/www.salzburgerland.com\\\/hu\\\/?s={search_term_string}\"},\"query-input\":{\"@type\":\"PropertyValueSpecification\",\"valueRequired\":true,\"valueName\":\"search_term_string\"}}],\"inLanguage\":\"hu\"},{\"@type\":\"Person\",\"@id\":\"https:\\\/\\\/www.salzburgerland.com\\\/hu\\\/#\\\/schema\\\/person\\\/e4905df070d9b3c52e1e4c730b26aa5a\",\"name\":\"Hajnalka K\u00e1di\",\"image\":{\"@type\":\"ImageObject\",\"inLanguage\":\"hu\",\"@id\":\"https:\\\/\\\/secure.gravatar.com\\\/avatar\\\/e8c1eecf3b2c49d295cebc6aba0de06d13ec77aa0cf9ccec32725949011b69d2?s=96&d=mm&r=g\",\"url\":\"https:\\\/\\\/secure.gravatar.com\\\/avatar\\\/e8c1eecf3b2c49d295cebc6aba0de06d13ec77aa0cf9ccec32725949011b69d2?s=96&d=mm&r=g\",\"contentUrl\":\"https:\\\/\\\/secure.gravatar.com\\\/avatar\\\/e8c1eecf3b2c49d295cebc6aba0de06d13ec77aa0cf9ccec32725949011b69d2?s=96&d=mm&r=g\",\"caption\":\"Hajnalka K\u00e1di\"}}]}<\/script>\n<!-- \/ Yoast SEO Premium plugin. -->","yoast_head_json":{"title":"SalzburgerLand.com","description":"Az advent id\u0151szaka a Salzburgi Lungau r\u00e9gi\u00f3j\u00e1ban nagyon b\u00e9k\u00e9s \u00e9s meghitt id\u0151szak. A lungaui falvakban romantikus adventi v\u00e1s\u00e1rok v\u00e1rnak.","robots":{"index":"index","follow":"follow","max-snippet":"max-snippet:-1","max-image-preview":"max-image-preview:large","max-video-preview":"max-video-preview:-1"},"canonical":"https:\/\/www.salzburgerland.com\/hu\/salzburgi-lungau-adventi-varazs-es-nepszokasok\/","og_locale":"hu_HU","og_type":"article","og_title":"Adventi var\u00e1zs \u00e9s n\u00e9pszok\u00e1sok a Salzburgi Lungau r\u00e9gi\u00f3j\u00e1ban","og_description":"Adventi v\u00e1s\u00e1rok A Salzburgi Lungau r\u00e9gi\u00f3j\u00e1ban minden hegyi faluban rendeznek advent idej\u00e9n v\u00e1s\u00e1rokat, tele illatos lucfeny\u0151b\u0151l k\u00e9sz\u00fclt standokkal.","og_url":"https:\/\/www.salzburgerland.com\/hu\/salzburgi-lungau-adventi-varazs-es-nepszokasok\/","og_site_name":"SalzburgerLand.com","article_publisher":"https:\/\/www.facebook.com\/visitsalzburgerland\/","article_published_time":"2021-09-17T10:12:25+00:00","article_modified_time":"2024-10-11T21:40:53+00:00","og_image":[{"url":"https:\/\/www.salzburgerland.com\/hu\/wp-content\/uploads\/2021\/09\/49578400336_e6bbe8ac7b_k-1170x658-1.jpg","width":1170,"height":658,"type":"image\/jpeg"}],"author":"Hajnalka K\u00e1di","twitter_card":"summary_large_image","twitter_creator":"@salzburgerland","twitter_site":"@salzburgerland","twitter_misc":{"Szerz\u0151:":"Hajnalka K\u00e1di","Becs\u00fclt olvas\u00e1si id\u0151":"3 perc"},"schema":{"@context":"https:\/\/schema.org","@graph":[{"@type":"Article","@id":"https:\/\/www.salzburgerland.com\/hu\/salzburgi-lungau-adventi-varazs-es-nepszokasok\/#article","isPartOf":{"@id":"https:\/\/www.salzburgerland.com\/hu\/salzburgi-lungau-adventi-varazs-es-nepszokasok\/"},"author":{"name":"Hajnalka K\u00e1di","@id":"https:\/\/www.salzburgerland.com\/hu\/#\/schema\/person\/e4905df070d9b3c52e1e4c730b26aa5a"},"headline":"Adventi var\u00e1zs \u00e9s n\u00e9pszok\u00e1sok a Salzburgi Lungau r\u00e9gi\u00f3j\u00e1ban","datePublished":"2021-09-17T10:12:25+00:00","dateModified":"2024-10-11T21:40:53+00:00","mainEntityOfPage":{"@id":"https:\/\/www.salzburgerland.com\/hu\/salzburgi-lungau-adventi-varazs-es-nepszokasok\/"},"wordCount":447,"image":{"@id":"https:\/\/www.salzburgerland.com\/hu\/salzburgi-lungau-adventi-varazs-es-nepszokasok\/#primaryimage"},"thumbnailUrl":"https:\/\/www.salzburgerland.com\/hu\/wp-content\/uploads\/2021\/09\/49578400336_e6bbe8ac7b_k-1170x658-1.jpg","keywords":["advent","kar\u00e1csonyi v\u00e1s\u00e1rok","Salzburgi Lungau"],"articleSection":["Uncategorized"],"inLanguage":"hu"},{"@type":"WebPage","@id":"https:\/\/www.salzburgerland.com\/hu\/salzburgi-lungau-adventi-varazs-es-nepszokasok\/","url":"https:\/\/www.salzburgerland.com\/hu\/salzburgi-lungau-adventi-varazs-es-nepszokasok\/","name":"SalzburgerLand.com","isPartOf":{"@id":"https:\/\/www.salzburgerland.com\/hu\/#website"},"primaryImageOfPage":{"@id":"https:\/\/www.salzburgerland.com\/hu\/salzburgi-lungau-adventi-varazs-es-nepszokasok\/#primaryimage"},"image":{"@id":"https:\/\/www.salzburgerland.com\/hu\/salzburgi-lungau-adventi-varazs-es-nepszokasok\/#primaryimage"},"thumbnailUrl":"https:\/\/www.salzburgerland.com\/hu\/wp-content\/uploads\/2021\/09\/49578400336_e6bbe8ac7b_k-1170x658-1.jpg","datePublished":"2021-09-17T10:12:25+00:00","dateModified":"2024-10-11T21:40:53+00:00","author":{"@id":"https:\/\/www.salzburgerland.com\/hu\/#\/schema\/person\/e4905df070d9b3c52e1e4c730b26aa5a"},"description":"Az advent id\u0151szaka a Salzburgi Lungau r\u00e9gi\u00f3j\u00e1ban nagyon b\u00e9k\u00e9s \u00e9s meghitt id\u0151szak. A lungaui falvakban romantikus adventi v\u00e1s\u00e1rok v\u00e1rnak.","breadcrumb":{"@id":"https:\/\/www.salzburgerland.com\/hu\/salzburgi-lungau-adventi-varazs-es-nepszokasok\/#breadcrumb"},"inLanguage":"hu","potentialAction":[{"@type":"ReadAction","target":["https:\/\/www.salzburgerland.com\/hu\/salzburgi-lungau-adventi-varazs-es-nepszokasok\/"]}]},{"@type":"ImageObject","inLanguage":"hu","@id":"https:\/\/www.salzburgerland.com\/hu\/salzburgi-lungau-adventi-varazs-es-nepszokasok\/#primaryimage","url":"https:\/\/www.salzburgerland.com\/hu\/wp-content\/uploads\/2021\/09\/49578400336_e6bbe8ac7b_k-1170x658-1.jpg","contentUrl":"https:\/\/www.salzburgerland.com\/hu\/wp-content\/uploads\/2021\/09\/49578400336_e6bbe8ac7b_k-1170x658-1.jpg","width":1170,"height":658,"caption":"Advent a Salzburgi Lungauban \u00a9 Ferienregion Salzburger Lungau"},{"@type":"BreadcrumbList","@id":"https:\/\/www.salzburgerland.com\/hu\/salzburgi-lungau-adventi-varazs-es-nepszokasok\/#breadcrumb","itemListElement":[{"@type":"ListItem","position":1,"name":"Salzburgi Lungau - T\u00c9L","item":"https:\/\/www.salzburgerland.com\/hu\/salzburgi-lungau-tel\/"},{"@type":"ListItem","position":2,"name":"Adventi var\u00e1zs \u00e9s n\u00e9pszok\u00e1sok a Salzburgi Lungau r\u00e9gi\u00f3j\u00e1ban"}]},{"@type":"WebSite","@id":"https:\/\/www.salzburgerland.com\/hu\/#website","url":"https:\/\/www.salzburgerland.com\/hu\/","name":"SalzburgerLand.com","description":"\u00dcd\u00fcl\u00e9s Ausztri\u00e1ban, Salzburg tartom\u00e1nyban","potentialAction":[{"@type":"SearchAction","target":{"@type":"EntryPoint","urlTemplate":"https:\/\/www.salzburgerland.com\/hu\/?s={search_term_string}"},"query-input":{"@type":"PropertyValueSpecification","valueRequired":true,"valueName":"search_term_string"}}],"inLanguage":"hu"},{"@type":"Person","@id":"https:\/\/www.salzburgerland.com\/hu\/#\/schema\/person\/e4905df070d9b3c52e1e4c730b26aa5a","name":"Hajnalka K\u00e1di","image":{"@type":"ImageObject","inLanguage":"hu","@id":"https:\/\/secure.gravatar.com\/avatar\/e8c1eecf3b2c49d295cebc6aba0de06d13ec77aa0cf9ccec32725949011b69d2?s=96&d=mm&r=g","url":"https:\/\/secure.gravatar.com\/avatar\/e8c1eecf3b2c49d295cebc6aba0de06d13ec77aa0cf9ccec32725949011b69d2?s=96&d=mm&r=g","contentUrl":"https:\/\/secure.gravatar.com\/avatar\/e8c1eecf3b2c49d295cebc6aba0de06d13ec77aa0cf9ccec32725949011b69d2?s=96&d=mm&r=g","caption":"Hajnalka K\u00e1di"}}]}},"_wl_alt_label":[],"wl:entity_url":"http:\/\/open.salzburgerland.com\/hu\/post\/salzburgi_lungau_adventi_varazs_es_n","_links":{"self":[{"href":"https:\/\/www.salzburgerland.com\/hu\/wp-json\/wp\/v2\/posts\/13717","targetHints":{"allow":["GET"]}}],"collection":[{"href":"https:\/\/www.salzburgerland.com\/hu\/wp-json\/wp\/v2\/posts"}],"about":[{"href":"https:\/\/www.salzburgerland.com\/hu\/wp-json\/wp\/v2\/types\/post"}],"author":[{"embeddable":true,"href":"https:\/\/www.salzburgerland.com\/hu\/wp-json\/wp\/v2\/users\/21"}],"replies":[{"embeddable":true,"href":"https:\/\/www.salzburgerland.com\/hu\/wp-json\/wp\/v2\/comments?post=13717"}],"version-history":[{"count":6,"href":"https:\/\/www.salzburgerland.com\/hu\/wp-json\/wp\/v2\/posts\/13717\/revisions"}],"predecessor-version":[{"id":22342,"href":"https:\/\/www.salzburgerland.com\/hu\/wp-json\/wp\/v2\/posts\/13717\/revisions\/22342"}],"wp:featuredmedia":[{"embeddable":true,"href":"https:\/\/www.salzburgerland.com\/hu\/wp-json\/wp\/v2\/media\/13755"}],"wp:attachment":[{"href":"https:\/\/www.salzburgerland.com\/hu\/wp-json\/wp\/v2\/media?parent=13717"}],"wp:term":[{"taxonomy":"category","embeddable":true,"href":"https:\/\/www.salzburgerland.com\/hu\/wp-json\/wp\/v2\/categories?post=13717"},{"taxonomy":"post_tag","embeddable":true,"href":"https:\/\/www.salzburgerland.com\/hu\/wp-json\/wp\/v2\/tags?post=13717"},{"taxonomy":"wl_entity_type","embeddable":true,"href":"https:\/\/www.salzburgerland.com\/hu\/wp-json\/wp\/v2\/wl_entity_type?post=13717"}],"curies":[{"name":"wp","href":"https:\/\/api.w.org\/{rel}","templated":true}]}}