{"id":13702,"date":"2021-09-17T11:19:52","date_gmt":"2021-09-17T09:19:52","guid":{"rendered":"https:\/\/www.salzburgerland.com\/hu\/?p=13702"},"modified":"2024-10-14T22:55:31","modified_gmt":"2024-10-14T20:55:31","slug":"salzburgi-lungau-sieles","status":"publish","type":"post","link":"https:\/\/www.salzburgerland.com\/hu\/salzburgi-lungau-sieles\/","title":{"rendered":"Feledhetetlen s\u00ed\u00e9lm\u00e9ny a Salzburgi Lungau r\u00e9gi\u00f3j\u00e1ban"},"content":{"rendered":"<h4>Gondosan el\u0151k\u00e9sz\u00edtett p\u00e1ly\u00e1k \u00e9s leny\u0171g\u00f6z\u0151 t\u00e1jak<\/h4>\n<p>A <strong>Salzburgi Lungau<\/strong> r\u00e9gi\u00f3 n\u00e9gy nagy s\u00edterep\u00e9n mindenki megtal\u00e1lja a sz\u00e1m\u00e1ra megfelel\u0151 p\u00e1ly\u00e1t. A Nockberge \u00e9s Radstadti-Tauern hegyvonulatai \u00e1ltal hat\u00e1rolt t\u00e1gas, ny\u00edlt v\u00f6lgyek \u00e9s kanyarg\u00f3s hegyoldalak garant\u00e1lj\u00e1k a h\u00f3biztons\u00e1got \u00e9s a naps\u00fct\u00e9ses s\u00edel\u00e9st. N\u00e9h\u00e1ny nap s\u00edel\u00e9s 1000 m\u00e9ter feletti magass\u00e1gban, \u00e9s a k\u00f6rnyez\u0151 t\u00e1j sz\u00e9ps\u00e9ge seg\u00edt megszabadulni a mindennapi stresszt\u0151l, \u00e9s t\u00f6k\u00e9letes kikapcsol\u00f3d\u00e1st ny\u00fajt. A <strong>Katschberg, Grosseck-Speiereck, Fanningberg \u00e9s Obertauern<\/strong> s\u00edterepeken \u00f6sszesen <strong>300 kilom\u00e9ternyi p\u00e1ly\u00e1t<\/strong> modern liftek szolg\u00e1lnak ki.<br>\nA Salzburgi Lungau s\u00edterepein a min\u0151s\u00e9g az els\u0151dleges. <strong>Naps\u00fct\u00e9ses p\u00e1ly\u00e1k k\u00fcl\u00f6nb\u00f6z\u0151 neh\u00e9zs\u00e9gi fokozatokkal,<\/strong> \u00e9rintetlen m\u00e9lyhavas lejt\u0151k \u00e9s l\u00e9legzetel\u00e1ll\u00edt\u00f3 hegyi panor\u00e1m\u00e1k h\u00edvnak s\u00edel\u00e9sre. A sok s\u00edp\u00e1lya mellett nincs t\u00fal nagy zs\u00fafolts\u00e1g, \u00edgy mindenki b\u0151ven tal\u00e1l helyet, amit k\u00fcl\u00f6n\u00f6sen a kezd\u0151 s\u00edel\u0151k \u00e9rt\u00e9kelnek. A r\u00e9gi\u00f3 tavasszal is n\u00e9pszer\u0171 a s\u00edel\u0151k k\u00f6r\u00e9ben, hiszen kiv\u00e1l\u00f3 k\u00f6r\u00fclm\u00e9nyeket \u00e9s naps\u00fct\u00e9ses p\u00e1ly\u00e1kat k\u00edn\u00e1l.<\/p>\n<h4>Grosseck-Speiereck s\u00edterepe<\/h4>\n<p><span>A novembert\u0151l h\u00fasv\u00e9tig h\u00f3biztos\u00a0<a href=\"https:\/\/www.lungau.at\/en\/2\/experience\/winter\/alpine-skiing\/ski-areas\/ski-area-grosseck-speiereck\/\" target=\"_blank\" rel=\"noopener\"><strong>Grosseck-Speiereck<\/strong><\/a> egy k\u00fcl\u00f6n\u00f6sen csal\u00e1dbar\u00e1t s\u00edk\u00f6zpont, amely k\u00f6nnyen megk\u00f6zel\u00edthet\u0151 Mauterndorfb\u00f3l \u00e9s St. Michael-b\u0151l. A 2400 m\u00e9teres tengerszint feletti magass\u00e1gban tal\u00e1lhat\u00f3 s\u00edterep <strong>50<\/strong> <strong>kilom\u00e9ternyi<\/strong> lejt\u0151vel rendelkezik, ebb\u0151l 26 km k\u00e9k, 17 km piros, a marad\u00e9k 7 km pedig fekete jelz\u00e9s\u0171. Az \u00fcd\u00fcl\u0151helyen 11 s\u00edfelvon\u00f3 tal\u00e1lhat\u00f3 (sajnos gyerekfelvon\u00f3 nincs), 3 <strong>s\u00ediskola<\/strong>, valamint 8 <strong>s\u00edh\u00fctte<\/strong> \u00e9s <strong>\u00e9tterem<\/strong> cs\u00e1b\u00edt a s\u00edel\u00e9sre \u00e9s az azt k\u00f6vet\u0151 kiad\u00f3s lakom\u00e1ra.<\/span><\/p>\n<div id=\"attachment_22394\" style=\"width: 1180px\" class=\"wp-caption alignnone\"><img decoding=\"async\" aria-describedby=\"caption-attachment-22394\" class=\"size-1170_658 wp-image-22394\" src=\"https:\/\/www.salzburgerland.com\/hu\/wp-content\/uploads\/2021\/09\/skigebiet-grosseck-speiereck-salzburger-lungau-1170x658.jpg\" alt=\"A Grosseck-Speiereck s\u00edhegy a Salzburgi Lungau-ban a csal\u00e1dok kedvence\" width=\"1170\" height=\"658\" srcset=\"https:\/\/www.salzburgerland.com\/hu\/wp-content\/uploads\/2021\/09\/skigebiet-grosseck-speiereck-salzburger-lungau-1170x658.jpg 1170w, https:\/\/www.salzburgerland.com\/hu\/wp-content\/uploads\/2021\/09\/skigebiet-grosseck-speiereck-salzburger-lungau-1200x675.jpg 1200w\" sizes=\"(max-width: 1170px) 100vw, 1170px\"><p id=\"caption-attachment-22394\" class=\"wp-caption-text\">A Grosseck-Speiereck s\u00edhegy a Salzburgi Lungau-ban a csal\u00e1dok kedvence \u00a9 Salzburger Lungau, Matthias Fritzenwallner<\/p><\/div>\n<h4>Fanningberg \u2013 a napf\u00e9nyes csal\u00e1di \u00fcd\u00fcl\u0151hely<\/h4>\n<p><span>A napf\u00e9nyes csal\u00e1di \u00fcd\u00fcl\u0151hely, <\/span><a href=\"https:\/\/www.lungau.at\/en\/2\/experience\/winter\/alpine-skiing\/ski-areas\/ski-area-fanningberg\/\" target=\"_blank\" rel=\"noopener\"><strong>Fanningberg<\/strong><\/a><span> 1500-2100 m\u00e9teres tengerszint feletti magass\u00e1gban tal\u00e1lhat\u00f3. A k\u00e9nyelmes, 6 szem\u00e9lyes <\/span><strong>Samson<\/strong><span> felvon\u00f3val \u00e9s h\u00e1rom m\u00e1sik felvon\u00f3val p\u00e1r perc alatt el\u00e9rheti a csal\u00e1di s\u00edter\u00fcletet. Az \u00f6sszesen <\/span><strong>30 kilom\u00e9ternyi<\/strong><span> lejt\u0151b\u0151l 13 km k\u00e9k, 7 km piros \u00e9s 10 km fekete jelz\u00e9s\u0171. Itt is megtal\u00e1lhat\u00f3ak a hagyom\u00e1nyos <\/span><strong>h\u00fctt\u00e9k<\/strong><span>, <\/span><strong>s\u00ediskol\u00e1k<\/strong><span> \u00e9s van k\u00e9t <\/span><strong>s\u00edszak\u00fczlet<\/strong><span> is, a legkorszer\u0171bb felszerel\u00e9sekkel.<\/span><\/p>\n<div id=\"attachment_22393\" style=\"width: 1180px\" class=\"wp-caption alignnone\"><img decoding=\"async\" aria-describedby=\"caption-attachment-22393\" class=\"size-1170_658 wp-image-22393\" src=\"https:\/\/www.salzburgerland.com\/hu\/wp-content\/uploads\/2021\/09\/skigebiet-fanningberg-salzburger-lungau-1170x658.jpg\" alt=\"Fanningberg s\u00edhegye a Salzburgi Lungau r\u00e9gi\u00f3ban. \" width=\"1170\" height=\"658\" srcset=\"https:\/\/www.salzburgerland.com\/hu\/wp-content\/uploads\/2021\/09\/skigebiet-fanningberg-salzburger-lungau-1170x658.jpg 1170w, https:\/\/www.salzburgerland.com\/hu\/wp-content\/uploads\/2021\/09\/skigebiet-fanningberg-salzburger-lungau-1200x675.jpg 1200w\" sizes=\"(max-width: 1170px) 100vw, 1170px\"><p id=\"caption-attachment-22393\" class=\"wp-caption-text\">Fanningberg s\u00edhegye a Salzburgi Lungau r\u00e9gi\u00f3ban \u00a9Salzburger Lungau<\/p><\/div>\n<h4>Katschberg h\u00f3biztos s\u00edterepe<\/h4>\n<p><span>A <\/span><a href=\"https:\/\/www.lungau.at\/en\/2\/experience\/winter\/alpine-skiing\/ski-areas\/ski-area-katschberg\/\" target=\"_blank\" rel=\"noopener\"><strong>Katschberg<\/strong><\/a><span> h\u00f3biztos s\u00edter\u00fclet\u00e9t sok naps\u00fct\u00e9s jellemzi. A friss, naponta \u00e1polt p\u00e1ly\u00e1kon <\/span><strong>70 kilom\u00e9ternyi<\/strong><span> lejt\u0151 tal\u00e1lhat\u00f3, ebb\u0151l 10 km k\u00e9k, 50 km piros \u00e9s 10 km fekete. A leghosszabb A1-es \u00fatvonal 5,6 km hossz\u00fa. A s\u00edel\u0151ket 16 s\u00edlift szolg\u00e1lja ki. A 3 helyi <\/span><strong>s\u00ed- \u00e9s snowboardiskola<\/strong><span> sokf\u00e9le tanul\u00f3 p\u00e1ly\u00e1t k\u00edn\u00e1l a gyerekeknek. H\u00e1rom helyen lehet <\/span><strong>s\u00edfelszerel\u00e9st b\u00e9relni<\/strong><span>, a 11 hangulatos <\/span><strong>h\u00fctt\u00e9ben<\/strong><span> \u00e9s <\/span><strong>hegyi \u00e9tteremben<\/strong><span> pedig enni, pihenni lehet.<\/span><\/p>\n<div id=\"attachment_22401\" style=\"width: 1180px\" class=\"wp-caption alignnone\"><img decoding=\"async\" aria-describedby=\"caption-attachment-22401\" class=\"size-1170_658 wp-image-22401\" src=\"https:\/\/www.salzburgerland.com\/hu\/wp-content\/uploads\/2021\/09\/skigebiet-katschberg-aineck-salzburger-lungau-1170x658.jpg\" alt=\"Katschberg-Aineck s\u00edterepe a Salzburgi Lungau r\u00e9gi\u00f3ban\" width=\"1170\" height=\"658\" srcset=\"https:\/\/www.salzburgerland.com\/hu\/wp-content\/uploads\/2021\/09\/skigebiet-katschberg-aineck-salzburger-lungau-1170x658.jpg 1170w, https:\/\/www.salzburgerland.com\/hu\/wp-content\/uploads\/2021\/09\/skigebiet-katschberg-aineck-salzburger-lungau-1200x675.jpg 1200w\" sizes=\"(max-width: 1170px) 100vw, 1170px\"><p id=\"caption-attachment-22401\" class=\"wp-caption-text\">Katschberg-Aineck s\u00edterepe a Salzburgi Lungau r\u00e9gi\u00f3ban \u00a9 Salzburger Lungau, GERALD RAMSBACHER<\/p><\/div>\n<h4><strong>Obertauern<\/strong><\/h4>\n<p><a href=\"https:\/\/www.lungau.at\/en\/2\/experience\/winter\/alpine-skiing\/ski-areas\/ski-area-obertauern\/\" target=\"_blank\" rel=\"noopener\"><strong>Obertauern<\/strong><\/a> s\u00edterepe h\u00edres <strong>h\u00f3biztoss\u00e1g\u00e1r\u00f3l<\/strong> \u00e9s hogy itt a legt\u00f6bb a naps\u00fct\u00e9ses \u00f3r\u00e1k sz\u00e1ma. 1630 \u00e9s 2313 m\u00e9ter k\u00f6z\u00f6tti magass\u00e1gban ter\u00fcl el, \u00e9s ide\u00e1lis felt\u00e9teleket k\u00edn\u00e1l minden szint\u0171 s\u00edel\u0151 sz\u00e1m\u00e1ra. Obertauern \u00f6sszesen <strong>100 km t\u00f6k\u00e9letesen karbantartott s\u00edp\u00e1ly\u00e1val<\/strong> rendelkezik, ebb\u0151l 61 km k\u00e9k, 35 km piros \u00e9s 4 km fekete p\u00e1lya. A s\u00edel\u0151k 26 modern felvon\u00f3t haszn\u00e1lhatnak, amelyek gyors \u00e9s k\u00e9nyelmes hozz\u00e1f\u00e9r\u00e9st biztos\u00edtanak a p\u00e1ly\u00e1khoz. A leghosszabb p\u00e1lya, a <strong>Gamsleiten II<\/strong>, Eur\u00f3pa egyik legmeredekebb buckap\u00e1ly\u00e1ja, \u00e9s kih\u00edv\u00e1st jelent a tapasztalt s\u00edel\u0151k sz\u00e1m\u00e1ra. A kezd\u0151k \u00e9s gyerekek sz\u00e1m\u00e1ra <strong>gyakorl\u00f3p\u00e1ly\u00e1k<\/strong> \u00e9s <strong>h\u00f3parkok<\/strong> \u00e1llnak rendelkez\u00e9sre, amelyek kifejezetten a csal\u00e1dok ig\u00e9nyeire vannak szabva. A <strong>s\u00edfelszerel\u00e9s<\/strong> sz\u00e1mos k\u00f6lcs\u00f6nz\u0151helyen b\u00e9relhet\u0151, a <strong>s\u00ediskol\u00e1k<\/strong> pedig professzion\u00e1lis tanfolyamokat k\u00edn\u00e1lnak minden koroszt\u00e1ly sz\u00e1m\u00e1ra. K\u00f6r\u00fclbel\u00fcl 25 hangulatos hegyi kunyh\u00f3 \u00e9s \u00e9tterem gondoskodik az ell\u00e1t\u00e1sr\u00f3l, ahol region\u00e1lis specialit\u00e1sokat szolg\u00e1lnak fel, \u00e9s pihen\u00e9si lehet\u0151s\u00e9get biztos\u00edtanak.<\/p>\n<div id=\"attachment_22399\" style=\"width: 1180px\" class=\"wp-caption alignnone\"><img decoding=\"async\" aria-describedby=\"caption-attachment-22399\" class=\"size-1170_658 wp-image-22399\" src=\"https:\/\/www.salzburgerland.com\/hu\/wp-content\/uploads\/2021\/09\/skigebiet-obertauern-salzburger-lungau-1170x658.jpg\" alt=\"Obertauern s\u00edterepe a Salzburgi Lungau r\u00e9gi\u00f3ban\" width=\"1170\" height=\"658\" srcset=\"https:\/\/www.salzburgerland.com\/hu\/wp-content\/uploads\/2021\/09\/skigebiet-obertauern-salzburger-lungau-1170x658.jpg 1170w, https:\/\/www.salzburgerland.com\/hu\/wp-content\/uploads\/2021\/09\/skigebiet-obertauern-salzburger-lungau-1200x675.jpg 1200w\" sizes=\"(max-width: 1170px) 100vw, 1170px\"><p id=\"caption-attachment-22399\" class=\"wp-caption-text\">Obertauern s\u00edterepe a Salzburgi Lungau r\u00e9gi\u00f3ban \u00a9 Salzburger Lungau, Rohrbacher,<\/p><\/div>\n<h4><strong>S\u00ediskol\u00e1k, s\u00ed\u00f3vod\u00e1k a bioszf\u00e9ra-rezerv\u00e1tumban<br>\n<\/strong><\/h4>\n<p>A Salzburgi Lungau r\u00e9gi\u00f3j\u00e1ban gyerekek<strong> eg\u00e9szen kicsi csoportokban<\/strong> kezdhetnek ismerkedni a s\u00edel\u00e9s fort\u00e9lyaival, \u00e9s mindig <strong>gondos fel\u00fcgyelet<\/strong> alatt \u00e1llnak. A sz\u00fcl\u0151k nyugodtan s\u00edelhetnek, biztosak lehetnek abban, hogy gyerekeik j\u00f3l \u00e9rzik magukat, j\u00e1t\u00e9kosan tanulnak meg s\u00edelni. A <strong>s\u00ed\u00f3vod\u00e1k<\/strong>ban \u00e9s <strong>s\u00ediskol\u00e1k<\/strong>ban j\u00f3 a hangulat, van id\u0151 egy\u00e9nileg is foglalkozni minden gyerekkel.\u00a0 Minden nap van valami m\u00e1s havas program is, <strong>sz\u00e1nk\u00f3z\u00e1s, h\u00f3goly\u00f3z\u00e1s, h\u00f3ember\u00e9p\u00edt\u00e9s, j\u00e9gdiszk\u00f3<\/strong> \u00e9s sok m\u00e1s.<\/p>\n<div id=\"attachment_17160\" style=\"width: 1180px\" class=\"wp-caption alignnone\"><img decoding=\"async\" aria-describedby=\"caption-attachment-17160\" class=\"size-1170_658 wp-image-17160\" src=\"https:\/\/cdn.salzburgerland.com\/hu\/wp-content\/uploads\/2021\/09\/skilift-lessach-salzburger-lungau-2-1170x658.jpg\" alt=\"A s\u00ediskol\u00e1k felk\u00e9sz\u00fclten v\u00e1rj\u00e1k a kicsiket \u00e9s nagyokat egyar\u00e1nt a Salzburgi Lungau r\u00e9gi\u00f3j\u00e1ban. \" width=\"1170\" height=\"658\" srcset=\"https:\/\/www.salzburgerland.com\/hu\/wp-content\/uploads\/2021\/09\/skilift-lessach-salzburger-lungau-2-1170x658.jpg 1170w, https:\/\/www.salzburgerland.com\/hu\/wp-content\/uploads\/2021\/09\/skilift-lessach-salzburger-lungau-2-1200x675.jpg 1200w\" sizes=\"(max-width: 1170px) 100vw, 1170px\"><p id=\"caption-attachment-17160\" class=\"wp-caption-text\">A s\u00ediskol\u00e1k felk\u00e9sz\u00fclten v\u00e1rj\u00e1k a kicsiket \u00e9s nagyokat egyar\u00e1nt. \u00a9 Salzburger Lungau, Matthaeus Schroecker<\/p><\/div>\n<h4>S\u00edb\u00e9rletek<\/h4>\n<p><span>A s\u00edel\u00e9s maxim\u00e1lis\u00a0 \u00e9lvezet\u00e9hez \u00e9rdemes s\u00edb\u00e9rletet v\u00e1ltani a Salzburgi Lungau r\u00e9gi\u00f3j\u00e1ban. A <\/span><a href=\"https:\/\/www.ski-lungau.at\" target=\"_blank\" rel=\"noopener\"><strong>SkiLungau<\/strong><\/a><span> b\u00e9rlettel <\/span><strong>150<\/strong><span> kilom\u00e9ternyi s\u00edp\u00e1lya ny\u00edlik meg \u00d6n el\u0151tt. Akiknek ez nem lenne el\u00e9g, azok sz\u00e1m\u00e1ra j\u00f3 lehet\u0151s\u00e9g a <\/span><a href=\"https:\/\/www.lungo.at\/en\/\" target=\"_blank\" rel=\"noopener\"><strong>LUNGO b\u00e9rlet<\/strong><\/a><span>, amellyel 300 kilom\u00e9ternyi p\u00e1ly\u00e1n s\u00edelhet \u2013 a Katschbergt\u0151l a Salzburgi Lungau-n \u00e1t eg\u00e9szen Obertauernig.<\/span><\/p>\n<div id=\"attachment_22402\" style=\"width: 1180px\" class=\"wp-caption alignnone\"><img decoding=\"async\" aria-describedby=\"caption-attachment-22402\" class=\"size-1170_658 wp-image-22402\" src=\"https:\/\/www.salzburgerland.com\/hu\/wp-content\/uploads\/2021\/09\/skigebiete-panorama-salzburger-lungau-1170x658.jpg\" alt=\"A Salzburgi Lungau s\u00edvid\u00e9keinek panor\u00e1mak\u00e9pe\" width=\"1170\" height=\"658\" srcset=\"https:\/\/www.salzburgerland.com\/hu\/wp-content\/uploads\/2021\/09\/skigebiete-panorama-salzburger-lungau-1170x658.jpg 1170w, https:\/\/www.salzburgerland.com\/hu\/wp-content\/uploads\/2021\/09\/skigebiete-panorama-salzburger-lungau-1200x675.jpg 1200w\" sizes=\"(max-width: 1170px) 100vw, 1170px\"><p id=\"caption-attachment-22402\" class=\"wp-caption-text\">A Salzburgi Lungau s\u00edvid\u00e9keinek panor\u00e1mak\u00e9pe \u00a9 Salzburger Lungau<\/p><\/div>\n<p>\u00a0<\/p>\n<h4>Els\u0151 a biztons\u00e1g<\/h4>\n<p>F\u0151leg t\u00e9len a hegyekben! Legyen el\u0151rel\u00e1t\u00f3 \u00e9s mindig gondoskodjon szerettei biztons\u00e1g\u00e1r\u00f3l! Tudjon meg t\u00f6bbet, hogy <a href=\"https:\/\/www.salzburgerland.com\/hu\/biztonsagi-eloirasok-az-alpokban-tel\/\" target=\"_blank\" rel=\"noopener\"><strong>mire \u00e9rdemes figyelni<\/strong><\/a> az alpesi vak\u00e1ci\u00f3 sor\u00e1n!<\/p>\n","protected":false},"excerpt":{"rendered":"<p>Gondosan el\u0151k\u00e9sz\u00edtett p\u00e1ly\u00e1k \u00e9s leny\u0171g\u00f6z\u0151 t\u00e1jak A Salzburgi Lungau r\u00e9gi\u00f3 n\u00e9gy nagy s\u00edterep\u00e9n mindenki megtal\u00e1lja a sz\u00e1m\u00e1ra megfelel\u0151 p\u00e1ly\u00e1t. A Nockberge \u00e9s Radstadti-Tauern hegyvonulatai \u00e1ltal hat\u00e1rolt t\u00e1gas, ny\u00edlt v\u00f6lgyek \u00e9s kanyarg\u00f3s hegyoldalak garant\u00e1lj\u00e1k a h\u00f3biztons\u00e1got \u00e9s a naps\u00fct\u00e9ses s\u00edel\u00e9st. N\u00e9h\u00e1ny nap s\u00edel\u00e9s 1000 m\u00e9ter feletti magass\u00e1gban, \u00e9s a k\u00f6rnyez\u0151 t\u00e1j sz\u00e9ps\u00e9ge seg\u00edt megszabadulni a mindennapi [&hellip;]<\/p>\n","protected":false},"author":21,"featured_media":22397,"comment_status":"closed","ping_status":"closed","sticky":false,"template":"","format":"standard","meta":{"_acf_changed":false,"wl_entities_gutenberg":"","_relevanssi_hide_post":"","_relevanssi_hide_content":"","_relevanssi_pin_for_all":"","_relevanssi_pin_keywords":"","_relevanssi_unpin_keywords":"","_relevanssi_related_keywords":"","_relevanssi_related_include_ids":"","_relevanssi_related_exclude_ids":"","_relevanssi_related_no_append":"","_relevanssi_related_not_related":"","_relevanssi_related_posts":"","_relevanssi_noindex_reason":"","footnotes":""},"categories":[1],"tags":[253,266,81,78,254],"wl_entity_type":[27],"class_list":["post-13702","post","type-post","status-publish","format-standard","has-post-thumbnail","hentry","category-uncategorized","tag-csaladi-sieles","tag-freeride","tag-salzburgi-lungau","tag-sieles","tag-siiskolak","wl_entity_type-article"],"acf":[],"yoast_head":"<!-- This site is optimized with the Yoast SEO Premium plugin v27.4 (Yoast SEO v27.4) - https:\/\/yoast.com\/product\/yoast-seo-premium-wordpress\/ -->\n<title>Feledhetetlen s\u00ed\u00e9lm\u00e9ny a Salzburgi Lungau r\u00e9gi\u00f3j\u00e1ban \u00bb SalzburgerLand.com<\/title>\n<meta name=\"description\" content=\"a Salzburgi Lungau r\u00e9gi\u00f3j\u00e1ban t\u00f6k\u00e9letesek a h\u00f3viszonyok \u00e9s v\u00e1ltozatosak a p\u00e1ly\u00e1k, minden adott a s\u00edel\u00e9s maxim\u00e1lis \u00e9lvezet\u00e9hez!\" \/>\n<meta name=\"robots\" content=\"index, follow, max-snippet:-1, max-image-preview:large, max-video-preview:-1\" \/>\n<link rel=\"canonical\" href=\"https:\/\/www.salzburgerland.com\/hu\/salzburgi-lungau-sieles\/\" \/>\n<meta property=\"og:locale\" content=\"hu_HU\" \/>\n<meta property=\"og:type\" content=\"article\" \/>\n<meta property=\"og:title\" content=\"Feledhetetlen s\u00ed\u00e9lm\u00e9ny a Salzburgi Lungau r\u00e9gi\u00f3j\u00e1ban\" \/>\n<meta property=\"og:description\" content=\"Gondosan el\u0151k\u00e9sz\u00edtett p\u00e1ly\u00e1k \u00e9s leny\u0171g\u00f6z\u0151 t\u00e1jak A Salzburgi Lungau r\u00e9gi\u00f3 n\u00e9gy nagy s\u00edterep\u00e9n mindenki megtal\u00e1lja a sz\u00e1m\u00e1ra megfelel\u0151 p\u00e1ly\u00e1t. A Nockberge\" \/>\n<meta property=\"og:url\" content=\"https:\/\/www.salzburgerland.com\/hu\/salzburgi-lungau-sieles\/\" \/>\n<meta property=\"og:site_name\" content=\"SalzburgerLand.com\" \/>\n<meta property=\"article:publisher\" content=\"https:\/\/www.facebook.com\/visitsalzburgerland\/\" \/>\n<meta property=\"article:published_time\" content=\"2021-09-17T09:19:52+00:00\" \/>\n<meta property=\"article:modified_time\" content=\"2024-10-14T20:55:31+00:00\" \/>\n<meta property=\"og:image\" content=\"https:\/\/www.salzburgerland.com\/hu\/wp-content\/uploads\/2021\/09\/skifahren-im-lungau-freunde-spass-am-berg-salzburger-lungau-1200x675.jpg\" \/>\n\t<meta property=\"og:image:width\" content=\"1200\" \/>\n\t<meta property=\"og:image:height\" content=\"675\" \/>\n\t<meta property=\"og:image:type\" content=\"image\/jpeg\" \/>\n<meta name=\"author\" content=\"Hajnalka K\u00e1di\" \/>\n<meta name=\"twitter:card\" content=\"summary_large_image\" \/>\n<meta name=\"twitter:creator\" content=\"@salzburgerland\" \/>\n<meta name=\"twitter:site\" content=\"@salzburgerland\" \/>\n<meta name=\"twitter:label1\" content=\"Szerz\u0151:\" \/>\n\t<meta name=\"twitter:data1\" content=\"Hajnalka K\u00e1di\" \/>\n\t<meta name=\"twitter:label2\" content=\"Becs\u00fclt olvas\u00e1si id\u0151\" \/>\n\t<meta name=\"twitter:data2\" content=\"6 perc\" \/>\n<script type=\"application\/ld+json\" class=\"yoast-schema-graph\">{\"@context\":\"https:\\\/\\\/schema.org\",\"@graph\":[{\"@type\":\"Article\",\"@id\":\"https:\\\/\\\/www.salzburgerland.com\\\/hu\\\/salzburgi-lungau-sieles\\\/#article\",\"isPartOf\":{\"@id\":\"https:\\\/\\\/www.salzburgerland.com\\\/hu\\\/salzburgi-lungau-sieles\\\/\"},\"author\":{\"name\":\"Hajnalka K\u00e1di\",\"@id\":\"https:\\\/\\\/www.salzburgerland.com\\\/hu\\\/#\\\/schema\\\/person\\\/e4905df070d9b3c52e1e4c730b26aa5a\"},\"headline\":\"Feledhetetlen s\u00ed\u00e9lm\u00e9ny a Salzburgi Lungau r\u00e9gi\u00f3j\u00e1ban\",\"datePublished\":\"2021-09-17T09:19:52+00:00\",\"dateModified\":\"2024-10-14T20:55:31+00:00\",\"mainEntityOfPage\":{\"@id\":\"https:\\\/\\\/www.salzburgerland.com\\\/hu\\\/salzburgi-lungau-sieles\\\/\"},\"wordCount\":1094,\"image\":{\"@id\":\"https:\\\/\\\/www.salzburgerland.com\\\/hu\\\/salzburgi-lungau-sieles\\\/#primaryimage\"},\"thumbnailUrl\":\"https:\\\/\\\/www.salzburgerland.com\\\/hu\\\/wp-content\\\/uploads\\\/2021\\\/09\\\/skifahren-im-lungau-freunde-spass-am-berg-salzburger-lungau.jpg\",\"keywords\":[\"csal\u00e1di s\u00edel\u00e9s\",\"freeride\",\"Salzburgi Lungau\",\"s\u00edel\u00e9s\",\"s\u00ediskol\u00e1k\"],\"articleSection\":[\"Uncategorized\"],\"inLanguage\":\"hu\"},{\"@type\":\"WebPage\",\"@id\":\"https:\\\/\\\/www.salzburgerland.com\\\/hu\\\/salzburgi-lungau-sieles\\\/\",\"url\":\"https:\\\/\\\/www.salzburgerland.com\\\/hu\\\/salzburgi-lungau-sieles\\\/\",\"name\":\"Feledhetetlen s\u00ed\u00e9lm\u00e9ny a Salzburgi Lungau r\u00e9gi\u00f3j\u00e1ban \u00bb SalzburgerLand.com\",\"isPartOf\":{\"@id\":\"https:\\\/\\\/www.salzburgerland.com\\\/hu\\\/#website\"},\"primaryImageOfPage\":{\"@id\":\"https:\\\/\\\/www.salzburgerland.com\\\/hu\\\/salzburgi-lungau-sieles\\\/#primaryimage\"},\"image\":{\"@id\":\"https:\\\/\\\/www.salzburgerland.com\\\/hu\\\/salzburgi-lungau-sieles\\\/#primaryimage\"},\"thumbnailUrl\":\"https:\\\/\\\/www.salzburgerland.com\\\/hu\\\/wp-content\\\/uploads\\\/2021\\\/09\\\/skifahren-im-lungau-freunde-spass-am-berg-salzburger-lungau.jpg\",\"datePublished\":\"2021-09-17T09:19:52+00:00\",\"dateModified\":\"2024-10-14T20:55:31+00:00\",\"author\":{\"@id\":\"https:\\\/\\\/www.salzburgerland.com\\\/hu\\\/#\\\/schema\\\/person\\\/e4905df070d9b3c52e1e4c730b26aa5a\"},\"description\":\"a Salzburgi Lungau r\u00e9gi\u00f3j\u00e1ban t\u00f6k\u00e9letesek a h\u00f3viszonyok \u00e9s v\u00e1ltozatosak a p\u00e1ly\u00e1k, minden adott a s\u00edel\u00e9s maxim\u00e1lis \u00e9lvezet\u00e9hez!\",\"breadcrumb\":{\"@id\":\"https:\\\/\\\/www.salzburgerland.com\\\/hu\\\/salzburgi-lungau-sieles\\\/#breadcrumb\"},\"inLanguage\":\"hu\",\"potentialAction\":[{\"@type\":\"ReadAction\",\"target\":[\"https:\\\/\\\/www.salzburgerland.com\\\/hu\\\/salzburgi-lungau-sieles\\\/\"]}]},{\"@type\":\"ImageObject\",\"inLanguage\":\"hu\",\"@id\":\"https:\\\/\\\/www.salzburgerland.com\\\/hu\\\/salzburgi-lungau-sieles\\\/#primaryimage\",\"url\":\"https:\\\/\\\/www.salzburgerland.com\\\/hu\\\/wp-content\\\/uploads\\\/2021\\\/09\\\/skifahren-im-lungau-freunde-spass-am-berg-salzburger-lungau.jpg\",\"contentUrl\":\"https:\\\/\\\/www.salzburgerland.com\\\/hu\\\/wp-content\\\/uploads\\\/2021\\\/09\\\/skifahren-im-lungau-freunde-spass-am-berg-salzburger-lungau.jpg\",\"width\":2560,\"height\":1707,\"caption\":\"S\u00edel\u00e9s bar\u00e1tokkal a Salzburgi Lungau-ban \u00a9 Salzburger Lungau\"},{\"@type\":\"BreadcrumbList\",\"@id\":\"https:\\\/\\\/www.salzburgerland.com\\\/hu\\\/salzburgi-lungau-sieles\\\/#breadcrumb\",\"itemListElement\":[{\"@type\":\"ListItem\",\"position\":1,\"name\":\"Salzburgi Lungau - T\u00c9L\",\"item\":\"https:\\\/\\\/www.salzburgerland.com\\\/hu\\\/salzburgi-lungau-tel\\\/\"},{\"@type\":\"ListItem\",\"position\":2,\"name\":\"Feledhetetlen s\u00ed\u00e9lm\u00e9ny a Salzburgi Lungau r\u00e9gi\u00f3j\u00e1ban\"}]},{\"@type\":\"WebSite\",\"@id\":\"https:\\\/\\\/www.salzburgerland.com\\\/hu\\\/#website\",\"url\":\"https:\\\/\\\/www.salzburgerland.com\\\/hu\\\/\",\"name\":\"SalzburgerLand.com\",\"description\":\"\u00dcd\u00fcl\u00e9s Ausztri\u00e1ban, Salzburg tartom\u00e1nyban\",\"potentialAction\":[{\"@type\":\"SearchAction\",\"target\":{\"@type\":\"EntryPoint\",\"urlTemplate\":\"https:\\\/\\\/www.salzburgerland.com\\\/hu\\\/?s={search_term_string}\"},\"query-input\":{\"@type\":\"PropertyValueSpecification\",\"valueRequired\":true,\"valueName\":\"search_term_string\"}}],\"inLanguage\":\"hu\"},{\"@type\":\"Person\",\"@id\":\"https:\\\/\\\/www.salzburgerland.com\\\/hu\\\/#\\\/schema\\\/person\\\/e4905df070d9b3c52e1e4c730b26aa5a\",\"name\":\"Hajnalka K\u00e1di\",\"image\":{\"@type\":\"ImageObject\",\"inLanguage\":\"hu\",\"@id\":\"https:\\\/\\\/secure.gravatar.com\\\/avatar\\\/e8c1eecf3b2c49d295cebc6aba0de06d13ec77aa0cf9ccec32725949011b69d2?s=96&d=mm&r=g\",\"url\":\"https:\\\/\\\/secure.gravatar.com\\\/avatar\\\/e8c1eecf3b2c49d295cebc6aba0de06d13ec77aa0cf9ccec32725949011b69d2?s=96&d=mm&r=g\",\"contentUrl\":\"https:\\\/\\\/secure.gravatar.com\\\/avatar\\\/e8c1eecf3b2c49d295cebc6aba0de06d13ec77aa0cf9ccec32725949011b69d2?s=96&d=mm&r=g\",\"caption\":\"Hajnalka K\u00e1di\"}}]}<\/script>\n<meta property=\"og:video\" content=\"https:\/\/www.youtube.com\/embed\/86zzHFjxkx8\" \/>\n<meta property=\"og:video:type\" content=\"text\/html\" \/>\n<meta property=\"og:video:duration\" content=\"64\" \/>\n<meta property=\"og:video:width\" content=\"480\" \/>\n<meta property=\"og:video:height\" content=\"270\" \/>\n<meta property=\"ya:ovs:adult\" content=\"false\" \/>\n<meta property=\"ya:ovs:upload_date\" content=\"2021-09-17T09:19:52+00:00\" \/>\n<meta property=\"ya:ovs:allow_embed\" content=\"true\" \/>\n<!-- \/ Yoast SEO Premium plugin. -->","yoast_head_json":{"title":"Feledhetetlen s\u00ed\u00e9lm\u00e9ny a Salzburgi Lungau r\u00e9gi\u00f3j\u00e1ban \u00bb SalzburgerLand.com","description":"a Salzburgi Lungau r\u00e9gi\u00f3j\u00e1ban t\u00f6k\u00e9letesek a h\u00f3viszonyok \u00e9s v\u00e1ltozatosak a p\u00e1ly\u00e1k, minden adott a s\u00edel\u00e9s maxim\u00e1lis \u00e9lvezet\u00e9hez!","robots":{"index":"index","follow":"follow","max-snippet":"max-snippet:-1","max-image-preview":"max-image-preview:large","max-video-preview":"max-video-preview:-1"},"canonical":"https:\/\/www.salzburgerland.com\/hu\/salzburgi-lungau-sieles\/","og_locale":"hu_HU","og_type":"article","og_title":"Feledhetetlen s\u00ed\u00e9lm\u00e9ny a Salzburgi Lungau r\u00e9gi\u00f3j\u00e1ban","og_description":"Gondosan el\u0151k\u00e9sz\u00edtett p\u00e1ly\u00e1k \u00e9s leny\u0171g\u00f6z\u0151 t\u00e1jak A Salzburgi Lungau r\u00e9gi\u00f3 n\u00e9gy nagy s\u00edterep\u00e9n mindenki megtal\u00e1lja a sz\u00e1m\u00e1ra megfelel\u0151 p\u00e1ly\u00e1t. A Nockberge","og_url":"https:\/\/www.salzburgerland.com\/hu\/salzburgi-lungau-sieles\/","og_site_name":"SalzburgerLand.com","article_publisher":"https:\/\/www.facebook.com\/visitsalzburgerland\/","article_published_time":"2021-09-17T09:19:52+00:00","article_modified_time":"2024-10-14T20:55:31+00:00","og_image":[{"width":1200,"height":675,"url":"https:\/\/www.salzburgerland.com\/hu\/wp-content\/uploads\/2021\/09\/skifahren-im-lungau-freunde-spass-am-berg-salzburger-lungau-1200x675.jpg","type":"image\/jpeg"}],"author":"Hajnalka K\u00e1di","twitter_card":"summary_large_image","twitter_creator":"@salzburgerland","twitter_site":"@salzburgerland","twitter_misc":{"Szerz\u0151:":"Hajnalka K\u00e1di","Becs\u00fclt olvas\u00e1si id\u0151":"6 perc"},"schema":{"@context":"https:\/\/schema.org","@graph":[{"@type":"Article","@id":"https:\/\/www.salzburgerland.com\/hu\/salzburgi-lungau-sieles\/#article","isPartOf":{"@id":"https:\/\/www.salzburgerland.com\/hu\/salzburgi-lungau-sieles\/"},"author":{"name":"Hajnalka K\u00e1di","@id":"https:\/\/www.salzburgerland.com\/hu\/#\/schema\/person\/e4905df070d9b3c52e1e4c730b26aa5a"},"headline":"Feledhetetlen s\u00ed\u00e9lm\u00e9ny a Salzburgi Lungau r\u00e9gi\u00f3j\u00e1ban","datePublished":"2021-09-17T09:19:52+00:00","dateModified":"2024-10-14T20:55:31+00:00","mainEntityOfPage":{"@id":"https:\/\/www.salzburgerland.com\/hu\/salzburgi-lungau-sieles\/"},"wordCount":1094,"image":{"@id":"https:\/\/www.salzburgerland.com\/hu\/salzburgi-lungau-sieles\/#primaryimage"},"thumbnailUrl":"https:\/\/www.salzburgerland.com\/hu\/wp-content\/uploads\/2021\/09\/skifahren-im-lungau-freunde-spass-am-berg-salzburger-lungau.jpg","keywords":["csal\u00e1di s\u00edel\u00e9s","freeride","Salzburgi Lungau","s\u00edel\u00e9s","s\u00ediskol\u00e1k"],"articleSection":["Uncategorized"],"inLanguage":"hu"},{"@type":"WebPage","@id":"https:\/\/www.salzburgerland.com\/hu\/salzburgi-lungau-sieles\/","url":"https:\/\/www.salzburgerland.com\/hu\/salzburgi-lungau-sieles\/","name":"Feledhetetlen s\u00ed\u00e9lm\u00e9ny a Salzburgi Lungau r\u00e9gi\u00f3j\u00e1ban \u00bb SalzburgerLand.com","isPartOf":{"@id":"https:\/\/www.salzburgerland.com\/hu\/#website"},"primaryImageOfPage":{"@id":"https:\/\/www.salzburgerland.com\/hu\/salzburgi-lungau-sieles\/#primaryimage"},"image":{"@id":"https:\/\/www.salzburgerland.com\/hu\/salzburgi-lungau-sieles\/#primaryimage"},"thumbnailUrl":"https:\/\/www.salzburgerland.com\/hu\/wp-content\/uploads\/2021\/09\/skifahren-im-lungau-freunde-spass-am-berg-salzburger-lungau.jpg","datePublished":"2021-09-17T09:19:52+00:00","dateModified":"2024-10-14T20:55:31+00:00","author":{"@id":"https:\/\/www.salzburgerland.com\/hu\/#\/schema\/person\/e4905df070d9b3c52e1e4c730b26aa5a"},"description":"a Salzburgi Lungau r\u00e9gi\u00f3j\u00e1ban t\u00f6k\u00e9letesek a h\u00f3viszonyok \u00e9s v\u00e1ltozatosak a p\u00e1ly\u00e1k, minden adott a s\u00edel\u00e9s maxim\u00e1lis \u00e9lvezet\u00e9hez!","breadcrumb":{"@id":"https:\/\/www.salzburgerland.com\/hu\/salzburgi-lungau-sieles\/#breadcrumb"},"inLanguage":"hu","potentialAction":[{"@type":"ReadAction","target":["https:\/\/www.salzburgerland.com\/hu\/salzburgi-lungau-sieles\/"]}]},{"@type":"ImageObject","inLanguage":"hu","@id":"https:\/\/www.salzburgerland.com\/hu\/salzburgi-lungau-sieles\/#primaryimage","url":"https:\/\/www.salzburgerland.com\/hu\/wp-content\/uploads\/2021\/09\/skifahren-im-lungau-freunde-spass-am-berg-salzburger-lungau.jpg","contentUrl":"https:\/\/www.salzburgerland.com\/hu\/wp-content\/uploads\/2021\/09\/skifahren-im-lungau-freunde-spass-am-berg-salzburger-lungau.jpg","width":2560,"height":1707,"caption":"S\u00edel\u00e9s bar\u00e1tokkal a Salzburgi Lungau-ban \u00a9 Salzburger Lungau"},{"@type":"BreadcrumbList","@id":"https:\/\/www.salzburgerland.com\/hu\/salzburgi-lungau-sieles\/#breadcrumb","itemListElement":[{"@type":"ListItem","position":1,"name":"Salzburgi Lungau - T\u00c9L","item":"https:\/\/www.salzburgerland.com\/hu\/salzburgi-lungau-tel\/"},{"@type":"ListItem","position":2,"name":"Feledhetetlen s\u00ed\u00e9lm\u00e9ny a Salzburgi Lungau r\u00e9gi\u00f3j\u00e1ban"}]},{"@type":"WebSite","@id":"https:\/\/www.salzburgerland.com\/hu\/#website","url":"https:\/\/www.salzburgerland.com\/hu\/","name":"SalzburgerLand.com","description":"\u00dcd\u00fcl\u00e9s Ausztri\u00e1ban, Salzburg tartom\u00e1nyban","potentialAction":[{"@type":"SearchAction","target":{"@type":"EntryPoint","urlTemplate":"https:\/\/www.salzburgerland.com\/hu\/?s={search_term_string}"},"query-input":{"@type":"PropertyValueSpecification","valueRequired":true,"valueName":"search_term_string"}}],"inLanguage":"hu"},{"@type":"Person","@id":"https:\/\/www.salzburgerland.com\/hu\/#\/schema\/person\/e4905df070d9b3c52e1e4c730b26aa5a","name":"Hajnalka K\u00e1di","image":{"@type":"ImageObject","inLanguage":"hu","@id":"https:\/\/secure.gravatar.com\/avatar\/e8c1eecf3b2c49d295cebc6aba0de06d13ec77aa0cf9ccec32725949011b69d2?s=96&d=mm&r=g","url":"https:\/\/secure.gravatar.com\/avatar\/e8c1eecf3b2c49d295cebc6aba0de06d13ec77aa0cf9ccec32725949011b69d2?s=96&d=mm&r=g","contentUrl":"https:\/\/secure.gravatar.com\/avatar\/e8c1eecf3b2c49d295cebc6aba0de06d13ec77aa0cf9ccec32725949011b69d2?s=96&d=mm&r=g","caption":"Hajnalka K\u00e1di"}}]},"og_video":"https:\/\/www.youtube.com\/embed\/86zzHFjxkx8","og_video_type":"text\/html","og_video_duration":"64","og_video_width":"480","og_video_height":"270","ya_ovs_adult":"false","ya_ovs_upload_date":"2021-09-17T09:19:52+00:00","ya_ovs_allow_embed":"true"},"_wl_alt_label":[],"wl:entity_url":"http:\/\/open.salzburgerland.com\/hu\/post\/salzburgi_lungau_sieles","_links":{"self":[{"href":"https:\/\/www.salzburgerland.com\/hu\/wp-json\/wp\/v2\/posts\/13702","targetHints":{"allow":["GET"]}}],"collection":[{"href":"https:\/\/www.salzburgerland.com\/hu\/wp-json\/wp\/v2\/posts"}],"about":[{"href":"https:\/\/www.salzburgerland.com\/hu\/wp-json\/wp\/v2\/types\/post"}],"author":[{"embeddable":true,"href":"https:\/\/www.salzburgerland.com\/hu\/wp-json\/wp\/v2\/users\/21"}],"replies":[{"embeddable":true,"href":"https:\/\/www.salzburgerland.com\/hu\/wp-json\/wp\/v2\/comments?post=13702"}],"version-history":[{"count":12,"href":"https:\/\/www.salzburgerland.com\/hu\/wp-json\/wp\/v2\/posts\/13702\/revisions"}],"predecessor-version":[{"id":20096,"href":"https:\/\/www.salzburgerland.com\/hu\/wp-json\/wp\/v2\/posts\/13702\/revisions\/20096"}],"wp:featuredmedia":[{"embeddable":true,"href":"https:\/\/www.salzburgerland.com\/hu\/wp-json\/wp\/v2\/media\/22397"}],"wp:attachment":[{"href":"https:\/\/www.salzburgerland.com\/hu\/wp-json\/wp\/v2\/media?parent=13702"}],"wp:term":[{"taxonomy":"category","embeddable":true,"href":"https:\/\/www.salzburgerland.com\/hu\/wp-json\/wp\/v2\/categories?post=13702"},{"taxonomy":"post_tag","embeddable":true,"href":"https:\/\/www.salzburgerland.com\/hu\/wp-json\/wp\/v2\/tags?post=13702"},{"taxonomy":"wl_entity_type","embeddable":true,"href":"https:\/\/www.salzburgerland.com\/hu\/wp-json\/wp\/v2\/wl_entity_type?post=13702"}],"curies":[{"name":"wp","href":"https:\/\/api.w.org\/{rel}","templated":true}]}}