{"id":12834,"date":"2021-05-24T10:38:20","date_gmt":"2021-05-24T08:38:20","guid":{"rendered":"https:\/\/www.salzburgerland.com\/hu\/?p=12834"},"modified":"2024-01-18T21:35:25","modified_gmt":"2024-01-18T20:35:25","slug":"10-ok-amiert-erdemes-a-salzburg-tartomany-kartyat-valasztani","status":"publish","type":"post","link":"https:\/\/www.salzburgerland.com\/hu\/10-ok-amiert-erdemes-a-salzburg-tartomany-kartyat-valasztani\/","title":{"rendered":"10 ok, ami\u00e9rt \u00e9rdemes a Salzburg tartom\u00e1ny k\u00e1rty\u00e1t v\u00e1lasztani"},"content":{"rendered":"<p><strong>Salzburg tartom\u00e1nynak<\/strong> nagyon rengeteg arca van,\u00a0\u00e9s valamennyi \u00f6nmag\u00e1ban is meg\u00e9r egy utaz\u00e1st. A <strong>strandol\u00e1s<\/strong> rajong\u00f3i felfriss\u00fclhetnek a tavakban vagy a term\u00e1lf\u00fcrd\u0151kben. A <strong>sportos kalandok<\/strong> kedvel\u0151inek szurdokokat, alpesi t\u00far\u00e1kat vagy szervezett hegyi t\u00far\u00e1kat tartogatunk. A<strong> kult\u00fara szerelmesei<\/strong> sz\u00e1m\u00e1ra Salzburg v\u00e1ros\u00e1ban minden megtal\u00e1lhat\u00f3. Akiket a <strong>t\u00f6rt\u00e9nelmi eml\u00e9kek<\/strong> \u00e9rdekelnek, \u0151ket rengeteg v\u00e1r, m\u00fazeum vagy Mozart v\u00e1ros\u00e1nak fest\u0151i kis utc\u00e1in tett m\u00faltid\u00e9z\u0151 s\u00e9ta v\u00e1rja. Ez a <strong>soksz\u00edn\u0171s\u00e9g<\/strong> hat\u00e1rozza meg a nyarat Salzburg tartom\u00e1nyban, \u00e9s az ezzel j\u00e1r\u00f3 <strong>boldogs\u00e1g pillanatai\u00e9rt \u00e9l\u00fcnk<\/strong>.<\/p>\n<h2>V\u00e1rosn\u00e9z\u00e9s vagy vid\u00e9ki utaz\u00e1s?<\/h2>\n<p>A Salzburg tartom\u00e1ny k\u00e1rty\u00e1val (vagy okostelefonunkkal) a tarsolyunkban tulajdonk\u00e9ppen m\u00e1r csak egyetlen egy dolgot kell eld\u00f6nten\u00fcnk: <strong>a v\u00e1rost vagy a vid\u00e9ket fedezz\u00fck fel ink\u00e1bb?<\/strong>\u00a0Vagy egy <strong>24 \u00f3r\u00e1s salzburgi v\u00e1rosl\u00e1togat\u00e1sra<\/strong> haszn\u00e1ljuk fel a k\u00e1rty\u00e1t, ami tartalmazza az \u00f6sszes l\u00e1tnival\u00f3t, vagy a <a href=\"https:\/\/www.salzburgerland.com\/de\/grossglockner-hochalpenstrasse\/\" target=\"_blank\" rel=\"noopener\"><strong>Gro\u00dfglockner alpesi panor\u00e1ma\u00fatra<\/strong><\/a>. <strong>V\u00e1laszthat\u00f3an<\/strong> mindkett\u0151t tartalmazza a Salzburg tartom\u00e1ny k\u00e1rtya(SalzburgerLand Card).<\/p>\n<div id=\"attachment_8295\" style=\"width: 1180px\" class=\"wp-caption alignnone\"><img decoding=\"async\" aria-describedby=\"caption-attachment-8295\" class=\"size-1170_658 wp-image-8295\" src=\"https:\/\/cdn.salzburgerland.com\/hu\/wp-content\/uploads\/2019\/04\/rz_glockner__mik1799--koenigshofer-michael-1170x658.jpg\" alt=\"Grossglockner Hochalpenstrasse - Grossglockner panor\u00e1ma\u00fat \" width=\"1170\" height=\"658\" srcset=\"https:\/\/www.salzburgerland.com\/hu\/wp-content\/uploads\/2019\/04\/rz_glockner__mik1799--koenigshofer-michael-1170x658.jpg 1170w, https:\/\/www.salzburgerland.com\/hu\/wp-content\/uploads\/2019\/04\/rz_glockner__mik1799--koenigshofer-michael-1200x675.jpg 1200w\" sizes=\"(max-width: 1170px) 100vw, 1170px\"><p id=\"caption-attachment-8295\" class=\"wp-caption-text\">A magas alpesi Grossglockner panor\u00e1ma\u00fat \u00a9 Michael K\u00f6nigshofer<\/p><\/div>\n<p>Indulhat is a felfedez\u00e9s <strong>Salzburg tartom\u00e1nyban<\/strong>! Szeretne egy kis \u00edzel\u00edt\u0151t kapni?<\/p>\n<h2>1. F\u00fcrd\u0151nap a salzburgi t\u00f3vid\u00e9ken \u2013 a legklasszabb \u00e9lm\u00e9ny a Mattsee t\u00f3n\u00e1l<\/h2>\n<p>\u0150szint\u00e9n, melyik f\u00fcrd\u0151t nevezhetj\u00fck<strong> \u201et\u00f6rt\u00e9nelmi\u201d<\/strong>-nek? A Mattsee t\u00f3 strandf\u00fcrd\u0151je csaknem <strong>100 \u00e9ve<\/strong> v\u00e1rja a l\u00e1togat\u00f3it, \u00e9s egy r\u00e9sze <strong>m\u0171eml\u00e9kv\u00e9delem<\/strong> alatt \u00e1ll. A<strong> nosztalgikus var\u00e1zs<\/strong> azonban nem megy a <strong>modern sz\u00f3rakoz\u00e1s<\/strong> k\u00e1r\u00e1ra: az iv\u00f3v\u00edzmin\u0151s\u00e9g\u0171 tavon, a szomsz\u00e9dos <strong>Mattsee kast\u00e9lyon<\/strong>, a 400 m\u00e9ter hossz\u00fa <strong>strandon<\/strong> \u00e9s az <strong>\u00e9rintetlen<\/strong> <strong>term\u00e9szeten<\/strong> k\u00edv\u00fcl az itt t\u00f6lt\u00f6tt id\u0151 sz\u00e1mtalan sz\u00f3rakoz\u00e1si lehet\u0151s\u00e9get rejt, k\u00fcl\u00f6n\u00f6sen a gyermekek sz\u00e1m\u00e1ra. Csak ennyit mondunk: <strong>\u00f3ri\u00e1s cs\u00faszda, b\u00fav\u00e1rtorony, j\u00e9ghegy, v\u00edzi trambulin \u00e9s strandr\u00f6plabda p\u00e1ly\u00e1k<\/strong>! \u00c9s ha m\u00e1r a Mattsee-n\u00e9l j\u00e1runk, felt\u00e9tlen\u00fcl fedezz\u00fck fel ezt a kellemes helyet, <strong>fagyizzunk<\/strong> \u00e9s barangoljunk egy kicsit <strong>a t\u00f3 s\u00e9t\u00e1ny\u00e1n<\/strong>, igaz\u00e1n \u00e9rdemes. <a href=\"https:\/\/www.salzburgerland.com\/de\/magazin\/mattsee-ein-sommertag-am-see\/\" target=\"_blank\" rel=\"noopener\"><strong>Ezen a linken megn\u00e9zheti, mir\u0151l maradna le.<\/strong><\/a><\/p>\n<p><strong>Korl\u00e1tlan bel\u00e9p\u00e9s ingyenesen\u00a0Salzburg tartom\u00e1ny k\u00e1rty\u00e1val!<\/strong><\/p>\n<div id=\"attachment_7426\" style=\"width: 1180px\" class=\"wp-caption alignnone\"><img decoding=\"async\" aria-describedby=\"caption-attachment-7426\" class=\"size-1170_658 wp-image-7426\" src=\"https:\/\/cdn.salzburgerland.com\/hu\/wp-content\/uploads\/2016\/11\/dsc_0028mattsee-1170x658.jpg\" alt=\"\" width=\"1170\" height=\"658\" srcset=\"https:\/\/www.salzburgerland.com\/hu\/wp-content\/uploads\/2016\/11\/dsc_0028mattsee-1170x658.jpg 1170w, https:\/\/www.salzburgerland.com\/hu\/wp-content\/uploads\/2016\/11\/dsc_0028mattsee-1200x675.jpg 1200w\" sizes=\"(max-width: 1170px) 100vw, 1170px\"><p id=\"caption-attachment-7426\" class=\"wp-caption-text\">A Mattsee t\u00f3 @ Achim Meurer<\/p><\/div>\n<h2>2. Pancsol\u00e1s \u00e9s pezsg\u0151f\u00fcrd\u0151 a term\u00e1lvizes f\u00fcrd\u0151kben<\/h2>\n<p>Bali vagy a Mald\u00edv-szigetek, kinek kell az? Meleg, <strong>szikr\u00e1z\u00f3 k\u00e9k v\u00edz<\/strong> minden sarkon fellelhet\u0151 Salzburg tartom\u00e1nyban is. Tipp\u00fcnk: Utazzon el a <strong>Gasteinertal<\/strong> <strong>v\u00f6lgybe<\/strong>! Itt vannak ugyanis Ausztria els\u0151 <strong>term\u00e1lvizes tavai<\/strong>, s mint k\u00e9t laguna ter\u00fclnek el az <strong>Alpentherme Bad Hofgastein<\/strong> f\u00fcrd\u0151j\u00e9ben. A term\u00e1lvizes t\u00f3 el\u0151sz\u00f6r furcs\u00e1n hangozhat, de val\u00f3j\u00e1ban nem az. Ez t\u00f6rt\u00e9nik, amikor szabad foly\u00e1st enged\u00fcnk a term\u00e9szetnek. A <strong>Magas-Tauern-b\u0151l<\/strong> minden nap 150 m\u00b3 friss term\u00e1lv\u00edz \u00f6mlik a tavakba. Mind az <strong>\u00fasz\u00f3k<\/strong>, mind a<strong> SUP-oz\u00f3k<\/strong> kedvelik a gastein-i lag\u00fan\u00e1kat, m\u00e1r csak az\u00e9rt is, mert Bad Hofgastein vonattal gyorsan \u00e9s egyszer\u0171en el\u00e9rhet\u0151 Salzburgb\u00f3l. Szeretne k\u00f6zelebbi k\u00e9pet kapni a tavakr\u00f3l? <strong><a href=\"https:\/\/thermenhotels-gastein.com\/en\/alpentherme\" target=\"_blank\" rel=\"noopener\">Ezen a linken tal\u00e1l t\u00f6bb inform\u00e1ci\u00f3t az Alpentherme Gastein-r\u00f3l<\/a><\/strong>.<\/p>\n<p><strong>A Salzburg\u00a0tartom\u00e1ny k\u00e1rtya\u00a0egyszeri (4 \u00f3r\u00e1s) ingyenes bel\u00e9p\u00e9sre jogos\u00edt!<\/strong><\/p>\n\n\t\t\t<div id=\"12834-1\" class=\"gallery gallery-12834 gallery-columns-3 gallery-size-1170_658\" itemscope itemtype=\"http:\/\/schema.org\/ImageGallery\">\n\t\t\t\t<ul class=\"gallery-row gallery-col-3 gallery-clear\">\n\t\t\t\t\t<li class=\"gallery-item col-3\" itemprop=\"associatedMedia\" itemscope itemtype=\"http:\/\/schema.org\/ImageObject\">\n\t\t\t\t\t\t<div class=\"gallery-icon landscape\"><a href=\"https:\/\/www.salzburgerland.com\/hu\/wp-content\/uploads\/2021\/05\/seen_sup1-1920x1067-1.jpg\" title=\"seen_sup1-1920x1067\"><img decoding=\"async\" data-title=\"Tavi SUP-oz\u00e1s @ Alpentherme Gastein, Wolkersdorf\" title=\"Tavi SUP-oz\u00e1s @ Alpentherme Gastein, Wolkersdorf\" data-caption=\"Tavi SUP-oz\u00e1s @ Alpentherme Gastein, Wolkersdorf\" width=\"1170\" height=\"658\" src=\"https:\/\/www.salzburgerland.com\/hu\/wp-content\/uploads\/2021\/05\/seen_sup1-1920x1067-1-1170x658.jpg\" class=\"attachment-1170_658 size-1170_658\" alt=\"Egy n\u0151 evez\u0151lap\u00e1ton egy k\u00e9k tavon a Salzburg tartom\u00e1ny k\u00e1rtya leny\u0171g\u00f6z\u0151 hegyvid\u00e9ki t\u00e1j\u00e1n. (Nagy\u00edtott n\u00e9zet)\" srcset=\"https:\/\/www.salzburgerland.com\/hu\/wp-content\/uploads\/2021\/05\/seen_sup1-1920x1067-1-1170x658.jpg 1170w, https:\/\/www.salzburgerland.com\/hu\/wp-content\/uploads\/2021\/05\/seen_sup1-1920x1067-1-1200x675.jpg 1200w\" sizes=\"(max-width: 1170px) 100vw, 1170px\" aria-describedby=\"figcaption-12834-12843\" itemprop=\"thumbnail\"><\/a><\/div>\n\t\t\t\t\t\t<span id=\"figcaption-12834-12843\" class=\"gallery-caption\" itemprop=\"caption\"><span aria-hidden=\"true\">Tavi SUP-oz\u00e1s @ Alpentherme Gastein, Wolkersdorf<\/span><\/span>\n\t\t\t\t\t<\/li>\n\t\t\t\t\t<li class=\"gallery-item col-3\" itemprop=\"associatedMedia\" itemscope itemtype=\"http:\/\/schema.org\/ImageObject\">\n\t\t\t\t\t\t<div class=\"gallery-icon landscape\"><a href=\"https:\/\/www.salzburgerland.com\/hu\/wp-content\/uploads\/2021\/05\/kleinesee-1920x1067-1.jpg\" title=\"kleinesee-1920x1067\"><img decoding=\"async\" data-title=\"Alpentherme Gastein @ Alpentherme Gastein, Wolkersdorf\" title=\"Alpentherme Gastein @ Alpentherme Gastein, Wolkersdorf\" data-caption=\"Alpentherme Gastein @ Alpentherme Gastein, Wolkersdorf\" width=\"1170\" height=\"658\" src=\"https:\/\/www.salzburgerland.com\/hu\/wp-content\/uploads\/2021\/05\/kleinesee-1920x1067-1-1170x658.jpg\" class=\"attachment-1170_658 size-1170_658\" alt=\"K\u00fclt\u00e9ri medence nyug\u00e1gyakkal \u00e9s naperny\u0151kkel, ingyenes bel\u00e9p\u00e9ssel, Salzburg tartom\u00e1ny k\u00e1rtya-hegyi kil\u00e1t\u00e1ssal. (Nagy\u00edtott n\u00e9zet)\" srcset=\"https:\/\/www.salzburgerland.com\/hu\/wp-content\/uploads\/2021\/05\/kleinesee-1920x1067-1-1170x658.jpg 1170w, https:\/\/www.salzburgerland.com\/hu\/wp-content\/uploads\/2021\/05\/kleinesee-1920x1067-1-1200x675.jpg 1200w\" sizes=\"(max-width: 1170px) 100vw, 1170px\" aria-describedby=\"figcaption-12834-12844\" itemprop=\"thumbnail\"><\/a><\/div>\n\t\t\t\t\t\t<span id=\"figcaption-12834-12844\" class=\"gallery-caption\" itemprop=\"caption\"><span aria-hidden=\"true\">Alpentherme Gastein @ Alpentherme Gastein, Wolkersdorf<\/span><\/span>\n\t\t\t\t\t<\/li>\n\t\t\t\t\t<li class=\"gallery-item col-3\" itemprop=\"associatedMedia\" itemscope itemtype=\"http:\/\/schema.org\/ImageObject\">\n\t\t\t\t\t\t<div class=\"gallery-icon landscape\"><a href=\"https:\/\/www.salzburgerland.com\/hu\/wp-content\/uploads\/2021\/05\/wolkenstimmungtherme-1920x1067-1.jpg\" title=\"wolkenstimmungtherme-1920x1067\"><img decoding=\"async\" data-title=\"Alpentherme Gastein @ Alpentherme Gastein, Wolkersdorf\" title=\"Alpentherme Gastein @ Alpentherme Gastein, Wolkersdorf\" data-caption=\"Alpentherme Gastein @ Alpentherme Gastein, Wolkersdorf\" width=\"1170\" height=\"658\" src=\"https:\/\/www.salzburgerland.com\/hu\/wp-content\/uploads\/2021\/05\/wolkenstimmungtherme-1920x1067-1-1170x658.jpg\" class=\"attachment-1170_658 size-1170_658\" alt=\"K\u00fclt\u00e9ri medence s\u00e1rga naperny\u0151kkel, nyug\u00e1gyakkal \u00e9s hegyi kil\u00e1t\u00e1ssal - t\u00f6k\u00e9letes egy salzburgi tartom\u00e1ny k\u00e1rtya mell\u00e9. (Nagy\u00edtott n\u00e9zet)\" srcset=\"https:\/\/www.salzburgerland.com\/hu\/wp-content\/uploads\/2021\/05\/wolkenstimmungtherme-1920x1067-1-1170x658.jpg 1170w, https:\/\/www.salzburgerland.com\/hu\/wp-content\/uploads\/2021\/05\/wolkenstimmungtherme-1920x1067-1-1200x675.jpg 1200w\" sizes=\"(max-width: 1170px) 100vw, 1170px\" aria-describedby=\"figcaption-12834-12842\" itemprop=\"thumbnail\"><\/a><\/div>\n\t\t\t\t\t\t<span id=\"figcaption-12834-12842\" class=\"gallery-caption\" itemprop=\"caption\"><span aria-hidden=\"true\">Alpentherme Gastein @ Alpentherme Gastein, Wolkersdorf<\/span><\/span>\n\t\t\t\t\t<\/li>\n\t\t\t\t<\/ul>\n\t\t\t<\/div><!-- .gallery -->\n\n<h2>3. Vissza a j\u00e9gkorszakba \u2013 h\u0171s\u00f6l\u00e9s a szurdokban<\/h2>\n<p>Ha m\u00e1r elegend\u0151 \u00e9lm\u00e9nyt gy\u0171jt\u00f6tt a tavakn\u00e1l \u00e9s term\u00e1lf\u00fcrd\u0151kn\u00e9l, tal\u00e1n a v\u00edz egy m\u00e1sik v\u00e1ltozat\u00e1val m\u00e9g meglephetj\u00fck \u00d6nt. Salzburg tartom\u00e1ny<strong> leny\u0171g\u00f6z\u0151, h\u0171v\u00f6s szurdokoknak<\/strong> ad otthont. K\u00fcl\u00f6n\u00f6sen \u00e9rdemes bej\u00e1rni a <strong>Seisenbergklamm szurdokot<\/strong> a <strong>Salzburgi Saalachtal-ban<\/strong>, m\u00e1r csak az\u00e9rt is, mert <strong>12.000 \u00e9vig<\/strong> tartott, m\u00edg a v\u00edz a kem\u00e9ny m\u00e9szk\u0151n \u00e1t utat t\u00f6rt mag\u00e1nak. B\u00e1r dinoszauruszokat \u00e9s mamutokat nem tal\u00e1lunk itt, de a magas p\u00e1ratartalom \u00e9s a k\u00fcl\u00f6nleges n\u00f6v\u00e9nyek a <strong>dzsungel \u00e9rz\u00e9s\u00e9t<\/strong> <strong>keltik<\/strong> az \u00fat sor\u00e1n. De figyeljen <strong>a szurdok szellem\u00e9re<\/strong>, amely a keskeny sziklafalak \u00e9s a robajl\u00f3 v\u00edz k\u00f6z\u00f6tt rejt\u0151zik! Ha \u00f6sszetal\u00e1lkozna vele, aggodalomra semmi ok: j\u00f3 sz\u00e1nd\u00e9kkal k\u00f6zeledik \u00e9s t\u00f6bb \u00e1llom\u00e1son kereszt\u00fcl mutat be <strong>\u00e9rdekess\u00e9geket a term\u00e9szetr\u0151l \u00e9s k\u00f6rnyezetr\u0151l<\/strong>. Egy h\u0171v\u00f6s helyre v\u00e1gyik a ny\u00e1ri forr\u00f3s\u00e1gban? <a href=\"https:\/\/www.salzburgerland.com\/de\/magazin\/wilde-wasser-in-der-seisenbergklamm\/\" target=\"_blank\" rel=\"noopener\"><strong>Akkor ir\u00e1ny a Seisenbergklamm szurdok!<\/strong><\/a><\/p>\n<div>\n<p><strong>Korl\u00e1tlan bel\u00e9p\u00e9s ingyenesen\u00a0Salzburg tartom\u00e1ny k\u00e1rty\u00e1val!<\/strong><\/p>\n<div id=\"attachment_12004\" style=\"width: 1180px\" class=\"wp-caption alignnone\"><img decoding=\"async\" aria-describedby=\"caption-attachment-12004\" class=\"size-1170_658 wp-image-12004\" src=\"https:\/\/cdn.salzburgerland.com\/hu\/wp-content\/uploads\/2019\/04\/seisenbergklamm-36-1170x658.jpg\" alt=\"A Seisenbergklamm szurdok, Seisenbergklamm\" width=\"1170\" height=\"658\" srcset=\"https:\/\/www.salzburgerland.com\/hu\/wp-content\/uploads\/2019\/04\/seisenbergklamm-36-1170x658.jpg 1170w, https:\/\/www.salzburgerland.com\/hu\/wp-content\/uploads\/2019\/04\/seisenbergklamm-36-1200x675.jpg 1200w\" sizes=\"(max-width: 1170px) 100vw, 1170px\"><p id=\"caption-attachment-12004\" class=\"wp-caption-text\">A Seisenbergklamm szurdok \u00a9 Markus Grosinger, Markus Grosinger<\/p><\/div>\n<h2>4. Fossz\u00edli\u00e1k \u00e9s kutat\u00f3k \u2013 a neanderv\u00f6lgyiek nyom\u00e1ban<\/h2>\n<\/div>\n<div>\n<p><span>Ha a <strong>gollingi Salzachklamm szurdok<\/strong> szikl\u00e1i besz\u00e9lni tudn\u00e1nak, biztos lenne mit mes\u00e9lni\u00fck, mivel a Seisenbergklamm szurdokhoz hasonl\u00f3an itt is t\u00f6bbezer \u00e9v alatt t\u00f6rte \u00e1t mag\u00e1t a v\u00edz a szikl\u00e1kon. Megd\u00f6bbent\u0151, hogy ezen a helyen <strong>400.000 \u00e9vvel ezel\u0151tt<\/strong> <strong>neanderv\u00f6lgyiek \u00e9ltek<\/strong> a barlangokban, vagy hogy egy t\u00fara sor\u00e1n ak\u00e1r <strong>k\u00e9tsz\u00e1zmilli\u00f3 \u00e9ves fossz\u00edli\u00e1kat<\/strong> is a kez\u00fcnkbe tarthatunk. Ha szeretn\u00e9 felfedezni a szurdokot, megteheti ezt egy vezetett t\u00fara sor\u00e1n, <strong>kalandos<\/strong>, de m\u00e9gis <strong>biztons\u00e1gos<\/strong> <strong>t\u00e1vols\u00e1gb\u00f3l<\/strong> csod\u00e1lva a zubog\u00f3 vizet. <a href=\"https:\/\/www.salzburgerland.com\/de\/magazin\/erlebnisschlucht-salzachoefen\/\" target=\"_blank\" rel=\"noopener\"><strong>Itt kaphat egy kis \u00edzel\u00edt\u0151t a vad \u00e9s romantikus Salzachklamm szurdokb\u00f3l.<\/strong><\/a><\/span><\/p>\n<\/div>\n<div>\n<p><strong>Korl\u00e1tlan bel\u00e9p\u00e9s ingyenesen\u00a0Salzburg tartom\u00e1ny k\u00e1rty\u00e1val!<\/strong><\/p>\n<div id=\"attachment_12845\" style=\"width: 1034px\" class=\"wp-caption alignnone\"><img decoding=\"async\" aria-describedby=\"caption-attachment-12845\" class=\"size-medium wp-image-12845\" src=\"https:\/\/cdn.salzburgerland.com\/hu\/wp-content\/uploads\/2021\/05\/salzachklamm_1tvb_golling-1170x658-1-1024x569.jpg\" alt=\"\" width=\"1024\" height=\"569\" srcset=\"https:\/\/www.salzburgerland.com\/hu\/wp-content\/uploads\/2021\/05\/salzachklamm_1tvb_golling-1170x658-1-1024x569.jpg 1024w, https:\/\/www.salzburgerland.com\/hu\/wp-content\/uploads\/2021\/05\/salzachklamm_1tvb_golling-1170x658-1-370x206.jpg 370w, https:\/\/www.salzburgerland.com\/hu\/wp-content\/uploads\/2021\/05\/salzachklamm_1tvb_golling-1170x658-1-270x150.jpg 270w, https:\/\/www.salzburgerland.com\/hu\/wp-content\/uploads\/2021\/05\/salzachklamm_1tvb_golling-1170x658-1-540x300.jpg 540w\" sizes=\"(max-width: 1024px) 100vw, 1024px\"><p id=\"caption-attachment-12845\" class=\"wp-caption-text\">A vad \u00e9s romantikus Salzachklamm @ Tourismusverband Golling<\/p><\/div>\n<h2>5. Sz\u00ednes \u00e1sv\u00e1nyok \u00e9s sok-sok r\u00e9z \u2013 a h\u00fcttau-i l\u00e1tv\u00e1nyb\u00e1ny\u00e1ban<\/h2>\n<div>\n<p>Haladjunk tov\u00e1bb a zord szurdokokt\u00f3l \u2013 k\u00f6zvetlen\u00fcl az egyik <strong>hegy belsej\u00e9be<\/strong>. K\u00edv\u00fclr\u0151l n\u00e9zve a<strong> h\u00fcttau-i r\u00e9zb\u00e1nya<\/strong> jelent\u00e9ktelennek t\u0171nhet, de ez ne t\u00e9vesszen meg senkit. A kis fa bej\u00e1rat k\u00f6zvetlen\u00fcl a <strong>Georg-j\u00e1ratokba<\/strong> vezet. A hely sz\u0171k\u00f6s \u00e9s vaks\u00f6t\u00e9ts\u00e9g uralkodik. Na igen, majdnem. A l\u00e1tv\u00e1nyb\u00e1ny\u00e1n bel\u00fcl a <strong>megfelel\u0151 vil\u00e1g\u00edt\u00e1s<\/strong> term\u00e9szetesen biztos\u00edtott. Ez lehet\u0151v\u00e9 teszi, hogy l\u00e1ssuk a v\u00edzcseppes barlangfalakat, a <strong>sz\u00ednes \u00e1sv\u00e1nyi anyagokat<\/strong>, \u00e9s b\u00e1tors\u00e1got ad ahhoz, hogy a fal\u00e9pcs\u0151k\u00f6n egyre m\u00e9lyebbre mer\u00e9szkedj\u00fcnk a hegy belsej\u00e9be. Itt f\u00e9lre kell tenni a klausztrof\u00f3bi\u00e1t \u2013 ez\u00e9rt figyelemelterel\u00e9sk\u00e9nt n\u00e9h\u00e1ny <strong>l\u00e1tv\u00e1nyoss\u00e1g<\/strong> v\u00e1rja a l\u00e1togat\u00f3kat, mint p\u00e9ld\u00e1ul a f\u00e1b\u00f3l k\u00e9sz\u00fclt <strong>\u00e9rccs\u00faszda<\/strong> \u00e9s az \u00fan. <strong>\u201eErsoffene Gesenk\u201d<\/strong>, a hegy legm\u00e9lyebb pontja. <a href=\"https:\/\/www.salzburgerland.com\/de\/huettau-niedernfritz\/\" target=\"_blank\" rel=\"noopener\"><strong>Itt megtudhatja, milyen felfedezni val\u00f3k v\u00e1rnak m\u00e9g \u00d6nre a h\u00fcttau-i l\u00e1tv\u00e1nyb\u00e1ny\u00e1ban.<\/strong><\/a><\/p>\n<\/div>\n<div>\n<p><strong>Korl\u00e1tlan bel\u00e9p\u00e9s ingyenesen\u00a0Salzburg tartom\u00e1ny k\u00e1rty\u00e1val!<\/strong><\/p>\n\n\t\t\t<div id=\"12834-2\" class=\"gallery gallery-12834 gallery-columns-3 gallery-size-1170_658\" itemscope itemtype=\"http:\/\/schema.org\/ImageGallery\">\n\t\t\t\t<ul class=\"gallery-row gallery-col-3 gallery-clear\">\n\t\t\t\t\t<li class=\"gallery-item col-3\" itemprop=\"associatedMedia\" itemscope itemtype=\"http:\/\/schema.org\/ImageObject\">\n\t\t\t\t\t\t<div class=\"gallery-icon landscape\"><a href=\"https:\/\/www.salzburgerland.com\/hu\/wp-content\/uploads\/2021\/05\/c-kupferzeche-huette_harald-boerner-1-1920x1067-1.jpg\" title=\"c-kupferzeche-huette_harald-boerner-1-1920x1067\"><img decoding=\"async\" data-title=\"A h\u00fcttau-i l\u00e1tv\u00e1nyb\u00e1nya @ Kupferzeche H\u00fcttau, Harald Boerner\" title=\"A h\u00fcttau-i l\u00e1tv\u00e1nyb\u00e1nya @ Kupferzeche H\u00fcttau, Harald Boerner\" data-caption=\"A h\u00fcttau-i l\u00e1tv\u00e1nyb\u00e1nya @ Kupferzeche H\u00fcttau, Harald Boerner\" width=\"1170\" height=\"658\" src=\"https:\/\/www.salzburgerland.com\/hu\/wp-content\/uploads\/2021\/05\/c-kupferzeche-huette_harald-boerner-1-1920x1067-1-1170x658.jpg\" class=\"attachment-1170_658 size-1170_658\" alt=\"Sz\u0171z M\u00e1ria szobra kivil\u00e1g\u00edtva \u00e1ll egy sziklabarlang belsej\u00e9ben Salzburg tartom\u00e1ny k\u00e1rtya. (Nagy\u00edtott n\u00e9zet)\" srcset=\"https:\/\/www.salzburgerland.com\/hu\/wp-content\/uploads\/2021\/05\/c-kupferzeche-huette_harald-boerner-1-1920x1067-1-1170x658.jpg 1170w, https:\/\/www.salzburgerland.com\/hu\/wp-content\/uploads\/2021\/05\/c-kupferzeche-huette_harald-boerner-1-1920x1067-1-1200x675.jpg 1200w\" sizes=\"(max-width: 1170px) 100vw, 1170px\" aria-describedby=\"figcaption-12834-12846\" itemprop=\"thumbnail\"><\/a><\/div>\n\t\t\t\t\t\t<span id=\"figcaption-12834-12846\" class=\"gallery-caption\" itemprop=\"caption\"><span aria-hidden=\"true\">A h\u00fcttau-i l\u00e1tv\u00e1nyb\u00e1nya @ Kupferzeche H\u00fcttau, Harald Boerner<\/span><\/span>\n\t\t\t\t\t<\/li>\n\t\t\t\t\t<li class=\"gallery-item col-3\" itemprop=\"associatedMedia\" itemscope itemtype=\"http:\/\/schema.org\/ImageObject\">\n\t\t\t\t\t\t<div class=\"gallery-icon landscape\"><a href=\"https:\/\/www.salzburgerland.com\/hu\/wp-content\/uploads\/2021\/05\/c-kupferzeche-huette_harald-boerner-3-1920x1067-1.jpg\" title=\"c-kupferzeche-huette_harald-boerner-3-1920x1067\"><img decoding=\"async\" data-title=\"A h\u00fcttau-i l\u00e1tv\u00e1nyb\u00e1nya @ Kupferzeche H\u00fcttau, Harald Boerner\" title=\"A h\u00fcttau-i l\u00e1tv\u00e1nyb\u00e1nya @ Kupferzeche H\u00fcttau, Harald Boerner\" data-caption=\"A h\u00fcttau-i l\u00e1tv\u00e1nyb\u00e1nya @ Kupferzeche H\u00fcttau, Harald Boerner\" width=\"1170\" height=\"658\" src=\"https:\/\/www.salzburgerland.com\/hu\/wp-content\/uploads\/2021\/05\/c-kupferzeche-huette_harald-boerner-3-1920x1067-1-1170x658.jpg\" class=\"attachment-1170_658 size-1170_658\" alt=\"K\u00f6zelk\u00e9p egy feh\u00e9r barlangi k\u00e9pz\u0151dm\u00e9nyr\u0151l lel\u00f3g\u00f3 v\u00edzcseppekr\u0151l Salzburg tartom\u00e1ny k\u00e1rtya r\u00e9gi\u00f3j\u00e1ban. (Nagy\u00edtott n\u00e9zet)\" srcset=\"https:\/\/www.salzburgerland.com\/hu\/wp-content\/uploads\/2021\/05\/c-kupferzeche-huette_harald-boerner-3-1920x1067-1-1170x658.jpg 1170w, https:\/\/www.salzburgerland.com\/hu\/wp-content\/uploads\/2021\/05\/c-kupferzeche-huette_harald-boerner-3-1920x1067-1-1200x675.jpg 1200w\" sizes=\"(max-width: 1170px) 100vw, 1170px\" aria-describedby=\"figcaption-12834-12847\" itemprop=\"thumbnail\"><\/a><\/div>\n\t\t\t\t\t\t<span id=\"figcaption-12834-12847\" class=\"gallery-caption\" itemprop=\"caption\"><span aria-hidden=\"true\">A h\u00fcttau-i l\u00e1tv\u00e1nyb\u00e1nya @ Kupferzeche H\u00fcttau, Harald Boerner<\/span><\/span>\n\t\t\t\t\t<\/li>\n\t\t\t\t\t<li class=\"gallery-item col-3\" itemprop=\"associatedMedia\" itemscope itemtype=\"http:\/\/schema.org\/ImageObject\">\n\t\t\t\t\t\t<div class=\"gallery-icon landscape\"><a href=\"https:\/\/www.salzburgerland.com\/hu\/wp-content\/uploads\/2021\/05\/c-kupferzeche-huette_harald-boerner-1920x1067-1.jpg\" title=\"A h\u00fcttau-i l\u00e1tv\u00e1nyb\u00e1nya\"><img decoding=\"async\" data-title=\"A h\u00fcttau-i l\u00e1tv\u00e1nyb\u00e1nya @ Kupferzeche H\u00fcttau, Harald Boerner\" title=\"A h\u00fcttau-i l\u00e1tv\u00e1nyb\u00e1nya @ Kupferzeche H\u00fcttau, Harald Boerner\" data-caption=\"A h\u00fcttau-i l\u00e1tv\u00e1nyb\u00e1nya @ Kupferzeche H\u00fcttau, Harald Boerner\" width=\"1170\" height=\"658\" src=\"https:\/\/www.salzburgerland.com\/hu\/wp-content\/uploads\/2021\/05\/c-kupferzeche-huette_harald-boerner-1920x1067-1-1170x658.jpg\" class=\"attachment-1170_658 size-1170_658\" alt=\"A h\u00fcttau-i l\u00e1tv\u00e1nyb\u00e1nya (Nagy\u00edtott n\u00e9zet)\" srcset=\"https:\/\/www.salzburgerland.com\/hu\/wp-content\/uploads\/2021\/05\/c-kupferzeche-huette_harald-boerner-1920x1067-1-1170x658.jpg 1170w, https:\/\/www.salzburgerland.com\/hu\/wp-content\/uploads\/2021\/05\/c-kupferzeche-huette_harald-boerner-1920x1067-1-1200x675.jpg 1200w\" sizes=\"(max-width: 1170px) 100vw, 1170px\" aria-describedby=\"figcaption-12834-12848\" itemprop=\"thumbnail\"><\/a><\/div>\n\t\t\t\t\t\t<span id=\"figcaption-12834-12848\" class=\"gallery-caption\" itemprop=\"caption\"><span aria-hidden=\"true\">A h\u00fcttau-i l\u00e1tv\u00e1nyb\u00e1nya @ Kupferzeche H\u00fcttau, Harald Boerner<\/span><\/span>\n\t\t\t\t\t<\/li>\n\t\t\t\t<\/ul>\n\t\t\t<\/div><!-- .gallery -->\n\n<h2>6. \u00c9rz\u00e9kek \u00e9lm\u00e9nye \u2013 Keresse fel az \u201e\u00c9rz\u00e9kek hegy\u00e9t\u201d Leogang-ban<\/h2>\n<p>A hegy belseje ut\u00e1n menj\u00fcnk fel a hegyre, eg\u00e9szen a cs\u00facsig. A leogang-i<strong> Asitz hegyre<\/strong> k\u00e9nyelmesen feljuthatunk a <strong>hegyi felvon\u00f3val<\/strong>. Amint fel\u00e9r\u00fcnk, r\u00f6gt\u00f6n meg\u00e9rtj\u00fck, mi\u00e9rt tal\u00e1l\u00f3 n\u00e9v az <strong>\u201e\u00c9rz\u00e9kek hegye\u201d (Berg der Sinne)<\/strong>. A term\u00e9szet ezen \u201emozij\u00e1ban\u201d a fa nyug\u00e1gyakon \u00e9s f\u00fcgg\u0151\u00e1gyakon megpihenve a <strong>Leoganger Steinberge<\/strong> <strong>hegys\u00e9g<\/strong> \u00e9s a <strong>Steinerne Meer<\/strong> olyan gy\u00f6ny\u00f6r\u0171 <strong>l\u00e1tv\u00e1nya<\/strong> t\u00e1rul el\u00e9nk, amivel garant\u00e1ltan nem tudunk majd betelni.<\/p>\n<p>Tal\u00e1n \u00e9rzi is a gy\u00f3gyn\u00f6v\u00e9nyek illat\u00e1t a leveg\u0151ben? Ha m\u00e9gsem, akkor a gy\u00f3gy- \u00e9s alpesi n\u00f6v\u00e9nyek t\u00far\u00e1j\u00e1n kipr\u00f3b\u00e1lhatja, milyen az, amikor az <strong>illatok<\/strong> mag\u00e1val ragadj\u00e1k. \u201eGoooong!\u201d \u2013 mi volt ez? Val\u00f3sz\u00edn\u0171leg egy hangt\u00e1l, ami a <strong>hangokat<\/strong> nem csak hallhat\u00f3v\u00e1, hanem \u00e9rz\u00e9kelhet\u0151v\u00e9 is var\u00e1zsolja. Vagy a cseng\u0151-bong\u00f3 bobp\u00e1lya, ahol harangok \u00e9s hangfigur\u00e1k sz\u00f3lalnak meg menet k\u00f6zben. A mez\u00edtl\u00e1bas \u00f6sv\u00e9ny csiklandozza a talpunkat, melyen csukott szemmel kell v\u00e9gigmenni, hogy m\u00e9g jobban <strong>\u00e9rezz\u00fck a b\u0151r\u00fcnk\u00f6n<\/strong>. Term\u00e9szetesen az <strong>\u00edzek<\/strong> \u00e9rz\u00e9kel\u00e9s\u00e9hez is tal\u00e1lunk valamit az Asitz hegy\u00e9n, m\u00e9gpedig a lep\u00e9nykenyeret, amit magunknak is megs\u00fcthet\u00fcnk. <a href=\"https:\/\/www.salzburgerland.com\/de\/leogang-asitz\/\" target=\"_blank\" rel=\"noopener\"><strong>Mire v\u00e1r m\u00e9g? Ir\u00e1ny az Asitz!<\/strong><\/a><\/p>\n<p><strong>Egyszeri ingyenes hegy- \u00e9s v\u00f6lgymenet a felvon\u00f3val\u00a0Salzburg tartom\u00e1ny k\u00e1rty\u00e1val!<\/strong><\/p>\n<div id=\"attachment_8703\" style=\"width: 1180px\" class=\"wp-caption alignnone\"><img decoding=\"async\" aria-describedby=\"caption-attachment-8703\" class=\"size-1170_658 wp-image-8703\" src=\"https:\/\/cdn.salzburgerland.com\/hu\/wp-content\/uploads\/2019\/05\/lbb_sommershooting_august2019_22_michaelgeissler-kopie-1170x658.jpg\" alt=\"\" width=\"1170\" height=\"658\" srcset=\"https:\/\/www.salzburgerland.com\/hu\/wp-content\/uploads\/2019\/05\/lbb_sommershooting_august2019_22_michaelgeissler-kopie-1170x658.jpg 1170w, https:\/\/www.salzburgerland.com\/hu\/wp-content\/uploads\/2019\/05\/lbb_sommershooting_august2019_22_michaelgeissler-kopie-1200x675.jpg 1200w\" sizes=\"(max-width: 1170px) 100vw, 1170px\"><p id=\"caption-attachment-8703\" class=\"wp-caption-text\">Term\u00e9szetfilm \u00e9l\u0151ben az Asitz-n\u00e1l \u2013 jobb, mint az igazi mozi, \u00e9s k\u00e9nyelmes is! \u00a9 Leoganger Bergbahnen, Michael Gei\u00dfler<\/p><\/div>\n<h2>7. Mittersill, a Nemzeti Park k\u00f6zpontja \u2013 mer\u00fclj\u00f6n el az Alpok legnagyobb term\u00e9szetv\u00e9delmi ter\u00fclet\u00e9nek l\u00e1tv\u00e1nyoss\u00e1gaiban<\/h2>\n<div>\n<p><span><strong>Mittersill<\/strong>, a <strong>Magas-Tauern Nemzeti Park<\/strong> k\u00f6zpontja ugyanolyan soksz\u00edn\u0171, mint az \u201e\u00c9rz\u00e9kek Hegye\u201d. Milyen bel\u00fclr\u0151l egy mormotaod\u00fa? Mi t\u00f6rt\u00e9nik a gleccserekkel, ha visszaforgatjuk az id\u0151 kerek\u00e9t? \u00c9s hogy n\u00e9z ki a t\u00e1j a sas szemsz\u00f6g\u00e9b\u0151l? Ezekre \u00e9s m\u00e9g tov\u00e1bbi k\u00e9rd\u00e9sekre kap v\u00e1laszt a Nemzeti Park k\u00f6zpontj\u00e1ban tett l\u00e1togat\u00e1sa sor\u00e1n. <strong>T\u00edz kaland\u00e1llom\u00e1s<\/strong> \u2013 az alpesi \u00e9lett\u0151l a lavinakupol\u00e1ig \u2013 ny\u00fajt bepillant\u00e1st \u00e9s \u00e1ttekint\u00e9st a Magas-Tauern Nemzeti Park v\u00e1ltozatos <strong>\u00e1llat- \u00e9s n\u00f6v\u00e9nyvil\u00e1g\u00e1ba<\/strong>. Az egyik legfontosabb l\u00e1tv\u00e1nyoss\u00e1g mindenk\u00e9ppen a <strong>360 fokos panor\u00e1mavil\u00e1g<\/strong>, amelynek \u00e1tm\u00e9r\u0151je k\u00f6r\u00fclbel\u00fcl 16 m\u00e9ter, \u00e9s amelyben a leg\u00fajabb vet\u00edt\u00e9si technol\u00f3gi\u00e1nak k\u00f6sz\u00f6nhet\u0151en \u00faj szf\u00e9r\u00e1kba mer\u00fclhet\u00fcnk el. <a href=\"https:\/\/www.salzburgerland.com\/de\/magazin\/zu-besuch-im-nationalparkzentrum-mittersill\/\" target=\"_blank\" rel=\"noopener\"><strong>Hogy milyen ez a val\u00f3s\u00e1gban? Itt kaphat egy kis betekint\u00e9st.<\/strong><\/a><\/span><\/p>\n<p><strong>Korl\u00e1tlan bel\u00e9p\u00e9s ingyenesen\u00a0Salzburg tartom\u00e1ny k\u00e1rty\u00e1val!<\/strong><\/p>\n<p><iframe title=\"Nationalparkzentrum Hohe Tauern\" width=\"500\" height=\"281\" src=\"https:\/\/www.youtube-nocookie.com\/embed\/8r40THdolEE?feature=oembed&amp;rel=0&amp;modestbranding=1\" frameborder=\"0\" allow=\"accelerometer; autoplay; clipboard-write; encrypted-media; gyroscope; picture-in-picture; web-share\" referrerpolicy=\"strict-origin-when-cross-origin\" allowfullscreen><\/iframe><\/p>\n<\/div>\n<div>\n<h2>8. Oldtimer ki\u00e1ll\u00edt\u00e1s \u2013 egy nosztalgikus id\u0151utaz\u00e1s Kaprun-ban, az Oldtimer m\u00fazeumban<\/h2>\n<div>\n<p><span>Nem egy szokv\u00e1nyos m\u00fazeumot tal\u00e1lunk <strong>Zell am See-Kaprun-ban<\/strong>. \u0150smaradv\u00e1nyok \u00e9s szakr\u00e1lis kincsek helyett korabeli n\u00e9gykerek\u0171eket, eg\u00e9szen pontosan mintegy <strong>200 oldtimer<\/strong> j\u00e1rm\u0171vet \u00e1ll\u00edtott ki <strong>Helmuth V\u00f6tter<\/strong>, aki m\u00e1r fiatalon is motorokat szerelt sz\u00e9t \u00e9s rakott \u00f6ssze. M\u00edg v\u00e9g\u00fcl ez gy\u0171jt\u0151szenved\u00e9lly\u00e9 alakult. A gy\u0171jtem\u00e9ny\u00e9nek els\u0151 darabja, egy <strong>BMW Isetta<\/strong> is megcsod\u00e1lhat\u00f3 az <a href=\"https:\/\/www.oldtimer-museum.at\/\" target=\"_blank\" rel=\"noopener\"><strong>Oldtimer m\u00fazeumban<\/strong><\/a>, valamint m\u00e1s aut\u00f3k, motorok \u00e9s traktorok az <strong>50-es \u00e9s 70-es \u00e9vekb\u0151l \u00e9s r\u00e9gebbr\u0151l<\/strong>. Ha nem is vagyunk j\u00e1rtasak a t\u00e9m\u00e1ban, akkor is leesik az \u00e1llunk<strong>a vil\u00e1g legnagyobb (23 \u00fcl\u00e9ses) kabri\u00f3ja<\/strong>, az ejt\u0151erny\u0151saut\u00f3, vagy az eredeti <strong>Waggon Nr. 4.<\/strong> l\u00e1tt\u00e1n.<\/span><\/p>\n<\/div>\n<div>\n<p><strong>Korl\u00e1tlan bel\u00e9p\u00e9s ingyenesen\u00a0Salzburg tartom\u00e1ny k\u00e1rty\u00e1val!<\/strong><\/p>\n\n\t\t\t<div id=\"12834-3\" class=\"gallery gallery-12834 gallery-columns-3 gallery-size-1170_658\" itemscope itemtype=\"http:\/\/schema.org\/ImageGallery\">\n\t\t\t\t<ul class=\"gallery-row gallery-col-3 gallery-clear\">\n\t\t\t\t\t<li class=\"gallery-item col-3\" itemprop=\"associatedMedia\" itemscope itemtype=\"http:\/\/schema.org\/ImageObject\">\n\t\t\t\t\t\t<div class=\"gallery-icon landscape\"><a href=\"https:\/\/www.salzburgerland.com\/hu\/wp-content\/uploads\/2021\/05\/voetters-oldtimermuseumc-verwoehnhotel-voetters-sportkristall-gmbh-7-1920x1067-1.jpg\" title=\"voetters-oldtimermuseumc-verwoehnhotel-voetters-sportkristall-gmbh-7-1920x1067\"><img decoding=\"async\" data-title=\"V\u00f6tter's Oldtimer m\u00fazeuma @ Verw\u00f6hnhotel V\u00f6tter\u2019s Sportkristall GmbH\" title=\"V\u00f6tter's Oldtimer m\u00fazeuma @ Verw\u00f6hnhotel V\u00f6tter\u2019s Sportkristall GmbH\" data-caption=\"V\u00f6tter's Oldtimer m\u00fazeuma @ Verw\u00f6hnhotel V\u00f6tter\u2019s Sportkristall GmbH\" width=\"1170\" height=\"658\" src=\"https:\/\/www.salzburgerland.com\/hu\/wp-content\/uploads\/2021\/05\/voetters-oldtimermuseumc-verwoehnhotel-voetters-sportkristall-gmbh-7-1920x1067-1-1170x658.jpg\" class=\"attachment-1170_658 size-1170_658\" alt=\"Egy mosolyg\u00f3s f\u00e9rfi vintage szem\u00fcveggel vezet egy BMW Isett\u00e1t, a m\u0171szerfalon l\u00e1that\u00f3 Salzburg tartom\u00e1ny k\u00e1rtya. (Nagy\u00edtott n\u00e9zet)\" srcset=\"https:\/\/www.salzburgerland.com\/hu\/wp-content\/uploads\/2021\/05\/voetters-oldtimermuseumc-verwoehnhotel-voetters-sportkristall-gmbh-7-1920x1067-1-1170x658.jpg 1170w, https:\/\/www.salzburgerland.com\/hu\/wp-content\/uploads\/2021\/05\/voetters-oldtimermuseumc-verwoehnhotel-voetters-sportkristall-gmbh-7-1920x1067-1-1200x675.jpg 1200w\" sizes=\"(max-width: 1170px) 100vw, 1170px\" aria-describedby=\"figcaption-12834-12852\" itemprop=\"thumbnail\"><\/a><\/div>\n\t\t\t\t\t\t<span id=\"figcaption-12834-12852\" class=\"gallery-caption\" itemprop=\"caption\"><span aria-hidden=\"true\">V\u00f6tter\u2019s Oldtimer m\u00fazeuma @ Verw\u00f6hnhotel V\u00f6tter\u2019s Sportkristall GmbH<\/span><\/span>\n\t\t\t\t\t<\/li>\n\t\t\t\t\t<li class=\"gallery-item col-3\" itemprop=\"associatedMedia\" itemscope itemtype=\"http:\/\/schema.org\/ImageObject\">\n\t\t\t\t\t\t<div class=\"gallery-icon landscape\"><a href=\"https:\/\/www.salzburgerland.com\/hu\/wp-content\/uploads\/2021\/05\/voetters-oldtimermuseumc-verwoehnhotel-voetters-sportkristall-gmbh-3-1920x1067-1.jpg\" title=\"voetters-oldtimermuseumc-verwoehnhotel-voetters-sportkristall-gmbh-3-1920x1067\"><img decoding=\"async\" data-title=\"V\u00f6tter's Oldtimer m\u00fazeuma @ Verw\u00f6hnhotel V\u00f6tter\u2019s Sportkristall GmbH\" title=\"V\u00f6tter's Oldtimer m\u00fazeuma @ Verw\u00f6hnhotel V\u00f6tter\u2019s Sportkristall GmbH\" data-caption=\"V\u00f6tter's Oldtimer m\u00fazeuma @ Verw\u00f6hnhotel V\u00f6tter\u2019s Sportkristall GmbH\" width=\"1170\" height=\"658\" src=\"https:\/\/www.salzburgerland.com\/hu\/wp-content\/uploads\/2021\/05\/voetters-oldtimermuseumc-verwoehnhotel-voetters-sportkristall-gmbh-3-1920x1067-1-1170x658.jpg\" class=\"attachment-1170_658 size-1170_658\" alt=\"Egy f\u00e9rfi vir\u00e1got ad egy n\u0151nek egy piros \u00e9p\u00fcletn\u00e9l, amelyen \u00f3ri\u00e1sker\u00e9k \u00e9s egy salzburgi tartom\u00e1nyi k\u00e1rtya l\u00e1that\u00f3. (Nagy\u00edtott n\u00e9zet)\" srcset=\"https:\/\/www.salzburgerland.com\/hu\/wp-content\/uploads\/2021\/05\/voetters-oldtimermuseumc-verwoehnhotel-voetters-sportkristall-gmbh-3-1920x1067-1-1170x658.jpg 1170w, https:\/\/www.salzburgerland.com\/hu\/wp-content\/uploads\/2021\/05\/voetters-oldtimermuseumc-verwoehnhotel-voetters-sportkristall-gmbh-3-1920x1067-1-1200x675.jpg 1200w\" sizes=\"(max-width: 1170px) 100vw, 1170px\" aria-describedby=\"figcaption-12834-12851\" itemprop=\"thumbnail\"><\/a><\/div>\n\t\t\t\t\t\t<span id=\"figcaption-12834-12851\" class=\"gallery-caption\" itemprop=\"caption\"><span aria-hidden=\"true\">V\u00f6tter\u2019s Oldtimer m\u00fazeuma @ Verw\u00f6hnhotel V\u00f6tter\u2019s Sportkristall GmbH<\/span><\/span>\n\t\t\t\t\t<\/li>\n\t\t\t\t\t<li class=\"gallery-item col-3\" itemprop=\"associatedMedia\" itemscope itemtype=\"http:\/\/schema.org\/ImageObject\">\n\t\t\t\t\t\t<div class=\"gallery-icon landscape\"><a href=\"https:\/\/www.salzburgerland.com\/hu\/wp-content\/uploads\/2021\/05\/voetters-oldtimermuseumc-verwoehnhotel-voetters-sportkristall-gmbh-5-1920x1067-1.jpg\" title=\"voetters-oldtimermuseumc-verwoehnhotel-voetters-sportkristall-gmbh-5-1920x1067\"><img decoding=\"async\" data-title=\"V\u00f6tter's Oldtimer m\u00fazeuma @ Verw\u00f6hnhotel V\u00f6tter\u2019s Sportkristall GmbH\" title=\"V\u00f6tter's Oldtimer m\u00fazeuma @ Verw\u00f6hnhotel V\u00f6tter\u2019s Sportkristall GmbH\" data-caption=\"V\u00f6tter's Oldtimer m\u00fazeuma @ Verw\u00f6hnhotel V\u00f6tter\u2019s Sportkristall GmbH\" width=\"1170\" height=\"658\" src=\"https:\/\/www.salzburgerland.com\/hu\/wp-content\/uploads\/2021\/05\/voetters-oldtimermuseumc-verwoehnhotel-voetters-sportkristall-gmbh-5-1920x1067-1-1170x658.jpg\" class=\"attachment-1170_658 size-1170_658\" alt=\"Egy kock\u00e1s kab\u00e1tos f\u00e9rfi \u00e1ll egy k\u00e9k BMW Isetta mellett, kez\u00e9ben egy salzburgi tartom\u00e1nyi k\u00e1rtya belt\u00e9ren. (Nagy\u00edtott n\u00e9zet)\" srcset=\"https:\/\/www.salzburgerland.com\/hu\/wp-content\/uploads\/2021\/05\/voetters-oldtimermuseumc-verwoehnhotel-voetters-sportkristall-gmbh-5-1920x1067-1-1170x658.jpg 1170w, https:\/\/www.salzburgerland.com\/hu\/wp-content\/uploads\/2021\/05\/voetters-oldtimermuseumc-verwoehnhotel-voetters-sportkristall-gmbh-5-1920x1067-1-1200x675.jpg 1200w\" sizes=\"(max-width: 1170px) 100vw, 1170px\" aria-describedby=\"figcaption-12834-12850\" itemprop=\"thumbnail\"><\/a><\/div>\n\t\t\t\t\t\t<span id=\"figcaption-12834-12850\" class=\"gallery-caption\" itemprop=\"caption\"><span aria-hidden=\"true\">V\u00f6tter\u2019s Oldtimer m\u00fazeuma @ Verw\u00f6hnhotel V\u00f6tter\u2019s Sportkristall GmbH<\/span><\/span>\n\t\t\t\t\t<\/li>\n\t\t\t\t<\/ul>\n\t\t\t<\/div><!-- .gallery -->\n\n<h2>9. Zakatol a vonat \u2013 utazzon a Taurachbahn-nal<\/h2>\n<div>\n<p>Az Oldtimer m\u00fazeum ut\u00e1n a k\u00f6vetkez\u0151 utunk a <strong>nosztalgikus Taurachbahn-hoz<\/strong> vezet. Ha a mozdony felhorkan, a g\u0151z felsz\u00e1ll \u00e9s hallani lehet a vonat f\u00fcttyent\u00e9s\u00e9t, akkor Ausztria legmagasabban fekv\u0151<strong> keskeny nyomt\u00e1v\u00fa g\u0151z\u00f6se<\/strong> \u00fatnak indult. Lassan d\u00f6c\u00f6g a szerelv\u00e9ny Mauterndorf \u00e9s St. Andr\u00e4 k\u00f6z\u00f6tt a r\u00e9gi s\u00edneken, mik\u00f6zben az egyenletes zakatol\u00e1st hallgatjuk. Az <strong>1984-ben \u00e9p\u00fclt<\/strong> vas\u00fat nosztalgikus kocsijaiban kellemesen telik az \u00fat \u00e9s fantasztikus kil\u00e1t\u00e1s ny\u00edlik a <strong>Taurach foly\u00f3ra<\/strong> \u00e9s<strong>Lungau csod\u00e1latos hegyeire<\/strong>. Ezeket is r\u00f6gt\u00f6n felfedezheti! A <strong>d\u00edjmentes ker\u00e9kp\u00e1r- \u00e9s babakocsisz\u00e1ll\u00edt\u00e1snak<\/strong> k\u00f6sz\u00f6nhet\u0151en semmi sem \u00e1ll egy kiad\u00f3s t\u00far\u00e1z\u00e1s \u00fatj\u00e1ban a Taurachtal v\u00f6lgy\u00f6n kereszt\u00fcl. <a href=\"https:\/\/www.taurachbahn.eu\" target=\"_blank\" rel=\"noopener\"><strong>M\u00e1ris indulna? Erre, k\u00e9rem!<\/strong><\/a><\/p>\n<\/div>\n<div>\n<p><b><span>Hetente egy utaz\u00e1s ingyenes a Taurachbahn-nal a Salzburg tartom\u00e1ny k\u00e1rtya birtok\u00e1ban!<\/span><\/b><\/p>\n<div id=\"attachment_17093\" style=\"width: 1180px\" class=\"wp-caption alignnone\"><img decoding=\"async\" aria-describedby=\"caption-attachment-17093\" class=\"size-1170_658 wp-image-17093\" src=\"https:\/\/cdn.salzburgerland.com\/hu\/wp-content\/uploads\/2021\/09\/taurachbahn-salzburger-lungau-1170x658.jpg\" alt=\"A Taurachbahn kir\u00e1ndul\u00f3vas\u00fat piros mozdonya \u00e9s z\u00f6ld kocsijai a Salzburgi Lungauban k\u00f6zlekednek.\" width=\"1170\" height=\"658\" srcset=\"https:\/\/www.salzburgerland.com\/hu\/wp-content\/uploads\/2021\/09\/taurachbahn-salzburger-lungau-1170x658.jpg 1170w, https:\/\/www.salzburgerland.com\/hu\/wp-content\/uploads\/2021\/09\/taurachbahn-salzburger-lungau-1200x675.jpg 1200w\" sizes=\"(max-width: 1170px) 100vw, 1170px\"><p id=\"caption-attachment-17093\" class=\"wp-caption-text\">A Taurachbahn kir\u00e1ndul\u00f3vas\u00fat k\u00fcl\u00f6nlegess\u00e9ge, hogy muze\u00e1lis szerelv\u00e9nyei eg\u00e9sz Ausztria legnagyobb magass\u00e1gban vezet\u0151 keskeny nyomt\u00e1v\u00fa p\u00e1ly\u00e1j\u00e1n k\u00f6zlekednek Mauterndorf \u00e9s St. Andr\u00e4 k\u00f6z\u00f6tt \u00a9 Salzburger Lungau<\/p><\/div>\n<h2>10. A katakomb\u00e1kt\u00f3l a v\u00e1rig \u2013 Salzburg felfedez\u00e9se lentr\u0151l felfel\u00e9<\/h2>\n<div>\n<p><span><strong>Getreidegasse<\/strong>, <strong>Mozart sz\u00fcl\u0151h\u00e1za<\/strong>, <strong>Salzburgi \u00dcnnepi J\u00e1t\u00e9kok<\/strong>. Egy egynapos kir\u00e1ndul\u00e1st Salzburgba j\u00f3l meg kell tervezni, hogy ne hagyjon ki semmilyen l\u00e1tnival\u00f3t az eldugott udvarok \u00e9s a kis sik\u00e1torok k\u00f6z\u00f6tt \u2013 hiszen az <strong>UNESCO Vil\u00e1g\u00f6r\u00f6ks\u00e9g r\u00e9sz\u00e9t<\/strong><strong>k\u00e9pez\u0151<\/strong><strong>\u00f3v\u00e1rosban<\/strong> b\u0151ven akad bel\u0151l\u00fck. Ha a t\u00f6rt\u00e9nelmi Salzburg \u00e9rdekli, kezdje a v\u00e1rosn\u00e9z\u00e9st a <strong>Szent P\u00e9ter temet\u0151ben<\/strong>. Aki bel\u00e9p a temet\u0151be, azonnal meg\u00e9rzi az elfeledett hely k\u00fcl\u00f6nleges t\u00f6rt\u00e9net\u00e9t. A f\u0151 attrakci\u00f3 mindenk\u00e9ppen a <strong>katakomb\u00e1k<\/strong>, amelyeket a <strong>M\u00f6nchsberg hegy\u00e9be<\/strong> v\u00e1jtak. A n\u00e9v megt\u00e9veszt\u0151, mert ezek nem s\u00edreml\u00e9kek, hanem \u0151si remet\u00e9k egykori lakhelyei a sziklafalban. A temet\u0151t tal\u00e1n a <strong>Muzsika hangja<\/strong> egyik forgat\u00e1si helysz\u00ednek\u00e9nt is ismerik, itt b\u00fajt el a <strong>Trapp csal\u00e1d<\/strong> menek\u00fcl\u00e9s k\u00f6zben az egyik s\u00edr m\u00f6g\u00e9. <strong><a href=\"https:\/\/www.salzburg.info\/de\/sehenswertes\/kirchen-friedhoefe\/erzabtei-st-peter-friedhof-katakomben\" target=\"_blank\" rel=\"noopener\">Egy virtu\u00e1lis s\u00e9t\u00e1ra invit\u00e1ljuk \u00d6n\u00f6ket itt!<\/a><\/strong><\/span><\/p>\n<div>\n<p><span>A <strong>Szent P\u00e9ter temet\u0151<\/strong> fel\u0151l az \u00fat k\u00f6zvetlen\u00fcl <strong>Hohensalzburg v\u00e1r\u00e1ba<\/strong> vezet, amelyet csaknem ezer\u00e9ves t\u00f6rt\u00e9nete sor\u00e1n senkinek nem siker\u00fclt bevenni. Ez\u00e9rt magasodik Salzburg nevezetess\u00e9ge m\u00e9g ma is teljes dics\u0151s\u00e9g\u00e9ben <strong>Mozart v\u00e1rosa<\/strong> felett. K\u00e9nyelmesen feljuthatunk a <strong>Festungsbahn-nal<\/strong>, a v\u00e1rba k\u00f6zleked\u0151 felfon\u00f3val, vagy megtehetj\u00fck az utat <strong>gyalog<\/strong> is, mint az igazi salzburgiak. A vezetett t\u00fara csod\u00e1latos <strong>kir\u00e1lyi szob\u00e1kon<\/strong>, k\u00fcl\u00f6nf\u00e9le <strong>m\u00fazeumokon<\/strong> kereszt\u00fcl visz fel a <strong>Reckturm torny\u00e1ig<\/strong>, ahonnan a k\u00f6rnyez\u0151 hegyekre l\u00e1tunk r\u00e1. Tov\u00e1bb\u00e1 a v\u00e1r a k\u00f6zelm\u00faltban \u00faj l\u00e1tnival\u00f3kkal is b\u0151v\u00fclt: megn\u00e9zhetj\u00fck <strong>Salzburg<\/strong> v\u00e1ros\u00e1t, teljes eg\u00e9sz\u00e9ben <strong>s\u00f3b\u00f3l fel\u00e9p\u00edtve<\/strong>, vagy betekint\u00e9st kaphatunk a <strong>Salzburger Stier<\/strong> (salzburgi bika) <strong>orgon\u00e1j\u00e1nak<\/strong> mechanik\u00e1j\u00e1ba. <a href=\"https:\/\/www.salzburgerland.com\/hu\/salzburg-nyar\/\"><strong>Ezen a linken tal\u00e1lunk egy kis \u00edzel\u00edt\u0151t.<\/strong><\/a><\/span><\/p>\n<\/div>\n<\/div>\n<\/div>\n<\/div>\n<\/div>\n<\/div>\n<div>\n<p><strong><span>Hohensalzburg v\u00e1ra \u00e9s a katakomb\u00e1k: egy-egy ingyenes bel\u00e9p\u0151\u00a0Salzburg tartom\u00e1ny k\u00e1rty\u00e1val.<\/span><\/strong><\/p>\n<\/div>\n<div>\n<p><strong><span>Salzburg v\u00e1ros\u00e1ra sz\u00f3l\u00f3 24 \u00f3r\u00e1s felhaszn\u00e1l\u00e1s eset\u00e9n ezeket a bel\u00e9p\u0151ket szint\u00e9n tartalmazza a k\u00e1rtya.<\/span><\/strong><\/p>\n\n\t\t\t<div id=\"12834-4\" class=\"gallery gallery-12834 gallery-columns-3 gallery-size-1170_658\" itemscope itemtype=\"http:\/\/schema.org\/ImageGallery\">\n\t\t\t\t<ul class=\"gallery-row gallery-col-3 gallery-clear\">\n\t\t\t\t\t<li class=\"gallery-item col-3\" itemprop=\"associatedMedia\" itemscope itemtype=\"http:\/\/schema.org\/ImageObject\">\n\t\t\t\t\t\t<div class=\"gallery-icon landscape\"><a href=\"https:\/\/www.salzburgerland.com\/hu\/wp-content\/uploads\/2021\/05\/rs1097_st-peter03-scr-1920x1067-1.jpg\" title=\"rs1097_st-peter03-scr-1920x1067\"><img decoding=\"async\" data-title=\"Szent P\u00e9ter ap\u00e1ts\u00e1gi templom \u00e9s temet\u0151 @ SalzburgerLand Tourismus\" title=\"Szent P\u00e9ter ap\u00e1ts\u00e1gi templom \u00e9s temet\u0151 @ SalzburgerLand Tourismus\" data-caption=\"Szent P\u00e9ter ap\u00e1ts\u00e1gi templom \u00e9s temet\u0151 @ SalzburgerLand Tourismus\" width=\"1170\" height=\"658\" src=\"https:\/\/www.salzburgerland.com\/hu\/wp-content\/uploads\/2021\/05\/rs1097_st-peter03-scr-1920x1067-1-1170x658.jpg\" class=\"attachment-1170_658 size-1170_658\" alt=\"Salzburg t\u00f6rt\u00e9nelmi belv\u00e1ros\u00e1nak esti l\u00e1tv\u00e1nya, a templomok ragyog\u00e1sa - fedezze fel mindezt egy salzburgi tartom\u00e1nyi k\u00e1rtya seg\u00edts\u00e9g\u00e9vel. (Nagy\u00edtott n\u00e9zet)\" srcset=\"https:\/\/www.salzburgerland.com\/hu\/wp-content\/uploads\/2021\/05\/rs1097_st-peter03-scr-1920x1067-1-1170x658.jpg 1170w, https:\/\/www.salzburgerland.com\/hu\/wp-content\/uploads\/2021\/05\/rs1097_st-peter03-scr-1920x1067-1-1200x675.jpg 1200w\" sizes=\"(max-width: 1170px) 100vw, 1170px\" aria-describedby=\"figcaption-12834-12859\" itemprop=\"thumbnail\"><\/a><\/div>\n\t\t\t\t\t\t<span id=\"figcaption-12834-12859\" class=\"gallery-caption\" itemprop=\"caption\"><span aria-hidden=\"true\">Szent P\u00e9ter ap\u00e1ts\u00e1gi templom \u00e9s temet\u0151 @ SalzburgerLand Tourismus<\/span><\/span>\n\t\t\t\t\t<\/li>\n\t\t\t\t\t<li class=\"gallery-item col-3\" itemprop=\"associatedMedia\" itemscope itemtype=\"http:\/\/schema.org\/ImageObject\">\n\t\t\t\t\t\t<div class=\"gallery-icon landscape\"><a href=\"https:\/\/www.salzburgerland.com\/hu\/wp-content\/uploads\/2016\/11\/rs525_1206_kapitelplatz_023-hpr-1920x1067.jpg\" title=\"Kapitelplatz mit Blick auf Festung Hohensalzburg\"><img decoding=\"async\" data-title=\"Hohensalzburg v\u00e1ra, el\u0151t\u00e9rben a Kapitelplatz t\u00e9r \u00a9 Tourismus Salzburg GmbH, G\u00fcnter Breitegger\" title=\"Hohensalzburg v\u00e1ra, el\u0151t\u00e9rben a Kapitelplatz t\u00e9r \u00a9 Tourismus Salzburg GmbH, G\u00fcnter Breitegger\" data-caption=\"Hohensalzburg v\u00e1ra, el\u0151t\u00e9rben a Kapitelplatz t\u00e9r \u00a9 Tourismus Salzburg GmbH, G\u00fcnter Breitegger\" width=\"1170\" height=\"658\" src=\"https:\/\/www.salzburgerland.com\/hu\/wp-content\/uploads\/2016\/11\/rs525_1206_kapitelplatz_023-hpr-1170x658.jpg\" class=\"attachment-1170_658 size-1170_658\" alt=\"Lovaskocsi a v\u00e1ros f\u0151ter\u00e9n, l\u00e1tnival\u00f3kkal, mint egy dombtet\u0151n \u00e1ll\u00f3 v\u00e1r \u00e9s aranyg\u00f6mb szobor. (Nagy\u00edtott n\u00e9zet)\" srcset=\"https:\/\/www.salzburgerland.com\/hu\/wp-content\/uploads\/2016\/11\/rs525_1206_kapitelplatz_023-hpr-1170x658.jpg 1170w, https:\/\/www.salzburgerland.com\/hu\/wp-content\/uploads\/2016\/11\/rs525_1206_kapitelplatz_023-hpr-1200x675.jpg 1200w\" sizes=\"(max-width: 1170px) 100vw, 1170px\" aria-describedby=\"figcaption-12834-6478\" itemprop=\"thumbnail\"><\/a><\/div>\n\t\t\t\t\t\t<span id=\"figcaption-12834-6478\" class=\"gallery-caption\" itemprop=\"caption\"><span aria-hidden=\"true\">Hohensalzburg v\u00e1ra, el\u0151t\u00e9rben a Kapitelplatz t\u00e9r \u00a9 Tourismus Salzburg GmbH, G\u00fcnter Breitegger<\/span><\/span>\n\t\t\t\t\t<\/li>\n\t\t\t\t\t<li class=\"gallery-item col-3\" itemprop=\"associatedMedia\" itemscope itemtype=\"http:\/\/schema.org\/ImageObject\">\n\t\t\t\t\t\t<div class=\"gallery-icon landscape\"><a href=\"https:\/\/www.salzburgerland.com\/hu\/wp-content\/uploads\/2016\/11\/rs994_slt-kultur-sightseeing-1-hpr-1920x1067.jpg\" title=\"Altstadt Salzburg\"><img decoding=\"async\" data-title=\"Salzburg \u00f3v\u00e1rosa \u00a9 SalzburgerLand Tourismus\" title=\"Salzburg \u00f3v\u00e1rosa \u00a9 SalzburgerLand Tourismus\" data-caption=\"Salzburg \u00f3v\u00e1rosa \u00a9 SalzburgerLand Tourismus\" width=\"1170\" height=\"658\" src=\"https:\/\/www.salzburgerland.com\/hu\/wp-content\/uploads\/2016\/11\/rs994_slt-kultur-sightseeing-1-hpr-1170x658.jpg\" class=\"attachment-1170_658 size-1170_658\" alt=\"Salzburg \u00f3v\u00e1rosa, Altstadt Salzburg (Nagy\u00edtott n\u00e9zet)\" srcset=\"https:\/\/www.salzburgerland.com\/hu\/wp-content\/uploads\/2016\/11\/rs994_slt-kultur-sightseeing-1-hpr-1170x658.jpg 1170w, https:\/\/www.salzburgerland.com\/hu\/wp-content\/uploads\/2016\/11\/rs994_slt-kultur-sightseeing-1-hpr-1200x675.jpg 1200w\" sizes=\"(max-width: 1170px) 100vw, 1170px\" aria-describedby=\"figcaption-12834-6475\" itemprop=\"thumbnail\"><\/a><\/div>\n\t\t\t\t\t\t<span id=\"figcaption-12834-6475\" class=\"gallery-caption\" itemprop=\"caption\"><span aria-hidden=\"true\">Salzburg \u00f3v\u00e1rosa \u00a9 SalzburgerLand Tourismus<\/span><\/span>\n\t\t\t\t\t<\/li>\n\t\t\t\t<\/ul>\n\t\t\t<\/div><!-- .gallery -->\n\n<p>A <a href=\"https:\/\/www.salzburgerland.com\/hu\/sl-card-online-ertekesites\/\"><strong>Salzburg tartom\u00e1ny k\u00e1rtya<\/strong><\/a>\u00a0(SalzburgerLand Card) <strong>digit\u00e1lisan<\/strong> is el\u00e9rhet\u0151. Ez azt jelenti, hogy a digit\u00e1lis k\u00e1rty\u00e1t k\u00f6nnyed\u00e9n, el\u0151re <strong>let\u00f6ltheti okostelefonj\u00e1ra<\/strong>. Az aktiv\u00e1l\u00e1shoz nincs sz\u00fcks\u00e9g alkalmaz\u00e1s telep\u00edt\u00e9s\u00e9re, \u00e9s az \u00e9rv\u00e9nyess\u00e9g az els\u0151 haszn\u00e1lat ut\u00e1n automatikusan megkezd\u0151dik. A digit\u00e1lis Salzburg tartom\u00e1ny k\u00e1rty\u00e1val <strong>okostelefonja lesz a bel\u00e9p\u0151jegye<\/strong> egy <strong>\u00e9lm\u00e9nyekkel teli nyaral\u00e1shoz<\/strong> Salzburg tartom\u00e1nyban!<\/p>\n<div id=\"attachment_12828\" style=\"width: 1034px\" class=\"wp-caption alignnone\"><img decoding=\"async\" aria-describedby=\"caption-attachment-12828\" class=\"size-medium wp-image-12828\" src=\"https:\/\/cdn.salzburgerland.com\/hu\/wp-content\/uploads\/2021\/05\/sl_card_0221_mobilecard_1920-1170x658-1-1024x569.jpg\" alt=\"\" width=\"1024\" height=\"569\" srcset=\"https:\/\/www.salzburgerland.com\/hu\/wp-content\/uploads\/2021\/05\/sl_card_0221_mobilecard_1920-1170x658-1-1024x569.jpg 1024w, https:\/\/www.salzburgerland.com\/hu\/wp-content\/uploads\/2021\/05\/sl_card_0221_mobilecard_1920-1170x658-1-370x206.jpg 370w, https:\/\/www.salzburgerland.com\/hu\/wp-content\/uploads\/2021\/05\/sl_card_0221_mobilecard_1920-1170x658-1-270x150.jpg 270w, https:\/\/www.salzburgerland.com\/hu\/wp-content\/uploads\/2021\/05\/sl_card_0221_mobilecard_1920-1170x658-1-540x300.jpg 540w\" sizes=\"(max-width: 1024px) 100vw, 1024px\"><p id=\"caption-attachment-12828\" class=\"wp-caption-text\">Digit\u00e1lis Salzburg tartom\u00e1ny k\u00e1rtya \u00a9 SalzburgerLand Tourismus<\/p><\/div>\n<\/div>\n<\/div>\n","protected":false},"excerpt":{"rendered":"<p>Salzburg tartom\u00e1nynak nagyon rengeteg arca van,\u00a0\u00e9s valamennyi \u00f6nmag\u00e1ban is meg\u00e9r egy utaz\u00e1st. A strandol\u00e1s rajong\u00f3i felfriss\u00fclhetnek a tavakban vagy a term\u00e1lf\u00fcrd\u0151kben. A sportos kalandok kedvel\u0151inek szurdokokat, alpesi t\u00far\u00e1kat vagy szervezett hegyi t\u00far\u00e1kat tartogatunk. A kult\u00fara szerelmesei sz\u00e1m\u00e1ra Salzburg v\u00e1ros\u00e1ban minden megtal\u00e1lhat\u00f3. Akiket a t\u00f6rt\u00e9nelmi eml\u00e9kek \u00e9rdekelnek, \u0151ket rengeteg v\u00e1r, m\u00fazeum vagy Mozart v\u00e1ros\u00e1nak fest\u0151i kis [&hellip;]<\/p>\n","protected":false},"author":21,"featured_media":12823,"comment_status":"closed","ping_status":"closed","sticky":false,"template":"","format":"standard","meta":{"_acf_changed":false,"wl_entities_gutenberg":"","_relevanssi_hide_post":"","_relevanssi_hide_content":"","_relevanssi_pin_for_all":"","_relevanssi_pin_keywords":"","_relevanssi_unpin_keywords":"","_relevanssi_related_keywords":"","_relevanssi_related_include_ids":"","_relevanssi_related_exclude_ids":"","_relevanssi_related_no_append":"","_relevanssi_related_not_related":"","_relevanssi_related_posts":"","_relevanssi_noindex_reason":"","footnotes":""},"categories":[1],"tags":[197,199,385,200,181],"wl_entity_type":[27],"class_list":["post-12834","post","type-post","status-publish","format-standard","has-post-thumbnail","hentry","category-uncategorized","tag-muzeumok","tag-salzburg-tartomany-kartya","tag-salzburgerland-card","tag-termalfurdok","tag-varosnezes-salzburgban","wl_entity_type-article"],"acf":[],"yoast_head":"<!-- This site is optimized with the Yoast SEO Premium plugin v27.4 (Yoast SEO v27.4) - https:\/\/yoast.com\/product\/yoast-seo-premium-wordpress\/ -->\n<title>10 ok, ami\u00e9rt \u00e9rdemes a Salzburg tartom\u00e1ny k\u00e1rty\u00e1t v\u00e1lasztani<\/title>\n<meta name=\"description\" content=\"A Salzburg tartom\u00e1ny k\u00e1rty\u00e1val (SalzburgerLand Card) m\u00e9g t\u00f6bb \u00e9lm\u00e9nyben lesz r\u00e9sze. A k\u00e1rtya el\u0151nyei, l\u00e1tnival\u00f3k.\" \/>\n<meta name=\"robots\" content=\"index, follow, max-snippet:-1, max-image-preview:large, max-video-preview:-1\" \/>\n<link rel=\"canonical\" href=\"https:\/\/www.salzburgerland.com\/hu\/10-ok-amiert-erdemes-a-salzburg-tartomany-kartyat-valasztani\/\" \/>\n<meta property=\"og:locale\" content=\"hu_HU\" \/>\n<meta property=\"og:type\" content=\"article\" \/>\n<meta property=\"og:title\" content=\"10 ok, ami\u00e9rt \u00e9rdemes a Salzburg tartom\u00e1ny k\u00e1rty\u00e1t v\u00e1lasztani\" \/>\n<meta property=\"og:description\" content=\"Salzburg tartom\u00e1nynak nagyon rengeteg arca van,\u00a0\u00e9s valamennyi \u00f6nmag\u00e1ban is meg\u00e9r egy utaz\u00e1st. A strandol\u00e1s rajong\u00f3i felfriss\u00fclhetnek a tavakban vagy a\" \/>\n<meta property=\"og:url\" content=\"https:\/\/www.salzburgerland.com\/hu\/10-ok-amiert-erdemes-a-salzburg-tartomany-kartyat-valasztani\/\" \/>\n<meta property=\"og:site_name\" content=\"SalzburgerLand.com\" \/>\n<meta property=\"article:publisher\" content=\"https:\/\/www.facebook.com\/visitsalzburgerland\/\" \/>\n<meta property=\"article:published_time\" content=\"2021-05-24T08:38:20+00:00\" \/>\n<meta property=\"article:modified_time\" content=\"2024-01-18T20:35:25+00:00\" \/>\n<meta property=\"og:image\" content=\"https:\/\/www.salzburgerland.com\/hu\/wp-content\/uploads\/2021\/05\/rs4092_2018-09-21-sl-card-sujet-by-michael-groessinger-img_5743-bearbeitet-tiff-22-1620x658-1-1200x658.jpg\" \/>\n\t<meta property=\"og:image:width\" content=\"1200\" \/>\n\t<meta property=\"og:image:height\" content=\"658\" \/>\n\t<meta property=\"og:image:type\" content=\"image\/jpeg\" \/>\n<meta name=\"author\" content=\"Hajnalka K\u00e1di\" \/>\n<meta name=\"twitter:card\" content=\"summary_large_image\" \/>\n<meta name=\"twitter:creator\" content=\"@salzburgerland\" \/>\n<meta name=\"twitter:site\" content=\"@salzburgerland\" \/>\n<meta name=\"twitter:label1\" content=\"Szerz\u0151:\" \/>\n\t<meta name=\"twitter:data1\" content=\"Hajnalka K\u00e1di\" \/>\n\t<meta name=\"twitter:label2\" content=\"Becs\u00fclt olvas\u00e1si id\u0151\" \/>\n\t<meta name=\"twitter:data2\" content=\"12 perc\" \/>\n<script type=\"application\/ld+json\" class=\"yoast-schema-graph\">{\"@context\":\"https:\\\/\\\/schema.org\",\"@graph\":[{\"@type\":\"Article\",\"@id\":\"https:\\\/\\\/www.salzburgerland.com\\\/hu\\\/10-ok-amiert-erdemes-a-salzburg-tartomany-kartyat-valasztani\\\/#article\",\"isPartOf\":{\"@id\":\"https:\\\/\\\/www.salzburgerland.com\\\/hu\\\/10-ok-amiert-erdemes-a-salzburg-tartomany-kartyat-valasztani\\\/\"},\"author\":{\"name\":\"Hajnalka K\u00e1di\",\"@id\":\"https:\\\/\\\/www.salzburgerland.com\\\/hu\\\/#\\\/schema\\\/person\\\/e4905df070d9b3c52e1e4c730b26aa5a\"},\"headline\":\"10 ok, ami\u00e9rt \u00e9rdemes a Salzburg tartom\u00e1ny k\u00e1rty\u00e1t v\u00e1lasztani\",\"datePublished\":\"2021-05-24T08:38:20+00:00\",\"dateModified\":\"2024-01-18T20:35:25+00:00\",\"mainEntityOfPage\":{\"@id\":\"https:\\\/\\\/www.salzburgerland.com\\\/hu\\\/10-ok-amiert-erdemes-a-salzburg-tartomany-kartyat-valasztani\\\/\"},\"wordCount\":2623,\"image\":{\"@id\":\"https:\\\/\\\/www.salzburgerland.com\\\/hu\\\/10-ok-amiert-erdemes-a-salzburg-tartomany-kartyat-valasztani\\\/#primaryimage\"},\"thumbnailUrl\":\"https:\\\/\\\/www.salzburgerland.com\\\/hu\\\/wp-content\\\/uploads\\\/2021\\\/05\\\/rs4092_2018-09-21-sl-card-sujet-by-michael-groessinger-img_5743-bearbeitet-tiff-22-1620x658-1.jpg\",\"keywords\":[\"m\u00fazeumok\",\"Salzburg tartom\u00e1ny k\u00e1rtya\",\"SalzburgerLand Card\",\"term\u00e1lf\u00fcrd\u0151k\",\"v\u00e1rosn\u00e9z\u00e9s Salzburgban\"],\"articleSection\":[\"Uncategorized\"],\"inLanguage\":\"hu\"},{\"@type\":\"WebPage\",\"@id\":\"https:\\\/\\\/www.salzburgerland.com\\\/hu\\\/10-ok-amiert-erdemes-a-salzburg-tartomany-kartyat-valasztani\\\/\",\"url\":\"https:\\\/\\\/www.salzburgerland.com\\\/hu\\\/10-ok-amiert-erdemes-a-salzburg-tartomany-kartyat-valasztani\\\/\",\"name\":\"10 ok, ami\u00e9rt \u00e9rdemes a Salzburg tartom\u00e1ny k\u00e1rty\u00e1t v\u00e1lasztani\",\"isPartOf\":{\"@id\":\"https:\\\/\\\/www.salzburgerland.com\\\/hu\\\/#website\"},\"primaryImageOfPage\":{\"@id\":\"https:\\\/\\\/www.salzburgerland.com\\\/hu\\\/10-ok-amiert-erdemes-a-salzburg-tartomany-kartyat-valasztani\\\/#primaryimage\"},\"image\":{\"@id\":\"https:\\\/\\\/www.salzburgerland.com\\\/hu\\\/10-ok-amiert-erdemes-a-salzburg-tartomany-kartyat-valasztani\\\/#primaryimage\"},\"thumbnailUrl\":\"https:\\\/\\\/www.salzburgerland.com\\\/hu\\\/wp-content\\\/uploads\\\/2021\\\/05\\\/rs4092_2018-09-21-sl-card-sujet-by-michael-groessinger-img_5743-bearbeitet-tiff-22-1620x658-1.jpg\",\"datePublished\":\"2021-05-24T08:38:20+00:00\",\"dateModified\":\"2024-01-18T20:35:25+00:00\",\"author\":{\"@id\":\"https:\\\/\\\/www.salzburgerland.com\\\/hu\\\/#\\\/schema\\\/person\\\/e4905df070d9b3c52e1e4c730b26aa5a\"},\"description\":\"A Salzburg tartom\u00e1ny k\u00e1rty\u00e1val (SalzburgerLand Card) m\u00e9g t\u00f6bb \u00e9lm\u00e9nyben lesz r\u00e9sze. A k\u00e1rtya el\u0151nyei, l\u00e1tnival\u00f3k.\",\"breadcrumb\":{\"@id\":\"https:\\\/\\\/www.salzburgerland.com\\\/hu\\\/10-ok-amiert-erdemes-a-salzburg-tartomany-kartyat-valasztani\\\/#breadcrumb\"},\"inLanguage\":\"hu\",\"potentialAction\":[{\"@type\":\"ReadAction\",\"target\":[\"https:\\\/\\\/www.salzburgerland.com\\\/hu\\\/10-ok-amiert-erdemes-a-salzburg-tartomany-kartyat-valasztani\\\/\"]}]},{\"@type\":\"ImageObject\",\"inLanguage\":\"hu\",\"@id\":\"https:\\\/\\\/www.salzburgerland.com\\\/hu\\\/10-ok-amiert-erdemes-a-salzburg-tartomany-kartyat-valasztani\\\/#primaryimage\",\"url\":\"https:\\\/\\\/www.salzburgerland.com\\\/hu\\\/wp-content\\\/uploads\\\/2021\\\/05\\\/rs4092_2018-09-21-sl-card-sujet-by-michael-groessinger-img_5743-bearbeitet-tiff-22-1620x658-1.jpg\",\"contentUrl\":\"https:\\\/\\\/www.salzburgerland.com\\\/hu\\\/wp-content\\\/uploads\\\/2021\\\/05\\\/rs4092_2018-09-21-sl-card-sujet-by-michael-groessinger-img_5743-bearbeitet-tiff-22-1620x658-1.jpg\",\"width\":1620,\"height\":658,\"caption\":\"Salzburg tartom\u00e1ny k\u00e1rtya \u00a9 SalzburgerLand Tourismus, Michael Gr\u00f6ssinger\"},{\"@type\":\"BreadcrumbList\",\"@id\":\"https:\\\/\\\/www.salzburgerland.com\\\/hu\\\/10-ok-amiert-erdemes-a-salzburg-tartomany-kartyat-valasztani\\\/#breadcrumb\",\"itemListElement\":[{\"@type\":\"ListItem\",\"position\":1,\"name\":\"Salzburg tartom\u00e1ny k\u00e1rtya\",\"item\":\"https:\\\/\\\/www.salzburgerland.com\\\/hu\\\/salzburgerland-card\\\/\"},{\"@type\":\"ListItem\",\"position\":2,\"name\":\"10 ok, ami\u00e9rt \u00e9rdemes a Salzburg tartom\u00e1ny k\u00e1rty\u00e1t v\u00e1lasztani\"}]},{\"@type\":\"WebSite\",\"@id\":\"https:\\\/\\\/www.salzburgerland.com\\\/hu\\\/#website\",\"url\":\"https:\\\/\\\/www.salzburgerland.com\\\/hu\\\/\",\"name\":\"SalzburgerLand.com\",\"description\":\"\u00dcd\u00fcl\u00e9s Ausztri\u00e1ban, Salzburg tartom\u00e1nyban\",\"potentialAction\":[{\"@type\":\"SearchAction\",\"target\":{\"@type\":\"EntryPoint\",\"urlTemplate\":\"https:\\\/\\\/www.salzburgerland.com\\\/hu\\\/?s={search_term_string}\"},\"query-input\":{\"@type\":\"PropertyValueSpecification\",\"valueRequired\":true,\"valueName\":\"search_term_string\"}}],\"inLanguage\":\"hu\"},{\"@type\":\"Person\",\"@id\":\"https:\\\/\\\/www.salzburgerland.com\\\/hu\\\/#\\\/schema\\\/person\\\/e4905df070d9b3c52e1e4c730b26aa5a\",\"name\":\"Hajnalka K\u00e1di\",\"image\":{\"@type\":\"ImageObject\",\"inLanguage\":\"hu\",\"@id\":\"https:\\\/\\\/secure.gravatar.com\\\/avatar\\\/e8c1eecf3b2c49d295cebc6aba0de06d13ec77aa0cf9ccec32725949011b69d2?s=96&d=mm&r=g\",\"url\":\"https:\\\/\\\/secure.gravatar.com\\\/avatar\\\/e8c1eecf3b2c49d295cebc6aba0de06d13ec77aa0cf9ccec32725949011b69d2?s=96&d=mm&r=g\",\"contentUrl\":\"https:\\\/\\\/secure.gravatar.com\\\/avatar\\\/e8c1eecf3b2c49d295cebc6aba0de06d13ec77aa0cf9ccec32725949011b69d2?s=96&d=mm&r=g\",\"caption\":\"Hajnalka K\u00e1di\"}}]}<\/script>\n<meta property=\"og:video\" content=\"https:\/\/www.youtube.com\/embed\/8r40THdolEE\" \/>\n<meta property=\"og:video:type\" content=\"text\/html\" \/>\n<meta property=\"og:video:duration\" content=\"71\" \/>\n<meta property=\"og:video:width\" content=\"480\" \/>\n<meta property=\"og:video:height\" content=\"270\" \/>\n<meta property=\"ya:ovs:adult\" content=\"false\" \/>\n<meta property=\"ya:ovs:upload_date\" content=\"2021-05-24T08:38:20+00:00\" \/>\n<meta property=\"ya:ovs:allow_embed\" content=\"true\" \/>\n<!-- \/ Yoast SEO Premium plugin. -->","yoast_head_json":{"title":"10 ok, ami\u00e9rt \u00e9rdemes a Salzburg tartom\u00e1ny k\u00e1rty\u00e1t v\u00e1lasztani","description":"A Salzburg tartom\u00e1ny k\u00e1rty\u00e1val (SalzburgerLand Card) m\u00e9g t\u00f6bb \u00e9lm\u00e9nyben lesz r\u00e9sze. A k\u00e1rtya el\u0151nyei, l\u00e1tnival\u00f3k.","robots":{"index":"index","follow":"follow","max-snippet":"max-snippet:-1","max-image-preview":"max-image-preview:large","max-video-preview":"max-video-preview:-1"},"canonical":"https:\/\/www.salzburgerland.com\/hu\/10-ok-amiert-erdemes-a-salzburg-tartomany-kartyat-valasztani\/","og_locale":"hu_HU","og_type":"article","og_title":"10 ok, ami\u00e9rt \u00e9rdemes a Salzburg tartom\u00e1ny k\u00e1rty\u00e1t v\u00e1lasztani","og_description":"Salzburg tartom\u00e1nynak nagyon rengeteg arca van,\u00a0\u00e9s valamennyi \u00f6nmag\u00e1ban is meg\u00e9r egy utaz\u00e1st. A strandol\u00e1s rajong\u00f3i felfriss\u00fclhetnek a tavakban vagy a","og_url":"https:\/\/www.salzburgerland.com\/hu\/10-ok-amiert-erdemes-a-salzburg-tartomany-kartyat-valasztani\/","og_site_name":"SalzburgerLand.com","article_publisher":"https:\/\/www.facebook.com\/visitsalzburgerland\/","article_published_time":"2021-05-24T08:38:20+00:00","article_modified_time":"2024-01-18T20:35:25+00:00","og_image":[{"width":1200,"height":658,"url":"https:\/\/www.salzburgerland.com\/hu\/wp-content\/uploads\/2021\/05\/rs4092_2018-09-21-sl-card-sujet-by-michael-groessinger-img_5743-bearbeitet-tiff-22-1620x658-1-1200x658.jpg","type":"image\/jpeg"}],"author":"Hajnalka K\u00e1di","twitter_card":"summary_large_image","twitter_creator":"@salzburgerland","twitter_site":"@salzburgerland","twitter_misc":{"Szerz\u0151:":"Hajnalka K\u00e1di","Becs\u00fclt olvas\u00e1si id\u0151":"12 perc"},"schema":{"@context":"https:\/\/schema.org","@graph":[{"@type":"Article","@id":"https:\/\/www.salzburgerland.com\/hu\/10-ok-amiert-erdemes-a-salzburg-tartomany-kartyat-valasztani\/#article","isPartOf":{"@id":"https:\/\/www.salzburgerland.com\/hu\/10-ok-amiert-erdemes-a-salzburg-tartomany-kartyat-valasztani\/"},"author":{"name":"Hajnalka K\u00e1di","@id":"https:\/\/www.salzburgerland.com\/hu\/#\/schema\/person\/e4905df070d9b3c52e1e4c730b26aa5a"},"headline":"10 ok, ami\u00e9rt \u00e9rdemes a Salzburg tartom\u00e1ny k\u00e1rty\u00e1t v\u00e1lasztani","datePublished":"2021-05-24T08:38:20+00:00","dateModified":"2024-01-18T20:35:25+00:00","mainEntityOfPage":{"@id":"https:\/\/www.salzburgerland.com\/hu\/10-ok-amiert-erdemes-a-salzburg-tartomany-kartyat-valasztani\/"},"wordCount":2623,"image":{"@id":"https:\/\/www.salzburgerland.com\/hu\/10-ok-amiert-erdemes-a-salzburg-tartomany-kartyat-valasztani\/#primaryimage"},"thumbnailUrl":"https:\/\/www.salzburgerland.com\/hu\/wp-content\/uploads\/2021\/05\/rs4092_2018-09-21-sl-card-sujet-by-michael-groessinger-img_5743-bearbeitet-tiff-22-1620x658-1.jpg","keywords":["m\u00fazeumok","Salzburg tartom\u00e1ny k\u00e1rtya","SalzburgerLand Card","term\u00e1lf\u00fcrd\u0151k","v\u00e1rosn\u00e9z\u00e9s Salzburgban"],"articleSection":["Uncategorized"],"inLanguage":"hu"},{"@type":"WebPage","@id":"https:\/\/www.salzburgerland.com\/hu\/10-ok-amiert-erdemes-a-salzburg-tartomany-kartyat-valasztani\/","url":"https:\/\/www.salzburgerland.com\/hu\/10-ok-amiert-erdemes-a-salzburg-tartomany-kartyat-valasztani\/","name":"10 ok, ami\u00e9rt \u00e9rdemes a Salzburg tartom\u00e1ny k\u00e1rty\u00e1t v\u00e1lasztani","isPartOf":{"@id":"https:\/\/www.salzburgerland.com\/hu\/#website"},"primaryImageOfPage":{"@id":"https:\/\/www.salzburgerland.com\/hu\/10-ok-amiert-erdemes-a-salzburg-tartomany-kartyat-valasztani\/#primaryimage"},"image":{"@id":"https:\/\/www.salzburgerland.com\/hu\/10-ok-amiert-erdemes-a-salzburg-tartomany-kartyat-valasztani\/#primaryimage"},"thumbnailUrl":"https:\/\/www.salzburgerland.com\/hu\/wp-content\/uploads\/2021\/05\/rs4092_2018-09-21-sl-card-sujet-by-michael-groessinger-img_5743-bearbeitet-tiff-22-1620x658-1.jpg","datePublished":"2021-05-24T08:38:20+00:00","dateModified":"2024-01-18T20:35:25+00:00","author":{"@id":"https:\/\/www.salzburgerland.com\/hu\/#\/schema\/person\/e4905df070d9b3c52e1e4c730b26aa5a"},"description":"A Salzburg tartom\u00e1ny k\u00e1rty\u00e1val (SalzburgerLand Card) m\u00e9g t\u00f6bb \u00e9lm\u00e9nyben lesz r\u00e9sze. A k\u00e1rtya el\u0151nyei, l\u00e1tnival\u00f3k.","breadcrumb":{"@id":"https:\/\/www.salzburgerland.com\/hu\/10-ok-amiert-erdemes-a-salzburg-tartomany-kartyat-valasztani\/#breadcrumb"},"inLanguage":"hu","potentialAction":[{"@type":"ReadAction","target":["https:\/\/www.salzburgerland.com\/hu\/10-ok-amiert-erdemes-a-salzburg-tartomany-kartyat-valasztani\/"]}]},{"@type":"ImageObject","inLanguage":"hu","@id":"https:\/\/www.salzburgerland.com\/hu\/10-ok-amiert-erdemes-a-salzburg-tartomany-kartyat-valasztani\/#primaryimage","url":"https:\/\/www.salzburgerland.com\/hu\/wp-content\/uploads\/2021\/05\/rs4092_2018-09-21-sl-card-sujet-by-michael-groessinger-img_5743-bearbeitet-tiff-22-1620x658-1.jpg","contentUrl":"https:\/\/www.salzburgerland.com\/hu\/wp-content\/uploads\/2021\/05\/rs4092_2018-09-21-sl-card-sujet-by-michael-groessinger-img_5743-bearbeitet-tiff-22-1620x658-1.jpg","width":1620,"height":658,"caption":"Salzburg tartom\u00e1ny k\u00e1rtya \u00a9 SalzburgerLand Tourismus, Michael Gr\u00f6ssinger"},{"@type":"BreadcrumbList","@id":"https:\/\/www.salzburgerland.com\/hu\/10-ok-amiert-erdemes-a-salzburg-tartomany-kartyat-valasztani\/#breadcrumb","itemListElement":[{"@type":"ListItem","position":1,"name":"Salzburg tartom\u00e1ny k\u00e1rtya","item":"https:\/\/www.salzburgerland.com\/hu\/salzburgerland-card\/"},{"@type":"ListItem","position":2,"name":"10 ok, ami\u00e9rt \u00e9rdemes a Salzburg tartom\u00e1ny k\u00e1rty\u00e1t v\u00e1lasztani"}]},{"@type":"WebSite","@id":"https:\/\/www.salzburgerland.com\/hu\/#website","url":"https:\/\/www.salzburgerland.com\/hu\/","name":"SalzburgerLand.com","description":"\u00dcd\u00fcl\u00e9s Ausztri\u00e1ban, Salzburg tartom\u00e1nyban","potentialAction":[{"@type":"SearchAction","target":{"@type":"EntryPoint","urlTemplate":"https:\/\/www.salzburgerland.com\/hu\/?s={search_term_string}"},"query-input":{"@type":"PropertyValueSpecification","valueRequired":true,"valueName":"search_term_string"}}],"inLanguage":"hu"},{"@type":"Person","@id":"https:\/\/www.salzburgerland.com\/hu\/#\/schema\/person\/e4905df070d9b3c52e1e4c730b26aa5a","name":"Hajnalka K\u00e1di","image":{"@type":"ImageObject","inLanguage":"hu","@id":"https:\/\/secure.gravatar.com\/avatar\/e8c1eecf3b2c49d295cebc6aba0de06d13ec77aa0cf9ccec32725949011b69d2?s=96&d=mm&r=g","url":"https:\/\/secure.gravatar.com\/avatar\/e8c1eecf3b2c49d295cebc6aba0de06d13ec77aa0cf9ccec32725949011b69d2?s=96&d=mm&r=g","contentUrl":"https:\/\/secure.gravatar.com\/avatar\/e8c1eecf3b2c49d295cebc6aba0de06d13ec77aa0cf9ccec32725949011b69d2?s=96&d=mm&r=g","caption":"Hajnalka K\u00e1di"}}]},"og_video":"https:\/\/www.youtube.com\/embed\/8r40THdolEE","og_video_type":"text\/html","og_video_duration":"71","og_video_width":"480","og_video_height":"270","ya_ovs_adult":"false","ya_ovs_upload_date":"2021-05-24T08:38:20+00:00","ya_ovs_allow_embed":"true"},"_wl_alt_label":[],"wl:entity_url":"http:\/\/open.salzburgerland.com\/hu\/post\/10_ok__amiert_erdemes_a_salzburg_tartomany_kartyat_valasztani","_links":{"self":[{"href":"https:\/\/www.salzburgerland.com\/hu\/wp-json\/wp\/v2\/posts\/12834","targetHints":{"allow":["GET"]}}],"collection":[{"href":"https:\/\/www.salzburgerland.com\/hu\/wp-json\/wp\/v2\/posts"}],"about":[{"href":"https:\/\/www.salzburgerland.com\/hu\/wp-json\/wp\/v2\/types\/post"}],"author":[{"embeddable":true,"href":"https:\/\/www.salzburgerland.com\/hu\/wp-json\/wp\/v2\/users\/21"}],"replies":[{"embeddable":true,"href":"https:\/\/www.salzburgerland.com\/hu\/wp-json\/wp\/v2\/comments?post=12834"}],"version-history":[{"count":5,"href":"https:\/\/www.salzburgerland.com\/hu\/wp-json\/wp\/v2\/posts\/12834\/revisions"}],"predecessor-version":[{"id":20811,"href":"https:\/\/www.salzburgerland.com\/hu\/wp-json\/wp\/v2\/posts\/12834\/revisions\/20811"}],"wp:featuredmedia":[{"embeddable":true,"href":"https:\/\/www.salzburgerland.com\/hu\/wp-json\/wp\/v2\/media\/12823"}],"wp:attachment":[{"href":"https:\/\/www.salzburgerland.com\/hu\/wp-json\/wp\/v2\/media?parent=12834"}],"wp:term":[{"taxonomy":"category","embeddable":true,"href":"https:\/\/www.salzburgerland.com\/hu\/wp-json\/wp\/v2\/categories?post=12834"},{"taxonomy":"post_tag","embeddable":true,"href":"https:\/\/www.salzburgerland.com\/hu\/wp-json\/wp\/v2\/tags?post=12834"},{"taxonomy":"wl_entity_type","embeddable":true,"href":"https:\/\/www.salzburgerland.com\/hu\/wp-json\/wp\/v2\/wl_entity_type?post=12834"}],"curies":[{"name":"wp","href":"https:\/\/api.w.org\/{rel}","templated":true}]}}