{"id":12418,"date":"2021-05-03T14:24:47","date_gmt":"2021-05-03T12:24:47","guid":{"rendered":"https:\/\/www.salzburgerland.com\/hu\/?p=12418"},"modified":"2024-03-16T06:17:31","modified_gmt":"2024-03-16T05:17:31","slug":"erdei-nyomozok-es-vizkutatok","status":"publish","type":"post","link":"https:\/\/www.salzburgerland.com\/hu\/erdei-nyomozok-es-vizkutatok\/","title":{"rendered":"Erdei nyomoz\u00f3k \u00e9s v\u00edzkutat\u00f3k"},"content":{"rendered":"<div>\n<p><span><span>Csendesen csobog a <strong>Wei\u00dfbach patak<\/strong> a <strong>Waltlm\u00fchls\u00e4ge, a term\u00e9szeti\u00a0park h\u00fctt\u00e9je<\/strong>\u00a0m\u00f6g\u00f6tt. Ilyen az, amikor egy t\u00f6k\u00e9letes pihen\u0151nap vid\u00e1m hangulata uralkodik a salzburgi hegyek k\u00f6z\u00f6tt. Fenn a <strong>Berchtesgadeni-Alpokban<\/strong> ered a patak, s lent a v\u00f6lgyben torkollik a <strong>Saalach foly\u00f3ba<\/strong>, amelynek viz\u00e9n a v\u00edzisportok kedvel\u0151i, a kenusok \u00e9s raftingosok teszik pr\u00f3b\u00e1ra b\u00e1tors\u00e1gukat. Fent a hegyen, mintegy <strong>800 m\u00e9teres tengerszint feletti magass\u00e1gban<\/strong> a h\u0151m\u00e9rs\u00e9klet kellemes: adottak a k\u00f6r\u00fclm\u00e9nyek egy t\u00f6bb \u00f3r\u00e1s t\u00far\u00e1z\u00e1shoz, amelyen a kis k\u00edv\u00e1ncsi erdei nyomoz\u00f3k \u00e9s v\u00edzkutat\u00f3k k\u00f6zelebbr\u0151l is szem\u00fcgyre vehetik a <a href=\"https:\/\/www.naturpark-weissbach.at\/\" target=\"_blank\" rel=\"noopener\"><strong>Wei\u00dfbach-i term\u00e9szeti parkot<\/strong><\/a> \u00e9s annak l\u00e1tv\u00e1nyoss\u00e1gait. A park t\u00faravezet\u0151je, Sabrina m\u00e1r az elej\u00e9n kiosztja a nagy\u00edt\u00f3kat \u00e9s a k\u00e9rd\u0151\u00edveket. \u201eHa minden k\u00e9rd\u00e9sre helyesen v\u00e1laszoltok, csak akkor lehettek hivatalos<strong> erdei nyomoz\u00f3k<\/strong>\u201d \u2013 magyar\u00e1zza a k\u00f6r\u00fcl\u00f6tte gy\u00fclekez\u0151 gyerekeknek, akik alig v\u00e1rj\u00e1k, hogy kezd\u0151dj\u00f6n a t\u00fara. M\u00e1r induln\u00e1nak az erd\u0151be! Kalandra fel!<\/span><\/span><\/p>\n<h2>\u201eWalden\u201d \u2013 Henry David Thoreau nyom\u00e1ban<\/h2>\n<\/div>\n<div>\n<div>\n<p><span>Az erdei kaland\u00f6sv\u00e9ny 2010-ben \u00e9p\u00fclt, \u00e9s <strong>Henry David Thoreau<\/strong> h\u00edres k\u00f6nyve ut\u00e1n a <strong>\u201eWalden\u201d<\/strong> nevet kapta. Thoreau 1854-ben adta ki m\u0171v\u00e9t, miut\u00e1n t\u00f6bb \u00e9ven \u00e1t mag\u00e1nyosan \u00e9lt egy erdei fah\u00e1zban. \u00cdgy azt\u00e1n az \u0151 <strong>egyik id\u00e9zete<\/strong> tal\u00e1lhat\u00f3 a Wei\u00dfbach-i Nat\u00farparkban, a <strong>tematikus \u00fatvonal<\/strong> kiindul\u00f3pontj\u00e1n: <\/span><span><i>\u201eHal\u00e1szok, vad\u00e1szok, fav\u00e1g\u00f3k \u00e9s mindenki, aki \u00e9let\u00e9t a mez\u0151k\u00f6n \u00e9s erd\u0151kben t\u00f6lti, bizonyos \u00e9rtelemben maguk is a term\u00e9szet r\u00e9szei, \u00e9s gyakran alkalmasabbak arra, hogy a term\u00e9szetet filoz\u00f3fusk\u00e9nt, s\u0151t k\u00f6lt\u0151k\u00e9nt megfigyelj\u00e9k, mint akik bizonyos elv\u00e1r\u00e1sokkal fordulnak fel\u00e9.\u201d <\/i><\/span><\/p>\n<p><span>A <strong>nagy gy\u00f6ngyh\u00e1zlepke<\/strong> mutatja az utat a gyerekeknek az egyik \u00e1llom\u00e1st\u00f3l a m\u00e1sikig: a m\u00e9ly narancss\u00e1rga sz\u00edn\u0171 pillang\u00f3 val\u00f3ban itt \u00e9l a parkban, \u00e9s egy kis szerencs\u00e9vel<strong> a gyerekek is tal\u00e1lkozhatnak vele<\/strong>.<\/span><\/p>\n<div id=\"attachment_7325\" style=\"width: 1180px\" class=\"wp-caption alignnone\"><img decoding=\"async\" aria-describedby=\"caption-attachment-7325\" class=\"size-1170_658 wp-image-7325\" src=\"https:\/\/cdn.salzburgerland.com\/hu\/wp-content\/uploads\/2016\/11\/-salzburgerland-tourismus-salzburgerland-52-1170x658.jpg\" alt=\"walddetektive\" width=\"1170\" height=\"658\" srcset=\"https:\/\/www.salzburgerland.com\/hu\/wp-content\/uploads\/2016\/11\/-salzburgerland-tourismus-salzburgerland-52-1170x658.jpg 1170w, https:\/\/www.salzburgerland.com\/hu\/wp-content\/uploads\/2016\/11\/-salzburgerland-tourismus-salzburgerland-52-1200x675.jpg 1200w\" sizes=\"(max-width: 1170px) 100vw, 1170px\"><p id=\"caption-attachment-7325\" class=\"wp-caption-text\">A gy\u00f6ny\u00f6r\u0171, m\u00e9ly narancss\u00e1rga sz\u00edn\u0171 pillang\u00f3 itt \u00e9l a parkban, \u00e9s egy kis szerencs\u00e9vel a gyerekek is tal\u00e1lkozhatnak vele. \u00a9 SalzburgerLand Tourismus walddetektive<\/p><\/div>\n<\/div>\n<\/div>\n<div>\n<h2>A szarvas tizenk\u00e9tszer olyan messzire tud ugrani, mint egy bolha<\/h2>\n<\/div>\n<div>\n<p><span>\u201eAz \u00fat \u00f6sszesen <strong>kilenc \u00e1llom\u00e1sb\u00f3l\u00a0<\/strong>\u00e1ll\u201d \u2013 magyar\u00e1zza Sabrina a sz\u00fcl\u0151knek, mik\u00f6zben n\u00e9h\u00e1ny gyermek m\u00e1r k\u00edv\u00e1ncsian szalad el\u0151re. \u201eHa minden k\u00e9rd\u00e9sre helyesen v\u00e1laszolunk, megold\u00e1sk\u00e9nt egy olyan sz\u00f3t kapunk, amely kapcsol\u00f3dik ahhoz, amit ma l\u00e1tunk \u00e9s megtapasztalunk.\u201d Hirtelen abbamarad az eligaz\u00edt\u00e1s, mert hangos ki\u00e1lt\u00e1s hallhat\u00f3: \u201d Itt van! Megtal\u00e1ltam! Egy pillang\u00f3, \u00e9s az els\u0151 \u00e1llom\u00e1s!\u201d A gyerekek teljes lelkesed\u00e9ssel veszik birtokba a kis <strong>t\u00e1volugr\u00f3 l\u00e9tes\u00edtm\u00e9nyt<\/strong>. Versenyezni\u00fck kell a nat\u00farpark vad\u00e1llataival. M\u00edg Johannesnek siker\u00fcl egy legal\u00e1bb f\u00e9l m\u00e9teres <strong>bolhaugr\u00e1st<\/strong> megugrania, addig Katharina a 70 centim\u00e9teres ugr\u00e1s\u00e1val m\u00e9g az<strong> erdei eg\u00e9rrel<\/strong> is felveszi a versenyt. Az m\u00e1r igen! A <strong>vaddiszn\u00f3 <\/strong>a n\u00e9gy, \u00e9s a<strong> szarvas <\/strong>a hat m\u00e9ter\u00e9vel m\u00e9g messze van. Ennek ellen\u00e9re, rendk\u00edv\u00fcl el\u00e9gedettek teljes\u00edtm\u00e9ny\u00fckkel, \u00e9s a kis csoport tov\u00e1bb halad. Az unalmas t\u00far\u00e1z\u00e1s a m\u00falt\u00e9, ma <strong>a \u201eWalden\u201d kaland\u00f6sv\u00e9nyen vagyunk!<\/strong><\/span><\/p>\n<div id=\"attachment_7323\" style=\"width: 1180px\" class=\"wp-caption alignnone\"><img decoding=\"async\" aria-describedby=\"caption-attachment-7323\" class=\"size-1170_658 wp-image-7323\" src=\"https:\/\/cdn.salzburgerland.com\/hu\/wp-content\/uploads\/2016\/11\/salzburgerland-44-1170x658.jpg\" alt=\"walddetektive, Nagy\u00edt\u00f3val felszerelkezve \u00e9s egy szakember \u00fatmutat\u00e1sa mellett a kisebb \u00e9s nagyobb term\u00e9szetkedvel\u0151k is teljesen \u00faj oldal\u00e1r\u00f3l ismerhetik meg az erd\u0151t\" width=\"1170\" height=\"658\" srcset=\"https:\/\/www.salzburgerland.com\/hu\/wp-content\/uploads\/2016\/11\/salzburgerland-44-1170x658.jpg 1170w, https:\/\/www.salzburgerland.com\/hu\/wp-content\/uploads\/2016\/11\/salzburgerland-44-1200x675.jpg 1200w\" sizes=\"(max-width: 1170px) 100vw, 1170px\"><p id=\"caption-attachment-7323\" class=\"wp-caption-text\">Nagy\u00edt\u00f3val felszerelkezve \u00e9s egy szakember \u00fatmutat\u00e1sa mellett a kisebb \u00e9s nagyobb term\u00e9szetkedvel\u0151k is teljesen \u00faj oldal\u00e1r\u00f3l ismerhetik meg az erd\u0151t \u00a9 SalzburgerLand Tourismus walddetektive<\/p><\/div>\n<\/div>\n<h2>Mi a k\u00f6z\u00f6s egy hangyabolyban \u00e9s egy j\u00e9ghegyben?<\/h2>\n<div>\n<p><span>A m\u00e1sodik \u00e1llom\u00e1son a gyerekek egy nagyon <strong>k\u00fcl\u00f6nleges n\u00f6v\u00e9nnyel<\/strong> tal\u00e1lkoznak, amely csak az alpesi erd\u0151kben fordul el\u0151: az <strong>erdei csigak\u00e9llel, m\u00e1s n\u00e9ven b\u00fcd\u00f6s bojtorj\u00e1nnal<\/strong>. \u201e\u00c9s milyen az illata?\u201d \u2013 k\u00e9rdezi Sabrina a gyerekekt\u0151l. \u201eMint Katharina sportzoknija\u201d \u2013 kuncog Johannes. Nem eg\u00e9szen, a helyes v\u00e1lasz a burgonya, \u00e9s ez azt jelenti, hogy a v\u00e1lasz els\u0151 bet\u0171j\u00e9t m\u00e1r megfejtett\u00e9k. \u00c9s \u00edgy tov\u00e1bb, n\u00e9ha libasorban mennek, amikor az \u00fat nagyon keskeny, n\u00e9ha hangosan csacsognak egym\u00e1s mellett, v\u00e9gig <strong>a rohan\u00f3\u00a0<\/strong><\/span><strong>Wei\u00dfbach patak ment\u00e9n<\/strong>. Fel kell ismerni a f\u00e1kat, \u00e9s meg kell tapintani a t\u00e1rgyakat. A gyerekek megtudj\u00e1k, hogy a <strong>gomb\u00e1k<\/strong> lebontj\u00e1k az elhalt f\u00e1t, \u00e9s hogy a <strong>hangyaboly<\/strong> fel\u00e9p\u00edt\u00e9s\u00e9ben egy j\u00e9ghegyre hasonl\u00edt: a hangyabolynak csak k\u00f6r\u00fclbel\u00fcl egyharmada l\u00e1that\u00f3 a f\u00f6ld felett, k\u00e9tharmad r\u00e9sze a f\u00f6ld alatt tal\u00e1lhat\u00f3.<\/p>\n<\/div>\n<h2>A szurdokerd\u0151n \u00e1t az \u00e9remoszt\u00e1sig<\/h2>\n<p>A <strong>szurdokerd\u0151ben<\/strong> a gyerekeket leny\u0171g\u00f6zi az <strong>epifitonok<\/strong> sokf\u00e9les\u00e9ge. \u201eAz epifitonok olyan n\u00f6v\u00e9nyek, amelyek m\u00e1s n\u00f6v\u00e9nyeken \u00e9s a f\u00e1kon \u00e9lnek. Itt, a szurdokerd\u0151ben rendk\u00edv\u00fcl <strong>magas a p\u00e1ratartalom<\/strong>, \u00e9s viszonylag <strong>\u00e1lland\u00f3 az \u00e9ghajlat<\/strong>, ami el\u0151seg\u00edti az epifitonok n\u00f6veked\u00e9s\u00e9t.\u201d \u2013 magyar\u00e1zza Sabrina. A gyerekek leny\u0171g\u00f6zve figyelnek. K\u00f6r\u00fcl\u00f6tt\u00fck az \u0151sr\u00e9gi f\u00e1k egy kis <strong>dzsungel-\u00e9rzetet<\/strong> keltenek. \u00c9ppen ide illik a k\u00f6zelben l\u00e9v\u0151 b\u00f6lcs\u0151hinta, melyen mint Tarzan \u00e9s Jane hint\u00e1zhatunk, mik\u00f6zben \u00e9lvezz\u00fck a <strong>z\u00f6ldre ny\u00edl\u00f3 csod\u00e1s kil\u00e1t\u00e1st<\/strong>.<\/p>\n<p>A t\u00fara v\u00e9g\u00e9re az \u00f6sszes gyerek \u2013 sz\u00fcleinek seg\u00edts\u00e9g\u00e9vel vagy an\u00e9lk\u00fcl \u2013 kital\u00e1lta a v\u00e1laszt. <strong>Szam\u00f3c\u00e1t<\/strong> csipegettek, a kis \u00e1llatokat nagy\u00edt\u00f3 alatt megvizsg\u00e1lt\u00e1k, majd \u00fajra elengedt\u00e9k. Meg\u00e9rkezv\u00e9n, Sabrina \u00e1tadja az <strong>\u00e9rmeket<\/strong>, \u00e9s a gyerekeket hivatalosan is<strong> \u201eerdei nyomoz\u00f3kk\u00e1 \u00e9s v\u00edzkutat\u00f3kk\u00e1\u201d<\/strong> nyilv\u00e1n\u00edtja. Nincs m\u00e1s h\u00e1tra, mint eld\u00f6nteni, hogy a Wei\u00dfbach-i term\u00e9szeti park melyik alpesi h\u00fctt\u00e9j\u00e9ben vagy uzsonn\u00e1z\u00f3 \u00e1llom\u00e1s\u00e1n <strong>\u00fcnnepelj\u00e9k meg a sikert<\/strong>.<\/p>\n","protected":false},"excerpt":{"rendered":"<p>Csendesen csobog a Wei\u00dfbach patak a Waltlm\u00fchls\u00e4ge, a term\u00e9szeti\u00a0park h\u00fctt\u00e9je\u00a0m\u00f6g\u00f6tt. Ilyen az, amikor egy t\u00f6k\u00e9letes pihen\u0151nap vid\u00e1m hangulata uralkodik a salzburgi hegyek k\u00f6z\u00f6tt. Fenn a Berchtesgadeni-Alpokban ered a patak, s lent a v\u00f6lgyben torkollik a Saalach foly\u00f3ba, amelynek viz\u00e9n a v\u00edzisportok kedvel\u0151i, a kenusok \u00e9s raftingosok teszik pr\u00f3b\u00e1ra b\u00e1tors\u00e1gukat. Fent a hegyen, mintegy 800 m\u00e9teres [&hellip;]<\/p>\n","protected":false},"author":21,"featured_media":7329,"comment_status":"closed","ping_status":"closed","sticky":false,"template":"","format":"standard","meta":{"_acf_changed":false,"wl_entities_gutenberg":"","_relevanssi_hide_post":"","_relevanssi_hide_content":"","_relevanssi_pin_for_all":"","_relevanssi_pin_keywords":"","_relevanssi_unpin_keywords":"","_relevanssi_related_keywords":"","_relevanssi_related_include_ids":"","_relevanssi_related_exclude_ids":"","_relevanssi_related_no_append":"","_relevanssi_related_not_related":"","_relevanssi_related_posts":"","_relevanssi_noindex_reason":"","footnotes":""},"categories":[1],"tags":[151,150,152],"wl_entity_type":[27],"class_list":["post-12418","post","type-post","status-publish","format-standard","has-post-thumbnail","hentry","category-uncategorized","tag-alpok","tag-erdei-kirandulas","tag-gyerekprogram","wl_entity_type-article"],"acf":[],"yoast_head":"<!-- This site is optimized with the Yoast SEO Premium plugin v27.4 (Yoast SEO v27.4) - https:\/\/yoast.com\/product\/yoast-seo-premium-wordpress\/ -->\n<title>Erdei nyomoz\u00f3k \u00e9s v\u00edzkutat\u00f3k \u00bb SalzburgerLand.com<\/title>\n<meta name=\"description\" content=\"\u00c9rdekes kalandt\u00far\u00e1n vehetnek r\u00e9szt a gyerekek a Weissbach patak ment\u00e9n, mint kis erdei nyomoz\u00f3k \u00e9s v\u00edzkutat\u00f3k.\" \/>\n<meta name=\"robots\" content=\"index, follow, max-snippet:-1, max-image-preview:large, max-video-preview:-1\" \/>\n<link rel=\"canonical\" href=\"https:\/\/www.salzburgerland.com\/hu\/erdei-nyomozok-es-vizkutatok\/\" \/>\n<meta property=\"og:locale\" content=\"hu_HU\" \/>\n<meta property=\"og:type\" content=\"article\" \/>\n<meta property=\"og:title\" content=\"Erdei nyomoz\u00f3k \u00e9s v\u00edzkutat\u00f3k\" \/>\n<meta property=\"og:description\" content=\"Csendesen csobog a Wei\u00dfbach patak a Waltlm\u00fchls\u00e4ge, a term\u00e9szeti\u00a0park h\u00fctt\u00e9je\u00a0m\u00f6g\u00f6tt. Ilyen az, amikor egy t\u00f6k\u00e9letes pihen\u0151nap vid\u00e1m hangulata uralkodik a\" \/>\n<meta property=\"og:url\" content=\"https:\/\/www.salzburgerland.com\/hu\/erdei-nyomozok-es-vizkutatok\/\" \/>\n<meta property=\"og:site_name\" content=\"SalzburgerLand.com\" \/>\n<meta property=\"article:publisher\" content=\"https:\/\/www.facebook.com\/visitsalzburgerland\/\" \/>\n<meta property=\"article:published_time\" content=\"2021-05-03T12:24:47+00:00\" \/>\n<meta property=\"article:modified_time\" content=\"2024-03-16T05:17:31+00:00\" \/>\n<meta property=\"og:image\" content=\"https:\/\/www.salzburgerland.com\/hu\/wp-content\/uploads\/2016\/11\/naturpark-wald-1200x675.jpg\" \/>\n\t<meta property=\"og:image:width\" content=\"1200\" \/>\n\t<meta property=\"og:image:height\" content=\"675\" \/>\n\t<meta property=\"og:image:type\" content=\"image\/jpeg\" \/>\n<meta name=\"author\" content=\"Hajnalka K\u00e1di\" \/>\n<meta name=\"twitter:card\" content=\"summary_large_image\" \/>\n<meta name=\"twitter:creator\" content=\"@salzburgerland\" \/>\n<meta name=\"twitter:site\" content=\"@salzburgerland\" \/>\n<meta name=\"twitter:label1\" content=\"Szerz\u0151:\" \/>\n\t<meta name=\"twitter:data1\" content=\"Hajnalka K\u00e1di\" \/>\n\t<meta name=\"twitter:label2\" content=\"Becs\u00fclt olvas\u00e1si id\u0151\" \/>\n\t<meta name=\"twitter:data2\" content=\"6 perc\" \/>\n<script type=\"application\/ld+json\" class=\"yoast-schema-graph\">{\"@context\":\"https:\\\/\\\/schema.org\",\"@graph\":[{\"@type\":\"Article\",\"@id\":\"https:\\\/\\\/www.salzburgerland.com\\\/hu\\\/erdei-nyomozok-es-vizkutatok\\\/#article\",\"isPartOf\":{\"@id\":\"https:\\\/\\\/www.salzburgerland.com\\\/hu\\\/erdei-nyomozok-es-vizkutatok\\\/\"},\"author\":{\"name\":\"Hajnalka K\u00e1di\",\"@id\":\"https:\\\/\\\/www.salzburgerland.com\\\/hu\\\/#\\\/schema\\\/person\\\/e4905df070d9b3c52e1e4c730b26aa5a\"},\"headline\":\"Erdei nyomoz\u00f3k \u00e9s v\u00edzkutat\u00f3k\",\"datePublished\":\"2021-05-03T12:24:47+00:00\",\"dateModified\":\"2024-03-16T05:17:31+00:00\",\"mainEntityOfPage\":{\"@id\":\"https:\\\/\\\/www.salzburgerland.com\\\/hu\\\/erdei-nyomozok-es-vizkutatok\\\/\"},\"wordCount\":1058,\"image\":{\"@id\":\"https:\\\/\\\/www.salzburgerland.com\\\/hu\\\/erdei-nyomozok-es-vizkutatok\\\/#primaryimage\"},\"thumbnailUrl\":\"https:\\\/\\\/www.salzburgerland.com\\\/hu\\\/wp-content\\\/uploads\\\/2016\\\/11\\\/naturpark-wald.jpg\",\"keywords\":[\"Alpok\",\"erdei kir\u00e1ndul\u00e1s\",\"gyerekprogram\"],\"articleSection\":[\"Uncategorized\"],\"inLanguage\":\"hu\"},{\"@type\":\"WebPage\",\"@id\":\"https:\\\/\\\/www.salzburgerland.com\\\/hu\\\/erdei-nyomozok-es-vizkutatok\\\/\",\"url\":\"https:\\\/\\\/www.salzburgerland.com\\\/hu\\\/erdei-nyomozok-es-vizkutatok\\\/\",\"name\":\"Erdei nyomoz\u00f3k \u00e9s v\u00edzkutat\u00f3k \u00bb SalzburgerLand.com\",\"isPartOf\":{\"@id\":\"https:\\\/\\\/www.salzburgerland.com\\\/hu\\\/#website\"},\"primaryImageOfPage\":{\"@id\":\"https:\\\/\\\/www.salzburgerland.com\\\/hu\\\/erdei-nyomozok-es-vizkutatok\\\/#primaryimage\"},\"image\":{\"@id\":\"https:\\\/\\\/www.salzburgerland.com\\\/hu\\\/erdei-nyomozok-es-vizkutatok\\\/#primaryimage\"},\"thumbnailUrl\":\"https:\\\/\\\/www.salzburgerland.com\\\/hu\\\/wp-content\\\/uploads\\\/2016\\\/11\\\/naturpark-wald.jpg\",\"datePublished\":\"2021-05-03T12:24:47+00:00\",\"dateModified\":\"2024-03-16T05:17:31+00:00\",\"author\":{\"@id\":\"https:\\\/\\\/www.salzburgerland.com\\\/hu\\\/#\\\/schema\\\/person\\\/e4905df070d9b3c52e1e4c730b26aa5a\"},\"description\":\"\u00c9rdekes kalandt\u00far\u00e1n vehetnek r\u00e9szt a gyerekek a Weissbach patak ment\u00e9n, mint kis erdei nyomoz\u00f3k \u00e9s v\u00edzkutat\u00f3k.\",\"breadcrumb\":{\"@id\":\"https:\\\/\\\/www.salzburgerland.com\\\/hu\\\/erdei-nyomozok-es-vizkutatok\\\/#breadcrumb\"},\"inLanguage\":\"hu\",\"potentialAction\":[{\"@type\":\"ReadAction\",\"target\":[\"https:\\\/\\\/www.salzburgerland.com\\\/hu\\\/erdei-nyomozok-es-vizkutatok\\\/\"]}]},{\"@type\":\"ImageObject\",\"inLanguage\":\"hu\",\"@id\":\"https:\\\/\\\/www.salzburgerland.com\\\/hu\\\/erdei-nyomozok-es-vizkutatok\\\/#primaryimage\",\"url\":\"https:\\\/\\\/www.salzburgerland.com\\\/hu\\\/wp-content\\\/uploads\\\/2016\\\/11\\\/naturpark-wald.jpg\",\"contentUrl\":\"https:\\\/\\\/www.salzburgerland.com\\\/hu\\\/wp-content\\\/uploads\\\/2016\\\/11\\\/naturpark-wald.jpg\",\"width\":1920,\"height\":1280,\"caption\":\"\u00c9rdekes kalandt\u00far\u00e1n vehetnek r\u00e9szt a gyerekek a Weissbach patak ment\u00e9n \u00a9 SalzburgerLand Tourismus walddetektive\"},{\"@type\":\"BreadcrumbList\",\"@id\":\"https:\\\/\\\/www.salzburgerland.com\\\/hu\\\/erdei-nyomozok-es-vizkutatok\\\/#breadcrumb\",\"itemListElement\":[{\"@type\":\"ListItem\",\"position\":1,\"name\":\"Cirbolyaerd\u0151, alpesi \u0151serd\u0151, salzburgi fa\u00f3ri\u00e1sok\",\"item\":\"https:\\\/\\\/www.salzburgerland.com\\\/hu\\\/cirbolyaerdo-alpesi-oserdo-salzburgi-faoriasok\\\/\"},{\"@type\":\"ListItem\",\"position\":2,\"name\":\"Erdei nyomoz\u00f3k \u00e9s v\u00edzkutat\u00f3k\"}]},{\"@type\":\"WebSite\",\"@id\":\"https:\\\/\\\/www.salzburgerland.com\\\/hu\\\/#website\",\"url\":\"https:\\\/\\\/www.salzburgerland.com\\\/hu\\\/\",\"name\":\"SalzburgerLand.com\",\"description\":\"\u00dcd\u00fcl\u00e9s Ausztri\u00e1ban, Salzburg tartom\u00e1nyban\",\"potentialAction\":[{\"@type\":\"SearchAction\",\"target\":{\"@type\":\"EntryPoint\",\"urlTemplate\":\"https:\\\/\\\/www.salzburgerland.com\\\/hu\\\/?s={search_term_string}\"},\"query-input\":{\"@type\":\"PropertyValueSpecification\",\"valueRequired\":true,\"valueName\":\"search_term_string\"}}],\"inLanguage\":\"hu\"},{\"@type\":\"Person\",\"@id\":\"https:\\\/\\\/www.salzburgerland.com\\\/hu\\\/#\\\/schema\\\/person\\\/e4905df070d9b3c52e1e4c730b26aa5a\",\"name\":\"Hajnalka K\u00e1di\",\"image\":{\"@type\":\"ImageObject\",\"inLanguage\":\"hu\",\"@id\":\"https:\\\/\\\/secure.gravatar.com\\\/avatar\\\/e8c1eecf3b2c49d295cebc6aba0de06d13ec77aa0cf9ccec32725949011b69d2?s=96&d=mm&r=g\",\"url\":\"https:\\\/\\\/secure.gravatar.com\\\/avatar\\\/e8c1eecf3b2c49d295cebc6aba0de06d13ec77aa0cf9ccec32725949011b69d2?s=96&d=mm&r=g\",\"contentUrl\":\"https:\\\/\\\/secure.gravatar.com\\\/avatar\\\/e8c1eecf3b2c49d295cebc6aba0de06d13ec77aa0cf9ccec32725949011b69d2?s=96&d=mm&r=g\",\"caption\":\"Hajnalka K\u00e1di\"}}]}<\/script>\n<!-- \/ Yoast SEO Premium plugin. -->","yoast_head_json":{"title":"Erdei nyomoz\u00f3k \u00e9s v\u00edzkutat\u00f3k \u00bb SalzburgerLand.com","description":"\u00c9rdekes kalandt\u00far\u00e1n vehetnek r\u00e9szt a gyerekek a Weissbach patak ment\u00e9n, mint kis erdei nyomoz\u00f3k \u00e9s v\u00edzkutat\u00f3k.","robots":{"index":"index","follow":"follow","max-snippet":"max-snippet:-1","max-image-preview":"max-image-preview:large","max-video-preview":"max-video-preview:-1"},"canonical":"https:\/\/www.salzburgerland.com\/hu\/erdei-nyomozok-es-vizkutatok\/","og_locale":"hu_HU","og_type":"article","og_title":"Erdei nyomoz\u00f3k \u00e9s v\u00edzkutat\u00f3k","og_description":"Csendesen csobog a Wei\u00dfbach patak a Waltlm\u00fchls\u00e4ge, a term\u00e9szeti\u00a0park h\u00fctt\u00e9je\u00a0m\u00f6g\u00f6tt. Ilyen az, amikor egy t\u00f6k\u00e9letes pihen\u0151nap vid\u00e1m hangulata uralkodik a","og_url":"https:\/\/www.salzburgerland.com\/hu\/erdei-nyomozok-es-vizkutatok\/","og_site_name":"SalzburgerLand.com","article_publisher":"https:\/\/www.facebook.com\/visitsalzburgerland\/","article_published_time":"2021-05-03T12:24:47+00:00","article_modified_time":"2024-03-16T05:17:31+00:00","og_image":[{"width":1200,"height":675,"url":"https:\/\/www.salzburgerland.com\/hu\/wp-content\/uploads\/2016\/11\/naturpark-wald-1200x675.jpg","type":"image\/jpeg"}],"author":"Hajnalka K\u00e1di","twitter_card":"summary_large_image","twitter_creator":"@salzburgerland","twitter_site":"@salzburgerland","twitter_misc":{"Szerz\u0151:":"Hajnalka K\u00e1di","Becs\u00fclt olvas\u00e1si id\u0151":"6 perc"},"schema":{"@context":"https:\/\/schema.org","@graph":[{"@type":"Article","@id":"https:\/\/www.salzburgerland.com\/hu\/erdei-nyomozok-es-vizkutatok\/#article","isPartOf":{"@id":"https:\/\/www.salzburgerland.com\/hu\/erdei-nyomozok-es-vizkutatok\/"},"author":{"name":"Hajnalka K\u00e1di","@id":"https:\/\/www.salzburgerland.com\/hu\/#\/schema\/person\/e4905df070d9b3c52e1e4c730b26aa5a"},"headline":"Erdei nyomoz\u00f3k \u00e9s v\u00edzkutat\u00f3k","datePublished":"2021-05-03T12:24:47+00:00","dateModified":"2024-03-16T05:17:31+00:00","mainEntityOfPage":{"@id":"https:\/\/www.salzburgerland.com\/hu\/erdei-nyomozok-es-vizkutatok\/"},"wordCount":1058,"image":{"@id":"https:\/\/www.salzburgerland.com\/hu\/erdei-nyomozok-es-vizkutatok\/#primaryimage"},"thumbnailUrl":"https:\/\/www.salzburgerland.com\/hu\/wp-content\/uploads\/2016\/11\/naturpark-wald.jpg","keywords":["Alpok","erdei kir\u00e1ndul\u00e1s","gyerekprogram"],"articleSection":["Uncategorized"],"inLanguage":"hu"},{"@type":"WebPage","@id":"https:\/\/www.salzburgerland.com\/hu\/erdei-nyomozok-es-vizkutatok\/","url":"https:\/\/www.salzburgerland.com\/hu\/erdei-nyomozok-es-vizkutatok\/","name":"Erdei nyomoz\u00f3k \u00e9s v\u00edzkutat\u00f3k \u00bb SalzburgerLand.com","isPartOf":{"@id":"https:\/\/www.salzburgerland.com\/hu\/#website"},"primaryImageOfPage":{"@id":"https:\/\/www.salzburgerland.com\/hu\/erdei-nyomozok-es-vizkutatok\/#primaryimage"},"image":{"@id":"https:\/\/www.salzburgerland.com\/hu\/erdei-nyomozok-es-vizkutatok\/#primaryimage"},"thumbnailUrl":"https:\/\/www.salzburgerland.com\/hu\/wp-content\/uploads\/2016\/11\/naturpark-wald.jpg","datePublished":"2021-05-03T12:24:47+00:00","dateModified":"2024-03-16T05:17:31+00:00","author":{"@id":"https:\/\/www.salzburgerland.com\/hu\/#\/schema\/person\/e4905df070d9b3c52e1e4c730b26aa5a"},"description":"\u00c9rdekes kalandt\u00far\u00e1n vehetnek r\u00e9szt a gyerekek a Weissbach patak ment\u00e9n, mint kis erdei nyomoz\u00f3k \u00e9s v\u00edzkutat\u00f3k.","breadcrumb":{"@id":"https:\/\/www.salzburgerland.com\/hu\/erdei-nyomozok-es-vizkutatok\/#breadcrumb"},"inLanguage":"hu","potentialAction":[{"@type":"ReadAction","target":["https:\/\/www.salzburgerland.com\/hu\/erdei-nyomozok-es-vizkutatok\/"]}]},{"@type":"ImageObject","inLanguage":"hu","@id":"https:\/\/www.salzburgerland.com\/hu\/erdei-nyomozok-es-vizkutatok\/#primaryimage","url":"https:\/\/www.salzburgerland.com\/hu\/wp-content\/uploads\/2016\/11\/naturpark-wald.jpg","contentUrl":"https:\/\/www.salzburgerland.com\/hu\/wp-content\/uploads\/2016\/11\/naturpark-wald.jpg","width":1920,"height":1280,"caption":"\u00c9rdekes kalandt\u00far\u00e1n vehetnek r\u00e9szt a gyerekek a Weissbach patak ment\u00e9n \u00a9 SalzburgerLand Tourismus walddetektive"},{"@type":"BreadcrumbList","@id":"https:\/\/www.salzburgerland.com\/hu\/erdei-nyomozok-es-vizkutatok\/#breadcrumb","itemListElement":[{"@type":"ListItem","position":1,"name":"Cirbolyaerd\u0151, alpesi \u0151serd\u0151, salzburgi fa\u00f3ri\u00e1sok","item":"https:\/\/www.salzburgerland.com\/hu\/cirbolyaerdo-alpesi-oserdo-salzburgi-faoriasok\/"},{"@type":"ListItem","position":2,"name":"Erdei nyomoz\u00f3k \u00e9s v\u00edzkutat\u00f3k"}]},{"@type":"WebSite","@id":"https:\/\/www.salzburgerland.com\/hu\/#website","url":"https:\/\/www.salzburgerland.com\/hu\/","name":"SalzburgerLand.com","description":"\u00dcd\u00fcl\u00e9s Ausztri\u00e1ban, Salzburg tartom\u00e1nyban","potentialAction":[{"@type":"SearchAction","target":{"@type":"EntryPoint","urlTemplate":"https:\/\/www.salzburgerland.com\/hu\/?s={search_term_string}"},"query-input":{"@type":"PropertyValueSpecification","valueRequired":true,"valueName":"search_term_string"}}],"inLanguage":"hu"},{"@type":"Person","@id":"https:\/\/www.salzburgerland.com\/hu\/#\/schema\/person\/e4905df070d9b3c52e1e4c730b26aa5a","name":"Hajnalka K\u00e1di","image":{"@type":"ImageObject","inLanguage":"hu","@id":"https:\/\/secure.gravatar.com\/avatar\/e8c1eecf3b2c49d295cebc6aba0de06d13ec77aa0cf9ccec32725949011b69d2?s=96&d=mm&r=g","url":"https:\/\/secure.gravatar.com\/avatar\/e8c1eecf3b2c49d295cebc6aba0de06d13ec77aa0cf9ccec32725949011b69d2?s=96&d=mm&r=g","contentUrl":"https:\/\/secure.gravatar.com\/avatar\/e8c1eecf3b2c49d295cebc6aba0de06d13ec77aa0cf9ccec32725949011b69d2?s=96&d=mm&r=g","caption":"Hajnalka K\u00e1di"}}]}},"_wl_alt_label":[],"wl:entity_url":"http:\/\/open.salzburgerland.com\/hu\/post\/erdei_nyomozok_es_vizkutatok","_links":{"self":[{"href":"https:\/\/www.salzburgerland.com\/hu\/wp-json\/wp\/v2\/posts\/12418","targetHints":{"allow":["GET"]}}],"collection":[{"href":"https:\/\/www.salzburgerland.com\/hu\/wp-json\/wp\/v2\/posts"}],"about":[{"href":"https:\/\/www.salzburgerland.com\/hu\/wp-json\/wp\/v2\/types\/post"}],"author":[{"embeddable":true,"href":"https:\/\/www.salzburgerland.com\/hu\/wp-json\/wp\/v2\/users\/21"}],"replies":[{"embeddable":true,"href":"https:\/\/www.salzburgerland.com\/hu\/wp-json\/wp\/v2\/comments?post=12418"}],"version-history":[{"count":5,"href":"https:\/\/www.salzburgerland.com\/hu\/wp-json\/wp\/v2\/posts\/12418\/revisions"}],"predecessor-version":[{"id":21174,"href":"https:\/\/www.salzburgerland.com\/hu\/wp-json\/wp\/v2\/posts\/12418\/revisions\/21174"}],"wp:featuredmedia":[{"embeddable":true,"href":"https:\/\/www.salzburgerland.com\/hu\/wp-json\/wp\/v2\/media\/7329"}],"wp:attachment":[{"href":"https:\/\/www.salzburgerland.com\/hu\/wp-json\/wp\/v2\/media?parent=12418"}],"wp:term":[{"taxonomy":"category","embeddable":true,"href":"https:\/\/www.salzburgerland.com\/hu\/wp-json\/wp\/v2\/categories?post=12418"},{"taxonomy":"post_tag","embeddable":true,"href":"https:\/\/www.salzburgerland.com\/hu\/wp-json\/wp\/v2\/tags?post=12418"},{"taxonomy":"wl_entity_type","embeddable":true,"href":"https:\/\/www.salzburgerland.com\/hu\/wp-json\/wp\/v2\/wl_entity_type?post=12418"}],"curies":[{"name":"wp","href":"https:\/\/api.w.org\/{rel}","templated":true}]}}