{"id":116,"date":"2016-11-16T18:28:37","date_gmt":"2016-11-16T18:28:37","guid":{"rendered":"https:\/\/www.onebigpark.at\/hu\/?p=116"},"modified":"2021-07-07T15:03:43","modified_gmt":"2021-07-07T13:03:43","slug":"sajtmaniasok-gasztroturaja","status":"publish","type":"post","link":"https:\/\/www.salzburgerland.com\/hu\/sajtmaniasok-gasztroturaja\/","title":{"rendered":"Via Culinaria \u2013 sajtok"},"content":{"rendered":"<p><span color=\"#000000\"><span id=\"urn:enhancement-6a2c24c7-7f13-d290-cd44-967eda6c6e1b\">Salzburg tartom\u00e1ny<\/span> (SalzburgerLand) r\u00e9gi\u00f3iban is nagy a becs\u00fclete a j\u00f3 sajtnak.\u00a0<\/span><span>A sz\u00e1mos gazd\u00e1nak, az\u00a0alpesi legel\u0151knek \u00e9s a sok-sok teh\u00e9nnek h\u00e1la,\u00a0rengeteg <strong>friss tej<\/strong> \u00e1ll rendelkez\u00e9sre, amelyet csod\u00e1latos f\u0171szeres vagy kr\u00e9mes <strong>sajtk\u00fcl\u00f6nlegess\u00e9gekk\u00e9<\/strong> lehet feldolgozni.\u00a0<\/span><span>Igen nagy a <strong>bio sajtok<\/strong> ar\u00e1nya, hiszen Eur\u00f3p\u00e1ban itt a legnagyobb a\u00a0<strong>biogazdas\u00e1gok<\/strong> sz\u00e1ma.<\/span><\/p>\n<div id=\"attachment_12975\" style=\"width: 1034px\" class=\"wp-caption alignnone\"><img decoding=\"async\" aria-describedby=\"caption-attachment-12975\" class=\"size-large wp-image-12975\" src=\"https:\/\/cdn.salzburgerland.com\/hu\/wp-content\/uploads\/2016\/11\/vc_0421_website_bilder_18-1024x569-1.jpg\" alt=\"\" width=\"1024\" height=\"569\" srcset=\"https:\/\/www.salzburgerland.com\/hu\/wp-content\/uploads\/2016\/11\/vc_0421_website_bilder_18-1024x569-1.jpg 1024w, https:\/\/www.salzburgerland.com\/hu\/wp-content\/uploads\/2016\/11\/vc_0421_website_bilder_18-1024x569-1-370x206.jpg 370w, https:\/\/www.salzburgerland.com\/hu\/wp-content\/uploads\/2016\/11\/vc_0421_website_bilder_18-1024x569-1-768x427.jpg 768w, https:\/\/www.salzburgerland.com\/hu\/wp-content\/uploads\/2016\/11\/vc_0421_website_bilder_18-1024x569-1-270x150.jpg 270w, https:\/\/www.salzburgerland.com\/hu\/wp-content\/uploads\/2016\/11\/vc_0421_website_bilder_18-1024x569-1-540x300.jpg 540w\" sizes=\"(max-width: 1024px) 100vw, 1024px\"><p id=\"caption-attachment-12975\" class=\"wp-caption-text\">Gertraud \u00e9s Josef Oberascher \u00a9 SalzburgerLand Tourismus<\/p><\/div>\n<p><span color=\"#000000\"><strong>Pinzgaui s\u00f6rsajt<\/strong>, <strong>tennengaui alpesi sajtok<\/strong>, friss\u00a0z\u00f6ldeket legel\u0151, t\u00e9len friss sz\u00e9n\u00e1val t\u00e1pl\u00e1lt tehenek tej\u00e9b\u0151l k\u00e9sz\u00fcl\u0151 <strong>flachgaui sajtok<\/strong>, <strong>lungaui kecskesajt-k\u00fcl\u00f6nlegess\u00e9gek<\/strong> \u2013 a v\u00e1laszt\u00e9k roppant sz\u00e9les. Mindig \u00faj \u00e9s \u00faj helyi specialit\u00e1sokkal h\u00edvj\u00e1k fel magukra a figyelmet a f\u00e1radhatatlan sajtk\u00e9sz\u00edt\u0151k, ugyanakkor\u00a0gondot ford\u00edtanak\u00a0a hagyom\u00e1nyok meg\u0151rz\u00e9s\u00e9re is.<\/span><\/p>\n<p><span color=\"#000000\">A sajtim\u00e1d\u00f3k gasztrot\u00fara \u00fatvonala <strong>tekint\u00e9lyes magass\u00e1gokba is elvezet<\/strong>. De legal\u00e1bb nyugodtan ehet\u00fcnk, a kiad\u00f3s gyalogt\u00far\u00e1val ki\u00e9rdemelhetj\u00fck a finom falatokat. A <strong>Salzburgi alpesi ny\u00e1r<span id=\"urn:local-text-annotation-sqv0c2r051vbeenpzpbjybvju97wqzs2\" itemid=\"http:\/\/open.salzburgerland.com\/hu\/entity\/salzburgi_alpesi_nyar\"><\/span><\/strong> (Salzburger Almsommer) min\u0151s\u00e9gi v\u00e9djegy\u00e9vel kit\u00fcntetett alpesi h\u00fctt\u00e9kben a sajttal k\u00e9sz\u00fclt fog\u00e1sok legjobbjaival vend\u00e9gelnek meg a <span id=\"urn:enhancement-bad1ae00-2da7-ea1b-839a-e48d2f053f97\">gazd\u00e1k<\/span>.<\/span><\/p>\n<h2><span color=\"#000000\">Sajtk\u00f3stol\u00f3 Tennengau havasi legel\u0151in<\/span><\/h2>\n<p><span color=\"#000000\">A tennengaui alpesi legel\u0151k\u00f6n t\u00f6bb gener\u00e1ci\u00f3ra ny\u00falik vissza a sajtk\u00e9sz\u00edt\u00e9s hagyom\u00e1nya. Az 500-t\u00f3l 1300 m\u00e9teres magass\u00e1gig ny\u00fal\u00f3 lank\u00e1s havasi legel\u0151k friss f\u00fcve, t\u00e9len az itt kasz\u00e1lt friss sz\u00e9na szolg\u00e1l az <span id=\"urn:enhancement-0c30e6f7-4722-f68c-63ac-ae6d2b93e6a4\">\u00e1llatok<\/span> t\u00e1pl\u00e1l\u00e9k\u00e1ul.\u00a0<strong>Hihetetlen\u00fcl finom\u00a0arom\u00e1t ad<\/strong> a tejnek \u00e9s a sajtoknak, tov\u00e1bbi adal\u00e9kanyagok hozz\u00e1ad\u00e1s\u00e1ra nincs is sz\u00fcks\u00e9g. A t\u00f6bbsz\u00f6r\u00f6sen kit\u00fcntetett <strong>biosajtb\u00f3l<\/strong> k\u00e9sz\u00fcl a legt\u00f6bb. <a href=\"https:\/\/www.tennengau.com\/en\" target=\"_blank\" rel=\"noopener noreferrer\"><strong>Tennengau<\/strong><\/a> els\u0151sorban az <a href=\"https:\/\/www.tennengau.com\/en\/genussregion\/tennengau\/tennengau-almkaese\" target=\"_blank\" rel=\"noopener noreferrer\"><strong>alpesi sajt<\/strong><\/a> \u00e9s a <strong>hegyi b\u00e1r\u00e1nyh\u00fas<\/strong> ok\u00e1n kiemelt gasztron\u00f3mai r\u00e9gi\u00f3. A sajtot \u00e9rdemes k\u00f6zvetlen\u00fcl az alpesi legel\u0151k\u00f6n megk\u00f3stolni. A gazd\u00e1k a sajt- \u00e9s t\u00far\u00f3k\u00e9sz\u00edt\u00e9s fort\u00e9lyaiba is beavatj\u00e1k a l\u00e1togat\u00f3t.<\/span><\/p>\n<h2><span color=\"#000000\">A Grossarltal r\u00e9gi\u00f3 k\u00fcl\u00f6nleges sajtjai<\/span><\/h2>\n<p><span color=\"#000000\">A <a href=\"https:\/\/www.salzburgerland.com\/hu\/grossarltal-nyar\/\" rel=\"noopener noreferrer\"><strong>Grossarltalban<\/strong><\/a> igen nagy hagyom\u00e1nya van a sajtk\u00e9sz\u00edt\u00e9snek. Kem\u00e9ny, f\u00e9lkem\u00e9ny sajtf\u00e9l\u00e9k \u00e9s <span id=\"urn:enhancement-2b1f9f43-80c2-2ddf-3b1b-556e1cce9e3b\">t\u00far\u00f3<\/span> k\u00e9sz\u00fcl a hegyekben legel\u0151 tehenek, juhok \u00e9s kecsk\u00e9k tej\u00e9b\u0151l. A hegyi p\u00e1sztorok \u00e9s <span id=\"urn:enhancement-145c6e1b-4f68-5351-18be-fd331ebfe5cd\">gazd\u00e1k<\/span> saj\u00e1t receptjeikre esk\u00fcsznek. K\u00e9ts\u00e9gtelen, hogy az alpesi r\u00e9tek z\u00f6ldjeit legel\u0151 <span id=\"urn:enhancement-9cc942fb-53fe-2ad7-15cc-f5e011beed6a\">\u00e1llatok<\/span> friss teje remek alapanyag, p\u00e9ld\u00e1ul <strong>alpesi sajt <\/strong>(Bergbauernk\u00e4se) k\u00e9sz\u00fcl bel\u0151le. Csakis errefel\u00e9 k\u00f3stolhat\u00f3 meg a <strong>savany\u00fa tejb\u0151l k\u00e9sz\u00fcl\u0151<\/strong> \u00fan. <strong>Sauerk\u00e4se<\/strong>. Ha ezen a havasi legel\u0151kben k\u00fcl\u00f6n\u00f6sen gazdag vid\u00e9ken j\u00e1runk, felt\u00e9tlen\u00fcl k\u00f3stoljuk meg az \u00edzes hegyi sajtokat.<\/span><\/p>\n<div id=\"attachment_5364\" style=\"width: 1180px\" class=\"wp-caption alignnone\"><img decoding=\"async\" aria-describedby=\"caption-attachment-5364\" class=\"wp-image-5364 size-1170_658\" src=\"https:\/\/cdn.salzburgerland.com\/hu\/wp-content\/uploads\/2016\/11\/saalfelden-leogang-genuss-kasnockn-sandra-birklbauer-1-1170x658.jpg\" alt=\"\" width=\"1170\" height=\"658\" srcset=\"https:\/\/www.salzburgerland.com\/hu\/wp-content\/uploads\/2016\/11\/saalfelden-leogang-genuss-kasnockn-sandra-birklbauer-1-1170x658.jpg 1170w, https:\/\/www.salzburgerland.com\/hu\/wp-content\/uploads\/2016\/11\/saalfelden-leogang-genuss-kasnockn-sandra-birklbauer-1-1200x675.jpg 1200w\" sizes=\"(max-width: 1170px) 100vw, 1170px\"><p id=\"caption-attachment-5364\" class=\"wp-caption-text\">A h\u00fctt\u00e9kben \u00e9s fogad\u00f3kban hangulatos vend\u00e9gl\u00e1t\u00e1sban r\u00e9szes\u00fcl\u00fcnk, \u00e9s legt\u00f6bbsz\u00f6r sajtk\u00fcl\u00f6nlegess\u00e9geket is k\u00f3stolhatunk \u00a9 Saalfelden Leogang, Sandra Birklbauer<\/p><\/div>\n<h2>Hol \u00e9rdemes sajtot k\u00f3stolni?<\/h2>\n<p>A <strong>Via Culinaria sajtbar\u00e1toknak<\/strong> sz\u00f3l\u00f3 \u00fatvonala <strong>19 helyet<\/strong> aj\u00e1nl, ahov\u00e1 \u00e9rdemes bet\u00e9rni, ha igaz\u00e1n j\u00f3 sajtokat \u00e9s <strong>sajtk\u00fcl\u00f6nlegess\u00e9geket<\/strong> szeretne k\u00f3stolni.<\/p>\n<p>A <strong>K\u00e4seschauerei<\/strong> 1050 m\u00e9ter magasan fekszik a lungaui <strong>UNESCO bioszf\u00e9ra-rezerv\u00e1tum<\/strong> ter\u00fclet\u00e9n. A tulajdonos, <strong>Erwin Bauer<\/strong> r\u00e9gi v\u00e1gya teljes\u00fclt az\u00e1ltal, hogy <strong>saj\u00e1t teheneik<\/strong> tej\u00e9t finom f\u0171szeres <strong>sajtspecialit\u00e1sokk\u00e1<\/strong> dolgozz\u00e1k fel. Ak\u00e1r a legjobb min\u0151s\u00e9g\u0171 friss, l\u00e1gy sajtokr\u00f3l, ak\u00e1r az \u00e9rett f\u0171szeres sajtokr\u00f3l legyen sz\u00f3, a fantasztikus \u00edzvil\u00e1g titka a speci\u00e1lis lungaui <strong>kl\u00edma<\/strong>, a helyi <strong>talajadotts\u00e1gok<\/strong>, na \u00e9s term\u00e9szetesen a <strong>know-how<\/strong>.<\/p>\n<p>A <a href=\"https:\/\/www.salzburgerland.com\/hu\/mauterndorf-es-mariapfarr-nyar\/\" rel=\"noopener noreferrer\"><strong>Salzburgi Lungau<\/strong><\/a> egyik h\u00edres biogazd\u00e1lkod\u00f3ja a Naynar-Lansch\u00fctzer csal\u00e1d. Felkereshetj\u00fck \u0151ket a Der <a href=\"http:\/\/www.tauernroggen.at\/de\/hiasnhof.html\" target=\"_blank\" rel=\"noopener noreferrer\"><strong>HIASNHOF<\/strong><\/a> nev\u0171 gazdas\u00e1gban, 1260 m\u00e9ter magass\u00e1gban, az <strong>Alacsony-Tauern hegyei k\u00f6z\u00f6tt<\/strong>. A h\u00faszhekt\u00e1ros birtokon <strong>biogazd\u00e1lkod\u00e1s <\/strong>folyik. A m\u00e9reteit tekintve nem t\u00fal nagy, de ann\u00e1l k\u00fcl\u00f6nlegesebb <strong>sajtmanufakt\u00far\u00e1ban<\/strong> a saj\u00e1t kecsk\u00e9k \u00e9s tehenek tej\u00e9b\u0151l k\u00e9sz\u00fclnek a <strong>Naynar-f\u00e9le sajtk\u00fcl\u00f6nlegess\u00e9gek<\/strong>. A tulajdonos alap\u00edt\u00f3 tagja \u00e9s el\u00f6lj\u00e1r\u00f3ja a <strong>Slow Food Convivium Lungau<\/strong> kezdem\u00e9nyez\u00e9snek, amelynek alapelve, hogy <strong>region\u00e1lis<\/strong>, <strong>\u201etiszta\u201d<\/strong> \u00e9lelmiszereket, <strong>fenntarthat\u00f3<\/strong> m\u00f3don \u00e1ll\u00edtsanak el\u0151.\u00a0Ausztria legkiv\u00e1l\u00f3bb \u00e9ttermei is a t\u00f6rzsv\u00e1s\u00e1rl\u00f3k k\u00f6z\u00e9 tartoznak.<\/p>\n<p>A hatalmas <strong>Hochk\u00f6nig-massz\u00edvum<\/strong> l\u00e1b\u00e1n\u00e1l, 1500 m\u00e9teres tengerszint feletti magass\u00e1gban k\u00e9sz\u00fclnek a <a href=\"https:\/\/www.arthurhaus.at\" target=\"_blank\" rel=\"noopener\"><strong>Schweizerh\u00fctte<\/strong><\/a> fenns\u00e9ges sajtjai. A friss <strong>bio tejb\u0151l<\/strong> olyan egyedi sajtk\u00fcl\u00f6nlegess\u00e9gek k\u00e9sz\u00fclnek, mint az a tipikus alpesi sajt, amely <strong>Mandlwandk\u00e4se<\/strong> n\u00e9ven v\u00e1lt ismertt\u00e9. Hosszabb \u00e9rlel\u00e9s ut\u00e1n nyeri el k\u00fcl\u00f6nlegesen finom \u00edz\u00e9t \u00e9s igazi kulin\u00e1ris \u00e9lvezetet jelent a sajt szerelmeseinek. A Schweizerh\u00fctte az <a href=\"https:\/\/www.arthurhaus.at\" target=\"_blank\" rel=\"noopener\"><strong>Arthurhaus<\/strong><\/a> <strong>hegyi hotelhez<\/strong> tartozik, melyet a <strong>Radacher csal\u00e1d<\/strong> nagy elk\u00f6telezetts\u00e9ggel vezet m\u00e1r t\u00f6bb gener\u00e1ci\u00f3 \u00f3ta.<\/p>\n\n\t\t\t<div id=\"116-1\" class=\"gallery gallery-116 gallery-columns-3 gallery-size-1170_658\" itemscope itemtype=\"http:\/\/schema.org\/ImageGallery\">\n\t\t\t\t<ul class=\"gallery-row gallery-col-3 gallery-clear\">\n\t\t\t\t\t<li class=\"gallery-item col-3\" itemprop=\"associatedMedia\" itemscope itemtype=\"http:\/\/schema.org\/ImageObject\">\n\t\t\t\t\t\t<div class=\"gallery-icon landscape\"><a href=\"https:\/\/www.salzburgerland.com\/hu\/wp-content\/uploads\/2016\/11\/salzburgerland-tourismus-david-schultheiss-1920x1067.jpg\" title=\"Salzburgi fat\u00e1ny\u00e9ros sajtt\u00e1l\"><img decoding=\"async\" data-title=\"Salzburgi fat\u00e1ny\u00e9ros sajtt\u00e1l \u00a9 SalzburgerLand Tourismus, David Schulthei\u00df\" title=\"Salzburgi fat\u00e1ny\u00e9ros sajtt\u00e1l \u00a9 SalzburgerLand Tourismus, David Schulthei\u00df\" data-caption=\"Salzburgi fat\u00e1ny\u00e9ros sajtt\u00e1l \u00a9 SalzburgerLand Tourismus, David Schulthei\u00df\" width=\"1170\" height=\"658\" src=\"https:\/\/www.salzburgerland.com\/hu\/wp-content\/uploads\/2016\/11\/salzburgerland-tourismus-david-schultheiss-1170x658.jpg\" class=\"attachment-1170_658 size-1170_658\" alt=\"Salzburgi fat\u00e1ny\u00e9ros sajtt\u00e1l (Nagy\u00edtott n\u00e9zet)\" srcset=\"https:\/\/www.salzburgerland.com\/hu\/wp-content\/uploads\/2016\/11\/salzburgerland-tourismus-david-schultheiss-1170x658.jpg 1170w, https:\/\/www.salzburgerland.com\/hu\/wp-content\/uploads\/2016\/11\/salzburgerland-tourismus-david-schultheiss-1200x675.jpg 1200w\" sizes=\"(max-width: 1170px) 100vw, 1170px\" aria-describedby=\"figcaption-116-4951\" itemprop=\"thumbnail\"><\/a><\/div>\n\t\t\t\t\t\t<span id=\"figcaption-116-4951\" class=\"gallery-caption\" itemprop=\"caption\"><span aria-hidden=\"true\">Salzburgi fat\u00e1ny\u00e9ros sajtt\u00e1l \u00a9 SalzburgerLand Tourismus, David Schulthei\u00df<\/span><\/span>\n\t\t\t\t\t<\/li>\n\t\t\t\t\t<li class=\"gallery-item col-3\" itemprop=\"associatedMedia\" itemscope itemtype=\"http:\/\/schema.org\/ImageObject\">\n\t\t\t\t\t\t<div class=\"gallery-icon landscape\"><a href=\"https:\/\/www.salzburgerland.com\/hu\/wp-content\/uploads\/2016\/11\/-salzburgerland-tourismus-kaesen-auf-der-alm-1920x1067.jpg\" title=\"K\u00e4seherstellung\"><img decoding=\"async\" data-title=\"Az alpesi legel\u0151k\u00f6n legt\u00f6bbj\u00e9n helyben k\u00e9sz\u00fcl a friss t\u00far\u00f3, a sajt \u00e9s a vaj \u00a9 Salzburger Saalachtal Tourismus, Achim Meurer\" title=\"Az alpesi legel\u0151k\u00f6n legt\u00f6bbj\u00e9n helyben k\u00e9sz\u00fcl a friss t\u00far\u00f3, a sajt \u00e9s a vaj \u00a9 Salzburger Saalachtal Tourismus, Achim Meurer\" data-caption=\"Az alpesi legel\u0151k\u00f6n legt\u00f6bbj\u00e9n helyben k\u00e9sz\u00fcl a friss t\u00far\u00f3, a sajt \u00e9s a vaj \u00a9 Salzburger Saalachtal Tourismus, Achim Meurer\" width=\"1170\" height=\"658\" src=\"https:\/\/www.salzburgerland.com\/hu\/wp-content\/uploads\/2016\/11\/-salzburgerland-tourismus-kaesen-auf-der-alm-1170x658.jpg\" class=\"attachment-1170_658 size-1170_658\" alt=\"Kezek tartj\u00e1k a friss feh\u00e9r t\u00far\u00f3t\u00far\u00f3t, mint a min\u0151s\u00e9gi v\u00e9djegyes alpesi kunyh\u00f3k, egy nagy t\u00e1l f\u00f6l\u00f6tt. (Nagy\u00edtott n\u00e9zet)\" srcset=\"https:\/\/www.salzburgerland.com\/hu\/wp-content\/uploads\/2016\/11\/-salzburgerland-tourismus-kaesen-auf-der-alm-1170x658.jpg 1170w, https:\/\/www.salzburgerland.com\/hu\/wp-content\/uploads\/2016\/11\/-salzburgerland-tourismus-kaesen-auf-der-alm-1200x675.jpg 1200w\" sizes=\"(max-width: 1170px) 100vw, 1170px\" aria-describedby=\"figcaption-116-6439\" itemprop=\"thumbnail\"><\/a><\/div>\n\t\t\t\t\t\t<span id=\"figcaption-116-6439\" class=\"gallery-caption\" itemprop=\"caption\"><span aria-hidden=\"true\">Az alpesi legel\u0151k\u00f6n legt\u00f6bbj\u00e9n helyben k\u00e9sz\u00fcl a friss t\u00far\u00f3, a sajt \u00e9s a vaj \u00a9 Salzburger Saalachtal Tourismus, Achim Meurer<\/span><\/span>\n\t\t\t\t\t<\/li>\n\t\t\t\t\t<li class=\"gallery-item col-3\" itemprop=\"associatedMedia\" itemscope itemtype=\"http:\/\/schema.org\/ImageObject\">\n\t\t\t\t\t\t<div class=\"gallery-icon landscape\"><a href=\"https:\/\/www.salzburgerland.com\/hu\/wp-content\/uploads\/2016\/11\/rs1439_kaese_brot_produkt_015-lpr-1920x1067.jpg\" title=\"K\u00e4se und Butterbrot mit Schnittlauch sind ein fixer Bestandteil jeder Salzburger Jause\"><img decoding=\"async\" data-title=\"A salzburgi uzsonnaasztalr\u00f3l a sajt \u00e9s a met\u00e9l\u0151hagym\u00e1val megsz\u00f3rt vajaskeny\u00e9r sem hi\u00e1nyozhat \u00a9 SalzburgerLand Tourismus, Helge Kirchberger Photography\" title=\"A salzburgi uzsonnaasztalr\u00f3l a sajt \u00e9s a met\u00e9l\u0151hagym\u00e1val megsz\u00f3rt vajaskeny\u00e9r sem hi\u00e1nyozhat \u00a9 SalzburgerLand Tourismus, Helge Kirchberger Photography\" data-caption=\"A salzburgi uzsonnaasztalr\u00f3l a sajt \u00e9s a met\u00e9l\u0151hagym\u00e1val megsz\u00f3rt vajaskeny\u00e9r sem hi\u00e1nyozhat \u00a9 SalzburgerLand Tourismus, Helge Kirchberger Photography\" width=\"1170\" height=\"658\" src=\"https:\/\/www.salzburgerland.com\/hu\/wp-content\/uploads\/2016\/11\/rs1439_kaese_brot_produkt_015-lpr-1170x658.jpg\" class=\"attachment-1170_658 size-1170_658\" alt=\"V\u00e1logatott sajtok \u00e9s barna keny\u00e9r, t\u00f6bbcsillagos s\u00e9fek m\u00f3dj\u00e1ra, vajjal t\u00e1lc\u00e1n t\u00e1lalva. (Nagy\u00edtott n\u00e9zet)\" srcset=\"https:\/\/www.salzburgerland.com\/hu\/wp-content\/uploads\/2016\/11\/rs1439_kaese_brot_produkt_015-lpr-1170x658.jpg 1170w, https:\/\/www.salzburgerland.com\/hu\/wp-content\/uploads\/2016\/11\/rs1439_kaese_brot_produkt_015-lpr-1200x675.jpg 1200w\" sizes=\"(max-width: 1170px) 100vw, 1170px\" aria-describedby=\"figcaption-116-7558\" itemprop=\"thumbnail\"><\/a><\/div>\n\t\t\t\t\t\t<span id=\"figcaption-116-7558\" class=\"gallery-caption\" itemprop=\"caption\"><span aria-hidden=\"true\">A salzburgi uzsonnaasztalr\u00f3l a sajt \u00e9s a met\u00e9l\u0151hagym\u00e1val megsz\u00f3rt vajaskeny\u00e9r sem hi\u00e1nyozhat \u00a9 SalzburgerLand Tourismus, Helge Kirchberger Photography<\/span><\/span>\n\t\t\t\t\t<\/li>\n\t\t\t\t<\/ul>\n\t\t\t<\/div><!-- .gallery -->\n\n<p>A <strong>Grossarltal<\/strong> v\u00f6lgy\u00e9ben fekszik az idillikus <a href=\"http:\/\/bauernladenstueberl.com\" target=\"_blank\" rel=\"noopener\"><strong>Bauernladen &amp; K\u00e4serei Vorderkreebauer<\/strong><\/a>. A vid\u00e9k legjobb \u00edzeivel tal\u00e1lkozhatunk ezen a csod\u00e1s kis uzsonn\u00e1z\u00f3 helyen. A saj\u00e1t <strong>biogazdas\u00e1gb\u00f3l<\/strong> sz\u00e1rmaz\u00f3 alapanyagokb\u00f3l k\u00e9sz\u00fclnek a <strong>helyben s\u00fct\u00f6tt kenyerek<\/strong>, szalonn\u00e1k, kolb\u00e1szok, lekv\u00e1rok \u00e9s m\u00e9h\u00e9szeti term\u00e9kek. Tal\u00e1lunk itt h\u00fasos perecet, sajtos zseml\u00e9t \u00e9s m\u00e9g sok egy\u00e9b <strong>h\u00e1zi k\u00e9sz\u00edt\u00e9s\u0171 finoms\u00e1got<\/strong>.<\/p>\n<p>Az \u00ednyencek figyelm\u00e9be aj\u00e1nljuk a <a href=\"http:\/\/www.lumpi.biz\/en\/\" target=\"_blank\" rel=\"noopener\"><strong>Feinkost Lumpi<\/strong><\/a> \u00fczlet\u00e9t <strong>Zell am See-Kaprunban<\/strong>, ahol a <strong>\u201emindenb\u0151l a legjobbat\u201d<\/strong> elve alapj\u00e1n \u00e1ll\u00edtj\u00e1k \u00f6ssze a k\u00edn\u00e1latot. A f\u0171szeres alpesi sajtokt\u00f3l kezdve a vaddiszn\u00f3 sonk\u00e1n \u00e1t, a csokol\u00e1d\u00e9ig minden kaphat\u00f3, term\u00e9szetesen elvitelre is.<\/p>\n<p>A kedves kis telep\u00fcl\u00e9sen, <strong>Stuhlfeldenben<\/strong> vezeti alpesi konyh\u00e1j\u00e1t a mesterszak\u00e1cs Tobias Bacher, aki \u00e9desanyja Thresi nyomdokaiba l\u00e9pve viszi tov\u00e1bb az hagyom\u00e1nyokat. A <a href=\"https:\/\/www.schwaigerlehen.at\/zimmer\/\" target=\"_blank\" rel=\"noopener\"><strong>Schwaigerlehen-Berngarten<\/strong><\/a>-ben megval\u00f3sul a <strong>magas szint\u0171 gasztron\u00f3mia<\/strong> \u00e9s a\u00a0<strong>r\u00e9gi konyha<\/strong> tal\u00e1lkoz\u00e1sa. Az \u00e9p\u00fclet <strong>rusztikus<\/strong> hangulata is a m\u00faltat id\u00e9zi. Minden alapanyagot 20 kilom\u00e9teres k\u00f6rzeten bel\u00fcl szereznek be, \u00e9s m\u00e1r sok-sok gener\u00e1ci\u00f3n \u00e1t csak <strong>term\u00e9szetes alapanyagokb\u00f3l<\/strong> f\u0151znek, az alpesi hegyi vil\u00e1g sz\u00edne-java ker\u00fcl a t\u00e1ny\u00e9rra.<\/p>\n<p>M\u00e1r 1648 \u00f3ta fenn\u00e1ll a <a href=\"https:\/\/www.sinnlehen.at\/en\/\" target=\"_blank\" rel=\"noopener\"><strong>Sinnlehenhof<\/strong><\/a> <strong>Leogangban<\/strong>, \u00e9s a h\u00e1zi sajt\u00fczem ma is teljes lend\u00fclettel m\u0171k\u00f6dik. <strong>950 m\u00e9teren<\/strong> a Leoganger Steiberge \u00e9s a Steinernes Meer csod\u00e1s panor\u00e1m\u00e1j\u00e1ban gy\u00f6ny\u00f6rk\u00f6dve k\u00f3stolhatjuk v\u00e9gig a <strong>sajtok<\/strong> arzen\u00e1lj\u00e1t.<\/p>\n<p><strong>Leogang<\/strong> k\u00f6zpontj\u00e1ban a <a href=\"http:\/\/www.dorf-laden.at\" target=\"_blank\" rel=\"noopener\"><strong>\u201eDer Dorfladen\u201d<\/strong><\/a> \u00fczlet\u00e9ben az otthon \u00edz\u00e9t var\u00e1zsolj\u00e1k el\u00e9nk. A term\u00e9kek nagy r\u00e9sze k\u00f6zvetlen\u00fcl a k\u00f6rny\u00e9k gazdas\u00e1gaib\u00f3l sz\u00e1rmazik. A figyelemrem\u00e9lt\u00f3 k\u00edn\u00e1lat lekv\u00e1rokb\u00f3l, h\u00e1zi vajb\u00f3l, <strong>bio sajtokb\u00f3l<\/strong>, bio toj\u00e1sb\u00f3l, <strong>szezon\u00e1lis gy\u00fcm\u00f6lcs\u00f6kb\u0151l<\/strong> <strong>\u00e9s z\u00f6lds\u00e9gekb\u0151l<\/strong> \u00e1ll, de tal\u00e1lunk itt f\u00fcst\u00f6lt marhah\u00fast \u00e9s leogangi f\u00fcst\u00f6lt halat, valamint bio bort \u00e9s p\u00e1link\u00e1t is. \u00c9rdemes bet\u00e9rni egy k\u00f3stol\u00f3ra!<\/p>\n<div id=\"attachment_5030\" style=\"width: 1180px\" class=\"wp-caption alignnone\"><img decoding=\"async\" aria-describedby=\"caption-attachment-5030\" class=\"size-1170_658 wp-image-5030\" src=\"https:\/\/cdn.salzburgerland.com\/hu\/wp-content\/uploads\/2016\/11\/-salzburgerland-tourismus-hans-huber_ziegenkaese-etc-1170x658.jpg\" alt=\"\" width=\"1170\" height=\"658\" srcset=\"https:\/\/www.salzburgerland.com\/hu\/wp-content\/uploads\/2016\/11\/-salzburgerland-tourismus-hans-huber_ziegenkaese-etc-1170x658.jpg 1170w, https:\/\/www.salzburgerland.com\/hu\/wp-content\/uploads\/2016\/11\/-salzburgerland-tourismus-hans-huber_ziegenkaese-etc-1200x675.jpg 1200w\" sizes=\"(max-width: 1170px) 100vw, 1170px\"><p id=\"caption-attachment-5030\" class=\"wp-caption-text\">Kecskesajt \u00a9 SalzburgerLand Tourismus, Hans Huber<\/p><\/div>\n<p>Az abersee-i <a href=\"http:\/\/www.seegut-eisl.at\/pages\/seegut-eisl\/das-seegut.php\" target=\"_blank\" rel=\"noopener noreferrer\"><strong>Seegut EISL<\/strong><\/a> k\u00e9t r\u00e9gi parasztgazdas\u00e1g \u00f6sszevon\u00e1s\u00e1val j\u00f6tt l\u00e9tre. Ezek egyik\u00e9n, a Stoffbauerngut ter\u00fclet\u00e9n <strong>1490 \u00f3ta<\/strong> gazd\u00e1lkodik az <strong>Eisl<\/strong> <strong>csal\u00e1d<\/strong>. A <strong>biogazd\u00e1lkod\u00e1st<\/strong> folytat\u00f3 csal\u00e1d els\u0151 sz\u00e1m\u00fa specialit\u00e1sa a juhsajt \u00e9s a juhtej-term\u00e9kek, melyek h\u00e9tr\u0151l h\u00e9tre k\u00e9zi munk\u00e1val k\u00e9sz\u00fclnek a gazdas\u00e1gban. Mivel a gazdas\u00e1g egy r\u00e9sze igen <strong>k\u00f6zel esik a <a href=\"https:\/\/www.salzburgerland.com\/hu\/ha-a-wolfgangsee-nel-jar-nyar\/\" rel=\"noopener noreferrer\">Wolfgangsee t\u00f3hoz<\/a><\/strong>, s\u0151t r\u00e9szben hat\u00e1ros is vele, k\u00f6zkedvelt kemping is m\u0171k\u00f6dik a birtokon.<\/p>\n<p>A tartom\u00e1nyi f\u0151v\u00e1ros <a href=\"https:\/\/www.salzburgerland.com\/hu\/ha-salzburgban-jar\/\" rel=\"noopener noreferrer\"><strong>Salzburgban\u00a0 j\u00e1rva<\/strong> <\/a>ejts\u00fck \u00fatba a tartom\u00e1ny legkisebb, legr\u00e9gibb \u00e9s legk\u00fcl\u00f6nlegesebb sajt\u00fczlet\u00e9t, a <a href=\"http:\/\/www.kasloechl.at\/\" target=\"_blank\" rel=\"noopener noreferrer\"><strong>Kasl\u00f6chl-t<\/strong><\/a>. A mind\u00f6ssze h\u00e9t n\u00e9gyzetm\u00e9teres alapter\u00fclet\u0171 boltba B\u00e9csb\u0151l, Grazb\u00f3l, M\u00fcnchenb\u0151l \u00e9s Innsbruckb\u00f3l is el\u0151szeretettel zar\u00e1ndokolnak a sajtok im\u00e1d\u00f3i. \u00c9s a j\u00f3 borok\u00e9i is, mert bort is \u00e9rdemes venni ebben a helyes kis \u00fczletben. <strong>110 \u00e9ve \u00e1rulnak itt sajtot, jelenleg 100 \u2013 150 f\u00e9l\u00e9t!<\/strong> Vannak k\u00f6zt\u00fck \u0151stermel\u0151kt\u0151l val\u00f3 nyerstejes sajtok \u00e9s biotermel\u0151i term\u00e9kek is. A <strong>Kasl\u00f6chl<\/strong> p\u00e1r m\u00e9terre esik Mozart sz\u00fcl\u0151h\u00e1z\u00e1t\u00f3l \u00e9s k\u00f6zel van a v\u00e1rost \u00e1tszel\u0151 Salzach foly\u00f3hoz is.<\/p>\n<h2><span color=\"#000000\">K\u00e9t eredeti <span id=\"urn:enhancement-31d40d37-f03f-f4d6-dd30-719c741622e9\">salzburgi<\/span> sajtos fog\u00e1s receptje<\/span><\/h2>\n<h3><span color=\"#000000\">Pr\u00e9selt sajtgomb\u00f3c pinzgaui m\u00f3dra (Kaspresskn\u00f6del)<\/span><\/h3>\n<ul>\n<li><span color=\"#000000\">\u00a0\u00a0\u00a0 <\/span><span color=\"#000000\">50 dkg kock\u00e1ra v\u00e1gott szikkadt feh\u00e9rkeny\u00e9r (kb. 20 gomb\u00f3choz)<\/span><\/li>\n<li><span color=\"#000000\">\u00a0\u00a0\u00a0 <\/span><span color=\"#000000\">1 <span id=\"urn:enhancement-735061a3-5f19-d4a9-c722-80241cb447d7\">hagyma<\/span><\/span><\/li>\n<li><span color=\"#000000\"><\/span>\u00a0\u00a0\u00a0 <span color=\"#000000\">s\u00f3, <span id=\"urn:enhancement-1a2035c1-add5-dd9e-d2ee-77e6d1e65f24\">bors<\/span><\/span><\/li>\n<li><span color=\"#000000\"><\/span>\u00a0\u00a0\u00a0 <span color=\"#000000\"><span id=\"urn:enhancement-e28d248b-7ea0-f629-28a9-fba70e72a106\">petrezselyem<\/span><\/span><\/li>\n<li><span color=\"#000000\"><\/span>\u00a0\u00a0\u00a0 <span color=\"#000000\">kb. 50 dkg pinzgaui s\u00f6rsajt (Bierk\u00e4se)(vagy m\u00e1s marad\u00e9k szeletelhet\u0151 sajt)<\/span><\/li>\n<li><span color=\"#000000\">\u00a0\u00a0\u00a0 <\/span><span color=\"#000000\">1\/4 l v\u00edz<\/span><\/li>\n<li><span color=\"#000000\">\u00a0\u00a0\u00a0 <\/span>3<span color=\"#000000\">\u00a0toj\u00e1s<\/span><\/li>\n<li><span color=\"#000000\">\u00a0 \u00a0 n\u00e9mi<\/span><span color=\"#000000\">\u00a0<span id=\"urn:enhancement-8db725f7-9b08-a6aa-6a3b-8fc02ba58d3b\">liszt<\/span><\/span><\/li>\n<\/ul>\n<p><span color=\"#000000\">Aranys\u00e1rg\u00e1ra pir\u00edtjuk az apr\u00f3ra v\u00e1gott <span id=\"urn:enhancement-d59a6d2e-fc97-2565-7ac7-9e6659d82ed5\">hagym\u00e1t<\/span>, azt\u00e1n \u00f6sszevegy\u00edtj\u00fck a szikkadt keny\u00e9rkock\u00e1kkal. Elt\u00e1vol\u00edtjuk a s\u00f6rsajt h\u00e9j\u00e1t, a <strong>sajtot apr\u00f3 kock\u00e1kra<\/strong> v\u00e1gjuk. A sajtot, a s\u00f3t, a borsot \u00e9s a finomra v\u00e1gott petrezselymet alaposan \u00f6sszevegy\u00edtj\u00fck a keny\u00e9rkock\u00e1s-hagym\u00e1s kever\u00e9kkel. A v\u00edzzel \u00f6sszekevert felvert toj\u00e1sokat beledolgozzuk a massz\u00e1ba \u00e9s <strong>kis id\u0151re \u00e1llni hagyjuk<\/strong>. A lisztet csak ezut\u00e1n adjuk hozz\u00e1.<\/span><span color=\"#000000\">\u00a0 <\/span><\/p>\n<p><span color=\"#000000\">Fas\u00edrtpog\u00e1cs\u00e1hoz hasonl\u00f3 <strong>lapos gomb\u00f3cokat<\/strong> form\u00e1lunk a massz\u00e1b\u00f3l \u00e9s <strong>m\u00e9rs\u00e9kelt h\u0151fokon kis\u00fctj\u00fck<\/strong> \u0151ket. <strong>Forr\u00f3 marhah\u00faslevesben<\/strong> t\u00e1lalva nagyon finom, de a konyh\u00e1t azt\u00e1n j\u00f3 alaposan ki kell szell\u0151ztetni.<\/span><\/p>\n<h3><span color=\"#000000\">Pinzgaui sajtos <span id=\"urn:enhancement-3cc23b91-ec45-8d8c-447f-c03ed9873f1a\">nokedli<\/span> (Kasnockn), 2-3 k\u00f6zepes adag<\/span><\/h3>\n<ul>\n<li><span color=\"#000000\">\u00a0\u00a0\u00a0 <\/span><span color=\"#000000\">25 dkg <span id=\"urn:enhancement-b79e4551-f81b-c830-4871-6540fccd6a97\">liszt<\/span>, csipet s\u00f3<\/span><\/li>\n<li><span color=\"#000000\">\u00a0\u00a0\u00a0 <\/span><span color=\"#000000\">2 toj\u00e1s<\/span><\/li>\n<li><span color=\"#000000\">\u00a0\u00a0\u00a0 <\/span><span color=\"#000000\">3 ek <span id=\"urn:enhancement-ee2482dc-7f49-47c4-ab75-8ae48ad88756\">olaj<\/span><\/span><\/li>\n<li><span color=\"#000000\"><\/span>\u00a0\u00a0\u00a0 <span color=\"#000000\">kb. 1\/4 l v\u00edz-tej kever\u00e9k<\/span><\/li>\n<li><span color=\"#000000\">\u00a0\u00a0\u00a0 <\/span><span color=\"#000000\">3 dkg <span id=\"urn:enhancement-a2411129-7b12-c59a-0322-9e242313fd44\">vaj<\/span> az \u00e1tforgat\u00e1shoz<\/span><\/li>\n<li><span color=\"#000000\">\u00a0\u00a0\u00a0 <\/span><span color=\"#000000\">20 dkg (vagy t\u00f6bb) Pinzgauer sajt vagy Bergk\u00e4se sajt<\/span><\/li>\n<li><span color=\"#000000\">\u00a0\u00a0\u00a0 <\/span><span color=\"#000000\"><span id=\"urn:enhancement-e6c8ca17-38af-256b-8c5a-0d16fa1b1635\">10<\/span> dkg finomra v\u00e1gott <span id=\"urn:enhancement-1f987813-c034-7229-c6f3-00c90af812e7\">hagyma<\/span><\/span><\/li>\n<li><span color=\"#000000\"><\/span>\u00a0\u00a0\u00a0 <span color=\"#000000\">1\/8 l er\u0151leves<\/span><\/li>\n<li><span color=\"#000000\">\u00a0\u00a0\u00a0 <\/span><span color=\"#000000\"><span id=\"urn:enhancement-88e01e32-e37f-7c7b-c4fa-44aac55a6b14\">met\u00e9l\u0151hagyma<\/span> a t\u00e1lal\u00e1shoz<\/span><\/li>\n<\/ul>\n<p><span color=\"#000000\">A felvert toj\u00e1sokat \u00f6sszevegy\u00edtj\u00fck a tejjel, majd lisztet \u00e9s s\u00f3t adunk hozz\u00e1 \u00e9s <\/span><span color=\"#000000\"><strong>k\u00f6zepesen kem\u00e9ny nokedlit\u00e9szt\u00e1t<\/strong> k\u00e9sz\u00edt\u00fcnk. S\u00f3s vizet forralunk. <strong>Nokedliszaggat\u00f3n vagy ford\u00edtva tartott lapos k\u00e1posztareszel\u0151n<\/strong> <span id=\"urn:enhancement-f40807ae-519d-1de8-2275-f1a639dd1c08\">nokedlikat<\/span> szaggatunk bele. Nem kell sok\u00e1ig f\u0151zni, kb. 3 perc el\u00e9g. Amint a <span id=\"urn:enhancement-1dcffd8c-3750-9329-9d78-dfb2fe96a212\">nokedli<\/span> felj\u00f6n a v\u00edz sz\u00edn\u00e9re, <strong>sz\u0171r\u0151re szedj\u00fck \u00e9s lecsapatjuk hideg v\u00edzzel<\/strong>. Vas serpeny\u0151ben (lehet teflon is) <span id=\"urn:enhancement-13213b21-ffd9-32de-5451-8cc619f3d253\">hagym\u00e1t<\/span> pir\u00edtunk a vajon, erre j\u00f6n a <span id=\"urn:enhancement-7e1542e7-f088-e938-af6d-ab4f791e0c65\">nokedli<\/span>, majd az apr\u00f3 kock\u00e1kra v\u00e1gott sajt. <\/span><\/p>\n<p><span color=\"#000000\">T\u00e1lal\u00e1s el\u0151tt sz\u00f3rjuk meg <strong>j\u00f3 sok friss met\u00e9l\u0151hagym\u00e1val<\/strong> vagy v\u00e9kony szeletekre v\u00e1gott, karik\u00e1ra szedett, lisztben megforgatott \u00e9s forr\u00f3 olajban kis\u00fct\u00f6tt <strong>ropog\u00f3s hagymakarik\u00e1kkal<\/strong>. Friss sal\u00e1t\u00e1t \u00e9s egy poh\u00e1r tejet aj\u00e1nlanak hozz\u00e1. <strong>S\u00f6rrel<\/strong> jobb. Ut\u00e1na j\u00f3t tesz egy kupica mogyor\u00f3p\u00e1linka, seg\u00edt a gyomornak.<\/span><\/p>\n<div id=\"attachment_6130\" style=\"width: 1180px\" class=\"wp-caption alignnone\"><img decoding=\"async\" aria-describedby=\"caption-attachment-6130\" class=\"size-1170_658 wp-image-6130\" src=\"https:\/\/cdn.salzburgerland.com\/hu\/wp-content\/uploads\/2019\/08\/kaskndelsuppe-kasnockn_bildnachweis-ferienregion-salzburger-lungau_39860369524_o-1170x658.jpg\" alt=\"\" width=\"1170\" height=\"658\" srcset=\"https:\/\/www.salzburgerland.com\/hu\/wp-content\/uploads\/2019\/08\/kaskndelsuppe-kasnockn_bildnachweis-ferienregion-salzburger-lungau_39860369524_o-1170x658.jpg 1170w, https:\/\/www.salzburgerland.com\/hu\/wp-content\/uploads\/2019\/08\/kaskndelsuppe-kasnockn_bildnachweis-ferienregion-salzburger-lungau_39860369524_o-1200x675.jpg 1200w\" sizes=\"(max-width: 1170px) 100vw, 1170px\"><p id=\"caption-attachment-6130\" class=\"wp-caption-text\">Kaskn\u00f6delsuppe, azaz levesben t\u00e1lalt pr\u00e9selt sajtgomb\u00f3c, \u00e9s Kasnockn, vagyis sajtos nokedli \u00a9 Ferienregion Salzburger Lungau, Marco Bordonaro<\/p><\/div>\n","protected":false},"excerpt":{"rendered":"<p>Salzburg tartom\u00e1ny (SalzburgerLand) r\u00e9gi\u00f3iban is nagy a becs\u00fclete a j\u00f3 sajtnak.\u00a0A sz\u00e1mos gazd\u00e1nak, az\u00a0alpesi legel\u0151knek \u00e9s a sok-sok teh\u00e9nnek h\u00e1la,\u00a0rengeteg friss tej \u00e1ll rendelkez\u00e9sre, amelyet csod\u00e1latos f\u0171szeres vagy kr\u00e9mes sajtk\u00fcl\u00f6nlegess\u00e9gekk\u00e9 lehet feldolgozni.\u00a0Igen nagy a bio sajtok ar\u00e1nya, hiszen Eur\u00f3p\u00e1ban itt a legnagyobb a\u00a0biogazdas\u00e1gok sz\u00e1ma. Pinzgaui s\u00f6rsajt, tennengaui alpesi sajtok, friss\u00a0z\u00f6ldeket legel\u0151, t\u00e9len friss sz\u00e9n\u00e1val t\u00e1pl\u00e1lt [&hellip;]<\/p>\n","protected":false},"author":4,"featured_media":5260,"comment_status":"closed","ping_status":"closed","sticky":false,"template":"","format":"standard","meta":{"_acf_changed":false,"wl_entities_gutenberg":"","_relevanssi_hide_post":"","_relevanssi_hide_content":"","_relevanssi_pin_for_all":"","_relevanssi_pin_keywords":"","_relevanssi_unpin_keywords":"","_relevanssi_related_keywords":"","_relevanssi_related_include_ids":"","_relevanssi_related_exclude_ids":"","_relevanssi_related_no_append":"","_relevanssi_related_not_related":"","_relevanssi_related_posts":"","_relevanssi_noindex_reason":"","footnotes":""},"categories":[1],"tags":[194,163,193,79],"wl_entity_type":[27],"class_list":["post-116","post","type-post","status-publish","format-standard","has-post-thumbnail","hentry","category-uncategorized","tag-bio-sajtok","tag-gasztrotura","tag-kecskesajt","tag-kulinaris","wl_entity_type-article"],"acf":[],"yoast_head":"<!-- This site is optimized with the Yoast SEO Premium plugin v27.4 (Yoast SEO v27.4) - https:\/\/yoast.com\/product\/yoast-seo-premium-wordpress\/ -->\n<title>A pinzgaui s\u00f6rsajtt\u00f3l a tennengaui \u00e9s grossarli-v\u00f6lgyi alpesi sajtig \u00e9s a lungaui kecskesajtig<\/title>\n<meta name=\"description\" content=\"Sajt Salzburg tartom\u00e1nyb\u00f3l: tennengaui, grossarl-v\u00f6lgyi, flachgaui, lungai sajtk\u00fcl\u00f6nlegess\u00e9gek, a pinzgaui sajtos nokedli, pinzgaui pr\u00e9selt sajtgomb\u00f3c.\" \/>\n<meta name=\"robots\" content=\"index, follow, max-snippet:-1, max-image-preview:large, max-video-preview:-1\" \/>\n<link rel=\"canonical\" href=\"https:\/\/www.salzburgerland.com\/hu\/sajtmaniasok-gasztroturaja\/\" \/>\n<meta property=\"og:locale\" content=\"hu_HU\" \/>\n<meta property=\"og:type\" content=\"article\" \/>\n<meta property=\"og:title\" content=\"Via Culinaria \u2013 sajtok\" \/>\n<meta property=\"og:description\" content=\"Salzburg tartom\u00e1ny (SalzburgerLand) r\u00e9gi\u00f3iban is nagy a becs\u00fclete a j\u00f3 sajtnak.\u00a0A sz\u00e1mos gazd\u00e1nak, az\u00a0alpesi legel\u0151knek \u00e9s a sok-sok teh\u00e9nnek\" \/>\n<meta property=\"og:url\" content=\"https:\/\/www.salzburgerland.com\/hu\/sajtmaniasok-gasztroturaja\/\" \/>\n<meta property=\"og:site_name\" content=\"SalzburgerLand.com\" \/>\n<meta property=\"article:publisher\" content=\"https:\/\/www.facebook.com\/visitsalzburgerland\/\" \/>\n<meta property=\"article:published_time\" content=\"2016-11-16T18:28:37+00:00\" \/>\n<meta property=\"article:modified_time\" content=\"2021-07-07T13:03:43+00:00\" \/>\n<meta property=\"og:image\" content=\"https:\/\/www.salzburgerland.com\/hu\/wp-content\/uploads\/2017\/04\/-salzburgerland-tourismus-achim-meurer--1200x675.jpg\" \/>\n\t<meta property=\"og:image:width\" content=\"1200\" \/>\n\t<meta property=\"og:image:height\" content=\"675\" \/>\n\t<meta property=\"og:image:type\" content=\"image\/jpeg\" \/>\n<meta name=\"author\" content=\"Eva Suemegi\" \/>\n<meta name=\"twitter:card\" content=\"summary_large_image\" \/>\n<meta name=\"twitter:creator\" content=\"@salzburgerland\" \/>\n<meta name=\"twitter:site\" content=\"@salzburgerland\" \/>\n<meta name=\"twitter:label1\" content=\"Szerz\u0151:\" \/>\n\t<meta name=\"twitter:data1\" content=\"Eva Suemegi\" \/>\n\t<meta name=\"twitter:label2\" content=\"Becs\u00fclt olvas\u00e1si id\u0151\" \/>\n\t<meta name=\"twitter:data2\" content=\"7 perc\" \/>\n<script type=\"application\/ld+json\" class=\"yoast-schema-graph\">{\"@context\":\"https:\\\/\\\/schema.org\",\"@graph\":[{\"@type\":\"Article\",\"@id\":\"https:\\\/\\\/www.salzburgerland.com\\\/hu\\\/sajtmaniasok-gasztroturaja\\\/#article\",\"isPartOf\":{\"@id\":\"https:\\\/\\\/www.salzburgerland.com\\\/hu\\\/sajtmaniasok-gasztroturaja\\\/\"},\"author\":{\"name\":\"Eva Suemegi\",\"@id\":\"https:\\\/\\\/www.salzburgerland.com\\\/hu\\\/#\\\/schema\\\/person\\\/318d672774562c00dc51530dd5ca5182\"},\"headline\":\"Via Culinaria \u2013 sajtok\",\"datePublished\":\"2016-11-16T18:28:37+00:00\",\"dateModified\":\"2021-07-07T13:03:43+00:00\",\"mainEntityOfPage\":{\"@id\":\"https:\\\/\\\/www.salzburgerland.com\\\/hu\\\/sajtmaniasok-gasztroturaja\\\/\"},\"wordCount\":1934,\"image\":{\"@id\":\"https:\\\/\\\/www.salzburgerland.com\\\/hu\\\/sajtmaniasok-gasztroturaja\\\/#primaryimage\"},\"thumbnailUrl\":\"https:\\\/\\\/www.salzburgerland.com\\\/hu\\\/wp-content\\\/uploads\\\/2017\\\/04\\\/-salzburgerland-tourismus-achim-meurer-.jpg\",\"keywords\":[\"bio sajtok\",\"gasztrot\u00fara\",\"kecskesajt\",\"kulin\u00e1ris\"],\"articleSection\":[\"Uncategorized\"],\"inLanguage\":\"hu\"},{\"@type\":\"WebPage\",\"@id\":\"https:\\\/\\\/www.salzburgerland.com\\\/hu\\\/sajtmaniasok-gasztroturaja\\\/\",\"url\":\"https:\\\/\\\/www.salzburgerland.com\\\/hu\\\/sajtmaniasok-gasztroturaja\\\/\",\"name\":\"A pinzgaui s\u00f6rsajtt\u00f3l a tennengaui \u00e9s grossarli-v\u00f6lgyi alpesi sajtig \u00e9s a lungaui kecskesajtig\",\"isPartOf\":{\"@id\":\"https:\\\/\\\/www.salzburgerland.com\\\/hu\\\/#website\"},\"primaryImageOfPage\":{\"@id\":\"https:\\\/\\\/www.salzburgerland.com\\\/hu\\\/sajtmaniasok-gasztroturaja\\\/#primaryimage\"},\"image\":{\"@id\":\"https:\\\/\\\/www.salzburgerland.com\\\/hu\\\/sajtmaniasok-gasztroturaja\\\/#primaryimage\"},\"thumbnailUrl\":\"https:\\\/\\\/www.salzburgerland.com\\\/hu\\\/wp-content\\\/uploads\\\/2017\\\/04\\\/-salzburgerland-tourismus-achim-meurer-.jpg\",\"datePublished\":\"2016-11-16T18:28:37+00:00\",\"dateModified\":\"2021-07-07T13:03:43+00:00\",\"author\":{\"@id\":\"https:\\\/\\\/www.salzburgerland.com\\\/hu\\\/#\\\/schema\\\/person\\\/318d672774562c00dc51530dd5ca5182\"},\"description\":\"Sajt Salzburg tartom\u00e1nyb\u00f3l: tennengaui, grossarl-v\u00f6lgyi, flachgaui, lungai sajtk\u00fcl\u00f6nlegess\u00e9gek, a pinzgaui sajtos nokedli, pinzgaui pr\u00e9selt sajtgomb\u00f3c.\",\"breadcrumb\":{\"@id\":\"https:\\\/\\\/www.salzburgerland.com\\\/hu\\\/sajtmaniasok-gasztroturaja\\\/#breadcrumb\"},\"inLanguage\":\"hu\",\"potentialAction\":[{\"@type\":\"ReadAction\",\"target\":[\"https:\\\/\\\/www.salzburgerland.com\\\/hu\\\/sajtmaniasok-gasztroturaja\\\/\"]}]},{\"@type\":\"ImageObject\",\"inLanguage\":\"hu\",\"@id\":\"https:\\\/\\\/www.salzburgerland.com\\\/hu\\\/sajtmaniasok-gasztroturaja\\\/#primaryimage\",\"url\":\"https:\\\/\\\/www.salzburgerland.com\\\/hu\\\/wp-content\\\/uploads\\\/2017\\\/04\\\/-salzburgerland-tourismus-achim-meurer-.jpg\",\"contentUrl\":\"https:\\\/\\\/www.salzburgerland.com\\\/hu\\\/wp-content\\\/uploads\\\/2017\\\/04\\\/-salzburgerland-tourismus-achim-meurer-.jpg\",\"width\":1920,\"height\":1281,\"caption\":\"Bio sajtok \u00a9 SalzburgerLand Tourismus, Achim Meurer\"},{\"@type\":\"BreadcrumbList\",\"@id\":\"https:\\\/\\\/www.salzburgerland.com\\\/hu\\\/sajtmaniasok-gasztroturaja\\\/#breadcrumb\",\"itemListElement\":[{\"@type\":\"ListItem\",\"position\":1,\"name\":\"Via Culinaria\",\"item\":\"https:\\\/\\\/www.salzburgerland.com\\\/hu\\\/via-culinaria\\\/\"},{\"@type\":\"ListItem\",\"position\":2,\"name\":\"Via Culinaria \u2013 sajtok\"}]},{\"@type\":\"WebSite\",\"@id\":\"https:\\\/\\\/www.salzburgerland.com\\\/hu\\\/#website\",\"url\":\"https:\\\/\\\/www.salzburgerland.com\\\/hu\\\/\",\"name\":\"SalzburgerLand.com\",\"description\":\"\u00dcd\u00fcl\u00e9s Ausztri\u00e1ban, Salzburg tartom\u00e1nyban\",\"potentialAction\":[{\"@type\":\"SearchAction\",\"target\":{\"@type\":\"EntryPoint\",\"urlTemplate\":\"https:\\\/\\\/www.salzburgerland.com\\\/hu\\\/?s={search_term_string}\"},\"query-input\":{\"@type\":\"PropertyValueSpecification\",\"valueRequired\":true,\"valueName\":\"search_term_string\"}}],\"inLanguage\":\"hu\"},{\"@type\":\"Person\",\"@id\":\"https:\\\/\\\/www.salzburgerland.com\\\/hu\\\/#\\\/schema\\\/person\\\/318d672774562c00dc51530dd5ca5182\",\"name\":\"Eva Suemegi\",\"image\":{\"@type\":\"ImageObject\",\"inLanguage\":\"hu\",\"@id\":\"https:\\\/\\\/secure.gravatar.com\\\/avatar\\\/0713cd5ff838626404fe576f92a82fa1484d001fc2c094544fcd23cce4a3b703?s=96&d=mm&r=g\",\"url\":\"https:\\\/\\\/secure.gravatar.com\\\/avatar\\\/0713cd5ff838626404fe576f92a82fa1484d001fc2c094544fcd23cce4a3b703?s=96&d=mm&r=g\",\"contentUrl\":\"https:\\\/\\\/secure.gravatar.com\\\/avatar\\\/0713cd5ff838626404fe576f92a82fa1484d001fc2c094544fcd23cce4a3b703?s=96&d=mm&r=g\",\"caption\":\"Eva Suemegi\"}}]}<\/script>\n<!-- \/ Yoast SEO Premium plugin. -->","yoast_head_json":{"title":"A pinzgaui s\u00f6rsajtt\u00f3l a tennengaui \u00e9s grossarli-v\u00f6lgyi alpesi sajtig \u00e9s a lungaui kecskesajtig","description":"Sajt Salzburg tartom\u00e1nyb\u00f3l: tennengaui, grossarl-v\u00f6lgyi, flachgaui, lungai sajtk\u00fcl\u00f6nlegess\u00e9gek, a pinzgaui sajtos nokedli, pinzgaui pr\u00e9selt sajtgomb\u00f3c.","robots":{"index":"index","follow":"follow","max-snippet":"max-snippet:-1","max-image-preview":"max-image-preview:large","max-video-preview":"max-video-preview:-1"},"canonical":"https:\/\/www.salzburgerland.com\/hu\/sajtmaniasok-gasztroturaja\/","og_locale":"hu_HU","og_type":"article","og_title":"Via Culinaria \u2013 sajtok","og_description":"Salzburg tartom\u00e1ny (SalzburgerLand) r\u00e9gi\u00f3iban is nagy a becs\u00fclete a j\u00f3 sajtnak.\u00a0A sz\u00e1mos gazd\u00e1nak, az\u00a0alpesi legel\u0151knek \u00e9s a sok-sok teh\u00e9nnek","og_url":"https:\/\/www.salzburgerland.com\/hu\/sajtmaniasok-gasztroturaja\/","og_site_name":"SalzburgerLand.com","article_publisher":"https:\/\/www.facebook.com\/visitsalzburgerland\/","article_published_time":"2016-11-16T18:28:37+00:00","article_modified_time":"2021-07-07T13:03:43+00:00","og_image":[{"width":1200,"height":675,"url":"https:\/\/www.salzburgerland.com\/hu\/wp-content\/uploads\/2017\/04\/-salzburgerland-tourismus-achim-meurer--1200x675.jpg","type":"image\/jpeg"}],"author":"Eva Suemegi","twitter_card":"summary_large_image","twitter_creator":"@salzburgerland","twitter_site":"@salzburgerland","twitter_misc":{"Szerz\u0151:":"Eva Suemegi","Becs\u00fclt olvas\u00e1si id\u0151":"7 perc"},"schema":{"@context":"https:\/\/schema.org","@graph":[{"@type":"Article","@id":"https:\/\/www.salzburgerland.com\/hu\/sajtmaniasok-gasztroturaja\/#article","isPartOf":{"@id":"https:\/\/www.salzburgerland.com\/hu\/sajtmaniasok-gasztroturaja\/"},"author":{"name":"Eva Suemegi","@id":"https:\/\/www.salzburgerland.com\/hu\/#\/schema\/person\/318d672774562c00dc51530dd5ca5182"},"headline":"Via Culinaria \u2013 sajtok","datePublished":"2016-11-16T18:28:37+00:00","dateModified":"2021-07-07T13:03:43+00:00","mainEntityOfPage":{"@id":"https:\/\/www.salzburgerland.com\/hu\/sajtmaniasok-gasztroturaja\/"},"wordCount":1934,"image":{"@id":"https:\/\/www.salzburgerland.com\/hu\/sajtmaniasok-gasztroturaja\/#primaryimage"},"thumbnailUrl":"https:\/\/www.salzburgerland.com\/hu\/wp-content\/uploads\/2017\/04\/-salzburgerland-tourismus-achim-meurer-.jpg","keywords":["bio sajtok","gasztrot\u00fara","kecskesajt","kulin\u00e1ris"],"articleSection":["Uncategorized"],"inLanguage":"hu"},{"@type":"WebPage","@id":"https:\/\/www.salzburgerland.com\/hu\/sajtmaniasok-gasztroturaja\/","url":"https:\/\/www.salzburgerland.com\/hu\/sajtmaniasok-gasztroturaja\/","name":"A pinzgaui s\u00f6rsajtt\u00f3l a tennengaui \u00e9s grossarli-v\u00f6lgyi alpesi sajtig \u00e9s a lungaui kecskesajtig","isPartOf":{"@id":"https:\/\/www.salzburgerland.com\/hu\/#website"},"primaryImageOfPage":{"@id":"https:\/\/www.salzburgerland.com\/hu\/sajtmaniasok-gasztroturaja\/#primaryimage"},"image":{"@id":"https:\/\/www.salzburgerland.com\/hu\/sajtmaniasok-gasztroturaja\/#primaryimage"},"thumbnailUrl":"https:\/\/www.salzburgerland.com\/hu\/wp-content\/uploads\/2017\/04\/-salzburgerland-tourismus-achim-meurer-.jpg","datePublished":"2016-11-16T18:28:37+00:00","dateModified":"2021-07-07T13:03:43+00:00","author":{"@id":"https:\/\/www.salzburgerland.com\/hu\/#\/schema\/person\/318d672774562c00dc51530dd5ca5182"},"description":"Sajt Salzburg tartom\u00e1nyb\u00f3l: tennengaui, grossarl-v\u00f6lgyi, flachgaui, lungai sajtk\u00fcl\u00f6nlegess\u00e9gek, a pinzgaui sajtos nokedli, pinzgaui pr\u00e9selt sajtgomb\u00f3c.","breadcrumb":{"@id":"https:\/\/www.salzburgerland.com\/hu\/sajtmaniasok-gasztroturaja\/#breadcrumb"},"inLanguage":"hu","potentialAction":[{"@type":"ReadAction","target":["https:\/\/www.salzburgerland.com\/hu\/sajtmaniasok-gasztroturaja\/"]}]},{"@type":"ImageObject","inLanguage":"hu","@id":"https:\/\/www.salzburgerland.com\/hu\/sajtmaniasok-gasztroturaja\/#primaryimage","url":"https:\/\/www.salzburgerland.com\/hu\/wp-content\/uploads\/2017\/04\/-salzburgerland-tourismus-achim-meurer-.jpg","contentUrl":"https:\/\/www.salzburgerland.com\/hu\/wp-content\/uploads\/2017\/04\/-salzburgerland-tourismus-achim-meurer-.jpg","width":1920,"height":1281,"caption":"Bio sajtok \u00a9 SalzburgerLand Tourismus, Achim Meurer"},{"@type":"BreadcrumbList","@id":"https:\/\/www.salzburgerland.com\/hu\/sajtmaniasok-gasztroturaja\/#breadcrumb","itemListElement":[{"@type":"ListItem","position":1,"name":"Via Culinaria","item":"https:\/\/www.salzburgerland.com\/hu\/via-culinaria\/"},{"@type":"ListItem","position":2,"name":"Via Culinaria \u2013 sajtok"}]},{"@type":"WebSite","@id":"https:\/\/www.salzburgerland.com\/hu\/#website","url":"https:\/\/www.salzburgerland.com\/hu\/","name":"SalzburgerLand.com","description":"\u00dcd\u00fcl\u00e9s Ausztri\u00e1ban, Salzburg tartom\u00e1nyban","potentialAction":[{"@type":"SearchAction","target":{"@type":"EntryPoint","urlTemplate":"https:\/\/www.salzburgerland.com\/hu\/?s={search_term_string}"},"query-input":{"@type":"PropertyValueSpecification","valueRequired":true,"valueName":"search_term_string"}}],"inLanguage":"hu"},{"@type":"Person","@id":"https:\/\/www.salzburgerland.com\/hu\/#\/schema\/person\/318d672774562c00dc51530dd5ca5182","name":"Eva Suemegi","image":{"@type":"ImageObject","inLanguage":"hu","@id":"https:\/\/secure.gravatar.com\/avatar\/0713cd5ff838626404fe576f92a82fa1484d001fc2c094544fcd23cce4a3b703?s=96&d=mm&r=g","url":"https:\/\/secure.gravatar.com\/avatar\/0713cd5ff838626404fe576f92a82fa1484d001fc2c094544fcd23cce4a3b703?s=96&d=mm&r=g","contentUrl":"https:\/\/secure.gravatar.com\/avatar\/0713cd5ff838626404fe576f92a82fa1484d001fc2c094544fcd23cce4a3b703?s=96&d=mm&r=g","caption":"Eva Suemegi"}}]}},"_wl_alt_label":[],"wl:entity_url":"http:\/\/open.salzburgerland.com\/hu\/post\/via_culinaria_-_sajtok","_links":{"self":[{"href":"https:\/\/www.salzburgerland.com\/hu\/wp-json\/wp\/v2\/posts\/116","targetHints":{"allow":["GET"]}}],"collection":[{"href":"https:\/\/www.salzburgerland.com\/hu\/wp-json\/wp\/v2\/posts"}],"about":[{"href":"https:\/\/www.salzburgerland.com\/hu\/wp-json\/wp\/v2\/types\/post"}],"author":[{"embeddable":true,"href":"https:\/\/www.salzburgerland.com\/hu\/wp-json\/wp\/v2\/users\/4"}],"replies":[{"embeddable":true,"href":"https:\/\/www.salzburgerland.com\/hu\/wp-json\/wp\/v2\/comments?post=116"}],"version-history":[{"count":5,"href":"https:\/\/www.salzburgerland.com\/hu\/wp-json\/wp\/v2\/posts\/116\/revisions"}],"predecessor-version":[{"id":13307,"href":"https:\/\/www.salzburgerland.com\/hu\/wp-json\/wp\/v2\/posts\/116\/revisions\/13307"}],"wp:featuredmedia":[{"embeddable":true,"href":"https:\/\/www.salzburgerland.com\/hu\/wp-json\/wp\/v2\/media\/5260"}],"wp:attachment":[{"href":"https:\/\/www.salzburgerland.com\/hu\/wp-json\/wp\/v2\/media?parent=116"}],"wp:term":[{"taxonomy":"category","embeddable":true,"href":"https:\/\/www.salzburgerland.com\/hu\/wp-json\/wp\/v2\/categories?post=116"},{"taxonomy":"post_tag","embeddable":true,"href":"https:\/\/www.salzburgerland.com\/hu\/wp-json\/wp\/v2\/tags?post=116"},{"taxonomy":"wl_entity_type","embeddable":true,"href":"https:\/\/www.salzburgerland.com\/hu\/wp-json\/wp\/v2\/wl_entity_type?post=116"}],"curies":[{"name":"wp","href":"https:\/\/api.w.org\/{rel}","templated":true}]}}