{"id":11583,"date":"2021-02-25T10:58:32","date_gmt":"2021-02-25T09:58:32","guid":{"rendered":"https:\/\/www.salzburgerland.com\/hu\/?p=11583"},"modified":"2023-03-06T21:36:53","modified_gmt":"2023-03-06T20:36:53","slug":"lelegzetelallito-utazasok-salzburg-tartomanyban","status":"publish","type":"post","link":"https:\/\/www.salzburgerland.com\/hu\/lelegzetelallito-utazasok-salzburg-tartomanyban\/","title":{"rendered":"L\u00e9legzetel\u00e1ll\u00edt\u00f3 utaz\u00e1sok Salzburg tartom\u00e1nyban"},"content":{"rendered":"<h2>Salzburg, a tartom\u00e1nyi f\u0151v\u00e1ros<\/h2>\n<p><span>A v\u00e1rost \u00e1tszel\u0151 Salzach foly\u00f3 \u00e9s a v\u00e1rhegy k\u00f6z\u00f6tt <\/span><strong>a vil\u00e1g egyik legszebb \u00f3v\u00e1rosa<\/strong><span> ter\u00fcl el. Semmi k\u00e9ts\u00e9g, Salzburg v\u00e1ros\u00e1t l\u00e1tni kell. Hegyek, templomok \u00e9s m\u00fazeumok, az \u00e9vsz\u00e1zadokon \u00e1t f\u00fcggetlen salzburgi hercegs\u00e9gben uralkod\u00f3 \u00e9rsekek \u00e9p\u00edttette <\/span><strong>Hohensalzburg v\u00e1ra\u00a0<\/strong><span>(Burg Hohensalzburg), a <\/span><strong>Mirabell-kast\u00e9ly <\/strong><span>(Schloss Mirabell),\u00a0<\/span><span>az <\/span><strong><span id=\"urn:local-text-annotation-j13ogxeifod8ovlod9810lnfz6lgc3n9\" class=\"textannotation disambiguated wl-thing\" itemid=\"\">\u00f3v\u00e1ros<\/span> sz\u0171k utc\u00e1i<\/strong><span>, t\u00f6bbsz\u00e1z \u00e9ves <\/span>c\u00e9g\u00e9res polg\u00e1rh\u00e1zai<span>, pomp\u00e1s terei, <\/span>nagyh\u00edr\u0171 k\u00e1v\u00e9h\u00e1zai<span> \u2013 mind megannyi l\u00e1tnival\u00f3. Ezzel kezdet\u00e9t veszi a l\u00e9legzetel\u00e1ll\u00edt\u00f3 utaz\u00e1sok sora Salzburg tartom\u00e1nyban..<br>\n<\/span><\/p>\n<p><iframe title=\"SALZBURG - Die B\u00fchne der Welt\" width=\"500\" height=\"281\" src=\"https:\/\/www.youtube-nocookie.com\/embed\/5sIwYIhPFds?feature=oembed&amp;rel=0&amp;modestbranding=1\" frameborder=\"0\" allow=\"accelerometer; autoplay; clipboard-write; encrypted-media; gyroscope; picture-in-picture; web-share\" referrerpolicy=\"strict-origin-when-cross-origin\" allowfullscreen><\/iframe><\/p>\n<h2><strong><span>M\u00fazeumok<\/span><\/strong><\/h2>\n<h3><span>Vend\u00e9gs\u00e9gben Mozartn\u00e1l<\/span><\/h3>\n<p><span>Milyen lenne Salzburg Mozart n\u00e9lk\u00fcl? Val\u00f3sz\u00edn\u0171leg kev\u00e9sb\u00e9 ismert. A csodagyerek Salzburg v\u00e1ros\u00e1ban minden l\u00e9p\u00e9s\u00fcnket elk\u00eds\u00e9ri. S\u00e9t\u00e1ljunk v\u00e9gig <strong>Mozart<\/strong> sz\u00fcl\u0151h\u00e1z\u00e1n<\/span>, \u00e9s ismerj\u00fck meg egy kicsit jobban a Mozart csal\u00e1dot \u00e9s ezt a korszakot. <strong><a href=\"https:\/\/my.matterport.com\/show\/?m=AYMguGRAVk9\" target=\"_blank\" rel=\"noopener\">Tartson vel\u00fcnk a felfedez\u0151\u00fatra!<\/a><\/strong><\/p>\n<p><img decoding=\"async\" class=\"size-1170_658 wp-image-7710\" src=\"https:\/\/cdn.salzburgerland.com\/hu\/wp-content\/uploads\/2016\/11\/rs513_0203_mozarts_geburtshaus_005-lpr-1170x658.jpg\" alt=\"Mozart sz\u00fcl\u0151h\u00e1za, Mozarts Geburtshaus\" width=\"1170\" height=\"658\" srcset=\"https:\/\/www.salzburgerland.com\/hu\/wp-content\/uploads\/2016\/11\/rs513_0203_mozarts_geburtshaus_005-lpr-1170x658.jpg 1170w, https:\/\/www.salzburgerland.com\/hu\/wp-content\/uploads\/2016\/11\/rs513_0203_mozarts_geburtshaus_005-lpr-1200x675.jpg 1200w\" sizes=\"(max-width: 1170px) 100vw, 1170px\">Mozart sz\u00fcl\u0151h\u00e1za a salzburgi Getreidegasse-ban \u00a9 SalzburgerLand Tourismus<\/p>\n<h3>A D\u00f3mnegyed<\/h3>\n<p><span>A 2014-ben kialak\u00edtott <\/span><a href=\"http:\/\/www.domquartier.at\/en\/\" target=\"_blank\" rel=\"noopener noreferrer\"><strong>D\u00f3mnegyed<\/strong><\/a><span> (DomQuartier)\u00a0helysz\u00edneit k\u00f6rbej\u00e1rva\u00a0fogalmat alkothatunk Salzburg egykori urai, a f\u00fcggetlen salzburgi hercegs\u00e9gben uralkod\u00f3 \u00e9rsekek gazdags\u00e1g\u00e1r\u00f3l \u00e9s hatalm\u00e1r\u00f3l. A <\/span><strong>r\u00e9gi \u00e9rseki rezidencia d\u00edsztermeit \u00e9s k\u00e9pt\u00e1r\u00e1t<\/strong><span> j\u00e1rjuk v\u00e9gig, azt\u00e1n a rezidenci\u00e1t a d\u00f3mmal \u00f6sszek\u00f6t\u0151 bolt\u00edves \u00e9p\u00fcletsz\u00e1rny tet\u0151terasz\u00e1r\u00f3l csod\u00e1ljuk meg az \u00f3v\u00e1ros utc\u00e1it, tereit, a t\u00e1volban emelked\u0151 hegyeket.<\/span><\/p>\n<p><iframe title=\"DomQuartier Salzburg\" width=\"500\" height=\"281\" src=\"https:\/\/www.youtube-nocookie.com\/embed\/wWHvISxe6Nk?feature=oembed&amp;rel=0&amp;modestbranding=1\" frameborder=\"0\" allow=\"accelerometer; autoplay; clipboard-write; encrypted-media; gyroscope; picture-in-picture; web-share\" referrerpolicy=\"strict-origin-when-cross-origin\" allowfullscreen><\/iframe><\/p>\n<h3>Szabadt\u00e9ri Falum\u00fazeum<\/h3>\n<p><span>A Szabadt\u00e9ri Falum\u00fazeum (Freilichtmuseum) \u00e9leth\u0171 k\u00e9pet ad arr\u00f3l, hogyan \u00e9lt a salzburgi r\u00e9gi\u00f3k lakoss\u00e1ga az elm\u00falt \u00f6t \u00e9vsz\u00e1zadban.\u00a0Az \u00f6nmag\u00e1ban is \u00e9lm\u00e9nysz\u00e1mba men\u0151, <strong>keskeny nyomt\u00e1v\u00fa m\u00fazeumi vas\u00fat<\/strong> vonata k\u00f6zlekedik a csod\u00e1latosan sz\u00e9p skanzenben. A fel\u00e1ll\u00edtott falusi h\u00e1zak \u00e9s gazdas\u00e1gi \u00e9p\u00fcletek <strong>eredetiek<\/strong>.\u00a0Van <strong>iskola<\/strong>, <strong>szat\u00f3csbolt<\/strong> \u00e9s \u00e9rdekes megfigyelni <strong>a t\u00e1jegys\u00e9gek jellemz\u0151 ker\u00edt\u00e9seit<\/strong>, <strong>magt\u00e1rait<\/strong>.\u00a0<\/span><\/p>\n<p><iframe title=\"Erlebnis Salzburger Freilichtmuseum\" width=\"500\" height=\"281\" src=\"https:\/\/www.youtube-nocookie.com\/embed\/U2zP1Jzssew?start=35&amp;feature=oembed\" frameborder=\"0\" allow=\"accelerometer; autoplay; clipboard-write; encrypted-media; gyroscope; picture-in-picture; web-share\" referrerpolicy=\"strict-origin-when-cross-origin\" allowfullscreen><\/iframe><\/p>\n<h2><strong><span>V\u00e1rak \u00e9s kast\u00e9lyok<\/span><\/strong><\/h2>\n<h3>Hohensalzburg v\u00e1ra<\/h3>\n<p><span color=\"#000000\"><a href=\"https:\/\/www.salzburg-burgen.at\/en\/hohensalzburg-castle\/\" target=\"_blank\" rel=\"noopener noreferrer\"><strong>Hohensalzburg v\u00e1ra<\/strong><\/a> (Festung Hohensalzburg) \u00a0<strong>Eur\u00f3pa legnagyobb teljes eg\u00e9sz\u00e9ben fennmaradt k\u00f6z\u00e9pkori v\u00e1ra<\/strong>. <\/span><span>Az Alpok \u00e9szaki perem\u00e9n emelked\u0151 meredek, szikl\u00e1s v\u00e1rhegy strat\u00e9giai szempontb\u00f3l kedvez\u0151 fekv\u00e9se is hozz\u00e1j\u00e1rult ahhoz, hogy a v\u00e1rat \u00e9vsz\u00e1zadokon \u00e1t <\/span><span color=\"#000000\"><strong>sohasem siker\u00fclt bevenni<\/strong><\/span><span>. A v\u00e1r l\u00e1tnival\u00f3i \u2013 fegyverkamr\u00e1k, k\u00e1polna, m\u00fazeumok \u2013 mellett \u00e9rdemes minden oldalr\u00f3l len\u00e9zni a v\u00e1rosra \u00e9s a t\u00e1voli hegyekre.<\/span><\/p>\n<p><iframe title=\"Der Salzburger Stier auf der Festung Hohensalzburg | Salzburg Bull on Hohensalzburg Fortress\" width=\"500\" height=\"281\" src=\"https:\/\/www.youtube-nocookie.com\/embed\/psu6nH2m9js?start=23&amp;feature=oembed\" frameborder=\"0\" allow=\"accelerometer; autoplay; clipboard-write; encrypted-media; gyroscope; picture-in-picture; web-share\" referrerpolicy=\"strict-origin-when-cross-origin\" allowfullscreen><\/iframe><\/p>\n<h3><span>Hohenwerfen v\u00e1ra<\/span><\/h3>\n<p><span>A Salzach v\u00f6lgye f\u00f6l\u00f6tt tornyosul\u00f3 hatalmas <strong><a href=\"https:\/\/www.salzburg-burgen.at\/en\/hohenwerfen-castle\/\" target=\"_blank\" rel=\"noopener\">v\u00e1r<\/a><\/strong> m\u00e1r \u00f6nmag\u00e1ban is leny\u0171g\u00f6z\u0151 l\u00e1tv\u00e1nyt ny\u00fajt. De m\u00e9g l\u00e1tv\u00e1nyosabb a t\u00e1volb\u00f3l szeml\u00e9lve, ahogy a hatalmas hegyek k\u00f6z\u00f6tt kirajzol\u00f3dik.<\/span><\/p>\n<p><iframe title=\"Falknerei\" width=\"500\" height=\"281\" src=\"https:\/\/www.youtube-nocookie.com\/embed\/nQ4_KccOTUs?feature=oembed&amp;rel=0&amp;modestbranding=1\" frameborder=\"0\" allow=\"accelerometer; autoplay; clipboard-write; encrypted-media; gyroscope; picture-in-picture; web-share\" referrerpolicy=\"strict-origin-when-cross-origin\" allowfullscreen><\/iframe><\/p>\n<h3><span>Hellbrunni kast\u00e9ly \u00e9s v\u00edzij\u00e1t\u00e9kok<\/span><\/h3>\n<p><span>Mer\u00fclj\u00f6n el Markus Sittikus hercegi \u00e9rsek vil\u00e1g\u00e1ban, s\u00e9t\u00e1ljon v\u00e9gig a kast\u00e9ly termein \u00e9s fedezze fel a friss\u00edt\u0151 v\u00edzij\u00e1t\u00e9kok rejtett r\u00e9szleteit.<\/span><\/p>\n<p><iframe title=\"Hellbrunn - Schloss, Wasserspiele und Gartenanlage\" width=\"500\" height=\"281\" src=\"https:\/\/www.youtube-nocookie.com\/embed\/G0v-TbJJt58?feature=oembed&amp;rel=0&amp;modestbranding=1\" frameborder=\"0\" allow=\"accelerometer; autoplay; clipboard-write; encrypted-media; gyroscope; picture-in-picture; web-share\" referrerpolicy=\"strict-origin-when-cross-origin\" allowfullscreen><\/iframe><\/p>\n<h2><strong><span>A term\u00e9szet felfedez\u00e9se<\/span><\/strong><\/h2>\n<h3>Kitzsteinhorn<\/h3>\n<p><span>A salzburgi kir\u00e1ndul\u00f3helyek legmagasabbik\u00e1n:<\/span><strong> 3029 m\u00e9teres magass\u00e1gban<\/strong><span>, a <\/span><strong>Magas-Tauern Nemzeti Park hat\u00e1r\u00e1n<\/strong><span> \u00e1ll\u00f3 <\/span><a href=\"https:\/\/www.kitzsteinhorn.at\/en\/gipfelwelt-3000\" target=\"_blank\" rel=\"noopener noreferrer\"><strong>Gipfelwelt 3000<\/strong><\/a><span>-ben j\u00e1rva igaz\u00e1n belek\u00f3stolhat a l\u00e1togat\u00f3 a magas alpesi term\u00e9szet vil\u00e1g\u00e1ba. <\/span><strong>M\u00e1sutt csak tapasztalt alpinist\u00e1k lehetnek hasonl\u00f3 \u00e9lm\u00e9ny r\u00e9szesei<\/strong><span>, itt viszont kellemes kir\u00e1ndul\u00e1sk\u00e9nt \u00e9li meg a l\u00e1togat\u00f3.<\/span><\/p>\n<p><iframe title=\"Gipfelwelt 3000 Kitzsteinhorn Kaprun\" width=\"500\" height=\"281\" src=\"https:\/\/www.youtube-nocookie.com\/embed\/OzXyrCSuUV4?start=1&amp;feature=oembed\" frameborder=\"0\" allow=\"accelerometer; autoplay; clipboard-write; encrypted-media; gyroscope; picture-in-picture; web-share\" referrerpolicy=\"strict-origin-when-cross-origin\" allowfullscreen><\/iframe><\/p>\n<h3>Untersberg<\/h3>\n<div><span>A Salzburg k\u00f6zel\u00e9ben tal\u00e1lhat\u00f3 <strong>Untersberg<\/strong> ambici\u00f3zus m\u00e1sz\u00e1si \u00fatvonalakat \u00e9s fantasztikus kil\u00e1t\u00e1st k\u00edn\u00e1l. Forr\u00e1saib\u00f3l sz\u00e1rmazik a salzburgi h\u00e1ztart\u00e1sokat ell\u00e1t\u00f3 <strong>krist\u00e1lytiszta<\/strong> v\u00edz, \u00e9s itt b\u00e1ny\u00e1szt\u00e1k a<strong> feh\u00e9r m\u00e1rv\u00e1nyt<\/strong> \u00e9vsz\u00e1zadok \u00f3ta.\u00a0A <strong>mond\u00e1k<\/strong> szerint maga Nagy K\u00e1roly alussza \u00e1lm\u00e1t a hegy gyomr\u00e1ban, asztalra borulva.\u00a0A hegy belseje val\u00f3ban rengeteg <strong>barlangot<\/strong> rejt. A monda szerint t\u00f6rp\u00e9k \u00e9s mindenf\u00e9le k\u00fcl\u00f6n\u00f6s l\u00e9nyek lakj\u00e1k, s\u0151t a t\u00f6rp\u00e9k alagutakon j\u00e1rnak le a salzburgi d\u00f3mba.<\/span><\/div>\n<div><\/div>\n<p><iframe title=\"Untersberg from the bird's eye view 2020\" width=\"500\" height=\"281\" src=\"https:\/\/www.youtube-nocookie.com\/embed\/ARZdjDJk9P4?start=83&amp;feature=oembed\" frameborder=\"0\" allow=\"accelerometer; autoplay; clipboard-write; encrypted-media; gyroscope; picture-in-picture; web-share\" referrerpolicy=\"strict-origin-when-cross-origin\" allowfullscreen><\/iframe><\/p>\n<h3>Eur\u00f3pa legmagasabban \u00e9p\u00fclt f\u00fcgg\u0151h\u00eddja <a href=\"https:\/\/www.salzburgerland.com\/hu\/gastein-nyar\/\">Gastein<\/a>ban, a Stubnerkogelen<\/h3>\n<p>A Bad Gastein f\u00f6l\u00f6tti <strong>Stubnerkogel<\/strong> felvon\u00f3j\u00e1nak legfels\u0151 \u00e1llom\u00e1s\u00e1n v\u00e9gigs\u00e9t\u00e1lhatunk <strong>Eur\u00f3pa legmagasabb f\u00fcgg\u0151h\u00eddj\u00e1n<\/strong>. Innen gy\u00f6ny\u00f6r\u0171 kil\u00e1t\u00e1s ny\u00edlik a <strong>Magas-Tauern<\/strong> legmagasabb cs\u00facsaira, \u00e9s megcsod\u00e1lhatjuk a helyi n\u00f6v\u00e9ny- \u00e9s \u00e1llatvil\u00e1got, p\u00e9ld\u00e1ul a <strong>mormot\u00e1t<\/strong>.<\/p>\n<p><iframe title=\"Bad Gastein - H\u00e4ngebr\u00fccke am Stubnerkogel\" width=\"500\" height=\"281\" src=\"https:\/\/www.youtube-nocookie.com\/embed\/jcsEbSqAAow?feature=oembed&amp;rel=0&amp;modestbranding=1\" frameborder=\"0\" allow=\"accelerometer; autoplay; clipboard-write; encrypted-media; gyroscope; picture-in-picture; web-share\" referrerpolicy=\"strict-origin-when-cross-origin\" allowfullscreen><\/iframe><\/p>\n<p>\u00a0<\/p>\n<h3>Wei\u00dfsee gleccservil\u00e1g<\/h3>\n<p>A<a href=\"https:\/\/www.salzburgerland.com\/hu\/magas-tauern-nemzeti-park-uduloregio-nyar\/\"><strong> Magas-Tauern Nemzeti Park<\/strong><\/a> l\u00e9legzetel\u00e1ll\u00edt\u00f3 h\u00e1romezer m\u00e9teres cs\u00facsai k\u00f6zepette\u00a0\u2013 a <strong>Wei\u00dfsee gleccservil\u00e1g\u00e1ban\u00a0<\/strong>(Wei\u00dfsee Gletscherwelt) \u2013\u00a0szem\u00fcnk el\u00e9 t\u00e1rul az alpesi term\u00e9szet saj\u00e1toss\u00e1ga, a hegyek, tavak \u00e9s gleccserek egyed\u00fcl\u00e1ll\u00f3 l\u00e1tv\u00e1nya.<\/p>\n<p><iframe title=\"Wei\u00dfsee Gletscherwelt \u2013 Timelapse SalzburgerLand\" width=\"500\" height=\"281\" src=\"https:\/\/www.youtube-nocookie.com\/embed\/dt8-fc9fPWM?feature=oembed&amp;rel=0&amp;modestbranding=1\" frameborder=\"0\" allow=\"accelerometer; autoplay; clipboard-write; encrypted-media; gyroscope; picture-in-picture; web-share\" referrerpolicy=\"strict-origin-when-cross-origin\" allowfullscreen><\/iframe><\/p>\n<h3>Krimmli v\u00edzes\u00e9s<\/h3>\n<p>A <strong>Krimmli v\u00edzes\u00e9s<\/strong> hatalmas magass\u00e1gb\u00f3l robajlik lefel\u00e9. \u00c1lljon meg \u00e9s l\u00e9legezze be, mer\u00fclj\u00f6n el benne! Szinte \u00e9rezni a b\u0151r\u00f6n a p\u00e1r\u00e1t \u00e9s az apr\u00f3 v\u00edzcseppeket.<\/p>\n<p><iframe title=\"Hohe Tauern Health: So geht Naturwunder einatmen\" width=\"500\" height=\"281\" src=\"https:\/\/www.youtube-nocookie.com\/embed\/y2a6CvCOSjE?feature=oembed&amp;rel=0&amp;modestbranding=1\" frameborder=\"0\" allow=\"accelerometer; autoplay; clipboard-write; encrypted-media; gyroscope; picture-in-picture; web-share\" referrerpolicy=\"strict-origin-when-cross-origin\" allowfullscreen><\/iframe><\/p>\n<h3>Sigmund Thun-szurdok<\/h3>\n<p>A <strong>Sigmund Thun-szurdok l<\/strong>eny\u0171g\u00f6z\u0151 l\u00e1tv\u00e1ny \u00e9s egy izgalmas t\u00fara, ahol k\u00f6zelr\u0151l megtapasztalhatjuk a kalandot \u00e9s a kikapcsol\u00f3d\u00e1st egyar\u00e1nt.<\/p>\n<p><iframe title=\"Mystical Night of Water in the Sigmund-Thun Klamm Kaprun\" width=\"500\" height=\"281\" src=\"https:\/\/www.youtube-nocookie.com\/embed\/Nwo_hOjEGQQ?feature=oembed&amp;rel=0&amp;modestbranding=1\" frameborder=\"0\" allow=\"accelerometer; autoplay; clipboard-write; encrypted-media; gyroscope; picture-in-picture; web-share\" referrerpolicy=\"strict-origin-when-cross-origin\" allowfullscreen><\/iframe><\/p>\n<h3>A Liechtensteinklamm szurdok<\/h3>\n<p><span><strong>300 m\u00e9ter m\u00e9ly<\/strong>, nem csoda h\u00e1t, hogy az Alpok legm\u00e9lyebb \u00e9s leghosszabb szurdoka. A St. Johann im Pongau szomsz\u00e9ds\u00e1g\u00e1ban ny\u00edl\u00f3 <a href=\"https:\/\/www.salzburgerland.com\/hu\/salzburgi-sportvilag-a-liechtensteinklamm-szurdok\/\"><strong>Liechtensteinklamm hasad\u00e9ka<\/strong><\/a> egyszer\u0171en csod\u00e1latos \u00e9s m\u00e9rhetetlen\u00fcl impoz\u00e1ns! Csal\u00e1ddal, kettesben, vagy egyed\u00fcl \u2013 a v\u00edz var\u00e1zslatos vil\u00e1ga minden l\u00e1togat\u00f3t elb\u0171v\u00f6l \u00e9s visszav\u00e1r.<\/span><\/p>\n<p><iframe title=\"Liechtensteinklamm in St. Johann in Salzburg\" width=\"500\" height=\"281\" src=\"https:\/\/www.youtube-nocookie.com\/embed\/knmZ4aueeDo?feature=oembed&amp;rel=0&amp;modestbranding=1\" frameborder=\"0\" allow=\"accelerometer; autoplay; clipboard-write; encrypted-media; gyroscope; picture-in-picture; web-share\" referrerpolicy=\"strict-origin-when-cross-origin\" allowfullscreen><\/iframe><\/p>\n<h2><strong><span>Tavak vil\u00e1ga \u2013 a ny\u00e1rr\u00f3l \u00e1lmodunk<\/span><\/strong><\/h2>\n<h3>Fuschlsee<\/h3>\n<p>Legyen sz\u00f3 ny\u00e1ri strandol\u00e1sr\u00f3l, vagy tavaszi t\u00far\u00e1z\u00e1sr\u00f3l, a<strong> Fuschlsee<\/strong> \u00e9s k\u00f6rny\u00e9ke minden id\u0151ben elvar\u00e1zsolja az odal\u00e1togat\u00f3kat.<\/p>\n<p><iframe title=\"Fuschlseeregion - Traumurlaub im SalzburgerLand Salzkammergut\" width=\"500\" height=\"281\" src=\"https:\/\/www.youtube-nocookie.com\/embed\/E8tBmBRit5s?feature=oembed&amp;rel=0&amp;modestbranding=1\" frameborder=\"0\" allow=\"accelerometer; autoplay; clipboard-write; encrypted-media; gyroscope; picture-in-picture; web-share\" referrerpolicy=\"strict-origin-when-cross-origin\" allowfullscreen><\/iframe><\/p>\n<h3>Reedsee<\/h3>\n<p><span>\u00d6reg f\u00e1k ben\u0151tte erd\u0151s ter\u00fcletek ny\u00falnak el <\/span><strong>Bad Gastein<\/strong><span> f\u00f6l\u00f6tt a hegyekben, f\u00f6l\u00f6tt\u00fck <\/span>mark\u00e1ns szikl\u00e1k \u00e9s a Tischlergruppe cs\u00facsai<span> emelkednek. Itt ter\u00fcl el <\/span><strong>1831 m\u00e9ter magasan <\/strong>a t\u00fck\u00f6rsima viz\u0171 <strong>Reedsee<\/strong><span>. A t\u00f3 \u00e9s a benne visszat\u00fckr\u00f6z\u0151d\u0151 t\u00e1jk\u00e9p <\/span>val\u00f3szer\u0171tlen\u00fcl sz\u00e9p<span> l\u00e1tv\u00e1ny.<\/span><\/p>\n<p><iframe title=\"Logenplatz: Slackline am Reedsee, Gastein\" width=\"500\" height=\"281\" src=\"https:\/\/www.youtube-nocookie.com\/embed\/qgQVbGtIn0M?start=2&amp;feature=oembed\" frameborder=\"0\" allow=\"accelerometer; autoplay; clipboard-write; encrypted-media; gyroscope; picture-in-picture; web-share\" referrerpolicy=\"strict-origin-when-cross-origin\" allowfullscreen><\/iframe><\/p>\n<h3>Wolfgangsee<\/h3>\n<p>A Salzkammerguthoz tartoz\u00f3\u00a0<strong><a href=\"https:\/\/www.salzburgerland.com\/hu\/ha-a-wolfgangsee-nel-jar-nyar\/\">Wolfgangsee<\/a>\u00a0<\/strong>nem kevesebb, mint 13 km\u00b2-es, <strong>m\u00e9lys\u00e9ge 114 m\u00e9ter<\/strong>. Ezen a tavon, ak\u00e1rcsak a Zelli-tavon rendszeres\u00a0<strong>s\u00e9tahaj\u00f3j\u00e1ratok<\/strong>\u00a0k\u00f6zlekednek.<\/p>\n<p><iframe title=\"Wolfgangseeschifffahrt und Schafbergbahn HD Salzburg AG TV\" width=\"500\" height=\"281\" src=\"https:\/\/www.youtube-nocookie.com\/embed\/dg-tzcMn9RA?feature=oembed&amp;rel=0&amp;modestbranding=1\" frameborder=\"0\" allow=\"accelerometer; autoplay; clipboard-write; encrypted-media; gyroscope; picture-in-picture; web-share\" referrerpolicy=\"strict-origin-when-cross-origin\" allowfullscreen><\/iframe><\/p>\n","protected":false},"excerpt":{"rendered":"<p>Salzburg, a tartom\u00e1nyi f\u0151v\u00e1ros A v\u00e1rost \u00e1tszel\u0151 Salzach foly\u00f3 \u00e9s a v\u00e1rhegy k\u00f6z\u00f6tt a vil\u00e1g egyik legszebb \u00f3v\u00e1rosa ter\u00fcl el. Semmi k\u00e9ts\u00e9g, Salzburg v\u00e1ros\u00e1t l\u00e1tni kell. Hegyek, templomok \u00e9s m\u00fazeumok, az \u00e9vsz\u00e1zadokon \u00e1t f\u00fcggetlen salzburgi hercegs\u00e9gben uralkod\u00f3 \u00e9rsekek \u00e9p\u00edttette Hohensalzburg v\u00e1ra\u00a0(Burg Hohensalzburg), a Mirabell-kast\u00e9ly (Schloss Mirabell),\u00a0az \u00f3v\u00e1ros sz\u0171k utc\u00e1i, t\u00f6bbsz\u00e1z \u00e9ves c\u00e9g\u00e9res polg\u00e1rh\u00e1zai, pomp\u00e1s terei, [&hellip;]<\/p>\n","protected":false},"author":21,"featured_media":11584,"comment_status":"closed","ping_status":"closed","sticky":false,"template":"","format":"standard","meta":{"_acf_changed":false,"wl_entities_gutenberg":"","_relevanssi_hide_post":"","_relevanssi_hide_content":"","_relevanssi_pin_for_all":"","_relevanssi_pin_keywords":"","_relevanssi_unpin_keywords":"","_relevanssi_related_keywords":"","_relevanssi_related_include_ids":"","_relevanssi_related_exclude_ids":"","_relevanssi_related_no_append":"","_relevanssi_related_not_related":"","_relevanssi_related_posts":"","_relevanssi_noindex_reason":"","footnotes":""},"categories":[1],"tags":[137,138,135,136,43],"wl_entity_type":[27],"class_list":["post-11583","post","type-post","status-publish","format-standard","has-post-thumbnail","hentry","category-uncategorized","tag-mozart","tag-nyar","tag-nyaralas","tag-strandolas","tag-vizeses","wl_entity_type-article"],"acf":[],"yoast_head":"<!-- This site is optimized with the Yoast SEO Premium plugin v27.4 (Yoast SEO v27.4) - https:\/\/yoast.com\/product\/yoast-seo-premium-wordpress\/ -->\n<title>L\u00e9legzetel\u00e1ll\u00edt\u00f3 utaz\u00e1sok Salzburg tartom\u00e1nyban<\/title>\n<meta name=\"description\" content=\"L\u00e9legzetel\u00e1ll\u00edt\u00f3 utaz\u00e1sok Salzburg tartom\u00e1nyban: mer\u00fclj\u00fcnk el \u00e9s inspir\u00e1l\u00f3djunk a csod\u00e1latos \u00e9lm\u00e9nyvil\u00e1gban.\" \/>\n<meta name=\"robots\" content=\"index, follow, max-snippet:-1, max-image-preview:large, max-video-preview:-1\" \/>\n<link rel=\"canonical\" href=\"https:\/\/www.salzburgerland.com\/hu\/lelegzetelallito-utazasok-salzburg-tartomanyban\/\" \/>\n<meta property=\"og:locale\" content=\"hu_HU\" \/>\n<meta property=\"og:type\" content=\"article\" \/>\n<meta property=\"og:title\" content=\"L\u00e9legzetel\u00e1ll\u00edt\u00f3 utaz\u00e1sok Salzburg tartom\u00e1nyban\" \/>\n<meta property=\"og:description\" content=\"Salzburg, a tartom\u00e1nyi f\u0151v\u00e1ros A v\u00e1rost \u00e1tszel\u0151 Salzach foly\u00f3 \u00e9s a v\u00e1rhegy k\u00f6z\u00f6tt a vil\u00e1g egyik legszebb \u00f3v\u00e1rosa ter\u00fcl el. Semmi k\u00e9ts\u00e9g, Salzburg v\u00e1ros\u00e1t\" \/>\n<meta property=\"og:url\" content=\"https:\/\/www.salzburgerland.com\/hu\/lelegzetelallito-utazasok-salzburg-tartomanyban\/\" \/>\n<meta property=\"og:site_name\" content=\"SalzburgerLand.com\" \/>\n<meta property=\"article:publisher\" content=\"https:\/\/www.facebook.com\/visitsalzburgerland\/\" \/>\n<meta property=\"article:published_time\" content=\"2021-02-25T09:58:32+00:00\" \/>\n<meta property=\"article:modified_time\" content=\"2023-03-06T20:36:53+00:00\" \/>\n<meta property=\"og:image\" content=\"https:\/\/www.salzburgerland.com\/hu\/wp-content\/uploads\/2021\/02\/salzach_festung_bruecken-1-1170x658-1.jpg\" \/>\n\t<meta property=\"og:image:width\" content=\"1170\" \/>\n\t<meta property=\"og:image:height\" content=\"658\" \/>\n\t<meta property=\"og:image:type\" content=\"image\/jpeg\" \/>\n<meta name=\"author\" content=\"Hajnalka K\u00e1di\" \/>\n<meta name=\"twitter:card\" content=\"summary_large_image\" \/>\n<meta name=\"twitter:creator\" content=\"@salzburgerland\" \/>\n<meta name=\"twitter:site\" content=\"@salzburgerland\" \/>\n<meta name=\"twitter:label1\" content=\"Szerz\u0151:\" \/>\n\t<meta name=\"twitter:data1\" content=\"Hajnalka K\u00e1di\" \/>\n\t<meta name=\"twitter:label2\" content=\"Becs\u00fclt olvas\u00e1si id\u0151\" \/>\n\t<meta name=\"twitter:data2\" content=\"5 perc\" \/>\n<script type=\"application\/ld+json\" class=\"yoast-schema-graph\">{\"@context\":\"https:\\\/\\\/schema.org\",\"@graph\":[{\"@type\":\"Article\",\"@id\":\"https:\\\/\\\/www.salzburgerland.com\\\/hu\\\/lelegzetelallito-utazasok-salzburg-tartomanyban\\\/#article\",\"isPartOf\":{\"@id\":\"https:\\\/\\\/www.salzburgerland.com\\\/hu\\\/lelegzetelallito-utazasok-salzburg-tartomanyban\\\/\"},\"author\":{\"name\":\"Hajnalka K\u00e1di\",\"@id\":\"https:\\\/\\\/www.salzburgerland.com\\\/hu\\\/#\\\/schema\\\/person\\\/e4905df070d9b3c52e1e4c730b26aa5a\"},\"headline\":\"L\u00e9legzetel\u00e1ll\u00edt\u00f3 utaz\u00e1sok Salzburg tartom\u00e1nyban\",\"datePublished\":\"2021-02-25T09:58:32+00:00\",\"dateModified\":\"2023-03-06T20:36:53+00:00\",\"mainEntityOfPage\":{\"@id\":\"https:\\\/\\\/www.salzburgerland.com\\\/hu\\\/lelegzetelallito-utazasok-salzburg-tartomanyban\\\/\"},\"wordCount\":1334,\"image\":{\"@id\":\"https:\\\/\\\/www.salzburgerland.com\\\/hu\\\/lelegzetelallito-utazasok-salzburg-tartomanyban\\\/#primaryimage\"},\"thumbnailUrl\":\"https:\\\/\\\/www.salzburgerland.com\\\/hu\\\/wp-content\\\/uploads\\\/2021\\\/02\\\/salzach_festung_bruecken-1-1170x658-1.jpg\",\"keywords\":[\"Mozart\",\"ny\u00e1r\",\"nyaral\u00e1s\",\"strandol\u00e1s\",\"v\u00edzes\u00e9s\"],\"articleSection\":[\"Uncategorized\"],\"inLanguage\":\"hu\"},{\"@type\":\"WebPage\",\"@id\":\"https:\\\/\\\/www.salzburgerland.com\\\/hu\\\/lelegzetelallito-utazasok-salzburg-tartomanyban\\\/\",\"url\":\"https:\\\/\\\/www.salzburgerland.com\\\/hu\\\/lelegzetelallito-utazasok-salzburg-tartomanyban\\\/\",\"name\":\"L\u00e9legzetel\u00e1ll\u00edt\u00f3 utaz\u00e1sok Salzburg tartom\u00e1nyban\",\"isPartOf\":{\"@id\":\"https:\\\/\\\/www.salzburgerland.com\\\/hu\\\/#website\"},\"primaryImageOfPage\":{\"@id\":\"https:\\\/\\\/www.salzburgerland.com\\\/hu\\\/lelegzetelallito-utazasok-salzburg-tartomanyban\\\/#primaryimage\"},\"image\":{\"@id\":\"https:\\\/\\\/www.salzburgerland.com\\\/hu\\\/lelegzetelallito-utazasok-salzburg-tartomanyban\\\/#primaryimage\"},\"thumbnailUrl\":\"https:\\\/\\\/www.salzburgerland.com\\\/hu\\\/wp-content\\\/uploads\\\/2021\\\/02\\\/salzach_festung_bruecken-1-1170x658-1.jpg\",\"datePublished\":\"2021-02-25T09:58:32+00:00\",\"dateModified\":\"2023-03-06T20:36:53+00:00\",\"author\":{\"@id\":\"https:\\\/\\\/www.salzburgerland.com\\\/hu\\\/#\\\/schema\\\/person\\\/e4905df070d9b3c52e1e4c730b26aa5a\"},\"description\":\"L\u00e9legzetel\u00e1ll\u00edt\u00f3 utaz\u00e1sok Salzburg tartom\u00e1nyban: mer\u00fclj\u00fcnk el \u00e9s inspir\u00e1l\u00f3djunk a csod\u00e1latos \u00e9lm\u00e9nyvil\u00e1gban.\",\"breadcrumb\":{\"@id\":\"https:\\\/\\\/www.salzburgerland.com\\\/hu\\\/lelegzetelallito-utazasok-salzburg-tartomanyban\\\/#breadcrumb\"},\"inLanguage\":\"hu\",\"potentialAction\":[{\"@type\":\"ReadAction\",\"target\":[\"https:\\\/\\\/www.salzburgerland.com\\\/hu\\\/lelegzetelallito-utazasok-salzburg-tartomanyban\\\/\"]}]},{\"@type\":\"ImageObject\",\"inLanguage\":\"hu\",\"@id\":\"https:\\\/\\\/www.salzburgerland.com\\\/hu\\\/lelegzetelallito-utazasok-salzburg-tartomanyban\\\/#primaryimage\",\"url\":\"https:\\\/\\\/www.salzburgerland.com\\\/hu\\\/wp-content\\\/uploads\\\/2021\\\/02\\\/salzach_festung_bruecken-1-1170x658-1.jpg\",\"contentUrl\":\"https:\\\/\\\/www.salzburgerland.com\\\/hu\\\/wp-content\\\/uploads\\\/2021\\\/02\\\/salzach_festung_bruecken-1-1170x658-1.jpg\",\"width\":1170,\"height\":658,\"caption\":\"Salzach \u00a9 SalzburgerLand Tourismus\"},{\"@type\":\"BreadcrumbList\",\"@id\":\"https:\\\/\\\/www.salzburgerland.com\\\/hu\\\/lelegzetelallito-utazasok-salzburg-tartomanyban\\\/#breadcrumb\",\"itemListElement\":[{\"@type\":\"ListItem\",\"position\":1,\"name\":\"Utaz\u00e1sra k\u00e9sz\u00fcl\u0151dve\",\"item\":\"https:\\\/\\\/www.salzburgerland.com\\\/hu\\\/karanten-idejere\\\/\"},{\"@type\":\"ListItem\",\"position\":2,\"name\":\"L\u00e9legzetel\u00e1ll\u00edt\u00f3 utaz\u00e1sok Salzburg tartom\u00e1nyban\"}]},{\"@type\":\"WebSite\",\"@id\":\"https:\\\/\\\/www.salzburgerland.com\\\/hu\\\/#website\",\"url\":\"https:\\\/\\\/www.salzburgerland.com\\\/hu\\\/\",\"name\":\"SalzburgerLand.com\",\"description\":\"\u00dcd\u00fcl\u00e9s Ausztri\u00e1ban, Salzburg tartom\u00e1nyban\",\"potentialAction\":[{\"@type\":\"SearchAction\",\"target\":{\"@type\":\"EntryPoint\",\"urlTemplate\":\"https:\\\/\\\/www.salzburgerland.com\\\/hu\\\/?s={search_term_string}\"},\"query-input\":{\"@type\":\"PropertyValueSpecification\",\"valueRequired\":true,\"valueName\":\"search_term_string\"}}],\"inLanguage\":\"hu\"},{\"@type\":\"Person\",\"@id\":\"https:\\\/\\\/www.salzburgerland.com\\\/hu\\\/#\\\/schema\\\/person\\\/e4905df070d9b3c52e1e4c730b26aa5a\",\"name\":\"Hajnalka K\u00e1di\",\"image\":{\"@type\":\"ImageObject\",\"inLanguage\":\"hu\",\"@id\":\"https:\\\/\\\/secure.gravatar.com\\\/avatar\\\/e8c1eecf3b2c49d295cebc6aba0de06d13ec77aa0cf9ccec32725949011b69d2?s=96&d=mm&r=g\",\"url\":\"https:\\\/\\\/secure.gravatar.com\\\/avatar\\\/e8c1eecf3b2c49d295cebc6aba0de06d13ec77aa0cf9ccec32725949011b69d2?s=96&d=mm&r=g\",\"contentUrl\":\"https:\\\/\\\/secure.gravatar.com\\\/avatar\\\/e8c1eecf3b2c49d295cebc6aba0de06d13ec77aa0cf9ccec32725949011b69d2?s=96&d=mm&r=g\",\"caption\":\"Hajnalka K\u00e1di\"}}]}<\/script>\n<meta property=\"og:video\" content=\"https:\/\/www.youtube.com\/embed\/5sIwYIhPFds\" \/>\n<meta property=\"og:video:type\" content=\"text\/html\" \/>\n<meta property=\"og:video:duration\" content=\"57\" \/>\n<meta property=\"og:video:width\" content=\"480\" \/>\n<meta property=\"og:video:height\" content=\"270\" \/>\n<meta property=\"ya:ovs:adult\" content=\"false\" \/>\n<meta property=\"ya:ovs:upload_date\" content=\"2021-02-25T09:58:32+00:00\" \/>\n<meta property=\"ya:ovs:allow_embed\" content=\"true\" \/>\n<!-- \/ Yoast SEO Premium plugin. -->","yoast_head_json":{"title":"L\u00e9legzetel\u00e1ll\u00edt\u00f3 utaz\u00e1sok Salzburg tartom\u00e1nyban","description":"L\u00e9legzetel\u00e1ll\u00edt\u00f3 utaz\u00e1sok Salzburg tartom\u00e1nyban: mer\u00fclj\u00fcnk el \u00e9s inspir\u00e1l\u00f3djunk a csod\u00e1latos \u00e9lm\u00e9nyvil\u00e1gban.","robots":{"index":"index","follow":"follow","max-snippet":"max-snippet:-1","max-image-preview":"max-image-preview:large","max-video-preview":"max-video-preview:-1"},"canonical":"https:\/\/www.salzburgerland.com\/hu\/lelegzetelallito-utazasok-salzburg-tartomanyban\/","og_locale":"hu_HU","og_type":"article","og_title":"L\u00e9legzetel\u00e1ll\u00edt\u00f3 utaz\u00e1sok Salzburg tartom\u00e1nyban","og_description":"Salzburg, a tartom\u00e1nyi f\u0151v\u00e1ros A v\u00e1rost \u00e1tszel\u0151 Salzach foly\u00f3 \u00e9s a v\u00e1rhegy k\u00f6z\u00f6tt a vil\u00e1g egyik legszebb \u00f3v\u00e1rosa ter\u00fcl el. Semmi k\u00e9ts\u00e9g, Salzburg v\u00e1ros\u00e1t","og_url":"https:\/\/www.salzburgerland.com\/hu\/lelegzetelallito-utazasok-salzburg-tartomanyban\/","og_site_name":"SalzburgerLand.com","article_publisher":"https:\/\/www.facebook.com\/visitsalzburgerland\/","article_published_time":"2021-02-25T09:58:32+00:00","article_modified_time":"2023-03-06T20:36:53+00:00","og_image":[{"url":"https:\/\/www.salzburgerland.com\/hu\/wp-content\/uploads\/2021\/02\/salzach_festung_bruecken-1-1170x658-1.jpg","width":1170,"height":658,"type":"image\/jpeg"}],"author":"Hajnalka K\u00e1di","twitter_card":"summary_large_image","twitter_creator":"@salzburgerland","twitter_site":"@salzburgerland","twitter_misc":{"Szerz\u0151:":"Hajnalka K\u00e1di","Becs\u00fclt olvas\u00e1si id\u0151":"5 perc"},"schema":{"@context":"https:\/\/schema.org","@graph":[{"@type":"Article","@id":"https:\/\/www.salzburgerland.com\/hu\/lelegzetelallito-utazasok-salzburg-tartomanyban\/#article","isPartOf":{"@id":"https:\/\/www.salzburgerland.com\/hu\/lelegzetelallito-utazasok-salzburg-tartomanyban\/"},"author":{"name":"Hajnalka K\u00e1di","@id":"https:\/\/www.salzburgerland.com\/hu\/#\/schema\/person\/e4905df070d9b3c52e1e4c730b26aa5a"},"headline":"L\u00e9legzetel\u00e1ll\u00edt\u00f3 utaz\u00e1sok Salzburg tartom\u00e1nyban","datePublished":"2021-02-25T09:58:32+00:00","dateModified":"2023-03-06T20:36:53+00:00","mainEntityOfPage":{"@id":"https:\/\/www.salzburgerland.com\/hu\/lelegzetelallito-utazasok-salzburg-tartomanyban\/"},"wordCount":1334,"image":{"@id":"https:\/\/www.salzburgerland.com\/hu\/lelegzetelallito-utazasok-salzburg-tartomanyban\/#primaryimage"},"thumbnailUrl":"https:\/\/www.salzburgerland.com\/hu\/wp-content\/uploads\/2021\/02\/salzach_festung_bruecken-1-1170x658-1.jpg","keywords":["Mozart","ny\u00e1r","nyaral\u00e1s","strandol\u00e1s","v\u00edzes\u00e9s"],"articleSection":["Uncategorized"],"inLanguage":"hu"},{"@type":"WebPage","@id":"https:\/\/www.salzburgerland.com\/hu\/lelegzetelallito-utazasok-salzburg-tartomanyban\/","url":"https:\/\/www.salzburgerland.com\/hu\/lelegzetelallito-utazasok-salzburg-tartomanyban\/","name":"L\u00e9legzetel\u00e1ll\u00edt\u00f3 utaz\u00e1sok Salzburg tartom\u00e1nyban","isPartOf":{"@id":"https:\/\/www.salzburgerland.com\/hu\/#website"},"primaryImageOfPage":{"@id":"https:\/\/www.salzburgerland.com\/hu\/lelegzetelallito-utazasok-salzburg-tartomanyban\/#primaryimage"},"image":{"@id":"https:\/\/www.salzburgerland.com\/hu\/lelegzetelallito-utazasok-salzburg-tartomanyban\/#primaryimage"},"thumbnailUrl":"https:\/\/www.salzburgerland.com\/hu\/wp-content\/uploads\/2021\/02\/salzach_festung_bruecken-1-1170x658-1.jpg","datePublished":"2021-02-25T09:58:32+00:00","dateModified":"2023-03-06T20:36:53+00:00","author":{"@id":"https:\/\/www.salzburgerland.com\/hu\/#\/schema\/person\/e4905df070d9b3c52e1e4c730b26aa5a"},"description":"L\u00e9legzetel\u00e1ll\u00edt\u00f3 utaz\u00e1sok Salzburg tartom\u00e1nyban: mer\u00fclj\u00fcnk el \u00e9s inspir\u00e1l\u00f3djunk a csod\u00e1latos \u00e9lm\u00e9nyvil\u00e1gban.","breadcrumb":{"@id":"https:\/\/www.salzburgerland.com\/hu\/lelegzetelallito-utazasok-salzburg-tartomanyban\/#breadcrumb"},"inLanguage":"hu","potentialAction":[{"@type":"ReadAction","target":["https:\/\/www.salzburgerland.com\/hu\/lelegzetelallito-utazasok-salzburg-tartomanyban\/"]}]},{"@type":"ImageObject","inLanguage":"hu","@id":"https:\/\/www.salzburgerland.com\/hu\/lelegzetelallito-utazasok-salzburg-tartomanyban\/#primaryimage","url":"https:\/\/www.salzburgerland.com\/hu\/wp-content\/uploads\/2021\/02\/salzach_festung_bruecken-1-1170x658-1.jpg","contentUrl":"https:\/\/www.salzburgerland.com\/hu\/wp-content\/uploads\/2021\/02\/salzach_festung_bruecken-1-1170x658-1.jpg","width":1170,"height":658,"caption":"Salzach \u00a9 SalzburgerLand Tourismus"},{"@type":"BreadcrumbList","@id":"https:\/\/www.salzburgerland.com\/hu\/lelegzetelallito-utazasok-salzburg-tartomanyban\/#breadcrumb","itemListElement":[{"@type":"ListItem","position":1,"name":"Utaz\u00e1sra k\u00e9sz\u00fcl\u0151dve","item":"https:\/\/www.salzburgerland.com\/hu\/karanten-idejere\/"},{"@type":"ListItem","position":2,"name":"L\u00e9legzetel\u00e1ll\u00edt\u00f3 utaz\u00e1sok Salzburg tartom\u00e1nyban"}]},{"@type":"WebSite","@id":"https:\/\/www.salzburgerland.com\/hu\/#website","url":"https:\/\/www.salzburgerland.com\/hu\/","name":"SalzburgerLand.com","description":"\u00dcd\u00fcl\u00e9s Ausztri\u00e1ban, Salzburg tartom\u00e1nyban","potentialAction":[{"@type":"SearchAction","target":{"@type":"EntryPoint","urlTemplate":"https:\/\/www.salzburgerland.com\/hu\/?s={search_term_string}"},"query-input":{"@type":"PropertyValueSpecification","valueRequired":true,"valueName":"search_term_string"}}],"inLanguage":"hu"},{"@type":"Person","@id":"https:\/\/www.salzburgerland.com\/hu\/#\/schema\/person\/e4905df070d9b3c52e1e4c730b26aa5a","name":"Hajnalka K\u00e1di","image":{"@type":"ImageObject","inLanguage":"hu","@id":"https:\/\/secure.gravatar.com\/avatar\/e8c1eecf3b2c49d295cebc6aba0de06d13ec77aa0cf9ccec32725949011b69d2?s=96&d=mm&r=g","url":"https:\/\/secure.gravatar.com\/avatar\/e8c1eecf3b2c49d295cebc6aba0de06d13ec77aa0cf9ccec32725949011b69d2?s=96&d=mm&r=g","contentUrl":"https:\/\/secure.gravatar.com\/avatar\/e8c1eecf3b2c49d295cebc6aba0de06d13ec77aa0cf9ccec32725949011b69d2?s=96&d=mm&r=g","caption":"Hajnalka K\u00e1di"}}]},"og_video":"https:\/\/www.youtube.com\/embed\/5sIwYIhPFds","og_video_type":"text\/html","og_video_duration":"57","og_video_width":"480","og_video_height":"270","ya_ovs_adult":"false","ya_ovs_upload_date":"2021-02-25T09:58:32+00:00","ya_ovs_allow_embed":"true"},"_wl_alt_label":[],"wl:entity_url":"http:\/\/open.salzburgerland.com\/hu\/post\/id\/11583","_links":{"self":[{"href":"https:\/\/www.salzburgerland.com\/hu\/wp-json\/wp\/v2\/posts\/11583","targetHints":{"allow":["GET"]}}],"collection":[{"href":"https:\/\/www.salzburgerland.com\/hu\/wp-json\/wp\/v2\/posts"}],"about":[{"href":"https:\/\/www.salzburgerland.com\/hu\/wp-json\/wp\/v2\/types\/post"}],"author":[{"embeddable":true,"href":"https:\/\/www.salzburgerland.com\/hu\/wp-json\/wp\/v2\/users\/21"}],"replies":[{"embeddable":true,"href":"https:\/\/www.salzburgerland.com\/hu\/wp-json\/wp\/v2\/comments?post=11583"}],"version-history":[{"count":5,"href":"https:\/\/www.salzburgerland.com\/hu\/wp-json\/wp\/v2\/posts\/11583\/revisions"}],"predecessor-version":[{"id":18552,"href":"https:\/\/www.salzburgerland.com\/hu\/wp-json\/wp\/v2\/posts\/11583\/revisions\/18552"}],"wp:featuredmedia":[{"embeddable":true,"href":"https:\/\/www.salzburgerland.com\/hu\/wp-json\/wp\/v2\/media\/11584"}],"wp:attachment":[{"href":"https:\/\/www.salzburgerland.com\/hu\/wp-json\/wp\/v2\/media?parent=11583"}],"wp:term":[{"taxonomy":"category","embeddable":true,"href":"https:\/\/www.salzburgerland.com\/hu\/wp-json\/wp\/v2\/categories?post=11583"},{"taxonomy":"post_tag","embeddable":true,"href":"https:\/\/www.salzburgerland.com\/hu\/wp-json\/wp\/v2\/tags?post=11583"},{"taxonomy":"wl_entity_type","embeddable":true,"href":"https:\/\/www.salzburgerland.com\/hu\/wp-json\/wp\/v2\/wl_entity_type?post=11583"}],"curies":[{"name":"wp","href":"https:\/\/api.w.org\/{rel}","templated":true}]}}