{"id":11301,"date":"2020-12-21T19:12:44","date_gmt":"2020-12-21T18:12:44","guid":{"rendered":"https:\/\/www.salzburgerland.com\/hu\/?p=11301"},"modified":"2022-11-15T16:25:48","modified_gmt":"2022-11-15T15:25:48","slug":"stille-nacht","status":"publish","type":"post","link":"https:\/\/www.salzburgerland.com\/hu\/stille-nacht\/","title":{"rendered":"Csendes \u00e9j"},"content":{"rendered":"<p>J\u00f6jj\u00f6n, \u00e9s \u00e9nekelj\u00fck egy\u00fctt a dalt! Az \u00e9nekl\u00e9shez \u00e9s zen\u00e9l\u00e9shez itt tal\u00e1lja a <a href=\"https:\/\/www.stillenacht.at\/text-und-musik\" target=\"_blank\" rel=\"noopener\"><strong>sz\u00f6veget<\/strong><\/a> \u00e9s az <a href=\"https:\/\/cdn.salzburgerland.com\/de\/wp-content\/uploads\/2021\/12\/stille-nacht-liedtext.pdf?_gl=1*9ir8k7*_ga*MTc2NDk5NzI3OS4xNjY0NDYwMTc0*_ga_1ESXS2W7WS*MTY2NzkzNzIxNi41NS4xLjE2Njc5NDAwMzUuMC4wLjA.\" target=\"_blank\" rel=\"noopener\"><strong>eredeti kott\u00e1t<\/strong><\/a> nyomtathat\u00f3 form\u00e1ban. Az eredeti n\u00e9met Csendes \u00e9j dalsz\u00f6veg 6 versszakb\u00f3l \u00e1ll.<\/p>\n<p>Csendes \u00e9j, dr\u00e1ga szent \u00e9j,<br>\nmindenek \u00e1lma m\u00e9ly.<br>\nNincs f\u00f6nn m\u00e1s, csak a dr\u00e1ga szent p\u00e1r.<br>\nV\u00e1rja, gyermeke alszik-e m\u00e1r.<br>\nK\u00fcldj le r\u00e1 \u00e1lmot, nagy \u00e9g!<br>\nK\u00fcldj le r\u00e1 \u00e1lmot, nagy \u00e9g!<\/p>\n<p>Csendes \u00e9j, dr\u00e1ga szent \u00e9j,<br>\n\u00d6rvendj sz\u00edv, b\u00edzva \u00e9lj!<br>\nIsten gyermeke \u00e1ldva n\u00e9z r\u00e1d,<br>\nH\u00edv az \u00f3ra, mely v\u00edg rem\u00e9nyt \u00e1d,<br>\nJ\u00e9zus a f\u00f6ldre lesz\u00e1ll!<br>\nJ\u00e9zus a f\u00f6ldre lesz\u00e1llt!<\/p>\n<p>Csendes \u00e9j, dr\u00e1ga szent \u00e9j,<br>\nP\u00e1sztor n\u00e9p, gyorsan k\u00e9lj,<br>\nHalld az angyali alleluj\u00e1t,<br>\nSz\u00e1ll itt zengve, s a t\u00e1volon \u00e1t:<br>\n\u00dcdvhoz\u00f3 J\u00e9zusunk \u00e9l!<br>\n\u00dcdvhoz\u00f3 J\u00e9zusunk \u00e9l!<\/p>\n\n\t\t\t<div id=\"11301-1\" class=\"gallery gallery-11301 gallery-columns-3 gallery-size-1170_658\" itemscope itemtype=\"http:\/\/schema.org\/ImageGallery\">\n\t\t\t\t<ul class=\"gallery-row gallery-col-3 gallery-clear\">\n\t\t\t\t\t<li class=\"gallery-item col-3\" itemprop=\"associatedMedia\" itemscope itemtype=\"http:\/\/schema.org\/ImageObject\">\n\t\t\t\t\t\t<div class=\"gallery-icon landscape\"><a href=\"https:\/\/www.salzburgerland.com\/hu\/wp-content\/uploads\/2016\/11\/rs104_stille-nacht-1a-hpr-1920x1067.jpg\" title=\"Az oberndorfi Csendes \u00e9j eml\u00e9kk\u00e1polna\"><img decoding=\"async\" data-title=\"Az oberndorfi Csendes \u00e9j eml\u00e9kk\u00e1polna \u00a9 SalzburgerLand Tourismus, Eva-Maria Repolusk\" title=\"Az oberndorfi Csendes \u00e9j eml\u00e9kk\u00e1polna \u00a9 SalzburgerLand Tourismus, Eva-Maria Repolusk\" data-caption=\"Az oberndorfi Csendes \u00e9j eml\u00e9kk\u00e1polna \u00a9 SalzburgerLand Tourismus, Eva-Maria Repolusk\" width=\"1170\" height=\"658\" src=\"https:\/\/www.salzburgerland.com\/hu\/wp-content\/uploads\/2016\/11\/rs104_stille-nacht-1a-hpr-1170x658.jpg\" class=\"attachment-1170_658 size-1170_658\" alt=\"Az oberndorfi Csendes \u00e9j eml\u00e9kk\u00e1polna (Nagy\u00edtott n\u00e9zet)\" srcset=\"https:\/\/www.salzburgerland.com\/hu\/wp-content\/uploads\/2016\/11\/rs104_stille-nacht-1a-hpr-1170x658.jpg 1170w, https:\/\/www.salzburgerland.com\/hu\/wp-content\/uploads\/2016\/11\/rs104_stille-nacht-1a-hpr-1200x675.jpg 1200w\" sizes=\"(max-width: 1170px) 100vw, 1170px\" aria-describedby=\"figcaption-11301-7309\" itemprop=\"thumbnail\"><\/a><\/div>\n\t\t\t\t\t\t<span id=\"figcaption-11301-7309\" class=\"gallery-caption\" itemprop=\"caption\"><span aria-hidden=\"true\">Az oberndorfi Csendes \u00e9j eml\u00e9kk\u00e1polna \u00a9 SalzburgerLand Tourismus, Eva-Maria Repolusk<\/span><\/span>\n\t\t\t\t\t<\/li>\n\t\t\t\t\t<li class=\"gallery-item col-3\" itemprop=\"associatedMedia\" itemscope itemtype=\"http:\/\/schema.org\/ImageObject\">\n\t\t\t\t\t\t<div class=\"gallery-icon landscape\"><a href=\"https:\/\/www.salzburgerland.com\/hu\/wp-content\/uploads\/2016\/11\/rs1091_wintermoitv-jgersee02-lpr-1920x1067.jpg\" title=\"T\u00e9l Wagrainben, a J\u00e4gersee t\u00f3n\u00e1l\"><img decoding=\"async\" data-title=\"Wagrainben, a J\u00e4gersee t\u00f3n\u00e1l \u00a9 SalzburgerLand Tourismus, Wagrain, Kathrin Gollackner\" title=\"Wagrainben, a J\u00e4gersee t\u00f3n\u00e1l \u00a9 SalzburgerLand Tourismus, Wagrain, Kathrin Gollackner\" data-caption=\"Wagrainben, a J\u00e4gersee t\u00f3n\u00e1l \u00a9 SalzburgerLand Tourismus, Wagrain, Kathrin Gollackner\" width=\"1170\" height=\"658\" src=\"https:\/\/www.salzburgerland.com\/hu\/wp-content\/uploads\/2016\/11\/rs1091_wintermoitv-jgersee02-lpr-1170x658.jpg\" class=\"attachment-1170_658 size-1170_658\" alt=\"T\u00e9l Wagrainben, a J\u00e4gersee t\u00f3n\u00e1l (Nagy\u00edtott n\u00e9zet)\" srcset=\"https:\/\/www.salzburgerland.com\/hu\/wp-content\/uploads\/2016\/11\/rs1091_wintermoitv-jgersee02-lpr-1170x658.jpg 1170w, https:\/\/www.salzburgerland.com\/hu\/wp-content\/uploads\/2016\/11\/rs1091_wintermoitv-jgersee02-lpr-1200x675.jpg 1200w\" sizes=\"(max-width: 1170px) 100vw, 1170px\" aria-describedby=\"figcaption-11301-6462\" itemprop=\"thumbnail\"><\/a><\/div>\n\t\t\t\t\t\t<span id=\"figcaption-11301-6462\" class=\"gallery-caption\" itemprop=\"caption\"><span aria-hidden=\"true\">Wagrainben, a J\u00e4gersee t\u00f3n\u00e1l \u00a9 SalzburgerLand Tourismus, Wagrain, Kathrin Gollackner<\/span><\/span>\n\t\t\t\t\t<\/li>\n\t\t\t\t\t<li class=\"gallery-item col-3\" itemprop=\"associatedMedia\" itemscope itemtype=\"http:\/\/schema.org\/ImageObject\">\n\t\t\t\t\t\t<div class=\"gallery-icon landscape\"><a href=\"https:\/\/www.salzburgerland.com\/hu\/wp-content\/uploads\/2016\/11\/rs1781_familie_bergadvent_grossarl-1920x1067.jpg\" title=\"Familie am Bergadvent in Gro\u00dfarl\"><img decoding=\"async\" data-title=\"Gro\u00dfarl, hegyi advent \u00a9 SalzburgerLand Tourismus\" title=\"Gro\u00dfarl, hegyi advent \u00a9 SalzburgerLand Tourismus\" data-caption=\"Gro\u00dfarl, hegyi advent \u00a9 SalzburgerLand Tourismus\" width=\"1170\" height=\"658\" src=\"https:\/\/www.salzburgerland.com\/hu\/wp-content\/uploads\/2016\/11\/rs1781_familie_bergadvent_grossarl-1170x658.jpg\" class=\"attachment-1170_658 size-1170_658\" alt=\"Egy t\u00e9li ruh\u00e1s csal\u00e1d melegszik a t\u0171z mellett egy adventi b\u00f3d\u00e9n\u00e1l a havas Salzburg tartom\u00e1nyban alkonyatkor. (Nagy\u00edtott n\u00e9zet)\" srcset=\"https:\/\/www.salzburgerland.com\/hu\/wp-content\/uploads\/2016\/11\/rs1781_familie_bergadvent_grossarl-1170x658.jpg 1170w, https:\/\/www.salzburgerland.com\/hu\/wp-content\/uploads\/2016\/11\/rs1781_familie_bergadvent_grossarl-1200x675.jpg 1200w\" sizes=\"(max-width: 1170px) 100vw, 1170px\" aria-describedby=\"figcaption-11301-5783\" itemprop=\"thumbnail\"><\/a><\/div>\n\t\t\t\t\t\t<span id=\"figcaption-11301-5783\" class=\"gallery-caption\" itemprop=\"caption\"><span aria-hidden=\"true\">Gro\u00dfarl, hegyi advent \u00a9 SalzburgerLand Tourismus<\/span><\/span>\n\t\t\t\t\t<\/li>\n\t\t\t\t<\/ul>\n\t\t\t<\/div><!-- .gallery -->\n\n<h2>A dal eredeti 6 versszaka<\/h2>\n<p>Stille Nacht! Heilige Nacht!<br>\nAlles schl\u00e4ft, einsam wacht<br>\nNur das traute hochheilige Paar.<br>\nHolder Knabe im lockigen Haar,<br>\nSchlaf in himmlischer Ruh!<br>\nSchlaf in himmlischer Ruh!<\/p>\n<p>Stille Nacht! Heilige Nacht!<br>\nGottes Sohn, o wie lacht<br>\nLieb aus deinem g\u00f6ttlichen Mund,<br>\nDa uns schl\u00e4gt die rettende Stund\u2018.<br>\nChrist, in deiner Geburt!<br>\nChrist, in deiner Geburt!<\/p>\n<p>Stille Nacht! Heilige Nacht!<br>\nDie der Welt Heil gebracht,<br>\nAus des Himmels goldenen H\u00f6h\u2018n<br>\nUns der Gnaden F\u00fclle l\u00e4sst seh\u2018n<br>\nJesus, in Menschengestalt,<br>\nJesus, in Menschengestalt<\/p>\n<p>Stille Nacht! Heilige Nacht!<br>\nWo sich heute alle Macht<br>\nV\u00e4terlicher Liebe ergoss<br>\nUnd als Bruder huldvoll umschloss.<br>\nJesus, die V\u00f6lker der Welt,<br>\nJesus, die V\u00f6lker der Welt.<\/p>\n<p>Stille Nacht! Heilige Nacht!<br>\nLange schon uns bedacht,<br>\nAls der Herr vom Grimme befreit,<br>\nIn der V\u00e4ter urgrauer Zeit<br>\nAller Welt Schonung verhie\u00df,<br>\nAller Welt Schonung verhie\u00df.<\/p>\n<p>Stille Nacht! Heilige Nacht!<br>\nHirten erst kundgemacht<br>\nDurch der Engel Halleluja,<br>\nT\u00f6nt es laut von ferne und nah:<br>\nChristus, der Retter, ist da!<br>\nChristus, der Retter ist da!<\/p>\n<h2>V\u00e1logatott CD-k<\/h2>\n<p>V\u00e1logatott CD-k a Csendes \u00e9j k\u00f6r\u00fcl a 2018-as jubileumi \u00e9vre megjelent \u201eMozartiana Classics\u201d \u201e200 Years World Peace Song\u201d, vagy a \u201eSilent Night\u201d 15 nyelven a sz\u00fcletett oberndorfi Gotthard F. Eder \u00e1ltal, <a href=\"https:\/\/www.salzburgerland.com\/de\/ausgewaehlte-cds-rund-um-stille-nacht\/\" target=\"_blank\" rel=\"noopener\"><strong>itt tal\u00e1lhat\u00f3<\/strong><\/a>.<\/p>\n<h2>A Csendes \u00e9j egy b\u00e9csi k\u00f3rus el\u0151ad\u00e1s\u00e1ban<\/h2>\n<p>Ma mintegy 100 akt\u00edv, kilenc \u00e9s tizenn\u00e9gy \u00e9v k\u00f6z\u00f6tti <a href=\"https:\/\/www.wienersaengerknaben.at\/en\" target=\"_blank\" rel=\"noopener\"><strong>b\u00e9csi fi\u00fak\u00f3rustag<\/strong><\/a> van, akik n\u00e9gy koncertk\u00f3rusra oszlanak, \u00e9s k\u00f3rusok mindegyike a tan\u00e9v kilenc-tizenegy het\u00e9t turn\u00e9n t\u00f6lti. A k\u00f3rusok egy\u00fcttesen \u00e9vente mintegy 300 alkalommal l\u00e9pnek fel k\u00f6zel f\u00e9lmilli\u00f3 n\u00e9z\u0151 el\u0151tt, amelynek keretein bel\u00fcl a B\u00e9csi Fi\u00fak\u00f3rus Eur\u00f3pa szinte minden orsz\u00e1g\u00e1ba, \u00c1zsi\u00e1ba \u00e9s Ausztr\u00e1li\u00e1ba, D\u00e9l- \u00e9s K\u00f6z\u00e9p-Amerik\u00e1ba, az Egyes\u00fclt \u00c1llamokba \u00e9s Kanad\u00e1ba utazik.<\/p>\n<p><iframe title=\"Stille Nacht - Ein Friedenslied f\u00fcr die Welt\" width=\"500\" height=\"281\" src=\"https:\/\/www.youtube-nocookie.com\/embed\/d_qMTXUr6bs?feature=oembed&amp;rel=0&amp;modestbranding=1\" frameborder=\"0\" allow=\"accelerometer; autoplay; clipboard-write; encrypted-media; gyroscope; picture-in-picture; web-share\" referrerpolicy=\"strict-origin-when-cross-origin\" allowfullscreen><\/iframe><\/p>\n<h2>A Csendes \u00e9j a <strong>St. Florianer S\u00e4ngerknaben<\/strong> gyermekk\u00f3rus el\u0151ad\u00e1s\u00e1ban<\/h2>\n<p>A nemzetk\u00f6zileg akt\u00edv <a href=\"https:\/\/www.florianer.at\/en\/index\" target=\"_blank\" rel=\"noopener\"><strong>k\u00f3rus<\/strong><\/a>, v\u00e1ltozatos reperto\u00e1rral b\u00fcszk\u00e9lkedhet. Egy\u00e9rtelm\u0171 c\u00e9lja, hogy a zene \u00f6r\u00f6m\u00e9t \u00e1tadja k\u00f6z\u00f6ns\u00e9g\u00e9nek, \u00e9s rendszeres koncertk\u00f6r\u00fatjaikon eur\u00f3pai kultur\u00e1lis nagyk\u00f6vetk\u00e9nt minden kontinensre elviszik az osztr\u00e1k zenei hagyom\u00e1nyok nagy \u00f6r\u00f6ks\u00e9g\u00e9t, valamint a leg\u00fajabb reperto\u00e1r\u00f6tleteket.<\/p>\n<p><iframe title=\"St. Florianer S\u00e4ngerknaben - Stille Nacht\" width=\"500\" height=\"281\" src=\"https:\/\/www.youtube-nocookie.com\/embed\/ixTym6gFTxQ?feature=oembed&amp;rel=0&amp;modestbranding=1\" frameborder=\"0\" allow=\"accelerometer; autoplay; clipboard-write; encrypted-media; gyroscope; picture-in-picture; web-share\" referrerpolicy=\"strict-origin-when-cross-origin\" allowfullscreen><\/iframe><\/p>\n<h2>A Csendes \u00e9j haz\u00e1ja<\/h2>\n<p>A tartom\u00e1nyi f\u0151v\u00e1ros, Salzburg v\u00e1ros\u00e1t\u00f3l nem messze, az <strong><a href=\"https:\/\/www.salzburgerland.com\/hu\/innen-ered-a-csendes-ej\/\" target=\"_blank\" rel=\"noopener\">oberndorf-i pl\u00e9b\u00e1niatemplomban<\/a><\/strong> csend\u00fclt f\u00f6l el\u0151sz\u00f6r a vil\u00e1gh\u00edr\u0171 kar\u00e1csonyi \u00e9nek, 1818-ban. Csak git\u00e1r k\u00eds\u00e9rte a k\u00e9tsz\u00f3lam\u00fa \u00e9neksz\u00f3t, mert a k\u00e9s\u0151bb lebont\u00e1sra ker\u00fclt templom orgon\u00e1ja meghib\u00e1sodott. A vil\u00e1g legh\u00edresebb \u00e9s tal\u00e1n legszebb kar\u00e1csonyi \u00e9nek\u00e9t Joseph Mohr \u00e9s Franz Xaver Gruber aj\u00e1nd\u00e9kozta a vil\u00e1gnak. Ismerje meg \u00d6n is a <a href=\"https:\/\/www.salzburgerland.com\/hu\/innen-ered-a-csendes-ej\/\" target=\"_blank\" rel=\"noopener\"><strong>Csendes \u00e9j t\u00f6rt\u00e9net\u00e9t<\/strong><\/a> \u00e9s a hozz\u00e1 f\u0171z\u0151d\u0151 helysz\u00edneket!<\/p>\n","protected":false},"excerpt":{"rendered":"<p>J\u00f6jj\u00f6n, \u00e9s \u00e9nekelj\u00fck egy\u00fctt a dalt! Az \u00e9nekl\u00e9shez \u00e9s zen\u00e9l\u00e9shez itt tal\u00e1lja a sz\u00f6veget \u00e9s az eredeti kott\u00e1t nyomtathat\u00f3 form\u00e1ban. Az eredeti n\u00e9met Csendes \u00e9j dalsz\u00f6veg 6 versszakb\u00f3l \u00e1ll. Csendes \u00e9j, dr\u00e1ga szent \u00e9j, mindenek \u00e1lma m\u00e9ly. Nincs f\u00f6nn m\u00e1s, csak a dr\u00e1ga szent p\u00e1r. V\u00e1rja, gyermeke alszik-e m\u00e1r. K\u00fcldj le r\u00e1 \u00e1lmot, nagy \u00e9g! [&hellip;]<\/p>\n","protected":false},"author":17,"featured_media":11302,"comment_status":"closed","ping_status":"closed","sticky":false,"template":"","format":"standard","meta":{"_acf_changed":false,"wl_entities_gutenberg":"","_relevanssi_hide_post":"","_relevanssi_hide_content":"","_relevanssi_pin_for_all":"","_relevanssi_pin_keywords":"","_relevanssi_unpin_keywords":"","_relevanssi_related_keywords":"","_relevanssi_related_include_ids":"","_relevanssi_related_exclude_ids":"","_relevanssi_related_no_append":"","_relevanssi_related_not_related":"","_relevanssi_related_posts":"","_relevanssi_noindex_reason":"","footnotes":""},"categories":[1],"tags":[121,122,123],"wl_entity_type":[27],"class_list":["post-11301","post","type-post","status-publish","format-standard","has-post-thumbnail","hentry","category-uncategorized","tag-csendes-ej","tag-dalszoveg","tag-eredeti","wl_entity_type-article"],"acf":[],"yoast_head":"<!-- This site is optimized with the Yoast SEO Premium plugin v27.4 (Yoast SEO v27.4) - https:\/\/yoast.com\/product\/yoast-seo-premium-wordpress\/ -->\n<title>Csendes \u00e9j \u00bb SalzburgerLand.com<\/title>\n<meta name=\"description\" content=\"A vil\u00e1g legh\u00edresebb \u00e9s legszebb kar\u00e1csonyi \u00e9nek\u00e9t Joseph Mohr aj\u00e1nd\u00e9kozta a vil\u00e1gnak. Az eredeti Csendes \u00e9j dalsz\u00f6veg 6 versszakb\u00f3l \u00e1ll.\" \/>\n<meta name=\"robots\" content=\"index, follow, max-snippet:-1, max-image-preview:large, max-video-preview:-1\" \/>\n<link rel=\"canonical\" href=\"https:\/\/www.salzburgerland.com\/hu\/stille-nacht\/\" \/>\n<meta property=\"og:locale\" content=\"hu_HU\" \/>\n<meta property=\"og:type\" content=\"article\" \/>\n<meta property=\"og:title\" content=\"Csendes \u00e9j\" \/>\n<meta property=\"og:description\" content=\"J\u00f6jj\u00f6n, \u00e9s \u00e9nekelj\u00fck egy\u00fctt a dalt! Az \u00e9nekl\u00e9shez \u00e9s zen\u00e9l\u00e9shez itt tal\u00e1lja a sz\u00f6veget \u00e9s az eredeti kott\u00e1t nyomtathat\u00f3 form\u00e1ban. Az eredeti n\u00e9met Csendes\" \/>\n<meta property=\"og:url\" content=\"https:\/\/www.salzburgerland.com\/hu\/stille-nacht\/\" \/>\n<meta property=\"og:site_name\" content=\"SalzburgerLand.com\" \/>\n<meta property=\"article:publisher\" content=\"https:\/\/www.facebook.com\/visitsalzburgerland\/\" \/>\n<meta property=\"article:published_time\" content=\"2020-12-21T18:12:44+00:00\" \/>\n<meta property=\"article:modified_time\" content=\"2022-11-15T15:25:48+00:00\" \/>\n<meta property=\"og:image\" content=\"https:\/\/www.salzburgerland.com\/hu\/wp-content\/uploads\/2020\/12\/salzburgerland-weihnachten-09-1920x840-jpg-pagespeed-ce_-z9agw5dw01-1200x675.jpg\" \/>\n\t<meta property=\"og:image:width\" content=\"1200\" \/>\n\t<meta property=\"og:image:height\" content=\"675\" \/>\n\t<meta property=\"og:image:type\" content=\"image\/jpeg\" \/>\n<meta name=\"author\" content=\"Ildik\u00f3 St\u00e9hlin\u00e9 Szil\u00e1gyi\" \/>\n<meta name=\"twitter:card\" content=\"summary_large_image\" \/>\n<meta name=\"twitter:creator\" content=\"@salzburgerland\" \/>\n<meta name=\"twitter:site\" content=\"@salzburgerland\" \/>\n<meta name=\"twitter:label1\" content=\"Szerz\u0151:\" \/>\n\t<meta name=\"twitter:data1\" content=\"Ildik\u00f3 St\u00e9hlin\u00e9 Szil\u00e1gyi\" \/>\n\t<meta name=\"twitter:label2\" content=\"Becs\u00fclt olvas\u00e1si id\u0151\" \/>\n\t<meta name=\"twitter:data2\" content=\"3 perc\" \/>\n<script type=\"application\/ld+json\" class=\"yoast-schema-graph\">{\"@context\":\"https:\\\/\\\/schema.org\",\"@graph\":[{\"@type\":\"Article\",\"@id\":\"https:\\\/\\\/www.salzburgerland.com\\\/hu\\\/stille-nacht\\\/#article\",\"isPartOf\":{\"@id\":\"https:\\\/\\\/www.salzburgerland.com\\\/hu\\\/stille-nacht\\\/\"},\"author\":{\"name\":\"Ildik\u00f3 St\u00e9hlin\u00e9 Szil\u00e1gyi\",\"@id\":\"https:\\\/\\\/www.salzburgerland.com\\\/hu\\\/#\\\/schema\\\/person\\\/8645fd8d9954794f91d6569036b95668\"},\"headline\":\"Csendes \u00e9j\",\"datePublished\":\"2020-12-21T18:12:44+00:00\",\"dateModified\":\"2022-11-15T15:25:48+00:00\",\"mainEntityOfPage\":{\"@id\":\"https:\\\/\\\/www.salzburgerland.com\\\/hu\\\/stille-nacht\\\/\"},\"wordCount\":694,\"image\":{\"@id\":\"https:\\\/\\\/www.salzburgerland.com\\\/hu\\\/stille-nacht\\\/#primaryimage\"},\"thumbnailUrl\":\"https:\\\/\\\/www.salzburgerland.com\\\/hu\\\/wp-content\\\/uploads\\\/2020\\\/12\\\/salzburgerland-weihnachten-09-1920x840-jpg-pagespeed-ce_-z9agw5dw01.jpg\",\"keywords\":[\"Csendes \u00e9j\",\"Dalsz\u00f6veg\",\"Eredeti\"],\"articleSection\":[\"Uncategorized\"],\"inLanguage\":\"hu\"},{\"@type\":\"WebPage\",\"@id\":\"https:\\\/\\\/www.salzburgerland.com\\\/hu\\\/stille-nacht\\\/\",\"url\":\"https:\\\/\\\/www.salzburgerland.com\\\/hu\\\/stille-nacht\\\/\",\"name\":\"Csendes \u00e9j \u00bb SalzburgerLand.com\",\"isPartOf\":{\"@id\":\"https:\\\/\\\/www.salzburgerland.com\\\/hu\\\/#website\"},\"primaryImageOfPage\":{\"@id\":\"https:\\\/\\\/www.salzburgerland.com\\\/hu\\\/stille-nacht\\\/#primaryimage\"},\"image\":{\"@id\":\"https:\\\/\\\/www.salzburgerland.com\\\/hu\\\/stille-nacht\\\/#primaryimage\"},\"thumbnailUrl\":\"https:\\\/\\\/www.salzburgerland.com\\\/hu\\\/wp-content\\\/uploads\\\/2020\\\/12\\\/salzburgerland-weihnachten-09-1920x840-jpg-pagespeed-ce_-z9agw5dw01.jpg\",\"datePublished\":\"2020-12-21T18:12:44+00:00\",\"dateModified\":\"2022-11-15T15:25:48+00:00\",\"author\":{\"@id\":\"https:\\\/\\\/www.salzburgerland.com\\\/hu\\\/#\\\/schema\\\/person\\\/8645fd8d9954794f91d6569036b95668\"},\"description\":\"A vil\u00e1g legh\u00edresebb \u00e9s legszebb kar\u00e1csonyi \u00e9nek\u00e9t Joseph Mohr aj\u00e1nd\u00e9kozta a vil\u00e1gnak. Az eredeti Csendes \u00e9j dalsz\u00f6veg 6 versszakb\u00f3l \u00e1ll.\",\"breadcrumb\":{\"@id\":\"https:\\\/\\\/www.salzburgerland.com\\\/hu\\\/stille-nacht\\\/#breadcrumb\"},\"inLanguage\":\"hu\",\"potentialAction\":[{\"@type\":\"ReadAction\",\"target\":[\"https:\\\/\\\/www.salzburgerland.com\\\/hu\\\/stille-nacht\\\/\"]}]},{\"@type\":\"ImageObject\",\"inLanguage\":\"hu\",\"@id\":\"https:\\\/\\\/www.salzburgerland.com\\\/hu\\\/stille-nacht\\\/#primaryimage\",\"url\":\"https:\\\/\\\/www.salzburgerland.com\\\/hu\\\/wp-content\\\/uploads\\\/2020\\\/12\\\/salzburgerland-weihnachten-09-1920x840-jpg-pagespeed-ce_-z9agw5dw01.jpg\",\"contentUrl\":\"https:\\\/\\\/www.salzburgerland.com\\\/hu\\\/wp-content\\\/uploads\\\/2020\\\/12\\\/salzburgerland-weihnachten-09-1920x840-jpg-pagespeed-ce_-z9agw5dw01.jpg\",\"width\":1920,\"height\":840,\"caption\":\"Sz\u00f3l a Stille Nacht \u00a9 SalzburgerLand Tourismus\"},{\"@type\":\"BreadcrumbList\",\"@id\":\"https:\\\/\\\/www.salzburgerland.com\\\/hu\\\/stille-nacht\\\/#breadcrumb\",\"itemListElement\":[{\"@type\":\"ListItem\",\"position\":1,\"name\":\"A Csendes \u00e9j dal\",\"item\":\"https:\\\/\\\/www.salzburgerland.com\\\/hu\\\/a-csendes-ej-dal\\\/\"},{\"@type\":\"ListItem\",\"position\":2,\"name\":\"Csendes \u00e9j\"}]},{\"@type\":\"WebSite\",\"@id\":\"https:\\\/\\\/www.salzburgerland.com\\\/hu\\\/#website\",\"url\":\"https:\\\/\\\/www.salzburgerland.com\\\/hu\\\/\",\"name\":\"SalzburgerLand.com\",\"description\":\"\u00dcd\u00fcl\u00e9s Ausztri\u00e1ban, Salzburg tartom\u00e1nyban\",\"potentialAction\":[{\"@type\":\"SearchAction\",\"target\":{\"@type\":\"EntryPoint\",\"urlTemplate\":\"https:\\\/\\\/www.salzburgerland.com\\\/hu\\\/?s={search_term_string}\"},\"query-input\":{\"@type\":\"PropertyValueSpecification\",\"valueRequired\":true,\"valueName\":\"search_term_string\"}}],\"inLanguage\":\"hu\"},{\"@type\":\"Person\",\"@id\":\"https:\\\/\\\/www.salzburgerland.com\\\/hu\\\/#\\\/schema\\\/person\\\/8645fd8d9954794f91d6569036b95668\",\"name\":\"Ildik\u00f3 St\u00e9hlin\u00e9 Szil\u00e1gyi\",\"image\":{\"@type\":\"ImageObject\",\"inLanguage\":\"hu\",\"@id\":\"https:\\\/\\\/secure.gravatar.com\\\/avatar\\\/230c8b0e5a4b59d72a641ab6dbced4081ebeb113f114e6fdf9e673e91351cdd4?s=96&d=mm&r=g\",\"url\":\"https:\\\/\\\/secure.gravatar.com\\\/avatar\\\/230c8b0e5a4b59d72a641ab6dbced4081ebeb113f114e6fdf9e673e91351cdd4?s=96&d=mm&r=g\",\"contentUrl\":\"https:\\\/\\\/secure.gravatar.com\\\/avatar\\\/230c8b0e5a4b59d72a641ab6dbced4081ebeb113f114e6fdf9e673e91351cdd4?s=96&d=mm&r=g\",\"caption\":\"Ildik\u00f3 St\u00e9hlin\u00e9 Szil\u00e1gyi\"}}]}<\/script>\n<meta property=\"og:video\" content=\"https:\/\/www.youtube.com\/embed\/d_qMTXUr6bs\" \/>\n<meta property=\"og:video:type\" content=\"text\/html\" \/>\n<meta property=\"og:video:duration\" content=\"505\" \/>\n<meta property=\"og:video:width\" content=\"480\" \/>\n<meta property=\"og:video:height\" content=\"270\" \/>\n<meta property=\"ya:ovs:adult\" content=\"false\" \/>\n<meta property=\"ya:ovs:upload_date\" content=\"2020-12-21T18:12:44+00:00\" \/>\n<meta property=\"ya:ovs:allow_embed\" content=\"true\" \/>\n<!-- \/ Yoast SEO Premium plugin. -->","yoast_head_json":{"title":"Csendes \u00e9j \u00bb SalzburgerLand.com","description":"A vil\u00e1g legh\u00edresebb \u00e9s legszebb kar\u00e1csonyi \u00e9nek\u00e9t Joseph Mohr aj\u00e1nd\u00e9kozta a vil\u00e1gnak. Az eredeti Csendes \u00e9j dalsz\u00f6veg 6 versszakb\u00f3l \u00e1ll.","robots":{"index":"index","follow":"follow","max-snippet":"max-snippet:-1","max-image-preview":"max-image-preview:large","max-video-preview":"max-video-preview:-1"},"canonical":"https:\/\/www.salzburgerland.com\/hu\/stille-nacht\/","og_locale":"hu_HU","og_type":"article","og_title":"Csendes \u00e9j","og_description":"J\u00f6jj\u00f6n, \u00e9s \u00e9nekelj\u00fck egy\u00fctt a dalt! Az \u00e9nekl\u00e9shez \u00e9s zen\u00e9l\u00e9shez itt tal\u00e1lja a sz\u00f6veget \u00e9s az eredeti kott\u00e1t nyomtathat\u00f3 form\u00e1ban. Az eredeti n\u00e9met Csendes","og_url":"https:\/\/www.salzburgerland.com\/hu\/stille-nacht\/","og_site_name":"SalzburgerLand.com","article_publisher":"https:\/\/www.facebook.com\/visitsalzburgerland\/","article_published_time":"2020-12-21T18:12:44+00:00","article_modified_time":"2022-11-15T15:25:48+00:00","og_image":[{"width":1200,"height":675,"url":"https:\/\/www.salzburgerland.com\/hu\/wp-content\/uploads\/2020\/12\/salzburgerland-weihnachten-09-1920x840-jpg-pagespeed-ce_-z9agw5dw01-1200x675.jpg","type":"image\/jpeg"}],"author":"Ildik\u00f3 St\u00e9hlin\u00e9 Szil\u00e1gyi","twitter_card":"summary_large_image","twitter_creator":"@salzburgerland","twitter_site":"@salzburgerland","twitter_misc":{"Szerz\u0151:":"Ildik\u00f3 St\u00e9hlin\u00e9 Szil\u00e1gyi","Becs\u00fclt olvas\u00e1si id\u0151":"3 perc"},"schema":{"@context":"https:\/\/schema.org","@graph":[{"@type":"Article","@id":"https:\/\/www.salzburgerland.com\/hu\/stille-nacht\/#article","isPartOf":{"@id":"https:\/\/www.salzburgerland.com\/hu\/stille-nacht\/"},"author":{"name":"Ildik\u00f3 St\u00e9hlin\u00e9 Szil\u00e1gyi","@id":"https:\/\/www.salzburgerland.com\/hu\/#\/schema\/person\/8645fd8d9954794f91d6569036b95668"},"headline":"Csendes \u00e9j","datePublished":"2020-12-21T18:12:44+00:00","dateModified":"2022-11-15T15:25:48+00:00","mainEntityOfPage":{"@id":"https:\/\/www.salzburgerland.com\/hu\/stille-nacht\/"},"wordCount":694,"image":{"@id":"https:\/\/www.salzburgerland.com\/hu\/stille-nacht\/#primaryimage"},"thumbnailUrl":"https:\/\/www.salzburgerland.com\/hu\/wp-content\/uploads\/2020\/12\/salzburgerland-weihnachten-09-1920x840-jpg-pagespeed-ce_-z9agw5dw01.jpg","keywords":["Csendes \u00e9j","Dalsz\u00f6veg","Eredeti"],"articleSection":["Uncategorized"],"inLanguage":"hu"},{"@type":"WebPage","@id":"https:\/\/www.salzburgerland.com\/hu\/stille-nacht\/","url":"https:\/\/www.salzburgerland.com\/hu\/stille-nacht\/","name":"Csendes \u00e9j \u00bb SalzburgerLand.com","isPartOf":{"@id":"https:\/\/www.salzburgerland.com\/hu\/#website"},"primaryImageOfPage":{"@id":"https:\/\/www.salzburgerland.com\/hu\/stille-nacht\/#primaryimage"},"image":{"@id":"https:\/\/www.salzburgerland.com\/hu\/stille-nacht\/#primaryimage"},"thumbnailUrl":"https:\/\/www.salzburgerland.com\/hu\/wp-content\/uploads\/2020\/12\/salzburgerland-weihnachten-09-1920x840-jpg-pagespeed-ce_-z9agw5dw01.jpg","datePublished":"2020-12-21T18:12:44+00:00","dateModified":"2022-11-15T15:25:48+00:00","author":{"@id":"https:\/\/www.salzburgerland.com\/hu\/#\/schema\/person\/8645fd8d9954794f91d6569036b95668"},"description":"A vil\u00e1g legh\u00edresebb \u00e9s legszebb kar\u00e1csonyi \u00e9nek\u00e9t Joseph Mohr aj\u00e1nd\u00e9kozta a vil\u00e1gnak. Az eredeti Csendes \u00e9j dalsz\u00f6veg 6 versszakb\u00f3l \u00e1ll.","breadcrumb":{"@id":"https:\/\/www.salzburgerland.com\/hu\/stille-nacht\/#breadcrumb"},"inLanguage":"hu","potentialAction":[{"@type":"ReadAction","target":["https:\/\/www.salzburgerland.com\/hu\/stille-nacht\/"]}]},{"@type":"ImageObject","inLanguage":"hu","@id":"https:\/\/www.salzburgerland.com\/hu\/stille-nacht\/#primaryimage","url":"https:\/\/www.salzburgerland.com\/hu\/wp-content\/uploads\/2020\/12\/salzburgerland-weihnachten-09-1920x840-jpg-pagespeed-ce_-z9agw5dw01.jpg","contentUrl":"https:\/\/www.salzburgerland.com\/hu\/wp-content\/uploads\/2020\/12\/salzburgerland-weihnachten-09-1920x840-jpg-pagespeed-ce_-z9agw5dw01.jpg","width":1920,"height":840,"caption":"Sz\u00f3l a Stille Nacht \u00a9 SalzburgerLand Tourismus"},{"@type":"BreadcrumbList","@id":"https:\/\/www.salzburgerland.com\/hu\/stille-nacht\/#breadcrumb","itemListElement":[{"@type":"ListItem","position":1,"name":"A Csendes \u00e9j dal","item":"https:\/\/www.salzburgerland.com\/hu\/a-csendes-ej-dal\/"},{"@type":"ListItem","position":2,"name":"Csendes \u00e9j"}]},{"@type":"WebSite","@id":"https:\/\/www.salzburgerland.com\/hu\/#website","url":"https:\/\/www.salzburgerland.com\/hu\/","name":"SalzburgerLand.com","description":"\u00dcd\u00fcl\u00e9s Ausztri\u00e1ban, Salzburg tartom\u00e1nyban","potentialAction":[{"@type":"SearchAction","target":{"@type":"EntryPoint","urlTemplate":"https:\/\/www.salzburgerland.com\/hu\/?s={search_term_string}"},"query-input":{"@type":"PropertyValueSpecification","valueRequired":true,"valueName":"search_term_string"}}],"inLanguage":"hu"},{"@type":"Person","@id":"https:\/\/www.salzburgerland.com\/hu\/#\/schema\/person\/8645fd8d9954794f91d6569036b95668","name":"Ildik\u00f3 St\u00e9hlin\u00e9 Szil\u00e1gyi","image":{"@type":"ImageObject","inLanguage":"hu","@id":"https:\/\/secure.gravatar.com\/avatar\/230c8b0e5a4b59d72a641ab6dbced4081ebeb113f114e6fdf9e673e91351cdd4?s=96&d=mm&r=g","url":"https:\/\/secure.gravatar.com\/avatar\/230c8b0e5a4b59d72a641ab6dbced4081ebeb113f114e6fdf9e673e91351cdd4?s=96&d=mm&r=g","contentUrl":"https:\/\/secure.gravatar.com\/avatar\/230c8b0e5a4b59d72a641ab6dbced4081ebeb113f114e6fdf9e673e91351cdd4?s=96&d=mm&r=g","caption":"Ildik\u00f3 St\u00e9hlin\u00e9 Szil\u00e1gyi"}}]},"og_video":"https:\/\/www.youtube.com\/embed\/d_qMTXUr6bs","og_video_type":"text\/html","og_video_duration":"505","og_video_width":"480","og_video_height":"270","ya_ovs_adult":"false","ya_ovs_upload_date":"2020-12-21T18:12:44+00:00","ya_ovs_allow_embed":"true"},"_wl_alt_label":[],"wl:entity_url":"http:\/\/open.salzburgerland.com\/hu\/post\/csendes_ej","_links":{"self":[{"href":"https:\/\/www.salzburgerland.com\/hu\/wp-json\/wp\/v2\/posts\/11301","targetHints":{"allow":["GET"]}}],"collection":[{"href":"https:\/\/www.salzburgerland.com\/hu\/wp-json\/wp\/v2\/posts"}],"about":[{"href":"https:\/\/www.salzburgerland.com\/hu\/wp-json\/wp\/v2\/types\/post"}],"author":[{"embeddable":true,"href":"https:\/\/www.salzburgerland.com\/hu\/wp-json\/wp\/v2\/users\/17"}],"replies":[{"embeddable":true,"href":"https:\/\/www.salzburgerland.com\/hu\/wp-json\/wp\/v2\/comments?post=11301"}],"version-history":[{"count":5,"href":"https:\/\/www.salzburgerland.com\/hu\/wp-json\/wp\/v2\/posts\/11301\/revisions"}],"predecessor-version":[{"id":18009,"href":"https:\/\/www.salzburgerland.com\/hu\/wp-json\/wp\/v2\/posts\/11301\/revisions\/18009"}],"wp:featuredmedia":[{"embeddable":true,"href":"https:\/\/www.salzburgerland.com\/hu\/wp-json\/wp\/v2\/media\/11302"}],"wp:attachment":[{"href":"https:\/\/www.salzburgerland.com\/hu\/wp-json\/wp\/v2\/media?parent=11301"}],"wp:term":[{"taxonomy":"category","embeddable":true,"href":"https:\/\/www.salzburgerland.com\/hu\/wp-json\/wp\/v2\/categories?post=11301"},{"taxonomy":"post_tag","embeddable":true,"href":"https:\/\/www.salzburgerland.com\/hu\/wp-json\/wp\/v2\/tags?post=11301"},{"taxonomy":"wl_entity_type","embeddable":true,"href":"https:\/\/www.salzburgerland.com\/hu\/wp-json\/wp\/v2\/wl_entity_type?post=11301"}],"curies":[{"name":"wp","href":"https:\/\/api.w.org\/{rel}","templated":true}]}}