{"id":11013,"date":"2020-10-22T15:20:13","date_gmt":"2020-10-22T13:20:13","guid":{"rendered":"https:\/\/www.salzburgerland.com\/hu\/?p=11013"},"modified":"2020-12-22T19:17:21","modified_gmt":"2020-12-22T18:17:21","slug":"reszeges-szuzek","status":"publish","type":"post","link":"https:\/\/www.salzburgerland.com\/hu\/reszeges-szuzek\/","title":{"rendered":"R\u00e9szeges sz\u00fczek"},"content":{"rendered":"<h2>Hozz\u00e1val\u00f3k:<\/h2>\n<p>300 g liszt<br>\n300 g cukor<br>\n6 toj\u00e1s<br>\n5-6 ek meleg v\u00edz<br>\n1 csomag s\u00fct\u0151por<br>\n1 csomag van\u00edli\u00e1s cukor<br>\n\u00bd l must<br>\n100 g krist\u00e1lycukor<br>\n500 g gh\u00ed vagy n\u00f6v\u00e9nyi olaj a s\u00fct\u00e9shez<\/p>\n<h2>Elk\u00e9sz\u00edt\u00e9s<\/h2>\n<p>A toj\u00e1sokat habosra verj\u00fck a krist\u00e1lycukorral, majd gyors kever\u00e9s mellett v\u00e1ltakozva hozz\u00e1 adjuk a lisztet, vizet \u00e9s van\u00edli\u00e1s cukrot. V\u00e9g\u00fcl a s\u00fct\u0151port is a t\u00e9szt\u00e1hoz keverj\u00fck. Egy ev\u0151kan\u00e1l seg\u00edts\u00e9g\u00e9vel galusk\u00e1t form\u00e1zunk a t\u00e9szt\u00e1b\u00f3l, amit forr\u00f3 olajban aranybarn\u00e1ra s\u00fct\u00fcnk.<\/p>\n<p>A kis\u00fclt goly\u00f3kat egy t\u00e1lba tessz\u00fck \u00e9s meglocsoljuk forr\u00f3 musttal. T\u00e1lal\u00e1s el\u0151tt a desszertet krist\u00e1lycukorba forgatjuk. Friss bogy\u00f3s gy\u00fcm\u00f6lcs\u00f6kkel vagy \u00e1fonyakomp\u00f3ttal is t\u00e1lalhatjuk.<\/p>\n<h2>J\u00f3 \u00e9tv\u00e1gyat!<\/h2>\n","protected":false},"excerpt":{"rendered":"<p>Hozz\u00e1val\u00f3k: 300 g liszt 300 g cukor 6 toj\u00e1s 5-6 ek meleg v\u00edz 1 csomag s\u00fct\u0151por 1 csomag van\u00edli\u00e1s cukor \u00bd l must 100 g krist\u00e1lycukor 500 g gh\u00ed vagy n\u00f6v\u00e9nyi olaj a s\u00fct\u00e9shez Elk\u00e9sz\u00edt\u00e9s A toj\u00e1sokat habosra verj\u00fck a krist\u00e1lycukorral, majd gyors kever\u00e9s mellett v\u00e1ltakozva hozz\u00e1 adjuk a lisztet, vizet \u00e9s van\u00edli\u00e1s cukrot. V\u00e9g\u00fcl [&hellip;]<\/p>\n","protected":false},"author":17,"featured_media":11014,"comment_status":"closed","ping_status":"closed","sticky":false,"template":"","format":"standard","meta":{"_acf_changed":false,"wl_entities_gutenberg":"","_relevanssi_hide_post":"","_relevanssi_hide_content":"","_relevanssi_pin_for_all":"","_relevanssi_pin_keywords":"","_relevanssi_unpin_keywords":"","_relevanssi_related_keywords":"","_relevanssi_related_include_ids":"","_relevanssi_related_exclude_ids":"","_relevanssi_related_no_append":"","_relevanssi_related_not_related":"","_relevanssi_related_posts":"","_relevanssi_noindex_reason":"","footnotes":""},"categories":[1],"tags":[66,105,104,54],"wl_entity_type":[26],"class_list":["post-11013","post","type-post","status-publish","format-standard","has-post-thumbnail","hentry","category-uncategorized","tag-desszert","tag-fank","tag-must","tag-recept","wl_entity_type-recipe"],"acf":[],"yoast_head":"<!-- This site is optimized with the Yoast SEO Premium plugin v27.4 (Yoast SEO v27.4) - https:\/\/yoast.com\/product\/yoast-seo-premium-wordpress\/ -->\n<title>R\u00e9szeges sz\u00fczek \u00bb SalzburgerLand.com<\/title>\n<meta name=\"robots\" content=\"index, follow, max-snippet:-1, max-image-preview:large, max-video-preview:-1\" \/>\n<link rel=\"canonical\" href=\"https:\/\/www.salzburgerland.com\/hu\/reszeges-szuzek\/\" \/>\n<meta property=\"og:locale\" content=\"hu_HU\" \/>\n<meta property=\"og:type\" content=\"article\" \/>\n<meta property=\"og:title\" content=\"R\u00e9szeges sz\u00fczek\" \/>\n<meta property=\"og:description\" content=\"Hozz\u00e1val\u00f3k: 300 g liszt 300 g cukor 6 toj\u00e1s 5-6 ek meleg v\u00edz 1 csomag s\u00fct\u0151por 1 csomag van\u00edli\u00e1s cukor \u00bd l must 100 g krist\u00e1lycukor 500 g gh\u00ed vagy n\u00f6v\u00e9nyi\" \/>\n<meta property=\"og:url\" content=\"https:\/\/www.salzburgerland.com\/hu\/reszeges-szuzek\/\" \/>\n<meta property=\"og:site_name\" content=\"SalzburgerLand.com\" \/>\n<meta property=\"article:publisher\" content=\"https:\/\/www.facebook.com\/visitsalzburgerland\/\" \/>\n<meta property=\"article:published_time\" content=\"2020-10-22T13:20:13+00:00\" \/>\n<meta property=\"article:modified_time\" content=\"2020-12-22T18:17:21+00:00\" \/>\n<meta property=\"og:image\" content=\"https:\/\/www.salzburgerland.com\/hu\/wp-content\/uploads\/2020\/10\/bhsb_007-1200x675.jpg\" \/>\n\t<meta property=\"og:image:width\" content=\"1200\" \/>\n\t<meta property=\"og:image:height\" content=\"675\" \/>\n\t<meta property=\"og:image:type\" content=\"image\/jpeg\" \/>\n<meta name=\"author\" content=\"Ildik\u00f3 St\u00e9hlin\u00e9 Szil\u00e1gyi\" \/>\n<meta name=\"twitter:card\" content=\"summary_large_image\" \/>\n<meta name=\"twitter:creator\" content=\"@salzburgerland\" \/>\n<meta name=\"twitter:site\" content=\"@salzburgerland\" \/>\n<meta name=\"twitter:label1\" content=\"Szerz\u0151:\" \/>\n\t<meta name=\"twitter:data1\" content=\"Ildik\u00f3 St\u00e9hlin\u00e9 Szil\u00e1gyi\" \/>\n\t<meta name=\"twitter:label2\" content=\"Becs\u00fclt olvas\u00e1si id\u0151\" \/>\n\t<meta name=\"twitter:data2\" content=\"1 perc\" \/>\n<script type=\"application\/ld+json\" class=\"yoast-schema-graph\">{\"@context\":\"https:\\\/\\\/schema.org\",\"@graph\":[{\"@type\":\"Article\",\"@id\":\"https:\\\/\\\/www.salzburgerland.com\\\/hu\\\/reszeges-szuzek\\\/#article\",\"isPartOf\":{\"@id\":\"https:\\\/\\\/www.salzburgerland.com\\\/hu\\\/reszeges-szuzek\\\/\"},\"author\":{\"name\":\"Ildik\u00f3 St\u00e9hlin\u00e9 Szil\u00e1gyi\",\"@id\":\"https:\\\/\\\/www.salzburgerland.com\\\/hu\\\/#\\\/schema\\\/person\\\/8645fd8d9954794f91d6569036b95668\"},\"headline\":\"R\u00e9szeges sz\u00fczek\",\"datePublished\":\"2020-10-22T13:20:13+00:00\",\"dateModified\":\"2020-12-22T18:17:21+00:00\",\"mainEntityOfPage\":{\"@id\":\"https:\\\/\\\/www.salzburgerland.com\\\/hu\\\/reszeges-szuzek\\\/\"},\"wordCount\":152,\"image\":{\"@id\":\"https:\\\/\\\/www.salzburgerland.com\\\/hu\\\/reszeges-szuzek\\\/#primaryimage\"},\"thumbnailUrl\":\"https:\\\/\\\/www.salzburgerland.com\\\/hu\\\/wp-content\\\/uploads\\\/2020\\\/10\\\/bhsb_007-scaled.jpg\",\"keywords\":[\"desszert\",\"F\u00e1nk\",\"Must\",\"Recept\"],\"articleSection\":[\"Uncategorized\"],\"inLanguage\":\"hu\"},{\"@type\":\"WebPage\",\"@id\":\"https:\\\/\\\/www.salzburgerland.com\\\/hu\\\/reszeges-szuzek\\\/\",\"url\":\"https:\\\/\\\/www.salzburgerland.com\\\/hu\\\/reszeges-szuzek\\\/\",\"name\":\"R\u00e9szeges sz\u00fczek \u00bb SalzburgerLand.com\",\"isPartOf\":{\"@id\":\"https:\\\/\\\/www.salzburgerland.com\\\/hu\\\/#website\"},\"primaryImageOfPage\":{\"@id\":\"https:\\\/\\\/www.salzburgerland.com\\\/hu\\\/reszeges-szuzek\\\/#primaryimage\"},\"image\":{\"@id\":\"https:\\\/\\\/www.salzburgerland.com\\\/hu\\\/reszeges-szuzek\\\/#primaryimage\"},\"thumbnailUrl\":\"https:\\\/\\\/www.salzburgerland.com\\\/hu\\\/wp-content\\\/uploads\\\/2020\\\/10\\\/bhsb_007-scaled.jpg\",\"datePublished\":\"2020-10-22T13:20:13+00:00\",\"dateModified\":\"2020-12-22T18:17:21+00:00\",\"author\":{\"@id\":\"https:\\\/\\\/www.salzburgerland.com\\\/hu\\\/#\\\/schema\\\/person\\\/8645fd8d9954794f91d6569036b95668\"},\"description\":\"A \u201er\u00e9szeg sz\u00fczek\u201d saj\u00e1tos elnevez\u00e9se annak a mustnak k\u00f6sz\u00f6nhet\u0151, amellyel az \u00e9des finoms\u00e1gokat nyakon \u00f6ntik. Az alkoholos musttal forr\u00f3n t\u00e1lalt desszertet ugyanis felmeleg\u00edti a sz\u00edveket.\",\"breadcrumb\":{\"@id\":\"https:\\\/\\\/www.salzburgerland.com\\\/hu\\\/reszeges-szuzek\\\/#breadcrumb\"},\"inLanguage\":\"hu\",\"potentialAction\":[{\"@type\":\"ReadAction\",\"target\":[\"https:\\\/\\\/www.salzburgerland.com\\\/hu\\\/reszeges-szuzek\\\/\"]}]},{\"@type\":\"ImageObject\",\"inLanguage\":\"hu\",\"@id\":\"https:\\\/\\\/www.salzburgerland.com\\\/hu\\\/reszeges-szuzek\\\/#primaryimage\",\"url\":\"https:\\\/\\\/www.salzburgerland.com\\\/hu\\\/wp-content\\\/uploads\\\/2020\\\/10\\\/bhsb_007-scaled.jpg\",\"contentUrl\":\"https:\\\/\\\/www.salzburgerland.com\\\/hu\\\/wp-content\\\/uploads\\\/2020\\\/10\\\/bhsb_007-scaled.jpg\",\"width\":1920,\"height\":1280,\"caption\":\"R\u00e9szeges sz\u00fczek - mustos finoms\u00e1g Salzburgb\u00f3l \u00a9 SalzburgerLand Tourismus, Fotostudio Attersee\"},{\"@type\":\"BreadcrumbList\",\"@id\":\"https:\\\/\\\/www.salzburgerland.com\\\/hu\\\/reszeges-szuzek\\\/#breadcrumb\",\"itemListElement\":[{\"@type\":\"ListItem\",\"position\":1,\"name\":\"Salzburg tartom\u00e1ny \u00edzei\",\"item\":\"https:\\\/\\\/www.salzburgerland.com\\\/hu\\\/salzburg-tartomany-izei\\\/\"},{\"@type\":\"ListItem\",\"position\":2,\"name\":\"R\u00e9szeges sz\u00fczek\"}]},{\"@type\":\"WebSite\",\"@id\":\"https:\\\/\\\/www.salzburgerland.com\\\/hu\\\/#website\",\"url\":\"https:\\\/\\\/www.salzburgerland.com\\\/hu\\\/\",\"name\":\"SalzburgerLand.com\",\"description\":\"\u00dcd\u00fcl\u00e9s Ausztri\u00e1ban, Salzburg tartom\u00e1nyban\",\"potentialAction\":[{\"@type\":\"SearchAction\",\"target\":{\"@type\":\"EntryPoint\",\"urlTemplate\":\"https:\\\/\\\/www.salzburgerland.com\\\/hu\\\/?s={search_term_string}\"},\"query-input\":{\"@type\":\"PropertyValueSpecification\",\"valueRequired\":true,\"valueName\":\"search_term_string\"}}],\"inLanguage\":\"hu\"},{\"@type\":\"Person\",\"@id\":\"https:\\\/\\\/www.salzburgerland.com\\\/hu\\\/#\\\/schema\\\/person\\\/8645fd8d9954794f91d6569036b95668\",\"name\":\"Ildik\u00f3 St\u00e9hlin\u00e9 Szil\u00e1gyi\",\"image\":{\"@type\":\"ImageObject\",\"inLanguage\":\"hu\",\"@id\":\"https:\\\/\\\/secure.gravatar.com\\\/avatar\\\/230c8b0e5a4b59d72a641ab6dbced4081ebeb113f114e6fdf9e673e91351cdd4?s=96&d=mm&r=g\",\"url\":\"https:\\\/\\\/secure.gravatar.com\\\/avatar\\\/230c8b0e5a4b59d72a641ab6dbced4081ebeb113f114e6fdf9e673e91351cdd4?s=96&d=mm&r=g\",\"contentUrl\":\"https:\\\/\\\/secure.gravatar.com\\\/avatar\\\/230c8b0e5a4b59d72a641ab6dbced4081ebeb113f114e6fdf9e673e91351cdd4?s=96&d=mm&r=g\",\"caption\":\"Ildik\u00f3 St\u00e9hlin\u00e9 Szil\u00e1gyi\"}}]}<\/script>\n<!-- \/ Yoast SEO Premium plugin. -->","yoast_head_json":{"title":"R\u00e9szeges sz\u00fczek \u00bb SalzburgerLand.com","robots":{"index":"index","follow":"follow","max-snippet":"max-snippet:-1","max-image-preview":"max-image-preview:large","max-video-preview":"max-video-preview:-1"},"canonical":"https:\/\/www.salzburgerland.com\/hu\/reszeges-szuzek\/","og_locale":"hu_HU","og_type":"article","og_title":"R\u00e9szeges sz\u00fczek","og_description":"Hozz\u00e1val\u00f3k: 300 g liszt 300 g cukor 6 toj\u00e1s 5-6 ek meleg v\u00edz 1 csomag s\u00fct\u0151por 1 csomag van\u00edli\u00e1s cukor \u00bd l must 100 g krist\u00e1lycukor 500 g gh\u00ed vagy n\u00f6v\u00e9nyi","og_url":"https:\/\/www.salzburgerland.com\/hu\/reszeges-szuzek\/","og_site_name":"SalzburgerLand.com","article_publisher":"https:\/\/www.facebook.com\/visitsalzburgerland\/","article_published_time":"2020-10-22T13:20:13+00:00","article_modified_time":"2020-12-22T18:17:21+00:00","og_image":[{"width":1200,"height":675,"url":"https:\/\/www.salzburgerland.com\/hu\/wp-content\/uploads\/2020\/10\/bhsb_007-1200x675.jpg","type":"image\/jpeg"}],"author":"Ildik\u00f3 St\u00e9hlin\u00e9 Szil\u00e1gyi","twitter_card":"summary_large_image","twitter_creator":"@salzburgerland","twitter_site":"@salzburgerland","twitter_misc":{"Szerz\u0151:":"Ildik\u00f3 St\u00e9hlin\u00e9 Szil\u00e1gyi","Becs\u00fclt olvas\u00e1si id\u0151":"1 perc"},"schema":{"@context":"https:\/\/schema.org","@graph":[{"@type":"Article","@id":"https:\/\/www.salzburgerland.com\/hu\/reszeges-szuzek\/#article","isPartOf":{"@id":"https:\/\/www.salzburgerland.com\/hu\/reszeges-szuzek\/"},"author":{"name":"Ildik\u00f3 St\u00e9hlin\u00e9 Szil\u00e1gyi","@id":"https:\/\/www.salzburgerland.com\/hu\/#\/schema\/person\/8645fd8d9954794f91d6569036b95668"},"headline":"R\u00e9szeges sz\u00fczek","datePublished":"2020-10-22T13:20:13+00:00","dateModified":"2020-12-22T18:17:21+00:00","mainEntityOfPage":{"@id":"https:\/\/www.salzburgerland.com\/hu\/reszeges-szuzek\/"},"wordCount":152,"image":{"@id":"https:\/\/www.salzburgerland.com\/hu\/reszeges-szuzek\/#primaryimage"},"thumbnailUrl":"https:\/\/www.salzburgerland.com\/hu\/wp-content\/uploads\/2020\/10\/bhsb_007-scaled.jpg","keywords":["desszert","F\u00e1nk","Must","Recept"],"articleSection":["Uncategorized"],"inLanguage":"hu"},{"@type":"WebPage","@id":"https:\/\/www.salzburgerland.com\/hu\/reszeges-szuzek\/","url":"https:\/\/www.salzburgerland.com\/hu\/reszeges-szuzek\/","name":"R\u00e9szeges sz\u00fczek \u00bb SalzburgerLand.com","isPartOf":{"@id":"https:\/\/www.salzburgerland.com\/hu\/#website"},"primaryImageOfPage":{"@id":"https:\/\/www.salzburgerland.com\/hu\/reszeges-szuzek\/#primaryimage"},"image":{"@id":"https:\/\/www.salzburgerland.com\/hu\/reszeges-szuzek\/#primaryimage"},"thumbnailUrl":"https:\/\/www.salzburgerland.com\/hu\/wp-content\/uploads\/2020\/10\/bhsb_007-scaled.jpg","datePublished":"2020-10-22T13:20:13+00:00","dateModified":"2020-12-22T18:17:21+00:00","author":{"@id":"https:\/\/www.salzburgerland.com\/hu\/#\/schema\/person\/8645fd8d9954794f91d6569036b95668"},"description":"A \u201er\u00e9szeg sz\u00fczek\u201d saj\u00e1tos elnevez\u00e9se annak a mustnak k\u00f6sz\u00f6nhet\u0151, amellyel az \u00e9des finoms\u00e1gokat nyakon \u00f6ntik. Az alkoholos musttal forr\u00f3n t\u00e1lalt desszertet ugyanis felmeleg\u00edti a sz\u00edveket.","breadcrumb":{"@id":"https:\/\/www.salzburgerland.com\/hu\/reszeges-szuzek\/#breadcrumb"},"inLanguage":"hu","potentialAction":[{"@type":"ReadAction","target":["https:\/\/www.salzburgerland.com\/hu\/reszeges-szuzek\/"]}]},{"@type":"ImageObject","inLanguage":"hu","@id":"https:\/\/www.salzburgerland.com\/hu\/reszeges-szuzek\/#primaryimage","url":"https:\/\/www.salzburgerland.com\/hu\/wp-content\/uploads\/2020\/10\/bhsb_007-scaled.jpg","contentUrl":"https:\/\/www.salzburgerland.com\/hu\/wp-content\/uploads\/2020\/10\/bhsb_007-scaled.jpg","width":1920,"height":1280,"caption":"R\u00e9szeges sz\u00fczek - mustos finoms\u00e1g Salzburgb\u00f3l \u00a9 SalzburgerLand Tourismus, Fotostudio Attersee"},{"@type":"BreadcrumbList","@id":"https:\/\/www.salzburgerland.com\/hu\/reszeges-szuzek\/#breadcrumb","itemListElement":[{"@type":"ListItem","position":1,"name":"Salzburg tartom\u00e1ny \u00edzei","item":"https:\/\/www.salzburgerland.com\/hu\/salzburg-tartomany-izei\/"},{"@type":"ListItem","position":2,"name":"R\u00e9szeges sz\u00fczek"}]},{"@type":"WebSite","@id":"https:\/\/www.salzburgerland.com\/hu\/#website","url":"https:\/\/www.salzburgerland.com\/hu\/","name":"SalzburgerLand.com","description":"\u00dcd\u00fcl\u00e9s Ausztri\u00e1ban, Salzburg tartom\u00e1nyban","potentialAction":[{"@type":"SearchAction","target":{"@type":"EntryPoint","urlTemplate":"https:\/\/www.salzburgerland.com\/hu\/?s={search_term_string}"},"query-input":{"@type":"PropertyValueSpecification","valueRequired":true,"valueName":"search_term_string"}}],"inLanguage":"hu"},{"@type":"Person","@id":"https:\/\/www.salzburgerland.com\/hu\/#\/schema\/person\/8645fd8d9954794f91d6569036b95668","name":"Ildik\u00f3 St\u00e9hlin\u00e9 Szil\u00e1gyi","image":{"@type":"ImageObject","inLanguage":"hu","@id":"https:\/\/secure.gravatar.com\/avatar\/230c8b0e5a4b59d72a641ab6dbced4081ebeb113f114e6fdf9e673e91351cdd4?s=96&d=mm&r=g","url":"https:\/\/secure.gravatar.com\/avatar\/230c8b0e5a4b59d72a641ab6dbced4081ebeb113f114e6fdf9e673e91351cdd4?s=96&d=mm&r=g","contentUrl":"https:\/\/secure.gravatar.com\/avatar\/230c8b0e5a4b59d72a641ab6dbced4081ebeb113f114e6fdf9e673e91351cdd4?s=96&d=mm&r=g","caption":"Ildik\u00f3 St\u00e9hlin\u00e9 Szil\u00e1gyi"}}]}},"_wl_alt_label":[],"wl:entity_url":"http:\/\/open.salzburgerland.com\/hu\/post\/reszeges_szuzek","_links":{"self":[{"href":"https:\/\/www.salzburgerland.com\/hu\/wp-json\/wp\/v2\/posts\/11013","targetHints":{"allow":["GET"]}}],"collection":[{"href":"https:\/\/www.salzburgerland.com\/hu\/wp-json\/wp\/v2\/posts"}],"about":[{"href":"https:\/\/www.salzburgerland.com\/hu\/wp-json\/wp\/v2\/types\/post"}],"author":[{"embeddable":true,"href":"https:\/\/www.salzburgerland.com\/hu\/wp-json\/wp\/v2\/users\/17"}],"replies":[{"embeddable":true,"href":"https:\/\/www.salzburgerland.com\/hu\/wp-json\/wp\/v2\/comments?post=11013"}],"version-history":[{"count":4,"href":"https:\/\/www.salzburgerland.com\/hu\/wp-json\/wp\/v2\/posts\/11013\/revisions"}],"predecessor-version":[{"id":11366,"href":"https:\/\/www.salzburgerland.com\/hu\/wp-json\/wp\/v2\/posts\/11013\/revisions\/11366"}],"wp:featuredmedia":[{"embeddable":true,"href":"https:\/\/www.salzburgerland.com\/hu\/wp-json\/wp\/v2\/media\/11014"}],"wp:attachment":[{"href":"https:\/\/www.salzburgerland.com\/hu\/wp-json\/wp\/v2\/media?parent=11013"}],"wp:term":[{"taxonomy":"category","embeddable":true,"href":"https:\/\/www.salzburgerland.com\/hu\/wp-json\/wp\/v2\/categories?post=11013"},{"taxonomy":"post_tag","embeddable":true,"href":"https:\/\/www.salzburgerland.com\/hu\/wp-json\/wp\/v2\/tags?post=11013"},{"taxonomy":"wl_entity_type","embeddable":true,"href":"https:\/\/www.salzburgerland.com\/hu\/wp-json\/wp\/v2\/wl_entity_type?post=11013"}],"curies":[{"name":"wp","href":"https:\/\/api.w.org\/{rel}","templated":true}]}}