{"id":10755,"date":"2020-09-03T17:07:37","date_gmt":"2020-09-03T15:07:37","guid":{"rendered":"https:\/\/www.salzburgerland.com\/hu\/?p=10755"},"modified":"2024-07-28T16:34:35","modified_gmt":"2024-07-28T14:34:35","slug":"segedkezes-a-falusi-gazdasagban","status":"publish","type":"post","link":"https:\/\/www.salzburgerland.com\/hu\/segedkezes-a-falusi-gazdasagban\/","title":{"rendered":"Seg\u00e9dkez\u00e9s a h\u00e1z k\u00f6r\u00fcl a falusi gazdas\u00e1gban"},"content":{"rendered":"<p><strong>Lecser\u00e9lni a nyug\u00e1gyat egy vasvill\u00e1ra a szabads\u00e1g alatt? <\/strong>Annak, aki szeret akt\u00edvan kikapcsol\u00f3dni, az ilyesf\u00e9le munka nem lesz ellen\u00e9re \u00e9s r\u00e1j\u00f6n, hogy a k\u00f6zhelyek m\u00f6g\u00f6tt kimer\u00edt\u0151 h\u00e9tk\u00f6znapok rejlenek, egyed\u00fcl\u00e1ll\u00f3 \u00e9lm\u00e9nyekkel \u00e9s \u00faj tapasztalatokkal egy alpesi falusi gazdas\u00e1gn\u00e1l t\u00f6lt\u00f6tt \u00fcd\u00fcl\u00e9s sor\u00e1n.<\/p>\n<h2><strong>Sok a tennival\u00f3<\/strong><\/h2>\n<p><strong>Tehenet fejni<\/strong>, f\u00f6ldet m\u0171velni, gy\u00fcm\u00f6lcs\u00f6t \u00e9s gabon\u00e1t betakar\u00edtani, <strong>ny\u00e1jat ell\u00e1tni<\/strong>, term\u00e9keket feldolgozni \u00e9s \u00e9rt\u00e9kes\u00edteni. Mindennapos munk\u00e1k, melyek mindenki sz\u00e1m\u00e1ra esz\u00e9be jutnak, ha egy gazdas\u00e1gra gondol. B\u00e1r \u00e9vsz\u00e1zadok \u00f3ta v\u00e9gzik mindezt a gazd\u00e1k \u00e9s gazdaasszonyok, a f\u00f6ldm\u0171vesek \u00e9letm\u00f3dja az elm\u00falt \u00e9vtizedekben nagyban megv\u00e1ltozott. A gazd\u00e1lkod\u00e1st ma m\u00e1r m\u00e1sod\u00e1ll\u00e1sban v\u00e9gzik, a gazd\u00e1k ugyanis f\u0151\u00e1ll\u00e1sban menedzserek is, hiszen manaps\u00e1g m\u00e1r sz\u00e1mtalan eur\u00f3pai uni\u00f3s \u00e9s helyi el\u0151\u00edr\u00e1st figyelemmel kell, hogy k\u00eds\u00e9rjenek, illetve a kiv\u00e1l\u00f3 min\u0151s\u00e9gr\u0151l is kell, hogy gondoskodjanak. Salzburg tartom\u00e1nyban <strong>a <a href=\"https:\/\/www.salzburgerland.com\/hu\/vakacio-egy-falusi-gazdasagnal\/\">falusi gazdas\u00e1g<\/a> k\u00f6r\u00fcl mindig sok a tennival\u00f3, ez\u00e9rt a vend\u00e9gek aktivit\u00e1sa igazi seg\u00edts\u00e9g.<\/strong><\/p>\n<div id=\"attachment_10758\" style=\"width: 1180px\" class=\"wp-caption alignnone\"><img decoding=\"async\" aria-describedby=\"caption-attachment-10758\" class=\"wp-image-10758 size-1170_658\" src=\"https:\/\/cdn.salzburgerland.com\/hu\/wp-content\/uploads\/2020\/09\/rs3249_2019-09-16-almsommer-2019-photo-by-michael-groessinger-_a2a1071-bearbeitet-1170x658.jpg\" alt=\"Stall am F\u00fcrstenhof - Ist\u00e1ll\u00f3 F\u00fcrstenhofban\" width=\"1170\" height=\"658\" srcset=\"https:\/\/www.salzburgerland.com\/hu\/wp-content\/uploads\/2020\/09\/rs3249_2019-09-16-almsommer-2019-photo-by-michael-groessinger-_a2a1071-bearbeitet-1170x658.jpg 1170w, https:\/\/www.salzburgerland.com\/hu\/wp-content\/uploads\/2020\/09\/rs3249_2019-09-16-almsommer-2019-photo-by-michael-groessinger-_a2a1071-bearbeitet-1200x675.jpg 1200w\" sizes=\"(max-width: 1170px) 100vw, 1170px\"><p id=\"caption-attachment-10758\" class=\"wp-caption-text\">Ist\u00e1ll\u00f3 F\u00fcrstenhofban \u00a9 SalzburgerLand Tourismus, Michael Groessinger,<\/p><\/div>\n<h2><strong>Testk\u00f6zelb\u0151l egy gazdas\u00e1gban<\/strong><\/h2>\n<p><strong>A gyerekek is j\u00e1t\u00e9kosan megtanulhatj\u00e1k<\/strong> az ist\u00e1ll\u00f3ban t\u00f6lt\u00f6tt nap sor\u00e1n, hogy zajlik a tehenek \u00e9s lovak gondoz\u00e1sa. A konyh\u00e1ban pedig megismerhetj\u00fck, mennyi munka van egy frissen s\u00fclt cip\u00f3 m\u00f6g\u00f6tt. Arat\u00e1skor minden \u00f6nk\u00e9ntest sz\u00edvesen l\u00e1tnak, a sz\u00e9na begy\u0171jt\u00e9se ut\u00e1n pedig k\u00f6z\u00f6s eszem-iszom kezd\u0151dik. M\u00e9g ha az eddig ismeretlen munk\u00e1t\u00f3l h\u00f3lyagos is lesz a tenyer\u00fcnk, az el\u00e9gedetts\u00e9gt\u0151l nyugodt \u00e9s pihentet\u0151 alv\u00e1s garant\u00e1lt.<\/p>\n","protected":false},"excerpt":{"rendered":"<p>Lecser\u00e9lni a nyug\u00e1gyat egy vasvill\u00e1ra a szabads\u00e1g alatt? Annak, aki szeret akt\u00edvan kikapcsol\u00f3dni, az ilyesf\u00e9le munka nem lesz ellen\u00e9re \u00e9s r\u00e1j\u00f6n, hogy a k\u00f6zhelyek m\u00f6g\u00f6tt kimer\u00edt\u0151 h\u00e9tk\u00f6znapok rejlenek, egyed\u00fcl\u00e1ll\u00f3 \u00e9lm\u00e9nyekkel \u00e9s \u00faj tapasztalatokkal egy alpesi falusi gazdas\u00e1gn\u00e1l t\u00f6lt\u00f6tt \u00fcd\u00fcl\u00e9s sor\u00e1n. Sok a tennival\u00f3 Tehenet fejni, f\u00f6ldet m\u0171velni, gy\u00fcm\u00f6lcs\u00f6t \u00e9s gabon\u00e1t betakar\u00edtani, ny\u00e1jat ell\u00e1tni, term\u00e9keket feldolgozni [&hellip;]<\/p>\n","protected":false},"author":17,"featured_media":10757,"comment_status":"closed","ping_status":"closed","sticky":false,"template":"","format":"standard","meta":{"_acf_changed":false,"wl_entities_gutenberg":"","_relevanssi_hide_post":"","_relevanssi_hide_content":"","_relevanssi_pin_for_all":"","_relevanssi_pin_keywords":"","_relevanssi_unpin_keywords":"","_relevanssi_related_keywords":"","_relevanssi_related_include_ids":"","_relevanssi_related_exclude_ids":"","_relevanssi_related_no_append":"","_relevanssi_related_not_related":"","_relevanssi_related_posts":"","_relevanssi_noindex_reason":"","footnotes":""},"categories":[1],"tags":[70,68,69,67],"wl_entity_type":[27],"class_list":["post-10755","post","type-post","status-publish","format-standard","has-post-thumbnail","hentry","category-uncategorized","tag-kenyersutes","tag-logondozas","tag-tehenfejes","tag-udules-falusi-gazdasagnal","wl_entity_type-article"],"acf":[],"yoast_head":"<!-- This site is optimized with the Yoast SEO Premium plugin v27.4 (Yoast SEO v27.4) - https:\/\/yoast.com\/product\/yoast-seo-premium-wordpress\/ -->\n<title>Seg\u00e9dkez\u00e9s a h\u00e1z k\u00f6r\u00fcl a falusi gazdas\u00e1gban \u00bb SalzburgerLand.com<\/title>\n<meta name=\"robots\" content=\"index, follow, max-snippet:-1, max-image-preview:large, max-video-preview:-1\" \/>\n<link rel=\"canonical\" href=\"https:\/\/www.salzburgerland.com\/hu\/segedkezes-a-falusi-gazdasagban\/\" \/>\n<meta property=\"og:locale\" content=\"hu_HU\" \/>\n<meta property=\"og:type\" content=\"article\" \/>\n<meta property=\"og:title\" content=\"Seg\u00e9dkez\u00e9s a h\u00e1z k\u00f6r\u00fcl a falusi gazdas\u00e1gban\" \/>\n<meta property=\"og:description\" content=\"Lecser\u00e9lni a nyug\u00e1gyat egy vasvill\u00e1ra a szabads\u00e1g alatt? Annak, aki szeret akt\u00edvan kikapcsol\u00f3dni, az ilyesf\u00e9le munka nem lesz ellen\u00e9re \u00e9s r\u00e1j\u00f6n, hogy a\" \/>\n<meta property=\"og:url\" content=\"https:\/\/www.salzburgerland.com\/hu\/segedkezes-a-falusi-gazdasagban\/\" \/>\n<meta property=\"og:site_name\" content=\"SalzburgerLand.com\" \/>\n<meta property=\"article:publisher\" content=\"https:\/\/www.facebook.com\/visitsalzburgerland\/\" \/>\n<meta property=\"article:published_time\" content=\"2020-09-03T15:07:37+00:00\" \/>\n<meta property=\"article:modified_time\" content=\"2024-07-28T14:34:35+00:00\" \/>\n<meta property=\"og:image\" content=\"https:\/\/www.salzburgerland.com\/hu\/wp-content\/uploads\/2020\/09\/rs1160_dsc_8880-1200x675.jpg\" \/>\n\t<meta property=\"og:image:width\" content=\"1200\" \/>\n\t<meta property=\"og:image:height\" content=\"675\" \/>\n\t<meta property=\"og:image:type\" content=\"image\/jpeg\" \/>\n<meta name=\"author\" content=\"Ildik\u00f3 St\u00e9hlin\u00e9 Szil\u00e1gyi\" \/>\n<meta name=\"twitter:card\" content=\"summary_large_image\" \/>\n<meta name=\"twitter:creator\" content=\"@salzburgerland\" \/>\n<meta name=\"twitter:site\" content=\"@salzburgerland\" \/>\n<meta name=\"twitter:label1\" content=\"Szerz\u0151:\" \/>\n\t<meta name=\"twitter:data1\" content=\"Ildik\u00f3 St\u00e9hlin\u00e9 Szil\u00e1gyi\" \/>\n\t<meta name=\"twitter:label2\" content=\"Becs\u00fclt olvas\u00e1si id\u0151\" \/>\n\t<meta name=\"twitter:data2\" content=\"3 perc\" \/>\n<script type=\"application\/ld+json\" class=\"yoast-schema-graph\">{\"@context\":\"https:\\\/\\\/schema.org\",\"@graph\":[{\"@type\":\"Article\",\"@id\":\"https:\\\/\\\/www.salzburgerland.com\\\/hu\\\/segedkezes-a-falusi-gazdasagban\\\/#article\",\"isPartOf\":{\"@id\":\"https:\\\/\\\/www.salzburgerland.com\\\/hu\\\/segedkezes-a-falusi-gazdasagban\\\/\"},\"author\":{\"name\":\"Ildik\u00f3 St\u00e9hlin\u00e9 Szil\u00e1gyi\",\"@id\":\"https:\\\/\\\/www.salzburgerland.com\\\/hu\\\/#\\\/schema\\\/person\\\/8645fd8d9954794f91d6569036b95668\"},\"headline\":\"Seg\u00e9dkez\u00e9s a h\u00e1z k\u00f6r\u00fcl a falusi gazdas\u00e1gban\",\"datePublished\":\"2020-09-03T15:07:37+00:00\",\"dateModified\":\"2024-07-28T14:34:35+00:00\",\"mainEntityOfPage\":{\"@id\":\"https:\\\/\\\/www.salzburgerland.com\\\/hu\\\/segedkezes-a-falusi-gazdasagban\\\/\"},\"wordCount\":347,\"image\":{\"@id\":\"https:\\\/\\\/www.salzburgerland.com\\\/hu\\\/segedkezes-a-falusi-gazdasagban\\\/#primaryimage\"},\"thumbnailUrl\":\"https:\\\/\\\/www.salzburgerland.com\\\/hu\\\/wp-content\\\/uploads\\\/2020\\\/09\\\/rs1160_dsc_8880-scaled.jpg\",\"keywords\":[\"keny\u00e9rs\u00fct\u00e9s\",\"l\u00f3gondoz\u00e1s\",\"teh\u00e9nfej\u00e9s\",\"\u00fcd\u00fcl\u00e9s falusi gazdas\u00e1gn\u00e1l\"],\"articleSection\":[\"Uncategorized\"],\"inLanguage\":\"hu\"},{\"@type\":\"WebPage\",\"@id\":\"https:\\\/\\\/www.salzburgerland.com\\\/hu\\\/segedkezes-a-falusi-gazdasagban\\\/\",\"url\":\"https:\\\/\\\/www.salzburgerland.com\\\/hu\\\/segedkezes-a-falusi-gazdasagban\\\/\",\"name\":\"Seg\u00e9dkez\u00e9s a h\u00e1z k\u00f6r\u00fcl a falusi gazdas\u00e1gban \u00bb SalzburgerLand.com\",\"isPartOf\":{\"@id\":\"https:\\\/\\\/www.salzburgerland.com\\\/hu\\\/#website\"},\"primaryImageOfPage\":{\"@id\":\"https:\\\/\\\/www.salzburgerland.com\\\/hu\\\/segedkezes-a-falusi-gazdasagban\\\/#primaryimage\"},\"image\":{\"@id\":\"https:\\\/\\\/www.salzburgerland.com\\\/hu\\\/segedkezes-a-falusi-gazdasagban\\\/#primaryimage\"},\"thumbnailUrl\":\"https:\\\/\\\/www.salzburgerland.com\\\/hu\\\/wp-content\\\/uploads\\\/2020\\\/09\\\/rs1160_dsc_8880-scaled.jpg\",\"datePublished\":\"2020-09-03T15:07:37+00:00\",\"dateModified\":\"2024-07-28T14:34:35+00:00\",\"author\":{\"@id\":\"https:\\\/\\\/www.salzburgerland.com\\\/hu\\\/#\\\/schema\\\/person\\\/8645fd8d9954794f91d6569036b95668\"},\"description\":\"A szorgos kezeket mindig \u00f6r\u00f6mmel l\u00e1tj\u00e1k a Salzburg tartom\u00e1nyi falusi gazdas\u00e1gn\u00e1l vagy hegyi legel\u0151n t\u00f6lt\u00f6tt \u00fcd\u00fcl\u00e9s alkalm\u00e1val.\",\"breadcrumb\":{\"@id\":\"https:\\\/\\\/www.salzburgerland.com\\\/hu\\\/segedkezes-a-falusi-gazdasagban\\\/#breadcrumb\"},\"inLanguage\":\"hu\",\"potentialAction\":[{\"@type\":\"ReadAction\",\"target\":[\"https:\\\/\\\/www.salzburgerland.com\\\/hu\\\/segedkezes-a-falusi-gazdasagban\\\/\"]}]},{\"@type\":\"ImageObject\",\"inLanguage\":\"hu\",\"@id\":\"https:\\\/\\\/www.salzburgerland.com\\\/hu\\\/segedkezes-a-falusi-gazdasagban\\\/#primaryimage\",\"url\":\"https:\\\/\\\/www.salzburgerland.com\\\/hu\\\/wp-content\\\/uploads\\\/2020\\\/09\\\/rs1160_dsc_8880-scaled.jpg\",\"contentUrl\":\"https:\\\/\\\/www.salzburgerland.com\\\/hu\\\/wp-content\\\/uploads\\\/2020\\\/09\\\/rs1160_dsc_8880-scaled.jpg\",\"width\":1920,\"height\":1281,\"caption\":\"Etet\u00e9s a teh\u00e9nist\u00e1ll\u00f3ban \u00a9 SalzburgerLand Tourismus, Achim Meurer\"},{\"@type\":\"BreadcrumbList\",\"@id\":\"https:\\\/\\\/www.salzburgerland.com\\\/hu\\\/segedkezes-a-falusi-gazdasagban\\\/#breadcrumb\",\"itemListElement\":[{\"@type\":\"ListItem\",\"position\":1,\"name\":\"Vend\u00e9gs\u00e9gben egy salzburgi gazdas\u00e1gn\u00e1l\",\"item\":\"https:\\\/\\\/www.salzburgerland.com\\\/hu\\\/agroturizmus-salzburg-tartomanyban\\\/\"},{\"@type\":\"ListItem\",\"position\":2,\"name\":\"Seg\u00e9dkez\u00e9s a h\u00e1z k\u00f6r\u00fcl a falusi gazdas\u00e1gban\"}]},{\"@type\":\"WebSite\",\"@id\":\"https:\\\/\\\/www.salzburgerland.com\\\/hu\\\/#website\",\"url\":\"https:\\\/\\\/www.salzburgerland.com\\\/hu\\\/\",\"name\":\"SalzburgerLand.com\",\"description\":\"\u00dcd\u00fcl\u00e9s Ausztri\u00e1ban, Salzburg tartom\u00e1nyban\",\"potentialAction\":[{\"@type\":\"SearchAction\",\"target\":{\"@type\":\"EntryPoint\",\"urlTemplate\":\"https:\\\/\\\/www.salzburgerland.com\\\/hu\\\/?s={search_term_string}\"},\"query-input\":{\"@type\":\"PropertyValueSpecification\",\"valueRequired\":true,\"valueName\":\"search_term_string\"}}],\"inLanguage\":\"hu\"},{\"@type\":\"Person\",\"@id\":\"https:\\\/\\\/www.salzburgerland.com\\\/hu\\\/#\\\/schema\\\/person\\\/8645fd8d9954794f91d6569036b95668\",\"name\":\"Ildik\u00f3 St\u00e9hlin\u00e9 Szil\u00e1gyi\",\"image\":{\"@type\":\"ImageObject\",\"inLanguage\":\"hu\",\"@id\":\"https:\\\/\\\/secure.gravatar.com\\\/avatar\\\/230c8b0e5a4b59d72a641ab6dbced4081ebeb113f114e6fdf9e673e91351cdd4?s=96&d=mm&r=g\",\"url\":\"https:\\\/\\\/secure.gravatar.com\\\/avatar\\\/230c8b0e5a4b59d72a641ab6dbced4081ebeb113f114e6fdf9e673e91351cdd4?s=96&d=mm&r=g\",\"contentUrl\":\"https:\\\/\\\/secure.gravatar.com\\\/avatar\\\/230c8b0e5a4b59d72a641ab6dbced4081ebeb113f114e6fdf9e673e91351cdd4?s=96&d=mm&r=g\",\"caption\":\"Ildik\u00f3 St\u00e9hlin\u00e9 Szil\u00e1gyi\"}}]}<\/script>\n<!-- \/ Yoast SEO Premium plugin. -->","yoast_head_json":{"title":"Seg\u00e9dkez\u00e9s a h\u00e1z k\u00f6r\u00fcl a falusi gazdas\u00e1gban \u00bb SalzburgerLand.com","robots":{"index":"index","follow":"follow","max-snippet":"max-snippet:-1","max-image-preview":"max-image-preview:large","max-video-preview":"max-video-preview:-1"},"canonical":"https:\/\/www.salzburgerland.com\/hu\/segedkezes-a-falusi-gazdasagban\/","og_locale":"hu_HU","og_type":"article","og_title":"Seg\u00e9dkez\u00e9s a h\u00e1z k\u00f6r\u00fcl a falusi gazdas\u00e1gban","og_description":"Lecser\u00e9lni a nyug\u00e1gyat egy vasvill\u00e1ra a szabads\u00e1g alatt? Annak, aki szeret akt\u00edvan kikapcsol\u00f3dni, az ilyesf\u00e9le munka nem lesz ellen\u00e9re \u00e9s r\u00e1j\u00f6n, hogy a","og_url":"https:\/\/www.salzburgerland.com\/hu\/segedkezes-a-falusi-gazdasagban\/","og_site_name":"SalzburgerLand.com","article_publisher":"https:\/\/www.facebook.com\/visitsalzburgerland\/","article_published_time":"2020-09-03T15:07:37+00:00","article_modified_time":"2024-07-28T14:34:35+00:00","og_image":[{"width":1200,"height":675,"url":"https:\/\/www.salzburgerland.com\/hu\/wp-content\/uploads\/2020\/09\/rs1160_dsc_8880-1200x675.jpg","type":"image\/jpeg"}],"author":"Ildik\u00f3 St\u00e9hlin\u00e9 Szil\u00e1gyi","twitter_card":"summary_large_image","twitter_creator":"@salzburgerland","twitter_site":"@salzburgerland","twitter_misc":{"Szerz\u0151:":"Ildik\u00f3 St\u00e9hlin\u00e9 Szil\u00e1gyi","Becs\u00fclt olvas\u00e1si id\u0151":"3 perc"},"schema":{"@context":"https:\/\/schema.org","@graph":[{"@type":"Article","@id":"https:\/\/www.salzburgerland.com\/hu\/segedkezes-a-falusi-gazdasagban\/#article","isPartOf":{"@id":"https:\/\/www.salzburgerland.com\/hu\/segedkezes-a-falusi-gazdasagban\/"},"author":{"name":"Ildik\u00f3 St\u00e9hlin\u00e9 Szil\u00e1gyi","@id":"https:\/\/www.salzburgerland.com\/hu\/#\/schema\/person\/8645fd8d9954794f91d6569036b95668"},"headline":"Seg\u00e9dkez\u00e9s a h\u00e1z k\u00f6r\u00fcl a falusi gazdas\u00e1gban","datePublished":"2020-09-03T15:07:37+00:00","dateModified":"2024-07-28T14:34:35+00:00","mainEntityOfPage":{"@id":"https:\/\/www.salzburgerland.com\/hu\/segedkezes-a-falusi-gazdasagban\/"},"wordCount":347,"image":{"@id":"https:\/\/www.salzburgerland.com\/hu\/segedkezes-a-falusi-gazdasagban\/#primaryimage"},"thumbnailUrl":"https:\/\/www.salzburgerland.com\/hu\/wp-content\/uploads\/2020\/09\/rs1160_dsc_8880-scaled.jpg","keywords":["keny\u00e9rs\u00fct\u00e9s","l\u00f3gondoz\u00e1s","teh\u00e9nfej\u00e9s","\u00fcd\u00fcl\u00e9s falusi gazdas\u00e1gn\u00e1l"],"articleSection":["Uncategorized"],"inLanguage":"hu"},{"@type":"WebPage","@id":"https:\/\/www.salzburgerland.com\/hu\/segedkezes-a-falusi-gazdasagban\/","url":"https:\/\/www.salzburgerland.com\/hu\/segedkezes-a-falusi-gazdasagban\/","name":"Seg\u00e9dkez\u00e9s a h\u00e1z k\u00f6r\u00fcl a falusi gazdas\u00e1gban \u00bb SalzburgerLand.com","isPartOf":{"@id":"https:\/\/www.salzburgerland.com\/hu\/#website"},"primaryImageOfPage":{"@id":"https:\/\/www.salzburgerland.com\/hu\/segedkezes-a-falusi-gazdasagban\/#primaryimage"},"image":{"@id":"https:\/\/www.salzburgerland.com\/hu\/segedkezes-a-falusi-gazdasagban\/#primaryimage"},"thumbnailUrl":"https:\/\/www.salzburgerland.com\/hu\/wp-content\/uploads\/2020\/09\/rs1160_dsc_8880-scaled.jpg","datePublished":"2020-09-03T15:07:37+00:00","dateModified":"2024-07-28T14:34:35+00:00","author":{"@id":"https:\/\/www.salzburgerland.com\/hu\/#\/schema\/person\/8645fd8d9954794f91d6569036b95668"},"description":"A szorgos kezeket mindig \u00f6r\u00f6mmel l\u00e1tj\u00e1k a Salzburg tartom\u00e1nyi falusi gazdas\u00e1gn\u00e1l vagy hegyi legel\u0151n t\u00f6lt\u00f6tt \u00fcd\u00fcl\u00e9s alkalm\u00e1val.","breadcrumb":{"@id":"https:\/\/www.salzburgerland.com\/hu\/segedkezes-a-falusi-gazdasagban\/#breadcrumb"},"inLanguage":"hu","potentialAction":[{"@type":"ReadAction","target":["https:\/\/www.salzburgerland.com\/hu\/segedkezes-a-falusi-gazdasagban\/"]}]},{"@type":"ImageObject","inLanguage":"hu","@id":"https:\/\/www.salzburgerland.com\/hu\/segedkezes-a-falusi-gazdasagban\/#primaryimage","url":"https:\/\/www.salzburgerland.com\/hu\/wp-content\/uploads\/2020\/09\/rs1160_dsc_8880-scaled.jpg","contentUrl":"https:\/\/www.salzburgerland.com\/hu\/wp-content\/uploads\/2020\/09\/rs1160_dsc_8880-scaled.jpg","width":1920,"height":1281,"caption":"Etet\u00e9s a teh\u00e9nist\u00e1ll\u00f3ban \u00a9 SalzburgerLand Tourismus, Achim Meurer"},{"@type":"BreadcrumbList","@id":"https:\/\/www.salzburgerland.com\/hu\/segedkezes-a-falusi-gazdasagban\/#breadcrumb","itemListElement":[{"@type":"ListItem","position":1,"name":"Vend\u00e9gs\u00e9gben egy salzburgi gazdas\u00e1gn\u00e1l","item":"https:\/\/www.salzburgerland.com\/hu\/agroturizmus-salzburg-tartomanyban\/"},{"@type":"ListItem","position":2,"name":"Seg\u00e9dkez\u00e9s a h\u00e1z k\u00f6r\u00fcl a falusi gazdas\u00e1gban"}]},{"@type":"WebSite","@id":"https:\/\/www.salzburgerland.com\/hu\/#website","url":"https:\/\/www.salzburgerland.com\/hu\/","name":"SalzburgerLand.com","description":"\u00dcd\u00fcl\u00e9s Ausztri\u00e1ban, Salzburg tartom\u00e1nyban","potentialAction":[{"@type":"SearchAction","target":{"@type":"EntryPoint","urlTemplate":"https:\/\/www.salzburgerland.com\/hu\/?s={search_term_string}"},"query-input":{"@type":"PropertyValueSpecification","valueRequired":true,"valueName":"search_term_string"}}],"inLanguage":"hu"},{"@type":"Person","@id":"https:\/\/www.salzburgerland.com\/hu\/#\/schema\/person\/8645fd8d9954794f91d6569036b95668","name":"Ildik\u00f3 St\u00e9hlin\u00e9 Szil\u00e1gyi","image":{"@type":"ImageObject","inLanguage":"hu","@id":"https:\/\/secure.gravatar.com\/avatar\/230c8b0e5a4b59d72a641ab6dbced4081ebeb113f114e6fdf9e673e91351cdd4?s=96&d=mm&r=g","url":"https:\/\/secure.gravatar.com\/avatar\/230c8b0e5a4b59d72a641ab6dbced4081ebeb113f114e6fdf9e673e91351cdd4?s=96&d=mm&r=g","contentUrl":"https:\/\/secure.gravatar.com\/avatar\/230c8b0e5a4b59d72a641ab6dbced4081ebeb113f114e6fdf9e673e91351cdd4?s=96&d=mm&r=g","caption":"Ildik\u00f3 St\u00e9hlin\u00e9 Szil\u00e1gyi"}}]}},"_wl_alt_label":[],"wl:entity_url":"http:\/\/open.salzburgerland.com\/hu\/post\/segedkezes_a_falusi_gazdasagban","_links":{"self":[{"href":"https:\/\/www.salzburgerland.com\/hu\/wp-json\/wp\/v2\/posts\/10755","targetHints":{"allow":["GET"]}}],"collection":[{"href":"https:\/\/www.salzburgerland.com\/hu\/wp-json\/wp\/v2\/posts"}],"about":[{"href":"https:\/\/www.salzburgerland.com\/hu\/wp-json\/wp\/v2\/types\/post"}],"author":[{"embeddable":true,"href":"https:\/\/www.salzburgerland.com\/hu\/wp-json\/wp\/v2\/users\/17"}],"replies":[{"embeddable":true,"href":"https:\/\/www.salzburgerland.com\/hu\/wp-json\/wp\/v2\/comments?post=10755"}],"version-history":[{"count":6,"href":"https:\/\/www.salzburgerland.com\/hu\/wp-json\/wp\/v2\/posts\/10755\/revisions"}],"predecessor-version":[{"id":22111,"href":"https:\/\/www.salzburgerland.com\/hu\/wp-json\/wp\/v2\/posts\/10755\/revisions\/22111"}],"wp:featuredmedia":[{"embeddable":true,"href":"https:\/\/www.salzburgerland.com\/hu\/wp-json\/wp\/v2\/media\/10757"}],"wp:attachment":[{"href":"https:\/\/www.salzburgerland.com\/hu\/wp-json\/wp\/v2\/media?parent=10755"}],"wp:term":[{"taxonomy":"category","embeddable":true,"href":"https:\/\/www.salzburgerland.com\/hu\/wp-json\/wp\/v2\/categories?post=10755"},{"taxonomy":"post_tag","embeddable":true,"href":"https:\/\/www.salzburgerland.com\/hu\/wp-json\/wp\/v2\/tags?post=10755"},{"taxonomy":"wl_entity_type","embeddable":true,"href":"https:\/\/www.salzburgerland.com\/hu\/wp-json\/wp\/v2\/wl_entity_type?post=10755"}],"curies":[{"name":"wp","href":"https:\/\/api.w.org\/{rel}","templated":true}]}}