{"id":10671,"date":"2020-08-19T23:46:57","date_gmt":"2020-08-19T21:46:57","guid":{"rendered":"https:\/\/www.salzburgerland.com\/hu\/?p=10671"},"modified":"2023-11-08T18:01:19","modified_gmt":"2023-11-08T17:01:19","slug":"vakacio-egy-falusi-gazdasagnal","status":"publish","type":"post","link":"https:\/\/www.salzburgerland.com\/hu\/vakacio-egy-falusi-gazdasagnal\/","title":{"rendered":"Vak\u00e1ci\u00f3 falusi gazdas\u00e1gn\u00e1l"},"content":{"rendered":"<p>Egy <strong>falusi gazdas\u00e1gn\u00e1l t\u00f6lt\u00f6tt vak\u00e1ci\u00f3<\/strong> az eg\u00e9sz csal\u00e1d sz\u00e1m\u00e1ra igazi kikapcsol\u00f3d\u00e1st jelent. A gyerekek szeme csillog, ahogy a lovakat, nyulakat \u00e9s juhokat figyelik, a telev\u00edzi\u00f3 \u00e9s j\u00e1t\u00e9kkonzol gyorsan feled\u00e9sbe mer\u00fcl. Kinek kell a mobiltelefon \u00e9s a sz\u00e1m\u00edt\u00f3g\u00e9p, amikor itt friss sz\u00e9n\u00e1ban ugr\u00e1lhatunk vagy p\u00f3nikkal lovagolhatunk? Ez sokkal izgalmasabb! A gazdaasszony m\u00e1r kora reggel <strong>vajat k\u00f6p\u00fcl<\/strong> a frissen fejt tejb\u0151l. \u00d6r\u00f6mmel hagyja, hogy a vend\u00e9gek is kipr\u00f3b\u00e1lj\u00e1k, \u00e9s m\u00edg f\u00e9l szemmel a munk\u00e1t figyeli, sz\u00edvesen mes\u00e9l arr\u00f3l, hogyan indulnak j\u00faniusban ny\u00e1ri vak\u00e1ci\u00f3ra a tehenek a hegyi legel\u0151kre. J\u00f3 n\u00e9h\u00e1ny gazdas\u00e1g <strong>pihen\u00e9si lehet\u0151s\u00e9get k\u00edn\u00e1l fent a hegyi legel\u0151k\u00f6n<\/strong> is, ahol az \u00e9gbolt egy kicsivel k\u00f6zelebb van hozz\u00e1nk, az esti altat\u00f3t pedig a k\u00f6zelben csendesen k\u00e9r\u0151dz\u0151 tehenek adj\u00e1k.<\/p>\n<p>A falusi idill \u00e9s a fest\u0151i t\u00e1j sz\u00e9ps\u00e9ge mellett a gazdas\u00e1gban ny\u00fajtott seg\u00edts\u00e9g j\u00f3 betekint\u00e9st ny\u00fajt a mez\u0151gazdas\u00e1gi termel\u0151k \u00e9let\u00e9be. Gyorsan kider\u00fcl, hogy a mindennapi \u00e9let igen dolgos \u00e9s nem mindig olyan romantikus, mint ahogy azt t\u00e1volr\u00f3l k\u00e9pzelj\u00fck. A seg\u00edt\u0151 kezeket \u00f6r\u00f6mmel fogadj\u00e1k, \u00edgy gerebly\u00e9t ragadhatunk a sz\u00e9na forgat\u00e1s\u00e1hoz vagy beseg\u00edthet\u00fcnk a gazd\u00e1nak az ist\u00e1ll\u00f3ban.<\/p>\n<div id=\"attachment_4890\" style=\"width: 1180px\" class=\"wp-caption alignnone\"><img decoding=\"async\" aria-describedby=\"caption-attachment-4890\" class=\"size-1170_658 wp-image-4890\" src=\"https:\/\/cdn.salzburgerland.com\/hu\/wp-content\/uploads\/2016\/11\/rs1160_dsc_8880-1170x658.jpg\" alt=\"Etet\u00e9s a teh\u00e9nist\u00e1ll\u00f3ban\" width=\"1170\" height=\"658\"><p id=\"caption-attachment-4890\" class=\"wp-caption-text\">Etet\u00e9s a teh\u00e9nist\u00e1ll\u00f3ban \u00a9 SalzburgerLand Tourismus, Achim Meurer<\/p><\/div>\n<p>Aki t\u00e9len d\u00f6nt egy falusi gazdas\u00e1g mellett, azt <strong>melegen f\u0171t\u00f6tt helyis\u00e9g<\/strong> v\u00e1rja az eg\u00e9sz napos sz\u00e1nk\u00f3z\u00e1s, havas kir\u00e1ndul\u00e1s, s\u00edfut\u00e1s vagy s\u00edel\u00e9s ut\u00e1n. <strong>A t\u00e9li \u00e9lm\u00e9nyek a l\u00e1bunk el\u0151tt hevernek<\/strong>, hiszen a s\u00edp\u00e1ly\u00e1k \u00e9s kir\u00e1ndul\u00f3 \u00fatvonalak sokszor a gazdas\u00e1g kapuja el\u0151tt indulnak. A h\u00f3val bor\u00edtott alpesi r\u00e9tek l\u00e1tv\u00e1nya \u00e9bred\u00e9skor a legszebb, a h\u00e1l\u00f3szoba ablak\u00e1b\u00f3l.<\/p>\n<h2><strong>Eg\u00e9szs\u00e9ges pihen\u00e9s<\/strong><\/h2>\n<p>\u00c9rintetlen term\u00e9szetben pihenni, \u00e9s r\u00e9szt venni egy olyan napban, ahol a reggeli napsug\u00e1r \u00e9breszt, ahol a teend\u0151kr\u0151l az id\u0151j\u00e1r\u00e1s d\u00f6nt, hozz\u00e1seg\u00edt ahhoz, hogy a l\u00e9lek fell\u00e9legezhessen \u00e9s v\u00e9gre k\u00f6nnyeds\u00e9get \u00e9rezzen. A vid\u00e9ki pihen\u00e9s bizony\u00edtottan eg\u00e9szs\u00e9ges, hiszen itt a stressz \u00e9s kapkod\u00e1s elillan, a<strong> Salzburg tartom\u00e1nyi var\u00e1zslatos t\u00e1j<\/strong>nak \u00e9s vend\u00e9gszeretetnek k\u00f6sz\u00f6nhet\u0151en. A falusi gazdas\u00e1g <strong>konyh\u00e1ja<\/strong> cs\u00e1b\u00edt\u00f3an finom. A gazdaasszonyok igaz\u00e1n \u00e9rtik a dolgukat. Ki tudna ellen\u00e1llni, ha ropog\u00f3s keny\u00e9r, frissen k\u00f6p\u00fclt vaj, <strong>h\u00e1zilag f\u00fcst\u00f6lt sonka<\/strong> \u00e9s \u00e9rlelt sajt, savany\u00fa k\u00e1poszt\u00e1s vagy \u00e1fonyalekv\u00e1ros falusi f\u00e1nk ker\u00fcl az asztalra?<\/p>\n<h2><strong>Szervezett sz\u00f6vets\u00e9g<\/strong><\/h2>\n<p>1992-ben alakult meg Salzburg tartom\u00e1nyban a <strong>falusi gazdas\u00e1gok \u00fcd\u00fcl\u00e9si sz\u00f6vets\u00e9ge<\/strong>, eredeti nev\u00e9n <a href=\"https:\/\/www.farmholidays.com\/en\" target=\"_blank\" rel=\"noopener\"><strong>Landesverband \u201eUrlaub am Bauernhof\u201d<\/strong><\/a>. A szervezet a falusi gazdas\u00e1gok sz\u00e1ll\u00e1sad\u00f3it fogja \u00e1t. A gazdas\u00e1gokat rendszeresen min\u0151s\u00e9gbiztos\u00edt\u00e1si ellen\u0151rz\u00e9snek vetik al\u00e1. A hotelek csillagos besorol\u00e1s\u00e1val ellent\u00e9tben a szervezet vir\u00e1g szimb\u00f3lummal oszt\u00e1lyozza a kiad\u00f3 szob\u00e1kat \u00e9s nyaral\u00f3kat.<\/p>\n<p><iframe title=\"Sp\u00fcrbar n\u00e4her \u2013 Urlaub am Bauernhof im SalzburgerLand\" width=\"500\" height=\"281\" src=\"https:\/\/www.youtube-nocookie.com\/embed\/o3x2Q9-_qas?feature=oembed&amp;rel=0&amp;modestbranding=1\" frameborder=\"0\" allow=\"accelerometer; autoplay; clipboard-write; encrypted-media; gyroscope; picture-in-picture; web-share\" referrerpolicy=\"strict-origin-when-cross-origin\" allowfullscreen><\/iframe><\/p>\n<img decoding=\"async\" class=\"alignnone wp-image-10675\" src=\"https:\/\/cdn.salzburgerland.com\/hu\/wp-content\/uploads\/2020\/08\/foerderleiste-uab-klein-2-1170x500-1-1024x500.jpg\" alt=\"\" width=\"359\" height=\"175\">\n","protected":false},"excerpt":{"rendered":"<p>Egy falusi gazdas\u00e1gn\u00e1l t\u00f6lt\u00f6tt vak\u00e1ci\u00f3 az eg\u00e9sz csal\u00e1d sz\u00e1m\u00e1ra igazi kikapcsol\u00f3d\u00e1st jelent. A gyerekek szeme csillog, ahogy a lovakat, nyulakat \u00e9s juhokat figyelik, a telev\u00edzi\u00f3 \u00e9s j\u00e1t\u00e9kkonzol gyorsan feled\u00e9sbe mer\u00fcl. Kinek kell a mobiltelefon \u00e9s a sz\u00e1m\u00edt\u00f3g\u00e9p, amikor itt friss sz\u00e9n\u00e1ban ugr\u00e1lhatunk vagy p\u00f3nikkal lovagolhatunk? Ez sokkal izgalmasabb! A gazdaasszony m\u00e1r kora reggel vajat k\u00f6p\u00fcl [&hellip;]<\/p>\n","protected":false},"author":17,"featured_media":10672,"comment_status":"closed","ping_status":"closed","sticky":false,"template":"","format":"standard","meta":{"_acf_changed":false,"wl_entities_gutenberg":"","_relevanssi_hide_post":"","_relevanssi_hide_content":"","_relevanssi_pin_for_all":"","_relevanssi_pin_keywords":"","_relevanssi_unpin_keywords":"","_relevanssi_related_keywords":"","_relevanssi_related_include_ids":"","_relevanssi_related_exclude_ids":"","_relevanssi_related_no_append":"","_relevanssi_related_not_related":"","_relevanssi_related_posts":"","_relevanssi_noindex_reason":"","footnotes":""},"categories":[1],"tags":[52,74,56],"wl_entity_type":[27],"class_list":["post-10671","post","type-post","status-publish","format-standard","has-post-thumbnail","hentry","category-uncategorized","tag-falusi-gazdasag","tag-udules-falun","tag-vakacio","wl_entity_type-article"],"acf":[],"yoast_head":"<!-- This site is optimized with the Yoast SEO Premium plugin v27.4 (Yoast SEO v27.4) - https:\/\/yoast.com\/product\/yoast-seo-premium-wordpress\/ -->\n<title>Vak\u00e1ci\u00f3 falusi gazdas\u00e1gn\u00e1l \u00bb SalzburgerLand.com<\/title>\n<meta name=\"robots\" content=\"index, follow, max-snippet:-1, max-image-preview:large, max-video-preview:-1\" \/>\n<link rel=\"canonical\" href=\"https:\/\/www.salzburgerland.com\/hu\/vakacio-egy-falusi-gazdasagnal\/\" \/>\n<meta property=\"og:locale\" content=\"hu_HU\" \/>\n<meta property=\"og:type\" content=\"article\" \/>\n<meta property=\"og:title\" content=\"Vak\u00e1ci\u00f3 falusi gazdas\u00e1gn\u00e1l\" \/>\n<meta property=\"og:description\" content=\"Egy falusi gazdas\u00e1gn\u00e1l t\u00f6lt\u00f6tt vak\u00e1ci\u00f3 az eg\u00e9sz csal\u00e1d sz\u00e1m\u00e1ra igazi kikapcsol\u00f3d\u00e1st jelent. A gyerekek szeme csillog, ahogy a lovakat, nyulakat \u00e9s juhokat\" \/>\n<meta property=\"og:url\" content=\"https:\/\/www.salzburgerland.com\/hu\/vakacio-egy-falusi-gazdasagnal\/\" \/>\n<meta property=\"og:site_name\" content=\"SalzburgerLand.com\" \/>\n<meta property=\"article:publisher\" content=\"https:\/\/www.facebook.com\/visitsalzburgerland\/\" \/>\n<meta property=\"article:published_time\" content=\"2020-08-19T21:46:57+00:00\" \/>\n<meta property=\"article:modified_time\" content=\"2023-11-08T17:01:19+00:00\" \/>\n<meta property=\"og:image\" content=\"https:\/\/www.salzburgerland.com\/hu\/wp-content\/uploads\/2020\/08\/rs368__n4g2333-1200x675.jpg\" \/>\n\t<meta property=\"og:image:width\" content=\"1200\" \/>\n\t<meta property=\"og:image:height\" content=\"675\" \/>\n\t<meta property=\"og:image:type\" content=\"image\/jpeg\" \/>\n<meta name=\"author\" content=\"Ildik\u00f3 St\u00e9hlin\u00e9 Szil\u00e1gyi\" \/>\n<meta name=\"twitter:card\" content=\"summary_large_image\" \/>\n<meta name=\"twitter:creator\" content=\"@salzburgerland\" \/>\n<meta name=\"twitter:site\" content=\"@salzburgerland\" \/>\n<meta name=\"twitter:label1\" content=\"Szerz\u0151:\" \/>\n\t<meta name=\"twitter:data1\" content=\"Ildik\u00f3 St\u00e9hlin\u00e9 Szil\u00e1gyi\" \/>\n\t<meta name=\"twitter:label2\" content=\"Becs\u00fclt olvas\u00e1si id\u0151\" \/>\n\t<meta name=\"twitter:data2\" content=\"3 perc\" \/>\n<script type=\"application\/ld+json\" class=\"yoast-schema-graph\">{\"@context\":\"https:\\\/\\\/schema.org\",\"@graph\":[{\"@type\":\"Article\",\"@id\":\"https:\\\/\\\/www.salzburgerland.com\\\/hu\\\/vakacio-egy-falusi-gazdasagnal\\\/#article\",\"isPartOf\":{\"@id\":\"https:\\\/\\\/www.salzburgerland.com\\\/hu\\\/vakacio-egy-falusi-gazdasagnal\\\/\"},\"author\":{\"name\":\"Ildik\u00f3 St\u00e9hlin\u00e9 Szil\u00e1gyi\",\"@id\":\"https:\\\/\\\/www.salzburgerland.com\\\/hu\\\/#\\\/schema\\\/person\\\/8645fd8d9954794f91d6569036b95668\"},\"headline\":\"Vak\u00e1ci\u00f3 falusi gazdas\u00e1gn\u00e1l\",\"datePublished\":\"2020-08-19T21:46:57+00:00\",\"dateModified\":\"2023-11-08T17:01:19+00:00\",\"mainEntityOfPage\":{\"@id\":\"https:\\\/\\\/www.salzburgerland.com\\\/hu\\\/vakacio-egy-falusi-gazdasagnal\\\/\"},\"wordCount\":602,\"image\":{\"@id\":\"https:\\\/\\\/www.salzburgerland.com\\\/hu\\\/vakacio-egy-falusi-gazdasagnal\\\/#primaryimage\"},\"thumbnailUrl\":\"https:\\\/\\\/www.salzburgerland.com\\\/hu\\\/wp-content\\\/uploads\\\/2020\\\/08\\\/rs368__n4g2333-scaled.jpg\",\"keywords\":[\"Falusi gazdas\u00e1g\",\"\u00fcd\u00fcl\u00e9s falun\",\"Vak\u00e1ci\u00f3\"],\"articleSection\":[\"Uncategorized\"],\"inLanguage\":\"hu\"},{\"@type\":\"WebPage\",\"@id\":\"https:\\\/\\\/www.salzburgerland.com\\\/hu\\\/vakacio-egy-falusi-gazdasagnal\\\/\",\"url\":\"https:\\\/\\\/www.salzburgerland.com\\\/hu\\\/vakacio-egy-falusi-gazdasagnal\\\/\",\"name\":\"Vak\u00e1ci\u00f3 falusi gazdas\u00e1gn\u00e1l \u00bb SalzburgerLand.com\",\"isPartOf\":{\"@id\":\"https:\\\/\\\/www.salzburgerland.com\\\/hu\\\/#website\"},\"primaryImageOfPage\":{\"@id\":\"https:\\\/\\\/www.salzburgerland.com\\\/hu\\\/vakacio-egy-falusi-gazdasagnal\\\/#primaryimage\"},\"image\":{\"@id\":\"https:\\\/\\\/www.salzburgerland.com\\\/hu\\\/vakacio-egy-falusi-gazdasagnal\\\/#primaryimage\"},\"thumbnailUrl\":\"https:\\\/\\\/www.salzburgerland.com\\\/hu\\\/wp-content\\\/uploads\\\/2020\\\/08\\\/rs368__n4g2333-scaled.jpg\",\"datePublished\":\"2020-08-19T21:46:57+00:00\",\"dateModified\":\"2023-11-08T17:01:19+00:00\",\"author\":{\"@id\":\"https:\\\/\\\/www.salzburgerland.com\\\/hu\\\/#\\\/schema\\\/person\\\/8645fd8d9954794f91d6569036b95668\"},\"description\":\"Egy gazdas\u00e1gban az id\u0151 nem a vekker szerint telik, itt a mindennapi teend\u0151k ritmus\u00e1ban \u00e9lj\u00fck meg a napot.\",\"breadcrumb\":{\"@id\":\"https:\\\/\\\/www.salzburgerland.com\\\/hu\\\/vakacio-egy-falusi-gazdasagnal\\\/#breadcrumb\"},\"inLanguage\":\"hu\",\"potentialAction\":[{\"@type\":\"ReadAction\",\"target\":[\"https:\\\/\\\/www.salzburgerland.com\\\/hu\\\/vakacio-egy-falusi-gazdasagnal\\\/\"]}]},{\"@type\":\"ImageObject\",\"inLanguage\":\"hu\",\"@id\":\"https:\\\/\\\/www.salzburgerland.com\\\/hu\\\/vakacio-egy-falusi-gazdasagnal\\\/#primaryimage\",\"url\":\"https:\\\/\\\/www.salzburgerland.com\\\/hu\\\/wp-content\\\/uploads\\\/2020\\\/08\\\/rs368__n4g2333-scaled.jpg\",\"contentUrl\":\"https:\\\/\\\/www.salzburgerland.com\\\/hu\\\/wp-content\\\/uploads\\\/2020\\\/08\\\/rs368__n4g2333-scaled.jpg\",\"width\":1920,\"height\":1280,\"caption\":\"\u00c9desapa gyermekeivel a sz\u00e9n\u00e1ban \u00a9 SalzburgerLand Tourismus, ideenwerk werbeagentur gmbh\"},{\"@type\":\"BreadcrumbList\",\"@id\":\"https:\\\/\\\/www.salzburgerland.com\\\/hu\\\/vakacio-egy-falusi-gazdasagnal\\\/#breadcrumb\",\"itemListElement\":[{\"@type\":\"ListItem\",\"position\":1,\"name\":\"Vend\u00e9gs\u00e9gben egy salzburgi gazdas\u00e1gn\u00e1l\",\"item\":\"https:\\\/\\\/www.salzburgerland.com\\\/hu\\\/agroturizmus-salzburg-tartomanyban\\\/\"},{\"@type\":\"ListItem\",\"position\":2,\"name\":\"Vak\u00e1ci\u00f3 falusi gazdas\u00e1gn\u00e1l\"}]},{\"@type\":\"WebSite\",\"@id\":\"https:\\\/\\\/www.salzburgerland.com\\\/hu\\\/#website\",\"url\":\"https:\\\/\\\/www.salzburgerland.com\\\/hu\\\/\",\"name\":\"SalzburgerLand.com\",\"description\":\"\u00dcd\u00fcl\u00e9s Ausztri\u00e1ban, Salzburg tartom\u00e1nyban\",\"potentialAction\":[{\"@type\":\"SearchAction\",\"target\":{\"@type\":\"EntryPoint\",\"urlTemplate\":\"https:\\\/\\\/www.salzburgerland.com\\\/hu\\\/?s={search_term_string}\"},\"query-input\":{\"@type\":\"PropertyValueSpecification\",\"valueRequired\":true,\"valueName\":\"search_term_string\"}}],\"inLanguage\":\"hu\"},{\"@type\":\"Person\",\"@id\":\"https:\\\/\\\/www.salzburgerland.com\\\/hu\\\/#\\\/schema\\\/person\\\/8645fd8d9954794f91d6569036b95668\",\"name\":\"Ildik\u00f3 St\u00e9hlin\u00e9 Szil\u00e1gyi\",\"image\":{\"@type\":\"ImageObject\",\"inLanguage\":\"hu\",\"@id\":\"https:\\\/\\\/secure.gravatar.com\\\/avatar\\\/230c8b0e5a4b59d72a641ab6dbced4081ebeb113f114e6fdf9e673e91351cdd4?s=96&d=mm&r=g\",\"url\":\"https:\\\/\\\/secure.gravatar.com\\\/avatar\\\/230c8b0e5a4b59d72a641ab6dbced4081ebeb113f114e6fdf9e673e91351cdd4?s=96&d=mm&r=g\",\"contentUrl\":\"https:\\\/\\\/secure.gravatar.com\\\/avatar\\\/230c8b0e5a4b59d72a641ab6dbced4081ebeb113f114e6fdf9e673e91351cdd4?s=96&d=mm&r=g\",\"caption\":\"Ildik\u00f3 St\u00e9hlin\u00e9 Szil\u00e1gyi\"}}]}<\/script>\n<meta property=\"og:video\" content=\"https:\/\/www.youtube.com\/embed\/o3x2Q9-_qas\" \/>\n<meta property=\"og:video:type\" content=\"text\/html\" \/>\n<meta property=\"og:video:duration\" content=\"256\" \/>\n<meta property=\"og:video:width\" content=\"480\" \/>\n<meta property=\"og:video:height\" content=\"270\" \/>\n<meta property=\"ya:ovs:adult\" content=\"false\" \/>\n<meta property=\"ya:ovs:upload_date\" content=\"2020-08-19T21:46:57+00:00\" \/>\n<meta property=\"ya:ovs:allow_embed\" content=\"true\" \/>\n<!-- \/ Yoast SEO Premium plugin. -->","yoast_head_json":{"title":"Vak\u00e1ci\u00f3 falusi gazdas\u00e1gn\u00e1l \u00bb SalzburgerLand.com","robots":{"index":"index","follow":"follow","max-snippet":"max-snippet:-1","max-image-preview":"max-image-preview:large","max-video-preview":"max-video-preview:-1"},"canonical":"https:\/\/www.salzburgerland.com\/hu\/vakacio-egy-falusi-gazdasagnal\/","og_locale":"hu_HU","og_type":"article","og_title":"Vak\u00e1ci\u00f3 falusi gazdas\u00e1gn\u00e1l","og_description":"Egy falusi gazdas\u00e1gn\u00e1l t\u00f6lt\u00f6tt vak\u00e1ci\u00f3 az eg\u00e9sz csal\u00e1d sz\u00e1m\u00e1ra igazi kikapcsol\u00f3d\u00e1st jelent. A gyerekek szeme csillog, ahogy a lovakat, nyulakat \u00e9s juhokat","og_url":"https:\/\/www.salzburgerland.com\/hu\/vakacio-egy-falusi-gazdasagnal\/","og_site_name":"SalzburgerLand.com","article_publisher":"https:\/\/www.facebook.com\/visitsalzburgerland\/","article_published_time":"2020-08-19T21:46:57+00:00","article_modified_time":"2023-11-08T17:01:19+00:00","og_image":[{"width":1200,"height":675,"url":"https:\/\/www.salzburgerland.com\/hu\/wp-content\/uploads\/2020\/08\/rs368__n4g2333-1200x675.jpg","type":"image\/jpeg"}],"author":"Ildik\u00f3 St\u00e9hlin\u00e9 Szil\u00e1gyi","twitter_card":"summary_large_image","twitter_creator":"@salzburgerland","twitter_site":"@salzburgerland","twitter_misc":{"Szerz\u0151:":"Ildik\u00f3 St\u00e9hlin\u00e9 Szil\u00e1gyi","Becs\u00fclt olvas\u00e1si id\u0151":"3 perc"},"schema":{"@context":"https:\/\/schema.org","@graph":[{"@type":"Article","@id":"https:\/\/www.salzburgerland.com\/hu\/vakacio-egy-falusi-gazdasagnal\/#article","isPartOf":{"@id":"https:\/\/www.salzburgerland.com\/hu\/vakacio-egy-falusi-gazdasagnal\/"},"author":{"name":"Ildik\u00f3 St\u00e9hlin\u00e9 Szil\u00e1gyi","@id":"https:\/\/www.salzburgerland.com\/hu\/#\/schema\/person\/8645fd8d9954794f91d6569036b95668"},"headline":"Vak\u00e1ci\u00f3 falusi gazdas\u00e1gn\u00e1l","datePublished":"2020-08-19T21:46:57+00:00","dateModified":"2023-11-08T17:01:19+00:00","mainEntityOfPage":{"@id":"https:\/\/www.salzburgerland.com\/hu\/vakacio-egy-falusi-gazdasagnal\/"},"wordCount":602,"image":{"@id":"https:\/\/www.salzburgerland.com\/hu\/vakacio-egy-falusi-gazdasagnal\/#primaryimage"},"thumbnailUrl":"https:\/\/www.salzburgerland.com\/hu\/wp-content\/uploads\/2020\/08\/rs368__n4g2333-scaled.jpg","keywords":["Falusi gazdas\u00e1g","\u00fcd\u00fcl\u00e9s falun","Vak\u00e1ci\u00f3"],"articleSection":["Uncategorized"],"inLanguage":"hu"},{"@type":"WebPage","@id":"https:\/\/www.salzburgerland.com\/hu\/vakacio-egy-falusi-gazdasagnal\/","url":"https:\/\/www.salzburgerland.com\/hu\/vakacio-egy-falusi-gazdasagnal\/","name":"Vak\u00e1ci\u00f3 falusi gazdas\u00e1gn\u00e1l \u00bb SalzburgerLand.com","isPartOf":{"@id":"https:\/\/www.salzburgerland.com\/hu\/#website"},"primaryImageOfPage":{"@id":"https:\/\/www.salzburgerland.com\/hu\/vakacio-egy-falusi-gazdasagnal\/#primaryimage"},"image":{"@id":"https:\/\/www.salzburgerland.com\/hu\/vakacio-egy-falusi-gazdasagnal\/#primaryimage"},"thumbnailUrl":"https:\/\/www.salzburgerland.com\/hu\/wp-content\/uploads\/2020\/08\/rs368__n4g2333-scaled.jpg","datePublished":"2020-08-19T21:46:57+00:00","dateModified":"2023-11-08T17:01:19+00:00","author":{"@id":"https:\/\/www.salzburgerland.com\/hu\/#\/schema\/person\/8645fd8d9954794f91d6569036b95668"},"description":"Egy gazdas\u00e1gban az id\u0151 nem a vekker szerint telik, itt a mindennapi teend\u0151k ritmus\u00e1ban \u00e9lj\u00fck meg a napot.","breadcrumb":{"@id":"https:\/\/www.salzburgerland.com\/hu\/vakacio-egy-falusi-gazdasagnal\/#breadcrumb"},"inLanguage":"hu","potentialAction":[{"@type":"ReadAction","target":["https:\/\/www.salzburgerland.com\/hu\/vakacio-egy-falusi-gazdasagnal\/"]}]},{"@type":"ImageObject","inLanguage":"hu","@id":"https:\/\/www.salzburgerland.com\/hu\/vakacio-egy-falusi-gazdasagnal\/#primaryimage","url":"https:\/\/www.salzburgerland.com\/hu\/wp-content\/uploads\/2020\/08\/rs368__n4g2333-scaled.jpg","contentUrl":"https:\/\/www.salzburgerland.com\/hu\/wp-content\/uploads\/2020\/08\/rs368__n4g2333-scaled.jpg","width":1920,"height":1280,"caption":"\u00c9desapa gyermekeivel a sz\u00e9n\u00e1ban \u00a9 SalzburgerLand Tourismus, ideenwerk werbeagentur gmbh"},{"@type":"BreadcrumbList","@id":"https:\/\/www.salzburgerland.com\/hu\/vakacio-egy-falusi-gazdasagnal\/#breadcrumb","itemListElement":[{"@type":"ListItem","position":1,"name":"Vend\u00e9gs\u00e9gben egy salzburgi gazdas\u00e1gn\u00e1l","item":"https:\/\/www.salzburgerland.com\/hu\/agroturizmus-salzburg-tartomanyban\/"},{"@type":"ListItem","position":2,"name":"Vak\u00e1ci\u00f3 falusi gazdas\u00e1gn\u00e1l"}]},{"@type":"WebSite","@id":"https:\/\/www.salzburgerland.com\/hu\/#website","url":"https:\/\/www.salzburgerland.com\/hu\/","name":"SalzburgerLand.com","description":"\u00dcd\u00fcl\u00e9s Ausztri\u00e1ban, Salzburg tartom\u00e1nyban","potentialAction":[{"@type":"SearchAction","target":{"@type":"EntryPoint","urlTemplate":"https:\/\/www.salzburgerland.com\/hu\/?s={search_term_string}"},"query-input":{"@type":"PropertyValueSpecification","valueRequired":true,"valueName":"search_term_string"}}],"inLanguage":"hu"},{"@type":"Person","@id":"https:\/\/www.salzburgerland.com\/hu\/#\/schema\/person\/8645fd8d9954794f91d6569036b95668","name":"Ildik\u00f3 St\u00e9hlin\u00e9 Szil\u00e1gyi","image":{"@type":"ImageObject","inLanguage":"hu","@id":"https:\/\/secure.gravatar.com\/avatar\/230c8b0e5a4b59d72a641ab6dbced4081ebeb113f114e6fdf9e673e91351cdd4?s=96&d=mm&r=g","url":"https:\/\/secure.gravatar.com\/avatar\/230c8b0e5a4b59d72a641ab6dbced4081ebeb113f114e6fdf9e673e91351cdd4?s=96&d=mm&r=g","contentUrl":"https:\/\/secure.gravatar.com\/avatar\/230c8b0e5a4b59d72a641ab6dbced4081ebeb113f114e6fdf9e673e91351cdd4?s=96&d=mm&r=g","caption":"Ildik\u00f3 St\u00e9hlin\u00e9 Szil\u00e1gyi"}}]},"og_video":"https:\/\/www.youtube.com\/embed\/o3x2Q9-_qas","og_video_type":"text\/html","og_video_duration":"256","og_video_width":"480","og_video_height":"270","ya_ovs_adult":"false","ya_ovs_upload_date":"2020-08-19T21:46:57+00:00","ya_ovs_allow_embed":"true"},"_wl_alt_label":[],"wl:entity_url":"http:\/\/open.salzburgerland.com\/hu\/post\/pihenes_egy_falusi_gazdasagnal","_links":{"self":[{"href":"https:\/\/www.salzburgerland.com\/hu\/wp-json\/wp\/v2\/posts\/10671","targetHints":{"allow":["GET"]}}],"collection":[{"href":"https:\/\/www.salzburgerland.com\/hu\/wp-json\/wp\/v2\/posts"}],"about":[{"href":"https:\/\/www.salzburgerland.com\/hu\/wp-json\/wp\/v2\/types\/post"}],"author":[{"embeddable":true,"href":"https:\/\/www.salzburgerland.com\/hu\/wp-json\/wp\/v2\/users\/17"}],"replies":[{"embeddable":true,"href":"https:\/\/www.salzburgerland.com\/hu\/wp-json\/wp\/v2\/comments?post=10671"}],"version-history":[{"count":5,"href":"https:\/\/www.salzburgerland.com\/hu\/wp-json\/wp\/v2\/posts\/10671\/revisions"}],"predecessor-version":[{"id":20710,"href":"https:\/\/www.salzburgerland.com\/hu\/wp-json\/wp\/v2\/posts\/10671\/revisions\/20710"}],"wp:featuredmedia":[{"embeddable":true,"href":"https:\/\/www.salzburgerland.com\/hu\/wp-json\/wp\/v2\/media\/10672"}],"wp:attachment":[{"href":"https:\/\/www.salzburgerland.com\/hu\/wp-json\/wp\/v2\/media?parent=10671"}],"wp:term":[{"taxonomy":"category","embeddable":true,"href":"https:\/\/www.salzburgerland.com\/hu\/wp-json\/wp\/v2\/categories?post=10671"},{"taxonomy":"post_tag","embeddable":true,"href":"https:\/\/www.salzburgerland.com\/hu\/wp-json\/wp\/v2\/tags?post=10671"},{"taxonomy":"wl_entity_type","embeddable":true,"href":"https:\/\/www.salzburgerland.com\/hu\/wp-json\/wp\/v2\/wl_entity_type?post=10671"}],"curies":[{"name":"wp","href":"https:\/\/api.w.org\/{rel}","templated":true}]}}