{"id":10647,"date":"2020-08-19T21:27:58","date_gmt":"2020-08-19T19:27:58","guid":{"rendered":"https:\/\/www.salzburgerland.com\/hu\/?p=10647"},"modified":"2024-07-28T17:06:57","modified_gmt":"2024-07-28T15:06:57","slug":"egy-nap-a-gazdasagban-a-falusi-osz-idejen","status":"publish","type":"post","link":"https:\/\/www.salzburgerland.com\/hu\/egy-nap-a-gazdasagban-a-falusi-osz-idejen\/","title":{"rendered":"Egy nap a gazdas\u00e1gban a Falusi \u0151sz idej\u00e9n"},"content":{"rendered":"<p>Egy alpesi falusi gazdas\u00e1gn\u00e1l kor\u00e1n kezd\u0151dik a nap, ha sok dolog akad. A tehenek m\u00e1r hajnalban v\u00e1rj\u00e1k, hogy a gazda megfejje \u0151ket. A friss tejb\u0151l vagy azon nyomban sajt \u00e9s vaj k\u00e9sz\u00fcl, vagy tejeskann\u00e1ba t\u00f6ltve a helyi tejgazdas\u00e1gban gyarap\u00edtja a tejes kincsest\u00e1rat. A gazdaasszony gondos l\u00e9pteivel a ty\u00fak\u00f3lba tart, ahol begy\u0171jti a toj\u00e1sokat. Amit nem haszn\u00e1l fel aznap a s\u00fct\u00e9shez-f\u0151z\u00e9shez, azt a piaci napra tartogatja. \u00cdgy indul h\u00e1t a reggel a salzburgi falusi gazdas\u00e1gn\u00e1l a falusi \u0151sz (Bauernherbst) idej\u00e9n.<\/p>\n<h2>Az utols\u00f3 \u201eEiheiga\u201c<\/h2>\n<p>Ebben az \u00e9vszakban a gazd\u00e1k m\u00e9g egyszer kimennek a f\u00f6ldekre, hogy a k\u00f6zelg\u0151 t\u00e9l el\u0151tt begy\u0171jts\u00e9k a sz\u00e9n\u00e1t. A s\u00edk v\u00f6lgyeken a kasz\u00e1l\u00e1st \u00e1ltal\u00e1ban g\u00e9ppel v\u00e9gzik. A t\u00f6lt\u00e9seken \u00e9s meredek lejt\u0151k\u00f6n azonban a gazda mind a mai napig el\u0151veszi kasz\u00e1j\u00e1t \u00e9s k\u00e9zi munk\u00e1val, \u00e9vtizedek tapasztalat\u00e1val takar\u00edtja be a sz\u00e9n\u00e1t. Az eg\u00e9sz csal\u00e1d egy\u00fctt dolgozik, ez a tev\u00e9kenys\u00e9g \u201eEiheiga\u201d n\u00e9ven ismert a helyiek k\u00f6r\u00e9ben. A sz\u00f3 a sz\u00e1r\u00edtott sz\u00e9na \u00f6sszegerebly\u00e9z\u00e9s\u00e9t jelenti. Sok hely\u00fctt ma is l\u00e1thatunk f\u00e1b\u00f3l k\u00e9sz\u00fclt \u00e1llv\u00e1nyokat, melyeken a frissen kasz\u00e1lt f\u00fcvet sz\u00e1r\u00edtj\u00e1k. Csak miut\u00e1n az \u0151szi nap teljesen kisz\u00e1r\u00edtotta a sz\u00e9n\u00e1t, k\u00f6tik b\u00e1l\u00e1ba \u00e9s viszik a gazdas\u00e1gba.<\/p>\n<h2>F\u00fcst\u00f6l\u00e9s \u00e9s bef\u0151z\u00e9s a gazdas\u00e1gban<\/h2>\n<p>Az \u0151sz a f\u00fcst\u00f6l\u00e9s ideje is, amikor a friss h\u00fasb\u00f3l kolb\u00e1sz \u00e9s sonka k\u00e9sz\u00fcl. A marh\u00e1b\u00f3l, diszn\u00f3b\u00f3l vagy vadb\u00f3l saj\u00e1t f\u00fcst\u00f6l\u0151ben k\u00e9sz\u00fclt k\u00fcl\u00f6nlegess\u00e9gek a falusi \u0151sz speci\u00e1lis fog\u00e1sainak is alapanyagai. Amikor pedig a gazdaasszony a frissen sz\u00fcretelt gy\u00fcm\u00f6lcs\u00f6kb\u0151l \u00e9des lekv\u00e1rt f\u0151z vagy vitaminban gazdag italokat k\u00e9sz\u00edt, az illat belengi az eg\u00e9sz udvart. A gazda is begy\u0171jti az utols\u00f3 berkenyebogy\u00f3kat, hogy p\u00e1link\u00e1t k\u00e9sz\u00edtsen bel\u0151le. S\u00fcl a friss keny\u00e9r \u00e9s k\u00fcl\u00f6nf\u00e9le s\u00fctem\u00e9ny, a csal\u00e1d felk\u00e9sz\u00fclt a Falusi \u0151szre \u00e9s a termel\u0151i v\u00e1s\u00e1rra.<\/p>\n<p>Amikor a tehenek lassan, kom\u00f3tosan magukt\u00f3l visszatal\u00e1lnak az ist\u00e1ll\u00f3ba, a gazd\u00e1knak ism\u00e9t dolga akad, hiszen elj\u00f6tt az esti fej\u00e9s ideje. Kitr\u00e1gy\u00e1znak, majd \u00faj sz\u00e9n\u00e1t hoznak. Csak miut\u00e1n v\u00e9ge a napnak, l\u00e1tja egym\u00e1st a teljes csal\u00e1d \u00e9s veheti kezdet\u00e9t a k\u00f6z\u00f6s vacsora. Kiad\u00f3s harapnival\u00f3kkal fejezik be a dolgos napot. M\u00e1snap a gazda term\u00e9keit a piacon \u00e9rt\u00e9kes\u00edti, a gazdaasszony friss alapanyagait a Falusi \u0151sz vend\u00e9gl\u00e1t\u00f3inak sz\u00e1ll\u00edtja le.<\/p>\n<h2>A Falusi \u0151sz vend\u00e9gl\u00e1t\u00f3i<\/h2>\n<p>A falusi \u0151sz vend\u00e9gl\u00e1t\u00f3helyei k\u00f6nnyen felismerhet\u0151k a falusi \u0151sz j\u00f3l ismert jel\u00e9r\u0151l, valamint a bej\u00e1ratn\u00e1l elhelyezett sz\u00e9nag\u00f6mbr\u0151l. Az \u00e9tlapon tradicion\u00e1lis \u0151szi falusi \u00e9telek kapnak helyet, frissen sz\u00fcretelt \u00e9s helyi specialit\u00e1sokkal, melyek alapanyagait a k\u00f6rny\u00e9k gazdas\u00e1gai adj\u00e1k. A k\u00fcl\u00f6nlegess\u00e9gek k\u00f3stol\u00e1sa ut\u00e1n nem marad m\u00e1s h\u00e1tra, mint koccintani az eg\u00e9szs\u00e9g\u00fcnkre egy saj\u00e1t k\u00e9sz\u00edt\u00e9s\u0171 p\u00e1link\u00e1val, majd t\u00e1ncra perd\u00fclni a falu \u00fcnnep\u00e9n.<\/p>\n<p><iframe title=\"Salzburger Bauernherbst - SalzburgerLand\" width=\"500\" height=\"281\" src=\"https:\/\/www.youtube-nocookie.com\/embed\/qa4ih3ehrx8?feature=oembed&amp;rel=0&amp;modestbranding=1\" frameborder=\"0\" allow=\"accelerometer; autoplay; clipboard-write; encrypted-media; gyroscope; picture-in-picture; web-share\" referrerpolicy=\"strict-origin-when-cross-origin\" allowfullscreen><\/iframe><\/p>\n","protected":false},"excerpt":{"rendered":"<p>Egy alpesi falusi gazdas\u00e1gn\u00e1l kor\u00e1n kezd\u0151dik a nap, ha sok dolog akad. A tehenek m\u00e1r hajnalban v\u00e1rj\u00e1k, hogy a gazda megfejje \u0151ket. A friss tejb\u0151l vagy azon nyomban sajt \u00e9s vaj k\u00e9sz\u00fcl, vagy tejeskann\u00e1ba t\u00f6ltve a helyi tejgazdas\u00e1gban gyarap\u00edtja a tejes kincsest\u00e1rat. A gazdaasszony gondos l\u00e9pteivel a ty\u00fak\u00f3lba tart, ahol begy\u0171jti a toj\u00e1sokat. Amit nem [&hellip;]<\/p>\n","protected":false},"author":17,"featured_media":10648,"comment_status":"closed","ping_status":"closed","sticky":false,"template":"","format":"standard","meta":{"_acf_changed":false,"wl_entities_gutenberg":"","_relevanssi_hide_post":"","_relevanssi_hide_content":"","_relevanssi_pin_for_all":"","_relevanssi_pin_keywords":"","_relevanssi_unpin_keywords":"","_relevanssi_related_keywords":"","_relevanssi_related_include_ids":"","_relevanssi_related_exclude_ids":"","_relevanssi_related_no_append":"","_relevanssi_related_not_related":"","_relevanssi_related_posts":"","_relevanssi_noindex_reason":"","footnotes":""},"categories":[1],"tags":[53,52,46,51],"wl_entity_type":[27],"class_list":["post-10647","post","type-post","status-publish","format-standard","has-post-thumbnail","hentry","category-uncategorized","tag-falusi-etelek","tag-falusi-gazdasag","tag-falusi-osz","tag-osz","wl_entity_type-article"],"acf":[],"yoast_head":"<!-- This site is optimized with the Yoast SEO Premium plugin v27.4 (Yoast SEO v27.4) - https:\/\/yoast.com\/product\/yoast-seo-premium-wordpress\/ -->\n<title>Egy nap a gazdas\u00e1gban a Falusi \u0151sz idej\u00e9n \u00bb SalzburgerLand.com<\/title>\n<meta name=\"description\" content=\"A Falusi \u0151sz a salzburgi gazd\u00e1k betakar\u00edt\u00e1si \u00fcnnepe, amikor a term\u00e9ny a kos\u00e1rba ker\u00fcl. Ilyen a salzburgi gazdas\u00e1g Falusi \u0151sz idej\u00e9n.\" \/>\n<meta name=\"robots\" content=\"index, follow, max-snippet:-1, max-image-preview:large, max-video-preview:-1\" \/>\n<link rel=\"canonical\" href=\"https:\/\/www.salzburgerland.com\/hu\/egy-nap-a-gazdasagban-a-falusi-osz-idejen\/\" \/>\n<meta property=\"og:locale\" content=\"hu_HU\" \/>\n<meta property=\"og:type\" content=\"article\" \/>\n<meta property=\"og:title\" content=\"Egy nap a gazdas\u00e1gban a Falusi \u0151sz idej\u00e9n\" \/>\n<meta property=\"og:description\" content=\"Egy alpesi falusi gazdas\u00e1gn\u00e1l kor\u00e1n kezd\u0151dik a nap, ha sok dolog akad. A tehenek m\u00e1r hajnalban v\u00e1rj\u00e1k, hogy a gazda megfejje \u0151ket. A friss tejb\u0151l vagy\" \/>\n<meta property=\"og:url\" content=\"https:\/\/www.salzburgerland.com\/hu\/egy-nap-a-gazdasagban-a-falusi-osz-idejen\/\" \/>\n<meta property=\"og:site_name\" content=\"SalzburgerLand.com\" \/>\n<meta property=\"article:publisher\" content=\"https:\/\/www.facebook.com\/visitsalzburgerland\/\" \/>\n<meta property=\"article:published_time\" content=\"2020-08-19T19:27:58+00:00\" \/>\n<meta property=\"article:modified_time\" content=\"2024-07-28T15:06:57+00:00\" \/>\n<meta property=\"og:image\" content=\"https:\/\/www.salzburgerland.com\/hu\/wp-content\/uploads\/2020\/08\/sense-1200x675.jpg\" \/>\n\t<meta property=\"og:image:width\" content=\"1200\" \/>\n\t<meta property=\"og:image:height\" content=\"675\" \/>\n\t<meta property=\"og:image:type\" content=\"image\/jpeg\" \/>\n<meta name=\"author\" content=\"Ildik\u00f3 St\u00e9hlin\u00e9 Szil\u00e1gyi\" \/>\n<meta name=\"twitter:card\" content=\"summary_large_image\" \/>\n<meta name=\"twitter:creator\" content=\"@salzburgerland\" \/>\n<meta name=\"twitter:site\" content=\"@salzburgerland\" \/>\n<meta name=\"twitter:label1\" content=\"Szerz\u0151:\" \/>\n\t<meta name=\"twitter:data1\" content=\"Ildik\u00f3 St\u00e9hlin\u00e9 Szil\u00e1gyi\" \/>\n\t<meta name=\"twitter:label2\" content=\"Becs\u00fclt olvas\u00e1si id\u0151\" \/>\n\t<meta name=\"twitter:data2\" content=\"4 perc\" \/>\n<script type=\"application\/ld+json\" class=\"yoast-schema-graph\">{\"@context\":\"https:\\\/\\\/schema.org\",\"@graph\":[{\"@type\":\"Article\",\"@id\":\"https:\\\/\\\/www.salzburgerland.com\\\/hu\\\/egy-nap-a-gazdasagban-a-falusi-osz-idejen\\\/#article\",\"isPartOf\":{\"@id\":\"https:\\\/\\\/www.salzburgerland.com\\\/hu\\\/egy-nap-a-gazdasagban-a-falusi-osz-idejen\\\/\"},\"author\":{\"name\":\"Ildik\u00f3 St\u00e9hlin\u00e9 Szil\u00e1gyi\",\"@id\":\"https:\\\/\\\/www.salzburgerland.com\\\/hu\\\/#\\\/schema\\\/person\\\/8645fd8d9954794f91d6569036b95668\"},\"headline\":\"Egy nap a gazdas\u00e1gban a Falusi \u0151sz idej\u00e9n\",\"datePublished\":\"2020-08-19T19:27:58+00:00\",\"dateModified\":\"2024-07-28T15:06:57+00:00\",\"mainEntityOfPage\":{\"@id\":\"https:\\\/\\\/www.salzburgerland.com\\\/hu\\\/egy-nap-a-gazdasagban-a-falusi-osz-idejen\\\/\"},\"wordCount\":640,\"image\":{\"@id\":\"https:\\\/\\\/www.salzburgerland.com\\\/hu\\\/egy-nap-a-gazdasagban-a-falusi-osz-idejen\\\/#primaryimage\"},\"thumbnailUrl\":\"https:\\\/\\\/www.salzburgerland.com\\\/hu\\\/wp-content\\\/uploads\\\/2020\\\/08\\\/sense-scaled.jpg\",\"keywords\":[\"Falusi \u00e9telek\",\"Falusi gazdas\u00e1g\",\"Falusi \u0151sz\",\"\u0150sz\"],\"articleSection\":[\"Uncategorized\"],\"inLanguage\":\"hu\"},{\"@type\":\"WebPage\",\"@id\":\"https:\\\/\\\/www.salzburgerland.com\\\/hu\\\/egy-nap-a-gazdasagban-a-falusi-osz-idejen\\\/\",\"url\":\"https:\\\/\\\/www.salzburgerland.com\\\/hu\\\/egy-nap-a-gazdasagban-a-falusi-osz-idejen\\\/\",\"name\":\"Egy nap a gazdas\u00e1gban a Falusi \u0151sz idej\u00e9n \u00bb SalzburgerLand.com\",\"isPartOf\":{\"@id\":\"https:\\\/\\\/www.salzburgerland.com\\\/hu\\\/#website\"},\"primaryImageOfPage\":{\"@id\":\"https:\\\/\\\/www.salzburgerland.com\\\/hu\\\/egy-nap-a-gazdasagban-a-falusi-osz-idejen\\\/#primaryimage\"},\"image\":{\"@id\":\"https:\\\/\\\/www.salzburgerland.com\\\/hu\\\/egy-nap-a-gazdasagban-a-falusi-osz-idejen\\\/#primaryimage\"},\"thumbnailUrl\":\"https:\\\/\\\/www.salzburgerland.com\\\/hu\\\/wp-content\\\/uploads\\\/2020\\\/08\\\/sense-scaled.jpg\",\"datePublished\":\"2020-08-19T19:27:58+00:00\",\"dateModified\":\"2024-07-28T15:06:57+00:00\",\"author\":{\"@id\":\"https:\\\/\\\/www.salzburgerland.com\\\/hu\\\/#\\\/schema\\\/person\\\/8645fd8d9954794f91d6569036b95668\"},\"description\":\"A Falusi \u0151sz a salzburgi gazd\u00e1k betakar\u00edt\u00e1si \u00fcnnepe, amikor a term\u00e9ny a kos\u00e1rba ker\u00fcl. Ilyen a salzburgi gazdas\u00e1g Falusi \u0151sz idej\u00e9n.\",\"breadcrumb\":{\"@id\":\"https:\\\/\\\/www.salzburgerland.com\\\/hu\\\/egy-nap-a-gazdasagban-a-falusi-osz-idejen\\\/#breadcrumb\"},\"inLanguage\":\"hu\",\"potentialAction\":[{\"@type\":\"ReadAction\",\"target\":[\"https:\\\/\\\/www.salzburgerland.com\\\/hu\\\/egy-nap-a-gazdasagban-a-falusi-osz-idejen\\\/\"]}]},{\"@type\":\"ImageObject\",\"inLanguage\":\"hu\",\"@id\":\"https:\\\/\\\/www.salzburgerland.com\\\/hu\\\/egy-nap-a-gazdasagban-a-falusi-osz-idejen\\\/#primaryimage\",\"url\":\"https:\\\/\\\/www.salzburgerland.com\\\/hu\\\/wp-content\\\/uploads\\\/2020\\\/08\\\/sense-scaled.jpg\",\"contentUrl\":\"https:\\\/\\\/www.salzburgerland.com\\\/hu\\\/wp-content\\\/uploads\\\/2020\\\/08\\\/sense-scaled.jpg\",\"width\":1920,\"height\":1280,\"caption\":\"F\u00e9rfi kasz\u00e1val \u00a9 SalzburgerLand Tourismus, HELGE KIRCHBERGER Photography\"},{\"@type\":\"BreadcrumbList\",\"@id\":\"https:\\\/\\\/www.salzburgerland.com\\\/hu\\\/egy-nap-a-gazdasagban-a-falusi-osz-idejen\\\/#breadcrumb\",\"itemListElement\":[{\"@type\":\"ListItem\",\"position\":1,\"name\":\"Falusi \u0151sz Salzburg tartom\u00e1nyban\",\"item\":\"https:\\\/\\\/www.salzburgerland.com\\\/hu\\\/falusi-osz-salzburg-tartomanyban\\\/\"},{\"@type\":\"ListItem\",\"position\":2,\"name\":\"Egy nap a gazdas\u00e1gban a Falusi \u0151sz idej\u00e9n\"}]},{\"@type\":\"WebSite\",\"@id\":\"https:\\\/\\\/www.salzburgerland.com\\\/hu\\\/#website\",\"url\":\"https:\\\/\\\/www.salzburgerland.com\\\/hu\\\/\",\"name\":\"SalzburgerLand.com\",\"description\":\"\u00dcd\u00fcl\u00e9s Ausztri\u00e1ban, Salzburg tartom\u00e1nyban\",\"potentialAction\":[{\"@type\":\"SearchAction\",\"target\":{\"@type\":\"EntryPoint\",\"urlTemplate\":\"https:\\\/\\\/www.salzburgerland.com\\\/hu\\\/?s={search_term_string}\"},\"query-input\":{\"@type\":\"PropertyValueSpecification\",\"valueRequired\":true,\"valueName\":\"search_term_string\"}}],\"inLanguage\":\"hu\"},{\"@type\":\"Person\",\"@id\":\"https:\\\/\\\/www.salzburgerland.com\\\/hu\\\/#\\\/schema\\\/person\\\/8645fd8d9954794f91d6569036b95668\",\"name\":\"Ildik\u00f3 St\u00e9hlin\u00e9 Szil\u00e1gyi\",\"image\":{\"@type\":\"ImageObject\",\"inLanguage\":\"hu\",\"@id\":\"https:\\\/\\\/secure.gravatar.com\\\/avatar\\\/230c8b0e5a4b59d72a641ab6dbced4081ebeb113f114e6fdf9e673e91351cdd4?s=96&d=mm&r=g\",\"url\":\"https:\\\/\\\/secure.gravatar.com\\\/avatar\\\/230c8b0e5a4b59d72a641ab6dbced4081ebeb113f114e6fdf9e673e91351cdd4?s=96&d=mm&r=g\",\"contentUrl\":\"https:\\\/\\\/secure.gravatar.com\\\/avatar\\\/230c8b0e5a4b59d72a641ab6dbced4081ebeb113f114e6fdf9e673e91351cdd4?s=96&d=mm&r=g\",\"caption\":\"Ildik\u00f3 St\u00e9hlin\u00e9 Szil\u00e1gyi\"}}]}<\/script>\n<meta property=\"og:video\" content=\"https:\/\/www.youtube.com\/embed\/qa4ih3ehrx8\" \/>\n<meta property=\"og:video:type\" content=\"text\/html\" \/>\n<meta property=\"og:video:duration\" content=\"75\" \/>\n<meta property=\"og:video:width\" content=\"480\" \/>\n<meta property=\"og:video:height\" content=\"270\" \/>\n<meta property=\"ya:ovs:adult\" content=\"false\" \/>\n<meta property=\"ya:ovs:upload_date\" content=\"2020-08-19T19:27:58+00:00\" \/>\n<meta property=\"ya:ovs:allow_embed\" content=\"true\" \/>\n<!-- \/ Yoast SEO Premium plugin. -->","yoast_head_json":{"title":"Egy nap a gazdas\u00e1gban a Falusi \u0151sz idej\u00e9n \u00bb SalzburgerLand.com","description":"A Falusi \u0151sz a salzburgi gazd\u00e1k betakar\u00edt\u00e1si \u00fcnnepe, amikor a term\u00e9ny a kos\u00e1rba ker\u00fcl. Ilyen a salzburgi gazdas\u00e1g Falusi \u0151sz idej\u00e9n.","robots":{"index":"index","follow":"follow","max-snippet":"max-snippet:-1","max-image-preview":"max-image-preview:large","max-video-preview":"max-video-preview:-1"},"canonical":"https:\/\/www.salzburgerland.com\/hu\/egy-nap-a-gazdasagban-a-falusi-osz-idejen\/","og_locale":"hu_HU","og_type":"article","og_title":"Egy nap a gazdas\u00e1gban a Falusi \u0151sz idej\u00e9n","og_description":"Egy alpesi falusi gazdas\u00e1gn\u00e1l kor\u00e1n kezd\u0151dik a nap, ha sok dolog akad. A tehenek m\u00e1r hajnalban v\u00e1rj\u00e1k, hogy a gazda megfejje \u0151ket. A friss tejb\u0151l vagy","og_url":"https:\/\/www.salzburgerland.com\/hu\/egy-nap-a-gazdasagban-a-falusi-osz-idejen\/","og_site_name":"SalzburgerLand.com","article_publisher":"https:\/\/www.facebook.com\/visitsalzburgerland\/","article_published_time":"2020-08-19T19:27:58+00:00","article_modified_time":"2024-07-28T15:06:57+00:00","og_image":[{"width":1200,"height":675,"url":"https:\/\/www.salzburgerland.com\/hu\/wp-content\/uploads\/2020\/08\/sense-1200x675.jpg","type":"image\/jpeg"}],"author":"Ildik\u00f3 St\u00e9hlin\u00e9 Szil\u00e1gyi","twitter_card":"summary_large_image","twitter_creator":"@salzburgerland","twitter_site":"@salzburgerland","twitter_misc":{"Szerz\u0151:":"Ildik\u00f3 St\u00e9hlin\u00e9 Szil\u00e1gyi","Becs\u00fclt olvas\u00e1si id\u0151":"4 perc"},"schema":{"@context":"https:\/\/schema.org","@graph":[{"@type":"Article","@id":"https:\/\/www.salzburgerland.com\/hu\/egy-nap-a-gazdasagban-a-falusi-osz-idejen\/#article","isPartOf":{"@id":"https:\/\/www.salzburgerland.com\/hu\/egy-nap-a-gazdasagban-a-falusi-osz-idejen\/"},"author":{"name":"Ildik\u00f3 St\u00e9hlin\u00e9 Szil\u00e1gyi","@id":"https:\/\/www.salzburgerland.com\/hu\/#\/schema\/person\/8645fd8d9954794f91d6569036b95668"},"headline":"Egy nap a gazdas\u00e1gban a Falusi \u0151sz idej\u00e9n","datePublished":"2020-08-19T19:27:58+00:00","dateModified":"2024-07-28T15:06:57+00:00","mainEntityOfPage":{"@id":"https:\/\/www.salzburgerland.com\/hu\/egy-nap-a-gazdasagban-a-falusi-osz-idejen\/"},"wordCount":640,"image":{"@id":"https:\/\/www.salzburgerland.com\/hu\/egy-nap-a-gazdasagban-a-falusi-osz-idejen\/#primaryimage"},"thumbnailUrl":"https:\/\/www.salzburgerland.com\/hu\/wp-content\/uploads\/2020\/08\/sense-scaled.jpg","keywords":["Falusi \u00e9telek","Falusi gazdas\u00e1g","Falusi \u0151sz","\u0150sz"],"articleSection":["Uncategorized"],"inLanguage":"hu"},{"@type":"WebPage","@id":"https:\/\/www.salzburgerland.com\/hu\/egy-nap-a-gazdasagban-a-falusi-osz-idejen\/","url":"https:\/\/www.salzburgerland.com\/hu\/egy-nap-a-gazdasagban-a-falusi-osz-idejen\/","name":"Egy nap a gazdas\u00e1gban a Falusi \u0151sz idej\u00e9n \u00bb SalzburgerLand.com","isPartOf":{"@id":"https:\/\/www.salzburgerland.com\/hu\/#website"},"primaryImageOfPage":{"@id":"https:\/\/www.salzburgerland.com\/hu\/egy-nap-a-gazdasagban-a-falusi-osz-idejen\/#primaryimage"},"image":{"@id":"https:\/\/www.salzburgerland.com\/hu\/egy-nap-a-gazdasagban-a-falusi-osz-idejen\/#primaryimage"},"thumbnailUrl":"https:\/\/www.salzburgerland.com\/hu\/wp-content\/uploads\/2020\/08\/sense-scaled.jpg","datePublished":"2020-08-19T19:27:58+00:00","dateModified":"2024-07-28T15:06:57+00:00","author":{"@id":"https:\/\/www.salzburgerland.com\/hu\/#\/schema\/person\/8645fd8d9954794f91d6569036b95668"},"description":"A Falusi \u0151sz a salzburgi gazd\u00e1k betakar\u00edt\u00e1si \u00fcnnepe, amikor a term\u00e9ny a kos\u00e1rba ker\u00fcl. Ilyen a salzburgi gazdas\u00e1g Falusi \u0151sz idej\u00e9n.","breadcrumb":{"@id":"https:\/\/www.salzburgerland.com\/hu\/egy-nap-a-gazdasagban-a-falusi-osz-idejen\/#breadcrumb"},"inLanguage":"hu","potentialAction":[{"@type":"ReadAction","target":["https:\/\/www.salzburgerland.com\/hu\/egy-nap-a-gazdasagban-a-falusi-osz-idejen\/"]}]},{"@type":"ImageObject","inLanguage":"hu","@id":"https:\/\/www.salzburgerland.com\/hu\/egy-nap-a-gazdasagban-a-falusi-osz-idejen\/#primaryimage","url":"https:\/\/www.salzburgerland.com\/hu\/wp-content\/uploads\/2020\/08\/sense-scaled.jpg","contentUrl":"https:\/\/www.salzburgerland.com\/hu\/wp-content\/uploads\/2020\/08\/sense-scaled.jpg","width":1920,"height":1280,"caption":"F\u00e9rfi kasz\u00e1val \u00a9 SalzburgerLand Tourismus, HELGE KIRCHBERGER Photography"},{"@type":"BreadcrumbList","@id":"https:\/\/www.salzburgerland.com\/hu\/egy-nap-a-gazdasagban-a-falusi-osz-idejen\/#breadcrumb","itemListElement":[{"@type":"ListItem","position":1,"name":"Falusi \u0151sz Salzburg tartom\u00e1nyban","item":"https:\/\/www.salzburgerland.com\/hu\/falusi-osz-salzburg-tartomanyban\/"},{"@type":"ListItem","position":2,"name":"Egy nap a gazdas\u00e1gban a Falusi \u0151sz idej\u00e9n"}]},{"@type":"WebSite","@id":"https:\/\/www.salzburgerland.com\/hu\/#website","url":"https:\/\/www.salzburgerland.com\/hu\/","name":"SalzburgerLand.com","description":"\u00dcd\u00fcl\u00e9s Ausztri\u00e1ban, Salzburg tartom\u00e1nyban","potentialAction":[{"@type":"SearchAction","target":{"@type":"EntryPoint","urlTemplate":"https:\/\/www.salzburgerland.com\/hu\/?s={search_term_string}"},"query-input":{"@type":"PropertyValueSpecification","valueRequired":true,"valueName":"search_term_string"}}],"inLanguage":"hu"},{"@type":"Person","@id":"https:\/\/www.salzburgerland.com\/hu\/#\/schema\/person\/8645fd8d9954794f91d6569036b95668","name":"Ildik\u00f3 St\u00e9hlin\u00e9 Szil\u00e1gyi","image":{"@type":"ImageObject","inLanguage":"hu","@id":"https:\/\/secure.gravatar.com\/avatar\/230c8b0e5a4b59d72a641ab6dbced4081ebeb113f114e6fdf9e673e91351cdd4?s=96&d=mm&r=g","url":"https:\/\/secure.gravatar.com\/avatar\/230c8b0e5a4b59d72a641ab6dbced4081ebeb113f114e6fdf9e673e91351cdd4?s=96&d=mm&r=g","contentUrl":"https:\/\/secure.gravatar.com\/avatar\/230c8b0e5a4b59d72a641ab6dbced4081ebeb113f114e6fdf9e673e91351cdd4?s=96&d=mm&r=g","caption":"Ildik\u00f3 St\u00e9hlin\u00e9 Szil\u00e1gyi"}}]},"og_video":"https:\/\/www.youtube.com\/embed\/qa4ih3ehrx8","og_video_type":"text\/html","og_video_duration":"75","og_video_width":"480","og_video_height":"270","ya_ovs_adult":"false","ya_ovs_upload_date":"2020-08-19T19:27:58+00:00","ya_ovs_allow_embed":"true"},"_wl_alt_label":[],"wl:entity_url":"http:\/\/open.salzburgerland.com\/hu\/post\/egy_nap_a_gazdasagban_a_falusi_osz_idejen","_links":{"self":[{"href":"https:\/\/www.salzburgerland.com\/hu\/wp-json\/wp\/v2\/posts\/10647","targetHints":{"allow":["GET"]}}],"collection":[{"href":"https:\/\/www.salzburgerland.com\/hu\/wp-json\/wp\/v2\/posts"}],"about":[{"href":"https:\/\/www.salzburgerland.com\/hu\/wp-json\/wp\/v2\/types\/post"}],"author":[{"embeddable":true,"href":"https:\/\/www.salzburgerland.com\/hu\/wp-json\/wp\/v2\/users\/17"}],"replies":[{"embeddable":true,"href":"https:\/\/www.salzburgerland.com\/hu\/wp-json\/wp\/v2\/comments?post=10647"}],"version-history":[{"count":7,"href":"https:\/\/www.salzburgerland.com\/hu\/wp-json\/wp\/v2\/posts\/10647\/revisions"}],"predecessor-version":[{"id":22117,"href":"https:\/\/www.salzburgerland.com\/hu\/wp-json\/wp\/v2\/posts\/10647\/revisions\/22117"}],"wp:featuredmedia":[{"embeddable":true,"href":"https:\/\/www.salzburgerland.com\/hu\/wp-json\/wp\/v2\/media\/10648"}],"wp:attachment":[{"href":"https:\/\/www.salzburgerland.com\/hu\/wp-json\/wp\/v2\/media?parent=10647"}],"wp:term":[{"taxonomy":"category","embeddable":true,"href":"https:\/\/www.salzburgerland.com\/hu\/wp-json\/wp\/v2\/categories?post=10647"},{"taxonomy":"post_tag","embeddable":true,"href":"https:\/\/www.salzburgerland.com\/hu\/wp-json\/wp\/v2\/tags?post=10647"},{"taxonomy":"wl_entity_type","embeddable":true,"href":"https:\/\/www.salzburgerland.com\/hu\/wp-json\/wp\/v2\/wl_entity_type?post=10647"}],"curies":[{"name":"wp","href":"https:\/\/api.w.org\/{rel}","templated":true}]}}