{"id":94307,"date":"2016-12-22T14:31:04","date_gmt":"2016-12-22T13:31:04","guid":{"rendered":"https:\/\/www.onebigpark.at\/de\/?p=94307"},"modified":"2017-03-22T10:07:21","modified_gmt":"2017-03-22T09:07:21","slug":"meisis-reise-salzburgerland-hochkoenig-buergl-alm-kraeuter","status":"publish","type":"post","link":"https:\/\/www.salzburgerland.com\/de\/meisis-reise-salzburgerland-hochkoenig-buergl-alm-kraeuter\/","title":{"rendered":"Meisis Reise zum Hochk\u00f6nig"},"content":{"rendered":"<p>Was haben Ern\u00e4hrungstrends wie \u201eDetox\u201c oder Sch\u00f6nheitsgeheimnisse rund um den perfekten \u201eGlow\u201c mit dem bodenst\u00e4ndigen Leben auf der Alm zu tun? Sehr viel, fand Alexandra Meissnitzer, heimatverbundene Salzburgerin und Ex-Skistar heraus. Im Rahmen ihrer neuen Filmreihe <a href=\"\/de\/entity\/meisis-reise\">\u201eMeisis Reise durchs SalzburgerLand\u201c<\/a> trat sie in die Pedale ihres E-Bikes, um bei <a href=\"\/de\/meisis-reise-almkraeuter-smoothie\">Gabi und Toni B\u00fcrgler auf der B\u00fcrgl-Alm<\/a> einzukehren. Die Almleute weihten Alexandra Meissnitzer in die Geheimnisse der Kr\u00e4uterkunde ein und so erfuhr sie, dass die wohlschmeckenden Kr\u00e4uter wahre Allesk\u00f6nner sind, wenn es um Sch\u00f6nheit, guten Geschmack und k\u00f6rperliches Wohlbefinden geht. Sie sind im Stande, Entz\u00fcndungen zu lindern und k\u00f6nnen zu Entschlackung, Reinigung und Regeneration beitragen. In Kombination mit klarer Bergluft und sanfter Bewegung zaubern sie auch den erw\u00fcnschten \u201eGlow\u201c ins Gesicht.<\/p>\n<blockquote><p>Unglaublich, was Gabi B\u00fcrgler alles wei\u00df: Sie ist eine wahrhaft kr\u00e4uterkundige und dennoch sehr moderne Frau, die die Gaben der Natur zu sch\u00e4tzen wei\u00df. \u2013\u00a0Alexandra Meissnitzer<\/p><\/blockquote>\n<div id=\"attachment_94317\" style=\"width: 1180px\" class=\"wp-caption alignnone\"><img decoding=\"async\" aria-describedby=\"caption-attachment-94317\" class=\"wp-image-94317 size-1170_658\" src=\"https:\/\/cdn.salzburgerland.com\/de\/wp-content\/uploads\/2016\/12\/meisis-reise-ferienregion-hochkoenig-alexandra-beim-kraeuter-sammeln-1-1170x658.jpg\" alt=\"Alexandra Meissnitzer beim Kr\u00e4uter sammeln auf der B\u00fcrgl Alm\" width=\"1170\" height=\"658\"><p id=\"caption-attachment-94317\" class=\"wp-caption-text\">\u00a9 SalzburgerLand Tourismus, Michael Gr\u00f6\u00dfinger, Alexandra Meissnitzer beim Kr\u00e4utersammeln auf der B\u00fcrgl Alm<\/p><\/div>\n<p>Die <span>B\u00fcrgl-Alm<\/span> in Dienten ist eine von 171 zertifizierten Almsommerh\u00fctten im SalzburgerLand: Im Winter befindet sie sich direkt im Skigebiet Hochk\u00f6nig. Wanderer sch\u00e4tzen die wundersch\u00f6ne Lage der Alm mit grandiosem Blick auf das sagenumwobene Hochk\u00f6nigmassiv: An zwei Tagen pro Woche kann man die\u00a0<span>B\u00fcrgl-Alm<\/span>\u00a0ganz bequem per Bergbahn erreichen und sogar mit Kinderwagen dorthin wandern. Andere wiederum gehen zu Fu\u00df oder fahren \u2013 wie Alexandra Meissnitzer \u2013 mit dem E-Bike. Die <a href=\"https:\/\/www.salzburgerland.com\/de\/hochkoenig\/\">Ferienregion Hochk\u00f6nig<\/a> ist die erste Ferienregion mit einem fl\u00e4chendeckenden E-Tankstellen-Netz auf den Almen. So k\u00f6nnen auch mehrere der 13 Kr\u00e4uteralmen innerhalb eines Tages besucht werden. Sie haben mit ihren Kr\u00e4utern ganz unterschiedliche Schwerpunkte gesetzt: Auf der\u00a0<span>B\u00fcrgl-Alm<\/span>\u00a0dreht sich alles rund um die <a href=\"\/de\/meisis-reise-almkraeuter-smoothie\">Brennnessel<\/a>.<\/p>\n<blockquote><p>Die Brennnessel ist eine meiner liebsten Pflanzen. Ich habe sogar zwei Brennnessel-Plantagen ganz in der N\u00e4he unserer H\u00fctte: Alle drei Wochen pfl\u00fccke ich die jungen Brennnessel-Spitzen und stelle daraus unseren beliebten \u201eDientner Almsirup\u201c her. \u2013\u00a0Gabi B\u00fcrgler<\/p><\/blockquote>\n<div id=\"attachment_95795\" style=\"width: 1180px\" class=\"wp-caption alignnone\"><img decoding=\"async\" aria-describedby=\"caption-attachment-95795\" class=\"size-1170_658 wp-image-95795\" src=\"https:\/\/cdn.salzburgerland.com\/de\/wp-content\/uploads\/2016\/12\/meisis-reise-ferienregion-hochkoenig-alexandra-geniesst-den-kraeutersmoothie-auf-der-buergl-alm-2-1170x658.jpg\" alt=\"Alexandra Meissnitzer genie\u00dft den Kr\u00e4utersmoothie auf der B\u00fcrglalm\" width=\"1170\" height=\"658\" srcset=\"https:\/\/www.salzburgerland.com\/de\/wp-content\/uploads\/2016\/12\/meisis-reise-ferienregion-hochkoenig-alexandra-geniesst-den-kraeutersmoothie-auf-der-buergl-alm-2-1170x658.jpg 1170w, https:\/\/www.salzburgerland.com\/de\/wp-content\/uploads\/2016\/12\/meisis-reise-ferienregion-hochkoenig-alexandra-geniesst-den-kraeutersmoothie-auf-der-buergl-alm-2-1200x675.jpg 1200w\" sizes=\"(max-width: 1170px) 100vw, 1170px\"><p id=\"caption-attachment-95795\" class=\"wp-caption-text\">\u00a9 SalzburgerLand Tourismus, Michael Gr\u00f6\u00dfinger, Alexandra Meissnitzer genie\u00dft den Kr\u00e4utersmoothie auf der B\u00fcrgl-Alm<\/p><\/div>\n<p>F\u00fcr Alexandra Meissnitzer geh\u00f6ren Sport, Fitness und Wohlbefinden seit jeher zu ihrem Leben: Die ehemalige Spitzenathletin achtet auf eine ausbalancierte Lebensf\u00fchrung, ern\u00e4hrt sich bewusst und bewegt sich regelm\u00e4\u00dfig. F\u00fcr ihren Beruf als Moderatorin und Co-Kommentatorin, aber auch als Werbebotschafterin f\u00fcr das SalzburgerLand muss sie fit sein: Sport geh\u00f6rt nach wie vor zu ihrem Alltag. Einblick in ihren pers\u00f6nlichen Fitness- und Trainings-Alltag gew\u00e4hrt sie in der ebenfalls neuen Filmreihe \u201eNat\u00fcrliche Gesundheit mit Alexandra Meissnitzer\u201c. Das Thema Kr\u00e4uter ist f\u00fcr die Salzburgerin auch pers\u00f6nlich von Interesse.<\/p>\n<blockquote><p>Kr\u00e4uter sind ein wahrer Energie-Kick f\u00fcr unseren K\u00f6rper. Das Kr\u00e4uterwissen wurde lange Zeit von einer Frauengeneration an die n\u00e4chste weitergegeben. Im SalzburgerLand ging dieses Wissen zum Gl\u00fcck nie verloren. \u2013\u00a0Alexandra Meissnitzer<\/p><\/blockquote>\n","protected":false},"excerpt":{"rendered":"<p>Was haben Ern\u00e4hrungstrends wie \u201eDetox\u201c oder Sch\u00f6nheitsgeheimnisse rund um den perfekten \u201eGlow\u201c mit dem bodenst\u00e4ndigen Leben auf der Alm zu tun? Sehr viel, fand Alexandra Meissnitzer, heimatverbundene Salzburgerin und Ex-Skistar heraus. Im Rahmen ihrer neuen Filmreihe \u201eMeisis Reise durchs SalzburgerLand\u201c trat sie in die Pedale ihres E-Bikes, um bei Gabi und Toni B\u00fcrgler auf der [&hellip;]<\/p>\n","protected":false},"author":30,"featured_media":94308,"comment_status":"closed","ping_status":"closed","sticky":false,"template":"","format":"standard","meta":{"_acf_changed":false,"wl_entities_gutenberg":"","_relevanssi_hide_post":"","_relevanssi_hide_content":"","_relevanssi_pin_for_all":"","_relevanssi_pin_keywords":"","_relevanssi_unpin_keywords":"","_relevanssi_related_keywords":"","_relevanssi_related_include_ids":"","_relevanssi_related_exclude_ids":"","_relevanssi_related_no_append":"","_relevanssi_related_not_related":"","_relevanssi_related_posts":"","_relevanssi_noindex_reason":"","footnotes":""},"categories":[1],"tags":[],"wl_entity_type":[11495],"class_list":["post-94307","post","type-post","status-publish","format-standard","has-post-thumbnail","hentry","category-allgemein","wl_entity_type-article"],"acf":[],"yoast_head":"<!-- This site is optimized with the Yoast SEO Premium plugin v26.9 (Yoast SEO v26.9) - https:\/\/yoast.com\/product\/yoast-seo-premium-wordpress\/ -->\n<title>Alexandra Meissnitzer in der Region Hochk\u00f6nig<\/title>\n<meta name=\"robots\" content=\"index, follow, max-snippet:-1, max-image-preview:large, max-video-preview:-1\" \/>\n<link rel=\"canonical\" href=\"https:\/\/www.salzburgerland.com\/de\/wp-json\/wp\/v2\/posts\/94307\" \/>\n<meta property=\"og:locale\" content=\"de_DE\" \/>\n<meta property=\"og:type\" content=\"article\" \/>\n<meta property=\"og:title\" content=\"Meisis Reise zum Hochk\u00f6nig\" \/>\n<meta property=\"og:description\" content=\"Auf der B\u00fcrgl-Alm \u2013 einer von 13 Kr\u00e4uteralmen in der Ferienregion Hochk\u00f6nig \u2013 hat man sich auf die Verarbeitung von selbst angebauten Garten- sowie nat\u00fcrlich wachsenden Alm- und Wildkr\u00e4utern spezialisiert.\" \/>\n<meta property=\"og:url\" content=\"https:\/\/www.salzburgerland.com\/de\/wp-json\/wp\/v2\/posts\/94307\" \/>\n<meta property=\"og:site_name\" content=\"SalzburgerLand.com\" \/>\n<meta property=\"article:publisher\" content=\"https:\/\/www.facebook.com\/salzburgerland\/\" \/>\n<meta property=\"article:published_time\" content=\"2016-12-22T13:31:04+00:00\" \/>\n<meta property=\"article:modified_time\" content=\"2017-03-22T09:07:21+00:00\" \/>\n<meta property=\"og:image\" content=\"https:\/\/www.salzburgerland.com\/de\/wp-content\/uploads\/2016\/12\/meisis-reise-ferienregion-hochkoenig-alexandra-auf-der-buergl-alm-1200x675.jpg\" \/>\n\t<meta property=\"og:image:width\" content=\"1200\" \/>\n\t<meta property=\"og:image:height\" content=\"675\" \/>\n\t<meta property=\"og:image:type\" content=\"image\/jpeg\" \/>\n<meta name=\"author\" content=\"Philipp Reisinger\" \/>\n<meta name=\"twitter:card\" content=\"summary_large_image\" \/>\n<meta name=\"twitter:creator\" content=\"@Salzburgerland\" \/>\n<meta name=\"twitter:site\" content=\"@Salzburgerland\" \/>\n<meta name=\"twitter:label1\" content=\"Verfasst von\" \/>\n\t<meta name=\"twitter:data1\" content=\"Philipp Reisinger\" \/>\n\t<meta name=\"twitter:label2\" content=\"Gesch\u00e4tzte Lesezeit\" \/>\n\t<meta name=\"twitter:data2\" content=\"3\u00a0Minuten\" \/>\n<script type=\"application\/ld+json\" class=\"yoast-schema-graph\">{\"@context\":\"https:\/\/schema.org\",\"@graph\":[{\"@type\":\"WebPage\",\"@id\":\"https:\/\/www.salzburgerland.com\/de\/meisis-reise-salzburgerland-hochkoenig-buergl-alm-kraeuter\/\",\"url\":\"https:\/\/www.salzburgerland.com\/de\/meisis-reise-salzburgerland-hochkoenig-buergl-alm-kraeuter\/\",\"name\":\"Alexandra Meissnitzer in der Region Hochk\u00f6nig\",\"isPartOf\":{\"@id\":\"https:\/\/www.salzburgerland.com\/de\/#website\"},\"primaryImageOfPage\":{\"@id\":\"https:\/\/www.salzburgerland.com\/de\/meisis-reise-salzburgerland-hochkoenig-buergl-alm-kraeuter\/#primaryimage\"},\"image\":{\"@id\":\"https:\/\/www.salzburgerland.com\/de\/meisis-reise-salzburgerland-hochkoenig-buergl-alm-kraeuter\/#primaryimage\"},\"thumbnailUrl\":\"https:\/\/www.salzburgerland.com\/de\/wp-content\/uploads\/2016\/12\/meisis-reise-ferienregion-hochkoenig-alexandra-auf-der-buergl-alm.jpg\",\"datePublished\":\"2016-12-22T13:31:04+00:00\",\"dateModified\":\"2017-03-22T09:07:21+00:00\",\"description\":\"Auf der B\u00fcrgl-Alm \u2013 einer von 13 Kr\u00e4uteralmen in der Ferienregion Hochk\u00f6nig \u2013 hat man sich auf die Verarbeitung von selbst angebauten Garten- sowie nat\u00fcrlich wachsenden Alm- und Wildkr\u00e4utern spezialisiert.\",\"breadcrumb\":{\"@id\":\"https:\/\/www.salzburgerland.com\/de\/meisis-reise-salzburgerland-hochkoenig-buergl-alm-kraeuter\/#breadcrumb\"},\"inLanguage\":\"de\",\"potentialAction\":[{\"@type\":\"ReadAction\",\"target\":[\"https:\/\/www.salzburgerland.com\/de\/meisis-reise-salzburgerland-hochkoenig-buergl-alm-kraeuter\/\"]}]},{\"@type\":\"ImageObject\",\"inLanguage\":\"de\",\"@id\":\"https:\/\/www.salzburgerland.com\/de\/meisis-reise-salzburgerland-hochkoenig-buergl-alm-kraeuter\/#primaryimage\",\"url\":\"https:\/\/www.salzburgerland.com\/de\/wp-content\/uploads\/2016\/12\/meisis-reise-ferienregion-hochkoenig-alexandra-auf-der-buergl-alm.jpg\",\"contentUrl\":\"https:\/\/www.salzburgerland.com\/de\/wp-content\/uploads\/2016\/12\/meisis-reise-ferienregion-hochkoenig-alexandra-auf-der-buergl-alm.jpg\",\"width\":1920,\"height\":1280,\"caption\":\"\u00a9 SalzburgerLand Tourismus, Michael Gr\u00f6\u00dfinger, Alexandra Meissnitzer auf der B\u00fcrgl Alm\"},{\"@type\":\"BreadcrumbList\",\"@id\":\"https:\/\/www.salzburgerland.com\/de\/meisis-reise-salzburgerland-hochkoenig-buergl-alm-kraeuter\/#breadcrumb\",\"itemListElement\":[{\"@type\":\"ListItem\",\"position\":1,\"name\":\"Meisis Reise\",\"item\":\"https:\/\/www.salzburgerland.com\/de\/meisis-reise\/\"},{\"@type\":\"ListItem\",\"position\":2,\"name\":\"Meisis Reise zum Hochk\u00f6nig\"}]},{\"@type\":\"WebSite\",\"@id\":\"https:\/\/www.salzburgerland.com\/de\/#website\",\"url\":\"https:\/\/www.salzburgerland.com\/de\/\",\"name\":\"SalzburgerLand.com\",\"description\":\"Ihr Urlaub in Salzburg, \u00d6sterreich\",\"publisher\":{\"@id\":\"https:\/\/www.salzburgerland.com\/de\/#organization\"},\"potentialAction\":[{\"@type\":\"SearchAction\",\"target\":{\"@type\":\"EntryPoint\",\"urlTemplate\":\"https:\/\/www.salzburgerland.com\/de\/?s={search_term_string}\"},\"query-input\":{\"@type\":\"PropertyValueSpecification\",\"valueRequired\":true,\"valueName\":\"search_term_string\"}}],\"inLanguage\":\"de\"},{\"@type\":\"Organization\",\"@id\":\"https:\/\/www.salzburgerland.com\/de\/#organization\",\"name\":\"SalzburgerLand Tourismus GmbH\",\"url\":\"https:\/\/www.salzburgerland.com\/de\/\",\"logo\":{\"@type\":\"ImageObject\",\"inLanguage\":\"de\",\"@id\":\"https:\/\/www.salzburgerland.com\/de\/#\/schema\/logo\/image\/\",\"url\":\"https:\/\/www.salzburgerland.com\/de\/wp-content\/uploads\/2017\/01\/salzburgerland-logo.jpg\",\"contentUrl\":\"https:\/\/www.salzburgerland.com\/de\/wp-content\/uploads\/2017\/01\/salzburgerland-logo.jpg\",\"width\":1920,\"height\":827,\"caption\":\"SalzburgerLand Tourismus GmbH\"},\"image\":{\"@id\":\"https:\/\/www.salzburgerland.com\/de\/#\/schema\/logo\/image\/\"},\"sameAs\":[\"https:\/\/www.facebook.com\/salzburgerland\/\",\"https:\/\/x.com\/Salzburgerland\",\"https:\/\/www.instagram.com\/salzburgerland\/\",\"http:\/\/dbpedia.org\/resource\/Salzburg_(state)\",\"http:\/\/wikidata.dbpedia.org\/resource\/Q43325\",\"http:\/\/open.salzburgerland.com\/de\/entity\/salzburgerland\",\"https:\/\/www.youtube.com\/user\/salzburgerland\"]},{\"@type\":\"Person\",\"@id\":\"https:\/\/www.salzburgerland.com\/de\/#\/schema\/person\/b1f130fb6eaf49a005567f5c0d81611f\",\"name\":\"Philipp Reisinger\",\"image\":{\"@type\":\"ImageObject\",\"inLanguage\":\"de\",\"@id\":\"https:\/\/www.salzburgerland.com\/de\/#\/schema\/person\/image\/\",\"url\":\"https:\/\/secure.gravatar.com\/avatar\/9fe3341be2498024d31c201bef0a0d87f2a6e5e0b73590799a316cb0e243cc18?s=96&d=mm&r=g\",\"contentUrl\":\"https:\/\/secure.gravatar.com\/avatar\/9fe3341be2498024d31c201bef0a0d87f2a6e5e0b73590799a316cb0e243cc18?s=96&d=mm&r=g\",\"caption\":\"Philipp Reisinger\"}}]}<\/script>\n<!-- \/ Yoast SEO Premium plugin. -->","yoast_head_json":{"title":"Alexandra Meissnitzer in der Region Hochk\u00f6nig","robots":{"index":"index","follow":"follow","max-snippet":"max-snippet:-1","max-image-preview":"max-image-preview:large","max-video-preview":"max-video-preview:-1"},"canonical":"https:\/\/www.salzburgerland.com\/de\/wp-json\/wp\/v2\/posts\/94307","og_locale":"de_DE","og_type":"article","og_title":"Meisis Reise zum Hochk\u00f6nig","og_description":"Auf der B\u00fcrgl-Alm \u2013 einer von 13 Kr\u00e4uteralmen in der Ferienregion Hochk\u00f6nig \u2013 hat man sich auf die Verarbeitung von selbst angebauten Garten- sowie nat\u00fcrlich wachsenden Alm- und Wildkr\u00e4utern spezialisiert.","og_url":"https:\/\/www.salzburgerland.com\/de\/wp-json\/wp\/v2\/posts\/94307","og_site_name":"SalzburgerLand.com","article_publisher":"https:\/\/www.facebook.com\/salzburgerland\/","article_published_time":"2016-12-22T13:31:04+00:00","article_modified_time":"2017-03-22T09:07:21+00:00","og_image":[{"width":1200,"height":675,"url":"https:\/\/www.salzburgerland.com\/de\/wp-content\/uploads\/2016\/12\/meisis-reise-ferienregion-hochkoenig-alexandra-auf-der-buergl-alm-1200x675.jpg","type":"image\/jpeg"}],"author":"Philipp Reisinger","twitter_card":"summary_large_image","twitter_creator":"@Salzburgerland","twitter_site":"@Salzburgerland","twitter_misc":{"Verfasst von":"Philipp Reisinger","Gesch\u00e4tzte Lesezeit":"3\u00a0Minuten"},"schema":{"@context":"https:\/\/schema.org","@graph":[{"@type":"WebPage","@id":"https:\/\/www.salzburgerland.com\/de\/meisis-reise-salzburgerland-hochkoenig-buergl-alm-kraeuter\/","url":"https:\/\/www.salzburgerland.com\/de\/meisis-reise-salzburgerland-hochkoenig-buergl-alm-kraeuter\/","name":"Alexandra Meissnitzer in der Region Hochk\u00f6nig","isPartOf":{"@id":"https:\/\/www.salzburgerland.com\/de\/#website"},"primaryImageOfPage":{"@id":"https:\/\/www.salzburgerland.com\/de\/meisis-reise-salzburgerland-hochkoenig-buergl-alm-kraeuter\/#primaryimage"},"image":{"@id":"https:\/\/www.salzburgerland.com\/de\/meisis-reise-salzburgerland-hochkoenig-buergl-alm-kraeuter\/#primaryimage"},"thumbnailUrl":"https:\/\/www.salzburgerland.com\/de\/wp-content\/uploads\/2016\/12\/meisis-reise-ferienregion-hochkoenig-alexandra-auf-der-buergl-alm.jpg","datePublished":"2016-12-22T13:31:04+00:00","dateModified":"2017-03-22T09:07:21+00:00","description":"Auf der B\u00fcrgl-Alm \u2013 einer von 13 Kr\u00e4uteralmen in der Ferienregion Hochk\u00f6nig \u2013 hat man sich auf die Verarbeitung von selbst angebauten Garten- sowie nat\u00fcrlich wachsenden Alm- und Wildkr\u00e4utern spezialisiert.","breadcrumb":{"@id":"https:\/\/www.salzburgerland.com\/de\/meisis-reise-salzburgerland-hochkoenig-buergl-alm-kraeuter\/#breadcrumb"},"inLanguage":"de","potentialAction":[{"@type":"ReadAction","target":["https:\/\/www.salzburgerland.com\/de\/meisis-reise-salzburgerland-hochkoenig-buergl-alm-kraeuter\/"]}]},{"@type":"ImageObject","inLanguage":"de","@id":"https:\/\/www.salzburgerland.com\/de\/meisis-reise-salzburgerland-hochkoenig-buergl-alm-kraeuter\/#primaryimage","url":"https:\/\/www.salzburgerland.com\/de\/wp-content\/uploads\/2016\/12\/meisis-reise-ferienregion-hochkoenig-alexandra-auf-der-buergl-alm.jpg","contentUrl":"https:\/\/www.salzburgerland.com\/de\/wp-content\/uploads\/2016\/12\/meisis-reise-ferienregion-hochkoenig-alexandra-auf-der-buergl-alm.jpg","width":1920,"height":1280,"caption":"\u00a9 SalzburgerLand Tourismus, Michael Gr\u00f6\u00dfinger, Alexandra Meissnitzer auf der B\u00fcrgl Alm"},{"@type":"BreadcrumbList","@id":"https:\/\/www.salzburgerland.com\/de\/meisis-reise-salzburgerland-hochkoenig-buergl-alm-kraeuter\/#breadcrumb","itemListElement":[{"@type":"ListItem","position":1,"name":"Meisis Reise","item":"https:\/\/www.salzburgerland.com\/de\/meisis-reise\/"},{"@type":"ListItem","position":2,"name":"Meisis Reise zum Hochk\u00f6nig"}]},{"@type":"WebSite","@id":"https:\/\/www.salzburgerland.com\/de\/#website","url":"https:\/\/www.salzburgerland.com\/de\/","name":"SalzburgerLand.com","description":"Ihr Urlaub in Salzburg, \u00d6sterreich","publisher":{"@id":"https:\/\/www.salzburgerland.com\/de\/#organization"},"potentialAction":[{"@type":"SearchAction","target":{"@type":"EntryPoint","urlTemplate":"https:\/\/www.salzburgerland.com\/de\/?s={search_term_string}"},"query-input":{"@type":"PropertyValueSpecification","valueRequired":true,"valueName":"search_term_string"}}],"inLanguage":"de"},{"@type":"Organization","@id":"https:\/\/www.salzburgerland.com\/de\/#organization","name":"SalzburgerLand Tourismus GmbH","url":"https:\/\/www.salzburgerland.com\/de\/","logo":{"@type":"ImageObject","inLanguage":"de","@id":"https:\/\/www.salzburgerland.com\/de\/#\/schema\/logo\/image\/","url":"https:\/\/www.salzburgerland.com\/de\/wp-content\/uploads\/2017\/01\/salzburgerland-logo.jpg","contentUrl":"https:\/\/www.salzburgerland.com\/de\/wp-content\/uploads\/2017\/01\/salzburgerland-logo.jpg","width":1920,"height":827,"caption":"SalzburgerLand Tourismus GmbH"},"image":{"@id":"https:\/\/www.salzburgerland.com\/de\/#\/schema\/logo\/image\/"},"sameAs":["https:\/\/www.facebook.com\/salzburgerland\/","https:\/\/x.com\/Salzburgerland","https:\/\/www.instagram.com\/salzburgerland\/","http:\/\/dbpedia.org\/resource\/Salzburg_(state)","http:\/\/wikidata.dbpedia.org\/resource\/Q43325","http:\/\/open.salzburgerland.com\/de\/entity\/salzburgerland","https:\/\/www.youtube.com\/user\/salzburgerland"]},{"@type":"Person","@id":"https:\/\/www.salzburgerland.com\/de\/#\/schema\/person\/b1f130fb6eaf49a005567f5c0d81611f","name":"Philipp Reisinger","image":{"@type":"ImageObject","inLanguage":"de","@id":"https:\/\/www.salzburgerland.com\/de\/#\/schema\/person\/image\/","url":"https:\/\/secure.gravatar.com\/avatar\/9fe3341be2498024d31c201bef0a0d87f2a6e5e0b73590799a316cb0e243cc18?s=96&d=mm&r=g","contentUrl":"https:\/\/secure.gravatar.com\/avatar\/9fe3341be2498024d31c201bef0a0d87f2a6e5e0b73590799a316cb0e243cc18?s=96&d=mm&r=g","caption":"Philipp Reisinger"}}]}},"_wl_alt_label":[],"wl:entity_url":"http:\/\/open.salzburgerland.com\/de\/post\/meisis_reise_in_der_ferienregion_hochkoenig","_links":{"self":[{"href":"https:\/\/www.salzburgerland.com\/de\/wp-json\/wp\/v2\/posts\/94307","targetHints":{"allow":["GET"]}}],"collection":[{"href":"https:\/\/www.salzburgerland.com\/de\/wp-json\/wp\/v2\/posts"}],"about":[{"href":"https:\/\/www.salzburgerland.com\/de\/wp-json\/wp\/v2\/types\/post"}],"author":[{"embeddable":true,"href":"https:\/\/www.salzburgerland.com\/de\/wp-json\/wp\/v2\/users\/30"}],"replies":[{"embeddable":true,"href":"https:\/\/www.salzburgerland.com\/de\/wp-json\/wp\/v2\/comments?post=94307"}],"version-history":[{"count":0,"href":"https:\/\/www.salzburgerland.com\/de\/wp-json\/wp\/v2\/posts\/94307\/revisions"}],"wp:featuredmedia":[{"embeddable":true,"href":"https:\/\/www.salzburgerland.com\/de\/wp-json\/wp\/v2\/media\/94308"}],"wp:attachment":[{"href":"https:\/\/www.salzburgerland.com\/de\/wp-json\/wp\/v2\/media?parent=94307"}],"wp:term":[{"taxonomy":"category","embeddable":true,"href":"https:\/\/www.salzburgerland.com\/de\/wp-json\/wp\/v2\/categories?post=94307"},{"taxonomy":"post_tag","embeddable":true,"href":"https:\/\/www.salzburgerland.com\/de\/wp-json\/wp\/v2\/tags?post=94307"},{"taxonomy":"wl_entity_type","embeddable":true,"href":"https:\/\/www.salzburgerland.com\/de\/wp-json\/wp\/v2\/wl_entity_type?post=94307"}],"curies":[{"name":"wp","href":"https:\/\/api.w.org\/{rel}","templated":true}]}}