{"id":89391,"date":"2016-12-02T16:11:40","date_gmt":"2016-12-02T15:11:40","guid":{"rendered":"https:\/\/www.onebigpark.at\/de\/?p=89391"},"modified":"2026-04-15T10:09:36","modified_gmt":"2026-04-15T08:09:36","slug":"koenigsweg","status":"publish","type":"post","link":"https:\/\/www.salzburgerland.com\/de\/koenigsweg\/","title":{"rendered":"K\u00f6nigsweg"},"content":{"rendered":"<p><span>Von Alm zu Alm geht es auf diesem idyllischen Weg entlang des Hochk\u00f6nig-Massivs.\u00a0<\/span><span>Urspr\u00fcngliche Natur, schroffe Felsen, sanfte Wiesen, weite Almen und zauberhafte W\u00e4lder sind nur einige der nat\u00fcrlichen Sch\u00f6nheiten, die einen sofort in ihren Bann ziehen.\u00a0<\/span><span>Die erste Etappe startet in Maria Alm \u00fcber den interessanten Walderlebnisweg, an Almen vorbei nach Dienten. Von dort f\u00fchrt\u00a0die Tour am Fu\u00dfe des imposanten Hochk\u00f6nigs nach M\u00fchlbach. Der 3. Wandertag beginnt mit einem Anstieg auf den 1.938 m hohen Schneeberg, ein wundersch\u00f6ner H\u00f6henweg f\u00fchrt dann weiter zur B\u00fcrglalm und ins Tal nach Dienten. Der letzte Tag wartet mit 3 Gipfelsiegen auf die Wanderer und endet schlie\u00dflich wieder in Maria Alm. Nat\u00fcrlich ist es auch m\u00f6glich, zwischendurch Erholungstage einzuschieben.<\/span><\/p>\n","protected":false},"excerpt":{"rendered":"<p>Von Alm zu Alm geht es auf diesem idyllischen Weg entlang des Hochk\u00f6nig-Massivs.\u00a0Urspr\u00fcngliche Natur, schroffe Felsen, sanfte Wiesen, weite Almen und zauberhafte W\u00e4lder sind nur einige der nat\u00fcrlichen Sch\u00f6nheiten, die einen sofort in ihren Bann ziehen.\u00a0Die erste Etappe startet in Maria Alm \u00fcber den interessanten Walderlebnisweg, an Almen vorbei nach Dienten. Von dort f\u00fchrt\u00a0die Tour [&hellip;]<\/p>\n","protected":false},"author":14,"featured_media":104471,"comment_status":"closed","ping_status":"closed","sticky":false,"template":"","format":"standard","meta":{"_acf_changed":false,"wl_entities_gutenberg":"","_relevanssi_hide_post":"","_relevanssi_hide_content":"","_relevanssi_pin_for_all":"","_relevanssi_pin_keywords":"","_relevanssi_unpin_keywords":"","_relevanssi_related_keywords":"","_relevanssi_related_include_ids":"","_relevanssi_related_exclude_ids":"","_relevanssi_related_no_append":"","_relevanssi_related_not_related":"","_relevanssi_related_posts":"","_relevanssi_noindex_reason":"","footnotes":""},"categories":[1],"tags":[13433],"wl_entity_type":[11495],"class_list":["post-89391","post","type-post","status-publish","format-standard","has-post-thumbnail","hentry","category-allgemein","tag-wandern","wl_entity_type-article"],"acf":[],"yoast_head":"<!-- This site is optimized with the Yoast SEO Premium plugin v26.9 (Yoast SEO v26.9) - https:\/\/yoast.com\/product\/yoast-seo-premium-wordpress\/ -->\n<title>K\u00f6nigsweg: Von Alm zu Alm geht es entlang des Hochk\u00f6nig\ufeff-Massivs<\/title>\n<meta name=\"robots\" content=\"index, follow, max-snippet:-1, max-image-preview:large, max-video-preview:-1\" \/>\n<link rel=\"canonical\" href=\"https:\/\/www.salzburgerland.com\/de\/wp-json\/wp\/v2\/posts\/89391\" \/>\n<meta property=\"og:locale\" content=\"de_DE\" \/>\n<meta property=\"og:type\" content=\"article\" \/>\n<meta property=\"og:title\" content=\"K\u00f6nigsweg\" \/>\n<meta property=\"og:description\" content=\"Von Alm zu Alm geht es entlang des Hochk\u00f6nig\ufeff-Massivs\" \/>\n<meta property=\"og:url\" content=\"https:\/\/www.salzburgerland.com\/de\/wp-json\/wp\/v2\/posts\/89391\" \/>\n<meta property=\"og:site_name\" content=\"SalzburgerLand.com\" \/>\n<meta property=\"article:publisher\" content=\"https:\/\/www.facebook.com\/salzburgerland\/\" \/>\n<meta property=\"article:published_time\" content=\"2016-12-02T15:11:40+00:00\" \/>\n<meta property=\"article:modified_time\" content=\"2026-04-15T08:09:36+00:00\" \/>\n<meta property=\"og:image\" content=\"https:\/\/www.salzburgerland.com\/de\/wp-content\/uploads\/2017\/01\/wandern_hochkoenig_2016_schartner-7-1200x675.jpg\" \/>\n\t<meta property=\"og:image:width\" content=\"1200\" \/>\n\t<meta property=\"og:image:height\" content=\"675\" \/>\n\t<meta property=\"og:image:type\" content=\"image\/jpeg\" \/>\n<meta name=\"author\" content=\"Rainer Edlinger\" \/>\n<meta name=\"twitter:card\" content=\"summary_large_image\" \/>\n<meta name=\"twitter:creator\" content=\"@edei\" \/>\n<meta name=\"twitter:site\" content=\"@Salzburgerland\" \/>\n<meta name=\"twitter:label1\" content=\"Verfasst von\" \/>\n\t<meta name=\"twitter:data1\" content=\"Rainer Edlinger\" \/>\n\t<meta name=\"twitter:label2\" content=\"Gesch\u00e4tzte Lesezeit\" \/>\n\t<meta name=\"twitter:data2\" content=\"2\u00a0Minuten\" \/>\n<script type=\"application\/ld+json\" class=\"yoast-schema-graph\">{\"@context\":\"https:\/\/schema.org\",\"@graph\":[{\"@type\":\"WebPage\",\"@id\":\"https:\/\/www.salzburgerland.com\/de\/koenigsweg\/\",\"url\":\"https:\/\/www.salzburgerland.com\/de\/koenigsweg\/\",\"name\":\"K\u00f6nigsweg: Von Alm zu Alm geht es entlang des Hochk\u00f6nig\ufeff-Massivs\",\"isPartOf\":{\"@id\":\"https:\/\/www.salzburgerland.com\/de\/#website\"},\"primaryImageOfPage\":{\"@id\":\"https:\/\/www.salzburgerland.com\/de\/koenigsweg\/#primaryimage\"},\"image\":{\"@id\":\"https:\/\/www.salzburgerland.com\/de\/koenigsweg\/#primaryimage\"},\"thumbnailUrl\":\"https:\/\/www.salzburgerland.com\/de\/wp-content\/uploads\/2017\/01\/wandern_hochkoenig_2016_schartner-7.jpg\",\"datePublished\":\"2016-12-02T15:11:40+00:00\",\"dateModified\":\"2026-04-15T08:09:36+00:00\",\"description\":\"Von Alm zu Alm geht es entlang des Hochk\u00f6nig\ufeff-Massivs\",\"breadcrumb\":{\"@id\":\"https:\/\/www.salzburgerland.com\/de\/koenigsweg\/#breadcrumb\"},\"inLanguage\":\"de\",\"potentialAction\":[{\"@type\":\"ReadAction\",\"target\":[\"https:\/\/www.salzburgerland.com\/de\/koenigsweg\/\"]}]},{\"@type\":\"ImageObject\",\"inLanguage\":\"de\",\"@id\":\"https:\/\/www.salzburgerland.com\/de\/koenigsweg\/#primaryimage\",\"url\":\"https:\/\/www.salzburgerland.com\/de\/wp-content\/uploads\/2017\/01\/wandern_hochkoenig_2016_schartner-7.jpg\",\"contentUrl\":\"https:\/\/www.salzburgerland.com\/de\/wp-content\/uploads\/2017\/01\/wandern_hochkoenig_2016_schartner-7.jpg\",\"width\":1920,\"height\":1281,\"caption\":\"\u00a9 Hochk\u00f6nig Tourismus, Schartner Christian - Wandern in der Region Hochkoenig\"},{\"@type\":\"BreadcrumbList\",\"@id\":\"https:\/\/www.salzburgerland.com\/de\/koenigsweg\/#breadcrumb\",\"itemListElement\":[{\"@type\":\"ListItem\",\"position\":1,\"name\":\"Wandern ohne Gep\u00e4ck\",\"item\":\"https:\/\/www.salzburgerland.com\/de\/wandern-ohne-gepaeck\/\"},{\"@type\":\"ListItem\",\"position\":2,\"name\":\"K\u00f6nigsweg\"}]},{\"@type\":\"WebSite\",\"@id\":\"https:\/\/www.salzburgerland.com\/de\/#website\",\"url\":\"https:\/\/www.salzburgerland.com\/de\/\",\"name\":\"SalzburgerLand.com\",\"description\":\"Ihr Urlaub in Salzburg, \u00d6sterreich\",\"publisher\":{\"@id\":\"https:\/\/www.salzburgerland.com\/de\/#organization\"},\"potentialAction\":[{\"@type\":\"SearchAction\",\"target\":{\"@type\":\"EntryPoint\",\"urlTemplate\":\"https:\/\/www.salzburgerland.com\/de\/?s={search_term_string}\"},\"query-input\":{\"@type\":\"PropertyValueSpecification\",\"valueRequired\":true,\"valueName\":\"search_term_string\"}}],\"inLanguage\":\"de\"},{\"@type\":\"Organization\",\"@id\":\"https:\/\/www.salzburgerland.com\/de\/#organization\",\"name\":\"SalzburgerLand Tourismus GmbH\",\"url\":\"https:\/\/www.salzburgerland.com\/de\/\",\"logo\":{\"@type\":\"ImageObject\",\"inLanguage\":\"de\",\"@id\":\"https:\/\/www.salzburgerland.com\/de\/#\/schema\/logo\/image\/\",\"url\":\"https:\/\/www.salzburgerland.com\/de\/wp-content\/uploads\/2017\/01\/salzburgerland-logo.jpg\",\"contentUrl\":\"https:\/\/www.salzburgerland.com\/de\/wp-content\/uploads\/2017\/01\/salzburgerland-logo.jpg\",\"width\":1920,\"height\":827,\"caption\":\"SalzburgerLand Tourismus GmbH\"},\"image\":{\"@id\":\"https:\/\/www.salzburgerland.com\/de\/#\/schema\/logo\/image\/\"},\"sameAs\":[\"https:\/\/www.facebook.com\/salzburgerland\/\",\"https:\/\/x.com\/Salzburgerland\",\"https:\/\/www.instagram.com\/salzburgerland\/\",\"http:\/\/dbpedia.org\/resource\/Salzburg_(state)\",\"http:\/\/wikidata.dbpedia.org\/resource\/Q43325\",\"http:\/\/open.salzburgerland.com\/de\/entity\/salzburgerland\",\"https:\/\/www.youtube.com\/user\/salzburgerland\"]},{\"@type\":\"Person\",\"@id\":\"https:\/\/www.salzburgerland.com\/de\/#\/schema\/person\/2e600525db83a61174f1547f69340b5f\",\"name\":\"Rainer Edlinger\",\"image\":{\"@type\":\"ImageObject\",\"inLanguage\":\"de\",\"@id\":\"https:\/\/www.salzburgerland.com\/de\/#\/schema\/person\/image\/\",\"url\":\"https:\/\/secure.gravatar.com\/avatar\/d969fa0d36465f75c5cf84e7f6ade358e3118b640bde0a90e717189edbbc3623?s=96&d=mm&r=g\",\"contentUrl\":\"https:\/\/secure.gravatar.com\/avatar\/d969fa0d36465f75c5cf84e7f6ade358e3118b640bde0a90e717189edbbc3623?s=96&d=mm&r=g\",\"caption\":\"Rainer Edlinger\"},\"sameAs\":[\"https:\/\/www.whisky-circle.info\/entity\/rainer-edlinger\/\",\"https:\/\/x.com\/edei\"]}]}<\/script>\n<!-- \/ Yoast SEO Premium plugin. -->","yoast_head_json":{"title":"K\u00f6nigsweg: Von Alm zu Alm geht es entlang des Hochk\u00f6nig\ufeff-Massivs","robots":{"index":"index","follow":"follow","max-snippet":"max-snippet:-1","max-image-preview":"max-image-preview:large","max-video-preview":"max-video-preview:-1"},"canonical":"https:\/\/www.salzburgerland.com\/de\/wp-json\/wp\/v2\/posts\/89391","og_locale":"de_DE","og_type":"article","og_title":"K\u00f6nigsweg","og_description":"Von Alm zu Alm geht es entlang des Hochk\u00f6nig\ufeff-Massivs","og_url":"https:\/\/www.salzburgerland.com\/de\/wp-json\/wp\/v2\/posts\/89391","og_site_name":"SalzburgerLand.com","article_publisher":"https:\/\/www.facebook.com\/salzburgerland\/","article_published_time":"2016-12-02T15:11:40+00:00","article_modified_time":"2026-04-15T08:09:36+00:00","og_image":[{"width":1200,"height":675,"url":"https:\/\/www.salzburgerland.com\/de\/wp-content\/uploads\/2017\/01\/wandern_hochkoenig_2016_schartner-7-1200x675.jpg","type":"image\/jpeg"}],"author":"Rainer Edlinger","twitter_card":"summary_large_image","twitter_creator":"@edei","twitter_site":"@Salzburgerland","twitter_misc":{"Verfasst von":"Rainer Edlinger","Gesch\u00e4tzte Lesezeit":"2\u00a0Minuten"},"schema":{"@context":"https:\/\/schema.org","@graph":[{"@type":"WebPage","@id":"https:\/\/www.salzburgerland.com\/de\/koenigsweg\/","url":"https:\/\/www.salzburgerland.com\/de\/koenigsweg\/","name":"K\u00f6nigsweg: Von Alm zu Alm geht es entlang des Hochk\u00f6nig\ufeff-Massivs","isPartOf":{"@id":"https:\/\/www.salzburgerland.com\/de\/#website"},"primaryImageOfPage":{"@id":"https:\/\/www.salzburgerland.com\/de\/koenigsweg\/#primaryimage"},"image":{"@id":"https:\/\/www.salzburgerland.com\/de\/koenigsweg\/#primaryimage"},"thumbnailUrl":"https:\/\/www.salzburgerland.com\/de\/wp-content\/uploads\/2017\/01\/wandern_hochkoenig_2016_schartner-7.jpg","datePublished":"2016-12-02T15:11:40+00:00","dateModified":"2026-04-15T08:09:36+00:00","description":"Von Alm zu Alm geht es entlang des Hochk\u00f6nig\ufeff-Massivs","breadcrumb":{"@id":"https:\/\/www.salzburgerland.com\/de\/koenigsweg\/#breadcrumb"},"inLanguage":"de","potentialAction":[{"@type":"ReadAction","target":["https:\/\/www.salzburgerland.com\/de\/koenigsweg\/"]}]},{"@type":"ImageObject","inLanguage":"de","@id":"https:\/\/www.salzburgerland.com\/de\/koenigsweg\/#primaryimage","url":"https:\/\/www.salzburgerland.com\/de\/wp-content\/uploads\/2017\/01\/wandern_hochkoenig_2016_schartner-7.jpg","contentUrl":"https:\/\/www.salzburgerland.com\/de\/wp-content\/uploads\/2017\/01\/wandern_hochkoenig_2016_schartner-7.jpg","width":1920,"height":1281,"caption":"\u00a9 Hochk\u00f6nig Tourismus, Schartner Christian - Wandern in der Region Hochkoenig"},{"@type":"BreadcrumbList","@id":"https:\/\/www.salzburgerland.com\/de\/koenigsweg\/#breadcrumb","itemListElement":[{"@type":"ListItem","position":1,"name":"Wandern ohne Gep\u00e4ck","item":"https:\/\/www.salzburgerland.com\/de\/wandern-ohne-gepaeck\/"},{"@type":"ListItem","position":2,"name":"K\u00f6nigsweg"}]},{"@type":"WebSite","@id":"https:\/\/www.salzburgerland.com\/de\/#website","url":"https:\/\/www.salzburgerland.com\/de\/","name":"SalzburgerLand.com","description":"Ihr Urlaub in Salzburg, \u00d6sterreich","publisher":{"@id":"https:\/\/www.salzburgerland.com\/de\/#organization"},"potentialAction":[{"@type":"SearchAction","target":{"@type":"EntryPoint","urlTemplate":"https:\/\/www.salzburgerland.com\/de\/?s={search_term_string}"},"query-input":{"@type":"PropertyValueSpecification","valueRequired":true,"valueName":"search_term_string"}}],"inLanguage":"de"},{"@type":"Organization","@id":"https:\/\/www.salzburgerland.com\/de\/#organization","name":"SalzburgerLand Tourismus GmbH","url":"https:\/\/www.salzburgerland.com\/de\/","logo":{"@type":"ImageObject","inLanguage":"de","@id":"https:\/\/www.salzburgerland.com\/de\/#\/schema\/logo\/image\/","url":"https:\/\/www.salzburgerland.com\/de\/wp-content\/uploads\/2017\/01\/salzburgerland-logo.jpg","contentUrl":"https:\/\/www.salzburgerland.com\/de\/wp-content\/uploads\/2017\/01\/salzburgerland-logo.jpg","width":1920,"height":827,"caption":"SalzburgerLand Tourismus GmbH"},"image":{"@id":"https:\/\/www.salzburgerland.com\/de\/#\/schema\/logo\/image\/"},"sameAs":["https:\/\/www.facebook.com\/salzburgerland\/","https:\/\/x.com\/Salzburgerland","https:\/\/www.instagram.com\/salzburgerland\/","http:\/\/dbpedia.org\/resource\/Salzburg_(state)","http:\/\/wikidata.dbpedia.org\/resource\/Q43325","http:\/\/open.salzburgerland.com\/de\/entity\/salzburgerland","https:\/\/www.youtube.com\/user\/salzburgerland"]},{"@type":"Person","@id":"https:\/\/www.salzburgerland.com\/de\/#\/schema\/person\/2e600525db83a61174f1547f69340b5f","name":"Rainer Edlinger","image":{"@type":"ImageObject","inLanguage":"de","@id":"https:\/\/www.salzburgerland.com\/de\/#\/schema\/person\/image\/","url":"https:\/\/secure.gravatar.com\/avatar\/d969fa0d36465f75c5cf84e7f6ade358e3118b640bde0a90e717189edbbc3623?s=96&d=mm&r=g","contentUrl":"https:\/\/secure.gravatar.com\/avatar\/d969fa0d36465f75c5cf84e7f6ade358e3118b640bde0a90e717189edbbc3623?s=96&d=mm&r=g","caption":"Rainer Edlinger"},"sameAs":["https:\/\/www.whisky-circle.info\/entity\/rainer-edlinger\/","https:\/\/x.com\/edei"]}]}},"_wl_alt_label":[],"wl:entity_url":"http:\/\/open.salzburgerland.com\/de\/post\/koenigsweg","_links":{"self":[{"href":"https:\/\/www.salzburgerland.com\/de\/wp-json\/wp\/v2\/posts\/89391","targetHints":{"allow":["GET"]}}],"collection":[{"href":"https:\/\/www.salzburgerland.com\/de\/wp-json\/wp\/v2\/posts"}],"about":[{"href":"https:\/\/www.salzburgerland.com\/de\/wp-json\/wp\/v2\/types\/post"}],"author":[{"embeddable":true,"href":"https:\/\/www.salzburgerland.com\/de\/wp-json\/wp\/v2\/users\/14"}],"replies":[{"embeddable":true,"href":"https:\/\/www.salzburgerland.com\/de\/wp-json\/wp\/v2\/comments?post=89391"}],"version-history":[{"count":5,"href":"https:\/\/www.salzburgerland.com\/de\/wp-json\/wp\/v2\/posts\/89391\/revisions"}],"predecessor-version":[{"id":682153,"href":"https:\/\/www.salzburgerland.com\/de\/wp-json\/wp\/v2\/posts\/89391\/revisions\/682153"}],"wp:featuredmedia":[{"embeddable":true,"href":"https:\/\/www.salzburgerland.com\/de\/wp-json\/wp\/v2\/media\/104471"}],"wp:attachment":[{"href":"https:\/\/www.salzburgerland.com\/de\/wp-json\/wp\/v2\/media?parent=89391"}],"wp:term":[{"taxonomy":"category","embeddable":true,"href":"https:\/\/www.salzburgerland.com\/de\/wp-json\/wp\/v2\/categories?post=89391"},{"taxonomy":"post_tag","embeddable":true,"href":"https:\/\/www.salzburgerland.com\/de\/wp-json\/wp\/v2\/tags?post=89391"},{"taxonomy":"wl_entity_type","embeddable":true,"href":"https:\/\/www.salzburgerland.com\/de\/wp-json\/wp\/v2\/wl_entity_type?post=89391"}],"curies":[{"name":"wp","href":"https:\/\/api.w.org\/{rel}","templated":true}]}}