{"id":89345,"date":"2016-12-02T14:44:57","date_gmt":"2016-12-02T13:44:57","guid":{"rendered":"https:\/\/www.onebigpark.at\/de\/?p=89345"},"modified":"2026-01-28T15:50:06","modified_gmt":"2026-01-28T14:50:06","slug":"mit-dem-e-bike-am-tauernradweg","status":"publish","type":"post","link":"https:\/\/www.salzburgerland.com\/de\/mit-dem-e-bike-am-tauernradweg\/","title":{"rendered":"Mit dem E-Bike am Tauernradweg"},"content":{"rendered":"<h2>bike-energy<\/h2>\n<p>Dank <a href=\"http:\/\/www.bike-energy.com\" target=\"_blank\" rel=\"noopener noreferrer\">bike-energy<\/a>\u00a0gibt es entlang des <a href=\"https:\/\/www.salzburgerland.com\/de\/tauernradweg\/\" target=\"_blank\" rel=\"noopener noreferrer\">Tauernradwegs<\/a> mittlerweile ein fast fl\u00e4chendeckendes Angebot an Ladestationen. Sie sind offen f\u00fcr alle g\u00e4ngigen Systeme und meist in unmittelbarer N\u00e4he gastronomischer Betriebe zu finden. Zum Auftanken wird kein sperriges und witterungsempfindliches Heim-Ladeger\u00e4t mehr ben\u00f6tigt. Das spart Zeit und vor allem Gewicht. Denn ganz nach dem Motto <strong>\u201aAnstecken \u2013 Aufladen \u2013 Weiterfahren\u2018<\/strong> bleibt der Akku w\u00e4hrend des gesamten Ladevorgangs sicher und versperrt am E-Bike. Durch die zukunftsweisende Magnetkupplung f\u00e4llt das Hantieren mit Hochvolt (230V) v\u00f6llig weg und ein gr\u00f6\u00dftm\u00f6gliches Ma\u00df an Sicherheit kann garantiert werden.<\/p>\n<div id=\"attachment_229959\" style=\"width: 1180px\" class=\"wp-caption alignnone\"><img decoding=\"async\" aria-describedby=\"caption-attachment-229959\" class=\"size-1170_658 wp-image-229959\" src=\"https:\/\/cdn.salzburgerland.com\/de\/wp-content\/uploads\/2016\/12\/e-bike-sommer-2017-nadia-jabli-photography-altenmarkt-zauchensee-tourismus-1529-1170x658.jpg\" alt=\"\" width=\"1170\" height=\"658\" srcset=\"https:\/\/www.salzburgerland.com\/de\/wp-content\/uploads\/2016\/12\/e-bike-sommer-2017-nadia-jabli-photography-altenmarkt-zauchensee-tourismus-1529-1170x658.jpg 1170w, https:\/\/www.salzburgerland.com\/de\/wp-content\/uploads\/2016\/12\/e-bike-sommer-2017-nadia-jabli-photography-altenmarkt-zauchensee-tourismus-1529-1200x675.jpg 1200w\" sizes=\"(max-width: 1170px) 100vw, 1170px\"><p id=\"caption-attachment-229959\" class=\"wp-caption-text\">\u00a9Nadia Jabli Photography \u2013 Altenmarkt-Zauchensee Tourismus<\/p><\/div>\n<p>Und in der Zeit, die der Akku zum Aufladen braucht, k\u00f6nnen sich E-Biker im nahegelegenen Lokal eine Erfrischung und St\u00e4rkung g\u00f6nnen. Doch planen Sie nicht zu viel Zeit daf\u00fcr ein \u2013 schlie\u00dflich sind bike-energy-Stationen rund doppelt so schnell wie andere Systeme.<\/p>\n<h2>Eurobike<\/h2>\n<p>Alle R\u00e4der des Radreiseveranstalters <strong>Eurobike<\/strong>\u00a0sind hochwertigste Pedelecs. Zusammengestellt auf Basis von KTM-R\u00e4dern, sind diese entsprechend f\u00fcr den Verwendungszweck modifiziert. Durch den Mittelmotor ist das Rad leicht zu handhaben, da dadurch eine bessere Gewichtsverteilung und ein tiefer Schwerpunkt gew\u00e4hrleistet sind. Das Gesamtgewicht bel\u00e4uft sich nur mehr auf ca. 23 Kilogramm. Die Versorgung des Elektromotors mit Energie erfolgt durch einen abnehmbaren Akku, der 120 bis 180 Kilometer Reichweite zul\u00e4sst! Ein LCD-Display, der Fahrradcomputer und die Stromverbrauchsanzeige schaffen echten Bedienungskomfort. Man ist hier auf 28 Zoll-R\u00e4dern unterwegs, drei Unterst\u00fctzungsmodi und die 8-Gang-Nabenschaltung sorgen f\u00fcr maximales Fahrvergn\u00fcgen.<\/p>\n<p>Hier als Beispiel ein <span>E-Bike<\/span> \u2013 Package von Eurobike:<\/p>\n<ul>\n<li><a href=\"https:\/\/www.eurobike.at\/de\/reiseziele\/radreisen-oesterreich\/tauernrunde-7-tage#package=160193725&amp;year=2024\" target=\"_blank\" rel=\"noopener noreferrer\">\u201eTauernradweg 7 Tage\/6 N\u00e4chte\u201c<\/a><\/li>\n<\/ul>\n<h2>AVELO<\/h2>\n<p>Mit dem E-Bike individuell: F\u00fcr jene, die ein E-Bike ausleihen und in einem anderen Ort am Tauernradweg zur\u00fcckgeben wollen, bietet sich zum Beispiel <strong>AVELO<\/strong> in der Stadt Salzburg an. Denn AVELO verleiht nicht nur hochwertige E-Bikes, sondern bietet auch die M\u00f6glichkeit, das E-Bike im Startort Krimml auszuleihen und z.B. in Salzburg zur\u00fcckzugeben.<\/p>\n<p>Bitte nehmen Sie dazu mit Georg Ornetsm\u00fcller,\u00a0 <a href=\"http:\/\/www.avelosalzburg.com\" target=\"_blank\" rel=\"noopener\">www.avelosalzburg.com<\/a>, <span><a href=\"mailto:rentabike@avelosalzburg.at\" target=\"_self\" rel=\"noopener\">rentabike@avelosalzburg.at<\/a><\/span> direkt Kontakt auf.<\/p>\n<h2>Unser Tipp:<\/h2>\n<h3>E-Bike-Abstecher vom Tauernradweg<\/h3>\n<p>Wer den Tauernradweg vom Sattel seines E-Bikes aus in Angriff nimmt, der sollte dabei nicht immer artig am ausgeschilderten Weg bleiben. Denn auch wenn dieser wahrlich vieles zu bieten hat und einen nach jeder Kurve aufs Neue zum Staunen bringen kann, lohnt sich der ein oder andere Abstecher allemal.\u00a0Hinauf auf die Almen, zu versteckten Naturidyllen, oder an Orte, wo kulinarische Sehns\u00fcchte erf\u00fcllt werden. Sie werden es nicht bereuen. Wo genau Sie unbedingt abbiegen sollten, erfahren Sie in unserem Beitrag <a href=\"https:\/\/www.salzburgerland.com\/de\/e-bike-abstecher-vom-tauernradweg\/\" target=\"_blank\" rel=\"noopener noreferrer\">\u201aE-Bike-Abstecher vom Tauernradweg\u2018<\/a>.<\/p>\n<div id=\"dpahahyoutubeVideoPipContainer\" class=\"youtubeVideoPipScaleup\"><img decoding=\"async\" id=\"youtubeVideoPipIcon\" src=\"image\/png;base64,iVBORw0KGgoAAAANSUhEUgAAADAAAAAwCAYAAABXAvmHAAAMznpUWHRSYXcgcHJvZmlsZSB0eXBlIGV4aWYAAHja7Vpblusgrv3XKHoIiJdgODzXujO4w+8tcFJ5V1I5n51UxTa2BWhLWxI2jf\/\/v0n\/wSc6E8kHSTHHaPDx2WdbsJPM\/uwtG79+18cdp3B81U7nExZN7ufKOI7rC9rDzw3ij\/Z63U7SDjnpEHScOAl02rPFznFdOgQ5u9v5OKZ83Ff8xXSO\/zaWCMOH0NtjL1BGD2h0luxwaMev114cRuCyK9h6\/OoZbRHsexfwG1x4rDs6794o77x3oztTjnZ3rQoy8bgg3ujoaOfwWHdLQ5cj4p+er06kymIuPxe6m7OnOceeXfERmop0TOo0lbWHCytU6dZtEV\/Bf8C+rG\/GN2GKDYh1oFnxbcSZLXQ62XPnwpPH2jZuGKK3wwq21jbrVltyYrNtCxSvX55WAE8nl4BVA2oOzfY8Fl795tVf44SeO+NKyxDGuOPuS48a\/\/I9C5pTTZfZpLOuMC6rBohhKHL6i6sACM9Dp2Hpd33pwm7MBbAOCIal5oQJFlO3iBr4x7bcwtnhumA8me0aLP0QABWh74DBsAMCJrILHNmItcIMPSbgUzBy67ytQIBDsJ1pAhvnIsBJVvvGPcLrWhvsbga1LAeJcJWkDgSwvA+wH\/EJNlTgN55CCDFISCGHEl30McQYJSpHFXHiJUgUkSRZSnLJp5BikpRSTiXb7EBhIccslFPOuRR0WiC64O6CK0qptrrqa6ixSk0119JgPs230GKTllpupdvuOty\/xy7UU8+9DB4wpeFHGHHISCOPMmFr000\/w4xTZpp5ljNqB6rXqPENcq9R4wM1Rcyv6+QHNTSLnESw0klQzICY9QzERRGAQVvFzCT23ipyipnJFk4RLFDjoOB0VsSAoB9sw+Qzdj\/IvcSNgv8IN\/sMOVLo\/gVypNAdyN3j9gC1XlZEcQsg9ULVqXETxNb1rKtz+DxinnDIGTmAArEHPdQw4U7SnR5XLzJbdk0PR4OLaOvA+CnWEQEv4lrB39+39NcbZ5E5Yxo6omwlkx5jeilEDLYzHFla4wDVzNEZ07Z+Or8mXE1p62rAEsrMgFD3VTJGdNr5dvuuIDcWDFeo4HijgtGCRi5huQIFaGxYFJRYW5yY8jClO2leQFEdJor40a1PoBFEB5hELQmhohSpJcOKIjIBrg4hcCaZsMxYq0vwmhi0Ax6tzxb77GMdx1g7Qbe2wo8ajL5EX2GfdrKr1bfoTbToDgMJ3BvGX0Ln2WyPDvzZa28dhi9mABYQW0uZs15uYYnGdVvj+Fzb9DlMiKUt9MFcZ5cZQiqj9AjLjj51MJXG7ooYg+japNo8Awe4IOI74ngZFbFcau8MwrFwxxiqiI\/Z+Ii\/1sgPnyx8m0cOKcMQy0x9IgGImV1MMMIaoFqY9GA\/Dayg9wibBowWCneFYZtJKiGpVSqwPufhJGma0opH2mZbc0g4m2h66fqslw5x7w8kKc+EYQxbQ4fpK49Z34afrRiZEgBtda+FoP9BycM67LLO0I1u7VJLtIF90JwVumranuoMreZp5sgO+uvFi6ktTZeAPGXPSEGhe9zqOiw8Y4JJhosYq\/O5zjQQnlv1GSyclLGt19CQW2bIgm7R75jkkPq3ofyE4I\/5Le82oMiuezDyZbsDvAzngcFDpeo0PIuT2WfOa6JpELJdgbl+LY62vO\/F0eXwvhFH97P9mzh6prxPxdFrLN4XR+9A+444et9SXoujTw3vmTj6mx3fi6OXWIAPlGvGcmr4GahgEcBoEymJBGRGYMQWwIuUkFn03mbpEFHD4fLc3GzB1azByrSA9CZFa\/qwSEowtiaItMhwQJM2SyhFGVIDkVZtE6OvrYMkF\/W5NE3qIB8QM34H8iNbh5gufsSZ3Rw1pzli1OiZKv2S0gyjtReOGvhlEZp4DDYFWQrZ6QE4zNPKEDTz2RnCzg9wPThuuAbZo0LS8Ctst3CK4KnNpJq3doQlEgGyl50sgSJBdpIQrgeqCrP7r8dZr3MGlH7dlhnpq3Yy+sJRfW1rTedlOSNAD8ScfdJG5EFD3suY6IMUq9Y6DSyjJS5xmcxMawuGjlQRQsZAorFGYU0ES2PECKMTufpKzUo5ZWkOmmlLMync4EkLUGjFzfCDaB0r63l206N7aJtBm89TqAsr2DZwaQHn9JAe54cbf3WTtqzrtQ1AJZaWGWwbeGQBG\/9r9A\/sVfxCH75dJp2w1wh7gf5n2GNLn2IPZ9nob+wV+QU8Hchf4a6F9jPkVR+PYKQn2L+86f4epH732P+NAdRF\/L9gANo9fM8ApBTwLxiAPiyynjIAnQ3hSwagp4h+yAD0Ewi+YwB6XiF+xgBqR\/ZfMABdYv9HBhgNwKA4RlINxKAZi7iM2IzqgX3W4qUEGyMiNYqvgsuBGGrNMtE6U0Chsx2GpxRZyagqZlhbM8++fW14QS8oTU30q6W4aAtSEszcNQWLgxswKYiWctjR3AqGpA138LOsugMojrycQSbPnY+UqcXjrbS1pLEEnkelBHJIOslZUrS4fSLlGNNaG\/kXY6JD4Ndj2jTyM6ZsUEXnLsEP0yGn343Hl5gDOM4uf+B2eCk9dNPBr8heBcCLD9Nu0w3HcJGWCqs1hqmrFsUOvyz0KPZmX+5TBsrFnNUCpt52fxe9uk35w\/1ehsa0fY3HZuxViVoOY75eu0J9rQ87AMq0yvADcrIh7bZyPLmNc8Memqk57g5mPBJo1zWtHkoWujqwHCSMseEv7ILm3pORTA+P8ld7mciKpyb1SmCTMaOWYmQ9I+tMLtBzbj\/LFPR4taiDWOLSBwhjWhT9ozGUBDLpqSh5LtVeXEMPL\/pgqS3FsiyFnuWEnwYE+iS9exUQ6EVe8FFAoGc54acBgZ7lhJ8GBHqWE34aEG5TvxniIm4VexC3pjuLus\/Evaz05iq6v+z99TbQUTnZCD3KHi\/o6KGNPSIk2g66yUUddC+lXtHSZpc7Srq+j3698ZKUTpR0EBLGd6YkQvMipMulsTC2Db1aud2UpGRoZdPI5qXHtHSQknaySOmKkow5SGlREs0zIYEr7QZ0k5IquIat4Hti0rNynFVyoit2ek1OK5N9Rk50sNOLi94jJ7pipxdFy281C71btPxWs9C7RctvNQt9smzxqmahT5YtXtUs9Mmyxauahd5MXDtwEqh2mbTHSOMQuJkvXOExnCO1XkwINYYQY2+hc7UiznBCmjRg\/XVpbRk3qysbWU0ydO1aF70wRV26ItbJqKLXipoCpStqTXO4nOqxosa\/C6O1EPYPhNFpaN8Ko8t5fiOMbpX2ljABDmBMJK8j87DSxRLXXm1VxxnWAzx9aJrZsNKO63AQXvWHs8djmmfOS3+LGfchg\/4WM+5DBv0lZoxki++pXjo4wcPlF\/\/mMIFNxhalgLNNH4Mna8W6EaybFUTaUUHyDOm8Qns8kfGu4j7o04EBQ\/GIMj5ll7LJGQfwoJAkGun+\/ECGTIYH6rIw8JRkp\/gcPLCzzEDRauqaHQgNqQPCnfO6AL2XnpsWQUfinOJpYXyWY+lZ1kq2puMr\/7G8V7LHsZIN2ljr2HfiaMv7XhxdDu8bcXQ\/27+Jo2fK+1QcPVPep+LoNRbvi6N3oH1HHL1vKa\/F0aeG90wc\/c2O78Wtp1lyeiLDYNekj0JRCZusrtWixOxrctwq3C81w70j5Ib9MEYfvm5\/pwEe4ZSiNOue0dbgVMdN2R4xtASWDiAohNZM6AlENBERGjh4aLKJqSF1i8hTOhIK723z+jBngqT7iIv7zF0RT7dVfJPkpEVkTYLJgoVitwMUXwTxQpzFJG3JDI5ErlSRNiSMuO1a5EWFv19OmYgzQBnaSKOKxBl7RL9QRmkxomDyIZC+J5a4pzxD6XXpBPjIqhID1NVVYZ2HTnzltwkBqOpRD5oPpehCqvC1WH3P+iZAsNZLyKnpiwBmPeLyUxD8NB7F8s+W6l9sKxJGRk2bYDDiA5Imh4iLKqJ3ff9QX0q0UJjLVpneuq7xEchxleYBgV2vKSK7hSqtod5sGswaVfqadwpIzED0qB7Y6Ltj+8m+s\/oChNGIDjMUTf1mtJJQcHjoXHRqqClq9Qj8yIUxHOboWV\/6KlVftUDSAGMsPdr1BPPZ+y40f3Cee3XoVZRt7cItrrb07MSn21eCePo3EvacUC30SqjBJnZ9RyEJXjBgkFJgQGL0BcVmAUYNpZaCshD3gwdqDrBCOEdVEjBLHabRcGMVoHBEqCrrqqMyz3BBh+T0HY25x9H0iWtyi7eQVSlvKWedosiRE7ZvBdJJ4rcC6XaIfxVIz+b8qUD6TYnvCqR3UflNIH0K8zOB9Fe7uRVI3xriSeD\/LPt\/lq1PPTriBf0XmFqkHjGvVvsAAAAGYktHRAD\/AP8A\/6C9p5MAAAAJcEhZcwAADsMAAA7DAcdvqGQAAAAHdElNRQfjBAoPLTdV8j31AAABaElEQVRo3u2ZP26DMBjF7aSCpiW9AFIHNoi4Qa9AVrYcAZEoCDEwewE8homBhTOwtwsz5BYdqiapiErdiVQ0W1sJ3Hxvw8LS+9nfA\/9BjDHEs0aIcwEAAFw6wNX3BsuyJq7rHoZq2Pf96yRJ6vYZM8YQxhghhJBt23eO47wMfdSjKJLCMNx3ADabDZ7P5x+8lE6WZaP1es1OGSiKYspT7ZdlOe2EuKoqgSeA7XYrdELcNM3ZS57n3aRp+ta32cViMSGEdD4srV\/4DwAAAAAAAADA\/1pO\/5UMw5COx6P0w+4MIfSc5\/l7bwBxHL\/+pn9d1w+KojxxW0KiKD5CiAEAAAAAAAAAAPqSaZr3vS7mZFnGUEIXtR8QhPOTRULIgRAySOOt39MM6Lpe8zTys9ms7gCoqrrjCUDTtF0HYLlcsiAIJB7Mh2F4u1qt2FmIKaV7Sul4yOYppeMoir5OquGmHgAAgG9h3kP8Cbu0bHH\/qfIIAAAAAElFTkSuQmCC\"><\/div>\n","protected":false},"excerpt":{"rendered":"<p>bike-energy Dank bike-energy\u00a0gibt es entlang des Tauernradwegs mittlerweile ein fast fl\u00e4chendeckendes Angebot an Ladestationen. Sie sind offen f\u00fcr alle g\u00e4ngigen Systeme und meist in unmittelbarer N\u00e4he gastronomischer Betriebe zu finden. Zum Auftanken wird kein sperriges und witterungsempfindliches Heim-Ladeger\u00e4t mehr ben\u00f6tigt. Das spart Zeit und vor allem Gewicht. Denn ganz nach dem Motto \u201aAnstecken \u2013 Aufladen [&hellip;]<\/p>\n","protected":false},"author":20,"featured_media":90435,"comment_status":"closed","ping_status":"closed","sticky":false,"template":"","format":"standard","meta":{"_acf_changed":false,"wl_entities_gutenberg":"","_relevanssi_hide_post":"","_relevanssi_hide_content":"","_relevanssi_pin_for_all":"","_relevanssi_pin_keywords":"","_relevanssi_unpin_keywords":"","_relevanssi_related_keywords":"","_relevanssi_related_include_ids":"","_relevanssi_related_exclude_ids":"","_relevanssi_related_no_append":"","_relevanssi_related_not_related":"","_relevanssi_related_posts":"","_relevanssi_noindex_reason":"","footnotes":""},"categories":[1],"tags":[],"wl_entity_type":[11495],"class_list":["post-89345","post","type-post","status-publish","format-standard","has-post-thumbnail","hentry","category-allgemein","wl_entity_type-article"],"acf":[],"yoast_head":"<!-- This site is optimized with the Yoast SEO Premium plugin v26.9 (Yoast SEO v26.9) - https:\/\/yoast.com\/product\/yoast-seo-premium-wordpress\/ -->\n<title>Mit dem E-Bike am Tauernradweg - perfekte Infrastruktur<\/title>\n<meta name=\"description\" content=\"Auch mit dem E-Bike kann man am Tauernradweg tolle Tage verbringen und dabei die Region intensiv kennen lernen, fl\u00e4chendeckendes Angebot an Ladestationen\" \/>\n<meta name=\"robots\" content=\"index, follow, max-snippet:-1, max-image-preview:large, max-video-preview:-1\" \/>\n<link rel=\"canonical\" href=\"https:\/\/www.salzburgerland.com\/de\/wp-json\/wp\/v2\/posts\/89345\" \/>\n<meta property=\"og:locale\" content=\"de_DE\" \/>\n<meta property=\"og:type\" content=\"article\" \/>\n<meta property=\"og:title\" content=\"Mit dem E-Bike am Tauernradweg\" \/>\n<meta property=\"og:description\" content=\"Auch mit dem E-Bike kann man am Tauernradweg tolle Tage verbringen und dabei die Region intensiv kennen lernen, fl\u00e4chendeckendes Angebot an Ladestationen\" \/>\n<meta property=\"og:url\" content=\"https:\/\/www.salzburgerland.com\/de\/wp-json\/wp\/v2\/posts\/89345\" \/>\n<meta property=\"og:site_name\" content=\"SalzburgerLand.com\" \/>\n<meta property=\"article:publisher\" content=\"https:\/\/www.facebook.com\/salzburgerland\/\" \/>\n<meta property=\"article:published_time\" content=\"2016-12-02T13:44:57+00:00\" \/>\n<meta property=\"article:modified_time\" content=\"2026-01-28T14:50:06+00:00\" \/>\n<meta property=\"og:image\" content=\"https:\/\/www.salzburgerland.com\/de\/wp-content\/uploads\/2016\/08\/slow_bike_salzburg_mg_7260cslow_bike_makrohaus_thomas_kujat-1200x675.jpg\" \/>\n\t<meta property=\"og:image:width\" content=\"1200\" \/>\n\t<meta property=\"og:image:height\" content=\"675\" \/>\n\t<meta property=\"og:image:type\" content=\"image\/jpeg\" \/>\n<meta name=\"author\" content=\"Peter Zeitlhofer\" \/>\n<meta name=\"twitter:card\" content=\"summary_large_image\" \/>\n<meta name=\"twitter:creator\" content=\"@Salzburgerland\" \/>\n<meta name=\"twitter:site\" content=\"@Salzburgerland\" \/>\n<meta name=\"twitter:label1\" content=\"Verfasst von\" \/>\n\t<meta name=\"twitter:data1\" content=\"Peter Zeitlhofer\" \/>\n\t<meta name=\"twitter:label2\" content=\"Gesch\u00e4tzte Lesezeit\" \/>\n\t<meta name=\"twitter:data2\" content=\"4\u00a0Minuten\" \/>\n<script type=\"application\/ld+json\" class=\"yoast-schema-graph\">{\"@context\":\"https:\/\/schema.org\",\"@graph\":[{\"@type\":\"WebPage\",\"@id\":\"https:\/\/www.salzburgerland.com\/de\/mit-dem-e-bike-am-tauernradweg\/\",\"url\":\"https:\/\/www.salzburgerland.com\/de\/mit-dem-e-bike-am-tauernradweg\/\",\"name\":\"Mit dem E-Bike am Tauernradweg - perfekte Infrastruktur\",\"isPartOf\":{\"@id\":\"https:\/\/www.salzburgerland.com\/de\/#website\"},\"primaryImageOfPage\":{\"@id\":\"https:\/\/www.salzburgerland.com\/de\/mit-dem-e-bike-am-tauernradweg\/#primaryimage\"},\"image\":{\"@id\":\"https:\/\/www.salzburgerland.com\/de\/mit-dem-e-bike-am-tauernradweg\/#primaryimage\"},\"thumbnailUrl\":\"https:\/\/www.salzburgerland.com\/de\/wp-content\/uploads\/2016\/08\/slow_bike_salzburg_mg_7260cslow_bike_makrohaus_thomas_kujat.jpg\",\"datePublished\":\"2016-12-02T13:44:57+00:00\",\"dateModified\":\"2026-01-28T14:50:06+00:00\",\"description\":\"Auch mit dem E-Bike kann man am Tauernradweg tolle Tage verbringen und dabei die Region intensiv kennen lernen, fl\u00e4chendeckendes Angebot an Ladestationen\",\"breadcrumb\":{\"@id\":\"https:\/\/www.salzburgerland.com\/de\/mit-dem-e-bike-am-tauernradweg\/#breadcrumb\"},\"inLanguage\":\"de\",\"potentialAction\":[{\"@type\":\"ReadAction\",\"target\":[\"https:\/\/www.salzburgerland.com\/de\/mit-dem-e-bike-am-tauernradweg\/\"]}]},{\"@type\":\"ImageObject\",\"inLanguage\":\"de\",\"@id\":\"https:\/\/www.salzburgerland.com\/de\/mit-dem-e-bike-am-tauernradweg\/#primaryimage\",\"url\":\"https:\/\/www.salzburgerland.com\/de\/wp-content\/uploads\/2016\/08\/slow_bike_salzburg_mg_7260cslow_bike_makrohaus_thomas_kujat.jpg\",\"contentUrl\":\"https:\/\/www.salzburgerland.com\/de\/wp-content\/uploads\/2016\/08\/slow_bike_salzburg_mg_7260cslow_bike_makrohaus_thomas_kujat.jpg\",\"width\":1920,\"height\":1280,\"caption\":\"\u00a9SalzburgerLand - F\u00fcr viele Radfahrer auf dem Tauernradweg ist die Etappe durch die Stadt Salzburg einer der H\u00f6hepunkte ihrer Tour.\"},{\"@type\":\"BreadcrumbList\",\"@id\":\"https:\/\/www.salzburgerland.com\/de\/mit-dem-e-bike-am-tauernradweg\/#breadcrumb\",\"itemListElement\":[{\"@type\":\"ListItem\",\"position\":1,\"name\":\"Tauernradweg\",\"item\":\"https:\/\/www.salzburgerland.com\/de\/tauernradweg\/\"},{\"@type\":\"ListItem\",\"position\":2,\"name\":\"Mit dem E-Bike am Tauernradweg\"}]},{\"@type\":\"WebSite\",\"@id\":\"https:\/\/www.salzburgerland.com\/de\/#website\",\"url\":\"https:\/\/www.salzburgerland.com\/de\/\",\"name\":\"SalzburgerLand.com\",\"description\":\"Ihr Urlaub in Salzburg, \u00d6sterreich\",\"publisher\":{\"@id\":\"https:\/\/www.salzburgerland.com\/de\/#organization\"},\"potentialAction\":[{\"@type\":\"SearchAction\",\"target\":{\"@type\":\"EntryPoint\",\"urlTemplate\":\"https:\/\/www.salzburgerland.com\/de\/?s={search_term_string}\"},\"query-input\":{\"@type\":\"PropertyValueSpecification\",\"valueRequired\":true,\"valueName\":\"search_term_string\"}}],\"inLanguage\":\"de\"},{\"@type\":\"Organization\",\"@id\":\"https:\/\/www.salzburgerland.com\/de\/#organization\",\"name\":\"SalzburgerLand Tourismus GmbH\",\"url\":\"https:\/\/www.salzburgerland.com\/de\/\",\"logo\":{\"@type\":\"ImageObject\",\"inLanguage\":\"de\",\"@id\":\"https:\/\/www.salzburgerland.com\/de\/#\/schema\/logo\/image\/\",\"url\":\"https:\/\/www.salzburgerland.com\/de\/wp-content\/uploads\/2017\/01\/salzburgerland-logo.jpg\",\"contentUrl\":\"https:\/\/www.salzburgerland.com\/de\/wp-content\/uploads\/2017\/01\/salzburgerland-logo.jpg\",\"width\":1920,\"height\":827,\"caption\":\"SalzburgerLand Tourismus GmbH\"},\"image\":{\"@id\":\"https:\/\/www.salzburgerland.com\/de\/#\/schema\/logo\/image\/\"},\"sameAs\":[\"https:\/\/www.facebook.com\/salzburgerland\/\",\"https:\/\/x.com\/Salzburgerland\",\"https:\/\/www.instagram.com\/salzburgerland\/\",\"http:\/\/dbpedia.org\/resource\/Salzburg_(state)\",\"http:\/\/wikidata.dbpedia.org\/resource\/Q43325\",\"http:\/\/open.salzburgerland.com\/de\/entity\/salzburgerland\",\"https:\/\/www.youtube.com\/user\/salzburgerland\"]},{\"@type\":\"Person\",\"@id\":\"https:\/\/www.salzburgerland.com\/de\/#\/schema\/person\/7038edb22e07674361dea0cdc20e326b\",\"name\":\"Peter Zeitlhofer\",\"image\":{\"@type\":\"ImageObject\",\"inLanguage\":\"de\",\"@id\":\"https:\/\/www.salzburgerland.com\/de\/#\/schema\/person\/image\/\",\"url\":\"https:\/\/secure.gravatar.com\/avatar\/b76155e60d99c9c41a494c6fbe2eb77dc32a8925e988b28e6ec3009de5322faa?s=96&d=mm&r=g\",\"contentUrl\":\"https:\/\/secure.gravatar.com\/avatar\/b76155e60d99c9c41a494c6fbe2eb77dc32a8925e988b28e6ec3009de5322faa?s=96&d=mm&r=g\",\"caption\":\"Peter Zeitlhofer\"}}]}<\/script>\n<!-- \/ Yoast SEO Premium plugin. -->","yoast_head_json":{"title":"Mit dem E-Bike am Tauernradweg - perfekte Infrastruktur","description":"Auch mit dem E-Bike kann man am Tauernradweg tolle Tage verbringen und dabei die Region intensiv kennen lernen, fl\u00e4chendeckendes Angebot an Ladestationen","robots":{"index":"index","follow":"follow","max-snippet":"max-snippet:-1","max-image-preview":"max-image-preview:large","max-video-preview":"max-video-preview:-1"},"canonical":"https:\/\/www.salzburgerland.com\/de\/wp-json\/wp\/v2\/posts\/89345","og_locale":"de_DE","og_type":"article","og_title":"Mit dem E-Bike am Tauernradweg","og_description":"Auch mit dem E-Bike kann man am Tauernradweg tolle Tage verbringen und dabei die Region intensiv kennen lernen, fl\u00e4chendeckendes Angebot an Ladestationen","og_url":"https:\/\/www.salzburgerland.com\/de\/wp-json\/wp\/v2\/posts\/89345","og_site_name":"SalzburgerLand.com","article_publisher":"https:\/\/www.facebook.com\/salzburgerland\/","article_published_time":"2016-12-02T13:44:57+00:00","article_modified_time":"2026-01-28T14:50:06+00:00","og_image":[{"width":1200,"height":675,"url":"https:\/\/www.salzburgerland.com\/de\/wp-content\/uploads\/2016\/08\/slow_bike_salzburg_mg_7260cslow_bike_makrohaus_thomas_kujat-1200x675.jpg","type":"image\/jpeg"}],"author":"Peter Zeitlhofer","twitter_card":"summary_large_image","twitter_creator":"@Salzburgerland","twitter_site":"@Salzburgerland","twitter_misc":{"Verfasst von":"Peter Zeitlhofer","Gesch\u00e4tzte Lesezeit":"4\u00a0Minuten"},"schema":{"@context":"https:\/\/schema.org","@graph":[{"@type":"WebPage","@id":"https:\/\/www.salzburgerland.com\/de\/mit-dem-e-bike-am-tauernradweg\/","url":"https:\/\/www.salzburgerland.com\/de\/mit-dem-e-bike-am-tauernradweg\/","name":"Mit dem E-Bike am Tauernradweg - perfekte Infrastruktur","isPartOf":{"@id":"https:\/\/www.salzburgerland.com\/de\/#website"},"primaryImageOfPage":{"@id":"https:\/\/www.salzburgerland.com\/de\/mit-dem-e-bike-am-tauernradweg\/#primaryimage"},"image":{"@id":"https:\/\/www.salzburgerland.com\/de\/mit-dem-e-bike-am-tauernradweg\/#primaryimage"},"thumbnailUrl":"https:\/\/www.salzburgerland.com\/de\/wp-content\/uploads\/2016\/08\/slow_bike_salzburg_mg_7260cslow_bike_makrohaus_thomas_kujat.jpg","datePublished":"2016-12-02T13:44:57+00:00","dateModified":"2026-01-28T14:50:06+00:00","description":"Auch mit dem E-Bike kann man am Tauernradweg tolle Tage verbringen und dabei die Region intensiv kennen lernen, fl\u00e4chendeckendes Angebot an Ladestationen","breadcrumb":{"@id":"https:\/\/www.salzburgerland.com\/de\/mit-dem-e-bike-am-tauernradweg\/#breadcrumb"},"inLanguage":"de","potentialAction":[{"@type":"ReadAction","target":["https:\/\/www.salzburgerland.com\/de\/mit-dem-e-bike-am-tauernradweg\/"]}]},{"@type":"ImageObject","inLanguage":"de","@id":"https:\/\/www.salzburgerland.com\/de\/mit-dem-e-bike-am-tauernradweg\/#primaryimage","url":"https:\/\/www.salzburgerland.com\/de\/wp-content\/uploads\/2016\/08\/slow_bike_salzburg_mg_7260cslow_bike_makrohaus_thomas_kujat.jpg","contentUrl":"https:\/\/www.salzburgerland.com\/de\/wp-content\/uploads\/2016\/08\/slow_bike_salzburg_mg_7260cslow_bike_makrohaus_thomas_kujat.jpg","width":1920,"height":1280,"caption":"\u00a9SalzburgerLand - F\u00fcr viele Radfahrer auf dem Tauernradweg ist die Etappe durch die Stadt Salzburg einer der H\u00f6hepunkte ihrer Tour."},{"@type":"BreadcrumbList","@id":"https:\/\/www.salzburgerland.com\/de\/mit-dem-e-bike-am-tauernradweg\/#breadcrumb","itemListElement":[{"@type":"ListItem","position":1,"name":"Tauernradweg","item":"https:\/\/www.salzburgerland.com\/de\/tauernradweg\/"},{"@type":"ListItem","position":2,"name":"Mit dem E-Bike am Tauernradweg"}]},{"@type":"WebSite","@id":"https:\/\/www.salzburgerland.com\/de\/#website","url":"https:\/\/www.salzburgerland.com\/de\/","name":"SalzburgerLand.com","description":"Ihr Urlaub in Salzburg, \u00d6sterreich","publisher":{"@id":"https:\/\/www.salzburgerland.com\/de\/#organization"},"potentialAction":[{"@type":"SearchAction","target":{"@type":"EntryPoint","urlTemplate":"https:\/\/www.salzburgerland.com\/de\/?s={search_term_string}"},"query-input":{"@type":"PropertyValueSpecification","valueRequired":true,"valueName":"search_term_string"}}],"inLanguage":"de"},{"@type":"Organization","@id":"https:\/\/www.salzburgerland.com\/de\/#organization","name":"SalzburgerLand Tourismus GmbH","url":"https:\/\/www.salzburgerland.com\/de\/","logo":{"@type":"ImageObject","inLanguage":"de","@id":"https:\/\/www.salzburgerland.com\/de\/#\/schema\/logo\/image\/","url":"https:\/\/www.salzburgerland.com\/de\/wp-content\/uploads\/2017\/01\/salzburgerland-logo.jpg","contentUrl":"https:\/\/www.salzburgerland.com\/de\/wp-content\/uploads\/2017\/01\/salzburgerland-logo.jpg","width":1920,"height":827,"caption":"SalzburgerLand Tourismus GmbH"},"image":{"@id":"https:\/\/www.salzburgerland.com\/de\/#\/schema\/logo\/image\/"},"sameAs":["https:\/\/www.facebook.com\/salzburgerland\/","https:\/\/x.com\/Salzburgerland","https:\/\/www.instagram.com\/salzburgerland\/","http:\/\/dbpedia.org\/resource\/Salzburg_(state)","http:\/\/wikidata.dbpedia.org\/resource\/Q43325","http:\/\/open.salzburgerland.com\/de\/entity\/salzburgerland","https:\/\/www.youtube.com\/user\/salzburgerland"]},{"@type":"Person","@id":"https:\/\/www.salzburgerland.com\/de\/#\/schema\/person\/7038edb22e07674361dea0cdc20e326b","name":"Peter Zeitlhofer","image":{"@type":"ImageObject","inLanguage":"de","@id":"https:\/\/www.salzburgerland.com\/de\/#\/schema\/person\/image\/","url":"https:\/\/secure.gravatar.com\/avatar\/b76155e60d99c9c41a494c6fbe2eb77dc32a8925e988b28e6ec3009de5322faa?s=96&d=mm&r=g","contentUrl":"https:\/\/secure.gravatar.com\/avatar\/b76155e60d99c9c41a494c6fbe2eb77dc32a8925e988b28e6ec3009de5322faa?s=96&d=mm&r=g","caption":"Peter Zeitlhofer"}}]}},"_wl_alt_label":[],"wl:entity_url":"http:\/\/open.salzburgerland.com\/de\/post\/mit_dem_e-bike_am_tauernradweg","_links":{"self":[{"href":"https:\/\/www.salzburgerland.com\/de\/wp-json\/wp\/v2\/posts\/89345","targetHints":{"allow":["GET"]}}],"collection":[{"href":"https:\/\/www.salzburgerland.com\/de\/wp-json\/wp\/v2\/posts"}],"about":[{"href":"https:\/\/www.salzburgerland.com\/de\/wp-json\/wp\/v2\/types\/post"}],"author":[{"embeddable":true,"href":"https:\/\/www.salzburgerland.com\/de\/wp-json\/wp\/v2\/users\/20"}],"replies":[{"embeddable":true,"href":"https:\/\/www.salzburgerland.com\/de\/wp-json\/wp\/v2\/comments?post=89345"}],"version-history":[{"count":7,"href":"https:\/\/www.salzburgerland.com\/de\/wp-json\/wp\/v2\/posts\/89345\/revisions"}],"predecessor-version":[{"id":680356,"href":"https:\/\/www.salzburgerland.com\/de\/wp-json\/wp\/v2\/posts\/89345\/revisions\/680356"}],"wp:featuredmedia":[{"embeddable":true,"href":"https:\/\/www.salzburgerland.com\/de\/wp-json\/wp\/v2\/media\/90435"}],"wp:attachment":[{"href":"https:\/\/www.salzburgerland.com\/de\/wp-json\/wp\/v2\/media?parent=89345"}],"wp:term":[{"taxonomy":"category","embeddable":true,"href":"https:\/\/www.salzburgerland.com\/de\/wp-json\/wp\/v2\/categories?post=89345"},{"taxonomy":"post_tag","embeddable":true,"href":"https:\/\/www.salzburgerland.com\/de\/wp-json\/wp\/v2\/tags?post=89345"},{"taxonomy":"wl_entity_type","embeddable":true,"href":"https:\/\/www.salzburgerland.com\/de\/wp-json\/wp\/v2\/wl_entity_type?post=89345"}],"curies":[{"name":"wp","href":"https:\/\/api.w.org\/{rel}","templated":true}]}}