{"id":78952,"date":"2016-11-02T17:27:05","date_gmt":"2016-11-02T16:27:05","guid":{"rendered":"https:\/\/www.onebigpark.at\/de\/?p=78952"},"modified":"2023-12-11T10:09:24","modified_gmt":"2023-12-11T09:09:24","slug":"mozarts-biographie-reisen-nach-westeuropa-und-italien","status":"publish","type":"post","link":"https:\/\/www.salzburgerland.com\/de\/mozarts-biographie-reisen-nach-westeuropa-und-italien\/","title":{"rendered":"Mozart\u00b4s Biographie: Reisen nach Westeuropa und Italien"},"content":{"rendered":"<h2>1763<\/h2>\n<p>Im Sommer 1763 tritt\u00a0Leopold Mozart mit seiner Familie die gro\u00dfe Westeuropa-Reise an, die sie \u00fcber Deutschland \u2013 Wolfgang konzertiert erstmals in Augsburg, der Heimatstadt seines Vaters -, Frankreich, England und Holland f\u00fchrt.<\/p>\n<p>W\u00e4hrend des Paris-Aufenthaltes erscheinen die ersten Kompositionen Wolfgangs in Druck: die Sonaten f\u00fcr Klavier und Violine KV 6 und 7 f\u00fcr Madame Victoire de France als op. I sowie KV 8 und 9 f\u00fcr Comtesse Adrienne-Catherine de Tess\u00e9, geb. de Noailles, als op. II. Die Auftritte des Knaben l\u00f6sen allseits Staunen und Bewunderung aus.<\/p>\n<h2>1763 \u2013 1766<\/h2>\n<p>Am 23. April 1764 trifft die Familie Mozart in London ein. Neben vier \u00f6ffentlichen Konzerten musizieren die Kinder wiederholt bei K\u00f6nig Georg III. und seiner Gemahlin Sophie Charlotte, geb. Prinzessin von Mecklenburg-Strelitz, welche Wolfgang die sechs Sonaten f\u00fcr Klavier und Violine (Fl\u00f6te) KV 10-15 zueignet.<\/p>\n<p>Kaum in die Heimat zur\u00fcckgekehrt, entstehen Ger\u00fcchte \u00fcber eine neuerliche Reise der Familie Mozart. Tats\u00e4chlich brechen sie nach nur elf Monaten in Salzburg nach Wien auf, von wo sie vor der dort herrschenden Pockenepidemie nach Br\u00fcnn und Olm\u00fctz ausweichen mussten. Dennoch erkranken die Kinder schwer.<\/p>\n<p>Ende Januar 1768 beginnt\u00a0Mozart auf Anregung von Kaiser Joseph II. mit der Komposition der Opera buffa \u201eLa Finta semplice\u201c KV 51 (46a), die auf Grund einer Theaterintrige gegen den jungen Salzburger Komponisten vermutlich erst im Mai 1769 in seiner Heimatstadt uraufgef\u00fchrt werden kann.<\/p>\n<h2>1767 \u2013 1769<\/h2>\n<p>Erste Urauff\u00fchrungen um 1767. 1769 begibt sich Mozart auf seine zweite Wiener Reise.<\/p>\n<p>W\u00e4hrend seines Salzburg-Aufenthaltes 1769 wird\u00a0Mozart unbesoldeter Konzertmeister der Salzburger Hofmusik.<br>\nAm 13. Dezember traten Vater und Sohn die beschwerliche Reise \u00fcber den Brenner nach Italien an. Ihr Weg f\u00fchrt sie \u00fcber Verona, Mailand, Florenz und Rom nach Neapel, wo Wolfgang \u00fcberall gro\u00dfe Triumphe feiert:<br>\nIn Verona gibt\u00a0Mozart sein erstes Konzert in Italien, in Mailand erh\u00e4lt er einen Opernauftrag f\u00fcr die Karnevals-Stagione 1770\/1771, die Opera seria \u201eMitridate, Re di Ponto\u201c KV 87 (74a), die am 26. Dezember 1770 im Mail\u00e4nder Regio Ducal Teatro unter der Leitung des erst 14-j\u00e4hrigen Knaben mit gro\u00dfem Beifall in Szene geht.<br>\nIn Bologna trifft er mit dem ber\u00fchmten italienischen Musiktheoretiker Padre Giovanni Battista Martini zusammen, der ihm ein Zeugnis \u00fcber seine musikalischen F\u00e4higkeiten ausstellt.<br>\nIn Rom \u00fcbergibt der Kardinalsekret\u00e4r Graf Pallavicini Mozart die Insignien des ihm von Papst Clemens XIV. verliehenen Ordens vom \u201eGoldenen Sporn\u201c, jenem p\u00e4pstlichen Orden h\u00f6chsten Grades, den vor ihm nur Orlando di Lasso erhalten hatte. Auf seiner R\u00fcckreise wird\u00a0Mozart am 10. Oktober 1770 in Bologna nach einer Pr\u00fcfungsarbeit Mitglied der Accademia Filarmonica.<\/p>\n","protected":false},"excerpt":{"rendered":"<p>1763 Im Sommer 1763 tritt\u00a0Leopold Mozart mit seiner Familie die gro\u00dfe Westeuropa-Reise an, die sie \u00fcber Deutschland \u2013 Wolfgang konzertiert erstmals in Augsburg, der Heimatstadt seines Vaters -, Frankreich, England und Holland f\u00fchrt. W\u00e4hrend des Paris-Aufenthaltes erscheinen die ersten Kompositionen Wolfgangs in Druck: die Sonaten f\u00fcr Klavier und Violine KV 6 und 7 f\u00fcr Madame [&hellip;]<\/p>\n","protected":false},"author":14,"featured_media":78953,"comment_status":"closed","ping_status":"closed","sticky":false,"template":"","format":"standard","meta":{"_acf_changed":false,"wl_entities_gutenberg":"","_relevanssi_hide_post":"","_relevanssi_hide_content":"","_relevanssi_pin_for_all":"","_relevanssi_pin_keywords":"","_relevanssi_unpin_keywords":"","_relevanssi_related_keywords":"","_relevanssi_related_include_ids":"","_relevanssi_related_exclude_ids":"","_relevanssi_related_no_append":"","_relevanssi_related_not_related":"","_relevanssi_related_posts":"","_relevanssi_noindex_reason":"","footnotes":""},"categories":[1],"tags":[],"wl_entity_type":[11495],"class_list":["post-78952","post","type-post","status-publish","format-standard","has-post-thumbnail","hentry","category-allgemein","wl_entity_type-article"],"acf":[],"yoast_head":"<!-- This site is optimized with the Yoast SEO Premium plugin v26.9 (Yoast SEO v26.9) - https:\/\/yoast.com\/product\/yoast-seo-premium-wordpress\/ -->\n<title>Mozart\u00b4s Biographie: Reisen nach Westeuropa und Italien<\/title>\n<meta name=\"robots\" content=\"index, follow, max-snippet:-1, max-image-preview:large, max-video-preview:-1\" \/>\n<link rel=\"canonical\" href=\"https:\/\/www.salzburgerland.com\/de\/wp-json\/wp\/v2\/posts\/78952\" \/>\n<meta property=\"og:locale\" content=\"de_DE\" \/>\n<meta property=\"og:type\" content=\"article\" \/>\n<meta property=\"og:title\" content=\"Mozart\u00b4s Biographie: Reisen nach Westeuropa und Italien\" \/>\n<meta property=\"og:description\" content=\"Im Sommer 1763 trat Leopold Mozart mit seiner Familie die gro\u00dfe Westeuropa-Reise an, die sie \u00fcber Deutschland, Frankreich, England und Holland f\u00fchrte.\" \/>\n<meta property=\"og:url\" content=\"https:\/\/www.salzburgerland.com\/de\/wp-json\/wp\/v2\/posts\/78952\" \/>\n<meta property=\"og:site_name\" content=\"SalzburgerLand.com\" \/>\n<meta property=\"article:publisher\" content=\"https:\/\/www.facebook.com\/salzburgerland\/\" \/>\n<meta property=\"article:published_time\" content=\"2016-11-02T16:27:05+00:00\" \/>\n<meta property=\"article:modified_time\" content=\"2023-12-11T09:09:24+00:00\" \/>\n<meta property=\"og:image\" content=\"https:\/\/www.salzburgerland.com\/de\/wp-content\/uploads\/2016\/11\/wolfgang_amadeus_mozart_nannerl_leopold-1200x675.jpg\" \/>\n\t<meta property=\"og:image:width\" content=\"1200\" \/>\n\t<meta property=\"og:image:height\" content=\"675\" \/>\n\t<meta property=\"og:image:type\" content=\"image\/jpeg\" \/>\n<meta name=\"author\" content=\"Rainer Edlinger\" \/>\n<meta name=\"twitter:card\" content=\"summary_large_image\" \/>\n<meta name=\"twitter:creator\" content=\"@edei\" \/>\n<meta name=\"twitter:site\" content=\"@Salzburgerland\" \/>\n<meta name=\"twitter:label1\" content=\"Verfasst von\" \/>\n\t<meta name=\"twitter:data1\" content=\"Rainer Edlinger\" \/>\n\t<meta name=\"twitter:label2\" content=\"Gesch\u00e4tzte Lesezeit\" \/>\n\t<meta name=\"twitter:data2\" content=\"3\u00a0Minuten\" \/>\n<script type=\"application\/ld+json\" class=\"yoast-schema-graph\">{\"@context\":\"https:\/\/schema.org\",\"@graph\":[{\"@type\":\"WebPage\",\"@id\":\"https:\/\/www.salzburgerland.com\/de\/mozarts-biographie-reisen-nach-westeuropa-und-italien\/\",\"url\":\"https:\/\/www.salzburgerland.com\/de\/mozarts-biographie-reisen-nach-westeuropa-und-italien\/\",\"name\":\"Mozart\u00b4s Biographie: Reisen nach Westeuropa und Italien\",\"isPartOf\":{\"@id\":\"https:\/\/www.salzburgerland.com\/de\/#website\"},\"primaryImageOfPage\":{\"@id\":\"https:\/\/www.salzburgerland.com\/de\/mozarts-biographie-reisen-nach-westeuropa-und-italien\/#primaryimage\"},\"image\":{\"@id\":\"https:\/\/www.salzburgerland.com\/de\/mozarts-biographie-reisen-nach-westeuropa-und-italien\/#primaryimage\"},\"thumbnailUrl\":\"https:\/\/www.salzburgerland.com\/de\/wp-content\/uploads\/2016\/11\/wolfgang_amadeus_mozart_nannerl_leopold.jpg\",\"datePublished\":\"2016-11-02T16:27:05+00:00\",\"dateModified\":\"2023-12-11T09:09:24+00:00\",\"description\":\"Im Sommer 1763 trat Leopold Mozart mit seiner Familie die gro\u00dfe Westeuropa-Reise an, die sie \u00fcber Deutschland, Frankreich, England und Holland f\u00fchrte.\",\"breadcrumb\":{\"@id\":\"https:\/\/www.salzburgerland.com\/de\/mozarts-biographie-reisen-nach-westeuropa-und-italien\/#breadcrumb\"},\"inLanguage\":\"de\",\"potentialAction\":[{\"@type\":\"ReadAction\",\"target\":[\"https:\/\/www.salzburgerland.com\/de\/mozarts-biographie-reisen-nach-westeuropa-und-italien\/\"]}]},{\"@type\":\"ImageObject\",\"inLanguage\":\"de\",\"@id\":\"https:\/\/www.salzburgerland.com\/de\/mozarts-biographie-reisen-nach-westeuropa-und-italien\/#primaryimage\",\"url\":\"https:\/\/www.salzburgerland.com\/de\/wp-content\/uploads\/2016\/11\/wolfgang_amadeus_mozart_nannerl_leopold.jpg\",\"contentUrl\":\"https:\/\/www.salzburgerland.com\/de\/wp-content\/uploads\/2016\/11\/wolfgang_amadeus_mozart_nannerl_leopold.jpg\",\"width\":1700,\"height\":1065,\"caption\":\"Wolfgang_amadeus_Mozart_Nannerl_Leopold\"},{\"@type\":\"BreadcrumbList\",\"@id\":\"https:\/\/www.salzburgerland.com\/de\/mozarts-biographie-reisen-nach-westeuropa-und-italien\/#breadcrumb\",\"itemListElement\":[{\"@type\":\"ListItem\",\"position\":1,\"name\":\"Wolfgang Amadeus Mozart\",\"item\":\"https:\/\/www.salzburgerland.com\/de\/wolfgang-amadeus-mozart\/\"},{\"@type\":\"ListItem\",\"position\":2,\"name\":\"Mozart\u00b4s Biographie: Reisen nach Westeuropa und Italien\"}]},{\"@type\":\"WebSite\",\"@id\":\"https:\/\/www.salzburgerland.com\/de\/#website\",\"url\":\"https:\/\/www.salzburgerland.com\/de\/\",\"name\":\"SalzburgerLand.com\",\"description\":\"Ihr Urlaub in Salzburg, \u00d6sterreich\",\"publisher\":{\"@id\":\"https:\/\/www.salzburgerland.com\/de\/#organization\"},\"potentialAction\":[{\"@type\":\"SearchAction\",\"target\":{\"@type\":\"EntryPoint\",\"urlTemplate\":\"https:\/\/www.salzburgerland.com\/de\/?s={search_term_string}\"},\"query-input\":{\"@type\":\"PropertyValueSpecification\",\"valueRequired\":true,\"valueName\":\"search_term_string\"}}],\"inLanguage\":\"de\"},{\"@type\":\"Organization\",\"@id\":\"https:\/\/www.salzburgerland.com\/de\/#organization\",\"name\":\"SalzburgerLand Tourismus GmbH\",\"url\":\"https:\/\/www.salzburgerland.com\/de\/\",\"logo\":{\"@type\":\"ImageObject\",\"inLanguage\":\"de\",\"@id\":\"https:\/\/www.salzburgerland.com\/de\/#\/schema\/logo\/image\/\",\"url\":\"https:\/\/www.salzburgerland.com\/de\/wp-content\/uploads\/2017\/01\/salzburgerland-logo.jpg\",\"contentUrl\":\"https:\/\/www.salzburgerland.com\/de\/wp-content\/uploads\/2017\/01\/salzburgerland-logo.jpg\",\"width\":1920,\"height\":827,\"caption\":\"SalzburgerLand Tourismus GmbH\"},\"image\":{\"@id\":\"https:\/\/www.salzburgerland.com\/de\/#\/schema\/logo\/image\/\"},\"sameAs\":[\"https:\/\/www.facebook.com\/salzburgerland\/\",\"https:\/\/x.com\/Salzburgerland\",\"https:\/\/www.instagram.com\/salzburgerland\/\",\"http:\/\/dbpedia.org\/resource\/Salzburg_(state)\",\"http:\/\/wikidata.dbpedia.org\/resource\/Q43325\",\"http:\/\/open.salzburgerland.com\/de\/entity\/salzburgerland\",\"https:\/\/www.youtube.com\/user\/salzburgerland\"]},{\"@type\":\"Person\",\"@id\":\"https:\/\/www.salzburgerland.com\/de\/#\/schema\/person\/2e600525db83a61174f1547f69340b5f\",\"name\":\"Rainer Edlinger\",\"image\":{\"@type\":\"ImageObject\",\"inLanguage\":\"de\",\"@id\":\"https:\/\/www.salzburgerland.com\/de\/#\/schema\/person\/image\/\",\"url\":\"https:\/\/secure.gravatar.com\/avatar\/d969fa0d36465f75c5cf84e7f6ade358e3118b640bde0a90e717189edbbc3623?s=96&d=mm&r=g\",\"contentUrl\":\"https:\/\/secure.gravatar.com\/avatar\/d969fa0d36465f75c5cf84e7f6ade358e3118b640bde0a90e717189edbbc3623?s=96&d=mm&r=g\",\"caption\":\"Rainer Edlinger\"},\"sameAs\":[\"https:\/\/www.whisky-circle.info\/entity\/rainer-edlinger\/\",\"https:\/\/x.com\/edei\"]}]}<\/script>\n<!-- \/ Yoast SEO Premium plugin. -->","yoast_head_json":{"title":"Mozart\u00b4s Biographie: Reisen nach Westeuropa und Italien","robots":{"index":"index","follow":"follow","max-snippet":"max-snippet:-1","max-image-preview":"max-image-preview:large","max-video-preview":"max-video-preview:-1"},"canonical":"https:\/\/www.salzburgerland.com\/de\/wp-json\/wp\/v2\/posts\/78952","og_locale":"de_DE","og_type":"article","og_title":"Mozart\u00b4s Biographie: Reisen nach Westeuropa und Italien","og_description":"Im Sommer 1763 trat Leopold Mozart mit seiner Familie die gro\u00dfe Westeuropa-Reise an, die sie \u00fcber Deutschland, Frankreich, England und Holland f\u00fchrte.","og_url":"https:\/\/www.salzburgerland.com\/de\/wp-json\/wp\/v2\/posts\/78952","og_site_name":"SalzburgerLand.com","article_publisher":"https:\/\/www.facebook.com\/salzburgerland\/","article_published_time":"2016-11-02T16:27:05+00:00","article_modified_time":"2023-12-11T09:09:24+00:00","og_image":[{"width":1200,"height":675,"url":"https:\/\/www.salzburgerland.com\/de\/wp-content\/uploads\/2016\/11\/wolfgang_amadeus_mozart_nannerl_leopold-1200x675.jpg","type":"image\/jpeg"}],"author":"Rainer Edlinger","twitter_card":"summary_large_image","twitter_creator":"@edei","twitter_site":"@Salzburgerland","twitter_misc":{"Verfasst von":"Rainer Edlinger","Gesch\u00e4tzte Lesezeit":"3\u00a0Minuten"},"schema":{"@context":"https:\/\/schema.org","@graph":[{"@type":"WebPage","@id":"https:\/\/www.salzburgerland.com\/de\/mozarts-biographie-reisen-nach-westeuropa-und-italien\/","url":"https:\/\/www.salzburgerland.com\/de\/mozarts-biographie-reisen-nach-westeuropa-und-italien\/","name":"Mozart\u00b4s Biographie: Reisen nach Westeuropa und Italien","isPartOf":{"@id":"https:\/\/www.salzburgerland.com\/de\/#website"},"primaryImageOfPage":{"@id":"https:\/\/www.salzburgerland.com\/de\/mozarts-biographie-reisen-nach-westeuropa-und-italien\/#primaryimage"},"image":{"@id":"https:\/\/www.salzburgerland.com\/de\/mozarts-biographie-reisen-nach-westeuropa-und-italien\/#primaryimage"},"thumbnailUrl":"https:\/\/www.salzburgerland.com\/de\/wp-content\/uploads\/2016\/11\/wolfgang_amadeus_mozart_nannerl_leopold.jpg","datePublished":"2016-11-02T16:27:05+00:00","dateModified":"2023-12-11T09:09:24+00:00","description":"Im Sommer 1763 trat Leopold Mozart mit seiner Familie die gro\u00dfe Westeuropa-Reise an, die sie \u00fcber Deutschland, Frankreich, England und Holland f\u00fchrte.","breadcrumb":{"@id":"https:\/\/www.salzburgerland.com\/de\/mozarts-biographie-reisen-nach-westeuropa-und-italien\/#breadcrumb"},"inLanguage":"de","potentialAction":[{"@type":"ReadAction","target":["https:\/\/www.salzburgerland.com\/de\/mozarts-biographie-reisen-nach-westeuropa-und-italien\/"]}]},{"@type":"ImageObject","inLanguage":"de","@id":"https:\/\/www.salzburgerland.com\/de\/mozarts-biographie-reisen-nach-westeuropa-und-italien\/#primaryimage","url":"https:\/\/www.salzburgerland.com\/de\/wp-content\/uploads\/2016\/11\/wolfgang_amadeus_mozart_nannerl_leopold.jpg","contentUrl":"https:\/\/www.salzburgerland.com\/de\/wp-content\/uploads\/2016\/11\/wolfgang_amadeus_mozart_nannerl_leopold.jpg","width":1700,"height":1065,"caption":"Wolfgang_amadeus_Mozart_Nannerl_Leopold"},{"@type":"BreadcrumbList","@id":"https:\/\/www.salzburgerland.com\/de\/mozarts-biographie-reisen-nach-westeuropa-und-italien\/#breadcrumb","itemListElement":[{"@type":"ListItem","position":1,"name":"Wolfgang Amadeus Mozart","item":"https:\/\/www.salzburgerland.com\/de\/wolfgang-amadeus-mozart\/"},{"@type":"ListItem","position":2,"name":"Mozart\u00b4s Biographie: Reisen nach Westeuropa und Italien"}]},{"@type":"WebSite","@id":"https:\/\/www.salzburgerland.com\/de\/#website","url":"https:\/\/www.salzburgerland.com\/de\/","name":"SalzburgerLand.com","description":"Ihr Urlaub in Salzburg, \u00d6sterreich","publisher":{"@id":"https:\/\/www.salzburgerland.com\/de\/#organization"},"potentialAction":[{"@type":"SearchAction","target":{"@type":"EntryPoint","urlTemplate":"https:\/\/www.salzburgerland.com\/de\/?s={search_term_string}"},"query-input":{"@type":"PropertyValueSpecification","valueRequired":true,"valueName":"search_term_string"}}],"inLanguage":"de"},{"@type":"Organization","@id":"https:\/\/www.salzburgerland.com\/de\/#organization","name":"SalzburgerLand Tourismus GmbH","url":"https:\/\/www.salzburgerland.com\/de\/","logo":{"@type":"ImageObject","inLanguage":"de","@id":"https:\/\/www.salzburgerland.com\/de\/#\/schema\/logo\/image\/","url":"https:\/\/www.salzburgerland.com\/de\/wp-content\/uploads\/2017\/01\/salzburgerland-logo.jpg","contentUrl":"https:\/\/www.salzburgerland.com\/de\/wp-content\/uploads\/2017\/01\/salzburgerland-logo.jpg","width":1920,"height":827,"caption":"SalzburgerLand Tourismus GmbH"},"image":{"@id":"https:\/\/www.salzburgerland.com\/de\/#\/schema\/logo\/image\/"},"sameAs":["https:\/\/www.facebook.com\/salzburgerland\/","https:\/\/x.com\/Salzburgerland","https:\/\/www.instagram.com\/salzburgerland\/","http:\/\/dbpedia.org\/resource\/Salzburg_(state)","http:\/\/wikidata.dbpedia.org\/resource\/Q43325","http:\/\/open.salzburgerland.com\/de\/entity\/salzburgerland","https:\/\/www.youtube.com\/user\/salzburgerland"]},{"@type":"Person","@id":"https:\/\/www.salzburgerland.com\/de\/#\/schema\/person\/2e600525db83a61174f1547f69340b5f","name":"Rainer Edlinger","image":{"@type":"ImageObject","inLanguage":"de","@id":"https:\/\/www.salzburgerland.com\/de\/#\/schema\/person\/image\/","url":"https:\/\/secure.gravatar.com\/avatar\/d969fa0d36465f75c5cf84e7f6ade358e3118b640bde0a90e717189edbbc3623?s=96&d=mm&r=g","contentUrl":"https:\/\/secure.gravatar.com\/avatar\/d969fa0d36465f75c5cf84e7f6ade358e3118b640bde0a90e717189edbbc3623?s=96&d=mm&r=g","caption":"Rainer Edlinger"},"sameAs":["https:\/\/www.whisky-circle.info\/entity\/rainer-edlinger\/","https:\/\/x.com\/edei"]}]}},"_wl_alt_label":[],"wl:entity_url":"http:\/\/open.salzburgerland.com\/de\/post\/mozarts_biographie__reisen_nach_westeuropa_und_italien","_links":{"self":[{"href":"https:\/\/www.salzburgerland.com\/de\/wp-json\/wp\/v2\/posts\/78952","targetHints":{"allow":["GET"]}}],"collection":[{"href":"https:\/\/www.salzburgerland.com\/de\/wp-json\/wp\/v2\/posts"}],"about":[{"href":"https:\/\/www.salzburgerland.com\/de\/wp-json\/wp\/v2\/types\/post"}],"author":[{"embeddable":true,"href":"https:\/\/www.salzburgerland.com\/de\/wp-json\/wp\/v2\/users\/14"}],"replies":[{"embeddable":true,"href":"https:\/\/www.salzburgerland.com\/de\/wp-json\/wp\/v2\/comments?post=78952"}],"version-history":[{"count":1,"href":"https:\/\/www.salzburgerland.com\/de\/wp-json\/wp\/v2\/posts\/78952\/revisions"}],"predecessor-version":[{"id":667885,"href":"https:\/\/www.salzburgerland.com\/de\/wp-json\/wp\/v2\/posts\/78952\/revisions\/667885"}],"wp:featuredmedia":[{"embeddable":true,"href":"https:\/\/www.salzburgerland.com\/de\/wp-json\/wp\/v2\/media\/78953"}],"wp:attachment":[{"href":"https:\/\/www.salzburgerland.com\/de\/wp-json\/wp\/v2\/media?parent=78952"}],"wp:term":[{"taxonomy":"category","embeddable":true,"href":"https:\/\/www.salzburgerland.com\/de\/wp-json\/wp\/v2\/categories?post=78952"},{"taxonomy":"post_tag","embeddable":true,"href":"https:\/\/www.salzburgerland.com\/de\/wp-json\/wp\/v2\/tags?post=78952"},{"taxonomy":"wl_entity_type","embeddable":true,"href":"https:\/\/www.salzburgerland.com\/de\/wp-json\/wp\/v2\/wl_entity_type?post=78952"}],"curies":[{"name":"wp","href":"https:\/\/api.w.org\/{rel}","templated":true}]}}