{"id":77784,"date":"2016-10-28T09:47:02","date_gmt":"2016-10-28T07:47:02","guid":{"rendered":"https:\/\/www.onebigpark.at\/de\/?p=77784"},"modified":"2023-04-20T09:54:18","modified_gmt":"2023-04-20T07:54:18","slug":"jakobsweg-salzburgerland","status":"publish","type":"post","link":"https:\/\/www.salzburgerland.com\/de\/jakobsweg-salzburgerland\/","title":{"rendered":"Jakobsweg SalzburgerLand"},"content":{"rendered":"<h2>Zur Geschichte des Jakobsweges<\/h2>\n<p>Jakobus der \u00c4ltere, ein J\u00fcnger Jesu und sp\u00e4terer Apostel, kam als Missionar bis nach Spanien. Nach seiner R\u00fcckkehr wurde er 44 n. Chr. in Jerusalem enthauptet. Sein Leichnam \u2013 so berichtet die Legende \u2013 gelangte um 614 nach Spanien, wo seine Grabst\u00e4tte in Vergessenheit geriet. Erst im 9. Jahrhundert wurde das Grab\u00a0wiederentdeckt! Seither erf\u00e4hrt Jakobus als Spaniens Nationalheiliger und Schutzherr der Pilger gro\u00dfe Verehrung.<\/p>\n<p>Schon die erste Erw\u00e4hnung des Weges aus dem Jahr 1047 bringt die Strecke mit diesem Grab in Santiago de Compostela in Spanien in Verbindung. Im Mittelalter entwickelte sich der Ort neben Rom und Jerusalem zu einem Hauptziel der christlichen Pilgerfahrten. Der spanische Hauptweg wurde 1993 sogar als UNESCO Weltkulturerbe definiert.<\/p>\n<h2>Der Verlauf des Jakobsweges<\/h2>\n<p>Man k\u00f6nnte sogar sagen, der Weg beginnt schon mit der Idee, mit dem Gedanken daran, sich auf den Weg zu machen. Mit der Planung und dem sich bewusst werden, vorauf man sich einl\u00e4sst. Jahr f\u00fcr Jahr beschlie\u00dfen Tausende von Pilgerinnen und Pilgern \u201eIch bin dann mal weg\u201c und brechen zu dieser besonderen Wanderung auf. Und der Weg beginnt f\u00fcr jeden einzelnen wo anders, n\u00e4mlich genau dort, wo sich der Pilger auf den Weg macht.<br>\nEs verlaufen zahlreiche Jakobswege quer durch Europa, bereits im Mittelalter bildeten sich jedoch die \u201eHauptadern\u201c, die die Jakobswegkirchen und -kapellen entlang des Weges mit einbeziehen. Diese historischen Jakobswege sind bis auf kleine Routen\u00e4nderungen aufgrund von Hauptverkehrswegen bis heute erhalten geblieben. Das gemeinsame Ziel aller Jakobswege ist das Grab des Heiligen Jakobus in Santiago de Compostela in Spanien.<strong>\u00a0<\/strong><\/p>\n<p>Neu: <a href=\"https:\/\/regio.outdooractive.com\/oar-salzburg-pilgern\/de\/toptipps\/#filter=b-36730555-1,r-fullyTranslatedLangus-5381\" target=\"_blank\" rel=\"noopener noreferrer\">Der Salzburger Jakobsweg auf der digitalen Pilgerkarte<\/a><\/p>\n<h3>Der Jakobsweg im SalzburgerLand<\/h3>\n<p>Der Salzburger Weg f\u00fchrt zun\u00e4chst durch das Salzburger Seenland in die Stadt Salzburg und weiter nach Gro\u00dfgmain, Bad Reichenhall, Unken und Lofer bis zur Tiroler Grenze.<\/p>\n<div id=\"attachment_77786\" style=\"width: 1112px\" class=\"wp-caption alignnone\"><img decoding=\"async\" aria-describedby=\"caption-attachment-77786\" class=\"wp-image-77786 size-1170_658\" src=\"https:\/\/cdn.salzburgerland.com\/de\/wp-content\/uploads\/2016\/10\/jakobsweg_karte-1102x658.jpg\" alt=\"Gezeichnete und bebilderte Karte des Jakobsweges\" width=\"1102\" height=\"658\"><p id=\"caption-attachment-77786\" class=\"wp-caption-text\">\u00a9 SalzburgerLand Tourismus \u2013 Der Jakobsweg durch das SalzburgerLand<\/p><\/div>\n<p>Der Weg kann auf folgenden Etappen begangen werden:<\/p>\n<table style=\"width: 671px;\">\n<tbody>\n<tr style=\"height: 46px;\">\n<td style=\"width: 281.931px; height: 46px;\"><strong>ETAPPE<\/strong><\/td>\n<td style=\"width: 402.069px; height: 46px;\"><strong>KILOMETER, GEHZEIT, BESCHREIBUNG &amp; GPS TRACK<\/strong><\/td>\n<\/tr>\n<tr style=\"height: 66px;\">\n<td style=\"width: 281.931px; height: 66px;\"><strong>Oberhofen<\/strong>\u2013 Neumarkt \u2013 Henndorf \u2013<span>\u00a0<\/span><strong>Eugendorf<\/strong><\/td>\n<td style=\"width: 402.069px; height: 66px;\">24km, ca. 6,5 Stunden<br>\n<a href=\"http:\/\/www.camino-europe.eu\/eu\/at\/jakobswege\/oesterreichischer-jakobsweg\/oberhofen-eugendorf\/\" target=\"_blank\" rel=\"noopener noreferrer\">Beschreibung\/GPS Track<\/a><\/td>\n<\/tr>\n<tr style=\"height: 66px;\">\n<td style=\"width: 281.931px; height: 66px;\">Lengau \u2013 Lochen \u2013 Mattsee \u2013 Obertrum \u2013 Seekirchen \u2013 Eugendorf<\/td>\n<td style=\"width: 402.069px; height: 66px;\">27 km, ca. 6,5 Stunden<\/td>\n<\/tr>\n<tr style=\"height: 66px;\">\n<td style=\"width: 281.931px; height: 66px;\"><strong>Eugendorf\u00a0<\/strong>\u2013 Hallwang \u2013 Salzburg \u2013 Hinterreit\/<strong>Gro\u00dfgmain<\/strong><\/td>\n<td style=\"width: 402.069px; height: 66px;\">29km, ca.\u00a07,5 Stunden<br>\n<a href=\"http:\/\/www.camino-europe.eu\/eu\/at\/jakobswege\/oesterreichischer-jakobsweg\/eugendorf-hinterreit\/\" target=\"_blank\" rel=\"noopener noreferrer\">Beschreibung\/GPS Track<\/a><\/td>\n<\/tr>\n<tr style=\"height: 66px;\">\n<td style=\"width: 281.931px; height: 66px;\">Hinterreit\/<strong>Gro\u00dfgmain\u00a0<\/strong>\u2013 Bad Reichenhall \u2013<span>\u00a0<\/span><strong>Unken<\/strong><\/td>\n<td style=\"width: 402.069px; height: 66px;\">22,5km, ca.\u00a06 Stunden<br>\n<a href=\"http:\/\/www.camino-europe.eu\/eu\/at\/jakobswege\/oesterreichischer-jakobsweg\/hinterreit-unken\/\" target=\"_blank\" rel=\"noopener noreferrer\">Beschreibung\/GPS Track<\/a><\/td>\n<\/tr>\n<tr style=\"height: 66px;\">\n<td style=\"width: 281.931px; height: 66px;\"><strong>Unken\u00a0<\/strong>\u2013<span>\u00a0<\/span><strong>Lofer <\/strong>(inkl. Abstecher nach Maria Kirchental)<\/td>\n<td style=\"width: 402.069px; height: 66px;\">18km, ca. 5,5 Stunden<br>\n<a href=\"http:\/\/www.camino-europe.eu\/eu\/at\/jakobswege\/oesterreichischer-jakobsweg\/unken-lofer\/\" target=\"_blank\" rel=\"noopener noreferrer\">Beschreibung\/GPS Track<\/a><\/td>\n<\/tr>\n<tr style=\"height: 66px;\">\n<td style=\"width: 281.931px; height: 66px;\"><strong>Lofer\u00a0<\/strong>\u2013 Waidring \u2013 Kirchdorf \u2013<span>\u00a0<\/span><strong>St. Johann in Tirol<\/strong><\/td>\n<td style=\"width: 402.069px; height: 66px;\">26,5km, ca. 7 Stunden<br>\n<a href=\"http:\/\/www.camino-europe.eu\/eu\/at\/jakobswege\/jakobsweg-tirol-lofer-st-christoph-a-a\/lofer-st-johann-in-tirol\/\" target=\"_blank\" rel=\"noopener noreferrer\">Beschreibung\/GPS Track\u00a0<\/a><\/td>\n<\/tr>\n<tr style=\"height: 18.5903px;\">\n<td style=\"width: 281.931px; height: 18.5903px;\"><\/td>\n<td style=\"width: 402.069px; height: 18.5903px;\"><\/td>\n<\/tr>\n<\/tbody>\n<\/table>\n<h2><strong>Wichtige Fragen zum Jakobsweg<\/strong><\/h2>\n<p><strong>Wie ist der Jakobsweg beschildert?<br>\n<\/strong>Innerhalb des SalzburgerLandes ist der Weg einheitlich durch gelbe Schilder mit dem Jakobswegsymbol gekennzeichnet.<\/p>\n<p><strong>Wo verl\u00e4uft der Salzburger Jakobsweg?<br>\n<\/strong>Auf knapp 100 km wandern Pilger durch das SalzburgerLand. Dabei passieren sie die Wallfahrtskirche Maria Plain, durchqueren die Stadt Salzburg und kommen \u00fcber Unken und Lofer nach Tirol.<\/p>\n<p><strong>Wie viele Tage ist man am <\/strong><strong>Salzburger Jakobsweg unterwegs?<br>\n<\/strong>Der Weg ist in 4 Tagesetappen machbar, man kann sich aber durchaus auch 6 Tage Zeit nehmen.<\/p>\n<p><strong>Ist der Jakobsweg auch f\u00fcr Radfahrer geeignet?<br>\n<\/strong>Rund 90 Prozent der Strecke k\u00f6nnen mit dem (Trekking-)Rad befahren werden. Ausweichstrecken f\u00fcr jene Teile, die dem Wanderer vorbehalten bleiben, sind in der \u00dcbersichtskarte oben eingetragen.<\/p>\n<p><strong>Ben\u00f6tige ich f\u00fcr den Salzburger Jakobsweg einen Pilgerpass?<br>\n<\/strong>Ein Pilgerpass ist nicht erforderlich, da es keine klassischen Pilgerherbergen gibt. Von vielen Pilgern wird er dennoch sehr gesch\u00e4tzt, da sie sich damit zum Beispiel bei Pfarrh\u00f6fen ausweisen k\u00f6nnen oder ihn als Dokumentation f\u00fcr sich selbst nutzen.<\/p>\n<p><strong>Wo erhalte ich einen Pilgerpass?<\/strong><br>\nPilgerp\u00e4sse sowie\u00a0Kunstkarten u.a.\u00a0Souvenirs\u00a0sind zum Beispiel bei folgenden Stellen erh\u00e4ltlich:<\/p>\n<ul>\n<li><strong>Jakobswege Tirol<\/strong>,\u00a0<a href=\"https:\/\/jakobsweg-tirol.net\/shop\/\" target=\"_blank\" rel=\"noopener noreferrer\">Jakobsweg-Pilgershop<\/a><\/li>\n<li><strong>Jakobusgemeinschaft Salzburg,<\/strong>\u00a0<a href=\"http:\/\/www.jakobusgemeinschaft.at\/formulare.htm\" target=\"_blank\" rel=\"noopener noreferrer\">www.jakobusgemeinschaft.at<\/a>\u00a0oder<\/li>\n<li>direkt bei\u00a0<strong>Infopoint Kirche,<\/strong>\u00a05020 Salzburg, Franziskanergasse 3, T +43 662 8047 2087 oder +43 676 8746 2087, <a href=\"mailto:infopoint@kirchen.net\" target=\"_blank\" rel=\"noopener noreferrer\">infopoint@kirchen.net<\/a> (Di \u2013 Fr 12.00 bis 17.00 Uhr, Sa 10.00 bis 13.00 Uhr) <a href=\"http:\/\/www.infopoint-kirchen.at\/home\/\" target=\"_blank\" rel=\"noopener noreferrer\">www.infopoint-kirchen.at<\/a><\/li>\n<\/ul>\n<p><strong>Wo bekommt man Stempel f\u00fcr den Pilgerpass?<\/strong><br>\nStempel bekommt man in den Kirchen und den pilgerfreundlichen Gastst\u00e4tten und Beherbergungsbetrieben am Jakobsweg.<\/p>\n<p><strong>Was muss ich mitnehmen?<br>\n<\/strong>Eine Packliste f\u00fcr den Jakobsweg findet man unter\u00a0<a href=\"http:\/\/www.jakobsweg.de\/packliste\/\" target=\"_blank\" rel=\"noopener noreferrer\">www.jakobsweg.de\/packliste<\/a><\/p>\n<div id=\"attachment_77776\" style=\"width: 1930px\" class=\"wp-caption alignnone\"><img decoding=\"async\" aria-describedby=\"caption-attachment-77776\" class=\"size-large wp-image-77776\" src=\"https:\/\/cdn.salzburgerland.com\/de\/wp-content\/uploads\/2016\/08\/jakobsweg-von-au-nach-lof.jpg\" alt=\"Weg \u00fcber eine Wiese an einem Heuschober vorbei\" width=\"1920\" height=\"1067\" srcset=\"https:\/\/www.salzburgerland.com\/de\/wp-content\/uploads\/2016\/08\/jakobsweg-von-au-nach-lof-370x206.jpg 370w, https:\/\/www.salzburgerland.com\/de\/wp-content\/uploads\/2016\/08\/jakobsweg-von-au-nach-lof-1024x569.jpg 1024w, https:\/\/www.salzburgerland.com\/de\/wp-content\/uploads\/2016\/08\/jakobsweg-von-au-nach-lof-1920x1067.jpg 1920w, https:\/\/www.salzburgerland.com\/de\/wp-content\/uploads\/2016\/08\/jakobsweg-von-au-nach-lof-270x150.jpg 270w\" sizes=\"(max-width: 1920px) 100vw, 1920px\"><p id=\"caption-attachment-77776\" class=\"wp-caption-text\">\u00a9SalzburgerLand Tourismus \u2013 Der Jakobsweg f\u00fchrt durch die wunderbare Landschaft des SalzburgerLandes<\/p><\/div>\n<p><strong>Gibt es gef\u00fchrte Pilgerwanderungen und Mehrtagesangebote am Jakobsweg?<br>\n<\/strong>Ja, wer sich nicht selber um die Zusammenstellung der Pilgerwanderung k\u00fcmmern m\u00f6chte, kann zu bestimmten Terminen an einer von Pilgerbegleiterin Angelika Wimmer organisierten und gef\u00fchrten Wanderung teilnehmen. Informationen und Anmeldung: angelikawimmer@gmail.com.<\/p>\n<p><span><strong>Vor\u00f6sterliche Pilgerwanderung<\/strong><br>\n<\/span><span>Gemeinsam mit Gleichgesinnten j\u00e4hrlich am Dienstag in der Karwoche am Jakobsweg von Gro\u00dfgmain \u00fcber Bad Reichenhall nach Unken pilgern. Details und zahlreiche weitere gef\u00fchrte Pilgerwanderungen findet ihr <a href=\"https:\/\/www.pilgerweg-vianova.eu\/termine\/12429.voroesterlichen-pilgerwanderung-2023-von-berndorf-nach-moosdorf.html\" target=\"_blank\" rel=\"noopener\">hier<\/a>.<br>\n<\/span>Jederzeit ohne Begleitung kann man die Organisation auch ganz unkompliziert dem Anbieter <a href=\"http:\/\/www.eurohike.at\/de\/wanderreisen\/individuelle-wanderreise-jakobsweg-salzburg_t_1981\" target=\"_blank\" rel=\"noopener noreferrer\">Eurohike\u00a0<\/a>\u00fcberlassen (8 Tage\/7 N\u00e4chte, Mai bis Oktober).<\/p>\n<p><strong>Ich bin dann mal weg<br>\n<\/strong><span>Unser Buchtipp zum Jakobsweg: Ich bin dann mal weg. Meine Reise auf dem Jakobsweg. Geschrieben von Hape Kerkeling.<br>\nIm Oktober erscheint eine Jubil\u00e4umsausgabe mit exklusivem Bonus-Kapitel in dem der Entertainer Hape Kerkeling zwanzig Jahre danach auf den wichtigsten Weg seines Lebens zur\u00fcckblickt. Erh\u00e4ltlich beim <a href=\"https:\/\/www.piper.de\/buecher\/ich-bin-dann-mal-weg-isbn-978-3-89029-600-5\" target=\"_blank\" rel=\"noopener\">Piper Verlag<\/a>.\u00a0<\/span><\/p>\n<h2>Unterk\u00fcnfte entlang des Weges<\/h2>\n<p>Wer den ganzen Tag unterwegs ist, freut sich darauf, am Abend die Beine ausstrecken zu k\u00f6nnen, ein gutes Essen serviert zu bekommen und vielleicht auch darauf, mit Gleichgesinnten die Erlebnisse des Tages Revue passieren zu lassen.<br>\nHier findet man eine Liste aller am Weg liegenden Unterk\u00fcnfte, die Jakobsweg-Pilger mit offenen Armen empfangen:<\/p>\n<table style=\"width: 672px;\">\n<tbody>\n<tr>\n<td style=\"width: 294.118px;\"><strong>Frankenmarkt<\/strong><\/td>\n<td style=\"width: 389.882px;\">Tourismusverband Frankenmarkt<br>\n<span style=\"font-family: inherit; font-size: inherit;\">Tel. +43 7684\/625513<br>\n<\/span><a style=\"font-family: inherit; font-size: inherit;\" href=\"mailto:office@frankenmarkt.at\" target=\"_blank\" rel=\"noopener noreferrer\">office@frankenmarkt.at<br>\n<\/a><a style=\"font-family: inherit; font-size: inherit;\" href=\"http:\/\/www.frankenmarkt.eu\/\" target=\"_blank\" rel=\"noopener noreferrer\">www.frankenmarkt.eu<\/a><\/td>\n<\/tr>\n<tr>\n<td style=\"width: 294.118px;\">Landhaus Schmid<\/td>\n<td style=\"width: 389.882px;\">Fornacherstrasse 23,<br>\nTel. +43 7684\/6324<br>\n<a href=\"mailto:schmid@tvweb.at\" target=\"_blank\" rel=\"noopener noreferrer\">schmid@tvweb.at<\/a><\/td>\n<\/tr>\n<tr>\n<td style=\"width: 294.118px;\">Gasthof Kogler\n<p>\u00a0<\/p><\/td>\n<td style=\"width: 389.882px;\">Hauptstrasse 122<br>\nTel. +43 7684\/6258<br>\n<a href=\"mailto:gasthof-kogler@aon.at\" target=\"_blank\" rel=\"noopener noreferrer\">gasthof-kogler@aon.at<br>\n<\/a><a href=\"http:\/\/www.gasthof-kogler.at\/\" target=\"_blank\" rel=\"noopener noreferrer\">www.gasthof-kogler.at<\/a><\/td>\n<\/tr>\n<tr>\n<td style=\"width: 294.118px;\">Gasthof zur Post\n<p>\u00a0<\/p><\/td>\n<td style=\"width: 389.882px;\">Hauptstrasse 100<br>\nTel. +43 7684\/6271-0<br>\n<a href=\"mailto:gasthof.fimberger@aon.at\" target=\"_blank\" rel=\"noopener noreferrer\">gasthof.fimberger@aon.at<\/a><br>\n<a href=\"http:\/\/www.gasthof-fimberger.at\/\" target=\"_blank\" rel=\"noopener noreferrer\">www.gasthof-fimberger.at<\/a><\/td>\n<\/tr>\n<tr>\n<td style=\"width: 294.118px;\">Gasthaus Weissl-Ober<\/td>\n<td style=\"width: 389.882px;\">Hauptstrasse 71<br>\nTel. +43 7684\/6356<\/td>\n<\/tr>\n<\/tbody>\n<\/table>\n<p><strong>\u00a0<\/strong><\/p>\n<table style=\"width: 672px;\">\n<tbody>\n<tr>\n<td style=\"width: 294.917px;\"><strong>Oberhofen<\/strong><\/td>\n<td style=\"width: 389.083px;\">Tourismusverband MondSeeLand Mondsee-Irrsee<br>\nTel. +43 6213\/8215 und (0)680\/2104752<br>\n<a href=\"mailto:oberhofen@mondsee.at\" target=\"_blank\" rel=\"noopener noreferrer\">oberhofen@mondsee.at<br>\n<\/a><a href=\"http:\/\/www.oberoesterreich.at\/oberhofen\" target=\"_blank\" rel=\"noopener noreferrer\">www.oberoesterreich.at\/oberhofen<\/a><\/td>\n<\/tr>\n<tr>\n<td style=\"width: 294.917px;\">Privatzimmer Marianne Brodinger<\/td>\n<td style=\"width: 389.083px;\">Rabenschwand 81<br>\nTel. +43 6213\/8622<\/td>\n<\/tr>\n<tr>\n<td style=\"width: 294.917px;\">Privatzimmer Maria Endesgraber<\/td>\n<td style=\"width: 389.083px;\">R\u00f6merhof 13<br>\nTel. +43 6213\/8229<\/td>\n<\/tr>\n<tr>\n<td style=\"width: 294.917px;\">Privatzimmer Theresia Meindl<\/td>\n<td style=\"width: 389.083px;\">Salzweg 38<br>\nTel. +43 6213\/8596<\/td>\n<\/tr>\n<tr>\n<td style=\"width: 294.917px;\">Privatzimmer Franziska Schweigerer<\/td>\n<td style=\"width: 389.083px;\">R\u00f6merhof 100<br>\nTel. +43 6213\/8446<br>\n<a href=\"mailto:jedinger@aon.at\" target=\"_blank\" rel=\"noopener noreferrer\">jedinger@aon.at<br>\n<\/a><a href=\"http:\/\/www.tiscover.at\/jedinger\" target=\"_blank\" rel=\"noopener noreferrer\">http:\/\/www.jedingerhof.at\/kontakt.htm<\/a><\/td>\n<\/tr>\n<\/tbody>\n<\/table>\n<p><strong>\u00a0<\/strong><\/p>\n<table style=\"width: 669.26px; height: 111px;\">\n<tbody>\n<tr style=\"height: 22.9px;\">\n<td style=\"width: 279px; height: 22.9px;\"><strong>Stra\u00dfwalchen<\/strong><\/td>\n<td style=\"width: 386.26px; height: 22.9px;\">Tourismusverband Stra\u00dfwalchen<br>\nTel. +43 6215\/6420<br>\n<a href=\"mailto:info@strasswalchen.at\">info@strasswalchen.at<\/a><br>\n<a href=\"http:\/\/www.strasswalchen.com\">www.strasswalchen.com<\/a><\/td>\n<\/tr>\n<\/tbody>\n<\/table>\n<p>\u00a0<\/p>\n<table style=\"width: 670.03px;\">\n<tbody>\n<tr>\n<td style=\"width: 285px;\"><strong>Neumarkt am Wallersee<\/strong><\/td>\n<td style=\"width: 399.03px;\">Tourismusverband Neurmarkt am Wallersee<br>\nTel. +43 6216\/6907<br>\n<a href=\"mailto:neumarkt@salzburger-seenland.at\" target=\"_blank\" rel=\"noopener noreferrer\">neumarkt@salzburger-seenland.at<\/a><br>\n<a href=\"http:\/\/www.salzburger-seenland.at\/\" target=\"_blank\" rel=\"noopener noreferrer\">www.salzburger-seenland.at<\/a><\/td>\n<\/tr>\n<tr>\n<td style=\"width: 285px;\">Greischbergerhof<\/td>\n<td style=\"width: 399.03px;\">Bauernschr\u00e4nke<br>\nFam. Greischberger<br>\nPfongau 7<br>\nTel.+43 6216\/6053<br>\n<a href=\"mailto:greischbergerhof@gmx.at\" target=\"_blank\" rel=\"noopener noreferrer\">greischbergerhof@gmx.at<br>\n<\/a><a href=\"http:\/\/www.greischbergerhof.at\/\" target=\"_blank\" rel=\"noopener noreferrer\">www.greischbergerhof.at<\/a><\/td>\n<\/tr>\n<\/tbody>\n<\/table>\n<div class=\"mceTemp\"><\/div>\n<div class=\"mceTemp\"><\/div>\n<table style=\"width: 668px;\">\n<tbody>\n<tr>\n<td style=\"width: 279.747px;\"><strong>Henndorf am Wallersee<\/strong><\/td>\n<td style=\"width: 404.253px;\">Tourismusverband Henndorf am Wallersee<br>\nTel. +43 6214\/6011<br>\n<a href=\"mailto:henndorf@salzburgerseenland.at\" target=\"_blank\" rel=\"noopener noreferrer\">henndorf@salzburgerseenland.at<\/a><br>\n<a href=\"http:\/\/www.henndorf-info.at\/\" target=\"_blank\" rel=\"noopener noreferrer\">www.henndorf-info.at<br>\n<\/a><a href=\"http:\/\/www.salzburgerseenland.at\/\" target=\"_blank\" rel=\"noopener noreferrer\">www.salzburgerseenland.at<\/a><\/td>\n<\/tr>\n<tr>\n<td style=\"width: 279.747px;\">Hofbauer<\/td>\n<td style=\"width: 404.253px;\">Fam. Schwaiger<br>\n<span style=\"font-family: inherit; font-size: inherit;\">Fenning 16<br>\n<\/span><span style=\"font-family: inherit; font-size: inherit;\">Tel. +43 6214\/7331 od. (0)664\/5113272<br>\n<\/span><a style=\"font-family: inherit; font-size: inherit;\" href=\"mailto:elfi.schwaiger@gmx.at\" target=\"_blank\" rel=\"noopener noreferrer\">elfi.schwaiger@gmx.at<br>\n<\/a><a href=\"http:\/\/www.schwainger.hofbauer.at\/\" target=\"_blank\" rel=\"noopener noreferrer\">www.schwaiger.hofbauer.at<\/a><\/td>\n<\/tr>\n<\/tbody>\n<\/table>\n<div class=\"mceTemp\"><\/div>\n<table style=\"width: 48.1386%;\">\n<tbody>\n<tr>\n<td style=\"width: 40.6344%;\"><strong>Eugendorf<\/strong><\/td>\n<td style=\"width: 58.1571%;\">Tourismusverband Eugendorf<br>\nTel. +43 6225\/8424<br>\n<a href=\"mailto:info@eugendorf.com\" target=\"_blank\" rel=\"noopener noreferrer\">info@eugendorf.com<br>\n<\/a><a href=\"http:\/\/www.eugendorf.com\/\" target=\"_blank\" rel=\"noopener noreferrer\">www.eugendorf.com<\/a><\/td>\n<\/tr>\n<tr>\n<td style=\"width: 40.6344%;\">Privatzimmer Aspacher\n<p>\u00a0<\/p><\/td>\n<td style=\"width: 58.1571%;\">Johanna Aspacher<br>\nSalzburgerstra\u00dfe 53<br>\nTel. +43 6225\/7186 oder (0)664\/3440140<br>\n<a href=\"mailto:urlaub@haus-aspacher.at\" target=\"_blank\" rel=\"noopener noreferrer\">urlaub@haus-aspacher.at<\/a><\/td>\n<\/tr>\n<tr>\n<td style=\"width: 40.6344%;\"><\/td>\n<td style=\"width: 58.1571%;\"><\/td>\n<\/tr>\n<tr>\n<td style=\"width: 40.6344%;\">Landgasthof Holznerwirt****\n<p>\u00a0<\/p><\/td>\n<td style=\"width: 58.1571%;\">Fam. Sch\u00f6nbauer<br>\nDorf 4<br>\nTel. +43 6225\/8205<br>\n<a href=\"mailto:hotel@holznerwirt.at\" target=\"_blank\" rel=\"noopener noreferrer\">hotel@holznerwirt.at<br>\n<\/a><a href=\"http:\/\/www.holznerwirt.at\/\" target=\"_blank\" rel=\"noopener noreferrer\">www.holznerwirt.at<\/a><\/td>\n<\/tr>\n<tr>\n<td style=\"width: 40.6344%;\">Landhotel Gschirnwirt****\u2018<br>\neigene Hauskapelle<\/td>\n<td style=\"width: 58.1571%;\">Fam. Schinagl<br>\nAlte-Wiener-Str. 49<br>\nTel. +43 6225\/8229<br>\n<a href=\"mailto:schinagl@gschirn.at\" target=\"_blank\" rel=\"noopener noreferrer\">schinagl@gschirn.at<br>\n<\/a><a href=\"http:\/\/www.gschirn.at\/\" target=\"_blank\" rel=\"noopener noreferrer\">www.gschirn.at<\/a><\/td>\n<\/tr>\n<tr>\n<td style=\"width: 40.6344%;\">Landhotel Santner***\n<p>\u00a0<\/p><\/td>\n<td style=\"width: 58.1571%;\">Fam. Elsenwenger<br>\nAlte-Wienerstr. 1<br>\nTel. +43 6225\/8214-0<br>\n<a href=\"mailto:salzburg@hotel-santner.at\" target=\"_blank\" rel=\"noopener noreferrer\">salzburg@hotel-santner.at<br>\n<\/a><a href=\"http:\/\/www.hotel-santner.at\/\" target=\"_blank\" rel=\"noopener noreferrer\">www.hotel-santner.at<\/a><\/td>\n<\/tr>\n<tr>\n<td style=\"width: 40.6344%;\">Gasthof Neuwirt ***\n<p>\u00a0<\/p><\/td>\n<td style=\"width: 58.1571%;\">Fam. H\u00f6rl<br>\nDorf 16<br>\nTel. +43 6225\/8207<br>\n<a href=\"mailto:neuwirt@sbg.at\" target=\"_blank\" rel=\"noopener noreferrer\">neuwirt@sbg.at<br>\n<\/a><a href=\"https:\/\/www.hotel-salzburg-eugendorf-neuwirt.at\/\">https:\/\/www.hotel-salzburg-eugendorf-neuwirt.at\/<\/a><\/td>\n<\/tr>\n<\/tbody>\n<\/table>\n<p>\u00a0<\/p>\n<table style=\"width: 655px;\">\n<tbody>\n<tr>\n<td style=\"width: 274.208px;\"><strong>Hallwang<\/strong><\/td>\n<td style=\"width: 398.792px;\">Gemeindeamt Hallwang<br>\nTel. +43 662\/661957-0<br>\n<a href=\"mailto:office@hallwang.salzburg.at\" target=\"_blank\" rel=\"noopener noreferrer\">office@hallwang.salzburg.at<br>\n<\/a><a href=\"http:\/\/www.hallwang.salzburg.at\/\" target=\"_blank\" rel=\"noopener noreferrer\">www.hallwang.salzburg.at<\/a><\/td>\n<\/tr>\n<tr>\n<td style=\"width: 274.208px;\">Landgasthof Gut Kirchbichl****\n<p>\u00a0<\/p><\/td>\n<td style=\"width: 398.792px;\">Fam. Zipperer<br>\nDorfstr. 22<br>\nTel. +43 662\/665900<br>\n<a href=\"mailto:kontakt@landgasthof-kirchbichl.at\" target=\"_blank\" rel=\"noopener noreferrer\">kontakt@landgasthof-kirchbichl.at<br>\n<\/a><a href=\"http:\/\/www.landgasthof-kirchbichl.at\/\" target=\"_blank\" rel=\"noopener noreferrer\">www.landgasthof-kirchbichl.at<\/a><\/td>\n<\/tr>\n<\/tbody>\n<\/table>\n<div class=\"mceTemp\"><\/div>\n<table style=\"width: 645px;\">\n<tbody>\n<tr>\n<td style=\"width: 270.177px;\"><strong>Bergheim<\/strong><\/td>\n<td style=\"width: 390.823px;\">Tourismusverband Bergheim<br>\nTel. +43 662\/454505<br>\n<a href=\"mailto:info@bergheim-tourismus.at\" target=\"_blank\" rel=\"noopener noreferrer\">info@bergheim-tourismus.at<br>\n<\/a><a href=\"http:\/\/www.bergheim-tourismus.at\/\" target=\"_blank\" rel=\"noopener noreferrer\">www.bergheim-tourismus.at<\/a><\/td>\n<\/tr>\n<tr>\n<td style=\"width: 270.177px;\">Haus Monika\n<p>\u00a0<\/p><\/td>\n<td style=\"width: 390.823px;\">Fam. Streitfellner, Mattseer Landesstrasse 6<br>\nTel +43 662\/456644<br>\n<a href=\"http:\/\/www.bergheim-tourismus.at\/\" target=\"_blank\" rel=\"noopener noreferrer\">www.bergheim-tourismus.at<\/a><\/td>\n<\/tr>\n<tr>\n<td style=\"width: 270.177px;\">Hotel Gasthof Maria Plain ****\n<p>\u00a0<\/p><\/td>\n<td style=\"width: 390.823px;\">Fam. Mo\u00dfhammer<br>\nPlainbergweg 41<br>\nTel. +43 662\/450701<br>\n<a href=\"mailto:info@mariaplain.com\" target=\"_blank\" rel=\"noopener noreferrer\">info@mariaplain.com<br>\n<\/a><a href=\"http:\/\/www.mariaplain.com\/\" target=\"_blank\" rel=\"noopener noreferrer\">www.mariaplain.com<\/a><\/td>\n<\/tr>\n<\/tbody>\n<\/table>\n<p>\u00a0<\/p>\n<table style=\"width: 638px;\">\n<tbody>\n<tr style=\"height: 18px;\">\n<td style=\"width: 273.78px; height: 18px;\"><strong>Salzburg<\/strong><\/td>\n<td style=\"width: 379.21px; height: 18px;\">Tourismus Salzburg<br>\nTel. +43 662\/88987<br>\n<a href=\"mailto:tourist@salzburg.info\" target=\"_blank\" rel=\"noopener noreferrer\">tourist@salzburg.info<br>\n<\/a><a href=\"http:\/\/www.salzburg.info\/\" target=\"_blank\" rel=\"noopener noreferrer\">www.salzburg.info<\/a><\/td>\n<\/tr>\n<tr style=\"height: 18px;\">\n<td style=\"width: 273.78px; height: 18px;\">St. Virgil Salzburg****\n<p>\u00a0<\/p><\/td>\n<td style=\"width: 379.21px; height: 18px;\">Ernst-Grein-Strasse 14<br>\nTel. +43 662\/65901-0<br>\n<a href=\"mailto:rezeption@virgil.at\" target=\"_blank\" rel=\"noopener noreferrer\">rezeption@virgil.at<br>\n<\/a><a href=\"http:\/\/www.virgil.at\/\" target=\"_blank\" rel=\"noopener noreferrer\">www.virgil.at<\/a><\/td>\n<\/tr>\n<tr style=\"height: 18px;\">\n<td style=\"width: 273.78px; height: 18px;\">Hotel Hohenstauffen***\n<p>\u00a0<\/p><\/td>\n<td style=\"width: 379.21px; height: 18px;\">Elisabethstr. 19<br>\nTel. +43 662\/877669<br>\n<a href=\"mailto:hohenstauffen@aon.at\" target=\"_blank\" rel=\"noopener noreferrer\">hohenstauffen@aon.at<\/a><br>\n<a href=\"http:\/\/www.hotel-hohenstauffen.at\/\" target=\"_blank\" rel=\"noopener noreferrer\">www.hotel-hohenstauffen.at<\/a><\/td>\n<\/tr>\n<tr style=\"height: 18px;\">\n<td style=\"width: 273.78px; height: 18px;\">Kolpinghaus Salzburg**\n<p>\u00a0<\/p><\/td>\n<td style=\"width: 379.21px; height: 18px;\">Adolf-Kolping-Strasse 10<br>\nTel. +43 662\/4661-0<br>\n<a href=\"mailto:info@kolpinghaus-salzburg.at\" target=\"_blank\" rel=\"noopener noreferrer\">info@kolpinghaus-salzburg.at<\/a><br>\n<a href=\"http:\/\/www.kolpinghaus-salzburg.at\/\" target=\"_blank\" rel=\"noopener noreferrer\">www.kolpinghaus-salzburg.at<\/a><\/td>\n<\/tr>\n<tr style=\"height: 18.7344px;\">\n<td style=\"width: 273.78px; height: 18.7344px;\">Haus Wartenberg**\n<p>\u00a0<\/p><\/td>\n<td style=\"width: 379.21px; height: 18.7344px;\">Johannes W\u00e4chter<br>\nRiedenburgerstr. 2<br>\nTel. +43 662\/848400<br>\n<a href=\"mailto:hotel@hauswartenberg.com\" target=\"_blank\" rel=\"noopener noreferrer\">hotel@hauswartenberg.com<br>\n<\/a><a href=\"http:\/\/www.hauswartenberg.com\/\" target=\"_blank\" rel=\"noopener noreferrer\">www.hauswartenberg.com<\/a><\/td>\n<\/tr>\n<\/tbody>\n<\/table>\n<p>\u00a0<\/p>\n<table style=\"width: 643px;\">\n<tbody>\n<tr>\n<td style=\"width: 271.097px;\"><strong>Wals-Siezenheim<\/strong><\/td>\n<td style=\"width: 384.903px;\">Tourismusverein Wals-Siezenheim<br>\nTel. +43 662\/851067<br>\n<a href=\"mailto:info@wals-siezenheim.com\" target=\"_blank\" rel=\"noopener noreferrer\">info@wals-siezenheim.com<\/a>,<br>\n<a href=\"http:\/\/www.wals-siezenheim.com\/\" target=\"_blank\" rel=\"noopener noreferrer\">www.wals-siezenheim.com<\/a><\/td>\n<\/tr>\n<tr>\n<td style=\"width: 271.097px;\"><\/td>\n<td style=\"width: 384.903px;\"><\/td>\n<\/tr>\n<\/tbody>\n<\/table>\n<p>\u00a0<\/p>\n<table style=\"width: 640px; height: 304px;\">\n<tbody>\n<tr style=\"height: 80px;\">\n<td style=\"width: 256.91px; height: 80px;\"><strong>Gro\u00dfgmain<\/strong><\/td>\n<td style=\"width: 369.132px; height: 80px;\">Tourismusverband Gro\u00dfgmain<br>\nTel. +43 6247\/8278<br>\n<a href=\"mailto:mail@grossgmain.info\" target=\"_blank\" rel=\"noopener noreferrer\">mail@grossgmain.info<br>\n<\/a><a href=\"http:\/\/www.grossgmain.info\/\" target=\"_blank\" rel=\"noopener noreferrer\">www.grossgmain.info<\/a><\/td>\n<\/tr>\n<tr style=\"height: 100px;\">\n<td style=\"width: 256.91px; height: 100px;\">Hotel Kaiser Karl***\n<p>\u00a0<\/p><\/td>\n<td style=\"width: 369.132px; height: 100px;\">Eva-Maria\u00a0Zimmerebner<br>\nSalzburgerstr. 55<br>\nTel. +43 650\/2021500<br>\n<a href=\"mailto:hotel.kaiser.karl@sbg.at\" target=\"_blank\" rel=\"noopener noreferrer\">hotel.kaiser.karl@sbg.at<br>\n<\/a><a href=\"http:\/\/www.hotel-kaiser-karl.at\/\" target=\"_blank\" rel=\"noopener noreferrer\">www.hotel-kaiser-karl.at<\/a><\/td>\n<\/tr>\n<tr style=\"height: 100.99px;\">\n<td style=\"width: 256.91px; height: 100.99px;\">Hotel V\u00f6tterl***\n<p>\u00a0<\/p><\/td>\n<td style=\"width: 369.132px; height: 100.99px;\">Fam. V\u00f6tterl<br>\nSalzburger Stra\u00dfe 54<br>\nTel. +43 6247 8203<br>\n<a href=\"mailto:info@voetterl.at\">info@voetterl.a<\/a>t<br>\n<a href=\"http:\/\/www.voetterl.at\" target=\"_blank\" rel=\"noopener noreferrer\">www.voetterl.at<\/a><\/td>\n<\/tr>\n<\/tbody>\n<\/table>\n<table style=\"width: 635px;\">\n<tbody>\n<tr>\n<td style=\"width: 266.729px;\">Gasthof Steinerwirt***<\/td>\n<td style=\"width: 383.271px;\">Gernot Harl<br>\nSalzburgerstr. 25<br>\nTel. +43 6247\/7311<br>\n<a href=\"mailto:info@gasthof-steinerwirt.at\" target=\"_blank\" rel=\"noopener noreferrer\">info@gasthof-steinerwirt.at<\/a>,<br>\n<a href=\"http:\/\/www.gasthof-steinerwirt.at\/\" target=\"_blank\" rel=\"noopener noreferrer\">www.gasthof-steinerwirt.at<\/a><\/td>\n<\/tr>\n<\/tbody>\n<\/table>\n<p>\u00a0<\/p>\n<table style=\"width: 641px;\">\n<tbody>\n<tr style=\"height: 106.539px;\">\n<td style=\"width: 267.875px; height: 106.539px;\"><strong>Bad Reichenhall<\/strong><\/td>\n<td style=\"width: 387.125px; height: 106.539px;\">Tourist-Info Bad Reichenhall<br>\nTel. +49 (0)8651\/606-151<br>\n<a href=\"mailto:info@bad-reichenhall.de\" target=\"_blank\" rel=\"noopener noreferrer\">info@bad-reichenhall.de<br>\n<\/a><a href=\"http:\/\/www.bad-reichenhall.de\/\" target=\"_blank\" rel=\"noopener noreferrer\">www.bad-reichenhall.de<\/a><\/td>\n<\/tr>\n<tr style=\"height: 98px;\">\n<td style=\"width: 267.875px; height: 98px;\">Hotel Garni Villa Rein***\n<p>\u00a0<\/p><\/td>\n<td style=\"width: 387.125px; height: 98px;\">Fam. Rein<br>\nFr\u00fchlingstr. 8<br>\nTel. +49 (0)8651\/3482<br>\n<a href=\"mailto:info@hotel-villa-rein.de\" target=\"_blank\" rel=\"noopener noreferrer\">info@hotel-villa-rein.de<br>\n<\/a><a href=\"http:\/\/www.hotel-villa-rein.de\/\" target=\"_blank\" rel=\"noopener noreferrer\">www.hotel-villa-rein.de<\/a><\/td>\n<\/tr>\n<tr style=\"height: 18px;\">\n<td style=\"width: 267.875px; height: 18px;\"><\/td>\n<td style=\"width: 387.125px; height: 18px;\"><\/td>\n<\/tr>\n<tr style=\"height: 18px;\">\n<td style=\"width: 267.875px; height: 18px;\">G\u00e4stehaus Mauerer\n<p>\u00a0<\/p><\/td>\n<td style=\"width: 387.125px; height: 18px;\">Ludwig-Thoma-Strasse 9<br>\nTel. +49 (0)8651\/5517<br>\n<a href=\"mailto:info@gaestehaus-mauerer.de\" target=\"_blank\" rel=\"noopener noreferrer\">info@gaestehaus-mauerer.de<\/a><br>\n<a href=\"https:\/\/gaestehaus-christa-mauerer.de\/\">gaestehaus-mauerer.de<\/a><\/td>\n<\/tr>\n<tr style=\"height: 18px;\">\n<td style=\"width: 267.875px; height: 18px;\">Pension Lex\n<p>\u00a0<\/p><\/td>\n<td style=\"width: 387.125px; height: 18px;\">Salzburgerstr. 42<br>\nTel. +49 (0)8651\/2147<br>\n<a href=\"mailto:kontakt@pensionlex.de\" target=\"_blank\" rel=\"noopener noreferrer\">kontakt@pensionlex.de<br>\n<\/a><a href=\"http:\/\/www.pensionlex.de\/\" target=\"_blank\" rel=\"noopener noreferrer\">www.pensionlex.de<\/a><\/td>\n<\/tr>\n<tr style=\"height: 18px;\">\n<td style=\"width: 267.875px; height: 18px;\">Avalon Hotel Bad Reichenhall***\n<p>\u00a0<\/p><\/td>\n<td style=\"width: 387.125px; height: 18px;\">Bahnhofplatz 14<br>\nTel. +49 (0)8651\/763-0<br>\n<a href=\"mailto:info@avalon-hotel-badreichenhall.com\" target=\"_blank\" rel=\"noopener noreferrer\">info@avalon-hotel-badreichenhall.com<\/a><br>\n<a href=\"http:\/\/www.avalon-hotel-badreichenhall.com\/\" target=\"_blank\" rel=\"noopener noreferrer\">www.avalon-hotel-badreichenhall.com<\/a><\/td>\n<\/tr>\n<\/tbody>\n<\/table>\n<p>\u00a0<\/p>\n<table style=\"width: 47.4484%; height: 704px;\">\n<tbody>\n<tr style=\"height: 128px;\">\n<td style=\"width: 257.087px; height: 128px;\"><strong>Unken<\/strong><\/td>\n<td style=\"width: 397.913px; height: 128px;\">Salzburger Saalachtal<br>\nTel. +43 6588\/8321-0<br>\n<a href=\"mailto:info@lofer.com\" target=\"_blank\" rel=\"noopener noreferrer\">info@lofer.com<br>\n<\/a><a href=\"http:\/\/www.lofer.com\">www.lofer.com<\/a><\/td>\n<\/tr>\n<tr style=\"height: 24px;\">\n<td style=\"width: 257.087px; height: 24px;\"><\/td>\n<td style=\"width: 397.913px; height: 24px;\"><\/td>\n<\/tr>\n<tr style=\"height: 96px;\">\n<td style=\"width: 257.087px; height: 96px;\">K\u00f6stlerbauer\n<p>\u00a0<\/p><\/td>\n<td style=\"width: 397.913px; height: 96px;\">Fam. Lidicky<br>\nNiederland 40<br>\nTel. +43 6589\/4292<br>\n<a href=\"mailto:koestlerbauer@gmx.net\" target=\"_blank\" rel=\"noopener noreferrer\">koestlerbauer@gmx.net<\/a><\/td>\n<\/tr>\n<tr style=\"height: 96px;\">\n<td style=\"width: 257.087px; height: 96px;\">Privatzimmer Bauer\n<p>\u00a0<\/p><\/td>\n<td style=\"width: 397.913px; height: 96px;\">Fam. Bauer<br>\nNiederland 27<br>\nTel. +43 6589\/4246<\/td>\n<\/tr>\n<tr style=\"height: 120px;\">\n<td style=\"width: 257.087px; height: 120px;\">Landhotel Sch\u00fctterbad****\n<p>\u00a0<\/p><\/td>\n<td style=\"width: 397.913px; height: 120px;\">Fam. Pfaffenbichler<br>\nNiederland 35<br>\nTel. +43 6589\/4296<br>\n<a href=\"mailto:info@schuetterbad.at\" target=\"_blank\" rel=\"noopener noreferrer\">info@schuetterbad.at<br>\n<\/a><a href=\"http:\/\/www.schuetterbad.at\/\">www.schuetterbad.at<\/a><\/td>\n<\/tr>\n<tr style=\"height: 120px;\">\n<td style=\"width: 257.087px; height: 120px;\">Landhotel Kirchenwirt***\n<p>\u00a0<\/p><\/td>\n<td style=\"width: 397.913px; height: 120px;\">Fam. Lerchner<br>\nNiederland 3<br>\nTel. +43 6589\/4204<br>\n<a href=\"mailto:info@kirchenwirt-unken.at\" target=\"_blank\" rel=\"noopener noreferrer\">info@kirchenwirt-unken.at<\/a><br>\n<a href=\"https:\/\/www.kirchenwirt-unken.at\/\" target=\"_blank\" rel=\"noopener noreferrer\">www.kirchenwirt-unken.at<\/a><\/td>\n<\/tr>\n<tr style=\"height: 120px;\">\n<td style=\"width: 257.087px; height: 120px;\">Haus Binderschuster, Privatzimmer\n<p>\u00a0<\/p><\/td>\n<td style=\"width: 397.913px; height: 120px;\">Claudia Leitinger<br>\nNr. 11<br>\nTel. +43 699 172 354\u00a036<br>\n<a href=\"mailto:binderschuster@sbg.at\" target=\"_blank\" rel=\"noopener noreferrer\">binderschuster@sbg.at<\/a><br>\n<a href=\"http:\/\/www.urlaub-salzburger-land.com\/\" target=\"_blank\" rel=\"noopener noreferrer\">www.urlaub-salzburger-land.com<\/a><\/td>\n<\/tr>\n<\/tbody>\n<\/table>\n<div class=\"mceTemp\"><\/div>\n<table style=\"width: 637px;\">\n<tbody>\n<tr style=\"height: 106px;\">\n<td style=\"width: 256.028px; height: 106px;\"><strong>Lofer<\/strong><\/td>\n<td style=\"width: 394.972px; height: 106px;\">Salzburger Saalachtal, Lofer<br>\nTel. +43 6588\/8321-0<br>\ninfo@lofer.com<br>\n<a href=\"http:\/\/www.lofer.com\">www.lofer.com<\/a><\/td>\n<\/tr>\n<tr style=\"height: 98px;\">\n<td style=\"width: 256.028px; height: 98px;\">Haus Edelwei\u00df***\n<p>\u00a0<\/p><\/td>\n<td style=\"width: 394.972px; height: 98px;\">Veronika Faistauer<br>\nNr. 109<br>\nTel. +43 6588\/8383<br>\n<a href=\"mailto:haus-edelweiss@lofer.net\" target=\"_blank\" rel=\"noopener noreferrer\">haus-edelweiss@lofer.net<br>\n<\/a><a href=\"http:\/\/www.hausedelweiss.at\/\" target=\"_blank\" rel=\"noopener noreferrer\">www.hausedelweiss.at<\/a><\/td>\n<\/tr>\n<tr style=\"height: 18.4482px;\">\n<td style=\"width: 256.028px; height: 18.4482px;\">Gasthof Bad Hochmoos***\n<p>\u00a0<\/p><\/td>\n<td style=\"width: 394.972px; height: 18.4482px;\">Fam. Schlechter<br>\nWildmoos 3<br>\n5092 St. Martin bei Lofer<br>\nTel. +43 6588\/8226-0<br>\n<a href=\"http:\/\/www.hochmoos.at\/\" target=\"_blank\" rel=\"noopener noreferrer\">http:\/\/www.hochmoos.at<br>\n<\/a><a href=\"mailto:hochmoos@aon.at\" target=\"_blank\" rel=\"noopener noreferrer\">hochmoos@aon.at<\/a><\/td>\n<\/tr>\n<\/tbody>\n<\/table>\n<div class=\"mceTemp\"><\/div>\n<table style=\"width: 627px;\">\n<tbody>\n<tr>\n<td style=\"width: 260.319px;\"><strong>Waidring<\/strong><\/td>\n<td style=\"width: 384.681px;\">Tourismusverband PillerseeTal<br>\nTel. +43 5354\/56304-30<br>\n<a href=\"mailto:waidring@pillerseetal.at\" target=\"_blank\" rel=\"noopener noreferrer\">waidring@pillerseetal.at<\/a><br>\n<a href=\"http:\/\/www.pillerseetal.at\/\" target=\"_blank\" rel=\"noopener noreferrer\">www.pillerseetal.at<\/a><\/td>\n<\/tr>\n<tr>\n<td style=\"width: 260.319px;\">Gasthof Strub***\n<p>\u00a0<\/p><\/td>\n<td style=\"width: 384.681px;\">Martin Huber<br>\nStrub 16<br>\nTel. +43 5353\/5222<br>\n<a href=\"mailto:info@strub.at\" target=\"_blank\" rel=\"noopener noreferrer\">info@strub.at<br>\n<\/a><a href=\"http:\/\/www.strub.at\/\" target=\"_blank\" rel=\"noopener noreferrer\">www.strub.at<\/a><\/td>\n<\/tr>\n<\/tbody>\n<\/table>\n<div class=\"mceTemp\"><\/div>\n<div id=\"attachment_77773\" style=\"width: 1930px\" class=\"wp-caption alignnone\"><img decoding=\"async\" aria-describedby=\"caption-attachment-77773\" class=\"size-large wp-image-77773\" src=\"https:\/\/cdn.salzburgerland.com\/de\/wp-content\/uploads\/2016\/08\/jakobsweg.jpg\" alt=\"Ein Pilgerer mit Rucksack blickt \u00fcber die Almwiese in die Ferne\" width=\"1920\" height=\"1067\" srcset=\"https:\/\/www.salzburgerland.com\/de\/wp-content\/uploads\/2016\/08\/jakobsweg-370x206.jpg 370w, https:\/\/www.salzburgerland.com\/de\/wp-content\/uploads\/2016\/08\/jakobsweg-1024x569.jpg 1024w, https:\/\/www.salzburgerland.com\/de\/wp-content\/uploads\/2016\/08\/jakobsweg-1920x1067.jpg 1920w, https:\/\/www.salzburgerland.com\/de\/wp-content\/uploads\/2016\/08\/jakobsweg-270x150.jpg 270w\" sizes=\"(max-width: 1920px) 100vw, 1920px\"><p id=\"caption-attachment-77773\" class=\"wp-caption-text\">\u00a9SalzburgerLand Tourismus \u2013 Pilgerer am Jakobsweg<\/p><\/div>\n<p>\u00a0<\/p>\n<p>\u00a0<\/p>\n","protected":false},"excerpt":{"rendered":"<p>Zur Geschichte des Jakobsweges Jakobus der \u00c4ltere, ein J\u00fcnger Jesu und sp\u00e4terer Apostel, kam als Missionar bis nach Spanien. Nach seiner R\u00fcckkehr wurde er 44 n. Chr. in Jerusalem enthauptet. Sein Leichnam \u2013 so berichtet die Legende \u2013 gelangte um 614 nach Spanien, wo seine Grabst\u00e4tte in Vergessenheit geriet. Erst im 9. Jahrhundert wurde das [&hellip;]<\/p>\n","protected":false},"author":17,"featured_media":77775,"comment_status":"closed","ping_status":"closed","sticky":false,"template":"","format":"standard","meta":{"_acf_changed":false,"wl_entities_gutenberg":"","_relevanssi_hide_post":"","_relevanssi_hide_content":"","_relevanssi_pin_for_all":"","_relevanssi_pin_keywords":"","_relevanssi_unpin_keywords":"","_relevanssi_related_keywords":"","_relevanssi_related_include_ids":"","_relevanssi_related_exclude_ids":"","_relevanssi_related_no_append":"","_relevanssi_related_not_related":"","_relevanssi_related_posts":"","_relevanssi_noindex_reason":"","footnotes":""},"categories":[1],"tags":[],"wl_entity_type":[11495],"class_list":["post-77784","post","type-post","status-publish","format-standard","has-post-thumbnail","hentry","category-allgemein","wl_entity_type-article"],"acf":[],"yoast_head":"<!-- This site is optimized with the Yoast SEO Premium plugin v26.9 (Yoast SEO v26.9) - https:\/\/yoast.com\/product\/yoast-seo-premium-wordpress\/ -->\n<title>Der Jakobsweg im SalzburgerLand<\/title>\n<meta name=\"description\" content=\"Eine Route des Jakobsweges mit Ziel in Spanien f\u00fchrt durch das SalzburgerLand. Etappen, Unterk\u00fcnfte, Ausr\u00fcstung und wichtige Fragen f\u00fcr Pilger\" \/>\n<meta name=\"robots\" content=\"index, follow, max-snippet:-1, max-image-preview:large, max-video-preview:-1\" \/>\n<link rel=\"canonical\" href=\"https:\/\/www.salzburgerland.com\/de\/wp-json\/wp\/v2\/posts\/77784\" \/>\n<meta property=\"og:locale\" content=\"de_DE\" \/>\n<meta property=\"og:type\" content=\"article\" \/>\n<meta property=\"og:title\" content=\"Jakobsweg SalzburgerLand\" \/>\n<meta property=\"og:description\" content=\"Eine Route des Jakobsweges mit Ziel in Spanien f\u00fchrt durch das SalzburgerLand. Etappen, Unterk\u00fcnfte, Ausr\u00fcstung und wichtige Fragen f\u00fcr Pilger\" \/>\n<meta property=\"og:url\" content=\"https:\/\/www.salzburgerland.com\/de\/wp-json\/wp\/v2\/posts\/77784\" \/>\n<meta property=\"og:site_name\" content=\"SalzburgerLand.com\" \/>\n<meta property=\"article:publisher\" content=\"https:\/\/www.facebook.com\/salzburgerland\/\" \/>\n<meta property=\"article:published_time\" content=\"2016-10-28T07:47:02+00:00\" \/>\n<meta property=\"article:modified_time\" content=\"2023-04-20T07:54:18+00:00\" \/>\n<meta property=\"og:image\" content=\"https:\/\/www.salzburgerland.com\/de\/wp-content\/uploads\/2016\/08\/jakobsweg_wegweiser-1200x675.jpg\" \/>\n\t<meta property=\"og:image:width\" content=\"1200\" \/>\n\t<meta property=\"og:image:height\" content=\"675\" \/>\n\t<meta property=\"og:image:type\" content=\"image\/jpeg\" \/>\n<meta name=\"author\" content=\"Ulli Hammerl\" \/>\n<meta name=\"twitter:card\" content=\"summary_large_image\" \/>\n<meta name=\"twitter:creator\" content=\"@Salzburgerland\" \/>\n<meta name=\"twitter:site\" content=\"@Salzburgerland\" \/>\n<meta name=\"twitter:label1\" content=\"Verfasst von\" \/>\n\t<meta name=\"twitter:data1\" content=\"Ulli Hammerl\" \/>\n\t<meta name=\"twitter:label2\" content=\"Gesch\u00e4tzte Lesezeit\" \/>\n\t<meta name=\"twitter:data2\" content=\"9\u00a0Minuten\" \/>\n<script type=\"application\/ld+json\" class=\"yoast-schema-graph\">{\"@context\":\"https:\/\/schema.org\",\"@graph\":[{\"@type\":\"WebPage\",\"@id\":\"https:\/\/www.salzburgerland.com\/de\/jakobsweg-salzburgerland\/\",\"url\":\"https:\/\/www.salzburgerland.com\/de\/jakobsweg-salzburgerland\/\",\"name\":\"Der Jakobsweg im SalzburgerLand\",\"isPartOf\":{\"@id\":\"https:\/\/www.salzburgerland.com\/de\/#website\"},\"primaryImageOfPage\":{\"@id\":\"https:\/\/www.salzburgerland.com\/de\/jakobsweg-salzburgerland\/#primaryimage\"},\"image\":{\"@id\":\"https:\/\/www.salzburgerland.com\/de\/jakobsweg-salzburgerland\/#primaryimage\"},\"thumbnailUrl\":\"https:\/\/www.salzburgerland.com\/de\/wp-content\/uploads\/2016\/08\/jakobsweg_wegweiser.jpg\",\"datePublished\":\"2016-10-28T07:47:02+00:00\",\"dateModified\":\"2023-04-20T07:54:18+00:00\",\"description\":\"Eine Route des Jakobsweges mit Ziel in Spanien f\u00fchrt durch das SalzburgerLand. Etappen, Unterk\u00fcnfte, Ausr\u00fcstung und wichtige Fragen f\u00fcr Pilger\",\"breadcrumb\":{\"@id\":\"https:\/\/www.salzburgerland.com\/de\/jakobsweg-salzburgerland\/#breadcrumb\"},\"inLanguage\":\"de\",\"potentialAction\":[{\"@type\":\"ReadAction\",\"target\":[\"https:\/\/www.salzburgerland.com\/de\/jakobsweg-salzburgerland\/\"]}]},{\"@type\":\"ImageObject\",\"inLanguage\":\"de\",\"@id\":\"https:\/\/www.salzburgerland.com\/de\/jakobsweg-salzburgerland\/#primaryimage\",\"url\":\"https:\/\/www.salzburgerland.com\/de\/wp-content\/uploads\/2016\/08\/jakobsweg_wegweiser.jpg\",\"contentUrl\":\"https:\/\/www.salzburgerland.com\/de\/wp-content\/uploads\/2016\/08\/jakobsweg_wegweiser.jpg\",\"width\":1920,\"height\":1437,\"caption\":\"\u00a9SalzburgerLand Tourismus - Entlang des Jakobsweges im SalzburgerLand\"},{\"@type\":\"BreadcrumbList\",\"@id\":\"https:\/\/www.salzburgerland.com\/de\/jakobsweg-salzburgerland\/#breadcrumb\",\"itemListElement\":[{\"@type\":\"ListItem\",\"position\":1,\"name\":\"Spirituelles Reisen\",\"item\":\"https:\/\/www.salzburgerland.com\/de\/spirituelles-reisen\/\"},{\"@type\":\"ListItem\",\"position\":2,\"name\":\"Jakobsweg SalzburgerLand\"}]},{\"@type\":\"WebSite\",\"@id\":\"https:\/\/www.salzburgerland.com\/de\/#website\",\"url\":\"https:\/\/www.salzburgerland.com\/de\/\",\"name\":\"SalzburgerLand.com\",\"description\":\"Ihr Urlaub in Salzburg, \u00d6sterreich\",\"publisher\":{\"@id\":\"https:\/\/www.salzburgerland.com\/de\/#organization\"},\"potentialAction\":[{\"@type\":\"SearchAction\",\"target\":{\"@type\":\"EntryPoint\",\"urlTemplate\":\"https:\/\/www.salzburgerland.com\/de\/?s={search_term_string}\"},\"query-input\":{\"@type\":\"PropertyValueSpecification\",\"valueRequired\":true,\"valueName\":\"search_term_string\"}}],\"inLanguage\":\"de\"},{\"@type\":\"Organization\",\"@id\":\"https:\/\/www.salzburgerland.com\/de\/#organization\",\"name\":\"SalzburgerLand Tourismus GmbH\",\"url\":\"https:\/\/www.salzburgerland.com\/de\/\",\"logo\":{\"@type\":\"ImageObject\",\"inLanguage\":\"de\",\"@id\":\"https:\/\/www.salzburgerland.com\/de\/#\/schema\/logo\/image\/\",\"url\":\"https:\/\/www.salzburgerland.com\/de\/wp-content\/uploads\/2017\/01\/salzburgerland-logo.jpg\",\"contentUrl\":\"https:\/\/www.salzburgerland.com\/de\/wp-content\/uploads\/2017\/01\/salzburgerland-logo.jpg\",\"width\":1920,\"height\":827,\"caption\":\"SalzburgerLand Tourismus GmbH\"},\"image\":{\"@id\":\"https:\/\/www.salzburgerland.com\/de\/#\/schema\/logo\/image\/\"},\"sameAs\":[\"https:\/\/www.facebook.com\/salzburgerland\/\",\"https:\/\/x.com\/Salzburgerland\",\"https:\/\/www.instagram.com\/salzburgerland\/\",\"http:\/\/dbpedia.org\/resource\/Salzburg_(state)\",\"http:\/\/wikidata.dbpedia.org\/resource\/Q43325\",\"http:\/\/open.salzburgerland.com\/de\/entity\/salzburgerland\",\"https:\/\/www.youtube.com\/user\/salzburgerland\"]},{\"@type\":\"Person\",\"@id\":\"https:\/\/www.salzburgerland.com\/de\/#\/schema\/person\/43ce9aa621bd7728940e04ed11ce9b6e\",\"name\":\"Ulli Hammerl\",\"image\":{\"@type\":\"ImageObject\",\"inLanguage\":\"de\",\"@id\":\"https:\/\/www.salzburgerland.com\/de\/#\/schema\/person\/image\/\",\"url\":\"https:\/\/secure.gravatar.com\/avatar\/35c80e0404a213597afdb17e84ea42a986fe814f3f881bb75d00261a3ff7aefd?s=96&d=mm&r=g\",\"contentUrl\":\"https:\/\/secure.gravatar.com\/avatar\/35c80e0404a213597afdb17e84ea42a986fe814f3f881bb75d00261a3ff7aefd?s=96&d=mm&r=g\",\"caption\":\"Ulli Hammerl\"}}]}<\/script>\n<!-- \/ Yoast SEO Premium plugin. -->","yoast_head_json":{"title":"Der Jakobsweg im SalzburgerLand","description":"Eine Route des Jakobsweges mit Ziel in Spanien f\u00fchrt durch das SalzburgerLand. Etappen, Unterk\u00fcnfte, Ausr\u00fcstung und wichtige Fragen f\u00fcr Pilger","robots":{"index":"index","follow":"follow","max-snippet":"max-snippet:-1","max-image-preview":"max-image-preview:large","max-video-preview":"max-video-preview:-1"},"canonical":"https:\/\/www.salzburgerland.com\/de\/wp-json\/wp\/v2\/posts\/77784","og_locale":"de_DE","og_type":"article","og_title":"Jakobsweg SalzburgerLand","og_description":"Eine Route des Jakobsweges mit Ziel in Spanien f\u00fchrt durch das SalzburgerLand. Etappen, Unterk\u00fcnfte, Ausr\u00fcstung und wichtige Fragen f\u00fcr Pilger","og_url":"https:\/\/www.salzburgerland.com\/de\/wp-json\/wp\/v2\/posts\/77784","og_site_name":"SalzburgerLand.com","article_publisher":"https:\/\/www.facebook.com\/salzburgerland\/","article_published_time":"2016-10-28T07:47:02+00:00","article_modified_time":"2023-04-20T07:54:18+00:00","og_image":[{"width":1200,"height":675,"url":"https:\/\/www.salzburgerland.com\/de\/wp-content\/uploads\/2016\/08\/jakobsweg_wegweiser-1200x675.jpg","type":"image\/jpeg"}],"author":"Ulli Hammerl","twitter_card":"summary_large_image","twitter_creator":"@Salzburgerland","twitter_site":"@Salzburgerland","twitter_misc":{"Verfasst von":"Ulli Hammerl","Gesch\u00e4tzte Lesezeit":"9\u00a0Minuten"},"schema":{"@context":"https:\/\/schema.org","@graph":[{"@type":"WebPage","@id":"https:\/\/www.salzburgerland.com\/de\/jakobsweg-salzburgerland\/","url":"https:\/\/www.salzburgerland.com\/de\/jakobsweg-salzburgerland\/","name":"Der Jakobsweg im SalzburgerLand","isPartOf":{"@id":"https:\/\/www.salzburgerland.com\/de\/#website"},"primaryImageOfPage":{"@id":"https:\/\/www.salzburgerland.com\/de\/jakobsweg-salzburgerland\/#primaryimage"},"image":{"@id":"https:\/\/www.salzburgerland.com\/de\/jakobsweg-salzburgerland\/#primaryimage"},"thumbnailUrl":"https:\/\/www.salzburgerland.com\/de\/wp-content\/uploads\/2016\/08\/jakobsweg_wegweiser.jpg","datePublished":"2016-10-28T07:47:02+00:00","dateModified":"2023-04-20T07:54:18+00:00","description":"Eine Route des Jakobsweges mit Ziel in Spanien f\u00fchrt durch das SalzburgerLand. Etappen, Unterk\u00fcnfte, Ausr\u00fcstung und wichtige Fragen f\u00fcr Pilger","breadcrumb":{"@id":"https:\/\/www.salzburgerland.com\/de\/jakobsweg-salzburgerland\/#breadcrumb"},"inLanguage":"de","potentialAction":[{"@type":"ReadAction","target":["https:\/\/www.salzburgerland.com\/de\/jakobsweg-salzburgerland\/"]}]},{"@type":"ImageObject","inLanguage":"de","@id":"https:\/\/www.salzburgerland.com\/de\/jakobsweg-salzburgerland\/#primaryimage","url":"https:\/\/www.salzburgerland.com\/de\/wp-content\/uploads\/2016\/08\/jakobsweg_wegweiser.jpg","contentUrl":"https:\/\/www.salzburgerland.com\/de\/wp-content\/uploads\/2016\/08\/jakobsweg_wegweiser.jpg","width":1920,"height":1437,"caption":"\u00a9SalzburgerLand Tourismus - Entlang des Jakobsweges im SalzburgerLand"},{"@type":"BreadcrumbList","@id":"https:\/\/www.salzburgerland.com\/de\/jakobsweg-salzburgerland\/#breadcrumb","itemListElement":[{"@type":"ListItem","position":1,"name":"Spirituelles Reisen","item":"https:\/\/www.salzburgerland.com\/de\/spirituelles-reisen\/"},{"@type":"ListItem","position":2,"name":"Jakobsweg SalzburgerLand"}]},{"@type":"WebSite","@id":"https:\/\/www.salzburgerland.com\/de\/#website","url":"https:\/\/www.salzburgerland.com\/de\/","name":"SalzburgerLand.com","description":"Ihr Urlaub in Salzburg, \u00d6sterreich","publisher":{"@id":"https:\/\/www.salzburgerland.com\/de\/#organization"},"potentialAction":[{"@type":"SearchAction","target":{"@type":"EntryPoint","urlTemplate":"https:\/\/www.salzburgerland.com\/de\/?s={search_term_string}"},"query-input":{"@type":"PropertyValueSpecification","valueRequired":true,"valueName":"search_term_string"}}],"inLanguage":"de"},{"@type":"Organization","@id":"https:\/\/www.salzburgerland.com\/de\/#organization","name":"SalzburgerLand Tourismus GmbH","url":"https:\/\/www.salzburgerland.com\/de\/","logo":{"@type":"ImageObject","inLanguage":"de","@id":"https:\/\/www.salzburgerland.com\/de\/#\/schema\/logo\/image\/","url":"https:\/\/www.salzburgerland.com\/de\/wp-content\/uploads\/2017\/01\/salzburgerland-logo.jpg","contentUrl":"https:\/\/www.salzburgerland.com\/de\/wp-content\/uploads\/2017\/01\/salzburgerland-logo.jpg","width":1920,"height":827,"caption":"SalzburgerLand Tourismus GmbH"},"image":{"@id":"https:\/\/www.salzburgerland.com\/de\/#\/schema\/logo\/image\/"},"sameAs":["https:\/\/www.facebook.com\/salzburgerland\/","https:\/\/x.com\/Salzburgerland","https:\/\/www.instagram.com\/salzburgerland\/","http:\/\/dbpedia.org\/resource\/Salzburg_(state)","http:\/\/wikidata.dbpedia.org\/resource\/Q43325","http:\/\/open.salzburgerland.com\/de\/entity\/salzburgerland","https:\/\/www.youtube.com\/user\/salzburgerland"]},{"@type":"Person","@id":"https:\/\/www.salzburgerland.com\/de\/#\/schema\/person\/43ce9aa621bd7728940e04ed11ce9b6e","name":"Ulli Hammerl","image":{"@type":"ImageObject","inLanguage":"de","@id":"https:\/\/www.salzburgerland.com\/de\/#\/schema\/person\/image\/","url":"https:\/\/secure.gravatar.com\/avatar\/35c80e0404a213597afdb17e84ea42a986fe814f3f881bb75d00261a3ff7aefd?s=96&d=mm&r=g","contentUrl":"https:\/\/secure.gravatar.com\/avatar\/35c80e0404a213597afdb17e84ea42a986fe814f3f881bb75d00261a3ff7aefd?s=96&d=mm&r=g","caption":"Ulli Hammerl"}}]}},"_wl_alt_label":[],"wl:entity_url":"http:\/\/open.salzburgerland.com\/de\/post\/jakobsweg_salzburgerland","_links":{"self":[{"href":"https:\/\/www.salzburgerland.com\/de\/wp-json\/wp\/v2\/posts\/77784","targetHints":{"allow":["GET"]}}],"collection":[{"href":"https:\/\/www.salzburgerland.com\/de\/wp-json\/wp\/v2\/posts"}],"about":[{"href":"https:\/\/www.salzburgerland.com\/de\/wp-json\/wp\/v2\/types\/post"}],"author":[{"embeddable":true,"href":"https:\/\/www.salzburgerland.com\/de\/wp-json\/wp\/v2\/users\/17"}],"replies":[{"embeddable":true,"href":"https:\/\/www.salzburgerland.com\/de\/wp-json\/wp\/v2\/comments?post=77784"}],"version-history":[{"count":5,"href":"https:\/\/www.salzburgerland.com\/de\/wp-json\/wp\/v2\/posts\/77784\/revisions"}],"predecessor-version":[{"id":659591,"href":"https:\/\/www.salzburgerland.com\/de\/wp-json\/wp\/v2\/posts\/77784\/revisions\/659591"}],"wp:featuredmedia":[{"embeddable":true,"href":"https:\/\/www.salzburgerland.com\/de\/wp-json\/wp\/v2\/media\/77775"}],"wp:attachment":[{"href":"https:\/\/www.salzburgerland.com\/de\/wp-json\/wp\/v2\/media?parent=77784"}],"wp:term":[{"taxonomy":"category","embeddable":true,"href":"https:\/\/www.salzburgerland.com\/de\/wp-json\/wp\/v2\/categories?post=77784"},{"taxonomy":"post_tag","embeddable":true,"href":"https:\/\/www.salzburgerland.com\/de\/wp-json\/wp\/v2\/tags?post=77784"},{"taxonomy":"wl_entity_type","embeddable":true,"href":"https:\/\/www.salzburgerland.com\/de\/wp-json\/wp\/v2\/wl_entity_type?post=77784"}],"curies":[{"name":"wp","href":"https:\/\/api.w.org\/{rel}","templated":true}]}}