{"id":682407,"date":"2026-04-27T13:19:08","date_gmt":"2026-04-27T11:19:08","guid":{"rendered":"https:\/\/www.salzburgerland.com\/de\/?p=682407"},"modified":"2026-04-27T13:47:11","modified_gmt":"2026-04-27T11:47:11","slug":"almen-im-salzburger-land","status":"publish","type":"post","link":"https:\/\/www.salzburgerland.com\/de\/almen-im-salzburger-land\/","title":{"rendered":"Zwischen Himmel &#038; Erde \u2013 Almen im Salzburger Land"},"content":{"rendered":"<div>Hoch oben, wo die Weiden saftig gr\u00fcn werden und die Berge den Himmel zu umarmen scheinen, beginnt im Salzburger Land eine ganz besondere Zeit: der<a href=\"https:\/\/www.salzburgerland.com\/de\/almsommer\/\"> Almsommer<\/a>. Die Dokumentation begleitet vier Almen im Hochk\u00f6niggebiet und im Gro\u00dfarltal entlang des Salzburger Almenweges \u2013 und erz\u00e4hlt von Menschen, die hier mit Herz und Hingabe leben und arbeiten.<\/div>\n<div><\/div>\n<div>\n<h2>Almsommer \u2013 wenn das Leben aufbl\u00fcht<\/h2>\n<div>\n<p>Ob Sennerinnen in einer bewussten Auszeit, eine Familie, die mit ihren Kindern den Sommer auf der Alm verbringt, eine junge K\u00f6chin, die die Haute Cuisine gegen Bergluft tauscht, oder eine Alm, auf der t\u00e4glich frischer K\u00e4se und Butter entstehen \u2013 diese Geschichten feiern das einfache, erf\u00fcllte Leben im Einklang mit der Natur.<\/p>\n<p>Mit viel W\u00e4rme und N\u00e4he <span>geht Caroline Koller diesem Spannungsfeld nach und <\/span>zeigt: Almen sind weit mehr als sch\u00f6ne Kulisse. Sie sind lebendiges Kulturgut, voller Freude, Verantwortung und Zukunft \u2013 getragen von Menschen, die sie Tag f\u00fcr Tag mit Leben f\u00fcllen.<\/p>\n<h2>20 Jahre Salzburger Almenweg<\/h2>\n<p><span>Der <a href=\"https:\/\/www.salzburgerland.com\/de\/salzburger-almenweg\/\">Salzburger Almenweg<\/a> z\u00e4hlt zu den sch\u00f6nsten Weitwanderwegen der Alpen \u2013 und das seit mittlerweile 20 Jahren. Was vor zwei Jahrzehnten als gemeinsame Vision begann, um die einzigartige Almendichte und -vielfalt im SalzburgerLand erlebbar zu machen, begeistert heute G\u00e4ste aus aller Welt. Auf 25 Etappen und rund 350 Kilometern f\u00fchrt der Weg durch den Salzburger Pongau \u2013 vorbei an \u00fcber 120 bewirtschafteten Almen, die zur gem\u00fctlichen Einkehr, zum Verweilen und zum bewussten Ankommen einladen. Dabei ist der Almenweg stets mit der Zeit gegangen: Moderne Angebote und durchdachte Services erleichtern die Planung, ohne dass der urspr\u00fcngliche Charakter und die Authentizit\u00e4t des Weges verloren gehen.<\/span><\/p>\n<p><span>Im <strong>Gro\u00dfarltal und in der Region Hochk\u00f6nig<\/strong> \u2013 durch die der Salzburger Almenweg f\u00fchrt \u2013 werden <strong>vier dieser Almen und ihre Menschen<\/strong> begleitet: Sennerinnen auf Auszeit, eine Familie, die mit ihren Kindern den Sommer auf der Alm lebt und eigene Produkte anbietet, eine junge K\u00f6chin, die nach der 5-Hauben-K\u00fcche s\u00fc\u00dfe K\u00f6stlichkeiten serviert, sowie eine Alm, auf der t\u00e4glich K\u00e4se und Butter aus frischer Milch entstehen.<\/span><\/p>\n<h2 class=\"broadcast-series-title\" translate=\"no\">Erlebnis \u00d6sterreich:\u00a0Zwischen Himmel &amp; Erde<\/h2>\n<p><span>Die <a href=\"https:\/\/salzburg.orf.at\/tv\/stories\/3351283\/\" target=\"_blank\" rel=\"noopener\">Dokumentation<\/a> zeigt, wie eng Almen mit dem Leben im Tal verbunden sind \u2013 als Wirtschaftsraum und gepflegte Kulturlandschaft. Rinder, Schafe, Pferde und Ziegen sichern durch Beweidung die Artenvielfalt. Gleichzeitig steht die Almwirtschaft vor der Frage, wie Tradition, Naturschutz und moderne Freizeitnutzung vereinbar bleiben.<\/span><\/p>\n<p>\u00a0<\/p>\n<\/div>\n<\/div>\n","protected":false},"excerpt":{"rendered":"<p>Hoch oben, wo die Weiden saftig gr\u00fcn werden und die Berge den Himmel zu umarmen scheinen, beginnt im Salzburger Land eine ganz besondere Zeit: der Almsommer. Die Dokumentation begleitet vier Almen im Hochk\u00f6niggebiet und im Gro\u00dfarltal entlang des Salzburger Almenweges \u2013 und erz\u00e4hlt von Menschen, die hier mit Herz und Hingabe leben und arbeiten. Almsommer [&hellip;]<\/p>\n","protected":false},"author":50,"featured_media":673183,"comment_status":"closed","ping_status":"closed","sticky":false,"template":"","format":"standard","meta":{"_acf_changed":false,"wl_entities_gutenberg":"","_relevanssi_hide_post":"","_relevanssi_hide_content":"","_relevanssi_pin_for_all":"","_relevanssi_pin_keywords":"","_relevanssi_unpin_keywords":"","_relevanssi_related_keywords":"","_relevanssi_related_include_ids":"","_relevanssi_related_exclude_ids":"","_relevanssi_related_no_append":"","_relevanssi_related_not_related":"","_relevanssi_related_posts":"","_relevanssi_noindex_reason":"","footnotes":""},"categories":[1],"tags":[13570,13432,14061,14059,13527,14062],"wl_entity_type":[11495,2],"class_list":["post-682407","post","type-post","status-publish","format-standard","has-post-thumbnail","hentry","category-allgemein","tag-alm","tag-almsommer","tag-almsommer-im-fernsehen","tag-berge","tag-salzburger-almenweg","tag-tv-tipp","wl_entity_type-article","wl_entity_type-thing"],"acf":[],"yoast_head":"<!-- This site is optimized with the Yoast SEO Premium plugin v26.9 (Yoast SEO v26.9) - https:\/\/yoast.com\/product\/yoast-seo-premium-wordpress\/ -->\n<title>Zwischen Himmel &amp; Erde \u2013 Almen im Salzburger Land \u00bb SalzburgerLand.com<\/title>\n<meta name=\"robots\" content=\"index, follow, max-snippet:-1, max-image-preview:large, max-video-preview:-1\" \/>\n<link rel=\"canonical\" href=\"https:\/\/www.salzburgerland.com\/de\/wp-json\/wp\/v2\/posts\/682407\" \/>\n<meta property=\"og:locale\" content=\"de_DE\" \/>\n<meta property=\"og:type\" content=\"article\" \/>\n<meta property=\"og:title\" content=\"Zwischen Himmel &amp; Erde \u2013 Almen im Salzburger Land\" \/>\n<meta property=\"og:description\" content=\"Hoch oben im Salzburger Land erz\u00e4hlt der Almsommer vom Leben im Einklang mit der Natur. Vier Almen entlang des Salzburger Almenweges zeigt Caroline Koller in Erlebnis \u00d6sterreich und macht deutlich, dass die Zukunft der Almen sich in den Herzen jener entscheidet, die sie erhalten \u2013 Tag f\u00fcr Tag, Sommer f\u00fcr Sommer.\" \/>\n<meta property=\"og:url\" content=\"https:\/\/www.salzburgerland.com\/de\/wp-json\/wp\/v2\/posts\/682407\" \/>\n<meta property=\"og:site_name\" content=\"SalzburgerLand.com\" \/>\n<meta property=\"article:publisher\" content=\"https:\/\/www.facebook.com\/salzburgerland\/\" \/>\n<meta property=\"article:published_time\" content=\"2026-04-27T11:19:08+00:00\" \/>\n<meta property=\"article:modified_time\" content=\"2026-04-27T11:47:11+00:00\" \/>\n<meta property=\"og:image\" content=\"https:\/\/www.salzburgerland.com\/de\/wp-content\/uploads\/2023\/11\/83a0961-1200x675.jpg\" \/>\n\t<meta property=\"og:image:width\" content=\"1200\" \/>\n\t<meta property=\"og:image:height\" content=\"675\" \/>\n\t<meta property=\"og:image:type\" content=\"image\/jpeg\" \/>\n<meta name=\"author\" content=\"Barbara Walzer\" \/>\n<meta name=\"twitter:card\" content=\"summary_large_image\" \/>\n<meta name=\"twitter:creator\" content=\"@Salzburgerland\" \/>\n<meta name=\"twitter:site\" content=\"@Salzburgerland\" \/>\n<meta name=\"twitter:label1\" content=\"Verfasst von\" \/>\n\t<meta name=\"twitter:data1\" content=\"Barbara Walzer\" \/>\n\t<meta name=\"twitter:label2\" content=\"Gesch\u00e4tzte Lesezeit\" \/>\n\t<meta name=\"twitter:data2\" content=\"4\u00a0Minuten\" \/>\n<script type=\"application\/ld+json\" class=\"yoast-schema-graph\">{\"@context\":\"https:\/\/schema.org\",\"@graph\":[{\"@type\":\"WebPage\",\"@id\":\"https:\/\/www.salzburgerland.com\/de\/almen-im-salzburger-land\/\",\"url\":\"https:\/\/www.salzburgerland.com\/de\/almen-im-salzburger-land\/\",\"name\":\"Zwischen Himmel & Erde \u2013 Almen im Salzburger Land \u00bb SalzburgerLand.com\",\"isPartOf\":{\"@id\":\"https:\/\/www.salzburgerland.com\/de\/#website\"},\"primaryImageOfPage\":{\"@id\":\"https:\/\/www.salzburgerland.com\/de\/almen-im-salzburger-land\/#primaryimage\"},\"image\":{\"@id\":\"https:\/\/www.salzburgerland.com\/de\/almen-im-salzburger-land\/#primaryimage\"},\"thumbnailUrl\":\"https:\/\/www.salzburgerland.com\/de\/wp-content\/uploads\/2023\/11\/83a0961.jpg\",\"datePublished\":\"2026-04-27T11:19:08+00:00\",\"dateModified\":\"2026-04-27T11:47:11+00:00\",\"description\":\"Hoch oben im Salzburger Land erz\u00e4hlt der Almsommer vom Leben im Einklang mit der Natur. Vier Almen entlang des Salzburger Almenweges zeigt Caroline Koller in Erlebnis \u00d6sterreich und macht deutlich, dass die Zukunft der Almen sich in den Herzen jener entscheidet, die sie erhalten \u2013 Tag f\u00fcr Tag, Sommer f\u00fcr Sommer.\",\"breadcrumb\":{\"@id\":\"https:\/\/www.salzburgerland.com\/de\/almen-im-salzburger-land\/#breadcrumb\"},\"inLanguage\":\"de\",\"potentialAction\":[{\"@type\":\"ReadAction\",\"target\":[\"https:\/\/www.salzburgerland.com\/de\/almen-im-salzburger-land\/\"]}]},{\"@type\":\"ImageObject\",\"inLanguage\":\"de\",\"@id\":\"https:\/\/www.salzburgerland.com\/de\/almen-im-salzburger-land\/#primaryimage\",\"url\":\"https:\/\/www.salzburgerland.com\/de\/wp-content\/uploads\/2023\/11\/83a0961.jpg\",\"contentUrl\":\"https:\/\/www.salzburgerland.com\/de\/wp-content\/uploads\/2023\/11\/83a0961.jpg\",\"width\":2560,\"height\":1708,\"caption\":\"Wandernadeln sammeln am Salzburger Almenweg (c) SalzburgerLand Tourismus, Hansi Heckmair\"},{\"@type\":\"BreadcrumbList\",\"@id\":\"https:\/\/www.salzburgerland.com\/de\/almen-im-salzburger-land\/#breadcrumb\",\"itemListElement\":[{\"@type\":\"ListItem\",\"position\":1,\"name\":\"Almsommer\",\"item\":\"https:\/\/www.salzburgerland.com\/de\/almsommer\/\"},{\"@type\":\"ListItem\",\"position\":2,\"name\":\"Zwischen Himmel &#038; Erde \u2013 Almen im Salzburger Land\"}]},{\"@type\":\"WebSite\",\"@id\":\"https:\/\/www.salzburgerland.com\/de\/#website\",\"url\":\"https:\/\/www.salzburgerland.com\/de\/\",\"name\":\"SalzburgerLand.com\",\"description\":\"Ihr Urlaub in Salzburg, \u00d6sterreich\",\"publisher\":{\"@id\":\"https:\/\/www.salzburgerland.com\/de\/#organization\"},\"potentialAction\":[{\"@type\":\"SearchAction\",\"target\":{\"@type\":\"EntryPoint\",\"urlTemplate\":\"https:\/\/www.salzburgerland.com\/de\/?s={search_term_string}\"},\"query-input\":{\"@type\":\"PropertyValueSpecification\",\"valueRequired\":true,\"valueName\":\"search_term_string\"}}],\"inLanguage\":\"de\"},{\"@type\":\"Organization\",\"@id\":\"https:\/\/www.salzburgerland.com\/de\/#organization\",\"name\":\"SalzburgerLand Tourismus GmbH\",\"url\":\"https:\/\/www.salzburgerland.com\/de\/\",\"logo\":{\"@type\":\"ImageObject\",\"inLanguage\":\"de\",\"@id\":\"https:\/\/www.salzburgerland.com\/de\/#\/schema\/logo\/image\/\",\"url\":\"https:\/\/www.salzburgerland.com\/de\/wp-content\/uploads\/2017\/01\/salzburgerland-logo.jpg\",\"contentUrl\":\"https:\/\/www.salzburgerland.com\/de\/wp-content\/uploads\/2017\/01\/salzburgerland-logo.jpg\",\"width\":1920,\"height\":827,\"caption\":\"SalzburgerLand Tourismus GmbH\"},\"image\":{\"@id\":\"https:\/\/www.salzburgerland.com\/de\/#\/schema\/logo\/image\/\"},\"sameAs\":[\"https:\/\/www.facebook.com\/salzburgerland\/\",\"https:\/\/x.com\/Salzburgerland\",\"https:\/\/www.instagram.com\/salzburgerland\/\",\"http:\/\/dbpedia.org\/resource\/Salzburg_(state)\",\"http:\/\/wikidata.dbpedia.org\/resource\/Q43325\",\"http:\/\/open.salzburgerland.com\/de\/entity\/salzburgerland\",\"https:\/\/www.youtube.com\/user\/salzburgerland\"]},{\"@type\":\"Person\",\"@id\":\"https:\/\/www.salzburgerland.com\/de\/#\/schema\/person\/caeab11a87b2ddb609442e2134067898\",\"name\":\"Barbara Walzer\",\"image\":{\"@type\":\"ImageObject\",\"inLanguage\":\"de\",\"@id\":\"https:\/\/www.salzburgerland.com\/de\/#\/schema\/person\/image\/\",\"url\":\"https:\/\/secure.gravatar.com\/avatar\/a33af3f7ecbc837d99149f702ef06428086253068f7ff83b2aacb98bb919f367?s=96&d=mm&r=g\",\"contentUrl\":\"https:\/\/secure.gravatar.com\/avatar\/a33af3f7ecbc837d99149f702ef06428086253068f7ff83b2aacb98bb919f367?s=96&d=mm&r=g\",\"caption\":\"Barbara Walzer\"}}]}<\/script>\n<!-- \/ Yoast SEO Premium plugin. -->","yoast_head_json":{"title":"Zwischen Himmel & Erde \u2013 Almen im Salzburger Land \u00bb SalzburgerLand.com","robots":{"index":"index","follow":"follow","max-snippet":"max-snippet:-1","max-image-preview":"max-image-preview:large","max-video-preview":"max-video-preview:-1"},"canonical":"https:\/\/www.salzburgerland.com\/de\/wp-json\/wp\/v2\/posts\/682407","og_locale":"de_DE","og_type":"article","og_title":"Zwischen Himmel & Erde \u2013 Almen im Salzburger Land","og_description":"Hoch oben im Salzburger Land erz\u00e4hlt der Almsommer vom Leben im Einklang mit der Natur. Vier Almen entlang des Salzburger Almenweges zeigt Caroline Koller in Erlebnis \u00d6sterreich und macht deutlich, dass die Zukunft der Almen sich in den Herzen jener entscheidet, die sie erhalten \u2013 Tag f\u00fcr Tag, Sommer f\u00fcr Sommer.","og_url":"https:\/\/www.salzburgerland.com\/de\/wp-json\/wp\/v2\/posts\/682407","og_site_name":"SalzburgerLand.com","article_publisher":"https:\/\/www.facebook.com\/salzburgerland\/","article_published_time":"2026-04-27T11:19:08+00:00","article_modified_time":"2026-04-27T11:47:11+00:00","og_image":[{"width":1200,"height":675,"url":"https:\/\/www.salzburgerland.com\/de\/wp-content\/uploads\/2023\/11\/83a0961-1200x675.jpg","type":"image\/jpeg"}],"author":"Barbara Walzer","twitter_card":"summary_large_image","twitter_creator":"@Salzburgerland","twitter_site":"@Salzburgerland","twitter_misc":{"Verfasst von":"Barbara Walzer","Gesch\u00e4tzte Lesezeit":"4\u00a0Minuten"},"schema":{"@context":"https:\/\/schema.org","@graph":[{"@type":"WebPage","@id":"https:\/\/www.salzburgerland.com\/de\/almen-im-salzburger-land\/","url":"https:\/\/www.salzburgerland.com\/de\/almen-im-salzburger-land\/","name":"Zwischen Himmel & Erde \u2013 Almen im Salzburger Land \u00bb SalzburgerLand.com","isPartOf":{"@id":"https:\/\/www.salzburgerland.com\/de\/#website"},"primaryImageOfPage":{"@id":"https:\/\/www.salzburgerland.com\/de\/almen-im-salzburger-land\/#primaryimage"},"image":{"@id":"https:\/\/www.salzburgerland.com\/de\/almen-im-salzburger-land\/#primaryimage"},"thumbnailUrl":"https:\/\/www.salzburgerland.com\/de\/wp-content\/uploads\/2023\/11\/83a0961.jpg","datePublished":"2026-04-27T11:19:08+00:00","dateModified":"2026-04-27T11:47:11+00:00","description":"Hoch oben im Salzburger Land erz\u00e4hlt der Almsommer vom Leben im Einklang mit der Natur. Vier Almen entlang des Salzburger Almenweges zeigt Caroline Koller in Erlebnis \u00d6sterreich und macht deutlich, dass die Zukunft der Almen sich in den Herzen jener entscheidet, die sie erhalten \u2013 Tag f\u00fcr Tag, Sommer f\u00fcr Sommer.","breadcrumb":{"@id":"https:\/\/www.salzburgerland.com\/de\/almen-im-salzburger-land\/#breadcrumb"},"inLanguage":"de","potentialAction":[{"@type":"ReadAction","target":["https:\/\/www.salzburgerland.com\/de\/almen-im-salzburger-land\/"]}]},{"@type":"ImageObject","inLanguage":"de","@id":"https:\/\/www.salzburgerland.com\/de\/almen-im-salzburger-land\/#primaryimage","url":"https:\/\/www.salzburgerland.com\/de\/wp-content\/uploads\/2023\/11\/83a0961.jpg","contentUrl":"https:\/\/www.salzburgerland.com\/de\/wp-content\/uploads\/2023\/11\/83a0961.jpg","width":2560,"height":1708,"caption":"Wandernadeln sammeln am Salzburger Almenweg (c) SalzburgerLand Tourismus, Hansi Heckmair"},{"@type":"BreadcrumbList","@id":"https:\/\/www.salzburgerland.com\/de\/almen-im-salzburger-land\/#breadcrumb","itemListElement":[{"@type":"ListItem","position":1,"name":"Almsommer","item":"https:\/\/www.salzburgerland.com\/de\/almsommer\/"},{"@type":"ListItem","position":2,"name":"Zwischen Himmel &#038; Erde \u2013 Almen im Salzburger Land"}]},{"@type":"WebSite","@id":"https:\/\/www.salzburgerland.com\/de\/#website","url":"https:\/\/www.salzburgerland.com\/de\/","name":"SalzburgerLand.com","description":"Ihr Urlaub in Salzburg, \u00d6sterreich","publisher":{"@id":"https:\/\/www.salzburgerland.com\/de\/#organization"},"potentialAction":[{"@type":"SearchAction","target":{"@type":"EntryPoint","urlTemplate":"https:\/\/www.salzburgerland.com\/de\/?s={search_term_string}"},"query-input":{"@type":"PropertyValueSpecification","valueRequired":true,"valueName":"search_term_string"}}],"inLanguage":"de"},{"@type":"Organization","@id":"https:\/\/www.salzburgerland.com\/de\/#organization","name":"SalzburgerLand Tourismus GmbH","url":"https:\/\/www.salzburgerland.com\/de\/","logo":{"@type":"ImageObject","inLanguage":"de","@id":"https:\/\/www.salzburgerland.com\/de\/#\/schema\/logo\/image\/","url":"https:\/\/www.salzburgerland.com\/de\/wp-content\/uploads\/2017\/01\/salzburgerland-logo.jpg","contentUrl":"https:\/\/www.salzburgerland.com\/de\/wp-content\/uploads\/2017\/01\/salzburgerland-logo.jpg","width":1920,"height":827,"caption":"SalzburgerLand Tourismus GmbH"},"image":{"@id":"https:\/\/www.salzburgerland.com\/de\/#\/schema\/logo\/image\/"},"sameAs":["https:\/\/www.facebook.com\/salzburgerland\/","https:\/\/x.com\/Salzburgerland","https:\/\/www.instagram.com\/salzburgerland\/","http:\/\/dbpedia.org\/resource\/Salzburg_(state)","http:\/\/wikidata.dbpedia.org\/resource\/Q43325","http:\/\/open.salzburgerland.com\/de\/entity\/salzburgerland","https:\/\/www.youtube.com\/user\/salzburgerland"]},{"@type":"Person","@id":"https:\/\/www.salzburgerland.com\/de\/#\/schema\/person\/caeab11a87b2ddb609442e2134067898","name":"Barbara Walzer","image":{"@type":"ImageObject","inLanguage":"de","@id":"https:\/\/www.salzburgerland.com\/de\/#\/schema\/person\/image\/","url":"https:\/\/secure.gravatar.com\/avatar\/a33af3f7ecbc837d99149f702ef06428086253068f7ff83b2aacb98bb919f367?s=96&d=mm&r=g","contentUrl":"https:\/\/secure.gravatar.com\/avatar\/a33af3f7ecbc837d99149f702ef06428086253068f7ff83b2aacb98bb919f367?s=96&d=mm&r=g","caption":"Barbara Walzer"}}]}},"_wl_alt_label":[],"wl:entity_url":"http:\/\/open.salzburgerland.com\/de\/post\/silvia-entdeckt-den-alpe-adria-radweg","_links":{"self":[{"href":"https:\/\/www.salzburgerland.com\/de\/wp-json\/wp\/v2\/posts\/682407","targetHints":{"allow":["GET"]}}],"collection":[{"href":"https:\/\/www.salzburgerland.com\/de\/wp-json\/wp\/v2\/posts"}],"about":[{"href":"https:\/\/www.salzburgerland.com\/de\/wp-json\/wp\/v2\/types\/post"}],"author":[{"embeddable":true,"href":"https:\/\/www.salzburgerland.com\/de\/wp-json\/wp\/v2\/users\/50"}],"replies":[{"embeddable":true,"href":"https:\/\/www.salzburgerland.com\/de\/wp-json\/wp\/v2\/comments?post=682407"}],"version-history":[{"count":7,"href":"https:\/\/www.salzburgerland.com\/de\/wp-json\/wp\/v2\/posts\/682407\/revisions"}],"predecessor-version":[{"id":682420,"href":"https:\/\/www.salzburgerland.com\/de\/wp-json\/wp\/v2\/posts\/682407\/revisions\/682420"}],"wp:featuredmedia":[{"embeddable":true,"href":"https:\/\/www.salzburgerland.com\/de\/wp-json\/wp\/v2\/media\/673183"}],"wp:attachment":[{"href":"https:\/\/www.salzburgerland.com\/de\/wp-json\/wp\/v2\/media?parent=682407"}],"wp:term":[{"taxonomy":"category","embeddable":true,"href":"https:\/\/www.salzburgerland.com\/de\/wp-json\/wp\/v2\/categories?post=682407"},{"taxonomy":"post_tag","embeddable":true,"href":"https:\/\/www.salzburgerland.com\/de\/wp-json\/wp\/v2\/tags?post=682407"},{"taxonomy":"wl_entity_type","embeddable":true,"href":"https:\/\/www.salzburgerland.com\/de\/wp-json\/wp\/v2\/wl_entity_type?post=682407"}],"curies":[{"name":"wp","href":"https:\/\/api.w.org\/{rel}","templated":true}]}}