{"id":682359,"date":"2026-04-27T09:59:12","date_gmt":"2026-04-27T07:59:12","guid":{"rendered":"https:\/\/www.salzburgerland.com\/de\/?p=682359"},"modified":"2026-04-27T11:33:57","modified_gmt":"2026-04-27T09:33:57","slug":"salzburger-almenweg-stories","status":"publish","type":"post","link":"https:\/\/www.salzburgerland.com\/de\/salzburger-almenweg-stories\/","title":{"rendered":"Salzburger Almenweg Stories"},"content":{"rendered":"<p data-start=\"928\" data-end=\"1280\">Was einst als Vision begann, die einzigartige Almvielfalt im SalzburgerLand erlebbar zu machen, hat sich in den letzten zwei Jahrzehnten zu einem der sch\u00f6nsten Weitwanderwege der Alpen entwickelt. Der<a href=\"https:\/\/www.salzburgerland.com\/de\/salzburger-almenweg\/\" target=\"_blank\" rel=\"noopener\"> <span class=\"hover:entity-accent entity-underline inline cursor-pointer align-baseline\"><span class=\"whitespace-normal\">Salzburger Almenweg<\/span><\/span><\/a> verbindet Natur, Bewegung und Kulinarik auf besondere Weise \u2013 immer im Einklang mit seiner urspr\u00fcnglichen Idee.<\/p>\n<p data-start=\"1282\" data-end=\"1605\">Zum 20-j\u00e4hrigen Jubil\u00e4um wird nicht nur gefeiert, sondern auch zur\u00fcckgeblickt: auf bewegende Geschichten, engagierte Menschen und die stetige Weiterentwicklung des Weges. Gefeiert wird dieses besondere Ereignis am<strong> 14. Juni 2026<\/strong> im Rahmen der <a href=\"https:\/\/www.salzburgerland.com\/de\/almsommer-eroeffnung-und-events\/\" target=\"_blank\" rel=\"noopener\">landesweiten Almsommer-Er\u00f6ffnung<\/a> auf der <a href=\"https:\/\/www.salzburgerland.com\/de\/magazin\/die-tauernkarleitenalm\/\" target=\"_blank\" rel=\"noopener\"><span class=\"hover:entity-accent entity-underline inline cursor-pointer align-baseline\"><span class=\"whitespace-normal\">Tauernkarleitenalm<\/span><\/span><\/a>.<\/p>\n<h2 data-start=\"1282\" data-end=\"1605\">Salzburger Almenweg Stories<\/h2>\n<p data-start=\"1607\" data-end=\"1787\">In unserer Social-Produktion \u201eAlmenweg Stories\u201c zum Salzburger Almenweg stehen genau diese Pers\u00f6nlichkeiten im Mittelpunkt: Senner:innen, Gastgeber:innen und Wegbegleiter:innen erz\u00e4hlen ihre Geschichten und geben authentische Einblicke in das Leben auf den Almen. So wird der Almenweg nicht nur als Wanderroute erlebbar, sondern als lebendige Kulturlandschaft im SalzburgerLand.<\/p>\n","protected":false},"excerpt":{"rendered":"<p>Was einst als Vision begann, die einzigartige Almvielfalt im SalzburgerLand erlebbar zu machen, hat sich in den letzten zwei Jahrzehnten zu einem der sch\u00f6nsten Weitwanderwege der Alpen entwickelt. Der Salzburger Almenweg verbindet Natur, Bewegung und Kulinarik auf besondere Weise \u2013 immer im Einklang mit seiner urspr\u00fcnglichen Idee. Zum 20-j\u00e4hrigen Jubil\u00e4um wird nicht nur gefeiert, sondern [&hellip;]<\/p>\n","protected":false},"author":111,"featured_media":674837,"comment_status":"closed","ping_status":"closed","sticky":false,"template":"","format":"standard","meta":{"_acf_changed":false,"wl_entities_gutenberg":"","_relevanssi_hide_post":"","_relevanssi_hide_content":"","_relevanssi_pin_for_all":"","_relevanssi_pin_keywords":"","_relevanssi_unpin_keywords":"","_relevanssi_related_keywords":"","_relevanssi_related_include_ids":"","_relevanssi_related_exclude_ids":"","_relevanssi_related_no_append":"","_relevanssi_related_not_related":"","_relevanssi_related_posts":"","_relevanssi_noindex_reason":"","footnotes":""},"categories":[1],"tags":[],"wl_entity_type":[11495],"class_list":["post-682359","post","type-post","status-publish","format-standard","has-post-thumbnail","hentry","category-allgemein","wl_entity_type-article"],"acf":[],"yoast_head":"<!-- This site is optimized with the Yoast SEO Premium plugin v26.9 (Yoast SEO v26.9) - https:\/\/yoast.com\/product\/yoast-seo-premium-wordpress\/ -->\n<title>Salzburger Almenweg Stories \u00bb SalzburgerLand.com<\/title>\n<meta name=\"description\" content=\"Almenweg Stories: Die sch\u00f6nsten Geschichten rund um den Salzburger Almenweg \u2013 von Almen, Menschen und echten Erlebnissen im Pongau.\" \/>\n<meta name=\"robots\" content=\"index, follow, max-snippet:-1, max-image-preview:large, max-video-preview:-1\" \/>\n<link rel=\"canonical\" href=\"https:\/\/www.salzburgerland.com\/de\/wp-json\/wp\/v2\/posts\/682359\" \/>\n<meta property=\"og:locale\" content=\"de_DE\" \/>\n<meta property=\"og:type\" content=\"article\" \/>\n<meta property=\"og:title\" content=\"Salzburger Almenweg Stories\" \/>\n<meta property=\"og:description\" content=\"Almenweg Stories: Die sch\u00f6nsten Geschichten rund um den Salzburger Almenweg \u2013 von Almen, Menschen und echten Erlebnissen im Pongau.\" \/>\n<meta property=\"og:url\" content=\"https:\/\/www.salzburgerland.com\/de\/wp-json\/wp\/v2\/posts\/682359\" \/>\n<meta property=\"og:site_name\" content=\"SalzburgerLand.com\" \/>\n<meta property=\"article:publisher\" content=\"https:\/\/www.facebook.com\/salzburgerland\/\" \/>\n<meta property=\"article:published_time\" content=\"2026-04-27T07:59:12+00:00\" \/>\n<meta property=\"article:modified_time\" content=\"2026-04-27T09:33:57+00:00\" \/>\n<meta property=\"og:image\" content=\"https:\/\/www.salzburgerland.com\/de\/wp-content\/uploads\/2024\/12\/83a9949_bearb-1200x675.jpg\" \/>\n\t<meta property=\"og:image:width\" content=\"1200\" \/>\n\t<meta property=\"og:image:height\" content=\"675\" \/>\n\t<meta property=\"og:image:type\" content=\"image\/jpeg\" \/>\n<meta name=\"author\" content=\"Hanna Niederf\u00fchr\" \/>\n<meta name=\"twitter:card\" content=\"summary_large_image\" \/>\n<meta name=\"twitter:creator\" content=\"@Salzburgerland\" \/>\n<meta name=\"twitter:site\" content=\"@Salzburgerland\" \/>\n<meta name=\"twitter:label1\" content=\"Verfasst von\" \/>\n\t<meta name=\"twitter:data1\" content=\"Hanna Niederf\u00fchr\" \/>\n\t<meta name=\"twitter:label2\" content=\"Gesch\u00e4tzte Lesezeit\" \/>\n\t<meta name=\"twitter:data2\" content=\"3\u00a0Minuten\" \/>\n<script type=\"application\/ld+json\" class=\"yoast-schema-graph\">{\"@context\":\"https:\/\/schema.org\",\"@graph\":[{\"@type\":\"WebPage\",\"@id\":\"https:\/\/www.salzburgerland.com\/de\/salzburger-almenweg-stories\/\",\"url\":\"https:\/\/www.salzburgerland.com\/de\/salzburger-almenweg-stories\/\",\"name\":\"Salzburger Almenweg Stories \u00bb SalzburgerLand.com\",\"isPartOf\":{\"@id\":\"https:\/\/www.salzburgerland.com\/de\/#website\"},\"primaryImageOfPage\":{\"@id\":\"https:\/\/www.salzburgerland.com\/de\/salzburger-almenweg-stories\/#primaryimage\"},\"image\":{\"@id\":\"https:\/\/www.salzburgerland.com\/de\/salzburger-almenweg-stories\/#primaryimage\"},\"thumbnailUrl\":\"https:\/\/www.salzburgerland.com\/de\/wp-content\/uploads\/2024\/12\/83a9949_bearb.jpg\",\"datePublished\":\"2026-04-27T07:59:12+00:00\",\"dateModified\":\"2026-04-27T09:33:57+00:00\",\"description\":\"Almenweg Stories: Die sch\u00f6nsten Geschichten rund um den Salzburger Almenweg \u2013 von Almen, Menschen und echten Erlebnissen im Pongau.\",\"breadcrumb\":{\"@id\":\"https:\/\/www.salzburgerland.com\/de\/salzburger-almenweg-stories\/#breadcrumb\"},\"inLanguage\":\"de\",\"potentialAction\":[{\"@type\":\"ReadAction\",\"target\":[\"https:\/\/www.salzburgerland.com\/de\/salzburger-almenweg-stories\/\"]}]},{\"@type\":\"ImageObject\",\"inLanguage\":\"de\",\"@id\":\"https:\/\/www.salzburgerland.com\/de\/salzburger-almenweg-stories\/#primaryimage\",\"url\":\"https:\/\/www.salzburgerland.com\/de\/wp-content\/uploads\/2024\/12\/83a9949_bearb.jpg\",\"contentUrl\":\"https:\/\/www.salzburgerland.com\/de\/wp-content\/uploads\/2024\/12\/83a9949_bearb.jpg\",\"width\":2500,\"height\":2141,\"caption\":\"Salzburger Almenweg, Wandern im Gro\u00dfarltal \u00a9 SalzburgerLand Tourismus, Hansi Heckmair\"},{\"@type\":\"BreadcrumbList\",\"@id\":\"https:\/\/www.salzburgerland.com\/de\/salzburger-almenweg-stories\/#breadcrumb\",\"itemListElement\":[{\"@type\":\"ListItem\",\"position\":1,\"name\":\"Salzburger Almenweg erleben\",\"item\":\"https:\/\/www.salzburgerland.com\/de\/salzburger-almenweg\/\"},{\"@type\":\"ListItem\",\"position\":2,\"name\":\"Salzburger Almenweg Stories\"}]},{\"@type\":\"WebSite\",\"@id\":\"https:\/\/www.salzburgerland.com\/de\/#website\",\"url\":\"https:\/\/www.salzburgerland.com\/de\/\",\"name\":\"SalzburgerLand.com\",\"description\":\"Ihr Urlaub in Salzburg, \u00d6sterreich\",\"publisher\":{\"@id\":\"https:\/\/www.salzburgerland.com\/de\/#organization\"},\"potentialAction\":[{\"@type\":\"SearchAction\",\"target\":{\"@type\":\"EntryPoint\",\"urlTemplate\":\"https:\/\/www.salzburgerland.com\/de\/?s={search_term_string}\"},\"query-input\":{\"@type\":\"PropertyValueSpecification\",\"valueRequired\":true,\"valueName\":\"search_term_string\"}}],\"inLanguage\":\"de\"},{\"@type\":\"Organization\",\"@id\":\"https:\/\/www.salzburgerland.com\/de\/#organization\",\"name\":\"SalzburgerLand Tourismus GmbH\",\"url\":\"https:\/\/www.salzburgerland.com\/de\/\",\"logo\":{\"@type\":\"ImageObject\",\"inLanguage\":\"de\",\"@id\":\"https:\/\/www.salzburgerland.com\/de\/#\/schema\/logo\/image\/\",\"url\":\"https:\/\/www.salzburgerland.com\/de\/wp-content\/uploads\/2017\/01\/salzburgerland-logo.jpg\",\"contentUrl\":\"https:\/\/www.salzburgerland.com\/de\/wp-content\/uploads\/2017\/01\/salzburgerland-logo.jpg\",\"width\":1920,\"height\":827,\"caption\":\"SalzburgerLand Tourismus GmbH\"},\"image\":{\"@id\":\"https:\/\/www.salzburgerland.com\/de\/#\/schema\/logo\/image\/\"},\"sameAs\":[\"https:\/\/www.facebook.com\/salzburgerland\/\",\"https:\/\/x.com\/Salzburgerland\",\"https:\/\/www.instagram.com\/salzburgerland\/\",\"http:\/\/dbpedia.org\/resource\/Salzburg_(state)\",\"http:\/\/wikidata.dbpedia.org\/resource\/Q43325\",\"http:\/\/open.salzburgerland.com\/de\/entity\/salzburgerland\",\"https:\/\/www.youtube.com\/user\/salzburgerland\"]},{\"@type\":\"Person\",\"@id\":\"https:\/\/www.salzburgerland.com\/de\/#\/schema\/person\/6c03c1dca5bbe4954bd0f3998924f1aa\",\"name\":\"Hanna Niederf\u00fchr\",\"image\":{\"@type\":\"ImageObject\",\"inLanguage\":\"de\",\"@id\":\"https:\/\/www.salzburgerland.com\/de\/#\/schema\/person\/image\/\",\"url\":\"https:\/\/secure.gravatar.com\/avatar\/467857105353194ee4eabc93d37c8875daf267e64293abb3ac853f24e82b95b8?s=96&d=mm&r=g\",\"contentUrl\":\"https:\/\/secure.gravatar.com\/avatar\/467857105353194ee4eabc93d37c8875daf267e64293abb3ac853f24e82b95b8?s=96&d=mm&r=g\",\"caption\":\"Hanna Niederf\u00fchr\"}}]}<\/script>\n<!-- \/ Yoast SEO Premium plugin. -->","yoast_head_json":{"title":"Salzburger Almenweg Stories \u00bb SalzburgerLand.com","description":"Almenweg Stories: Die sch\u00f6nsten Geschichten rund um den Salzburger Almenweg \u2013 von Almen, Menschen und echten Erlebnissen im Pongau.","robots":{"index":"index","follow":"follow","max-snippet":"max-snippet:-1","max-image-preview":"max-image-preview:large","max-video-preview":"max-video-preview:-1"},"canonical":"https:\/\/www.salzburgerland.com\/de\/wp-json\/wp\/v2\/posts\/682359","og_locale":"de_DE","og_type":"article","og_title":"Salzburger Almenweg Stories","og_description":"Almenweg Stories: Die sch\u00f6nsten Geschichten rund um den Salzburger Almenweg \u2013 von Almen, Menschen und echten Erlebnissen im Pongau.","og_url":"https:\/\/www.salzburgerland.com\/de\/wp-json\/wp\/v2\/posts\/682359","og_site_name":"SalzburgerLand.com","article_publisher":"https:\/\/www.facebook.com\/salzburgerland\/","article_published_time":"2026-04-27T07:59:12+00:00","article_modified_time":"2026-04-27T09:33:57+00:00","og_image":[{"width":1200,"height":675,"url":"https:\/\/www.salzburgerland.com\/de\/wp-content\/uploads\/2024\/12\/83a9949_bearb-1200x675.jpg","type":"image\/jpeg"}],"author":"Hanna Niederf\u00fchr","twitter_card":"summary_large_image","twitter_creator":"@Salzburgerland","twitter_site":"@Salzburgerland","twitter_misc":{"Verfasst von":"Hanna Niederf\u00fchr","Gesch\u00e4tzte Lesezeit":"3\u00a0Minuten"},"schema":{"@context":"https:\/\/schema.org","@graph":[{"@type":"WebPage","@id":"https:\/\/www.salzburgerland.com\/de\/salzburger-almenweg-stories\/","url":"https:\/\/www.salzburgerland.com\/de\/salzburger-almenweg-stories\/","name":"Salzburger Almenweg Stories \u00bb SalzburgerLand.com","isPartOf":{"@id":"https:\/\/www.salzburgerland.com\/de\/#website"},"primaryImageOfPage":{"@id":"https:\/\/www.salzburgerland.com\/de\/salzburger-almenweg-stories\/#primaryimage"},"image":{"@id":"https:\/\/www.salzburgerland.com\/de\/salzburger-almenweg-stories\/#primaryimage"},"thumbnailUrl":"https:\/\/www.salzburgerland.com\/de\/wp-content\/uploads\/2024\/12\/83a9949_bearb.jpg","datePublished":"2026-04-27T07:59:12+00:00","dateModified":"2026-04-27T09:33:57+00:00","description":"Almenweg Stories: Die sch\u00f6nsten Geschichten rund um den Salzburger Almenweg \u2013 von Almen, Menschen und echten Erlebnissen im Pongau.","breadcrumb":{"@id":"https:\/\/www.salzburgerland.com\/de\/salzburger-almenweg-stories\/#breadcrumb"},"inLanguage":"de","potentialAction":[{"@type":"ReadAction","target":["https:\/\/www.salzburgerland.com\/de\/salzburger-almenweg-stories\/"]}]},{"@type":"ImageObject","inLanguage":"de","@id":"https:\/\/www.salzburgerland.com\/de\/salzburger-almenweg-stories\/#primaryimage","url":"https:\/\/www.salzburgerland.com\/de\/wp-content\/uploads\/2024\/12\/83a9949_bearb.jpg","contentUrl":"https:\/\/www.salzburgerland.com\/de\/wp-content\/uploads\/2024\/12\/83a9949_bearb.jpg","width":2500,"height":2141,"caption":"Salzburger Almenweg, Wandern im Gro\u00dfarltal \u00a9 SalzburgerLand Tourismus, Hansi Heckmair"},{"@type":"BreadcrumbList","@id":"https:\/\/www.salzburgerland.com\/de\/salzburger-almenweg-stories\/#breadcrumb","itemListElement":[{"@type":"ListItem","position":1,"name":"Salzburger Almenweg erleben","item":"https:\/\/www.salzburgerland.com\/de\/salzburger-almenweg\/"},{"@type":"ListItem","position":2,"name":"Salzburger Almenweg Stories"}]},{"@type":"WebSite","@id":"https:\/\/www.salzburgerland.com\/de\/#website","url":"https:\/\/www.salzburgerland.com\/de\/","name":"SalzburgerLand.com","description":"Ihr Urlaub in Salzburg, \u00d6sterreich","publisher":{"@id":"https:\/\/www.salzburgerland.com\/de\/#organization"},"potentialAction":[{"@type":"SearchAction","target":{"@type":"EntryPoint","urlTemplate":"https:\/\/www.salzburgerland.com\/de\/?s={search_term_string}"},"query-input":{"@type":"PropertyValueSpecification","valueRequired":true,"valueName":"search_term_string"}}],"inLanguage":"de"},{"@type":"Organization","@id":"https:\/\/www.salzburgerland.com\/de\/#organization","name":"SalzburgerLand Tourismus GmbH","url":"https:\/\/www.salzburgerland.com\/de\/","logo":{"@type":"ImageObject","inLanguage":"de","@id":"https:\/\/www.salzburgerland.com\/de\/#\/schema\/logo\/image\/","url":"https:\/\/www.salzburgerland.com\/de\/wp-content\/uploads\/2017\/01\/salzburgerland-logo.jpg","contentUrl":"https:\/\/www.salzburgerland.com\/de\/wp-content\/uploads\/2017\/01\/salzburgerland-logo.jpg","width":1920,"height":827,"caption":"SalzburgerLand Tourismus GmbH"},"image":{"@id":"https:\/\/www.salzburgerland.com\/de\/#\/schema\/logo\/image\/"},"sameAs":["https:\/\/www.facebook.com\/salzburgerland\/","https:\/\/x.com\/Salzburgerland","https:\/\/www.instagram.com\/salzburgerland\/","http:\/\/dbpedia.org\/resource\/Salzburg_(state)","http:\/\/wikidata.dbpedia.org\/resource\/Q43325","http:\/\/open.salzburgerland.com\/de\/entity\/salzburgerland","https:\/\/www.youtube.com\/user\/salzburgerland"]},{"@type":"Person","@id":"https:\/\/www.salzburgerland.com\/de\/#\/schema\/person\/6c03c1dca5bbe4954bd0f3998924f1aa","name":"Hanna Niederf\u00fchr","image":{"@type":"ImageObject","inLanguage":"de","@id":"https:\/\/www.salzburgerland.com\/de\/#\/schema\/person\/image\/","url":"https:\/\/secure.gravatar.com\/avatar\/467857105353194ee4eabc93d37c8875daf267e64293abb3ac853f24e82b95b8?s=96&d=mm&r=g","contentUrl":"https:\/\/secure.gravatar.com\/avatar\/467857105353194ee4eabc93d37c8875daf267e64293abb3ac853f24e82b95b8?s=96&d=mm&r=g","caption":"Hanna Niederf\u00fchr"}}]}},"_wl_alt_label":[],"wl:entity_url":"http:\/\/open.salzburgerland.com\/de\/post\/salzburger-almenweg-stories-682359","_links":{"self":[{"href":"https:\/\/www.salzburgerland.com\/de\/wp-json\/wp\/v2\/posts\/682359","targetHints":{"allow":["GET"]}}],"collection":[{"href":"https:\/\/www.salzburgerland.com\/de\/wp-json\/wp\/v2\/posts"}],"about":[{"href":"https:\/\/www.salzburgerland.com\/de\/wp-json\/wp\/v2\/types\/post"}],"author":[{"embeddable":true,"href":"https:\/\/www.salzburgerland.com\/de\/wp-json\/wp\/v2\/users\/111"}],"replies":[{"embeddable":true,"href":"https:\/\/www.salzburgerland.com\/de\/wp-json\/wp\/v2\/comments?post=682359"}],"version-history":[{"count":14,"href":"https:\/\/www.salzburgerland.com\/de\/wp-json\/wp\/v2\/posts\/682359\/revisions"}],"predecessor-version":[{"id":682406,"href":"https:\/\/www.salzburgerland.com\/de\/wp-json\/wp\/v2\/posts\/682359\/revisions\/682406"}],"wp:featuredmedia":[{"embeddable":true,"href":"https:\/\/www.salzburgerland.com\/de\/wp-json\/wp\/v2\/media\/674837"}],"wp:attachment":[{"href":"https:\/\/www.salzburgerland.com\/de\/wp-json\/wp\/v2\/media?parent=682359"}],"wp:term":[{"taxonomy":"category","embeddable":true,"href":"https:\/\/www.salzburgerland.com\/de\/wp-json\/wp\/v2\/categories?post=682359"},{"taxonomy":"post_tag","embeddable":true,"href":"https:\/\/www.salzburgerland.com\/de\/wp-json\/wp\/v2\/tags?post=682359"},{"taxonomy":"wl_entity_type","embeddable":true,"href":"https:\/\/www.salzburgerland.com\/de\/wp-json\/wp\/v2\/wl_entity_type?post=682359"}],"curies":[{"name":"wp","href":"https:\/\/api.w.org\/{rel}","templated":true}]}}