{"id":676543,"date":"2025-03-12T16:43:48","date_gmt":"2025-03-12T15:43:48","guid":{"rendered":"https:\/\/www.salzburgerland.com\/de\/?p=676543"},"modified":"2026-02-20T10:12:49","modified_gmt":"2026-02-20T09:12:49","slug":"musik-im-bauernherbst","status":"publish","type":"post","link":"https:\/\/www.salzburgerland.com\/de\/musik-im-bauernherbst\/","title":{"rendered":"&#8222;G&#8217;sungen und G&#8217;spielt&#8220;"},"content":{"rendered":"<p>Die Musik spielt seit jeher eine wichtige Rolle bei Feierlichkeiten im Bauernherbst. Musik, Gesang und Tanz umrahmen jedes Fest, jeden Kirtag, jeden Almabtrieb und jede Bergmesse, denn sie sind nicht nur stimmungsvoll, sondern vermitteln auch ein Gef\u00fchl von Verbundenheit und Zugeh\u00f6rigkeit.<\/p>\n<p>2026 wird der Bauernherbst ganz besonders klangvoll gefeiert wird. Von der offiziellen, landesweiten Er\u00f6ffnung am 22. August in Maria Alm bis zum 31. Oktober 2026 hei\u00dft es in 76 Bauernherbst-Orten im ganzen SalzburgerLand \u201eG\u2019sungen und G\u2019spielt\u201c. Und dieses Jahr r\u00fccken wir die stimmungsvolle\u00a0Stuben- und Familienmusik sowie\u00a0 kleinen Volksmusikgruppen in den Fokus. Authentisch, regional und mit viel Herz gespielt!<span style=\"font-size: 11.5pt; line-height: 115%; font-family: 'Arial',sans-serif; color: black;\"><\/span><span style=\"font-size: 11.5pt; line-height: 115%; font-family: 'Arial',sans-serif; color: #909090;\"><\/span><\/p>\n","protected":false},"excerpt":{"rendered":"<p>Die Musik spielt seit jeher eine wichtige Rolle bei Feierlichkeiten im Bauernherbst. Musik, Gesang und Tanz umrahmen jedes Fest, jeden Kirtag, jeden Almabtrieb und jede Bergmesse, denn sie sind nicht nur stimmungsvoll, sondern vermitteln auch ein Gef\u00fchl von Verbundenheit und Zugeh\u00f6rigkeit. 2026 wird der Bauernherbst ganz besonders klangvoll gefeiert wird. Von der offiziellen, landesweiten Er\u00f6ffnung [&hellip;]<\/p>\n","protected":false},"author":44,"featured_media":677054,"comment_status":"closed","ping_status":"closed","sticky":false,"template":"","format":"standard","meta":{"_acf_changed":false,"wl_entities_gutenberg":"","_relevanssi_hide_post":"","_relevanssi_hide_content":"","_relevanssi_pin_for_all":"","_relevanssi_pin_keywords":"","_relevanssi_unpin_keywords":"","_relevanssi_related_keywords":"","_relevanssi_related_include_ids":"","_relevanssi_related_exclude_ids":"","_relevanssi_related_no_append":"","_relevanssi_related_not_related":"","_relevanssi_related_posts":"","_relevanssi_noindex_reason":"","footnotes":""},"categories":[1],"tags":[],"wl_entity_type":[11495],"class_list":["post-676543","post","type-post","status-publish","format-standard","has-post-thumbnail","hentry","category-allgemein","wl_entity_type-article"],"acf":[],"yoast_head":"<!-- This site is optimized with the Yoast SEO Premium plugin v26.9 (Yoast SEO v26.9) - https:\/\/yoast.com\/product\/yoast-seo-premium-wordpress\/ -->\n<title>&quot;G&#039;sungen und G&#039;spielt&quot; \u00bb SalzburgerLand.com<\/title>\n<meta name=\"robots\" content=\"index, follow, max-snippet:-1, max-image-preview:large, max-video-preview:-1\" \/>\n<link rel=\"canonical\" href=\"https:\/\/www.salzburgerland.com\/de\/wp-json\/wp\/v2\/posts\/676543\" \/>\n<meta property=\"og:locale\" content=\"de_DE\" \/>\n<meta property=\"og:type\" content=\"article\" \/>\n<meta property=\"og:title\" content=\"&quot;G&#039;sungen und G&#039;spielt&quot;\" \/>\n<meta property=\"og:description\" content=\"Musik im Bauernherbst auf einen Blick! Bauernherbst-Polka, 30 Top-Musik-Tipps, 10 spezielle Musikreisen uvm.\" \/>\n<meta property=\"og:url\" content=\"https:\/\/www.salzburgerland.com\/de\/wp-json\/wp\/v2\/posts\/676543\" \/>\n<meta property=\"og:site_name\" content=\"SalzburgerLand.com\" \/>\n<meta property=\"article:publisher\" content=\"https:\/\/www.facebook.com\/salzburgerland\/\" \/>\n<meta property=\"article:published_time\" content=\"2025-03-12T15:43:48+00:00\" \/>\n<meta property=\"article:modified_time\" content=\"2026-02-20T09:12:49+00:00\" \/>\n<meta property=\"og:image\" content=\"https:\/\/www.salzburgerland.com\/de\/wp-content\/uploads\/2025\/03\/rs6099_slt_bauernherbst_auswahl-34-1200x675.jpg\" \/>\n\t<meta property=\"og:image:width\" content=\"1200\" \/>\n\t<meta property=\"og:image:height\" content=\"675\" \/>\n\t<meta property=\"og:image:type\" content=\"image\/jpeg\" \/>\n<meta name=\"author\" content=\"Eveline Bimminger\" \/>\n<meta name=\"twitter:card\" content=\"summary_large_image\" \/>\n<meta name=\"twitter:creator\" content=\"@Salzburgerland\" \/>\n<meta name=\"twitter:site\" content=\"@Salzburgerland\" \/>\n<meta name=\"twitter:label1\" content=\"Verfasst von\" \/>\n\t<meta name=\"twitter:data1\" content=\"Eveline Bimminger\" \/>\n\t<meta name=\"twitter:label2\" content=\"Gesch\u00e4tzte Lesezeit\" \/>\n\t<meta name=\"twitter:data2\" content=\"2\u00a0Minuten\" \/>\n<script type=\"application\/ld+json\" class=\"yoast-schema-graph\">{\"@context\":\"https:\/\/schema.org\",\"@graph\":[{\"@type\":\"WebPage\",\"@id\":\"https:\/\/www.salzburgerland.com\/de\/musik-im-bauernherbst\/\",\"url\":\"https:\/\/www.salzburgerland.com\/de\/musik-im-bauernherbst\/\",\"name\":\"\\\"G'sungen und G'spielt\\\" \u00bb SalzburgerLand.com\",\"isPartOf\":{\"@id\":\"https:\/\/www.salzburgerland.com\/de\/#website\"},\"primaryImageOfPage\":{\"@id\":\"https:\/\/www.salzburgerland.com\/de\/musik-im-bauernherbst\/#primaryimage\"},\"image\":{\"@id\":\"https:\/\/www.salzburgerland.com\/de\/musik-im-bauernherbst\/#primaryimage\"},\"thumbnailUrl\":\"https:\/\/www.salzburgerland.com\/de\/wp-content\/uploads\/2025\/03\/rs6099_slt_bauernherbst_auswahl-34.jpg\",\"datePublished\":\"2025-03-12T15:43:48+00:00\",\"dateModified\":\"2026-02-20T09:12:49+00:00\",\"description\":\"Musik im Bauernherbst auf einen Blick! Bauernherbst-Polka, 30 Top-Musik-Tipps, 10 spezielle Musikreisen uvm.\",\"breadcrumb\":{\"@id\":\"https:\/\/www.salzburgerland.com\/de\/musik-im-bauernherbst\/#breadcrumb\"},\"inLanguage\":\"de\",\"potentialAction\":[{\"@type\":\"ReadAction\",\"target\":[\"https:\/\/www.salzburgerland.com\/de\/musik-im-bauernherbst\/\"]}]},{\"@type\":\"ImageObject\",\"inLanguage\":\"de\",\"@id\":\"https:\/\/www.salzburgerland.com\/de\/musik-im-bauernherbst\/#primaryimage\",\"url\":\"https:\/\/www.salzburgerland.com\/de\/wp-content\/uploads\/2025\/03\/rs6099_slt_bauernherbst_auswahl-34.jpg\",\"contentUrl\":\"https:\/\/www.salzburgerland.com\/de\/wp-content\/uploads\/2025\/03\/rs6099_slt_bauernherbst_auswahl-34.jpg\",\"width\":2560,\"height\":1706,\"caption\":\"\u00a9 SalzburgerLand Tourismus, Lisa Eiersebner, Musik im Bauernherbst\"},{\"@type\":\"BreadcrumbList\",\"@id\":\"https:\/\/www.salzburgerland.com\/de\/musik-im-bauernherbst\/#breadcrumb\",\"itemListElement\":[{\"@type\":\"ListItem\",\"position\":1,\"name\":\"Salzburger Bauernherbst\",\"item\":\"https:\/\/www.salzburgerland.com\/de\/bauernherbst\/\"},{\"@type\":\"ListItem\",\"position\":2,\"name\":\"&#8222;G&#8217;sungen und G&#8217;spielt&#8220;\"}]},{\"@type\":\"WebSite\",\"@id\":\"https:\/\/www.salzburgerland.com\/de\/#website\",\"url\":\"https:\/\/www.salzburgerland.com\/de\/\",\"name\":\"SalzburgerLand.com\",\"description\":\"Ihr Urlaub in Salzburg, \u00d6sterreich\",\"publisher\":{\"@id\":\"https:\/\/www.salzburgerland.com\/de\/#organization\"},\"potentialAction\":[{\"@type\":\"SearchAction\",\"target\":{\"@type\":\"EntryPoint\",\"urlTemplate\":\"https:\/\/www.salzburgerland.com\/de\/?s={search_term_string}\"},\"query-input\":{\"@type\":\"PropertyValueSpecification\",\"valueRequired\":true,\"valueName\":\"search_term_string\"}}],\"inLanguage\":\"de\"},{\"@type\":\"Organization\",\"@id\":\"https:\/\/www.salzburgerland.com\/de\/#organization\",\"name\":\"SalzburgerLand Tourismus GmbH\",\"url\":\"https:\/\/www.salzburgerland.com\/de\/\",\"logo\":{\"@type\":\"ImageObject\",\"inLanguage\":\"de\",\"@id\":\"https:\/\/www.salzburgerland.com\/de\/#\/schema\/logo\/image\/\",\"url\":\"https:\/\/www.salzburgerland.com\/de\/wp-content\/uploads\/2017\/01\/salzburgerland-logo.jpg\",\"contentUrl\":\"https:\/\/www.salzburgerland.com\/de\/wp-content\/uploads\/2017\/01\/salzburgerland-logo.jpg\",\"width\":1920,\"height\":827,\"caption\":\"SalzburgerLand Tourismus GmbH\"},\"image\":{\"@id\":\"https:\/\/www.salzburgerland.com\/de\/#\/schema\/logo\/image\/\"},\"sameAs\":[\"https:\/\/www.facebook.com\/salzburgerland\/\",\"https:\/\/x.com\/Salzburgerland\",\"https:\/\/www.instagram.com\/salzburgerland\/\",\"http:\/\/dbpedia.org\/resource\/Salzburg_(state)\",\"http:\/\/wikidata.dbpedia.org\/resource\/Q43325\",\"http:\/\/open.salzburgerland.com\/de\/entity\/salzburgerland\",\"https:\/\/www.youtube.com\/user\/salzburgerland\"]},{\"@type\":\"Person\",\"@id\":\"https:\/\/www.salzburgerland.com\/de\/#\/schema\/person\/65a80fc9026a6fbf40cc6089d70adb1d\",\"name\":\"Eveline Bimminger\",\"image\":{\"@type\":\"ImageObject\",\"inLanguage\":\"de\",\"@id\":\"https:\/\/www.salzburgerland.com\/de\/#\/schema\/person\/image\/\",\"url\":\"https:\/\/secure.gravatar.com\/avatar\/c5f95e995df475f57c321bf8b272f1a534921fbcb75dd2613c990ba9689a9128?s=96&d=mm&r=g\",\"contentUrl\":\"https:\/\/secure.gravatar.com\/avatar\/c5f95e995df475f57c321bf8b272f1a534921fbcb75dd2613c990ba9689a9128?s=96&d=mm&r=g\",\"caption\":\"Eveline Bimminger\"}}]}<\/script>\n<!-- \/ Yoast SEO Premium plugin. -->","yoast_head_json":{"title":"\"G'sungen und G'spielt\" \u00bb SalzburgerLand.com","robots":{"index":"index","follow":"follow","max-snippet":"max-snippet:-1","max-image-preview":"max-image-preview:large","max-video-preview":"max-video-preview:-1"},"canonical":"https:\/\/www.salzburgerland.com\/de\/wp-json\/wp\/v2\/posts\/676543","og_locale":"de_DE","og_type":"article","og_title":"\"G'sungen und G'spielt\"","og_description":"Musik im Bauernherbst auf einen Blick! Bauernherbst-Polka, 30 Top-Musik-Tipps, 10 spezielle Musikreisen uvm.","og_url":"https:\/\/www.salzburgerland.com\/de\/wp-json\/wp\/v2\/posts\/676543","og_site_name":"SalzburgerLand.com","article_publisher":"https:\/\/www.facebook.com\/salzburgerland\/","article_published_time":"2025-03-12T15:43:48+00:00","article_modified_time":"2026-02-20T09:12:49+00:00","og_image":[{"width":1200,"height":675,"url":"https:\/\/www.salzburgerland.com\/de\/wp-content\/uploads\/2025\/03\/rs6099_slt_bauernherbst_auswahl-34-1200x675.jpg","type":"image\/jpeg"}],"author":"Eveline Bimminger","twitter_card":"summary_large_image","twitter_creator":"@Salzburgerland","twitter_site":"@Salzburgerland","twitter_misc":{"Verfasst von":"Eveline Bimminger","Gesch\u00e4tzte Lesezeit":"2\u00a0Minuten"},"schema":{"@context":"https:\/\/schema.org","@graph":[{"@type":"WebPage","@id":"https:\/\/www.salzburgerland.com\/de\/musik-im-bauernherbst\/","url":"https:\/\/www.salzburgerland.com\/de\/musik-im-bauernherbst\/","name":"\"G'sungen und G'spielt\" \u00bb SalzburgerLand.com","isPartOf":{"@id":"https:\/\/www.salzburgerland.com\/de\/#website"},"primaryImageOfPage":{"@id":"https:\/\/www.salzburgerland.com\/de\/musik-im-bauernherbst\/#primaryimage"},"image":{"@id":"https:\/\/www.salzburgerland.com\/de\/musik-im-bauernherbst\/#primaryimage"},"thumbnailUrl":"https:\/\/www.salzburgerland.com\/de\/wp-content\/uploads\/2025\/03\/rs6099_slt_bauernherbst_auswahl-34.jpg","datePublished":"2025-03-12T15:43:48+00:00","dateModified":"2026-02-20T09:12:49+00:00","description":"Musik im Bauernherbst auf einen Blick! Bauernherbst-Polka, 30 Top-Musik-Tipps, 10 spezielle Musikreisen uvm.","breadcrumb":{"@id":"https:\/\/www.salzburgerland.com\/de\/musik-im-bauernherbst\/#breadcrumb"},"inLanguage":"de","potentialAction":[{"@type":"ReadAction","target":["https:\/\/www.salzburgerland.com\/de\/musik-im-bauernherbst\/"]}]},{"@type":"ImageObject","inLanguage":"de","@id":"https:\/\/www.salzburgerland.com\/de\/musik-im-bauernherbst\/#primaryimage","url":"https:\/\/www.salzburgerland.com\/de\/wp-content\/uploads\/2025\/03\/rs6099_slt_bauernherbst_auswahl-34.jpg","contentUrl":"https:\/\/www.salzburgerland.com\/de\/wp-content\/uploads\/2025\/03\/rs6099_slt_bauernherbst_auswahl-34.jpg","width":2560,"height":1706,"caption":"\u00a9 SalzburgerLand Tourismus, Lisa Eiersebner, Musik im Bauernherbst"},{"@type":"BreadcrumbList","@id":"https:\/\/www.salzburgerland.com\/de\/musik-im-bauernherbst\/#breadcrumb","itemListElement":[{"@type":"ListItem","position":1,"name":"Salzburger Bauernherbst","item":"https:\/\/www.salzburgerland.com\/de\/bauernherbst\/"},{"@type":"ListItem","position":2,"name":"&#8222;G&#8217;sungen und G&#8217;spielt&#8220;"}]},{"@type":"WebSite","@id":"https:\/\/www.salzburgerland.com\/de\/#website","url":"https:\/\/www.salzburgerland.com\/de\/","name":"SalzburgerLand.com","description":"Ihr Urlaub in Salzburg, \u00d6sterreich","publisher":{"@id":"https:\/\/www.salzburgerland.com\/de\/#organization"},"potentialAction":[{"@type":"SearchAction","target":{"@type":"EntryPoint","urlTemplate":"https:\/\/www.salzburgerland.com\/de\/?s={search_term_string}"},"query-input":{"@type":"PropertyValueSpecification","valueRequired":true,"valueName":"search_term_string"}}],"inLanguage":"de"},{"@type":"Organization","@id":"https:\/\/www.salzburgerland.com\/de\/#organization","name":"SalzburgerLand Tourismus GmbH","url":"https:\/\/www.salzburgerland.com\/de\/","logo":{"@type":"ImageObject","inLanguage":"de","@id":"https:\/\/www.salzburgerland.com\/de\/#\/schema\/logo\/image\/","url":"https:\/\/www.salzburgerland.com\/de\/wp-content\/uploads\/2017\/01\/salzburgerland-logo.jpg","contentUrl":"https:\/\/www.salzburgerland.com\/de\/wp-content\/uploads\/2017\/01\/salzburgerland-logo.jpg","width":1920,"height":827,"caption":"SalzburgerLand Tourismus GmbH"},"image":{"@id":"https:\/\/www.salzburgerland.com\/de\/#\/schema\/logo\/image\/"},"sameAs":["https:\/\/www.facebook.com\/salzburgerland\/","https:\/\/x.com\/Salzburgerland","https:\/\/www.instagram.com\/salzburgerland\/","http:\/\/dbpedia.org\/resource\/Salzburg_(state)","http:\/\/wikidata.dbpedia.org\/resource\/Q43325","http:\/\/open.salzburgerland.com\/de\/entity\/salzburgerland","https:\/\/www.youtube.com\/user\/salzburgerland"]},{"@type":"Person","@id":"https:\/\/www.salzburgerland.com\/de\/#\/schema\/person\/65a80fc9026a6fbf40cc6089d70adb1d","name":"Eveline Bimminger","image":{"@type":"ImageObject","inLanguage":"de","@id":"https:\/\/www.salzburgerland.com\/de\/#\/schema\/person\/image\/","url":"https:\/\/secure.gravatar.com\/avatar\/c5f95e995df475f57c321bf8b272f1a534921fbcb75dd2613c990ba9689a9128?s=96&d=mm&r=g","contentUrl":"https:\/\/secure.gravatar.com\/avatar\/c5f95e995df475f57c321bf8b272f1a534921fbcb75dd2613c990ba9689a9128?s=96&d=mm&r=g","caption":"Eveline Bimminger"}}]}},"_wl_alt_label":[],"wl:entity_url":"http:\/\/open.salzburgerland.com\/de\/post\/musik-im-bauernherbst-676543","_links":{"self":[{"href":"https:\/\/www.salzburgerland.com\/de\/wp-json\/wp\/v2\/posts\/676543","targetHints":{"allow":["GET"]}}],"collection":[{"href":"https:\/\/www.salzburgerland.com\/de\/wp-json\/wp\/v2\/posts"}],"about":[{"href":"https:\/\/www.salzburgerland.com\/de\/wp-json\/wp\/v2\/types\/post"}],"author":[{"embeddable":true,"href":"https:\/\/www.salzburgerland.com\/de\/wp-json\/wp\/v2\/users\/44"}],"replies":[{"embeddable":true,"href":"https:\/\/www.salzburgerland.com\/de\/wp-json\/wp\/v2\/comments?post=676543"}],"version-history":[{"count":47,"href":"https:\/\/www.salzburgerland.com\/de\/wp-json\/wp\/v2\/posts\/676543\/revisions"}],"predecessor-version":[{"id":680794,"href":"https:\/\/www.salzburgerland.com\/de\/wp-json\/wp\/v2\/posts\/676543\/revisions\/680794"}],"wp:featuredmedia":[{"embeddable":true,"href":"https:\/\/www.salzburgerland.com\/de\/wp-json\/wp\/v2\/media\/677054"}],"wp:attachment":[{"href":"https:\/\/www.salzburgerland.com\/de\/wp-json\/wp\/v2\/media?parent=676543"}],"wp:term":[{"taxonomy":"category","embeddable":true,"href":"https:\/\/www.salzburgerland.com\/de\/wp-json\/wp\/v2\/categories?post=676543"},{"taxonomy":"post_tag","embeddable":true,"href":"https:\/\/www.salzburgerland.com\/de\/wp-json\/wp\/v2\/tags?post=676543"},{"taxonomy":"wl_entity_type","embeddable":true,"href":"https:\/\/www.salzburgerland.com\/de\/wp-json\/wp\/v2\/wl_entity_type?post=676543"}],"curies":[{"name":"wp","href":"https:\/\/api.w.org\/{rel}","templated":true}]}}