{"id":674707,"date":"2024-12-12T09:03:00","date_gmt":"2024-12-12T08:03:00","guid":{"rendered":"https:\/\/www.salzburgerland.com\/de\/?p=674707"},"modified":"2026-04-23T10:50:37","modified_gmt":"2026-04-23T08:50:37","slug":"unterkuenfte-am-salzburger-almenweg-fuer-backpacker","status":"publish","type":"post","link":"https:\/\/www.salzburgerland.com\/de\/unterkuenfte-am-salzburger-almenweg-fuer-backpacker\/","title":{"rendered":"Salzburger Almenweg f\u00fcr Backpacker"},"content":{"rendered":"<div style=\"text-align: left;\"><a style=\"background-color: #69be28; color: #fff; padding: 10px 20px; text-decoration: none; border-radius: 5px; display: inline-block;\" href=\"https:\/\/www.salzburgerland.com\/de\/buchbares-weitwandererlebnis\/\" target=\"_blank\" rel=\"noopener\">ZUR\u00dcCK ZU DEN ANGEBOTEN<\/a><\/div>\n<h2><\/h2>\n<p><strong>Backpacker, so werden weltweit die wahren Trekker genannt!<\/strong> Denn ihre Bestimmung und damit auch ihr Wandergl\u00fcck befinden sich am R\u00fccken. Genauer gesagt ist es der gro\u00dfe Rucksack, in dem alles eingepackt ist, was f\u00fcr eine Wanderreise von einem Ort zum n\u00e4chsten, wirklich erforderlich ist. Und an dem Backpacker schon auf den ersten Blick zu erkennen sind, denn f\u00fcr sie ist die pure Form des Weitwanderns viel wichtiger als Service und Komfort.<\/p>\n<p>Warum aber sollten dann abenteuerlustige Purist:innen dieses Package buchen? Weil sie zwar gerne auf Services wie Gep\u00e4cktransport und Shuttle-Transporte verzichten k\u00f6nnen, es aber am Salzburger Almenweg zu gewissen Zeiten gar nicht so einfach ist, freie Unterk\u00fcnfte zu finden. Dar\u00fcber hinaus bekommt Ihr umfangreiche digitale Reiseunterlagen, die euch ein hilfreicher Wegleiter sein werden. Und mit der Trail Hotline \u2013 t\u00e4glich von 08:00 bis 20:00 Uhr \u2013 habt ihr eine verl\u00e4ssliche \u201eKummernummer\u201c, wenn mal was Unvorhergesehenes oder ein Malheur passiert. So ist das Backpacker Paket euer ideales Angebot am Salzburger Almenweg, bei dem euch die Trail Angels im Offiziellen Salzburger Almenweg Buchungscenter nur genau dort unterst\u00fctzen, wo es sinnvoll und notwendig ist, ohne dabei euer pures Wandererlebnis einzuschr\u00e4nken. Ideal auch f\u00fcr j\u00fcngere Weitwanderer, deren Reisekassa noch ein wenig schm\u00e4ler ist.<\/p>\n<h2>Leistungen, Termine &amp; Preise<\/h2>\n<ul>\n<li>9 \u00dcbernachtungen in qualit\u00e4tsgepr\u00fcften Partnerbetrieben\n<ul>\n<li style=\"list-style-type: none;\">\n<ul>\n<li>Unterbringung nach Wahl: Basic\/Classic<\/li>\n<li>Verpflegung: Fr\u00fchst\u00fcck<\/li>\n<\/ul>\n<\/li>\n<\/ul>\n<\/li>\n<li>8 ausgew\u00e4hlte Etappen am Salzburger Almenweg\n<ul>\n<li style=\"list-style-type: none;\">\n<\/ul>\n<\/li>\n<li>Shuttle Service w\u00e4hrend der Etappe (falls aufgrund der Lage der Unterkunft notwendig)<\/li>\n<li>Trail Hotline<\/li>\n<li>Erweiterte Reiseunterlagen<\/li>\n<li>Salzburger Almenweg Wanderset (Stirnband, Wanderbrosch\u00fcre &amp; Wandernadel)<\/li>\n<\/ul>\n<p><strong>T\u00e4glich buchbar vom 01. Juni bis zum 30. September 2026<\/strong><\/p>\n<p><strong>ab 1.027,- Euro<\/strong><\/p>\n<div style=\"text-align: left;\"><a style=\"background-color: #69be28; color: #fff; padding: 10px 20px; text-decoration: none; border-radius: 5px; display: inline-block;\" href=\"https:\/\/www.bookyourtrail.com\/trail\/salzburger-almenweg\/packages\/unterkuenfte-am-salzburger-almenweg-fuer-backpacker\" target=\"_blank\" rel=\"noopener\">ZUR BUCHUNG<\/a><\/div>\n<h2><\/h2>\n","protected":false},"excerpt":{"rendered":"<p>ZUR\u00dcCK ZU DEN ANGEBOTEN Backpacker, so werden weltweit die wahren Trekker genannt! Denn ihre Bestimmung und damit auch ihr Wandergl\u00fcck befinden sich am R\u00fccken. Genauer gesagt ist es der gro\u00dfe Rucksack, in dem alles eingepackt ist, was f\u00fcr eine Wanderreise von einem Ort zum n\u00e4chsten, wirklich erforderlich ist. Und an dem Backpacker schon auf den [&hellip;]<\/p>\n","protected":false},"author":111,"featured_media":486460,"comment_status":"closed","ping_status":"closed","sticky":false,"template":"","format":"standard","meta":{"_acf_changed":false,"wl_entities_gutenberg":"","_relevanssi_hide_post":"","_relevanssi_hide_content":"","_relevanssi_pin_for_all":"","_relevanssi_pin_keywords":"","_relevanssi_unpin_keywords":"","_relevanssi_related_keywords":"","_relevanssi_related_include_ids":"","_relevanssi_related_exclude_ids":"","_relevanssi_related_no_append":"","_relevanssi_related_not_related":"","_relevanssi_related_posts":"","_relevanssi_noindex_reason":"","footnotes":""},"categories":[1],"tags":[],"wl_entity_type":[11495],"class_list":["post-674707","post","type-post","status-publish","format-standard","has-post-thumbnail","hentry","category-allgemein","wl_entity_type-article"],"acf":[],"yoast_head":"<!-- This site is optimized with the Yoast SEO Premium plugin v26.9 (Yoast SEO v26.9) - https:\/\/yoast.com\/product\/yoast-seo-premium-wordpress\/ -->\n<title>Salzburger Almenweg f\u00fcr Backpacker \u00bb SalzburgerLand.com<\/title>\n<meta name=\"description\" content=\"%%cf_teasertext%% Das Backpacker-Paket am Salzburger Almenweg bietet pure Wanderfreiheit und flexible Unterst\u00fctzung \u2013 ideal f\u00fcr echte Abenteurer!\" \/>\n<meta name=\"robots\" content=\"index, follow, max-snippet:-1, max-image-preview:large, max-video-preview:-1\" \/>\n<link rel=\"canonical\" href=\"https:\/\/www.salzburgerland.com\/de\/wp-json\/wp\/v2\/posts\/674707\" \/>\n<meta property=\"og:locale\" content=\"de_DE\" \/>\n<meta property=\"og:type\" content=\"article\" \/>\n<meta property=\"og:title\" content=\"Salzburger Almenweg f\u00fcr Backpacker\" \/>\n<meta property=\"og:description\" content=\"Backpacker aufgepasst: Pure Wanderfreiheit am Salzburger Almenweg ab 1.027,- Euro erleben. Das Backpacker-Paket am Salzburger Almenweg bietet pure Wanderfreiheit und flexible Unterst\u00fctzung \u2013 ideal f\u00fcr echte Abenteurer!\" \/>\n<meta property=\"og:url\" content=\"https:\/\/www.salzburgerland.com\/de\/wp-json\/wp\/v2\/posts\/674707\" \/>\n<meta property=\"og:site_name\" content=\"SalzburgerLand.com\" \/>\n<meta property=\"article:publisher\" content=\"https:\/\/www.facebook.com\/salzburgerland\/\" \/>\n<meta property=\"article:published_time\" content=\"2024-12-12T08:03:00+00:00\" \/>\n<meta property=\"article:modified_time\" content=\"2026-04-23T08:50:37+00:00\" \/>\n<meta property=\"og:image\" content=\"https:\/\/www.salzburgerland.com\/de\/wp-content\/uploads\/2020\/08\/slt_grossarltal_almenwanderweg_chrisperkles-88-1200x675.jpg\" \/>\n\t<meta property=\"og:image:width\" content=\"1200\" \/>\n\t<meta property=\"og:image:height\" content=\"675\" \/>\n\t<meta property=\"og:image:type\" content=\"image\/jpeg\" \/>\n<meta name=\"author\" content=\"Hanna Niederf\u00fchr\" \/>\n<meta name=\"twitter:card\" content=\"summary_large_image\" \/>\n<meta name=\"twitter:creator\" content=\"@Salzburgerland\" \/>\n<meta name=\"twitter:site\" content=\"@Salzburgerland\" \/>\n<meta name=\"twitter:label1\" content=\"Verfasst von\" \/>\n\t<meta name=\"twitter:data1\" content=\"Hanna Niederf\u00fchr\" \/>\n\t<meta name=\"twitter:label2\" content=\"Gesch\u00e4tzte Lesezeit\" \/>\n\t<meta name=\"twitter:data2\" content=\"3\u00a0Minuten\" \/>\n<script type=\"application\/ld+json\" class=\"yoast-schema-graph\">{\"@context\":\"https:\/\/schema.org\",\"@graph\":[{\"@type\":\"WebPage\",\"@id\":\"https:\/\/www.salzburgerland.com\/de\/unterkuenfte-am-salzburger-almenweg-fuer-backpacker\/\",\"url\":\"https:\/\/www.salzburgerland.com\/de\/unterkuenfte-am-salzburger-almenweg-fuer-backpacker\/\",\"name\":\"Salzburger Almenweg f\u00fcr Backpacker \u00bb SalzburgerLand.com\",\"isPartOf\":{\"@id\":\"https:\/\/www.salzburgerland.com\/de\/#website\"},\"primaryImageOfPage\":{\"@id\":\"https:\/\/www.salzburgerland.com\/de\/unterkuenfte-am-salzburger-almenweg-fuer-backpacker\/#primaryimage\"},\"image\":{\"@id\":\"https:\/\/www.salzburgerland.com\/de\/unterkuenfte-am-salzburger-almenweg-fuer-backpacker\/#primaryimage\"},\"thumbnailUrl\":\"https:\/\/www.salzburgerland.com\/de\/wp-content\/uploads\/2020\/08\/slt_grossarltal_almenwanderweg_chrisperkles-88-scaled.jpg\",\"datePublished\":\"2024-12-12T08:03:00+00:00\",\"dateModified\":\"2026-04-23T08:50:37+00:00\",\"description\":\"Backpacker aufgepasst: Pure Wanderfreiheit am Salzburger Almenweg ab 1.027,- Euro erleben. Das Backpacker-Paket am Salzburger Almenweg bietet pure Wanderfreiheit und flexible Unterst\u00fctzung \u2013 ideal f\u00fcr echte Abenteurer!\",\"breadcrumb\":{\"@id\":\"https:\/\/www.salzburgerland.com\/de\/unterkuenfte-am-salzburger-almenweg-fuer-backpacker\/#breadcrumb\"},\"inLanguage\":\"de\",\"potentialAction\":[{\"@type\":\"ReadAction\",\"target\":[\"https:\/\/www.salzburgerland.com\/de\/unterkuenfte-am-salzburger-almenweg-fuer-backpacker\/\"]}]},{\"@type\":\"ImageObject\",\"inLanguage\":\"de\",\"@id\":\"https:\/\/www.salzburgerland.com\/de\/unterkuenfte-am-salzburger-almenweg-fuer-backpacker\/#primaryimage\",\"url\":\"https:\/\/www.salzburgerland.com\/de\/wp-content\/uploads\/2020\/08\/slt_grossarltal_almenwanderweg_chrisperkles-88-scaled.jpg\",\"contentUrl\":\"https:\/\/www.salzburgerland.com\/de\/wp-content\/uploads\/2020\/08\/slt_grossarltal_almenwanderweg_chrisperkles-88-scaled.jpg\",\"width\":1920,\"height\":1280,\"caption\":\"Zwei Personen mit Rucks\u00e4cken wandern auf einem Bergpfad, umgeben von Wildblumen, unter einem bew\u00f6lkten Himmel.\"},{\"@type\":\"BreadcrumbList\",\"@id\":\"https:\/\/www.salzburgerland.com\/de\/unterkuenfte-am-salzburger-almenweg-fuer-backpacker\/#breadcrumb\",\"itemListElement\":[{\"@type\":\"ListItem\",\"position\":1,\"name\":\"Buchbares Weitwandererlebnis\",\"item\":\"https:\/\/www.salzburgerland.com\/de\/buchbares-weitwandererlebnis\/\"},{\"@type\":\"ListItem\",\"position\":2,\"name\":\"Salzburger Almenweg f\u00fcr Backpacker\"}]},{\"@type\":\"WebSite\",\"@id\":\"https:\/\/www.salzburgerland.com\/de\/#website\",\"url\":\"https:\/\/www.salzburgerland.com\/de\/\",\"name\":\"SalzburgerLand.com\",\"description\":\"Ihr Urlaub in Salzburg, \u00d6sterreich\",\"publisher\":{\"@id\":\"https:\/\/www.salzburgerland.com\/de\/#organization\"},\"potentialAction\":[{\"@type\":\"SearchAction\",\"target\":{\"@type\":\"EntryPoint\",\"urlTemplate\":\"https:\/\/www.salzburgerland.com\/de\/?s={search_term_string}\"},\"query-input\":{\"@type\":\"PropertyValueSpecification\",\"valueRequired\":true,\"valueName\":\"search_term_string\"}}],\"inLanguage\":\"de\"},{\"@type\":\"Organization\",\"@id\":\"https:\/\/www.salzburgerland.com\/de\/#organization\",\"name\":\"SalzburgerLand Tourismus GmbH\",\"url\":\"https:\/\/www.salzburgerland.com\/de\/\",\"logo\":{\"@type\":\"ImageObject\",\"inLanguage\":\"de\",\"@id\":\"https:\/\/www.salzburgerland.com\/de\/#\/schema\/logo\/image\/\",\"url\":\"https:\/\/www.salzburgerland.com\/de\/wp-content\/uploads\/2017\/01\/salzburgerland-logo.jpg\",\"contentUrl\":\"https:\/\/www.salzburgerland.com\/de\/wp-content\/uploads\/2017\/01\/salzburgerland-logo.jpg\",\"width\":1920,\"height\":827,\"caption\":\"SalzburgerLand Tourismus GmbH\"},\"image\":{\"@id\":\"https:\/\/www.salzburgerland.com\/de\/#\/schema\/logo\/image\/\"},\"sameAs\":[\"https:\/\/www.facebook.com\/salzburgerland\/\",\"https:\/\/x.com\/Salzburgerland\",\"https:\/\/www.instagram.com\/salzburgerland\/\",\"http:\/\/dbpedia.org\/resource\/Salzburg_(state)\",\"http:\/\/wikidata.dbpedia.org\/resource\/Q43325\",\"http:\/\/open.salzburgerland.com\/de\/entity\/salzburgerland\",\"https:\/\/www.youtube.com\/user\/salzburgerland\"]},{\"@type\":\"Person\",\"@id\":\"https:\/\/www.salzburgerland.com\/de\/#\/schema\/person\/6c03c1dca5bbe4954bd0f3998924f1aa\",\"name\":\"Hanna Niederf\u00fchr\",\"image\":{\"@type\":\"ImageObject\",\"inLanguage\":\"de\",\"@id\":\"https:\/\/www.salzburgerland.com\/de\/#\/schema\/person\/image\/\",\"url\":\"https:\/\/secure.gravatar.com\/avatar\/467857105353194ee4eabc93d37c8875daf267e64293abb3ac853f24e82b95b8?s=96&d=mm&r=g\",\"contentUrl\":\"https:\/\/secure.gravatar.com\/avatar\/467857105353194ee4eabc93d37c8875daf267e64293abb3ac853f24e82b95b8?s=96&d=mm&r=g\",\"caption\":\"Hanna Niederf\u00fchr\"}}]}<\/script>\n<!-- \/ Yoast SEO Premium plugin. -->","yoast_head_json":{"title":"Salzburger Almenweg f\u00fcr Backpacker \u00bb SalzburgerLand.com","description":"%%cf_teasertext%% Das Backpacker-Paket am Salzburger Almenweg bietet pure Wanderfreiheit und flexible Unterst\u00fctzung \u2013 ideal f\u00fcr echte Abenteurer!","robots":{"index":"index","follow":"follow","max-snippet":"max-snippet:-1","max-image-preview":"max-image-preview:large","max-video-preview":"max-video-preview:-1"},"canonical":"https:\/\/www.salzburgerland.com\/de\/wp-json\/wp\/v2\/posts\/674707","og_locale":"de_DE","og_type":"article","og_title":"Salzburger Almenweg f\u00fcr Backpacker","og_description":"Backpacker aufgepasst: Pure Wanderfreiheit am Salzburger Almenweg ab 1.027,- Euro erleben. Das Backpacker-Paket am Salzburger Almenweg bietet pure Wanderfreiheit und flexible Unterst\u00fctzung \u2013 ideal f\u00fcr echte Abenteurer!","og_url":"https:\/\/www.salzburgerland.com\/de\/wp-json\/wp\/v2\/posts\/674707","og_site_name":"SalzburgerLand.com","article_publisher":"https:\/\/www.facebook.com\/salzburgerland\/","article_published_time":"2024-12-12T08:03:00+00:00","article_modified_time":"2026-04-23T08:50:37+00:00","og_image":[{"width":1200,"height":675,"url":"https:\/\/www.salzburgerland.com\/de\/wp-content\/uploads\/2020\/08\/slt_grossarltal_almenwanderweg_chrisperkles-88-1200x675.jpg","type":"image\/jpeg"}],"author":"Hanna Niederf\u00fchr","twitter_card":"summary_large_image","twitter_creator":"@Salzburgerland","twitter_site":"@Salzburgerland","twitter_misc":{"Verfasst von":"Hanna Niederf\u00fchr","Gesch\u00e4tzte Lesezeit":"3\u00a0Minuten"},"schema":{"@context":"https:\/\/schema.org","@graph":[{"@type":"WebPage","@id":"https:\/\/www.salzburgerland.com\/de\/unterkuenfte-am-salzburger-almenweg-fuer-backpacker\/","url":"https:\/\/www.salzburgerland.com\/de\/unterkuenfte-am-salzburger-almenweg-fuer-backpacker\/","name":"Salzburger Almenweg f\u00fcr Backpacker \u00bb SalzburgerLand.com","isPartOf":{"@id":"https:\/\/www.salzburgerland.com\/de\/#website"},"primaryImageOfPage":{"@id":"https:\/\/www.salzburgerland.com\/de\/unterkuenfte-am-salzburger-almenweg-fuer-backpacker\/#primaryimage"},"image":{"@id":"https:\/\/www.salzburgerland.com\/de\/unterkuenfte-am-salzburger-almenweg-fuer-backpacker\/#primaryimage"},"thumbnailUrl":"https:\/\/www.salzburgerland.com\/de\/wp-content\/uploads\/2020\/08\/slt_grossarltal_almenwanderweg_chrisperkles-88-scaled.jpg","datePublished":"2024-12-12T08:03:00+00:00","dateModified":"2026-04-23T08:50:37+00:00","description":"Backpacker aufgepasst: Pure Wanderfreiheit am Salzburger Almenweg ab 1.027,- Euro erleben. Das Backpacker-Paket am Salzburger Almenweg bietet pure Wanderfreiheit und flexible Unterst\u00fctzung \u2013 ideal f\u00fcr echte Abenteurer!","breadcrumb":{"@id":"https:\/\/www.salzburgerland.com\/de\/unterkuenfte-am-salzburger-almenweg-fuer-backpacker\/#breadcrumb"},"inLanguage":"de","potentialAction":[{"@type":"ReadAction","target":["https:\/\/www.salzburgerland.com\/de\/unterkuenfte-am-salzburger-almenweg-fuer-backpacker\/"]}]},{"@type":"ImageObject","inLanguage":"de","@id":"https:\/\/www.salzburgerland.com\/de\/unterkuenfte-am-salzburger-almenweg-fuer-backpacker\/#primaryimage","url":"https:\/\/www.salzburgerland.com\/de\/wp-content\/uploads\/2020\/08\/slt_grossarltal_almenwanderweg_chrisperkles-88-scaled.jpg","contentUrl":"https:\/\/www.salzburgerland.com\/de\/wp-content\/uploads\/2020\/08\/slt_grossarltal_almenwanderweg_chrisperkles-88-scaled.jpg","width":1920,"height":1280,"caption":"Zwei Personen mit Rucks\u00e4cken wandern auf einem Bergpfad, umgeben von Wildblumen, unter einem bew\u00f6lkten Himmel."},{"@type":"BreadcrumbList","@id":"https:\/\/www.salzburgerland.com\/de\/unterkuenfte-am-salzburger-almenweg-fuer-backpacker\/#breadcrumb","itemListElement":[{"@type":"ListItem","position":1,"name":"Buchbares Weitwandererlebnis","item":"https:\/\/www.salzburgerland.com\/de\/buchbares-weitwandererlebnis\/"},{"@type":"ListItem","position":2,"name":"Salzburger Almenweg f\u00fcr Backpacker"}]},{"@type":"WebSite","@id":"https:\/\/www.salzburgerland.com\/de\/#website","url":"https:\/\/www.salzburgerland.com\/de\/","name":"SalzburgerLand.com","description":"Ihr Urlaub in Salzburg, \u00d6sterreich","publisher":{"@id":"https:\/\/www.salzburgerland.com\/de\/#organization"},"potentialAction":[{"@type":"SearchAction","target":{"@type":"EntryPoint","urlTemplate":"https:\/\/www.salzburgerland.com\/de\/?s={search_term_string}"},"query-input":{"@type":"PropertyValueSpecification","valueRequired":true,"valueName":"search_term_string"}}],"inLanguage":"de"},{"@type":"Organization","@id":"https:\/\/www.salzburgerland.com\/de\/#organization","name":"SalzburgerLand Tourismus GmbH","url":"https:\/\/www.salzburgerland.com\/de\/","logo":{"@type":"ImageObject","inLanguage":"de","@id":"https:\/\/www.salzburgerland.com\/de\/#\/schema\/logo\/image\/","url":"https:\/\/www.salzburgerland.com\/de\/wp-content\/uploads\/2017\/01\/salzburgerland-logo.jpg","contentUrl":"https:\/\/www.salzburgerland.com\/de\/wp-content\/uploads\/2017\/01\/salzburgerland-logo.jpg","width":1920,"height":827,"caption":"SalzburgerLand Tourismus GmbH"},"image":{"@id":"https:\/\/www.salzburgerland.com\/de\/#\/schema\/logo\/image\/"},"sameAs":["https:\/\/www.facebook.com\/salzburgerland\/","https:\/\/x.com\/Salzburgerland","https:\/\/www.instagram.com\/salzburgerland\/","http:\/\/dbpedia.org\/resource\/Salzburg_(state)","http:\/\/wikidata.dbpedia.org\/resource\/Q43325","http:\/\/open.salzburgerland.com\/de\/entity\/salzburgerland","https:\/\/www.youtube.com\/user\/salzburgerland"]},{"@type":"Person","@id":"https:\/\/www.salzburgerland.com\/de\/#\/schema\/person\/6c03c1dca5bbe4954bd0f3998924f1aa","name":"Hanna Niederf\u00fchr","image":{"@type":"ImageObject","inLanguage":"de","@id":"https:\/\/www.salzburgerland.com\/de\/#\/schema\/person\/image\/","url":"https:\/\/secure.gravatar.com\/avatar\/467857105353194ee4eabc93d37c8875daf267e64293abb3ac853f24e82b95b8?s=96&d=mm&r=g","contentUrl":"https:\/\/secure.gravatar.com\/avatar\/467857105353194ee4eabc93d37c8875daf267e64293abb3ac853f24e82b95b8?s=96&d=mm&r=g","caption":"Hanna Niederf\u00fchr"}}]}},"_wl_alt_label":[],"wl:entity_url":"http:\/\/open.salzburgerland.com\/de\/post\/unterkuenfte-am-salzburger-almenweg-fuer-backpacker-674707","_links":{"self":[{"href":"https:\/\/www.salzburgerland.com\/de\/wp-json\/wp\/v2\/posts\/674707","targetHints":{"allow":["GET"]}}],"collection":[{"href":"https:\/\/www.salzburgerland.com\/de\/wp-json\/wp\/v2\/posts"}],"about":[{"href":"https:\/\/www.salzburgerland.com\/de\/wp-json\/wp\/v2\/types\/post"}],"author":[{"embeddable":true,"href":"https:\/\/www.salzburgerland.com\/de\/wp-json\/wp\/v2\/users\/111"}],"replies":[{"embeddable":true,"href":"https:\/\/www.salzburgerland.com\/de\/wp-json\/wp\/v2\/comments?post=674707"}],"version-history":[{"count":8,"href":"https:\/\/www.salzburgerland.com\/de\/wp-json\/wp\/v2\/posts\/674707\/revisions"}],"predecessor-version":[{"id":682318,"href":"https:\/\/www.salzburgerland.com\/de\/wp-json\/wp\/v2\/posts\/674707\/revisions\/682318"}],"wp:featuredmedia":[{"embeddable":true,"href":"https:\/\/www.salzburgerland.com\/de\/wp-json\/wp\/v2\/media\/486460"}],"wp:attachment":[{"href":"https:\/\/www.salzburgerland.com\/de\/wp-json\/wp\/v2\/media?parent=674707"}],"wp:term":[{"taxonomy":"category","embeddable":true,"href":"https:\/\/www.salzburgerland.com\/de\/wp-json\/wp\/v2\/categories?post=674707"},{"taxonomy":"post_tag","embeddable":true,"href":"https:\/\/www.salzburgerland.com\/de\/wp-json\/wp\/v2\/tags?post=674707"},{"taxonomy":"wl_entity_type","embeddable":true,"href":"https:\/\/www.salzburgerland.com\/de\/wp-json\/wp\/v2\/wl_entity_type?post=674707"}],"curies":[{"name":"wp","href":"https:\/\/api.w.org\/{rel}","templated":true}]}}