{"id":673352,"date":"2024-09-13T11:41:48","date_gmt":"2024-09-13T09:41:48","guid":{"rendered":"https:\/\/www.salzburgerland.com\/de\/?p=673352"},"modified":"2026-04-16T10:25:17","modified_gmt":"2026-04-16T08:25:17","slug":"almliesl","status":"publish","type":"post","link":"https:\/\/www.salzburgerland.com\/de\/almliesl\/","title":{"rendered":"Almliesl"},"content":{"rendered":"<h3>Almliesl H\u00fcttenurlaub \u2013 <strong>Wir haben die H\u00fctten &amp; Chalets, die jeder will, aber keiner findet!<\/strong><\/h3>\n<p>Wer auf der Suche nach authentischem Bergurlaub ist, findet bei <a href=\"https:\/\/www.almliesl.com\/de\/\" target=\"_blank\" rel=\"noopener\">Almliesl<\/a> rustikale Selbstversorgerh\u00fctten, die mitten in der Natur und fernab des allt\u00e4glichen Trubels liegen und somit pure Entspannung und Entschleunigung bieten. Ob im Sommer als Wanderurlaub oder im Winter neben der Skipiste, bucht euch euren urigen, echten und Natur pur H\u00fcttenurlaub \u2013 eine andere Art von Luxus.Die einzigartige Urlaubsh\u00fctte wird einfach <strong>zum Bestpreis<\/strong>\u00a0online gebucht, oder aber mittels einer ausf\u00fchrlichen, professionellen Beratung durch das erfahrene Almliesl-Team. Dein ganz pers\u00f6nliches Urlaubszuhause wartet auf <u><a href=\"http:\/\/www.almliesl.com\/\" target=\"_blank\" rel=\"noopener\" data-auth=\"NotApplicable\">www.almliesl.com<\/a><\/u>.<\/p>\n<p>Authentizit\u00e4t ist auch bei den bewirtschafteten Almh\u00fctten mit \u00dcbernachtungsm\u00f6glichkeit zu finden, denn die Almliesl H\u00fcttenwirte empfangen ihre G\u00e4ste mit einem herzlichen \u201eServus\u201c und lassen sie in das urtypische Leben in den Bergen eintauchen.<\/p>\n<h3>Dein Almliesl Almerlebnis<\/h3>\n<p>Die Entscheidung f\u00fcr die perfekte Urlaubsh\u00fctte oder das sch\u00f6nste Landhaus kann beim einmaligen Almliesl Urlaubsprogramm auch mal schwerfallen. Deshalb erleichtern euch die <strong>UrlaubsTHEMEN <\/strong>die Suche:\u00a0<span><a href=\"https:\/\/www.almliesl.com\/de\/themen\/\" target=\"_blank\" rel=\"noopener\">Almliesl Urlaubsthemen<\/a><\/span><\/p>\n<h3><strong>Echt g\u2019scheit! Jetzt an Sommerurlaub denken!<\/strong><\/h3>\n<p>Es ist nicht nur am sch\u00f6nsten, sondern auch besonders naheliegend den Sommerurlaub, umgeben von klarer H\u00f6henluft, erfrischenden Bergseen und saftigen Almwiesen, zu verbringen.<br>\nDer Trend zum nachhaltigen Urlaub r\u00fcckt, neben den Themen zur Achtsamkeit und dem Schutz des Klimas, bereits seit einigen Jahren zunehmend in den Fokus. Zur\u00fcck zu den Wurzeln lautet hier das Motto und weist unter anderem auf den authentischen Urlaub <u><a href=\"https:\/\/www.almliesl.com\/de\/huetten-ferienhaeuser\/\" target=\"_blank\" rel=\"noopener\" data-auth=\"NotApplicable\">Almliesl\u2019s Almh\u00fctten, Bergchalets &amp; Landh\u00e4user<\/a><\/u>\u00a0hin.<\/p>\n<p>Abseits vom Trubel und \u00fcberteuerten Hotels, w\u00e4chst hier das Bewusstsein f\u00fcr die echte Auszeit.<\/p>\n<p>Schaut rein unter <u><a href=\"https:\/\/www.almliesl.com\/de\/\" target=\"_blank\" rel=\"noopener\" data-auth=\"NotApplicable\">www.almliesl.com<\/a><\/u>!<\/p>\n\n\t\t\t<div id=\"673352-1\" class=\"gallery gallery-673352 gallery-columns-3 gallery-size-1170_658\" itemscope itemtype=\"http:\/\/schema.org\/ImageGallery\">\n\t\t\t\t<ul class=\"gallery-row gallery-col-3 gallery-clear\">\n\t\t\t\t\t<li class=\"gallery-item col-3\" itemprop=\"associatedMedia\" itemscope itemtype=\"http:\/\/schema.org\/ImageObject\">\n\t\t\t\t\t\t<div class=\"gallery-icon landscape\"><a href=\"https:\/\/www.salzburgerland.com\/de\/wp-content\/uploads\/2025\/03\/c-salzburgerland-tourismus-chrisperkles-1-1600x1067.jpg\" title=\"Gro\u00dfarl Almenweg\"><img decoding=\"async\" data-title=\"\u00a9 SalzburgerLand Tourismus, Chris Perkles, Gro\u00dfarl Almenweg\" title=\"\u00a9 SalzburgerLand Tourismus, Chris Perkles, Gro\u00dfarl Almenweg\" data-caption=\"\u00a9 SalzburgerLand Tourismus, Chris Perkles, Gro\u00dfarl Almenweg\" width=\"1170\" height=\"658\" src=\"https:\/\/www.salzburgerland.com\/de\/wp-content\/uploads\/2025\/03\/c-salzburgerland-tourismus-chrisperkles-1-1170x658.jpg\" class=\"attachment-1170_658 size-1170_658\" alt=\"Ein Gebirgssee mit blauem Himmel, umgeben von gr\u00fcnen H\u00fcgeln und Almliesl, die in voller Bl\u00fcte stehen. (vergr\u00f6\u00dferte Ansicht)\" srcset=\"https:\/\/www.salzburgerland.com\/de\/wp-content\/uploads\/2025\/03\/c-salzburgerland-tourismus-chrisperkles-1-1170x658.jpg 1170w, https:\/\/www.salzburgerland.com\/de\/wp-content\/uploads\/2025\/03\/c-salzburgerland-tourismus-chrisperkles-1-1200x675.jpg 1200w\" sizes=\"(max-width: 1170px) 100vw, 1170px\" aria-describedby=\"figcaption-673352-676696\" itemprop=\"thumbnail\"><\/a><\/div>\n\t\t\t\t\t\t<span id=\"figcaption-673352-676696\" class=\"gallery-caption\" itemprop=\"caption\"><span aria-hidden=\"true\">\u00a9 SalzburgerLand Tourismus, Chris Perkles, Gro\u00dfarl Almenweg<\/span><\/span>\n\t\t\t\t\t<\/li>\n\t\t\t\t\t<li class=\"gallery-item col-3\" itemprop=\"associatedMedia\" itemscope itemtype=\"http:\/\/schema.org\/ImageObject\">\n\t\t\t\t\t\t<div class=\"gallery-icon landscape\"><a href=\"https:\/\/www.salzburgerland.com\/de\/wp-content\/uploads\/2025\/03\/salzburgerland-tourismus-salzburger-saalachtal-christoph-oberschneider-1600x1067.jpg\" title=\"Wanderdamen\"><img decoding=\"async\" data-title=\"\u00a9 SalzburgerLand Tourismus, Christoph Oberschneider, Wanderdamen\" title=\"\u00a9 SalzburgerLand Tourismus, Christoph Oberschneider, Wanderdamen\" data-caption=\"\u00a9 SalzburgerLand Tourismus, Christoph Oberschneider, Wanderdamen\" width=\"1170\" height=\"658\" src=\"https:\/\/www.salzburgerland.com\/de\/wp-content\/uploads\/2025\/03\/salzburgerland-tourismus-salzburger-saalachtal-christoph-oberschneider-1170x658.jpg\" class=\"attachment-1170_658 size-1170_658\" alt=\"zwei junge Frauen beim Wandern, im Hintergrund Almh\u00fctte und K\u00fche (vergr\u00f6\u00dferte Ansicht)\" srcset=\"https:\/\/www.salzburgerland.com\/de\/wp-content\/uploads\/2025\/03\/salzburgerland-tourismus-salzburger-saalachtal-christoph-oberschneider-1170x658.jpg 1170w, https:\/\/www.salzburgerland.com\/de\/wp-content\/uploads\/2025\/03\/salzburgerland-tourismus-salzburger-saalachtal-christoph-oberschneider-1200x675.jpg 1200w\" sizes=\"(max-width: 1170px) 100vw, 1170px\" aria-describedby=\"figcaption-673352-676694\" itemprop=\"thumbnail\"><\/a><\/div>\n\t\t\t\t\t\t<span id=\"figcaption-673352-676694\" class=\"gallery-caption\" itemprop=\"caption\"><span aria-hidden=\"true\">\u00a9 SalzburgerLand Tourismus, Christoph Oberschneider, Wanderdamen<\/span><\/span>\n\t\t\t\t\t<\/li>\n\t\t\t\t\t<li class=\"gallery-item col-3\" itemprop=\"associatedMedia\" itemscope itemtype=\"http:\/\/schema.org\/ImageObject\">\n\t\t\t\t\t\t<div class=\"gallery-icon landscape\"><a href=\"https:\/\/www.salzburgerland.com\/de\/wp-content\/uploads\/2025\/03\/raur-711-2-1599x1067.jpg\" title=\"RAUR-711 (2)\"><img decoding=\"async\" data-title=\"\" title=\"\" data-caption=\"\" width=\"1170\" height=\"658\" src=\"https:\/\/www.salzburgerland.com\/de\/wp-content\/uploads\/2025\/03\/raur-711-2-1170x658.jpg\" class=\"attachment-1170_658 size-1170_658\" alt=\"Almh\u00fctte aus Stein und Holz mit Brunnentrog im Vordergrund (vergr\u00f6\u00dferte Ansicht)\" srcset=\"https:\/\/www.salzburgerland.com\/de\/wp-content\/uploads\/2025\/03\/raur-711-2-1170x658.jpg 1170w, https:\/\/www.salzburgerland.com\/de\/wp-content\/uploads\/2025\/03\/raur-711-2-1200x675.jpg 1200w\" sizes=\"(max-width: 1170px) 100vw, 1170px\" itemprop=\"thumbnail\"><\/a><\/div>\n\t\t\t\t\t<\/li>\n\t\t\t\t<\/ul>\n\t\t\t<\/div><!-- .gallery -->\n\n\n\t\t\t<div id=\"673352-2\" class=\"gallery gallery-673352 gallery-columns-3 gallery-size-1170_658\" itemscope itemtype=\"http:\/\/schema.org\/ImageGallery\">\n\t\t\t\t<ul class=\"gallery-row gallery-col-3 gallery-clear\">\n\t\t\t\t\t<li class=\"gallery-item col-3\" itemprop=\"associatedMedia\" itemscope itemtype=\"http:\/\/schema.org\/ImageObject\">\n\t\t\t\t\t\t<div class=\"gallery-icon landscape\"><a href=\"https:\/\/www.salzburgerland.com\/de\/wp-content\/uploads\/2025\/03\/hot-pot-gross-1379x1067.jpg\" title=\"Hot-pot-gross\"><img decoding=\"async\" data-title=\"Hot Pot\" title=\"Hot Pot\" data-caption=\"Hot Pot\" width=\"1170\" height=\"658\" src=\"https:\/\/www.salzburgerland.com\/de\/wp-content\/uploads\/2025\/03\/hot-pot-gross-1170x658.jpg\" class=\"attachment-1170_658 size-1170_658\" alt=\"Frau im Hot Pot vor Bergpanorama (vergr\u00f6\u00dferte Ansicht)\" srcset=\"https:\/\/www.salzburgerland.com\/de\/wp-content\/uploads\/2025\/03\/hot-pot-gross-1170x658.jpg 1170w, https:\/\/www.salzburgerland.com\/de\/wp-content\/uploads\/2025\/03\/hot-pot-gross-1200x675.jpg 1200w\" sizes=\"(max-width: 1170px) 100vw, 1170px\" aria-describedby=\"figcaption-673352-676698\" itemprop=\"thumbnail\"><\/a><\/div>\n\t\t\t\t\t\t<span id=\"figcaption-673352-676698\" class=\"gallery-caption\" itemprop=\"caption\"><span aria-hidden=\"true\">Hot Pot<\/span><\/span>\n\t\t\t\t\t<\/li>\n\t\t\t\t\t<li class=\"gallery-item col-3\" itemprop=\"associatedMedia\" itemscope itemtype=\"http:\/\/schema.org\/ImageObject\">\n\t\t\t\t\t\t<div class=\"gallery-icon landscape\"><a href=\"https:\/\/www.salzburgerland.com\/de\/wp-content\/uploads\/2025\/03\/almliesl_1420-min-1600x1067.jpg\" title=\"Almliesl_1420-min\"><img decoding=\"async\" data-title=\"\" title=\"\" data-caption=\"\" width=\"1170\" height=\"658\" src=\"https:\/\/www.salzburgerland.com\/de\/wp-content\/uploads\/2025\/03\/almliesl_1420-min-1170x658.jpg\" class=\"attachment-1170_658 size-1170_658\" alt=\"Frau schaut durch Fenster in eine Almh\u00fctte hinein (vergr\u00f6\u00dferte Ansicht)\" srcset=\"https:\/\/www.salzburgerland.com\/de\/wp-content\/uploads\/2025\/03\/almliesl_1420-min-1170x658.jpg 1170w, https:\/\/www.salzburgerland.com\/de\/wp-content\/uploads\/2025\/03\/almliesl_1420-min-1200x675.jpg 1200w\" sizes=\"(max-width: 1170px) 100vw, 1170px\" itemprop=\"thumbnail\"><\/a><\/div>\n\t\t\t\t\t<\/li>\n\t\t\t\t\t<li class=\"gallery-item col-3\" itemprop=\"associatedMedia\" itemscope itemtype=\"http:\/\/schema.org\/ImageObject\">\n\t\t\t\t\t\t<div class=\"gallery-icon landscape\"><a href=\"https:\/\/www.salzburgerland.com\/de\/wp-content\/uploads\/2025\/03\/zell-650-21-1423x1067.jpg\" title=\"ZELL-650 (21)\"><img decoding=\"async\" data-title=\"Almliesl H\u00fctte Zell am See\" title=\"Almliesl H\u00fctte Zell am See\" data-caption=\"Almliesl H\u00fctte Zell am See\" width=\"1170\" height=\"658\" src=\"https:\/\/www.salzburgerland.com\/de\/wp-content\/uploads\/2025\/03\/zell-650-21-1170x658.jpg\" class=\"attachment-1170_658 size-1170_658\" alt=\"Almliesl H\u00fctte mit gelben Sonnenschirm im Vordergrund (vergr\u00f6\u00dferte Ansicht)\" srcset=\"https:\/\/www.salzburgerland.com\/de\/wp-content\/uploads\/2025\/03\/zell-650-21-1170x658.jpg 1170w, https:\/\/www.salzburgerland.com\/de\/wp-content\/uploads\/2025\/03\/zell-650-21-1200x675.jpg 1200w\" sizes=\"(max-width: 1170px) 100vw, 1170px\" aria-describedby=\"figcaption-673352-676695\" itemprop=\"thumbnail\"><\/a><\/div>\n\t\t\t\t\t\t<span id=\"figcaption-673352-676695\" class=\"gallery-caption\" itemprop=\"caption\"><span aria-hidden=\"true\">Almliesl H\u00fctte Zell am See<\/span><\/span>\n\t\t\t\t\t<\/li>\n\t\t\t\t<\/ul>\n\t\t\t\t<ul class=\"gallery-row gallery-col-3 gallery-clear\">\n\t\t\t\t\t<li class=\"gallery-item col-3\" itemprop=\"associatedMedia\" itemscope itemtype=\"http:\/\/schema.org\/ImageObject\">\n\t\t\t\t\t\t<div class=\"gallery-icon landscape\"><a href=\"https:\/\/www.salzburgerland.com\/de\/wp-content\/uploads\/2025\/03\/kissenschlacht-1607x1067.jpg\" title=\"Kissenschlacht\"><img decoding=\"async\" data-title=\"\" title=\"\" data-caption=\"\" width=\"1170\" height=\"658\" src=\"https:\/\/www.salzburgerland.com\/de\/wp-content\/uploads\/2025\/03\/kissenschlacht-1170x658.jpg\" class=\"attachment-1170_658 size-1170_658\" alt=\"Kisenschlacht von Kindern (vergr\u00f6\u00dferte Ansicht)\" srcset=\"https:\/\/www.salzburgerland.com\/de\/wp-content\/uploads\/2025\/03\/kissenschlacht-1170x658.jpg 1170w, https:\/\/www.salzburgerland.com\/de\/wp-content\/uploads\/2025\/03\/kissenschlacht-1200x675.jpg 1200w\" sizes=\"(max-width: 1170px) 100vw, 1170px\" itemprop=\"thumbnail\"><\/a><\/div>\n\t\t\t\t\t<\/li>\n\t\t\t\t\t<li class=\"gallery-item col-3\" itemprop=\"associatedMedia\" itemscope itemtype=\"http:\/\/schema.org\/ImageObject\">\n\t\t\t\t\t\t<div class=\"gallery-icon landscape\"><a href=\"https:\/\/www.salzburgerland.com\/de\/wp-content\/uploads\/2025\/03\/leog-494-20-1598x1067.jpg\" title=\"Schm\u00f6llalm, Spielberg\"><img decoding=\"async\" data-title=\"\" title=\"\" data-caption=\"\" width=\"1170\" height=\"658\" src=\"https:\/\/www.salzburgerland.com\/de\/wp-content\/uploads\/2025\/03\/leog-494-20-1170x658.jpg\" class=\"attachment-1170_658 size-1170_658\" alt=\"Almh\u00fctte, Almlieslh\u00fctte (vergr\u00f6\u00dferte Ansicht)\" srcset=\"https:\/\/www.salzburgerland.com\/de\/wp-content\/uploads\/2025\/03\/leog-494-20-1170x658.jpg 1170w, https:\/\/www.salzburgerland.com\/de\/wp-content\/uploads\/2025\/03\/leog-494-20-1200x675.jpg 1200w\" sizes=\"(max-width: 1170px) 100vw, 1170px\" itemprop=\"thumbnail\"><\/a><\/div>\n\t\t\t\t\t<\/li>\n\t\t\t\t\t<li class=\"gallery-item col-3\" itemprop=\"associatedMedia\" itemscope itemtype=\"http:\/\/schema.org\/ImageObject\">\n\t\t\t\t\t\t<div class=\"gallery-icon landscape\"><a href=\"https:\/\/www.salzburgerland.com\/de\/wp-content\/uploads\/2025\/03\/heil-587-21-1423x1067.jpg\" title=\"HEIL-587 (21)\"><img decoding=\"async\" data-title=\"\" title=\"\" data-caption=\"\" width=\"1170\" height=\"658\" src=\"https:\/\/www.salzburgerland.com\/de\/wp-content\/uploads\/2025\/03\/heil-587-21-1170x658.jpg\" class=\"attachment-1170_658 size-1170_658\" alt=\"Almh\u00fctte aus Holz vor Bergpanorama (vergr\u00f6\u00dferte Ansicht)\" srcset=\"https:\/\/www.salzburgerland.com\/de\/wp-content\/uploads\/2025\/03\/heil-587-21-1170x658.jpg 1170w, https:\/\/www.salzburgerland.com\/de\/wp-content\/uploads\/2025\/03\/heil-587-21-1200x675.jpg 1200w\" sizes=\"(max-width: 1170px) 100vw, 1170px\" itemprop=\"thumbnail\"><\/a><\/div>\n\t\t\t\t\t<\/li>\n\t\t\t\t<\/ul>\n\t\t\t<\/div><!-- .gallery -->\n\n<h3><span>Mit Teekanne euren Almsommer-Urlaub gewinnen<\/span><\/h3>\n<p>Gemeinsam mit Teekanne verlosen wir drei unvergessliche H\u00fcttenaufenthalte inmitten der \u00f6sterreichischen Alpen. Ob urig-gem\u00fctlich oder sonnig-alpin \u2013 jede H\u00fctte erz\u00e4hlt ihre eigene Geschichte und l\u00e4dt euch ein, die Seele baumeln zu lassen. <span>Stellt euch vor, ihr \u00f6ffnet am Morgen die H\u00fcttent\u00fcr, atmet klare Bergluft und seht, wie die Sonne \u00fcber die Gipfel klettert. Der Duft einer frisch aufgebr\u00fchten Teekanne liegt in der Luft \u2013 und alles ist ganz still. Nur ihr, die Natur und das Gef\u00fchl von echter Auszeit.<\/span><\/p>\n<p><a href=\"https:\/\/www.salzburgerland.com\/de\/almgaudi-gipfelstuermer-gewinnspiel\/\">Macht mit beim Gewinnspiel<\/a>\u00a0und erlebt, wie sich Teekanne-Momente in einer Almliesl-H\u00fctte oder in der Natur davor anf\u00fchlen. <strong>3 N\u00e4chte in einer dieser drei H\u00fctten k\u00f6nnt ihr gewinnen:<\/strong><\/p>\n","protected":false},"excerpt":{"rendered":"<p>Almliesl H\u00fcttenurlaub \u2013 Wir haben die H\u00fctten &amp; Chalets, die jeder will, aber keiner findet! Wer auf der Suche nach authentischem Bergurlaub ist, findet bei Almliesl rustikale Selbstversorgerh\u00fctten, die mitten in der Natur und fernab des allt\u00e4glichen Trubels liegen und somit pure Entspannung und Entschleunigung bieten. Ob im Sommer als Wanderurlaub oder im Winter neben [&hellip;]<\/p>\n","protected":false},"author":50,"featured_media":673377,"comment_status":"closed","ping_status":"closed","sticky":false,"template":"","format":"standard","meta":{"_acf_changed":false,"wl_entities_gutenberg":"","_relevanssi_hide_post":"","_relevanssi_hide_content":"","_relevanssi_pin_for_all":"","_relevanssi_pin_keywords":"","_relevanssi_unpin_keywords":"","_relevanssi_related_keywords":"","_relevanssi_related_include_ids":"","_relevanssi_related_exclude_ids":"","_relevanssi_related_no_append":"","_relevanssi_related_not_related":"","_relevanssi_related_posts":"","_relevanssi_noindex_reason":"","footnotes":""},"categories":[1],"tags":[],"wl_entity_type":[11495],"class_list":["post-673352","post","type-post","status-publish","format-standard","has-post-thumbnail","hentry","category-allgemein","wl_entity_type-article"],"acf":[],"yoast_head":"<!-- This site is optimized with the Yoast SEO Premium plugin v26.9 (Yoast SEO v26.9) - https:\/\/yoast.com\/product\/yoast-seo-premium-wordpress\/ -->\n<title>Almliesl \u00bb SalzburgerLand.com<\/title>\n<meta name=\"robots\" content=\"index, follow, max-snippet:-1, max-image-preview:large, max-video-preview:-1\" \/>\n<link rel=\"canonical\" href=\"https:\/\/www.salzburgerland.com\/de\/wp-json\/wp\/v2\/posts\/673352\" \/>\n<meta property=\"og:locale\" content=\"de_DE\" \/>\n<meta property=\"og:type\" content=\"article\" \/>\n<meta property=\"og:title\" content=\"Almliesl\" \/>\n<meta property=\"og:description\" content=\"Findet euer H\u00fcttengl\u00fcck f\u00fcr euren authentischen Urlaub in den Bergen im SalzburgerLand!\" \/>\n<meta property=\"og:url\" content=\"https:\/\/www.salzburgerland.com\/de\/wp-json\/wp\/v2\/posts\/673352\" \/>\n<meta property=\"og:site_name\" content=\"SalzburgerLand.com\" \/>\n<meta property=\"article:publisher\" content=\"https:\/\/www.facebook.com\/salzburgerland\/\" \/>\n<meta property=\"article:published_time\" content=\"2024-09-13T09:41:48+00:00\" \/>\n<meta property=\"article:modified_time\" content=\"2026-04-16T08:25:17+00:00\" \/>\n<meta property=\"og:image\" content=\"https:\/\/www.salzburgerland.com\/de\/wp-content\/uploads\/2024\/09\/csm_mitt-723-02_1a0584faa1-1200x675.jpg\" \/>\n\t<meta property=\"og:image:width\" content=\"1200\" \/>\n\t<meta property=\"og:image:height\" content=\"675\" \/>\n\t<meta property=\"og:image:type\" content=\"image\/jpeg\" \/>\n<meta name=\"author\" content=\"Barbara Walzer\" \/>\n<meta name=\"twitter:card\" content=\"summary_large_image\" \/>\n<meta name=\"twitter:creator\" content=\"@Salzburgerland\" \/>\n<meta name=\"twitter:site\" content=\"@Salzburgerland\" \/>\n<meta name=\"twitter:label1\" content=\"Verfasst von\" \/>\n\t<meta name=\"twitter:data1\" content=\"Barbara Walzer\" \/>\n\t<meta name=\"twitter:label2\" content=\"Gesch\u00e4tzte Lesezeit\" \/>\n\t<meta name=\"twitter:data2\" content=\"4\u00a0Minuten\" \/>\n<script type=\"application\/ld+json\" class=\"yoast-schema-graph\">{\"@context\":\"https:\/\/schema.org\",\"@graph\":[{\"@type\":\"WebPage\",\"@id\":\"https:\/\/www.salzburgerland.com\/de\/almliesl\/\",\"url\":\"https:\/\/www.salzburgerland.com\/de\/almliesl\/\",\"name\":\"Almliesl \u00bb SalzburgerLand.com\",\"isPartOf\":{\"@id\":\"https:\/\/www.salzburgerland.com\/de\/#website\"},\"primaryImageOfPage\":{\"@id\":\"https:\/\/www.salzburgerland.com\/de\/almliesl\/#primaryimage\"},\"image\":{\"@id\":\"https:\/\/www.salzburgerland.com\/de\/almliesl\/#primaryimage\"},\"thumbnailUrl\":\"https:\/\/www.salzburgerland.com\/de\/wp-content\/uploads\/2024\/09\/csm_mitt-723-02_1a0584faa1.jpg\",\"datePublished\":\"2024-09-13T09:41:48+00:00\",\"dateModified\":\"2026-04-16T08:25:17+00:00\",\"description\":\"Findet euer H\u00fcttengl\u00fcck f\u00fcr euren authentischen Urlaub in den Bergen im SalzburgerLand!\",\"breadcrumb\":{\"@id\":\"https:\/\/www.salzburgerland.com\/de\/almliesl\/#breadcrumb\"},\"inLanguage\":\"de\",\"potentialAction\":[{\"@type\":\"ReadAction\",\"target\":[\"https:\/\/www.salzburgerland.com\/de\/almliesl\/\"]}]},{\"@type\":\"ImageObject\",\"inLanguage\":\"de\",\"@id\":\"https:\/\/www.salzburgerland.com\/de\/almliesl\/#primaryimage\",\"url\":\"https:\/\/www.salzburgerland.com\/de\/wp-content\/uploads\/2024\/09\/csm_mitt-723-02_1a0584faa1.jpg\",\"contentUrl\":\"https:\/\/www.salzburgerland.com\/de\/wp-content\/uploads\/2024\/09\/csm_mitt-723-02_1a0584faa1.jpg\",\"width\":1500,\"height\":1125,\"caption\":\"H\u00fctte in Mittersill \u00a9 Almliesl\"},{\"@type\":\"BreadcrumbList\",\"@id\":\"https:\/\/www.salzburgerland.com\/de\/almliesl\/#breadcrumb\",\"itemListElement\":[{\"@type\":\"ListItem\",\"position\":1,\"name\":\"H\u00fcttenurlaub\",\"item\":\"https:\/\/www.salzburgerland.com\/de\/huettenurlaub\/\"},{\"@type\":\"ListItem\",\"position\":2,\"name\":\"Almliesl\"}]},{\"@type\":\"WebSite\",\"@id\":\"https:\/\/www.salzburgerland.com\/de\/#website\",\"url\":\"https:\/\/www.salzburgerland.com\/de\/\",\"name\":\"SalzburgerLand.com\",\"description\":\"Ihr Urlaub in Salzburg, \u00d6sterreich\",\"publisher\":{\"@id\":\"https:\/\/www.salzburgerland.com\/de\/#organization\"},\"potentialAction\":[{\"@type\":\"SearchAction\",\"target\":{\"@type\":\"EntryPoint\",\"urlTemplate\":\"https:\/\/www.salzburgerland.com\/de\/?s={search_term_string}\"},\"query-input\":{\"@type\":\"PropertyValueSpecification\",\"valueRequired\":true,\"valueName\":\"search_term_string\"}}],\"inLanguage\":\"de\"},{\"@type\":\"Organization\",\"@id\":\"https:\/\/www.salzburgerland.com\/de\/#organization\",\"name\":\"SalzburgerLand Tourismus GmbH\",\"url\":\"https:\/\/www.salzburgerland.com\/de\/\",\"logo\":{\"@type\":\"ImageObject\",\"inLanguage\":\"de\",\"@id\":\"https:\/\/www.salzburgerland.com\/de\/#\/schema\/logo\/image\/\",\"url\":\"https:\/\/www.salzburgerland.com\/de\/wp-content\/uploads\/2017\/01\/salzburgerland-logo.jpg\",\"contentUrl\":\"https:\/\/www.salzburgerland.com\/de\/wp-content\/uploads\/2017\/01\/salzburgerland-logo.jpg\",\"width\":1920,\"height\":827,\"caption\":\"SalzburgerLand Tourismus GmbH\"},\"image\":{\"@id\":\"https:\/\/www.salzburgerland.com\/de\/#\/schema\/logo\/image\/\"},\"sameAs\":[\"https:\/\/www.facebook.com\/salzburgerland\/\",\"https:\/\/x.com\/Salzburgerland\",\"https:\/\/www.instagram.com\/salzburgerland\/\",\"http:\/\/dbpedia.org\/resource\/Salzburg_(state)\",\"http:\/\/wikidata.dbpedia.org\/resource\/Q43325\",\"http:\/\/open.salzburgerland.com\/de\/entity\/salzburgerland\",\"https:\/\/www.youtube.com\/user\/salzburgerland\"]},{\"@type\":\"Person\",\"@id\":\"https:\/\/www.salzburgerland.com\/de\/#\/schema\/person\/caeab11a87b2ddb609442e2134067898\",\"name\":\"Barbara Walzer\",\"image\":{\"@type\":\"ImageObject\",\"inLanguage\":\"de\",\"@id\":\"https:\/\/www.salzburgerland.com\/de\/#\/schema\/person\/image\/\",\"url\":\"https:\/\/secure.gravatar.com\/avatar\/a33af3f7ecbc837d99149f702ef06428086253068f7ff83b2aacb98bb919f367?s=96&d=mm&r=g\",\"contentUrl\":\"https:\/\/secure.gravatar.com\/avatar\/a33af3f7ecbc837d99149f702ef06428086253068f7ff83b2aacb98bb919f367?s=96&d=mm&r=g\",\"caption\":\"Barbara Walzer\"}}]}<\/script>\n<!-- \/ Yoast SEO Premium plugin. -->","yoast_head_json":{"title":"Almliesl \u00bb SalzburgerLand.com","robots":{"index":"index","follow":"follow","max-snippet":"max-snippet:-1","max-image-preview":"max-image-preview:large","max-video-preview":"max-video-preview:-1"},"canonical":"https:\/\/www.salzburgerland.com\/de\/wp-json\/wp\/v2\/posts\/673352","og_locale":"de_DE","og_type":"article","og_title":"Almliesl","og_description":"Findet euer H\u00fcttengl\u00fcck f\u00fcr euren authentischen Urlaub in den Bergen im SalzburgerLand!","og_url":"https:\/\/www.salzburgerland.com\/de\/wp-json\/wp\/v2\/posts\/673352","og_site_name":"SalzburgerLand.com","article_publisher":"https:\/\/www.facebook.com\/salzburgerland\/","article_published_time":"2024-09-13T09:41:48+00:00","article_modified_time":"2026-04-16T08:25:17+00:00","og_image":[{"width":1200,"height":675,"url":"https:\/\/www.salzburgerland.com\/de\/wp-content\/uploads\/2024\/09\/csm_mitt-723-02_1a0584faa1-1200x675.jpg","type":"image\/jpeg"}],"author":"Barbara Walzer","twitter_card":"summary_large_image","twitter_creator":"@Salzburgerland","twitter_site":"@Salzburgerland","twitter_misc":{"Verfasst von":"Barbara Walzer","Gesch\u00e4tzte Lesezeit":"4\u00a0Minuten"},"schema":{"@context":"https:\/\/schema.org","@graph":[{"@type":"WebPage","@id":"https:\/\/www.salzburgerland.com\/de\/almliesl\/","url":"https:\/\/www.salzburgerland.com\/de\/almliesl\/","name":"Almliesl \u00bb SalzburgerLand.com","isPartOf":{"@id":"https:\/\/www.salzburgerland.com\/de\/#website"},"primaryImageOfPage":{"@id":"https:\/\/www.salzburgerland.com\/de\/almliesl\/#primaryimage"},"image":{"@id":"https:\/\/www.salzburgerland.com\/de\/almliesl\/#primaryimage"},"thumbnailUrl":"https:\/\/www.salzburgerland.com\/de\/wp-content\/uploads\/2024\/09\/csm_mitt-723-02_1a0584faa1.jpg","datePublished":"2024-09-13T09:41:48+00:00","dateModified":"2026-04-16T08:25:17+00:00","description":"Findet euer H\u00fcttengl\u00fcck f\u00fcr euren authentischen Urlaub in den Bergen im SalzburgerLand!","breadcrumb":{"@id":"https:\/\/www.salzburgerland.com\/de\/almliesl\/#breadcrumb"},"inLanguage":"de","potentialAction":[{"@type":"ReadAction","target":["https:\/\/www.salzburgerland.com\/de\/almliesl\/"]}]},{"@type":"ImageObject","inLanguage":"de","@id":"https:\/\/www.salzburgerland.com\/de\/almliesl\/#primaryimage","url":"https:\/\/www.salzburgerland.com\/de\/wp-content\/uploads\/2024\/09\/csm_mitt-723-02_1a0584faa1.jpg","contentUrl":"https:\/\/www.salzburgerland.com\/de\/wp-content\/uploads\/2024\/09\/csm_mitt-723-02_1a0584faa1.jpg","width":1500,"height":1125,"caption":"H\u00fctte in Mittersill \u00a9 Almliesl"},{"@type":"BreadcrumbList","@id":"https:\/\/www.salzburgerland.com\/de\/almliesl\/#breadcrumb","itemListElement":[{"@type":"ListItem","position":1,"name":"H\u00fcttenurlaub","item":"https:\/\/www.salzburgerland.com\/de\/huettenurlaub\/"},{"@type":"ListItem","position":2,"name":"Almliesl"}]},{"@type":"WebSite","@id":"https:\/\/www.salzburgerland.com\/de\/#website","url":"https:\/\/www.salzburgerland.com\/de\/","name":"SalzburgerLand.com","description":"Ihr Urlaub in Salzburg, \u00d6sterreich","publisher":{"@id":"https:\/\/www.salzburgerland.com\/de\/#organization"},"potentialAction":[{"@type":"SearchAction","target":{"@type":"EntryPoint","urlTemplate":"https:\/\/www.salzburgerland.com\/de\/?s={search_term_string}"},"query-input":{"@type":"PropertyValueSpecification","valueRequired":true,"valueName":"search_term_string"}}],"inLanguage":"de"},{"@type":"Organization","@id":"https:\/\/www.salzburgerland.com\/de\/#organization","name":"SalzburgerLand Tourismus GmbH","url":"https:\/\/www.salzburgerland.com\/de\/","logo":{"@type":"ImageObject","inLanguage":"de","@id":"https:\/\/www.salzburgerland.com\/de\/#\/schema\/logo\/image\/","url":"https:\/\/www.salzburgerland.com\/de\/wp-content\/uploads\/2017\/01\/salzburgerland-logo.jpg","contentUrl":"https:\/\/www.salzburgerland.com\/de\/wp-content\/uploads\/2017\/01\/salzburgerland-logo.jpg","width":1920,"height":827,"caption":"SalzburgerLand Tourismus GmbH"},"image":{"@id":"https:\/\/www.salzburgerland.com\/de\/#\/schema\/logo\/image\/"},"sameAs":["https:\/\/www.facebook.com\/salzburgerland\/","https:\/\/x.com\/Salzburgerland","https:\/\/www.instagram.com\/salzburgerland\/","http:\/\/dbpedia.org\/resource\/Salzburg_(state)","http:\/\/wikidata.dbpedia.org\/resource\/Q43325","http:\/\/open.salzburgerland.com\/de\/entity\/salzburgerland","https:\/\/www.youtube.com\/user\/salzburgerland"]},{"@type":"Person","@id":"https:\/\/www.salzburgerland.com\/de\/#\/schema\/person\/caeab11a87b2ddb609442e2134067898","name":"Barbara Walzer","image":{"@type":"ImageObject","inLanguage":"de","@id":"https:\/\/www.salzburgerland.com\/de\/#\/schema\/person\/image\/","url":"https:\/\/secure.gravatar.com\/avatar\/a33af3f7ecbc837d99149f702ef06428086253068f7ff83b2aacb98bb919f367?s=96&d=mm&r=g","contentUrl":"https:\/\/secure.gravatar.com\/avatar\/a33af3f7ecbc837d99149f702ef06428086253068f7ff83b2aacb98bb919f367?s=96&d=mm&r=g","caption":"Barbara Walzer"}}]}},"_wl_alt_label":[],"wl:entity_url":"http:\/\/open.salzburgerland.com\/de\/post\/almliesl-673352","_links":{"self":[{"href":"https:\/\/www.salzburgerland.com\/de\/wp-json\/wp\/v2\/posts\/673352","targetHints":{"allow":["GET"]}}],"collection":[{"href":"https:\/\/www.salzburgerland.com\/de\/wp-json\/wp\/v2\/posts"}],"about":[{"href":"https:\/\/www.salzburgerland.com\/de\/wp-json\/wp\/v2\/types\/post"}],"author":[{"embeddable":true,"href":"https:\/\/www.salzburgerland.com\/de\/wp-json\/wp\/v2\/users\/50"}],"replies":[{"embeddable":true,"href":"https:\/\/www.salzburgerland.com\/de\/wp-json\/wp\/v2\/comments?post=673352"}],"version-history":[{"count":35,"href":"https:\/\/www.salzburgerland.com\/de\/wp-json\/wp\/v2\/posts\/673352\/revisions"}],"predecessor-version":[{"id":682168,"href":"https:\/\/www.salzburgerland.com\/de\/wp-json\/wp\/v2\/posts\/673352\/revisions\/682168"}],"wp:featuredmedia":[{"embeddable":true,"href":"https:\/\/www.salzburgerland.com\/de\/wp-json\/wp\/v2\/media\/673377"}],"wp:attachment":[{"href":"https:\/\/www.salzburgerland.com\/de\/wp-json\/wp\/v2\/media?parent=673352"}],"wp:term":[{"taxonomy":"category","embeddable":true,"href":"https:\/\/www.salzburgerland.com\/de\/wp-json\/wp\/v2\/categories?post=673352"},{"taxonomy":"post_tag","embeddable":true,"href":"https:\/\/www.salzburgerland.com\/de\/wp-json\/wp\/v2\/tags?post=673352"},{"taxonomy":"wl_entity_type","embeddable":true,"href":"https:\/\/www.salzburgerland.com\/de\/wp-json\/wp\/v2\/wl_entity_type?post=673352"}],"curies":[{"name":"wp","href":"https:\/\/api.w.org\/{rel}","templated":true}]}}