{"id":672906,"date":"2024-07-17T16:09:10","date_gmt":"2024-07-17T14:09:10","guid":{"rendered":"https:\/\/www.salzburgerland.com\/de\/?p=672906"},"modified":"2024-07-17T16:12:48","modified_gmt":"2024-07-17T14:12:48","slug":"bestickt-mit-feiner-feder","status":"publish","type":"post","link":"https:\/\/www.salzburgerland.com\/de\/bestickt-mit-feiner-feder\/","title":{"rendered":"Bestickt mit feiner Feder"},"content":{"rendered":"<p>Entstanden sind diese rund 20 Zentimeter breiten Lederg\u00fcrtel aus den Zinnstiftranzen. Einst mit tausenden Zinnn\u00e4geln verziert dienten sie den M\u00e4nnern als Schutz vor Bajonettstichen. W\u00e4hrend der Napoleonischen Kriege um 1810, als man das Zinn zur Herstellung von Munition ben\u00f6tigte, suchte man nach einer neuen Methode, um die Ranzen schmuckvoll zu verzieren. Aus dem Kiel der Schwanzfeder des Pfaus wurden hauchd\u00fcnne F\u00e4den gespalten und in hunderten Arbeitsstunden die Rindslederg\u00fcrtel per Hand mit Ornamenten, Initialen und Figuren bestickt. Als Statussymbol galten diese Ranzen, denn nur Wohlhabende konnten sich dieses zur Tracht getragene Schmuckst\u00fcck leisten. Salzburgs letzte Federkiel-Sticker Heute beherrschen nur noch ganz wenige diese alte Handwerkskunst, die meist nur innerhalb der Familie weitergegeben wird. Walter Gr\u00fcbl und Herbert Klieber aus Eben im Pongau sind die letzten im SalzburgerLand, die dieses Handwerk als Gewerbe aus\u00fcben. Ich besuche einen Hobby-Federkielsticker in seiner Werkstatt. Der herbe Duft von Leder erf\u00fcllt die Luft und in einer Ecke stapeln sich gr\u00fcngoldschillernden Pfauenfedern. F\u00fcr den Federkielsticker steht der dicke wei\u00dfe Kiel im Mittelpunkt des Interesses. Hier liegt das eigentliche Geheimnis dieser Handwerkskunst: Das Aufspalten der Kiele in biegsame F\u00e4den. Auf der Hasenspur Am R\u00f6ssl wird das das zu bestickende Rindsleder in die Holzzwinge eingespannt. Mit Kreide und Stechrad sind die Ornamente und Stiche vorgezeichnet: Stielstich, Hasenspur<br>\nund \u201eder laufende Hund\u201c, wie das parallele, dicht gestickte Fl\u00e4chenmuster genannt wird. Mit dem Stichel dr\u00fcckt er vorsichtig ein Loch durch das Leder, um danach den Federkiel von einer Seite zur anderen durchzuziehen. Er mahnt: \u201eMan muss immer darauf achten, gleichm\u00e4\u00dfig einzustechen und den Faden beim Durchziehen nicht zu verdrehen, denn das w\u00fcrde im feinen Muster sofort erkennbar sein.\u201c Hunderte Stunden Stickarbeit stecken in einem traditionellen Ranzen und vielleicht schaut man beim n\u00e4chsten Bauernherbstfest noch genauer auf die Ranzen mit dem filigranen Muster in h\u00f6chster Handwerksk www.federkiel.at<\/p>\n","protected":false},"excerpt":{"rendered":"<p>Entstanden sind diese rund 20 Zentimeter breiten Lederg\u00fcrtel aus den Zinnstiftranzen. Einst mit tausenden Zinnn\u00e4geln verziert dienten sie den M\u00e4nnern als Schutz vor Bajonettstichen. W\u00e4hrend der Napoleonischen Kriege um 1810, als man das Zinn zur Herstellung von Munition ben\u00f6tigte, suchte man nach einer neuen Methode, um die Ranzen schmuckvoll zu verzieren. Aus dem Kiel der [&hellip;]<\/p>\n","protected":false},"author":44,"featured_media":542009,"comment_status":"closed","ping_status":"closed","sticky":false,"template":"","format":"standard","meta":{"_acf_changed":false,"wl_entities_gutenberg":"","_relevanssi_hide_post":"","_relevanssi_hide_content":"","_relevanssi_pin_for_all":"","_relevanssi_pin_keywords":"","_relevanssi_unpin_keywords":"","_relevanssi_related_keywords":"","_relevanssi_related_include_ids":"","_relevanssi_related_exclude_ids":"","_relevanssi_related_no_append":"","_relevanssi_related_not_related":"","_relevanssi_related_posts":"","_relevanssi_noindex_reason":"","footnotes":""},"categories":[1],"tags":[],"wl_entity_type":[11495],"class_list":["post-672906","post","type-post","status-publish","format-standard","has-post-thumbnail","hentry","category-allgemein","wl_entity_type-article"],"acf":[],"yoast_head":"<!-- This site is optimized with the Yoast SEO Premium plugin v26.9 (Yoast SEO v26.9) - https:\/\/yoast.com\/product\/yoast-seo-premium-wordpress\/ -->\n<title>Bestickt mit feiner Feder \u00bb SalzburgerLand.com<\/title>\n<meta name=\"robots\" content=\"index, follow, max-snippet:-1, max-image-preview:large, max-video-preview:-1\" \/>\n<link rel=\"canonical\" href=\"https:\/\/www.salzburgerland.com\/de\/wp-json\/wp\/v2\/posts\/672906\" \/>\n<meta property=\"og:locale\" content=\"de_DE\" \/>\n<meta property=\"og:type\" content=\"article\" \/>\n<meta property=\"og:title\" content=\"Bestickt mit feiner Feder\" \/>\n<meta property=\"og:description\" content=\"Es ist ein seltenes Handwerk geworden und doch sieht man sie im SalzburgerLand noch: die mit Federkiel-Stickerei kunstvoll verzierten Ranzen\" \/>\n<meta property=\"og:url\" content=\"https:\/\/www.salzburgerland.com\/de\/wp-json\/wp\/v2\/posts\/672906\" \/>\n<meta property=\"og:site_name\" content=\"SalzburgerLand.com\" \/>\n<meta property=\"article:publisher\" content=\"https:\/\/www.facebook.com\/salzburgerland\/\" \/>\n<meta property=\"article:published_time\" content=\"2024-07-17T14:09:10+00:00\" \/>\n<meta property=\"article:modified_time\" content=\"2024-07-17T14:12:48+00:00\" \/>\n<meta property=\"og:image\" content=\"https:\/\/www.salzburgerland.com\/de\/wp-content\/uploads\/2021\/03\/rs602_cko_0006-lpr-1200x675.jpg\" \/>\n\t<meta property=\"og:image:width\" content=\"1200\" \/>\n\t<meta property=\"og:image:height\" content=\"675\" \/>\n\t<meta property=\"og:image:type\" content=\"image\/jpeg\" \/>\n<meta name=\"author\" content=\"Eveline Bimminger\" \/>\n<meta name=\"twitter:card\" content=\"summary_large_image\" \/>\n<meta name=\"twitter:creator\" content=\"@Salzburgerland\" \/>\n<meta name=\"twitter:site\" content=\"@Salzburgerland\" \/>\n<meta name=\"twitter:label1\" content=\"Verfasst von\" \/>\n\t<meta name=\"twitter:data1\" content=\"Eveline Bimminger\" \/>\n\t<meta name=\"twitter:label2\" content=\"Gesch\u00e4tzte Lesezeit\" \/>\n\t<meta name=\"twitter:data2\" content=\"3\u00a0Minuten\" \/>\n<script type=\"application\/ld+json\" class=\"yoast-schema-graph\">{\"@context\":\"https:\/\/schema.org\",\"@graph\":[{\"@type\":\"WebPage\",\"@id\":\"https:\/\/www.salzburgerland.com\/de\/bestickt-mit-feiner-feder\/\",\"url\":\"https:\/\/www.salzburgerland.com\/de\/bestickt-mit-feiner-feder\/\",\"name\":\"Bestickt mit feiner Feder \u00bb SalzburgerLand.com\",\"isPartOf\":{\"@id\":\"https:\/\/www.salzburgerland.com\/de\/#website\"},\"primaryImageOfPage\":{\"@id\":\"https:\/\/www.salzburgerland.com\/de\/bestickt-mit-feiner-feder\/#primaryimage\"},\"image\":{\"@id\":\"https:\/\/www.salzburgerland.com\/de\/bestickt-mit-feiner-feder\/#primaryimage\"},\"thumbnailUrl\":\"https:\/\/www.salzburgerland.com\/de\/wp-content\/uploads\/2021\/03\/rs602_cko_0006-lpr.jpg\",\"datePublished\":\"2024-07-17T14:09:10+00:00\",\"dateModified\":\"2024-07-17T14:12:48+00:00\",\"description\":\"Es ist ein seltenes Handwerk geworden und doch sieht man sie im SalzburgerLand noch: die mit Federkiel-Stickerei kunstvoll verzierten Ranzen\",\"breadcrumb\":{\"@id\":\"https:\/\/www.salzburgerland.com\/de\/bestickt-mit-feiner-feder\/#breadcrumb\"},\"inLanguage\":\"de\",\"potentialAction\":[{\"@type\":\"ReadAction\",\"target\":[\"https:\/\/www.salzburgerland.com\/de\/bestickt-mit-feiner-feder\/\"]}]},{\"@type\":\"ImageObject\",\"inLanguage\":\"de\",\"@id\":\"https:\/\/www.salzburgerland.com\/de\/bestickt-mit-feiner-feder\/#primaryimage\",\"url\":\"https:\/\/www.salzburgerland.com\/de\/wp-content\/uploads\/2021\/03\/rs602_cko_0006-lpr.jpg\",\"contentUrl\":\"https:\/\/www.salzburgerland.com\/de\/wp-content\/uploads\/2021\/03\/rs602_cko_0006-lpr.jpg\",\"width\":1920,\"height\":1080,\"caption\":\"\u00a9 SalzburgerLand Tourismus, Coen Kossmann - Feinstes Handwerk in dern Federkiel Stickerei\"},{\"@type\":\"BreadcrumbList\",\"@id\":\"https:\/\/www.salzburgerland.com\/de\/bestickt-mit-feiner-feder\/#breadcrumb\",\"itemListElement\":[{\"@type\":\"ListItem\",\"position\":1,\"name\":\"Salzburger Bauernherbst\",\"item\":\"https:\/\/www.salzburgerland.com\/de\/bauernherbst\/\"},{\"@type\":\"ListItem\",\"position\":2,\"name\":\"Bestickt mit feiner Feder\"}]},{\"@type\":\"WebSite\",\"@id\":\"https:\/\/www.salzburgerland.com\/de\/#website\",\"url\":\"https:\/\/www.salzburgerland.com\/de\/\",\"name\":\"SalzburgerLand.com\",\"description\":\"Ihr Urlaub in Salzburg, \u00d6sterreich\",\"publisher\":{\"@id\":\"https:\/\/www.salzburgerland.com\/de\/#organization\"},\"potentialAction\":[{\"@type\":\"SearchAction\",\"target\":{\"@type\":\"EntryPoint\",\"urlTemplate\":\"https:\/\/www.salzburgerland.com\/de\/?s={search_term_string}\"},\"query-input\":{\"@type\":\"PropertyValueSpecification\",\"valueRequired\":true,\"valueName\":\"search_term_string\"}}],\"inLanguage\":\"de\"},{\"@type\":\"Organization\",\"@id\":\"https:\/\/www.salzburgerland.com\/de\/#organization\",\"name\":\"SalzburgerLand Tourismus GmbH\",\"url\":\"https:\/\/www.salzburgerland.com\/de\/\",\"logo\":{\"@type\":\"ImageObject\",\"inLanguage\":\"de\",\"@id\":\"https:\/\/www.salzburgerland.com\/de\/#\/schema\/logo\/image\/\",\"url\":\"https:\/\/www.salzburgerland.com\/de\/wp-content\/uploads\/2017\/01\/salzburgerland-logo.jpg\",\"contentUrl\":\"https:\/\/www.salzburgerland.com\/de\/wp-content\/uploads\/2017\/01\/salzburgerland-logo.jpg\",\"width\":1920,\"height\":827,\"caption\":\"SalzburgerLand Tourismus GmbH\"},\"image\":{\"@id\":\"https:\/\/www.salzburgerland.com\/de\/#\/schema\/logo\/image\/\"},\"sameAs\":[\"https:\/\/www.facebook.com\/salzburgerland\/\",\"https:\/\/x.com\/Salzburgerland\",\"https:\/\/www.instagram.com\/salzburgerland\/\",\"http:\/\/dbpedia.org\/resource\/Salzburg_(state)\",\"http:\/\/wikidata.dbpedia.org\/resource\/Q43325\",\"http:\/\/open.salzburgerland.com\/de\/entity\/salzburgerland\",\"https:\/\/www.youtube.com\/user\/salzburgerland\"]},{\"@type\":\"Person\",\"@id\":\"https:\/\/www.salzburgerland.com\/de\/#\/schema\/person\/65a80fc9026a6fbf40cc6089d70adb1d\",\"name\":\"Eveline Bimminger\",\"image\":{\"@type\":\"ImageObject\",\"inLanguage\":\"de\",\"@id\":\"https:\/\/www.salzburgerland.com\/de\/#\/schema\/person\/image\/\",\"url\":\"https:\/\/secure.gravatar.com\/avatar\/c5f95e995df475f57c321bf8b272f1a534921fbcb75dd2613c990ba9689a9128?s=96&d=mm&r=g\",\"contentUrl\":\"https:\/\/secure.gravatar.com\/avatar\/c5f95e995df475f57c321bf8b272f1a534921fbcb75dd2613c990ba9689a9128?s=96&d=mm&r=g\",\"caption\":\"Eveline Bimminger\"}}]}<\/script>\n<!-- \/ Yoast SEO Premium plugin. -->","yoast_head_json":{"title":"Bestickt mit feiner Feder \u00bb SalzburgerLand.com","robots":{"index":"index","follow":"follow","max-snippet":"max-snippet:-1","max-image-preview":"max-image-preview:large","max-video-preview":"max-video-preview:-1"},"canonical":"https:\/\/www.salzburgerland.com\/de\/wp-json\/wp\/v2\/posts\/672906","og_locale":"de_DE","og_type":"article","og_title":"Bestickt mit feiner Feder","og_description":"Es ist ein seltenes Handwerk geworden und doch sieht man sie im SalzburgerLand noch: die mit Federkiel-Stickerei kunstvoll verzierten Ranzen","og_url":"https:\/\/www.salzburgerland.com\/de\/wp-json\/wp\/v2\/posts\/672906","og_site_name":"SalzburgerLand.com","article_publisher":"https:\/\/www.facebook.com\/salzburgerland\/","article_published_time":"2024-07-17T14:09:10+00:00","article_modified_time":"2024-07-17T14:12:48+00:00","og_image":[{"width":1200,"height":675,"url":"https:\/\/www.salzburgerland.com\/de\/wp-content\/uploads\/2021\/03\/rs602_cko_0006-lpr-1200x675.jpg","type":"image\/jpeg"}],"author":"Eveline Bimminger","twitter_card":"summary_large_image","twitter_creator":"@Salzburgerland","twitter_site":"@Salzburgerland","twitter_misc":{"Verfasst von":"Eveline Bimminger","Gesch\u00e4tzte Lesezeit":"3\u00a0Minuten"},"schema":{"@context":"https:\/\/schema.org","@graph":[{"@type":"WebPage","@id":"https:\/\/www.salzburgerland.com\/de\/bestickt-mit-feiner-feder\/","url":"https:\/\/www.salzburgerland.com\/de\/bestickt-mit-feiner-feder\/","name":"Bestickt mit feiner Feder \u00bb SalzburgerLand.com","isPartOf":{"@id":"https:\/\/www.salzburgerland.com\/de\/#website"},"primaryImageOfPage":{"@id":"https:\/\/www.salzburgerland.com\/de\/bestickt-mit-feiner-feder\/#primaryimage"},"image":{"@id":"https:\/\/www.salzburgerland.com\/de\/bestickt-mit-feiner-feder\/#primaryimage"},"thumbnailUrl":"https:\/\/www.salzburgerland.com\/de\/wp-content\/uploads\/2021\/03\/rs602_cko_0006-lpr.jpg","datePublished":"2024-07-17T14:09:10+00:00","dateModified":"2024-07-17T14:12:48+00:00","description":"Es ist ein seltenes Handwerk geworden und doch sieht man sie im SalzburgerLand noch: die mit Federkiel-Stickerei kunstvoll verzierten Ranzen","breadcrumb":{"@id":"https:\/\/www.salzburgerland.com\/de\/bestickt-mit-feiner-feder\/#breadcrumb"},"inLanguage":"de","potentialAction":[{"@type":"ReadAction","target":["https:\/\/www.salzburgerland.com\/de\/bestickt-mit-feiner-feder\/"]}]},{"@type":"ImageObject","inLanguage":"de","@id":"https:\/\/www.salzburgerland.com\/de\/bestickt-mit-feiner-feder\/#primaryimage","url":"https:\/\/www.salzburgerland.com\/de\/wp-content\/uploads\/2021\/03\/rs602_cko_0006-lpr.jpg","contentUrl":"https:\/\/www.salzburgerland.com\/de\/wp-content\/uploads\/2021\/03\/rs602_cko_0006-lpr.jpg","width":1920,"height":1080,"caption":"\u00a9 SalzburgerLand Tourismus, Coen Kossmann - Feinstes Handwerk in dern Federkiel Stickerei"},{"@type":"BreadcrumbList","@id":"https:\/\/www.salzburgerland.com\/de\/bestickt-mit-feiner-feder\/#breadcrumb","itemListElement":[{"@type":"ListItem","position":1,"name":"Salzburger Bauernherbst","item":"https:\/\/www.salzburgerland.com\/de\/bauernherbst\/"},{"@type":"ListItem","position":2,"name":"Bestickt mit feiner Feder"}]},{"@type":"WebSite","@id":"https:\/\/www.salzburgerland.com\/de\/#website","url":"https:\/\/www.salzburgerland.com\/de\/","name":"SalzburgerLand.com","description":"Ihr Urlaub in Salzburg, \u00d6sterreich","publisher":{"@id":"https:\/\/www.salzburgerland.com\/de\/#organization"},"potentialAction":[{"@type":"SearchAction","target":{"@type":"EntryPoint","urlTemplate":"https:\/\/www.salzburgerland.com\/de\/?s={search_term_string}"},"query-input":{"@type":"PropertyValueSpecification","valueRequired":true,"valueName":"search_term_string"}}],"inLanguage":"de"},{"@type":"Organization","@id":"https:\/\/www.salzburgerland.com\/de\/#organization","name":"SalzburgerLand Tourismus GmbH","url":"https:\/\/www.salzburgerland.com\/de\/","logo":{"@type":"ImageObject","inLanguage":"de","@id":"https:\/\/www.salzburgerland.com\/de\/#\/schema\/logo\/image\/","url":"https:\/\/www.salzburgerland.com\/de\/wp-content\/uploads\/2017\/01\/salzburgerland-logo.jpg","contentUrl":"https:\/\/www.salzburgerland.com\/de\/wp-content\/uploads\/2017\/01\/salzburgerland-logo.jpg","width":1920,"height":827,"caption":"SalzburgerLand Tourismus GmbH"},"image":{"@id":"https:\/\/www.salzburgerland.com\/de\/#\/schema\/logo\/image\/"},"sameAs":["https:\/\/www.facebook.com\/salzburgerland\/","https:\/\/x.com\/Salzburgerland","https:\/\/www.instagram.com\/salzburgerland\/","http:\/\/dbpedia.org\/resource\/Salzburg_(state)","http:\/\/wikidata.dbpedia.org\/resource\/Q43325","http:\/\/open.salzburgerland.com\/de\/entity\/salzburgerland","https:\/\/www.youtube.com\/user\/salzburgerland"]},{"@type":"Person","@id":"https:\/\/www.salzburgerland.com\/de\/#\/schema\/person\/65a80fc9026a6fbf40cc6089d70adb1d","name":"Eveline Bimminger","image":{"@type":"ImageObject","inLanguage":"de","@id":"https:\/\/www.salzburgerland.com\/de\/#\/schema\/person\/image\/","url":"https:\/\/secure.gravatar.com\/avatar\/c5f95e995df475f57c321bf8b272f1a534921fbcb75dd2613c990ba9689a9128?s=96&d=mm&r=g","contentUrl":"https:\/\/secure.gravatar.com\/avatar\/c5f95e995df475f57c321bf8b272f1a534921fbcb75dd2613c990ba9689a9128?s=96&d=mm&r=g","caption":"Eveline Bimminger"}}]}},"_wl_alt_label":[],"wl:entity_url":"http:\/\/open.salzburgerland.com\/de\/post\/bestickt-mit-feiner-feder-672906","_links":{"self":[{"href":"https:\/\/www.salzburgerland.com\/de\/wp-json\/wp\/v2\/posts\/672906","targetHints":{"allow":["GET"]}}],"collection":[{"href":"https:\/\/www.salzburgerland.com\/de\/wp-json\/wp\/v2\/posts"}],"about":[{"href":"https:\/\/www.salzburgerland.com\/de\/wp-json\/wp\/v2\/types\/post"}],"author":[{"embeddable":true,"href":"https:\/\/www.salzburgerland.com\/de\/wp-json\/wp\/v2\/users\/44"}],"replies":[{"embeddable":true,"href":"https:\/\/www.salzburgerland.com\/de\/wp-json\/wp\/v2\/comments?post=672906"}],"version-history":[{"count":3,"href":"https:\/\/www.salzburgerland.com\/de\/wp-json\/wp\/v2\/posts\/672906\/revisions"}],"predecessor-version":[{"id":673328,"href":"https:\/\/www.salzburgerland.com\/de\/wp-json\/wp\/v2\/posts\/672906\/revisions\/673328"}],"wp:featuredmedia":[{"embeddable":true,"href":"https:\/\/www.salzburgerland.com\/de\/wp-json\/wp\/v2\/media\/542009"}],"wp:attachment":[{"href":"https:\/\/www.salzburgerland.com\/de\/wp-json\/wp\/v2\/media?parent=672906"}],"wp:term":[{"taxonomy":"category","embeddable":true,"href":"https:\/\/www.salzburgerland.com\/de\/wp-json\/wp\/v2\/categories?post=672906"},{"taxonomy":"post_tag","embeddable":true,"href":"https:\/\/www.salzburgerland.com\/de\/wp-json\/wp\/v2\/tags?post=672906"},{"taxonomy":"wl_entity_type","embeddable":true,"href":"https:\/\/www.salzburgerland.com\/de\/wp-json\/wp\/v2\/wl_entity_type?post=672906"}],"curies":[{"name":"wp","href":"https:\/\/api.w.org\/{rel}","templated":true}]}}