{"id":672902,"date":"2024-07-17T16:00:53","date_gmt":"2024-07-17T14:00:53","guid":{"rendered":"https:\/\/www.salzburgerland.com\/de\/?p=672902"},"modified":"2024-07-18T09:28:05","modified_gmt":"2024-07-18T07:28:05","slug":"dirndl-und-lederhose-botschafter-des-bauernherbstes","status":"publish","type":"post","link":"https:\/\/www.salzburgerland.com\/de\/dirndl-und-lederhose-botschafter-des-bauernherbstes\/","title":{"rendered":"Botschafter des Bauernherbstes &#8211; Dirndl und Lederhose"},"content":{"rendered":"<p>In den idyllischen Regionen im SalzburgerLand, in der gesamten Alpenrepublik und in fast der ganzen Welt haben Trachten Geschichten rund um den Globus gesponnen. Ob schlicht oder pr\u00e4chtig \u2013 unter dem Motto \u201eTracht around the world\u201c laden 76 Bauernherbst-Orte ein, Identit\u00e4ten nachzusp\u00fcren und auf das Verm\u00e4chtnis vergangener Generationen zu blicken.<\/p>\n<p>Dabei warten Dirndl und Lederhose keineswegs nur in heimischen Schr\u00e4nken auf ihren Einsatz: Ihre Tr\u00e4ger*innen unter den mehr als 613.000 Auslands\u00f6sterreicher*innen packen sie ein, wenn sie das SalzburgerLand verlassen. F\u00fcr viele geh\u00f6rt es zum Auswandern dazu, dass sie ihre Tracht als ein St\u00fcck Heimat mitnehmen und auf alle Kontinente bringen. So kommt es n\u00e4mlich, dass \u201eSalzburger Dirndl\u201c etwa in Kleiderk\u00e4sten in Melbourne h\u00e4ngt \u2013 stets bereit, bei fr\u00f6hlichen Netzwerktreffen der \u00d6sterreicher-*innen in der australischen Metropole ausgef\u00fchrt zu werden.<\/p>\n<p>Dem \u201eDresscode Tracht\u201c folgen auch Hollywoodstars aus der Alpenrepublik mit Begeisterung. Arnold Schwarzenegger und seine S\u00f6hne holen die Lederne hervor, wenn geb\u00fchrende Anl\u00e4sse warten. Oscar-Gewinner Christoph Waltz spricht in Interviews sogar von seiner eigenen Lederhosen-Sammlung. Dann haben Trachten Hochsaison; Dirndl und Lederhose werden zu \u201eBotschaftern des Bauernherbstes\u201c.<\/p>\n<p>Apropos Trachtenstolz fernab der Heimat: Wenn das Olympische Feuer brennt und Athlet*innen wie Stefan Kraft oder Miriam Puchner ihre Flaggen durch die Arena tragen, tun sie das oft in Kleidern und Hosen, deren Stil sich an die Traditionen ihrer Herkunftsl\u00e4nder anlehnt. Viele Nationen greifen auf ihren reichen Kleidungs-Schatz zur\u00fcck. Dieser Schatz wird jedes Jahr aufs Neue gehoben, wenn der Bauernherbst ins SalzburgerLand einzieht. Bei den Veranstaltungen wird aufgespielt und gezeigt, gelauscht und gestaunt, getanzt und gefeiert. Dirndl und Lederhose sind selbstverst\u00e4ndlich mit dabei. Und ihre Geschichte wird erneut fortgeschrieben.<\/p>\n","protected":false},"excerpt":{"rendered":"<p>In den idyllischen Regionen im SalzburgerLand, in der gesamten Alpenrepublik und in fast der ganzen Welt haben Trachten Geschichten rund um den Globus gesponnen. Ob schlicht oder pr\u00e4chtig \u2013 unter dem Motto \u201eTracht around the world\u201c laden 76 Bauernherbst-Orte ein, Identit\u00e4ten nachzusp\u00fcren und auf das Verm\u00e4chtnis vergangener Generationen zu blicken. Dabei warten Dirndl und Lederhose [&hellip;]<\/p>\n","protected":false},"author":44,"featured_media":667312,"comment_status":"closed","ping_status":"closed","sticky":false,"template":"","format":"standard","meta":{"_acf_changed":false,"wl_entities_gutenberg":"","_relevanssi_hide_post":"","_relevanssi_hide_content":"","_relevanssi_pin_for_all":"","_relevanssi_pin_keywords":"","_relevanssi_unpin_keywords":"","_relevanssi_related_keywords":"","_relevanssi_related_include_ids":"","_relevanssi_related_exclude_ids":"","_relevanssi_related_no_append":"","_relevanssi_related_not_related":"","_relevanssi_related_posts":"","_relevanssi_noindex_reason":"","footnotes":""},"categories":[1],"tags":[],"wl_entity_type":[11495],"class_list":["post-672902","post","type-post","status-publish","format-standard","has-post-thumbnail","hentry","category-allgemein","wl_entity_type-article"],"acf":[],"yoast_head":"<!-- This site is optimized with the Yoast SEO Premium plugin v26.9 (Yoast SEO v26.9) - https:\/\/yoast.com\/product\/yoast-seo-premium-wordpress\/ -->\n<title>Botschafter des Bauernherbstes - Dirndl und Lederhose \u00bb SalzburgerLand.com<\/title>\n<meta name=\"robots\" content=\"index, follow, max-snippet:-1, max-image-preview:large, max-video-preview:-1\" \/>\n<link rel=\"canonical\" href=\"https:\/\/www.salzburgerland.com\/de\/wp-json\/wp\/v2\/posts\/672902\" \/>\n<meta property=\"og:locale\" content=\"de_DE\" \/>\n<meta property=\"og:type\" content=\"article\" \/>\n<meta property=\"og:title\" content=\"Botschafter des Bauernherbstes - Dirndl und Lederhose\" \/>\n<meta property=\"og:description\" content=\"In einer Welt, die sich st\u00e4ndig ver\u00e4ndert, gibt es eine Konstante, die sich seit Jahrhunderten Behauptet: die Tracht.\" \/>\n<meta property=\"og:url\" content=\"https:\/\/www.salzburgerland.com\/de\/wp-json\/wp\/v2\/posts\/672902\" \/>\n<meta property=\"og:site_name\" content=\"SalzburgerLand.com\" \/>\n<meta property=\"article:publisher\" content=\"https:\/\/www.facebook.com\/salzburgerland\/\" \/>\n<meta property=\"article:published_time\" content=\"2024-07-17T14:00:53+00:00\" \/>\n<meta property=\"article:modified_time\" content=\"2024-07-18T07:28:05+00:00\" \/>\n<meta property=\"og:image\" content=\"https:\/\/www.salzburgerland.com\/de\/wp-content\/uploads\/2016\/07\/rs3644_19144-1019-f-slt-bauernherbst_a05_107-scr-1100x675.jpg\" \/>\n\t<meta property=\"og:image:width\" content=\"1100\" \/>\n\t<meta property=\"og:image:height\" content=\"675\" \/>\n\t<meta property=\"og:image:type\" content=\"image\/jpeg\" \/>\n<meta name=\"author\" content=\"Eveline Bimminger\" \/>\n<meta name=\"twitter:card\" content=\"summary_large_image\" \/>\n<meta name=\"twitter:creator\" content=\"@Salzburgerland\" \/>\n<meta name=\"twitter:site\" content=\"@Salzburgerland\" \/>\n<meta name=\"twitter:label1\" content=\"Verfasst von\" \/>\n\t<meta name=\"twitter:data1\" content=\"Eveline Bimminger\" \/>\n\t<meta name=\"twitter:label2\" content=\"Gesch\u00e4tzte Lesezeit\" \/>\n\t<meta name=\"twitter:data2\" content=\"2\u00a0Minuten\" \/>\n<script type=\"application\/ld+json\" class=\"yoast-schema-graph\">{\"@context\":\"https:\/\/schema.org\",\"@graph\":[{\"@type\":\"WebPage\",\"@id\":\"https:\/\/www.salzburgerland.com\/de\/dirndl-und-lederhose-botschafter-des-bauernherbstes\/\",\"url\":\"https:\/\/www.salzburgerland.com\/de\/dirndl-und-lederhose-botschafter-des-bauernherbstes\/\",\"name\":\"Botschafter des Bauernherbstes - Dirndl und Lederhose \u00bb SalzburgerLand.com\",\"isPartOf\":{\"@id\":\"https:\/\/www.salzburgerland.com\/de\/#website\"},\"primaryImageOfPage\":{\"@id\":\"https:\/\/www.salzburgerland.com\/de\/dirndl-und-lederhose-botschafter-des-bauernherbstes\/#primaryimage\"},\"image\":{\"@id\":\"https:\/\/www.salzburgerland.com\/de\/dirndl-und-lederhose-botschafter-des-bauernherbstes\/#primaryimage\"},\"thumbnailUrl\":\"https:\/\/www.salzburgerland.com\/de\/wp-content\/uploads\/2016\/07\/rs3644_19144-1019-f-slt-bauernherbst_a05_107-scr.jpg\",\"datePublished\":\"2024-07-17T14:00:53+00:00\",\"dateModified\":\"2024-07-18T07:28:05+00:00\",\"description\":\"In einer Welt, die sich st\u00e4ndig ver\u00e4ndert, gibt es eine Konstante, die sich seit Jahrhunderten Behauptet: die Tracht.\",\"breadcrumb\":{\"@id\":\"https:\/\/www.salzburgerland.com\/de\/dirndl-und-lederhose-botschafter-des-bauernherbstes\/#breadcrumb\"},\"inLanguage\":\"de\",\"potentialAction\":[{\"@type\":\"ReadAction\",\"target\":[\"https:\/\/www.salzburgerland.com\/de\/dirndl-und-lederhose-botschafter-des-bauernherbstes\/\"]}]},{\"@type\":\"ImageObject\",\"inLanguage\":\"de\",\"@id\":\"https:\/\/www.salzburgerland.com\/de\/dirndl-und-lederhose-botschafter-des-bauernherbstes\/#primaryimage\",\"url\":\"https:\/\/www.salzburgerland.com\/de\/wp-content\/uploads\/2016\/07\/rs3644_19144-1019-f-slt-bauernherbst_a05_107-scr.jpg\",\"contentUrl\":\"https:\/\/www.salzburgerland.com\/de\/wp-content\/uploads\/2016\/07\/rs3644_19144-1019-f-slt-bauernherbst_a05_107-scr.jpg\",\"width\":1100,\"height\":733,\"caption\":\"\u00a9 SalzburgerLand Tourismus, Edward Groeger, Bauernherbstfest Winterstellgut\"},{\"@type\":\"BreadcrumbList\",\"@id\":\"https:\/\/www.salzburgerland.com\/de\/dirndl-und-lederhose-botschafter-des-bauernherbstes\/#breadcrumb\",\"itemListElement\":[{\"@type\":\"ListItem\",\"position\":1,\"name\":\"Salzburger Bauernherbst\",\"item\":\"https:\/\/www.salzburgerland.com\/de\/bauernherbst\/\"},{\"@type\":\"ListItem\",\"position\":2,\"name\":\"Botschafter des Bauernherbstes &#8211; Dirndl und Lederhose\"}]},{\"@type\":\"WebSite\",\"@id\":\"https:\/\/www.salzburgerland.com\/de\/#website\",\"url\":\"https:\/\/www.salzburgerland.com\/de\/\",\"name\":\"SalzburgerLand.com\",\"description\":\"Ihr Urlaub in Salzburg, \u00d6sterreich\",\"publisher\":{\"@id\":\"https:\/\/www.salzburgerland.com\/de\/#organization\"},\"potentialAction\":[{\"@type\":\"SearchAction\",\"target\":{\"@type\":\"EntryPoint\",\"urlTemplate\":\"https:\/\/www.salzburgerland.com\/de\/?s={search_term_string}\"},\"query-input\":{\"@type\":\"PropertyValueSpecification\",\"valueRequired\":true,\"valueName\":\"search_term_string\"}}],\"inLanguage\":\"de\"},{\"@type\":\"Organization\",\"@id\":\"https:\/\/www.salzburgerland.com\/de\/#organization\",\"name\":\"SalzburgerLand Tourismus GmbH\",\"url\":\"https:\/\/www.salzburgerland.com\/de\/\",\"logo\":{\"@type\":\"ImageObject\",\"inLanguage\":\"de\",\"@id\":\"https:\/\/www.salzburgerland.com\/de\/#\/schema\/logo\/image\/\",\"url\":\"https:\/\/www.salzburgerland.com\/de\/wp-content\/uploads\/2017\/01\/salzburgerland-logo.jpg\",\"contentUrl\":\"https:\/\/www.salzburgerland.com\/de\/wp-content\/uploads\/2017\/01\/salzburgerland-logo.jpg\",\"width\":1920,\"height\":827,\"caption\":\"SalzburgerLand Tourismus GmbH\"},\"image\":{\"@id\":\"https:\/\/www.salzburgerland.com\/de\/#\/schema\/logo\/image\/\"},\"sameAs\":[\"https:\/\/www.facebook.com\/salzburgerland\/\",\"https:\/\/x.com\/Salzburgerland\",\"https:\/\/www.instagram.com\/salzburgerland\/\",\"http:\/\/dbpedia.org\/resource\/Salzburg_(state)\",\"http:\/\/wikidata.dbpedia.org\/resource\/Q43325\",\"http:\/\/open.salzburgerland.com\/de\/entity\/salzburgerland\",\"https:\/\/www.youtube.com\/user\/salzburgerland\"]},{\"@type\":\"Person\",\"@id\":\"https:\/\/www.salzburgerland.com\/de\/#\/schema\/person\/65a80fc9026a6fbf40cc6089d70adb1d\",\"name\":\"Eveline Bimminger\",\"image\":{\"@type\":\"ImageObject\",\"inLanguage\":\"de\",\"@id\":\"https:\/\/www.salzburgerland.com\/de\/#\/schema\/person\/image\/\",\"url\":\"https:\/\/secure.gravatar.com\/avatar\/c5f95e995df475f57c321bf8b272f1a534921fbcb75dd2613c990ba9689a9128?s=96&d=mm&r=g\",\"contentUrl\":\"https:\/\/secure.gravatar.com\/avatar\/c5f95e995df475f57c321bf8b272f1a534921fbcb75dd2613c990ba9689a9128?s=96&d=mm&r=g\",\"caption\":\"Eveline Bimminger\"}}]}<\/script>\n<!-- \/ Yoast SEO Premium plugin. -->","yoast_head_json":{"title":"Botschafter des Bauernherbstes - Dirndl und Lederhose \u00bb SalzburgerLand.com","robots":{"index":"index","follow":"follow","max-snippet":"max-snippet:-1","max-image-preview":"max-image-preview:large","max-video-preview":"max-video-preview:-1"},"canonical":"https:\/\/www.salzburgerland.com\/de\/wp-json\/wp\/v2\/posts\/672902","og_locale":"de_DE","og_type":"article","og_title":"Botschafter des Bauernherbstes - Dirndl und Lederhose","og_description":"In einer Welt, die sich st\u00e4ndig ver\u00e4ndert, gibt es eine Konstante, die sich seit Jahrhunderten Behauptet: die Tracht.","og_url":"https:\/\/www.salzburgerland.com\/de\/wp-json\/wp\/v2\/posts\/672902","og_site_name":"SalzburgerLand.com","article_publisher":"https:\/\/www.facebook.com\/salzburgerland\/","article_published_time":"2024-07-17T14:00:53+00:00","article_modified_time":"2024-07-18T07:28:05+00:00","og_image":[{"width":1100,"height":675,"url":"https:\/\/www.salzburgerland.com\/de\/wp-content\/uploads\/2016\/07\/rs3644_19144-1019-f-slt-bauernherbst_a05_107-scr-1100x675.jpg","type":"image\/jpeg"}],"author":"Eveline Bimminger","twitter_card":"summary_large_image","twitter_creator":"@Salzburgerland","twitter_site":"@Salzburgerland","twitter_misc":{"Verfasst von":"Eveline Bimminger","Gesch\u00e4tzte Lesezeit":"2\u00a0Minuten"},"schema":{"@context":"https:\/\/schema.org","@graph":[{"@type":"WebPage","@id":"https:\/\/www.salzburgerland.com\/de\/dirndl-und-lederhose-botschafter-des-bauernherbstes\/","url":"https:\/\/www.salzburgerland.com\/de\/dirndl-und-lederhose-botschafter-des-bauernherbstes\/","name":"Botschafter des Bauernherbstes - Dirndl und Lederhose \u00bb SalzburgerLand.com","isPartOf":{"@id":"https:\/\/www.salzburgerland.com\/de\/#website"},"primaryImageOfPage":{"@id":"https:\/\/www.salzburgerland.com\/de\/dirndl-und-lederhose-botschafter-des-bauernherbstes\/#primaryimage"},"image":{"@id":"https:\/\/www.salzburgerland.com\/de\/dirndl-und-lederhose-botschafter-des-bauernherbstes\/#primaryimage"},"thumbnailUrl":"https:\/\/www.salzburgerland.com\/de\/wp-content\/uploads\/2016\/07\/rs3644_19144-1019-f-slt-bauernherbst_a05_107-scr.jpg","datePublished":"2024-07-17T14:00:53+00:00","dateModified":"2024-07-18T07:28:05+00:00","description":"In einer Welt, die sich st\u00e4ndig ver\u00e4ndert, gibt es eine Konstante, die sich seit Jahrhunderten Behauptet: die Tracht.","breadcrumb":{"@id":"https:\/\/www.salzburgerland.com\/de\/dirndl-und-lederhose-botschafter-des-bauernherbstes\/#breadcrumb"},"inLanguage":"de","potentialAction":[{"@type":"ReadAction","target":["https:\/\/www.salzburgerland.com\/de\/dirndl-und-lederhose-botschafter-des-bauernherbstes\/"]}]},{"@type":"ImageObject","inLanguage":"de","@id":"https:\/\/www.salzburgerland.com\/de\/dirndl-und-lederhose-botschafter-des-bauernherbstes\/#primaryimage","url":"https:\/\/www.salzburgerland.com\/de\/wp-content\/uploads\/2016\/07\/rs3644_19144-1019-f-slt-bauernherbst_a05_107-scr.jpg","contentUrl":"https:\/\/www.salzburgerland.com\/de\/wp-content\/uploads\/2016\/07\/rs3644_19144-1019-f-slt-bauernherbst_a05_107-scr.jpg","width":1100,"height":733,"caption":"\u00a9 SalzburgerLand Tourismus, Edward Groeger, Bauernherbstfest Winterstellgut"},{"@type":"BreadcrumbList","@id":"https:\/\/www.salzburgerland.com\/de\/dirndl-und-lederhose-botschafter-des-bauernherbstes\/#breadcrumb","itemListElement":[{"@type":"ListItem","position":1,"name":"Salzburger Bauernherbst","item":"https:\/\/www.salzburgerland.com\/de\/bauernherbst\/"},{"@type":"ListItem","position":2,"name":"Botschafter des Bauernherbstes &#8211; Dirndl und Lederhose"}]},{"@type":"WebSite","@id":"https:\/\/www.salzburgerland.com\/de\/#website","url":"https:\/\/www.salzburgerland.com\/de\/","name":"SalzburgerLand.com","description":"Ihr Urlaub in Salzburg, \u00d6sterreich","publisher":{"@id":"https:\/\/www.salzburgerland.com\/de\/#organization"},"potentialAction":[{"@type":"SearchAction","target":{"@type":"EntryPoint","urlTemplate":"https:\/\/www.salzburgerland.com\/de\/?s={search_term_string}"},"query-input":{"@type":"PropertyValueSpecification","valueRequired":true,"valueName":"search_term_string"}}],"inLanguage":"de"},{"@type":"Organization","@id":"https:\/\/www.salzburgerland.com\/de\/#organization","name":"SalzburgerLand Tourismus GmbH","url":"https:\/\/www.salzburgerland.com\/de\/","logo":{"@type":"ImageObject","inLanguage":"de","@id":"https:\/\/www.salzburgerland.com\/de\/#\/schema\/logo\/image\/","url":"https:\/\/www.salzburgerland.com\/de\/wp-content\/uploads\/2017\/01\/salzburgerland-logo.jpg","contentUrl":"https:\/\/www.salzburgerland.com\/de\/wp-content\/uploads\/2017\/01\/salzburgerland-logo.jpg","width":1920,"height":827,"caption":"SalzburgerLand Tourismus GmbH"},"image":{"@id":"https:\/\/www.salzburgerland.com\/de\/#\/schema\/logo\/image\/"},"sameAs":["https:\/\/www.facebook.com\/salzburgerland\/","https:\/\/x.com\/Salzburgerland","https:\/\/www.instagram.com\/salzburgerland\/","http:\/\/dbpedia.org\/resource\/Salzburg_(state)","http:\/\/wikidata.dbpedia.org\/resource\/Q43325","http:\/\/open.salzburgerland.com\/de\/entity\/salzburgerland","https:\/\/www.youtube.com\/user\/salzburgerland"]},{"@type":"Person","@id":"https:\/\/www.salzburgerland.com\/de\/#\/schema\/person\/65a80fc9026a6fbf40cc6089d70adb1d","name":"Eveline Bimminger","image":{"@type":"ImageObject","inLanguage":"de","@id":"https:\/\/www.salzburgerland.com\/de\/#\/schema\/person\/image\/","url":"https:\/\/secure.gravatar.com\/avatar\/c5f95e995df475f57c321bf8b272f1a534921fbcb75dd2613c990ba9689a9128?s=96&d=mm&r=g","contentUrl":"https:\/\/secure.gravatar.com\/avatar\/c5f95e995df475f57c321bf8b272f1a534921fbcb75dd2613c990ba9689a9128?s=96&d=mm&r=g","caption":"Eveline Bimminger"}}]}},"_wl_alt_label":[],"wl:entity_url":"http:\/\/open.salzburgerland.com\/de\/post\/dirndl-und-lederhose-botschafter-des-bauernherbstes-672902","_links":{"self":[{"href":"https:\/\/www.salzburgerland.com\/de\/wp-json\/wp\/v2\/posts\/672902","targetHints":{"allow":["GET"]}}],"collection":[{"href":"https:\/\/www.salzburgerland.com\/de\/wp-json\/wp\/v2\/posts"}],"about":[{"href":"https:\/\/www.salzburgerland.com\/de\/wp-json\/wp\/v2\/types\/post"}],"author":[{"embeddable":true,"href":"https:\/\/www.salzburgerland.com\/de\/wp-json\/wp\/v2\/users\/44"}],"replies":[{"embeddable":true,"href":"https:\/\/www.salzburgerland.com\/de\/wp-json\/wp\/v2\/comments?post=672902"}],"version-history":[{"count":5,"href":"https:\/\/www.salzburgerland.com\/de\/wp-json\/wp\/v2\/posts\/672902\/revisions"}],"predecessor-version":[{"id":672965,"href":"https:\/\/www.salzburgerland.com\/de\/wp-json\/wp\/v2\/posts\/672902\/revisions\/672965"}],"wp:featuredmedia":[{"embeddable":true,"href":"https:\/\/www.salzburgerland.com\/de\/wp-json\/wp\/v2\/media\/667312"}],"wp:attachment":[{"href":"https:\/\/www.salzburgerland.com\/de\/wp-json\/wp\/v2\/media?parent=672902"}],"wp:term":[{"taxonomy":"category","embeddable":true,"href":"https:\/\/www.salzburgerland.com\/de\/wp-json\/wp\/v2\/categories?post=672902"},{"taxonomy":"post_tag","embeddable":true,"href":"https:\/\/www.salzburgerland.com\/de\/wp-json\/wp\/v2\/tags?post=672902"},{"taxonomy":"wl_entity_type","embeddable":true,"href":"https:\/\/www.salzburgerland.com\/de\/wp-json\/wp\/v2\/wl_entity_type?post=672902"}],"curies":[{"name":"wp","href":"https:\/\/api.w.org\/{rel}","templated":true}]}}