{"id":672893,"date":"2024-07-17T15:42:36","date_gmt":"2024-07-17T13:42:36","guid":{"rendered":"https:\/\/www.salzburgerland.com\/de\/?p=672893"},"modified":"2024-07-17T17:17:06","modified_gmt":"2024-07-17T15:17:06","slug":"tracht-gwand-im-bauernherbst-motto-2024","status":"publish","type":"post","link":"https:\/\/www.salzburgerland.com\/de\/tracht-gwand-im-bauernherbst-motto-2024\/","title":{"rendered":"Tracht &#038; Gwand im Bauernherbst Das Motto 2024"},"content":{"rendered":"<p>Im SalzburgerLand werden Dirndl, Lederhose und<span>\u00a0<\/span><span>Goldhaube <\/span>ganz selbstverst\u00e4ndlich getragen. Im Alltag ebenso wie an Feiertagen, in der Stadt genauso wie auf dem Land, von den Alten wie von den Jungen. Hier\u00a0ist die Liebe zur traditionellen Kleidung \u00fcber die Jahrzehnte nie verloren gegangen, ganz im Gegenteil. Die besonderen Kleidungsst\u00fccke werden auch im 21. Jahrhundert mit Traditionsbewusstsein aber auch neuen Einfl\u00fcssen gerne, voller stolz und selbstbewusst getragen.<\/p>\n<p>Jedes einzelne Trachtenunternehmen in Salzburg \u2013 und das sind mehr als irgendwo anders auf der Welt \u2013 achtet auf die traditionellen Wurzeln aber haben auch einen ganz eigenen und modernen Stil entwickelt. Dar\u00fcber hinaus gibt es enorm viele handarbeitskundige K\u00fcnstlerInnen und gelernte Ma\u00dfschneiderInnen, die landauf, landab Dirndln noch selber schneidern. Und auch die Jugend lernt schneidern von der Pieke auf in den Modefach- und Berufsschulen. Die<span>\u00a0<\/span><a href=\"https:\/\/www.salzburgerland.com\/de\/trachtengeschaefte-im-salzburgerland\/\" target=\"_blank\" rel=\"noopener\">Schneiderbetriebe<\/a><span>\u00a0<\/span>und Manufakturen statten mit viel Liebe zum Detail sowohl G\u00e4ste als auch Einheimische mit den neusten Modetrends aus, fast in jedem Bauernherbst-Ort finden sich passende<span>\u00a0<\/span><a href=\"https:\/\/www.salzburgerland.com\/de\/trachtengeschaefte-im-salzburgerland\/\" target=\"_blank\" rel=\"noopener\">Angebote<\/a><span>\u00a0<\/span>dazu.<\/p>\n","protected":false},"excerpt":{"rendered":"<p>Im SalzburgerLand werden Dirndl, Lederhose und\u00a0Goldhaube ganz selbstverst\u00e4ndlich getragen. Im Alltag ebenso wie an Feiertagen, in der Stadt genauso wie auf dem Land, von den Alten wie von den Jungen. Hier\u00a0ist die Liebe zur traditionellen Kleidung \u00fcber die Jahrzehnte nie verloren gegangen, ganz im Gegenteil. Die besonderen Kleidungsst\u00fccke werden auch im 21. Jahrhundert mit Traditionsbewusstsein [&hellip;]<\/p>\n","protected":false},"author":44,"featured_media":659805,"comment_status":"closed","ping_status":"closed","sticky":false,"template":"","format":"standard","meta":{"_acf_changed":false,"wl_entities_gutenberg":"","_relevanssi_hide_post":"","_relevanssi_hide_content":"","_relevanssi_pin_for_all":"","_relevanssi_pin_keywords":"","_relevanssi_unpin_keywords":"","_relevanssi_related_keywords":"","_relevanssi_related_include_ids":"","_relevanssi_related_exclude_ids":"","_relevanssi_related_no_append":"","_relevanssi_related_not_related":"","_relevanssi_related_posts":"","_relevanssi_noindex_reason":"","footnotes":""},"categories":[1],"tags":[],"wl_entity_type":[11495],"class_list":["post-672893","post","type-post","status-publish","format-standard","has-post-thumbnail","hentry","category-allgemein","wl_entity_type-article"],"acf":[],"yoast_head":"<!-- This site is optimized with the Yoast SEO Premium plugin v26.9 (Yoast SEO v26.9) - https:\/\/yoast.com\/product\/yoast-seo-premium-wordpress\/ -->\n<title>Tracht &amp; Gwand im Bauernherbst Das Motto 2024 \u00bb SalzburgerLand.com<\/title>\n<meta name=\"robots\" content=\"index, follow, max-snippet:-1, max-image-preview:large, max-video-preview:-1\" \/>\n<link rel=\"canonical\" href=\"https:\/\/www.salzburgerland.com\/de\/wp-json\/wp\/v2\/posts\/672893\" \/>\n<meta property=\"og:locale\" content=\"de_DE\" \/>\n<meta property=\"og:type\" content=\"article\" \/>\n<meta property=\"og:title\" content=\"Tracht &amp; Gwand im Bauernherbst Das Motto 2024\" \/>\n<meta property=\"og:description\" content=\"Dirndl, Lederhose und Goldhaube - ein Muss bei allen Bauernherbst-Festen. Die Tracht ist im Salzburger Bauernherbst allgegenw\u00e4rtig.\" \/>\n<meta property=\"og:url\" content=\"https:\/\/www.salzburgerland.com\/de\/wp-json\/wp\/v2\/posts\/672893\" \/>\n<meta property=\"og:site_name\" content=\"SalzburgerLand.com\" \/>\n<meta property=\"article:publisher\" content=\"https:\/\/www.facebook.com\/salzburgerland\/\" \/>\n<meta property=\"article:published_time\" content=\"2024-07-17T13:42:36+00:00\" \/>\n<meta property=\"article:modified_time\" content=\"2024-07-17T15:17:06+00:00\" \/>\n<meta property=\"og:image\" content=\"https:\/\/www.salzburgerland.com\/de\/wp-content\/uploads\/2023\/05\/favouriteplace-auf-der-tanzflaeche-1200x675.jpg\" \/>\n\t<meta property=\"og:image:width\" content=\"1200\" \/>\n\t<meta property=\"og:image:height\" content=\"675\" \/>\n\t<meta property=\"og:image:type\" content=\"image\/jpeg\" \/>\n<meta name=\"author\" content=\"Eveline Bimminger\" \/>\n<meta name=\"twitter:card\" content=\"summary_large_image\" \/>\n<meta name=\"twitter:creator\" content=\"@Salzburgerland\" \/>\n<meta name=\"twitter:site\" content=\"@Salzburgerland\" \/>\n<meta name=\"twitter:label1\" content=\"Verfasst von\" \/>\n\t<meta name=\"twitter:data1\" content=\"Eveline Bimminger\" \/>\n\t<meta name=\"twitter:label2\" content=\"Gesch\u00e4tzte Lesezeit\" \/>\n\t<meta name=\"twitter:data2\" content=\"3\u00a0Minuten\" \/>\n<script type=\"application\/ld+json\" class=\"yoast-schema-graph\">{\"@context\":\"https:\/\/schema.org\",\"@graph\":[{\"@type\":\"WebPage\",\"@id\":\"https:\/\/www.salzburgerland.com\/de\/tracht-gwand-im-bauernherbst-motto-2024\/\",\"url\":\"https:\/\/www.salzburgerland.com\/de\/tracht-gwand-im-bauernherbst-motto-2024\/\",\"name\":\"Tracht & Gwand im Bauernherbst Das Motto 2024 \u00bb SalzburgerLand.com\",\"isPartOf\":{\"@id\":\"https:\/\/www.salzburgerland.com\/de\/#website\"},\"primaryImageOfPage\":{\"@id\":\"https:\/\/www.salzburgerland.com\/de\/tracht-gwand-im-bauernherbst-motto-2024\/#primaryimage\"},\"image\":{\"@id\":\"https:\/\/www.salzburgerland.com\/de\/tracht-gwand-im-bauernherbst-motto-2024\/#primaryimage\"},\"thumbnailUrl\":\"https:\/\/www.salzburgerland.com\/de\/wp-content\/uploads\/2023\/05\/favouriteplace-auf-der-tanzflaeche-scaled.jpg\",\"datePublished\":\"2024-07-17T13:42:36+00:00\",\"dateModified\":\"2024-07-17T15:17:06+00:00\",\"description\":\"Dirndl, Lederhose und Goldhaube - ein Muss bei allen Bauernherbst-Festen. Die Tracht ist im Salzburger Bauernherbst allgegenw\u00e4rtig.\",\"breadcrumb\":{\"@id\":\"https:\/\/www.salzburgerland.com\/de\/tracht-gwand-im-bauernherbst-motto-2024\/#breadcrumb\"},\"inLanguage\":\"de\",\"potentialAction\":[{\"@type\":\"ReadAction\",\"target\":[\"https:\/\/www.salzburgerland.com\/de\/tracht-gwand-im-bauernherbst-motto-2024\/\"]}]},{\"@type\":\"ImageObject\",\"inLanguage\":\"de\",\"@id\":\"https:\/\/www.salzburgerland.com\/de\/tracht-gwand-im-bauernherbst-motto-2024\/#primaryimage\",\"url\":\"https:\/\/www.salzburgerland.com\/de\/wp-content\/uploads\/2023\/05\/favouriteplace-auf-der-tanzflaeche-scaled.jpg\",\"contentUrl\":\"https:\/\/www.salzburgerland.com\/de\/wp-content\/uploads\/2023\/05\/favouriteplace-auf-der-tanzflaeche-scaled.jpg\",\"width\":1920,\"height\":1280,\"caption\":\"\u00a9 SalzburgerLand Tourismus, Markus Berger, Bauernherbst Tanz\"},{\"@type\":\"BreadcrumbList\",\"@id\":\"https:\/\/www.salzburgerland.com\/de\/tracht-gwand-im-bauernherbst-motto-2024\/#breadcrumb\",\"itemListElement\":[{\"@type\":\"ListItem\",\"position\":1,\"name\":\"Salzburger Bauernherbst\",\"item\":\"https:\/\/www.salzburgerland.com\/de\/bauernherbst\/\"},{\"@type\":\"ListItem\",\"position\":2,\"name\":\"Tracht &#038; Gwand im Bauernherbst Das Motto 2024\"}]},{\"@type\":\"WebSite\",\"@id\":\"https:\/\/www.salzburgerland.com\/de\/#website\",\"url\":\"https:\/\/www.salzburgerland.com\/de\/\",\"name\":\"SalzburgerLand.com\",\"description\":\"Ihr Urlaub in Salzburg, \u00d6sterreich\",\"publisher\":{\"@id\":\"https:\/\/www.salzburgerland.com\/de\/#organization\"},\"potentialAction\":[{\"@type\":\"SearchAction\",\"target\":{\"@type\":\"EntryPoint\",\"urlTemplate\":\"https:\/\/www.salzburgerland.com\/de\/?s={search_term_string}\"},\"query-input\":{\"@type\":\"PropertyValueSpecification\",\"valueRequired\":true,\"valueName\":\"search_term_string\"}}],\"inLanguage\":\"de\"},{\"@type\":\"Organization\",\"@id\":\"https:\/\/www.salzburgerland.com\/de\/#organization\",\"name\":\"SalzburgerLand Tourismus GmbH\",\"url\":\"https:\/\/www.salzburgerland.com\/de\/\",\"logo\":{\"@type\":\"ImageObject\",\"inLanguage\":\"de\",\"@id\":\"https:\/\/www.salzburgerland.com\/de\/#\/schema\/logo\/image\/\",\"url\":\"https:\/\/www.salzburgerland.com\/de\/wp-content\/uploads\/2017\/01\/salzburgerland-logo.jpg\",\"contentUrl\":\"https:\/\/www.salzburgerland.com\/de\/wp-content\/uploads\/2017\/01\/salzburgerland-logo.jpg\",\"width\":1920,\"height\":827,\"caption\":\"SalzburgerLand Tourismus GmbH\"},\"image\":{\"@id\":\"https:\/\/www.salzburgerland.com\/de\/#\/schema\/logo\/image\/\"},\"sameAs\":[\"https:\/\/www.facebook.com\/salzburgerland\/\",\"https:\/\/x.com\/Salzburgerland\",\"https:\/\/www.instagram.com\/salzburgerland\/\",\"http:\/\/dbpedia.org\/resource\/Salzburg_(state)\",\"http:\/\/wikidata.dbpedia.org\/resource\/Q43325\",\"http:\/\/open.salzburgerland.com\/de\/entity\/salzburgerland\",\"https:\/\/www.youtube.com\/user\/salzburgerland\"]},{\"@type\":\"Person\",\"@id\":\"https:\/\/www.salzburgerland.com\/de\/#\/schema\/person\/65a80fc9026a6fbf40cc6089d70adb1d\",\"name\":\"Eveline Bimminger\",\"image\":{\"@type\":\"ImageObject\",\"inLanguage\":\"de\",\"@id\":\"https:\/\/www.salzburgerland.com\/de\/#\/schema\/person\/image\/\",\"url\":\"https:\/\/secure.gravatar.com\/avatar\/c5f95e995df475f57c321bf8b272f1a534921fbcb75dd2613c990ba9689a9128?s=96&d=mm&r=g\",\"contentUrl\":\"https:\/\/secure.gravatar.com\/avatar\/c5f95e995df475f57c321bf8b272f1a534921fbcb75dd2613c990ba9689a9128?s=96&d=mm&r=g\",\"caption\":\"Eveline Bimminger\"}}]}<\/script>\n<!-- \/ Yoast SEO Premium plugin. -->","yoast_head_json":{"title":"Tracht & Gwand im Bauernherbst Das Motto 2024 \u00bb SalzburgerLand.com","robots":{"index":"index","follow":"follow","max-snippet":"max-snippet:-1","max-image-preview":"max-image-preview:large","max-video-preview":"max-video-preview:-1"},"canonical":"https:\/\/www.salzburgerland.com\/de\/wp-json\/wp\/v2\/posts\/672893","og_locale":"de_DE","og_type":"article","og_title":"Tracht & Gwand im Bauernherbst Das Motto 2024","og_description":"Dirndl, Lederhose und Goldhaube - ein Muss bei allen Bauernherbst-Festen. Die Tracht ist im Salzburger Bauernherbst allgegenw\u00e4rtig.","og_url":"https:\/\/www.salzburgerland.com\/de\/wp-json\/wp\/v2\/posts\/672893","og_site_name":"SalzburgerLand.com","article_publisher":"https:\/\/www.facebook.com\/salzburgerland\/","article_published_time":"2024-07-17T13:42:36+00:00","article_modified_time":"2024-07-17T15:17:06+00:00","og_image":[{"width":1200,"height":675,"url":"https:\/\/www.salzburgerland.com\/de\/wp-content\/uploads\/2023\/05\/favouriteplace-auf-der-tanzflaeche-1200x675.jpg","type":"image\/jpeg"}],"author":"Eveline Bimminger","twitter_card":"summary_large_image","twitter_creator":"@Salzburgerland","twitter_site":"@Salzburgerland","twitter_misc":{"Verfasst von":"Eveline Bimminger","Gesch\u00e4tzte Lesezeit":"3\u00a0Minuten"},"schema":{"@context":"https:\/\/schema.org","@graph":[{"@type":"WebPage","@id":"https:\/\/www.salzburgerland.com\/de\/tracht-gwand-im-bauernherbst-motto-2024\/","url":"https:\/\/www.salzburgerland.com\/de\/tracht-gwand-im-bauernherbst-motto-2024\/","name":"Tracht & Gwand im Bauernherbst Das Motto 2024 \u00bb SalzburgerLand.com","isPartOf":{"@id":"https:\/\/www.salzburgerland.com\/de\/#website"},"primaryImageOfPage":{"@id":"https:\/\/www.salzburgerland.com\/de\/tracht-gwand-im-bauernherbst-motto-2024\/#primaryimage"},"image":{"@id":"https:\/\/www.salzburgerland.com\/de\/tracht-gwand-im-bauernherbst-motto-2024\/#primaryimage"},"thumbnailUrl":"https:\/\/www.salzburgerland.com\/de\/wp-content\/uploads\/2023\/05\/favouriteplace-auf-der-tanzflaeche-scaled.jpg","datePublished":"2024-07-17T13:42:36+00:00","dateModified":"2024-07-17T15:17:06+00:00","description":"Dirndl, Lederhose und Goldhaube - ein Muss bei allen Bauernherbst-Festen. Die Tracht ist im Salzburger Bauernherbst allgegenw\u00e4rtig.","breadcrumb":{"@id":"https:\/\/www.salzburgerland.com\/de\/tracht-gwand-im-bauernherbst-motto-2024\/#breadcrumb"},"inLanguage":"de","potentialAction":[{"@type":"ReadAction","target":["https:\/\/www.salzburgerland.com\/de\/tracht-gwand-im-bauernherbst-motto-2024\/"]}]},{"@type":"ImageObject","inLanguage":"de","@id":"https:\/\/www.salzburgerland.com\/de\/tracht-gwand-im-bauernherbst-motto-2024\/#primaryimage","url":"https:\/\/www.salzburgerland.com\/de\/wp-content\/uploads\/2023\/05\/favouriteplace-auf-der-tanzflaeche-scaled.jpg","contentUrl":"https:\/\/www.salzburgerland.com\/de\/wp-content\/uploads\/2023\/05\/favouriteplace-auf-der-tanzflaeche-scaled.jpg","width":1920,"height":1280,"caption":"\u00a9 SalzburgerLand Tourismus, Markus Berger, Bauernherbst Tanz"},{"@type":"BreadcrumbList","@id":"https:\/\/www.salzburgerland.com\/de\/tracht-gwand-im-bauernherbst-motto-2024\/#breadcrumb","itemListElement":[{"@type":"ListItem","position":1,"name":"Salzburger Bauernherbst","item":"https:\/\/www.salzburgerland.com\/de\/bauernherbst\/"},{"@type":"ListItem","position":2,"name":"Tracht &#038; Gwand im Bauernherbst Das Motto 2024"}]},{"@type":"WebSite","@id":"https:\/\/www.salzburgerland.com\/de\/#website","url":"https:\/\/www.salzburgerland.com\/de\/","name":"SalzburgerLand.com","description":"Ihr Urlaub in Salzburg, \u00d6sterreich","publisher":{"@id":"https:\/\/www.salzburgerland.com\/de\/#organization"},"potentialAction":[{"@type":"SearchAction","target":{"@type":"EntryPoint","urlTemplate":"https:\/\/www.salzburgerland.com\/de\/?s={search_term_string}"},"query-input":{"@type":"PropertyValueSpecification","valueRequired":true,"valueName":"search_term_string"}}],"inLanguage":"de"},{"@type":"Organization","@id":"https:\/\/www.salzburgerland.com\/de\/#organization","name":"SalzburgerLand Tourismus GmbH","url":"https:\/\/www.salzburgerland.com\/de\/","logo":{"@type":"ImageObject","inLanguage":"de","@id":"https:\/\/www.salzburgerland.com\/de\/#\/schema\/logo\/image\/","url":"https:\/\/www.salzburgerland.com\/de\/wp-content\/uploads\/2017\/01\/salzburgerland-logo.jpg","contentUrl":"https:\/\/www.salzburgerland.com\/de\/wp-content\/uploads\/2017\/01\/salzburgerland-logo.jpg","width":1920,"height":827,"caption":"SalzburgerLand Tourismus GmbH"},"image":{"@id":"https:\/\/www.salzburgerland.com\/de\/#\/schema\/logo\/image\/"},"sameAs":["https:\/\/www.facebook.com\/salzburgerland\/","https:\/\/x.com\/Salzburgerland","https:\/\/www.instagram.com\/salzburgerland\/","http:\/\/dbpedia.org\/resource\/Salzburg_(state)","http:\/\/wikidata.dbpedia.org\/resource\/Q43325","http:\/\/open.salzburgerland.com\/de\/entity\/salzburgerland","https:\/\/www.youtube.com\/user\/salzburgerland"]},{"@type":"Person","@id":"https:\/\/www.salzburgerland.com\/de\/#\/schema\/person\/65a80fc9026a6fbf40cc6089d70adb1d","name":"Eveline Bimminger","image":{"@type":"ImageObject","inLanguage":"de","@id":"https:\/\/www.salzburgerland.com\/de\/#\/schema\/person\/image\/","url":"https:\/\/secure.gravatar.com\/avatar\/c5f95e995df475f57c321bf8b272f1a534921fbcb75dd2613c990ba9689a9128?s=96&d=mm&r=g","contentUrl":"https:\/\/secure.gravatar.com\/avatar\/c5f95e995df475f57c321bf8b272f1a534921fbcb75dd2613c990ba9689a9128?s=96&d=mm&r=g","caption":"Eveline Bimminger"}}]}},"_wl_alt_label":[],"wl:entity_url":"http:\/\/open.salzburgerland.com\/de\/post\/tracht-gwand-im-bauernherbst-motto-2024-672893","_links":{"self":[{"href":"https:\/\/www.salzburgerland.com\/de\/wp-json\/wp\/v2\/posts\/672893","targetHints":{"allow":["GET"]}}],"collection":[{"href":"https:\/\/www.salzburgerland.com\/de\/wp-json\/wp\/v2\/posts"}],"about":[{"href":"https:\/\/www.salzburgerland.com\/de\/wp-json\/wp\/v2\/types\/post"}],"author":[{"embeddable":true,"href":"https:\/\/www.salzburgerland.com\/de\/wp-json\/wp\/v2\/users\/44"}],"replies":[{"embeddable":true,"href":"https:\/\/www.salzburgerland.com\/de\/wp-json\/wp\/v2\/comments?post=672893"}],"version-history":[{"count":26,"href":"https:\/\/www.salzburgerland.com\/de\/wp-json\/wp\/v2\/posts\/672893\/revisions"}],"predecessor-version":[{"id":672932,"href":"https:\/\/www.salzburgerland.com\/de\/wp-json\/wp\/v2\/posts\/672893\/revisions\/672932"}],"wp:featuredmedia":[{"embeddable":true,"href":"https:\/\/www.salzburgerland.com\/de\/wp-json\/wp\/v2\/media\/659805"}],"wp:attachment":[{"href":"https:\/\/www.salzburgerland.com\/de\/wp-json\/wp\/v2\/media?parent=672893"}],"wp:term":[{"taxonomy":"category","embeddable":true,"href":"https:\/\/www.salzburgerland.com\/de\/wp-json\/wp\/v2\/categories?post=672893"},{"taxonomy":"post_tag","embeddable":true,"href":"https:\/\/www.salzburgerland.com\/de\/wp-json\/wp\/v2\/tags?post=672893"},{"taxonomy":"wl_entity_type","embeddable":true,"href":"https:\/\/www.salzburgerland.com\/de\/wp-json\/wp\/v2\/wl_entity_type?post=672893"}],"curies":[{"name":"wp","href":"https:\/\/api.w.org\/{rel}","templated":true}]}}