{"id":672768,"date":"2024-07-10T13:50:30","date_gmt":"2024-07-10T11:50:30","guid":{"rendered":"https:\/\/www.salzburgerland.com\/de\/?p=672768"},"modified":"2024-07-10T14:49:30","modified_gmt":"2024-07-10T12:49:30","slug":"unsere-packliste-fuer-bikepacking-abenteuer","status":"publish","type":"post","link":"https:\/\/www.salzburgerland.com\/de\/unsere-packliste-fuer-bikepacking-abenteuer\/","title":{"rendered":"Unsere Packliste f\u00fcr Bikepacking-Abenteuer"},"content":{"rendered":"<h2>Ist das Bike bereit f\u00fcr die Tour?<\/h2>\n<h3>Ab in die Werkstatt zum Service<\/h3>\n<p>Vor der Tour steht euer Bike im Fokus. Denn nur wenn alles funktioniert, steht eurem Bikepacking-Erlebnis nichts im Wege. Ein <strong>Werkstattbesuch<\/strong> ist unverzichtbar, au\u00dfer ihr seid selbst fitte Schrauber: Sind noch <strong>ausreichend Bremsbel\u00e4ge<\/strong> vorhanden? <strong>Funktioniert der Antrieb<\/strong> einwandfrei? Sind <strong>Tretlager und Laufr\u00e4der intakt<\/strong>? F\u00fcr unsere Touren empfehlen wir <strong>Reifen mit \u00fcber 40 mm Breite<\/strong>, vorzugsweise <strong>tubeless<\/strong> wegen der h\u00f6heren Pannensicherheit. <strong>Schnellrollende Reifen<\/strong> sind ideal, und je nach der eigenen Kraft sollten vorne <strong>38 oder 40 Z\u00e4hne<\/strong> und hinten <strong>10\/42 Z\u00e4hne<\/strong> verwendet werden. Leichter ist hier immer besser.<\/p>\n<img decoding=\"async\" class=\"alignnone size-1170_658 wp-image-669775\" src=\"https:\/\/www.salzburgerland.com\/de\/wp-content\/uploads\/2024\/03\/ro8a411-1170x658.jpg\" alt=\"\" width=\"1170\" height=\"658\" srcset=\"https:\/\/www.salzburgerland.com\/de\/wp-content\/uploads\/2024\/03\/ro8a411-1170x658.jpg 1170w, https:\/\/www.salzburgerland.com\/de\/wp-content\/uploads\/2024\/03\/ro8a411-1200x675.jpg 1200w\" sizes=\"(max-width: 1170px) 100vw, 1170px\">\n<h3>Ersatzteile und Ausstattung f\u00fcr unterwegs<\/h3>\n<p>Jetzt geht\u2019s raus auf die Stra\u00dfe. Und auch wenn ihr gerade erst beim Service gewesen seid, kann auch hier immer wieder etwas schiefgehen. Macht aber nichts, wenn ihr auf uns h\u00f6rt und folgende Ersatzteile und Ausr\u00fcstung mit dabeihabt. Diese helfen euch, Probleme jeglicher Art schnell und effizient zu l\u00f6sen.<\/p>\n<ul>\n<li><strong>Schaltzug<\/strong> und <strong>Wechselakku<\/strong><\/li>\n<li><strong>Kettenglieder<\/strong><\/li>\n<li><strong>leichter Schlauch<\/strong> oder <strong>Tubeless-Salami inkl. Werkzeug<\/strong><\/li>\n<li><strong>Pumpe<\/strong> oder <strong>CO2-Kartusche<\/strong><\/li>\n<li><strong>Ketten\u00f6l<\/strong><\/li>\n<li><strong>Bremsbel\u00e4ge<\/strong><\/li>\n<\/ul>\n<p>Dazu geh\u00f6ren mindestens eine <strong>Trinkflasche, Front- und R\u00fccklicht<\/strong> sowie ein <strong>Navigationsger\u00e4t<\/strong>.<\/p>\n<h2><strong>Habt ihr die richtigen Taschen dabei?<\/strong><\/h2>\n<p>Nachdem das Bike fit ist, geht es ans Packen. Und auch hier sollte einiges bedacht sein. Die Wahl der Taschen ist entscheidend und sie sollten unbedingt wasserfest sein. Damit eure Sachen auch nach einem kr\u00e4ftigen Regenguss trocken bleiben und kein Fall f\u00fcr die W\u00e4scheleine sind. Wichtig ist aber auch, in welche Tasche was kommt. Hier ein paar Tipps:<\/p>\n<ul>\n<li><strong>Satteltasche<\/strong>: sperrige Gegenst\u00e4nde wie <strong>Kleidung<\/strong> und <strong>Hygieneartikel<\/strong>, die nur abends ben\u00f6tigt werden.<\/li>\n<li><strong>Lenkertasche<\/strong>: Dinge, die nicht st\u00e4ndig gebraucht werden, wie <strong>Regenbekleidung<\/strong> oder <strong>warme Kleidung<\/strong>.<\/li>\n<li><strong>Oberrohrtasche<\/strong>: F\u00fcr schnellen Zugriff auf <strong>Snacks, Smartphone, Kamera, Geld<\/strong> und <strong>Kreditkarten<\/strong>.<\/li>\n<li><strong>Rahmentasche<\/strong>: Schwere Teile wie <strong>Ersatzteile<\/strong> und <strong>Werkzeug<\/strong> geh\u00f6ren hierhin.<\/li>\n<\/ul>\n<p>Solltet ihr zus\u00e4tzlichen Platz ben\u00f6tigen, sind <strong>Gabeltaschen<\/strong> und <strong>Gep\u00e4cktr\u00e4gertaschen<\/strong> eine gute Option.<\/p>\n<img decoding=\"async\" class=\"alignnone size-1170_658 wp-image-669757\" src=\"https:\/\/www.salzburgerland.com\/de\/wp-content\/uploads\/2024\/03\/roba491-1170x658.jpg\" alt=\"\" width=\"1170\" height=\"658\" srcset=\"https:\/\/www.salzburgerland.com\/de\/wp-content\/uploads\/2024\/03\/roba491-1170x658.jpg 1170w, https:\/\/www.salzburgerland.com\/de\/wp-content\/uploads\/2024\/03\/roba491-1200x675.jpg 1200w\" sizes=\"(max-width: 1170px) 100vw, 1170px\">\n<h2><strong>Die richtige Kleidung eingepackt?<\/strong><\/h2>\n<p>Jetzt geht\u2019s ans Eingemachte. Denn wie bei jeder Ausfahrt, steht man kurz vor dem Aufbrechen vor der wichtigen Entscheidung, welche Kleidung man mitnehmen sollte. Hier hilft ein Blick auf den Wetterbericht. Aber man sollte sich von den guten Aussichten auch nicht zu sehr in Sicherheit wiegen lassen. In den Bergen kann das Wetter sehr schnell umschlagen. Und darauf sollte man vorbereitet sein. Folgende Sachen geh\u00f6ren unbedingt mit:<\/p>\n<ul>\n<li><strong>Komplett-Wechselkleidung<\/strong>: <strong>Unterhemd, Radhose, Trikot<\/strong> und <strong>Socken<\/strong>.<\/li>\n<li><strong>Armlinge und Beinlinge<\/strong> f\u00fcr niedrigere Temperaturen.<\/li>\n<li><strong>Helm, Sonnenbrille<\/strong>, eventuell ein<strong> Rennradcap<\/strong> und <strong>passende Fahrradschuhe<\/strong>.<\/li>\n<\/ul>\n<p>F\u00fcr <strong>Regenwetter<\/strong> sind eine <strong>Regenjacke<\/strong>, eventuell eine <strong>Regenhose<\/strong> und <strong>Schuh\u00fcberzieher<\/strong> ratsam. Eine leichte <strong>Isolationsjacke<\/strong>, eine <strong>Haube<\/strong> und <strong>Freizeitbekleidung<\/strong> wie <strong>Hose, Longsleeve, Unterw\u00e4sche<\/strong> und <strong>leichte Schuhe<\/strong> f\u00fcr den Abend sollten ebenfalls dabei sein.<\/p>\n<img decoding=\"async\" class=\"alignnone size-1170_658 wp-image-669759\" src=\"https:\/\/www.salzburgerland.com\/de\/wp-content\/uploads\/2024\/03\/roastm4-1170x658.jpg\" alt=\"\" width=\"1170\" height=\"658\" srcset=\"https:\/\/www.salzburgerland.com\/de\/wp-content\/uploads\/2024\/03\/roastm4-1170x658.jpg 1170w, https:\/\/www.salzburgerland.com\/de\/wp-content\/uploads\/2024\/03\/roastm4-1200x675.jpg 1200w\" sizes=\"(max-width: 1170px) 100vw, 1170px\">\n<h2><strong>Und sonst noch so?<\/strong><\/h2>\n<p>Es gibt immer wieder Dinge, die man schnell vergisst. Hier einige wichtige Erg\u00e4nzungen:<\/p>\n<ul>\n<li><strong>Offline-Karten<\/strong> (z.B. von <a href=\"https:\/\/www.komoot.com\/de-de\/collection\/2393166\/graveltour-salzburgerland-die-zarte\" target=\"_blank\" rel=\"noopener\">komoot<\/a>), man wei\u00df ja nie, wann einen der Empfang im Stich l\u00e4sst.<\/li>\n<li><strong>Powerbank<\/strong> und das <strong>richtige Ladekabel<\/strong><\/li>\n<li><strong>Riegel und Snacks<\/strong> f\u00fcr unterwegs, <strong>Magnesiumbrause<\/strong> f\u00fcr den Abend<\/li>\n<li><strong>Erste-Hilfe-Set<\/strong> und nat\u00fcrlich <strong>Schokolade<\/strong><\/li>\n<\/ul>\n<p><strong>Ach ja, was sonst noch wichtig ist:<\/strong> Bitte gebt eurem <strong>Sicherheitskontakt<\/strong> immer Bescheid, wo ihr gerade unterwegs seid. Seht euch die Route im Vorfeld immer genau an und falls noch nicht vorab geschehen, bucht eure Unterkunft f\u00fcr die Nacht sp\u00e4testens zu Mittag.<\/p>\n<p><strong>Los geht\u2019s! Wir w\u00fcnschen euch viel Spa\u00df.<\/strong><\/p>\n<h2>Erfahrungsbericht<\/h2>\n<p>Wenn ihr \u00fcberlegt, euch auf eines der gr\u00f6\u00dften Abenteuer der Alpen zu begeben und <a href=\"https:\/\/www.salzburgerland.com\/de\/die-harte_graveltour\/\" target=\"_blank\" rel=\"noopener\">\u201edie Harte\u201c<\/a> durch das SalzburgerLand f\u00fcr euch zu entdecken, dann solltet ihr unbedingt einmal bei Angelika und Reinhard und ihrem Blog <span><a href=\"https:\/\/www.saddlestories.at\" target=\"_blank\" rel=\"noopener\">Saddle Stories<\/a> reinschauen. Die beiden haben sich der Herausforderung gestellt und berichten auf ihre gewohnt lockere und informative Art \u00fcber ihre Erlebnisse. <a href=\"https:\/\/www.saddlestories.at\/salzburgerland-diehartegravelroute\/\" target=\"_blank\" rel=\"noopener\">Hier geht\u2019s zu ihrer Geschichte<\/a>.\u00a0<\/span><\/p>\n","protected":false},"excerpt":{"rendered":"<p>Ist das Bike bereit f\u00fcr die Tour? Ab in die Werkstatt zum Service Vor der Tour steht euer Bike im Fokus. Denn nur wenn alles funktioniert, steht eurem Bikepacking-Erlebnis nichts im Wege. Ein Werkstattbesuch ist unverzichtbar, au\u00dfer ihr seid selbst fitte Schrauber: Sind noch ausreichend Bremsbel\u00e4ge vorhanden? Funktioniert der Antrieb einwandfrei? Sind Tretlager und Laufr\u00e4der [&hellip;]<\/p>\n","protected":false},"author":20,"featured_media":669753,"comment_status":"closed","ping_status":"closed","sticky":false,"template":"","format":"standard","meta":{"_acf_changed":false,"wl_entities_gutenberg":"","_relevanssi_hide_post":"","_relevanssi_hide_content":"","_relevanssi_pin_for_all":"","_relevanssi_pin_keywords":"","_relevanssi_unpin_keywords":"","_relevanssi_related_keywords":"","_relevanssi_related_include_ids":"","_relevanssi_related_exclude_ids":"","_relevanssi_related_no_append":"","_relevanssi_related_not_related":"","_relevanssi_related_posts":"","_relevanssi_noindex_reason":"","footnotes":""},"categories":[1],"tags":[],"wl_entity_type":[11495],"class_list":["post-672768","post","type-post","status-publish","format-standard","has-post-thumbnail","hentry","category-allgemein","wl_entity_type-article"],"acf":[],"yoast_head":"<!-- This site is optimized with the Yoast SEO Premium plugin v26.9 (Yoast SEO v26.9) - https:\/\/yoast.com\/product\/yoast-seo-premium-wordpress\/ -->\n<title>Unsere Packliste f\u00fcr Bikepacking-Abenteuer<\/title>\n<meta name=\"description\" content=\"Wir erz\u00e4hlen euch, was man alles mitnehmen muss, wenn man sich auf eine mehrt\u00e4gige Gravel-Runde durch das SalzburgerLand begibt.\" \/>\n<meta name=\"robots\" content=\"index, follow, max-snippet:-1, max-image-preview:large, max-video-preview:-1\" \/>\n<link rel=\"canonical\" href=\"https:\/\/www.salzburgerland.com\/de\/wp-json\/wp\/v2\/posts\/672768\" \/>\n<meta property=\"og:locale\" content=\"de_DE\" \/>\n<meta property=\"og:type\" content=\"article\" \/>\n<meta property=\"og:title\" content=\"Unsere Packliste f\u00fcr Bikepacking-Abenteuer\" \/>\n<meta property=\"og:description\" content=\"Wir erz\u00e4hlen euch, was man alles mitnehmen muss, wenn man sich auf eine mehrt\u00e4gige Gravel-Runde durch das SalzburgerLand begibt.\" \/>\n<meta property=\"og:url\" content=\"https:\/\/www.salzburgerland.com\/de\/wp-json\/wp\/v2\/posts\/672768\" \/>\n<meta property=\"og:site_name\" content=\"SalzburgerLand.com\" \/>\n<meta property=\"article:publisher\" content=\"https:\/\/www.facebook.com\/salzburgerland\/\" \/>\n<meta property=\"article:published_time\" content=\"2024-07-10T11:50:30+00:00\" \/>\n<meta property=\"article:modified_time\" content=\"2024-07-10T12:49:30+00:00\" \/>\n<meta property=\"og:image\" content=\"https:\/\/www.salzburgerland.com\/de\/wp-content\/uploads\/2024\/03\/rof97b1-1200x675.jpg\" \/>\n\t<meta property=\"og:image:width\" content=\"1200\" \/>\n\t<meta property=\"og:image:height\" content=\"675\" \/>\n\t<meta property=\"og:image:type\" content=\"image\/jpeg\" \/>\n<meta name=\"author\" content=\"Peter Zeitlhofer\" \/>\n<meta name=\"twitter:card\" content=\"summary_large_image\" \/>\n<meta name=\"twitter:creator\" content=\"@Salzburgerland\" \/>\n<meta name=\"twitter:site\" content=\"@Salzburgerland\" \/>\n<meta name=\"twitter:label1\" content=\"Verfasst von\" \/>\n\t<meta name=\"twitter:data1\" content=\"Peter Zeitlhofer\" \/>\n\t<meta name=\"twitter:label2\" content=\"Gesch\u00e4tzte Lesezeit\" \/>\n\t<meta name=\"twitter:data2\" content=\"5\u00a0Minuten\" \/>\n<script type=\"application\/ld+json\" class=\"yoast-schema-graph\">{\"@context\":\"https:\/\/schema.org\",\"@graph\":[{\"@type\":\"WebPage\",\"@id\":\"https:\/\/www.salzburgerland.com\/de\/unsere-packliste-fuer-bikepacking-abenteuer\/\",\"url\":\"https:\/\/www.salzburgerland.com\/de\/unsere-packliste-fuer-bikepacking-abenteuer\/\",\"name\":\"Unsere Packliste f\u00fcr Bikepacking-Abenteuer\",\"isPartOf\":{\"@id\":\"https:\/\/www.salzburgerland.com\/de\/#website\"},\"primaryImageOfPage\":{\"@id\":\"https:\/\/www.salzburgerland.com\/de\/unsere-packliste-fuer-bikepacking-abenteuer\/#primaryimage\"},\"image\":{\"@id\":\"https:\/\/www.salzburgerland.com\/de\/unsere-packliste-fuer-bikepacking-abenteuer\/#primaryimage\"},\"thumbnailUrl\":\"https:\/\/www.salzburgerland.com\/de\/wp-content\/uploads\/2024\/03\/rof97b1.jpg\",\"datePublished\":\"2024-07-10T11:50:30+00:00\",\"dateModified\":\"2024-07-10T12:49:30+00:00\",\"description\":\"Wir erz\u00e4hlen euch, was man alles mitnehmen muss, wenn man sich auf eine mehrt\u00e4gige Gravel-Runde durch das SalzburgerLand begibt.\",\"breadcrumb\":{\"@id\":\"https:\/\/www.salzburgerland.com\/de\/unsere-packliste-fuer-bikepacking-abenteuer\/#breadcrumb\"},\"inLanguage\":\"de\",\"potentialAction\":[{\"@type\":\"ReadAction\",\"target\":[\"https:\/\/www.salzburgerland.com\/de\/unsere-packliste-fuer-bikepacking-abenteuer\/\"]}]},{\"@type\":\"ImageObject\",\"inLanguage\":\"de\",\"@id\":\"https:\/\/www.salzburgerland.com\/de\/unsere-packliste-fuer-bikepacking-abenteuer\/#primaryimage\",\"url\":\"https:\/\/www.salzburgerland.com\/de\/wp-content\/uploads\/2024\/03\/rof97b1.jpg\",\"contentUrl\":\"https:\/\/www.salzburgerland.com\/de\/wp-content\/uploads\/2024\/03\/rof97b1.jpg\",\"width\":1280,\"height\":1920,\"caption\":\"Drei Radfahrer mit Helmen und Ausr\u00fcstung \u00fcberpr\u00fcfen ihre Telefone neben ihrem Gravel-Bike an einem modernen Geb\u00e4ude.\"},{\"@type\":\"BreadcrumbList\",\"@id\":\"https:\/\/www.salzburgerland.com\/de\/unsere-packliste-fuer-bikepacking-abenteuer\/#breadcrumb\",\"itemListElement\":[{\"@type\":\"ListItem\",\"position\":1,\"name\":\"Biken und Radfahren\",\"item\":\"https:\/\/www.salzburgerland.com\/de\/rad-bike\/\"},{\"@type\":\"ListItem\",\"position\":2,\"name\":\"Unsere Packliste f\u00fcr Bikepacking-Abenteuer\"}]},{\"@type\":\"WebSite\",\"@id\":\"https:\/\/www.salzburgerland.com\/de\/#website\",\"url\":\"https:\/\/www.salzburgerland.com\/de\/\",\"name\":\"SalzburgerLand.com\",\"description\":\"Ihr Urlaub in Salzburg, \u00d6sterreich\",\"publisher\":{\"@id\":\"https:\/\/www.salzburgerland.com\/de\/#organization\"},\"potentialAction\":[{\"@type\":\"SearchAction\",\"target\":{\"@type\":\"EntryPoint\",\"urlTemplate\":\"https:\/\/www.salzburgerland.com\/de\/?s={search_term_string}\"},\"query-input\":{\"@type\":\"PropertyValueSpecification\",\"valueRequired\":true,\"valueName\":\"search_term_string\"}}],\"inLanguage\":\"de\"},{\"@type\":\"Organization\",\"@id\":\"https:\/\/www.salzburgerland.com\/de\/#organization\",\"name\":\"SalzburgerLand Tourismus GmbH\",\"url\":\"https:\/\/www.salzburgerland.com\/de\/\",\"logo\":{\"@type\":\"ImageObject\",\"inLanguage\":\"de\",\"@id\":\"https:\/\/www.salzburgerland.com\/de\/#\/schema\/logo\/image\/\",\"url\":\"https:\/\/www.salzburgerland.com\/de\/wp-content\/uploads\/2017\/01\/salzburgerland-logo.jpg\",\"contentUrl\":\"https:\/\/www.salzburgerland.com\/de\/wp-content\/uploads\/2017\/01\/salzburgerland-logo.jpg\",\"width\":1920,\"height\":827,\"caption\":\"SalzburgerLand Tourismus GmbH\"},\"image\":{\"@id\":\"https:\/\/www.salzburgerland.com\/de\/#\/schema\/logo\/image\/\"},\"sameAs\":[\"https:\/\/www.facebook.com\/salzburgerland\/\",\"https:\/\/x.com\/Salzburgerland\",\"https:\/\/www.instagram.com\/salzburgerland\/\",\"http:\/\/dbpedia.org\/resource\/Salzburg_(state)\",\"http:\/\/wikidata.dbpedia.org\/resource\/Q43325\",\"http:\/\/open.salzburgerland.com\/de\/entity\/salzburgerland\",\"https:\/\/www.youtube.com\/user\/salzburgerland\"]},{\"@type\":\"Person\",\"@id\":\"https:\/\/www.salzburgerland.com\/de\/#\/schema\/person\/7038edb22e07674361dea0cdc20e326b\",\"name\":\"Peter Zeitlhofer\",\"image\":{\"@type\":\"ImageObject\",\"inLanguage\":\"de\",\"@id\":\"https:\/\/www.salzburgerland.com\/de\/#\/schema\/person\/image\/\",\"url\":\"https:\/\/secure.gravatar.com\/avatar\/b76155e60d99c9c41a494c6fbe2eb77dc32a8925e988b28e6ec3009de5322faa?s=96&d=mm&r=g\",\"contentUrl\":\"https:\/\/secure.gravatar.com\/avatar\/b76155e60d99c9c41a494c6fbe2eb77dc32a8925e988b28e6ec3009de5322faa?s=96&d=mm&r=g\",\"caption\":\"Peter Zeitlhofer\"}}]}<\/script>\n<!-- \/ Yoast SEO Premium plugin. -->","yoast_head_json":{"title":"Unsere Packliste f\u00fcr Bikepacking-Abenteuer","description":"Wir erz\u00e4hlen euch, was man alles mitnehmen muss, wenn man sich auf eine mehrt\u00e4gige Gravel-Runde durch das SalzburgerLand begibt.","robots":{"index":"index","follow":"follow","max-snippet":"max-snippet:-1","max-image-preview":"max-image-preview:large","max-video-preview":"max-video-preview:-1"},"canonical":"https:\/\/www.salzburgerland.com\/de\/wp-json\/wp\/v2\/posts\/672768","og_locale":"de_DE","og_type":"article","og_title":"Unsere Packliste f\u00fcr Bikepacking-Abenteuer","og_description":"Wir erz\u00e4hlen euch, was man alles mitnehmen muss, wenn man sich auf eine mehrt\u00e4gige Gravel-Runde durch das SalzburgerLand begibt.","og_url":"https:\/\/www.salzburgerland.com\/de\/wp-json\/wp\/v2\/posts\/672768","og_site_name":"SalzburgerLand.com","article_publisher":"https:\/\/www.facebook.com\/salzburgerland\/","article_published_time":"2024-07-10T11:50:30+00:00","article_modified_time":"2024-07-10T12:49:30+00:00","og_image":[{"width":1200,"height":675,"url":"https:\/\/www.salzburgerland.com\/de\/wp-content\/uploads\/2024\/03\/rof97b1-1200x675.jpg","type":"image\/jpeg"}],"author":"Peter Zeitlhofer","twitter_card":"summary_large_image","twitter_creator":"@Salzburgerland","twitter_site":"@Salzburgerland","twitter_misc":{"Verfasst von":"Peter Zeitlhofer","Gesch\u00e4tzte Lesezeit":"5\u00a0Minuten"},"schema":{"@context":"https:\/\/schema.org","@graph":[{"@type":"WebPage","@id":"https:\/\/www.salzburgerland.com\/de\/unsere-packliste-fuer-bikepacking-abenteuer\/","url":"https:\/\/www.salzburgerland.com\/de\/unsere-packliste-fuer-bikepacking-abenteuer\/","name":"Unsere Packliste f\u00fcr Bikepacking-Abenteuer","isPartOf":{"@id":"https:\/\/www.salzburgerland.com\/de\/#website"},"primaryImageOfPage":{"@id":"https:\/\/www.salzburgerland.com\/de\/unsere-packliste-fuer-bikepacking-abenteuer\/#primaryimage"},"image":{"@id":"https:\/\/www.salzburgerland.com\/de\/unsere-packliste-fuer-bikepacking-abenteuer\/#primaryimage"},"thumbnailUrl":"https:\/\/www.salzburgerland.com\/de\/wp-content\/uploads\/2024\/03\/rof97b1.jpg","datePublished":"2024-07-10T11:50:30+00:00","dateModified":"2024-07-10T12:49:30+00:00","description":"Wir erz\u00e4hlen euch, was man alles mitnehmen muss, wenn man sich auf eine mehrt\u00e4gige Gravel-Runde durch das SalzburgerLand begibt.","breadcrumb":{"@id":"https:\/\/www.salzburgerland.com\/de\/unsere-packliste-fuer-bikepacking-abenteuer\/#breadcrumb"},"inLanguage":"de","potentialAction":[{"@type":"ReadAction","target":["https:\/\/www.salzburgerland.com\/de\/unsere-packliste-fuer-bikepacking-abenteuer\/"]}]},{"@type":"ImageObject","inLanguage":"de","@id":"https:\/\/www.salzburgerland.com\/de\/unsere-packliste-fuer-bikepacking-abenteuer\/#primaryimage","url":"https:\/\/www.salzburgerland.com\/de\/wp-content\/uploads\/2024\/03\/rof97b1.jpg","contentUrl":"https:\/\/www.salzburgerland.com\/de\/wp-content\/uploads\/2024\/03\/rof97b1.jpg","width":1280,"height":1920,"caption":"Drei Radfahrer mit Helmen und Ausr\u00fcstung \u00fcberpr\u00fcfen ihre Telefone neben ihrem Gravel-Bike an einem modernen Geb\u00e4ude."},{"@type":"BreadcrumbList","@id":"https:\/\/www.salzburgerland.com\/de\/unsere-packliste-fuer-bikepacking-abenteuer\/#breadcrumb","itemListElement":[{"@type":"ListItem","position":1,"name":"Biken und Radfahren","item":"https:\/\/www.salzburgerland.com\/de\/rad-bike\/"},{"@type":"ListItem","position":2,"name":"Unsere Packliste f\u00fcr Bikepacking-Abenteuer"}]},{"@type":"WebSite","@id":"https:\/\/www.salzburgerland.com\/de\/#website","url":"https:\/\/www.salzburgerland.com\/de\/","name":"SalzburgerLand.com","description":"Ihr Urlaub in Salzburg, \u00d6sterreich","publisher":{"@id":"https:\/\/www.salzburgerland.com\/de\/#organization"},"potentialAction":[{"@type":"SearchAction","target":{"@type":"EntryPoint","urlTemplate":"https:\/\/www.salzburgerland.com\/de\/?s={search_term_string}"},"query-input":{"@type":"PropertyValueSpecification","valueRequired":true,"valueName":"search_term_string"}}],"inLanguage":"de"},{"@type":"Organization","@id":"https:\/\/www.salzburgerland.com\/de\/#organization","name":"SalzburgerLand Tourismus GmbH","url":"https:\/\/www.salzburgerland.com\/de\/","logo":{"@type":"ImageObject","inLanguage":"de","@id":"https:\/\/www.salzburgerland.com\/de\/#\/schema\/logo\/image\/","url":"https:\/\/www.salzburgerland.com\/de\/wp-content\/uploads\/2017\/01\/salzburgerland-logo.jpg","contentUrl":"https:\/\/www.salzburgerland.com\/de\/wp-content\/uploads\/2017\/01\/salzburgerland-logo.jpg","width":1920,"height":827,"caption":"SalzburgerLand Tourismus GmbH"},"image":{"@id":"https:\/\/www.salzburgerland.com\/de\/#\/schema\/logo\/image\/"},"sameAs":["https:\/\/www.facebook.com\/salzburgerland\/","https:\/\/x.com\/Salzburgerland","https:\/\/www.instagram.com\/salzburgerland\/","http:\/\/dbpedia.org\/resource\/Salzburg_(state)","http:\/\/wikidata.dbpedia.org\/resource\/Q43325","http:\/\/open.salzburgerland.com\/de\/entity\/salzburgerland","https:\/\/www.youtube.com\/user\/salzburgerland"]},{"@type":"Person","@id":"https:\/\/www.salzburgerland.com\/de\/#\/schema\/person\/7038edb22e07674361dea0cdc20e326b","name":"Peter Zeitlhofer","image":{"@type":"ImageObject","inLanguage":"de","@id":"https:\/\/www.salzburgerland.com\/de\/#\/schema\/person\/image\/","url":"https:\/\/secure.gravatar.com\/avatar\/b76155e60d99c9c41a494c6fbe2eb77dc32a8925e988b28e6ec3009de5322faa?s=96&d=mm&r=g","contentUrl":"https:\/\/secure.gravatar.com\/avatar\/b76155e60d99c9c41a494c6fbe2eb77dc32a8925e988b28e6ec3009de5322faa?s=96&d=mm&r=g","caption":"Peter Zeitlhofer"}}]}},"_wl_alt_label":[],"wl:entity_url":"http:\/\/open.salzburgerland.com\/de\/post\/unsere-packliste-fuer-bikepacking-abenteuer-672768","_links":{"self":[{"href":"https:\/\/www.salzburgerland.com\/de\/wp-json\/wp\/v2\/posts\/672768","targetHints":{"allow":["GET"]}}],"collection":[{"href":"https:\/\/www.salzburgerland.com\/de\/wp-json\/wp\/v2\/posts"}],"about":[{"href":"https:\/\/www.salzburgerland.com\/de\/wp-json\/wp\/v2\/types\/post"}],"author":[{"embeddable":true,"href":"https:\/\/www.salzburgerland.com\/de\/wp-json\/wp\/v2\/users\/20"}],"replies":[{"embeddable":true,"href":"https:\/\/www.salzburgerland.com\/de\/wp-json\/wp\/v2\/comments?post=672768"}],"version-history":[{"count":5,"href":"https:\/\/www.salzburgerland.com\/de\/wp-json\/wp\/v2\/posts\/672768\/revisions"}],"predecessor-version":[{"id":672776,"href":"https:\/\/www.salzburgerland.com\/de\/wp-json\/wp\/v2\/posts\/672768\/revisions\/672776"}],"wp:featuredmedia":[{"embeddable":true,"href":"https:\/\/www.salzburgerland.com\/de\/wp-json\/wp\/v2\/media\/669753"}],"wp:attachment":[{"href":"https:\/\/www.salzburgerland.com\/de\/wp-json\/wp\/v2\/media?parent=672768"}],"wp:term":[{"taxonomy":"category","embeddable":true,"href":"https:\/\/www.salzburgerland.com\/de\/wp-json\/wp\/v2\/categories?post=672768"},{"taxonomy":"post_tag","embeddable":true,"href":"https:\/\/www.salzburgerland.com\/de\/wp-json\/wp\/v2\/tags?post=672768"},{"taxonomy":"wl_entity_type","embeddable":true,"href":"https:\/\/www.salzburgerland.com\/de\/wp-json\/wp\/v2\/wl_entity_type?post=672768"}],"curies":[{"name":"wp","href":"https:\/\/api.w.org\/{rel}","templated":true}]}}