{"id":672232,"date":"2024-06-17T14:05:06","date_gmt":"2024-06-17T12:05:06","guid":{"rendered":"https:\/\/www.salzburgerland.com\/de\/?p=672232"},"modified":"2024-09-19T17:08:58","modified_gmt":"2024-09-19T15:08:58","slug":"bauernherbst-weltreise","status":"publish","type":"post","link":"https:\/\/www.salzburgerland.com\/de\/bauernherbst-weltreise\/","title":{"rendered":"Der Bauernherbst reist um die Welt"},"content":{"rendered":"<h2><a href=\"https:\/\/www.salzburgerland.com\/de\/voten-und-gewinnen\/\" target=\"_blank\" rel=\"noopener\">Hier geht\u2019s zum Voting\u00a0<\/a><\/h2>\n<p>\u00a0<\/p>\n<p>\u00a0<\/p>\n<p>und das war der Wettbewerb, vielen Dank f\u00fcr die zahleichen kreativen Einreichungen<\/p>\n<p><strong>Kurzfassung: wenn wenig Zeit zum Lesen ist:\u00a0<\/strong><\/p>\n<ol>\n<li>Dirndl oder Lederhose anziehen<\/li>\n<li>Ins Ausland fahren<\/li>\n<li>Foto oder Video machen<\/li>\n<li>Einreichen<\/li>\n<li>Voten und Gewinnen<\/li>\n<\/ol>\n<p><strong>\u2026und f\u00fcr alle die etwas mehr Zeit zum Lesen haben:<\/strong><\/p>\n<p>Du liebst es Dirndl, Lederhose oder Goldhaube auszuf\u00fchren? F\u00fcr dich sind Trachten ein Lebensgef\u00fchl und du tr\u00e4gst sie bei jeder Gelegenheit? Du findest deine Wohlf\u00fchlmomente w\u00e4hrend der zahlreichen <a href=\"https:\/\/www.salzburgerland.com\/de\/bauernherbst-events\/veranstaltungen\" target=\"_blank\" rel=\"noopener\">Brauchtums-Veranstaltungen<\/a> im <a href=\"https:\/\/www.salzburgerland.com\/de\/bauernherbst\/\" target=\"_blank\" rel=\"noopener\">Salzburger Bauernherbst<\/a>? Dann nimm deine Salzburger\/\u00d6sterreichische Tracht mit auf deine Reisen \u00fcber die Grenzen \u00d6sterreichs, trag den Bauernherbst hinaus in die Welt und teile deine Erlebnisse mit uns. Wichtig f\u00fcr die Einreichung ist, dass es au\u00dferhalb \u00d6sterreichs aufgenommen und nicht durch KI generiert wurde.<\/p>\n<p>Hochwertige <a href=\"https:\/\/www.salzburgerland.com\/de\/mitmachen-und-gewinnen-bauernherbst\/\" target=\"_blank\" rel=\"noopener\">Preise<\/a> von unseren langj\u00e4hrigen Bauernherbst-Partnern: <a href=\"https:\/\/www.raurisertal.at\/\" target=\"_blank\" rel=\"noopener\">Tourismusverband Raurisertal<\/a>, <a href=\"https:\/\/www.stiegl.at\/\" target=\"_blank\" rel=\"noopener\">Stiegl Privatbrauerei<\/a>, <a href=\"http:\/\/www.salzburg.raiffeisen.at\" target=\"_blank\" rel=\"noopener\">Raiffeisen Salzburg<\/a>, <a href=\"http:\/\/www.milch.com\" target=\"_blank\" rel=\"noopener\">SalzburgMilch<\/a>, <a href=\"http:\/\/www.goessl.com\" target=\"_blank\" rel=\"noopener\">G\u00f6ssl<\/a> und <a href=\"https:\/\/www.salzburger-lagerhaus.at\/\" target=\"_blank\" rel=\"noopener\">Salzburger Lagerh\u00e4user<\/a> warten.<\/p>\n<h2>Worum geht es?<\/h2>\n<p>Tracht ist nicht nur Kleidung, sondern ein verbindendes Element, das V\u00f6lker auf der ganzen Welt zusammenbringt. Daher schicken wir den Salzburger Bauernherbst heuer auf Reisen rund um die ganze Welt. <a href=\"https:\/\/b2b.salzburgerland.com\/einreichung-der-bauernherbst-reist-um-die-welt\/?_gl=1*gu0v*_gcl_au*OTUzMDQyMjc0LjE3MTcxNTE3MTQ.*_ga*NTUzMjM3NTc4LjE2MzA0MjM1MTI.*_ga_1ESXS2W7WS*MTcxOTIzNDE4OS4xMjM0LjEuMTcxOTIzNDE5Ny41Mi4wLjA.*_fplc*dmElMkZwQzk3ZiUyQjhjTjRmNWp1dXpDR2t6WWU2Mjc0bmpHbFZwM3hHNGdXOHNrSHhWcSUyRng2blY1dENrUUUyeXVjVTdjVnZjYWhJVjlTZ2w4Sk5TNlpJNnRXbHNFTXhLcmhLV01ZdjlVdkl2WUxWUXRvJTNE*_ga_GZFH45MWH0*MTcxOTIzNDE4OS4zMDUuMS4xNzE5MjM0MTk3LjAuMC42MDAwODgzMzA.\" target=\"_blank\" rel=\"noopener\"><strong>Mach auch du mit!<\/strong><\/a> Pack den Bauernherbst ein und zeig uns, wo du mit deiner Tracht \u00fcberall au\u00dferhalb der Grenzen \u00d6sterreichs zu Besuch bist, oder \u2013 falls du in einem anderen Land lebst, wie du deine Tracht dort ausf\u00fchrst.<\/p>\n<h2>Wer kann teilnehmen?<\/h2>\n<p><strong>Jede\/r<\/strong> der Lust hat, seine Salzburger\/\u00d6sterreichische Tracht auf die Reise \u00fcber die Grenzen \u00d6sterreichs hinaus mitzunehmen, oder der sie ohnehin als treuen Begleiter dabei hat und uns ein Foto oder Video von sich, seiner Gruppe, seinem Verein etc. in Tracht schickt.<\/p>\n\n\t\t\t<div id=\"672232-1\" class=\"gallery gallery-672232 gallery-columns-3 gallery-size-1170_658\" itemscope itemtype=\"http:\/\/schema.org\/ImageGallery\">\n\t\t\t\t<ul class=\"gallery-row gallery-col-3 gallery-clear\">\n\t\t\t\t\t<li class=\"gallery-item col-3\" itemprop=\"associatedMedia\" itemscope itemtype=\"http:\/\/schema.org\/ImageObject\">\n\t\t\t\t\t\t<div class=\"gallery-icon landscape\"><a href=\"https:\/\/www.salzburgerland.com\/de\/wp-content\/uploads\/2024\/04\/rs3645_19144-1019-f-slt-bauernherbst_a06_013-scr.jpg\" title=\"Bauernherbstfest Winterstellgut\"><img decoding=\"async\" data-title=\"Trachten-Outfits im Salzburger Bauernherbst\" title=\"Trachten-Outfits im Salzburger Bauernherbst\" data-caption=\"Trachten-Outfits im Salzburger Bauernherbst\" width=\"1100\" height=\"658\" src=\"https:\/\/www.salzburgerland.com\/de\/wp-content\/uploads\/2024\/04\/rs3645_19144-1019-f-slt-bauernherbst_a06_013-scr-1100x658.jpg\" class=\"attachment-1170_658 size-1170_658\" alt=\"Trachten-Outfits im Salzburger Bauernherbst (vergr\u00f6\u00dferte Ansicht)\" aria-describedby=\"figcaption-672232-670942\" itemprop=\"thumbnail\"><\/a><\/div>\n\t\t\t\t\t\t<span id=\"figcaption-672232-670942\" class=\"gallery-caption\" itemprop=\"caption\"><span aria-hidden=\"true\">Trachten-Outfits im Salzburger Bauernherbst<\/span><\/span>\n\t\t\t\t\t<\/li>\n\t\t\t\t\t<li class=\"gallery-item col-3\" itemprop=\"associatedMedia\" itemscope itemtype=\"http:\/\/schema.org\/ImageObject\">\n\t\t\t\t\t\t<div class=\"gallery-icon landscape\"><a href=\"https:\/\/www.salzburgerland.com\/de\/wp-content\/uploads\/2016\/07\/rs3653_19144-1019-f-slt-bauernherbst_a09_044-2-1920x1067.jpg\" title=\"Bauernherbstfest Winterstellgut\"><img decoding=\"async\" data-title=\"\u00a9 SalzburgerLand Tourismus, Edward Groeger, Bauernherbstfest Winterstellgut\" title=\"\u00a9 SalzburgerLand Tourismus, Edward Groeger, Bauernherbstfest Winterstellgut\" data-caption=\"\u00a9 SalzburgerLand Tourismus, Edward Groeger, Bauernherbstfest Winterstellgut\" width=\"1170\" height=\"658\" src=\"https:\/\/www.salzburgerland.com\/de\/wp-content\/uploads\/2016\/07\/rs3653_19144-1019-f-slt-bauernherbst_a09_044-2-1170x658.jpg\" class=\"attachment-1170_658 size-1170_658\" alt=\"Dirndl und Buam im Trachten-Outfit beim Tanzen (vergr\u00f6\u00dferte Ansicht)\" srcset=\"https:\/\/www.salzburgerland.com\/de\/wp-content\/uploads\/2016\/07\/rs3653_19144-1019-f-slt-bauernherbst_a09_044-2-1170x658.jpg 1170w, https:\/\/www.salzburgerland.com\/de\/wp-content\/uploads\/2016\/07\/rs3653_19144-1019-f-slt-bauernherbst_a09_044-2-1200x675.jpg 1200w\" sizes=\"(max-width: 1170px) 100vw, 1170px\" aria-describedby=\"figcaption-672232-657796\" itemprop=\"thumbnail\"><\/a><\/div>\n\t\t\t\t\t\t<span id=\"figcaption-672232-657796\" class=\"gallery-caption\" itemprop=\"caption\"><span aria-hidden=\"true\">\u00a9 SalzburgerLand Tourismus, Edward Groeger, Bauernherbstfest Winterstellgut<\/span><\/span>\n\t\t\t\t\t<\/li>\n\t\t\t\t\t<li class=\"gallery-item col-3\" itemprop=\"associatedMedia\" itemscope itemtype=\"http:\/\/schema.org\/ImageObject\">\n\t\t\t\t\t\t<div class=\"gallery-icon landscape\"><a href=\"https:\/\/www.salzburgerland.com\/de\/wp-content\/uploads\/2016\/07\/rs3644_19144-1019-f-slt-bauernherbst_a05_107-scr.jpg\" title=\"Bauernherbstfest Winterstellgut\"><img decoding=\"async\" data-title=\"\u00a9 SalzburgerLand Tourismus, Edward Groeger, Bauernherbstfest Winterstellgut\" title=\"\u00a9 SalzburgerLand Tourismus, Edward Groeger, Bauernherbstfest Winterstellgut\" data-caption=\"\u00a9 SalzburgerLand Tourismus, Edward Groeger, Bauernherbstfest Winterstellgut\" width=\"1100\" height=\"658\" src=\"https:\/\/www.salzburgerland.com\/de\/wp-content\/uploads\/2016\/07\/rs3644_19144-1019-f-slt-bauernherbst_a05_107-scr-1100x658.jpg\" class=\"attachment-1170_658 size-1170_658\" alt=\"Trachten - daf\u00fcr leben wir im Bauernherbst (vergr\u00f6\u00dferte Ansicht)\" aria-describedby=\"figcaption-672232-667312\" itemprop=\"thumbnail\"><\/a><\/div>\n\t\t\t\t\t\t<span id=\"figcaption-672232-667312\" class=\"gallery-caption\" itemprop=\"caption\"><span aria-hidden=\"true\">\u00a9 SalzburgerLand Tourismus, Edward Groeger, Bauernherbstfest Winterstellgut<\/span><\/span>\n\t\t\t\t\t<\/li>\n\t\t\t\t<\/ul>\n\t\t\t<\/div><!-- .gallery -->\n\n<h2>So geht\u00b4s!<\/h2>\n<ol>\n<li><strong>Aufnehmen:<\/strong> Nimm ein Foto oder kurzes Video (Tanzmove, Gesang, kurze Botschaft etc.) mit dir\/deiner Gruppe in Salzburger\/\u00d6sterreichischer Tracht vor einer Sehensw\u00fcrdigkeit oder einem sch\u00f6nen Platz auf. <strong>Wichtig ist, dass es au\u00dferhalb \u00d6sterreichs aufgenommen und nicht durch KI generiert wird.<\/strong><\/li>\n<li><strong>Einreichen:<\/strong> Reiche den Beitrag <strong>ab sofort bis 16.09.2024<\/strong> bei uns ein. Es gibt zwei M\u00f6glichkeiten:\n<ul>\n<li>a) via <a href=\"https:\/\/b2b.salzburgerland.com\/?page_id=38677&amp;preview=true\" target=\"_blank\" rel=\"noopener\">Link \u201eJetzt einreichen und gewinnen\u201c\u00a0<\/a><\/li>\n<li>b) Poste dein Bild auf Instagram mit dem Hashtag #bauernherbst und vertagge @salzburgerland<\/li>\n<\/ul>\n<\/li>\n<li>Unter allen Einsendungen sucht unsere prominente Bauernherbst-Jury die kreativsten Beitr\u00e4ge f\u00fcr das Online-Voting aus.<\/li>\n<li><strong>Voten:<\/strong> Mach beim Online-Voting mit! Stimme t\u00e4glich <strong>vom 19.09. bis 17.10.2024 <\/strong>auf der Webseite f\u00fcr deinen Lieblings-Beitrag ab und animiere Freunde, Familie und Bekannte zum Mitmachen.<\/li>\n<li><strong>Gewinnen:<\/strong> Dem\/der EinreicherIn und VoterIn winken attraktive Preise <a href=\"https:\/\/www.salzburgerland.com\/de\/mitmachen-und-gewinnen-bauernherbst\/\" target=\"_blank\" rel=\"noopener\">unserer langj\u00e4hrigen Partner<\/a>.<\/li>\n<li>\u00a0Best-of: Ende Oktober ver\u00f6ffentlichen wir ein \u201eBest-of\u201c \u2013 mit etwas Gl\u00fcck bist du dabei!<\/li>\n<\/ol>\n","protected":false},"excerpt":{"rendered":"<p>Hier geht\u2019s zum Voting\u00a0 \u00a0 \u00a0 und das war der Wettbewerb, vielen Dank f\u00fcr die zahleichen kreativen Einreichungen Kurzfassung: wenn wenig Zeit zum Lesen ist:\u00a0 Dirndl oder Lederhose anziehen Ins Ausland fahren Foto oder Video machen Einreichen Voten und Gewinnen \u2026und f\u00fcr alle die etwas mehr Zeit zum Lesen haben: Du liebst es Dirndl, Lederhose [&hellip;]<\/p>\n","protected":false},"author":44,"featured_media":672235,"comment_status":"closed","ping_status":"closed","sticky":false,"template":"","format":"standard","meta":{"_acf_changed":false,"wl_entities_gutenberg":"","_relevanssi_hide_post":"","_relevanssi_hide_content":"","_relevanssi_pin_for_all":"","_relevanssi_pin_keywords":"","_relevanssi_unpin_keywords":"","_relevanssi_related_keywords":"","_relevanssi_related_include_ids":"","_relevanssi_related_exclude_ids":"","_relevanssi_related_no_append":"","_relevanssi_related_not_related":"","_relevanssi_related_posts":"","_relevanssi_noindex_reason":"","footnotes":""},"categories":[1],"tags":[],"wl_entity_type":[11495],"class_list":["post-672232","post","type-post","status-publish","format-standard","has-post-thumbnail","hentry","category-allgemein","wl_entity_type-article"],"acf":[],"yoast_head":"<!-- This site is optimized with the Yoast SEO Premium plugin v26.9 (Yoast SEO v26.9) - https:\/\/yoast.com\/product\/yoast-seo-premium-wordpress\/ -->\n<title>Der Bauernherbst reist um die Welt \u00bb SalzburgerLand.com<\/title>\n<meta name=\"robots\" content=\"index, follow, max-snippet:-1, max-image-preview:large, max-video-preview:-1\" \/>\n<link rel=\"canonical\" href=\"https:\/\/www.salzburgerland.com\/de\/wp-json\/wp\/v2\/posts\/672232\" \/>\n<meta property=\"og:locale\" content=\"de_DE\" \/>\n<meta property=\"og:type\" content=\"article\" \/>\n<meta property=\"og:title\" content=\"Der Bauernherbst reist um die Welt\" \/>\n<meta property=\"og:description\" content=\"Wir haben den Bauernherbst um die Welt geschickt, votet f\u00fcr die kreativsten Einreichungen und gewinnt.\" \/>\n<meta property=\"og:url\" content=\"https:\/\/www.salzburgerland.com\/de\/wp-json\/wp\/v2\/posts\/672232\" \/>\n<meta property=\"og:site_name\" content=\"SalzburgerLand.com\" \/>\n<meta property=\"article:publisher\" content=\"https:\/\/www.facebook.com\/salzburgerland\/\" \/>\n<meta property=\"article:published_time\" content=\"2024-06-17T12:05:06+00:00\" \/>\n<meta property=\"article:modified_time\" content=\"2024-09-19T15:08:58+00:00\" \/>\n<meta property=\"og:image\" content=\"https:\/\/www.salzburgerland.com\/de\/wp-content\/uploads\/2024\/06\/rs3638_19144-1019-f-slt-bauernherbst_a02_151-scr-1100x675.jpg\" \/>\n\t<meta property=\"og:image:width\" content=\"1100\" \/>\n\t<meta property=\"og:image:height\" content=\"675\" \/>\n\t<meta property=\"og:image:type\" content=\"image\/jpeg\" \/>\n<meta name=\"author\" content=\"Eveline Bimminger\" \/>\n<meta name=\"twitter:card\" content=\"summary_large_image\" \/>\n<meta name=\"twitter:creator\" content=\"@Salzburgerland\" \/>\n<meta name=\"twitter:site\" content=\"@Salzburgerland\" \/>\n<meta name=\"twitter:label1\" content=\"Verfasst von\" \/>\n\t<meta name=\"twitter:data1\" content=\"Eveline Bimminger\" \/>\n\t<meta name=\"twitter:label2\" content=\"Gesch\u00e4tzte Lesezeit\" \/>\n\t<meta name=\"twitter:data2\" content=\"5\u00a0Minuten\" \/>\n<script type=\"application\/ld+json\" class=\"yoast-schema-graph\">{\"@context\":\"https:\/\/schema.org\",\"@graph\":[{\"@type\":\"WebPage\",\"@id\":\"https:\/\/www.salzburgerland.com\/de\/bauernherbst-weltreise\/\",\"url\":\"https:\/\/www.salzburgerland.com\/de\/bauernherbst-weltreise\/\",\"name\":\"Der Bauernherbst reist um die Welt \u00bb SalzburgerLand.com\",\"isPartOf\":{\"@id\":\"https:\/\/www.salzburgerland.com\/de\/#website\"},\"primaryImageOfPage\":{\"@id\":\"https:\/\/www.salzburgerland.com\/de\/bauernherbst-weltreise\/#primaryimage\"},\"image\":{\"@id\":\"https:\/\/www.salzburgerland.com\/de\/bauernherbst-weltreise\/#primaryimage\"},\"thumbnailUrl\":\"https:\/\/www.salzburgerland.com\/de\/wp-content\/uploads\/2024\/06\/rs3638_19144-1019-f-slt-bauernherbst_a02_151-scr.jpg\",\"datePublished\":\"2024-06-17T12:05:06+00:00\",\"dateModified\":\"2024-09-19T15:08:58+00:00\",\"description\":\"Wir haben den Bauernherbst um die Welt geschickt, votet f\u00fcr die kreativsten Einreichungen und gewinnt.\",\"breadcrumb\":{\"@id\":\"https:\/\/www.salzburgerland.com\/de\/bauernherbst-weltreise\/#breadcrumb\"},\"inLanguage\":\"de\",\"potentialAction\":[{\"@type\":\"ReadAction\",\"target\":[\"https:\/\/www.salzburgerland.com\/de\/bauernherbst-weltreise\/\"]}]},{\"@type\":\"ImageObject\",\"inLanguage\":\"de\",\"@id\":\"https:\/\/www.salzburgerland.com\/de\/bauernherbst-weltreise\/#primaryimage\",\"url\":\"https:\/\/www.salzburgerland.com\/de\/wp-content\/uploads\/2024\/06\/rs3638_19144-1019-f-slt-bauernherbst_a02_151-scr.jpg\",\"contentUrl\":\"https:\/\/www.salzburgerland.com\/de\/wp-content\/uploads\/2024\/06\/rs3638_19144-1019-f-slt-bauernherbst_a02_151-scr.jpg\",\"width\":1100,\"height\":733,\"caption\":\"\u00a9 SalzburgerLand Tourismus, Edward Groeger, Bauernherbstfest Winterstellgut\"},{\"@type\":\"BreadcrumbList\",\"@id\":\"https:\/\/www.salzburgerland.com\/de\/bauernherbst-weltreise\/#breadcrumb\",\"itemListElement\":[{\"@type\":\"ListItem\",\"position\":1,\"name\":\"Salzburger Bauernherbst\",\"item\":\"https:\/\/www.salzburgerland.com\/de\/bauernherbst\/\"},{\"@type\":\"ListItem\",\"position\":2,\"name\":\"Der Bauernherbst reist um die Welt\"}]},{\"@type\":\"WebSite\",\"@id\":\"https:\/\/www.salzburgerland.com\/de\/#website\",\"url\":\"https:\/\/www.salzburgerland.com\/de\/\",\"name\":\"SalzburgerLand.com\",\"description\":\"Ihr Urlaub in Salzburg, \u00d6sterreich\",\"publisher\":{\"@id\":\"https:\/\/www.salzburgerland.com\/de\/#organization\"},\"potentialAction\":[{\"@type\":\"SearchAction\",\"target\":{\"@type\":\"EntryPoint\",\"urlTemplate\":\"https:\/\/www.salzburgerland.com\/de\/?s={search_term_string}\"},\"query-input\":{\"@type\":\"PropertyValueSpecification\",\"valueRequired\":true,\"valueName\":\"search_term_string\"}}],\"inLanguage\":\"de\"},{\"@type\":\"Organization\",\"@id\":\"https:\/\/www.salzburgerland.com\/de\/#organization\",\"name\":\"SalzburgerLand Tourismus GmbH\",\"url\":\"https:\/\/www.salzburgerland.com\/de\/\",\"logo\":{\"@type\":\"ImageObject\",\"inLanguage\":\"de\",\"@id\":\"https:\/\/www.salzburgerland.com\/de\/#\/schema\/logo\/image\/\",\"url\":\"https:\/\/www.salzburgerland.com\/de\/wp-content\/uploads\/2017\/01\/salzburgerland-logo.jpg\",\"contentUrl\":\"https:\/\/www.salzburgerland.com\/de\/wp-content\/uploads\/2017\/01\/salzburgerland-logo.jpg\",\"width\":1920,\"height\":827,\"caption\":\"SalzburgerLand Tourismus GmbH\"},\"image\":{\"@id\":\"https:\/\/www.salzburgerland.com\/de\/#\/schema\/logo\/image\/\"},\"sameAs\":[\"https:\/\/www.facebook.com\/salzburgerland\/\",\"https:\/\/x.com\/Salzburgerland\",\"https:\/\/www.instagram.com\/salzburgerland\/\",\"http:\/\/dbpedia.org\/resource\/Salzburg_(state)\",\"http:\/\/wikidata.dbpedia.org\/resource\/Q43325\",\"http:\/\/open.salzburgerland.com\/de\/entity\/salzburgerland\",\"https:\/\/www.youtube.com\/user\/salzburgerland\"]},{\"@type\":\"Person\",\"@id\":\"https:\/\/www.salzburgerland.com\/de\/#\/schema\/person\/65a80fc9026a6fbf40cc6089d70adb1d\",\"name\":\"Eveline Bimminger\",\"image\":{\"@type\":\"ImageObject\",\"inLanguage\":\"de\",\"@id\":\"https:\/\/www.salzburgerland.com\/de\/#\/schema\/person\/image\/\",\"url\":\"https:\/\/secure.gravatar.com\/avatar\/c5f95e995df475f57c321bf8b272f1a534921fbcb75dd2613c990ba9689a9128?s=96&d=mm&r=g\",\"contentUrl\":\"https:\/\/secure.gravatar.com\/avatar\/c5f95e995df475f57c321bf8b272f1a534921fbcb75dd2613c990ba9689a9128?s=96&d=mm&r=g\",\"caption\":\"Eveline Bimminger\"}}]}<\/script>\n<!-- \/ Yoast SEO Premium plugin. -->","yoast_head_json":{"title":"Der Bauernherbst reist um die Welt \u00bb SalzburgerLand.com","robots":{"index":"index","follow":"follow","max-snippet":"max-snippet:-1","max-image-preview":"max-image-preview:large","max-video-preview":"max-video-preview:-1"},"canonical":"https:\/\/www.salzburgerland.com\/de\/wp-json\/wp\/v2\/posts\/672232","og_locale":"de_DE","og_type":"article","og_title":"Der Bauernherbst reist um die Welt","og_description":"Wir haben den Bauernherbst um die Welt geschickt, votet f\u00fcr die kreativsten Einreichungen und gewinnt.","og_url":"https:\/\/www.salzburgerland.com\/de\/wp-json\/wp\/v2\/posts\/672232","og_site_name":"SalzburgerLand.com","article_publisher":"https:\/\/www.facebook.com\/salzburgerland\/","article_published_time":"2024-06-17T12:05:06+00:00","article_modified_time":"2024-09-19T15:08:58+00:00","og_image":[{"width":1100,"height":675,"url":"https:\/\/www.salzburgerland.com\/de\/wp-content\/uploads\/2024\/06\/rs3638_19144-1019-f-slt-bauernherbst_a02_151-scr-1100x675.jpg","type":"image\/jpeg"}],"author":"Eveline Bimminger","twitter_card":"summary_large_image","twitter_creator":"@Salzburgerland","twitter_site":"@Salzburgerland","twitter_misc":{"Verfasst von":"Eveline Bimminger","Gesch\u00e4tzte Lesezeit":"5\u00a0Minuten"},"schema":{"@context":"https:\/\/schema.org","@graph":[{"@type":"WebPage","@id":"https:\/\/www.salzburgerland.com\/de\/bauernherbst-weltreise\/","url":"https:\/\/www.salzburgerland.com\/de\/bauernherbst-weltreise\/","name":"Der Bauernherbst reist um die Welt \u00bb SalzburgerLand.com","isPartOf":{"@id":"https:\/\/www.salzburgerland.com\/de\/#website"},"primaryImageOfPage":{"@id":"https:\/\/www.salzburgerland.com\/de\/bauernherbst-weltreise\/#primaryimage"},"image":{"@id":"https:\/\/www.salzburgerland.com\/de\/bauernherbst-weltreise\/#primaryimage"},"thumbnailUrl":"https:\/\/www.salzburgerland.com\/de\/wp-content\/uploads\/2024\/06\/rs3638_19144-1019-f-slt-bauernherbst_a02_151-scr.jpg","datePublished":"2024-06-17T12:05:06+00:00","dateModified":"2024-09-19T15:08:58+00:00","description":"Wir haben den Bauernherbst um die Welt geschickt, votet f\u00fcr die kreativsten Einreichungen und gewinnt.","breadcrumb":{"@id":"https:\/\/www.salzburgerland.com\/de\/bauernherbst-weltreise\/#breadcrumb"},"inLanguage":"de","potentialAction":[{"@type":"ReadAction","target":["https:\/\/www.salzburgerland.com\/de\/bauernherbst-weltreise\/"]}]},{"@type":"ImageObject","inLanguage":"de","@id":"https:\/\/www.salzburgerland.com\/de\/bauernherbst-weltreise\/#primaryimage","url":"https:\/\/www.salzburgerland.com\/de\/wp-content\/uploads\/2024\/06\/rs3638_19144-1019-f-slt-bauernherbst_a02_151-scr.jpg","contentUrl":"https:\/\/www.salzburgerland.com\/de\/wp-content\/uploads\/2024\/06\/rs3638_19144-1019-f-slt-bauernherbst_a02_151-scr.jpg","width":1100,"height":733,"caption":"\u00a9 SalzburgerLand Tourismus, Edward Groeger, Bauernherbstfest Winterstellgut"},{"@type":"BreadcrumbList","@id":"https:\/\/www.salzburgerland.com\/de\/bauernherbst-weltreise\/#breadcrumb","itemListElement":[{"@type":"ListItem","position":1,"name":"Salzburger Bauernherbst","item":"https:\/\/www.salzburgerland.com\/de\/bauernherbst\/"},{"@type":"ListItem","position":2,"name":"Der Bauernherbst reist um die Welt"}]},{"@type":"WebSite","@id":"https:\/\/www.salzburgerland.com\/de\/#website","url":"https:\/\/www.salzburgerland.com\/de\/","name":"SalzburgerLand.com","description":"Ihr Urlaub in Salzburg, \u00d6sterreich","publisher":{"@id":"https:\/\/www.salzburgerland.com\/de\/#organization"},"potentialAction":[{"@type":"SearchAction","target":{"@type":"EntryPoint","urlTemplate":"https:\/\/www.salzburgerland.com\/de\/?s={search_term_string}"},"query-input":{"@type":"PropertyValueSpecification","valueRequired":true,"valueName":"search_term_string"}}],"inLanguage":"de"},{"@type":"Organization","@id":"https:\/\/www.salzburgerland.com\/de\/#organization","name":"SalzburgerLand Tourismus GmbH","url":"https:\/\/www.salzburgerland.com\/de\/","logo":{"@type":"ImageObject","inLanguage":"de","@id":"https:\/\/www.salzburgerland.com\/de\/#\/schema\/logo\/image\/","url":"https:\/\/www.salzburgerland.com\/de\/wp-content\/uploads\/2017\/01\/salzburgerland-logo.jpg","contentUrl":"https:\/\/www.salzburgerland.com\/de\/wp-content\/uploads\/2017\/01\/salzburgerland-logo.jpg","width":1920,"height":827,"caption":"SalzburgerLand Tourismus GmbH"},"image":{"@id":"https:\/\/www.salzburgerland.com\/de\/#\/schema\/logo\/image\/"},"sameAs":["https:\/\/www.facebook.com\/salzburgerland\/","https:\/\/x.com\/Salzburgerland","https:\/\/www.instagram.com\/salzburgerland\/","http:\/\/dbpedia.org\/resource\/Salzburg_(state)","http:\/\/wikidata.dbpedia.org\/resource\/Q43325","http:\/\/open.salzburgerland.com\/de\/entity\/salzburgerland","https:\/\/www.youtube.com\/user\/salzburgerland"]},{"@type":"Person","@id":"https:\/\/www.salzburgerland.com\/de\/#\/schema\/person\/65a80fc9026a6fbf40cc6089d70adb1d","name":"Eveline Bimminger","image":{"@type":"ImageObject","inLanguage":"de","@id":"https:\/\/www.salzburgerland.com\/de\/#\/schema\/person\/image\/","url":"https:\/\/secure.gravatar.com\/avatar\/c5f95e995df475f57c321bf8b272f1a534921fbcb75dd2613c990ba9689a9128?s=96&d=mm&r=g","contentUrl":"https:\/\/secure.gravatar.com\/avatar\/c5f95e995df475f57c321bf8b272f1a534921fbcb75dd2613c990ba9689a9128?s=96&d=mm&r=g","caption":"Eveline Bimminger"}}]}},"_wl_alt_label":[],"wl:entity_url":"http:\/\/open.salzburgerland.com\/de\/post\/bauernherbst-weltweit-672232","_links":{"self":[{"href":"https:\/\/www.salzburgerland.com\/de\/wp-json\/wp\/v2\/posts\/672232","targetHints":{"allow":["GET"]}}],"collection":[{"href":"https:\/\/www.salzburgerland.com\/de\/wp-json\/wp\/v2\/posts"}],"about":[{"href":"https:\/\/www.salzburgerland.com\/de\/wp-json\/wp\/v2\/types\/post"}],"author":[{"embeddable":true,"href":"https:\/\/www.salzburgerland.com\/de\/wp-json\/wp\/v2\/users\/44"}],"replies":[{"embeddable":true,"href":"https:\/\/www.salzburgerland.com\/de\/wp-json\/wp\/v2\/comments?post=672232"}],"version-history":[{"count":177,"href":"https:\/\/www.salzburgerland.com\/de\/wp-json\/wp\/v2\/posts\/672232\/revisions"}],"predecessor-version":[{"id":673697,"href":"https:\/\/www.salzburgerland.com\/de\/wp-json\/wp\/v2\/posts\/672232\/revisions\/673697"}],"wp:featuredmedia":[{"embeddable":true,"href":"https:\/\/www.salzburgerland.com\/de\/wp-json\/wp\/v2\/media\/672235"}],"wp:attachment":[{"href":"https:\/\/www.salzburgerland.com\/de\/wp-json\/wp\/v2\/media?parent=672232"}],"wp:term":[{"taxonomy":"category","embeddable":true,"href":"https:\/\/www.salzburgerland.com\/de\/wp-json\/wp\/v2\/categories?post=672232"},{"taxonomy":"post_tag","embeddable":true,"href":"https:\/\/www.salzburgerland.com\/de\/wp-json\/wp\/v2\/tags?post=672232"},{"taxonomy":"wl_entity_type","embeddable":true,"href":"https:\/\/www.salzburgerland.com\/de\/wp-json\/wp\/v2\/wl_entity_type?post=672232"}],"curies":[{"name":"wp","href":"https:\/\/api.w.org\/{rel}","templated":true}]}}