{"id":672035,"date":"2024-05-22T11:13:08","date_gmt":"2024-05-22T09:13:08","guid":{"rendered":"https:\/\/www.salzburgerland.com\/de\/?p=672035"},"modified":"2025-11-25T14:41:32","modified_gmt":"2025-11-25T13:41:32","slug":"tv-tipps-rund-um-den-almsommer","status":"publish","type":"post","link":"https:\/\/www.salzburgerland.com\/de\/tv-tipps-rund-um-den-almsommer\/","title":{"rendered":"TV-TIPPS rund um den Almsommer"},"content":{"rendered":"","protected":false},"excerpt":{"rendered":"","protected":false},"author":50,"featured_media":672037,"comment_status":"closed","ping_status":"closed","sticky":false,"template":"","format":"standard","meta":{"_acf_changed":false,"wl_entities_gutenberg":"","_relevanssi_hide_post":"","_relevanssi_hide_content":"","_relevanssi_pin_for_all":"","_relevanssi_pin_keywords":"","_relevanssi_unpin_keywords":"","_relevanssi_related_keywords":"","_relevanssi_related_include_ids":"","_relevanssi_related_exclude_ids":"","_relevanssi_related_no_append":"","_relevanssi_related_not_related":"","_relevanssi_related_posts":"","_relevanssi_noindex_reason":"","footnotes":""},"categories":[1],"tags":[13570,14025,14060,13432,14061,14059,14027,14062,13433],"wl_entity_type":[11495,2],"class_list":["post-672035","post","type-post","status-publish","format-standard","has-post-thumbnail","hentry","category-allgemein","tag-alm","tag-almbauern","tag-almleben","tag-almsommer","tag-almsommer-im-fernsehen","tag-berge","tag-hoch-die-alm","tag-tv-tipp","tag-wandern","wl_entity_type-article","wl_entity_type-thing"],"acf":[],"yoast_head":"<!-- This site is optimized with the Yoast SEO Premium plugin v26.9 (Yoast SEO v26.9) - https:\/\/yoast.com\/product\/yoast-seo-premium-wordpress\/ -->\n<title>TV-TIPPS rund um den Almsommer \u00bb SalzburgerLand.com<\/title>\n<meta name=\"robots\" content=\"index, follow, max-snippet:-1, max-image-preview:large, max-video-preview:-1\" \/>\n<link rel=\"canonical\" href=\"https:\/\/www.salzburgerland.com\/de\/wp-json\/wp\/v2\/posts\/672035\" \/>\n<meta property=\"og:locale\" content=\"de_DE\" \/>\n<meta property=\"og:type\" content=\"article\" \/>\n<meta property=\"og:title\" content=\"TV-TIPPS rund um den Almsommer\" \/>\n<meta property=\"og:description\" content=\"Geschichten von Almen aus dem Salzburger Land. Geschichten von Menschen, die den Traum vom Leben auf der Alm mit Herzblut in die Tat umsetzen. Geschichten von Sehnsuchtsorten, Unbeschwertheit unter freiem Himmel, engem Zusammenleben mit den Tieren, selbstproduzierten Nahrungsmitteln und dem langsameren Ziehen der Zeit - all das geh\u00f6rt zu den Wunschtr\u00e4umen unserer Tage. Doch das Leben in den Bergen ist harte Arbeit. Dennoch ist es genau diese Art zu leben, die f\u00fcr viele Menschen die Erf\u00fcllung eines Traums in sich birgt.\" \/>\n<meta property=\"og:url\" content=\"https:\/\/www.salzburgerland.com\/de\/wp-json\/wp\/v2\/posts\/672035\" \/>\n<meta property=\"og:site_name\" content=\"SalzburgerLand.com\" \/>\n<meta property=\"article:publisher\" content=\"https:\/\/www.facebook.com\/salzburgerland\/\" \/>\n<meta property=\"article:published_time\" content=\"2024-05-22T09:13:08+00:00\" \/>\n<meta property=\"article:modified_time\" content=\"2025-11-25T13:41:32+00:00\" \/>\n<meta property=\"og:image\" content=\"https:\/\/www.salzburgerland.com\/de\/wp-content\/uploads\/2024\/05\/pw-21-heimatleuchten-spezial-lust-auf-alm-1200x675.jpg\" \/>\n\t<meta property=\"og:image:width\" content=\"1200\" \/>\n\t<meta property=\"og:image:height\" content=\"675\" \/>\n\t<meta property=\"og:image:type\" content=\"image\/jpeg\" \/>\n<meta name=\"author\" content=\"Barbara Walzer\" \/>\n<meta name=\"twitter:card\" content=\"summary_large_image\" \/>\n<meta name=\"twitter:creator\" content=\"@Salzburgerland\" \/>\n<meta name=\"twitter:site\" content=\"@Salzburgerland\" \/>\n<meta name=\"twitter:label1\" content=\"Verfasst von\" \/>\n\t<meta name=\"twitter:data1\" content=\"Barbara Walzer\" \/>\n\t<meta name=\"twitter:label2\" content=\"Gesch\u00e4tzte Lesezeit\" \/>\n\t<meta name=\"twitter:data2\" content=\"10\u00a0Minuten\" \/>\n<script type=\"application\/ld+json\" class=\"yoast-schema-graph\">{\"@context\":\"https:\/\/schema.org\",\"@graph\":[{\"@type\":\"WebPage\",\"@id\":\"https:\/\/www.salzburgerland.com\/de\/tv-tipps-rund-um-den-almsommer\/\",\"url\":\"https:\/\/www.salzburgerland.com\/de\/tv-tipps-rund-um-den-almsommer\/\",\"name\":\"TV-TIPPS rund um den Almsommer \u00bb SalzburgerLand.com\",\"isPartOf\":{\"@id\":\"https:\/\/www.salzburgerland.com\/de\/#website\"},\"primaryImageOfPage\":{\"@id\":\"https:\/\/www.salzburgerland.com\/de\/tv-tipps-rund-um-den-almsommer\/#primaryimage\"},\"image\":{\"@id\":\"https:\/\/www.salzburgerland.com\/de\/tv-tipps-rund-um-den-almsommer\/#primaryimage\"},\"thumbnailUrl\":\"https:\/\/www.salzburgerland.com\/de\/wp-content\/uploads\/2024\/05\/pw-21-heimatleuchten-spezial-lust-auf-alm.jpg\",\"datePublished\":\"2024-05-22T09:13:08+00:00\",\"dateModified\":\"2025-11-25T13:41:32+00:00\",\"description\":\"Geschichten von Almen aus dem Salzburger Land. Geschichten von Menschen, die den Traum vom Leben auf der Alm mit Herzblut in die Tat umsetzen. Geschichten von Sehnsuchtsorten, Unbeschwertheit unter freiem Himmel, engem Zusammenleben mit den Tieren, selbstproduzierten Nahrungsmitteln und dem langsameren Ziehen der Zeit - all das geh\u00f6rt zu den Wunschtr\u00e4umen unserer Tage. Doch das Leben in den Bergen ist harte Arbeit. Dennoch ist es genau diese Art zu leben, die f\u00fcr viele Menschen die Erf\u00fcllung eines Traums in sich birgt.\",\"breadcrumb\":{\"@id\":\"https:\/\/www.salzburgerland.com\/de\/tv-tipps-rund-um-den-almsommer\/#breadcrumb\"},\"inLanguage\":\"de\",\"potentialAction\":[{\"@type\":\"ReadAction\",\"target\":[\"https:\/\/www.salzburgerland.com\/de\/tv-tipps-rund-um-den-almsommer\/\"]}]},{\"@type\":\"ImageObject\",\"inLanguage\":\"de\",\"@id\":\"https:\/\/www.salzburgerland.com\/de\/tv-tipps-rund-um-den-almsommer\/#primaryimage\",\"url\":\"https:\/\/www.salzburgerland.com\/de\/wp-content\/uploads\/2024\/05\/pw-21-heimatleuchten-spezial-lust-auf-alm.jpg\",\"contentUrl\":\"https:\/\/www.salzburgerland.com\/de\/wp-content\/uploads\/2024\/05\/pw-21-heimatleuchten-spezial-lust-auf-alm.jpg\",\"width\":2560,\"height\":1917,\"caption\":\"Servus TV \/ Eduardo Gellner, Die Oberh\u00fctte am See mit Alm\"},{\"@type\":\"BreadcrumbList\",\"@id\":\"https:\/\/www.salzburgerland.com\/de\/tv-tipps-rund-um-den-almsommer\/#breadcrumb\",\"itemListElement\":[{\"@type\":\"ListItem\",\"position\":1,\"name\":\"Almsommer\",\"item\":\"https:\/\/www.salzburgerland.com\/de\/almsommer\/\"},{\"@type\":\"ListItem\",\"position\":2,\"name\":\"TV-TIPPS rund um den Almsommer\"}]},{\"@type\":\"WebSite\",\"@id\":\"https:\/\/www.salzburgerland.com\/de\/#website\",\"url\":\"https:\/\/www.salzburgerland.com\/de\/\",\"name\":\"SalzburgerLand.com\",\"description\":\"Ihr Urlaub in Salzburg, \u00d6sterreich\",\"publisher\":{\"@id\":\"https:\/\/www.salzburgerland.com\/de\/#organization\"},\"potentialAction\":[{\"@type\":\"SearchAction\",\"target\":{\"@type\":\"EntryPoint\",\"urlTemplate\":\"https:\/\/www.salzburgerland.com\/de\/?s={search_term_string}\"},\"query-input\":{\"@type\":\"PropertyValueSpecification\",\"valueRequired\":true,\"valueName\":\"search_term_string\"}}],\"inLanguage\":\"de\"},{\"@type\":\"Organization\",\"@id\":\"https:\/\/www.salzburgerland.com\/de\/#organization\",\"name\":\"SalzburgerLand Tourismus GmbH\",\"url\":\"https:\/\/www.salzburgerland.com\/de\/\",\"logo\":{\"@type\":\"ImageObject\",\"inLanguage\":\"de\",\"@id\":\"https:\/\/www.salzburgerland.com\/de\/#\/schema\/logo\/image\/\",\"url\":\"https:\/\/www.salzburgerland.com\/de\/wp-content\/uploads\/2017\/01\/salzburgerland-logo.jpg\",\"contentUrl\":\"https:\/\/www.salzburgerland.com\/de\/wp-content\/uploads\/2017\/01\/salzburgerland-logo.jpg\",\"width\":1920,\"height\":827,\"caption\":\"SalzburgerLand Tourismus GmbH\"},\"image\":{\"@id\":\"https:\/\/www.salzburgerland.com\/de\/#\/schema\/logo\/image\/\"},\"sameAs\":[\"https:\/\/www.facebook.com\/salzburgerland\/\",\"https:\/\/x.com\/Salzburgerland\",\"https:\/\/www.instagram.com\/salzburgerland\/\",\"http:\/\/dbpedia.org\/resource\/Salzburg_(state)\",\"http:\/\/wikidata.dbpedia.org\/resource\/Q43325\",\"http:\/\/open.salzburgerland.com\/de\/entity\/salzburgerland\",\"https:\/\/www.youtube.com\/user\/salzburgerland\"]},{\"@type\":\"Person\",\"@id\":\"https:\/\/www.salzburgerland.com\/de\/#\/schema\/person\/caeab11a87b2ddb609442e2134067898\",\"name\":\"Barbara Walzer\",\"image\":{\"@type\":\"ImageObject\",\"inLanguage\":\"de\",\"@id\":\"https:\/\/www.salzburgerland.com\/de\/#\/schema\/person\/image\/\",\"url\":\"https:\/\/secure.gravatar.com\/avatar\/a33af3f7ecbc837d99149f702ef06428086253068f7ff83b2aacb98bb919f367?s=96&d=mm&r=g\",\"contentUrl\":\"https:\/\/secure.gravatar.com\/avatar\/a33af3f7ecbc837d99149f702ef06428086253068f7ff83b2aacb98bb919f367?s=96&d=mm&r=g\",\"caption\":\"Barbara Walzer\"}}]}<\/script>\n<!-- \/ Yoast SEO Premium plugin. -->","yoast_head_json":{"title":"TV-TIPPS rund um den Almsommer \u00bb SalzburgerLand.com","robots":{"index":"index","follow":"follow","max-snippet":"max-snippet:-1","max-image-preview":"max-image-preview:large","max-video-preview":"max-video-preview:-1"},"canonical":"https:\/\/www.salzburgerland.com\/de\/wp-json\/wp\/v2\/posts\/672035","og_locale":"de_DE","og_type":"article","og_title":"TV-TIPPS rund um den Almsommer","og_description":"Geschichten von Almen aus dem Salzburger Land. Geschichten von Menschen, die den Traum vom Leben auf der Alm mit Herzblut in die Tat umsetzen. Geschichten von Sehnsuchtsorten, Unbeschwertheit unter freiem Himmel, engem Zusammenleben mit den Tieren, selbstproduzierten Nahrungsmitteln und dem langsameren Ziehen der Zeit - all das geh\u00f6rt zu den Wunschtr\u00e4umen unserer Tage. Doch das Leben in den Bergen ist harte Arbeit. Dennoch ist es genau diese Art zu leben, die f\u00fcr viele Menschen die Erf\u00fcllung eines Traums in sich birgt.","og_url":"https:\/\/www.salzburgerland.com\/de\/wp-json\/wp\/v2\/posts\/672035","og_site_name":"SalzburgerLand.com","article_publisher":"https:\/\/www.facebook.com\/salzburgerland\/","article_published_time":"2024-05-22T09:13:08+00:00","article_modified_time":"2025-11-25T13:41:32+00:00","og_image":[{"width":1200,"height":675,"url":"https:\/\/www.salzburgerland.com\/de\/wp-content\/uploads\/2024\/05\/pw-21-heimatleuchten-spezial-lust-auf-alm-1200x675.jpg","type":"image\/jpeg"}],"author":"Barbara Walzer","twitter_card":"summary_large_image","twitter_creator":"@Salzburgerland","twitter_site":"@Salzburgerland","twitter_misc":{"Verfasst von":"Barbara Walzer","Gesch\u00e4tzte Lesezeit":"10\u00a0Minuten"},"schema":{"@context":"https:\/\/schema.org","@graph":[{"@type":"WebPage","@id":"https:\/\/www.salzburgerland.com\/de\/tv-tipps-rund-um-den-almsommer\/","url":"https:\/\/www.salzburgerland.com\/de\/tv-tipps-rund-um-den-almsommer\/","name":"TV-TIPPS rund um den Almsommer \u00bb SalzburgerLand.com","isPartOf":{"@id":"https:\/\/www.salzburgerland.com\/de\/#website"},"primaryImageOfPage":{"@id":"https:\/\/www.salzburgerland.com\/de\/tv-tipps-rund-um-den-almsommer\/#primaryimage"},"image":{"@id":"https:\/\/www.salzburgerland.com\/de\/tv-tipps-rund-um-den-almsommer\/#primaryimage"},"thumbnailUrl":"https:\/\/www.salzburgerland.com\/de\/wp-content\/uploads\/2024\/05\/pw-21-heimatleuchten-spezial-lust-auf-alm.jpg","datePublished":"2024-05-22T09:13:08+00:00","dateModified":"2025-11-25T13:41:32+00:00","description":"Geschichten von Almen aus dem Salzburger Land. Geschichten von Menschen, die den Traum vom Leben auf der Alm mit Herzblut in die Tat umsetzen. Geschichten von Sehnsuchtsorten, Unbeschwertheit unter freiem Himmel, engem Zusammenleben mit den Tieren, selbstproduzierten Nahrungsmitteln und dem langsameren Ziehen der Zeit - all das geh\u00f6rt zu den Wunschtr\u00e4umen unserer Tage. Doch das Leben in den Bergen ist harte Arbeit. Dennoch ist es genau diese Art zu leben, die f\u00fcr viele Menschen die Erf\u00fcllung eines Traums in sich birgt.","breadcrumb":{"@id":"https:\/\/www.salzburgerland.com\/de\/tv-tipps-rund-um-den-almsommer\/#breadcrumb"},"inLanguage":"de","potentialAction":[{"@type":"ReadAction","target":["https:\/\/www.salzburgerland.com\/de\/tv-tipps-rund-um-den-almsommer\/"]}]},{"@type":"ImageObject","inLanguage":"de","@id":"https:\/\/www.salzburgerland.com\/de\/tv-tipps-rund-um-den-almsommer\/#primaryimage","url":"https:\/\/www.salzburgerland.com\/de\/wp-content\/uploads\/2024\/05\/pw-21-heimatleuchten-spezial-lust-auf-alm.jpg","contentUrl":"https:\/\/www.salzburgerland.com\/de\/wp-content\/uploads\/2024\/05\/pw-21-heimatleuchten-spezial-lust-auf-alm.jpg","width":2560,"height":1917,"caption":"Servus TV \/ Eduardo Gellner, Die Oberh\u00fctte am See mit Alm"},{"@type":"BreadcrumbList","@id":"https:\/\/www.salzburgerland.com\/de\/tv-tipps-rund-um-den-almsommer\/#breadcrumb","itemListElement":[{"@type":"ListItem","position":1,"name":"Almsommer","item":"https:\/\/www.salzburgerland.com\/de\/almsommer\/"},{"@type":"ListItem","position":2,"name":"TV-TIPPS rund um den Almsommer"}]},{"@type":"WebSite","@id":"https:\/\/www.salzburgerland.com\/de\/#website","url":"https:\/\/www.salzburgerland.com\/de\/","name":"SalzburgerLand.com","description":"Ihr Urlaub in Salzburg, \u00d6sterreich","publisher":{"@id":"https:\/\/www.salzburgerland.com\/de\/#organization"},"potentialAction":[{"@type":"SearchAction","target":{"@type":"EntryPoint","urlTemplate":"https:\/\/www.salzburgerland.com\/de\/?s={search_term_string}"},"query-input":{"@type":"PropertyValueSpecification","valueRequired":true,"valueName":"search_term_string"}}],"inLanguage":"de"},{"@type":"Organization","@id":"https:\/\/www.salzburgerland.com\/de\/#organization","name":"SalzburgerLand Tourismus GmbH","url":"https:\/\/www.salzburgerland.com\/de\/","logo":{"@type":"ImageObject","inLanguage":"de","@id":"https:\/\/www.salzburgerland.com\/de\/#\/schema\/logo\/image\/","url":"https:\/\/www.salzburgerland.com\/de\/wp-content\/uploads\/2017\/01\/salzburgerland-logo.jpg","contentUrl":"https:\/\/www.salzburgerland.com\/de\/wp-content\/uploads\/2017\/01\/salzburgerland-logo.jpg","width":1920,"height":827,"caption":"SalzburgerLand Tourismus GmbH"},"image":{"@id":"https:\/\/www.salzburgerland.com\/de\/#\/schema\/logo\/image\/"},"sameAs":["https:\/\/www.facebook.com\/salzburgerland\/","https:\/\/x.com\/Salzburgerland","https:\/\/www.instagram.com\/salzburgerland\/","http:\/\/dbpedia.org\/resource\/Salzburg_(state)","http:\/\/wikidata.dbpedia.org\/resource\/Q43325","http:\/\/open.salzburgerland.com\/de\/entity\/salzburgerland","https:\/\/www.youtube.com\/user\/salzburgerland"]},{"@type":"Person","@id":"https:\/\/www.salzburgerland.com\/de\/#\/schema\/person\/caeab11a87b2ddb609442e2134067898","name":"Barbara Walzer","image":{"@type":"ImageObject","inLanguage":"de","@id":"https:\/\/www.salzburgerland.com\/de\/#\/schema\/person\/image\/","url":"https:\/\/secure.gravatar.com\/avatar\/a33af3f7ecbc837d99149f702ef06428086253068f7ff83b2aacb98bb919f367?s=96&d=mm&r=g","contentUrl":"https:\/\/secure.gravatar.com\/avatar\/a33af3f7ecbc837d99149f702ef06428086253068f7ff83b2aacb98bb919f367?s=96&d=mm&r=g","caption":"Barbara Walzer"}}]}},"_wl_alt_label":[],"wl:entity_url":"http:\/\/open.salzburgerland.com\/de\/post\/tv-tipps-672035","_links":{"self":[{"href":"https:\/\/www.salzburgerland.com\/de\/wp-json\/wp\/v2\/posts\/672035","targetHints":{"allow":["GET"]}}],"collection":[{"href":"https:\/\/www.salzburgerland.com\/de\/wp-json\/wp\/v2\/posts"}],"about":[{"href":"https:\/\/www.salzburgerland.com\/de\/wp-json\/wp\/v2\/types\/post"}],"author":[{"embeddable":true,"href":"https:\/\/www.salzburgerland.com\/de\/wp-json\/wp\/v2\/users\/50"}],"replies":[{"embeddable":true,"href":"https:\/\/www.salzburgerland.com\/de\/wp-json\/wp\/v2\/comments?post=672035"}],"version-history":[{"count":7,"href":"https:\/\/www.salzburgerland.com\/de\/wp-json\/wp\/v2\/posts\/672035\/revisions"}],"predecessor-version":[{"id":679580,"href":"https:\/\/www.salzburgerland.com\/de\/wp-json\/wp\/v2\/posts\/672035\/revisions\/679580"}],"wp:featuredmedia":[{"embeddable":true,"href":"https:\/\/www.salzburgerland.com\/de\/wp-json\/wp\/v2\/media\/672037"}],"wp:attachment":[{"href":"https:\/\/www.salzburgerland.com\/de\/wp-json\/wp\/v2\/media?parent=672035"}],"wp:term":[{"taxonomy":"category","embeddable":true,"href":"https:\/\/www.salzburgerland.com\/de\/wp-json\/wp\/v2\/categories?post=672035"},{"taxonomy":"post_tag","embeddable":true,"href":"https:\/\/www.salzburgerland.com\/de\/wp-json\/wp\/v2\/tags?post=672035"},{"taxonomy":"wl_entity_type","embeddable":true,"href":"https:\/\/www.salzburgerland.com\/de\/wp-json\/wp\/v2\/wl_entity_type?post=672035"}],"curies":[{"name":"wp","href":"https:\/\/api.w.org\/{rel}","templated":true}]}}