{"id":670680,"date":"2024-04-11T10:09:13","date_gmt":"2024-04-11T08:09:13","guid":{"rendered":"https:\/\/www.salzburgerland.com\/de\/?p=670680"},"modified":"2024-04-30T09:08:56","modified_gmt":"2024-04-30T07:08:56","slug":"bad-gastein-und-die-sommerfrische","status":"publish","type":"post","link":"https:\/\/www.salzburgerland.com\/de\/bad-gastein-und-die-sommerfrische\/","title":{"rendered":"Bad Gastein und die Sommerfrische."},"content":{"rendered":"<p>Heute nehmen wir euch mit auf einen ganz besonderen Zweitenblicke-Ausflug. Wir besuchen das noch weniger bekannte, aber ausgesprochen spannende <a href=\"https:\/\/www.gastein.com\/events\/sommer\/\">Kulturformat \u201eSommerfrische\u201c<\/a> in Bad Gastein. Zu Bad Gastein \u2013 auch bekannt als das Monte-Carlo der Alpen \u2013 k\u00f6nnte man jetzt seitenweise erz\u00e4hlen, was es hier alles zu entdecken gibt. Der Klang tosender Wasserf\u00e4lle, die Belle-\u00c9poque-Architektur, die atemberaubende Bergkulisse, historische Hotels und moderne Events. All das findet man in Bad Gastein im malerischen <a href=\"https:\/\/www.gastein.com\/\">Gasteinertal<\/a>. Und noch mehr!<\/p>\n<p>Denn das Art-Festival <a href=\"https:\/\/www.gastein.com\/events\/sommer\/sommerfrischekunst\/\">sommer.frische.kunst<\/a> hat sich als kulturelles Highlight in Bad Gastein etabliert. Es ist ein Treffpunkt f\u00fcr K\u00fcnstlerinnen, K\u00fcnstler und Kunstliebhabende, die in der idyllischen Umgebung von Bad Gastein sagenhafte Werke und Performances erleben k\u00f6nnen. Das Festival pr\u00e4sentiert Kunst im \u00f6ffentlichen Raum, und Besucherinnen und Besucher k\u00f6nnen vielf\u00e4ltige Ausstellungen entlang der Kaiser-Wilhelm-Promenade und im Ortskern genie\u00dfen.<\/p>\n<img decoding=\"async\" class=\"alignnone size-1170_658 wp-image-670686\" src=\"https:\/\/www.salzburgerland.com\/de\/wp-content\/uploads\/2024\/04\/dsc08547-1170x658.jpg\" alt=\"\" width=\"1170\" height=\"658\" srcset=\"https:\/\/www.salzburgerland.com\/de\/wp-content\/uploads\/2024\/04\/dsc08547-1170x658.jpg 1170w, https:\/\/www.salzburgerland.com\/de\/wp-content\/uploads\/2024\/04\/dsc08547-1200x675.jpg 1200w\" sizes=\"(max-width: 1170px) 100vw, 1170px\">\n<p>\u00a0<\/p>\n<p>Ein Rundgang durch das Festival ist eine Reise durch verschiedene Kunstformen und bietet eine breite Palette k\u00fcnstlerischer Ausdrucksformen. Und ganz nebenbei ergeben sich spannende Gespr\u00e4che mit den Kunstschaffenden vor Ort. Jedes Jahr werden Werke von renommierten als auch aufstrebenden K\u00fcnstlern ausgestellt, die die Besucherinnen und Besucher inspirieren und neue Perspektiven er\u00f6ffnen.<\/p>\n<p>Das Kulturformat \u201eSommerfrische\u201c in Bad Gastein ist eine wunderbare Gelegenheit, Kunst in einer einzigartigen Umgebung zu erleben. F\u00fcr alle, die auf der Suche nach so einem einzigartigen kulturellen Erlebnis sind, ist dieses Festival genau das Richtige, aber seht selbst.<\/p>\n","protected":false},"excerpt":{"rendered":"<p>Heute nehmen wir euch mit auf einen ganz besonderen Zweitenblicke-Ausflug. Wir besuchen das noch weniger bekannte, aber ausgesprochen spannende Kulturformat \u201eSommerfrische\u201c in Bad Gastein. Zu Bad Gastein \u2013 auch bekannt als das Monte-Carlo der Alpen \u2013 k\u00f6nnte man jetzt seitenweise erz\u00e4hlen, was es hier alles zu entdecken gibt. Der Klang tosender Wasserf\u00e4lle, die Belle-\u00c9poque-Architektur, die [&hellip;]<\/p>\n","protected":false},"author":85,"featured_media":670681,"comment_status":"closed","ping_status":"closed","sticky":false,"template":"","format":"standard","meta":{"_acf_changed":false,"wl_entities_gutenberg":"","_relevanssi_hide_post":"","_relevanssi_hide_content":"","_relevanssi_pin_for_all":"","_relevanssi_pin_keywords":"","_relevanssi_unpin_keywords":"","_relevanssi_related_keywords":"","_relevanssi_related_include_ids":"","_relevanssi_related_exclude_ids":"","_relevanssi_related_no_append":"","_relevanssi_related_not_related":"","_relevanssi_related_posts":"","_relevanssi_noindex_reason":"","footnotes":""},"categories":[1],"tags":[],"wl_entity_type":[11495],"class_list":["post-670680","post","type-post","status-publish","format-standard","has-post-thumbnail","hentry","category-allgemein","wl_entity_type-article"],"acf":[],"yoast_head":"<!-- This site is optimized with the Yoast SEO Premium plugin v26.9 (Yoast SEO v26.9) - https:\/\/yoast.com\/product\/yoast-seo-premium-wordpress\/ -->\n<title>Bad Gastein und die Sommerfrische. \u00bb SalzburgerLand.com<\/title>\n<meta name=\"robots\" content=\"index, follow, max-snippet:-1, max-image-preview:large, max-video-preview:-1\" \/>\n<link rel=\"canonical\" href=\"https:\/\/www.salzburgerland.com\/de\/wp-json\/wp\/v2\/posts\/670680\" \/>\n<meta property=\"og:locale\" content=\"de_DE\" \/>\n<meta property=\"og:type\" content=\"article\" \/>\n<meta property=\"og:title\" content=\"Bad Gastein und die Sommerfrische.\" \/>\n<meta property=\"og:description\" content=\"Erlebe die Vielfalt der &quot;Sommerfrische&quot; in Bad Gastein. Tauche ein in die Welt von sommer.frische.kunst, wo Kunst lebendig wird. Begleite uns auf einem inspirierenden Rundgang durch dieses kulturelle Highlight.\" \/>\n<meta property=\"og:url\" content=\"https:\/\/www.salzburgerland.com\/de\/wp-json\/wp\/v2\/posts\/670680\" \/>\n<meta property=\"og:site_name\" content=\"SalzburgerLand.com\" \/>\n<meta property=\"article:publisher\" content=\"https:\/\/www.facebook.com\/salzburgerland\/\" \/>\n<meta property=\"article:published_time\" content=\"2024-04-11T08:09:13+00:00\" \/>\n<meta property=\"article:modified_time\" content=\"2024-04-30T07:08:56+00:00\" \/>\n<meta property=\"og:image\" content=\"https:\/\/www.salzburgerland.com\/de\/wp-content\/uploads\/2024\/04\/dsc08580-1200x675.jpg\" \/>\n\t<meta property=\"og:image:width\" content=\"1200\" \/>\n\t<meta property=\"og:image:height\" content=\"675\" \/>\n\t<meta property=\"og:image:type\" content=\"image\/jpeg\" \/>\n<meta name=\"author\" content=\"Nadine H\u00f6ller\" \/>\n<meta name=\"twitter:card\" content=\"summary_large_image\" \/>\n<meta name=\"twitter:creator\" content=\"@Themenredakteur\" \/>\n<meta name=\"twitter:site\" content=\"@Salzburgerland\" \/>\n<meta name=\"twitter:label1\" content=\"Verfasst von\" \/>\n\t<meta name=\"twitter:data1\" content=\"Nadine H\u00f6ller\" \/>\n\t<meta name=\"twitter:label2\" content=\"Gesch\u00e4tzte Lesezeit\" \/>\n\t<meta name=\"twitter:data2\" content=\"3\u00a0Minuten\" \/>\n<script type=\"application\/ld+json\" class=\"yoast-schema-graph\">{\"@context\":\"https:\/\/schema.org\",\"@graph\":[{\"@type\":\"WebPage\",\"@id\":\"https:\/\/www.salzburgerland.com\/de\/bad-gastein-und-die-sommerfrische\/\",\"url\":\"https:\/\/www.salzburgerland.com\/de\/bad-gastein-und-die-sommerfrische\/\",\"name\":\"Bad Gastein und die Sommerfrische. \u00bb SalzburgerLand.com\",\"isPartOf\":{\"@id\":\"https:\/\/www.salzburgerland.com\/de\/#website\"},\"primaryImageOfPage\":{\"@id\":\"https:\/\/www.salzburgerland.com\/de\/bad-gastein-und-die-sommerfrische\/#primaryimage\"},\"image\":{\"@id\":\"https:\/\/www.salzburgerland.com\/de\/bad-gastein-und-die-sommerfrische\/#primaryimage\"},\"thumbnailUrl\":\"https:\/\/www.salzburgerland.com\/de\/wp-content\/uploads\/2024\/04\/dsc08580.jpg\",\"datePublished\":\"2024-04-11T08:09:13+00:00\",\"dateModified\":\"2024-04-30T07:08:56+00:00\",\"description\":\"Erlebe die Vielfalt der \\\"Sommerfrische\\\" in Bad Gastein. Tauche ein in die Welt von sommer.frische.kunst, wo Kunst lebendig wird. Begleite uns auf einem inspirierenden Rundgang durch dieses kulturelle Highlight.\",\"breadcrumb\":{\"@id\":\"https:\/\/www.salzburgerland.com\/de\/bad-gastein-und-die-sommerfrische\/#breadcrumb\"},\"inLanguage\":\"de\",\"potentialAction\":[{\"@type\":\"ReadAction\",\"target\":[\"https:\/\/www.salzburgerland.com\/de\/bad-gastein-und-die-sommerfrische\/\"]}]},{\"@type\":\"ImageObject\",\"inLanguage\":\"de\",\"@id\":\"https:\/\/www.salzburgerland.com\/de\/bad-gastein-und-die-sommerfrische\/#primaryimage\",\"url\":\"https:\/\/www.salzburgerland.com\/de\/wp-content\/uploads\/2024\/04\/dsc08580.jpg\",\"contentUrl\":\"https:\/\/www.salzburgerland.com\/de\/wp-content\/uploads\/2024\/04\/dsc08580.jpg\",\"width\":1920,\"height\":1280,\"caption\":\"Zwei K\u00fcnstler stehen vor abstrakten Gem\u00e4lden und unterhalten sich in einem Atelier, in dem Kunstgegenst\u00e4nde auf dem Boden liegen.\"},{\"@type\":\"BreadcrumbList\",\"@id\":\"https:\/\/www.salzburgerland.com\/de\/bad-gastein-und-die-sommerfrische\/#breadcrumb\",\"itemListElement\":[{\"@type\":\"ListItem\",\"position\":1,\"name\":\"Zweitenblicke\",\"item\":\"https:\/\/www.salzburgerland.com\/de\/zweitenblicke\/\"},{\"@type\":\"ListItem\",\"position\":2,\"name\":\"Bad Gastein und die Sommerfrische.\"}]},{\"@type\":\"WebSite\",\"@id\":\"https:\/\/www.salzburgerland.com\/de\/#website\",\"url\":\"https:\/\/www.salzburgerland.com\/de\/\",\"name\":\"SalzburgerLand.com\",\"description\":\"Ihr Urlaub in Salzburg, \u00d6sterreich\",\"publisher\":{\"@id\":\"https:\/\/www.salzburgerland.com\/de\/#organization\"},\"potentialAction\":[{\"@type\":\"SearchAction\",\"target\":{\"@type\":\"EntryPoint\",\"urlTemplate\":\"https:\/\/www.salzburgerland.com\/de\/?s={search_term_string}\"},\"query-input\":{\"@type\":\"PropertyValueSpecification\",\"valueRequired\":true,\"valueName\":\"search_term_string\"}}],\"inLanguage\":\"de\"},{\"@type\":\"Organization\",\"@id\":\"https:\/\/www.salzburgerland.com\/de\/#organization\",\"name\":\"SalzburgerLand Tourismus GmbH\",\"url\":\"https:\/\/www.salzburgerland.com\/de\/\",\"logo\":{\"@type\":\"ImageObject\",\"inLanguage\":\"de\",\"@id\":\"https:\/\/www.salzburgerland.com\/de\/#\/schema\/logo\/image\/\",\"url\":\"https:\/\/www.salzburgerland.com\/de\/wp-content\/uploads\/2017\/01\/salzburgerland-logo.jpg\",\"contentUrl\":\"https:\/\/www.salzburgerland.com\/de\/wp-content\/uploads\/2017\/01\/salzburgerland-logo.jpg\",\"width\":1920,\"height\":827,\"caption\":\"SalzburgerLand Tourismus GmbH\"},\"image\":{\"@id\":\"https:\/\/www.salzburgerland.com\/de\/#\/schema\/logo\/image\/\"},\"sameAs\":[\"https:\/\/www.facebook.com\/salzburgerland\/\",\"https:\/\/x.com\/Salzburgerland\",\"https:\/\/www.instagram.com\/salzburgerland\/\",\"http:\/\/dbpedia.org\/resource\/Salzburg_(state)\",\"http:\/\/wikidata.dbpedia.org\/resource\/Q43325\",\"http:\/\/open.salzburgerland.com\/de\/entity\/salzburgerland\",\"https:\/\/www.youtube.com\/user\/salzburgerland\"]},{\"@type\":\"Person\",\"@id\":\"https:\/\/www.salzburgerland.com\/de\/#\/schema\/person\/d48588f149d905348dcf40868cfef462\",\"name\":\"Nadine H\u00f6ller\",\"image\":{\"@type\":\"ImageObject\",\"inLanguage\":\"de\",\"@id\":\"https:\/\/www.salzburgerland.com\/de\/#\/schema\/person\/image\/\",\"url\":\"https:\/\/secure.gravatar.com\/avatar\/9abd399f127771fb89625116803c9853086ed2c89abf252628c6cb805f11e40e?s=96&d=mm&r=g\",\"contentUrl\":\"https:\/\/secure.gravatar.com\/avatar\/9abd399f127771fb89625116803c9853086ed2c89abf252628c6cb805f11e40e?s=96&d=mm&r=g\",\"caption\":\"Nadine H\u00f6ller\"},\"sameAs\":[\"https:\/\/x.com\/Themenredakteur\"]}]}<\/script>\n<!-- \/ Yoast SEO Premium plugin. -->","yoast_head_json":{"title":"Bad Gastein und die Sommerfrische. \u00bb SalzburgerLand.com","robots":{"index":"index","follow":"follow","max-snippet":"max-snippet:-1","max-image-preview":"max-image-preview:large","max-video-preview":"max-video-preview:-1"},"canonical":"https:\/\/www.salzburgerland.com\/de\/wp-json\/wp\/v2\/posts\/670680","og_locale":"de_DE","og_type":"article","og_title":"Bad Gastein und die Sommerfrische.","og_description":"Erlebe die Vielfalt der \"Sommerfrische\" in Bad Gastein. Tauche ein in die Welt von sommer.frische.kunst, wo Kunst lebendig wird. Begleite uns auf einem inspirierenden Rundgang durch dieses kulturelle Highlight.","og_url":"https:\/\/www.salzburgerland.com\/de\/wp-json\/wp\/v2\/posts\/670680","og_site_name":"SalzburgerLand.com","article_publisher":"https:\/\/www.facebook.com\/salzburgerland\/","article_published_time":"2024-04-11T08:09:13+00:00","article_modified_time":"2024-04-30T07:08:56+00:00","og_image":[{"width":1200,"height":675,"url":"https:\/\/www.salzburgerland.com\/de\/wp-content\/uploads\/2024\/04\/dsc08580-1200x675.jpg","type":"image\/jpeg"}],"author":"Nadine H\u00f6ller","twitter_card":"summary_large_image","twitter_creator":"@Themenredakteur","twitter_site":"@Salzburgerland","twitter_misc":{"Verfasst von":"Nadine H\u00f6ller","Gesch\u00e4tzte Lesezeit":"3\u00a0Minuten"},"schema":{"@context":"https:\/\/schema.org","@graph":[{"@type":"WebPage","@id":"https:\/\/www.salzburgerland.com\/de\/bad-gastein-und-die-sommerfrische\/","url":"https:\/\/www.salzburgerland.com\/de\/bad-gastein-und-die-sommerfrische\/","name":"Bad Gastein und die Sommerfrische. \u00bb SalzburgerLand.com","isPartOf":{"@id":"https:\/\/www.salzburgerland.com\/de\/#website"},"primaryImageOfPage":{"@id":"https:\/\/www.salzburgerland.com\/de\/bad-gastein-und-die-sommerfrische\/#primaryimage"},"image":{"@id":"https:\/\/www.salzburgerland.com\/de\/bad-gastein-und-die-sommerfrische\/#primaryimage"},"thumbnailUrl":"https:\/\/www.salzburgerland.com\/de\/wp-content\/uploads\/2024\/04\/dsc08580.jpg","datePublished":"2024-04-11T08:09:13+00:00","dateModified":"2024-04-30T07:08:56+00:00","description":"Erlebe die Vielfalt der \"Sommerfrische\" in Bad Gastein. Tauche ein in die Welt von sommer.frische.kunst, wo Kunst lebendig wird. Begleite uns auf einem inspirierenden Rundgang durch dieses kulturelle Highlight.","breadcrumb":{"@id":"https:\/\/www.salzburgerland.com\/de\/bad-gastein-und-die-sommerfrische\/#breadcrumb"},"inLanguage":"de","potentialAction":[{"@type":"ReadAction","target":["https:\/\/www.salzburgerland.com\/de\/bad-gastein-und-die-sommerfrische\/"]}]},{"@type":"ImageObject","inLanguage":"de","@id":"https:\/\/www.salzburgerland.com\/de\/bad-gastein-und-die-sommerfrische\/#primaryimage","url":"https:\/\/www.salzburgerland.com\/de\/wp-content\/uploads\/2024\/04\/dsc08580.jpg","contentUrl":"https:\/\/www.salzburgerland.com\/de\/wp-content\/uploads\/2024\/04\/dsc08580.jpg","width":1920,"height":1280,"caption":"Zwei K\u00fcnstler stehen vor abstrakten Gem\u00e4lden und unterhalten sich in einem Atelier, in dem Kunstgegenst\u00e4nde auf dem Boden liegen."},{"@type":"BreadcrumbList","@id":"https:\/\/www.salzburgerland.com\/de\/bad-gastein-und-die-sommerfrische\/#breadcrumb","itemListElement":[{"@type":"ListItem","position":1,"name":"Zweitenblicke","item":"https:\/\/www.salzburgerland.com\/de\/zweitenblicke\/"},{"@type":"ListItem","position":2,"name":"Bad Gastein und die Sommerfrische."}]},{"@type":"WebSite","@id":"https:\/\/www.salzburgerland.com\/de\/#website","url":"https:\/\/www.salzburgerland.com\/de\/","name":"SalzburgerLand.com","description":"Ihr Urlaub in Salzburg, \u00d6sterreich","publisher":{"@id":"https:\/\/www.salzburgerland.com\/de\/#organization"},"potentialAction":[{"@type":"SearchAction","target":{"@type":"EntryPoint","urlTemplate":"https:\/\/www.salzburgerland.com\/de\/?s={search_term_string}"},"query-input":{"@type":"PropertyValueSpecification","valueRequired":true,"valueName":"search_term_string"}}],"inLanguage":"de"},{"@type":"Organization","@id":"https:\/\/www.salzburgerland.com\/de\/#organization","name":"SalzburgerLand Tourismus GmbH","url":"https:\/\/www.salzburgerland.com\/de\/","logo":{"@type":"ImageObject","inLanguage":"de","@id":"https:\/\/www.salzburgerland.com\/de\/#\/schema\/logo\/image\/","url":"https:\/\/www.salzburgerland.com\/de\/wp-content\/uploads\/2017\/01\/salzburgerland-logo.jpg","contentUrl":"https:\/\/www.salzburgerland.com\/de\/wp-content\/uploads\/2017\/01\/salzburgerland-logo.jpg","width":1920,"height":827,"caption":"SalzburgerLand Tourismus GmbH"},"image":{"@id":"https:\/\/www.salzburgerland.com\/de\/#\/schema\/logo\/image\/"},"sameAs":["https:\/\/www.facebook.com\/salzburgerland\/","https:\/\/x.com\/Salzburgerland","https:\/\/www.instagram.com\/salzburgerland\/","http:\/\/dbpedia.org\/resource\/Salzburg_(state)","http:\/\/wikidata.dbpedia.org\/resource\/Q43325","http:\/\/open.salzburgerland.com\/de\/entity\/salzburgerland","https:\/\/www.youtube.com\/user\/salzburgerland"]},{"@type":"Person","@id":"https:\/\/www.salzburgerland.com\/de\/#\/schema\/person\/d48588f149d905348dcf40868cfef462","name":"Nadine H\u00f6ller","image":{"@type":"ImageObject","inLanguage":"de","@id":"https:\/\/www.salzburgerland.com\/de\/#\/schema\/person\/image\/","url":"https:\/\/secure.gravatar.com\/avatar\/9abd399f127771fb89625116803c9853086ed2c89abf252628c6cb805f11e40e?s=96&d=mm&r=g","contentUrl":"https:\/\/secure.gravatar.com\/avatar\/9abd399f127771fb89625116803c9853086ed2c89abf252628c6cb805f11e40e?s=96&d=mm&r=g","caption":"Nadine H\u00f6ller"},"sameAs":["https:\/\/x.com\/Themenredakteur"]}]}},"_wl_alt_label":[],"wl:entity_url":"http:\/\/open.salzburgerland.com\/de\/post\/bad-gastein-und-die-sommerfrische-670680","_links":{"self":[{"href":"https:\/\/www.salzburgerland.com\/de\/wp-json\/wp\/v2\/posts\/670680","targetHints":{"allow":["GET"]}}],"collection":[{"href":"https:\/\/www.salzburgerland.com\/de\/wp-json\/wp\/v2\/posts"}],"about":[{"href":"https:\/\/www.salzburgerland.com\/de\/wp-json\/wp\/v2\/types\/post"}],"author":[{"embeddable":true,"href":"https:\/\/www.salzburgerland.com\/de\/wp-json\/wp\/v2\/users\/85"}],"replies":[{"embeddable":true,"href":"https:\/\/www.salzburgerland.com\/de\/wp-json\/wp\/v2\/comments?post=670680"}],"version-history":[{"count":5,"href":"https:\/\/www.salzburgerland.com\/de\/wp-json\/wp\/v2\/posts\/670680\/revisions"}],"predecessor-version":[{"id":671314,"href":"https:\/\/www.salzburgerland.com\/de\/wp-json\/wp\/v2\/posts\/670680\/revisions\/671314"}],"wp:featuredmedia":[{"embeddable":true,"href":"https:\/\/www.salzburgerland.com\/de\/wp-json\/wp\/v2\/media\/670681"}],"wp:attachment":[{"href":"https:\/\/www.salzburgerland.com\/de\/wp-json\/wp\/v2\/media?parent=670680"}],"wp:term":[{"taxonomy":"category","embeddable":true,"href":"https:\/\/www.salzburgerland.com\/de\/wp-json\/wp\/v2\/categories?post=670680"},{"taxonomy":"post_tag","embeddable":true,"href":"https:\/\/www.salzburgerland.com\/de\/wp-json\/wp\/v2\/tags?post=670680"},{"taxonomy":"wl_entity_type","embeddable":true,"href":"https:\/\/www.salzburgerland.com\/de\/wp-json\/wp\/v2\/wl_entity_type?post=670680"}],"curies":[{"name":"wp","href":"https:\/\/api.w.org\/{rel}","templated":true}]}}