{"id":670336,"date":"2024-04-03T22:02:06","date_gmt":"2024-04-03T20:02:06","guid":{"rendered":"https:\/\/www.salzburgerland.com\/de\/?p=670336"},"modified":"2024-05-02T13:22:06","modified_gmt":"2024-05-02T11:22:06","slug":"abschlag-ins-almsommer-erlebnis-mit-matthias-schwab","status":"publish","type":"post","link":"https:\/\/www.salzburgerland.com\/de\/abschlag-ins-almsommer-erlebnis-mit-matthias-schwab\/","title":{"rendered":"Golf-Profi Matthias Schwab"},"content":{"rendered":"<p><span><a href=\"https:\/\/www.matthiasschwab.com\/\" target=\"_blank\" rel=\"noopener\">Matthias Schwab<\/a> tourt als Profi-Golfer quer \u00fcber den Globus, von Golfplatz zu Golfplatz. Wenn er auf dem Golfplatz abschl\u00e4gt, schaut die ganze Welt zu: Matthias Schwab ist eines der \u00f6sterreichischen Aush\u00e4ngeschilder in einer Sportart, die weltweit von mehr als 60 Millionen Menschen gespielt wird. Genau deswegen sucht er, wenn er daheim ist, genau das Kontrastprogramm zum Trubel im Profi-Golf. Frische Luft, gutes Essen, Kraftpl\u00e4tze: Da ist ein Ausflug auf eine der vielen <a href=\"https:\/\/www.salzburgerland.com\/de\/almsommer\/\" target=\"_blank\" rel=\"noopener\">Salzburger Almsommerh\u00fctten<\/a> die perfekte Auszeit.<\/span><\/p>\n<img decoding=\"async\" class=\"alignnone size-1170_658 wp-image-670314\" src=\"https:\/\/www.salzburgerland.com\/de\/wp-content\/uploads\/2024\/04\/83a0962-1170x658.jpg\" alt=\"\" width=\"1170\" height=\"658\" srcset=\"https:\/\/www.salzburgerland.com\/de\/wp-content\/uploads\/2024\/04\/83a0962-1170x658.jpg 1170w, https:\/\/www.salzburgerland.com\/de\/wp-content\/uploads\/2024\/04\/83a0962-1200x675.jpg 1200w\" sizes=\"(max-width: 1170px) 100vw, 1170px\">\n<h3>Wanderschuhe statt Golfschl\u00e4ger<\/h3>\n<p><span>Um dem Tourstress zu entkommen, schn\u00fcrt <a href=\"https:\/\/www.instagram.com\/matthiasschwab\" target=\"_blank\" rel=\"noopener\">Matthias Schwab<\/a> von Obertauern bis Lofer gerne die Wanderschuhe. Wer oft in internationalen Gro\u00dfst\u00e4dten unterwegs ist, wei\u00df, wie wohltuend frische Bergluft ist. Das genie\u00dft auch Matthias Schwab zwischen den Golfturnieren und zieht sich daraus viele Energie f\u00fcr die kommenden Aufgaben. \u201eIm Almsommer trifft man uns immer wieder mal auf einer der vielen Gipfeltouren im SalzburgerLand, an einem Bergsee oder bei einer Einkehr auf einer der urigen <a href=\"https:\/\/www.salzburgerland.com\/de\/almsommerhuetten-liste\/\" target=\"_blank\" rel=\"noopener\">Salzburger Almsommer-H\u00fctten<\/a>\u201c, erz\u00e4hlt Matthias Schwab, der sich, wenn es sich ausgeht, gern mit seinem Bruder Johannes zu einer Bergtour aufmacht. \u201eNat\u00fcrlich nehme ich die positiven Trainings-Effekte einer Wanderung gerne mit, eine gute Grundlagenausdauer ist auch beim Golf ein wichtiger Faktor. Diese kann man beim Wandern gut trainieren.\u201c Au\u00dferdem ertappt sich Matthias Schwab auch beim Wandern manchmal beim Versuch, Distanzen abzusch\u00e4tzen, wie weit der Bergsee weg ist, welchen Golfschl\u00e4ger er daf\u00fcr nehmen w\u00fcrde, um den Golfball \u00fcber das \u201eHindernis\u201c hinauszuspielen. \u201eGolf besch\u00e4ftigt mich immer, das geh\u00f6rt zu meinem Leben einfach dazu. Auch wenn ich wie beim Wandern nur in der Theorie spiele.\u201c<\/span><\/p>\n<img decoding=\"async\" class=\"alignnone size-1170_658 wp-image-670313\" src=\"https:\/\/www.salzburgerland.com\/de\/wp-content\/uploads\/2024\/04\/28a9786-1170x658.jpg\" alt=\"\" width=\"1170\" height=\"658\" srcset=\"https:\/\/www.salzburgerland.com\/de\/wp-content\/uploads\/2024\/04\/28a9786-1170x658.jpg 1170w, https:\/\/www.salzburgerland.com\/de\/wp-content\/uploads\/2024\/04\/28a9786-1200x675.jpg 1200w\" sizes=\"(max-width: 1170px) 100vw, 1170px\">\n<p>\u00a0<\/p>\n<p><span>Eine wichtige Motivationsspritze ist auch die regionale Almkulinarik. \u201eIch liebe die alpine H\u00fcttenkulinarik. Es geht nichts \u00fcber herrliche Kasnockn oder ein Gr\u00f6stl in der hei\u00dfen Pfanne serviert oder eine gute Brettljause mit regionalen Produkten. Gerade nach Turnieren und l\u00e4ngeren Reisen wei\u00df ich den Geschmack der Heimat, die Regionalit\u00e4t der Produkte und Zutaten sehr zu sch\u00e4tzen. Das ist eine Lebensqualit\u00e4t, die nicht selbstverst\u00e4ndlich ist, und die man sehr zu sch\u00e4tzen lernt, wenn man viel reist\u201d, schw\u00e4rmt Matthias Schwab, der verr\u00e4t: \u201eIch esse lieber etwas Salziges als etwas S\u00fc\u00dfes, lieber eine Brettljause oder Kasnockn anstatt Kaiserschmarrn.\u201c<\/span><\/p>\n<h3>Genusstour auf die Kallbrunnalm im Naturpark Wei\u00dfbach<\/h3>\n<img decoding=\"async\" class=\"alignnone size-1170_658 wp-image-670315\" src=\"https:\/\/www.salzburgerland.com\/de\/wp-content\/uploads\/2024\/04\/shooting_schwab2787-1170x658.jpg\" alt=\"\" width=\"1170\" height=\"658\" srcset=\"https:\/\/www.salzburgerland.com\/de\/wp-content\/uploads\/2024\/04\/shooting_schwab2787-1170x658.jpg 1170w, https:\/\/www.salzburgerland.com\/de\/wp-content\/uploads\/2024\/04\/shooting_schwab2787-1200x675.jpg 1200w\" sizes=\"(max-width: 1170px) 100vw, 1170px\">\n<p>\u00a0<\/p>\n<p><span>\u201eBei meinem Bruder Johannes und mir merkt man beim Wandern an der Gespr\u00e4chigkeit, wie anstrengend es ist, beziehungsweise, ob wir bergauf richtig Gas geben oder eine Genusstour machen. Je schneller wir gehen oder je steiler es wird, desto ruhiger werden wir\u201c, lacht <a href=\"https:\/\/www.redbull.com\/at-de\/athlete\/matthias-schwab\" target=\"_blank\" rel=\"noopener\">Matthias Schwab<\/a>. Darum genie\u00dft er die gem\u00fctliche Wanderung auf die <a href=\"https:\/\/www.salzburgerland.com\/de\/almsommerhuetten-liste\/pois\/SBG\/de63e9e3-80b8-4970-aebd-26ad238487f1\/kallbrunnalm-1-454-m\" target=\"_blank\" rel=\"noopener\">Kallbrunnalm<\/a> auf 1.450 Metern im Salzburger Saalachtal\u00a0besonders, wenn er nach einer langen Turnier-Serie endlich wieder heimkommt und genug Zeit hat, um Johannes seine Erlebnisse zu erz\u00e4hlen. Die Wanderung startet beim Parkplatz P\u00fcrzelbach, und geht ca. eineinhalb Stunden moderat bergauf. Perfekt, um nebenbei gem\u00fctlich zu ratschen. \u201eWir biegen kurz nach dem Start vom Forstweg links hinein und nehmen den Steig als Abk\u00fcrzung\u201c, gibt Matthias Schwab Wandertipps. \u201eOben angekommen haben wir uns dann nat\u00fcrlich eine urige Kasjause absolut verdient\u201c, schw\u00e4rmt Matthias Schwab von den auf der Alm in der eigenen Kaserei veredelten Milchprodukten. <\/span><span>Der Ausblick aus dem Naturpark Wei\u00dfbach zum Seehorn, das mit seinen 2.321 Metern herausragt, rundet das Wandererlebnis perfekt ab. <\/span><\/p>\n<p><span>F\u00fcr alle Bike-Fans: Es f\u00fchrt auch eine offizielle Mountainbike-Strecke hoch zur Kallbrunnalm. Wer noch eine Zusatzmotivation braucht, dem legt Matthias Schwab noch einen Abstecher zum Die\u00dfbach-Stausee oder zum Seehornsee ans Herz. Der <\/span><a href=\"http:\/\/www.lofer.com\/seehornsee\" target=\"_blank\" rel=\"noopener\">sehr ruhig gelegene, klare Seehornsee<\/a> liegt auf 1.779 Metern Seeh\u00f6he und ist ein nat\u00fcrlicher Bergsee, der zum Baden einl\u00e4dt und definitiv eine zus\u00e4tzliche Wander-Etappe wert ist. <span>\u201eDas ist das i-T\u00fcpfelchen bei einer <a href=\"https:\/\/www.salzburgerland.com\/de\/hoch-die-alm\/\" rel=\"noopener\">Almsommer-Wanderung im SalzburgerLand:<\/a>\u00a0Wenn man sich dann noch in einem Bergsee abk\u00fchlen kann und die Sonne uns wieder trocknet.\u201c<\/span><\/p>\n\n\t\t\t<div id=\"670336-1\" class=\"gallery gallery-670336 gallery-columns-3 gallery-size-1170_658\" itemscope itemtype=\"http:\/\/schema.org\/ImageGallery\">\n\t\t\t\t<ul class=\"gallery-row gallery-col-3 gallery-clear\">\n\t\t\t\t\t<li class=\"gallery-item col-3\" itemprop=\"associatedMedia\" itemscope itemtype=\"http:\/\/schema.org\/ImageObject\">\n\t\t\t\t\t\t<div class=\"gallery-icon landscape\"><a href=\"https:\/\/www.salzburgerland.com\/de\/wp-content\/uploads\/2024\/04\/weissbach-naturpark-weissbach-diesbachstausee-4-1423x1067.jpg\" title=\"Wei\u00dfbach Naturpark Wei\u00dfbach Die\u00dfbachstausee (c) Salzburger Saalachtal Tourismus\"><img decoding=\"async\" data-title=\"Traumhafte Ausblicke im Naturpark Wei\u00dfbach, Die\u00dfbachstausee (c) Salzburger Saalachtal Tourismus\" title=\"Traumhafte Ausblicke im Naturpark Wei\u00dfbach, Die\u00dfbachstausee (c) Salzburger Saalachtal Tourismus\" data-caption=\"Traumhafte Ausblicke im Naturpark Wei\u00dfbach, Die\u00dfbachstausee (c) Salzburger Saalachtal Tourismus\" width=\"1170\" height=\"658\" src=\"https:\/\/www.salzburgerland.com\/de\/wp-content\/uploads\/2024\/04\/weissbach-naturpark-weissbach-diesbachstausee-4-1170x658.jpg\" class=\"attachment-1170_658 size-1170_658\" alt=\"Wei\u00dfbach Naturpark Wei\u00dfbach Die\u00dfbachstausee (c) Salzburger Saalachtal Tourismus (vergr\u00f6\u00dferte Ansicht)\" srcset=\"https:\/\/www.salzburgerland.com\/de\/wp-content\/uploads\/2024\/04\/weissbach-naturpark-weissbach-diesbachstausee-4-1170x658.jpg 1170w, https:\/\/www.salzburgerland.com\/de\/wp-content\/uploads\/2024\/04\/weissbach-naturpark-weissbach-diesbachstausee-4-1200x675.jpg 1200w\" sizes=\"(max-width: 1170px) 100vw, 1170px\" aria-describedby=\"figcaption-670336-670501\" itemprop=\"thumbnail\"><\/a><\/div>\n\t\t\t\t\t\t<span id=\"figcaption-670336-670501\" class=\"gallery-caption\" itemprop=\"caption\"><span aria-hidden=\"true\">Traumhafte Ausblicke im Naturpark Wei\u00dfbach, Die\u00dfbachstausee (c) Salzburger Saalachtal Tourismus<\/span><\/span>\n\t\t\t\t\t<\/li>\n\t\t\t\t\t<li class=\"gallery-item col-3\" itemprop=\"associatedMedia\" itemscope itemtype=\"http:\/\/schema.org\/ImageObject\">\n\t\t\t\t\t\t<div class=\"gallery-icon landscape\"><a href=\"https:\/\/www.salzburgerland.com\/de\/wp-content\/uploads\/2024\/04\/28a9557-712x1067.jpg\" title=\"Matthias Schwab Kallbrunnalm Lofer Golfprofi SalzburgerLand\"><img decoding=\"async\" data-title=\"Golf-Profi Matthias Schwab genie\u00dft den Almsommer\" title=\"Golf-Profi Matthias Schwab genie\u00dft den Almsommer\" data-caption=\"Golf-Profi Matthias Schwab genie\u00dft den Almsommer\" width=\"1170\" height=\"658\" src=\"https:\/\/www.salzburgerland.com\/de\/wp-content\/uploads\/2024\/04\/28a9557-1170x658.jpg\" class=\"attachment-1170_658 size-1170_658\" alt=\"Ein Mann wandert durch ein grasbewachsenes Feld mit Bergen und einer Holzh\u00fctte im Hintergrund unter einem klaren Himmel. (vergr\u00f6\u00dferte Ansicht)\" srcset=\"https:\/\/www.salzburgerland.com\/de\/wp-content\/uploads\/2024\/04\/28a9557-1170x658.jpg 1170w, https:\/\/www.salzburgerland.com\/de\/wp-content\/uploads\/2024\/04\/28a9557-1200x675.jpg 1200w\" sizes=\"(max-width: 1170px) 100vw, 1170px\" aria-describedby=\"figcaption-670336-670311\" itemprop=\"thumbnail\"><\/a><\/div>\n\t\t\t\t\t\t<span id=\"figcaption-670336-670311\" class=\"gallery-caption\" itemprop=\"caption\"><span aria-hidden=\"true\">Golf-Profi Matthias Schwab genie\u00dft den Almsommer<\/span><\/span>\n\t\t\t\t\t<\/li>\n\t\t\t\t\t<li class=\"gallery-item col-3\" itemprop=\"associatedMedia\" itemscope itemtype=\"http:\/\/schema.org\/ImageObject\">\n\t\t\t\t\t\t<div class=\"gallery-icon landscape\"><a href=\"https:\/\/www.salzburgerland.com\/de\/wp-content\/uploads\/2024\/04\/weissbach-naturpark-weissbach-seehornsee-c-sabine-gartner-3-1423x1067.jpg\" title=\"Wei\u00dfbach Naturpark Wei\u00dfbach Seehornsee (c) Sabine Gartner\"><img decoding=\"async\" data-title=\"Naturpark Wei\u00dfbach, Seehornsee (c) Sabine Gartner\" title=\"Naturpark Wei\u00dfbach, Seehornsee (c) Sabine Gartner\" data-caption=\"Naturpark Wei\u00dfbach, Seehornsee (c) Sabine Gartner\" width=\"1170\" height=\"658\" src=\"https:\/\/www.salzburgerland.com\/de\/wp-content\/uploads\/2024\/04\/weissbach-naturpark-weissbach-seehornsee-c-sabine-gartner-3-1170x658.jpg\" class=\"attachment-1170_658 size-1170_658\" alt=\"Wei\u00dfbach Naturpark Wei\u00dfbach Seehornsee (c) Sabine Gartner (vergr\u00f6\u00dferte Ansicht)\" srcset=\"https:\/\/www.salzburgerland.com\/de\/wp-content\/uploads\/2024\/04\/weissbach-naturpark-weissbach-seehornsee-c-sabine-gartner-3-1170x658.jpg 1170w, https:\/\/www.salzburgerland.com\/de\/wp-content\/uploads\/2024\/04\/weissbach-naturpark-weissbach-seehornsee-c-sabine-gartner-3-1200x675.jpg 1200w\" sizes=\"(max-width: 1170px) 100vw, 1170px\" aria-describedby=\"figcaption-670336-670502\" itemprop=\"thumbnail\"><\/a><\/div>\n\t\t\t\t\t\t<span id=\"figcaption-670336-670502\" class=\"gallery-caption\" itemprop=\"caption\"><span aria-hidden=\"true\">Naturpark Wei\u00dfbach, Seehornsee (c) Sabine Gartner<\/span><\/span>\n\t\t\t\t\t<\/li>\n\t\t\t\t<\/ul>\n\t\t\t<\/div><!-- .gallery -->\n\n<h3>\u00dcber Golf-Profi Matthias Schwab<\/h3>\n<p><span>Matthias Schwab ist einer der <a href=\"https:\/\/www.salzburgerland.com\/de\/magazin\/tour-tipps-von-golf-profi-matthias-schwab\/\" target=\"_blank\" rel=\"noopener\">Top-Golfer<\/a> \u00d6sterreichs und bewies bereits bei Major-Turnieren, auf der US PGA Tour und DP World Tour sein Talent. Nicht umsonst war er mit seinem Major-Deb\u00fct beim PGA Championship in San Francisco der j\u00fcngste \u00d6sterreicher, der jemals bei einem Major-Turnier gespielt hat. Als Jugendlicher hat Matthias Schwab fokussiert darauf hingearbeitet, Golf-Profi zu werden. Er verlie\u00df \u00d6sterreich und studierte und trainierte an der renommierten amerikanischen Vanderbilt University in Nashville, Tennessee, die ihn 2016 zum Athleten des Jahres k\u00fcrte. 2017 spielt er sein erstes Golf-Turnier als Profi, 2020 schaffte er den Sprung auf die US PGA Tour, der besten Tour der Welt. Bis jetzt hat er schon zahlreiche Top-Platzierungen erreicht. Die beste Platzierung in der Golf-Weltrangliste war ein 78. Platz, jedoch sind sich Experten sicher, dass Matthias Schwab in Zukunft noch das ein oder andere Kapitel zu seiner Golf-Erfolgsgeschichte erg\u00e4nzen kann.<\/span><\/p>\n<div id=\"attachment_553024\" style=\"width: 1180px\" class=\"wp-caption alignnone\"><img decoding=\"async\" aria-describedby=\"caption-attachment-553024\" class=\"size-1170_658 wp-image-553024\" src=\"https:\/\/www.salzburgerland.com\/de\/wp-content\/uploads\/2021\/04\/matthias_schwab_rb1-1170x658.jpg\" alt=\"\" width=\"1170\" height=\"658\" srcset=\"https:\/\/www.salzburgerland.com\/de\/wp-content\/uploads\/2021\/04\/matthias_schwab_rb1-1170x658.jpg 1170w, https:\/\/www.salzburgerland.com\/de\/wp-content\/uploads\/2021\/04\/matthias_schwab_rb1-1200x675.jpg 1200w\" sizes=\"(max-width: 1170px) 100vw, 1170px\"><p id=\"caption-attachment-553024\" class=\"wp-caption-text\">\u00a9 Philip Platzer\/Red Bull \u2013 Matthias Schwab<\/p><\/div>\n","protected":false},"excerpt":{"rendered":"<p>Matthias Schwab tourt als Profi-Golfer quer \u00fcber den Globus, von Golfplatz zu Golfplatz. Wenn er auf dem Golfplatz abschl\u00e4gt, schaut die ganze Welt zu: Matthias Schwab ist eines der \u00f6sterreichischen Aush\u00e4ngeschilder in einer Sportart, die weltweit von mehr als 60 Millionen Menschen gespielt wird. Genau deswegen sucht er, wenn er daheim ist, genau das Kontrastprogramm [&hellip;]<\/p>\n","protected":false},"author":67,"featured_media":670310,"comment_status":"closed","ping_status":"closed","sticky":false,"template":"","format":"standard","meta":{"_acf_changed":false,"wl_entities_gutenberg":"","_relevanssi_hide_post":"","_relevanssi_hide_content":"","_relevanssi_pin_for_all":"","_relevanssi_pin_keywords":"","_relevanssi_unpin_keywords":"","_relevanssi_related_keywords":"","_relevanssi_related_include_ids":"","_relevanssi_related_exclude_ids":"","_relevanssi_related_no_append":"","_relevanssi_related_not_related":"","_relevanssi_related_posts":"","_relevanssi_noindex_reason":"","footnotes":""},"categories":[1],"tags":[],"wl_entity_type":[11495,2],"class_list":["post-670336","post","type-post","status-publish","format-standard","has-post-thumbnail","hentry","category-allgemein","wl_entity_type-article","wl_entity_type-thing"],"acf":[],"yoast_head":"<!-- This site is optimized with the Yoast SEO Premium plugin v26.9 (Yoast SEO v26.9) - https:\/\/yoast.com\/product\/yoast-seo-premium-wordpress\/ -->\n<title>Golf-Profi Matthias Schwab \u00bb SalzburgerLand.com<\/title>\n<meta name=\"robots\" content=\"index, follow, max-snippet:-1, max-image-preview:large, max-video-preview:-1\" \/>\n<link rel=\"canonical\" href=\"https:\/\/www.salzburgerland.com\/de\/wp-json\/wp\/v2\/posts\/670336\" \/>\n<meta property=\"og:locale\" content=\"de_DE\" \/>\n<meta property=\"og:type\" content=\"article\" \/>\n<meta property=\"og:title\" content=\"Golf-Profi Matthias Schwab\" \/>\n<meta property=\"og:description\" content=\"Als Profi-Golfer ist Matthias weltweit viel unterwegs, kommt aber in Turnierpausen immer wieder gern heim und genie\u00dft nicht nur die Golfpl\u00e4tze im SalzburgerLand, sondern auch den Salzburger Almsommer, um w\u00e4hrend der Golfsaison daheim Energie zu tanken.\" \/>\n<meta property=\"og:url\" content=\"https:\/\/www.salzburgerland.com\/de\/wp-json\/wp\/v2\/posts\/670336\" \/>\n<meta property=\"og:site_name\" content=\"SalzburgerLand.com\" \/>\n<meta property=\"article:publisher\" content=\"https:\/\/www.facebook.com\/salzburgerland\/\" \/>\n<meta property=\"article:published_time\" content=\"2024-04-03T20:02:06+00:00\" \/>\n<meta property=\"article:modified_time\" content=\"2024-05-02T11:22:06+00:00\" \/>\n<meta property=\"og:image\" content=\"https:\/\/www.salzburgerland.com\/de\/wp-content\/uploads\/2024\/04\/28a0101-1200x675.jpg\" \/>\n\t<meta property=\"og:image:width\" content=\"1200\" \/>\n\t<meta property=\"og:image:height\" content=\"675\" \/>\n\t<meta property=\"og:image:type\" content=\"image\/jpeg\" \/>\n<meta name=\"author\" content=\"G\u00fcnter Baumgartner\" \/>\n<meta name=\"twitter:card\" content=\"summary_large_image\" \/>\n<meta name=\"twitter:creator\" content=\"@Salzburgerland\" \/>\n<meta name=\"twitter:site\" content=\"@Salzburgerland\" \/>\n<meta name=\"twitter:label1\" content=\"Verfasst von\" \/>\n\t<meta name=\"twitter:data1\" content=\"G\u00fcnter Baumgartner\" \/>\n\t<meta name=\"twitter:label2\" content=\"Gesch\u00e4tzte Lesezeit\" \/>\n\t<meta name=\"twitter:data2\" content=\"6\u00a0Minuten\" \/>\n<script type=\"application\/ld+json\" class=\"yoast-schema-graph\">{\"@context\":\"https:\/\/schema.org\",\"@graph\":[{\"@type\":\"WebPage\",\"@id\":\"https:\/\/www.salzburgerland.com\/de\/abschlag-ins-almsommer-erlebnis-mit-matthias-schwab\/\",\"url\":\"https:\/\/www.salzburgerland.com\/de\/abschlag-ins-almsommer-erlebnis-mit-matthias-schwab\/\",\"name\":\"Golf-Profi Matthias Schwab \u00bb SalzburgerLand.com\",\"isPartOf\":{\"@id\":\"https:\/\/www.salzburgerland.com\/de\/#website\"},\"primaryImageOfPage\":{\"@id\":\"https:\/\/www.salzburgerland.com\/de\/abschlag-ins-almsommer-erlebnis-mit-matthias-schwab\/#primaryimage\"},\"image\":{\"@id\":\"https:\/\/www.salzburgerland.com\/de\/abschlag-ins-almsommer-erlebnis-mit-matthias-schwab\/#primaryimage\"},\"thumbnailUrl\":\"https:\/\/www.salzburgerland.com\/de\/wp-content\/uploads\/2024\/04\/28a0101.jpg\",\"datePublished\":\"2024-04-03T20:02:06+00:00\",\"dateModified\":\"2024-05-02T11:22:06+00:00\",\"description\":\"Als Profi-Golfer ist Matthias weltweit viel unterwegs, kommt aber in Turnierpausen immer wieder gern heim und genie\u00dft nicht nur die Golfpl\u00e4tze im SalzburgerLand, sondern auch den Salzburger Almsommer, um w\u00e4hrend der Golfsaison daheim Energie zu tanken.\",\"breadcrumb\":{\"@id\":\"https:\/\/www.salzburgerland.com\/de\/abschlag-ins-almsommer-erlebnis-mit-matthias-schwab\/#breadcrumb\"},\"inLanguage\":\"de\",\"potentialAction\":[{\"@type\":\"ReadAction\",\"target\":[\"https:\/\/www.salzburgerland.com\/de\/abschlag-ins-almsommer-erlebnis-mit-matthias-schwab\/\"]}]},{\"@type\":\"ImageObject\",\"inLanguage\":\"de\",\"@id\":\"https:\/\/www.salzburgerland.com\/de\/abschlag-ins-almsommer-erlebnis-mit-matthias-schwab\/#primaryimage\",\"url\":\"https:\/\/www.salzburgerland.com\/de\/wp-content\/uploads\/2024\/04\/28a0101.jpg\",\"contentUrl\":\"https:\/\/www.salzburgerland.com\/de\/wp-content\/uploads\/2024\/04\/28a0101.jpg\",\"width\":1920,\"height\":1281,\"caption\":\"Ein Mann mit Rucksack steht auf einem felsigen Gel\u00e4nde mit Bergen und B\u00e4umen im Hintergrund unter einem blauen Himmel.\"},{\"@type\":\"BreadcrumbList\",\"@id\":\"https:\/\/www.salzburgerland.com\/de\/abschlag-ins-almsommer-erlebnis-mit-matthias-schwab\/#breadcrumb\",\"itemListElement\":[{\"@type\":\"ListItem\",\"position\":1,\"name\":\"Hoch die Alm!\",\"item\":\"https:\/\/www.salzburgerland.com\/de\/hoch-die-alm\/\"},{\"@type\":\"ListItem\",\"position\":2,\"name\":\"Golf-Profi Matthias Schwab\"}]},{\"@type\":\"WebSite\",\"@id\":\"https:\/\/www.salzburgerland.com\/de\/#website\",\"url\":\"https:\/\/www.salzburgerland.com\/de\/\",\"name\":\"SalzburgerLand.com\",\"description\":\"Ihr Urlaub in Salzburg, \u00d6sterreich\",\"publisher\":{\"@id\":\"https:\/\/www.salzburgerland.com\/de\/#organization\"},\"potentialAction\":[{\"@type\":\"SearchAction\",\"target\":{\"@type\":\"EntryPoint\",\"urlTemplate\":\"https:\/\/www.salzburgerland.com\/de\/?s={search_term_string}\"},\"query-input\":{\"@type\":\"PropertyValueSpecification\",\"valueRequired\":true,\"valueName\":\"search_term_string\"}}],\"inLanguage\":\"de\"},{\"@type\":\"Organization\",\"@id\":\"https:\/\/www.salzburgerland.com\/de\/#organization\",\"name\":\"SalzburgerLand Tourismus GmbH\",\"url\":\"https:\/\/www.salzburgerland.com\/de\/\",\"logo\":{\"@type\":\"ImageObject\",\"inLanguage\":\"de\",\"@id\":\"https:\/\/www.salzburgerland.com\/de\/#\/schema\/logo\/image\/\",\"url\":\"https:\/\/www.salzburgerland.com\/de\/wp-content\/uploads\/2017\/01\/salzburgerland-logo.jpg\",\"contentUrl\":\"https:\/\/www.salzburgerland.com\/de\/wp-content\/uploads\/2017\/01\/salzburgerland-logo.jpg\",\"width\":1920,\"height\":827,\"caption\":\"SalzburgerLand Tourismus GmbH\"},\"image\":{\"@id\":\"https:\/\/www.salzburgerland.com\/de\/#\/schema\/logo\/image\/\"},\"sameAs\":[\"https:\/\/www.facebook.com\/salzburgerland\/\",\"https:\/\/x.com\/Salzburgerland\",\"https:\/\/www.instagram.com\/salzburgerland\/\",\"http:\/\/dbpedia.org\/resource\/Salzburg_(state)\",\"http:\/\/wikidata.dbpedia.org\/resource\/Q43325\",\"http:\/\/open.salzburgerland.com\/de\/entity\/salzburgerland\",\"https:\/\/www.youtube.com\/user\/salzburgerland\"]},{\"@type\":\"Person\",\"@id\":\"https:\/\/www.salzburgerland.com\/de\/#\/schema\/person\/202fa69e766a95ce88b9c174c33cf9b7\",\"name\":\"G\u00fcnter Baumgartner\",\"image\":{\"@type\":\"ImageObject\",\"inLanguage\":\"de\",\"@id\":\"https:\/\/www.salzburgerland.com\/de\/#\/schema\/person\/image\/\",\"url\":\"https:\/\/secure.gravatar.com\/avatar\/46e8f74f35e1f1449410c59dc6ef7980d5bccacd006bd0f60416a5b5b522c5ff?s=96&d=mm&r=g\",\"contentUrl\":\"https:\/\/secure.gravatar.com\/avatar\/46e8f74f35e1f1449410c59dc6ef7980d5bccacd006bd0f60416a5b5b522c5ff?s=96&d=mm&r=g\",\"caption\":\"G\u00fcnter Baumgartner\"}}]}<\/script>\n<!-- \/ Yoast SEO Premium plugin. -->","yoast_head_json":{"title":"Golf-Profi Matthias Schwab \u00bb SalzburgerLand.com","robots":{"index":"index","follow":"follow","max-snippet":"max-snippet:-1","max-image-preview":"max-image-preview:large","max-video-preview":"max-video-preview:-1"},"canonical":"https:\/\/www.salzburgerland.com\/de\/wp-json\/wp\/v2\/posts\/670336","og_locale":"de_DE","og_type":"article","og_title":"Golf-Profi Matthias Schwab","og_description":"Als Profi-Golfer ist Matthias weltweit viel unterwegs, kommt aber in Turnierpausen immer wieder gern heim und genie\u00dft nicht nur die Golfpl\u00e4tze im SalzburgerLand, sondern auch den Salzburger Almsommer, um w\u00e4hrend der Golfsaison daheim Energie zu tanken.","og_url":"https:\/\/www.salzburgerland.com\/de\/wp-json\/wp\/v2\/posts\/670336","og_site_name":"SalzburgerLand.com","article_publisher":"https:\/\/www.facebook.com\/salzburgerland\/","article_published_time":"2024-04-03T20:02:06+00:00","article_modified_time":"2024-05-02T11:22:06+00:00","og_image":[{"width":1200,"height":675,"url":"https:\/\/www.salzburgerland.com\/de\/wp-content\/uploads\/2024\/04\/28a0101-1200x675.jpg","type":"image\/jpeg"}],"author":"G\u00fcnter Baumgartner","twitter_card":"summary_large_image","twitter_creator":"@Salzburgerland","twitter_site":"@Salzburgerland","twitter_misc":{"Verfasst von":"G\u00fcnter Baumgartner","Gesch\u00e4tzte Lesezeit":"6\u00a0Minuten"},"schema":{"@context":"https:\/\/schema.org","@graph":[{"@type":"WebPage","@id":"https:\/\/www.salzburgerland.com\/de\/abschlag-ins-almsommer-erlebnis-mit-matthias-schwab\/","url":"https:\/\/www.salzburgerland.com\/de\/abschlag-ins-almsommer-erlebnis-mit-matthias-schwab\/","name":"Golf-Profi Matthias Schwab \u00bb SalzburgerLand.com","isPartOf":{"@id":"https:\/\/www.salzburgerland.com\/de\/#website"},"primaryImageOfPage":{"@id":"https:\/\/www.salzburgerland.com\/de\/abschlag-ins-almsommer-erlebnis-mit-matthias-schwab\/#primaryimage"},"image":{"@id":"https:\/\/www.salzburgerland.com\/de\/abschlag-ins-almsommer-erlebnis-mit-matthias-schwab\/#primaryimage"},"thumbnailUrl":"https:\/\/www.salzburgerland.com\/de\/wp-content\/uploads\/2024\/04\/28a0101.jpg","datePublished":"2024-04-03T20:02:06+00:00","dateModified":"2024-05-02T11:22:06+00:00","description":"Als Profi-Golfer ist Matthias weltweit viel unterwegs, kommt aber in Turnierpausen immer wieder gern heim und genie\u00dft nicht nur die Golfpl\u00e4tze im SalzburgerLand, sondern auch den Salzburger Almsommer, um w\u00e4hrend der Golfsaison daheim Energie zu tanken.","breadcrumb":{"@id":"https:\/\/www.salzburgerland.com\/de\/abschlag-ins-almsommer-erlebnis-mit-matthias-schwab\/#breadcrumb"},"inLanguage":"de","potentialAction":[{"@type":"ReadAction","target":["https:\/\/www.salzburgerland.com\/de\/abschlag-ins-almsommer-erlebnis-mit-matthias-schwab\/"]}]},{"@type":"ImageObject","inLanguage":"de","@id":"https:\/\/www.salzburgerland.com\/de\/abschlag-ins-almsommer-erlebnis-mit-matthias-schwab\/#primaryimage","url":"https:\/\/www.salzburgerland.com\/de\/wp-content\/uploads\/2024\/04\/28a0101.jpg","contentUrl":"https:\/\/www.salzburgerland.com\/de\/wp-content\/uploads\/2024\/04\/28a0101.jpg","width":1920,"height":1281,"caption":"Ein Mann mit Rucksack steht auf einem felsigen Gel\u00e4nde mit Bergen und B\u00e4umen im Hintergrund unter einem blauen Himmel."},{"@type":"BreadcrumbList","@id":"https:\/\/www.salzburgerland.com\/de\/abschlag-ins-almsommer-erlebnis-mit-matthias-schwab\/#breadcrumb","itemListElement":[{"@type":"ListItem","position":1,"name":"Hoch die Alm!","item":"https:\/\/www.salzburgerland.com\/de\/hoch-die-alm\/"},{"@type":"ListItem","position":2,"name":"Golf-Profi Matthias Schwab"}]},{"@type":"WebSite","@id":"https:\/\/www.salzburgerland.com\/de\/#website","url":"https:\/\/www.salzburgerland.com\/de\/","name":"SalzburgerLand.com","description":"Ihr Urlaub in Salzburg, \u00d6sterreich","publisher":{"@id":"https:\/\/www.salzburgerland.com\/de\/#organization"},"potentialAction":[{"@type":"SearchAction","target":{"@type":"EntryPoint","urlTemplate":"https:\/\/www.salzburgerland.com\/de\/?s={search_term_string}"},"query-input":{"@type":"PropertyValueSpecification","valueRequired":true,"valueName":"search_term_string"}}],"inLanguage":"de"},{"@type":"Organization","@id":"https:\/\/www.salzburgerland.com\/de\/#organization","name":"SalzburgerLand Tourismus GmbH","url":"https:\/\/www.salzburgerland.com\/de\/","logo":{"@type":"ImageObject","inLanguage":"de","@id":"https:\/\/www.salzburgerland.com\/de\/#\/schema\/logo\/image\/","url":"https:\/\/www.salzburgerland.com\/de\/wp-content\/uploads\/2017\/01\/salzburgerland-logo.jpg","contentUrl":"https:\/\/www.salzburgerland.com\/de\/wp-content\/uploads\/2017\/01\/salzburgerland-logo.jpg","width":1920,"height":827,"caption":"SalzburgerLand Tourismus GmbH"},"image":{"@id":"https:\/\/www.salzburgerland.com\/de\/#\/schema\/logo\/image\/"},"sameAs":["https:\/\/www.facebook.com\/salzburgerland\/","https:\/\/x.com\/Salzburgerland","https:\/\/www.instagram.com\/salzburgerland\/","http:\/\/dbpedia.org\/resource\/Salzburg_(state)","http:\/\/wikidata.dbpedia.org\/resource\/Q43325","http:\/\/open.salzburgerland.com\/de\/entity\/salzburgerland","https:\/\/www.youtube.com\/user\/salzburgerland"]},{"@type":"Person","@id":"https:\/\/www.salzburgerland.com\/de\/#\/schema\/person\/202fa69e766a95ce88b9c174c33cf9b7","name":"G\u00fcnter Baumgartner","image":{"@type":"ImageObject","inLanguage":"de","@id":"https:\/\/www.salzburgerland.com\/de\/#\/schema\/person\/image\/","url":"https:\/\/secure.gravatar.com\/avatar\/46e8f74f35e1f1449410c59dc6ef7980d5bccacd006bd0f60416a5b5b522c5ff?s=96&d=mm&r=g","contentUrl":"https:\/\/secure.gravatar.com\/avatar\/46e8f74f35e1f1449410c59dc6ef7980d5bccacd006bd0f60416a5b5b522c5ff?s=96&d=mm&r=g","caption":"G\u00fcnter Baumgartner"}}]}},"_wl_alt_label":[],"wl:entity_url":"http:\/\/open.salzburgerland.com\/de\/post\/abschlag-ins-almsommer-erlebnis-mit-matthias-schwab-670336","_links":{"self":[{"href":"https:\/\/www.salzburgerland.com\/de\/wp-json\/wp\/v2\/posts\/670336","targetHints":{"allow":["GET"]}}],"collection":[{"href":"https:\/\/www.salzburgerland.com\/de\/wp-json\/wp\/v2\/posts"}],"about":[{"href":"https:\/\/www.salzburgerland.com\/de\/wp-json\/wp\/v2\/types\/post"}],"author":[{"embeddable":true,"href":"https:\/\/www.salzburgerland.com\/de\/wp-json\/wp\/v2\/users\/67"}],"replies":[{"embeddable":true,"href":"https:\/\/www.salzburgerland.com\/de\/wp-json\/wp\/v2\/comments?post=670336"}],"version-history":[{"count":5,"href":"https:\/\/www.salzburgerland.com\/de\/wp-json\/wp\/v2\/posts\/670336\/revisions"}],"predecessor-version":[{"id":671341,"href":"https:\/\/www.salzburgerland.com\/de\/wp-json\/wp\/v2\/posts\/670336\/revisions\/671341"}],"wp:featuredmedia":[{"embeddable":true,"href":"https:\/\/www.salzburgerland.com\/de\/wp-json\/wp\/v2\/media\/670310"}],"wp:attachment":[{"href":"https:\/\/www.salzburgerland.com\/de\/wp-json\/wp\/v2\/media?parent=670336"}],"wp:term":[{"taxonomy":"category","embeddable":true,"href":"https:\/\/www.salzburgerland.com\/de\/wp-json\/wp\/v2\/categories?post=670336"},{"taxonomy":"post_tag","embeddable":true,"href":"https:\/\/www.salzburgerland.com\/de\/wp-json\/wp\/v2\/tags?post=670336"},{"taxonomy":"wl_entity_type","embeddable":true,"href":"https:\/\/www.salzburgerland.com\/de\/wp-json\/wp\/v2\/wl_entity_type?post=670336"}],"curies":[{"name":"wp","href":"https:\/\/api.w.org\/{rel}","templated":true}]}}